{"id":42975,"date":"2024-09-02T08:05:24","date_gmt":"2024-09-02T06:05:24","guid":{"rendered":"https:\/\/cparici.com\/?p=42975"},"modified":"2025-12-14T08:54:55","modified_gmt":"2025-12-14T07:54:55","slug":"place-du-tertre-in-montmartre","status":"publish","type":"post","link":"https:\/\/cparici.com\/en\/place-du-tertre-a-montmartre\/","title":{"rendered":"Place du tertre in Montmartre - a Paris landmark"},"content":{"rendered":"\t\t<div data-elementor-type=\"wp-post\" data-elementor-id=\"42975\" class=\"elementor elementor-42975\" data-elementor-post-type=\"post\">\n\t\t\t\t<div class=\"elementor-element elementor-element-232ed66 e-con-full e-flex e-con e-parent\" data-id=\"232ed66\" data-element_type=\"container\" data-e-type=\"container\">\n\t\t\t\t<div class=\"elementor-element elementor-element-09230c4 elementor-widget elementor-widget-image\" data-id=\"09230c4\" data-element_type=\"widget\" data-e-type=\"widget\" data-widget_type=\"image.default\">\n\t\t\t\t\t\t\t\t\t\t\t\t\t\t\t<img decoding=\"async\" width=\"1500\" height=\"532\" src=\"https:\/\/cparici.com\/wp-content\/uploads\/2024\/09\/place-du-tertre-a-montmartre.jpg\" class=\"attachment-full size-full wp-image-42977\" alt=\"place du tertre \u00e0 montmartre\" srcset=\"https:\/\/cparici.com\/wp-content\/uploads\/2024\/09\/place-du-tertre-a-montmartre.jpg 1500w, https:\/\/cparici.com\/wp-content\/uploads\/2024\/09\/place-du-tertre-a-montmartre-600x213.jpg 600w, https:\/\/cparici.com\/wp-content\/uploads\/2024\/09\/place-du-tertre-a-montmartre-300x106.jpg 300w, https:\/\/cparici.com\/wp-content\/uploads\/2024\/09\/place-du-tertre-a-montmartre-1024x363.jpg 1024w, https:\/\/cparici.com\/wp-content\/uploads\/2024\/09\/place-du-tertre-a-montmartre-768x272.jpg 768w\" sizes=\"(max-width: 1500px) 100vw, 1500px\" \/>\t\t\t\t\t\t\t\t\t\t\t\t\t\t\t<\/div>\n\t\t\t\t<\/div>\n\t\t<nav class=\"elementor-element elementor-element-ccf56dc e-flex e-con-boxed e-con e-parent\" data-id=\"ccf56dc\" data-element_type=\"container\" data-e-type=\"container\">\n\t\t\t\t\t<div class=\"e-con-inner\">\n\t\t\t\t<div class=\"elementor-element elementor-element-9abfb50 elementor-widget elementor-widget-global elementor-global-62046 elementor-widget-eael-advanced-search\" data-id=\"9abfb50\" data-element_type=\"widget\" data-e-type=\"widget\" data-widget_type=\"eael-advanced-search.default\">\n\t\t\t\t\t        <div class=\"eael-adv-search-wrapper\">\n            <div id=\"eael-advanced-search-widget-9abfb50\" class=\"eael-advanced-search-widget\">\n                <form data-settings=\"{&quot;post_per_page&quot;:5,&quot;search_among_taxonomies&quot;:&quot;&quot;,&quot;search_among_sku&quot;:&quot;no&quot;,&quot;show_popular_keyword&quot;:0,&quot;show_category&quot;:0,&quot;show_content_image&quot;:1,&quot;show_search_result_all_results&quot;:0,&quot;result_on_new_tab&quot;:&quot;no&quot;,&quot;show_product_price&quot;:&quot;no&quot;,&quot;include_current_page&quot;:&quot;no&quot;,&quot;orderby&quot;:&quot;default&quot;,&quot;order&quot;:&quot;DESC&quot;,&quot;current_post_id&quot;:42975,&quot;post_type&quot;:[&quot;post&quot;,&quot;listing&quot;]}\" method=\"POST\" name=\"eael-advanced-search-form-9abfb50\" class=\"eael-advanced-search-form eael-advanced-search-form-style-2\">\n                    <div class=\"eael-advanced-search-wrap\">\n                        <span class=\"eael-adv-search-loader\"><\/span>\n                        <span class=\"eael-adv-search-close\"><i class=\"fas fa-times\"><\/i><\/span>\n                        <span class=\"icon \"><i class=\"fas fa-search\"><\/i><\/span>\n\n                        <input type=\"text\"\n                               placeholder=\"Votre destination\"\n                               class=\"eael-advanced-search\" autocomplete=\"off\" name=\"eael_advanced_search\">\n                    <\/div>\n\t\t\t\t\t                                    <\/form>\n\n\t\t\t\t\n\t\t\t\t        <div class=\"eael-advanced-search-result\">\n            <div class=\"eael-advanced-search-popular-keyword\">\n\t\t\t\t<h4 class=\"eael-advanced-search-popular-keyword-text\">Recherches populaires<\/h4>                <div class=\"eael-popular-keyword-content\"><\/div>\n            <\/div>\n            <div class=\"eael-advanced-search-category\">\n\t\t\t\t<h4 class=\"eael-advanced-search-category-text\">Categories<\/h4>                <div class=\"eael-popular-category-content\"><\/div>\n            <\/div>\n\t\t\t<div class=\"eael-advanced-search-total-results-section\">\n\t\t\t\t\t\t\t<\/div>\n            <div class=\"eael-advanced-search-content eael-item-style-3\">\n            <\/div>\n            <div class=\"eael-advanced-search-not-found\">\n                <p>Pas de r\u00e9sultats<\/p><\/div>\n            <div class=\"eael-advanced-search-load-more\">\n\t\t\t\t<a \tclass=\"eael-advanced-search-load-more-button\"\n                \thref=\"#\">Voir tous les r\u00e9sultats<\/a>\n            <\/div>\n        <\/div>\n\n\t\t            <\/div>\n        <\/div>\n\n\t\t\t\t\t\t<\/div>\n\t\t\t\t\t<\/div>\n\t\t\t\t<\/nav>\n\t\t<div class=\"elementor-element elementor-element-141aea98 e-flex e-con-boxed e-con e-parent\" data-id=\"141aea98\" data-element_type=\"container\" data-e-type=\"container\">\n\t\t\t\t\t<div class=\"e-con-inner\">\n\t\t\t\t<div class=\"elementor-element elementor-element-3b130dc elementor-widget elementor-widget-text-editor\" data-id=\"3b130dc\" data-element_type=\"widget\" data-e-type=\"widget\" data-widget_type=\"text-editor.default\">\n\t\t\t\t\t\t\t\t\t<h1 style=\"text-align: center;\"><span style=\"font-size: 18pt;\"><strong>La Place du Tertre<\/strong><\/span><\/h1>\n<p><strong>La Place du Tertre<\/strong>, coeur historique du quartier de Montmartre \u00e0 Paris, <a href=\"https:\/\/cparici.com\/fr\/paris\/\">la capitale<\/a> du <a href=\"https:\/\/cparici.com\/fr\/visiter-la-france-guide-des-regions-et-sites-touristiques\/\">pays<\/a>, est un incontournable pour les visiteurs du monde entier. Situ\u00e9e \u00e0 130 m\u00e8tres d\u2019altitude, elle offre une vue exceptionnelle sur la capitale. Son nom, signifiant \u201cpetite colline\u201d, refl\u00e8te parfaitement sa position sur la colline de Montmartre. Depuis le 17e si\u00e8cle, elle est le centre de la vie locale, reconnue aujourd\u2019hui pour son ambiance unique, ses artistes, ainsi que ses restaurants et caf\u00e9s vivants.<\/p>\n<p>Pour en savoir plus sur <strong>le quartier de Montmartre<\/strong>, <a href=\"https:\/\/cparici.com\/fr\/montmartre\/\">lisez notre article d\u00e9taill\u00e9 ici.<\/a><\/p>\n<p>\u00c0 deux pas de la <strong>Basilique du Sacr\u00e9-C\u0153ur<\/strong>, elle a \u00e9t\u00e9 le foyer de l\u2019art et de la boh\u00e8me, accueillant des l\u00e9gendes comme Pablo Picasso et Amedeo Modigliani. La Place du Tertre repr\u00e9sente un m\u00e9lange de culture, d\u2019histoire et de vie quotidienne, rendant toute visite \u00e0 Paris incompl\u00e8te sans la d\u00e9couvrir.<\/p>\n<p>Pour en savoir plus sur <strong>le Sacr\u00e9-C\u0153ur<\/strong>, <a href=\"https:\/\/cparici.com\/fr\/sacre-coeur-la-basilique-de-montmartre-a-paris\/\">lisez notre article ici.<\/a><\/p>\n<h2><span style=\"font-size: 18pt;\">Les artistes de la Place du Tertre<\/span><\/h2>\n<figure id=\"attachment_42983\" aria-describedby=\"caption-attachment-42983\" style=\"width: 717px\" class=\"wp-caption aligncenter\"><a href=\"https:\/\/cparici.com\/wp-content\/uploads\/2024\/09\/place-du-tertre-aristes-peintres-et-animation-photo.jpg\"><img decoding=\"async\" title=\"place du tertre aristes peintres et animation photo\" src=\"https:\/\/cparici.com\/wp-content\/uploads\/2024\/09\/place-du-tertre-aristes-peintres-et-animation-photo.jpg\" alt=\"place du tertre aristes peintres et animation photo\" width=\"717\" height=\"530\"><\/a><figcaption id=\"caption-attachment-42983\" class=\"wp-caption-text\">Place du Tertre butte Montmartre \u2013 artistes peintres et animation<\/figcaption><\/figure>\n<h3>L\u2019<a href=\"https:\/\/cparici.com\/fr\/histoire-de-france\/\">histoire<\/a> artistique de la place<\/h3>\n<p>La Place du Tertre est c\u00e9l\u00e8bre pour son histoire artistique qui d\u00e9bute au 19e si\u00e8cle, \u00e9poque \u00e0 laquelle elle est devenue le refuge de nombreux artistes, \u00e9crivains et musiciens boh\u00e8mes en qu\u00eate d\u2019une communaut\u00e9 cr\u00e9ative et d\u2019une atmosph\u00e8re inspirante. Des noms illustres tels que Pablo Picasso, Amedeo Modigliani, Maurice Utrillo et Vincent van Gogh ont \u00e9t\u00e9 s\u00e9duits par le charme de Montmartre et la vie abordable de ce quartier, y vivant et y cr\u00e9ant.<\/p>\n<p>Cette p\u00e9riode, connue sous le nom de <strong>\u201cBelle \u00c9poque\u201d<\/strong>, a \u00e9t\u00e9 t\u00e9moin de l\u2019\u00e9mergence d\u2019une sc\u00e8ne artistique effervescente, anim\u00e9e par des cabarets et des caf\u00e9s accueillant les cr\u00e9ateurs de l\u2019\u00e9poque. Au c\u0153ur de cette effervescence se trouvait la Place du Tertre, lieu de rencontre et d\u2019exposition pour les artistes, o\u00f9 ils partageaient id\u00e9es et projets.<\/p>\n<h3>Rencontrer les artistes contemporains<\/h3>\n<p>De nos jours, <em>la Place du Tertre est toujours anim\u00e9e<\/em> par une \u00e9nergie cr\u00e9ative. Chaque jour, des artistes contemporains s\u2019y installent, chevalet en main, pour capturer la beaut\u00e9 de Montmartre et de ses visiteurs.<\/p>\n<p><strong>Peintres, portraitistes et caricaturistes<\/strong> travaillent sur place, offrant aux touristes l\u2019occasion unique de se faire immortaliser ou d\u2019acqu\u00e9rir des \u0153uvres d\u2019art originales. Pour exercer sur la place, ces artistes doivent obtenir une autorisation de la mairie du 18e arrondissement, rendant ces emplacements tr\u00e8s pris\u00e9s. Chaque ann\u00e9e, seuls quelques nouveaux artistes sont autoris\u00e9s \u00e0 rejoindre cette communaut\u00e9 exclusive.<\/p>\n<h3>Comment acheter de l\u2019art sur la place<\/h3>\n<p>Si vous souhaitez acqu\u00e9rir une \u0153uvre d\u2019art sur la Place du Tertre, vous d\u00e9couvrirez une diversit\u00e9 de styles et de techniques. Les artistes y proposent surtout des peintures de paysages parisiens, des portraits, des caricatures et des silhouettes. Il est bon de savoir que les artistes occupent des espaces sp\u00e9cifiques et que photographier leurs \u0153uvres de pr\u00e8s sans permission peut \u00eatre per\u00e7u comme une atteinte \u00e0 leurs droits.<\/p>\n<p>En achetant une \u0153uvre sur la place, vous contribuez non seulement \u00e0 soutenir les artistes locaux mais aussi \u00e0 perp\u00e9tuer cette tradition artistique unique qui rend la Place du Tertre un lieu embl\u00e9matique de Paris.<\/p>\n<h2>Activit\u00e9s \u00e0 faire sur la Place du Tertre<\/h2>\n<h3>Visites guid\u00e9es de Montmartre<\/h3>\n<p>Explorer la Place du Tertre et ses environs \u00e0 travers une visite guid\u00e9e de Montmartre est une excellente option. Conduites par des guides locaux exp\u00e9riment\u00e9s, ces visites r\u00e9v\u00e8lent les secrets bien gard\u00e9s et l\u2019histoire captivante du quartier. Vous aurez l\u2019occasion de d\u00e9couvrir des sites embl\u00e9matiques tels que <strong>le Mus\u00e9e de Montmartre, la majestueuse Basilique du Sacr\u00e9-C\u0153ur, et les anciennes demeures d\u2019artistes renomm\u00e9s qui ont peupl\u00e9 le quartier.<\/strong><\/p>\n<p>Participer \u00e0 ces visites guid\u00e9es enrichira votre compr\u00e9hension de l\u2019h\u00e9ritage artistique et culturel de Montmartre, vous offrant une perspective profonde et unique.<\/p>\n<h3>\u00c9v\u00e9nements et performances saisonniers<\/h3>\n<p>La vie sur la Place du Tertre est rythm\u00e9e par une vari\u00e9t\u00e9 d\u2019\u00e9v\u00e9nements et de performances saisonni\u00e8res qui contribuent \u00e0 son atmosph\u00e8re unique. Entre concerts \u00e0 ciel ouvert, spectacles de rue, et <a href=\"https:\/\/cparici.com\/fr\/festivals-en-france\/\">festivals<\/a> locaux, l\u2019animation est constante.<\/p>\n<p>Les soir\u00e9es d\u2019\u00e9t\u00e9, en particulier, sont parfaites pour s\u2019impr\u00e9gner de l\u2019ambiance romantique de la place, berc\u00e9es par des lumi\u00e8res scintillantes et la m\u00e9lodie des musiciens, cr\u00e9ant ainsi un cadre magique.<\/p>\n<h3>Photographie et ateliers de peinture<\/h3>\n<p>La Place du Tertre est un v\u00e9ritable \u00e9den pour les photographes et les passionn\u00e9s de peinture. Les artistes pr\u00e9sents proposent des ateliers de peinture et des s\u00e9ances de portrait, donnant l\u2019opportunit\u00e9 aux visiteurs de repartir avec une \u0153uvre personnalis\u00e9e ou de s\u2019essayer \u00e0 la cr\u00e9ation artistique.<\/p>\n<p>Ce lieu est aussi parfait pour les amateurs de photographie, offrant un d\u00e9cor de rues pav\u00e9es, de caf\u00e9s pittoresques et de panoramas exceptionnels sur Paris, pour immortaliser des moments uniques et inoubliables.<\/p>\n<h2>Restaurants et caf\u00e9s autour de la Place du Tertre<\/h2>\n<figure id=\"attachment_42980\" aria-describedby=\"caption-attachment-42980\" style=\"width: 1441px\" class=\"wp-caption aligncenter\"><a href=\"https:\/\/cparici.com\/wp-content\/uploads\/2024\/09\/place-du-tertre-restaurants-et-cafes-la-mere-catherine.jpg\"><img decoding=\"async\" title=\"place du tertre caf\u00e9s et restaurants la m\u00e8re catherine\" src=\"https:\/\/cparici.com\/wp-content\/uploads\/2024\/09\/place-du-tertre-restaurants-et-cafes-la-mere-catherine.jpg\" alt=\"place du tertre caf\u00e9s et restaurants la m\u00e8re catherine\" width=\"1441\" height=\"530\"><\/a><figcaption id=\"caption-attachment-42980\" class=\"wp-caption-text\">Place du Tertre butte Montmartre \u2013 caf\u00e9s et restaurants La M\u00e8re Catherine<\/figcaption><\/figure>\n<h3>Restaurants traditionnels fran\u00e7ais<\/h3>\n<p>Autour de la Place du Tertre, des restaurants traditionnels fran\u00e7ais offrent <a href=\"https:\/\/cparici.com\/fr\/gastronomie-en-france-cuisine-francaise\/\">une exp\u00e9rience culinaire<\/a> riche d\u2019authenticit\u00e9. Parmi eux, La Bonne Franquette se distingue. Situ\u00e9 dans une b\u00e2tisse du 16e si\u00e8cle au c\u0153ur de Montmartre, ce restaurant a vu d\u00e9filer des artistes de renom tels que Pissarro, Sisley, et Toulouse-Lautrec, proposant des plats traditionnels \u00e9labor\u00e9s \u00e0 partir de produits du terroir fran\u00e7ais labellis\u00e9s.<\/p>\n<p>Au Cadet de Gascogne, \u00e9galement nich\u00e9 au c\u0153ur de Montmartre, b\u00e9n\u00e9ficie d\u2019une terrasse avec vue sur la Place du Tertre. Malgr\u00e9 une r\u00e9putation de cuisine parfois consid\u00e9r\u00e9e comme orient\u00e9e vers les touristes, il offre une atmosph\u00e8re typiquement montmartroise.<\/p>\n<p>Non loin, Le Moulin de la Galette invite \u00e0 la d\u00e9couverte dans un cadre \u00e9voquant les guinguettes d\u2019antan, avec une cuisine traditionnelle fran\u00e7aise qui s\u2019harmonise parfaitement avec l\u2019histoire et le charme du lieu.<\/p>\n<h3>Caf\u00e9s historiques et leurs sp\u00e9cialit\u00e9s<\/h3>\n<p>Les caf\u00e9s historiques de la Place du Tertre sont des escales incontournables. Chez Eug\u00e8ne et Au Clair des Chasseurs se distinguent par leur ambiance conviviale et leurs sp\u00e9cialit\u00e9s locales. Chez la M\u00e8re Catherine, fond\u00e9 en 1793, est quant \u00e0 lui une v\u00e9ritable institution, offrant des mets traditionnels fran\u00e7ais dans un d\u00e9cor charg\u00e9 d\u2019histoire.<\/p>\n<p>Ces caf\u00e9s repr\u00e9sentent des haltes parfaites pour savourer un caf\u00e9 ou un repas l\u00e9ger, immerg\u00e9 dans l\u2019effervescence de la place.<\/p>\n<h3>Options de restauration rapide et internationale<\/h3>\n<p>Pour ceux en qu\u00eate de rapidit\u00e9 ou d\u2019exotisme, la zone autour de la Place du Tertre regorge d\u2019options vari\u00e9es. Outre les \u00e9tablissements traditionnels fran\u00e7ais, le quartier abrite des restaurants offrant une cuisine internationale, comme La Brasserie Tha\u00ef, qui propose une escapade culinaire asiatique.<\/p>\n<p>Cette diversit\u00e9 culinaire permet \u00e0 chacun de trouver son bonheur, tout en profitant de l\u2019atmosph\u00e8re unique de Montmartre.<\/p>\n<h2>Conclusion<\/h2>\n<p>En plein c\u0153ur de Montmartre, la Place du Tertre se distingue comme une enclave magique o\u00f9 l\u2019histoire, l\u2019art et le charme se m\u00ealent harmonieusement. Ce lieu vibrant, peupl\u00e9 d\u2019artistes de grand talent, bord\u00e9 de restaurants traditionnels et de caf\u00e9s charg\u00e9s d\u2019histoire, promet une exp\u00e9rience m\u00e9morable \u00e0 ses visiteurs. Que votre int\u00e9r\u00eat se porte sur l\u2019art, la gastronomie fran\u00e7aise ou l\u2019atmosph\u00e8re boh\u00e8me caract\u00e9ristique du quartier, la Place du Tertre est une \u00e9tape essentielle de votre s\u00e9jour \u00e0 Paris.<\/p>\n<p>Ne manquez pas l\u2019occasion de vous y rendre pour vous laisser immortaliser par un artiste local, savourer une cr\u00eape ou un plat typique, et vous impr\u00e9gner de l\u2019ambiance f\u00e9erique de ce lieu iconique.<\/p>\n<h2>FAQ<\/h2>\n<h3>Horaires id\u00e9aux pour visiter la Place du Tertre et rencontrer les artistes<\/h3>\n<p>Les artistes marquent leur pr\u00e9sence \u00e0 la Place du Tertre tout au long de la journ\u00e9e. Toutefois, pour vivre l\u2019exp\u00e9rience la plus riche et anim\u00e9e, il est conseill\u00e9 de s\u2019y rendre entre 10h et 18h. C\u2019est durant ces heures que vous aurez la chance de voir le plus grand nombre d\u2019artistes \u00e0 l\u2019\u0153uvre.<\/p>\n<h3>Crit\u00e8res et processus de s\u00e9lection pour les artistes d\u00e9sirant exposer \u00e0 la Place du Tertre<\/h3>\n<p>Les artistes souhaitant exposer \u00e0 la Place du Tertre doivent passer par un processus de candidature rigoureux. Ce processus comprend la soumission d\u2019un dossier complet, incluant une lettre de motivation, des propositions d\u2019animations artistiques, et un portfolio technique. Un comit\u00e9 d\u00e9di\u00e9 \u00e9value ces candidatures en se basant sur les comp\u00e9tences techniques et artistiques, ainsi que sur la pertinence de l\u2019artiste avec la cat\u00e9gorie d\u2019art souhait\u00e9e.<\/p>\n<p>Une audition peut \u00eatre requise pour des clarifications. La commission d\u2019attribution, compos\u00e9e de membres \u00e9lus et de repr\u00e9sentants de la Ville de Paris, prend la d\u00e9cision finale quant \u00e0 l\u2019attribution des emplacements.<\/p>\n<h3>Conseils pour n\u00e9gocier le prix d\u2019un portrait<\/h3>\n<p>Si vous souhaitez acqu\u00e9rir un portrait \u00e0 la Place du Tertre, il est recommand\u00e9 de vous familiariser avec le travail de l\u2019artiste au pr\u00e9alable et de discuter du prix avant de commencer. Les tarifs peuvent fluctuer entre 25\u20ac et 120\u20ac. Il est donc judicieux de proposer un prix qui vous convient, en gardant \u00e0 l\u2019esprit de r\u00e9gler en esp\u00e8ces.<\/p>\n<h3>Les meilleures adresses pour une pause gourmande pr\u00e8s de la Place du Tertre<\/h3>\n<p>\u00c0 proximit\u00e9 de la Place du Tertre, plusieurs \u00e9tablissements offrent une exp\u00e9rience culinaire m\u00e9morable. Le Replat de Montmartre est r\u00e9put\u00e9 pour sa cuisine fran\u00e7aise traditionnelle, tandis que Le Coq & Fils se sp\u00e9cialise dans les plats \u00e0 base de volaille. Caf\u00e9 de Luce propose une ambiance chaleureuse et contemporaine. Pour des options plus l\u00e9g\u00e8res, Grenouilles sert des sandwiches et cr\u00eapes traditionnels. L\u2019Arcane, avec sa cuisine \u00e9toil\u00e9e Michelin, promet une exp\u00e9rience gastronomique raffin\u00e9e. La Bo\u00eete aux Lettres, quant \u00e0 elle, est un bistro authentique o\u00f9 le foie gras et le magret de canard sont \u00e0 l\u2019honneur.<\/p><p>Cet article a \u00e9t\u00e9 r\u00e9dig\u00e9 par Alex Arts, photographe, cr\u00e9ateur de contenu, et guide local.<\/p>\t\t\t\t\t\t\t\t<\/div>\n\t\t\t\t\t<\/div>\n\t\t\t\t<\/div>\n\t\t<div class=\"elementor-element elementor-element-e5a8ca5 e-flex e-con-boxed e-con e-parent\" data-id=\"e5a8ca5\" data-element_type=\"container\" data-e-type=\"container\">\n\t\t\t\t\t<div class=\"e-con-inner\">\n\t\t\t\t<div class=\"elementor-element elementor-element-9b6c6b3 elementor-widget elementor-widget-author-box\" data-id=\"9b6c6b3\" data-element_type=\"widget\" data-e-type=\"widget\" data-widget_type=\"author-box.default\">\n\t\t\t\t\t\t\t<div class=\"elementor-author-box\">\n\t\t\t\t\t\t\t<a href=\"https:\/\/www.linkedin.com\/in\/alex-b-arts\/\" class=\"elementor-author-box__avatar\" target=\"_blank\" rel=\"noopener\">\n\t\t\t\t\t<img decoding=\"async\" src=\"https:\/\/cparici.com\/wp-content\/uploads\/2024\/09\/photo-alex-arts-300x300.jpeg\" alt=\"Picture of Alex Arts\" loading=\"lazy\">\n\t\t\t\t<\/a>\n\t\t\t\n\t\t\t<div class=\"elementor-author-box__text\">\n\t\t\t\t\t\t\t\t\t<a href=\"https:\/\/www.linkedin.com\/in\/alex-b-arts\/\" target=\"_blank\" rel=\"noopener\">\n\t\t\t\t\t\t<h4 class=\"elementor-author-box__name\">\n\t\t\t\t\t\t\tAlex Arts\t\t\t\t\t\t<\/h4>\n\t\t\t\t\t<\/a>\n\t\t\t\t\n\t\t\t\t\t\t\t\t\t<div class=\"elementor-author-box__bio\">\n\t\t\t\t\t\t<p>Photographe, cr\u00e9ateur de contenu et local guide<\/p>\n\t\t\t\t\t<\/div>\n\t\t\t\t\n\t\t\t\t\t\t\t<\/div>\n\t\t<\/div>\n\t\t\t\t\t\t<\/div>\n\t\t\t\t\t<\/div>\n\t\t\t\t<\/div>\n\t\t<div class=\"elementor-element elementor-element-9e2a98a e-flex e-con-boxed e-con e-parent\" data-id=\"9e2a98a\" data-element_type=\"container\" data-e-type=\"container\">\n\t\t\t\t\t<div class=\"e-con-inner\">\n\t\t\t\t<div class=\"elementor-element elementor-element-c757db9 elementor-widget-divider--view-line elementor-widget elementor-widget-divider\" data-id=\"c757db9\" data-element_type=\"widget\" data-e-type=\"widget\" data-widget_type=\"divider.default\">\n\t\t\t\t\t\t\t<div class=\"elementor-divider\">\n\t\t\t<span class=\"elementor-divider-separator\">\n\t\t\t\t\t\t<\/span>\n\t\t<\/div>\n\t\t\t\t\t\t<\/div>\n\t\t\t\t\t<\/div>\n\t\t\t\t<\/div>\n\t\t<div class=\"elementor-element elementor-element-e893788 e-flex e-con-boxed e-con e-parent\" data-id=\"e893788\" data-element_type=\"container\" data-e-type=\"container\">\n\t\t\t\t\t<div class=\"e-con-inner\">\n\t\t\t\t<div class=\"elementor-element elementor-element-7b812e8 elementor-widget elementor-widget-text-editor\" data-id=\"7b812e8\" data-element_type=\"widget\" data-e-type=\"widget\" data-widget_type=\"text-editor.default\">\n\t\t\t\t\t\t\t\t\t<h4>Articles similaires pour d\u00e9couvrir Montmartre et Paris<\/h4>\t\t\t\t\t\t\t\t<\/div>\n\t\t\t\t\t<\/div>\n\t\t\t\t<\/div>\n\t\t<nav class=\"elementor-element elementor-element-2e8d95a e-flex e-con-boxed e-con e-parent\" data-id=\"2e8d95a\" data-element_type=\"container\" data-e-type=\"container\">\n\t\t\t\t\t<div class=\"e-con-inner\">\n\t\t\t\t<div class=\"elementor-element elementor-element-5d96e45 elementor-widget elementor-widget-listeo-posts-grid\" data-id=\"5d96e45\" data-element_type=\"widget\" data-e-type=\"widget\" data-widget_type=\"listeo-posts-grid.default\">\n\t\t\t\t<div class=\"elementor-widget-container\">\n\t\t\t\t\t\t\t\n\t\t<div class=\"listeo-post-grid-wrapper\">\n\t\t\t<div class=\"row\">\n\n\t\t\t\n\n\t\t\t\t\t\t\t<div class=\"col-md-4\">\n                <a href=\"https:\/\/cparici.com\/en\/jean-francois-champollion\/\" class=\"blog-compact-item-container\">\n                    <div class=\"blog-compact-item\">\n                        <img decoding=\"async\" width=\"577\" height=\"204\" src=\"https:\/\/cparici.com\/wp-content\/uploads\/2026\/02\/cparici-2026-02-18T193247.076-577x204.jpg\" class=\"attachment-listeo-blog-related-post size-listeo-blog-related-post wp-post-image\" alt=\"Champollion\" srcset=\"https:\/\/cparici.com\/wp-content\/uploads\/2026\/02\/cparici-2026-02-18T193247.076-577x204.jpg 577w, https:\/\/cparici.com\/wp-content\/uploads\/2026\/02\/cparici-2026-02-18T193247.076-300x106.jpg 300w, https:\/\/cparici.com\/wp-content\/uploads\/2026\/02\/cparici-2026-02-18T193247.076-1024x362.jpg 1024w, https:\/\/cparici.com\/wp-content\/uploads\/2026\/02\/cparici-2026-02-18T193247.076-768x271.jpg 768w, https:\/\/cparici.com\/wp-content\/uploads\/2026\/02\/cparici-2026-02-18T193247.076-18x6.jpg 18w, https:\/\/cparici.com\/wp-content\/uploads\/2026\/02\/cparici-2026-02-18T193247.076-590x208.jpg 590w, https:\/\/cparici.com\/wp-content\/uploads\/2026\/02\/cparici-2026-02-18T193247.076-1200x424.jpg 1200w, https:\/\/cparici.com\/wp-content\/uploads\/2026\/02\/cparici-2026-02-18T193247.076-600x212.jpg 600w, https:\/\/cparici.com\/wp-content\/uploads\/2026\/02\/cparici-2026-02-18T193247.076.jpg 1500w\" sizes=\"(max-width: 577px) 100vw, 577px\" \/><span class=\"blog-item-tag\">Figeac<\/span>                        \n                        <div class=\"blog-compact-item-content\">\n                                                        <h3>Jean-Fran\u00e7ois Champollion : h\u00e9ritage et lieux en France<\/h3>\n                                                        <p>Recherches populaires Categories Pas de r\u00e9sultats Voir tous les r\u00e9sultats Jean-Fran\u00e7ois Champollion : h\u00e9ritage et...                            <\/p>\n                                                    <\/div>\n                    <\/div>\n                <\/a>\n            <\/div>\n\t\t\t<div class=\"col-md-4\">\n                <a href=\"https:\/\/cparici.com\/en\/catacombes-paris\/\" class=\"blog-compact-item-container\">\n                    <div class=\"blog-compact-item\">\n                        <img decoding=\"async\" width=\"577\" height=\"204\" src=\"https:\/\/cparici.com\/wp-content\/uploads\/2025\/12\/catacombes-de-paris-577x204.jpg\" class=\"attachment-listeo-blog-related-post size-listeo-blog-related-post wp-post-image\" alt=\"catacombes de paris\" srcset=\"https:\/\/cparici.com\/wp-content\/uploads\/2025\/12\/catacombes-de-paris-577x204.jpg 577w, https:\/\/cparici.com\/wp-content\/uploads\/2025\/12\/catacombes-de-paris-300x106.jpg 300w, https:\/\/cparici.com\/wp-content\/uploads\/2025\/12\/catacombes-de-paris-1024x362.jpg 1024w, https:\/\/cparici.com\/wp-content\/uploads\/2025\/12\/catacombes-de-paris-768x271.jpg 768w, https:\/\/cparici.com\/wp-content\/uploads\/2025\/12\/catacombes-de-paris-18x6.jpg 18w, https:\/\/cparici.com\/wp-content\/uploads\/2025\/12\/catacombes-de-paris-590x208.jpg 590w, https:\/\/cparici.com\/wp-content\/uploads\/2025\/12\/catacombes-de-paris-1200x424.jpg 1200w, https:\/\/cparici.com\/wp-content\/uploads\/2025\/12\/catacombes-de-paris-600x212.jpg 600w, https:\/\/cparici.com\/wp-content\/uploads\/2025\/12\/catacombes-de-paris.jpg 1500w\" sizes=\"(max-width: 577px) 100vw, 577px\" \/><span class=\"blog-item-tag\">14\u00e8me arrondissement<\/span>                        \n                        <div class=\"blog-compact-item-content\">\n                                                        <h3>Les Catacombes de Paris : plong\u00e9e dans l\u2019\u00ab empire de la Mort \u00bb<\/h3>\n                                                        <p>Recherches populaires Categories Pas de r\u00e9sultats Voir tous les r\u00e9sultats Les Catacombes de Paris :...                            <\/p>\n                                                    <\/div>\n                    <\/div>\n                <\/a>\n            <\/div>\n\t\t\t<div class=\"col-md-4\">\n                <a href=\"https:\/\/cparici.com\/en\/opera-garnier\/\" class=\"blog-compact-item-container\">\n                    <div class=\"blog-compact-item\">\n                        <img decoding=\"async\" width=\"577\" height=\"204\" src=\"https:\/\/cparici.com\/wp-content\/uploads\/2025\/09\/cparici-2025-09-08T101828.473-577x204.jpg\" class=\"attachment-listeo-blog-related-post size-listeo-blog-related-post wp-post-image\" alt=\"Op\u00e9ra Garnier\" srcset=\"https:\/\/cparici.com\/wp-content\/uploads\/2025\/09\/cparici-2025-09-08T101828.473-577x204.jpg 577w, https:\/\/cparici.com\/wp-content\/uploads\/2025\/09\/cparici-2025-09-08T101828.473-300x106.jpg 300w, https:\/\/cparici.com\/wp-content\/uploads\/2025\/09\/cparici-2025-09-08T101828.473-1024x362.jpg 1024w, https:\/\/cparici.com\/wp-content\/uploads\/2025\/09\/cparici-2025-09-08T101828.473-768x271.jpg 768w, https:\/\/cparici.com\/wp-content\/uploads\/2025\/09\/cparici-2025-09-08T101828.473-18x6.jpg 18w, https:\/\/cparici.com\/wp-content\/uploads\/2025\/09\/cparici-2025-09-08T101828.473-590x208.jpg 590w, https:\/\/cparici.com\/wp-content\/uploads\/2025\/09\/cparici-2025-09-08T101828.473-1200x424.jpg 1200w, https:\/\/cparici.com\/wp-content\/uploads\/2025\/09\/cparici-2025-09-08T101828.473-600x212.jpg 600w, https:\/\/cparici.com\/wp-content\/uploads\/2025\/09\/cparici-2025-09-08T101828.473.jpg 1500w\" sizes=\"(max-width: 577px) 100vw, 577px\" \/><span class=\"blog-item-tag\">9\u00e8me arrondissement<\/span>                        \n                        <div class=\"blog-compact-item-content\">\n                                                        <h3>Op\u00e9ra Garnier<\/h3>\n                                                        <p>Recherches populaires Categories Pas de r\u00e9sultats Voir tous les r\u00e9sultats Op\u00e9ra Garnier Situ\u00e9 au c\u0153ur...                            <\/p>\n                                                    <\/div>\n                    <\/div>\n                <\/a>\n            <\/div>\n  <\/div>\n        <\/div>\n        \t\t\t\t<\/div>\n\t\t\t\t<\/div>\n\t\t\t\t\t<\/div>\n\t\t\t\t<\/nav>\n\t\t\t\t<\/div>\n\t\t","protected":false},"excerpt":{"rendered":"<p>D\u00e9couvrez le charme de la Place du Tertre \u00e0 Paris, o\u00f9 artistes et restaurants se rencontrent. Explorez l&#8217;histoire, les activit\u00e9s et les meilleures adresses gastronomiques de ce quartier embl\u00e9matique de Montmartre.<\/p>","protected":false},"author":1,"featured_media":42977,"comment_status":"closed","ping_status":"open","sticky":false,"template":"elementor_header_footer","format":"standard","meta":{"ngg_post_thumbnail":0,"footnotes":""},"categories":[1444,477,1021,1022],"tags":[1117],"class_list":["post-42975","post","type-post","status-publish","format-standard","has-post-thumbnail","hentry","category-montmartre","category-france","category-ile-de-france","category-paris","tag-quartier"],"_links":{"self":[{"href":"https:\/\/cparici.com\/en\/wp-json\/wp\/v2\/posts\/42975","targetHints":{"allow":["GET"]}}],"collection":[{"href":"https:\/\/cparici.com\/en\/wp-json\/wp\/v2\/posts"}],"about":[{"href":"https:\/\/cparici.com\/en\/wp-json\/wp\/v2\/types\/post"}],"author":[{"embeddable":true,"href":"https:\/\/cparici.com\/en\/wp-json\/wp\/v2\/users\/1"}],"replies":[{"embeddable":true,"href":"https:\/\/cparici.com\/en\/wp-json\/wp\/v2\/comments?post=42975"}],"version-history":[{"count":0,"href":"https:\/\/cparici.com\/en\/wp-json\/wp\/v2\/posts\/42975\/revisions"}],"wp:featuredmedia":[{"embeddable":true,"href":"https:\/\/cparici.com\/en\/wp-json\/wp\/v2\/media\/42977"}],"wp:attachment":[{"href":"https:\/\/cparici.com\/en\/wp-json\/wp\/v2\/media?parent=42975"}],"wp:term":[{"taxonomy":"category","embeddable":true,"href":"https:\/\/cparici.com\/en\/wp-json\/wp\/v2\/categories?post=42975"},{"taxonomy":"post_tag","embeddable":true,"href":"https:\/\/cparici.com\/en\/wp-json\/wp\/v2\/tags?post=42975"}],"curies":[{"name":"wp","href":"https:\/\/api.w.org\/{rel}","templated":true}]}}