{"id":43112,"date":"2024-09-04T19:19:41","date_gmt":"2024-09-04T17:19:41","guid":{"rendered":"https:\/\/cparici.com\/?p=43112"},"modified":"2026-04-08T08:41:35","modified_gmt":"2026-04-08T06:41:35","slug":"towns-and-villages-in-bloom","status":"publish","type":"post","link":"https:\/\/cparici.com\/en\/villes-et-villages-fleuris\/","title":{"rendered":"Villes et villages fleuris - A label of excellence"},"content":{"rendered":"\t\t<div data-elementor-type=\"wp-post\" data-elementor-id=\"43112\" class=\"elementor elementor-43112\" data-elementor-post-type=\"post\">\n\t\t\t\t<div class=\"elementor-element elementor-element-d9b5a81 e-con-full e-flex e-con e-parent\" data-id=\"d9b5a81\" data-element_type=\"container\" data-e-type=\"container\">\n\t\t\t\t<div class=\"elementor-element elementor-element-5db609f elementor-widget elementor-widget-image\" data-id=\"5db609f\" data-element_type=\"widget\" data-e-type=\"widget\" data-widget_type=\"image.default\">\n\t\t\t\t\t\t\t\t\t\t\t\t\t\t\t<img decoding=\"async\" width=\"1500\" height=\"530\" src=\"https:\/\/cparici.com\/wp-content\/uploads\/2024\/09\/Villes-et-villages-fleuris-en-France-ville-de-Colmar.jpg\" class=\"attachment-full size-full wp-image-43116\" alt=\"Villes et villages fleuris en France - ville de Colmar\" srcset=\"https:\/\/cparici.com\/wp-content\/uploads\/2024\/09\/Villes-et-villages-fleuris-en-France-ville-de-Colmar.jpg 1500w, https:\/\/cparici.com\/wp-content\/uploads\/2024\/09\/Villes-et-villages-fleuris-en-France-ville-de-Colmar-600x212.jpg 600w, https:\/\/cparici.com\/wp-content\/uploads\/2024\/09\/Villes-et-villages-fleuris-en-France-ville-de-Colmar-300x106.jpg 300w, https:\/\/cparici.com\/wp-content\/uploads\/2024\/09\/Villes-et-villages-fleuris-en-France-ville-de-Colmar-1024x362.jpg 1024w, https:\/\/cparici.com\/wp-content\/uploads\/2024\/09\/Villes-et-villages-fleuris-en-France-ville-de-Colmar-768x271.jpg 768w\" sizes=\"(max-width: 1500px) 100vw, 1500px\" \/>\t\t\t\t\t\t\t\t\t\t\t\t\t\t\t<\/div>\n\t\t\t\t<\/div>\n\t\t<aside class=\"elementor-element elementor-element-5b7a42f e-flex e-con-boxed e-con e-parent\" data-id=\"5b7a42f\" data-element_type=\"container\" data-e-type=\"container\">\n\t\t\t\t\t<div class=\"e-con-inner\">\n\t\t\t\t<div class=\"elementor-element elementor-element-cd2b1b1 elementor-widget elementor-widget-global elementor-global-62046 elementor-widget-eael-advanced-search\" data-id=\"cd2b1b1\" data-element_type=\"widget\" data-e-type=\"widget\" data-widget_type=\"eael-advanced-search.default\">\n\t\t\t\t\t        <div class=\"eael-adv-search-wrapper\">\n            <div id=\"eael-advanced-search-widget-cd2b1b1\" class=\"eael-advanced-search-widget\">\n                <form data-settings=\"{&quot;post_per_page&quot;:5,&quot;search_among_taxonomies&quot;:&quot;&quot;,&quot;search_among_sku&quot;:&quot;no&quot;,&quot;show_popular_keyword&quot;:0,&quot;show_category&quot;:0,&quot;show_content_image&quot;:1,&quot;show_search_result_all_results&quot;:0,&quot;result_on_new_tab&quot;:&quot;no&quot;,&quot;show_product_price&quot;:&quot;no&quot;,&quot;include_current_page&quot;:&quot;no&quot;,&quot;current_post_id&quot;:43112,&quot;post_type&quot;:[&quot;post&quot;,&quot;listing&quot;]}\" method=\"POST\" name=\"eael-advanced-search-form-cd2b1b1\" class=\"eael-advanced-search-form eael-advanced-search-form-style-2\">\n                    <div class=\"eael-advanced-search-wrap\">\n                        <span class=\"eael-adv-search-loader\"><\/span>\n                        <span class=\"eael-adv-search-close\"><i class=\"fas fa-times\"><\/i><\/span>\n                        <span class=\"icon \"><i class=\"fas fa-search\"><\/i><\/span>\n\n                        <input type=\"text\"\n                               placeholder=\"Votre destination\"\n                               class=\"eael-advanced-search\" autocomplete=\"off\" name=\"eael_advanced_search\">\n                    <\/div>\n\t\t\t\t\t                                    <\/form>\n\n\t\t\t\t\n\t\t\t\t        <div class=\"eael-advanced-search-result\">\n            <div class=\"eael-advanced-search-popular-keyword\">\n\t\t\t\t<h4 class=\"eael-advanced-search-popular-keyword-text\">Recherches populaires<\/h4>                <div class=\"eael-popular-keyword-content\"><\/div>\n            <\/div>\n            <div class=\"eael-advanced-search-category\">\n\t\t\t\t<h4 class=\"eael-advanced-search-category-text\">Categories<\/h4>                <div class=\"eael-popular-category-content\"><\/div>\n            <\/div>\n\t\t\t<div class=\"eael-advanced-search-total-results-section\">\n\t\t\t\t\t\t\t<\/div>\n            <div class=\"eael-advanced-search-content eael-item-style-3\">\n            <\/div>\n            <div class=\"eael-advanced-search-not-found\">\n                <p>Pas de r\u00e9sultats<\/p><\/div>\n            <div class=\"eael-advanced-search-load-more\">\n\t\t\t\t<a \tclass=\"eael-advanced-search-load-more-button\"\n                \thref=\"#\">Voir tous les r\u00e9sultats<\/a>\n            <\/div>\n        <\/div>\n\n\t\t            <\/div>\n        <\/div>\n\n\t\t\t\t\t\t<\/div>\n\t\t\t\t\t<\/div>\n\t\t\t\t<\/aside>\n\t\t<div class=\"elementor-element elementor-element-43dd60d9 e-flex e-con-boxed e-con e-parent\" data-id=\"43dd60d9\" data-element_type=\"container\" data-e-type=\"container\">\n\t\t\t\t\t<div class=\"e-con-inner\">\n\t\t\t\t<div class=\"elementor-element elementor-element-2a3ab1a5 elementor-widget elementor-widget-text-editor\" data-id=\"2a3ab1a5\" data-element_type=\"widget\" data-e-type=\"widget\" data-widget_type=\"text-editor.default\">\n\t\t\t\t\t\t\t\t\t<h1 style=\"text-align: center;\"><span style=\"font-size: 18pt;\"><strong>Villes et Villages Fleuris<\/strong><\/span><\/h1><p>Le label <strong>Villes et Villages Fleuris<\/strong> est une distinction tr\u00e8s pris\u00e9e dans <a href=\"https:\/\/cparici.com\/fr\/visiter-la-france-guide-des-regions-et-sites-touristiques\/\">le pays<\/a>, r\u00e9compensant les communes qui excellent dans l\u2019am\u00e9nagement paysager et la qualit\u00e9 de vie. Ce label, pr\u00e9sent depuis plusieurs d\u00e9cennies, met en avant les efforts des collectivit\u00e9s pour embellir leur cadre de vie gr\u00e2ce \u00e0 des espaces verts, des fleurs et une int\u00e9gration harmonieuse de la nature dans l\u2019espace urbain. Ce label est devenu une v\u00e9ritable r\u00e9f\u00e9rence pour les voyageurs \u00e0 la recherche de destinations accueillantes, o\u00f9 le respect de l\u2019environnement et le bien-\u00eatre des habitants sont prioritaires. Si vous voyagez en France, ne manquez pas l\u2019opportunit\u00e9 de visiter ces magnifiques villes fleuries !<\/p><hr \/><h3 style=\"text-align: center;\">Pour d\u00e9couvrir <a href=\"https:\/\/cparici.com\/fr\/labels-touristiques-en-france\/\">d\u2019autres labels touristiques, lisez notre article d\u00e9taill\u00e9 ici.<\/a><\/h3><hr \/><h2><span style=\"font-size: 18pt;\"><strong>Histoire et description du label Villes et Villages Fleuris<\/strong><\/span><\/h2><p>Le <strong>label Villes et Villages Fleuris<\/strong> a \u00e9t\u00e9 cr\u00e9\u00e9 en 1959 sous l\u2019impulsion du Minist\u00e8re du Tourisme. Son objectif initial \u00e9tait de promouvoir l\u2019embellissement des villes et des villages par le biais du fleurissement et de la valorisation des espaces verts publics. Ce projet a pris de l\u2019ampleur au fil des ann\u00e9es, devenant un symbole de qualit\u00e9 de vie et de d\u00e9veloppement durable.<\/p><p>Aujourd\u2019hui, <strong>plus de 4 500 communes \u00e0 travers la France ont obtenu ce label<\/strong>. Les villes et villages labellis\u00e9s se voient attribuer de une \u00e0 quatre fleurs, selon les efforts fournis en termes de fleurissement, d\u2019entretien et de respect de l\u2019environnement.<\/p><h3><strong>Crit\u00e8res pour obtenir le label Villes et Villages Fleuris<\/strong><\/h3><p>Pour qu\u2019une commune puisse obtenir le <strong>label Villes et Villages Fleuris<\/strong>, plusieurs crit\u00e8res sont \u00e9valu\u00e9s :<\/p><ul><li><strong>La qualit\u00e9 du fleurissement<\/strong> : la vari\u00e9t\u00e9 et la quantit\u00e9 des plantes sont prises en compte, tout comme leur int\u00e9gration dans le paysage urbain.<\/li><li><strong>L\u2019am\u00e9nagement paysager<\/strong> : les espaces verts doivent \u00eatre bien pens\u00e9s, fonctionnels et esth\u00e9tiques.<\/li><li><strong>Le respect de l\u2019environnement<\/strong> : les pratiques de gestion durable, telles que l\u2019\u00e9conomie d\u2019eau et l\u2019utilisation de plantes locales, sont valoris\u00e9es.<\/li><li><strong>La qualit\u00e9 de l\u2019accueil et du cadre de vie<\/strong> : l\u2019accessibilit\u00e9, la propret\u00e9 et l\u2019entretien g\u00e9n\u00e9ral de la commune sont essentiels.<\/li><\/ul><p>Ces crit\u00e8res sont examin\u00e9s par un jury qui \u00e9value les communes candidates et d\u00e9cide du nombre de fleurs \u00e0 attribuer.<\/p><figure id=\"attachment_42590\" aria-describedby=\"caption-attachment-42590\" style=\"width: 1500px\" class=\"wp-caption aligncenter\"><a href=\"https:\/\/cparici.com\/wp-content\/uploads\/2024\/08\/annecy-palais-de-lIsle.jpg\"><img decoding=\"async\" class=\"wp-image-42590 size-full\" title=\"Villes et villages fleuris en France - ville d'Annecy\" src=\"https:\/\/cparici.com\/wp-content\/uploads\/2024\/08\/annecy-palais-de-lIsle.jpg\" alt=\"annecy - palais de l'Isle - villes et villages fleuris\" width=\"1500\" height=\"530\" srcset=\"https:\/\/cparici.com\/wp-content\/uploads\/2024\/08\/annecy-palais-de-lIsle.jpg 1500w, https:\/\/cparici.com\/wp-content\/uploads\/2024\/08\/annecy-palais-de-lIsle-600x212.jpg 600w, https:\/\/cparici.com\/wp-content\/uploads\/2024\/08\/annecy-palais-de-lIsle-300x106.jpg 300w, https:\/\/cparici.com\/wp-content\/uploads\/2024\/08\/annecy-palais-de-lIsle-1024x362.jpg 1024w, https:\/\/cparici.com\/wp-content\/uploads\/2024\/08\/annecy-palais-de-lIsle-768x271.jpg 768w\" sizes=\"(max-width: 1500px) 100vw, 1500px\" \/><\/a><figcaption id=\"caption-attachment-42590\" class=\"wp-caption-text\">annecy \u2013 palais de l\u2019Isle<\/figcaption><\/figure><h2><strong>Liste des villes ayant obtenu le label dans diff\u00e9rentes r\u00e9gions<\/strong><\/h2><p>Le label est distribu\u00e9 dans toutes les r\u00e9gions de France, et voici quelques exemples de villes et villages ayant obtenu cette distinction dans les principales r\u00e9gions du pays :<\/p><ul><li><a href=\"https:\/\/cparici.com\/fr\/alsace\/\"><strong>Alsace<\/strong><\/a> : Colmar, Eguisheim, Riquewihr (<a href=\"https:\/\/cparici.com\/fr\/colmar\/\">En savoir plus sur Colmar<\/a>)<\/li><li><a href=\"https:\/\/cparici.com\/fr\/visiter-la-bretagne-guide-des-sites-et-villes-a-explorer\/\"><strong>Bretagne<\/strong><\/a> : <a href=\"https:\/\/cparici.com\/fr\/vannes-guide-complet\/\">Vannes<\/a>, Dinan, <a href=\"https:\/\/cparici.com\/fr\/saint-malo\/\">Saint-Malo<\/a><\/li><li><strong>Nouvelle-Aquitaine<\/strong> : Pau, La Rochelle, Cognac<\/li><li><strong><a href=\"https:\/\/cparici.com\/fr\/auvergne-rhone-alpes\/\">Auvergne-Rh\u00f4ne-Alpe<\/a>s<\/strong> : Annecy, Yvoire, Thonon-les-Bains<\/li><li><a href=\"https:\/\/cparici.com\/fr\/provence-alpes-cote-dazur\/\"><strong>Provence-Alpes-C\u00f4te d\u2019Azur<\/strong><\/a> : Grasse, Nice, <a href=\"https:\/\/cparici.com\/fr\/saint-tropez\/\">Saint-Tropez<\/a><\/li><\/ul><p>Ces communes se distinguent par la qualit\u00e9 de leur fleurissement, l\u2019int\u00e9gration des espaces verts et leur capacit\u00e9 \u00e0 offrir un cadre de vie agr\u00e9able et attractif pour les habitants comme pour les visiteurs.<\/p><h3><strong>Les villes les plus connues ayant obtenu le label<\/strong><\/h3><p>Certaines villes sont particuli\u00e8rement reconnues pour leur engagement dans le fleurissement et leur obtention de plusieurs fleurs :<\/p><ul><li><a href=\"https:\/\/cparici.com\/fr\/annecy-guide\/\"><strong>Annecy<\/strong><\/a> : Surnomm\u00e9e la \u00ab Venise des Alpes \u00bb, Annecy est une ville qui conjugue nature et architecture. Elle a obtenu 4 fleurs, la distinction la plus haute du label.<\/li><li><strong>Colmar<\/strong> : Cette ville alsacienne, avec ses maisons \u00e0 colombages et ses rues fleuries, est un exemple d\u2019harmonie entre patrimoine et nature.<\/li><li><a href=\"https:\/\/cparici.com\/fr\/visiter-rochefort-le-top-des-sites-touristiques-incontournables\/\"><strong>Rochefort<\/strong><\/a> : Ville connue de <a href=\"https:\/\/cparici.com\/fr\/nouvelle-aquitaine\/\">Nouvelle-Aquitaine<\/a>, Rochefort allie espaces verts, <a href=\"https:\/\/cparici.com\/fr\/patrimoine-de-france\/\">patrimoine<\/a> historique et respect de l\u2019environnement.<\/li><\/ul><p>Ces villes attirent chaque ann\u00e9e des milliers de touristes en qu\u00eate de paysages fleuris et d\u2019un environnement agr\u00e9able.<\/p><h3><strong>Autres labels touristiques pour les villes en France<\/strong><\/h3><p>En plus du <strong>label Villes et Villages Fleuris<\/strong>, il existe d\u2019autres labels qui valorisent les efforts des communes en mati\u00e8re de patrimoine, d\u2019environnement et de d\u00e9veloppement touristique :<\/p><ul><li><strong>Les Plus Beaux Villages de France<\/strong> : Ce label met en avant des villages de caract\u00e8re qui ont su pr\u00e9server leur authenticit\u00e9 et leur patrimoine architectural.<\/li><\/ul><p>D\u00e9couvrir ce label \u2018Plus beaux Villages de France\u2019 <a href=\"https:\/\/cparici.com\/fr\/plus-beau-village-de-france\/\">en lisant notre article d\u00e9taill\u00e9 ici.<\/a><\/p><ul><li><strong>Pavillon Bleu<\/strong> : Ce label est attribu\u00e9 aux communes et aux plages qui respectent les crit\u00e8res de gestion environnementale, notamment la qualit\u00e9 de l\u2019eau et la pr\u00e9servation des espaces naturels.<\/li><li><strong>Station Verte<\/strong> : Ce label r\u00e9compense les petites communes touristiques de l\u2019int\u00e9rieur des terres qui mettent en avant les activit\u00e9s de plein air et un tourisme respectueux de la nature.<\/li><\/ul><p>Ces labels, tout comme celui des <strong>Villes et Villages Fleuris<\/strong>, contribuent \u00e0 renforcer l\u2019attractivit\u00e9 touristique de la France en mettant en valeur la richesse de ses territoires.<\/p><p><a href=\"https:\/\/cparici.com\/fr\/petites-cites-de-caractere\/\">Connaissez-vous le label \u2018Petites cit\u00e9s de caract\u00e8re?<\/a><\/p><h3><strong>Activit\u00e9s et sites \u00e0 visiter dans les villes labellis\u00e9es Villes et Villages Fleuris<\/strong><\/h3><p>Visiter une <strong>Ville ou Village Fleuri<\/strong> ne se limite pas seulement \u00e0 admirer les parterres de fleurs et les jardins bien entretenus. Ces communes offrent \u00e9galement une grande diversit\u00e9 d\u2019activit\u00e9s pour tous les types de visiteurs :<\/p><ul><li><strong>Balades dans les parcs et jardins<\/strong> : De nombreuses villes comme Annecy ou Colmar proposent des parcs exceptionnels o\u00f9 il fait bon se promener.<\/li><li><strong>D\u00e9couverte du patrimoine local<\/strong> : Les communes labellis\u00e9es sont souvent riches en histoire, avec des <a href=\"https:\/\/cparici.com\/fr\/les-monuments-historiques-en-france\/\">monuments<\/a>, des <a href=\"https:\/\/cparici.com\/fr\/musees-en-france\/\">mus\u00e9es<\/a> et des quartiers historiques \u00e0 explorer.<\/li><li><strong>Activit\u00e9s de plein air<\/strong> : Que ce soit le v\u00e9lo, la <a href=\"https:\/\/cparici.com\/fr\/les-meilleures-randonnees-en-france-guide\/\">randonn\u00e9e<\/a> ou les promenades au bord de l\u2019eau, les villes labellis\u00e9es proposent des activit\u00e9s en lien direct avec la nature.<\/li><\/ul><p>Certaines villes comme Yvoire, en Haute-Savoie, sont c\u00e9l\u00e8bres pour leurs jardins extraordinaires, tandis que d\u2019autres, comme Saint-Tropez, sont appr\u00e9ci\u00e9es pour leur cadre idyllique au bord de la mer.<\/p><h3><strong>FAQ sur le label Villes et Villages Fleuris<\/strong><\/h3><h4>Qu\u2019est-ce que le label Villes et Villages Fleuris ?<\/h4><p>Le label <strong>Villes et Villages Fleuris<\/strong> est une distinction attribu\u00e9e aux communes fran\u00e7aises qui valorisent l\u2019am\u00e9nagement de leur espace public \u00e0 travers le fleurissement, la propret\u00e9 et le respect de l\u2019environnement.<\/p><h4>Combien de communes sont labellis\u00e9es Villes et Villages Fleuris en France ?<\/h4><p>Il existe plus de 4 500 communes en France qui ont obtenu le label <strong>Villes et Villages Fleuris<\/strong>.<\/p><h4>Quelle est la signification des fleurs attribu\u00e9es aux communes ?<\/h4><p>Les communes peuvent obtenir de une \u00e0 quatre fleurs, selon la qualit\u00e9 de leur am\u00e9nagement paysager, leur respect de l\u2019environnement et la qualit\u00e9 de vie qu\u2019elles offrent.<\/p><h4>Comment une commune peut-elle obtenir le label Villes et Villages Fleuris ?<\/h4><p>Une commune doit soumettre sa candidature et r\u00e9pondre \u00e0 plusieurs crit\u00e8res, notamment la qualit\u00e9 du fleurissement, l\u2019am\u00e9nagement des espaces verts et les actions en faveur de l\u2019environnement.<\/p><h4>Quelles sont les r\u00e9gions les plus fleuries de France ?<\/h4><p>Parmi les r\u00e9gions les plus fleuries de France, on retrouve l\u2019Alsace, la Bretagne et la Provence-Alpes-C\u00f4te d\u2019Azur.<\/p><h3><strong>Conclusion<\/strong><\/h3><p>Le label <strong>Villes et Villages Fleuris<\/strong> est une v\u00e9ritable fiert\u00e9 pour les communes qui mettent l\u2019accent sur la qualit\u00e9 de vie et l\u2019embellissement de leur cadre urbain. Ce label attire de nombreux visiteurs \u00e0 travers la France, d\u00e9sireux de d\u00e9couvrir des villes et villages o\u00f9 la nature et la beaut\u00e9 sont au c\u0153ur des pr\u00e9occupations. Si vous souhaitez visiter ces destinations, vous trouverez sans aucun doute des communes qui sauront r\u00e9pondre \u00e0 vos attentes en termes de patrimoine, d\u2019activit\u00e9s et de paysages verdoyants.<\/p><p>Pour plus d\u2019informations sur ce label, vous pouvez consulter la <a href=\"https:\/\/fr.wikipedia.org\/wiki\/Villes_et_villages_fleuris\" target=\"_new\" rel=\"noopener\">page d\u00e9di\u00e9e sur Wikip\u00e9dia<\/a>.<\/p>\t\t\t\t\t\t\t\t<\/div>\n\t\t\t\t\t<\/div>\n\t\t\t\t<\/div>\n\t\t<div class=\"elementor-element elementor-element-1f382e5 e-flex e-con-boxed e-con e-parent\" data-id=\"1f382e5\" data-element_type=\"container\" data-e-type=\"container\">\n\t\t\t\t\t<div class=\"e-con-inner\">\n\t\t\t\t<div class=\"elementor-element elementor-element-f4cd9a8 elementor-widget elementor-widget-listeo-posts-grid\" data-id=\"f4cd9a8\" data-element_type=\"widget\" data-e-type=\"widget\" data-widget_type=\"listeo-posts-grid.default\">\n\t\t\t\t<div class=\"elementor-widget-container\">\n\t\t\t\t\t\t\t\n\t\t<div class=\"listeo-post-grid-wrapper\">\n\t\t\t<div class=\"row\">\n\n\t\t\t\n\n\t\t\t\t\t\t\t<div class=\"col-md-4\">\n                <a href=\"https:\/\/cparici.com\/en\/achete-ton-bain\/\" class=\"blog-compact-item-container\">\n                    <div class=\"blog-compact-item\">\n                        <img decoding=\"async\" width=\"577\" height=\"233\" src=\"https:\/\/cparici.com\/wp-content\/uploads\/2026\/04\/achete-ton-bain-accompagnement-pour-les-hebergeurs-2-577x233.jpg\" class=\"attachment-listeo-blog-related-post size-listeo-blog-related-post wp-post-image\" alt=\"achete ton bain accompagnement pour les h\u00e9bergeurs\" srcset=\"https:\/\/cparici.com\/wp-content\/uploads\/2026\/04\/achete-ton-bain-accompagnement-pour-les-hebergeurs-2-577x233.jpg 577w, https:\/\/cparici.com\/wp-content\/uploads\/2026\/04\/achete-ton-bain-accompagnement-pour-les-hebergeurs-2-300x121.jpg 300w, https:\/\/cparici.com\/wp-content\/uploads\/2026\/04\/achete-ton-bain-accompagnement-pour-les-hebergeurs-2-1024x413.jpg 1024w, https:\/\/cparici.com\/wp-content\/uploads\/2026\/04\/achete-ton-bain-accompagnement-pour-les-hebergeurs-2-768x310.jpg 768w, https:\/\/cparici.com\/wp-content\/uploads\/2026\/04\/achete-ton-bain-accompagnement-pour-les-hebergeurs-2-18x7.jpg 18w, https:\/\/cparici.com\/wp-content\/uploads\/2026\/04\/achete-ton-bain-accompagnement-pour-les-hebergeurs-2-590x238.jpg 590w, https:\/\/cparici.com\/wp-content\/uploads\/2026\/04\/achete-ton-bain-accompagnement-pour-les-hebergeurs-2-1200x484.jpg 1200w, https:\/\/cparici.com\/wp-content\/uploads\/2026\/04\/achete-ton-bain-accompagnement-pour-les-hebergeurs-2-1320x532.jpg 1320w, https:\/\/cparici.com\/wp-content\/uploads\/2026\/04\/achete-ton-bain-accompagnement-pour-les-hebergeurs-2-600x242.jpg 600w, https:\/\/cparici.com\/wp-content\/uploads\/2026\/04\/achete-ton-bain-accompagnement-pour-les-hebergeurs-2.jpg 1533w\" sizes=\"(max-width: 577px) 100vw, 577px\" \/><span class=\"blog-item-tag\">Bain nordique<\/span>                        \n                        <div class=\"blog-compact-item-content\">\n                                                        <h3>Ach\u00e8te ton bain : guide complet pour choisir et rentabiliser un bain nordique<\/h3>\n                                                        <p>Recherches populaires Categories Pas de r\u00e9sultats Voir tous les r\u00e9sultats Ach\u00e8te ton bain : guide...                            <\/p>\n                                                    <\/div>\n                    <\/div>\n                <\/a>\n            <\/div>\n\t\t\t<div class=\"col-md-4\">\n                <a href=\"https:\/\/cparici.com\/en\/tendances-location-saisonniere-strategies-gagnantes\/\" class=\"blog-compact-item-container\">\n                    <div class=\"blog-compact-item\">\n                        <img decoding=\"async\" width=\"577\" height=\"204\" src=\"https:\/\/cparici.com\/wp-content\/uploads\/2026\/04\/tendances-location-saisonniere-2026-577x204.jpg\" class=\"attachment-listeo-blog-related-post size-listeo-blog-related-post wp-post-image\" alt=\"tendances location saisonni\u00e8re 2026\" srcset=\"https:\/\/cparici.com\/wp-content\/uploads\/2026\/04\/tendances-location-saisonniere-2026-577x204.jpg 577w, https:\/\/cparici.com\/wp-content\/uploads\/2026\/04\/tendances-location-saisonniere-2026-300x106.jpg 300w, https:\/\/cparici.com\/wp-content\/uploads\/2026\/04\/tendances-location-saisonniere-2026-1024x362.jpg 1024w, https:\/\/cparici.com\/wp-content\/uploads\/2026\/04\/tendances-location-saisonniere-2026-768x271.jpg 768w, https:\/\/cparici.com\/wp-content\/uploads\/2026\/04\/tendances-location-saisonniere-2026-18x6.jpg 18w, https:\/\/cparici.com\/wp-content\/uploads\/2026\/04\/tendances-location-saisonniere-2026-590x208.jpg 590w, https:\/\/cparici.com\/wp-content\/uploads\/2026\/04\/tendances-location-saisonniere-2026-1200x424.jpg 1200w, https:\/\/cparici.com\/wp-content\/uploads\/2026\/04\/tendances-location-saisonniere-2026-1320x466.jpg 1320w, https:\/\/cparici.com\/wp-content\/uploads\/2026\/04\/tendances-location-saisonniere-2026-600x212.jpg 600w, https:\/\/cparici.com\/wp-content\/uploads\/2026\/04\/tendances-location-saisonniere-2026.jpg 1500w\" sizes=\"(max-width: 577px) 100vw, 577px\" \/><span class=\"blog-item-tag\">Le Mag Tourisme<\/span>                        \n                        <div class=\"blog-compact-item-content\">\n                                                        <h3>Tendances location saisonni\u00e8re 2026 en France : les strat\u00e9gies gagnantes<\/h3>\n                                                        <p>Recherches populaires Categories Pas de r\u00e9sultats Voir tous les r\u00e9sultats Tendances location saisonni\u00e8re 2026 en...                            <\/p>\n                                                    <\/div>\n                    <\/div>\n                <\/a>\n            <\/div>\n\t\t\t<div class=\"col-md-4\">\n                <a href=\"https:\/\/cparici.com\/en\/comparatif-channel-manager-2026\/\" class=\"blog-compact-item-container\">\n                    <div class=\"blog-compact-item\">\n                        <span class=\"blog-item-tag\">France<\/span>                        \n                        <div class=\"blog-compact-item-content\">\n                                                        <h3>Comparatif Channel manager fran\u00e7ais et leaders 2026<\/h3>\n                                                        <p>Recherches populaires Categories Pas de r\u00e9sultats Voir tous les r\u00e9sultats Comparatif Channel manager fran\u00e7ais et...                            <\/p>\n                                                    <\/div>\n                    <\/div>\n                <\/a>\n            <\/div>\n  <\/div>\n        <\/div>\n        \t\t\t\t<\/div>\n\t\t\t\t<\/div>\n\t\t\t\t\t<\/div>\n\t\t\t\t<\/div>\n\t\t<div class=\"elementor-element elementor-element-6835e891 e-flex e-con-boxed e-con e-parent\" data-id=\"6835e891\" data-element_type=\"container\" data-e-type=\"container\">\n\t\t\t\t\t<div class=\"e-con-inner\">\n\t\t<div class=\"elementor-element elementor-element-14c39e9c e-con-full e-flex e-con e-child\" data-id=\"14c39e9c\" data-element_type=\"container\" data-e-type=\"container\">\n\t\t\t\t<div class=\"elementor-element elementor-element-354cedc7 elementor-widget elementor-widget-text-editor\" data-id=\"354cedc7\" data-element_type=\"widget\" data-e-type=\"widget\" data-widget_type=\"text-editor.default\">\n\t\t\t\t\t\t\t\t\t<p>Cet article a \u00e9t\u00e9 r\u00e9dig\u00e9 par Alex Arts,\u00a0<a href=\"https:\/\/alexantoine-photos.weebly.com\/\" target=\"_blank\" rel=\"noopener\">photographe<\/a>,\u00a0<a href=\"https:\/\/www.linkedin.com\/in\/alex-b-arts\/\" target=\"_blank\" rel=\"noopener\">cr\u00e9ateur de contenu<\/a>, et <a href=\"https:\/\/www.google.com\/maps\/contrib\/100986619723712834113\/reviews\/@45.8933481,-4.1449199,6z\/data=!4m3!8m2!3m1!1e1?entry=ttu&g_ep=EgoyMDI1MTIwOS4wIKXMDSoKLDEwMDc5MjA2OUgBUAM%3D\" target=\"_blank\" rel=\"noopener\">guide local de niveau 6 sur Google Maps<\/a><\/p>\t\t\t\t\t\t\t\t<\/div>\n\t\t\t\t<div class=\"elementor-element elementor-element-6fdb91a0 elementor-widget elementor-widget-author-box\" data-id=\"6fdb91a0\" data-element_type=\"widget\" data-e-type=\"widget\" data-widget_type=\"author-box.default\">\n\t\t\t\t\t\t\t<div class=\"elementor-author-box\">\n\t\t\t\t\t\t\t<a href=\"https:\/\/www.linkedin.com\/in\/alex-b-arts\/\" class=\"elementor-author-box__avatar\" target=\"_blank\" rel=\"noopener\">\n\t\t\t\t\t<img decoding=\"async\" src=\"https:\/\/cparici.com\/wp-content\/uploads\/2024\/09\/photo-alex-arts-300x300.jpeg\" alt=\"Picture of Alex Arts\" loading=\"lazy\">\n\t\t\t\t<\/a>\n\t\t\t\n\t\t\t<div class=\"elementor-author-box__text\">\n\t\t\t\t\t\t\t\t\t<a href=\"https:\/\/www.linkedin.com\/in\/alex-b-arts\/\" target=\"_blank\" rel=\"noopener\">\n\t\t\t\t\t\t<h4 class=\"elementor-author-box__name\">\n\t\t\t\t\t\t\tAlex Arts\t\t\t\t\t\t<\/h4>\n\t\t\t\t\t<\/a>\n\t\t\t\t\n\t\t\t\t\t\t\t\t\t<div class=\"elementor-author-box__bio\">\n\t\t\t\t\t\t<p>Photographe, cr\u00e9ateur de contenu et local guide<\/p>\n\t\t\t\t\t<\/div>\n\t\t\t\t\n\t\t\t\t\t\t\t<\/div>\n\t\t<\/div>\n\t\t\t\t\t\t<\/div>\n\t\t\t\t<\/div>\n\t\t\t\t\t<\/div>\n\t\t\t\t<\/div>\n\t\t\t\t<\/div>\n\t\t","protected":false},"excerpt":{"rendered":"<p>Discover the Villes et Villages Fleuris label in France, its history, the criteria for obtaining it and the most beautiful towns with the label.<\/p>","protected":false},"author":1,"featured_media":43116,"comment_status":"closed","ping_status":"open","sticky":false,"template":"elementor_header_footer","format":"standard","meta":{"ngg_post_thumbnail":0,"footnotes":""},"categories":[477],"tags":[1472,1470,199,1473],"class_list":["post-43112","post","type-post","status-publish","format-standard","has-post-thumbnail","hentry","category-france","tag-labels","tag-labels-touristiques","tag-patrimoine","tag-villes-et-villages-fleuriss"],"_links":{"self":[{"href":"https:\/\/cparici.com\/en\/wp-json\/wp\/v2\/posts\/43112","targetHints":{"allow":["GET"]}}],"collection":[{"href":"https:\/\/cparici.com\/en\/wp-json\/wp\/v2\/posts"}],"about":[{"href":"https:\/\/cparici.com\/en\/wp-json\/wp\/v2\/types\/post"}],"author":[{"embeddable":true,"href":"https:\/\/cparici.com\/en\/wp-json\/wp\/v2\/users\/1"}],"replies":[{"embeddable":true,"href":"https:\/\/cparici.com\/en\/wp-json\/wp\/v2\/comments?post=43112"}],"version-history":[{"count":2,"href":"https:\/\/cparici.com\/en\/wp-json\/wp\/v2\/posts\/43112\/revisions"}],"predecessor-version":[{"id":87284,"href":"https:\/\/cparici.com\/en\/wp-json\/wp\/v2\/posts\/43112\/revisions\/87284"}],"wp:featuredmedia":[{"embeddable":true,"href":"https:\/\/cparici.com\/en\/wp-json\/wp\/v2\/media\/43116"}],"wp:attachment":[{"href":"https:\/\/cparici.com\/en\/wp-json\/wp\/v2\/media?parent=43112"}],"wp:term":[{"taxonomy":"category","embeddable":true,"href":"https:\/\/cparici.com\/en\/wp-json\/wp\/v2\/categories?post=43112"},{"taxonomy":"post_tag","embeddable":true,"href":"https:\/\/cparici.com\/en\/wp-json\/wp\/v2\/tags?post=43112"}],"curies":[{"name":"wp","href":"https:\/\/api.w.org\/{rel}","templated":true}]}}