{"id":43242,"date":"2024-09-06T12:05:03","date_gmt":"2024-09-06T10:05:03","guid":{"rendered":"https:\/\/cparici.com\/?p=43242"},"modified":"2026-03-19T07:49:42","modified_gmt":"2026-03-19T06:49:42","slug":"ardeche-department","status":"publish","type":"post","link":"https:\/\/cparici.com\/en\/ardeche-departement\/","title":{"rendered":"Ard\u00e8che - natural sites and tourist guide"},"content":{"rendered":"\t\t<div data-elementor-type=\"wp-post\" data-elementor-id=\"43242\" class=\"elementor elementor-43242\" data-elementor-post-type=\"post\">\n\t\t\t\t<div class=\"elementor-element elementor-element-3b77ea2 e-con-full e-flex e-con e-parent\" data-id=\"3b77ea2\" data-element_type=\"container\" data-e-type=\"container\">\n\t\t\t\t<div class=\"elementor-element elementor-element-02764f9 elementor-widget elementor-widget-image\" data-id=\"02764f9\" data-element_type=\"widget\" data-e-type=\"widget\" data-widget_type=\"image.default\">\n\t\t\t\t\t\t\t\t\t\t\t\t\t\t\t<img decoding=\"async\" width=\"1500\" height=\"530\" src=\"https:\/\/cparici.com\/wp-content\/uploads\/2024\/09\/Ardeche-departement.jpg\" class=\"attachment-full size-full wp-image-43243\" alt=\"Ard\u00e8che - d\u00e9partement\" srcset=\"https:\/\/cparici.com\/wp-content\/uploads\/2024\/09\/Ardeche-departement.jpg 1500w, https:\/\/cparici.com\/wp-content\/uploads\/2024\/09\/Ardeche-departement-600x212.jpg 600w, https:\/\/cparici.com\/wp-content\/uploads\/2024\/09\/Ardeche-departement-300x106.jpg 300w, https:\/\/cparici.com\/wp-content\/uploads\/2024\/09\/Ardeche-departement-1024x362.jpg 1024w, https:\/\/cparici.com\/wp-content\/uploads\/2024\/09\/Ardeche-departement-768x271.jpg 768w\" sizes=\"(max-width: 1500px) 100vw, 1500px\" \/>\t\t\t\t\t\t\t\t\t\t\t\t\t\t\t<\/div>\n\t\t\t\t<\/div>\n\t\t<aside class=\"elementor-element elementor-element-2b9e199 e-flex e-con-boxed e-con e-parent\" data-id=\"2b9e199\" data-element_type=\"container\" data-e-type=\"container\">\n\t\t\t\t\t<div class=\"e-con-inner\">\n\t\t\t\t<div class=\"elementor-element elementor-element-f52dd37 elementor-widget elementor-widget-global elementor-global-62046 elementor-widget-eael-advanced-search\" data-id=\"f52dd37\" data-element_type=\"widget\" data-e-type=\"widget\" data-widget_type=\"eael-advanced-search.default\">\n\t\t\t\t\t        <div class=\"eael-adv-search-wrapper\">\n            <div id=\"eael-advanced-search-widget-f52dd37\" class=\"eael-advanced-search-widget\">\n                <form data-settings=\"{&quot;post_per_page&quot;:5,&quot;search_among_taxonomies&quot;:&quot;&quot;,&quot;search_among_sku&quot;:&quot;no&quot;,&quot;show_popular_keyword&quot;:0,&quot;show_category&quot;:0,&quot;show_content_image&quot;:1,&quot;show_search_result_all_results&quot;:0,&quot;result_on_new_tab&quot;:&quot;no&quot;,&quot;show_product_price&quot;:&quot;no&quot;,&quot;include_current_page&quot;:&quot;no&quot;,&quot;current_post_id&quot;:43242,&quot;post_type&quot;:[&quot;post&quot;,&quot;listing&quot;]}\" method=\"POST\" name=\"eael-advanced-search-form-f52dd37\" class=\"eael-advanced-search-form eael-advanced-search-form-style-2\">\n                    <div class=\"eael-advanced-search-wrap\">\n                        <span class=\"eael-adv-search-loader\"><\/span>\n                        <span class=\"eael-adv-search-close\"><i class=\"fas fa-times\"><\/i><\/span>\n                        <span class=\"icon \"><i class=\"fas fa-search\"><\/i><\/span>\n\n                        <input type=\"text\"\n                               placeholder=\"Votre destination\"\n                               class=\"eael-advanced-search\" autocomplete=\"off\" name=\"eael_advanced_search\">\n                    <\/div>\n\t\t\t\t\t                                    <\/form>\n\n\t\t\t\t\n\t\t\t\t        <div class=\"eael-advanced-search-result\">\n            <div class=\"eael-advanced-search-popular-keyword\">\n\t\t\t\t<h4 class=\"eael-advanced-search-popular-keyword-text\">Recherches populaires<\/h4>                <div class=\"eael-popular-keyword-content\"><\/div>\n            <\/div>\n            <div class=\"eael-advanced-search-category\">\n\t\t\t\t<h4 class=\"eael-advanced-search-category-text\">Categories<\/h4>                <div class=\"eael-popular-category-content\"><\/div>\n            <\/div>\n\t\t\t<div class=\"eael-advanced-search-total-results-section\">\n\t\t\t\t\t\t\t<\/div>\n            <div class=\"eael-advanced-search-content eael-item-style-3\">\n            <\/div>\n            <div class=\"eael-advanced-search-not-found\">\n                <p>Pas de r\u00e9sultats<\/p><\/div>\n            <div class=\"eael-advanced-search-load-more\">\n\t\t\t\t<a \tclass=\"eael-advanced-search-load-more-button\"\n                \thref=\"#\">Voir tous les r\u00e9sultats<\/a>\n            <\/div>\n        <\/div>\n\n\t\t            <\/div>\n        <\/div>\n\n\t\t\t\t\t\t<\/div>\n\t\t\t\t\t<\/div>\n\t\t\t\t<\/aside>\n\t\t<article class=\"elementor-element elementor-element-49606cf5 e-flex e-con-boxed e-con e-parent\" data-id=\"49606cf5\" data-element_type=\"container\" data-e-type=\"container\">\n\t\t\t\t\t<div class=\"e-con-inner\">\n\t\t\t\t<div class=\"elementor-element elementor-element-70673e1 elementor-widget elementor-widget-text-editor\" data-id=\"70673e1\" data-element_type=\"widget\" data-e-type=\"widget\" data-widget_type=\"text-editor.default\">\n\t\t\t\t\t\t\t\t\t<h1 style=\"text-align: center;\"><strong>Ard\u00e8che<\/strong><\/h1><p><strong>L\u2019Ard\u00e8che<\/strong>, situ\u00e9e dans la <a href=\"https:\/\/cparici.com\/fr\/13-regions-de-france-le-guide\/\">r\u00e9gion<\/a> <a href=\"https:\/\/cparici.com\/fr\/auvergne-rhone-alpes\/\">Auvergne-Rh\u00f4ne-Alpes<\/a> au sud-est de la <a href=\"https:\/\/cparici.com\/fr\/visiter-la-france-guide-des-regions-et-sites-touristiques\/\">France<\/a>, est une terre de contrastes et de diversit\u00e9. Nomm\u00e9e d\u2019apr\u00e8s la rivi\u00e8re qui la traverse, elle offre un paysage vari\u00e9, des plaines fertiles de la vall\u00e9e du Rh\u00f4ne aux montagnes du Massif Central. La pr\u00e9fecture, Privas, et d\u2019autres communes comme Annonay et Aubenas, contribuent \u00e0 la richesse d\u00e9mographique du d\u00e9partement.<\/p><p>Avec son code Insee 07, l\u2019Ard\u00e8che se distingue par son climat vari\u00e9 et son riche <a href=\"https:\/\/cparici.com\/fr\/patrimoine-de-france\/\">patrimoine<\/a> culturel. Les Ard\u00e9chois, fiers de leur identit\u00e9, c\u00e9l\u00e8brent leur h\u00e9ritage \u00e0 travers la langue occitane et des sp\u00e9cialit\u00e9s comme les ch\u00e2taignes d\u2019Ard\u00e8che (AOC).<\/p><p>Cet article vous invite \u00e0 explorer les merveilles de l\u2019Ard\u00e8che, des sites incontournables aux activit\u00e9s de loisirs, id\u00e9al pour les amoureux de la nature, les passionn\u00e9s d\u2019histoire, ou ceux en qu\u00eate de tranquillit\u00e9.<\/p>\t\t\t\t\t\t\t\t<\/div>\n\t\t\t\t\t<\/div>\n\t\t\t\t<\/article>\n\t\t<aside class=\"elementor-element elementor-element-1e15860c e-flex e-con-boxed e-con e-parent\" data-id=\"1e15860c\" data-element_type=\"container\" data-e-type=\"container\" data-settings=\"{&quot;background_background&quot;:&quot;classic&quot;}\">\n\t\t\t\t\t<div class=\"e-con-inner\">\n\t\t\t\t<div class=\"elementor-element elementor-element-170874b2 elementor-widget elementor-widget-spacer\" data-id=\"170874b2\" data-element_type=\"widget\" data-e-type=\"widget\" data-widget_type=\"spacer.default\">\n\t\t\t\t\t\t\t<div class=\"elementor-spacer\">\n\t\t\t<div class=\"elementor-spacer-inner\"><\/div>\n\t\t<\/div>\n\t\t\t\t\t\t<\/div>\n\t\t\t\t<div class=\"elementor-element elementor-element-4c6b83df elementor-widget elementor-widget-heading\" data-id=\"4c6b83df\" data-element_type=\"widget\" data-e-type=\"widget\" data-widget_type=\"heading.default\">\n\t\t\t\t\t<h2 class=\"elementor-heading-title elementor-size-default\">H\u00e9bergements de Vacances Ard\u00e8che en direct<\/h2>\t\t\t\t<\/div>\n\t\t\t\t<div class=\"elementor-element elementor-element-4a8630aa elementor-widget elementor-widget-listeo-listings-carousel\" data-id=\"4a8630aa\" data-element_type=\"widget\" data-e-type=\"widget\" data-widget_type=\"listeo-listings-carousel.default\">\n\t\t\t\t<div class=\"elementor-widget-container\">\n\t\t\t\t\t        <!-- Carousel \/ Start -->\n        \t<div class=\"simple-slick-carousel dots-nav\" data-slick='{&quot;autoplay&quot;:true,&quot;autoplaySpeed&quot;:3000,&quot;slidesToShow&quot;:3,&quot;slidesToScroll&quot;:1,&quot;responsive&quot;:[{&quot;breakpoint&quot;:1024,&quot;settings&quot;:{&quot;slidesToShow&quot;:2,&quot;slidesToScroll&quot;:1}},{&quot;breakpoint&quot;:768,&quot;settings&quot;:{&quot;slidesToShow&quot;:1,&quot;slidesToScroll&quot;:1}}]}'>\n                            <div class=\"fw-carousel-item\">                    \n                        <!-- Listing Item -->\r\n            <div class=\"col-lg-6 col-md-12\">\r\n                <a href=\"https:\/\/cparici.com\/en\/annonce\/roulotte-proche-des-gorges-de-lardeche\/\" class=\"listing-item-container listing-geo-data compact\" data-title=\"Roulotte proche des Gorges de l\u2019Ard\u00e8che\" data-listing-type=\"rental\" data-classifieds-price=\"\u20ac\" data-friendly-address=\"285 route de font vive\" data-address=\"285 route de font vive\" data-image=\"https:\/\/cparici.com\/wp-content\/uploads\/2025\/08\/IMG_20220426_140130-520x397.jpg\" data-longitude=\"4.2830926\" data-latitude=\"44.3903825\" data-rating=\"0\" data-reviews=\"0\" data-icon=\"<svg xmlns=&quot;http:\/\/www.w3.org\/2000\/svg&quot; width=&quot;800px&quot; height=&quot;800px&quot; viewBox=&quot;0 0 45 45&quot; fill=&quot;none&quot;>\n<path d=&quot;M24.155 8.78099L24.33 8.94499L37.402 21.787L36 23.213L34.2 21.445L34.201 35C34.201 36.054 33.385 36.918 32.35 36.994L32.201 37H12.201C11.147 37 10.283 36.184 10.206 35.149L10.201 35L10.2 21.446L8.402 23.213L7 21.787L20.058 8.95799C21.171 7.82199 22.966 7.75899 24.155 8.78099ZM21.569 10.285L21.473 10.372L12.2 19.481L12.201 35L17.2 34.999L17.201 25C17.201 23.946 18.017 23.082 19.052 23.005L19.201 23H25.201C26.255 23 27.119 23.816 27.196 24.851L27.201 25L27.2 34.999L32.201 35L32.2 19.48L22.901 10.344C22.537 9.98699 21.969 9.96499 21.569 10.285ZM25.201 25H19.201L19.2 34.999H25.2L25.201 25Z&quot; fill=&quot;#3C3C3C&quot;\/>\n<\/svg>\">\r\n            <div class=\"listing-item  featured-listing\">\r\n                <div class=\"listing-small-badges-container\">\r\n                                            <div class=\"listing-small-badge featured-badge\"><i class=\"fa fa-star\"><\/i> Featured<\/div>\r\n                                                                <div class=\"listing-small-badge pricing-badge\"><i class=\"fa fa-tag\"><\/i>75.00\u20ac - 110.00\u20ac<\/div>\r\n                                                            \r\n                                        \r\n                                        \r\n                <\/div>\r\n                <img decoding=\"async\" src=\"https:\/\/cparici.com\/wp-content\/uploads\/2025\/08\/IMG_20220426_140130-520x397.jpg\" alt=\"Roulotte proche des Gorges de l\u2019Ard\u00e8che\" class=\"listing-thumbnail\">\r\n                                        <div class=\"listing-badge now-open\">Now Open<\/div>\r\n                        \r\n\r\n                <div class=\"listing-item-content\">\r\n                    \r\n                    <h3> Roulotte proche des Gorges de l\u2019Ard\u00e8che <\/h3>\r\n                    <span>285 route de font vive<\/span>\r\n                <\/div>\r\n                                        <span class=\"save like-icon tooltip left\" title=\"Login To Bookmark Items\"><\/span>\r\n                                                <\/div>\r\n        <\/a>\r\n                    <\/div>\r\n        \r\n\r\n        <!-- Listing Item \/ End -->\n                    <\/div>\n                                      <div class=\"fw-carousel-item\">                    \n                        <!-- Listing Item -->\r\n            <div class=\"col-lg-6 col-md-12\">\r\n                <a href=\"https:\/\/cparici.com\/en\/annonce\/villa-font-vive-maison-dhotes-ecocertifiee\/\" class=\"listing-item-container listing-geo-data compact\" data-title=\"Villa Font Vive : maison d\u2019h\u00f4tes \u00e9cocertifi\u00e9e\" data-listing-type=\"rental\" data-classifieds-price=\"\u20ac\" data-friendly-address=\"285 Rte de Font-Vive, Grospierres, France\" data-address=\"285 Rte de Font-Vive, Grospierres, France\" data-image=\"https:\/\/cparici.com\/wp-content\/uploads\/2025\/08\/photo-principale-520x397.jpg\" data-longitude=\"4.283054496237901\" data-latitude=\"44.39032803839849\" data-rating=\"4.8\" data-reviews=\"188\" data-icon=\"<svg xmlns=&quot;http:\/\/www.w3.org\/2000\/svg&quot; width=&quot;800px&quot; height=&quot;800px&quot; viewBox=&quot;0 0 45 45&quot; fill=&quot;none&quot;>\n<path d=&quot;M24.155 8.78099L24.33 8.94499L37.402 21.787L36 23.213L34.2 21.445L34.201 35C34.201 36.054 33.385 36.918 32.35 36.994L32.201 37H12.201C11.147 37 10.283 36.184 10.206 35.149L10.201 35L10.2 21.446L8.402 23.213L7 21.787L20.058 8.95799C21.171 7.82199 22.966 7.75899 24.155 8.78099ZM21.569 10.285L21.473 10.372L12.2 19.481L12.201 35L17.2 34.999L17.201 25C17.201 23.946 18.017 23.082 19.052 23.005L19.201 23H25.201C26.255 23 27.119 23.816 27.196 24.851L27.201 25L27.2 34.999L32.201 35L32.2 19.48L22.901 10.344C22.537 9.98699 21.969 9.96499 21.569 10.285ZM25.201 25H19.201L19.2 34.999H25.2L25.201 25Z&quot; fill=&quot;#3C3C3C&quot;\/>\n<\/svg>\">\r\n            <div class=\"listing-item  featured-listing\">\r\n                <div class=\"listing-small-badges-container\">\r\n                                            <div class=\"listing-small-badge featured-badge\"><i class=\"fa fa-star\"><\/i> Featured<\/div>\r\n                                                                <div class=\"listing-small-badge pricing-badge\"><i class=\"fa fa-tag\"><\/i>80.00\u20ac - 120.00\u20ac<\/div>\r\n                                                            \r\n                                        \r\n                                        \r\n                <\/div>\r\n                <img decoding=\"async\" src=\"https:\/\/cparici.com\/wp-content\/uploads\/2025\/08\/photo-principale-520x397.jpg\" alt=\"Villa Font Vive : maison d\u2019h\u00f4tes \u00e9cocertifi\u00e9e\" class=\"listing-thumbnail\">\r\n                                        <div class=\"listing-badge now-open\">Now Open<\/div>\r\n                        \r\n\r\n                <div class=\"listing-item-content\">\r\n                                                <div class=\"numerical-rating\" data-rating=\"4.8\"><\/div>\r\n                    \r\n                    <h3> Villa Font Vive : maison d\u2019h\u00f4tes \u00e9cocertifi\u00e9e <\/h3>\r\n                    <span>285 Rte de Font-Vive, Grospierres, France<\/span>\r\n                <\/div>\r\n                                        <span class=\"save like-icon tooltip left\" title=\"Login To Bookmark Items\"><\/span>\r\n                                                <\/div>\r\n        <\/a>\r\n                    <\/div>\r\n        \r\n\r\n        <!-- Listing Item \/ End -->\n                    <\/div>\n                                      <div class=\"fw-carousel-item\">                    \n                        <!-- Listing Item -->\r\n            <div class=\"col-lg-6 col-md-12\">\r\n                <a href=\"https:\/\/cparici.com\/en\/annonce\/maison-de-vacances-la-tourelle-piscine-privee-grand-jardin\/\" class=\"listing-item-container listing-geo-data compact\" data-title=\"Maison de vacances La Tourelle | piscine priv\u00e9e & grand jardin\" data-listing-type=\"rental\" data-classifieds-price=\"\u20ac\" data-friendly-address=\"Ranc de Fig\u00e8re, Labeaume\" data-address=\"Ranc de Fig\u00e8re, Labeaume\" data-image=\"https:\/\/cparici.com\/wp-content\/uploads\/2026\/02\/DJI_0064-520x397.jpg\" data-longitude=\"4.3256629\" data-latitude=\"44.461516\" data-rating=\"0\" data-reviews=\"0\" data-icon=\"<svg xmlns=&quot;http:\/\/www.w3.org\/2000\/svg&quot; width=&quot;800px&quot; height=&quot;800px&quot; viewBox=&quot;0 0 45 45&quot; fill=&quot;none&quot;>\n<path d=&quot;M24.155 8.78099L24.33 8.94499L37.402 21.787L36 23.213L34.2 21.445L34.201 35C34.201 36.054 33.385 36.918 32.35 36.994L32.201 37H12.201C11.147 37 10.283 36.184 10.206 35.149L10.201 35L10.2 21.446L8.402 23.213L7 21.787L20.058 8.95799C21.171 7.82199 22.966 7.75899 24.155 8.78099ZM21.569 10.285L21.473 10.372L12.2 19.481L12.201 35L17.2 34.999L17.201 25C17.201 23.946 18.017 23.082 19.052 23.005L19.201 23H25.201C26.255 23 27.119 23.816 27.196 24.851L27.201 25L27.2 34.999L32.201 35L32.2 19.48L22.901 10.344C22.537 9.98699 21.969 9.96499 21.569 10.285ZM25.201 25H19.201L19.2 34.999H25.2L25.201 25Z&quot; fill=&quot;#3C3C3C&quot;\/>\n<\/svg>\">\r\n            <div class=\"listing-item  \">\r\n                <div class=\"listing-small-badges-container\">\r\n                                                                <div class=\"listing-small-badge pricing-badge\"><i class=\"fa fa-tag\"><\/i>350.00\u20ac - 450.00\u20ac<\/div>\r\n                                                            \r\n                                        \r\n                                        \r\n                <\/div>\r\n                <img decoding=\"async\" src=\"https:\/\/cparici.com\/wp-content\/uploads\/2026\/02\/DJI_0064-520x397.jpg\" alt=\"Maison de vacances La Tourelle | piscine priv\u00e9e & grand jardin\" class=\"listing-thumbnail\">\r\n                                            <div class=\"listing-badge now-closed\">Now Closed<\/div>\r\n                                        \r\n\r\n                <div class=\"listing-item-content\">\r\n                    \r\n                    <h3> Maison de vacances La Tourelle | piscine priv\u00e9e & grand jardin <\/h3>\r\n                    <span>Ranc de Fig\u00e8re, Labeaume<\/span>\r\n                <\/div>\r\n                                        <span class=\"save like-icon tooltip left\" title=\"Login To Bookmark Items\"><\/span>\r\n                                                <\/div>\r\n        <\/a>\r\n                    <\/div>\r\n        \r\n\r\n        <!-- Listing Item \/ End -->\n                    <\/div>\n                          <\/div>\n        \t\t\t\t<\/div>\n\t\t\t\t<\/div>\n\t\t\t\t\t<\/div>\n\t\t\t\t<\/aside>\n\t\t<article class=\"elementor-element elementor-element-0ca771a e-flex e-con-boxed e-con e-parent\" data-id=\"0ca771a\" data-element_type=\"container\" data-e-type=\"container\">\n\t\t\t\t\t<div class=\"e-con-inner\">\n\t\t\t\t<div class=\"elementor-element elementor-element-d901e5e elementor-widget elementor-widget-text-editor\" data-id=\"d901e5e\" data-element_type=\"widget\" data-e-type=\"widget\" data-widget_type=\"text-editor.default\">\n\t\t\t\t\t\t\t\t\t<h2>Les incontournables de l\u2019Ard\u00e8che<\/h2><h3>Le Pont d\u2019Arc et les gorges de l\u2019Ard\u00e8che<\/h3><p>Le Pont d\u2019Arc est un monument naturel spectaculaire, situ\u00e9 pr\u00e8s du village de <a href=\"https:\/\/cparici.com\/vallon%e2%80%91pont%e2%80%91darc-la-merveille-naturelle-de-lardeche\/\">Vallon-Pont-d\u2019Arc<\/a>. Cette arche, qui s\u2019\u00e9l\u00e8ve \u00e0 54 m\u00e8tres et s\u2019\u00e9tend sur 60 m\u00e8tres, a \u00e9t\u00e9 form\u00e9e il y a 124 000 ans par l\u2019\u00e9rosion de la rivi\u00e8re Ard\u00e8che. C\u2019est la porte d\u2019entr\u00e9e vers les Gorges de l\u2019Ard\u00e8che, un canyon majestueux de 40 kilom\u00e8tres qui propose une multitude d\u2019activit\u00e9s en plein air, telles que le cano\u00eb-kayak, la randonn\u00e9e p\u00e9destre et l\u2019escalade.<\/p><figure id=\"attachment_62985\" aria-describedby=\"caption-attachment-62985\" style=\"width: 1500px\" class=\"wp-caption aligncenter\"><a href=\"https:\/\/cparici.com\/wp-content\/uploads\/2024\/09\/cparici-44.jpg\"><img decoding=\"async\" class=\"size-full wp-image-62985\" src=\"https:\/\/cparici.com\/wp-content\/uploads\/2024\/09\/cparici-44.jpg\" alt=\"Ard\u00e8che photo des gorges\" width=\"1500\" height=\"530\" srcset=\"https:\/\/cparici.com\/wp-content\/uploads\/2024\/09\/cparici-44.jpg 1500w, https:\/\/cparici.com\/wp-content\/uploads\/2024\/09\/cparici-44-300x106.jpg 300w, https:\/\/cparici.com\/wp-content\/uploads\/2024\/09\/cparici-44-1024x362.jpg 1024w, https:\/\/cparici.com\/wp-content\/uploads\/2024\/09\/cparici-44-768x271.jpg 768w, https:\/\/cparici.com\/wp-content\/uploads\/2024\/09\/cparici-44-18x6.jpg 18w, https:\/\/cparici.com\/wp-content\/uploads\/2024\/09\/cparici-44-590x208.jpg 590w, https:\/\/cparici.com\/wp-content\/uploads\/2024\/09\/cparici-44-1200x424.jpg 1200w, https:\/\/cparici.com\/wp-content\/uploads\/2024\/09\/cparici-44-577x204.jpg 577w, https:\/\/cparici.com\/wp-content\/uploads\/2024\/09\/cparici-44-600x212.jpg 600w\" sizes=\"(max-width: 1500px) 100vw, 1500px\" \/><\/a><figcaption id=\"caption-attachment-62985\" class=\"wp-caption-text\">Ard\u00e8che photo des gorges<\/figcaption><\/figure><p>Les Gorges de l\u2019Ard\u00e8che ne sont pas seulement reconnues pour leur beaut\u00e9 naturelle, mais aussi pour leur importance historique, avec notamment la Grotte Chauvet-Pont-d\u2019Arc, class\u00e9e au <a href=\"https:\/\/cparici.com\/fr\/patrimoine-mondial-de-l-unesco-en-france\/\">patrimoine mondial de l\u2019UNESCO<\/a>. Bien que l\u2019acc\u00e8s \u00e0 la grotte originale soit restreint pour en pr\u00e9server l\u2019int\u00e9grit\u00e9, une r\u00e9plique fid\u00e8le, nomm\u00e9e Chauvet 2, offre un aper\u00e7u fascinant des \u0153uvres d\u2019art pr\u00e9historiques vieilles de plus de 30 000 ans.<\/p><p>Pour en savoir plus, <a href=\"https:\/\/cparici.com\/les-gorges-de-lardeche\/\">lisez notre article d\u00e9di\u00e9 sur les gorges<\/a> de l\u2019Ard\u00e8che.<\/p><h3>L\u2019Aven d\u2019Orgnac et la Cit\u00e9 de la Pr\u00e9histoire<\/h3><p>Class\u00e9 <a href=\"https:\/\/cparici.com\/fr\/grand-site-de-france-le-label\/\">Grand Site de France<\/a>, l\u2019Aven d\u2019Orgnac est un lieu pr\u00e9historique fascinant, compos\u00e9 de grottes et de cavernes qui t\u00e9moignent de la pr\u00e9sence humaine depuis des mill\u00e9naires. La Cit\u00e9 de la Pr\u00e9histoire, situ\u00e9e \u00e0 proximit\u00e9, enrichit la visite avec des expositions et des activit\u00e9s p\u00e9dagogiques d\u00e9di\u00e9es \u00e0 l\u2019histoire de l\u2019humanit\u00e9, bas\u00e9es sur les d\u00e9couvertes arch\u00e9ologiques de la r\u00e9gion.<\/p><h3>Mont Gerbier de Jonc et les sources de la Loire<\/h3><p>Le Mont Gerbier de Jonc, qui atteint une altitude de 1 551 m\u00e8tres, est un site naturel exceptionnel o\u00f9 jaillissent les sources de la Loire, l\u2019un des <a href=\"https:\/\/cparici.com\/fr\/rivieres-et-fleuves-de-france\/\">fleuves<\/a> les plus longs de France. Ce lieu offre non seulement des panoramas \u00e9poustouflants sur le <a href=\"https:\/\/cparici.com\/fr\/massif-central\/\">Massif Central<\/a>, mais aussi des itin\u00e9raires de randonn\u00e9e pour explorer la richesse de la faune et de la flore locales. Non loin de l\u00e0, la cascade du Ray-Pic est un autre site pittoresque qui m\u00e9rite une visite.<\/p><figure id=\"attachment_62987\" aria-describedby=\"caption-attachment-62987\" style=\"width: 3750px\" class=\"wp-caption aligncenter\"><a href=\"https:\/\/cparici.com\/wp-content\/uploads\/2024\/09\/cparici-45.jpg\"><img decoding=\"async\" class=\"size-full wp-image-62987\" src=\"https:\/\/cparici.com\/wp-content\/uploads\/2024\/09\/cparici-45.jpg\" alt=\"Ard\u00e8che l'Aven d'Orgnac\" width=\"3750\" height=\"1325\" srcset=\"https:\/\/cparici.com\/wp-content\/uploads\/2024\/09\/cparici-45.jpg 3750w, https:\/\/cparici.com\/wp-content\/uploads\/2024\/09\/cparici-45-300x106.jpg 300w, https:\/\/cparici.com\/wp-content\/uploads\/2024\/09\/cparici-45-1024x362.jpg 1024w, https:\/\/cparici.com\/wp-content\/uploads\/2024\/09\/cparici-45-768x271.jpg 768w, https:\/\/cparici.com\/wp-content\/uploads\/2024\/09\/cparici-45-1536x543.jpg 1536w, https:\/\/cparici.com\/wp-content\/uploads\/2024\/09\/cparici-45-2048x724.jpg 2048w, https:\/\/cparici.com\/wp-content\/uploads\/2024\/09\/cparici-45-18x6.jpg 18w, https:\/\/cparici.com\/wp-content\/uploads\/2024\/09\/cparici-45-590x208.jpg 590w, https:\/\/cparici.com\/wp-content\/uploads\/2024\/09\/cparici-45-1200x424.jpg 1200w, https:\/\/cparici.com\/wp-content\/uploads\/2024\/09\/cparici-45-577x204.jpg 577w, https:\/\/cparici.com\/wp-content\/uploads\/2024\/09\/cparici-45-600x212.jpg 600w\" sizes=\"(max-width: 3750px) 100vw, 3750px\" \/><\/a><figcaption id=\"caption-attachment-62987\" class=\"wp-caption-text\">Ard\u00e8che l\u2019Aven d\u2019Orgnac<\/figcaption><\/figure><h2>Activit\u00e9s et loisirs \u00e0 d\u00e9couvrir<\/h2><h3><a href=\"https:\/\/cparici.com\/fr\/les-meilleures-randonnees-en-france-guide\/\">Randonn\u00e9es<\/a> p\u00e9destres et cyclistes<\/h3><p>Explorez l\u2019Ard\u00e8che, un paradis pour les amateurs de nature et d\u2019aventures en plein air. D\u00e9couvrez des sites enchanteurs tels que le Bois de Pa\u00efolive et le Mont Gerbier de Jonc, offrant une multitude de sentiers adapt\u00e9s \u00e0 tous les niveaux de randonneurs. Pour les cyclistes, l\u2019Ard\u00e8che propose des circuits <a href=\"https:\/\/cparici.com\/fr\/vtt-en-france-guide\/\">VTT<\/a> bien balis\u00e9s et des itin\u00e9raires cyclistes captivants pour une exploration dynamique de ses paysages vari\u00e9s.<\/p><p>Les randonn\u00e9es en Ard\u00e8che sont une invitation \u00e0 admirer des panoramas exceptionnels, des <a href=\"https:\/\/cparici.com\/fr\/forets-de-france\/\">for\u00eats<\/a> enchant\u00e9es aux sommets volcaniques, vous plongeant dans un univers de nature sauvage et de beaut\u00e9 pure.<\/p><h3>Visites culturelles et historiques<\/h3><p>Plongez dans le riche <a href=\"https:\/\/cparici.com\/fr\/patrimoine-de-france\/\">patrimoine<\/a> culturel et historique de l\u2019Ard\u00e8che. Visitez des <a href=\"https:\/\/cparici.com\/fr\/chateaux-en-france\/\">ch\u00e2teaux<\/a> m\u00e9di\u00e9vaux impressionnants tels que ceux de Roure, Vog\u00fc\u00e9, et Aubenas pour un voyage dans l\u2019histoire et l\u2019architecture locale. Ne manquez pas les grottes pr\u00e9historiques, comme l\u2019Aven d\u2019Orgnac, t\u00e9moins fascinants de l\u2019histoire humaine dans cette r\u00e9gion de France.<\/p><p>Fl\u00e2nez dans des <a href=\"https:\/\/cparici.com\/fr\/petites-cites-de-caractere\/\">villages de caract\u00e8re<\/a>, tels que Saint-Jean-de-Muzols ou Saint-Laurent-les-Bains, o\u00f9 ruelles \u00e9troites et b\u00e2timents historiques vous invitent \u00e0 une d\u00e9couverte paisible de la vie locale.<\/p><h3><a href=\"https:\/\/cparici.com\/fr\/gastronomie-en-france-cuisine-francaise\/\">D\u00e9gustation<\/a> des sp\u00e9cialit\u00e9s locales<\/h3><p>D\u00e9couvrez les saveurs uniques de l\u2019Ard\u00e8che, c\u00e9l\u00e8bre pour ses sp\u00e9cialit\u00e9s culinaires qui t\u00e9moignent de la richesse de son terroir. Savourez les ch\u00e2taignes d\u2019Ard\u00e8che, fiert\u00e9 r\u00e9gionale b\u00e9n\u00e9ficiant d\u2019une appellation d\u2019origine contr\u00f4l\u00e9e (AOC), et laissez-vous tenter par des <a href=\"https:\/\/cparici.com\/fr\/fromages-de-france\/\">fromages<\/a> locaux, des vins de la vall\u00e9e du Rh\u00f4ne et des plats traditionnels tels que la caillette ou la salade de c\u00e8pes.<\/p><p>Visitez les <a href=\"https:\/\/cparici.com\/fr\/marches-en-france-guide\/\">march\u00e9s<\/a> locaux, comme ceux d\u2019Aubenas ou de Tournon-sur-Rh\u00f4ne, pour une exp\u00e9rience authentique. D\u00e9couvrez et go\u00fbtez aux produits frais de la r\u00e9gion, tout en \u00e9changeant avec les producteurs et artisans locaux.<\/p><h2 data-start=\"121\" data-end=\"175\"><span style=\"font-size: 18pt;\"><strong data-start=\"121\" data-end=\"175\">La m\u00e9t\u00e9o en Ard\u00e8che : un climat vari\u00e9 et contrast\u00e9<\/strong><\/span><\/h2><p class=\"\" data-start=\"177\" data-end=\"546\">L\u2019Ard\u00e8che, d\u00e9partement situ\u00e9 au c\u0153ur de la r\u00e9gion Auvergne-Rh\u00f4ne-Alpes, s\u00e9duit par la diversit\u00e9 de ses paysages et de son climat. Comprendre la <strong data-start=\"321\" data-end=\"341\">m\u00e9t\u00e9o en Ard\u00e8che<\/strong> est essentiel pour bien organiser son s\u00e9jour ou simplement appr\u00e9cier la vie locale. Montagnes, plateaux, vall\u00e9es et gorges cr\u00e9ent des microclimats qui influencent fortement les conditions m\u00e9t\u00e9orologiques.<\/p><h3 class=\"\" data-start=\"548\" data-end=\"589\">Un climat influenc\u00e9 par la g\u00e9ographie<\/h3><p class=\"\" data-start=\"591\" data-end=\"742\">La <strong data-start=\"594\" data-end=\"621\">g\u00e9ographie de l\u2019Ard\u00e8che<\/strong> explique en grande partie ses variations climatiques. Le d\u00e9partement est partag\u00e9 entre trois grandes zones climatiques :<\/p><ul data-start=\"744\" data-end=\"1012\"><li class=\"\" data-start=\"744\" data-end=\"849\"><p class=\"\" data-start=\"746\" data-end=\"849\">Le <strong data-start=\"749\" data-end=\"773\">climat m\u00e9diterran\u00e9en<\/strong> au sud, notamment dans les C\u00e9vennes ard\u00e9choises et les gorges de l\u2019Ard\u00e8che.<\/p><\/li><li class=\"\" data-start=\"850\" data-end=\"932\"><p class=\"\" data-start=\"852\" data-end=\"932\">Le <strong data-start=\"855\" data-end=\"877\">climat continental<\/strong> au centre du d\u00e9partement, plus marqu\u00e9 par les saisons.<\/p><\/li><li class=\"\" data-start=\"933\" data-end=\"1012\"><p class=\"\" data-start=\"935\" data-end=\"1012\">Le <strong data-start=\"938\" data-end=\"959\">climat montagnard<\/strong> au nord-ouest et sur les hauts plateaux du Vivarais.<\/p><\/li><\/ul><p class=\"\" data-start=\"1014\" data-end=\"1170\">Cette diversit\u00e9 rend la m\u00e9t\u00e9o ard\u00e9choise particuli\u00e8rement int\u00e9ressante \u00e0 suivre, surtout pour les amateurs de nature, de randonn\u00e9e ou de sports d\u2019ext\u00e9rieur.<\/p><h3 class=\"\" data-start=\"1172\" data-end=\"1222\">Printemps : une saison douce mais impr\u00e9visible<\/h3><p class=\"\" data-start=\"1224\" data-end=\"1629\">Au printemps, les temp\u00e9ratures commencent \u00e0 grimper, surtout dans la vall\u00e9e du Rh\u00f4ne et le sud de l\u2019Ard\u00e8che. Les journ\u00e9es sont souvent agr\u00e9ables, avec des temp\u00e9ratures comprises entre 12 et 20 \u00b0C en avril, pouvant atteindre 25 \u00b0C en mai. Cependant, cette p\u00e9riode est aussi sujette \u00e0 des <strong data-start=\"1511\" data-end=\"1532\">averses orageuses<\/strong>, notamment en fin de journ\u00e9e. La v\u00e9g\u00e9tation explose, offrant des paysages verdoyants et fleuris.<\/p><h3 class=\"\" data-start=\"1631\" data-end=\"1677\">\u00c9t\u00e9 : chaleur et s\u00e9cheresse au rendez-vous<\/h3><p class=\"\" data-start=\"1679\" data-end=\"2093\">L\u2019\u00e9t\u00e9 en Ard\u00e8che est souvent <strong data-start=\"1708\" data-end=\"1724\">chaud et sec<\/strong>, en particulier dans le sud du d\u00e9partement. Les temp\u00e9ratures peuvent facilement d\u00e9passer les 30 \u00b0C, notamment en juillet et en ao\u00fbt. C\u2019est la saison id\u00e9ale pour profiter des rivi\u00e8res et faire du cano\u00eb dans les gorges. Toutefois, les risques de <strong data-start=\"1969\" data-end=\"1981\">canicule<\/strong> et de <strong data-start=\"1988\" data-end=\"2002\">s\u00e9cheresse<\/strong> sont bien r\u00e9els, ce qui peut entra\u00eener des restrictions d\u2019eau ou des interdictions de feu.<\/p><h3 class=\"\" data-start=\"2095\" data-end=\"2152\">Automne : couleurs flamboyantes et retour de la pluie<\/h3><p class=\"\" data-start=\"2154\" data-end=\"2526\">L\u2019automne est une saison magnifique en Ard\u00e8che. Les temp\u00e9ratures restent douces en septembre, autour de 20-25 \u00b0C, avant de baisser progressivement. Les <strong data-start=\"2306\" data-end=\"2326\">pluies d\u2019automne<\/strong> sont fr\u00e9quentes, surtout en octobre et novembre, mais elles sont compens\u00e9es par la beaut\u00e9 des for\u00eats qui se parent de rouges et d\u2019or. Les premiers froids arrivent sur les hauteurs d\u00e8s la fin octobre.<\/p><h3 class=\"\" data-start=\"2528\" data-end=\"2592\">Hiver : froid sec sur les hauteurs, plus doux dans la vall\u00e9e<\/h3><p class=\"\" data-start=\"2594\" data-end=\"2914\">L\u2019hiver ard\u00e9chois est tr\u00e8s contrast\u00e9. Sur les <strong data-start=\"2640\" data-end=\"2664\">plateaux du Vivarais<\/strong>, les temp\u00e9ratures peuvent descendre en dessous de -10 \u00b0C, accompagn\u00e9es de neige. En revanche, les vall\u00e9es b\u00e9n\u00e9ficient d\u2019un climat plus doux et souvent ensoleill\u00e9. Le vent du nord, la <strong data-start=\"2848\" data-end=\"2856\">bise<\/strong>, souffle r\u00e9guli\u00e8rement, accentuant la sensation de froid.<\/p><p class=\"\" data-start=\"2932\" data-end=\"3294\">La <strong data-start=\"2935\" data-end=\"2955\">m\u00e9t\u00e9o en Ard\u00e8che<\/strong> refl\u00e8te la richesse de ses paysages. De la douceur m\u00e9diterran\u00e9enne aux rigueurs du climat montagnard, chaque saison offre une exp\u00e9rience diff\u00e9rente. Pour bien en profiter, il est toujours bon de consulter les pr\u00e9visions locales et de se pr\u00e9parer aux changements rapides, surtout si l\u2019on pr\u00e9voit de randonner ou de camper en pleine nature.<\/p><h2>Guides pratiques pour le voyageur<\/h2><h3>H\u00e9bergement et restauration<\/h3><p>L\u2019Ard\u00e8che propose <a href=\"https:\/\/cparici.com\/location-de-vacances-en-ardeche\/\">un large \u00e9ventail d\u2019h\u00e9bergements<\/a> adapt\u00e9s \u00e0 tous les go\u00fbts et budgets. Pour une exp\u00e9rience pleine de charme, le Domaine de l\u2019Eau Vive \u00e0 Largenti\u00e8re se distingue avec ses 19 chambres, son g\u00eete, son restaurant et sa piscine, le tout nich\u00e9 dans un splendide parc de 6 hectares.<\/p><p>Les h\u00f4tels-restaurants, \u00e0 l\u2019image de l\u2019Auberge du Lac \u00e0 Annonay, offrent des chambres joliment d\u00e9cor\u00e9es et un restaurant raffin\u00e9. Situ\u00e9 pr\u00e8s du Parc R\u00e9gional du Pilat, cet \u00e9tablissement offre une vue exceptionnelle sur le lac, ajoutant un plus \u00e0 votre s\u00e9jour.<\/p><p>Concernant la restauration, l\u2019Ard\u00e8che est c\u00e9l\u00e8bre pour ses sp\u00e9cialit\u00e9s locales. Des \u00e9tablissements comme le Domaine du Cros d\u2019Auzon et le restaurant \u00ab Au Chat Bleu \u00bb servent des plats typiques ard\u00e9chois et des produits r\u00e9gionaux, promettant une v\u00e9ritable immersion culinaire.<\/p><h3>Acc\u00e8s et d\u00e9placements dans l\u2019Ard\u00e8che<\/h3><p>L\u2019acc\u00e8s \u00e0 l\u2019Ard\u00e8che est facilit\u00e9 par divers moyens de transport. La r\u00e9gion est bien reli\u00e9e par les routes nationales et autoroutes, notamment l\u2019A7 qui connecte Lyon \u00e0 Marseille, croisant des villes ard\u00e9choises telles que Tournon-sur-Rh\u00f4ne et Annonay.<\/p><p>Les gares de Valence, Tournon et Annonay offrent des connexions ferroviaires r\u00e9gionales et nationales, rendant la r\u00e9gion facilement accessible par train. Une fois sur place, vous pouvez explorer l\u2019Ard\u00e8che en voiture, \u00e0 v\u00e9lo ou \u00e0 pied, selon vos envies et activit\u00e9s.<\/p><p>Des options de location de v\u00e9los et de voitures sont disponibles dans les principales villes, offrant une libert\u00e9 totale pour d\u00e9couvrir la r\u00e9gion \u00e0 votre rythme.<\/p><h3>Conseils saisonniers<\/h3><p>L\u2019Ard\u00e8che est une destination de choix toute l\u2019ann\u00e9e, chaque saison proposant des exp\u00e9riences uniques.<\/p><p>L\u2019\u00e9t\u00e9 est parfait pour les activit\u00e9s en ext\u00e9rieur telles que la randonn\u00e9e, le cano\u00eb-kayak et la baignade dans les gorges de l\u2019Ard\u00e8che. C\u2019est aussi la saison des festivals et \u00e9v\u00e9nements culturels.<\/p><p>L\u2019automne, avec ses couleurs \u00e9clatantes, est id\u00e9al pour les randonn\u00e9es et les visites des march\u00e9s locaux, o\u00f9 l\u2019on peut go\u00fbter aux produits de saison.<\/p><p>L\u2019hiver, les stations de ski du Massif Central offrent de belles opportunit\u00e9s pour les sports d\u2019hiver, tandis que le printemps permet de profiter du renouveau de la nature et des temp\u00e9ratures agr\u00e9ables avant l\u2019arriv\u00e9e des foules estivales.<\/p><h3 data-start=\"180\" data-end=\"250\"><strong data-start=\"180\" data-end=\"250\">Ard\u00e8che carte : un outil indispensable pour explorer le territoire<\/strong><\/h3><p class=\"\" data-start=\"252\" data-end=\"725\">Consulter une <strong data-start=\"266\" data-end=\"288\">carte de l\u2019Ard\u00e8che<\/strong> est souvent la premi\u00e8re \u00e9tape pour organiser un s\u00e9jour, une randonn\u00e9e ou simplement mieux comprendre la richesse g\u00e9ographique de ce d\u00e9partement. Situ\u00e9e en r\u00e9gion Auvergne-Rh\u00f4ne-Alpes, l\u2019Ard\u00e8che est connue pour ses paysages vari\u00e9s, entre montagnes, rivi\u00e8res, for\u00eats et villages perch\u00e9s. Une <strong data-start=\"579\" data-end=\"611\">carte d\u00e9taill\u00e9e de l\u2019Ard\u00e8che<\/strong> permet de mieux se rep\u00e9rer dans cet environnement contrast\u00e9, et de pr\u00e9parer des itin\u00e9raires adapt\u00e9s \u00e0 ses envies.<\/p><h4 data-start=\"727\" data-end=\"785\">Comprendre la g\u00e9ographie gr\u00e2ce \u00e0 la carte de l\u2019Ard\u00e8che<\/h4><p class=\"\" data-start=\"787\" data-end=\"913\">La <strong data-start=\"790\" data-end=\"817\">g\u00e9ographie de l\u2019Ard\u00e8che<\/strong> est l\u2019une des plus diversifi\u00e9es de France. Une carte permet de distinguer trois grandes zones :<\/p><ul data-start=\"915\" data-end=\"1275\"><li class=\"\" data-start=\"915\" data-end=\"1020\"><p class=\"\" data-start=\"917\" data-end=\"1020\">Le <strong data-start=\"920\" data-end=\"943\">nord du d\u00e9partement<\/strong>, plus vallonn\u00e9, avec des villes comme <strong data-start=\"982\" data-end=\"993\">Annonay<\/strong> ou <strong data-start=\"997\" data-end=\"1018\">Tournon-sur-Rh\u00f4ne<\/strong> ;<\/p><\/li><li class=\"\" data-start=\"1021\" data-end=\"1127\"><p class=\"\" data-start=\"1023\" data-end=\"1127\">Le <strong data-start=\"1026\" data-end=\"1046\">centre ard\u00e9chois<\/strong>, o\u00f9 se trouvent la pr\u00e9fecture <strong data-start=\"1077\" data-end=\"1087\">Privas<\/strong>, et de nombreux villages de caract\u00e8re ;<\/p><\/li><li class=\"\" data-start=\"1128\" data-end=\"1275\"><p class=\"\" data-start=\"1130\" data-end=\"1275\">Le <strong data-start=\"1133\" data-end=\"1153\">sud de l\u2019Ard\u00e8che<\/strong>, tr\u00e8s touristique, avec <strong data-start=\"1178\" data-end=\"1199\">Vallon-Pont-d\u2019Arc<\/strong>, les c\u00e9l\u00e8bres <strong data-start=\"1214\" data-end=\"1237\">gorges de l\u2019Ard\u00e8che<\/strong>, et des paysages plus m\u00e9diterran\u00e9ens.<\/p><\/li><\/ul><p class=\"\" data-start=\"1277\" data-end=\"1527\">Les cartes mettent aussi en \u00e9vidence le <strong data-start=\"1317\" data-end=\"1327\">relief<\/strong>, notamment les <strong data-start=\"1343\" data-end=\"1362\">Monts d\u2019Ard\u00e8che<\/strong>, les <strong data-start=\"1368\" data-end=\"1392\">plateaux du Vivarais<\/strong> ou encore le <strong data-start=\"1406\" data-end=\"1428\">massif du Tanargue<\/strong>. Ces \u00e9l\u00e9ments sont essentiels pour les amateurs de nature, de randonn\u00e9e ou de sports de plein air.<\/p><h4 data-start=\"1529\" data-end=\"1580\">Une carte pour d\u00e9couvrir les sites touristiques<\/h4><p class=\"\" data-start=\"1582\" data-end=\"1718\">L\u2019Ard\u00e8che regorge de <strong data-start=\"1603\" data-end=\"1634\">sites naturels et culturels<\/strong>. Une bonne carte touristique de l\u2019Ard\u00e8che permet de localiser les incontournables :<\/p><ul data-start=\"1720\" data-end=\"2012\"><li class=\"\" data-start=\"1720\" data-end=\"1797\"><p class=\"\" data-start=\"1722\" data-end=\"1797\"><strong data-start=\"1722\" data-end=\"1739\">Le Pont d\u2019Arc<\/strong>, impressionnante arche naturelle creus\u00e9e par la rivi\u00e8re ;<\/p><\/li><li class=\"\" data-start=\"1798\" data-end=\"1888\"><p class=\"\" data-start=\"1800\" data-end=\"1888\"><strong data-start=\"1800\" data-end=\"1823\">La <a href=\"https:\/\/cparici.com\/grotte-chauvet\/\">Grotte Chauvet<\/a> 2<\/strong>, r\u00e9plique fid\u00e8le de la fameuse grotte orn\u00e9e class\u00e9e \u00e0 l\u2019UNESCO ;<\/p><\/li><li class=\"\" data-start=\"1889\" data-end=\"1940\"><p class=\"\" data-start=\"1891\" data-end=\"1940\"><strong data-start=\"1891\" data-end=\"1918\">Le Mont Gerbier de Jonc<\/strong>, source de la Loire ;<\/p><\/li><li class=\"\" data-start=\"1941\" data-end=\"2012\"><p class=\"\" data-start=\"1943\" data-end=\"2012\">Des villages labellis\u00e9s comme <a href=\"https:\/\/cparici.com\/balazuc\/\"><strong data-start=\"1973\" data-end=\"1984\">Balazuc<\/strong><\/a>, <strong data-start=\"1986\" data-end=\"1995\">Vog\u00fc\u00e9<\/strong> ou <a href=\"https:\/\/cparici.com\/labeaume\/\"><strong data-start=\"1999\" data-end=\"2011\">Labeaume<\/strong><\/a>.<\/p><\/li><\/ul><p class=\"\" data-start=\"2014\" data-end=\"2212\">Gr\u00e2ce \u00e0 une carte interactive ou papier, il est possible de planifier des circuits, de rep\u00e9rer les distances entre les sites et de d\u00e9couvrir des <strong data-start=\"2159\" data-end=\"2211\">coins moins fr\u00e9quent\u00e9s mais tout aussi charmants<\/strong>.<\/p><h4 data-start=\"2214\" data-end=\"2260\">Les diff\u00e9rents types de cartes disponibles<\/h4><p class=\"\" data-start=\"2262\" data-end=\"2317\">Il existe plusieurs types de cartes selon les besoins :<\/p><ul data-start=\"2319\" data-end=\"2770\"><li class=\"\" data-start=\"2319\" data-end=\"2388\"><p class=\"\" data-start=\"2321\" data-end=\"2388\">Les <strong data-start=\"2325\" data-end=\"2345\">cartes routi\u00e8res<\/strong>, utiles pour les d\u00e9placements en voiture ;<\/p><\/li><li class=\"\" data-start=\"2389\" data-end=\"2527\"><p class=\"\" data-start=\"2391\" data-end=\"2527\">Les <strong data-start=\"2395\" data-end=\"2409\">cartes IGN<\/strong>, parfaites pour les randonneurs ou les cyclistes, tr\u00e8s pr\u00e9cises sur les sentiers, courbes de niveau et points d\u2019eau ;<\/p><\/li><li class=\"\" data-start=\"2528\" data-end=\"2655\"><p class=\"\" data-start=\"2530\" data-end=\"2655\">Les <strong data-start=\"2534\" data-end=\"2557\">cartes touristiques<\/strong>, souvent gratuites dans les offices du tourisme, qui mettent en valeur les attractions majeures ;<\/p><\/li><li class=\"\" data-start=\"2656\" data-end=\"2770\"><p class=\"\" data-start=\"2658\" data-end=\"2770\">Les <strong data-start=\"2662\" data-end=\"2694\">cartes interactives en ligne<\/strong>, comme celles propos\u00e9es par Google Maps, l\u2019IGN ou les sites d\u00e9partementaux.<\/p><\/li><\/ul><p class=\"\" data-start=\"2772\" data-end=\"2859\">Ces outils facilitent grandement la pr\u00e9paration de s\u00e9jours ou d\u2019activit\u00e9s en plein air.<\/p><h4 data-start=\"2861\" data-end=\"2907\">Une ressource pr\u00e9cieuse pour les voyageurs<\/h4><p class=\"\" data-start=\"2909\" data-end=\"3328\">Que vous soyez habitant, vacancier ou randonneur passionn\u00e9, avoir une <strong data-start=\"2979\" data-end=\"3001\">carte de l\u2019Ard\u00e8che<\/strong> sous la main vous aidera \u00e0 mieux appr\u00e9hender ce territoire fascinant. Elle permet non seulement de <strong data-start=\"3101\" data-end=\"3126\">s\u2019orienter facilement<\/strong>, mais aussi de d\u00e9couvrir des lieux inattendus, parfois en dehors des sentiers battus. C\u2019est un compagnon de voyage essentiel pour profiter pleinement de ce d\u00e9partement riche en nature et en patrimoine.<\/p><h2 data-start=\"138\" data-end=\"224\"><strong data-start=\"138\" data-end=\"224\">Le Dauphin\u00e9 Lib\u00e9r\u00e9 en Ard\u00e8che : une information de proximit\u00e9 au c\u0153ur du territoire<\/strong><\/h2><p class=\"\" data-start=\"226\" data-end=\"729\">Le <strong data-start=\"229\" data-end=\"248\">Dauphin\u00e9 Lib\u00e9r\u00e9<\/strong>, souvent surnomm\u00e9 \u201cle DL\u201d, est un pilier de la presse r\u00e9gionale en Auvergne-Rh\u00f4ne-Alpes. Pr\u00e9sent dans plusieurs d\u00e9partements, dont la Dr\u00f4me, la Haute-Savoie, l\u2019Is\u00e8re ou encore les Hautes-Alpes, il joue un r\u00f4le central dans la <strong data-start=\"475\" data-end=\"500\">vie locale en Ard\u00e8che<\/strong>, en couvrant au quotidien les actualit\u00e9s du territoire. Pour les habitants comme pour les visiteurs, il repr\u00e9sente une source fiable et accessible d\u2019information sur tout ce qui se passe <strong data-start=\"687\" data-end=\"728\">dans les villes et villages ard\u00e9chois<\/strong>.<\/p><h3 class=\"\" data-start=\"731\" data-end=\"780\">Une couverture locale au plus pr\u00e8s du terrain<\/h3><p class=\"\" data-start=\"782\" data-end=\"1226\">Le <strong data-start=\"785\" data-end=\"812\">Dauphin\u00e9 Lib\u00e9r\u00e9 Ard\u00e8che<\/strong> couvre l\u2019ensemble du d\u00e9partement gr\u00e2ce \u00e0 une r\u00e9daction bien implant\u00e9e sur le terrain. Des villes comme <strong data-start=\"916\" data-end=\"981\">Aubenas, Privas, Annonay, Tournon-sur-Rh\u00f4ne ou encore Le Teil<\/strong> disposent toutes de correspondants ou de journalistes locaux. Gr\u00e2ce \u00e0 eux, le journal rend compte des faits divers, des \u00e9v\u00e9nements culturels, sportifs ou politiques, mais aussi de l\u2019\u00e9volution des services publics, de l\u2019emploi ou de l\u2019\u00e9ducation.<\/p><p class=\"\" data-start=\"1228\" data-end=\"1396\">Chaque jour, les lecteurs peuvent ainsi suivre l\u2019actualit\u00e9 de leur commune ou de leur bassin de vie, avec un regard ancr\u00e9 dans la <strong data-start=\"1358\" data-end=\"1395\">r\u00e9alit\u00e9 quotidienne du territoire<\/strong>.<\/p><h3 class=\"\" data-start=\"1398\" data-end=\"1444\">Une version papier\u2026 mais surtout num\u00e9rique<\/h3><p class=\"\" data-start=\"1446\" data-end=\"1745\">Historiquement distribu\u00e9 sous forme papier, le Dauphin\u00e9 Lib\u00e9r\u00e9 a su prendre le virage du num\u00e9rique. Sur son site web, une rubrique d\u00e9di\u00e9e \u00e0 l\u2019Ard\u00e8che permet de consulter en temps r\u00e9el les derni\u00e8res nouvelles du d\u00e9partement. Faits divers, m\u00e9t\u00e9o, gr\u00e8ves, travaux routiers, alertes locales\u2026 tout y est.<\/p><p class=\"\" data-start=\"1747\" data-end=\"2028\">L\u2019acc\u00e8s aux articles se fait via un abonnement ou \u00e0 l\u2019unit\u00e9, et de nombreux contenus sont \u00e9galement disponibles gratuitement, comme les <strong data-start=\"1883\" data-end=\"1916\">directs ou les br\u00e8ves locales<\/strong>. Le site mobile et l\u2019application permettent de consulter les informations \u00e0 tout moment, o\u00f9 que l\u2019on se trouve.<\/p><h3 class=\"\" data-start=\"2030\" data-end=\"2089\">Un r\u00f4le essentiel dans la vie d\u00e9mocratique et citoyenne<\/h3><p class=\"\" data-start=\"2091\" data-end=\"2490\">Le <strong data-start=\"2094\" data-end=\"2121\">Dauphin\u00e9 Lib\u00e9r\u00e9 Ard\u00e8che<\/strong> joue un r\u00f4le essentiel dans l\u2019information des citoyens. Il relaie les d\u00e9cisions des collectivit\u00e9s, les projets de d\u00e9veloppement, les d\u00e9bats locaux, et donne la parole aux habitants \u00e0 travers des interviews ou des tribunes. En p\u00e9riode \u00e9lectorale, il assure une couverture rigoureuse des campagnes locales, ce qui contribue \u00e0 <strong data-start=\"2446\" data-end=\"2489\">renforcer la participation d\u00e9mocratique<\/strong>.<\/p><p class=\"\" data-start=\"2492\" data-end=\"2665\">Il est \u00e9galement partenaire de nombreux \u00e9v\u00e9nements locaux, comme des festivals, salons ou comp\u00e9titions sportives, et participe \u00e0 la valorisation du <strong data-start=\"2640\" data-end=\"2664\">patrimoine ard\u00e9chois<\/strong>.<\/p><h3 class=\"\" data-start=\"2667\" data-end=\"2696\">Une m\u00e9moire du territoire<\/h3><p class=\"\" data-start=\"2698\" data-end=\"3026\">Le journal constitue aussi une m\u00e9moire vivante de l\u2019Ard\u00e8che. En feuilletant les archives, on peut retracer des d\u00e9cennies de vie locale, depuis les grands faits historiques jusqu\u2019aux anecdotes du quotidien. Pour les passionn\u00e9s de <strong data-start=\"2927\" data-end=\"2977\">g\u00e9n\u00e9alogie, d\u2019histoire locale ou de patrimoine<\/strong>, le Dauphin\u00e9 Lib\u00e9r\u00e9 est une v\u00e9ritable mine d\u2019or.<\/p><p class=\"\" data-start=\"3049\" data-end=\"3348\">Le <strong data-start=\"3052\" data-end=\"3079\">Dauphin\u00e9 Lib\u00e9r\u00e9 Ard\u00e8che<\/strong> incarne une presse de proximit\u00e9 indispensable. Gr\u00e2ce \u00e0 ses reporters et correspondants ancr\u00e9s dans le tissu local, il permet aux habitants de rester connect\u00e9s \u00e0 leur territoire, et contribue \u00e0 faire vivre l\u2019identit\u00e9 ard\u00e9choise au quotidien, dans toutes ses dimensions.<\/p><h2>Conclusion<\/h2><p><em>L\u2019Ard\u00e8che se distingue par <a href=\"https:\/\/www.ardeche.fr\/\" target=\"_blank\" rel=\"noopener\">ses paysages \u00e0 couper le souffle<\/a>, son riche patrimoine culturel et la diversit\u00e9 de ses activit\u00e9s en plein air<\/em>, ce qui en fait une destination de choix pour une vari\u00e9t\u00e9 de voyageurs. L\u2019accueil chaleureux de ses habitants enrichit consid\u00e9rablement l\u2019exp\u00e9rience, la rendant \u00e0 la fois positive et authentique. Des initiatives telles que \u00ab Cano\u00eb Malin \u00bb jouent un r\u00f4le cl\u00e9 dans la r\u00e9gulation du flux touristique, garantissant ainsi une visite agr\u00e9able pour les voyageurs tout en pr\u00e9servant la beaut\u00e9 naturelle de l\u2019environnement.<\/p><p>Avec une popularit\u00e9 croissante, l\u2019Ard\u00e8che bat des records de fr\u00e9quentation et s\u2019impose comme une destination \u00e0 d\u00e9couvrir ou \u00e0 red\u00e9couvrir sans tarder. Il est vivement conseill\u00e9 de planifier votre s\u00e9jour pour explorer pleinement les merveilles que l\u2019Ard\u00e8che a \u00e0 offrir.<\/p><h2>FAQ<\/h2><h3>Quel est le num\u00e9ro de d\u00e9partement de l\u2019Ard\u00e8che ?<\/h3><p>Le d\u00e9partement de l\u2019Ard\u00e8che porte le num\u00e9ro 07 et se trouve dans la r\u00e9gion Auvergne-Rh\u00f4ne-Alpes, en France.<\/p><h3>Quel est le plus bel endroit de l\u2019Ard\u00e8che ?<\/h3><p>Les Gorges de l\u2019Ard\u00e8che sont souvent cit\u00e9es comme le site le plus magnifique du d\u00e9partement. Ce lieu exceptionnel propose des paysages \u00e0 couper le souffle et une large gamme d\u2019activit\u00e9s en plein air. Les Gorges de l\u2019Ard\u00e8che se distinguent par leur beaut\u00e9 naturelle, leur richesse en faune et flore, et sont parfaites pour des activit\u00e9s telles que la randonn\u00e9e, le cano\u00eb, et l\u2019exploration.<\/p><h3>Quelle est la ville la plus importante de l\u2019Ard\u00e8che ?<\/h3><p>Privas est la ville la plus importante de l\u2019Ard\u00e8che et sert de chef-lieu du d\u00e9partement. Toutefois, Annonay est la ville la plus peupl\u00e9e et la plus dynamique \u00e9conomiquement, suivie de pr\u00e8s par Aubenas et Tournon-sur-Rh\u00f4ne. Privas d\u00e9tient une importance administrative et culturelle majeure dans la r\u00e9gion.<\/p><h3>Est-ce que l\u2019Ard\u00e8che fait partie de la Provence ?<\/h3><p>Non, l\u2019Ard\u00e8che n\u2019appartient pas \u00e0 la <a href=\"https:\/\/cparici.com\/fr\/la-provence\/\">Provence<\/a>. Ce d\u00e9partement est situ\u00e9 dans la r\u00e9gion Auvergne-Rh\u00f4ne-Alpes, alors que la Provence se trouve dans la r\u00e9gion <a href=\"https:\/\/cparici.com\/fr\/provence-alpes-cote-dazur\/\">Provence-Alpes-C\u00f4te d\u2019Azur<\/a>.<\/p>\t\t\t\t\t\t\t\t<\/div>\n\t\t\t\t\t<\/div>\n\t\t\t\t<\/article>\n\t\t<aside class=\"elementor-element elementor-element-dedfa22 e-flex e-con-boxed e-con e-parent\" data-id=\"dedfa22\" data-element_type=\"container\" data-e-type=\"container\">\n\t\t\t\t\t<div class=\"e-con-inner\">\n\t\t\t\t<div class=\"elementor-element elementor-element-f3872f3 elementor-widget elementor-widget-listeo-posts-grid\" data-id=\"f3872f3\" data-element_type=\"widget\" data-e-type=\"widget\" data-widget_type=\"listeo-posts-grid.default\">\n\t\t\t\t<div class=\"elementor-widget-container\">\n\t\t\t\t\t\t\t\n\t\t<div class=\"listeo-post-grid-wrapper\">\n\t\t\t<div class=\"row\">\n\n\t\t\t\n\n\t\t\t\t\t\t\t<div class=\"col-md-4\">\n                <a href=\"https:\/\/cparici.com\/en\/valence\/\" class=\"blog-compact-item-container\">\n                    <div class=\"blog-compact-item\">\n                        <img decoding=\"async\" width=\"577\" height=\"204\" src=\"https:\/\/cparici.com\/wp-content\/uploads\/2025\/09\/cparici-2025-09-12T120759.298-577x204.jpg\" class=\"attachment-listeo-blog-related-post size-listeo-blog-related-post wp-post-image\" alt=\"Valence dans la Dr\u00f4me\" srcset=\"https:\/\/cparici.com\/wp-content\/uploads\/2025\/09\/cparici-2025-09-12T120759.298-577x204.jpg 577w, https:\/\/cparici.com\/wp-content\/uploads\/2025\/09\/cparici-2025-09-12T120759.298-300x106.jpg 300w, https:\/\/cparici.com\/wp-content\/uploads\/2025\/09\/cparici-2025-09-12T120759.298-1024x362.jpg 1024w, https:\/\/cparici.com\/wp-content\/uploads\/2025\/09\/cparici-2025-09-12T120759.298-768x271.jpg 768w, https:\/\/cparici.com\/wp-content\/uploads\/2025\/09\/cparici-2025-09-12T120759.298-18x6.jpg 18w, https:\/\/cparici.com\/wp-content\/uploads\/2025\/09\/cparici-2025-09-12T120759.298-590x208.jpg 590w, https:\/\/cparici.com\/wp-content\/uploads\/2025\/09\/cparici-2025-09-12T120759.298-1200x424.jpg 1200w, https:\/\/cparici.com\/wp-content\/uploads\/2025\/09\/cparici-2025-09-12T120759.298-600x212.jpg 600w, https:\/\/cparici.com\/wp-content\/uploads\/2025\/09\/cparici-2025-09-12T120759.298.jpg 1500w\" sizes=\"(max-width: 577px) 100vw, 577px\" \/><span class=\"blog-item-tag\">Auvergne Rh\u00f4ne Alpes<\/span>                        \n                        <div class=\"blog-compact-item-content\">\n                                                        <h3>Valence : guide complet pour d\u00e9couvrir la ville<\/h3>\n                                                        <p>Recherches populaires Categories Pas de r\u00e9sultats Voir tous les r\u00e9sultats Valence : guide complet pour...                            <\/p>\n                                                    <\/div>\n                    <\/div>\n                <\/a>\n            <\/div>\n\t\t\t<div class=\"col-md-4\">\n                <a href=\"https:\/\/cparici.com\/en\/lac-daiguebelette-le-guide-complet\/\" class=\"blog-compact-item-container\">\n                    <div class=\"blog-compact-item\">\n                        <img decoding=\"async\" width=\"577\" height=\"204\" src=\"https:\/\/cparici.com\/wp-content\/uploads\/2026\/03\/Lac-dAiguebelette-577x204.jpg\" class=\"attachment-listeo-blog-related-post size-listeo-blog-related-post wp-post-image\" alt=\"Lac d\u2019Aiguebelette\" srcset=\"https:\/\/cparici.com\/wp-content\/uploads\/2026\/03\/Lac-dAiguebelette-577x204.jpg 577w, https:\/\/cparici.com\/wp-content\/uploads\/2026\/03\/Lac-dAiguebelette-300x106.jpg 300w, https:\/\/cparici.com\/wp-content\/uploads\/2026\/03\/Lac-dAiguebelette-1024x362.jpg 1024w, https:\/\/cparici.com\/wp-content\/uploads\/2026\/03\/Lac-dAiguebelette-768x271.jpg 768w, https:\/\/cparici.com\/wp-content\/uploads\/2026\/03\/Lac-dAiguebelette-18x6.jpg 18w, https:\/\/cparici.com\/wp-content\/uploads\/2026\/03\/Lac-dAiguebelette-590x208.jpg 590w, https:\/\/cparici.com\/wp-content\/uploads\/2026\/03\/Lac-dAiguebelette-1200x424.jpg 1200w, https:\/\/cparici.com\/wp-content\/uploads\/2026\/03\/Lac-dAiguebelette-1320x466.jpg 1320w, https:\/\/cparici.com\/wp-content\/uploads\/2026\/03\/Lac-dAiguebelette-600x212.jpg 600w, https:\/\/cparici.com\/wp-content\/uploads\/2026\/03\/Lac-dAiguebelette.jpg 1500w\" sizes=\"(max-width: 577px) 100vw, 577px\" \/><span class=\"blog-item-tag\">Auvergne Rh\u00f4ne Alpes<\/span>                        \n                        <div class=\"blog-compact-item-content\">\n                                                        <h3>Lac d\u2019Aiguebelette : le guide complet\u00a0<\/h3>\n                                                        <p>Recherches populaires Categories Pas de r\u00e9sultats Voir tous les r\u00e9sultats Lac d\u2019Aiguebelette : le guide...                            <\/p>\n                                                    <\/div>\n                    <\/div>\n                <\/a>\n            <\/div>\n\t\t\t<div class=\"col-md-4\">\n                <a href=\"https:\/\/cparici.com\/en\/hotel-morzine\/\" class=\"blog-compact-item-container\">\n                    <div class=\"blog-compact-item\">\n                        <img decoding=\"async\" width=\"577\" height=\"204\" src=\"https:\/\/cparici.com\/wp-content\/uploads\/2025\/01\/cparici-2025-01-31T173928.571-577x204.jpg\" class=\"attachment-listeo-blog-related-post size-listeo-blog-related-post wp-post-image\" alt=\"hotel Morzine\" srcset=\"https:\/\/cparici.com\/wp-content\/uploads\/2025\/01\/cparici-2025-01-31T173928.571-577x204.jpg 577w, https:\/\/cparici.com\/wp-content\/uploads\/2025\/01\/cparici-2025-01-31T173928.571-300x106.jpg 300w, https:\/\/cparici.com\/wp-content\/uploads\/2025\/01\/cparici-2025-01-31T173928.571-1024x362.jpg 1024w, https:\/\/cparici.com\/wp-content\/uploads\/2025\/01\/cparici-2025-01-31T173928.571-768x271.jpg 768w, https:\/\/cparici.com\/wp-content\/uploads\/2025\/01\/cparici-2025-01-31T173928.571-590x208.jpg 590w, https:\/\/cparici.com\/wp-content\/uploads\/2025\/01\/cparici-2025-01-31T173928.571-1200x424.jpg 1200w, https:\/\/cparici.com\/wp-content\/uploads\/2025\/01\/cparici-2025-01-31T173928.571-600x212.jpg 600w, https:\/\/cparici.com\/wp-content\/uploads\/2025\/01\/cparici-2025-01-31T173928.571.jpg 1500w\" sizes=\"(max-width: 577px) 100vw, 577px\" \/><span class=\"blog-item-tag\">Alpes<\/span>                        \n                        <div class=\"blog-compact-item-content\">\n                                                        <h3>Hotel Morzine<\/h3>\n                                                        <p>Hotel Morzine\u00a0 Vous pr\u00e9voyez un s\u00e9jour \u00e0 Morzine en hotel, l\u2019une des stations phares des...                            <\/p>\n                                                    <\/div>\n                    <\/div>\n                <\/a>\n            <\/div>\n  <\/div>\n        <\/div>\n        \t\t\t\t<\/div>\n\t\t\t\t<\/div>\n\t\t\t\t\t<\/div>\n\t\t\t\t<\/aside>\n\t\t\t\t<\/div>\n\t\t","protected":false},"excerpt":{"rendered":"<p>Travel to the Ard\u00e8che, a department with breathtaking landscapes. Our tourist guide will help you discover the must-see sites and activities not to be missed.<\/p>","protected":false},"author":1,"featured_media":43243,"comment_status":"closed","ping_status":"open","sticky":false,"template":"","format":"standard","meta":{"ngg_post_thumbnail":0,"footnotes":""},"categories":[1505,1167,2563,477],"tags":[883],"class_list":["post-43242","post","type-post","status-publish","format-standard","has-post-thumbnail","hentry","category-ardeche-departement","category-auvergne-rhone-alpes","category-departement-de-france","category-france","tag-departement"],"_links":{"self":[{"href":"https:\/\/cparici.com\/en\/wp-json\/wp\/v2\/posts\/43242","targetHints":{"allow":["GET"]}}],"collection":[{"href":"https:\/\/cparici.com\/en\/wp-json\/wp\/v2\/posts"}],"about":[{"href":"https:\/\/cparici.com\/en\/wp-json\/wp\/v2\/types\/post"}],"author":[{"embeddable":true,"href":"https:\/\/cparici.com\/en\/wp-json\/wp\/v2\/users\/1"}],"replies":[{"embeddable":true,"href":"https:\/\/cparici.com\/en\/wp-json\/wp\/v2\/comments?post=43242"}],"version-history":[{"count":2,"href":"https:\/\/cparici.com\/en\/wp-json\/wp\/v2\/posts\/43242\/revisions"}],"predecessor-version":[{"id":83349,"href":"https:\/\/cparici.com\/en\/wp-json\/wp\/v2\/posts\/43242\/revisions\/83349"}],"wp:featuredmedia":[{"embeddable":true,"href":"https:\/\/cparici.com\/en\/wp-json\/wp\/v2\/media\/43243"}],"wp:attachment":[{"href":"https:\/\/cparici.com\/en\/wp-json\/wp\/v2\/media?parent=43242"}],"wp:term":[{"taxonomy":"category","embeddable":true,"href":"https:\/\/cparici.com\/en\/wp-json\/wp\/v2\/categories?post=43242"},{"taxonomy":"post_tag","embeddable":true,"href":"https:\/\/cparici.com\/en\/wp-json\/wp\/v2\/tags?post=43242"}],"curies":[{"name":"wp","href":"https:\/\/api.w.org\/{rel}","templated":true}]}}