{"id":44229,"date":"2025-06-30T07:42:21","date_gmt":"2025-06-30T05:42:21","guid":{"rendered":"https:\/\/cparici.com\/?p=44229"},"modified":"2025-06-30T07:57:48","modified_gmt":"2025-06-30T05:57:48","slug":"art-trail","status":"publish","type":"post","link":"https:\/\/cparici.com\/en\/sentier-des-arts\/","title":{"rendered":"Art trail"},"content":{"rendered":"\t\t<div data-elementor-type=\"wp-post\" data-elementor-id=\"44229\" class=\"elementor elementor-44229\" data-elementor-post-type=\"post\">\n\t\t\t\t<div class=\"elementor-element elementor-element-4e63127 e-con-full e-flex e-con e-parent\" data-id=\"4e63127\" data-element_type=\"container\" data-e-type=\"container\">\n\t\t\t\t<div class=\"elementor-element elementor-element-87e44a8 elementor-widget elementor-widget-image\" data-id=\"87e44a8\" data-element_type=\"widget\" data-e-type=\"widget\" data-widget_type=\"image.default\">\n\t\t\t\t\t\t\t\t\t\t\t\t\t\t\t<img decoding=\"async\" width=\"1500\" height=\"530\" src=\"https:\/\/cparici.com\/wp-content\/uploads\/2024\/09\/cparici-9.jpg\" class=\"attachment-full size-full wp-image-67127\" alt=\"Sentier des Arts\" srcset=\"https:\/\/cparici.com\/wp-content\/uploads\/2024\/09\/cparici-9.jpg 1500w, https:\/\/cparici.com\/wp-content\/uploads\/2024\/09\/cparici-9-300x106.jpg 300w, https:\/\/cparici.com\/wp-content\/uploads\/2024\/09\/cparici-9-1024x362.jpg 1024w, https:\/\/cparici.com\/wp-content\/uploads\/2024\/09\/cparici-9-768x271.jpg 768w, https:\/\/cparici.com\/wp-content\/uploads\/2024\/09\/cparici-9-18x6.jpg 18w, https:\/\/cparici.com\/wp-content\/uploads\/2024\/09\/cparici-9-590x208.jpg 590w, https:\/\/cparici.com\/wp-content\/uploads\/2024\/09\/cparici-9-1200x424.jpg 1200w, https:\/\/cparici.com\/wp-content\/uploads\/2024\/09\/cparici-9-577x204.jpg 577w, https:\/\/cparici.com\/wp-content\/uploads\/2024\/09\/cparici-9-600x212.jpg 600w\" sizes=\"(max-width: 1500px) 100vw, 1500px\" \/>\t\t\t\t\t\t\t\t\t\t\t\t\t\t\t<\/div>\n\t\t\t\t<\/div>\n\t\t<aside class=\"elementor-element elementor-element-00b68ab e-flex e-con-boxed e-con e-parent\" data-id=\"00b68ab\" data-element_type=\"container\" data-e-type=\"container\">\n\t\t\t\t\t<div class=\"e-con-inner\">\n\t\t\t\t<div class=\"elementor-element elementor-element-afbce7b elementor-widget elementor-widget-global elementor-global-62046 elementor-widget-eael-advanced-search\" data-id=\"afbce7b\" data-element_type=\"widget\" data-e-type=\"widget\" data-widget_type=\"eael-advanced-search.default\">\n\t\t\t\t\t        <div class=\"eael-adv-search-wrapper\">\n            <div id=\"eael-advanced-search-widget-afbce7b\" class=\"eael-advanced-search-widget\">\n                <form data-settings=\"{&quot;post_per_page&quot;:5,&quot;search_among_taxonomies&quot;:&quot;&quot;,&quot;search_among_sku&quot;:&quot;no&quot;,&quot;show_popular_keyword&quot;:0,&quot;show_category&quot;:0,&quot;show_content_image&quot;:1,&quot;show_search_result_all_results&quot;:0,&quot;result_on_new_tab&quot;:&quot;no&quot;,&quot;show_product_price&quot;:&quot;no&quot;,&quot;include_current_page&quot;:&quot;no&quot;,&quot;current_post_id&quot;:44229,&quot;post_type&quot;:[&quot;post&quot;,&quot;listing&quot;]}\" method=\"POST\" name=\"eael-advanced-search-form-afbce7b\" class=\"eael-advanced-search-form eael-advanced-search-form-style-2\">\n                    <div class=\"eael-advanced-search-wrap\">\n                        <span class=\"eael-adv-search-loader\"><\/span>\n                        <span class=\"eael-adv-search-close\"><i class=\"fas fa-times\"><\/i><\/span>\n                        <span class=\"icon \"><i class=\"fas fa-search\"><\/i><\/span>\n\n                        <input type=\"text\"\n                               placeholder=\"Votre destination\"\n                               class=\"eael-advanced-search\" autocomplete=\"off\" name=\"eael_advanced_search\">\n                    <\/div>\n\t\t\t\t\t                                    <\/form>\n\n\t\t\t\t\n\t\t\t\t        <div class=\"eael-advanced-search-result\">\n            <div class=\"eael-advanced-search-popular-keyword\">\n\t\t\t\t<h4 class=\"eael-advanced-search-popular-keyword-text\">Recherches populaires<\/h4>                <div class=\"eael-popular-keyword-content\"><\/div>\n            <\/div>\n            <div class=\"eael-advanced-search-category\">\n\t\t\t\t<h4 class=\"eael-advanced-search-category-text\">Categories<\/h4>                <div class=\"eael-popular-category-content\"><\/div>\n            <\/div>\n\t\t\t<div class=\"eael-advanced-search-total-results-section\">\n\t\t\t\t\t\t\t<\/div>\n            <div class=\"eael-advanced-search-content eael-item-style-3\">\n            <\/div>\n            <div class=\"eael-advanced-search-not-found\">\n                <p>Pas de r\u00e9sultats<\/p><\/div>\n            <div class=\"eael-advanced-search-load-more\">\n\t\t\t\t<a \tclass=\"eael-advanced-search-load-more-button\"\n                \thref=\"#\">Voir tous les r\u00e9sultats<\/a>\n            <\/div>\n        <\/div>\n\n\t\t            <\/div>\n        <\/div>\n\n\t\t\t\t\t\t<\/div>\n\t\t\t\t\t<\/div>\n\t\t\t\t<\/aside>\n\t\t<div class=\"elementor-element elementor-element-65a02e84 e-flex e-con-boxed e-con e-parent\" data-id=\"65a02e84\" data-element_type=\"container\" data-e-type=\"container\">\n\t\t\t\t\t<div class=\"e-con-inner\">\n\t\t\t\t<div class=\"elementor-element elementor-element-3c2e9367 elementor-widget elementor-widget-text-editor\" data-id=\"3c2e9367\" data-element_type=\"widget\" data-e-type=\"widget\" data-widget_type=\"text-editor.default\">\n\t\t\t\t\t\t\t\t\t<h1 style=\"text-align: center;\"><span style=\"font-size: 18pt;\"><strong>Le Sentier des Arts en Charente-Maritime : Une balade culturelle en pleine nature<\/strong><\/span><\/h1>\r\nLe <strong>Sentier des Arts en Charente-Maritime<\/strong> est une invitation \u00e0 d\u00e9couvrir l\u2019art sous toutes ses formes dans un cadre naturel exceptionnel. Ce parcours artistique, qui s\u2019\u00e9tend sur plusieurs communes, allie nature et cr\u00e9ation contemporaine, permettant aux visiteurs d&#8217;explorer des \u0153uvres tout en profitant de paysages magnifiques. Pour les amateurs d\u2019art et de randonn\u00e9es, c&#8217;est une exp\u00e9rience \u00e0 ne pas manquer, surtout lors des <strong>\u00e9ditions 2024<\/strong> qui promettent de nombreuses surprises.\r\n<h2><strong>Qu&#8217;est-ce que le Sentier des Arts en Charente-Maritime ?<\/strong><\/h2>\r\nLe <strong>Sentier des Arts<\/strong> est un \u00e9v\u00e9nement annuel qui met en valeur des \u0153uvres d\u2019art expos\u00e9es en plein air. Ce projet artistique a pour but de promouvoir la <strong>cr\u00e9ation contemporaine<\/strong> tout en int\u00e9grant les \u0153uvres dans des paysages naturels. Chaque ann\u00e9e, le sentier emprunte de nouveaux parcours \u00e0 travers les communes de Charente-Maritime, permettant \u00e0 la fois de d\u00e9couvrir les artistes locaux et internationaux ainsi que la richesse du patrimoine naturel de la r\u00e9gion.\r\n<h3>Un parcours artistique en pleine nature<\/h3>\r\nLe Sentier des Arts est con\u00e7u pour \u00eatre un parcours \u00e0 ciel ouvert o\u00f9 l\u2019on peut admirer des \u0153uvres tout en parcourant des kilom\u00e8tres \u00e0 pied ou \u00e0 v\u00e9lo. Ce mariage entre <strong>art et nature<\/strong> attire des visiteurs de tout \u00e2ge, qu\u2019ils soient amateurs d\u2019art ou simplement en qu\u00eate de d\u00e9couvertes culturelles au fil de leurs balades.\r\n<h2><strong>Les diff\u00e9rentes \u00e9ditions du Sentier des Arts en Charente-Maritime<\/strong><\/h2>\r\nChaque ann\u00e9e, l\u2019\u00e9v\u00e9nement se renouvelle avec un th\u00e8me central qui influence les cr\u00e9ations des artistes participants. Depuis sa cr\u00e9ation, le <strong>Sentier des Arts<\/strong> a connu de nombreuses \u00e9ditions qui ont permis de d\u00e9couvrir des \u0153uvres diversifi\u00e9es, \u00e0 la fois sur le plan esth\u00e9tique et technique. Voici un aper\u00e7u des derni\u00e8res \u00e9ditions :\r\n<h3>\u00c9dition 2022 : Le renouveau artistique<\/h3>\r\nL&#8217;\u00e9dition de 2022 a marqu\u00e9 un tournant dans l&#8217;histoire du Sentier des Arts, avec un nombre record d&#8217;artistes participant. Les \u0153uvres expos\u00e9es mettaient en avant le th\u00e8me de la <strong>transformation et du renouveau<\/strong>, explorant des mat\u00e9riaux recycl\u00e9s et des installations \u00e9ph\u00e9m\u00e8res qui invitaient \u00e0 la r\u00e9flexion sur le rapport entre l&#8217;homme et son environnement.\r\n<h3>\u00c9dition 2023 : L\u2019art et l\u2019\u00e9cologie<\/h3>\r\nL&#8217;\u00e9dition de 2023 a mis l&#8217;accent sur l&#8217;\u00e9cologie, avec des \u0153uvres soulignant l&#8217;importance de la protection de la nature. De nombreux artistes ont pr\u00e9sent\u00e9 des installations interactives permettant au public de participer \u00e0 des actions symboliques en faveur de l\u2019environnement.\r\n<h3>\u00c9dition 2024 : L&#8217;art en mouvement<\/h3>\r\nL\u2019\u00e9dition 2024 du Sentier des Arts promet de nombreuses nouveaut\u00e9s. Le th\u00e8me de cette ann\u00e9e, <strong>&#8220;L\u2019art en mouvement&#8221;<\/strong>, mettra en avant des \u0153uvres dynamiques et interactives, int\u00e9grant des \u00e9l\u00e9ments de <strong>sculptures cin\u00e9tiques<\/strong>, des jeux de lumi\u00e8res, et des \u0153uvres sonores. L\u2019objectif est d\u2019offrir une exp\u00e9rience multisensorielle aux visiteurs tout au long du parcours.\r\n<h2><strong>Les possibilit\u00e9s de visite du Sentier des Arts en 2024<\/strong><\/h2>\r\nPour l\u2019\u00e9dition 2024, le Sentier des Arts couvrira une distance de plus de <strong>20 kilom\u00e8tres<\/strong>, reliant plusieurs communes telles que <strong>Rochefort<\/strong>, <strong>Marennes-Hiers-Brouage<\/strong> et <strong>Saint-Savinien<\/strong>. Ce parcours sera ponctu\u00e9 de 30 \u00e0 40 \u0153uvres install\u00e9es le long du sentier, accessibles \u00e0 pied ou \u00e0 v\u00e9lo.\r\n<h3>Itin\u00e9raires et informations pratiques<\/h3>\r\nLes visiteurs peuvent choisir parmi diff\u00e9rents itin\u00e9raires en fonction de leur condition physique et de leur int\u00e9r\u00eat pour les \u0153uvres pr\u00e9sent\u00e9es. Des visites guid\u00e9es seront \u00e9galement propos\u00e9es certains jours pour ceux qui souhaitent en savoir plus sur les \u0153uvres et les artistes expos\u00e9s. Voici quelques informations pratiques pour planifier votre visite :\r\n<ul>\r\n \t<li><strong>Dates<\/strong> : Du 15 mai au 30 septembre 2024.<\/li>\r\n \t<li><strong>Horaires<\/strong> : Accessible tous les jours, de 9h \u00e0 18h.<\/li>\r\n \t<li><strong>Acc\u00e8s<\/strong> : Plusieurs points d\u2019entr\u00e9e sont disponibles, notamment \u00e0 <strong>Marennes<\/strong> et <strong>Rochefort<\/strong>.<\/li>\r\n \t<li><strong>Tarif<\/strong> : Gratuit pour tous les visiteurs.<\/li>\r\n<\/ul>\r\n<h3><strong>Les diff\u00e9rents types d&#8217;art pr\u00e9sent\u00e9s sur le Sentier des Arts<\/strong><\/h3>\r\nLe <strong>Sentier des Arts<\/strong> est connu pour la diversit\u00e9 des m\u00e9diums artistiques pr\u00e9sent\u00e9s, offrant une <strong>richesse culturelle<\/strong> incomparable. Voici les principaux types d\u2019art que vous pourrez d\u00e9couvrir en 2024 :\r\n<h4>Sculpture<\/h4>\r\nLa <strong>sculpture<\/strong> est l\u2019un des arts les plus repr\u00e9sent\u00e9s sur le sentier. Vous d\u00e9couvrirez des \u0153uvres monumentales ou plus discr\u00e8tes, r\u00e9alis\u00e9es dans des mat\u00e9riaux aussi vari\u00e9s que le m\u00e9tal, le bois ou la pierre. Les sculptures sont souvent en lien avec la nature environnante, cr\u00e9ant des interactions subtiles entre l\u2019\u0153uvre et le paysage.\r\n<h4>Installations artistiques<\/h4>\r\nLes <strong>installations<\/strong> occupent \u00e9galement une place importante dans cette exposition en plein air. Ces \u0153uvres, souvent \u00e9ph\u00e9m\u00e8res, transforment les espaces naturels en v\u00e9ritables galeries \u00e0 ciel ouvert. En 2024, attendez-vous \u00e0 des installations jouant avec le mouvement, la lumi\u00e8re et l&#8217;interaction avec le public.\r\n<h4>Peinture et street art<\/h4>\r\nBien que l&#8217;art tridimensionnel soit dominant, le <strong>Sentier des Arts<\/strong> accueille \u00e9galement des \u0153uvres picturales, notamment sous la forme de <strong>fresques<\/strong> et de <strong>street art<\/strong>. Ces cr\u00e9ations apportent une dimension urbaine \u00e0 cet \u00e9v\u00e9nement rural et offrent un contraste saisissant avec les paysages naturels.\r\n<h2><strong>Les artistes du Sentier des Arts 2024<\/strong><\/h2>\r\nL\u2019\u00e9dition 2024 mettra en avant des artistes locaux, nationaux et internationaux. Voici quelques noms \u00e0 suivre cette ann\u00e9e :\r\n<ul>\r\n \t<li><strong>Clara Thiebaud<\/strong> : Sculptrice fran\u00e7aise qui travaille principalement avec des mat\u00e9riaux recycl\u00e9s, Clara propose des \u0153uvres qui interrogent notre rapport \u00e0 la consommation.<\/li>\r\n \t<li><strong>Gustav Walenberg<\/strong> : Un artiste su\u00e9dois connu pour ses installations sonores, Walenberg promet de surprendre avec une \u0153uvre interactive qui \u00e9volue avec la participation du public.<\/li>\r\n \t<li><strong>Marie Deplanque<\/strong> : Peintre et muraliste, Marie est une figure montante de l\u2019art urbain en France. Ses fresques, souvent r\u00e9alis\u00e9es en grand format, explorent la relation entre l\u2019homme et la ville.<\/li>\r\n<\/ul>\r\n<h2><strong>FAQ sur le Sentier des Arts<\/strong><\/h2>\r\n<h4>Comment se d\u00e9roule une visite du Sentier des Arts ?<\/h4>\r\nLes visiteurs peuvent parcourir le sentier \u00e0 pied ou \u00e0 v\u00e9lo et d\u00e9couvrir des \u0153uvres install\u00e9es le long du chemin. Des visites guid\u00e9es sont \u00e9galement propos\u00e9es.\r\n<h4>Faut-il r\u00e9server pour visiter le Sentier des Arts ?<\/h4>\r\nNon, la visite est libre et gratuite. Toutefois, des visites guid\u00e9es n\u00e9cessitent une r\u00e9servation pr\u00e9alable.\r\n<h4>Quel est le th\u00e8me de l&#8217;\u00e9dition 2024 ?<\/h4>\r\nLe th\u00e8me de l&#8217;\u00e9dition 2024 est &#8220;L&#8217;art en mouvement&#8221;, mettant en avant des \u0153uvres interactives et dynamiques.\r\n<h4>O\u00f9 se situe le Sentier des Arts ?<\/h4>\r\nLe sentier traverse plusieurs communes de Charente-Maritime, notamment Rochefort, Marennes et Saint-Savinien.\r\n<h4>Quels types d&#8217;\u0153uvres sont pr\u00e9sent\u00e9s ?<\/h4>\r\nVous y trouverez des sculptures, des installations artistiques, du street art et des \u0153uvres sonores.\r\n<h4>Le sentier est-il accessible aux enfants ?<\/h4>\r\nOui, le sentier est con\u00e7u pour \u00eatre accessible \u00e0 tous, y compris les familles avec enfants.\r\n<h4>Peut-on visiter le Sentier des Arts en v\u00e9lo ?<\/h4>\r\nOui, le sentier est adapt\u00e9 aux v\u00e9los sur certaines portions.\r\n<h4>Combien de temps faut-il pour faire tout le sentier ?<\/h4>\r\nLe sentier complet fait environ 20 km, mais des portions plus courtes sont possibles. Comptez entre 2 et 5 heures selon le parcours choisi.\r\n<h3><strong>Conclusion<\/strong><\/h3>\r\nLe <strong>Sentier des Arts en Charente-Maritime<\/strong> est une exp\u00e9rience unique qui allie <strong>art contemporain<\/strong> et d\u00e9couverte de la nature. Avec ses \u0153uvres vari\u00e9es et ses parcours accessibles \u00e0 tous, il promet une \u00e9dition 2024 riche en d\u00e9couvertes artistiques. N\u2019attendez plus pour planifier votre visite et explorer ce magnifique projet culturel en plein air.\r\n\r\n<hr \/>\r\n\r\nPour en savoir plus sur l&#8217;\u00e9v\u00e9nement, consultez l&#8217;article complet sur <a href=\"https:\/\/fr.wikipedia.org\" target=\"_new\" rel=\"noopener\">le site Wikip\u00e9dia<\/a>.\t\t\t\t\t\t\t\t<\/div>\n\t\t\t\t\t<\/div>\n\t\t\t\t<\/div>\n\t\t<aside class=\"elementor-element elementor-element-c65231e e-flex e-con-boxed e-con e-parent\" data-id=\"c65231e\" data-element_type=\"container\" data-e-type=\"container\">\n\t\t\t\t\t<div class=\"e-con-inner\">\n\t\t\t\t<div class=\"elementor-element elementor-element-4af3bb5 elementor-widget elementor-widget-listeo-posts-grid\" data-id=\"4af3bb5\" data-element_type=\"widget\" data-e-type=\"widget\" data-widget_type=\"listeo-posts-grid.default\">\n\t\t\t\t<div class=\"elementor-widget-container\">\n\t\t\t\t\t\t\t\n\t\t<div class=\"listeo-post-grid-wrapper\">\n\t\t\t<div class=\"row\">\n\n\t\t\t\n\n\t\t\t\t\t\t\t<div class=\"col-md-4\">\n                <a href=\"https:\/\/cparici.com\/en\/chateau-de-didonne\/\" class=\"blog-compact-item-container\">\n                    <div class=\"blog-compact-item\">\n                        <span class=\"blog-item-tag\">Charente maritime<\/span>                        \n                        <div class=\"blog-compact-item-content\">\n                                                        <h3>Chateau de Didonne<\/h3>\n                                                        <p>Ch\u00e2teau de Didonne &#8211; Une saga familiale et architecturale Le chateau de Didonne se situe...                            <\/p>\n                                                    <\/div>\n                    <\/div>\n                <\/a>\n            <\/div>\n\t\t\t<div class=\"col-md-4\">\n                <a href=\"https:\/\/cparici.com\/en\/phare-de-cordouan\/\" class=\"blog-compact-item-container\">\n                    <div class=\"blog-compact-item\">\n                        <img decoding=\"async\" width=\"577\" height=\"202\" src=\"https:\/\/cparici.com\/wp-content\/uploads\/2024\/07\/phare-de-cordouan.jpg\" class=\"attachment-listeo-blog-related-post size-listeo-blog-related-post wp-post-image\" alt=\"phare de cordouan\" srcset=\"https:\/\/cparici.com\/wp-content\/uploads\/2024\/07\/phare-de-cordouan.jpg 1515w, https:\/\/cparici.com\/wp-content\/uploads\/2024\/07\/phare-de-cordouan-600x210.jpg 600w, https:\/\/cparici.com\/wp-content\/uploads\/2024\/07\/phare-de-cordouan-300x105.jpg 300w, https:\/\/cparici.com\/wp-content\/uploads\/2024\/07\/phare-de-cordouan-1024x358.jpg 1024w, https:\/\/cparici.com\/wp-content\/uploads\/2024\/07\/phare-de-cordouan-768x269.jpg 768w\" sizes=\"(max-width: 577px) 100vw, 577px\" \/><span class=\"blog-item-tag\">Charente maritime<\/span>                        \n                        <div class=\"blog-compact-item-content\">\n                                                        <h3>Phare de Cordouan &#8211; guide et photos pour une visite inoubliable<\/h3>\n                                                        <p>Visiter le phare de Cordouan, c'est faire un voyage dans l'histoire et l'art. Ce guide...                            <\/p>\n                                                    <\/div>\n                    <\/div>\n                <\/a>\n            <\/div>\n\t\t\t<div class=\"col-md-4\">\n                <a href=\"https:\/\/cparici.com\/en\/talmont-sur-gironde-visite-guidee-du-village-pittoresque\/\" class=\"blog-compact-item-container\">\n                    <div class=\"blog-compact-item\">\n                        <img decoding=\"async\" width=\"577\" height=\"206\" src=\"https:\/\/cparici.com\/wp-content\/uploads\/2020\/11\/talmont-banniere.jpg\" class=\"attachment-listeo-blog-related-post size-listeo-blog-related-post wp-post-image\" alt=\"Talmont sur gironde\" srcset=\"https:\/\/cparici.com\/wp-content\/uploads\/2020\/11\/talmont-banniere.jpg 1500w, https:\/\/cparici.com\/wp-content\/uploads\/2020\/11\/talmont-banniere-600x214.jpg 600w, https:\/\/cparici.com\/wp-content\/uploads\/2020\/11\/talmont-banniere-768x274.jpg 768w\" sizes=\"(max-width: 577px) 100vw, 577px\" \/><span class=\"blog-item-tag\">Charente maritime<\/span>                        \n                        <div class=\"blog-compact-item-content\">\n                                                        <h3>Talmont sur Gironde &#8211; visite guid\u00e9e du village pittoresque<\/h3>\n                                                        <p>D\u00e9couvrez Talmont sur Gironde, un des plus beaux villages de France, perch\u00e9 sur un promontoire...                            <\/p>\n                                                    <\/div>\n                    <\/div>\n                <\/a>\n            <\/div>\n  <\/div>\n        <\/div>\n        \t\t\t\t<\/div>\n\t\t\t\t<\/div>\n\t\t\t\t\t<\/div>\n\t\t\t\t<\/aside>\n\t\t\t\t<\/div>\n\t\t","protected":false},"excerpt":{"rendered":"<p>Discover the Sentier des Arts in Charente-Maritime, a unique artistic trail in the heart of nature, with a variety of works by local artists to be discovered in 2024.<\/p>","protected":false},"author":1,"featured_media":67127,"comment_status":"closed","ping_status":"closed","sticky":false,"template":"elementor_header_footer","format":"standard","meta":{"ngg_post_thumbnail":0,"footnotes":""},"categories":[461,477,480],"tags":[1754,1311,1755],"class_list":["post-44229","post","type-post","status-publish","format-standard","has-post-thumbnail","hentry","category-charente-maritime","category-france","category-poitou-charentes","tag-art-ephemere","tag-arts","tag-sentiers"],"_links":{"self":[{"href":"https:\/\/cparici.com\/en\/wp-json\/wp\/v2\/posts\/44229","targetHints":{"allow":["GET"]}}],"collection":[{"href":"https:\/\/cparici.com\/en\/wp-json\/wp\/v2\/posts"}],"about":[{"href":"https:\/\/cparici.com\/en\/wp-json\/wp\/v2\/types\/post"}],"author":[{"embeddable":true,"href":"https:\/\/cparici.com\/en\/wp-json\/wp\/v2\/users\/1"}],"replies":[{"embeddable":true,"href":"https:\/\/cparici.com\/en\/wp-json\/wp\/v2\/comments?post=44229"}],"version-history":[{"count":0,"href":"https:\/\/cparici.com\/en\/wp-json\/wp\/v2\/posts\/44229\/revisions"}],"wp:featuredmedia":[{"embeddable":true,"href":"https:\/\/cparici.com\/en\/wp-json\/wp\/v2\/media\/67127"}],"wp:attachment":[{"href":"https:\/\/cparici.com\/en\/wp-json\/wp\/v2\/media?parent=44229"}],"wp:term":[{"taxonomy":"category","embeddable":true,"href":"https:\/\/cparici.com\/en\/wp-json\/wp\/v2\/categories?post=44229"},{"taxonomy":"post_tag","embeddable":true,"href":"https:\/\/cparici.com\/en\/wp-json\/wp\/v2\/tags?post=44229"}],"curies":[{"name":"wp","href":"https:\/\/api.w.org\/{rel}","templated":true}]}}