{"id":57633,"date":"2025-02-16T18:18:11","date_gmt":"2025-02-16T17:18:11","guid":{"rendered":"https:\/\/cparici.com\/?p=57633"},"modified":"2025-07-22T18:01:25","modified_gmt":"2025-07-22T16:01:25","slug":"center-pompidou","status":"publish","type":"post","link":"https:\/\/cparici.com\/en\/centre-pompidou\/","title":{"rendered":"Center Pompidou guide: exhibitions and advice"},"content":{"rendered":"\t\t<div data-elementor-type=\"wp-post\" data-elementor-id=\"57633\" class=\"elementor elementor-57633\" data-elementor-post-type=\"post\">\n\t\t\t\t<div class=\"elementor-element elementor-element-8d88efb e-con-full e-flex e-con e-parent\" data-id=\"8d88efb\" data-element_type=\"container\" data-e-type=\"container\">\n\t\t\t\t<div class=\"elementor-element elementor-element-2ba3714 elementor-widget elementor-widget-image\" data-id=\"2ba3714\" data-element_type=\"widget\" data-e-type=\"widget\" data-widget_type=\"image.default\">\n\t\t\t\t\t\t\t\t\t\t\t\t\t\t\t<img decoding=\"async\" width=\"1500\" height=\"530\" src=\"https:\/\/cparici.com\/wp-content\/uploads\/2025\/02\/cparici-2025-02-16T180804.562.jpg\" class=\"attachment-full size-full wp-image-57634\" alt=\"Centre Pompidou\" srcset=\"https:\/\/cparici.com\/wp-content\/uploads\/2025\/02\/cparici-2025-02-16T180804.562.jpg 1500w, https:\/\/cparici.com\/wp-content\/uploads\/2025\/02\/cparici-2025-02-16T180804.562-300x106.jpg 300w, https:\/\/cparici.com\/wp-content\/uploads\/2025\/02\/cparici-2025-02-16T180804.562-1024x362.jpg 1024w, https:\/\/cparici.com\/wp-content\/uploads\/2025\/02\/cparici-2025-02-16T180804.562-768x271.jpg 768w, https:\/\/cparici.com\/wp-content\/uploads\/2025\/02\/cparici-2025-02-16T180804.562-590x208.jpg 590w, https:\/\/cparici.com\/wp-content\/uploads\/2025\/02\/cparici-2025-02-16T180804.562-1200x424.jpg 1200w, https:\/\/cparici.com\/wp-content\/uploads\/2025\/02\/cparici-2025-02-16T180804.562-577x204.jpg 577w, https:\/\/cparici.com\/wp-content\/uploads\/2025\/02\/cparici-2025-02-16T180804.562-600x212.jpg 600w\" sizes=\"(max-width: 1500px) 100vw, 1500px\" \/>\t\t\t\t\t\t\t\t\t\t\t\t\t\t\t<\/div>\n\t\t\t\t<\/div>\n\t\t<aside class=\"elementor-element elementor-element-73c4f7c e-flex e-con-boxed e-con e-parent\" data-id=\"73c4f7c\" data-element_type=\"container\" data-e-type=\"container\">\n\t\t\t\t\t<div class=\"e-con-inner\">\n\t\t\t\t<div class=\"elementor-element elementor-element-78f56db elementor-widget elementor-widget-global elementor-global-62046 elementor-widget-eael-advanced-search\" data-id=\"78f56db\" data-element_type=\"widget\" data-e-type=\"widget\" data-widget_type=\"eael-advanced-search.default\">\n\t\t\t\t\t        <div class=\"eael-adv-search-wrapper\">\n            <div id=\"eael-advanced-search-widget-78f56db\" class=\"eael-advanced-search-widget\">\n                <form data-settings=\"{&quot;post_per_page&quot;:5,&quot;search_among_taxonomies&quot;:&quot;&quot;,&quot;search_among_sku&quot;:&quot;no&quot;,&quot;show_popular_keyword&quot;:0,&quot;show_category&quot;:0,&quot;show_content_image&quot;:1,&quot;show_search_result_all_results&quot;:0,&quot;result_on_new_tab&quot;:&quot;no&quot;,&quot;show_product_price&quot;:&quot;no&quot;,&quot;include_current_page&quot;:&quot;no&quot;,&quot;current_post_id&quot;:57633,&quot;post_type&quot;:[&quot;post&quot;,&quot;listing&quot;]}\" method=\"POST\" name=\"eael-advanced-search-form-78f56db\" class=\"eael-advanced-search-form eael-advanced-search-form-style-2\">\n                    <div class=\"eael-advanced-search-wrap\">\n                        <span class=\"eael-adv-search-loader\"><\/span>\n                        <span class=\"eael-adv-search-close\"><i class=\"fas fa-times\"><\/i><\/span>\n                        <span class=\"icon \"><i class=\"fas fa-search\"><\/i><\/span>\n\n                        <input type=\"text\"\n                               placeholder=\"Votre destination\"\n                               class=\"eael-advanced-search\" autocomplete=\"off\" name=\"eael_advanced_search\">\n                    <\/div>\n\t\t\t\t\t                                    <\/form>\n\n\t\t\t\t\n\t\t\t\t        <div class=\"eael-advanced-search-result\">\n            <div class=\"eael-advanced-search-popular-keyword\">\n\t\t\t\t<h4 class=\"eael-advanced-search-popular-keyword-text\">Recherches populaires<\/h4>                <div class=\"eael-popular-keyword-content\"><\/div>\n            <\/div>\n            <div class=\"eael-advanced-search-category\">\n\t\t\t\t<h4 class=\"eael-advanced-search-category-text\">Categories<\/h4>                <div class=\"eael-popular-category-content\"><\/div>\n            <\/div>\n\t\t\t<div class=\"eael-advanced-search-total-results-section\">\n\t\t\t\t\t\t\t<\/div>\n            <div class=\"eael-advanced-search-content eael-item-style-3\">\n            <\/div>\n            <div class=\"eael-advanced-search-not-found\">\n                <p>Pas de r\u00e9sultats<\/p><\/div>\n            <div class=\"eael-advanced-search-load-more\">\n\t\t\t\t<a \tclass=\"eael-advanced-search-load-more-button\"\n                \thref=\"#\">Voir tous les r\u00e9sultats<\/a>\n            <\/div>\n        <\/div>\n\n\t\t            <\/div>\n        <\/div>\n\n\t\t\t\t\t\t<\/div>\n\t\t\t\t\t<\/div>\n\t\t\t\t<\/aside>\n\t\t<div class=\"elementor-element elementor-element-748741f3 e-flex e-con-boxed e-con e-parent\" data-id=\"748741f3\" data-element_type=\"container\" data-e-type=\"container\">\n\t\t\t\t\t<div class=\"e-con-inner\">\n\t\t\t\t<div class=\"elementor-element elementor-element-6c3fbfd6 elementor-widget elementor-widget-text-editor\" data-id=\"6c3fbfd6\" data-element_type=\"widget\" data-e-type=\"widget\" data-widget_type=\"text-editor.default\">\n\t\t\t\t\t\t\t\t\t<h1 style=\"text-align: center;\"><span style=\"font-size: 18pt;\">Centre Pompidou<\/span><\/h1><p><a href=\"https:\/\/cparici.com\/fr\/paris\/\">Au c\u0153ur de Paris<\/a>, le Centre Pompidou, con\u00e7u par Renzo Piano et Richard Rogers, rend hommage \u00e0 Georges Pompidou depuis son inauguration en 1977. Ce mus\u00e9e embl\u00e9matique, d\u00e9di\u00e9 \u00e0 l\u2019art moderne et contemporain, h\u00e9berge le Mus\u00e9e national d\u2019art moderne, offrant une collection riche allant du surr\u00e9alisme aux mouvements du <a href=\"https:\/\/cparici.com\/fr\/le-20eme-siecle-en-france\/\">20e<\/a> et 21e si\u00e8cle.<\/p><h2><span style=\"font-size: 18pt;\">Centre Pompidou guide: expositions et conseils<\/span><\/h2><p>En plus de ses expositions, le Centre propose des activit\u00e9s vari\u00e9es, des festivals aux \u00e9v\u00e9nements artistiques, assurant une visite enrichissante pour tous. Situ\u00e9 pr\u00e8s de l\u2019H\u00f4tel de Ville et de la station Rambuteau, il est facilement accessible et offre une vue magnifique sur Paris. Cet article vous guidera \u00e0 travers votre visite au Centre Pompidou, avec des conseils pour une exp\u00e9rience m\u00e9morable.<\/p><h2><span style=\"font-size: 18pt;\">Acheter vos billets : Options et conseils<\/span><\/h2><p data-start=\"0\" data-end=\"73\">Voici les tarifs actuels pour les diff\u00e9rentes offres du Centre Pompidou :<\/p><table data-start=\"75\" data-end=\"546\"><thead data-start=\"75\" data-end=\"133\"><tr data-start=\"75\" data-end=\"133\"><th data-start=\"75\" data-end=\"120\"><strong data-start=\"77\" data-end=\"95\">Type de billet<\/strong><\/th><th data-start=\"120\" data-end=\"133\"><strong data-start=\"122\" data-end=\"131\">Tarif<\/strong><\/th><\/tr><\/thead><tbody data-start=\"193\" data-end=\"546\"><tr data-start=\"193\" data-end=\"251\"><td>Billet d\u2019entr\u00e9e (collections permanentes)<\/td><td>15 \u20ac<\/td><\/tr><tr data-start=\"252\" data-end=\"310\"><td>Billet avec acc\u00e8s aux expositions temporaires<\/td><td>17 \u20ac<\/td><\/tr><tr data-start=\"311\" data-end=\"369\"><td>Adh\u00e9sion annuelle Solo<\/td><td>49 \u20ac<\/td><\/tr><tr data-start=\"370\" data-end=\"428\"><td>Adh\u00e9sion annuelle Duo<\/td><td>76 \u20ac<\/td><\/tr><tr data-start=\"429\" data-end=\"487\"><td>Adh\u00e9sion annuelle Jeune (jusqu\u2019\u00e0 30 ans)<\/td><td>25 \u20ac<\/td><\/tr><tr data-start=\"488\" data-end=\"546\"><td>Adh\u00e9sion annuelle Jeune Duo<\/td><td>39 \u20ac<\/td><\/tr><\/tbody><\/table><h3>Types de billets disponibles<\/h3><p>Le Centre Pompidou met \u00e0 disposition une gamme vari\u00e9e de billets pour satisfaire les attentes de chaque visiteur. Choisissez parmi les billets standards, qui offrent un acc\u00e8s \u00e0 la collection permanente ainsi qu\u2019aux expositions temporaires. Vous avez aussi la possibilit\u00e9 de s\u00e9lectionner des billets incluant l\u2019acc\u00e8s au toit-terrasse pour profiter de vues imprenables sur Paris. Pour ceux d\u00e9sirant une exp\u00e9rience plus immersive, optez pour des visites guid\u00e9es propos\u00e9es en plusieurs langues et con\u00e7ues pour des groupes restreints, favorisant ainsi une interaction plus intime. De plus, des billets combin\u00e9s avec d\u2019autres lieux embl\u00e9matiques de Paris, tels que le Louvre ou le Mus\u00e9e d\u2019Orsay, sont disponibles pour enrichir votre journ\u00e9e.<\/p><h3>O\u00f9 acheter les billets<\/h3><p>Nous vous conseillons vivement d\u2019acheter vos billets en ligne, en avance, afin d\u2019\u00e9viter les longues attentes. Les billets peuvent \u00eatre acquis directement sur le site officiel du Centre Pompidou ou par le biais de plateformes de vente en ligne telles que Tiqets, Paris Tickets, et autres. Ces services offrent souvent des confirmations imm\u00e9diates de r\u00e9servation, ainsi que des avantages comme des r\u00e9ductions et des acc\u00e8s sans attente.<\/p><h3>Conseils pour \u00e9conomiser sur les billets<\/h3><p>Afin de r\u00e9aliser des \u00e9conomies sur l\u2019achat de vos billets, privil\u00e9giez l\u2019achat en ligne en avance, ce qui peut vous permettre de b\u00e9n\u00e9ficier de tarifs r\u00e9duits et d\u2019\u00e9viter les frais de r\u00e9servation suppl\u00e9mentaires. Penser \u00e0 acheter des billets combin\u00e9s avec d\u2019autres attractions de Paris peut s\u2019av\u00e9rer \u00e9conomique, surtout si vous planifiez de visiter plusieurs sites. De plus, une visite au Centre Pompidou apr\u00e8s 15 heures peut offrir une exp\u00e9rience plus tranquille tout en vous faisant \u00e9conomiser sur les co\u00fbts li\u00e9s aux longues files d\u2019attente du matin.<\/p><h2>Explorer les expositions<\/h2><h3>Expositions en cours<\/h3><p>Le Centre Pompidou vous invite \u00e0 d\u00e9couvrir ses expositions actuelles, plongeant les visiteurs dans l\u2019univers fascinant de l\u2019art moderne et contemporain. Parmi elles, l\u2019exposition \u00ab Comics, 1964-2024 \u00bb se tient du 29 mai au 4 novembre 2024, offrant un parcours captivant \u00e0 travers l\u2019\u00e9volution de la bande dessin\u00e9e. Cette r\u00e9trospective met en lumi\u00e8re les ic\u00f4nes de la bande dessin\u00e9e europ\u00e9enne, du manga asiatique et des comics am\u00e9ricains, pr\u00e9sentant une vari\u00e9t\u00e9 d\u2019\u0153uvres allant de l\u2019underground \u00e0 l\u2019abstrait contemporain et au num\u00e9rique.<\/p><p>\u00c0 ne pas manquer \u00e9galement, la r\u00e9trospective d\u00e9di\u00e9e \u00e0 Constantin Brancusi, consid\u00e9r\u00e9 comme le p\u00e8re de la sculpture moderne. Cette exposition d\u2019envergure rassemble environ 400 pi\u00e8ces, dont plus de 120 sculptures, des photographies, dessins, films et archives. Elle propose aussi une reconstitution de l\u2019atelier de Brancusi, imagin\u00e9 comme un lieu de vie, de cr\u00e9ation et de r\u00e9flexion.<\/p><h3>Prochaines expositions<\/h3><p>Le Centre Pompidou pr\u00e9voit d\u2019enrichir son offre avec des expositions \u00e0 venir tout aussi enrichissantes.<\/p><h4>Du 15 janvier au 26 mai 2025 l\u2019exposition \u00ab Valadon \u00bb<\/h4><p>Galerie 2, niveau 6<\/p><h4>Du 5 mars au 02 juin 2025 \u00ab Hans Hollein \u00bb<\/h4><p>Galerie 4, niveau 1.<\/p><h4>Du 19 mars au 30 juin 2025 \u201cParis noir Circulations artistiques, luttes anticoloniales 1950-2000\u201d<\/h4><p><span class=\"text-bold\">Galerie 1, niveau 6<\/span><\/p><h4>Du 26 mars au 30 juin 2025 \u201cCollection Jean Chatelus\u201d<\/h4><p><span class=\"text-bold\">Galerie 3, niveau 1<\/span><\/p><p>Entre le 25 septembre 2024 et le 6 janvier 2025, l\u2019exposition \u00ab Apophenia, interruptions \u00bb explorera l\u2019interaction entre l\u2019art et l\u2019intelligence artificielle \u00e0 travers six installations qui mettent en lumi\u00e8re les processus cr\u00e9atifs encourag\u00e9s par ces technologies.<\/p><h3>Conseils pour une meilleure exp\u00e9rience d\u2019exposition<\/h3><p>Pour une visite optimale, il est conseill\u00e9 de pr\u00e9parer votre venue en tenant compte des horaires d\u2019ouverture et des disponibilit\u00e9s. L\u2019achat de billets en ligne en avance est recommand\u00e9 pour \u00e9viter l\u2019attente et il est important de choisir un cr\u00e9neau pr\u00e9cis pour les expositions temporaires.<\/p><p>Explorer les programmes et descriptions des expositions en amont peut enrichir votre visite. Les visites guid\u00e9es offrent \u00e9galement une opportunit\u00e9 d\u2019approfondir votre compr\u00e9hension des \u0153uvres, dans leur contexte historique et artistique.<\/p><h2>Conseils pratiques pour visiter le Centre Pompidou<\/h2><h3>Horaires et meilleures p\u00e9riodes pour visiter<\/h3><p>Le Centre Pompidou vous accueille tous les jours de 11h \u00e0 21h, \u00e0 l\u2019exception des mardis et du 1er mai. Les jeudis, profitez des expositions temporaires au niveau 6 ouvertes jusqu\u2019\u00e0 23h pour une exp\u00e9rience nocturne unique.<\/p><p>Visiter le Centre en fin d\u2019apr\u00e8s-midi, apr\u00e8s 15h, ou durant les jours de semaine vous permettra d\u2019\u00e9viter les grandes affluences, surtout compar\u00e9 aux weekends.<\/p><h3>Services disponibles<\/h3><p>Pour enrichir votre visite, le Centre Pompidou propose divers services : une biblioth\u00e8que publique d\u2019information, des espaces de restauration pour vous r\u00e9galer, et des boutiques de mus\u00e9e o\u00f9 vous pourrez trouver livres, \u0153uvres d\u2019art et souvenirs.<\/p><p>Des vestiaires sont \u00e0 votre disposition de 11h \u00e0 22h. Pour une exp\u00e9rience plus approfondie, le Centre offre des visites guid\u00e9es pour les groupes, ainsi que des ateliers et des activit\u00e9s ludiques pour les enfants, notamment la Galerie des Enfants, ouverte de 11h \u00e0 19h.<\/p><h3>Accessibilit\u00e9<\/h3><p>Le Centre Pompidou est pleinement accessible, assurant une visite agr\u00e9able pour tous. Les visiteurs \u00e0 mobilit\u00e9 r\u00e9duite b\u00e9n\u00e9ficient d\u2019un acc\u00e8s facilit\u00e9 aux expositions gr\u00e2ce \u00e0 des ascenseurs et des rampes.<\/p><p>Des services adapt\u00e9s, tels que la mise \u00e0 disposition de fauteuils roulants et d\u2019audioguides sp\u00e9ciaux, sont \u00e9galement disponibles. La prise de photos sans flash est permise, sauf indication contraire, vous permettant d\u2019immortaliser votre visite tout en respectant l\u2019exp\u00e9rience des autres visiteurs.<\/p><h2>Conclusion<\/h2><p>Le Centre Pompidou se distingue comme un rendez-vous essentiel pour les passionn\u00e9s d\u2019art moderne et contemporain. Il se caract\u00e9rise par une diversit\u00e9 d\u2019expositions, une accessibilit\u00e9 remarquable de ses services et une architecture embl\u00e9matique, garantissant ainsi une exp\u00e9rience culturelle sans pareil.<\/p><p>Il est cependant important de souligner que le Centre Pompidou entrera dans une phase de r\u00e9novation profonde d\u2019une dur\u00e9e de cinq ans d\u00e8s 2025. Cette r\u00e9novation vise \u00e0 moderniser et \u00e0 am\u00e9liorer les infrastructures du b\u00e2timent. Saisissez donc l\u2019opportunit\u00e9 de d\u00e9couvrir ce mus\u00e9e avant sa fermeture temporaire. Profitez de ses expositions actuelles en planifiant votre visite \u00e0 l\u2019avance. Achetez vos billets sans tarder et laissez-vous emporter par l\u2019immensit\u00e9 artistique et culturelle que propose le Centre Pompidou.<\/p><h2>FAQ \u2013 Centre Pompidou<\/h2><h3>Quand fermera le Centre Pompidou ?<\/h3><p>Le Centre Pompidou pr\u00e9voit de fermer fin 2025 pour une p\u00e9riode de r\u00e9novation de cinq ans. La r\u00e9ouverture est anticip\u00e9e pour 2030.<\/p><h3>Qu\u2019est-ce qui est gratuit au Centre Pompidou ?<\/h3><p>L\u2019entr\u00e9e au Centre Pompidou est offerte sans frais pour les jeunes de moins de 18 ans, les jeunes adultes \u00e2g\u00e9s de 18 \u00e0 25 ans qui r\u00e9sident dans l\u2019Union europ\u00e9enne, les enseignants des \u00e9coles primaires et secondaires, ainsi que pour tous les visiteurs le premier dimanche de chaque mois, cela inclut l\u2019acc\u00e8s \u00e0 la collection permanente et \u00e0 la Galerie des enfants.<\/p><h3>Quel est le surnom du Centre Pompidou ?<\/h3><p>Le Centre Pompidou est affectueusement appel\u00e9 \u00ab Beaubourg \u00bb ou encore \u00ab Notre-Dame de la tuyauterie \u00bb, une r\u00e9f\u00e9rence \u00e0 son architecture unique marqu\u00e9e par ses conduits ext\u00e9rieurs visibles.<\/p><h3>Quelle expo \u00e0 Beaubourg en ce moment ?<\/h3><p>Actuellement, Beaubourg accueille l\u2019exposition \u00ab Surr\u00e9alisme \u00bb, disponible du 4 septembre 2024 au 13 janvier 2025. Cette exposition comm\u00e9more le centenaire du mouvement surr\u00e9aliste \u00e0 travers une exploration r\u00e9trospective et th\u00e9matique de cette forme d\u2019art.<\/p>\t\t\t\t\t\t\t\t<\/div>\n\t\t\t\t\t<\/div>\n\t\t\t\t<\/div>\n\t\t<aside class=\"elementor-element elementor-element-b3d3b83 e-flex e-con-boxed e-con e-parent\" data-id=\"b3d3b83\" data-element_type=\"container\" data-e-type=\"container\">\n\t\t\t\t\t<div class=\"e-con-inner\">\n\t\t\t\t<div class=\"elementor-element elementor-element-68b632b elementor-widget elementor-widget-listeo-posts-grid\" data-id=\"68b632b\" data-element_type=\"widget\" data-e-type=\"widget\" data-widget_type=\"listeo-posts-grid.default\">\n\t\t\t\t<div class=\"elementor-widget-container\">\n\t\t\t\t\t\t\t\n\t\t<div class=\"listeo-post-grid-wrapper\">\n\t\t\t<div class=\"row\">\n\n\t\t\t\n\n\t\t\t\t\t\t\t<div class=\"col-md-4\">\n                <a href=\"https:\/\/cparici.com\/en\/paris\/\" class=\"blog-compact-item-container\">\n                    <div class=\"blog-compact-item\">\n                        <img decoding=\"async\" width=\"577\" height=\"229\" src=\"https:\/\/cparici.com\/wp-content\/uploads\/2024\/06\/paris.jpg\" class=\"attachment-listeo-blog-related-post size-listeo-blog-related-post wp-post-image\" alt=\"Paris\" srcset=\"https:\/\/cparici.com\/wp-content\/uploads\/2024\/06\/paris.jpg 1500w, https:\/\/cparici.com\/wp-content\/uploads\/2024\/06\/paris-600x238.jpg 600w, https:\/\/cparici.com\/wp-content\/uploads\/2024\/06\/paris-300x119.jpg 300w, https:\/\/cparici.com\/wp-content\/uploads\/2024\/06\/paris-1024x406.jpg 1024w, https:\/\/cparici.com\/wp-content\/uploads\/2024\/06\/paris-768x305.jpg 768w\" sizes=\"(max-width: 577px) 100vw, 577px\" \/><span class=\"blog-item-tag\">D\u00e9partement de France<\/span>                        \n                        <div class=\"blog-compact-item-content\">\n                                                        <h3>Paris : guide de voyage, culture et \u00e9v\u00e9nements<\/h3>\n                                                        <p>Un guide complet pour visiter Paris : les monuments, les mus\u00e9es, les quartiers, les spectacles,...                            <\/p>\n                                                    <\/div>\n                    <\/div>\n                <\/a>\n            <\/div>\n\t\t\t<div class=\"col-md-4\">\n                <a href=\"https:\/\/cparici.com\/en\/gare-du-nord\/\" class=\"blog-compact-item-container\">\n                    <div class=\"blog-compact-item\">\n                        <img decoding=\"async\" width=\"577\" height=\"204\" src=\"https:\/\/cparici.com\/wp-content\/uploads\/2025\/08\/cparici-2025-08-16T080731.832-577x204.jpg\" class=\"attachment-listeo-blog-related-post size-listeo-blog-related-post wp-post-image\" alt=\"Gare du Nord\" srcset=\"https:\/\/cparici.com\/wp-content\/uploads\/2025\/08\/cparici-2025-08-16T080731.832-577x204.jpg 577w, https:\/\/cparici.com\/wp-content\/uploads\/2025\/08\/cparici-2025-08-16T080731.832-300x106.jpg 300w, https:\/\/cparici.com\/wp-content\/uploads\/2025\/08\/cparici-2025-08-16T080731.832-1024x362.jpg 1024w, https:\/\/cparici.com\/wp-content\/uploads\/2025\/08\/cparici-2025-08-16T080731.832-768x271.jpg 768w, https:\/\/cparici.com\/wp-content\/uploads\/2025\/08\/cparici-2025-08-16T080731.832-18x6.jpg 18w, https:\/\/cparici.com\/wp-content\/uploads\/2025\/08\/cparici-2025-08-16T080731.832-590x208.jpg 590w, https:\/\/cparici.com\/wp-content\/uploads\/2025\/08\/cparici-2025-08-16T080731.832-1200x424.jpg 1200w, https:\/\/cparici.com\/wp-content\/uploads\/2025\/08\/cparici-2025-08-16T080731.832-600x212.jpg 600w, https:\/\/cparici.com\/wp-content\/uploads\/2025\/08\/cparici-2025-08-16T080731.832.jpg 1500w\" sizes=\"(max-width: 577px) 100vw, 577px\" \/><span class=\"blog-item-tag\">10\u00e8me arrondissement<\/span>                        \n                        <div class=\"blog-compact-item-content\">\n                                                        <h3>Gare du Nord : guide complet pour voyageurs et touristes<\/h3>\n                                                        <p>Recherches populaires Categories Pas de r\u00e9sultats Voir tous les r\u00e9sultats Gare du Nord : guide...                            <\/p>\n                                                    <\/div>\n                    <\/div>\n                <\/a>\n            <\/div>\n\t\t\t<div class=\"col-md-4\">\n                <a href=\"https:\/\/cparici.com\/en\/la-joconde\/\" class=\"blog-compact-item-container\">\n                    <div class=\"blog-compact-item\">\n                        <img decoding=\"async\" width=\"577\" height=\"204\" src=\"https:\/\/cparici.com\/wp-content\/uploads\/2024\/09\/La-Joconde-tableau-musee-du-Louvre-de-Leonard-de-Vinci.jpg\" class=\"attachment-listeo-blog-related-post size-listeo-blog-related-post wp-post-image\" alt=\"La Joconde tableau mus\u00e9e du Louvre de L\u00e9onard de Vinci\" srcset=\"https:\/\/cparici.com\/wp-content\/uploads\/2024\/09\/La-Joconde-tableau-musee-du-Louvre-de-Leonard-de-Vinci.jpg 1500w, https:\/\/cparici.com\/wp-content\/uploads\/2024\/09\/La-Joconde-tableau-musee-du-Louvre-de-Leonard-de-Vinci-600x212.jpg 600w, https:\/\/cparici.com\/wp-content\/uploads\/2024\/09\/La-Joconde-tableau-musee-du-Louvre-de-Leonard-de-Vinci-300x106.jpg 300w, https:\/\/cparici.com\/wp-content\/uploads\/2024\/09\/La-Joconde-tableau-musee-du-Louvre-de-Leonard-de-Vinci-1024x362.jpg 1024w, https:\/\/cparici.com\/wp-content\/uploads\/2024\/09\/La-Joconde-tableau-musee-du-Louvre-de-Leonard-de-Vinci-768x271.jpg 768w\" sizes=\"(max-width: 577px) 100vw, 577px\" \/><span class=\"blog-item-tag\">France<\/span>                        \n                        <div class=\"blog-compact-item-content\">\n                                                        <h3>La joconde, tableau de Leonard de Vinci, au Louvre<\/h3>\n                                                        <p>Retrouvez *La Joconde*, le tableau iconique de L\u00e9onard de Vinci, au mus\u00e9e du Louvre. D\u00e9couvrez...                            <\/p>\n                                                    <\/div>\n                    <\/div>\n                <\/a>\n            <\/div>\n  <\/div>\n        <\/div>\n        \t\t\t\t<\/div>\n\t\t\t\t<\/div>\n\t\t\t\t\t<\/div>\n\t\t\t\t<\/aside>\n\t\t\t\t<\/div>\n\t\t","protected":false},"excerpt":{"rendered":"<p>Recherches populaires Categories Pas de r\u00e9sultats Voir tous les r\u00e9sultats Centre Pompidou Au c\u0153ur de Paris, le Centre Pompidou, con\u00e7u par Renzo Piano et Richard Rogers, rend hommage \u00e0 Georges Pompidou depuis son inauguration en 1977. Ce mus\u00e9e embl\u00e9matique, d\u00e9di\u00e9 \u00e0 l\u2019art moderne et contemporain, h\u00e9berge le Mus\u00e9e national d\u2019art moderne, offrant une collection riche [&hellip;]<\/p>\n","protected":false},"author":1,"featured_media":57634,"comment_status":"closed","ping_status":"closed","sticky":false,"template":"elementor_header_footer","format":"standard","meta":{"ngg_post_thumbnail":0,"footnotes":""},"categories":[1022,477,1021],"tags":[1745,1537,1312],"class_list":["post-57633","post","type-post","status-publish","format-standard","has-post-thumbnail","hentry","category-paris","category-france","category-ile-de-france","tag-architecture","tag-art","tag-art-contemporain"],"_links":{"self":[{"href":"https:\/\/cparici.com\/en\/wp-json\/wp\/v2\/posts\/57633","targetHints":{"allow":["GET"]}}],"collection":[{"href":"https:\/\/cparici.com\/en\/wp-json\/wp\/v2\/posts"}],"about":[{"href":"https:\/\/cparici.com\/en\/wp-json\/wp\/v2\/types\/post"}],"author":[{"embeddable":true,"href":"https:\/\/cparici.com\/en\/wp-json\/wp\/v2\/users\/1"}],"replies":[{"embeddable":true,"href":"https:\/\/cparici.com\/en\/wp-json\/wp\/v2\/comments?post=57633"}],"version-history":[{"count":0,"href":"https:\/\/cparici.com\/en\/wp-json\/wp\/v2\/posts\/57633\/revisions"}],"wp:featuredmedia":[{"embeddable":true,"href":"https:\/\/cparici.com\/en\/wp-json\/wp\/v2\/media\/57634"}],"wp:attachment":[{"href":"https:\/\/cparici.com\/en\/wp-json\/wp\/v2\/media?parent=57633"}],"wp:term":[{"taxonomy":"category","embeddable":true,"href":"https:\/\/cparici.com\/en\/wp-json\/wp\/v2\/categories?post=57633"},{"taxonomy":"post_tag","embeddable":true,"href":"https:\/\/cparici.com\/en\/wp-json\/wp\/v2\/tags?post=57633"}],"curies":[{"name":"wp","href":"https:\/\/api.w.org\/{rel}","templated":true}]}}