{"id":57998,"date":"2025-02-21T20:39:55","date_gmt":"2025-02-21T19:39:55","guid":{"rendered":"https:\/\/cparici.com\/?p=57998"},"modified":"2025-03-27T12:25:58","modified_gmt":"2025-03-27T11:25:58","slug":"ares","status":"publish","type":"post","link":"https:\/\/cparici.com\/en\/ares\/","title":{"rendered":"Ares"},"content":{"rendered":"<div data-elementor-type=\"wp-post\" data-elementor-id=\"57998\" class=\"elementor elementor-57998\" data-elementor-post-type=\"post\">\n\t\t\t\t<div class=\"elementor-element elementor-element-c8f7b53 e-con-full e-flex e-con e-parent\" data-id=\"c8f7b53\" data-element_type=\"container\" data-e-type=\"container\">\n\t\t\t\t<div class=\"elementor-element elementor-element-302a8c3 elementor-widget elementor-widget-image\" data-id=\"302a8c3\" data-element_type=\"widget\" data-e-type=\"widget\" data-widget_type=\"image.default\">\n\t\t\t\t\t\t\t\t\t\t\t\t\t\t\t<img decoding=\"async\" width=\"1500\" height=\"530\" src=\"https:\/\/cparici.com\/wp-content\/uploads\/2025\/02\/cparici-2025-02-21T204219.616.jpg\" class=\"attachment-full size-full wp-image-58001\" alt=\"Ares\" srcset=\"https:\/\/cparici.com\/wp-content\/uploads\/2025\/02\/cparici-2025-02-21T204219.616.jpg 1500w, https:\/\/cparici.com\/wp-content\/uploads\/2025\/02\/cparici-2025-02-21T204219.616-300x106.jpg 300w, https:\/\/cparici.com\/wp-content\/uploads\/2025\/02\/cparici-2025-02-21T204219.616-1024x362.jpg 1024w, https:\/\/cparici.com\/wp-content\/uploads\/2025\/02\/cparici-2025-02-21T204219.616-768x271.jpg 768w, https:\/\/cparici.com\/wp-content\/uploads\/2025\/02\/cparici-2025-02-21T204219.616-590x208.jpg 590w, https:\/\/cparici.com\/wp-content\/uploads\/2025\/02\/cparici-2025-02-21T204219.616-1200x424.jpg 1200w, https:\/\/cparici.com\/wp-content\/uploads\/2025\/02\/cparici-2025-02-21T204219.616-577x204.jpg 577w, https:\/\/cparici.com\/wp-content\/uploads\/2025\/02\/cparici-2025-02-21T204219.616-600x212.jpg 600w\" sizes=\"(max-width: 1500px) 100vw, 1500px\" \/>\t\t\t\t\t\t\t\t\t\t\t\t\t\t\t<\/div>\n\t\t\t\t<\/div>\n\t\t<div class=\"elementor-element elementor-element-f75712e e-flex e-con-boxed e-con e-parent\" data-id=\"f75712e\" data-element_type=\"container\" data-e-type=\"container\">\n\t\t\t\t\t<div class=\"e-con-inner\">\n\t\t\t\t<div class=\"elementor-element elementor-element-18c6dbaf elementor-widget elementor-widget-text-editor\" data-id=\"18c6dbaf\" data-element_type=\"widget\" data-e-type=\"widget\" data-widget_type=\"text-editor.default\">\n\t\t\t\t\t\t\t\t\t<h1 style=\"text-align: center;\" data-start=\"40\" data-end=\"98\"><span style=\"font-size: 18pt;\"><strong data-start=\"40\" data-end=\"98\">Ares<\/strong><\/span><\/h1><p data-start=\"100\" data-end=\"408\">Located on the north bank of the <a href=\"https:\/\/cparici.com\/en\/bassin-darcachon-discover-its-secrets\/\"><strong data-start=\"127\" data-end=\"148\">Arcachon Basin<\/strong><\/a>, la commune d\u2019<strong data-start=\"163\" data-end=\"171\">Ares<\/strong> is a popular destination for its authenticity and natural wealth.<\/p><h2 data-start=\"100\" data-end=\"408\"><span style=\"font-size: 18pt;\"><strong data-start=\"40\" data-end=\"98\">Ar\u00e8s : Un \u00c9crin de Nature au C\u0153ur du Bassin d\u2019Arcachon<\/strong><\/span><\/h2><p data-start=\"100\" data-end=\"408\">Entre plages paisibles, r\u00e9serves naturelles et patrimoine culturel, Ar\u00e8s offre une multitude d\u2019activit\u00e9s pour les visiteurs en qu\u00eate de d\u00e9tente et de d\u00e9couverte.<\/p><h3 data-start=\"410\" data-end=\"437\">La R\u00e9gion Autour d\u2019Ar\u00e8s<\/h3><p data-start=\"439\" data-end=\"604\">La r\u00e9gion environnante d\u2019Ar\u00e8s se distingue par une diversit\u00e9 de paysages et d\u2019\u00e9cosyst\u00e8mes, offrant aux visiteurs un cadre id\u00e9al pour diverses activit\u00e9s de plein air.<\/p><h4 data-start=\"606\" data-end=\"637\">Les Pr\u00e9s Sal\u00e9s d\u2019Ar\u00e8s-L\u00e8ge<\/h4><p data-start=\"639\" data-end=\"1175\">Straddling the border between Ar\u00e8s and L\u00e8ge-Cap-Ferret, the <strong data-start=\"682\" data-end=\"718\">Pr\u00e9s Sal\u00e9s Nature Reserve<\/strong> est un espace prot\u00e9g\u00e9 de 495 hectares. Cette zone humide est caract\u00e9ris\u00e9e par une mosa\u00efque de milieux naturels, incluant des marais sal\u00e9s, des prairies humides et des for\u00eats de pins. Elle abrite une faune et une flore diversifi\u00e9es, avec plus de 170 esp\u00e8ces d\u2019oiseaux recens\u00e9es, ainsi que des mammif\u00e8res tels que la loutre d\u2019Europe. Les sentiers balis\u00e9s permettent aux visiteurs de d\u00e9couvrir ces richesses naturelles tout en respectant l\u2019\u00e9cosyst\u00e8me fragile.<\/p><h4 data-start=\"1177\" data-end=\"1207\">Domaine de Saint-Brice<\/h4><p data-start=\"1209\" data-end=\"1718\">Visit <strong data-start=\"1212\" data-end=\"1238\">Domaine de Saint-Brice<\/strong>, \u00e9galement appel\u00e9 \u201cDomaine des 3 eaux\u201d, s\u2019\u00e9tend sur 97 hectares entre Ar\u00e8s et Andernos-les-Bains. Ce site naturel offre une combinaison de for\u00eats de pins, de ch\u00eanes et de zones humides, cr\u00e9ant un habitat propice \u00e0 une biodiversit\u00e9 remarquable. Les visiteurs peuvent y pratiquer la randonn\u00e9e, le VTT ou simplement profiter des aires de pique-nique am\u00e9nag\u00e9es. La plage de Saint-Brice, avec son bassin artificiel, est particuli\u00e8rement appr\u00e9ci\u00e9e pour la baignade, m\u00eame \u00e0 mar\u00e9e basse.<\/p><h4 data-start=\"1720\" data-end=\"1750\">Surrounding villages<\/h4><p data-start=\"1752\" data-end=\"2162\">\u00c0 proximit\u00e9 d\u2019Ar\u00e8s, des villages tels que <a href=\"https:\/\/cparici.com\/en\/andernos-les-bains\/\"><strong data-start=\"1794\" data-end=\"1816\">Andernos-les-Bains<\/strong><\/a> and <a href=\"https:\/\/cparici.com\/en\/cap-ferret-ultimate-guide\/\"><strong data-start=\"1820\" data-end=\"1839\">L\u00e8ge-Cap-Ferret<\/strong><\/a> m\u00e9ritent une visite. Andernos-les-Bains est r\u00e9put\u00e9e pour sa jet\u00e9e, l\u2019une des plus longues de France, offrant une vue panoramique sur le Bassin d\u2019Arcachon. L\u00e8ge-Cap-Ferret, avec ses plages oc\u00e9anes et ses villages ostr\u00e9icoles pittoresques, est une destination pris\u00e9e pour les amateurs de fruits de mer et de paysages marins.<\/p><h2 data-start=\"2164\" data-end=\"2214\"><span style=\"font-size: 18pt;\">Tourist sites in and around Ar\u00e8s<\/span><\/h2><p data-start=\"2216\" data-end=\"2304\">Ar\u00e8s and the surrounding area are packed with tourist attractions combining nature, culture and leisure.<\/p><h3 data-start=\"2306\" data-end=\"2336\">Le Port Ostr\u00e9icole d\u2019Ar\u00e8s<\/h3><p data-start=\"2338\" data-end=\"2775\">C\u0153ur battant de l\u2019activit\u00e9 maritime de la commune, le <strong data-start=\"2392\" data-end=\"2418\">Port Ostr\u00e9icole d\u2019Ar\u00e8s<\/strong> est un lieu embl\u00e9matique o\u00f9 tradition et convivialit\u00e9 se rencontrent. Les cabanes color\u00e9es des ostr\u00e9iculteurs bordent le port, offrant aux visiteurs l\u2019opportunit\u00e9 de d\u00e9guster des hu\u00eetres fra\u00eeches directement chez le producteur. Le port est \u00e9galement le point de d\u00e9part de balades en bateau, permettant de d\u00e9couvrir le Bassin d\u2019Arcachon sous un autre angle.<\/p><h3 data-start=\"2777\" data-end=\"2792\">L\u2019Ovniport<\/h3><p data-start=\"2794\" data-end=\"3084\">Curiosit\u00e9 locale, l\u2019<strong data-start=\"2814\" data-end=\"2826\">Ovniport<\/strong> d\u2019Ar\u00e8s est une aire d\u2019atterrissage pour OVNIs inaugur\u00e9e en 1976. Bien que symbolique, ce site t\u00e9moigne de l\u2019esprit cr\u00e9atif et accueillant des Ar\u00e9siens. Situ\u00e9 pr\u00e8s de la jet\u00e9e, l\u2019Ovniport est un lieu insolite qui intrigue et amuse les visiteurs de tous \u00e2ges.<\/p><h3 data-start=\"3086\" data-end=\"3106\">La Plage d\u2019Ar\u00e8s<\/h3><p data-start=\"3108\" data-end=\"3480\">Visit <strong data-start=\"3111\" data-end=\"3127\">Plage d\u2019Ar\u00e8s<\/strong>, \u00e9galement connue sous le nom de plage du Triangle Pereire, s\u2019\u00e9tend le long du Bassin d\u2019Arcachon. Avec son sable fin et ses zones ombrag\u00e9es par les pins, elle offre un cadre idyllique pour la baignade, la d\u00e9tente ou les activit\u00e9s nautiques. La plage est \u00e9quip\u00e9e d\u2019un centre nautique proposant la location de mat\u00e9riel pour diverses activit\u00e9s aquatiques.<\/p><h3 data-start=\"3482\" data-end=\"3522\">The Pr\u00e9s Sal\u00e9s Nature Reserve<\/h3><p data-start=\"3524\" data-end=\"3897\">Visit <strong data-start=\"3527\" data-end=\"3563\">Pr\u00e9s Sal\u00e9s Nature Reserve<\/strong> est un espace prot\u00e9g\u00e9 s\u2019\u00e9tendant sur plusieurs hectares entre Ar\u00e8s et L\u00e8ge-Cap-Ferret. Cette zone humide est caract\u00e9ris\u00e9e par une biodiversit\u00e9 riche, abritant de nombreuses esp\u00e8ces d\u2019oiseaux, de plantes et d\u2019animaux. Des sentiers balis\u00e9s permettent aux visiteurs de d\u00e9couvrir cet \u00e9cosyst\u00e8me unique tout en respectant l\u2019environnement.<\/p><h3 data-start=\"3899\" data-end=\"3928\">Cultural Events<\/h3><p data-start=\"3930\" data-end=\"4243\">Ar\u00e8s also boasts a dynamic cultural life. Key events include the <strong data-start=\"4022\" data-end=\"4042\">F\u00eate de l\u2019Hu\u00eetre<\/strong> est un rendez-vous estival incontournable c\u00e9l\u00e9brant la tradition ostr\u00e9icole locale. Cette f\u00eate conviviale rassemble habitants et visiteurs autour de d\u00e9gustations, de concerts et d\u2019animations diverses.<\/p><h2 data-start=\"4245\" data-end=\"4268\"><span style=\"font-size: 18pt;\">Frequently asked questions<\/span><\/h2><h3 data-start=\"4270\" data-end=\"4326\"><strong data-start=\"4270\" data-end=\"4326\">When is the best time to visit Ar\u00e8s?<\/strong><\/h3><p data-start=\"4328\" data-end=\"4506\">Ar\u00e8s est agr\u00e9able \u00e0 visiter toute l\u2019ann\u00e9e, mais les mois de mai \u00e0 septembre offrent des conditions m\u00e9t\u00e9orologiques id\u00e9ales pour profiter des activit\u00e9s de plein air et des plages.<\/p><h3 data-start=\"4508\" data-end=\"4550\"><strong data-start=\"4508\" data-end=\"4550\">Are there bike paths in Ar\u00e8s?<\/strong><\/h3><p data-start=\"4552\" data-end=\"4741\">Oui, Ar\u00e8s dispose d\u2019un r\u00e9seau de pistes cyclables bien d\u00e9velopp\u00e9, permettant de se d\u00e9placer facilement et en toute s\u00e9curit\u00e9, notamment le long du littoral et \u00e0 travers les espaces naturels.<\/p><h3 data-start=\"4743\" data-end=\"4787\"><strong data-start=\"4743\" data-end=\"4787\">Where can you enjoy oysters in Ar\u00e8s?<\/strong><\/h3><p data-start=\"4789\" data-end=\"4910\">Le Port Ostr\u00e9icole d\u2019Ar\u00e8s est l\u2019endroit id\u00e9al pour d\u00e9guster des hu\u00eetres fra\u00eeches directement chez les producteurs locaux.<\/p><h3 data-start=\"4912\" data-end=\"4973\"><strong data-start=\"4912\" data-end=\"4973\">What water sports activities are available in Ar\u00e8s?<\/strong><\/h3><p data-start=\"4975\" data-end=\"5154\">Les visiteurs peuvent pratiquer diverses activit\u00e9s nautiques telles que la voile, le paddle, le kayak et la p\u00eache. Des \u00e9quipements sont disponibles \u00e0 la location sur la plage d\u2019Ar<\/p>\t\t\t\t\t\t\t\t<\/div>\n\t\t\t\t\t<\/div>\n\t\t\t\t<\/div>\n\t\t\t\t<\/div>","protected":false},"excerpt":{"rendered":"<p>Ar\u00e8s Situ\u00e9e sur la rive nord du Bassin d\u2019Arcachon, la commune d\u2019Ar\u00e8s est une destination pris\u00e9e pour son authenticit\u00e9 et sa richesse naturelle. Ar\u00e8s : Un \u00c9crin de Nature au C\u0153ur du Bassin d\u2019Arcachon Entre plages paisibles, r\u00e9serves naturelles et patrimoine culturel, Ar\u00e8s offre une multitude d\u2019activit\u00e9s pour les visiteurs en qu\u00eate de d\u00e9tente et [&hellip;]<\/p>\n","protected":false},"author":97,"featured_media":0,"comment_status":"closed","ping_status":"closed","sticky":false,"template":"elementor_header_footer","format":"standard","meta":{"ngg_post_thumbnail":0,"footnotes":""},"categories":[2505,699,477,484,483],"tags":[906],"class_list":["post-57998","post","type-post","status-publish","format-standard","hentry","category-ares","category-bassin-darcachon","category-france","category-gironde","category-nouvelle-aquitaine","tag-ville"],"_links":{"self":[{"href":"https:\/\/cparici.com\/en\/wp-json\/wp\/v2\/posts\/57998","targetHints":{"allow":["GET"]}}],"collection":[{"href":"https:\/\/cparici.com\/en\/wp-json\/wp\/v2\/posts"}],"about":[{"href":"https:\/\/cparici.com\/en\/wp-json\/wp\/v2\/types\/post"}],"author":[{"embeddable":true,"href":"https:\/\/cparici.com\/en\/wp-json\/wp\/v2\/users\/97"}],"replies":[{"embeddable":true,"href":"https:\/\/cparici.com\/en\/wp-json\/wp\/v2\/comments?post=57998"}],"version-history":[{"count":0,"href":"https:\/\/cparici.com\/en\/wp-json\/wp\/v2\/posts\/57998\/revisions"}],"wp:attachment":[{"href":"https:\/\/cparici.com\/en\/wp-json\/wp\/v2\/media?parent=57998"}],"wp:term":[{"taxonomy":"category","embeddable":true,"href":"https:\/\/cparici.com\/en\/wp-json\/wp\/v2\/categories?post=57998"},{"taxonomy":"post_tag","embeddable":true,"href":"https:\/\/cparici.com\/en\/wp-json\/wp\/v2\/tags?post=57998"}],"curies":[{"name":"wp","href":"https:\/\/api.w.org\/{rel}","templated":true}]}}