{"id":58405,"date":"2025-02-28T20:13:36","date_gmt":"2025-02-28T19:13:36","guid":{"rendered":"https:\/\/cparici.com\/?p=58405"},"modified":"2025-03-29T20:27:06","modified_gmt":"2025-03-29T19:27:06","slug":"lozere","status":"publish","type":"post","link":"https:\/\/cparici.com\/en\/lozere\/","title":{"rendered":"Loz\u00e8re - discover the department"},"content":{"rendered":"\t\t<div data-elementor-type=\"wp-post\" data-elementor-id=\"58405\" class=\"elementor elementor-58405\" data-elementor-post-type=\"post\">\n\t\t\t\t<div class=\"elementor-element elementor-element-54410ed e-con-full e-flex e-con e-parent\" data-id=\"54410ed\" data-element_type=\"container\" data-e-type=\"container\">\n\t\t\t\t<div class=\"elementor-element elementor-element-7272ba7 elementor-widget elementor-widget-image\" data-id=\"7272ba7\" data-element_type=\"widget\" data-e-type=\"widget\" data-widget_type=\"image.default\">\n\t\t\t\t\t\t\t\t\t\t\t\t\t\t\t<img decoding=\"async\" width=\"1500\" height=\"530\" src=\"https:\/\/cparici.com\/wp-content\/uploads\/2025\/02\/cparici-2025-02-28T201145.131.jpg\" class=\"attachment-full size-full wp-image-58406\" alt=\"Loz\u00e8re\" srcset=\"https:\/\/cparici.com\/wp-content\/uploads\/2025\/02\/cparici-2025-02-28T201145.131.jpg 1500w, https:\/\/cparici.com\/wp-content\/uploads\/2025\/02\/cparici-2025-02-28T201145.131-300x106.jpg 300w, https:\/\/cparici.com\/wp-content\/uploads\/2025\/02\/cparici-2025-02-28T201145.131-1024x362.jpg 1024w, https:\/\/cparici.com\/wp-content\/uploads\/2025\/02\/cparici-2025-02-28T201145.131-768x271.jpg 768w, https:\/\/cparici.com\/wp-content\/uploads\/2025\/02\/cparici-2025-02-28T201145.131-18x6.jpg 18w, https:\/\/cparici.com\/wp-content\/uploads\/2025\/02\/cparici-2025-02-28T201145.131-590x208.jpg 590w, https:\/\/cparici.com\/wp-content\/uploads\/2025\/02\/cparici-2025-02-28T201145.131-1200x424.jpg 1200w, https:\/\/cparici.com\/wp-content\/uploads\/2025\/02\/cparici-2025-02-28T201145.131-577x204.jpg 577w, https:\/\/cparici.com\/wp-content\/uploads\/2025\/02\/cparici-2025-02-28T201145.131-600x212.jpg 600w\" sizes=\"(max-width: 1500px) 100vw, 1500px\" \/>\t\t\t\t\t\t\t\t\t\t\t\t\t\t\t<\/div>\n\t\t\t\t<\/div>\n\t\t<div class=\"elementor-element elementor-element-b835edc e-flex e-con-boxed e-con e-parent\" data-id=\"b835edc\" data-element_type=\"container\" data-e-type=\"container\">\n\t\t\t\t\t<div class=\"e-con-inner\">\n\t\t\t\t<div class=\"elementor-element elementor-element-146ab09 elementor-widget elementor-widget-global elementor-global-62046 elementor-widget-eael-advanced-search\" data-id=\"146ab09\" data-element_type=\"widget\" data-e-type=\"widget\" data-widget_type=\"eael-advanced-search.default\">\n\t\t\t\t\t        <div class=\"eael-adv-search-wrapper\">\n            <div id=\"eael-advanced-search-widget-146ab09\" class=\"eael-advanced-search-widget\">\n                <form data-settings=\"{&quot;post_per_page&quot;:5,&quot;search_among_taxonomies&quot;:&quot;&quot;,&quot;search_among_sku&quot;:&quot;no&quot;,&quot;show_popular_keyword&quot;:0,&quot;show_category&quot;:0,&quot;show_content_image&quot;:1,&quot;show_search_result_all_results&quot;:0,&quot;result_on_new_tab&quot;:&quot;no&quot;,&quot;show_product_price&quot;:&quot;no&quot;,&quot;include_current_page&quot;:&quot;no&quot;,&quot;current_post_id&quot;:58405,&quot;post_type&quot;:[&quot;post&quot;,&quot;listing&quot;]}\" method=\"POST\" name=\"eael-advanced-search-form-146ab09\" class=\"eael-advanced-search-form eael-advanced-search-form-style-2\">\n                    <div class=\"eael-advanced-search-wrap\">\n                        <span class=\"eael-adv-search-loader\"><\/span>\n                        <span class=\"eael-adv-search-close\"><i class=\"fas fa-times\"><\/i><\/span>\n                        <span class=\"icon \"><i class=\"fas fa-search\"><\/i><\/span>\n\n                        <input type=\"text\"\n                               placeholder=\"Votre destination\"\n                               class=\"eael-advanced-search\" autocomplete=\"off\" name=\"eael_advanced_search\">\n                    <\/div>\n\t\t\t\t\t                                    <\/form>\n\n\t\t\t\t\n\t\t\t\t        <div class=\"eael-advanced-search-result\">\n            <div class=\"eael-advanced-search-popular-keyword\">\n\t\t\t\t<h4 class=\"eael-advanced-search-popular-keyword-text\">Recherches populaires<\/h4>                <div class=\"eael-popular-keyword-content\"><\/div>\n            <\/div>\n            <div class=\"eael-advanced-search-category\">\n\t\t\t\t<h4 class=\"eael-advanced-search-category-text\">Categories<\/h4>                <div class=\"eael-popular-category-content\"><\/div>\n            <\/div>\n\t\t\t<div class=\"eael-advanced-search-total-results-section\">\n\t\t\t\t\t\t\t<\/div>\n            <div class=\"eael-advanced-search-content eael-item-style-3\">\n            <\/div>\n            <div class=\"eael-advanced-search-not-found\">\n                <p>Pas de r\u00e9sultats<\/p><\/div>\n            <div class=\"eael-advanced-search-load-more\">\n\t\t\t\t<a \tclass=\"eael-advanced-search-load-more-button\"\n                \thref=\"#\">Voir tous les r\u00e9sultats<\/a>\n            <\/div>\n        <\/div>\n\n\t\t            <\/div>\n        <\/div>\n\n\t\t\t\t\t\t<\/div>\n\t\t\t\t\t<\/div>\n\t\t\t\t<\/div>\n\t\t<div class=\"elementor-element elementor-element-5a4c3d8e e-flex e-con-boxed e-con e-parent\" data-id=\"5a4c3d8e\" data-element_type=\"container\" data-e-type=\"container\">\n\t\t\t\t\t<div class=\"e-con-inner\">\n\t\t\t\t<div class=\"elementor-element elementor-element-b9ff885 elementor-widget elementor-widget-text-editor\" data-id=\"b9ff885\" data-element_type=\"widget\" data-e-type=\"widget\" data-widget_type=\"text-editor.default\">\n\t\t\t\t\t\t\t\t\t<article class=\"w-full text-token-text-primary focus-visible:outline-2 focus-visible:outline-offset-[-4px]\" dir=\"auto\" data-testid=\"conversation-turn-3\" data-scroll-anchor=\"false\">\r\n<div class=\"m-auto text-base py-[18px] px-6\">\r\n<div class=\"mx-auto flex flex-1 text-base gap-4 md:gap-5 lg:gap-6 md:max-w-3xl lg:max-w-[40rem] xl:max-w-[48rem]\">\r\n<div class=\"group\/conversation-turn relative flex w-full min-w-0 flex-col agent-turn @xs\/thread:px-0 @sm\/thread:px-1.5 @md\/thread:px-4\">\r\n<div class=\"flex-col gap-1 md:gap-3\">\r\n<div class=\"flex max-w-full flex-col flex-grow\">\r\n<div class=\"min-h-8 text-message relative flex w-full flex-col items-end gap-2 whitespace-normal break-words text-start [.text-message+&]:mt-5\" dir=\"auto\" data-message-author-role=\"assistant\" data-message-id=\"c817edb9-25be-4dc2-94c6-842ea82bb5d9\" data-message-model-slug=\"gpt-4o\">\r\n<div class=\"flex w-full flex-col gap-1 empty:hidden first:pt-[3px]\">\r\n<div class=\"markdown prose w-full break-words dark:prose-invert light\">\r\n<h1 style=\"text-align: center;\" data-start=\"40\" data-end=\"159\"><span class=\"relative -mx-px my-[-0.2rem] rounded px-px py-[0.2rem]\" style=\"font-size: 18pt;\">La <strong data-start=\"3\" data-end=\"13\">Loz\u00e8re<\/strong><\/span><\/h1>\r\n<p data-start=\"40\" data-end=\"159\"><span class=\"relative -mx-px my-[-0.2rem] rounded px-px py-[0.2rem]\">La <strong data-start=\"3\" data-end=\"13\">Loz\u00e8re<\/strong>, situ\u00e9e au nord-est de la r\u00e9gion <a href=\"https:\/\/cparici.com\/occitanie\/\">Occitanie<\/a>, est un d\u00e9partement fran\u00e7ais riche en paysages diversifi\u00e9s, en patrimoine culturel et en traditions gastronomiques.<\/span> <span class=\"relative -mx-px my-[-0.2rem] rounded px-px py-[0.2rem]\">Limitrophe des d\u00e9partements du Cantal, de la Haute-Loire, de l\u2019Ard\u00e8che, du Gard et de l\u2019Aveyron, la Loz\u00e8re offre une multitude de d\u00e9couvertes pour les visiteurs en qu\u00eate d\u2019authenticit\u00e9 et de nature pr\u00e9serv\u00e9e.<\/span>\u200b<\/p>\r\n\r\n<h2 data-start=\"161\" data-end=\"208\"><span style=\"font-size: 18pt;\">Sites touristiques incontournables en Loz\u00e8re<\/span><\/h2>\r\n<p data-start=\"210\" data-end=\"340\"><span class=\"relative -mx-px my-[-0.2rem] rounded px-px py-[0.2rem]\">La Loz\u00e8re abrite de nombreux sites touristiques qui s\u00e9duisent par leur beaut\u00e9 naturelle et leur histoire.<\/span> Voici une s\u00e9lection des lieux \u00e0 ne pas manquer :\u200b<\/p>\r\n\r\n<h3 data-start=\"342\" data-end=\"364\">Les gorges du Tarn<\/h3>\r\n<p data-start=\"366\" data-end=\"485\"><span class=\"relative -mx-px my-[-0.2rem] rounded px-px py-[0.2rem]\">Ce canyon spectaculaire, creus\u00e9 par le Tarn, offre des paysages vertigineux et abrite des villages pittoresques tels que Sainte-Enimie et La Mal\u00e8ne.<\/span> <span class=\"relative -mx-px my-[-0.2rem] rounded px-px py-[0.2rem]\">Les activit\u00e9s comme le cano\u00eb, la randonn\u00e9e et l\u2019escalade y sont tr\u00e8s pris\u00e9es.<\/span>\u200b<\/p>\r\n\r\n<h3 data-start=\"487\" data-end=\"520\">Le Parc National des <a href=\"https:\/\/cparici.com\/les-cevennes\/\">C\u00e9vennes<\/a><\/h3>\r\n<p data-start=\"522\" data-end=\"645\"><span class=\"relative -mx-px my-[-0.2rem] rounded px-px py-[0.2rem]\">Seul parc national fran\u00e7ais de moyenne montagne, il s\u2019\u00e9tend sur une partie de la Loz\u00e8re et propose une biodiversit\u00e9 exceptionnelle.<\/span> <span class=\"relative -mx-px my-[-0.2rem] rounded px-px py-[0.2rem]\">Les amateurs de randonn\u00e9e pourront explorer des sentiers vari\u00e9s et d\u00e9couvrir une faune et une flore riches.<\/span><\/p>\r\n\r\n<h3 data-start=\"647\" data-end=\"664\">L\u2019Aven Armand<\/h3>\r\n<p data-start=\"666\" data-end=\"751\"><span class=\"relative -mx-px my-[-0.2rem] rounded px-px py-[0.2rem]\">Cette grotte majestueuse, situ\u00e9e sur le Causse M\u00e9jean, d\u00e9voile une for\u00eat de plus de 400 stalagmites, offrant un spectacle souterrain unique.<\/span>\u200b<\/p>\r\n\r\n<h3 data-start=\"753\" data-end=\"778\">La grotte de Dargilan<\/h3>\r\n<p data-start=\"780\" data-end=\"865\"><span class=\"relative -mx-px my-[-0.2rem] rounded px-px py-[0.2rem]\">Surnomm\u00e9e \u201cla grotte rose\u201d en raison de la couleur de ses concr\u00e9tions, elle est r\u00e9put\u00e9e pour ses vastes salles et ses formations g\u00e9ologiques impressionnantes.<\/span>\u200b<\/p>\r\n\r\n<h3 data-start=\"867\" data-end=\"885\">Le Mont Loz\u00e8re<\/h3>\r\n<p data-start=\"887\" data-end=\"972\"><span class=\"relative -mx-px my-[-0.2rem] rounded px-px py-[0.2rem]\">Point culminant du d\u00e9partement, il offre des panoramas \u00e0 couper le souffle et est travers\u00e9 par le c\u00e9l\u00e8bre chemin de Stevenson, emprunt\u00e9 par l\u2019\u00e9crivain \u00e9cossais Robert Louis Stevenson en 1878.<\/span>\u200b<\/p>\r\n\r\n<h2 data-start=\"974\" data-end=\"1008\"><span style=\"font-size: 18pt;\">Paysages et villes de la Loz\u00e8re<\/span><\/h2>\r\n<p data-start=\"1010\" data-end=\"1135\"><span class=\"relative -mx-px my-[-0.2rem] rounded px-px py-[0.2rem]\">La diversit\u00e9 des paysages loz\u00e9riens est l\u2019un des atouts majeurs du d\u00e9partement.<\/span> <span class=\"relative -mx-px my-[-0.2rem] rounded px-px py-[0.2rem]\">Des plateaux calcaires aux vall\u00e9es verdoyantes, chaque r\u00e9gion naturelle poss\u00e8de son caract\u00e8re distinct.<\/span>\u200b<\/p>\r\n\r\n<h3 data-start=\"1137\" data-end=\"1149\">L\u2019Aubrac<\/h3>\r\n<p data-start=\"1151\" data-end=\"1276\"><span class=\"relative -mx-px my-[-0.2rem] rounded px-px py-[0.2rem]\">Au nord-ouest, l\u2019Aubrac est un plateau basaltique parsem\u00e9 de p\u00e2turages et de lacs.<\/span> <span class=\"relative -mx-px my-[-0.2rem] rounded px-px py-[0.2rem]\">Cette r\u00e9gion est id\u00e9ale pour les randonn\u00e9es et offre une ambiance paisible propice au ressourcement.<\/span>\u200b<\/p>\r\n\r\n<h3 data-start=\"1278\" data-end=\"1293\">Les Causses<\/h3>\r\n<p data-start=\"1295\" data-end=\"1420\"><span class=\"relative -mx-px my-[-0.2rem] rounded px-px py-[0.2rem]\">Ces vastes plateaux calcaires, comme le Causse M\u00e9jean et le Causse de Sauveterre, sont caract\u00e9ris\u00e9s par des paysages arides ponctu\u00e9s de dolines et de grottes.<\/span> <span class=\"relative -mx-px my-[-0.2rem] rounded px-px py-[0.2rem]\">Les Causses sont inscrits au patrimoine mondial de l\u2019UNESCO en tant que \u201cCausses et C\u00e9vennes\u201d.<\/span><\/p>\r\n\r\n<h3 data-start=\"1422\" data-end=\"1438\">Les C\u00e9vennes<\/h3>\r\n<p data-start=\"1440\" data-end=\"1565\"><span class=\"relative -mx-px my-[-0.2rem] rounded px-px py-[0.2rem]\">Au sud-est, les C\u00e9vennes pr\u00e9sentent des montagnes aux pentes abruptes et des vall\u00e9es encaiss\u00e9es.<\/span> <span class=\"relative -mx-px my-[-0.2rem] rounded px-px py-[0.2rem]\">Cette r\u00e9gion est riche en ch\u00e2taigneraies et en hameaux traditionnels.<\/span>\u200b<\/p>\r\n\r\n<h3 data-start=\"1567\" data-end=\"1589\">Villes et villages<\/h3>\r\n<ul data-start=\"1591\" data-end=\"1904\">\r\n \t<li data-start=\"1591\" data-end=\"1690\">\r\n<p data-start=\"1593\" data-end=\"1690\"><strong data-start=\"1593\" data-end=\"1602\">Mende<\/strong> : <span class=\"relative -mx-px my-[-0.2rem] rounded px-px py-[0.2rem]\">Pr\u00e9fecture de la Loz\u00e8re, Mende est une ville historique avec sa cath\u00e9drale Notre-Dame-et-Saint-Privat et ses ruelles m\u00e9di\u00e9vales.<\/span>\u200b<\/p>\r\n<\/li>\r\n \t<li data-start=\"1692\" data-end=\"1795\">\r\n<p data-start=\"1694\" data-end=\"1795\"><strong data-start=\"1694\" data-end=\"1707\">Marvejols<\/strong> : <span class=\"relative -mx-px my-[-0.2rem] rounded px-px py-[0.2rem]\">Connue pour sa porte du Soubeyran et son riche pass\u00e9 m\u00e9di\u00e9val.<\/span>\u200b<\/p>\r\n<\/li>\r\n \t<li data-start=\"1797\" data-end=\"1904\">\r\n<p data-start=\"1799\" data-end=\"1904\"><strong data-start=\"1799\" data-end=\"1816\">Sainte-Enimie<\/strong> : <span class=\"relative -mx-px my-[-0.2rem] rounded px-px py-[0.2rem]\">Class\u00e9 parmi les plus beaux villages de France, ce bourg m\u00e9di\u00e9val est nich\u00e9 au c\u0153ur des gorges du Tarn.<\/span>\u200b<\/p>\r\n<\/li>\r\n<\/ul>\r\n<h2 data-start=\"1906\" data-end=\"1940\"><span style=\"font-size: 18pt;\">R\u00e9gions et d\u00e9partements voisins<\/span><\/h2>\r\n<p data-start=\"1942\" data-end=\"2027\"><span class=\"relative -mx-px my-[-0.2rem] rounded px-px py-[0.2rem]\">Entour\u00e9e de plusieurs d\u00e9partements, la Loz\u00e8re partage des fronti\u00e8res avec :<\/span>\u200b<\/p>\r\n\r\n<ul data-start=\"2029\" data-end=\"2555\">\r\n \t<li data-start=\"2029\" data-end=\"2132\">\r\n<p data-start=\"2031\" data-end=\"2132\"><strong data-start=\"2031\" data-end=\"2044\">Le <a href=\"https:\/\/cparici.com\/cantal\/\">Cantal<\/a><\/strong> : <span class=\"relative -mx-px my-[-0.2rem] rounded px-px py-[0.2rem]\">Au nord-ouest, connu pour ses montagnes volcaniques et ses fromages renomm\u00e9s.<\/span>\u200b<\/p>\r\n<\/li>\r\n \t<li data-start=\"2134\" data-end=\"2242\">\r\n<p data-start=\"2136\" data-end=\"2242\"><strong data-start=\"2136\" data-end=\"2154\">La Haute-Loire<\/strong> : <span class=\"relative -mx-px my-[-0.2rem] rounded px-px py-[0.2rem]\">Au nord-est, offrant des paysages vallonn\u00e9s et le c\u00e9l\u00e8bre Puy-en-Velay.<\/span>\u200b<\/p>\r\n<\/li>\r\n \t<li data-start=\"2244\" data-end=\"2347\">\r\n<p data-start=\"2246\" data-end=\"2347\"><strong data-start=\"2246\" data-end=\"2259\">L\u2019<a href=\"https:\/\/cparici.com\/ardeche-departement\/\">Ard\u00e8che<\/a><\/strong> : <span class=\"relative -mx-px my-[-0.2rem] rounded px-px py-[0.2rem]\">\u00c0 l\u2019est, r\u00e9put\u00e9e pour ses gorges et ses villages de caract\u00e8re.<\/span>\u200b<\/p>\r\n<\/li>\r\n \t<li data-start=\"2349\" data-end=\"2450\">\r\n<p data-start=\"2351\" data-end=\"2450\"><strong data-start=\"2351\" data-end=\"2362\">Le <a href=\"https:\/\/cparici.com\/gard-departement\/\">Gard<\/a><\/strong> : <span class=\"relative -mx-px my-[-0.2rem] rounded px-px py-[0.2rem]\">Au sud, abritant des sites embl\u00e9matiques comme le Pont du Gard et la ville de N\u00eemes.<\/span>\u200b<\/p>\r\n<\/li>\r\n \t<li data-start=\"2452\" data-end=\"2555\">\r\n<p data-start=\"2454\" data-end=\"2555\"><strong data-start=\"2454\" data-end=\"2467\">L\u2019<a href=\"https:\/\/cparici.com\/aveyron\/\">Aveyron<\/a><\/strong> : <span class=\"relative -mx-px my-[-0.2rem] rounded px-px py-[0.2rem]\">\u00c0 l\u2019ouest, c\u00e9l\u00e8bre pour ses bastides et le viaduc de Millau.<\/span>\u200b<\/p>\r\n<\/li>\r\n<\/ul>\r\n<p data-start=\"2557\" data-end=\"2642\"><span class=\"relative -mx-px my-[-0.2rem] rounded px-px py-[0.2rem]\">Cette situation g\u00e9ographique place la Loz\u00e8re au c\u0153ur d\u2019une r\u00e9gion riche en patrimoines naturels et culturels, offrant aux visiteurs une multitude de possibilit\u00e9s d\u2019exploration.<\/span>\u200b<\/p>\r\n\r\n<h2 data-start=\"2644\" data-end=\"2686\"><span style=\"font-size: 18pt;\">Gastronomie et sp\u00e9cialit\u00e9s de la Loz\u00e8re<\/span><\/h2>\r\n<p data-start=\"2688\" data-end=\"2813\"><span class=\"relative -mx-px my-[-0.2rem] rounded px-px py-[0.2rem]\">La Loz\u00e8re est un territoire o\u00f9 la gastronomie refl\u00e8te le savoir-faire ancestral et la richesse de son terroir.<\/span> <span class=\"relative -mx-px my-[-0.2rem] rounded px-px py-[0.2rem]\">Les sp\u00e9cialit\u00e9s culinaires y sont nombreuses et vari\u00e9es.<\/span>\u200b<\/p>\r\n\r\n<h3 data-start=\"2815\" data-end=\"2831\">Les fromages<\/h3>\r\n<p data-start=\"2833\" data-end=\"2918\"><span class=\"relative -mx-px my-[-0.2rem] rounded px-px py-[0.2rem]\">Parmi les tr\u00e9sors gastronomiques, on trouve des fromages tels que le <strong data-start=\"69\" data-end=\"89\">bleu des Causses<\/strong>, le <strong data-start=\"94\" data-end=\"106\">p\u00e9lardon<\/strong> et la <strong data-start=\"113\" data-end=\"132\">tomme de Loz\u00e8re<\/strong>, \u00e9labor\u00e9s selon des m\u00e9thodes traditionnelles.<\/span>\u200b<\/p>\r\n\r\n<h3 data-start=\"2920\" data-end=\"2938\">La charcuterie<\/h3>\r\n<p data-start=\"2940\" data-end=\"3025\"><span class=\"relative -mx-px my-[-0.2rem] rounded px-px py-[0.2rem]\">La charcuterie loz\u00e9rienne est \u00e9galement r\u00e9put\u00e9e, avec des produits comme le <strong data-start=\"76\" data-end=\"90\">fricandeau<\/strong>, une sorte de p\u00e2t\u00e9 de campagne, et la <strong data-start=\"129\" data-end=\"149\">saucisse d\u2019herbe<\/strong>, m\u00e9lange de viande de porc et de l\u00e9gumes verts.<\/span>\u200b<\/p>\r\n\r\n<h3 data-start=\"3027\" data-end=\"3054\">Les plats traditionnels<\/h3>\r\n<p data-start=\"3056\" data-end=\"3141\"><span class=\"relative -mx-px my-[-0.2rem] rounded px-px py-[0.2rem]\">Parmi les plats embl\u00e9matiques, on peut citer la <strong data-start=\"48\" data-end=\"60\">truffade<\/strong>, une pr\u00e9paration \u00e0 base de pommes de terre et de fromage, et la <strong data-start=\"125\" data-end=\"138\">pouteille<\/strong>, un rago\u00fbt mettant en valeur les abats.<\/span>\u200b<\/p>\r\n\r\n<h3 data-start=\"3143\" data-end=\"3159\">Les douceurs<\/h3>\r\n<p data-start=\"3161\" data-end=\"3246\"><span class=\"relative -mx-px my-[-0.2rem] rounded px-px py-[0.2rem]\">Pour les amateurs de douceurs, le <strong data-start=\"34\" data-end=\"55\">croquant de Mende<\/strong>, un biscuit aux amandes et aux noisettes, est une sp\u00e9cialit\u00e9 locale \u00e0 ne pas manquer.<\/span>\u200b<\/p>\r\n\r\n<\/div>\r\n<\/div>\r\n<\/div>\r\n<\/div>\r\n<\/div>\r\n<\/div>\r\n<\/div>\r\n<\/div>\r\n<\/article><article class=\"w-full text-token-text-primary focus-visible:outline-2 focus-visible:outline-offset-[-4px]\" dir=\"auto\" data-testid=\"conversation-turn-5\" data-scroll-anchor=\"true\">\r\n<div class=\"m-auto text-base py-[18px] px-6\">\r\n<div class=\"mx-auto flex flex-1 text-base gap-4 md:gap-5 lg:gap-6 md:max-w-3xl lg:max-w-[40rem] xl:max-w-[48rem]\">\r\n<div class=\"group\/conversation-turn relative flex w-full min-w-0 flex-col agent-turn @xs\/thread:px-0 @sm\/thread:px-1.5 @md\/thread:px-4\">\r\n<div class=\"flex-col gap-1 md:gap-3\">\r\n<div class=\"flex max-w-full flex-col flex-grow\">\r\n<div class=\"min-h-8 text-message relative flex w-full flex-col items-end gap-2 whitespace-normal break-words text-start [.text-message+&]:mt-5\" dir=\"auto\" data-message-author-role=\"assistant\" data-message-id=\"59e05461-5cad-42d3-b243-9681050f8d48\" data-message-model-slug=\"gpt-4o\">\r\n<div class=\"flex w-full flex-col gap-1 empty:hidden first:pt-[3px]\">\r\n<div class=\"markdown prose w-full break-words dark:prose-invert light\">\r\n<h2 data-start=\"0\" data-end=\"48\"><span style=\"font-size: 18pt;\">Foire Aux Questions (FAQ) sur la <strong data-start=\"36\" data-end=\"46\">Loz\u00e8re<\/strong><\/span><\/h2>\r\n<h3 data-start=\"50\" data-end=\"118\"><strong data-start=\"54\" data-end=\"116\">Quels sont les sites incontournables \u00e0 visiter en Loz\u00e8re ?<\/strong><\/h3>\r\n<p data-start=\"119\" data-end=\"221\">La <strong data-start=\"122\" data-end=\"132\">Loz\u00e8re<\/strong> regorge de sites naturels et culturels uniques. Parmi les incontournables, on trouve :<\/p>\r\n\r\n<ul data-start=\"222\" data-end=\"608\">\r\n \t<li data-start=\"222\" data-end=\"288\">Les <strong data-start=\"228\" data-end=\"246\">gorges du Tarn<\/strong>, id\u00e9ales pour le cano\u00eb et la randonn\u00e9e.<\/li>\r\n \t<li data-start=\"289\" data-end=\"371\">Le <strong data-start=\"294\" data-end=\"309\">Mont Loz\u00e8re<\/strong>, point culminant du d\u00e9partement avec des paysages sauvages.<\/li>\r\n \t<li data-start=\"372\" data-end=\"452\">Le <strong data-start=\"377\" data-end=\"407\">Parc National des C\u00e9vennes<\/strong>, class\u00e9 r\u00e9serve de biosph\u00e8re par l\u2019UNESCO.<\/li>\r\n \t<li data-start=\"453\" data-end=\"526\">L\u2019<strong data-start=\"457\" data-end=\"472\">Aven Armand<\/strong>, une grotte spectaculaire aux immenses stalagmites.<\/li>\r\n \t<li data-start=\"527\" data-end=\"608\">Les <strong data-start=\"533\" data-end=\"558\">villages pittoresques<\/strong> comme <strong data-start=\"565\" data-end=\"582\">Sainte-Enimie<\/strong> et <strong data-start=\"586\" data-end=\"605\">La Garde-Gu\u00e9rin<\/strong>.<\/li>\r\n<\/ul>\r\n<h3 data-start=\"610\" data-end=\"676\"><strong data-start=\"614\" data-end=\"674\">Quelle est la meilleure p\u00e9riode pour visiter la Loz\u00e8re ?<\/strong><\/h3>\r\n<p data-start=\"677\" data-end=\"749\">La <strong data-start=\"680\" data-end=\"690\">Loz\u00e8re<\/strong> se visite toute l\u2019ann\u00e9e selon les activit\u00e9s souhait\u00e9es :<\/p>\r\n\r\n<ul data-start=\"750\" data-end=\"1080\">\r\n \t<li data-start=\"750\" data-end=\"838\"><strong data-start=\"752\" data-end=\"772\">Printemps et \u00e9t\u00e9<\/strong> : Id\u00e9al pour la randonn\u00e9e, le cano\u00eb et les visites de villages.<\/li>\r\n \t<li data-start=\"839\" data-end=\"956\"><strong data-start=\"841\" data-end=\"852\">Automne<\/strong> : Saison parfaite pour observer les couleurs flamboyantes des for\u00eats et d\u00e9guster les produits locaux.<\/li>\r\n \t<li data-start=\"957\" data-end=\"1080\"><strong data-start=\"959\" data-end=\"968\">Hiver<\/strong> : Parfait pour les amateurs de ski de fond et de raquettes, notamment sur l\u2019<strong data-start=\"1045\" data-end=\"1055\">Aubrac<\/strong> et le <strong data-start=\"1062\" data-end=\"1077\">Mont Loz\u00e8re<\/strong>.<\/li>\r\n<\/ul>\r\n<h3 data-start=\"1082\" data-end=\"1135\"><strong data-start=\"1086\" data-end=\"1133\">Quelles activit\u00e9s peut-on faire en Loz\u00e8re ?<\/strong><\/h3>\r\n<ul data-start=\"1136\" data-end=\"1553\">\r\n \t<li data-start=\"1136\" data-end=\"1222\"><strong data-start=\"1138\" data-end=\"1151\">Randonn\u00e9e<\/strong> : Avec des sentiers comme le <strong data-start=\"1181\" data-end=\"1204\">chemin de Stevenson<\/strong> ou le <strong data-start=\"1211\" data-end=\"1219\">GR70<\/strong>.<\/li>\r\n \t<li data-start=\"1223\" data-end=\"1298\"><strong data-start=\"1225\" data-end=\"1246\">Sports d\u2019eau vive<\/strong> : Cano\u00eb et kayak sur le <strong data-start=\"1271\" data-end=\"1279\">Tarn<\/strong> et la <strong data-start=\"1286\" data-end=\"1295\">Jonte<\/strong>.<\/li>\r\n \t<li data-start=\"1299\" data-end=\"1380\"><strong data-start=\"1301\" data-end=\"1328\">Escalade et sp\u00e9l\u00e9ologie<\/strong> : Dans les <strong data-start=\"1340\" data-end=\"1351\">Causses<\/strong> et les <strong data-start=\"1359\" data-end=\"1377\">gorges du Tarn<\/strong>.<\/li>\r\n \t<li data-start=\"1381\" data-end=\"1454\"><strong data-start=\"1383\" data-end=\"1403\">Ski et raquettes<\/strong> en hiver sur l\u2019<strong data-start=\"1419\" data-end=\"1429\">Aubrac<\/strong> et le <strong data-start=\"1436\" data-end=\"1451\">Mont Loz\u00e8re<\/strong>.<\/li>\r\n \t<li data-start=\"1455\" data-end=\"1553\"><strong data-start=\"1457\" data-end=\"1484\">Observation de la faune<\/strong> : Loups du G\u00e9vaudan, bisons d\u2019Europe et vautours des <strong data-start=\"1538\" data-end=\"1550\">C\u00e9vennes<\/strong>.<\/li>\r\n<\/ul>\r\n<h3 data-start=\"1555\" data-end=\"1625\"><strong data-start=\"1559\" data-end=\"1623\">Quels sont les plats typiques de la gastronomie loz\u00e9rienne ?<\/strong><\/h3>\r\n<p data-start=\"1626\" data-end=\"1682\">La <strong data-start=\"1629\" data-end=\"1639\">Loz\u00e8re<\/strong> est r\u00e9put\u00e9e pour sa cuisine du terroir :<\/p>\r\n\r\n<ul data-start=\"1683\" data-end=\"1960\">\r\n \t<li data-start=\"1683\" data-end=\"1741\"><strong data-start=\"1685\" data-end=\"1695\">Aligot<\/strong> : Pur\u00e9e de pommes de terre et tome fra\u00eeche.<\/li>\r\n \t<li data-start=\"1742\" data-end=\"1796\"><strong data-start=\"1744\" data-end=\"1756\">Truffade<\/strong> : Pommes de terre saut\u00e9es au fromage.<\/li>\r\n \t<li data-start=\"1797\" data-end=\"1845\"><strong data-start=\"1799\" data-end=\"1812\">Pouteille<\/strong> : Rago\u00fbt de viande et d\u2019abats.<\/li>\r\n \t<li data-start=\"1846\" data-end=\"1908\"><strong data-start=\"1848\" data-end=\"1860\">Fromages<\/strong> : P\u00e9lardon, Bleu des Causses, Tome de Loz\u00e8re.<\/li>\r\n \t<li data-start=\"1909\" data-end=\"1960\"><strong data-start=\"1911\" data-end=\"1926\">Charcuterie<\/strong> : Fricandeau, saucisse d\u2019herbe.<\/li>\r\n<\/ul>\r\n<h3 data-start=\"1962\" data-end=\"2018\"><strong data-start=\"1966\" data-end=\"2016\">Quels sont les plus beaux villages de Loz\u00e8re ?<\/strong><\/h3>\r\n<ul data-start=\"2019\" data-end=\"2253\">\r\n \t<li data-start=\"2019\" data-end=\"2073\"><strong data-start=\"2021\" data-end=\"2038\">Sainte-Enimie<\/strong>, au c\u0153ur des <strong data-start=\"2052\" data-end=\"2070\">gorges du Tarn<\/strong>.<\/li>\r\n \t<li data-start=\"2074\" data-end=\"2130\"><strong data-start=\"2076\" data-end=\"2095\">La Garde-Gu\u00e9rin<\/strong>, ancienne place forte m\u00e9di\u00e9vale.<\/li>\r\n \t<li data-start=\"2131\" data-end=\"2174\"><strong data-start=\"2133\" data-end=\"2146\">Nasbinals<\/strong>, au pied de l\u2019<strong data-start=\"2161\" data-end=\"2171\">Aubrac<\/strong>.<\/li>\r\n \t<li data-start=\"2175\" data-end=\"2253\"><strong data-start=\"2177\" data-end=\"2197\">Le Malzieu-Ville<\/strong>, un des plus beaux villages m\u00e9di\u00e9vaux du d\u00e9partement.<\/li>\r\n<\/ul>\r\n<h3 data-start=\"2255\" data-end=\"2294\"><strong data-start=\"2259\" data-end=\"2292\">Comment se rendre en Loz\u00e8re ?<\/strong><\/h3>\r\n<ul data-start=\"2295\" data-end=\"2546\">\r\n \t<li data-start=\"2295\" data-end=\"2375\"><strong data-start=\"2297\" data-end=\"2311\">En voiture<\/strong> : Acc\u00e8s via l\u2019A75 qui traverse le d\u00e9partement du nord au sud.<\/li>\r\n \t<li data-start=\"2376\" data-end=\"2457\"><strong data-start=\"2378\" data-end=\"2390\">En train<\/strong> : La gare de Mende est accessible via Clermont-Ferrand ou N\u00eemes.<\/li>\r\n \t<li data-start=\"2458\" data-end=\"2546\"><strong data-start=\"2460\" data-end=\"2470\">En bus<\/strong> : Des liaisons r\u00e9guli\u00e8res existent entre les grandes villes de la r\u00e9gion.<\/li>\r\n<\/ul>\r\n<h3 data-start=\"2548\" data-end=\"2588\"><strong data-start=\"2552\" data-end=\"2586\">Quel est le climat en Loz\u00e8re ?<\/strong><\/h3>\r\n<p data-start=\"2589\" data-end=\"2647\">La <strong data-start=\"2592\" data-end=\"2602\">Loz\u00e8re<\/strong> poss\u00e8de un climat vari\u00e9 selon l\u2019altitude :<\/p>\r\n\r\n<ul data-start=\"2648\" data-end=\"2876\">\r\n \t<li data-start=\"2648\" data-end=\"2732\"><strong data-start=\"2650\" data-end=\"2671\">Climat montagnard<\/strong> sur l\u2019<strong data-start=\"2678\" data-end=\"2688\">Aubrac<\/strong> et le <strong data-start=\"2695\" data-end=\"2710\">Mont Loz\u00e8re<\/strong> (hivers rigoureux).<\/li>\r\n \t<li data-start=\"2733\" data-end=\"2806\"><strong data-start=\"2735\" data-end=\"2759\">Climat m\u00e9diterran\u00e9en<\/strong> dans les <strong data-start=\"2769\" data-end=\"2781\">C\u00e9vennes<\/strong> (\u00e9t\u00e9s chauds et secs).<\/li>\r\n \t<li data-start=\"2807\" data-end=\"2876\"><strong data-start=\"2809\" data-end=\"2829\">Climat oc\u00e9anique<\/strong> sur les <strong data-start=\"2838\" data-end=\"2849\">Causses<\/strong> et la vall\u00e9e du <strong data-start=\"2866\" data-end=\"2873\">Lot<\/strong>.<\/li>\r\n<\/ul>\r\n<h3 data-start=\"2878\" data-end=\"2955\"><strong data-start=\"2882\" data-end=\"2953\">Pourquoi la Loz\u00e8re est-elle une destination nature par excellence ?<\/strong><\/h3>\r\n<p data-start=\"2956\" data-end=\"3193\">Avec 90% de son territoire en espace naturel pr\u00e9serv\u00e9, la <strong data-start=\"3014\" data-end=\"3024\">Loz\u00e8re<\/strong> est un v\u00e9ritable havre de paix pour les amoureux de la nature. Entre <strong data-start=\"3094\" data-end=\"3137\">for\u00eats, rivi\u00e8res, montagnes et plateaux<\/strong>, elle offre une diversit\u00e9 de paysages exceptionnelle.<\/p>\r\n\r\n<h3 data-start=\"3195\" data-end=\"3257\"><strong data-start=\"3199\" data-end=\"3255\">Quels \u00e9v\u00e9nements culturels et festivit\u00e9s en Loz\u00e8re ?<\/strong><\/h3>\r\n<ul data-start=\"3258\" data-end=\"3449\">\r\n \t<li data-start=\"3258\" data-end=\"3308\"><strong data-start=\"3260\" data-end=\"3299\">Festival des traditions de l\u2019Aubrac<\/strong> (\u00e9t\u00e9).<\/li>\r\n \t<li data-start=\"3309\" data-end=\"3354\"><strong data-start=\"3311\" data-end=\"3339\">Transhumance en C\u00e9vennes<\/strong> (printemps).<\/li>\r\n \t<li data-start=\"3355\" data-end=\"3412\"><strong data-start=\"3357\" data-end=\"3399\">F\u00eate de la ch\u00e2taigne dans les C\u00e9vennes<\/strong> (automne).<\/li>\r\n \t<li data-start=\"3413\" data-end=\"3449\"><strong data-start=\"3415\" data-end=\"3446\">Festival de musique \u00e0 Mende<\/strong>.<\/li>\r\n<\/ul>\r\n<h3 data-start=\"3451\" data-end=\"3509\"><strong data-start=\"3455\" data-end=\"3507\">Quels sont les h\u00e9bergements typiques en Loz\u00e8re ?<\/strong><\/h3>\r\n<ul data-start=\"3510\" data-end=\"3757\">\r\n \t<li data-start=\"3510\" data-end=\"3580\"><strong data-start=\"3512\" data-end=\"3548\">G\u00eetes ruraux et chambres d\u2019h\u00f4tes<\/strong> dans des fermes authentiques.<\/li>\r\n \t<li data-start=\"3581\" data-end=\"3631\"><strong data-start=\"3583\" data-end=\"3611\">Auberges traditionnelles<\/strong> en pleine nature.<\/li>\r\n \t<li data-start=\"3632\" data-end=\"3687\"><strong data-start=\"3634\" data-end=\"3654\">H\u00f4tels de charme<\/strong> dans les villages historiques.<\/li>\r\n \t<li data-start=\"3688\" data-end=\"3757\"><strong data-start=\"3690\" data-end=\"3713\">Camping et \u00e9cog\u00eetes<\/strong> pour un s\u00e9jour au plus pr\u00e8s de la nature.<\/li>\r\n<\/ul>\r\n<p data-start=\"3759\" data-end=\"3885\" data-is-last-node=\"\" data-is-only-node=\"\">La <strong data-start=\"3762\" data-end=\"3772\">Loz\u00e8re<\/strong> est une destination id\u00e9ale pour ceux qui recherchent le <strong data-start=\"3829\" data-end=\"3884\">calme, l\u2019authenticit\u00e9 et l\u2019\u00e9vasion en pleine nature<\/strong>.<\/p>\r\n\r\n<\/div>\r\n<\/div>\r\n<\/div>\r\n<\/div>\r\n<\/div>\r\n<\/div>\r\n<\/div>\r\n<\/div>\r\n<\/article>\t\t\t\t\t\t\t\t<\/div>\n\t\t\t\t\t<\/div>\n\t\t\t\t<\/div>\n\t\t\t\t<\/div>\n\t\t","protected":false},"excerpt":{"rendered":"<p>Recherches populaires Categories Pas de r\u00e9sultats Voir tous les r\u00e9sultats La Loz\u00e8re La Loz\u00e8re, situ\u00e9e au nord-est de la r\u00e9gion Occitanie, est un d\u00e9partement fran\u00e7ais riche en paysages diversifi\u00e9s, en patrimoine culturel et en traditions gastronomiques. Limitrophe des d\u00e9partements du Cantal, de la Haute-Loire, de l\u2019Ard\u00e8che, du Gard et de l\u2019Aveyron, la Loz\u00e8re offre une [&hellip;]<\/p>\n","protected":false},"author":97,"featured_media":58406,"comment_status":"closed","ping_status":"closed","sticky":false,"template":"elementor_header_footer","format":"standard","meta":{"ngg_post_thumbnail":0,"footnotes":""},"categories":[1842,2563,477,1165],"tags":[883],"class_list":["post-58405","post","type-post","status-publish","format-standard","has-post-thumbnail","hentry","category-lozere","category-departement-de-france","category-france","category-occitanie","tag-departement"],"_links":{"self":[{"href":"https:\/\/cparici.com\/en\/wp-json\/wp\/v2\/posts\/58405","targetHints":{"allow":["GET"]}}],"collection":[{"href":"https:\/\/cparici.com\/en\/wp-json\/wp\/v2\/posts"}],"about":[{"href":"https:\/\/cparici.com\/en\/wp-json\/wp\/v2\/types\/post"}],"author":[{"embeddable":true,"href":"https:\/\/cparici.com\/en\/wp-json\/wp\/v2\/users\/97"}],"replies":[{"embeddable":true,"href":"https:\/\/cparici.com\/en\/wp-json\/wp\/v2\/comments?post=58405"}],"version-history":[{"count":0,"href":"https:\/\/cparici.com\/en\/wp-json\/wp\/v2\/posts\/58405\/revisions"}],"wp:featuredmedia":[{"embeddable":true,"href":"https:\/\/cparici.com\/en\/wp-json\/wp\/v2\/media\/58406"}],"wp:attachment":[{"href":"https:\/\/cparici.com\/en\/wp-json\/wp\/v2\/media?parent=58405"}],"wp:term":[{"taxonomy":"category","embeddable":true,"href":"https:\/\/cparici.com\/en\/wp-json\/wp\/v2\/categories?post=58405"},{"taxonomy":"post_tag","embeddable":true,"href":"https:\/\/cparici.com\/en\/wp-json\/wp\/v2\/tags?post=58405"}],"curies":[{"name":"wp","href":"https:\/\/api.w.org\/{rel}","templated":true}]}}