{"id":58481,"date":"2025-03-02T11:59:37","date_gmt":"2025-03-02T10:59:37","guid":{"rendered":"https:\/\/cparici.com\/?p=58481"},"modified":"2025-03-29T21:25:35","modified_gmt":"2025-03-29T20:25:35","slug":"nievre","status":"publish","type":"post","link":"https:\/\/cparici.com\/en\/nievre\/","title":{"rendered":"Ni\u00e8vre: in the heart of Burgundy"},"content":{"rendered":"\t\t<div data-elementor-type=\"wp-post\" data-elementor-id=\"58481\" class=\"elementor elementor-58481\" data-elementor-post-type=\"post\">\n\t\t\t\t<div class=\"elementor-element elementor-element-c2fc26f e-con-full e-flex e-con e-parent\" data-id=\"c2fc26f\" data-element_type=\"container\" data-e-type=\"container\">\n\t\t\t\t<div class=\"elementor-element elementor-element-199fb03 elementor-widget elementor-widget-image\" data-id=\"199fb03\" data-element_type=\"widget\" data-e-type=\"widget\" data-widget_type=\"image.default\">\n\t\t\t\t\t\t\t\t\t\t\t\t\t\t\t<img decoding=\"async\" width=\"1500\" height=\"530\" src=\"https:\/\/cparici.com\/wp-content\/uploads\/2025\/03\/cparici-2025-03-02T115542.288.jpg\" class=\"attachment-full size-full wp-image-58500\" alt=\"Ni\u00e8vre d\u00e9partement\" srcset=\"https:\/\/cparici.com\/wp-content\/uploads\/2025\/03\/cparici-2025-03-02T115542.288.jpg 1500w, https:\/\/cparici.com\/wp-content\/uploads\/2025\/03\/cparici-2025-03-02T115542.288-300x106.jpg 300w, https:\/\/cparici.com\/wp-content\/uploads\/2025\/03\/cparici-2025-03-02T115542.288-1024x362.jpg 1024w, https:\/\/cparici.com\/wp-content\/uploads\/2025\/03\/cparici-2025-03-02T115542.288-768x271.jpg 768w, https:\/\/cparici.com\/wp-content\/uploads\/2025\/03\/cparici-2025-03-02T115542.288-18x6.jpg 18w, https:\/\/cparici.com\/wp-content\/uploads\/2025\/03\/cparici-2025-03-02T115542.288-590x208.jpg 590w, https:\/\/cparici.com\/wp-content\/uploads\/2025\/03\/cparici-2025-03-02T115542.288-1200x424.jpg 1200w, https:\/\/cparici.com\/wp-content\/uploads\/2025\/03\/cparici-2025-03-02T115542.288-577x204.jpg 577w, https:\/\/cparici.com\/wp-content\/uploads\/2025\/03\/cparici-2025-03-02T115542.288-600x212.jpg 600w\" sizes=\"(max-width: 1500px) 100vw, 1500px\" \/>\t\t\t\t\t\t\t\t\t\t\t\t\t\t\t<\/div>\n\t\t\t\t<\/div>\n\t\t<div class=\"elementor-element elementor-element-6848216 e-flex e-con-boxed e-con e-parent\" data-id=\"6848216\" data-element_type=\"container\" data-e-type=\"container\">\n\t\t\t\t\t<div class=\"e-con-inner\">\n\t\t\t\t<div class=\"elementor-element elementor-element-d484ea8 elementor-widget elementor-widget-global elementor-global-62046 elementor-widget-eael-advanced-search\" data-id=\"d484ea8\" data-element_type=\"widget\" data-e-type=\"widget\" data-widget_type=\"eael-advanced-search.default\">\n\t\t\t\t\t        <div class=\"eael-adv-search-wrapper\">\n            <div id=\"eael-advanced-search-widget-d484ea8\" class=\"eael-advanced-search-widget\">\n                <form data-settings=\"{&quot;post_per_page&quot;:5,&quot;search_among_taxonomies&quot;:&quot;&quot;,&quot;search_among_sku&quot;:&quot;no&quot;,&quot;show_popular_keyword&quot;:0,&quot;show_category&quot;:0,&quot;show_content_image&quot;:1,&quot;show_search_result_all_results&quot;:0,&quot;result_on_new_tab&quot;:&quot;no&quot;,&quot;show_product_price&quot;:&quot;no&quot;,&quot;include_current_page&quot;:&quot;no&quot;,&quot;current_post_id&quot;:58481,&quot;post_type&quot;:[&quot;post&quot;,&quot;listing&quot;]}\" method=\"POST\" name=\"eael-advanced-search-form-d484ea8\" class=\"eael-advanced-search-form eael-advanced-search-form-style-2\">\n                    <div class=\"eael-advanced-search-wrap\">\n                        <span class=\"eael-adv-search-loader\"><\/span>\n                        <span class=\"eael-adv-search-close\"><i class=\"fas fa-times\"><\/i><\/span>\n                        <span class=\"icon \"><i class=\"fas fa-search\"><\/i><\/span>\n\n                        <input type=\"text\"\n                               placeholder=\"Votre destination\"\n                               class=\"eael-advanced-search\" autocomplete=\"off\" name=\"eael_advanced_search\">\n                    <\/div>\n\t\t\t\t\t                                    <\/form>\n\n\t\t\t\t\n\t\t\t\t        <div class=\"eael-advanced-search-result\">\n            <div class=\"eael-advanced-search-popular-keyword\">\n\t\t\t\t<h4 class=\"eael-advanced-search-popular-keyword-text\">Recherches populaires<\/h4>                <div class=\"eael-popular-keyword-content\"><\/div>\n            <\/div>\n            <div class=\"eael-advanced-search-category\">\n\t\t\t\t<h4 class=\"eael-advanced-search-category-text\">Categories<\/h4>                <div class=\"eael-popular-category-content\"><\/div>\n            <\/div>\n\t\t\t<div class=\"eael-advanced-search-total-results-section\">\n\t\t\t\t\t\t\t<\/div>\n            <div class=\"eael-advanced-search-content eael-item-style-3\">\n            <\/div>\n            <div class=\"eael-advanced-search-not-found\">\n                <p>Pas de r\u00e9sultats<\/p><\/div>\n            <div class=\"eael-advanced-search-load-more\">\n\t\t\t\t<a \tclass=\"eael-advanced-search-load-more-button\"\n                \thref=\"#\">Voir tous les r\u00e9sultats<\/a>\n            <\/div>\n        <\/div>\n\n\t\t            <\/div>\n        <\/div>\n\n\t\t\t\t\t\t<\/div>\n\t\t\t\t\t<\/div>\n\t\t\t\t<\/div>\n\t\t<div class=\"elementor-element elementor-element-6002ab13 e-flex e-con-boxed e-con e-parent\" data-id=\"6002ab13\" data-element_type=\"container\" data-e-type=\"container\">\n\t\t\t\t\t<div class=\"e-con-inner\">\n\t\t\t\t<div class=\"elementor-element elementor-element-6ddd06ad elementor-widget elementor-widget-text-editor\" data-id=\"6ddd06ad\" data-element_type=\"widget\" data-e-type=\"widget\" data-widget_type=\"text-editor.default\">\n\t\t\t\t\t\t\t\t\t<h1 style=\"text-align: center;\" data-start=\"40\" data-end=\"86\"><span style=\"font-size: 18pt;\"><strong data-start=\"40\" data-end=\"86\">La Ni\u00e8vre\u00a0<\/strong><\/span><\/h1><p data-start=\"88\" data-end=\"207\"><span class=\"relative -mx-px my-[-0.2rem] rounded px-px py-[0.2rem]\">La <strong data-start=\"3\" data-end=\"13\">Ni\u00e8vre<\/strong>, <a href=\"https:\/\/cparici.com\/departements-francais-carte-de-france\/\">d\u00e9partement<\/a> fran\u00e7ais situ\u00e9 au c\u0153ur de la r\u00e9gion <a href=\"https:\/\/cparici.com\/bourgogne-franche-comte\/\">Bourgogne-Franche-Comt\u00e9<\/a>, est une terre riche en histoire, en paysages pittoresques et en traditions culinaires.<\/span> <span class=\"relative -mx-px my-[-0.2rem] rounded px-px py-[0.2rem]\">Bord\u00e9e par des d\u00e9partements tels que l\u2019Yonne, la C\u00f4te-d\u2019Or, la Sa\u00f4ne-et-Loire, l\u2019Allier, le Cher et le Loiret, la Ni\u00e8vre offre une diversit\u00e9 culturelle et naturelle qui m\u00e9rite d\u2019\u00eatre explor\u00e9e.<\/span>\u200b<\/p><h2 data-start=\"209\" data-end=\"260\"><span style=\"font-size: 18pt;\"><strong data-start=\"209\" data-end=\"260\">Sites Touristiques Incontournables de la Ni\u00e8vre<\/strong><\/span><\/h2><p data-start=\"262\" data-end=\"412\"><span class=\"relative -mx-px my-[-0.2rem] rounded px-px py-[0.2rem]\">La Ni\u00e8vre regorge de sites touristiques qui t\u00e9moignent de son riche patrimoine historique et naturel.<\/span> Voici une s\u00e9lection des lieux \u00e0 ne pas manquer lors de votre visite.\u200b<\/p><ul data-start=\"414\" data-end=\"1248\"><li data-start=\"414\" data-end=\"510\"><p data-start=\"416\" data-end=\"510\"><strong data-start=\"416\" data-end=\"426\">Nevers<\/strong> : <span class=\"relative -mx-px my-[-0.2rem] rounded px-px py-[0.2rem]\">Capitale du d\u00e9partement, Nevers est r\u00e9put\u00e9e pour son Palais Ducal, consid\u00e9r\u00e9 comme l\u2019un des premiers ch\u00e2teaux de la Loire, et sa cath\u00e9drale Saint-Cyr-et-Sainte-Julitte, qui offre une combinaison unique de styles architecturaux.<\/span>\u200b<\/p><\/li><li data-start=\"512\" data-end=\"662\"><p data-start=\"514\" data-end=\"662\"><strong data-start=\"514\" data-end=\"538\">La Charit\u00e9-sur-Loire<\/strong> : <span class=\"relative -mx-px my-[-0.2rem] rounded px-px py-[0.2rem]\">Surnomm\u00e9e \u201cla fille a\u00een\u00e9e de Cluny\u201d, cette ville est c\u00e9l\u00e8bre pour son prieur\u00e9 clunisien inscrit au patrimoine mondial de l\u2019UNESCO.<\/span> <span class=\"relative -mx-px my-[-0.2rem] rounded px-px py-[0.2rem]\">Ses ruelles m\u00e9di\u00e9vales et ses quais le long de la Loire invitent \u00e0 la fl\u00e2nerie.<\/span>\u200b<\/p><\/li><li data-start=\"664\" data-end=\"819\"><p data-start=\"666\" data-end=\"819\"><strong data-start=\"666\" data-end=\"691\">Le Canal du Nivernais<\/strong> : <span class=\"relative -mx-px my-[-0.2rem] rounded px-px py-[0.2rem]\">Long de 174 km, ce canal historique est un paradis pour les amateurs de navigation de plaisance et de cyclotourisme.<\/span> <span class=\"relative -mx-px my-[-0.2rem] rounded px-px py-[0.2rem]\">Ses \u00e9cluses fleuries et ses paysages bucoliques en font une escapade paisible.<\/span>\u200b<\/p><\/li><li data-start=\"821\" data-end=\"989\"><p data-start=\"823\" data-end=\"989\"><strong data-start=\"823\" data-end=\"861\">Le Parc Naturel R\u00e9gional du Morvan<\/strong> : <span class=\"relative -mx-px my-[-0.2rem] rounded px-px py-[0.2rem]\">Cette vaste \u00e9tendue de for\u00eats, de lacs et de collines est id\u00e9ale pour les activit\u00e9s de plein air telles que la randonn\u00e9e, le VTT et la p\u00eache.<\/span> <span class=\"relative -mx-px my-[-0.2rem] rounded px-px py-[0.2rem]\">Le lac des Settons, en particulier, est pris\u00e9 pour la baignade et les sports nautiques.<\/span>\u200b<\/p><\/li><li data-start=\"991\" data-end=\"1104\"><p data-start=\"993\" data-end=\"1104\"><strong data-start=\"993\" data-end=\"1016\">Ch\u00e2teau de Bazoches<\/strong> : <span class=\"relative -mx-px my-[-0.2rem] rounded px-px py-[0.2rem]\">Ancienne demeure de Vauban, ce ch\u00e2teau du XII\u1d49 si\u00e8cle offre une plong\u00e9e dans l\u2019histoire militaire fran\u00e7aise et une vue imprenable sur le Morvan.<\/span>\u200b<\/p><\/li><li data-start=\"1106\" data-end=\"1248\"><p data-start=\"1108\" data-end=\"1248\"><strong data-start=\"1108\" data-end=\"1120\">Bibracte<\/strong> : <span class=\"relative -mx-px my-[-0.2rem] rounded px-px py-[0.2rem]\">Situ\u00e9 sur le mont Beuvray, ce site arch\u00e9ologique \u00e9tait autrefois une importante cit\u00e9 gauloise.<\/span> <span class=\"relative -mx-px my-[-0.2rem] rounded px-px py-[0.2rem]\">Le mus\u00e9e de la civilisation celtique adjacent pr\u00e9sente les d\u00e9couvertes faites sur place.<\/span>\u200b<\/p><\/li><\/ul><h2 data-start=\"1250\" data-end=\"1285\"><span style=\"font-size: 18pt;\"><strong data-start=\"1250\" data-end=\"1285\">Paysages et Villes de la Ni\u00e8vre<\/strong><\/span><\/h2><p data-start=\"1287\" data-end=\"1372\"><span class=\"relative -mx-px my-[-0.2rem] rounded px-px py-[0.2rem]\">La Ni\u00e8vre s\u00e9duit par la diversit\u00e9 de ses paysages et le charme de ses villes et villages.<\/span>\u200b<\/p><ul data-start=\"1374\" data-end=\"1951\"><li data-start=\"1374\" data-end=\"1516\"><p data-start=\"1376\" data-end=\"1516\"><strong data-start=\"1376\" data-end=\"1388\">Paysages<\/strong> : <span class=\"relative -mx-px my-[-0.2rem] rounded px-px py-[0.2rem]\">Des plaines fertiles de la Loire aux collines bois\u00e9es du Morvan, en passant par les vignobles de Pouilly-sur-Loire, la Ni\u00e8vre offre une mosa\u00efque de panoramas.<\/span> <span class=\"relative -mx-px my-[-0.2rem] rounded px-px py-[0.2rem]\">Les for\u00eats denses, les rivi\u00e8res sinueuses et les lacs scintillants constituent un cadre idyllique pour les amoureux de la nature.<\/span>\u200b<\/p><\/li><li data-start=\"1518\" data-end=\"1658\"><p data-start=\"1520\" data-end=\"1658\"><strong data-start=\"1520\" data-end=\"1530\">Nevers<\/strong> : <span class=\"relative -mx-px my-[-0.2rem] rounded px-px py-[0.2rem]\">Au-del\u00e0 de ses monuments historiques, la ville est r\u00e9put\u00e9e pour sa fa\u00efence, un artisanat d\u2019art qui remonte au XVI\u1d49 si\u00e8cle.<\/span> <span class=\"relative -mx-px my-[-0.2rem] rounded px-px py-[0.2rem]\">Les ateliers locaux perp\u00e9tuent cette tradition, offrant aux visiteurs des pi\u00e8ces uniques \u00e0 admirer ou \u00e0 acqu\u00e9rir.<\/span>\u200b<\/p><\/li><li data-start=\"1660\" data-end=\"1801\"><p data-start=\"1662\" data-end=\"1801\"><strong data-start=\"1662\" data-end=\"1673\">Clamecy<\/strong> : <span class=\"relative -mx-px my-[-0.2rem] rounded px-px py-[0.2rem]\">Cette charmante ville est travers\u00e9e par le canal du Nivernais et la rivi\u00e8re Yonne.<\/span> <span class=\"relative -mx-px my-[-0.2rem] rounded px-px py-[0.2rem]\">Ses maisons \u00e0 colombages et ses ruelles pav\u00e9es racontent une histoire riche li\u00e9e au flottage du bois.<\/span>\u200b<\/p><\/li><li data-start=\"1803\" data-end=\"1951\"><p data-start=\"1805\" data-end=\"1951\"><strong data-start=\"1805\" data-end=\"1823\">Ch\u00e2teau-Chinon<\/strong> : <span class=\"relative -mx-px my-[-0.2rem] rounded px-px py-[0.2rem]\">Perch\u00e9e sur une colline, cette ville offre des vues panoramiques sur le Morvan.<\/span> <span class=\"relative -mx-px my-[-0.2rem] rounded px-px py-[0.2rem]\">Elle est \u00e9galement connue pour avoir \u00e9t\u00e9 le fief politique de Fran\u00e7ois Mitterrand avant sa pr\u00e9sidence.<\/span>\u200b<\/p><\/li><\/ul><h3 data-start=\"1953\" data-end=\"1989\"><strong data-start=\"1953\" data-end=\"1989\">R\u00e9gion et D\u00e9partements Alentours<\/strong><\/h3><p data-start=\"1991\" data-end=\"2076\"><span class=\"relative -mx-px my-[-0.2rem] rounded px-px py-[0.2rem]\">La Ni\u00e8vre est entour\u00e9e de d\u00e9partements qui enrichissent son identit\u00e9 culturelle et naturelle.<\/span>\u200b<\/p><ul data-start=\"2078\" data-end=\"2696\"><li data-start=\"2078\" data-end=\"2177\"><p data-start=\"2080\" data-end=\"2177\"><strong data-start=\"2080\" data-end=\"2089\">Yonne<\/strong> : <span class=\"relative -mx-px my-[-0.2rem] rounded px-px py-[0.2rem]\">Au nord, l\u2019Yonne est c\u00e9l\u00e8bre pour ses vignobles, notamment ceux de Chablis, et ses sites historiques comme la basilique de V\u00e9zelay.<\/span>\u200b<\/p><\/li><li data-start=\"2179\" data-end=\"2282\"><p data-start=\"2181\" data-end=\"2282\"><a href=\"https:\/\/cparici.com\/cote-dor\/\"><strong data-start=\"2181\" data-end=\"2194\">C\u00f4te-d\u2019Or<\/strong><\/a> : <span class=\"relative -mx-px my-[-0.2rem] rounded px-px py-[0.2rem]\">\u00c0 l\u2019est, ce d\u00e9partement abrite Dijon, la capitale r\u00e9gionale, et la route des Grands Crus, un incontournable pour les \u0153nophiles.<\/span>\u200b<\/p><\/li><li data-start=\"2284\" data-end=\"2392\"><p data-start=\"2286\" data-end=\"2392\"><strong data-start=\"2286\" data-end=\"2304\">Sa\u00f4ne-et-Loire<\/strong> : <span class=\"relative -mx-px my-[-0.2rem] rounded px-px py-[0.2rem]\">Au sud-est, cette r\u00e9gion offre des paysages vari\u00e9s, des vignobles du M\u00e2connais aux collines du Charolais, r\u00e9put\u00e9es pour leur \u00e9levage bovin.<\/span>\u200b<\/p><\/li><li data-start=\"2394\" data-end=\"2494\"><p data-start=\"2396\" data-end=\"2494\"><a href=\"https:\/\/cparici.com\/allier\/\"><strong data-start=\"2396\" data-end=\"2406\">Allier<\/strong><\/a> : <span class=\"relative -mx-px my-[-0.2rem] rounded px-px py-[0.2rem]\">Au sud, l\u2019Allier s\u00e9duit par ses stations thermales comme Vichy et ses villages pittoresques.<\/span>\u200b<\/p><\/li><li data-start=\"2496\" data-end=\"2594\"><p data-start=\"2498\" data-end=\"2594\"><a href=\"https:\/\/cparici.com\/le-cher\/\"><strong data-start=\"2498\" data-end=\"2506\">Cher<\/strong><\/a> : <span class=\"relative -mx-px my-[-0.2rem] rounded px-px py-[0.2rem]\">\u00c0 l\u2019ouest, ce d\u00e9partement est marqu\u00e9 par la pr\u00e9sence de Bourges, avec sa cath\u00e9drale gothique et ses maisons \u00e0 colombages.<\/span>\u200b<\/p><\/li><li data-start=\"2596\" data-end=\"2696\"><p data-start=\"2598\" data-end=\"2696\"><a href=\"https:\/\/cparici.com\/loiret\/\"><strong data-start=\"2598\" data-end=\"2608\">Loiret<\/strong><\/a> : <span class=\"relative -mx-px my-[-0.2rem] rounded px-px py-[0.2rem]\">Au nord-ouest, le Loiret est travers\u00e9 par la Loire et offre des ch\u00e2teaux remarquables, tels que celui de Sully-sur-Loire.<\/span>\u200b<\/p><\/li><\/ul><h2 data-start=\"0\" data-end=\"81\"><span style=\"font-size: 18pt;\"><strong data-start=\"4\" data-end=\"81\">Les sp\u00e9cialit\u00e9s culinaires de la Ni\u00e8vre : Un voyage gourmand en Bourgogne<\/strong><\/span><\/h2><p data-start=\"82\" data-end=\"349\">La <strong data-start=\"85\" data-end=\"95\">Ni\u00e8vre<\/strong>, d\u00e9partement de Bourgogne-Franche-Comt\u00e9, est riche en traditions gastronomiques. Terre de terroir, elle met \u00e0 l\u2019honneur des produits du terroir authentiques et savoureux, influenc\u00e9s par la cuisine bourguignonne et les ressources naturelles de la r\u00e9gion.<\/p><h3 data-start=\"356\" data-end=\"402\"><strong data-start=\"359\" data-end=\"402\">Les sp\u00e9cialit\u00e9s charcuti\u00e8res et viandes<\/strong><\/h3><h4 data-start=\"403\" data-end=\"436\"><strong data-start=\"407\" data-end=\"436\">L\u2019Andouillette de Clamecy<\/strong><\/h4><p data-start=\"437\" data-end=\"773\">L\u2019<strong data-start=\"439\" data-end=\"466\">andouillette de Clamecy<\/strong> est une sp\u00e9cialit\u00e9 typique de la Ni\u00e8vre. Contrairement aux andouillettes classiques, celle de Clamecy est pr\u00e9par\u00e9e \u00e0 base de <strong data-start=\"592\" data-end=\"610\">fraise de veau<\/strong> et non de porc, ce qui lui conf\u00e8re une texture fondante et un go\u00fbt plus d\u00e9licat. Elle se d\u00e9guste grill\u00e9e ou accompagn\u00e9e d\u2019une sauce \u00e0 la moutarde ou au vin blanc.<\/p><h4 data-start=\"775\" data-end=\"802\"><strong data-start=\"779\" data-end=\"802\">Le Jambon du Morvan<\/strong><\/h4><p data-start=\"803\" data-end=\"1134\">Le <strong data-start=\"806\" data-end=\"826\">jambon du Morvan<\/strong> est un jambon sec artisanal, pr\u00e9par\u00e9 avec des porcs \u00e9lev\u00e9s en plein air. Sal\u00e9, s\u00e9ch\u00e9 puis fum\u00e9 au bois de h\u00eatre, il d\u00e9veloppe des ar\u00f4mes rustiques qui rappellent les m\u00e9thodes de conservation d\u2019autrefois. Il est souvent servi en fines tranches \u00e0 l\u2019ap\u00e9ritif ou accompagn\u00e9 de pain de campagne et de cornichons.<\/p><h4 data-start=\"1136\" data-end=\"1161\"><strong data-start=\"1140\" data-end=\"1161\">Le B\u0153uf Charolais<\/strong><\/h4><p data-start=\"1162\" data-end=\"1450\">Bien que la <strong data-start=\"1174\" data-end=\"1193\">race charolaise<\/strong> soit plus souvent associ\u00e9e \u00e0 la Sa\u00f4ne-et-Loire, elle est aussi tr\u00e8s pr\u00e9sente dans la Ni\u00e8vre. La viande de b\u0153uf charolais est appr\u00e9ci\u00e9e pour sa tendret\u00e9 et son persillage. Elle est souvent servie sous forme de r\u00f4ti, de bourguignon ou encore de steak grill\u00e9.<\/p><h3 data-start=\"1457\" data-end=\"1490\"><strong data-start=\"1460\" data-end=\"1490\">Les sp\u00e9cialit\u00e9s fromag\u00e8res<\/strong><\/h3><h4 data-start=\"1491\" data-end=\"1522\"><strong data-start=\"1495\" data-end=\"1522\">Le Crottin de Chavignol<\/strong><\/h4><p data-start=\"1523\" data-end=\"1853\">Ce <strong data-start=\"1526\" data-end=\"1551\">fromage de ch\u00e8vre AOP<\/strong>, produit \u00e0 la fronti\u00e8re entre la Ni\u00e8vre et le Cher, est l\u2019une des sp\u00e9cialit\u00e9s les plus connues du territoire. Il peut \u00eatre consomm\u00e9 frais, demi-sec ou affin\u00e9, d\u00e9veloppant ainsi des saveurs plus intenses. Il est souvent d\u00e9gust\u00e9 avec un verre de <strong data-start=\"1796\" data-end=\"1812\">Pouilly-Fum\u00e9<\/strong>, un vin blanc sec du vignoble nivernais.<\/p><h4 data-start=\"1855\" data-end=\"1888\"><strong data-start=\"1859\" data-end=\"1888\">Le Fromage de Neufch\u00e2teau<\/strong><\/h4><p data-start=\"1889\" data-end=\"2111\">Moins connu que le crottin de Chavignol, le <strong data-start=\"1933\" data-end=\"1959\">fromage de Neufch\u00e2teau<\/strong> est un fromage de ch\u00e8vre \u00e0 p\u00e2te molle, \u00e0 la texture cr\u00e9meuse et au go\u00fbt l\u00e9g\u00e8rement acidul\u00e9. Il est produit en petites quantit\u00e9s par des fermes locales.<\/p><h3 data-start=\"2118\" data-end=\"2161\"><strong data-start=\"2121\" data-end=\"2161\">Les plats traditionnels de la Ni\u00e8vre<\/strong><\/h3><h4 data-start=\"2162\" data-end=\"2190\"><strong data-start=\"2166\" data-end=\"2190\">Les \u0152ufs en Meurette<\/strong><\/h4><p data-start=\"2191\" data-end=\"2495\">Ce plat typique de Bourgogne est \u00e9galement populaire dans la Ni\u00e8vre. Il s\u2019agit d\u2019\u0153ufs poch\u00e9s servis dans une sauce au vin rouge, pr\u00e9par\u00e9e avec des \u00e9chalotes, des lardons et des champignons. La sauce est souvent r\u00e9alis\u00e9e avec un <strong data-start=\"2419\" data-end=\"2439\">vin de la r\u00e9gion<\/strong>, comme le C\u00f4tes-du-Couchois ou un Bourgogne Pinot Noir.<\/p><h4 data-start=\"2497\" data-end=\"2524\"><strong data-start=\"2501\" data-end=\"2524\">Le Pot\u00e9e Nivernaise<\/strong><\/h4><p data-start=\"2525\" data-end=\"2814\">Plat embl\u00e9matique de la r\u00e9gion, la <strong data-start=\"2560\" data-end=\"2580\">pot\u00e9e nivernaise<\/strong> est une variante de la pot\u00e9e bourguignonne. Elle est compos\u00e9e de <strong data-start=\"2646\" data-end=\"2667\">l\u00e9gumes du jardin<\/strong> (pommes de terre, carottes, poireaux, choux) et de viande de porc (\u00e9chine, jarret ou poitrine), mijot\u00e9e lentement pour exalter toutes les saveurs.<\/p><h4 data-start=\"2816\" data-end=\"2841\"><strong data-start=\"2820\" data-end=\"2841\">Le P\u00e2t\u00e9 Nivernais<\/strong><\/h4><p data-start=\"2842\" data-end=\"3063\">Il s\u2019agit d\u2019une tourte \u00e0 base de p\u00e2te feuillet\u00e9e garnie d\u2019un m\u00e9lange de <strong data-start=\"2914\" data-end=\"2939\">viande de porc hach\u00e9e<\/strong> assaisonn\u00e9e aux herbes, parfois agr\u00e9ment\u00e9e d\u2019ail et d\u2019\u00e9chalotes. Il se consomme chaud en plat principal ou froid en entr\u00e9e.<\/p><h3 data-start=\"3070\" data-end=\"3111\"><strong data-start=\"3073\" data-end=\"3111\">Les douceurs et desserts nivernais<\/strong><\/h3><h4 data-start=\"3112\" data-end=\"3130\"><strong data-start=\"3116\" data-end=\"3130\">Le Goug\u00e8re<\/strong><\/h4><p data-start=\"3131\" data-end=\"3392\">Bien que la goug\u00e8re soit originaire de Bourgogne, elle est tr\u00e8s appr\u00e9ci\u00e9e en Ni\u00e8vre. Il s\u2019agit d\u2019une p\u00e2te \u00e0 choux au <strong data-start=\"3248\" data-end=\"3259\">fromage<\/strong>, souvent du Comt\u00e9 ou du Gruy\u00e8re, cuite au four. Ce petit amuse-bouche accompagne parfaitement un verre de vin blanc de Pouilly-Fum\u00e9.<\/p><h4 data-start=\"3394\" data-end=\"3423\"><strong data-start=\"3398\" data-end=\"3423\">La Pompe aux Grattons<\/strong><\/h4><p data-start=\"3424\" data-end=\"3604\">Cette sp\u00e9cialit\u00e9 paysanne est une <strong data-start=\"3458\" data-end=\"3475\">brioche sal\u00e9e<\/strong> agr\u00e9ment\u00e9e de grattons (petits morceaux de lard grill\u00e9s). Elle se d\u00e9guste souvent \u00e0 l\u2019ap\u00e9ritif ou en accompagnement d\u2019une soupe.<\/p><h4 data-start=\"3606\" data-end=\"3632\"><strong data-start=\"3610\" data-end=\"3632\">Le N\u00e9gus de Nevers<\/strong><\/h4><p data-start=\"3633\" data-end=\"3905\">Le <strong data-start=\"3636\" data-end=\"3655\">n\u00e9gus de Nevers<\/strong> est une confiserie cr\u00e9\u00e9e en 1900 par la maison Grelier. Il s\u2019agit d\u2019un bonbon au caramel tendre enrob\u00e9 d\u2019une fine couche de sucre dur. Son nom vient de l\u2019empereur d\u2019\u00c9thiopie, le <strong data-start=\"3834\" data-end=\"3854\">N\u00e9gus M\u00e9n\u00e9lik II<\/strong>, en hommage \u00e0 une visite diplomatique de l\u2019\u00e9poque.<\/p><h4 data-start=\"3907\" data-end=\"3939\"><strong data-start=\"3911\" data-end=\"3939\">Les Nougatines de Nevers<\/strong><\/h4><p data-start=\"3940\" data-end=\"4121\">Autre douceur typique de la Ni\u00e8vre, la <strong data-start=\"3979\" data-end=\"4002\">nougatine de Nevers<\/strong> est une friandise \u00e0 base d\u2019amandes caram\u00e9lis\u00e9es. Elles sont souvent pr\u00e9sent\u00e9es sous forme de petits bonbons croquants.<\/p><h3 data-start=\"4128\" data-end=\"4163\"><strong data-start=\"4131\" data-end=\"4163\">Les vins et boissons locales<\/strong><\/h3><p data-start=\"4164\" data-end=\"4261\">La Ni\u00e8vre poss\u00e8de aussi un vignoble r\u00e9put\u00e9 qui accompagne \u00e0 merveille ses sp\u00e9cialit\u00e9s culinaires.<\/p><h4 data-start=\"4263\" data-end=\"4286\"><strong data-start=\"4267\" data-end=\"4286\">Le Pouilly-Fum\u00e9<\/strong><\/h4><p data-start=\"4287\" data-end=\"4529\">Vin blanc sec \u00e0 base de Sauvignon blanc, <strong data-start=\"4328\" data-end=\"4347\">le Pouilly-Fum\u00e9<\/strong> est produit dans la r\u00e9gion de <strong data-start=\"4378\" data-end=\"4399\">Pouilly-sur-Loire<\/strong>. Il est reconnu pour ses notes min\u00e9rales et fum\u00e9es, et accompagne parfaitement les poissons, fruits de mer et fromages de ch\u00e8vre.<\/p><h4 data-start=\"4531\" data-end=\"4561\"><strong data-start=\"4535\" data-end=\"4561\">Le Coteaux du Giennois<\/strong><\/h4><p data-start=\"4562\" data-end=\"4784\">Moins connu que le Pouilly-Fum\u00e9, le <strong data-start=\"4598\" data-end=\"4621\">Coteaux du Giennois<\/strong> est un vin blanc, rouge ou ros\u00e9 produit \u00e0 cheval entre la Ni\u00e8vre et le Loiret. Ses rouges sont fruit\u00e9s et l\u00e9gers, tandis que ses blancs sont frais et aromatiques.<\/p><h4 data-start=\"4786\" data-end=\"4814\"><strong data-start=\"4790\" data-end=\"4814\">Le Ratafia Nivernais<\/strong><\/h4><p data-start=\"4815\" data-end=\"4973\">Le <strong data-start=\"4818\" data-end=\"4829\">ratafia<\/strong> est une liqueur obtenue en m\u00e9langeant du mo\u00fbt de raisin et de l\u2019eau-de-vie. Doux et l\u00e9g\u00e8rement sucr\u00e9, il se d\u00e9guste en ap\u00e9ritif ou en digestif.<\/p><article class=\"w-full text-token-text-primary focus-visible:outline-2 focus-visible:outline-offset-[-4px]\" dir=\"auto\" data-testid=\"conversation-turn-7\" data-scroll-anchor=\"true\"><div class=\"m-auto text-base py-[18px] px-6\"><div class=\"mx-auto flex flex-1 text-base gap-4 md:gap-5 lg:gap-6 md:max-w-3xl lg:max-w-[40rem] xl:max-w-[48rem]\"><div class=\"group\/conversation-turn relative flex w-full min-w-0 flex-col agent-turn @xs\/thread:px-0 @sm\/thread:px-1.5 @md\/thread:px-4\"><div class=\"flex-col gap-1 md:gap-3\"><div class=\"flex max-w-full flex-col flex-grow\"><div class=\"min-h-8 text-message relative flex w-full flex-col items-end gap-2 whitespace-normal break-words text-start [.text-message+&]:mt-5\" dir=\"auto\" data-message-author-role=\"assistant\" data-message-id=\"08fd2a53-9062-412e-8482-2a75714f75cc\" data-message-model-slug=\"gpt-4o\"><div class=\"flex w-full flex-col gap-1 empty:hidden first:pt-[3px]\"><div class=\"markdown prose w-full break-words dark:prose-invert light\"><h3 data-start=\"0\" data-end=\"43\"><strong data-start=\"4\" data-end=\"43\">FAQ sur le d\u00e9partement de la Ni\u00e8vre<\/strong><\/h3><h4 data-start=\"45\" data-end=\"93\"><strong data-start=\"50\" data-end=\"91\">Quelle est la capitale de la Ni\u00e8vre ?<\/strong><\/h4><p data-start=\"94\" data-end=\"339\">La <strong data-start=\"97\" data-end=\"122\">capitale de la Ni\u00e8vre<\/strong> est <strong data-start=\"127\" data-end=\"137\">Nevers<\/strong>. Cette ville historique, situ\u00e9e sur les rives de la Loire, est c\u00e9l\u00e8bre pour son <strong data-start=\"218\" data-end=\"234\">Palais Ducal<\/strong>, sa <strong data-start=\"239\" data-end=\"250\">fa\u00efence<\/strong> et son <strong data-start=\"258\" data-end=\"283\">prieur\u00e9 Saint-Gildard<\/strong>, o\u00f9 repose le corps de <strong data-start=\"307\" data-end=\"338\">Sainte Bernadette Soubirous<\/strong>.<\/p><h4 data-start=\"346\" data-end=\"428\"><strong data-start=\"351\" data-end=\"426\">Quels sont les principaux sites touristiques \u00e0 visiter dans la Ni\u00e8vre ?<\/strong><\/h4><p data-start=\"429\" data-end=\"504\">Le d\u00e9partement regorge de sites naturels et historiques incontournables :<\/p><ul data-start=\"505\" data-end=\"924\"><li data-start=\"505\" data-end=\"543\"><strong data-start=\"507\" data-end=\"517\">Nevers<\/strong> et son <strong data-start=\"525\" data-end=\"541\">Palais Ducal<\/strong><\/li><li data-start=\"544\" data-end=\"618\"><strong data-start=\"546\" data-end=\"570\">La Charit\u00e9-sur-Loire<\/strong>, ville d\u2019art et d\u2019histoire class\u00e9e \u00e0 l\u2019UNESCO<\/li><li data-start=\"619\" data-end=\"692\"><strong data-start=\"621\" data-end=\"646\">Le Canal du Nivernais<\/strong>, id\u00e9al pour les balades en bateau ou \u00e0 v\u00e9lo<\/li><li data-start=\"693\" data-end=\"792\"><strong data-start=\"695\" data-end=\"733\">Le Parc Naturel R\u00e9gional du Morvan<\/strong>, parfait pour la randonn\u00e9e et les activit\u00e9s de plein air<\/li><li data-start=\"793\" data-end=\"851\"><strong data-start=\"795\" data-end=\"821\">Le Ch\u00e2teau de Bazoches<\/strong>, ancienne demeure de Vauban<\/li><li data-start=\"852\" data-end=\"924\"><strong data-start=\"854\" data-end=\"866\">Bibracte<\/strong>, un site arch\u00e9ologique gallo-romain sur le Mont Beuvray<\/li><\/ul><h4 data-start=\"931\" data-end=\"991\"><strong data-start=\"936\" data-end=\"989\">Quelle est la sp\u00e9cialit\u00e9 culinaire de la Ni\u00e8vre ?<\/strong><\/h4><p data-start=\"992\" data-end=\"1097\">La Ni\u00e8vre est riche en traditions gastronomiques. Parmi ses sp\u00e9cialit\u00e9s les plus connues, on retrouve :<\/p><ul data-start=\"1098\" data-end=\"1436\"><li data-start=\"1098\" data-end=\"1174\"><strong data-start=\"1100\" data-end=\"1129\">L\u2019andouillette de Clamecy<\/strong>, une andouillette \u00e0 base de fraise de veau<\/li><li data-start=\"1175\" data-end=\"1232\"><strong data-start=\"1177\" data-end=\"1200\">Le jambon du Morvan<\/strong>, un jambon sec fum\u00e9 artisanal<\/li><li data-start=\"1233\" data-end=\"1290\"><strong data-start=\"1235\" data-end=\"1262\">Le crottin de Chavignol<\/strong>, un fromage de ch\u00e8vre AOP<\/li><li data-start=\"1291\" data-end=\"1364\"><strong data-start=\"1293\" data-end=\"1317\">Les \u0153ufs en meurette<\/strong>, des \u0153ufs poch\u00e9s dans une sauce au vin rouge<\/li><li data-start=\"1365\" data-end=\"1436\"><strong data-start=\"1367\" data-end=\"1389\">Le N\u00e9gus de Nevers<\/strong>, un bonbon au caramel tendre enrob\u00e9 de sucre<\/li><\/ul><h4 data-start=\"1443\" data-end=\"1500\"><strong data-start=\"1448\" data-end=\"1498\">Quelles sont les activit\u00e9s \u00e0 faire en Ni\u00e8vre ?<\/strong><\/h4><p data-start=\"1501\" data-end=\"1564\">La Ni\u00e8vre offre de nombreuses activit\u00e9s pour tous les go\u00fbts :<\/p><ul data-start=\"1565\" data-end=\"1907\"><li data-start=\"1565\" data-end=\"1616\"><strong data-start=\"1567\" data-end=\"1587\">Randonn\u00e9e et VTT<\/strong> dans le <strong data-start=\"1596\" data-end=\"1614\">Parc du Morvan<\/strong><\/li><li data-start=\"1617\" data-end=\"1674\"><strong data-start=\"1619\" data-end=\"1642\">Navigation fluviale<\/strong> sur le <strong data-start=\"1650\" data-end=\"1672\">Canal du Nivernais<\/strong><\/li><li data-start=\"1675\" data-end=\"1726\"><strong data-start=\"1677\" data-end=\"1724\">Visite de ch\u00e2teaux et de villages m\u00e9di\u00e9vaux<\/strong><\/li><li data-start=\"1727\" data-end=\"1810\"><strong data-start=\"1729\" data-end=\"1752\">D\u00e9gustation de vins<\/strong> comme le <strong data-start=\"1762\" data-end=\"1778\">Pouilly-Fum\u00e9<\/strong> et le <strong data-start=\"1785\" data-end=\"1808\">Coteaux du Giennois<\/strong><\/li><li data-start=\"1811\" data-end=\"1862\"><strong data-start=\"1813\" data-end=\"1833\">Sports nautiques<\/strong> sur le <strong data-start=\"1841\" data-end=\"1860\">Lac des Settons<\/strong><\/li><li data-start=\"1863\" data-end=\"1907\"><strong data-start=\"1865\" data-end=\"1874\">P\u00eache<\/strong> dans la Loire et ses affluents<\/li><\/ul><h4 data-start=\"1914\" data-end=\"1958\"><strong data-start=\"1919\" data-end=\"1956\">Quel est le climat de la Ni\u00e8vre ?<\/strong><\/h4><p data-start=\"1959\" data-end=\"2187\">La Ni\u00e8vre b\u00e9n\u00e9ficie d\u2019un <strong data-start=\"1984\" data-end=\"2002\">climat temp\u00e9r\u00e9<\/strong> avec des influences continentales. Les <strong data-start=\"2042\" data-end=\"2077\">\u00e9t\u00e9s sont chauds et ensoleill\u00e9s<\/strong>, tandis que les <strong data-start=\"2094\" data-end=\"2135\">hivers peuvent \u00eatre froids et humides<\/strong>, notamment dans le <strong data-start=\"2155\" data-end=\"2165\">Morvan<\/strong>, o\u00f9 il neige parfois.<\/p><h4 data-start=\"2194\" data-end=\"2239\"><strong data-start=\"2199\" data-end=\"2237\">Comment se rendre dans la Ni\u00e8vre ?<\/strong><\/h4><ul data-start=\"2240\" data-end=\"2575\"><li data-start=\"2240\" data-end=\"2311\"><strong data-start=\"2242\" data-end=\"2256\">En voiture<\/strong> : Par l\u2019autoroute <strong data-start=\"2275\" data-end=\"2282\">A77<\/strong>, qui relie Paris \u00e0 Nevers.<\/li><li data-start=\"2312\" data-end=\"2425\"><strong data-start=\"2314\" data-end=\"2326\">En train<\/strong> : La ligne SNCF Paris-Bercy \u2194 Nevers permet de rejoindre le d\u00e9partement en <strong data-start=\"2402\" data-end=\"2414\">2 heures<\/strong> environ.<\/li><li data-start=\"2426\" data-end=\"2575\"><strong data-start=\"2428\" data-end=\"2440\">En avion<\/strong> : L\u2019a\u00e9roport le plus proche est celui de <strong data-start=\"2482\" data-end=\"2502\">Clermont-Ferrand<\/strong> ou <strong data-start=\"2506\" data-end=\"2515\">Dijon<\/strong>, mais les grandes liaisons se font depuis <strong data-start=\"2558\" data-end=\"2572\">Paris-Orly<\/strong>.<\/li><\/ul><h4 data-start=\"2582\" data-end=\"2643\"><strong data-start=\"2587\" data-end=\"2641\">Quels sont les d\u00e9partements voisins de la Ni\u00e8vre ?<\/strong><\/h4><p data-start=\"2644\" data-end=\"2694\">La Ni\u00e8vre est entour\u00e9e de <strong data-start=\"2670\" data-end=\"2690\">six d\u00e9partements<\/strong> :<\/p><ul data-start=\"2695\" data-end=\"2896\"><li data-start=\"2695\" data-end=\"2723\"><strong data-start=\"2697\" data-end=\"2713\">L\u2019Yonne (89)<\/strong> au nord<\/li><li data-start=\"2724\" data-end=\"2757\"><strong data-start=\"2726\" data-end=\"2747\">La C\u00f4te-d\u2019Or (21)<\/strong> \u00e0 l\u2019est<\/li><li data-start=\"2758\" data-end=\"2799\"><strong data-start=\"2760\" data-end=\"2786\">La Sa\u00f4ne-et-Loire (71)<\/strong> au sud-est<\/li><li data-start=\"2800\" data-end=\"2828\"><strong data-start=\"2802\" data-end=\"2819\">L\u2019Allier (03)<\/strong> au sud<\/li><li data-start=\"2829\" data-end=\"2859\"><strong data-start=\"2831\" data-end=\"2847\">Le Cher (18)<\/strong> \u00e0 l\u2019ouest<\/li><li data-start=\"2860\" data-end=\"2896\"><strong data-start=\"2862\" data-end=\"2880\">Le Loiret (45)<\/strong> au nord-ouest<\/li><\/ul><h4 data-start=\"2903\" data-end=\"2951\"><strong data-start=\"2908\" data-end=\"2949\">Quel vin est produit dans la Ni\u00e8vre ?<\/strong><\/h4><p data-start=\"2952\" data-end=\"3003\">La Ni\u00e8vre produit plusieurs <strong data-start=\"2980\" data-end=\"2999\">vins de qualit\u00e9<\/strong> :<\/p><ul data-start=\"3004\" data-end=\"3207\"><li data-start=\"3004\" data-end=\"3071\"><strong data-start=\"3006\" data-end=\"3025\">Le Pouilly-Fum\u00e9<\/strong>, un vin blanc sec \u00e0 base de Sauvignon Blanc<\/li><li data-start=\"3072\" data-end=\"3138\"><strong data-start=\"3074\" data-end=\"3100\">Le Coteaux du Giennois<\/strong>, disponible en rouge, blanc et ros\u00e9<\/li><li data-start=\"3139\" data-end=\"3207\"><strong data-start=\"3141\" data-end=\"3165\">Le Pouilly-sur-Loire<\/strong>, un vin blanc l\u00e9ger \u00e0 base de Chasselas<\/li><\/ul><p data-start=\"3209\" data-end=\"3284\">Ces vins accompagnent parfaitement les <strong data-start=\"3248\" data-end=\"3283\">fromages et sp\u00e9cialit\u00e9s locales<\/strong>.<\/p><h4 data-start=\"3291\" data-end=\"3358\"><strong data-start=\"3296\" data-end=\"3356\">Quelle est la meilleure p\u00e9riode pour visiter la Ni\u00e8vre ?<\/strong><\/h4><p data-start=\"3359\" data-end=\"3456\">La meilleure p\u00e9riode pour visiter la Ni\u00e8vre est <strong data-start=\"3407\" data-end=\"3453\">du printemps \u00e0 l\u2019automne (avril \u00e0 octobre)<\/strong>.<\/p><ul data-start=\"3457\" data-end=\"3693\"><li data-start=\"3457\" data-end=\"3530\"><strong data-start=\"3459\" data-end=\"3473\">Avril-juin<\/strong> : Id\u00e9al pour les randonn\u00e9es et les visites culturelles<\/li><li data-start=\"3531\" data-end=\"3607\"><strong data-start=\"3533\" data-end=\"3549\">Juillet-ao\u00fbt<\/strong> : Parfait pour les activit\u00e9s nautiques et les festivals<\/li><li data-start=\"3608\" data-end=\"3693\"><strong data-start=\"3610\" data-end=\"3631\">Septembre-octobre<\/strong> : Saison des vendanges, id\u00e9ale pour d\u00e9couvrir les vignobles<\/li><\/ul><h4 data-start=\"3700\" data-end=\"3739\"><strong data-start=\"3705\" data-end=\"3737\">Pourquoi visiter la Ni\u00e8vre ?<\/strong><\/h4><p data-start=\"3740\" data-end=\"4177\" data-is-last-node=\"\" data-is-only-node=\"\">La <strong data-start=\"3743\" data-end=\"3753\">Ni\u00e8vre<\/strong> est une destination parfaite pour les amateurs de <strong data-start=\"3804\" data-end=\"3844\">nature, d\u2019histoire et de gastronomie<\/strong>. Moins touristique que d\u2019autres r\u00e9gions bourguignonnes, elle offre une <strong data-start=\"3916\" data-end=\"3942\">authenticit\u00e9 pr\u00e9serv\u00e9e<\/strong>, des paysages magnifiques et une <strong data-start=\"3976\" data-end=\"4008\">richesse culturelle m\u00e9connue<\/strong>. Que ce soit pour <strong data-start=\"4027\" data-end=\"4124\">se ressourcer en pleine nature, d\u00e9couvrir un patrimoine unique ou savourer une cuisine locale<\/strong>, la Ni\u00e8vre est une <strong data-start=\"4144\" data-end=\"4164\">v\u00e9ritable p\u00e9pite<\/strong> \u00e0 explorer !<\/p><\/div><\/div><\/div><\/div><\/div><\/div><\/div><\/div><\/article>\t\t\t\t\t\t\t\t<\/div>\n\t\t\t\t\t<\/div>\n\t\t\t\t<\/div>\n\t\t\t\t<\/div>\n\t\t","protected":false},"excerpt":{"rendered":"<p>Recherches populaires Categories Pas de r\u00e9sultats Voir tous les r\u00e9sultats La Ni\u00e8vre\u00a0 La Ni\u00e8vre, d\u00e9partement fran\u00e7ais situ\u00e9 au c\u0153ur de la r\u00e9gion Bourgogne-Franche-Comt\u00e9, est une terre riche en histoire, en paysages pittoresques et en traditions culinaires. Bord\u00e9e par des d\u00e9partements tels que l\u2019Yonne, la C\u00f4te-d\u2019Or, la Sa\u00f4ne-et-Loire, l\u2019Allier, le Cher et le Loiret, la Ni\u00e8vre [&hellip;]<\/p>\n","protected":false},"author":97,"featured_media":58500,"comment_status":"closed","ping_status":"closed","sticky":false,"template":"elementor_header_footer","format":"standard","meta":{"ngg_post_thumbnail":0,"footnotes":""},"categories":[2524,1168,2563,477],"tags":[883,2525],"class_list":["post-58481","post","type-post","status-publish","format-standard","has-post-thumbnail","hentry","category-nievre-departement","category-bourgogne-franche-comte","category-departement-de-france","category-france","tag-departement","tag-nievre-departement"],"_links":{"self":[{"href":"https:\/\/cparici.com\/en\/wp-json\/wp\/v2\/posts\/58481","targetHints":{"allow":["GET"]}}],"collection":[{"href":"https:\/\/cparici.com\/en\/wp-json\/wp\/v2\/posts"}],"about":[{"href":"https:\/\/cparici.com\/en\/wp-json\/wp\/v2\/types\/post"}],"author":[{"embeddable":true,"href":"https:\/\/cparici.com\/en\/wp-json\/wp\/v2\/users\/97"}],"replies":[{"embeddable":true,"href":"https:\/\/cparici.com\/en\/wp-json\/wp\/v2\/comments?post=58481"}],"version-history":[{"count":0,"href":"https:\/\/cparici.com\/en\/wp-json\/wp\/v2\/posts\/58481\/revisions"}],"wp:featuredmedia":[{"embeddable":true,"href":"https:\/\/cparici.com\/en\/wp-json\/wp\/v2\/media\/58500"}],"wp:attachment":[{"href":"https:\/\/cparici.com\/en\/wp-json\/wp\/v2\/media?parent=58481"}],"wp:term":[{"taxonomy":"category","embeddable":true,"href":"https:\/\/cparici.com\/en\/wp-json\/wp\/v2\/categories?post=58481"},{"taxonomy":"post_tag","embeddable":true,"href":"https:\/\/cparici.com\/en\/wp-json\/wp\/v2\/tags?post=58481"}],"curies":[{"name":"wp","href":"https:\/\/api.w.org\/{rel}","templated":true}]}}