{"id":59187,"date":"2025-03-07T07:47:32","date_gmt":"2025-03-07T06:47:32","guid":{"rendered":"https:\/\/cparici.com\/?p=59187"},"modified":"2026-04-26T21:56:06","modified_gmt":"2026-04-26T19:56:06","slug":"nice","status":"publish","type":"post","link":"https:\/\/cparici.com\/en\/nice\/","title":{"rendered":"Nice the city: A jewel on the C\u00f4te d'Azur"},"content":{"rendered":"\t\t<div data-elementor-type=\"wp-post\" data-elementor-id=\"59187\" class=\"elementor elementor-59187\" data-elementor-post-type=\"post\">\n\t\t\t\t<div class=\"elementor-element elementor-element-3c99f32 e-con-full e-flex e-con e-parent\" data-id=\"3c99f32\" data-element_type=\"container\" data-e-type=\"container\">\n\t\t\t\t<div class=\"elementor-element elementor-element-1adeadf elementor-widget elementor-widget-image\" data-id=\"1adeadf\" data-element_type=\"widget\" data-e-type=\"widget\" data-widget_type=\"image.default\">\n\t\t\t\t\t\t\t\t\t\t\t\t\t\t\t<img decoding=\"async\" width=\"1500\" height=\"530\" src=\"https:\/\/cparici.com\/wp-content\/uploads\/2025\/03\/cparici-2025-03-06T205311.480.jpg\" class=\"attachment-full size-full wp-image-59188\" alt=\"Nice la ville\" srcset=\"https:\/\/cparici.com\/wp-content\/uploads\/2025\/03\/cparici-2025-03-06T205311.480.jpg 1500w, https:\/\/cparici.com\/wp-content\/uploads\/2025\/03\/cparici-2025-03-06T205311.480-300x106.jpg 300w, https:\/\/cparici.com\/wp-content\/uploads\/2025\/03\/cparici-2025-03-06T205311.480-1024x362.jpg 1024w, https:\/\/cparici.com\/wp-content\/uploads\/2025\/03\/cparici-2025-03-06T205311.480-768x271.jpg 768w, https:\/\/cparici.com\/wp-content\/uploads\/2025\/03\/cparici-2025-03-06T205311.480-18x6.jpg 18w, https:\/\/cparici.com\/wp-content\/uploads\/2025\/03\/cparici-2025-03-06T205311.480-590x208.jpg 590w, https:\/\/cparici.com\/wp-content\/uploads\/2025\/03\/cparici-2025-03-06T205311.480-1200x424.jpg 1200w, https:\/\/cparici.com\/wp-content\/uploads\/2025\/03\/cparici-2025-03-06T205311.480-577x204.jpg 577w, https:\/\/cparici.com\/wp-content\/uploads\/2025\/03\/cparici-2025-03-06T205311.480-600x212.jpg 600w\" sizes=\"(max-width: 1500px) 100vw, 1500px\" \/>\t\t\t\t\t\t\t\t\t\t\t\t\t\t\t<\/div>\n\t\t\t\t<\/div>\n\t\t<div class=\"elementor-element elementor-element-92f3826 e-flex e-con-boxed e-con e-parent\" data-id=\"92f3826\" data-element_type=\"container\" data-e-type=\"container\">\n\t\t\t\t\t<div class=\"e-con-inner\">\n\t\t\t\t<div class=\"elementor-element elementor-element-8b5ea98 elementor-widget elementor-widget-global elementor-global-62046 elementor-widget-eael-advanced-search\" data-id=\"8b5ea98\" data-element_type=\"widget\" data-e-type=\"widget\" data-widget_type=\"eael-advanced-search.default\">\n\t\t\t\t\t        <div class=\"eael-adv-search-wrapper\">\n            <div id=\"eael-advanced-search-widget-8b5ea98\" class=\"eael-advanced-search-widget\">\n                <form data-settings=\"{&quot;post_per_page&quot;:5,&quot;search_among_taxonomies&quot;:&quot;&quot;,&quot;search_among_sku&quot;:&quot;no&quot;,&quot;show_popular_keyword&quot;:0,&quot;show_category&quot;:0,&quot;show_content_image&quot;:1,&quot;show_search_result_all_results&quot;:0,&quot;result_on_new_tab&quot;:&quot;no&quot;,&quot;show_product_price&quot;:&quot;no&quot;,&quot;include_current_page&quot;:&quot;no&quot;,&quot;current_post_id&quot;:59187,&quot;post_type&quot;:[&quot;post&quot;,&quot;listing&quot;]}\" method=\"POST\" name=\"eael-advanced-search-form-8b5ea98\" class=\"eael-advanced-search-form eael-advanced-search-form-style-2\">\n                    <div class=\"eael-advanced-search-wrap\">\n                        <span class=\"eael-adv-search-loader\"><\/span>\n                        <span class=\"eael-adv-search-close\"><i class=\"fas fa-times\"><\/i><\/span>\n                        <span class=\"icon \"><i class=\"fas fa-search\"><\/i><\/span>\n\n                        <input type=\"text\"\n                               placeholder=\"Votre destination\"\n                               class=\"eael-advanced-search\" autocomplete=\"off\" name=\"eael_advanced_search\">\n                    <\/div>\n\t\t\t\t\t                                    <\/form>\n\n\t\t\t\t\n\t\t\t\t        <div class=\"eael-advanced-search-result\">\n            <div class=\"eael-advanced-search-popular-keyword\">\n\t\t\t\t<h4 class=\"eael-advanced-search-popular-keyword-text\">Recherches populaires<\/h4>                <div class=\"eael-popular-keyword-content\"><\/div>\n            <\/div>\n            <div class=\"eael-advanced-search-category\">\n\t\t\t\t<h4 class=\"eael-advanced-search-category-text\">Categories<\/h4>                <div class=\"eael-popular-category-content\"><\/div>\n            <\/div>\n\t\t\t<div class=\"eael-advanced-search-total-results-section\">\n\t\t\t\t\t\t\t<\/div>\n            <div class=\"eael-advanced-search-content eael-item-style-3\">\n            <\/div>\n            <div class=\"eael-advanced-search-not-found\">\n                <p>Pas de r\u00e9sultats<\/p><div id=\"ez-toc-container\" class=\"ez-toc-v2_0_82_2 counter-hierarchy ez-toc-counter ez-toc-custom ez-toc-container-direction\">\n<div class=\"ez-toc-title-container\">\n<p class=\"ez-toc-title\" style=\"cursor:inherit\">Dans cet article<\/p>\n<span class=\"ez-toc-title-toggle\"><\/span><\/div>\n<nav><ul class='ez-toc-list ez-toc-list-level-1 ' ><li class='ez-toc-page-1 ez-toc-heading-level-2'><a class=\"ez-toc-link ez-toc-heading-1\" href=\"https:\/\/cparici.com\/en\/cassis-ville\/#Un_Joyau_Provencal_entre_Terre_et_Mer\" >Un Joyau Proven\u00e7al entre Terre et Mer<\/a><\/li><li class='ez-toc-page-1 ez-toc-heading-level-2'><a class=\"ez-toc-link ez-toc-heading-2\" href=\"https:\/\/cparici.com\/en\/cassis-ville\/#Les_Calanques_Tresors_Naturels_de_Cassis\" >Les Calanques, Tr\u00e9sors Naturels de Cassis<\/a><\/li><li class='ez-toc-page-1 ez-toc-heading-level-2'><a class=\"ez-toc-link ez-toc-heading-3\" href=\"https:\/\/cparici.com\/en\/cassis-ville\/#Culture_et_Tradition\" >Culture, et Tradition<\/a><\/li><li class='ez-toc-page-1 ez-toc-heading-level-2'><a class=\"ez-toc-link ez-toc-heading-4\" href=\"https:\/\/cparici.com\/en\/cassis-ville\/#Restaurants_recommandes_a_Cassis\" >Restaurants recommand\u00e9s \u00e0 Cassis<\/a><\/li><li class='ez-toc-page-1 ez-toc-heading-level-2'><a class=\"ez-toc-link ez-toc-heading-5\" href=\"https:\/\/cparici.com\/en\/cassis-ville\/#Specialites_gastronomiques_de_Cassis\" >Sp\u00e9cialit\u00e9s gastronomiques de Cassis<\/a><\/li><li class='ez-toc-page-1 ez-toc-heading-level-2'><a class=\"ez-toc-link ez-toc-heading-6\" href=\"https:\/\/cparici.com\/en\/cassis-ville\/#Meteo_Cassis_%E2%80%93_description_et_climat\" >M\u00e9t\u00e9o Cassis &#8211; description et climat<\/a><\/li><li class='ez-toc-page-1 ez-toc-heading-level-2'><a class=\"ez-toc-link ez-toc-heading-7\" href=\"https:\/\/cparici.com\/en\/cassis-ville\/#Conclusion\" >Conclusion<\/a><\/li><li class='ez-toc-page-1 ez-toc-heading-level-2'><a class=\"ez-toc-link ez-toc-heading-8\" href=\"https:\/\/cparici.com\/en\/cassis-ville\/#FAQ\" >FAQ<\/a><\/li><\/ul><\/nav><\/div>\n<\/div>\n            <div class=\"eael-advanced-search-load-more\">\n\t\t\t\t<a \tclass=\"eael-advanced-search-load-more-button\"\n                \thref=\"#\">Voir tous les r\u00e9sultats<\/a>\n            <\/div>\n        <\/div>\n\n\t\t            <\/div>\n        <\/div>\n\n\t\t\t\t\t\t<\/div>\n\t\t\t\t\t<\/div>\n\t\t\t\t<\/div>\n\t\t<div class=\"elementor-element elementor-element-68e46dcb e-flex e-con-boxed e-con e-parent\" data-id=\"68e46dcb\" data-element_type=\"container\" data-e-type=\"container\">\n\t\t\t\t\t<div class=\"e-con-inner\">\n\t\t\t\t<div class=\"elementor-element elementor-element-56346c14 elementor-widget elementor-widget-text-editor\" data-id=\"56346c14\" data-element_type=\"widget\" data-e-type=\"widget\" data-widget_type=\"text-editor.default\">\n\t\t\t\t\t\t\t\t\t<h1 style=\"text-align: center;\" data-start=\"40\" data-end=\"86\"><strong data-start=\"40\" data-end=\"86\">Nice : d\u00e9couvrir la ville<\/strong><\/h1><p data-start=\"88\" data-end=\"207\"><strong>Nice<\/strong>, situ\u00e9e dans le sud-est de la <a href=\"https:\/\/cparici.com\/visiter-la-france-guide-des-regions-et-sites-touristiques\/\">France<\/a>, est une ville embl\u00e9matique de la <a href=\"https:\/\/cparici.com\/cote-dazur-french-riviera\/\">C\u00f4te d&#8217;Azur<\/a>, r\u00e9put\u00e9e pour sa beaut\u00e9 naturelle, son riche patrimoine culturel et son climat m\u00e9diterran\u00e9en. Bord\u00e9e par la baie des Anges et entour\u00e9e de collines pittoresques, Nice offre une multitude d&#8217;exp\u00e9riences aux visiteurs.\u200b<\/p><h2 data-start=\"209\" data-end=\"246\"><strong data-start=\"209\" data-end=\"246\">Description de la commune de Nice<\/strong><\/h2><p data-start=\"248\" data-end=\"443\">Nice est la cinqui\u00e8me plus grande ville de France et le chef-lieu du d\u00e9partement des <a href=\"https:\/\/cparici.com\/alpes-maritimes\/\">Alpes-Maritimes<\/a>. Fond\u00e9e par les Grecs il y a plus de 2\u00a0500 ans sous le nom de Nika\u00efa, elle a travers\u00e9 les \u00e9poques en conservant des traces de son riche pass\u00e9. La vieille ville, avec ses ruelles \u00e9troites et ses b\u00e2timents color\u00e9s, t\u00e9moigne de l&#8217;architecture baroque et de l&#8217;influence italienne. <strong>Le cours Saleya<\/strong>, c\u00e9l\u00e8bre pour son march\u00e9 aux fleurs et ses produits locaux, est un lieu incontournable pour s&#8217;immerger dans l&#8217;ambiance ni\u00e7oise.\u200b<\/p><h3 data-start=\"445\" data-end=\"467\"><strong data-start=\"445\" data-end=\"467\">Les plages de Nice<\/strong><\/h3><p data-start=\"469\" data-end=\"672\">La ville est r\u00e9put\u00e9e pour ses plages de galets qui s&#8217;\u00e9tendent le long de la promenade des Anglais. Parmi les plus c\u00e9l\u00e8bres, on trouve la plage de Castel, situ\u00e9e au pied de la colline du Ch\u00e2teau, offrant une vue imprenable sur la baie des Anges. La plage de la R\u00e9serve, plus discr\u00e8te, est appr\u00e9ci\u00e9e des locaux pour son atmosph\u00e8re paisible. Pour ceux qui recherchent une exp\u00e9rience plus exclusive, la plage de l&#8217;Op\u00e9ra propose des services haut de gamme dans un cadre \u00e9l\u00e9gant.\u200b<\/p><h3 data-start=\"674\" data-end=\"724\"><strong data-start=\"674\" data-end=\"724\">Les sites touristiques \u00e0 Nice et aux alentours<\/strong><\/h3><h4 data-start=\"726\" data-end=\"960\"><em data-start=\"726\" data-end=\"752\">La promenade des Anglais<\/em><\/h4><p data-start=\"726\" data-end=\"960\">Cette avenue embl\u00e9matique longe le bord de mer sur plusieurs kilom\u00e8tres. Cr\u00e9\u00e9e au XIXe si\u00e8cle, elle est bord\u00e9e de palmiers et offre une vue panoramique sur la M\u00e9diterran\u00e9e. C&#8217;est un lieu de promenade pris\u00e9 des locaux et des touristes.<\/p><figure id=\"attachment_63083\" aria-describedby=\"caption-attachment-63083\" style=\"width: 1024px\" class=\"wp-caption aligncenter\"><a href=\"https:\/\/cparici.com\/wp-content\/uploads\/2025\/03\/ChatGPT-Image-7-avr.-2025-19_08_21.jpg\"><img decoding=\"async\" class=\"wp-image-63083 size-large\" src=\"https:\/\/cparici.com\/wp-content\/uploads\/2025\/03\/ChatGPT-Image-7-avr.-2025-19_08_21-1024x683.jpg\" alt=\"La promenade des Anglais a Nice\" width=\"1024\" height=\"683\" srcset=\"https:\/\/cparici.com\/wp-content\/uploads\/2025\/03\/ChatGPT-Image-7-avr.-2025-19_08_21-1024x683.jpg 1024w, https:\/\/cparici.com\/wp-content\/uploads\/2025\/03\/ChatGPT-Image-7-avr.-2025-19_08_21-300x200.jpg 300w, https:\/\/cparici.com\/wp-content\/uploads\/2025\/03\/ChatGPT-Image-7-avr.-2025-19_08_21-768x512.jpg 768w, https:\/\/cparici.com\/wp-content\/uploads\/2025\/03\/ChatGPT-Image-7-avr.-2025-19_08_21-18x12.jpg 18w, https:\/\/cparici.com\/wp-content\/uploads\/2025\/03\/ChatGPT-Image-7-avr.-2025-19_08_21-590x393.jpg 590w, https:\/\/cparici.com\/wp-content\/uploads\/2025\/03\/ChatGPT-Image-7-avr.-2025-19_08_21-1005x670.jpg 1005w, https:\/\/cparici.com\/wp-content\/uploads\/2025\/03\/ChatGPT-Image-7-avr.-2025-19_08_21-577x385.jpg 577w, https:\/\/cparici.com\/wp-content\/uploads\/2025\/03\/ChatGPT-Image-7-avr.-2025-19_08_21-1200x800.jpg 1200w, https:\/\/cparici.com\/wp-content\/uploads\/2025\/03\/ChatGPT-Image-7-avr.-2025-19_08_21-600x400.jpg 600w, https:\/\/cparici.com\/wp-content\/uploads\/2025\/03\/ChatGPT-Image-7-avr.-2025-19_08_21.jpg 1536w\" sizes=\"(max-width: 1024px) 100vw, 1024px\" \/><\/a><figcaption id=\"caption-attachment-63083\" class=\"wp-caption-text\">La promenade des Anglais a Nice<\/figcaption><\/figure><h4 data-start=\"962\" data-end=\"1146\"><em data-start=\"962\" data-end=\"978\">Le parc Ph\u0153nix<\/em><\/h4><p data-start=\"962\" data-end=\"1146\">Situ\u00e9 \u00e0 l&#8217;ouest de la ville, ce parc botanique et zoologique de sept hectares abrite une grande vari\u00e9t\u00e9 de plantes exotiques et d&#8217;animaux. Sa serre tropicale est l&#8217;une des plus grandes d&#8217;Europe. \u200b<\/p><h4 data-start=\"1148\" data-end=\"1334\"><em data-start=\"1148\" data-end=\"1166\">Le mus\u00e9e Mass\u00e9na<\/em><\/h4><p data-start=\"1148\" data-end=\"1334\">Install\u00e9 dans une villa de la Belle \u00c9poque, ce mus\u00e9e retrace l&#8217;histoire de Nice du Premier Empire \u00e0 la Belle \u00c9poque. Les jardins du mus\u00e9e, con\u00e7us par le paysagiste \u00c9douard Andr\u00e9, sont \u00e9galement ouverts au public. \u200b<\/p><h4 data-start=\"1336\" data-end=\"1543\"><em data-start=\"1336\" data-end=\"1375\">Le mus\u00e9e arch\u00e9ologique de Nice-Cimiez<\/em><\/h4><p data-start=\"1336\" data-end=\"1543\">Situ\u00e9 sur la colline de Cimiez, ce mus\u00e9e pr\u00e9sente les vestiges de l&#8217;ancienne cit\u00e9 romaine de Cemenelum, avec des thermes et un amphith\u00e9\u00e2tre. Les collections offrent un aper\u00e7u de l&#8217;histoire antique de la r\u00e9gion.<\/p><h4 data-start=\"1545\" data-end=\"1738\"><em data-start=\"1545\" data-end=\"1570\">La promenade du Paillon<\/em><\/h4><p data-start=\"1545\" data-end=\"1738\">Aussi appel\u00e9e &#8220;coul\u00e9e verte&#8221;, cette promenade traverse le centre-ville sur plus d&#8217;un kilom\u00e8tre. Elle offre des espaces verts, des aires de jeux et un miroir d&#8217;eau appr\u00e9ci\u00e9 des familles. \u200b<\/p><figure id=\"attachment_59405\" aria-describedby=\"caption-attachment-59405\" style=\"width: 1500px\" class=\"wp-caption alignnone\"><a href=\"https:\/\/cparici.com\/wp-content\/uploads\/2025\/03\/cparici-2025-03-09T115155.787.jpg\"><img decoding=\"async\" class=\"size-full wp-image-59405\" src=\"https:\/\/cparici.com\/wp-content\/uploads\/2025\/03\/cparici-2025-03-09T115155.787.jpg\" alt=\"Nice place Mass\u00e9na\" width=\"1500\" height=\"530\" srcset=\"https:\/\/cparici.com\/wp-content\/uploads\/2025\/03\/cparici-2025-03-09T115155.787.jpg 1500w, https:\/\/cparici.com\/wp-content\/uploads\/2025\/03\/cparici-2025-03-09T115155.787-300x106.jpg 300w, https:\/\/cparici.com\/wp-content\/uploads\/2025\/03\/cparici-2025-03-09T115155.787-1024x362.jpg 1024w, https:\/\/cparici.com\/wp-content\/uploads\/2025\/03\/cparici-2025-03-09T115155.787-768x271.jpg 768w, https:\/\/cparici.com\/wp-content\/uploads\/2025\/03\/cparici-2025-03-09T115155.787-18x6.jpg 18w, https:\/\/cparici.com\/wp-content\/uploads\/2025\/03\/cparici-2025-03-09T115155.787-590x208.jpg 590w, https:\/\/cparici.com\/wp-content\/uploads\/2025\/03\/cparici-2025-03-09T115155.787-1200x424.jpg 1200w, https:\/\/cparici.com\/wp-content\/uploads\/2025\/03\/cparici-2025-03-09T115155.787-577x204.jpg 577w, https:\/\/cparici.com\/wp-content\/uploads\/2025\/03\/cparici-2025-03-09T115155.787-600x212.jpg 600w\" sizes=\"(max-width: 1500px) 100vw, 1500px\" \/><\/a><figcaption id=\"caption-attachment-59405\" class=\"wp-caption-text\">Nice place Mass\u00e9na<\/figcaption><\/figure><h2 data-start=\"1740\" data-end=\"1768\"><strong data-start=\"1740\" data-end=\"1768\">La r\u00e9gion autour de Nice<\/strong><\/h2><p data-start=\"1770\" data-end=\"1920\"><em data-start=\"1770\" data-end=\"1792\">Villefranche-sur-Mer<\/em><br data-start=\"1792\" data-end=\"1795\" \/>\u00c0 quelques kilom\u00e8tres de la ville, ce village pittoresque est connu pour sa rade profonde et ses ruelles color\u00e9es. La citadelle Saint-Elme, datant du XVIe si\u00e8cle, offre une vue panoramique sur la mer.\u200b<\/p><p data-start=\"1922\" data-end=\"2055\"><em data-start=\"1922\" data-end=\"1927\">\u00c8ze<\/em><br data-start=\"1927\" data-end=\"1930\" \/>Perch\u00e9 sur une colline surplombant la M\u00e9diterran\u00e9e, \u00c8ze est un village m\u00e9di\u00e9val r\u00e9put\u00e9 pour ses ruelles pav\u00e9es et son jardin exotique. Le jardin offre une vue imprenable sur la c\u00f4te.\u200b<\/p><p data-start=\"2057\" data-end=\"2194\"><a href=\"https:\/\/cparici.com\/antibes\/\"><em data-start=\"2057\" data-end=\"2066\">Antibes<\/em><\/a><br data-start=\"2066\" data-end=\"2069\" \/>Cette ville c\u00f4ti\u00e8re est c\u00e9l\u00e8bre pour son port de plaisance, le plus grand d&#8217;Europe, et le mus\u00e9e Picasso, install\u00e9 dans le ch\u00e2teau Grimaldi. Le march\u00e9 proven\u00e7al d&#8217;Antibes est \u00e9galement un lieu \u00e0 ne pas manquer.\u200b<\/p><p data-start=\"2196\" data-end=\"2332\"><em data-start=\"2196\" data-end=\"2204\">Monaco<\/em><br data-start=\"2204\" data-end=\"2207\" \/>\u00c0 environ 20 kilom\u00e8tres de Nice, la principaut\u00e9 de Monaco est synonyme de luxe et de glamour. Le palais princier, le casino de Monte-Carlo et le jardin exotique sont des attractions phares.\u200b<\/p><h2 data-start=\"0\" data-end=\"52\"><strong data-start=\"2\" data-end=\"50\">M\u00e9t\u00e9o \u00e0 Nice : Climat, Saisons et Pr\u00e9visions<\/strong><\/h2><p data-start=\"77\" data-end=\"435\">La <strong data-start=\"80\" data-end=\"96\">m\u00e9t\u00e9o \u00e0 Nice<\/strong> est influenc\u00e9e par un climat m\u00e9diterran\u00e9en, caract\u00e9ris\u00e9 par des \u00e9t\u00e9s chauds et secs ainsi que des hivers doux. Situ\u00e9e sur la C\u00f4te d\u2019Azur, entre mer et montagnes, Nice b\u00e9n\u00e9ficie d\u2019un <strong data-start=\"279\" data-end=\"310\">ensoleillement exceptionnel<\/strong> avec plus de <strong data-start=\"324\" data-end=\"354\">300 jours de soleil par an<\/strong>, en faisant l&#8217;une des villes les plus agr\u00e9ables de France en termes de climat.<\/p><h3 data-start=\"442\" data-end=\"491\"><strong data-start=\"445\" data-end=\"489\">Le climat \u00e0 Nice tout au long de l\u2019ann\u00e9e<\/strong><\/h3><h3 data-start=\"493\" data-end=\"540\"><strong data-start=\"497\" data-end=\"538\">Printemps : un temps doux et agr\u00e9able<\/strong><\/h3><p data-start=\"542\" data-end=\"861\">De <strong data-start=\"545\" data-end=\"559\">mars \u00e0 mai<\/strong>, le printemps \u00e0 dans la ville est marqu\u00e9 par une remont\u00e9e progressive des temp\u00e9ratures. En mars, les temp\u00e9ratures oscillent entre <strong data-start=\"681\" data-end=\"697\">10\u00b0C et 17\u00b0C<\/strong>, tandis qu\u2019en mai, elles atteignent <strong data-start=\"734\" data-end=\"749\">14\u00b0C \u00e0 22\u00b0C<\/strong>. Les journ\u00e9es sont g\u00e9n\u00e9ralement ensoleill\u00e9es, bien que quelques averses soient possibles, notamment en avril.<\/p><p data-start=\"863\" data-end=\"991\">C\u2019est la p\u00e9riode id\u00e9ale pour profiter des promenades en bord de mer et des premiers repas en terrasse, sans la foule estivale.<\/p><h3 data-start=\"993\" data-end=\"1037\"><strong data-start=\"997\" data-end=\"1035\">\u00c9t\u00e9 : soleil, chaleur et ciel bleu<\/strong><\/h3><p data-start=\"1039\" data-end=\"1297\">De <strong data-start=\"1042\" data-end=\"1062\">juin \u00e0 septembre<\/strong>, l\u2019\u00e9t\u00e9 ni\u00e7ois est chaud et sec. Les temp\u00e9ratures varient entre <strong data-start=\"1126\" data-end=\"1142\">20\u00b0C et 30\u00b0C<\/strong>, avec des pics pouvant atteindre <strong data-start=\"1176\" data-end=\"1184\">35\u00b0C<\/strong> lors des vagues de chaleur. La brise marine apporte une l\u00e9g\u00e8re fra\u00eecheur, rendant la chaleur plus supportable.<\/p><p data-start=\"1299\" data-end=\"1486\">Le mois de juillet est souvent le plus chaud, avec une <strong data-start=\"1354\" data-end=\"1385\">temp\u00e9rature moyenne de 27\u00b0C<\/strong>. Les pluies sont rares et l\u2019eau de la mer oscille entre <strong data-start=\"1442\" data-end=\"1458\">22\u00b0C et 26\u00b0C<\/strong>, id\u00e9ale pour la baignade.<\/p><h3 data-start=\"1488\" data-end=\"1530\"><strong data-start=\"1492\" data-end=\"1528\">Automne : douceur et instabilit\u00e9<\/strong><\/h3><p data-start=\"1532\" data-end=\"1814\">De <strong data-start=\"1535\" data-end=\"1557\">octobre \u00e0 d\u00e9cembre<\/strong>, l\u2019automne \u00e0 Nice reste agr\u00e9able avec des temp\u00e9ratures douces (15\u00b0C \u00e0 25\u00b0C en octobre, 10\u00b0C \u00e0 18\u00b0C en novembre). Toutefois, c\u2019est aussi la saison o\u00f9 les <strong data-start=\"1711\" data-end=\"1738\">\u00e9pisodes m\u00e9diterran\u00e9ens<\/strong> peuvent provoquer des pr\u00e9cipitations intenses et parfois des inondations.<\/p><p data-start=\"1816\" data-end=\"1947\">Novembre est souvent le mois le plus pluvieux, mais les temp\u00e9ratures restent cl\u00e9mentes par rapport \u00e0 d\u2019autres r\u00e9gions fran\u00e7aises.<\/p><h3 data-start=\"1949\" data-end=\"1992\"><strong data-start=\"1953\" data-end=\"1990\">Hiver : douceur et ensoleillement<\/strong><\/h3><p data-start=\"1994\" data-end=\"2381\">De <strong data-start=\"1997\" data-end=\"2018\">janvier \u00e0 f\u00e9vrier<\/strong>, l\u2019hiver ni\u00e7ois est relativement doux avec des temp\u00e9ratures comprises entre <strong data-start=\"2095\" data-end=\"2110\">5\u00b0C et 15\u00b0C<\/strong>. Il peut faire frais le matin, mais le soleil est souvent au rendez-vous, rendant les journ\u00e9es agr\u00e9ables. La neige est extr\u00eamement rare en ville, bien que l\u2019arri\u00e8re-pays ni\u00e7ois et les Alpes-Maritimes offrent de belles stations de ski accessibles en une heure de route.<\/p><h3 data-start=\"2388\" data-end=\"2444\"><strong data-start=\"2391\" data-end=\"2442\">Pr\u00e9visions m\u00e9t\u00e9o \u00e0 Nice : que faut-il pr\u00e9voir ?<\/strong><\/h3><ul data-start=\"2446\" data-end=\"2767\"><li data-start=\"2446\" data-end=\"2561\"><strong data-start=\"2448\" data-end=\"2473\">Pour un s\u00e9jour en \u00e9t\u00e9<\/strong> : Privil\u00e9giez des v\u00eatements l\u00e9gers, des lunettes de soleil et une protection solaire.<\/li><li data-start=\"2562\" data-end=\"2671\"><strong data-start=\"2564\" data-end=\"2580\">Pour l\u2019hiver<\/strong> : Une veste l\u00e9g\u00e8re suffit g\u00e9n\u00e9ralement, mais pr\u00e9voyez un pull pour les soir\u00e9es fra\u00eeches.<\/li><li data-start=\"2672\" data-end=\"2767\"><strong data-start=\"2674\" data-end=\"2708\">Pour le printemps et l\u2019automne<\/strong> : Une veste imperm\u00e9able peut \u00eatre utile en cas de pluie.<\/li><\/ul><p data-start=\"2769\" data-end=\"2975\" data-is-last-node=\"\" data-is-only-node=\"\">Avec son <strong data-start=\"2778\" data-end=\"2807\">climat doux et ensoleill\u00e9<\/strong>, la <strong data-start=\"2812\" data-end=\"2828\">m\u00e9t\u00e9o \u00e0 Nice<\/strong> en fait une destination id\u00e9ale toute l\u2019ann\u00e9e, que ce soit pour la baignade estivale ou pour des escapades hivernales sous le soleil m\u00e9diterran\u00e9en.<\/p><h2 data-start=\"0\" data-end=\"58\"><span style=\"font-size: 18pt;\"><strong data-start=\"2\" data-end=\"56\">OGC Nice : Histoire et Pr\u00e9sentation du Club Ni\u00e7ois<\/strong><\/span><\/h2><h2 data-start=\"60\" data-end=\"81\"><strong data-start=\"63\" data-end=\"79\">Introduction<\/strong><\/h2><p data-start=\"83\" data-end=\"462\">L\u2019<strong data-start=\"85\" data-end=\"97\">OGC Nice<\/strong> (Olympique Gymnaste Club de Nice) est un club de football fran\u00e7ais bas\u00e9 \u00e0 <strong data-start=\"172\" data-end=\"180\">Nice<\/strong>, sur la C\u00f4te d\u2019Azur. Fond\u00e9 en <strong data-start=\"211\" data-end=\"219\">1904<\/strong>, il est l\u2019un des clubs historiques du football fran\u00e7ais et \u00e9volue en <strong data-start=\"289\" data-end=\"300\">Ligue 1<\/strong>. Connu pour son jeu offensif et son identit\u00e9 forte, l\u2019OGC Nice a remport\u00e9 plusieurs titres nationaux et continue d\u2019\u00eatre un acteur majeur du football en France.<\/p><p data-start=\"464\" data-end=\"643\">Dans cet article, nous allons retracer <strong data-start=\"503\" data-end=\"525\">l\u2019histoire du club<\/strong>, ses moments forts, ses joueurs embl\u00e9matiques, son palmar\u00e8s et son importance dans le paysage du football fran\u00e7ais.<\/p><figure id=\"attachment_59403\" aria-describedby=\"caption-attachment-59403\" style=\"width: 1500px\" class=\"wp-caption alignnone\"><a href=\"https:\/\/cparici.com\/wp-content\/uploads\/2025\/03\/cparici-2025-03-09T114607.551.jpg\"><img decoding=\"async\" class=\"size-full wp-image-59403\" src=\"https:\/\/cparici.com\/wp-content\/uploads\/2025\/03\/cparici-2025-03-09T114607.551.jpg\" alt=\"OGC Nice\" width=\"1500\" height=\"530\" srcset=\"https:\/\/cparici.com\/wp-content\/uploads\/2025\/03\/cparici-2025-03-09T114607.551.jpg 1500w, https:\/\/cparici.com\/wp-content\/uploads\/2025\/03\/cparici-2025-03-09T114607.551-300x106.jpg 300w, https:\/\/cparici.com\/wp-content\/uploads\/2025\/03\/cparici-2025-03-09T114607.551-1024x362.jpg 1024w, https:\/\/cparici.com\/wp-content\/uploads\/2025\/03\/cparici-2025-03-09T114607.551-768x271.jpg 768w, https:\/\/cparici.com\/wp-content\/uploads\/2025\/03\/cparici-2025-03-09T114607.551-18x6.jpg 18w, https:\/\/cparici.com\/wp-content\/uploads\/2025\/03\/cparici-2025-03-09T114607.551-590x208.jpg 590w, https:\/\/cparici.com\/wp-content\/uploads\/2025\/03\/cparici-2025-03-09T114607.551-1200x424.jpg 1200w, https:\/\/cparici.com\/wp-content\/uploads\/2025\/03\/cparici-2025-03-09T114607.551-577x204.jpg 577w, https:\/\/cparici.com\/wp-content\/uploads\/2025\/03\/cparici-2025-03-09T114607.551-600x212.jpg 600w\" sizes=\"(max-width: 1500px) 100vw, 1500px\" \/><\/a><figcaption id=\"caption-attachment-59403\" class=\"wp-caption-text\">OGC Nice<\/figcaption><\/figure><h2 data-start=\"650\" data-end=\"701\"><strong data-start=\"653\" data-end=\"699\">Les Origines et la Fondation de l\u2019OGC Nice<\/strong><\/h2><p data-start=\"703\" data-end=\"1022\">L\u2019<strong data-start=\"705\" data-end=\"717\">OGC Nice<\/strong> est fond\u00e9 en <strong data-start=\"731\" data-end=\"739\">1904<\/strong> sous le nom de <strong data-start=\"755\" data-end=\"780\">Gymnaste Club de Nice<\/strong>, une association principalement tourn\u00e9e vers la gymnastique et les sports athl\u00e9tiques. Ce n\u2019est qu\u2019en <strong data-start=\"883\" data-end=\"891\">1924<\/strong> que la section football prend une importance majeure et que le club adopte son nom actuel : <strong data-start=\"984\" data-end=\"1019\">Olympique Gymnaste Club de Nice<\/strong>.<\/p><p data-start=\"1024\" data-end=\"1255\">Dans les ann\u00e9es 1920 et 1930, le club joue dans les comp\u00e9titions locales et nationales amateurs avant d\u2019obtenir son statut professionnel en <strong data-start=\"1167\" data-end=\"1175\">1932<\/strong>, ann\u00e9e de la cr\u00e9ation du championnat de <strong data-start=\"1216\" data-end=\"1252\">France de football professionnel<\/strong>.<\/p><h2 data-start=\"1262\" data-end=\"1318\"><strong data-start=\"1265\" data-end=\"1316\">L\u2019\u00c2ge d\u2019Or : Les Ann\u00e9es 1950, une P\u00e9riode Dor\u00e9e<\/strong><\/h2><p data-start=\"1320\" data-end=\"1601\">Les <strong data-start=\"1324\" data-end=\"1339\">ann\u00e9es 1950<\/strong> marquent l\u2019apog\u00e9e du club avec <strong data-start=\"1371\" data-end=\"1410\">quatre titres de champion de France<\/strong> et deux <strong data-start=\"1419\" data-end=\"1439\">Coupes de France<\/strong>. Sous la direction de <strong data-start=\"1462\" data-end=\"1478\">Jean Luciano<\/strong> et avec des joueurs comme <strong data-start=\"1505\" data-end=\"1558\">Just Fontaine, Victor Nurenberg et C\u00e9sar Gonzales<\/strong>, l\u2019OGC Nice domine le football fran\u00e7ais.<\/p><h3 data-start=\"1603\" data-end=\"1638\"><strong data-start=\"1607\" data-end=\"1636\">Les Titres en Championnat<\/strong><\/h3><p data-start=\"1639\" data-end=\"1857\">L\u2019OGC Nice d\u00e9croche son <strong data-start=\"1663\" data-end=\"1710\">premier titre de champion de France en 1951<\/strong>, suivi d\u2019un deuxi\u00e8me en <strong data-start=\"1735\" data-end=\"1743\">1952<\/strong>. Apr\u00e8s une pause, le club revient sur le devant de la sc\u00e8ne et s\u2019adjuge <strong data-start=\"1816\" data-end=\"1854\">deux autres titres en 1956 et 1959<\/strong>.<\/p><h3 data-start=\"1859\" data-end=\"1889\"><strong data-start=\"1863\" data-end=\"1887\">Les Coupes de France<\/strong><\/h3><p data-start=\"1890\" data-end=\"2053\">Le Gym remporte \u00e9galement deux <strong data-start=\"1921\" data-end=\"1941\">Coupes de France<\/strong> durant cette p\u00e9riode, en <strong data-start=\"1967\" data-end=\"1983\">1952 et 1954<\/strong>, confirmant ainsi son statut de grande \u00e9quipe du football fran\u00e7ais.<\/p><p data-start=\"2055\" data-end=\"2249\">Ces succ\u00e8s permettent au club de se faire un nom en Europe, notamment gr\u00e2ce \u00e0 ses premi\u00e8res participations en <strong data-start=\"2170\" data-end=\"2209\">Coupe des clubs champions europ\u00e9ens<\/strong>, l\u2019anc\u00eatre de la Ligue des Champions.<\/p><h2 data-start=\"2256\" data-end=\"2304\"><strong data-start=\"2259\" data-end=\"2302\">Les D\u00e9cennies de Transition (1960-1990)<\/strong><\/h2><p data-start=\"2306\" data-end=\"2386\">Apr\u00e8s l\u2019\u00e2ge d\u2019or des <strong data-start=\"2327\" data-end=\"2342\">ann\u00e9es 1950<\/strong>, l\u2019OGC Nice conna\u00eet des hauts et des bas.<\/p><h3 data-start=\"2388\" data-end=\"2433\"><strong data-start=\"2392\" data-end=\"2431\">Alternance entre Ligue 1 et Ligue 2<\/strong><\/h3><p data-start=\"2434\" data-end=\"2745\">Les ann\u00e9es 1960 et 1970 sont marqu\u00e9es par des performances irr\u00e9guli\u00e8res. Le club oscille entre la <strong data-start=\"2532\" data-end=\"2557\">Ligue 1 et la Ligue 2<\/strong>, sans parvenir \u00e0 retrouver son \u00e9clat d\u2019antan. Quelques saisons remarquables sont \u00e0 noter, notamment en <strong data-start=\"2661\" data-end=\"2669\">1973<\/strong>, lorsque Nice termine <strong data-start=\"2692\" data-end=\"2719\">vice-champion de France<\/strong> derri\u00e8re le <strong data-start=\"2732\" data-end=\"2742\">Nantes<\/strong>.<\/p><h3 data-start=\"2747\" data-end=\"2799\"><strong data-start=\"2751\" data-end=\"2797\">Une p\u00e9riode difficile dans les ann\u00e9es 1980<\/strong><\/h3><p data-start=\"2800\" data-end=\"3067\">Les <strong data-start=\"2804\" data-end=\"2819\">ann\u00e9es 1980<\/strong> sont particuli\u00e8rement compliqu\u00e9es. L\u2019OGC Nice est rel\u00e9gu\u00e9 \u00e0 plusieurs reprises en <strong data-start=\"2902\" data-end=\"2913\">Ligue 2<\/strong> et peine \u00e0 retrouver son niveau. Malgr\u00e9 quelques bons parcours en <strong data-start=\"2980\" data-end=\"2999\">Coupe de France<\/strong>, le club n\u2019arrive pas \u00e0 rivaliser avec les cadors du championnat.<\/p><h2 data-start=\"3074\" data-end=\"3138\"><strong data-start=\"3077\" data-end=\"3136\">Les Ann\u00e9es 1990 et le Retour Progressif au Premier Plan<\/strong><\/h2><h3 data-start=\"3140\" data-end=\"3189\"><strong data-start=\"3144\" data-end=\"3187\">Une Victoire en Coupe de France en 1997<\/strong><\/h3><p data-start=\"3190\" data-end=\"3445\">Le club de foot retrouve le sourire en <strong data-start=\"3224\" data-end=\"3232\">1997<\/strong> en remportant la <strong data-start=\"3250\" data-end=\"3269\">Coupe de France<\/strong> face \u00e0 <strong data-start=\"3277\" data-end=\"3289\">Guingamp<\/strong> apr\u00e8s une s\u00e9ance de tirs au but. Ce troph\u00e9e permet au club de renouer avec son glorieux pass\u00e9 et de disputer une comp\u00e9tition europ\u00e9enne l\u2019ann\u00e9e suivante.<\/p><h3 data-start=\"3447\" data-end=\"3486\"><strong data-start=\"3451\" data-end=\"3484\">Un Club Instable Sportivement<\/strong><\/h3><p data-start=\"3487\" data-end=\"3755\">Malgr\u00e9 ce succ\u00e8s, l\u2019OGC Nice conna\u00eet de nouvelles difficult\u00e9s en <strong data-start=\"3552\" data-end=\"3563\">Ligue 1<\/strong> et alterne une nouvelle fois entre la <strong data-start=\"3602\" data-end=\"3627\">Ligue 1 et la Ligue 2<\/strong>. Ce n\u2019est qu\u2019au d\u00e9but des <strong data-start=\"3654\" data-end=\"3669\">ann\u00e9es 2000<\/strong> que le club parvient \u00e0 se stabiliser durablement dans l\u2019\u00e9lite du football fran\u00e7ais.<\/p><h2 data-start=\"3762\" data-end=\"3831\"><strong data-start=\"3765\" data-end=\"3829\">L\u2019\u00e8re Moderne : De la Stabilisation \u00e0 l\u2019Ascension Europ\u00e9enne<\/strong><\/h2><p data-start=\"3833\" data-end=\"3956\">Depuis les <strong data-start=\"3844\" data-end=\"3859\">ann\u00e9es 2010<\/strong>, le club conna\u00eet un renouveau gr\u00e2ce \u00e0 une meilleure gestion et \u00e0 des ambitions europ\u00e9ennes.<\/p><h3 data-start=\"3958\" data-end=\"4016\"><strong data-start=\"3962\" data-end=\"4014\">Les Ann\u00e9es Claude Puel et la Mont\u00e9e en Puissance<\/strong><\/h3><p data-start=\"4017\" data-end=\"4240\">Avec <strong data-start=\"4022\" data-end=\"4037\">Claude Puel<\/strong> \u00e0 la t\u00eate de l\u2019\u00e9quipe entre <strong data-start=\"4066\" data-end=\"4082\">2012 et 2016<\/strong>, le club de foot se structure et r\u00e9alise des saisons solides en Ligue 1. En <strong data-start=\"4148\" data-end=\"4156\">2013<\/strong>, le club termine <strong data-start=\"4174\" data-end=\"4195\">4\u1d49 du championnat<\/strong>, se qualifiant ainsi pour l\u2019Europa League.<\/p><h3 data-start=\"4242\" data-end=\"4299\"><strong data-start=\"4246\" data-end=\"4297\">L\u2019Impact de Lucien Favre et la Saison 2016-2017<\/strong><\/h3><p data-start=\"4300\" data-end=\"4608\">L\u2019arriv\u00e9e de <strong data-start=\"4313\" data-end=\"4329\">Lucien Favre<\/strong> en <strong data-start=\"4333\" data-end=\"4341\">2016<\/strong> marque un tournant. Avec un effectif talentueux comprenant des joueurs comme <strong data-start=\"4419\" data-end=\"4474\">Mario Balotelli, Jean Micha\u00ebl Seri et Alassane Pl\u00e9a<\/strong>, L&#8217;OGC r\u00e9alise une <strong data-start=\"4493\" data-end=\"4531\">saison exceptionnelle en 2016-2017<\/strong>, terminant <strong data-start=\"4543\" data-end=\"4560\">3\u1d49 de Ligue 1<\/strong> et se qualifiant pour la Ligue des Champions.<\/p><h3 data-start=\"4610\" data-end=\"4647\"><strong data-start=\"4614\" data-end=\"4645\">L\u2019OGC Nice sous l\u2019\u00e8re INEOS<\/strong><\/h3><p data-start=\"4648\" data-end=\"4903\">En <strong data-start=\"4651\" data-end=\"4659\">2019<\/strong>, l\u2019<strong data-start=\"4663\" data-end=\"4683\">entreprise INEOS<\/strong>, dirig\u00e9e par <strong data-start=\"4697\" data-end=\"4714\">Jim Ratcliffe<\/strong>, rach\u00e8te l\u2019OGC Nice avec l\u2019ambition d\u2019en faire un club majeur en France et en Europe. Depuis, le club recrute des joueurs talentueux et vise des places europ\u00e9ennes r\u00e9guli\u00e8res en Ligue<\/p><h2 data-start=\"4910\" data-end=\"4956\"><strong data-start=\"4913\" data-end=\"4954\">Les Joueurs L\u00e9gendaires de l\u2019OGC Nice<\/strong><\/h2><p data-start=\"4958\" data-end=\"5028\">De nombreux joueurs ont marqu\u00e9 l\u2019histoire du club. Parmi eux :<\/p><ul data-start=\"5030\" data-end=\"5474\"><li data-start=\"5030\" data-end=\"5154\"><strong data-start=\"5032\" data-end=\"5049\">Just Fontaine<\/strong> : Meilleur buteur de l\u2019histoire de la Coupe du Monde, il a jou\u00e9 au Club ni\u00e7ois avant de briller avec Reims.<\/li><li data-start=\"5155\" data-end=\"5242\"><strong data-start=\"5157\" data-end=\"5172\">Hugo Lloris<\/strong> : Form\u00e9 au club, il est devenu l\u2019un des meilleurs gardiens fran\u00e7ais.<\/li><li data-start=\"5243\" data-end=\"5343\"><strong data-start=\"5245\" data-end=\"5268\">Jean-Pierre Rivi\u00e8re<\/strong> : Ancien pr\u00e9sident, il a jou\u00e9 un r\u00f4le cl\u00e9 dans la modernisation du club.<\/li><li data-start=\"5344\" data-end=\"5474\"><strong data-start=\"5346\" data-end=\"5365\">Mario Balotelli<\/strong> : Attaquant fantasque, il a marqu\u00e9 les esprits avec des performances impressionnantes lors de son passage.<\/li><\/ul><h2 data-start=\"5481\" data-end=\"5514\"><strong data-start=\"5484\" data-end=\"5512\">Le Stade Allianz Riviera<\/strong><\/h2><p data-start=\"5516\" data-end=\"5742\">Depuis <strong data-start=\"5523\" data-end=\"5531\">2013<\/strong>, l\u2019OGC Nice \u00e9volue au <strong data-start=\"5554\" data-end=\"5579\">stade Allianz Riviera<\/strong>, une enceinte moderne de <strong data-start=\"5605\" data-end=\"5622\">35 000 places<\/strong>. Ce stade remplace l\u2019ancien <strong data-start=\"5651\" data-end=\"5667\">stade du Ray<\/strong> et offre aux supporters ni\u00e7ois une infrastructure digne d\u2019un grand club.<\/p><h2 data-start=\"5749\" data-end=\"5780\"><strong data-start=\"5752\" data-end=\"5778\">Palmar\u00e8s de l\u2019OGC Nice<\/strong><\/h2><p data-start=\"5782\" data-end=\"5833\">L\u2019OGC Nice poss\u00e8de un palmar\u00e8s respectable avec :<\/p><ul data-start=\"5835\" data-end=\"6000\"><li data-start=\"5835\" data-end=\"5898\"><strong data-start=\"5837\" data-end=\"5871\">4 titres de Champion de France<\/strong> (1951, 1952, 1956, 1959)<\/li><li data-start=\"5899\" data-end=\"5944\"><strong data-start=\"5901\" data-end=\"5923\">3 Coupes de France<\/strong> (1952, 1954, 1997)<\/li><li data-start=\"5945\" data-end=\"6000\"><strong data-start=\"5947\" data-end=\"5998\">Plusieurs participations aux Coupes europ\u00e9ennes<\/strong><\/li><\/ul><h2 data-start=\"6007\" data-end=\"6026\"><strong data-start=\"6010\" data-end=\"6024\">Conclusion<\/strong><\/h2><p data-start=\"6028\" data-end=\"6405\">L\u2019<strong data-start=\"6030\" data-end=\"6042\">OGC Nice<\/strong> est un club historique du football fran\u00e7ais qui a connu des <strong data-start=\"6103\" data-end=\"6156\">moments de gloire et des p\u00e9riodes plus difficiles<\/strong>. Aujourd\u2019hui, avec le soutien du groupe <strong data-start=\"6197\" data-end=\"6206\">INEOS<\/strong>, le club ambitionne de jouer un r\u00f4le majeur en <strong data-start=\"6254\" data-end=\"6278\">Ligue 1 et en Europe<\/strong>. Gr\u00e2ce \u00e0 une <strong data-start=\"6292\" data-end=\"6357\">gestion stable, un stade moderne et des supporters passionn\u00e9s<\/strong>, l\u2019avenir semble prometteur pour les Aiglons.<\/p><p data-start=\"6407\" data-end=\"6549\" data-is-last-node=\"\" data-is-only-node=\"\">Le club continue de grandir, et les prochaines saisons seront cruciales pour confirmer ses ambitions sur la sc\u00e8ne nationale et internationale.<\/p><h2 data-start=\"0\" data-end=\"69\"><span style=\"font-size: 18pt;\"><strong data-start=\"4\" data-end=\"67\">Nice-Matin : Histoire, Influence et R\u00f4le du Journal Azur\u00e9en<\/strong><\/span><\/h2><p data-start=\"96\" data-end=\"561\"><strong data-start=\"96\" data-end=\"110\">Nice-Matin<\/strong> est un journal r\u00e9gional fran\u00e7ais fond\u00e9 en 1945, couvrant principalement l&#8217;actualit\u00e9 de la C\u00f4te d\u2019Azur et du d\u00e9partement des Alpes-Maritimes. Ancr\u00e9 dans le paysage m\u00e9diatique du sud-est de la France, il est reconnu pour ses enqu\u00eates locales, ses reportages exclusifs et son engagement aupr\u00e8s des habitants. Gr\u00e2ce \u00e0 sa proximit\u00e9 avec les lecteurs, il est aujourd\u2019hui une r\u00e9f\u00e9rence en mati\u00e8re d\u2019information locale, \u00e9conomique, politique et culturelle.<\/p><h3 data-start=\"568\" data-end=\"639\"><strong data-start=\"571\" data-end=\"637\">Les origines de Nice-Matin : un journal n\u00e9 dans l&#8217;apr\u00e8s-guerre<\/strong><\/h3><h3 data-start=\"641\" data-end=\"676\"><strong data-start=\"645\" data-end=\"674\">Fondation et premiers pas<\/strong><\/h3><p data-start=\"678\" data-end=\"1089\">Nice-Matin a \u00e9t\u00e9 cr\u00e9\u00e9 en 1945, \u00e0 la fin de la Seconde Guerre mondiale, dans un contexte de reconstruction et de renouveau d\u00e9mocratique. Son objectif initial \u00e9tait d\u2019offrir une information fiable et accessible aux habitants de la r\u00e9gion. D\u00e8s ses d\u00e9buts, le journal se distingue par une ligne \u00e9ditoriale \u00e9quilibr\u00e9e et un ton r\u00e9solument r\u00e9gionaliste, mettant en avant les probl\u00e9matiques et les r\u00e9ussites locales.<\/p><h3 data-start=\"1091\" data-end=\"1130\"><strong data-start=\"1095\" data-end=\"1128\">Une implantation locale forte<\/strong><\/h3><p data-start=\"1132\" data-end=\"1433\">D\u00e8s sa cr\u00e9ation, Nice-Matin a su s\u2019imposer comme un acteur majeur de l\u2019information locale, gr\u00e2ce \u00e0 des \u00e9ditions sp\u00e9cifiques couvrant plusieurs zones g\u00e9ographiques, notamment Nice, Cannes, Antibes, Grasse et Menton. Cette proximit\u00e9 avec les lecteurs a contribu\u00e9 \u00e0 forger son identit\u00e9 et sa notori\u00e9t\u00e9.<\/p><figure id=\"attachment_59404\" aria-describedby=\"caption-attachment-59404\" style=\"width: 1500px\" class=\"wp-caption alignnone\"><a href=\"https:\/\/cparici.com\/wp-content\/uploads\/2025\/03\/cparici-2025-03-09T114936.834.jpg\"><img decoding=\"async\" class=\"size-full wp-image-59404\" src=\"https:\/\/cparici.com\/wp-content\/uploads\/2025\/03\/cparici-2025-03-09T114936.834.jpg\" alt=\"Nice matin\" width=\"1500\" height=\"530\" srcset=\"https:\/\/cparici.com\/wp-content\/uploads\/2025\/03\/cparici-2025-03-09T114936.834.jpg 1500w, https:\/\/cparici.com\/wp-content\/uploads\/2025\/03\/cparici-2025-03-09T114936.834-300x106.jpg 300w, https:\/\/cparici.com\/wp-content\/uploads\/2025\/03\/cparici-2025-03-09T114936.834-1024x362.jpg 1024w, https:\/\/cparici.com\/wp-content\/uploads\/2025\/03\/cparici-2025-03-09T114936.834-768x271.jpg 768w, https:\/\/cparici.com\/wp-content\/uploads\/2025\/03\/cparici-2025-03-09T114936.834-18x6.jpg 18w, https:\/\/cparici.com\/wp-content\/uploads\/2025\/03\/cparici-2025-03-09T114936.834-590x208.jpg 590w, https:\/\/cparici.com\/wp-content\/uploads\/2025\/03\/cparici-2025-03-09T114936.834-1200x424.jpg 1200w, https:\/\/cparici.com\/wp-content\/uploads\/2025\/03\/cparici-2025-03-09T114936.834-577x204.jpg 577w, https:\/\/cparici.com\/wp-content\/uploads\/2025\/03\/cparici-2025-03-09T114936.834-600x212.jpg 600w\" sizes=\"(max-width: 1500px) 100vw, 1500px\" \/><\/a><figcaption id=\"caption-attachment-59404\" class=\"wp-caption-text\">Nice matin<\/figcaption><\/figure><h3 data-start=\"1440\" data-end=\"1509\"><strong data-start=\"1443\" data-end=\"1507\">Un acteur cl\u00e9 de l\u2019information en Provence-Alpes-C\u00f4te d\u2019Azur<\/strong><\/h3><h3 data-start=\"1511\" data-end=\"1562\"><strong data-start=\"1515\" data-end=\"1560\">Une couverture m\u00e9diatique large et vari\u00e9e<\/strong><\/h3><p data-start=\"1564\" data-end=\"1846\">Nice-Matin traite de sujets divers, allant de l\u2019<strong data-start=\"1612\" data-end=\"1635\">actualit\u00e9 politique<\/strong> et \u00e9conomique \u00e0 la culture, en passant par les faits divers et le sport. Son \u00e9quipe de journalistes couvre aussi bien les \u00e9v\u00e9nements municipaux que les grands dossiers nationaux ayant un impact sur la r\u00e9gion.<\/p><p data-start=\"1848\" data-end=\"2162\">Le journal propose \u00e9galement des enqu\u00eates approfondies sur des th\u00e9matiques comme le tourisme, l\u2019immobilier, l\u2019environnement et les innovations locales. Cette diversit\u00e9 de contenus permet \u00e0 Nice-Matin de toucher un large public, des jeunes actifs aux retrait\u00e9s, en passant par les professionnels et les \u00e9tudiants.<\/p><h3 data-start=\"2164\" data-end=\"2208\"><strong data-start=\"2168\" data-end=\"2206\">Un m\u00e9dia engag\u00e9 dans la vie locale<\/strong><\/h3><p data-start=\"2210\" data-end=\"2561\">Nice-Matin est bien plus qu\u2019un journal : il est un v\u00e9ritable acteur de la vie locale. Il organise r\u00e9guli\u00e8rement des d\u00e9bats, des conf\u00e9rences et des \u00e9v\u00e9nements destin\u00e9s \u00e0 rapprocher les citoyens de l\u2019information et des d\u00e9cideurs locaux. Par exemple, ses forums sur le logement, la mobilit\u00e9 et l\u2019\u00e9conomie attirent chaque ann\u00e9e de nombreux participants.<\/p><p data-start=\"2563\" data-end=\"2749\">L\u2019engagement du journal se refl\u00e8te \u00e9galement dans ses actions de solidarit\u00e9 et ses partenariats avec des associations locales, soutenant ainsi des causes sociales et environnementales.<\/p><h3 data-start=\"2756\" data-end=\"2808\"><strong data-start=\"2759\" data-end=\"2806\">L\u2019\u00e9volution du journal \u00e0 l\u2019\u00e8re du num\u00e9rique<\/strong><\/h3><h3 data-start=\"2810\" data-end=\"2878\"><strong data-start=\"2814\" data-end=\"2876\">Le passage au num\u00e9rique et la diversification des supports<\/strong><\/h3><p data-start=\"2880\" data-end=\"3236\">Comme de nombreux journaux r\u00e9gionaux, Nice-Matin a d\u00fb s\u2019adapter \u00e0 la r\u00e9volution num\u00e9rique. D\u00e8s les ann\u00e9es 2000, il a d\u00e9velopp\u00e9 une <strong data-start=\"3011\" data-end=\"3029\">plateforme web<\/strong> compl\u00e8te, proposant des articles en ligne, des vid\u00e9os et des contenus interactifs. Le site <strong data-start=\"3121\" data-end=\"3138\">nicematin.com<\/strong> est aujourd\u2019hui une r\u00e9f\u00e9rence pour ceux qui souhaitent suivre l\u2019actualit\u00e9 locale en temps r\u00e9el.<\/p><p data-start=\"3238\" data-end=\"3500\">En plus du site web, Nice-Matin a investi dans les <strong data-start=\"3289\" data-end=\"3308\">r\u00e9seaux sociaux<\/strong>, notamment Facebook, Twitter et Instagram, pour toucher un public plus large et plus jeune. Ces plateformes permettent de diffuser l\u2019information rapidement et d\u2019interagir avec les lecteurs.<\/p><h3 data-start=\"3502\" data-end=\"3547\"><strong data-start=\"3506\" data-end=\"3545\">L&#8217;essor du journalisme participatif<\/strong><\/h3><p data-start=\"3549\" data-end=\"3869\">Avec l&#8217;essor du num\u00e9rique, Nice-Matin a \u00e9galement lanc\u00e9 des initiatives de <strong data-start=\"3624\" data-end=\"3652\">journalisme participatif<\/strong>, o\u00f9 les lecteurs peuvent proposer des sujets, partager leurs exp\u00e9riences et interagir avec les journalistes. Ce mod\u00e8le favorise une plus grande implication des citoyens dans la construction de l\u2019information locale.<\/p><h3 data-start=\"3876\" data-end=\"3932\"><strong data-start=\"3879\" data-end=\"3930\">Les d\u00e9fis et enjeux pour l\u2019avenir de Nice-Matin<\/strong><\/h3><h3 data-start=\"3934\" data-end=\"3979\"><strong data-start=\"3938\" data-end=\"3977\">Concurrence et adaptation au march\u00e9<\/strong><\/h3><p data-start=\"3981\" data-end=\"4260\">Le march\u00e9 de la presse locale est en constante \u00e9volution, avec une concurrence accrue des m\u00e9dias en ligne et des plateformes de contenus gratuits. Pour maintenir son lectorat, Nice-Matin doit innover en permanence, en proposant des contenus exclusifs et \u00e0 forte valeur ajout\u00e9e.<\/p><p data-start=\"4262\" data-end=\"4415\">Le journal mise notamment sur des enqu\u00eates approfondies, des reportages multim\u00e9dias et des offres d\u2019abonnement attractives pour fid\u00e9liser ses lecteurs.<\/p><h3 data-start=\"4417\" data-end=\"4471\"><strong data-start=\"4421\" data-end=\"4469\">Ind\u00e9pendance \u00e9ditoriale et mod\u00e8le \u00e9conomique<\/strong><\/h3><p data-start=\"4473\" data-end=\"4912\">Comme de nombreux journaux r\u00e9gionaux, Nice-Matin a connu des p\u00e9riodes difficiles sur le plan financier. Apr\u00e8s plusieurs rachats et restructurations, le journal a \u00e9t\u00e9 repris en 2019 par ses propres salari\u00e9s sous la forme d\u2019une <strong data-start=\"4699\" data-end=\"4749\">Soci\u00e9t\u00e9 Coop\u00e9rative d\u2019Int\u00e9r\u00eat Collectif (SCIC)<\/strong>. Ce mod\u00e8le permet de garantir une certaine ind\u00e9pendance \u00e9ditoriale et de pr\u00e9server la mission premi\u00e8re du journal : informer les citoyens en toute transparence.<\/p><h3 data-start=\"4914\" data-end=\"4966\"><strong data-start=\"4918\" data-end=\"4964\">L\u2019innovation comme moteur de d\u00e9veloppement<\/strong><\/h3><p data-start=\"4968\" data-end=\"5233\">Pour assurer sa p\u00e9rennit\u00e9, Nice-Matin explore de nouveaux formats, notamment les <strong data-start=\"5049\" data-end=\"5061\">podcasts<\/strong>, les <strong data-start=\"5067\" data-end=\"5094\">newsletters th\u00e9matiques<\/strong> et les <strong data-start=\"5102\" data-end=\"5128\">\u00e9v\u00e9nements interactifs<\/strong>. Ces initiatives visent \u00e0 moderniser le journal tout en renfor\u00e7ant son lien avec la communaut\u00e9 locale.<\/p><h2 data-start=\"2334\" data-end=\"2357\"><span style=\"font-size: 18pt;\"><strong data-start=\"2334\" data-end=\"2357\">Foire Aux Questions<\/strong><\/span><\/h2><h4 data-start=\"2359\" data-end=\"2540\"><em data-start=\"2359\" data-end=\"2412\">Quelle est la meilleure p\u00e9riode pour visiter Nice ?<\/em><\/h4><p data-start=\"2359\" data-end=\"2540\">Le printemps et l&#8217;automne offrent des temp\u00e9ratures agr\u00e9ables et une affluence touristique mod\u00e9r\u00e9e. Cependant, l&#8217;\u00e9t\u00e9 est id\u00e9al pour profiter des plages et des festivals.\u200b<\/p><h4 data-start=\"2542\" data-end=\"2700\"><em data-start=\"2542\" data-end=\"2572\">Comment se d\u00e9placer \u00e0 Nice ?<\/em><\/h4><p data-start=\"2542\" data-end=\"2700\">Nice <a href=\"https:\/\/www.nice.fr\/fr\/\" target=\"_blank\" rel=\"noopener\">dispose d&#8217;un r\u00e9seau<\/a> de tramways et de bus bien d\u00e9velopp\u00e9. La ville est \u00e9galement propice \u00e0 la marche, notamment le long de la promenade des Anglais.\u200b<\/p><h4 data-start=\"2702\" data-end=\"2831\"><em data-start=\"2702\" data-end=\"2743\">Quels sont les plats typiques de Nice ?<\/em><\/h4><p data-start=\"2702\" data-end=\"2831\">La socca, une galette de farine de pois chiche, et la salade ni\u00e7oise sont des sp\u00e9cialit\u00e9s locales \u00e0 d\u00e9guster.\u200b<\/p><h4 data-start=\"2833\" data-end=\"3000\"><em data-start=\"2833\" data-end=\"2872\">Y a-t-il des plages de sable \u00e0 Nice ?<\/em><\/h4><p data-start=\"2833\" data-end=\"3000\">Les plages de Nice sont principalement compos\u00e9es de galets. Pour des plages de sable, il est recommand\u00e9 de se rendre \u00e0 Antibes ou Cannes.\u200b<\/p><h4 data-start=\"3002\" data-end=\"3134\"><em data-start=\"3002\" data-end=\"3046\">Quels sont les \u00e9v\u00e9nements majeurs \u00e0 Nice ?<\/em><\/h4><p data-start=\"3002\" data-end=\"3134\">Le Carnaval de Nice en f\u00e9vrier et le Nice Jazz Festival en juillet sont des \u00e9v\u00e9nements culturels majeurs de la ville.\u200b<\/p><h4 data-start=\"3136\" data-end=\"3265\"><em data-start=\"3136\" data-end=\"3177\">O\u00f9 trouver des produits locaux \u00e0 Nice ?<\/em><\/h4><p data-start=\"3136\" data-end=\"3265\">Le cours Saleya est r\u00e9put\u00e9 pour son march\u00e9 aux fleurs et ses \u00e9tals de produits locaux.\u200b<\/p><h1 style=\"text-align: center;\" data-start=\"40\" data-end=\"86\"><span style=\"font-size: 16px; color: #707070;\">\u200b<\/span><\/h1>\t\t\t\t\t\t\t\t<\/div>\n\t\t\t\t\t<\/div>\n\t\t\t\t<\/div>\n\t\t<div class=\"elementor-element elementor-element-266ebcf e-flex e-con-boxed e-con e-parent\" data-id=\"266ebcf\" data-element_type=\"container\" data-e-type=\"container\">\n\t\t\t\t\t<div class=\"e-con-inner\">\n\t\t\t\t<div class=\"elementor-element elementor-element-f2e6bcb elementor-widget elementor-widget-listeo-posts-grid\" data-id=\"f2e6bcb\" data-element_type=\"widget\" data-e-type=\"widget\" data-widget_type=\"listeo-posts-grid.default\">\n\t\t\t\t<div class=\"elementor-widget-container\">\n\t\t\t\t\t\t\t\n\t\t<div class=\"listeo-post-grid-wrapper\">\n\t\t\t<div class=\"row\">\n\n\t\t\t\n\n\t\t\t\t\t\t\t<div class=\"col-md-4\">\n                <a href=\"https:\/\/cparici.com\/en\/mont-ventoux\/\" class=\"blog-compact-item-container\">\n                    <div class=\"blog-compact-item\">\n                        <img decoding=\"async\" width=\"577\" height=\"204\" src=\"https:\/\/cparici.com\/wp-content\/uploads\/2025\/09\/cparici-2025-09-14T184256.403-577x204.jpg\" class=\"attachment-listeo-blog-related-post size-listeo-blog-related-post wp-post-image\" alt=\"Mont Ventoux\" srcset=\"https:\/\/cparici.com\/wp-content\/uploads\/2025\/09\/cparici-2025-09-14T184256.403-577x204.jpg 577w, https:\/\/cparici.com\/wp-content\/uploads\/2025\/09\/cparici-2025-09-14T184256.403-300x106.jpg 300w, https:\/\/cparici.com\/wp-content\/uploads\/2025\/09\/cparici-2025-09-14T184256.403-1024x362.jpg 1024w, https:\/\/cparici.com\/wp-content\/uploads\/2025\/09\/cparici-2025-09-14T184256.403-768x271.jpg 768w, https:\/\/cparici.com\/wp-content\/uploads\/2025\/09\/cparici-2025-09-14T184256.403-18x6.jpg 18w, https:\/\/cparici.com\/wp-content\/uploads\/2025\/09\/cparici-2025-09-14T184256.403-590x208.jpg 590w, https:\/\/cparici.com\/wp-content\/uploads\/2025\/09\/cparici-2025-09-14T184256.403-1200x424.jpg 1200w, https:\/\/cparici.com\/wp-content\/uploads\/2025\/09\/cparici-2025-09-14T184256.403-600x212.jpg 600w, https:\/\/cparici.com\/wp-content\/uploads\/2025\/09\/cparici-2025-09-14T184256.403.jpg 1500w\" sizes=\"(max-width: 577px) 100vw, 577px\" \/><span class=\"blog-item-tag\">France<\/span>                        \n                        <div class=\"blog-compact-item-content\">\n                                                        <h3>Mont Ventoux : visite, histoire et circuits incontournables<\/h3>\n                                                    <\/div>\n                    <\/div>\n                <\/a>\n            <\/div>\n\t\t\t<div class=\"col-md-4\">\n                <a href=\"https:\/\/cparici.com\/en\/beaumes-de-venise\/\" class=\"blog-compact-item-container\">\n                    <div class=\"blog-compact-item\">\n                        <img decoding=\"async\" width=\"577\" height=\"204\" src=\"https:\/\/cparici.com\/wp-content\/uploads\/2024\/07\/Beaumes-de-Venise.jpg\" class=\"attachment-listeo-blog-related-post size-listeo-blog-related-post wp-post-image\" alt=\"Beaumes de Venise\" srcset=\"https:\/\/cparici.com\/wp-content\/uploads\/2024\/07\/Beaumes-de-Venise.jpg 1500w, https:\/\/cparici.com\/wp-content\/uploads\/2024\/07\/Beaumes-de-Venise-600x212.jpg 600w, https:\/\/cparici.com\/wp-content\/uploads\/2024\/07\/Beaumes-de-Venise-300x106.jpg 300w, https:\/\/cparici.com\/wp-content\/uploads\/2024\/07\/Beaumes-de-Venise-1024x362.jpg 1024w, https:\/\/cparici.com\/wp-content\/uploads\/2024\/07\/Beaumes-de-Venise-768x271.jpg 768w\" sizes=\"(max-width: 577px) 100vw, 577px\" \/><span class=\"blog-item-tag\">Beaumes de Venise<\/span>                        \n                        <div class=\"blog-compact-item-content\">\n                                                        <h3>Beaumes de venise &#8211; guide de voyage et d\u00e9gustation<\/h3>\n                                                    <\/div>\n                    <\/div>\n                <\/a>\n            <\/div>\n\t\t\t<div class=\"col-md-4\">\n                <a href=\"https:\/\/cparici.com\/en\/cassis-ville\/\" class=\"blog-compact-item-container\">\n                    <div class=\"blog-compact-item\">\n                        <img decoding=\"async\" width=\"577\" height=\"204\" src=\"https:\/\/cparici.com\/wp-content\/uploads\/2024\/08\/cassis-ville-bouches-du-rhone.jpg\" class=\"attachment-listeo-blog-related-post size-listeo-blog-related-post wp-post-image\" alt=\"cassis ville - bouches du rhone\" srcset=\"https:\/\/cparici.com\/wp-content\/uploads\/2024\/08\/cassis-ville-bouches-du-rhone.jpg 1500w, https:\/\/cparici.com\/wp-content\/uploads\/2024\/08\/cassis-ville-bouches-du-rhone-600x212.jpg 600w, https:\/\/cparici.com\/wp-content\/uploads\/2024\/08\/cassis-ville-bouches-du-rhone-300x106.jpg 300w, https:\/\/cparici.com\/wp-content\/uploads\/2024\/08\/cassis-ville-bouches-du-rhone-1024x362.jpg 1024w, https:\/\/cparici.com\/wp-content\/uploads\/2024\/08\/cassis-ville-bouches-du-rhone-768x271.jpg 768w\" sizes=\"(max-width: 577px) 100vw, 577px\" \/><span class=\"blog-item-tag\">Bouches du Rhone<\/span>                        \n                        <div class=\"blog-compact-item-content\">\n                                                        <h3>Cassis, ville embl\u00e9matique- tourisme, calanques et patrimoine<\/h3>\n                                                    <\/div>\n                    <\/div>\n                <\/a>\n            <\/div>\n  <\/div>\n        <\/div>\n        \t\t\t\t<\/div>\n\t\t\t\t<\/div>\n\t\t\t\t\t<\/div>\n\t\t\t\t<\/div>\n\t\t\t\t<\/div>\n\t\t","protected":false},"excerpt":{"rendered":"<p>Recherches populaires Categories Pas de r\u00e9sultats Voir tous les r\u00e9sultats Nice : d\u00e9couvrir la ville Nice, situ\u00e9e dans le sud-est de la France, est une ville embl\u00e9matique de la C\u00f4te d&#8217;Azur, r\u00e9put\u00e9e pour sa beaut\u00e9 naturelle, son riche patrimoine culturel et son climat m\u00e9diterran\u00e9en. Bord\u00e9e par la baie des Anges et entour\u00e9e de collines pittoresques, [&hellip;]<\/p>\n","protected":false},"author":1,"featured_media":59188,"comment_status":"closed","ping_status":"closed","sticky":false,"template":"elementor_header_footer","format":"standard","meta":{"ngg_post_thumbnail":0,"footnotes":""},"categories":[2545,1000,477,995],"tags":[1273,906],"class_list":["post-59187","post","type-post","status-publish","format-standard","has-post-thumbnail","hentry","category-nice","category-alpes-maritimes","category-france","category-provence-alpes-cote-dazur","tag-mediterranee","tag-ville"],"_links":{"self":[{"href":"https:\/\/cparici.com\/en\/wp-json\/wp\/v2\/posts\/59187","targetHints":{"allow":["GET"]}}],"collection":[{"href":"https:\/\/cparici.com\/en\/wp-json\/wp\/v2\/posts"}],"about":[{"href":"https:\/\/cparici.com\/en\/wp-json\/wp\/v2\/types\/post"}],"author":[{"embeddable":true,"href":"https:\/\/cparici.com\/en\/wp-json\/wp\/v2\/users\/1"}],"replies":[{"embeddable":true,"href":"https:\/\/cparici.com\/en\/wp-json\/wp\/v2\/comments?post=59187"}],"version-history":[{"count":3,"href":"https:\/\/cparici.com\/en\/wp-json\/wp\/v2\/posts\/59187\/revisions"}],"predecessor-version":[{"id":89466,"href":"https:\/\/cparici.com\/en\/wp-json\/wp\/v2\/posts\/59187\/revisions\/89466"}],"wp:featuredmedia":[{"embeddable":true,"href":"https:\/\/cparici.com\/en\/wp-json\/wp\/v2\/media\/59188"}],"wp:attachment":[{"href":"https:\/\/cparici.com\/en\/wp-json\/wp\/v2\/media?parent=59187"}],"wp:term":[{"taxonomy":"category","embeddable":true,"href":"https:\/\/cparici.com\/en\/wp-json\/wp\/v2\/categories?post=59187"},{"taxonomy":"post_tag","embeddable":true,"href":"https:\/\/cparici.com\/en\/wp-json\/wp\/v2\/tags?post=59187"}],"curies":[{"name":"wp","href":"https:\/\/api.w.org\/{rel}","templated":true}]}}