{"id":59374,"date":"2025-03-09T10:12:44","date_gmt":"2025-03-09T09:12:44","guid":{"rendered":"https:\/\/cparici.com\/?p=59374"},"modified":"2025-03-29T21:44:01","modified_gmt":"2025-03-29T20:44:01","slug":"belfort-region","status":"publish","type":"post","link":"https:\/\/cparici.com\/en\/territoire-de-belfort\/","title":{"rendered":"Territoire de Belfort - essential information"},"content":{"rendered":"\t\t<div data-elementor-type=\"wp-post\" data-elementor-id=\"59374\" class=\"elementor elementor-59374\" data-elementor-post-type=\"post\">\n\t\t\t\t<div class=\"elementor-element elementor-element-c18da65 e-con-full e-flex e-con e-parent\" data-id=\"c18da65\" data-element_type=\"container\" data-e-type=\"container\">\n\t\t\t\t<div class=\"elementor-element elementor-element-f5c5869 elementor-widget elementor-widget-image\" data-id=\"f5c5869\" data-element_type=\"widget\" data-e-type=\"widget\" data-widget_type=\"image.default\">\n\t\t\t\t\t\t\t\t\t\t\t\t\t\t\t<img decoding=\"async\" width=\"1500\" height=\"530\" src=\"https:\/\/cparici.com\/wp-content\/uploads\/2025\/03\/cparici-2025-03-09T093747.029.jpg\" class=\"attachment-full size-full wp-image-59380\" alt=\"Territoire de Belfort\" srcset=\"https:\/\/cparici.com\/wp-content\/uploads\/2025\/03\/cparici-2025-03-09T093747.029.jpg 1500w, https:\/\/cparici.com\/wp-content\/uploads\/2025\/03\/cparici-2025-03-09T093747.029-300x106.jpg 300w, https:\/\/cparici.com\/wp-content\/uploads\/2025\/03\/cparici-2025-03-09T093747.029-1024x362.jpg 1024w, https:\/\/cparici.com\/wp-content\/uploads\/2025\/03\/cparici-2025-03-09T093747.029-768x271.jpg 768w, https:\/\/cparici.com\/wp-content\/uploads\/2025\/03\/cparici-2025-03-09T093747.029-18x6.jpg 18w, https:\/\/cparici.com\/wp-content\/uploads\/2025\/03\/cparici-2025-03-09T093747.029-590x208.jpg 590w, https:\/\/cparici.com\/wp-content\/uploads\/2025\/03\/cparici-2025-03-09T093747.029-1200x424.jpg 1200w, https:\/\/cparici.com\/wp-content\/uploads\/2025\/03\/cparici-2025-03-09T093747.029-577x204.jpg 577w, https:\/\/cparici.com\/wp-content\/uploads\/2025\/03\/cparici-2025-03-09T093747.029-600x212.jpg 600w\" sizes=\"(max-width: 1500px) 100vw, 1500px\" \/>\t\t\t\t\t\t\t\t\t\t\t\t\t\t\t<\/div>\n\t\t\t\t<\/div>\n\t\t<div class=\"elementor-element elementor-element-d41bab5 e-flex e-con-boxed e-con e-parent\" data-id=\"d41bab5\" data-element_type=\"container\" data-e-type=\"container\">\n\t\t\t\t\t<div class=\"e-con-inner\">\n\t\t\t\t<div class=\"elementor-element elementor-element-5c1e450 elementor-widget elementor-widget-global elementor-global-62046 elementor-widget-eael-advanced-search\" data-id=\"5c1e450\" data-element_type=\"widget\" data-e-type=\"widget\" data-widget_type=\"eael-advanced-search.default\">\n\t\t\t\t\t        <div class=\"eael-adv-search-wrapper\">\n            <div id=\"eael-advanced-search-widget-5c1e450\" class=\"eael-advanced-search-widget\">\n                <form data-settings=\"{&quot;post_per_page&quot;:5,&quot;search_among_taxonomies&quot;:&quot;&quot;,&quot;search_among_sku&quot;:&quot;no&quot;,&quot;show_popular_keyword&quot;:0,&quot;show_category&quot;:0,&quot;show_content_image&quot;:1,&quot;show_search_result_all_results&quot;:0,&quot;result_on_new_tab&quot;:&quot;no&quot;,&quot;show_product_price&quot;:&quot;no&quot;,&quot;include_current_page&quot;:&quot;no&quot;,&quot;current_post_id&quot;:59374,&quot;post_type&quot;:[&quot;post&quot;,&quot;listing&quot;]}\" method=\"POST\" name=\"eael-advanced-search-form-5c1e450\" class=\"eael-advanced-search-form eael-advanced-search-form-style-2\">\n                    <div class=\"eael-advanced-search-wrap\">\n                        <span class=\"eael-adv-search-loader\"><\/span>\n                        <span class=\"eael-adv-search-close\"><i class=\"fas fa-times\"><\/i><\/span>\n                        <span class=\"icon \"><i class=\"fas fa-search\"><\/i><\/span>\n\n                        <input type=\"text\"\n                               placeholder=\"Votre destination\"\n                               class=\"eael-advanced-search\" autocomplete=\"off\" name=\"eael_advanced_search\">\n                    <\/div>\n\t\t\t\t\t                                    <\/form>\n\n\t\t\t\t\n\t\t\t\t        <div class=\"eael-advanced-search-result\">\n            <div class=\"eael-advanced-search-popular-keyword\">\n\t\t\t\t<h4 class=\"eael-advanced-search-popular-keyword-text\">Recherches populaires<\/h4>                <div class=\"eael-popular-keyword-content\"><\/div>\n            <\/div>\n            <div class=\"eael-advanced-search-category\">\n\t\t\t\t<h4 class=\"eael-advanced-search-category-text\">Categories<\/h4>                <div class=\"eael-popular-category-content\"><\/div>\n            <\/div>\n\t\t\t<div class=\"eael-advanced-search-total-results-section\">\n\t\t\t\t\t\t\t<\/div>\n            <div class=\"eael-advanced-search-content eael-item-style-3\">\n            <\/div>\n            <div class=\"eael-advanced-search-not-found\">\n                <p>Pas de r\u00e9sultats<\/p><\/div>\n            <div class=\"eael-advanced-search-load-more\">\n\t\t\t\t<a \tclass=\"eael-advanced-search-load-more-button\"\n                \thref=\"#\">Voir tous les r\u00e9sultats<\/a>\n            <\/div>\n        <\/div>\n\n\t\t            <\/div>\n        <\/div>\n\n\t\t\t\t\t\t<\/div>\n\t\t\t\t\t<\/div>\n\t\t\t\t<\/div>\n\t\t<div class=\"elementor-element elementor-element-42aaf262 e-con-full e-flex e-con e-parent\" data-id=\"42aaf262\" data-element_type=\"container\" data-e-type=\"container\">\n\t\t\t\t<div class=\"elementor-element elementor-element-4f2d2722 elementor-widget elementor-widget-text-editor\" data-id=\"4f2d2722\" data-element_type=\"widget\" data-e-type=\"widget\" data-widget_type=\"text-editor.default\">\n\t\t\t\t\t\t\t\t\t<h1 style=\"text-align: center;\" data-start=\"0\" data-end=\"81\"><span style=\"font-size: 18pt;\"><strong data-start=\"0\" data-end=\"79\">Le Territoire de Belfort <\/strong><\/span><\/h1><p data-start=\"407\" data-end=\"1089\">Situ\u00e9 dans l&#8217;est de la France, le <strong data-start=\"441\" data-end=\"466\">Territoire de Belfort<\/strong> est un des <a href=\"https:\/\/cparici.com\/departements-francais-carte-de-france\/\">d\u00e9partements fran\u00e7ais<\/a> au riche patrimoine culturel et naturel. Bord\u00e9 par les montagnes des <a href=\"https:\/\/cparici.com\/massif-des-vosges\/\">Vosges<\/a> et la plaine d&#8217;Alsace, il offre une diversit\u00e9 de <strong data-start=\"611\" data-end=\"637\">paysages exceptionnels<\/strong>. Son histoire, marqu\u00e9e par des \u00e9v\u00e9nements militaires majeurs, se refl\u00e8te dans ses monuments embl\u00e9matiques.<\/p><h2 data-start=\"331\" data-end=\"405\"><span style=\"font-size: 18pt;\"><strong data-start=\"334\" data-end=\"403\">Le Territoire de Belfort, un d\u00e9partement entre nature et histoire<\/strong><\/span><\/h2><p data-start=\"407\" data-end=\"1089\">Ce territoire, bien que petit par sa superficie, regorge de tr\u00e9sors \u00e0 d\u00e9couvrir, que ce soit en mati\u00e8re de <strong data-start=\"852\" data-end=\"874\">sites touristiques<\/strong>, de <strong data-start=\"879\" data-end=\"901\">gastronomie locale<\/strong>, ou encore de villages pittoresques. Si vous souhaitez explorer une r\u00e9gion pleine de charme <strong data-start=\"994\" data-end=\"1005\">du pays<\/strong>, cet article vous guidera \u00e0 travers les incontournables du Territoire de Belfort.<\/p><h2 data-start=\"1096\" data-end=\"1168\"><span style=\"font-size: 18pt;\"><strong data-start=\"1099\" data-end=\"1166\">Les sites touristiques incontournables de Belfort et son territoire<\/strong><\/span><\/h2><h3 data-start=\"1170\" data-end=\"1214\"><strong data-start=\"1174\" data-end=\"1212\">La Citadelle et le Lion de Belfort<\/strong><\/h3><p data-start=\"1215\" data-end=\"1557\">Symbole du d\u00e9partement, le <strong data-start=\"1242\" data-end=\"1261\">Lion<\/strong>\u00a0est une imposante sculpture en gr\u00e8s rose r\u00e9alis\u00e9e par <strong data-start=\"1316\" data-end=\"1338\">Fr\u00e9d\u00e9ric Bartholdi<\/strong> en hommage \u00e0 la r\u00e9sistance h\u00e9ro\u00efque de la ville lors du si\u00e8ge de 1870-1871. Juste au-dessus, la <strong data-start=\"1435\" data-end=\"1459\">Citadelle<\/strong>, construite par Vauban, offre une vue panoramique exceptionnelle sur la ville et ses alentours.<\/p><figure id=\"attachment_59384\" aria-describedby=\"caption-attachment-59384\" style=\"width: 1500px\" class=\"wp-caption alignnone\"><a href=\"https:\/\/cparici.com\/wp-content\/uploads\/2025\/03\/cparici-2025-03-09T095906.754.jpg\"><img decoding=\"async\" class=\"size-full wp-image-59384\" src=\"https:\/\/cparici.com\/wp-content\/uploads\/2025\/03\/cparici-2025-03-09T095906.754.jpg\" alt=\"citadelle territoire de Belfort\" width=\"1500\" height=\"530\" srcset=\"https:\/\/cparici.com\/wp-content\/uploads\/2025\/03\/cparici-2025-03-09T095906.754.jpg 1500w, https:\/\/cparici.com\/wp-content\/uploads\/2025\/03\/cparici-2025-03-09T095906.754-300x106.jpg 300w, https:\/\/cparici.com\/wp-content\/uploads\/2025\/03\/cparici-2025-03-09T095906.754-1024x362.jpg 1024w, https:\/\/cparici.com\/wp-content\/uploads\/2025\/03\/cparici-2025-03-09T095906.754-768x271.jpg 768w, https:\/\/cparici.com\/wp-content\/uploads\/2025\/03\/cparici-2025-03-09T095906.754-18x6.jpg 18w, https:\/\/cparici.com\/wp-content\/uploads\/2025\/03\/cparici-2025-03-09T095906.754-590x208.jpg 590w, https:\/\/cparici.com\/wp-content\/uploads\/2025\/03\/cparici-2025-03-09T095906.754-1200x424.jpg 1200w, https:\/\/cparici.com\/wp-content\/uploads\/2025\/03\/cparici-2025-03-09T095906.754-577x204.jpg 577w, https:\/\/cparici.com\/wp-content\/uploads\/2025\/03\/cparici-2025-03-09T095906.754-600x212.jpg 600w\" sizes=\"(max-width: 1500px) 100vw, 1500px\" \/><\/a><figcaption id=\"caption-attachment-59384\" class=\"wp-caption-text\">citadelle territoire de Belfort<\/figcaption><\/figure><h3 data-start=\"1559\" data-end=\"1587\"><strong data-start=\"1563\" data-end=\"1585\">Le Ballon d\u2019Alsace<\/strong><\/h3><p data-start=\"1588\" data-end=\"1906\">Le <strong data-start=\"1591\" data-end=\"1610\">Ballon d&#8217;<a href=\"https:\/\/cparici.com\/alsace\/\">Alsace<\/a><\/strong>, point culminant du d\u00e9partement \u00e0 1 247 m\u00e8tres, est un site pris\u00e9 des amateurs de nature et de randonn\u00e9e. En hiver, il se transforme en station de sports d\u2019hiver conviviale, et en \u00e9t\u00e9, il propose de magnifiques sentiers de randonn\u00e9e offrant une vue imprenable sur les Vosges et la For\u00eat-Noire.<\/p><h3 data-start=\"1908\" data-end=\"1936\"><strong data-start=\"1912\" data-end=\"1934\">L\u2019\u00e9tang des Forges<\/strong><\/h3><p data-start=\"1937\" data-end=\"2218\">L\u2019<strong data-start=\"1968\" data-end=\"1988\">\u00e9tang des Forges<\/strong> est un espace naturel id\u00e9al pour la d\u00e9tente et les activit\u00e9s de plein air. Bord\u00e9 de sentiers, il est appr\u00e9ci\u00e9 des promeneurs et des cyclistes. Sa biodiversit\u00e9 en fait \u00e9galement un site privil\u00e9gi\u00e9 pour l\u2019observation des oiseaux.<\/p><h3 data-start=\"2220\" data-end=\"2241\"><strong data-start=\"2224\" data-end=\"2239\">Le Malsaucy<\/strong><\/h3><p data-start=\"2242\" data-end=\"2525\">Ce site naturel est c\u00e9l\u00e8bre pour accueillir le festival de musique <strong data-start=\"2309\" data-end=\"2340\">Les Eurock\u00e9ennes<\/strong>, l\u2019un des plus grands festivals de rock en France. En dehors de cet \u00e9v\u00e9nement, le Malsaucy est un espace propice aux loisirs nautiques, aux randonn\u00e9es et aux pique-niques en famille.<\/p><h2 data-start=\"2532\" data-end=\"2584\"><span style=\"font-size: 18pt;\"><strong data-start=\"2535\" data-end=\"2582\">Paysages et villes du Territoire de Belfort<\/strong><\/span><\/h2><h3 data-start=\"2586\" data-end=\"2635\"><strong data-start=\"2590\" data-end=\"2633\">Des paysages entre montagnes et plaines<\/strong><\/h3><p data-start=\"2636\" data-end=\"2924\">Le Territoire est caract\u00e9ris\u00e9 par une diversit\u00e9 de <strong data-start=\"2698\" data-end=\"2710\">paysages<\/strong> allant des for\u00eats denses du massif des Vosges aux plaines verdoyantes de la Trou\u00e9e de Belfort. Cette derni\u00e8re, situ\u00e9e entre les Vosges et le Jura, a jou\u00e9 un r\u00f4le strat\u00e9gique majeur dans l\u2019histoire du territoire.<\/p><h3 data-start=\"2926\" data-end=\"2973\"><strong data-start=\"2930\" data-end=\"2971\">Belfort, une ville charg\u00e9e d\u2019histoire<\/strong><\/h3><p data-start=\"2974\" data-end=\"3218\">Chef-lieu du d\u00e9partement, <strong data-start=\"3000\" data-end=\"3011\">Belfort<\/strong> est une ville dynamique o\u00f9 l\u2019histoire et la modernit\u00e9 se m\u00ealent. Son centre-ville, anim\u00e9 par ses commerces et ses terrasses, est domin\u00e9 par la <strong data-start=\"3155\" data-end=\"3172\">vieille ville<\/strong> aux ruelles pav\u00e9es et aux fa\u00e7ades color\u00e9es.<\/p><h3 data-start=\"3220\" data-end=\"3280\"><strong data-start=\"3224\" data-end=\"3278\">Les villages pittoresques du Territoire<\/strong><\/h3><p data-start=\"3281\" data-end=\"3563\">Le d\u00e9partement abrite de charmants villages comme <strong data-start=\"3346\" data-end=\"3355\">Delle<\/strong>, aux portes de la Suisse, ou encore <strong data-start=\"3392\" data-end=\"3405\">Giromagny<\/strong>, un ancien bourg minier offrant un cadre naturel pr\u00e9serv\u00e9. Ces localit\u00e9s, souvent m\u00e9connues, m\u00e9ritent une visite pour leur patrimoine et leur authenticit\u00e9.<\/p><h2 data-start=\"3570\" data-end=\"3617\"><span style=\"font-size: 18pt;\"><strong data-start=\"3573\" data-end=\"3615\">La r\u00e9gion et les d\u00e9partements alentour<\/strong><\/span><\/h2><h3 data-start=\"3619\" data-end=\"3653\"><strong data-start=\"3623\" data-end=\"3651\">L\u2019Alsace et le Haut-Rhin<\/strong><\/h3><p data-start=\"3654\" data-end=\"3927\">\u00c0 l\u2019est du d\u00e9partement, l\u2019<strong data-start=\"3690\" data-end=\"3700\">Alsace<\/strong> et le <a href=\"https:\/\/cparici.com\/haut-rhin-departement\/\"><strong data-start=\"3707\" data-end=\"3720\">Haut-Rhin<\/strong><\/a> offrent des paysages viticoles et des villages typiques tels que <strong data-start=\"3786\" data-end=\"3796\">Colmar<\/strong> ou <strong data-start=\"3800\" data-end=\"3813\">Riquewihr<\/strong>. Cette proximit\u00e9 permet de combiner une visite de Belfort avec une escapade sur la <strong data-start=\"3897\" data-end=\"3924\">route des vins d\u2019Alsace<\/strong>.<\/p><h3 data-start=\"3929\" data-end=\"3983\"><strong data-start=\"3933\" data-end=\"3981\">La Haute-Sa\u00f4ne et la Bourgogne-Franche-Comt\u00e9<\/strong><\/h3><p data-start=\"3984\" data-end=\"4276\">Au sud et \u00e0 l\u2019ouest, la <a href=\"https:\/\/cparici.com\/haute-saone\/\"><strong data-start=\"4008\" data-end=\"4023\">Haute-Sa\u00f4ne<\/strong><\/a> est r\u00e9put\u00e9e pour ses for\u00eats et ses vall\u00e9es paisibles. Faisant partie de la r\u00e9gion <a href=\"https:\/\/cparici.com\/bourgogne-franche-comte\/\"><strong data-start=\"4106\" data-end=\"4133\">Bourgogne-Franche-Comt\u00e9<\/strong><\/a>, le Territoire de Belfort partage une influence culturelle et gastronomique avec des d\u00e9partements voisins comme le <strong data-start=\"4249\" data-end=\"4258\">Doubs<\/strong> et le <strong data-start=\"4265\" data-end=\"4273\">Jura<\/strong>.<\/p><h3 data-start=\"4278\" data-end=\"4320\"><strong data-start=\"4282\" data-end=\"4318\">La Suisse, \u00e0 quelques kilom\u00e8tres<\/strong><\/h3><p data-start=\"4321\" data-end=\"4534\">Gr\u00e2ce \u00e0 sa proximit\u00e9 avec la Suisse, le Territoire de Belfort b\u00e9n\u00e9ficie d\u2019\u00e9changes \u00e9conomiques et culturels avec des villes comme <strong data-start=\"4451\" data-end=\"4459\">B\u00e2le<\/strong> ou <strong data-start=\"4463\" data-end=\"4475\">Del\u00e9mont<\/strong>. Un atout pour les amateurs de voyages transfrontaliers.<\/p><h2 data-start=\"4541\" data-end=\"4601\"><strong data-start=\"4544\" data-end=\"4599\">Gastronomie et sp\u00e9cialit\u00e9s du Territoire de Belfort<\/strong><\/h2><h3 data-start=\"4603\" data-end=\"4636\"><strong data-start=\"4607\" data-end=\"4634\">Les plats traditionnels<\/strong><\/h3><p data-start=\"4637\" data-end=\"4803\">La cuisine du <strong data-start=\"4651\" data-end=\"4676\">Territoire de Belfort<\/strong> s\u2019inspire des traditions culinaires de <strong data-start=\"4716\" data-end=\"4733\">Franche-Comt\u00e9<\/strong> et d\u2019<strong data-start=\"4739\" data-end=\"4749\">Alsace<\/strong>. Parmi les sp\u00e9cialit\u00e9s incontournables, on trouve :<\/p><ul data-start=\"4805\" data-end=\"5031\"><li data-start=\"4805\" data-end=\"4867\"><strong data-start=\"4807\" data-end=\"4825\">La carpe frite<\/strong>, plat typique des \u00e9tangs franc-comtois.<\/li><li data-start=\"4868\" data-end=\"4921\"><strong data-start=\"4870\" data-end=\"4887\">Le ropfk\u00fceche<\/strong>, une tarte flamb\u00e9e belfortaine.<\/li><li data-start=\"4922\" data-end=\"5031\"><strong data-start=\"4924\" data-end=\"4945\">La pot\u00e9e comtoise<\/strong>, un plat copieux \u00e0 base de chou, de pommes de terre et de saucisses de Montb\u00e9liard.<\/li><\/ul><h3 data-start=\"5033\" data-end=\"5071\"><strong data-start=\"5037\" data-end=\"5069\">Les fromages et charcuteries<\/strong><\/h3><p data-start=\"5072\" data-end=\"5281\">Le <strong data-start=\"5075\" data-end=\"5084\">comt\u00e9<\/strong>, le <strong data-start=\"5089\" data-end=\"5102\">mont d\u2019or<\/strong> et la <strong data-start=\"5109\" data-end=\"5125\">cancoillotte<\/strong> sont des fromages tr\u00e8s appr\u00e9ci\u00e9s dans la r\u00e9gion. C\u00f4t\u00e9 charcuterie, la <strong data-start=\"5196\" data-end=\"5223\">saucisse de Montb\u00e9liard<\/strong> et la <strong data-start=\"5230\" data-end=\"5253\">saucisse de Morteau<\/strong> sont des incontournables.<\/p><h3 data-start=\"5283\" data-end=\"5313\"><strong data-start=\"5287\" data-end=\"5311\">Les douceurs sucr\u00e9es<\/strong><\/h3><p data-start=\"5314\" data-end=\"5492\">Le <strong data-start=\"5317\" data-end=\"5328\">kouglof<\/strong>, h\u00e9rit\u00e9 de l\u2019Alsace voisine, ainsi que les <strong data-start=\"5372\" data-end=\"5395\">galettes de Belfort<\/strong>, font partie des sp\u00e9cialit\u00e9s locales \u00e0 d\u00e9guster avec un caf\u00e9 ou un verre de vin blanc du Jura.<\/p><h2 data-start=\"0\" data-end=\"69\"><span style=\"font-size: 18pt;\"><strong data-start=\"4\" data-end=\"63\">Restaurant Territoire de Belfort<\/strong> &#8211; les meilleures options<\/span><\/h2><p data-start=\"71\" data-end=\"379\">Le <strong data-start=\"74\" data-end=\"99\">Territoire de Belfort<\/strong> regorge de <strong data-start=\"111\" data-end=\"133\">restaurants vari\u00e9s<\/strong>, allant des <strong data-start=\"146\" data-end=\"174\">auberges traditionnelles<\/strong> aux <strong data-start=\"179\" data-end=\"204\">tables gastronomiques<\/strong>, en passant par des <strong data-start=\"225\" data-end=\"249\">restaurants du monde<\/strong> et des <strong data-start=\"257\" data-end=\"281\">adresses conviviales<\/strong>. Voici un guide des diff\u00e9rentes options disponibles dans les villes et villages du d\u00e9partement.<\/p><h3 data-start=\"386\" data-end=\"428\"><strong data-start=\"393\" data-end=\"426\">1. Restaurants gastronomiques<\/strong><\/h3><p data-start=\"429\" data-end=\"501\">Id\u00e9als pour les amateurs de <strong data-start=\"457\" data-end=\"474\">haute cuisine<\/strong> et de saveurs raffin\u00e9es.<\/p><p data-start=\"503\" data-end=\"765\"><strong data-start=\"506\" data-end=\"528\">La Table (Belfort)<\/strong> \u2013 Cuisine inventive et locale avec des produits du terroir.<br data-start=\"588\" data-end=\"591\" \/><strong data-start=\"594\" data-end=\"620\">Les Capucins (Belfort)<\/strong> \u2013 Restaurant semi-gastronomique avec une belle carte des vins.<br data-start=\"683\" data-end=\"686\" \/><strong data-start=\"689\" data-end=\"715\">Au Caquelon (Offemont)<\/strong> \u2013 Cuisine fine avec des sp\u00e9cialit\u00e9s r\u00e9gionales.<\/p><h3 data-start=\"772\" data-end=\"840\"><strong data-start=\"778\" data-end=\"838\">2. Cuisine traditionnelle et sp\u00e9cialit\u00e9s franc-comtoises<\/strong><\/h3><p data-start=\"841\" data-end=\"968\">Pour d\u00e9guster des plats typiques comme la <strong data-start=\"883\" data-end=\"927\">saucisse de Montb\u00e9liard, la cancoillotte<\/strong> ou encore le <strong data-start=\"941\" data-end=\"965\">gratin franc-comtois<\/strong>.<\/p><p data-start=\"970\" data-end=\"1261\"><strong data-start=\"973\" data-end=\"1003\">L\u2019Ancienne Poste (Belfort)<\/strong> \u2013 Ambiance chaleureuse et plats traditionnels.<br data-start=\"1050\" data-end=\"1053\" \/><strong data-start=\"1056\" data-end=\"1089\">Le Saint-Christophe (Belfort)<\/strong> \u2013 Cuisine du terroir avec des produits locaux.<br data-start=\"1136\" data-end=\"1139\" \/><strong data-start=\"1142\" data-end=\"1189\">Auberge du Mont-Jean (Rougemont-le-Ch\u00e2teau)<\/strong> \u2013 Id\u00e9al pour go\u00fbter \u00e0 la gastronomie franc-comtoise en pleine nature.<\/p><h3 data-start=\"1268\" data-end=\"1319\"><strong data-start=\"1274\" data-end=\"1317\">3. Brasseries et restaurants conviviaux<\/strong><\/h3><p data-start=\"1320\" data-end=\"1388\">Pour un repas entre amis ou en famille dans une ambiance d\u00e9tendue.<\/p><p data-start=\"1390\" data-end=\"1653\"><strong data-start=\"1393\" data-end=\"1420\">Le Pot au Feu (Belfort)<\/strong> \u2013 Cuisine g\u00e9n\u00e9reuse et plats du march\u00e9.<br data-start=\"1460\" data-end=\"1463\" \/><strong data-start=\"1466\" data-end=\"1492\">La Poudri\u00e8re (Belfort)<\/strong> \u2013 Restaurant atypique dans une ancienne poudri\u00e8re militaire.<br data-start=\"1553\" data-end=\"1556\" \/><strong data-start=\"1559\" data-end=\"1607\">Le Paradis du P\u00eacheur (Ch\u00e2tenois-les-Forges)<\/strong> \u2013 Sp\u00e9cialit\u00e9s de poissons et fruits de mer.<\/p><h3 data-start=\"1660\" data-end=\"1695\"><strong data-start=\"1666\" data-end=\"1693\">4. Restaurants du monde<\/strong><\/h3><p data-start=\"1696\" data-end=\"1744\">Voyagez \u00e0 travers les saveurs internationales.<\/p><p data-start=\"1746\" data-end=\"2025\"><strong data-start=\"1749\" data-end=\"1779\">La Casa Di Marco (Belfort)<\/strong> \u2013 D\u00e9licieuses pizzas et sp\u00e9cialit\u00e9s italiennes.<br data-start=\"1827\" data-end=\"1830\" \/><strong data-start=\"1833\" data-end=\"1852\">Tokyo (Belfort)<\/strong> \u2013 Restaurant japonais r\u00e9put\u00e9 pour ses sushis et teppanyaki.<br data-start=\"1912\" data-end=\"1915\" \/><strong data-start=\"1918\" data-end=\"1951\">Le Palais de Jaipur (Belfort)<\/strong> \u2013 Cuisine indienne savoureuse avec un large choix de plats v\u00e9g\u00e9tariens.<\/p><h3 data-start=\"2032\" data-end=\"2095\"><strong data-start=\"2038\" data-end=\"2093\">5. Restaurants en campagne et auberges authentiques<\/strong><\/h3><p data-start=\"2096\" data-end=\"2156\">Parfaits pour une pause gourmande dans un cadre bucolique.<\/p><p data-start=\"2158\" data-end=\"2438\"><strong data-start=\"2161\" data-end=\"2195\">Auberge du Lion d&#8217;Or (Belfort)<\/strong> \u2013 Cadre champ\u00eatre et cuisine r\u00e9gionale.<br data-start=\"2235\" data-end=\"2238\" \/><strong data-start=\"2241\" data-end=\"2271\">Le Relais du Mont (Lepuix)<\/strong> \u2013 Id\u00e9al pour une escale gourmande apr\u00e8s une randonn\u00e9e au Ballon d\u2019Alsace.<br data-start=\"2345\" data-end=\"2348\" \/><strong data-start=\"2351\" data-end=\"2386\">Auberge du Salzbach (Giromagny)<\/strong> \u2013 Sp\u00e9cialit\u00e9s montagnardes et plats faits maison.<\/p><h3 data-start=\"2445\" data-end=\"2487\"><strong data-start=\"2449\" data-end=\"2485\">O\u00f9 manger selon votre envie ?<\/strong><\/h3><table data-start=\"2489\" data-end=\"3108\"><thead data-start=\"2489\" data-end=\"2549\"><tr data-start=\"2489\" data-end=\"2549\"><th data-start=\"2489\" data-end=\"2510\">Type de restaurant<\/th><th data-start=\"2510\" data-end=\"2532\">Meilleures adresses<\/th><th data-start=\"2532\" data-end=\"2549\">Sp\u00e9cialit\u00e9s<\/th><\/tr><\/thead><tbody data-start=\"2608\" data-end=\"3108\"><tr data-start=\"2608\" data-end=\"2696\"><td><strong data-start=\"2610\" data-end=\"2627\">Gastronomique<\/strong><\/td><td>La Table, Les Capucins<\/td><td>Cuisine raffin\u00e9e, produits du terroir<\/td><\/tr><tr data-start=\"2697\" data-end=\"2810\"><td><strong data-start=\"2699\" data-end=\"2729\">Traditionnel franc-comtois<\/strong><\/td><td>L\u2019Ancienne Poste, Saint-Christophe<\/td><td>Saucisse de Montb\u00e9liard, cancoillotte<\/td><\/tr><tr data-start=\"2811\" data-end=\"2909\"><td><strong data-start=\"2813\" data-end=\"2838\">Brasserie &amp; convivial<\/strong><\/td><td>Le Pot au Feu, La Poudri\u00e8re<\/td><td>Cuisine du march\u00e9, plats familiaux<\/td><\/tr><tr data-start=\"2910\" data-end=\"3005\"><td><strong data-start=\"2912\" data-end=\"2932\">Cuisine du monde<\/strong><\/td><td>Tokyo, Palais de Jaipur, Casa Di Marco<\/td><td>Japonais, Indien, Italien<\/td><\/tr><tr data-start=\"3006\" data-end=\"3108\"><td><strong data-start=\"3008\" data-end=\"3032\">Auberges et campagne<\/strong><\/td><td>Auberge du Lion d\u2019Or, Relais du Mont<\/td><td>Cadre rustique, cuisine maison<\/td><\/tr><\/tbody><\/table><h3 data-start=\"3115\" data-end=\"3135\"><strong data-start=\"3119\" data-end=\"3133\">Conclusion<\/strong><\/h3><p data-start=\"3136\" data-end=\"3362\" data-is-last-node=\"\" data-is-only-node=\"\">Que vous soyez en qu\u00eate d\u2019un <strong data-start=\"3165\" data-end=\"3224\">repas gastronomique, d\u2019un plat typique de Franche-Comt\u00e9<\/strong> ou d\u2019une cuisine venue d\u2019ailleurs, le <strong data-start=\"3263\" data-end=\"3288\">Territoire<\/strong>\u00a0offre un large choix de restaurants pour tous les go\u00fbts. Bon app\u00e9tit ! \ud83d\ude0b<\/p><p data-start=\"0\" data-end=\"298\">Le <strong data-start=\"3\" data-end=\"32\">journal L&#8217;Est R\u00e9publicain<\/strong> est le principal quotidien couvrant l\u2019actualit\u00e9 du <strong data-start=\"84\" data-end=\"109\">Territoire de Belfort<\/strong> et de l\u2019est de la France. Fond\u00e9 en <strong data-start=\"145\" data-end=\"153\">1889<\/strong>, il fait partie du groupe <strong data-start=\"180\" data-end=\"188\">EBRA<\/strong> (Est Bourgogne Rh\u00f4ne Alpes) et propose des informations locales, r\u00e9gionales, nationales et internationales.<\/p><article class=\"w-full text-token-text-primary focus-visible:outline-2 focus-visible:outline-offset-[-4px]\" dir=\"auto\" data-testid=\"conversation-turn-65\" data-scroll-anchor=\"true\"><div class=\"text-base my-auto mx-auto py-[18px] px-6\"><div class=\"mx-auto flex flex-1 text-base gap-4 md:gap-5 lg:gap-6 md:max-w-3xl lg:max-w-[40rem] xl:max-w-[48rem]\"><div class=\"group\/conversation-turn relative flex w-full min-w-0 flex-col agent-turn @xs\/thread:px-0 @sm\/thread:px-1.5 @md\/thread:px-4\"><div class=\"flex-col gap-1 md:gap-3\"><div class=\"flex max-w-full flex-col flex-grow\"><div class=\"min-h-8 text-message relative flex w-full flex-col items-end gap-2 whitespace-normal break-words text-start [.text-message+&amp;]:mt-5\" dir=\"auto\" data-message-author-role=\"assistant\" data-message-id=\"b8b4e002-b4a5-4aea-855f-b3731880ea16\" data-message-model-slug=\"gpt-4o\"><div class=\"flex w-full flex-col gap-1 empty:hidden first:pt-[3px]\"><div class=\"markdown prose w-full break-words dark:prose-invert light\"><h2 data-start=\"0\" data-end=\"84\"><span style=\"font-size: 18pt;\"><strong data-start=\"4\" data-end=\"82\">Libre M\u00e9moria Territoire de Belfort &#8211; Lieu de M\u00e9moire et d\u2019Hommage<\/strong><\/span><\/h2><p data-start=\"86\" data-end=\"337\"><strong data-start=\"86\" data-end=\"103\">Libre M\u00e9moria<\/strong> est un espace d\u00e9di\u00e9 au <strong data-start=\"127\" data-end=\"155\">souvenir et \u00e0 la m\u00e9moire<\/strong>. Il s\u2019agit d\u2019un <strong data-start=\"206\" data-end=\"227\">site comm\u00e9moratif<\/strong> permettant aux familles et aux proches de rendre hommage aux d\u00e9funts dans un cadre respectueux et apaisant.<\/p><h3 data-start=\"344\" data-end=\"380\"><strong data-start=\"348\" data-end=\"378\">\u00a0Localisation et concept<\/strong><\/h3><p data-start=\"381\" data-end=\"657\"><strong data-start=\"384\" data-end=\"392\">Lieu<\/strong> : Territoire de Belfort (localisation pr\u00e9cise \u00e0 v\u00e9rifier selon les communes concern\u00e9es)<br data-start=\"480\" data-end=\"483\" \/><strong data-start=\"487\" data-end=\"499\">Fonction<\/strong> : Espace de recueillement et de m\u00e9moire ouvert \u00e0 tous<br data-start=\"553\" data-end=\"556\" \/><strong data-start=\"559\" data-end=\"574\">Philosophie<\/strong> : Permettre un hommage personnalis\u00e9 et libre, en dehors des cadres traditionnels<\/p><h3 data-start=\"664\" data-end=\"714\"><strong data-start=\"668\" data-end=\"712\">Caract\u00e9ristiques et services propos\u00e9s<\/strong><\/h3><p data-start=\"716\" data-end=\"1066\"><strong data-start=\"718\" data-end=\"743\">Lieu de recueillement<\/strong> : Un espace symbolique pour honorer la m\u00e9moire des d\u00e9funts<br data-start=\"802\" data-end=\"805\" \/><strong data-start=\"807\" data-end=\"852\">Alternatives aux cimeti\u00e8res traditionnels<\/strong> : Pens\u00e9 pour ceux qui souhaitent un hommage plus libre<br data-start=\"907\" data-end=\"910\" \/><strong data-start=\"912\" data-end=\"937\">M\u00e9morial personnalis\u00e9<\/strong> : Possibilit\u00e9 d\u2019inscriptions, d\u2019objets du souvenir ou de c\u00e9r\u00e9monies adapt\u00e9es<br data-start=\"1014\" data-end=\"1017\" \/><strong data-start=\"1019\" data-end=\"1064\">Ouvert \u00e0 toutes croyances et philosophies<\/strong><\/p><p data-start=\"1068\" data-end=\"1206\">Ce type d\u2019espace permet \u00e0 chacun de se recueillir <strong data-start=\"1118\" data-end=\"1147\">selon ses propres valeurs<\/strong>, sans les contraintes des lieux de s\u00e9pulture classiques.<\/p><h3 data-start=\"1213\" data-end=\"1254\"><strong data-start=\"1217\" data-end=\"1252\">Informations compl\u00e9mentaires<\/strong><\/h3><p data-start=\"1256\" data-end=\"1483\"><strong data-start=\"1259\" data-end=\"1288\">Contact et renseignements<\/strong> : Se renseigner aupr\u00e8s des communes du <strong data-start=\"1328\" data-end=\"1353\">Territoire <\/strong>ou des services fun\u00e9raires locaux.<br data-start=\"1388\" data-end=\"1391\" \/><strong data-start=\"1394\" data-end=\"1425\">Site officiel ou r\u00e9f\u00e9rences<\/strong> : \u00c0 v\u00e9rifier selon l\u2019existence d\u2019une plateforme d\u00e9di\u00e9e.<\/p><p data-start=\"1485\" data-end=\"1646\" data-is-last-node=\"\" data-is-only-node=\"\">Si vous recherchez un <strong data-start=\"1507\" data-end=\"1546\">lieu de m\u00e9moire libre et accessible<\/strong>, <strong data-start=\"1548\" data-end=\"1565\">Libre M\u00e9moria<\/strong> peut \u00eatre une solution respectueuse et apaisante pour honorer vos proches.<\/p><\/div><\/div><\/div><\/div><\/div><\/div><\/div><\/div><\/article><h2 data-start=\"0\" data-end=\"60\"><strong data-start=\"4\" data-end=\"58\"><span style=\"font-size: 18pt;\">Carte et description du Territoire de Belfort (90)<\/span><\/strong><\/h2><p data-start=\"62\" data-end=\"364\">Le <strong data-start=\"65\" data-end=\"90\">Territoire de Belfort<\/strong> est un d\u00e9partement de la r\u00e9gion <strong data-start=\"123\" data-end=\"150\">Bourgogne-Franche-Comt\u00e9<\/strong>, situ\u00e9 \u00e0 l\u2019extr\u00eame <strong data-start=\"170\" data-end=\"195\">nord-est de la France<\/strong>. Il est le plus petit d\u00e9partement fran\u00e7ais apr\u00e8s Paris en termes de superficie (610 km\u00b2), mais poss\u00e8de une <strong data-start=\"303\" data-end=\"328\">forte densit\u00e9 urbaine<\/strong> autour de Belfort, sa pr\u00e9fecture.<\/p><h3 data-start=\"371\" data-end=\"410\"><strong data-start=\"375\" data-end=\"408\">Localisation et fronti\u00e8res<\/strong><\/h3><p data-start=\"411\" data-end=\"582\"><strong data-start=\"414\" data-end=\"425\">Au nord<\/strong> : D\u00e9partement du Haut-Rhin (<strong data-start=\"454\" data-end=\"464\">Alsace<\/strong>)<br data-start=\"465\" data-end=\"468\" \/><strong data-start=\"471\" data-end=\"482\">\u00c0 l\u2019est<\/strong> : La Suisse, canton du Jura (\u00e0 environ 30 km)<br data-start=\"528\" data-end=\"531\" \/><strong data-start=\"534\" data-end=\"557\">\u00c0 l\u2019ouest et au sud<\/strong> : D\u00e9partement du Doubs<\/p><p data-start=\"584\" data-end=\"702\"><strong data-start=\"587\" data-end=\"604\">Point central<\/strong> : La ville de <strong data-start=\"619\" data-end=\"630\">Belfort<\/strong>, qui est un carrefour strat\u00e9gique entre l\u2019Alsace et la Franche-Comt\u00e9.<\/p><h3 data-start=\"709\" data-end=\"758\"><strong data-start=\"713\" data-end=\"756\">G\u00e9ographie du Territoire<\/strong><\/h3><p data-start=\"760\" data-end=\"777\"><strong data-start=\"763\" data-end=\"773\">Relief<\/strong> :<\/p><ul data-start=\"778\" data-end=\"981\"><li data-start=\"778\" data-end=\"847\">\u00c0 l\u2019ouest : <strong data-start=\"792\" data-end=\"813\">Plaine de l\u2019Allan<\/strong> (zone agricole et industrielle)<\/li><li data-start=\"848\" data-end=\"924\">\u00c0 l\u2019est : <strong data-start=\"860\" data-end=\"879\">Ballon d\u2019Alsace<\/strong> et <strong data-start=\"883\" data-end=\"900\">Vosges du Sud<\/strong> (montagnes et for\u00eats)<\/li><li data-start=\"925\" data-end=\"981\">Au sud : <strong data-start=\"936\" data-end=\"963\">Vall\u00e9e de la Savoureuse<\/strong> et ses collines<\/li><\/ul><p data-start=\"983\" data-end=\"1014\"><strong data-start=\"986\" data-end=\"1010\">Rivi\u00e8res principales<\/strong> :<\/p><ul data-start=\"1015\" data-end=\"1093\"><li data-start=\"1015\" data-end=\"1058\"><strong data-start=\"1017\" data-end=\"1034\">La Savoureuse<\/strong>, qui traverse Belfort<\/li><li data-start=\"1059\" data-end=\"1093\"><strong data-start=\"1061\" data-end=\"1072\">L\u2019Allan<\/strong>, affluent du Doubs<\/li><\/ul><p data-start=\"1095\" data-end=\"1135\"><strong data-start=\"1098\" data-end=\"1131\">Espaces naturels remarquables<\/strong> :<\/p><ul data-start=\"1136\" data-end=\"1258\"><li data-start=\"1136\" data-end=\"1190\"><strong data-start=\"1138\" data-end=\"1160\">Le Ballon d\u2019Alsace<\/strong> (point culminant \u00e0 1 247 m)<\/li><li data-start=\"1191\" data-end=\"1258\"><strong data-start=\"1193\" data-end=\"1224\">Le Plateau des Mille \u00c9tangs<\/strong> (nature pr\u00e9serv\u00e9e et randonn\u00e9e)<\/li><\/ul><h3 data-start=\"1265\" data-end=\"1309\"><strong data-start=\"1269\" data-end=\"1307\">Principales villes et villages<\/strong><\/h3><table data-start=\"1310\" data-end=\"1758\"><thead data-start=\"1310\" data-end=\"1343\"><tr data-start=\"1310\" data-end=\"1343\"><th data-start=\"1310\" data-end=\"1318\">Ville<\/th><th data-start=\"1318\" data-end=\"1331\">Population<\/th><th data-start=\"1331\" data-end=\"1343\">Remarque<\/th><\/tr><\/thead><tbody data-start=\"1386\" data-end=\"1758\"><tr data-start=\"1386\" data-end=\"1447\"><td><strong data-start=\"1388\" data-end=\"1399\">Belfort<\/strong><\/td><td>46 000 hab.<\/td><td>Capitale et centre \u00e9conomique<\/td><\/tr><tr data-start=\"1448\" data-end=\"1518\"><td><strong data-start=\"1450\" data-end=\"1463\">Danjoutin<\/strong><\/td><td>3 500 hab.<\/td><td>Ville r\u00e9sidentielle proche de Belfort<\/td><\/tr><tr data-start=\"1519\" data-end=\"1574\"><td><strong data-start=\"1521\" data-end=\"1534\">Beaucourt<\/strong><\/td><td>4 500 hab.<\/td><td>Ancien p\u00f4le industriel<\/td><\/tr><tr data-start=\"1575\" data-end=\"1631\"><td><strong data-start=\"1577\" data-end=\"1588\">Valdoie<\/strong><\/td><td>5 000 hab.<\/td><td>Proximit\u00e9 avec les Vosges<\/td><\/tr><tr data-start=\"1632\" data-end=\"1696\"><td><strong data-start=\"1634\" data-end=\"1647\">Giromagny<\/strong><\/td><td>3 000 hab.<\/td><td>Acc\u00e8s direct au Ballon d\u2019Alsace<\/td><\/tr><tr data-start=\"1697\" data-end=\"1758\"><td><strong data-start=\"1699\" data-end=\"1715\">Grandvillars<\/strong><\/td><td>3 200 hab.<\/td><td>Ville aux portes du Doubs<\/td><\/tr><\/tbody><\/table><h3 data-start=\"1765\" data-end=\"1805\"><strong data-start=\"1769\" data-end=\"1803\">Transports et accessibilit\u00e9<\/strong><\/h3><ul data-start=\"1806\" data-end=\"2006\"><li data-start=\"1806\" data-end=\"1856\"><strong data-start=\"1808\" data-end=\"1822\">Autoroutes<\/strong> : A36 (axe Besan\u00e7on &#8211; Mulhouse)<\/li><li data-start=\"1857\" data-end=\"1945\"><strong data-start=\"1859\" data-end=\"1891\">Gare TGV Belfort-Montb\u00e9liard<\/strong> : Liaison rapide vers <strong data-start=\"1914\" data-end=\"1943\">Paris, Lyon et Strasbourg<\/strong><\/li><li data-start=\"1946\" data-end=\"2006\"><strong data-start=\"1948\" data-end=\"1994\">Proximit\u00e9 avec l\u2019a\u00e9roport de B\u00e2le-Mulhouse<\/strong> (\u00e0 50 km)<\/li><\/ul><h3 data-start=\"2013\" data-end=\"2047\"><strong data-start=\"2017\" data-end=\"2045\">Patrimoine et culture<\/strong><\/h3><ul data-start=\"2048\" data-end=\"2296\"><li data-start=\"2048\" data-end=\"2105\"><strong data-start=\"2050\" data-end=\"2072\">Le Lion de Belfort<\/strong>, embl\u00e8me sculpt\u00e9 par Bartholdi<\/li><li data-start=\"2106\" data-end=\"2163\"><strong data-start=\"2108\" data-end=\"2135\">La Citadelle de Belfort<\/strong>, fortifications de Vauban<\/li><li data-start=\"2164\" data-end=\"2226\"><strong data-start=\"2166\" data-end=\"2186\">Les Eurock\u00e9ennes<\/strong>, festival de musique majeur en France<\/li><li data-start=\"2227\" data-end=\"2296\"><strong data-start=\"2229\" data-end=\"2258\">Les Forts du Haut-Belfort<\/strong>, vestiges militaires du XIXe si\u00e8cle<\/li><\/ul><h3 data-start=\"2303\" data-end=\"2346\"><strong data-start=\"2307\" data-end=\"2344\">Carte du Territoire de Belfort<\/strong><\/h3><p data-start=\"2347\" data-end=\"2487\">Vous pouvez visualiser la carte d\u00e9taill\u00e9e du d\u00e9partement sur <strong data-start=\"2408\" data-end=\"2423\">Google Maps<\/strong> ou sur des sites officiels comme l\u2019<strong data-start=\"2459\" data-end=\"2466\">IGN<\/strong> ou <strong data-start=\"2470\" data-end=\"2484\">G\u00e9oportail<\/strong>.<\/p><p data-start=\"2489\" data-end=\"2570\">\ud83d\udd17 <strong data-start=\"2492\" data-end=\"2521\">Exemple de carte en ligne<\/strong> : <a target=\"_new\" rel=\"noopener\" data-start=\"2524\" data-end=\"2568\">G\u00e9oportail<\/a><\/p><p data-start=\"2572\" data-end=\"2741\" data-is-last-node=\"\" data-is-only-node=\"\">Le <strong data-start=\"2575\" data-end=\"2600\">Territoire de Belfort<\/strong> est un d\u00e9partement riche en <strong data-start=\"2629\" data-end=\"2679\">histoire, en nature et en dynamisme \u00e9conomique<\/strong>, un carrefour entre <strong data-start=\"2700\" data-end=\"2733\">Alsace, Jura et Franche-Comt\u00e9<\/strong> !<\/p><h2 data-start=\"0\" data-end=\"59\"><span style=\"font-size: 18pt;\"><strong data-start=\"4\" data-end=\"53\">M\u00e9t\u00e9o Territoire de Belfort\u00a0<\/strong><\/span><\/h2><p data-start=\"61\" data-end=\"325\">Le d\u00e9partement<strong data-start=\"64\" data-end=\"89\">\u00a0de Belfort<\/strong> b\u00e9n\u00e9ficie d\u2019un <strong data-start=\"105\" data-end=\"132\">climat semi-continental<\/strong>, influenc\u00e9 par sa proximit\u00e9 avec les <strong data-start=\"170\" data-end=\"187\">Vosges du Sud<\/strong> et la <strong data-start=\"194\" data-end=\"213\">plaine d\u2019Alsace<\/strong>. Les hivers y sont souvent froids et humides, tandis que les \u00e9t\u00e9s sont temp\u00e9r\u00e9s avec des p\u00e9riodes de chaleur.<\/p><h3 data-start=\"332\" data-end=\"377\"><strong data-start=\"336\" data-end=\"375\">Temp\u00e9ratures moyennes annuelles<\/strong><\/h3><table data-start=\"379\" data-end=\"718\"><thead data-start=\"379\" data-end=\"433\"><tr data-start=\"379\" data-end=\"433\"><th data-start=\"379\" data-end=\"388\">Saison<\/th><th data-start=\"388\" data-end=\"415\">Temp\u00e9rature moyenne (\u00b0C)<\/th><th data-start=\"415\" data-end=\"433\">Min \/ Max (\u00b0C)<\/th><\/tr><\/thead><tbody data-start=\"489\" data-end=\"718\"><tr data-start=\"489\" data-end=\"547\"><td><strong data-start=\"491\" data-end=\"500\">Hiver<\/strong> (d\u00e9cembre &#8211; f\u00e9vrier)<\/td><td>0 \u00e0 5\u00b0C<\/td><td>-5\u00b0C \u00e0 10\u00b0C<\/td><\/tr><tr data-start=\"548\" data-end=\"602\"><td><strong data-start=\"550\" data-end=\"563\">Printemps<\/strong> (mars &#8211; mai)<\/td><td>8 \u00e0 15\u00b0C<\/td><td>0\u00b0C \u00e0 20\u00b0C<\/td><\/tr><tr data-start=\"603\" data-end=\"654\"><td><strong data-start=\"605\" data-end=\"612\">\u00c9t\u00e9<\/strong> (juin &#8211; ao\u00fbt)<\/td><td>18 \u00e0 25\u00b0C<\/td><td>12\u00b0C \u00e0 35\u00b0C<\/td><\/tr><tr data-start=\"655\" data-end=\"718\"><td><strong data-start=\"657\" data-end=\"668\">Automne<\/strong> (septembre &#8211; novembre)<\/td><td>10 \u00e0 16\u00b0C<\/td><td>3\u00b0C \u00e0 20\u00b0C<\/td><\/tr><\/tbody><\/table><p data-start=\"720\" data-end=\"879\"><strong data-start=\"722\" data-end=\"731\">\u00c9t\u00e9 :<\/strong> Temp\u00e9ratures agr\u00e9ables avec quelques vagues de chaleur.<br data-start=\"787\" data-end=\"790\" \/><strong data-start=\"793\" data-end=\"804\">Hiver :<\/strong> Possibilit\u00e9 de neige, notamment en altitude vers le <strong data-start=\"857\" data-end=\"876\">Ballon d\u2019Alsace<\/strong>.<\/p><h3 data-start=\"886\" data-end=\"925\"><strong data-start=\"890\" data-end=\"923\">Pr\u00e9cipitations et humidit\u00e9<\/strong><\/h3><ul data-start=\"927\" data-end=\"1235\"><li data-start=\"927\" data-end=\"1075\">Le <strong data-start=\"932\" data-end=\"957\">Territoire de Belfort<\/strong>est l\u2019un des d\u00e9partements les plus <strong data-start=\"993\" data-end=\"1014\">humides de France<\/strong>, avec une moyenne de <strong data-start=\"1036\" data-end=\"1056\">1 200 \u00e0 1 400 mm<\/strong> de pluie par an.<\/li><li data-start=\"1076\" data-end=\"1157\"><strong data-start=\"1078\" data-end=\"1099\">Pluies fr\u00e9quentes<\/strong> en automne et hiver, avec des averses orageuses en \u00e9t\u00e9.<\/li><li data-start=\"1158\" data-end=\"1235\"><strong data-start=\"1160\" data-end=\"1178\">Neige en hiver<\/strong>, notamment sur les hauteurs (Ballon d\u2019Alsace, Vosges).<\/li><\/ul><h3 data-start=\"1242\" data-end=\"1286\"><strong data-start=\"1246\" data-end=\"1284\">Vent et ph\u00e9nom\u00e8nes climatiques<\/strong><\/h3><ul data-start=\"1288\" data-end=\"1504\"><li data-start=\"1288\" data-end=\"1329\"><strong data-start=\"1290\" data-end=\"1307\">Vent dominant<\/strong> : Ouest \/ Sud-Ouest<\/li><li data-start=\"1330\" data-end=\"1380\"><strong data-start=\"1332\" data-end=\"1358\">Bourrasques fr\u00e9quentes<\/strong> en hiver et automne<\/li><li data-start=\"1381\" data-end=\"1443\"><strong data-start=\"1383\" data-end=\"1407\">Risque de brouillard<\/strong> en hiver et en d\u00e9but de printemps<\/li><li data-start=\"1444\" data-end=\"1504\"><strong data-start=\"1446\" data-end=\"1466\">Orages possibles<\/strong> en \u00e9t\u00e9, notamment en fin de journ\u00e9e<\/li><\/ul><h3 data-start=\"1511\" data-end=\"1543\"><strong data-start=\"1515\" data-end=\"1541\">M\u00e9t\u00e9o en temps r\u00e9el<\/strong><\/h3><p data-start=\"1545\" data-end=\"1719\"><strong data-start=\"1548\" data-end=\"1608\">Pour consulter la m\u00e9t\u00e9o \u00e0 Belfort et dans le d\u00e9partement<\/strong> :<br data-start=\"1610\" data-end=\"1613\" \/><a target=\"_new\" rel=\"noopener\" data-start=\"1616\" data-end=\"1717\">M\u00e9t\u00e9o France\u00a0<\/a><\/p><p data-start=\"1721\" data-end=\"1906\" data-is-last-node=\"\" data-is-only-node=\"\">Avec ses <strong data-start=\"1730\" data-end=\"1747\">hivers froids<\/strong>, ses <strong data-start=\"1753\" data-end=\"1766\">\u00e9t\u00e9s doux<\/strong> et son <strong data-start=\"1774\" data-end=\"1805\">fort taux de pr\u00e9cipitations<\/strong>, le <strong data-start=\"1810\" data-end=\"1831\">climat belfortain<\/strong> est marqu\u00e9 par des variations importantes tout au long de l\u2019ann\u00e9e.<\/p><h2 data-start=\"0\" data-end=\"57\"><strong data-start=\"4\" data-end=\"55\">Belfort, la pr\u00e9fecture du Territoire de Belfort<\/strong><\/h2><p data-start=\"59\" data-end=\"585\"><strong data-start=\"59\" data-end=\"70\">Belfort<\/strong>, capitale du <strong data-start=\"84\" data-end=\"114\">Territoire\u00a0 de Belfort (90)<\/strong>, est une ville dynamique situ\u00e9e entre l\u2019Alsace et la Franche-Comt\u00e9. Avec environ <strong data-start=\"196\" data-end=\"216\">46 000 habitants<\/strong>, elle joue un r\u00f4le cl\u00e9 dans la r\u00e9gion Bourgogne-Franche-Comt\u00e9, \u00e0 la fois sur le plan administratif, \u00e9conomique et culturel. Son histoire est marqu\u00e9e par une forte identit\u00e9 militaire, en t\u00e9moignent ses fortifications con\u00e7ues par <strong data-start=\"445\" data-end=\"455\" data-is-only-node=\"\">Vauban<\/strong> et son c\u00e9l\u00e8bre <strong data-start=\"471\" data-end=\"490\">Lion<\/strong>, \u0153uvre d\u2019Auguste Bartholdi, symbole de la r\u00e9sistance face aux si\u00e8ges prussiens de 1870-1871.<\/p><p data-start=\"587\" data-end=\"1152\">La ville est \u00e9galement un centre \u00e9conomique important, historiquement li\u00e9 \u00e0 l\u2019industrie. La cit\u00e9\u00a0 est notamment connue pour son p\u00f4le industriel autour des \u00e9nergies et des transports, avec des entreprises comme <strong data-start=\"796\" data-end=\"806\">Alstom<\/strong>, qui y fabrique des locomotives et des turbines. Son universit\u00e9, rattach\u00e9e \u00e0 l&#8217;<strong data-start=\"886\" data-end=\"917\">Universit\u00e9 de Franche-Comt\u00e9<\/strong>, ainsi que ses \u00e9coles d\u2019ing\u00e9nieurs, contribuent \u00e0 la formation et \u00e0 l\u2019innovation dans la r\u00e9gion. La proximit\u00e9 de l\u2019autoroute A36 et de la gare TGV renforce son attractivit\u00e9 en facilitant les \u00e9changes avec Paris, Lyon et l\u2019Allemagne.<\/p><p data-start=\"1154\" data-end=\"1596\" data-is-last-node=\"\" data-is-only-node=\"\">C\u00f4t\u00e9 culture et \u00e9v\u00e9nements, la ville est c\u00e9l\u00e8bre pour accueillir chaque ann\u00e9e <strong data-start=\"1235\" data-end=\"1255\">les Eurock\u00e9ennes<\/strong>, l\u2019un des plus grands festivals de musique en France, organis\u00e9 sur la presqu\u2019\u00eele du Malsaucy. La ville offre \u00e9galement un riche patrimoine avec sa <strong data-start=\"1403\" data-end=\"1420\">Vieille Ville<\/strong>, la <strong data-start=\"1425\" data-end=\"1438\">Citadelle<\/strong> et de nombreux mus\u00e9es. Son cadre verdoyant, entre les Vosges du Sud et le massif du Jura, en fait un lieu id\u00e9al pour les amoureux de nature et de randonn\u00e9es.<\/p><p data-start=\"0\" data-end=\"260\">La <strong data-start=\"3\" data-end=\"42\">pr\u00e9fecture<\/strong>\u00a0est l\u2019<strong data-start=\"49\" data-end=\"87\">administration repr\u00e9sentant l\u2019\u00c9tat<\/strong> dans ce d\u00e9partement de la r\u00e9gion <strong data-start=\"121\" data-end=\"148\">Bourgogne-Franche-Comt\u00e9<\/strong>. Elle g\u00e8re les affaires administratives, la s\u00e9curit\u00e9 et le d\u00e9veloppement du territoire.<\/p><h3 data-start=\"267\" data-end=\"305\"><strong data-start=\"271\" data-end=\"303\">Informations essentielles<\/strong><\/h3><p data-start=\"307\" data-end=\"541\"><strong data-start=\"360\" data-end=\"371\">Adresse<\/strong> : 1 Rue Bartholdi, 90000 Belfort<br data-start=\"404\" data-end=\"407\" \/><strong data-start=\"410\" data-end=\"423\">T\u00e9l\u00e9phone<\/strong> : 03 84 57 11 00<br data-start=\"440\" data-end=\"443\" \/><strong data-start=\"446\" data-end=\"458\">Site web<\/strong> : <a target=\"_new\" rel=\"noopener\" data-start=\"461\" data-end=\"539\">www.territoire-de-belfort.gouv.fr<\/a><\/p><h2 data-start=\"305\" data-end=\"362\"><span style=\"font-size: 18pt;\"><strong data-start=\"309\" data-end=\"360\">L\u2019Est R\u00e9publicain dans le Territoire de Belfort<\/strong><\/span><\/h2><p>Le <strong data-start=\"3\" data-end=\"32\">journal L&#8217;Est R\u00e9publicain<\/strong> est le principal quotidien couvrant l\u2019actualit\u00e9 du <strong data-start=\"84\" data-end=\"109\">Territoire<\/strong> de Belfort et de l\u2019est de la France. Fond\u00e9 en <strong data-start=\"145\" data-end=\"153\">1889<\/strong>, il fait partie du groupe <strong data-start=\"180\" data-end=\"188\">EBRA<\/strong> (Est Bourgogne Rh\u00f4ne Alpes) et propose des informations locales, r\u00e9gionales, nationales et internationales.<\/p><p data-start=\"364\" data-end=\"912\"><strong data-start=\"366\" data-end=\"388\">Actualit\u00e9s locales<\/strong> : faits divers, politique, \u00e9conomie, sport et vie associative<br data-start=\"450\" data-end=\"453\" \/><strong data-start=\"455\" data-end=\"465\">Sports<\/strong> : suivi des clubs locaux comme l\u2019<strong data-start=\"499\" data-end=\"514\">ASM Belfort<\/strong> (football), le <strong data-start=\"530\" data-end=\"553\">Belfort Hockey Club<\/strong> ou encore le <strong data-start=\"567\" data-end=\"582\">Tour Alsace<\/strong> (cyclisme)<br data-start=\"593\" data-end=\"596\" data-is-only-node=\"\" \/><strong data-start=\"598\" data-end=\"620\">\u00c9conomie et emploi<\/strong> : focus sur les entreprises locales, l\u2019industrie automobile (PSA) et les offres d\u2019emploi dans la r\u00e9gion<br data-start=\"724\" data-end=\"727\" \/><strong data-start=\"729\" data-end=\"754\">Culture et \u00e9v\u00e9nements<\/strong> : agenda des concerts, festivals et expositions, notamment <strong data-start=\"814\" data-end=\"845\">les Eurock\u00e9ennes de Belfort<\/strong><br data-start=\"845\" data-end=\"848\" \/><strong data-start=\"850\" data-end=\"869\">Vie quotidienne<\/strong> : m\u00e9t\u00e9o, trafic routier, infos pratiques<\/p><h3 data-start=\"919\" data-end=\"961\"><strong data-start=\"923\" data-end=\"959\">Comment lire L\u2019Est R\u00e9publicain ?<\/strong><\/h3><p data-start=\"963\" data-end=\"1212\"><strong data-start=\"966\" data-end=\"984\">Version papier<\/strong> : Disponible en kiosque chaque jour<br data-start=\"1020\" data-end=\"1023\" \/><strong data-start=\"1026\" data-end=\"1038\">Site web<\/strong> : <a href=\"https:\/\/www.estrepublicain.fr\" target=\"_new\" rel=\"noopener\" data-start=\"1041\" data-end=\"1095\">www.estrepublicain.fr<\/a><br data-start=\"1095\" data-end=\"1098\" \/><strong data-start=\"1101\" data-end=\"1137\">Newsletter et application mobile<\/strong> : Acc\u00e8s aux articles en ligne et notifications d\u2019actualit\u00e9 en temps r\u00e9el<\/p><p data-start=\"1214\" data-end=\"1398\" data-is-last-node=\"\" data-is-only-node=\"\">Gr\u00e2ce \u00e0 son ancrage local, <strong data-start=\"1241\" data-end=\"1262\">L\u2019Est R\u00e9publicain<\/strong> est une source d\u2019information incontournable pour les habitants.<\/p><figure id=\"attachment_59381\" aria-describedby=\"caption-attachment-59381\" style=\"width: 1688px\" class=\"wp-caption alignnone\"><a href=\"https:\/\/cparici.com\/wp-content\/uploads\/2025\/03\/est-republicain-territoire-de-belfort.jpg\"><img decoding=\"async\" class=\"size-full wp-image-59381\" src=\"https:\/\/cparici.com\/wp-content\/uploads\/2025\/03\/est-republicain-territoire-de-belfort.jpg\" alt=\"est republicain territoire de belfort\" width=\"1688\" height=\"638\" srcset=\"https:\/\/cparici.com\/wp-content\/uploads\/2025\/03\/est-republicain-territoire-de-belfort.jpg 1688w, https:\/\/cparici.com\/wp-content\/uploads\/2025\/03\/est-republicain-territoire-de-belfort-300x113.jpg 300w, https:\/\/cparici.com\/wp-content\/uploads\/2025\/03\/est-republicain-territoire-de-belfort-1024x387.jpg 1024w, https:\/\/cparici.com\/wp-content\/uploads\/2025\/03\/est-republicain-territoire-de-belfort-768x290.jpg 768w, https:\/\/cparici.com\/wp-content\/uploads\/2025\/03\/est-republicain-territoire-de-belfort-1536x581.jpg 1536w, https:\/\/cparici.com\/wp-content\/uploads\/2025\/03\/est-republicain-territoire-de-belfort-18x7.jpg 18w, https:\/\/cparici.com\/wp-content\/uploads\/2025\/03\/est-republicain-territoire-de-belfort-590x223.jpg 590w, https:\/\/cparici.com\/wp-content\/uploads\/2025\/03\/est-republicain-territoire-de-belfort-1200x454.jpg 1200w, https:\/\/cparici.com\/wp-content\/uploads\/2025\/03\/est-republicain-territoire-de-belfort-577x218.jpg 577w, https:\/\/cparici.com\/wp-content\/uploads\/2025\/03\/est-republicain-territoire-de-belfort-600x227.jpg 600w\" sizes=\"(max-width: 1688px) 100vw, 1688px\" \/><\/a><figcaption id=\"caption-attachment-59381\" class=\"wp-caption-text\">est republicain territoire de belfort<\/figcaption><\/figure><h2 data-start=\"413\" data-end=\"482\"><span style=\"font-size: 18pt;\"><strong data-start=\"417\" data-end=\"480\">District Doubs Territoire de Belfort &#8211; <\/strong><\/span><span style=\"font-size: 18pt;\"><strong data-start=\"417\" data-end=\"480\">R\u00f4les et missions<\/strong><\/span><\/h2><p>Le <strong data-start=\"3\" data-end=\"45\">District Doubs \u2013 Territoire de Belfort<\/strong> est une entit\u00e9 sportive regroupant les clubs de football des d\u00e9partements du <strong data-start=\"123\" data-end=\"137\">Doubs (25)<\/strong> et du territoire de Belfort<b>.<\/b>. Il est rattach\u00e9 \u00e0 la <strong data-start=\"197\" data-end=\"242\">Ligue Bourgogne-Franche-Comt\u00e9 de Football<\/strong> et g\u00e8re l&#8217;organisation des comp\u00e9titions locales, la formation des joueurs et arbitres, ainsi que le d\u00e9veloppement du football amateur dans ces deux d\u00e9partements.<\/p><p data-start=\"484\" data-end=\"529\"><strong data-start=\"486\" data-end=\"527\">Organisation des comp\u00e9titions locales<\/strong><\/p><ul data-start=\"533\" data-end=\"639\"><li data-start=\"533\" data-end=\"592\">Championnats d\u00e9partementaux seniors, jeunes et f\u00e9minins<\/li><li data-start=\"596\" data-end=\"639\">Coupes locales (ex : Coupe du District)<\/li><\/ul><p data-start=\"641\" data-end=\"673\"><strong data-start=\"643\" data-end=\"671\">Formation et encadrement<\/strong><\/p><ul data-start=\"677\" data-end=\"760\"><li data-start=\"677\" data-end=\"713\">D\u00e9veloppement des jeunes talents<\/li><li data-start=\"717\" data-end=\"760\">Formations pour entra\u00eeneurs et arbitres<\/li><\/ul><p data-start=\"762\" data-end=\"803\"><strong data-start=\"764\" data-end=\"801\">D\u00e9veloppement du football amateur<\/strong><\/p><ul data-start=\"807\" data-end=\"919\"><li data-start=\"807\" data-end=\"863\">Promotion du <strong data-start=\"822\" data-end=\"837\">foot loisir<\/strong> et du <strong data-start=\"844\" data-end=\"861\">foot en salle<\/strong><\/li><li data-start=\"867\" data-end=\"919\">Soutien aux clubs locaux dans leur structuration<\/li><\/ul><h3 data-start=\"926\" data-end=\"966\"><strong data-start=\"930\" data-end=\"964\">Clubs et comp\u00e9titions majeures<\/strong><\/h3><p data-start=\"968\" data-end=\"1231\">Le district supervise de nombreux clubs amateurs et semi-professionnels, dont certains historiques comme :<br data-start=\"1074\" data-end=\"1077\" \/><strong data-start=\"1079\" data-end=\"1105\">FC Sochaux-Montb\u00e9liard<\/strong> (club embl\u00e9matique, \u00e9voluant en National)<br data-start=\"1147\" data-end=\"1150\" \/><strong data-start=\"1152\" data-end=\"1167\">ASM Belfort<\/strong> (club phare du Territoire, \u00e9voluant en National 3)<\/p><p data-start=\"1233\" data-end=\"1345\">Les championnats sont r\u00e9partis en plusieurs divisions d\u00e9partementales, allant de <strong data-start=\"1314\" data-end=\"1325\">D1 \u00e0 D4<\/strong> pour les seniors.<\/p><h3 data-start=\"1352\" data-end=\"1384\"><strong data-start=\"1356\" data-end=\"1382\">Informations pratiques<\/strong><\/h3><p data-start=\"1386\" data-end=\"1508\"><strong data-start=\"1389\" data-end=\"1400\">Adresse<\/strong> : Si\u00e8ge situ\u00e9 \u00e0 Besan\u00e7on (Doubs)<br data-start=\"1433\" data-end=\"1436\" \/><strong data-start=\"1439\" data-end=\"1456\">Site officiel<\/strong> : Disponible via la Ligue Bourgogne-Franche-Comt\u00e9<\/p><p data-start=\"1510\" data-end=\"1658\" data-is-last-node=\"\" data-is-only-node=\"\">Ce district est un acteur essentiel du <strong data-start=\"1549\" data-end=\"1569\">football amateur<\/strong> dans l\u2019est de la France, favorisant la pratique et la formation \u00e0 tous les niveaux !<\/p><figure id=\"attachment_59382\" aria-describedby=\"caption-attachment-59382\" style=\"width: 1644px\" class=\"wp-caption alignnone\"><a href=\"https:\/\/cparici.com\/wp-content\/uploads\/2025\/03\/district-doubs-territoire-de-belfort.jpg\"><img decoding=\"async\" class=\"size-full wp-image-59382\" src=\"https:\/\/cparici.com\/wp-content\/uploads\/2025\/03\/district-doubs-territoire-de-belfort.jpg\" alt=\"district doubs territoire de belfort\" width=\"1644\" height=\"900\" srcset=\"https:\/\/cparici.com\/wp-content\/uploads\/2025\/03\/district-doubs-territoire-de-belfort.jpg 1644w, https:\/\/cparici.com\/wp-content\/uploads\/2025\/03\/district-doubs-territoire-de-belfort-300x164.jpg 300w, https:\/\/cparici.com\/wp-content\/uploads\/2025\/03\/district-doubs-territoire-de-belfort-1024x561.jpg 1024w, https:\/\/cparici.com\/wp-content\/uploads\/2025\/03\/district-doubs-territoire-de-belfort-768x420.jpg 768w, https:\/\/cparici.com\/wp-content\/uploads\/2025\/03\/district-doubs-territoire-de-belfort-1536x841.jpg 1536w, https:\/\/cparici.com\/wp-content\/uploads\/2025\/03\/district-doubs-territoire-de-belfort-18x10.jpg 18w, https:\/\/cparici.com\/wp-content\/uploads\/2025\/03\/district-doubs-territoire-de-belfort-590x323.jpg 590w, https:\/\/cparici.com\/wp-content\/uploads\/2025\/03\/district-doubs-territoire-de-belfort-1200x657.jpg 1200w, https:\/\/cparici.com\/wp-content\/uploads\/2025\/03\/district-doubs-territoire-de-belfort-577x316.jpg 577w, https:\/\/cparici.com\/wp-content\/uploads\/2025\/03\/district-doubs-territoire-de-belfort-600x328.jpg 600w\" sizes=\"(max-width: 1644px) 100vw, 1644px\" \/><\/a><figcaption id=\"caption-attachment-59382\" class=\"wp-caption-text\">district doubs territoire de belfort<\/figcaption><\/figure><h2 data-start=\"0\" data-end=\"63\"><span style=\"font-size: 18pt;\"><strong data-start=\"4\" data-end=\"61\">Code postal Territoire de Belfort (90)<\/strong><\/span><\/h2><p data-start=\"65\" data-end=\"245\">Le <strong data-start=\"68\" data-end=\"93\">Territoire<\/strong>\u00a0est un d\u00e9partement de la r\u00e9gion <strong data-start=\"126\" data-end=\"153\">Bourgogne-Franche-Comt\u00e9<\/strong> avec <strong data-start=\"159\" data-end=\"175\">101 communes<\/strong>. Voici la liste des <strong data-start=\"196\" data-end=\"213\">codes postaux<\/strong> class\u00e9s par ville et village.<\/p><h3 data-start=\"252\" data-end=\"326\"><strong data-start=\"256\" data-end=\"324\">Codes postaux des principales villes du Territoire<\/strong><\/h3><table data-start=\"328\" data-end=\"650\"><thead data-start=\"328\" data-end=\"351\"><tr data-start=\"328\" data-end=\"351\"><th data-start=\"328\" data-end=\"336\">Ville<\/th><th data-start=\"336\" data-end=\"351\">Code Postal<\/th><\/tr><\/thead><tbody data-start=\"381\" data-end=\"650\"><tr data-start=\"381\" data-end=\"404\"><td><strong data-start=\"383\" data-end=\"394\">Belfort<\/strong><\/td><td>90000<\/td><\/tr><tr data-start=\"405\" data-end=\"430\"><td><strong data-start=\"407\" data-end=\"420\">Danjoutin<\/strong><\/td><td>90400<\/td><\/tr><tr data-start=\"431\" data-end=\"456\"><td><strong data-start=\"433\" data-end=\"446\">Beaucourt<\/strong><\/td><td>90500<\/td><\/tr><tr data-start=\"457\" data-end=\"483\"><td><strong data-start=\"459\" data-end=\"473\">Bavilliers<\/strong><\/td><td>90800<\/td><\/tr><tr data-start=\"484\" data-end=\"507\"><td><strong data-start=\"486\" data-end=\"497\">Valdoie<\/strong><\/td><td>90300<\/td><\/tr><tr data-start=\"508\" data-end=\"532\"><td><strong data-start=\"510\" data-end=\"522\">Offemont<\/strong><\/td><td>90300<\/td><\/tr><tr data-start=\"533\" data-end=\"558\"><td><strong data-start=\"535\" data-end=\"548\">Giromagny<\/strong><\/td><td>90200<\/td><\/tr><tr data-start=\"559\" data-end=\"587\"><td><strong data-start=\"561\" data-end=\"577\">Grandvillars<\/strong><\/td><td>90600<\/td><\/tr><tr data-start=\"588\" data-end=\"613\"><td><strong data-start=\"590\" data-end=\"603\">Cravanche<\/strong><\/td><td>90300<\/td><\/tr><tr data-start=\"614\" data-end=\"650\"><td><strong data-start=\"616\" data-end=\"640\">Ch\u00e2tenois-les-Forges<\/strong><\/td><td>90700<\/td><\/tr><\/tbody><\/table><h3 data-start=\"657\" data-end=\"721\"><strong data-start=\"661\" data-end=\"719\">Codes postaux des villages du Territoire de Belfort<\/strong><\/h3><table data-start=\"723\" data-end=\"1118\"><thead data-start=\"723\" data-end=\"748\"><tr data-start=\"723\" data-end=\"748\"><th data-start=\"723\" data-end=\"733\">Village<\/th><th data-start=\"733\" data-end=\"748\">Code Postal<\/th><\/tr><\/thead><tbody data-start=\"783\" data-end=\"1118\"><tr data-start=\"783\" data-end=\"804\"><td>Andelnans<\/td><td>90400<\/td><\/tr><tr data-start=\"805\" data-end=\"825\"><td>Anjoutey<\/td><td>90170<\/td><\/tr><tr data-start=\"826\" data-end=\"848\"><td>Banvillars<\/td><td>90800<\/td><\/tr><tr data-start=\"849\" data-end=\"872\"><td>Bessoncourt<\/td><td>90160<\/td><\/tr><tr data-start=\"873\" data-end=\"893\"><td>Bourogne<\/td><td>90140<\/td><\/tr><tr data-start=\"894\" data-end=\"914\"><td>Charmois<\/td><td>90140<\/td><\/tr><tr data-start=\"915\" data-end=\"932\"><td>Chaux<\/td><td>90330<\/td><\/tr><tr data-start=\"933\" data-end=\"951\"><td>Essert<\/td><td>90850<\/td><\/tr><tr data-start=\"952\" data-end=\"989\"><td>Lachapelle-sous-Rougemont<\/td><td>90360<\/td><\/tr><tr data-start=\"990\" data-end=\"1008\"><td>Lepuix<\/td><td>90200<\/td><\/tr><tr data-start=\"1009\" data-end=\"1027\"><td>M\u00e9zir\u00e9<\/td><td>90120<\/td><\/tr><tr data-start=\"1028\" data-end=\"1050\"><td>Morvillars<\/td><td>90120<\/td><\/tr><tr data-start=\"1051\" data-end=\"1074\"><td>Rougegoutte<\/td><td>90200<\/td><\/tr><tr data-start=\"1075\" data-end=\"1097\"><td>Sermamagny<\/td><td>90300<\/td><\/tr><tr data-start=\"1098\" data-end=\"1118\"><td>Sevenans<\/td><td>90400<\/td><\/tr><\/tbody><\/table><h3 data-start=\"1125\" data-end=\"1166\"><strong data-start=\"1129\" data-end=\"1164\">\u00a0Informations compl\u00e9mentaires<\/strong><\/h3><p data-start=\"1167\" data-end=\"1294\"><strong data-start=\"1170\" data-end=\"1184\">Pr\u00e9fecture<\/strong> : Belfort (90000)<br data-start=\"1202\" data-end=\"1205\" \/><strong data-start=\"1208\" data-end=\"1227\">Sous-pr\u00e9fecture<\/strong> : Aucune<\/p><h2 data-start=\"5499\" data-end=\"5562\"><strong data-start=\"5502\" data-end=\"5560\">Foire Aux Questions (FAQ) sur le Territoire de Belfort<\/strong><\/h2><h3 data-start=\"5564\" data-end=\"5622\"><strong data-start=\"5568\" data-end=\"5620\">Quelle est l\u2019histoire du d\u00e9partement ?<\/strong><\/h3><p data-start=\"5623\" data-end=\"5759\">Le d\u00e9partement a \u00e9t\u00e9 cr\u00e9\u00e9 apr\u00e8s la guerre de 1870, lorsque l\u2019Alsace-Moselle fut annex\u00e9e par l\u2019Allemagne, mais Belfort resta fran\u00e7aise.<\/p><h3 data-start=\"5761\" data-end=\"5842\"><strong data-start=\"5765\" data-end=\"5840\">Quels sont les sites naturels \u00e0 visiter dans le Territoire de Belfort ?<\/strong><\/h3><p data-start=\"5843\" data-end=\"5949\">Parmi les plus beaux sites, on trouve le <strong data-start=\"5884\" data-end=\"5903\">Ballon d\u2019Alsace<\/strong>, l\u2019<strong data-start=\"5907\" data-end=\"5927\">\u00e9tang des Forges<\/strong> et le <strong data-start=\"5934\" data-end=\"5946\">Malsaucy<\/strong>.<\/p><h3 data-start=\"5951\" data-end=\"6017\"><strong data-start=\"5955\" data-end=\"6015\">Quels sont les plats typiques du Territoire de Belfort ?<\/strong><\/h3><p data-start=\"6018\" data-end=\"6138\">Les sp\u00e9cialit\u00e9s incluent la <strong data-start=\"6046\" data-end=\"6064\">pot\u00e9e comtoise<\/strong>, la <strong data-start=\"6069\" data-end=\"6084\">carpe frite<\/strong> et les <strong data-start=\"6092\" data-end=\"6120\">saucisses de Montb\u00e9liard<\/strong> et <strong data-start=\"6124\" data-end=\"6135\">Morteau<\/strong>.<\/p><h3 data-start=\"6140\" data-end=\"6221\"><strong data-start=\"6144\" data-end=\"6219\">Quelle est la meilleure p\u00e9riode pour visiter le d\u00e9partement ?<\/strong><\/h3><p data-start=\"6222\" data-end=\"6357\">Le printemps et l\u2019\u00e9t\u00e9 sont id\u00e9aux pour les randonn\u00e9es et festivals, tandis que l\u2019hiver attire les amateurs de ski au Ballon d\u2019Alsace.<\/p><h3 data-start=\"6359\" data-end=\"6421\"><strong data-start=\"6363\" data-end=\"6419\">Le Territoire de Belfort est-il proche de l\u2019Alsace ?<\/strong><\/h3><p data-start=\"6422\" data-end=\"6525\">Oui, il <a href=\"https:\/\/www.territoiredebelfort.fr\/\" target=\"_blank\" rel=\"noopener\">est situ\u00e9 \u00e0 la fronti\u00e8re<\/a> avec le Haut-Rhin et partage une influence culturelle avec l\u2019Alsace.<\/p>\t\t\t\t\t\t\t\t<\/div>\n\t\t\t\t<\/div>\n\t\t\t\t<\/div>\n\t\t","protected":false},"excerpt":{"rendered":"<p>Recherches populaires Categories Pas de r\u00e9sultats Voir tous les r\u00e9sultats Le Territoire de Belfort Situ\u00e9 dans l&#8217;est de la France, le Territoire de Belfort est un des d\u00e9partements fran\u00e7ais au riche patrimoine culturel et naturel. Bord\u00e9 par les montagnes des Vosges et la plaine d&#8217;Alsace, il offre une diversit\u00e9 de paysages exceptionnels. Son histoire, marqu\u00e9e [&hellip;]<\/p>\n","protected":false},"author":1,"featured_media":59380,"comment_status":"closed","ping_status":"closed","sticky":false,"template":"elementor_header_footer","format":"standard","meta":{"ngg_post_thumbnail":0,"footnotes":""},"categories":[2546,1168,2563,477],"tags":[883],"class_list":["post-59374","post","type-post","status-publish","format-standard","has-post-thumbnail","hentry","category-territoire-de-belfort","category-bourgogne-franche-comte","category-departement-de-france","category-france","tag-departement"],"_links":{"self":[{"href":"https:\/\/cparici.com\/en\/wp-json\/wp\/v2\/posts\/59374","targetHints":{"allow":["GET"]}}],"collection":[{"href":"https:\/\/cparici.com\/en\/wp-json\/wp\/v2\/posts"}],"about":[{"href":"https:\/\/cparici.com\/en\/wp-json\/wp\/v2\/types\/post"}],"author":[{"embeddable":true,"href":"https:\/\/cparici.com\/en\/wp-json\/wp\/v2\/users\/1"}],"replies":[{"embeddable":true,"href":"https:\/\/cparici.com\/en\/wp-json\/wp\/v2\/comments?post=59374"}],"version-history":[{"count":0,"href":"https:\/\/cparici.com\/en\/wp-json\/wp\/v2\/posts\/59374\/revisions"}],"wp:featuredmedia":[{"embeddable":true,"href":"https:\/\/cparici.com\/en\/wp-json\/wp\/v2\/media\/59380"}],"wp:attachment":[{"href":"https:\/\/cparici.com\/en\/wp-json\/wp\/v2\/media?parent=59374"}],"wp:term":[{"taxonomy":"category","embeddable":true,"href":"https:\/\/cparici.com\/en\/wp-json\/wp\/v2\/categories?post=59374"},{"taxonomy":"post_tag","embeddable":true,"href":"https:\/\/cparici.com\/en\/wp-json\/wp\/v2\/tags?post=59374"}],"curies":[{"name":"wp","href":"https:\/\/api.w.org\/{rel}","templated":true}]}}