{"id":59461,"date":"2025-03-10T18:21:22","date_gmt":"2025-03-10T17:21:22","guid":{"rendered":"https:\/\/cparici.com\/?p=59461"},"modified":"2026-04-26T22:07:59","modified_gmt":"2026-04-26T20:07:59","slug":"lisieux","status":"publish","type":"post","link":"https:\/\/cparici.com\/en\/lisieux\/","title":{"rendered":"Lisieux, discover the Sainte-Th\u00e9r\u00e8se sanctuary"},"content":{"rendered":"\t\t<div data-elementor-type=\"wp-post\" data-elementor-id=\"59461\" class=\"elementor elementor-59461\" data-elementor-post-type=\"post\">\n\t\t\t\t<div class=\"elementor-element elementor-element-d5c12a0 e-con-full e-flex e-con e-parent\" data-id=\"d5c12a0\" data-element_type=\"container\" data-e-type=\"container\">\n\t\t\t\t<div class=\"elementor-element elementor-element-d5f07bb elementor-widget elementor-widget-image\" data-id=\"d5f07bb\" data-element_type=\"widget\" data-e-type=\"widget\" data-widget_type=\"image.default\">\n\t\t\t\t\t\t\t\t\t\t\t\t\t\t\t<img decoding=\"async\" src=\"https:\/\/cparici.com\/wp-content\/uploads\/2025\/03\/cparici-21.jpg\" title=\"Lisieux\" alt=\"Lisieux\" loading=\"lazy\" \/>\t\t\t\t\t\t\t\t\t\t\t\t\t\t\t<\/div>\n\t\t\t\t<\/div>\n\t\t<aside class=\"elementor-element elementor-element-767012c e-flex e-con-boxed e-con e-parent\" data-id=\"767012c\" data-element_type=\"container\" data-e-type=\"container\">\n\t\t\t\t\t<div class=\"e-con-inner\">\n\t\t\t\t<div class=\"elementor-element elementor-element-b71d891 elementor-widget elementor-widget-global elementor-global-62046 elementor-widget-eael-advanced-search\" data-id=\"b71d891\" data-element_type=\"widget\" data-e-type=\"widget\" data-widget_type=\"eael-advanced-search.default\">\n\t\t\t\t\t        <div class=\"eael-adv-search-wrapper\">\n            <div id=\"eael-advanced-search-widget-b71d891\" class=\"eael-advanced-search-widget\">\n                <form data-settings=\"{&quot;post_per_page&quot;:5,&quot;search_among_taxonomies&quot;:&quot;&quot;,&quot;search_among_sku&quot;:&quot;no&quot;,&quot;show_popular_keyword&quot;:0,&quot;show_category&quot;:0,&quot;show_content_image&quot;:1,&quot;show_search_result_all_results&quot;:0,&quot;result_on_new_tab&quot;:&quot;no&quot;,&quot;show_product_price&quot;:&quot;no&quot;,&quot;include_current_page&quot;:&quot;no&quot;,&quot;orderby&quot;:&quot;default&quot;,&quot;order&quot;:&quot;DESC&quot;,&quot;current_post_id&quot;:59461,&quot;post_type&quot;:[&quot;post&quot;,&quot;listing&quot;]}\" method=\"POST\" name=\"eael-advanced-search-form-b71d891\" class=\"eael-advanced-search-form eael-advanced-search-form-style-2\">\n                    <div class=\"eael-advanced-search-wrap\">\n                        <span class=\"eael-adv-search-loader\"><\/span>\n                        <span class=\"eael-adv-search-close\"><i class=\"fas fa-times\"><\/i><\/span>\n                        <span class=\"icon \"><i class=\"fas fa-search\"><\/i><\/span>\n\n                        <input type=\"text\"\n                               placeholder=\"Votre destination\"\n                               class=\"eael-advanced-search\" autocomplete=\"off\" name=\"eael_advanced_search\">\n                    <\/div>\n\t\t\t\t\t                                    <\/form>\n\n\t\t\t\t\n\t\t\t\t        <div class=\"eael-advanced-search-result\">\n            <div class=\"eael-advanced-search-popular-keyword\">\n\t\t\t\t<h4 class=\"eael-advanced-search-popular-keyword-text\">Recherches populaires<\/h4>                <div class=\"eael-popular-keyword-content\"><\/div>\n            <\/div>\n            <div class=\"eael-advanced-search-category\">\n\t\t\t\t<h4 class=\"eael-advanced-search-category-text\">Categories<\/h4>                <div class=\"eael-popular-category-content\"><\/div>\n            <\/div>\n\t\t\t<div class=\"eael-advanced-search-total-results-section\">\n\t\t\t\t\t\t\t<\/div>\n            <div class=\"eael-advanced-search-content eael-item-style-3\">\n            <\/div>\n            <div class=\"eael-advanced-search-not-found\">\n                <p>Pas de r\u00e9sultats<\/p><\/div>\n            <div class=\"eael-advanced-search-load-more\">\n\t\t\t\t<a \tclass=\"eael-advanced-search-load-more-button\"\n                \thref=\"#\">Voir tous les r\u00e9sultats<\/a>\n            <\/div>\n        <\/div>\n\n\t\t            <\/div>\n        <\/div>\n\n\t\t\t\t\t\t<\/div>\n\t\t\t\t\t<\/div>\n\t\t\t\t<\/aside>\n\t\t<div class=\"elementor-element elementor-element-52722346 e-flex e-con-boxed e-con e-parent\" data-id=\"52722346\" data-element_type=\"container\" data-e-type=\"container\">\n\t\t\t\t\t<div class=\"e-con-inner\">\n\t\t\t\t<div class=\"elementor-element elementor-element-512462a6 elementor-widget elementor-widget-text-editor\" data-id=\"512462a6\" data-element_type=\"widget\" data-e-type=\"widget\" data-widget_type=\"text-editor.default\">\n\t\t\t\t\t\t\t\t\t<h1 style=\"text-align: center;\"><span style=\"font-size: 18pt;\"><strong>Lisieux<\/strong><\/span><\/h1><p>Situ\u00e9e en <a href=\"https:\/\/cparici.com\/visiter-la-normandie-guide\/\"><strong>Normandie<\/strong><\/a>, dans le <a href=\"https:\/\/cparici.com\/calvados-departement\/\">Calvados<\/a>, <strong>Lisieux est une ville charmante<\/strong>, c\u00e9l\u00e8bre pour son patrimoine historique et spirituel. Elle est notamment connue pour Sainte Th\u00e9r\u00e8se de Lisieux, ce qui en fait un important lieu de p\u00e8lerinage. Chaque ann\u00e9e, plus de deux millions de personnes visitent le Sanctuaire Sainte-Th\u00e9r\u00e8se et sa basilique imposante, pla\u00e7ant Lisieux comme le deuxi\u00e8me site de p\u00e8lerinage de France apr\u00e8s Lourdes.<\/p><p>Entre paysages du Pays d\u2019Auge et ambiance paisible, Lisieux invite \u00e0 explorer l\u2019histoire et la spiritualit\u00e9 \u00e0 travers son sanctuaire embl\u00e9matique. Une destination riche en d\u00e9couvertes, que ce soit pour l\u2019histoire, l\u2019art sacr\u00e9 ou la spiritualit\u00e9.<\/p>\t\t\t\t\t\t\t\t<\/div>\n\t\t\t\t\t<\/div>\n\t\t\t\t<\/div>\n\t\t<aside class=\"elementor-element elementor-element-42e2cc4a e-flex e-con-boxed e-con e-parent\" data-id=\"42e2cc4a\" data-element_type=\"container\" data-e-type=\"container\" data-settings=\"{&quot;background_background&quot;:&quot;classic&quot;}\">\n\t\t\t\t\t<div class=\"e-con-inner\">\n\t\t\t\t<div class=\"elementor-element elementor-element-5082a50f elementor-widget elementor-widget-spacer\" data-id=\"5082a50f\" data-element_type=\"widget\" data-e-type=\"widget\" data-widget_type=\"spacer.default\">\n\t\t\t\t\t\t\t<div class=\"elementor-spacer\">\n\t\t\t<div class=\"elementor-spacer-inner\"><\/div>\n\t\t<\/div>\n\t\t\t\t\t\t<\/div>\n\t\t\t\t<div class=\"elementor-element elementor-element-26b323f6 elementor-widget elementor-widget-heading\" data-id=\"26b323f6\" data-element_type=\"widget\" data-e-type=\"widget\" data-widget_type=\"heading.default\">\n\t\t\t\t\t<h2 class=\"elementor-heading-title elementor-size-default\">H\u00e9bergements de Vacances en direct<\/h2>\t\t\t\t<\/div>\n\t\t\t\t<div class=\"elementor-element elementor-element-46cf6a56 elementor-widget elementor-widget-listeo-listings-carousel\" data-id=\"46cf6a56\" data-element_type=\"widget\" data-e-type=\"widget\" data-widget_type=\"listeo-listings-carousel.default\">\n\t\t\t\t<div class=\"elementor-widget-container\">\n\t\t\t\t\t        <!-- Carousel \/ Start -->\n        \t<div class=\"simple-slick-carousel dots-nav\" data-slick='{&quot;autoplay&quot;:true,&quot;autoplaySpeed&quot;:3000,&quot;slidesToShow&quot;:3,&quot;slidesToScroll&quot;:1,&quot;responsive&quot;:[{&quot;breakpoint&quot;:1024,&quot;settings&quot;:{&quot;slidesToShow&quot;:2,&quot;slidesToScroll&quot;:1}},{&quot;breakpoint&quot;:768,&quot;settings&quot;:{&quot;slidesToShow&quot;:1,&quot;slidesToScroll&quot;:1}}]}'>\n                            <div class=\"fw-carousel-item\">                    \n                        <!-- Listing Item -->\r\n            <div class=\"col-lg-6 col-md-12\">\r\n                <a href=\"https:\/\/cparici.com\/en\/annonce\/ma-bicoque-gite-cosy-4-pers-a-5-min-des-plages-de-cabourg-et-houlgate\/\" class=\"listing-item-container listing-geo-data compact\" data-title=\"Ma Bicoque \u2013 G\u00eete cosy 4 pers. \u00e0 5 min des plages de Cabourg et Houlgate\" data-listing-type=\"rental\" data-classifieds-price=\"\u20ac\" data-friendly-address=\"Ma bicoque entre Cabourg et Houlgate\" data-address=\"Ma bicoque entre Cabourg et Houlgate\" data-image=\"https:\/\/cparici.com\/wp-content\/uploads\/2026\/01\/1R2A6044_HDR-copie-1-520x397.jpg\" data-longitude=\"-0.104756\" data-latitude=\"49.2878888\" data-rating=\"4.9\" data-reviews=\"26\" data-icon=\"<svg xmlns=&quot;http:\/\/www.w3.org\/2000\/svg&quot; width=&quot;800px&quot; height=&quot;800px&quot; viewBox=&quot;0 0 45 45&quot; fill=&quot;none&quot;>\n<path d=&quot;M24.155 8.78099L24.33 8.94499L37.402 21.787L36 23.213L34.2 21.445L34.201 35C34.201 36.054 33.385 36.918 32.35 36.994L32.201 37H12.201C11.147 37 10.283 36.184 10.206 35.149L10.201 35L10.2 21.446L8.402 23.213L7 21.787L20.058 8.95799C21.171 7.82199 22.966 7.75899 24.155 8.78099ZM21.569 10.285L21.473 10.372L12.2 19.481L12.201 35L17.2 34.999L17.201 25C17.201 23.946 18.017 23.082 19.052 23.005L19.201 23H25.201C26.255 23 27.119 23.816 27.196 24.851L27.201 25L27.2 34.999L32.201 35L32.2 19.48L22.901 10.344C22.537 9.98699 21.969 9.96499 21.569 10.285ZM25.201 25H19.201L19.2 34.999H25.2L25.201 25Z&quot; fill=&quot;#3C3C3C&quot;\/>\n<\/svg>\">\r\n            <div class=\"listing-item  featured-listing\">\r\n                <div class=\"listing-small-badges-container\">\r\n                                            <div class=\"listing-small-badge featured-badge\"><i class=\"fa fa-star\"><\/i> Featured<\/div>\r\n                                                                <div class=\"listing-small-badge pricing-badge\"><i class=\"fa fa-tag\"><\/i>100.00\u20ac - 160.00\u20ac<\/div>\r\n                                                            \r\n                                        \r\n                                        \r\n                <\/div>\r\n                <img decoding=\"async\" src=\"https:\/\/cparici.com\/wp-content\/uploads\/2026\/01\/1R2A6044_HDR-copie-1-520x397.jpg\" alt=\"Ma Bicoque \u2013 G\u00eete cosy 4 pers. \u00e0 5 min des plages de Cabourg et Houlgate\" class=\"listing-thumbnail\">\r\n                \r\n\r\n                <div class=\"listing-item-content\">\r\n                                                <div class=\"numerical-rating\" data-rating=\"4.9\"><\/div>\r\n                    \r\n                    <h3> Ma Bicoque \u2013 G\u00eete cosy 4 pers. \u00e0 5 min des plages de Cabourg et Houlgate <\/h3>\r\n                    <span>Ma bicoque entre Cabourg et Houlgate<\/span>\r\n                <\/div>\r\n                                        <span class=\"save like-icon tooltip left\" title=\"Login To Bookmark Items\"><\/span>\r\n                                                <\/div>\r\n        <\/a>\r\n                    <\/div>\r\n        \r\n\r\n        <!-- Listing Item \/ End -->\n                    <\/div>\n                                      <div class=\"fw-carousel-item\">                    \n                        <!-- Listing Item -->\r\n            <div class=\"col-lg-6 col-md-12\">\r\n                <a href=\"https:\/\/cparici.com\/en\/annonce\/chaumiere-de-charme-avec-piscine-et-spa-a-5-minutes-dhonfleur-2\/\" class=\"listing-item-container listing-geo-data compact\" data-title=\"Chaumi\u00e8re de charme avec piscine et spa \u00e0 5 minutes d\u2019Honfleur\" data-listing-type=\"rental\" data-classifieds-price=\"\u20ac\" data-friendly-address=\"34 le gros Ch\u00eane 14600 Ablon\" data-address=\"34 le gros Ch\u00eane 14600 Ablon\" data-image=\"https:\/\/cparici.com\/wp-content\/uploads\/2025\/12\/IMG_4720-520x397.jpeg\" data-longitude=\"0.270837\" data-latitude=\"49.38015\" data-rating=\"0\" data-reviews=\"0\" data-icon=\"<svg xmlns=&quot;http:\/\/www.w3.org\/2000\/svg&quot; width=&quot;800px&quot; height=&quot;800px&quot; viewBox=&quot;0 0 45 45&quot; fill=&quot;none&quot;>\n<path d=&quot;M24.155 8.78099L24.33 8.94499L37.402 21.787L36 23.213L34.2 21.445L34.201 35C34.201 36.054 33.385 36.918 32.35 36.994L32.201 37H12.201C11.147 37 10.283 36.184 10.206 35.149L10.201 35L10.2 21.446L8.402 23.213L7 21.787L20.058 8.95799C21.171 7.82199 22.966 7.75899 24.155 8.78099ZM21.569 10.285L21.473 10.372L12.2 19.481L12.201 35L17.2 34.999L17.201 25C17.201 23.946 18.017 23.082 19.052 23.005L19.201 23H25.201C26.255 23 27.119 23.816 27.196 24.851L27.201 25L27.2 34.999L32.201 35L32.2 19.48L22.901 10.344C22.537 9.98699 21.969 9.96499 21.569 10.285ZM25.201 25H19.201L19.2 34.999H25.2L25.201 25Z&quot; fill=&quot;#3C3C3C&quot;\/>\n<\/svg>\">\r\n            <div class=\"listing-item  \">\r\n                <div class=\"listing-small-badges-container\">\r\n                                                                <div class=\"listing-small-badge pricing-badge\"><i class=\"fa fa-tag\"><\/i>400.00\u20ac - 900.00\u20ac<\/div>\r\n                                                            \r\n                                        \r\n                                        \r\n                <\/div>\r\n                <img decoding=\"async\" src=\"https:\/\/cparici.com\/wp-content\/uploads\/2025\/12\/IMG_4720-520x397.jpeg\" alt=\"Chaumi\u00e8re de charme avec piscine et spa \u00e0 5 minutes d\u2019Honfleur\" class=\"listing-thumbnail\">\r\n                \r\n\r\n                <div class=\"listing-item-content\">\r\n                    \r\n                    <h3> Chaumi\u00e8re de charme avec piscine et spa \u00e0 5 minutes d\u2019Honfleur <\/h3>\r\n                    <span>34 le gros Ch\u00eane 14600 Ablon<\/span>\r\n                <\/div>\r\n                                        <span class=\"save like-icon tooltip left\" title=\"Login To Bookmark Items\"><\/span>\r\n                                                <\/div>\r\n        <\/a>\r\n                    <\/div>\r\n        \r\n\r\n        <!-- Listing Item \/ End -->\n                    <\/div>\n                                      <div class=\"fw-carousel-item\">                    \n                        <!-- Listing Item -->\r\n            <div class=\"col-lg-6 col-md-12\">\r\n                <a href=\"https:\/\/cparici.com\/en\/annonce\/un-air-de-bicoque-gite-cosy-6-pers-a-5-min-des-plages-de-cabourg-et-houlgate\/\" class=\"listing-item-container listing-geo-data compact\" data-title=\"Un air de Bicoque \u2013 G\u00eete cosy 6 pers. \u00e0 5 min des plages de Cabourg et Houlgate\" data-listing-type=\"rental\" data-classifieds-price=\"\u20ac\" data-friendly-address=\"32 Rue de la Lib\u00e9ration, Dives-sur-Mer, France\" data-address=\"32 Rue de la Lib\u00e9ration, Dives-sur-Mer, France\" data-image=\"https:\/\/cparici.com\/wp-content\/uploads\/2026\/01\/1R2A5956_HDR-copie-520x397.jpg\" data-longitude=\"-0.104263\" data-latitude=\"49.2881751\" data-rating=\"5\" data-reviews=\"11\" data-icon=\"<svg xmlns=&quot;http:\/\/www.w3.org\/2000\/svg&quot; width=&quot;800px&quot; height=&quot;800px&quot; viewBox=&quot;0 0 45 45&quot; fill=&quot;none&quot;>\n<path d=&quot;M24.155 8.78099L24.33 8.94499L37.402 21.787L36 23.213L34.2 21.445L34.201 35C34.201 36.054 33.385 36.918 32.35 36.994L32.201 37H12.201C11.147 37 10.283 36.184 10.206 35.149L10.201 35L10.2 21.446L8.402 23.213L7 21.787L20.058 8.95799C21.171 7.82199 22.966 7.75899 24.155 8.78099ZM21.569 10.285L21.473 10.372L12.2 19.481L12.201 35L17.2 34.999L17.201 25C17.201 23.946 18.017 23.082 19.052 23.005L19.201 23H25.201C26.255 23 27.119 23.816 27.196 24.851L27.201 25L27.2 34.999L32.201 35L32.2 19.48L22.901 10.344C22.537 9.98699 21.969 9.96499 21.569 10.285ZM25.201 25H19.201L19.2 34.999H25.2L25.201 25Z&quot; fill=&quot;#3C3C3C&quot;\/>\n<\/svg>\">\r\n            <div class=\"listing-item  featured-listing\">\r\n                <div class=\"listing-small-badges-container\">\r\n                                            <div class=\"listing-small-badge featured-badge\"><i class=\"fa fa-star\"><\/i> Featured<\/div>\r\n                                                                <div class=\"listing-small-badge pricing-badge\"><i class=\"fa fa-tag\"><\/i>130.00\u20ac - 200.00\u20ac<\/div>\r\n                                                            \r\n                                        \r\n                                        \r\n                <\/div>\r\n                <img decoding=\"async\" src=\"https:\/\/cparici.com\/wp-content\/uploads\/2026\/01\/1R2A5956_HDR-copie-520x397.jpg\" alt=\"Un air de Bicoque \u2013 G\u00eete cosy 6 pers. \u00e0 5 min des plages de Cabourg et Houlgate\" class=\"listing-thumbnail\">\r\n                \r\n\r\n                <div class=\"listing-item-content\">\r\n                                                <div class=\"numerical-rating\" data-rating=\"5.0\"><\/div>\r\n                    \r\n                    <h3> Un air de Bicoque \u2013 G\u00eete cosy 6 pers. \u00e0 5 min des plages de Cabourg et Houlgate <\/h3>\r\n                    <span>32 Rue de la Lib\u00e9ration, Dives-sur-Mer, France<\/span>\r\n                <\/div>\r\n                                        <span class=\"save like-icon tooltip left\" title=\"Login To Bookmark Items\"><\/span>\r\n                                                <\/div>\r\n        <\/a>\r\n                    <\/div>\r\n        \r\n\r\n        <!-- Listing Item \/ End -->\n                    <\/div>\n                          <\/div>\n        \t\t\t\t<\/div>\n\t\t\t\t<\/div>\n\t\t\t\t\t<\/div>\n\t\t\t\t<\/aside>\n\t\t<div class=\"elementor-element elementor-element-d565af5 e-flex e-con-boxed e-con e-parent\" data-id=\"d565af5\" data-element_type=\"container\" data-e-type=\"container\">\n\t\t\t\t\t<div class=\"e-con-inner\">\n\t\t\t\t<div class=\"elementor-element elementor-element-6b97e86 elementor-widget elementor-widget-text-editor\" data-id=\"6b97e86\" data-element_type=\"widget\" data-e-type=\"widget\" data-widget_type=\"text-editor.default\">\n\t\t\t\t\t\t\t\t\t<h2>Une histoire captivante<\/h2><h3>L\u2019origine du sanctuaire<\/h3><p>La construction d\u2019un sanctuaire d\u00e9di\u00e9 \u00e0 Sainte Th\u00e9r\u00e8se \u00e0 Lisieux a \u00e9t\u00e9 envisag\u00e9e suite \u00e0 sa canonisation en 1925. Malgr\u00e9 les r\u00e9ticences du clerg\u00e9 local, pr\u00e9occup\u00e9 par l\u2019abondance d\u2019\u00e9difices religieux dans la ville, l\u2019\u00e9v\u00eaque de Bayeux et Lisieux, Mgr Thomas-Paul-Henri Lemonnier, a \u00e9t\u00e9 un fervent d\u00e9fenseur de ce projet. Avec l\u2019appui du pape Pie XI, qui voyait en Th\u00e9r\u00e8se la \u00ab Star \u00bb de son pontificat, le plan de l\u2019architecte Louis-Marie Cordonnier a \u00e9t\u00e9 valid\u00e9 le 21 septembre 1927, lan\u00e7ant ainsi la construction de la basilique.<\/p><p>Financ\u00e9e par des dons internationaux, cette construction, d\u00e9but\u00e9e en 1929 et achev\u00e9e en 1954, a surmont\u00e9 l\u2019interruption caus\u00e9e par la Seconde Guerre mondiale, soulignant l\u2019ampleur de la d\u00e9votion pour Sainte Th\u00e9r\u00e8se.<\/p><figure id=\"attachment_59464\" aria-describedby=\"caption-attachment-59464\" style=\"width: 1500px\" class=\"wp-caption alignnone\"><a href=\"https:\/\/cparici.com\/wp-content\/uploads\/2025\/03\/cparici-22.jpg\"><img decoding=\"async\" class=\"size-full wp-image-59464\" src=\"https:\/\/cparici.com\/wp-content\/uploads\/2025\/03\/cparici-22.jpg\" alt=\"Lisieux Sanctuaire\" width=\"1500\" height=\"530\" srcset=\"https:\/\/cparici.com\/wp-content\/uploads\/2025\/03\/cparici-22.jpg 1500w, https:\/\/cparici.com\/wp-content\/uploads\/2025\/03\/cparici-22-300x106.jpg 300w, https:\/\/cparici.com\/wp-content\/uploads\/2025\/03\/cparici-22-1024x362.jpg 1024w, https:\/\/cparici.com\/wp-content\/uploads\/2025\/03\/cparici-22-768x271.jpg 768w, https:\/\/cparici.com\/wp-content\/uploads\/2025\/03\/cparici-22-18x6.jpg 18w, https:\/\/cparici.com\/wp-content\/uploads\/2025\/03\/cparici-22-590x208.jpg 590w, https:\/\/cparici.com\/wp-content\/uploads\/2025\/03\/cparici-22-1200x424.jpg 1200w, https:\/\/cparici.com\/wp-content\/uploads\/2025\/03\/cparici-22-577x204.jpg 577w, https:\/\/cparici.com\/wp-content\/uploads\/2025\/03\/cparici-22-600x212.jpg 600w\" sizes=\"(max-width: 1500px) 100vw, 1500px\" \/><\/a><figcaption id=\"caption-attachment-59464\" class=\"wp-caption-text\">Lisieux Sanctuaire<\/figcaption><\/figure><h3>Le chemin vers la saintet\u00e9 de Th\u00e9r\u00e8se<\/h3><p>Th\u00e9r\u00e8se Martin, n\u00e9e le 2 janvier 1873 \u00e0 Alen\u00e7on, a embrass\u00e9 une vie de profonde spiritualit\u00e9 d\u00e8s son plus jeune \u00e2ge. Orpheline de m\u00e8re \u00e0 quatre ans, elle a grandi dans un milieu familial empreint de ferveur religieuse \u00e0 Lisieux. Baptis\u00e9e Marie-Fran\u00e7oise-Th\u00e9r\u00e8se, elle a connu plusieurs exp\u00e9riences spirituelles fortes d\u00e8s son enfance, incluant une gu\u00e9rison miraculeuse en 1883 et une communion profond\u00e9ment significative en 1884, affirmant sa vocation religieuse.<\/p><p>\u00c0 15 ans, Th\u00e9r\u00e8se int\u00e8gre le Carmel de Lisieux, o\u00f9 elle vit selon les pr\u00e9ceptes de Sainte Th\u00e9r\u00e8se d\u2019Avila, dans la contemplation et la pri\u00e8re. Sa vie au Carmel, marqu\u00e9e par une union intime avec Dieu et une grande simplicit\u00e9, est relat\u00e9e dans ses \u00e9crits autobiographiques. D\u00e9c\u00e9d\u00e9e \u00e0 24 ans, Th\u00e9r\u00e8se laisse un h\u00e9ritage spirituel qui continue d\u2019inspirer des millions de personnes \u00e0 travers le monde.<\/p><h2>Architecture et art sacr\u00e9<\/h2><h3>La basilique Sainte-Th\u00e9r\u00e8se<\/h3><p>La basilique Sainte-Th\u00e9r\u00e8se de Lisieux, un monument majestueux, se dresse fi\u00e8rement au-dessus de la ville. Sa construction, influenc\u00e9e par le style n\u00e9o-byzantin m\u00eal\u00e9 \u00e0 des touches n\u00e9o-romanes, s\u2019inspire de c\u00e9l\u00e8bres \u00e9difices tels que le Sacr\u00e9-C\u0153ur de Montmartre \u00e0 Paris et Notre-Dame de la Garde \u00e0 Marseille.<\/p><p>Sa fa\u00e7ade, encadr\u00e9e de petites tours, est mise en valeur par une s\u00e9rie de sept statues et couronn\u00e9e d\u2019un fronton triangulaire portant une statue de Sainte Th\u00e9r\u00e8se.<\/p><p>L\u2019am\u00e9nagement int\u00e9rieur adopte un plan en croix latine classique, compos\u00e9 d\u2019une nef centrale, d\u2019un transept et d\u2019un ch\u0153ur, tous coiff\u00e9s d\u2019une imposante coupole. Gr\u00e2ce \u00e0 des colonnes \u00e9lanc\u00e9es et des fen\u00eatres bien plac\u00e9es, cette structure permet d\u2019illuminer g\u00e9n\u00e9reusement l\u2019espace int\u00e9rieur.<\/p><p>Les mosa\u00efques, \u0153uvres de Jean Gaudin et de son fils Pierre Gaudin, ornent abondamment l\u2019\u00e9difice, notamment la demi-coupole au-dessus de l\u2019abside et l\u2019int\u00e9rieur de la grande coupole, illustrant des sc\u00e8nes bibliques et des moments cl\u00e9s de la vie de Sainte Th\u00e9r\u00e8se.<\/p><p>Termin\u00e9e en 1932, la crypte, somptueusement rev\u00eatue de marbre et de mosa\u00efques, renferme les reliques de Louis et Z\u00e9lie Martin, les parents de Sainte Th\u00e9r\u00e8se, canonis\u00e9s. Elle est d\u00e9cor\u00e9e de cinq mosa\u00efques \u00e9voquant des \u00e9v\u00e9nements majeurs de la vie de Th\u00e9r\u00e8se : son bapt\u00eame, sa premi\u00e8re communion, sa gu\u00e9rison miraculeuse, sa profession de foi et son d\u00e9c\u00e8s.<\/p><h3>Les jardins et espaces de recueillement<\/h3><p>Autour de la basilique, les jardins et les aires de recueillement invitent \u00e0 la m\u00e9ditation et \u00e0 la pri\u00e8re dans un environnement serein. Non loin, le parc zoologique de Cerza offre un havre de paix pour se relaxer et se reconnecter avec la nature. Les jardins du ch\u00e2teau Saint-Germain, avec leur vue imprenable sur la ville et le sanctuaire, sont \u00e9galement \u00e0 d\u00e9couvrir.<\/p><p>La chapelle d\u2019adoration, accessible via la crypte, est un espace d\u00e9di\u00e9 \u00e0 la pri\u00e8re silencieuse. Avec ses bancs et son autel rappelant ceux du Carmel de Lisieux, elle offre une ambiance \u00e0 la fois intime et apaisante.<\/p><figure id=\"attachment_59465\" aria-describedby=\"caption-attachment-59465\" style=\"width: 1500px\" class=\"wp-caption alignnone\"><a href=\"https:\/\/cparici.com\/wp-content\/uploads\/2025\/03\/cparici-23.jpg\"><img decoding=\"async\" class=\"size-full wp-image-59465\" src=\"https:\/\/cparici.com\/wp-content\/uploads\/2025\/03\/cparici-23.jpg\" alt=\"Lisieux Sainte Th\u00e9r\u00e8se\" width=\"1500\" height=\"530\" srcset=\"https:\/\/cparici.com\/wp-content\/uploads\/2025\/03\/cparici-23.jpg 1500w, https:\/\/cparici.com\/wp-content\/uploads\/2025\/03\/cparici-23-300x106.jpg 300w, https:\/\/cparici.com\/wp-content\/uploads\/2025\/03\/cparici-23-1024x362.jpg 1024w, https:\/\/cparici.com\/wp-content\/uploads\/2025\/03\/cparici-23-768x271.jpg 768w, https:\/\/cparici.com\/wp-content\/uploads\/2025\/03\/cparici-23-18x6.jpg 18w, https:\/\/cparici.com\/wp-content\/uploads\/2025\/03\/cparici-23-590x208.jpg 590w, https:\/\/cparici.com\/wp-content\/uploads\/2025\/03\/cparici-23-1200x424.jpg 1200w, https:\/\/cparici.com\/wp-content\/uploads\/2025\/03\/cparici-23-577x204.jpg 577w, https:\/\/cparici.com\/wp-content\/uploads\/2025\/03\/cparici-23-600x212.jpg 600w\" sizes=\"(max-width: 1500px) 100vw, 1500px\" \/><\/a><figcaption id=\"caption-attachment-59465\" class=\"wp-caption-text\">Lisieux Sainte Th\u00e9r\u00e8se<\/figcaption><\/figure><h2>Exp\u00e9riences spirituelles et \u00e9v\u00e9nements<\/h2><h3>P\u00e8lerinages et c\u00e9r\u00e9monies<\/h3><p>Lisieux se distingue comme un centre de p\u00e8lerinage incontournable, attirant annuellement des milliers de p\u00e8lerins d\u00e9sireux de rendre hommage \u00e0 Sainte Th\u00e9r\u00e8se. Les visiteurs sont invit\u00e9s \u00e0 emprunter le parcours p\u00e9destre \u00ab Sur les pas de Sainte Th\u00e9r\u00e8se \u00bb, identifiable par une ligne bleue trac\u00e9e au sol. Ce chemin les m\u00e8ne \u00e0 travers les sites embl\u00e9matiques de la vie de la sainte, notamment la maison des Buissonnets, sa demeure familiale, le Carmel de Lisieux o\u00f9 elle a consacr\u00e9 sa vie religieuse, et la basilique Sainte-Th\u00e9r\u00e8se, lieu de culte majeur.<\/p><p>La basilique est le th\u00e9\u00e2tre de c\u00e9r\u00e9monies d\u00e9di\u00e9es, telles que les messes solennelles et les processions, r\u00e9unissant des fid\u00e8les venus des quatre coins de la France et du globe. Le 15 ao\u00fbt, marquant l\u2019Assomption, se distingue par des festivit\u00e9s d\u2019envergure, attirant une foule importante.<\/p><h3>Activit\u00e9s et ateliers de spiritualit\u00e9<\/h3><p>Le sanctuaire Sainte-Th\u00e9r\u00e8se enrichit l\u2019exp\u00e9rience spirituelle par une offre vari\u00e9e d\u2019activit\u00e9s et d\u2019ateliers, con\u00e7us pour approfondir la foi et la d\u00e9votion. Les visiteurs ont l\u2019opportunit\u00e9 de participer \u00e0 des retraites spirituelles, des sessions de pri\u00e8re et de m\u00e9ditation, et d\u2019assister \u00e0 des conf\u00e9rences \u00e9clairant la vie et la spiritualit\u00e9 de Sainte Th\u00e9r\u00e8se.<\/p><p>La chapelle d\u2019adoration, situ\u00e9e au c\u0153ur de la basilique, est un havre de paix permettant aux fid\u00e8les de s\u2019immerger dans la pri\u00e8re. Le chemin de croix et les jardins qui entourent le sanctuaire offrent un cadre serein, propice \u00e0 la m\u00e9ditation et \u00e0 la pri\u00e8re.<\/p><figure id=\"attachment_59466\" aria-describedby=\"caption-attachment-59466\" style=\"width: 1500px\" class=\"wp-caption alignnone\"><a href=\"https:\/\/cparici.com\/wp-content\/uploads\/2025\/03\/cparici-24.jpg\"><img decoding=\"async\" class=\"size-full wp-image-59466\" src=\"https:\/\/cparici.com\/wp-content\/uploads\/2025\/03\/cparici-24.jpg\" alt=\"Lisieux monast\u00e8re\" width=\"1500\" height=\"530\" srcset=\"https:\/\/cparici.com\/wp-content\/uploads\/2025\/03\/cparici-24.jpg 1500w, https:\/\/cparici.com\/wp-content\/uploads\/2025\/03\/cparici-24-300x106.jpg 300w, https:\/\/cparici.com\/wp-content\/uploads\/2025\/03\/cparici-24-1024x362.jpg 1024w, https:\/\/cparici.com\/wp-content\/uploads\/2025\/03\/cparici-24-768x271.jpg 768w, https:\/\/cparici.com\/wp-content\/uploads\/2025\/03\/cparici-24-18x6.jpg 18w, https:\/\/cparici.com\/wp-content\/uploads\/2025\/03\/cparici-24-590x208.jpg 590w, https:\/\/cparici.com\/wp-content\/uploads\/2025\/03\/cparici-24-1200x424.jpg 1200w, https:\/\/cparici.com\/wp-content\/uploads\/2025\/03\/cparici-24-577x204.jpg 577w, https:\/\/cparici.com\/wp-content\/uploads\/2025\/03\/cparici-24-600x212.jpg 600w\" sizes=\"(max-width: 1500px) 100vw, 1500px\" \/><\/a><figcaption id=\"caption-attachment-59466\" class=\"wp-caption-text\">Lisieux monast\u00e8re<\/figcaption><\/figure><h2>Conclusion<\/h2><p>Lisieux se distingue par son sanctuaire d\u00e9di\u00e9 \u00e0 Sainte-Th\u00e9r\u00e8se, offrant une exp\u00e9rience \u00e0 la fois spirituelle et culturelle incomparable. Cette cit\u00e9 de Normandie, empreinte d\u2019histoire et de spiritualit\u00e9, convie les visiteurs \u00e0 explorer la vie et l\u2019\u0153uvre de Sainte Th\u00e9r\u00e8se.<\/p><p>La basilique, remarquable par ses mosa\u00efques et son architecture n\u00e9o-byzantine, constitue un havre de paix pour le recueillement et la pri\u00e8re. Les jardins et les espaces d\u00e9di\u00e9s \u00e0 la m\u00e9ditation enrichissent cette exp\u00e9rience, invitant les visiteurs \u00e0 un moment de r\u00e9flexion et de ressourcement. Ne ratez pas l\u2019occasion de visiter Lisieux et de vous immerger dans une aventure spirituelle et culturelle m\u00e9morable.<\/p><h2>FAQ Lisieux<\/h2><h2 data-start=\"0\" data-end=\"68\">Que faire \u00e0 Lisieux ? D\u00e9couvrez les incontournables de la ville<\/h2><p data-start=\"70\" data-end=\"530\"><strong data-start=\"70\" data-end=\"81\">Lisieux<\/strong>, situ\u00e9e en Normandie, est une ville au patrimoine riche et au charme authentique. Connue pour \u00eatre un haut lieu de p\u00e8lerinage gr\u00e2ce \u00e0 <strong data-start=\"216\" data-end=\"234\">Sainte-Th\u00e9r\u00e8se<\/strong>, elle offre \u00e9galement des sites historiques, des espaces naturels apaisants et une gastronomie locale savoureuse. Que vous soyez passionn\u00e9 de culture, amateur de nature ou en qu\u00eate de spiritualit\u00e9, <strong data-start=\"433\" data-end=\"444\">Lisieux<\/strong> saura vous s\u00e9duire. Voici un guide complet des meilleures choses \u00e0 faire \u00e0 Lisieux.<\/p><h3 data-start=\"537\" data-end=\"581\">\u00a0Visiter la Basilique Sainte-Th\u00e9r\u00e8se<\/h3><p data-start=\"583\" data-end=\"841\">Class\u00e9e parmi les plus grandes basiliques construites au XXe si\u00e8cle, la <strong data-start=\"655\" data-end=\"694\">Basilique Sainte-Th\u00e9r\u00e8se de Lisieux<\/strong> est un site incontournable. \u00c9rig\u00e9e en l\u2019honneur de Sainte-Th\u00e9r\u00e8se, elle impressionne par son architecture majestueuse et ses mosa\u00efques color\u00e9es.<\/p><p data-start=\"843\" data-end=\"1009\"><strong data-start=\"846\" data-end=\"857\">Adresse<\/strong> : Avenue Jean XXIII, 14100 Lisieux<br data-start=\"892\" data-end=\"895\" \/><strong data-start=\"897\" data-end=\"909\">Horaires<\/strong> : Ouverte tous les jours<br data-start=\"934\" data-end=\"937\" \/><strong data-start=\"940\" data-end=\"951\">Conseil<\/strong> : Ne manquez pas la crypte et la chapelle de la Vierge.<\/p><h3 data-start=\"1016\" data-end=\"1054\">\u00a0Explorer le Carmel de Lisieux<\/h3><p data-start=\"1056\" data-end=\"1300\">Lieu de recueillement et de m\u00e9moire, le <strong data-start=\"1096\" data-end=\"1117\">Carmel de Lisieux<\/strong> est le couvent o\u00f9 a v\u00e9cu <strong data-start=\"1143\" data-end=\"1161\">Sainte-Th\u00e9r\u00e8se<\/strong> avant sa mort en 1897. On peut y d\u00e9couvrir des objets lui ayant appartenu et en apprendre davantage sur sa vie et son message spirituel.<\/p><h3 data-start=\"1307\" data-end=\"1353\">\u00a0Se promener dans le centre historique<\/h3><p data-start=\"1355\" data-end=\"1539\">Lisieux ne se r\u00e9sume pas seulement \u00e0 la religion. Son <strong data-start=\"1409\" data-end=\"1425\">centre-ville<\/strong> cache de charmantes ruelles avec des maisons \u00e0 colombages, des boutiques artisanales et des caf\u00e9s accueillants.<\/p><p data-start=\"1541\" data-end=\"1551\">\u00c0 voir :<\/p><ul data-start=\"1552\" data-end=\"1793\"><li data-start=\"1552\" data-end=\"1632\"><strong data-start=\"1554\" data-end=\"1584\">La cath\u00e9drale Saint-Pierre<\/strong> : magnifique \u00e9difice gothique du XIIe si\u00e8cle.<\/li><li data-start=\"1633\" data-end=\"1721\"><strong data-start=\"1635\" data-end=\"1660\">Le jardin de l\u2019\u00c9v\u00each\u00e9<\/strong> : parfait pour une pause nature en plein c\u0153ur de la ville.<\/li><li data-start=\"1722\" data-end=\"1793\"><strong data-start=\"1724\" data-end=\"1753\">La Maison des Buissonnets<\/strong> : ancienne demeure de Sainte-Th\u00e9r\u00e8se.<\/li><\/ul><h3 data-start=\"1800\" data-end=\"1855\">D\u00e9couvrir le Ch\u00e2teau de Saint-Germain-de-Livet<\/h3><p data-start=\"1857\" data-end=\"2051\">\u00c0 quelques kilom\u00e8tres de Lisieux, ce magnifique ch\u00e2teau <strong data-start=\"1913\" data-end=\"1951\">\u00e0 pans de bois et pierres color\u00e9es<\/strong> est une perle de l\u2019architecture normande. Il est entour\u00e9 d\u2019un paisible jardin et d\u2019un plan d\u2019eau.<\/p><p data-start=\"2053\" data-end=\"2201\"><strong data-start=\"2056\" data-end=\"2067\">Adresse<\/strong> : D47, 14100 Saint-Germain-de-Livet<br data-start=\"2103\" data-end=\"2106\" \/><strong data-start=\"2109\" data-end=\"2125\">Bon \u00e0 savoir<\/strong> : Une visite guid\u00e9e permet de d\u00e9couvrir ses int\u00e9rieurs richement d\u00e9cor\u00e9s.<\/p><h3 data-start=\"2208\" data-end=\"2240\">5. Visiter le Zoo de Cerza<\/h3><p data-start=\"2242\" data-end=\"2476\">Envie de nature et d\u2019animaux ? Le <strong data-start=\"2276\" data-end=\"2292\">Zoo de Cerza<\/strong>, situ\u00e9 \u00e0 10 minutes de Lisieux, est l\u2019un des plus grands parcs animaliers de France. Il abrite plus de <strong data-start=\"2396\" data-end=\"2412\">1500 animaux<\/strong> en semi-libert\u00e9, notamment des lions, girafes et pandas roux.<\/p><p data-start=\"2478\" data-end=\"2611\"><strong data-start=\"2481\" data-end=\"2492\">Adresse<\/strong> : D143, 14100 Hermival-les-Vaux<br data-start=\"2524\" data-end=\"2527\" \/><strong data-start=\"2529\" data-end=\"2541\">Horaires<\/strong> : Ouvert toute l\u2019ann\u00e9e<br data-start=\"2564\" data-end=\"2567\" \/><strong data-start=\"2571\" data-end=\"2580\">Tarif<\/strong> : Environ 25\u20ac pour un adulte<\/p><h3 data-start=\"2618\" data-end=\"2661\">6. Profiter des sp\u00e9cialit\u00e9s normandes<\/h3><p data-start=\"2663\" data-end=\"2787\">Impossible de quitter Lisieux sans go\u00fbter aux <strong data-start=\"2709\" data-end=\"2729\">d\u00e9lices normands<\/strong> ! Voici quelques sp\u00e9cialit\u00e9s locales \u00e0 ne pas manquer :<\/p><ul data-start=\"2788\" data-end=\"2943\"><li data-start=\"2788\" data-end=\"2824\"><strong data-start=\"2790\" data-end=\"2819\">Le camembert de Normandie<\/strong><\/li><li data-start=\"2825\" data-end=\"2859\"><strong data-start=\"2827\" data-end=\"2854\">Le cidre et le calvados<\/strong><\/li><li data-start=\"2860\" data-end=\"2896\"><strong data-start=\"2862\" data-end=\"2894\">Les tripes \u00e0 la mode de Caen<\/strong><\/li><li data-start=\"2897\" data-end=\"2943\"><strong data-start=\"2899\" data-end=\"2938\">Les pommes sous toutes leurs formes<\/strong><\/li><\/ul><p data-start=\"2945\" data-end=\"3087\"><strong data-start=\"2948\" data-end=\"2963\">O\u00f9 manger ?<\/strong> Le restaurant <strong data-start=\"2978\" data-end=\"2993\">Le Bellevue<\/strong> ou <strong data-start=\"2997\" data-end=\"3020\">Le Bistrot Gourmand<\/strong> proposent des plats typiques avec des produits frais du terroir.<\/p><h3 data-start=\"3094\" data-end=\"3127\">7. Fl\u00e2ner dans les environs<\/h3><p data-start=\"3129\" data-end=\"3189\">Si vous avez du temps, explorez les alentours de Lisieux :<\/p><ul data-start=\"3190\" data-end=\"3335\"><li data-start=\"3190\" data-end=\"3230\"><strong data-start=\"3192\" data-end=\"3209\">Pont-l\u2019\u00c9v\u00eaque<\/strong> et ses fromageries<\/li><li data-start=\"3231\" data-end=\"3273\"><strong data-start=\"3233\" data-end=\"3246\">Deauville<\/strong> et ses c\u00e9l\u00e8bres planches<\/li><li data-start=\"3274\" data-end=\"3335\"><strong data-start=\"3276\" data-end=\"3288\">Honfleur<\/strong>, charmant port normand \u00e0 40 minutes de route<\/li><\/ul><h3 data-start=\"3342\" data-end=\"3357\">Conclusion<\/h3><p data-start=\"3359\" data-end=\"3578\"><strong data-start=\"3359\" data-end=\"3370\">Lisieux<\/strong> est une ville qui offre un <strong data-start=\"3398\" data-end=\"3460\">m\u00e9lange unique de spiritualit\u00e9, de patrimoine et de nature<\/strong>. Que vous soyez en qu\u00eate de s\u00e9r\u00e9nit\u00e9, d\u2019histoire ou de saveurs locales, votre s\u00e9jour sera enrichissant et agr\u00e9able.<\/p><h2 data-start=\"0\" data-end=\"70\"><strong data-start=\"2\" data-end=\"68\">Restaurant \u00e0 Lisieux : Les meilleures adresses pour se r\u00e9galer<\/strong><\/h2><p data-start=\"72\" data-end=\"447\">Situ\u00e9e en <strong data-start=\"82\" data-end=\"95\">Normandie<\/strong>, au c\u0153ur du <strong data-start=\"108\" data-end=\"123\">Pays d\u2019Auge<\/strong>, la ville de <strong data-start=\"137\" data-end=\"148\">Lisieux<\/strong> est r\u00e9put\u00e9e pour son patrimoine historique et sa gastronomie locale. Que vous soyez de passage ou un habitant \u00e0 la recherche d\u2019une bonne table, vous trouverez \u00e0 Lisieux des restaurants pour tous les go\u00fbts : cuisine traditionnelle normande, bistronomie, cr\u00eaperies ou encore sp\u00e9cialit\u00e9s du terroir.<\/p><p data-start=\"449\" data-end=\"542\">Voici un tour d\u2019horizon des <strong data-start=\"477\" data-end=\"512\">meilleurs restaurants \u00e0 Lisieux<\/strong> pour savourer un bon repas.<\/p><h3 data-start=\"549\" data-end=\"589\"><strong data-start=\"552\" data-end=\"587\">Les meilleures tables \u00e0 Lisieux<\/strong><\/h3><h4 data-start=\"591\" data-end=\"644\"><strong data-start=\"595\" data-end=\"642\">1. Le Grand Caf\u00e9 \u2013 L\u2019institution de Lisieux<\/strong><\/h4><p data-start=\"645\" data-end=\"772\"><em data-start=\"648\" data-end=\"694\">Adresse : 42 Place de la R\u00e9publique, Lisieux<\/em><br data-start=\"694\" data-end=\"697\" \/><strong data-start=\"700\" data-end=\"710\">Prix :<\/strong> \u20ac\u20ac<br data-start=\"713\" data-end=\"716\" \/><strong data-start=\"719\" data-end=\"736\">Sp\u00e9cialit\u00e9s :<\/strong> Cuisine fran\u00e7aise, plats normands<\/p><p data-start=\"774\" data-end=\"1098\">Situ\u00e9 en plein centre-ville, <strong data-start=\"803\" data-end=\"820\">Le Grand Caf\u00e9<\/strong> est une adresse incontournable pour d\u00e9guster des plats typiques de la r\u00e9gion. On y retrouve des sp\u00e9cialit\u00e9s comme le <strong data-start=\"938\" data-end=\"956\">camembert r\u00f4ti<\/strong>, la <strong data-start=\"961\" data-end=\"988\">tripe \u00e0 la mode de Caen<\/strong>, et bien s\u00fbr, des desserts aux pommes et au caramel normand. L\u2019ambiance est conviviale et le cadre \u00e9l\u00e9gant.<\/p><h4 data-start=\"1105\" data-end=\"1151\"><strong data-start=\"1109\" data-end=\"1149\">2. Le Patio \u2013 Saveurs et raffinement<\/strong><\/h4><p data-start=\"1152\" data-end=\"1262\"><em data-start=\"1155\" data-end=\"1195\">Adresse : 44 Rue Henry Ch\u00e9ron, Lisieux<\/em><br data-start=\"1195\" data-end=\"1198\" \/><strong data-start=\"1201\" data-end=\"1211\">Prix :<\/strong> \u20ac\u20ac\u20ac<br data-start=\"1215\" data-end=\"1218\" \/><strong data-start=\"1221\" data-end=\"1238\">Sp\u00e9cialit\u00e9s :<\/strong> Cuisine gastronomique<\/p><p data-start=\"1264\" data-end=\"1633\">Pour une exp\u00e9rience culinaire raffin\u00e9e, <strong data-start=\"1304\" data-end=\"1316\">Le Patio<\/strong> est une valeur s\u00fbre. Ce restaurant propose une cuisine inventive avec des produits locaux soigneusement s\u00e9lectionn\u00e9s. On y trouve des plats tels que le <strong data-start=\"1469\" data-end=\"1504\">filet de bar sauce beurre blanc<\/strong> ou le <strong data-start=\"1511\" data-end=\"1555\">magret de canard aux pommes caram\u00e9lis\u00e9es<\/strong>. La carte change r\u00e9guli\u00e8rement pour mettre en avant les produits de saison.<\/p><h4 data-start=\"1640\" data-end=\"1696\"><strong data-start=\"1644\" data-end=\"1694\">3. La Petite Auberge \u2013 L\u2019authenticit\u00e9 normande<\/strong><\/h4><p data-start=\"1697\" data-end=\"1816\"><em data-start=\"1700\" data-end=\"1740\">Adresse : 19 Rue Pont Mortain, Lisieux<\/em><br data-start=\"1740\" data-end=\"1743\" \/><strong data-start=\"1746\" data-end=\"1756\">Prix :<\/strong> \u20ac\u20ac<br data-start=\"1759\" data-end=\"1762\" \/><strong data-start=\"1765\" data-end=\"1782\">Sp\u00e9cialit\u00e9s :<\/strong> Cuisine traditionnelle normande<\/p><p data-start=\"1818\" data-end=\"2094\">Avec son ambiance chaleureuse et son d\u00e9cor rustique, <strong data-start=\"1871\" data-end=\"1892\">La Petite Auberge<\/strong> est l\u2019endroit id\u00e9al pour go\u00fbter aux saveurs du terroir. Leur <strong data-start=\"1954\" data-end=\"1983\">andouille de Vire grill\u00e9e<\/strong>, leur <strong data-start=\"1990\" data-end=\"2020\">escalope normande au cidre<\/strong> et leur <strong data-start=\"2029\" data-end=\"2051\">tarte tatin maison<\/strong> font partie des incontournables du menu.<\/p><h4 data-start=\"2101\" data-end=\"2175\"><strong data-start=\"2105\" data-end=\"2173\">4. Cr\u00eaperie les 3 F\u00e9es \u2013 Pour les amateurs de cr\u00eapes et galettes<\/strong><\/h4><p data-start=\"2176\" data-end=\"2285\"><em data-start=\"2179\" data-end=\"2215\">Adresse : 5 Rue du Carmel, Lisieux<\/em><br data-start=\"2215\" data-end=\"2218\" \/><strong data-start=\"2221\" data-end=\"2231\">Prix :<\/strong> \u20ac<br data-start=\"2233\" data-end=\"2236\" \/><strong data-start=\"2239\" data-end=\"2256\">Sp\u00e9cialit\u00e9s :<\/strong> Cr\u00eapes, galettes bretonnes<\/p><p data-start=\"2287\" data-end=\"2535\">Si vous \u00eates amateur de cr\u00eapes et de galettes, cette cr\u00eaperie est un excellent choix. Elle propose une large s\u00e9lection de <strong data-start=\"2409\" data-end=\"2441\">galettes de sarrasin garnies<\/strong>, accompagn\u00e9es de cidre normand. La cr\u00eape au caramel beurre sal\u00e9 maison est un vrai d\u00e9lice !<\/p><h4 data-start=\"2542\" data-end=\"2612\"><strong data-start=\"2546\" data-end=\"2610\">5. Le Bistrot Gourmand \u2013 Une cuisine bistronomique g\u00e9n\u00e9reuse<\/strong><\/h4><p data-start=\"2613\" data-end=\"2737\"><em data-start=\"2616\" data-end=\"2658\">Adresse : 67 Avenue Victor Hugo, Lisieux<\/em><br data-start=\"2658\" data-end=\"2661\" \/><strong data-start=\"2664\" data-end=\"2674\">Prix :<\/strong> \u20ac\u20ac<br data-start=\"2677\" data-end=\"2680\" \/><strong data-start=\"2683\" data-end=\"2700\">Sp\u00e9cialit\u00e9s :<\/strong> Cuisine fran\u00e7aise et bistronomique<\/p><p data-start=\"2739\" data-end=\"2999\">Dans un cadre moderne et \u00e9l\u00e9gant, <strong data-start=\"2773\" data-end=\"2796\">Le Bistrot Gourmand<\/strong> propose une cuisine savoureuse et g\u00e9n\u00e9reuse. Leur <strong data-start=\"2847\" data-end=\"2884\">burger normand au camembert fondu<\/strong>, leur <strong data-start=\"2891\" data-end=\"2918\">risotto aux champignons<\/strong> et leur <strong data-start=\"2927\" data-end=\"2967\">pav\u00e9 de saumon sauce beurre citronn\u00e9<\/strong> font le bonheur des gourmets.<\/p><h3 data-start=\"3006\" data-end=\"3054\"><strong data-start=\"3009\" data-end=\"3052\">O\u00f9 manger \u00e0 Lisieux selon votre envie ?<\/strong><\/h3><ul data-start=\"3056\" data-end=\"3341\"><li data-start=\"3056\" data-end=\"3099\"><strong data-start=\"3058\" data-end=\"3086\">Pour un repas romantique<\/strong> : Le Patio<\/li><li data-start=\"3100\" data-end=\"3167\"><strong data-start=\"3102\" data-end=\"3145\">Pour une ambiance conviviale et typique<\/strong> : La Petite Auberge<\/li><li data-start=\"3168\" data-end=\"3234\"><strong data-start=\"3170\" data-end=\"3210\">Pour un d\u00e9jeuner rapide et savoureux<\/strong> : Cr\u00eaperie les 3 F\u00e9es<\/li><li data-start=\"3235\" data-end=\"3286\"><strong data-start=\"3237\" data-end=\"3268\">Pour un d\u00eener gastronomique<\/strong> : Le Grand Caf\u00e9<\/li><li data-start=\"3287\" data-end=\"3341\"><strong data-start=\"3289\" data-end=\"3317\">Pour un repas entre amis<\/strong> : Le Bistrot Gourmand<\/li><\/ul><p data-start=\"3343\" data-end=\"3598\">Lisieux regorge de <strong data-start=\"3362\" data-end=\"3388\">restaurants de qualit\u00e9<\/strong> o\u00f9 les produits du <strong data-start=\"3408\" data-end=\"3427\">terroir normand<\/strong> sont \u00e0 l\u2019honneur. Que vous soyez \u00e0 la recherche d\u2019une cuisine <strong data-start=\"3490\" data-end=\"3505\">authentique<\/strong>, <strong data-start=\"3507\" data-end=\"3520\">gourmande<\/strong> ou <strong data-start=\"3524\" data-end=\"3536\">cr\u00e9ative<\/strong>, vous trouverez forc\u00e9ment une adresse qui vous conviendra !<\/p><h2 data-start=\"0\" data-end=\"71\"><span style=\"font-size: 18pt;\">M\u00e9t\u00e9o \u00e0 Lisieux : Climat, pr\u00e9visions et conseils selon les saisons<\/span><\/h2><p data-start=\"73\" data-end=\"483\"><strong data-start=\"73\" data-end=\"84\">Lisieux<\/strong>, situ\u00e9e en Normandie, b\u00e9n\u00e9ficie d\u2019un <strong data-start=\"122\" data-end=\"150\">climat oc\u00e9anique temp\u00e9r\u00e9<\/strong>, marqu\u00e9 par des hivers doux et des \u00e9t\u00e9s frais. Gr\u00e2ce \u00e0 sa proximit\u00e9 avec la Manche, la ville conna\u00eet une m\u00e9t\u00e9o souvent changeante avec une humidit\u00e9 relativement \u00e9lev\u00e9e tout au long de l\u2019ann\u00e9e. Si vous pr\u00e9voyez de visiter Lisieux, il est important de bien conna\u00eetre la m\u00e9t\u00e9o locale afin d\u2019adapter vos activit\u00e9s et votre \u00e9quipement.<\/p><h3 data-start=\"490\" data-end=\"543\">1. Le climat de Lisieux tout au long de l\u2019ann\u00e9e<\/h3><p data-start=\"545\" data-end=\"748\">La m\u00e9t\u00e9o \u00e0 Lisieux est influenc\u00e9e par les vents marins et les pr\u00e9cipitations sont fr\u00e9quentes, surtout en automne et en hiver. Voici un aper\u00e7u des <strong data-start=\"691\" data-end=\"709\">quatre saisons<\/strong> dans cette charmante ville normande.<\/p><h4 data-start=\"750\" data-end=\"817\">\u00a0Printemps (mars \u00e0 mai) : une m\u00e9t\u00e9o variable mais agr\u00e9able<\/h4><ul data-start=\"818\" data-end=\"1010\"><li data-start=\"818\" data-end=\"866\"><strong data-start=\"824\" data-end=\"840\">Temp\u00e9ratures<\/strong> : Entre <strong data-start=\"849\" data-end=\"864\">5\u00b0C et 17\u00b0C<\/strong><\/li><li data-start=\"867\" data-end=\"949\"><strong data-start=\"873\" data-end=\"891\">Pr\u00e9cipitations<\/strong> : Mod\u00e9r\u00e9es, avec environ <strong data-start=\"917\" data-end=\"947\">12 jours de pluie par mois<\/strong><\/li><li data-start=\"950\" data-end=\"1010\"><strong data-start=\"955\" data-end=\"973\">Ensoleillement<\/strong> : En moyenne <strong data-start=\"987\" data-end=\"1008\">5 heures par jour<\/strong><\/li><\/ul><p data-start=\"1012\" data-end=\"1279\">Le printemps est une belle p\u00e9riode pour visiter Lisieux, avec la nature en fleurs et des temp\u00e9ratures qui deviennent plus agr\u00e9ables. Toutefois, le temps reste instable avec des alternances de pluie et d\u2019\u00e9claircies. <strong data-start=\"1227\" data-end=\"1277\">Un imperm\u00e9able ou un parapluie est recommand\u00e9.<\/strong><\/p><h4 data-start=\"1281\" data-end=\"1347\">\u00a0\u00c9t\u00e9 (juin \u00e0 ao\u00fbt) : des temp\u00e9ratures douces et agr\u00e9ables<\/h4><ul data-start=\"1348\" data-end=\"1536\"><li data-start=\"1348\" data-end=\"1397\"><strong data-start=\"1354\" data-end=\"1370\">Temp\u00e9ratures<\/strong> : Entre <strong data-start=\"1379\" data-end=\"1395\">12\u00b0C et 25\u00b0C<\/strong><\/li><li data-start=\"1398\" data-end=\"1478\"><strong data-start=\"1404\" data-end=\"1422\">Pr\u00e9cipitations<\/strong> : Faibles, avec environ <strong data-start=\"1447\" data-end=\"1476\">8 jours de pluie par mois<\/strong><\/li><li data-start=\"1479\" data-end=\"1536\"><strong data-start=\"1484\" data-end=\"1502\">Ensoleillement<\/strong> : Environ <strong data-start=\"1513\" data-end=\"1534\">7 heures par jour<\/strong><\/li><\/ul><p data-start=\"1538\" data-end=\"1854\">Contrairement \u00e0 d\u2019autres r\u00e9gions de France o\u00f9 la chaleur peut \u00eatre intense, Lisieux profite d\u2019un \u00e9t\u00e9 <strong data-start=\"1639\" data-end=\"1658\">doux et temp\u00e9r\u00e9<\/strong>. C\u2019est la p\u00e9riode id\u00e9ale pour explorer la ville \u00e0 pied ou profiter des espaces naturels environnants. Les temp\u00e9ratures d\u00e9passent rarement <strong data-start=\"1797\" data-end=\"1805\">30\u00b0C<\/strong>, rendant le climat agr\u00e9able m\u00eame en plein \u00e9t\u00e9.<\/p><h4 data-start=\"1856\" data-end=\"1931\">\u00a0Automne (septembre \u00e0 novembre) : un retour progressif de la pluie<\/h4><ul data-start=\"1932\" data-end=\"2135\"><li data-start=\"1932\" data-end=\"1980\"><strong data-start=\"1938\" data-end=\"1954\">Temp\u00e9ratures<\/strong> : Entre <strong data-start=\"1963\" data-end=\"1978\">7\u00b0C et 18\u00b0C<\/strong><\/li><li data-start=\"1981\" data-end=\"2076\"><strong data-start=\"1987\" data-end=\"2005\">Pr\u00e9cipitations<\/strong> : Augmentent progressivement, environ <strong data-start=\"2044\" data-end=\"2074\">15 jours de pluie par mois<\/strong><\/li><li data-start=\"2077\" data-end=\"2135\"><strong data-start=\"2082\" data-end=\"2100\">Ensoleillement<\/strong> : R\u00e9duit \u00e0 <strong data-start=\"2112\" data-end=\"2133\">4 heures par jour<\/strong><\/li><\/ul><p data-start=\"2137\" data-end=\"2415\">L\u2019automne est marqu\u00e9 par des journ\u00e9es plus fra\u00eeches et des pr\u00e9cipitations en hausse. Les paysages se parent de couleurs magnifiques, notamment dans les parcs et for\u00eats environnantes. <strong data-start=\"2320\" data-end=\"2413\">Pr\u00e9parez-vous \u00e0 des averses fr\u00e9quentes et des temp\u00e9ratures qui chutent en fin de journ\u00e9e.<\/strong><\/p><h4 data-start=\"2417\" data-end=\"2483\">\u00a0Hiver (d\u00e9cembre \u00e0 f\u00e9vrier) : froid mais rarement glacial<\/h4><ul data-start=\"2484\" data-end=\"2743\"><li data-start=\"2484\" data-end=\"2532\"><strong data-start=\"2490\" data-end=\"2506\">Temp\u00e9ratures<\/strong> : Entre <strong data-start=\"2515\" data-end=\"2530\">0\u00b0C et 10\u00b0C<\/strong><\/li><li data-start=\"2533\" data-end=\"2618\"><strong data-start=\"2539\" data-end=\"2557\">Pr\u00e9cipitations<\/strong> : Importantes, avec environ <strong data-start=\"2586\" data-end=\"2616\">16 jours de pluie par mois<\/strong><\/li><li data-start=\"2619\" data-end=\"2679\"><strong data-start=\"2624\" data-end=\"2633\">Neige<\/strong> : Rare, mais possible en janvier et f\u00e9vrier<\/li><li data-start=\"2680\" data-end=\"2743\"><strong data-start=\"2685\" data-end=\"2703\">Ensoleillement<\/strong> : Seulement <strong data-start=\"2716\" data-end=\"2741\">2 \u00e0 3 heures par jour<\/strong><\/li><\/ul><p data-start=\"2745\" data-end=\"3028\">Les hivers \u00e0 Lisieux sont souvent <strong data-start=\"2779\" data-end=\"2801\">humides et nuageux<\/strong>, mais les temp\u00e9ratures descendent rarement en dessous de <strong data-start=\"2859\" data-end=\"2866\">0\u00b0C<\/strong>. Il peut y avoir quelques \u00e9pisodes de gel ou de neige, mais ils restent peu fr\u00e9quents. <strong data-start=\"2954\" data-end=\"3026\">Un bon manteau imperm\u00e9able et des v\u00eatements chauds sont recommand\u00e9s.<\/strong><\/p><h2 data-start=\"0\" data-end=\"95\"><span style=\"font-size: 18pt;\">Club Athl\u00e9tic Lisieux Pays d\u2019Auge : Un club dynamique pour tous les passionn\u00e9s d\u2019athl\u00e9tisme<\/span><\/h2><p data-start=\"97\" data-end=\"531\">Le <strong data-start=\"100\" data-end=\"145\">Club Athl\u00e9tic Lisieux Pays d\u2019Auge (CALPA)<\/strong> est une structure sportive incontournable dans le paysage lexovien. Il accueille <strong data-start=\"227\" data-end=\"272\">les amateurs et comp\u00e9titeurs d\u2019athl\u00e9tisme<\/strong> de tous \u00e2ges, offrant un cadre id\u00e9al pour s\u2019entra\u00eener, progresser et performer dans les diff\u00e9rentes disciplines de l\u2019athl\u00e9tisme. Gr\u00e2ce \u00e0 son encadrement de qualit\u00e9 et \u00e0 son ambiance conviviale, le <strong data-start=\"470\" data-end=\"479\">CALPA<\/strong> est une r\u00e9f\u00e9rence pour les sportifs de la r\u00e9gion.<\/p><h3 data-start=\"538\" data-end=\"579\">1. Un club ouvert \u00e0 tous les niveaux<\/h3><p data-start=\"581\" data-end=\"696\">Le <strong data-start=\"584\" data-end=\"621\">Club Athl\u00e9tic Lisieux Pays d\u2019Auge<\/strong> propose une large gamme de disciplines et s\u2019adresse \u00e0 tous les publics :<\/p><ul data-start=\"697\" data-end=\"1044\"><li data-start=\"697\" data-end=\"768\"><strong data-start=\"702\" data-end=\"719\">Course \u00e0 pied<\/strong> : Sprint, demi-fond, fond et courses sur route<\/li><li data-start=\"769\" data-end=\"826\"><strong data-start=\"774\" data-end=\"783\">Sauts<\/strong> : Longueur, triple saut, hauteur, perche<\/li><li data-start=\"827\" data-end=\"879\"><strong data-start=\"832\" data-end=\"843\">Lancers<\/strong> : Poids, disque, javelot, marteau<\/li><li data-start=\"880\" data-end=\"948\"><strong data-start=\"885\" data-end=\"906\">Marche athl\u00e9tique<\/strong> : Une discipline technique et exigeante<\/li><li data-start=\"949\" data-end=\"1044\"><strong data-start=\"954\" data-end=\"970\">Comp\u00e9titions<\/strong> : Participation aux championnats d\u00e9partementaux, r\u00e9gionaux et nationaux<\/li><\/ul><p data-start=\"1046\" data-end=\"1224\">Que vous soyez un <strong data-start=\"1064\" data-end=\"1076\">d\u00e9butant<\/strong>, un sportif en <strong data-start=\"1092\" data-end=\"1116\">recherche de loisirs<\/strong>, ou un <strong data-start=\"1124\" data-end=\"1150\">athl\u00e8te de haut niveau<\/strong>, le <strong data-start=\"1155\" data-end=\"1164\">CALPA<\/strong> vous accueille et vous accompagne dans votre progression.<\/p><h3 data-start=\"1231\" data-end=\"1299\">2. Des infrastructures adapt\u00e9es et un encadrement professionnel<\/h3><p data-start=\"1301\" data-end=\"1685\">Le <strong data-start=\"1304\" data-end=\"1313\">CALPA<\/strong> dispose d\u2019installations modernes pour permettre aux athl\u00e8tes de s\u2019entra\u00eener dans les meilleures conditions :<br data-start=\"1422\" data-end=\"1425\" \/><strong data-start=\"1428\" data-end=\"1451\">Stade Louis Bielman<\/strong> : \u00e9quip\u00e9 d\u2019une piste d\u2019athl\u00e9tisme et d\u2019aires de saut et de lancer<br data-start=\"1517\" data-end=\"1520\" \/><strong data-start=\"1523\" data-end=\"1576\">Salle de musculation et entra\u00eenement en int\u00e9rieur<\/strong> pour les p\u00e9riodes hivernales<br data-start=\"1605\" data-end=\"1608\" \/><strong data-start=\"1611\" data-end=\"1655\">Encadrement par des entra\u00eeneurs dipl\u00f4m\u00e9s<\/strong>, passionn\u00e9s et exp\u00e9riment\u00e9s<\/p><p data-start=\"1687\" data-end=\"1877\">L\u2019accompagnement des athl\u00e8tes est un point fort du club, avec des entra\u00eenements personnalis\u00e9s et un suivi attentif pour optimiser les performances tout en pr\u00e9servant la sant\u00e9 des sportifs.<\/p><h3 data-start=\"1884\" data-end=\"1944\">3. Un club tourn\u00e9 vers la comp\u00e9tition et la performance<\/h3><p data-start=\"1946\" data-end=\"2254\">Le <strong data-start=\"1949\" data-end=\"1986\">Club Athl\u00e9tic Lisieux Pays d\u2019Auge<\/strong> se distingue par sa pr\u00e9sence dans de nombreuses comp\u00e9titions :<br data-start=\"2049\" data-end=\"2052\" \/>\u00a0Participation aux <strong data-start=\"2073\" data-end=\"2128\">championnats d\u00e9partementaux, r\u00e9gionaux et nationaux<\/strong><br data-start=\"2128\" data-end=\"2131\" \/>\u00a0Organisation de courses et \u00e9v\u00e9nements locaux<br data-start=\"2181\" data-end=\"2184\" \/>\u00a0Objectifs de <strong data-start=\"2200\" data-end=\"2228\">formation et progression<\/strong> pour les jeunes talents<\/p><p data-start=\"2256\" data-end=\"2395\">Les licenci\u00e9s du club ont r\u00e9guli\u00e8rement <strong data-start=\"2296\" data-end=\"2329\">brill\u00e9 dans diverses \u00e9preuves<\/strong>, faisant du <strong data-start=\"2342\" data-end=\"2351\">CALPA<\/strong> un acteur majeur de l\u2019athl\u00e9tisme normand.<\/p><h3 data-start=\"2402\" data-end=\"2455\">4. Une ambiance conviviale et un esprit familial<\/h3><p data-start=\"2457\" data-end=\"2689\">Au-del\u00e0 des performances, le <strong data-start=\"2486\" data-end=\"2495\">CALPA<\/strong> met un point d\u2019honneur \u00e0 conserver un <strong data-start=\"2534\" data-end=\"2573\">esprit de camaraderie et de partage<\/strong>. Le club organise des \u00e9v\u00e9nements festifs, des stages et des sorties pour renforcer les liens entre les adh\u00e9rents.<\/p><p data-start=\"2691\" data-end=\"2873\">\u00a0Accueil des <strong data-start=\"2715\" data-end=\"2744\">jeunes athl\u00e8tes d\u00e8s 6 ans<\/strong><br data-start=\"2744\" data-end=\"2747\" \/>\u00a0Encouragement du <strong data-start=\"2767\" data-end=\"2786\">sport pour tous<\/strong>, dans une ambiance bienveillante<br data-start=\"2819\" data-end=\"2822\" \/>\u00a0Organisation de <strong data-start=\"2841\" data-end=\"2871\">sorties et stages sportifs<\/strong><\/p><h3 data-start=\"2880\" data-end=\"2895\">Conclusion<\/h3><p data-start=\"2897\" data-end=\"3231\">Le <strong data-start=\"2900\" data-end=\"2937\">Club Athl\u00e9tic Lisieux Pays d\u2019Auge<\/strong> est plus qu\u2019un simple club d\u2019athl\u00e9tisme : c\u2019est une <strong data-start=\"2990\" data-end=\"3020\">v\u00e9ritable famille sportive<\/strong>, o\u00f9 chacun peut s\u2019\u00e9panouir et progresser \u00e0 son rythme. Que vous souhaitiez pratiquer l\u2019athl\u00e9tisme en loisir ou en comp\u00e9tition, <strong data-start=\"3148\" data-end=\"3228\">le CALPA vous offre un cadre id\u00e9al pour vous d\u00e9passer et vivre votre passion<\/strong>.<\/p><h2 data-start=\"0\" data-end=\"74\"><strong data-start=\"4\" data-end=\"72\">Ouest-France Lisieux : L\u2019actualit\u00e9 locale au c\u0153ur du Pays d\u2019Auge<\/strong><\/h2><p data-start=\"76\" data-end=\"517\"><strong data-start=\"76\" data-end=\"100\">Ouest-France Lisieux<\/strong> est l\u2019\u00e9dition locale du c\u00e9l\u00e8bre quotidien r\u00e9gional <em data-start=\"152\" data-end=\"166\">Ouest-France<\/em>, qui couvre l\u2019actualit\u00e9 de la ville de <strong data-start=\"206\" data-end=\"217\">Lisieux<\/strong> et de ses environs. Situ\u00e9e en Normandie, au c\u0153ur du <strong data-start=\"270\" data-end=\"285\">Pays d\u2019Auge<\/strong>, cette commune est riche en histoire, en culture et en \u00e9v\u00e9nements locaux. Gr\u00e2ce \u00e0 <em data-start=\"368\" data-end=\"390\">Ouest-France Lisieux<\/em>, les habitants peuvent suivre en temps r\u00e9el les informations politiques, \u00e9conomiques, sportives et culturelles de la r\u00e9gion.<\/p><h3 data-start=\"524\" data-end=\"583\"><strong data-start=\"528\" data-end=\"581\">Une couverture compl\u00e8te de l\u2019actualit\u00e9 lexovienne<\/strong><\/h3><p data-start=\"585\" data-end=\"835\">La ville de <strong data-start=\"597\" data-end=\"608\">Lisieux<\/strong>, deuxi\u00e8me ville du Calvados apr\u00e8s Caen, est un centre dynamique o\u00f9 se croisent patrimoine historique et modernit\u00e9. <em data-start=\"724\" data-end=\"738\">Ouest-France<\/em> propose une <strong data-start=\"751\" data-end=\"777\">couverture quotidienne<\/strong> des faits marquants de la commune et de ses alentours :<\/p><ul data-start=\"837\" data-end=\"1316\"><li data-start=\"837\" data-end=\"950\"><strong data-start=\"839\" data-end=\"870\">Vie municipale et politique<\/strong> : les d\u00e9cisions du conseil municipal, les projets urbains, les d\u00e9bats locaux.<\/li><li data-start=\"951\" data-end=\"1032\"><strong data-start=\"953\" data-end=\"969\">Faits divers<\/strong> : incidents, accidents, interventions des forces de l\u2019ordre.<\/li><li data-start=\"1033\" data-end=\"1143\"><strong data-start=\"1035\" data-end=\"1057\">\u00c9conomie et emploi<\/strong> : focus sur les entreprises locales, le march\u00e9 du travail, l\u2019\u00e9volution commerciale.<\/li><li data-start=\"1144\" data-end=\"1240\"><strong data-start=\"1146\" data-end=\"1171\">Culture et \u00e9v\u00e9nements<\/strong> : agenda des manifestations, festivals, expositions et spectacles.<\/li><li data-start=\"1241\" data-end=\"1316\"><strong data-start=\"1243\" data-end=\"1252\">Sport<\/strong> : r\u00e9sultats des clubs locaux, portraits d\u2019athl\u00e8tes lexoviens.<\/li><\/ul><p data-start=\"1318\" data-end=\"1461\">Gr\u00e2ce \u00e0 ses journalistes de terrain, <em data-start=\"1355\" data-end=\"1377\">Ouest-France Lisieux<\/em> informe les habitants avec des reportages d\u00e9taill\u00e9s et des interviews exclusives.<\/p><h3 data-start=\"1468\" data-end=\"1532\"><strong data-start=\"1472\" data-end=\"1530\">Une pr\u00e9sence digitale et papier pour tous les lecteurs<\/strong><\/h3><p data-start=\"1534\" data-end=\"1609\">L\u2019\u00e9dition lexovienne de <em data-start=\"1558\" data-end=\"1572\">Ouest-France<\/em> est disponible sous deux formats :<\/p><ol data-start=\"1611\" data-end=\"1925\"><li data-start=\"1611\" data-end=\"1737\"><strong data-start=\"1614\" data-end=\"1634\">L\u2019\u00e9dition papier<\/strong>, accessible en kiosque ou par abonnement, qui reste un support pris\u00e9 par les lecteurs traditionnels.<\/li><li data-start=\"1738\" data-end=\"1925\"><strong data-start=\"1741\" data-end=\"1764\">L\u2019\u00e9dition num\u00e9rique<\/strong>, mise \u00e0 jour en temps r\u00e9el sur le site et l\u2019application <em data-start=\"1821\" data-end=\"1835\">Ouest-France<\/em>, permet aux lecteurs de suivre l\u2019actualit\u00e9 sur leur smartphone, tablette ou ordinateur.<\/li><\/ol><p data-start=\"1927\" data-end=\"2079\">Cette pr\u00e9sence en ligne inclut \u00e9galement des <strong data-start=\"1972\" data-end=\"1994\">articles exclusifs<\/strong> pour les abonn\u00e9s et des vid\u00e9os immersives pour mieux comprendre les enjeux locaux.<\/p><h3 data-start=\"2086\" data-end=\"2138\"><strong data-start=\"2090\" data-end=\"2136\">Lisieux : une ville aux multiples facettes<\/strong><\/h3><p data-start=\"2140\" data-end=\"2368\">Lisieux est connue pour sa c\u00e9l\u00e8bre <strong data-start=\"2175\" data-end=\"2203\">Basilique Sainte-Th\u00e9r\u00e8se<\/strong>, qui attire chaque ann\u00e9e des milliers de p\u00e8lerins. Mais au-del\u00e0 de son patrimoine religieux, la ville se distingue aussi par son dynamisme \u00e9conomique et culturel.<\/p><p data-start=\"2370\" data-end=\"2663\">Avec son regard objectif et sa rigueur journalistique, <em data-start=\"2425\" data-end=\"2447\">Ouest-France Lisieux<\/em> est un acteur cl\u00e9 pour d\u00e9crypter les transformations et les enjeux de cette cit\u00e9 normande. Que ce soit pour les habitants, les \u00e9lus ou les entrepreneurs, ce m\u00e9dia reste une <strong data-start=\"2621\" data-end=\"2660\">source d\u2019information incontournable<\/strong>.<\/p><h2>FAQ Lisieux<\/h2><h3>Pourquoi Lisieux est-il connu ?<\/h3><p>Lisieux est c\u00e9l\u00e8bre en tant que centre de p\u00e8lerinage d\u00e9di\u00e9 \u00e0 Sainte Th\u00e9r\u00e8se de l\u2019Enfant-J\u00e9sus, une figure majeure de la mystique du XIXe si\u00e8cle. Chaque ann\u00e9e, la ville accueille un million de visiteurs, se pla\u00e7ant ainsi comme la deuxi\u00e8me destination de p\u00e8lerinage en France apr\u00e8s Lourdes. Cette popularit\u00e9 s\u2019explique par la pr\u00e9sence de la basilique Sainte-Th\u00e9r\u00e8se et des sites associ\u00e9s \u00e0 la vie de la sainte.<\/p><h3>Qu\u2019est-ce qu\u2019il y a \u00e0 Lisieux ?<\/h3><p>Dot\u00e9e d\u2019un riche patrimoine, Lisieux propose des visites vari\u00e9es telles que la Basilique de Sainte-Th\u00e9r\u00e8se, le Carmel, la maison d\u2019enfance de Sainte-Th\u00e9r\u00e8se connue sous le nom de Les Buissonnets, ainsi que la Cath\u00e9drale Saint-Pierre. La ville est \u00e9galement r\u00e9put\u00e9e pour ses maisons \u00e0 colombages, le Mus\u00e9e d\u2019Art et d\u2019Histoire, et des espaces verts tels que le Jardin de l\u2019\u00c9v\u00each\u00e9. Aux alentours, le Ch\u00e2teau de Saint-Germain-de-Livet et le zoo de Cerza constituent des excursions int\u00e9ressantes.<\/p><h3>O\u00f9 se promener \u00e0 Lisieux ?<\/h3><p>\u00c0 Lisieux, <a href=\"https:\/\/www.ville-lisieux.fr\/fr\/\" target=\"_blank\" rel=\"noopener\">une multitude de circuits<\/a> de randonn\u00e9e s\u2019offre aux promeneurs. Il est possible d\u2019explorer les sentiers p\u00e9riurbains, notamment le parcours sur l\u2019ancienne voie romaine de Pont l\u2019Ev\u00eaque \u00e0 Lisieux, ou de d\u00e9couvrir le centre-ville \u00e0 travers un itin\u00e9raire urbain et naturel de 8 km d\u00e9butant \u00e0 la Basilique Sainte-Th\u00e9r\u00e8se. Pour ceux qui pr\u00e9f\u00e8rent la randonn\u00e9e, des itin\u00e9raires aux environs de Honfleur, Ouilly-le-Vicomte, ou dans le Pays d\u2019Auge sont \u00e9galement disponibles.<\/p><h3>O\u00f9 voir les reliques de Sainte Th\u00e9r\u00e8se de Lisieux ?<\/h3><p>Les reliques de Sainte Th\u00e9r\u00e8se de Lisieux sont expos\u00e9es en plusieurs lieux, notamment au Carmel de Lisieux et \u00e0 la Basilique Sainte-Th\u00e9r\u00e8se. Elles sont \u00e9galement pr\u00e9sent\u00e9es lors de p\u00e8lerinages itin\u00e9rants dans divers dioc\u00e8ses et pays, ayant d\u00e9j\u00e0 visit\u00e9 pr\u00e8s de 70 pays \u00e0 travers le monde.<\/p>\t\t\t\t\t\t\t\t<\/div>\n\t\t\t\t\t<\/div>\n\t\t\t\t<\/div>\n\t\t<aside class=\"elementor-element elementor-element-a795a0d e-flex e-con-boxed e-con e-parent\" data-id=\"a795a0d\" data-element_type=\"container\" data-e-type=\"container\">\n\t\t\t\t\t<div class=\"e-con-inner\">\n\t\t\t\t<div class=\"elementor-element elementor-element-11dadfbd elementor-widget elementor-widget-listeo-posts-grid\" data-id=\"11dadfbd\" data-element_type=\"widget\" data-e-type=\"widget\" data-widget_type=\"listeo-posts-grid.default\">\n\t\t\t\t<div class=\"elementor-widget-container\">\n\t\t\t\t\t\t\t\n\t\t<div class=\"listeo-post-grid-wrapper\">\n\t\t\t<div class=\"row\">\n\n\t\t\t\n\n\t\t\t\t\t\t\t<div class=\"col-md-4\">\n                <a href=\"https:\/\/cparici.com\/en\/honfleur-informations-pratiques-et-decouverte\/\" class=\"blog-compact-item-container\">\n                    <div class=\"blog-compact-item\">\n                        <img decoding=\"async\" width=\"577\" height=\"204\" src=\"https:\/\/cparici.com\/wp-content\/uploads\/2022\/10\/cparici-80-577x204.jpg\" class=\"attachment-listeo-blog-related-post size-listeo-blog-related-post wp-post-image\" alt=\"Honfleur informations pratiques et d\u00e9couverte\" srcset=\"https:\/\/cparici.com\/wp-content\/uploads\/2022\/10\/cparici-80-577x204.jpg 577w, https:\/\/cparici.com\/wp-content\/uploads\/2022\/10\/cparici-80-300x106.jpg 300w, https:\/\/cparici.com\/wp-content\/uploads\/2022\/10\/cparici-80-1024x362.jpg 1024w, https:\/\/cparici.com\/wp-content\/uploads\/2022\/10\/cparici-80-768x271.jpg 768w, https:\/\/cparici.com\/wp-content\/uploads\/2022\/10\/cparici-80-590x208.jpg 590w, https:\/\/cparici.com\/wp-content\/uploads\/2022\/10\/cparici-80-1200x424.jpg 1200w, https:\/\/cparici.com\/wp-content\/uploads\/2022\/10\/cparici-80-600x212.jpg 600w, https:\/\/cparici.com\/wp-content\/uploads\/2022\/10\/cparici-80.jpg 1500w\" sizes=\"(max-width: 577px) 100vw, 577px\" \/><span class=\"blog-item-tag\">Calvados - d\u00e9partement<\/span>                        \n                        <div class=\"blog-compact-item-content\">\n                                                        <h3>Honfleur \u2013 informations pratiques et d\u00e9couverte<\/h3>\n                                                        <p>honfleur - d\u00e9couvrez toutes les informations pratiques pour d\u00e9couvrir et visiter la ville de Honfleur...                            <\/p>\n                                                    <\/div>\n                    <\/div>\n                <\/a>\n            <\/div>\n\t\t\t<div class=\"col-md-4\">\n                <a href=\"https:\/\/cparici.com\/en\/calvados-departement\/\" class=\"blog-compact-item-container\">\n                    <div class=\"blog-compact-item\">\n                        <img decoding=\"async\" width=\"577\" height=\"203\" src=\"https:\/\/cparici.com\/wp-content\/uploads\/2024\/07\/calvados.jpg\" class=\"attachment-listeo-blog-related-post size-listeo-blog-related-post wp-post-image\" alt=\"calvados d\u00e9partement\" srcset=\"https:\/\/cparici.com\/wp-content\/uploads\/2024\/07\/calvados.jpg 1510w, https:\/\/cparici.com\/wp-content\/uploads\/2024\/07\/calvados-600x211.jpg 600w, https:\/\/cparici.com\/wp-content\/uploads\/2024\/07\/calvados-300x105.jpg 300w, https:\/\/cparici.com\/wp-content\/uploads\/2024\/07\/calvados-1024x360.jpg 1024w, https:\/\/cparici.com\/wp-content\/uploads\/2024\/07\/calvados-768x270.jpg 768w\" sizes=\"(max-width: 577px) 100vw, 577px\" \/><span class=\"blog-item-tag\">Calvados - d\u00e9partement<\/span>                        \n                        <div class=\"blog-compact-item-content\">\n                                                        <h3>D\u00e9partement du Calvados \u2013 panorama des sites et paysages<\/h3>\n                                                        <p>D\u00e9couvrez le d\u00e9partement du Calvados, ses sites remarquables et ses paysages vari\u00e9s. Un article qui...                            <\/p>\n                                                    <\/div>\n                    <\/div>\n                <\/a>\n            <\/div>\n\t\t\t<div class=\"col-md-4\">\n                <a href=\"https:\/\/cparici.com\/en\/pays-dauge\/\" class=\"blog-compact-item-container\">\n                    <div class=\"blog-compact-item\">\n                        <img decoding=\"async\" width=\"577\" height=\"204\" src=\"https:\/\/cparici.com\/wp-content\/uploads\/2025\/12\/Pays-dAuge-577x204.jpg\" class=\"attachment-listeo-blog-related-post size-listeo-blog-related-post wp-post-image\" alt=\"Pays d&#039;Auge\" srcset=\"https:\/\/cparici.com\/wp-content\/uploads\/2025\/12\/Pays-dAuge-577x204.jpg 577w, https:\/\/cparici.com\/wp-content\/uploads\/2025\/12\/Pays-dAuge-300x106.jpg 300w, https:\/\/cparici.com\/wp-content\/uploads\/2025\/12\/Pays-dAuge-1024x362.jpg 1024w, https:\/\/cparici.com\/wp-content\/uploads\/2025\/12\/Pays-dAuge-768x271.jpg 768w, https:\/\/cparici.com\/wp-content\/uploads\/2025\/12\/Pays-dAuge-18x6.jpg 18w, https:\/\/cparici.com\/wp-content\/uploads\/2025\/12\/Pays-dAuge-590x208.jpg 590w, https:\/\/cparici.com\/wp-content\/uploads\/2025\/12\/Pays-dAuge-1200x424.jpg 1200w, https:\/\/cparici.com\/wp-content\/uploads\/2025\/12\/Pays-dAuge-600x212.jpg 600w, https:\/\/cparici.com\/wp-content\/uploads\/2025\/12\/Pays-dAuge.jpg 1500w\" sizes=\"(max-width: 577px) 100vw, 577px\" \/><span class=\"blog-item-tag\">Calvados - d\u00e9partement<\/span>                        \n                        <div class=\"blog-compact-item-content\">\n                                                        <h3>D\u00e9couvrez le Pays d\u2019Auge \u2014 terre normande pleine de charme<\/h3>\n                                                        <p>Recherches populaires Categories Pas de r\u00e9sultats Voir tous les r\u00e9sultats D\u00e9couvrez le Pays d\u2019Auge \u2014...                            <\/p>\n                                                    <\/div>\n                    <\/div>\n                <\/a>\n            <\/div>\n  <\/div>\n        <\/div>\n        \t\t\t\t<\/div>\n\t\t\t\t<\/div>\n\t\t\t\t\t<\/div>\n\t\t\t\t<\/aside>\n\t\t\t\t<\/div>\n\t\t","protected":false},"excerpt":{"rendered":"<p>Recherches populaires Categories Pas de r\u00e9sultats Voir tous les r\u00e9sultats Lisieux Situ\u00e9e en Normandie, dans le Calvados, Lisieux est une ville charmante, c\u00e9l\u00e8bre pour son patrimoine historique et spirituel. Elle est notamment connue pour Sainte Th\u00e9r\u00e8se de Lisieux, ce qui en fait un important lieu de p\u00e8lerinage. Chaque ann\u00e9e, plus de deux millions de personnes [&hellip;]<\/p>\n","protected":false},"author":1,"featured_media":59462,"comment_status":"closed","ping_status":"closed","sticky":false,"template":"","format":"standard","meta":{"ngg_post_thumbnail":0,"footnotes":""},"categories":[2553,1080,477,600],"tags":[],"class_list":["post-59461","post","type-post","status-publish","format-standard","has-post-thumbnail","hentry","category-lisieux","category-calvados-departement","category-france","category-normandie"],"_links":{"self":[{"href":"https:\/\/cparici.com\/en\/wp-json\/wp\/v2\/posts\/59461","targetHints":{"allow":["GET"]}}],"collection":[{"href":"https:\/\/cparici.com\/en\/wp-json\/wp\/v2\/posts"}],"about":[{"href":"https:\/\/cparici.com\/en\/wp-json\/wp\/v2\/types\/post"}],"author":[{"embeddable":true,"href":"https:\/\/cparici.com\/en\/wp-json\/wp\/v2\/users\/1"}],"replies":[{"embeddable":true,"href":"https:\/\/cparici.com\/en\/wp-json\/wp\/v2\/comments?post=59461"}],"version-history":[{"count":2,"href":"https:\/\/cparici.com\/en\/wp-json\/wp\/v2\/posts\/59461\/revisions"}],"predecessor-version":[{"id":89547,"href":"https:\/\/cparici.com\/en\/wp-json\/wp\/v2\/posts\/59461\/revisions\/89547"}],"wp:featuredmedia":[{"embeddable":true,"href":"https:\/\/cparici.com\/en\/wp-json\/wp\/v2\/media\/59462"}],"wp:attachment":[{"href":"https:\/\/cparici.com\/en\/wp-json\/wp\/v2\/media?parent=59461"}],"wp:term":[{"taxonomy":"category","embeddable":true,"href":"https:\/\/cparici.com\/en\/wp-json\/wp\/v2\/categories?post=59461"},{"taxonomy":"post_tag","embeddable":true,"href":"https:\/\/cparici.com\/en\/wp-json\/wp\/v2\/tags?post=59461"}],"curies":[{"name":"wp","href":"https:\/\/api.w.org\/{rel}","templated":true}]}}