{"id":64535,"date":"2025-04-13T16:07:17","date_gmt":"2025-04-13T14:07:17","guid":{"rendered":"https:\/\/cparici.com\/?p=64535"},"modified":"2025-04-13T16:16:47","modified_gmt":"2025-04-13T14:16:47","slug":"the-canal-du-midi","status":"publish","type":"post","link":"https:\/\/cparici.com\/en\/le-canal-du-midi\/","title":{"rendered":"The Canal du Midi"},"content":{"rendered":"\t\t<div data-elementor-type=\"wp-post\" data-elementor-id=\"64535\" class=\"elementor elementor-64535\" data-elementor-post-type=\"post\">\n\t\t\t\t<div class=\"elementor-element elementor-element-3782cb9 e-con-full e-flex e-con e-parent\" data-id=\"3782cb9\" data-element_type=\"container\" data-e-type=\"container\">\n\t\t\t\t<div class=\"elementor-element elementor-element-d180495 elementor-widget elementor-widget-image\" data-id=\"d180495\" data-element_type=\"widget\" data-e-type=\"widget\" data-widget_type=\"image.default\">\n\t\t\t\t\t\t\t\t\t\t\t\t\t\t\t<img decoding=\"async\" width=\"1500\" height=\"530\" src=\"https:\/\/cparici.com\/wp-content\/uploads\/2025\/04\/cparici-2025-04-13T154436.384.jpg\" class=\"attachment-full size-full wp-image-64537\" alt=\"Canal du Midi en bateau\" srcset=\"https:\/\/cparici.com\/wp-content\/uploads\/2025\/04\/cparici-2025-04-13T154436.384.jpg 1500w, https:\/\/cparici.com\/wp-content\/uploads\/2025\/04\/cparici-2025-04-13T154436.384-300x106.jpg 300w, https:\/\/cparici.com\/wp-content\/uploads\/2025\/04\/cparici-2025-04-13T154436.384-1024x362.jpg 1024w, https:\/\/cparici.com\/wp-content\/uploads\/2025\/04\/cparici-2025-04-13T154436.384-768x271.jpg 768w, https:\/\/cparici.com\/wp-content\/uploads\/2025\/04\/cparici-2025-04-13T154436.384-18x6.jpg 18w, https:\/\/cparici.com\/wp-content\/uploads\/2025\/04\/cparici-2025-04-13T154436.384-590x208.jpg 590w, https:\/\/cparici.com\/wp-content\/uploads\/2025\/04\/cparici-2025-04-13T154436.384-1200x424.jpg 1200w, https:\/\/cparici.com\/wp-content\/uploads\/2025\/04\/cparici-2025-04-13T154436.384-577x204.jpg 577w, https:\/\/cparici.com\/wp-content\/uploads\/2025\/04\/cparici-2025-04-13T154436.384-600x212.jpg 600w\" sizes=\"(max-width: 1500px) 100vw, 1500px\" \/>\t\t\t\t\t\t\t\t\t\t\t\t\t\t\t<\/div>\n\t\t\t\t<\/div>\n\t\t<div class=\"elementor-element elementor-element-1ad166d e-flex e-con-boxed e-con e-parent\" data-id=\"1ad166d\" data-element_type=\"container\" data-e-type=\"container\">\n\t\t\t\t\t<div class=\"e-con-inner\">\n\t\t\t\t<div class=\"elementor-element elementor-element-a5cb383 elementor-widget elementor-widget-global elementor-global-62046 elementor-widget-eael-advanced-search\" data-id=\"a5cb383\" data-element_type=\"widget\" data-e-type=\"widget\" data-widget_type=\"eael-advanced-search.default\">\n\t\t\t\t\t        <div class=\"eael-adv-search-wrapper\">\n            <div id=\"eael-advanced-search-widget-a5cb383\" class=\"eael-advanced-search-widget\">\n                <form data-settings=\"{&quot;post_per_page&quot;:5,&quot;search_among_taxonomies&quot;:&quot;&quot;,&quot;search_among_sku&quot;:&quot;no&quot;,&quot;show_popular_keyword&quot;:0,&quot;show_category&quot;:0,&quot;show_content_image&quot;:1,&quot;show_search_result_all_results&quot;:0,&quot;result_on_new_tab&quot;:&quot;no&quot;,&quot;show_product_price&quot;:&quot;no&quot;,&quot;include_current_page&quot;:&quot;no&quot;,&quot;current_post_id&quot;:64535,&quot;post_type&quot;:[&quot;post&quot;,&quot;listing&quot;]}\" method=\"POST\" name=\"eael-advanced-search-form-a5cb383\" class=\"eael-advanced-search-form eael-advanced-search-form-style-2\">\n                    <div class=\"eael-advanced-search-wrap\">\n                        <span class=\"eael-adv-search-loader\"><\/span>\n                        <span class=\"eael-adv-search-close\"><i class=\"fas fa-times\"><\/i><\/span>\n                        <span class=\"icon \"><i class=\"fas fa-search\"><\/i><\/span>\n\n                        <input type=\"text\"\n                               placeholder=\"Votre destination\"\n                               class=\"eael-advanced-search\" autocomplete=\"off\" name=\"eael_advanced_search\">\n                    <\/div>\n\t\t\t\t\t                                    <\/form>\n\n\t\t\t\t\n\t\t\t\t        <div class=\"eael-advanced-search-result\">\n            <div class=\"eael-advanced-search-popular-keyword\">\n\t\t\t\t<h4 class=\"eael-advanced-search-popular-keyword-text\">Recherches populaires<\/h4>                <div class=\"eael-popular-keyword-content\"><\/div>\n            <\/div>\n            <div class=\"eael-advanced-search-category\">\n\t\t\t\t<h4 class=\"eael-advanced-search-category-text\">Categories<\/h4>                <div class=\"eael-popular-category-content\"><\/div>\n            <\/div>\n\t\t\t<div class=\"eael-advanced-search-total-results-section\">\n\t\t\t\t\t\t\t<\/div>\n            <div class=\"eael-advanced-search-content eael-item-style-3\">\n            <\/div>\n            <div class=\"eael-advanced-search-not-found\">\n                <p>Pas de r\u00e9sultats<\/p><\/div>\n            <div class=\"eael-advanced-search-load-more\">\n\t\t\t\t<a \tclass=\"eael-advanced-search-load-more-button\"\n                \thref=\"#\">Voir tous les r\u00e9sultats<\/a>\n            <\/div>\n        <\/div>\n\n\t\t            <\/div>\n        <\/div>\n\n\t\t\t\t\t\t<\/div>\n\t\t\t\t\t<\/div>\n\t\t\t\t<\/div>\n\t\t<div class=\"elementor-element elementor-element-24869a4e e-flex e-con-boxed e-con e-parent\" data-id=\"24869a4e\" data-element_type=\"container\" data-e-type=\"container\">\n\t\t\t\t\t<div class=\"e-con-inner\">\n\t\t\t\t<div class=\"elementor-element elementor-element-2fdd4b22 elementor-widget elementor-widget-text-editor\" data-id=\"2fdd4b22\" data-element_type=\"widget\" data-e-type=\"widget\" data-widget_type=\"text-editor.default\">\n\t\t\t\t\t\t\t\t\t<h1 style=\"text-align: center;\" data-start=\"40\" data-end=\"197\"><span class=\"relative -mx-px my-[-0.2rem] rounded px-px py-[0.2rem] transition-colors duration-100 ease-in-out\" style=\"font-size: 18pt;\">Le <strong data-start=\"3\" data-end=\"20\">Canal du Midi<\/strong><\/span><\/h1>\r\n<p class=\"\" data-start=\"40\" data-end=\"197\"><span class=\"relative -mx-px my-[-0.2rem] rounded px-px py-[0.2rem] transition-colors duration-100 ease-in-out\">Le <strong data-start=\"3\" data-end=\"20\">Canal du Midi<\/strong> est l&#8217;une des merveilles du g\u00e9nie civil fran\u00e7ais, class\u00e9 au patrimoine mondial de l&#8217;UNESCO depuis 1996.<\/span> <span class=\"relative -mx-px my-[-0.2rem] rounded px-px py-[0.2rem] transition-colors duration-100 ease-in-out\">S&#8217;\u00e9tendant sur 240 km, il relie <a href=\"https:\/\/cparici.com\/toulouse-ville-rose\/\">Toulouse<\/a> \u00e0 la mer <a href=\"https:\/\/cparici.com\/cote-mediterranee-france\/\">M\u00e9diterran\u00e9e<\/a> \u00e0 S\u00e8te.<\/span> <span class=\"relative -mx-px my-[-0.2rem] rounded px-px py-[0.2rem] transition-colors duration-100 ease-in-out\">Aujourd&#8217;hui, il est pris\u00e9 pour les croisi\u00e8res fluviales, les balades \u00e0 v\u00e9lo et les d\u00e9couvertes culturelles.<\/span>\u200b<\/p>\r\n\r\n<h2 class=\"\" data-start=\"204\" data-end=\"236\">Histoire du Canal du Midi<\/h2>\r\n<p class=\"\" data-start=\"238\" data-end=\"473\"><span class=\"relative -mx-px my-[-0.2rem] rounded px-px py-[0.2rem] transition-colors duration-100 ease-in-out\">Le projet de relier l&#8217;Atlantique \u00e0 la M\u00e9diterran\u00e9e remonte \u00e0 l&#8217;Antiquit\u00e9, mais c&#8217;est au XVIIe si\u00e8cle que Pierre-Paul Riquet concr\u00e9tise cette id\u00e9e.<\/span> <span class=\"relative -mx-px my-[-0.2rem] rounded px-px py-[0.2rem] transition-colors duration-100 ease-in-out\">En 1666, sous l&#8217;impulsion de Colbert et de Louis XIV, les travaux d\u00e9butent.<\/span> <span class=\"relative -mx-px my-[-0.2rem] rounded px-px py-[0.2rem] transition-colors duration-100 ease-in-out\">En seulement 15 ans, le canal est achev\u00e9 en 1681, mobilisant des milliers d&#8217;ouvriers.<\/span> <span class=\"relative -mx-px my-[-0.2rem] rounded px-px py-[0.2rem] transition-colors duration-100 ease-in-out\">Malheureusement, Riquet d\u00e9c\u00e8de quelques mois avant l&#8217;inauguration officielle.<\/span><\/p>\r\n\r\n<h3 class=\"\" data-start=\"504\" data-end=\"540\">Un r\u00eave ancien devenu r\u00e9alit\u00e9<\/h3>\r\n<p class=\"\" data-start=\"542\" data-end=\"913\">L&#8217;id\u00e9e de relier l&#8217;Atlantique \u00e0 la M\u00e9diterran\u00e9e par un canal int\u00e9rieur remonte \u00e0 l&#8217;Antiquit\u00e9. Cependant, c&#8217;est sous le r\u00e8gne de Louis XIV que ce projet ambitieux voit le jour. En 1666, le roi signe l&#8217;\u00e9dit de Saint-Germain, autorisant la construction du canal, confi\u00e9e \u00e0 Pierre-Paul Riquet<\/p>\r\n\r\n<h3 class=\"\" data-start=\"920\" data-end=\"948\">Un chantier colossal<\/h3>\r\n<p class=\"\" data-start=\"950\" data-end=\"1146\"><span class=\"relative -mx-px my-[-0.2rem] rounded px-px py-[0.2rem] transition-colors duration-100 ease-in-out\">Les travaux d\u00e9butent en 1667 et s&#8217;\u00e9tendent sur 14 ans.<\/span> <span class=\"relative -mx-px my-[-0.2rem] rounded px-px py-[0.2rem] transition-colors duration-100 ease-in-out\">Des milliers d&#8217;ouvriers creusent le canal \u00e0 la pelle et \u00e0 la pioche, traversant des terrains vari\u00e9s et surmontant de nombreux d\u00e9fis techniques.<\/span> <span class=\"relative -mx-px my-[-0.2rem] rounded px-px py-[0.2rem] transition-colors duration-100 ease-in-out\">Riquet con\u00e7oit un syst\u00e8me ing\u00e9nieux d&#8217;alimentation en eau, captant les eaux de la Montagne Noire pour alimenter le canal au point le plus \u00e9lev\u00e9, le seuil de Naurouze;<\/span><\/p>\r\n\r\n<h3 class=\"\" data-start=\"1153\" data-end=\"1192\">Une innovation technique majeure<\/h3>\r\n<p class=\"\" data-start=\"1194\" data-end=\"1400\"><span class=\"relative -mx-px my-[-0.2rem] rounded px-px py-[0.2rem] transition-colors duration-100 ease-in-out\">Le canal comprend 328 ouvrages d&#8217;art, dont des \u00e9cluses, des aqueducs, des ponts et des tunnels.<\/span> <span class=\"relative -mx-px my-[-0.2rem] rounded px-px py-[0.2rem] transition-colors duration-100 ease-in-out\">Parmi les plus remarquables figurent les \u00e9cluses de Fonserannes et le tunnel de Malpas, premier tunnel navigable d&#8217;Europe.<\/span> <span class=\"relative -mx-px my-[-0.2rem] rounded px-px py-[0.2rem] transition-colors duration-100 ease-in-out\">Ces structures t\u00e9moignent de l&#8217;ing\u00e9niosit\u00e9 et de la ma\u00eetrise technique de l&#8217;\u00e9poque<\/span> .\u200b<\/p>\r\n\r\n<h3 class=\"\" data-start=\"1407\" data-end=\"1449\">L&#8217;h\u00e9ritage de Pierre-Paul Riquet<\/h3>\r\n<p class=\"\" data-start=\"1451\" data-end=\"1617\"><span class=\"relative -mx-px my-[-0.2rem] rounded px-px py-[0.2rem] transition-colors duration-100 ease-in-out\">Malheureusement, Riquet d\u00e9c\u00e8de en 1680, un an avant l&#8217;inauguration officielle du canal en 1681.<\/span> <span class=\"relative -mx-px my-[-0.2rem] rounded px-px py-[0.2rem] transition-colors duration-100 ease-in-out\">Son \u0153uvre perdure, r\u00e9volutionnant le transport fluvial en France et contribuant au d\u00e9veloppement \u00e9conomique du sud du pays<\/span> .\u200b<\/p>\r\n\r\n<h3 class=\"\" data-start=\"1624\" data-end=\"1664\">Une reconnaissance internationale<\/h3>\r\n<p class=\"\" data-start=\"1666\" data-end=\"1832\"><span class=\"relative -mx-px my-[-0.2rem] rounded px-px py-[0.2rem] transition-colors duration-100 ease-in-out\">En 1996, le Canal du Midi est inscrit au patrimoine mondial de l&#8217;UNESCO, en reconnaissance de son importance historique et technique.<\/span> <span class=\"relative -mx-px my-[-0.2rem] rounded px-px py-[0.2rem] transition-colors duration-100 ease-in-out\">Aujourd&#8217;hui, il est pris\u00e9 pour le tourisme fluvial, offrant des paysages pittoresques et une plong\u00e9e dans l&#8217;histoire de France<\/span> .\u200b<\/p>\r\n\r\n\r\n<figure id=\"attachment_64536\" aria-describedby=\"caption-attachment-64536\" style=\"width: 1024px\" class=\"wp-caption aligncenter\"><a href=\"https:\/\/cparici.com\/wp-content\/uploads\/2025\/04\/cparici-2025-04-13T153144.415.jpg\"><img decoding=\"async\" class=\"wp-image-64536 size-large\" src=\"https:\/\/cparici.com\/wp-content\/uploads\/2025\/04\/cparici-2025-04-13T153144.415-1024x362.jpg\" alt=\"Canal du Midi\" width=\"1024\" height=\"362\" srcset=\"https:\/\/cparici.com\/wp-content\/uploads\/2025\/04\/cparici-2025-04-13T153144.415-1024x362.jpg 1024w, https:\/\/cparici.com\/wp-content\/uploads\/2025\/04\/cparici-2025-04-13T153144.415-300x106.jpg 300w, https:\/\/cparici.com\/wp-content\/uploads\/2025\/04\/cparici-2025-04-13T153144.415-768x271.jpg 768w, https:\/\/cparici.com\/wp-content\/uploads\/2025\/04\/cparici-2025-04-13T153144.415-18x6.jpg 18w, https:\/\/cparici.com\/wp-content\/uploads\/2025\/04\/cparici-2025-04-13T153144.415-590x208.jpg 590w, https:\/\/cparici.com\/wp-content\/uploads\/2025\/04\/cparici-2025-04-13T153144.415-1200x424.jpg 1200w, https:\/\/cparici.com\/wp-content\/uploads\/2025\/04\/cparici-2025-04-13T153144.415-577x204.jpg 577w, https:\/\/cparici.com\/wp-content\/uploads\/2025\/04\/cparici-2025-04-13T153144.415-600x212.jpg 600w, https:\/\/cparici.com\/wp-content\/uploads\/2025\/04\/cparici-2025-04-13T153144.415.jpg 1500w\" sizes=\"(max-width: 1024px) 100vw, 1024px\" \/><\/a><figcaption id=\"caption-attachment-64536\" class=\"wp-caption-text\">Canal du Midi<\/figcaption><\/figure>\r\n<h2 class=\"\" data-start=\"480\" data-end=\"524\">Architecture et ouvrages remarquables<\/h2>\r\n<p class=\"\" data-start=\"526\" data-end=\"633\">Le Canal du Midi est jalonn\u00e9 de structures impressionnantes :\u200b<\/p>\r\n\r\n<ul data-start=\"635\" data-end=\"1199\">\r\n \t<li class=\"\" data-start=\"635\" data-end=\"785\">\r\n<p class=\"\" data-start=\"637\" data-end=\"785\"><strong data-start=\"637\" data-end=\"648\">\u00c9cluses<\/strong> : notamment les \u00e9cluses de Fonserannes \u00e0 B\u00e9ziers, un ensemble de neuf \u00e9cluses en escalier.\u200b<\/p>\r\n<\/li>\r\n \t<li class=\"\" data-start=\"787\" data-end=\"916\">\r\n<p class=\"\" data-start=\"789\" data-end=\"916\"><strong data-start=\"789\" data-end=\"805\">Ponts-canaux<\/strong> : comme celui de B\u00e9ziers, permettant au canal de franchir l&#8217;Orb.\u200b<\/p>\r\n<\/li>\r\n \t<li class=\"\" data-start=\"918\" data-end=\"1043\">\r\n<p class=\"\" data-start=\"920\" data-end=\"1043\"><strong data-start=\"920\" data-end=\"940\">Tunnel du Malpas<\/strong> : premier tunnel navigable d&#8217;Europe, long de 173 m\u00e8tres.\u200b<\/p>\r\n<\/li>\r\n \t<li class=\"\" data-start=\"1045\" data-end=\"1199\">\r\n<p class=\"\" data-start=\"1047\" data-end=\"1199\"><strong data-start=\"1047\" data-end=\"1074\">Bassin de Saint-Ferr\u00e9ol<\/strong> : r\u00e9servoir principal alimentant le canal, une prouesse technique de l&#8217;\u00e9poque.\u200b<\/p>\r\n<\/li>\r\n<\/ul>\r\n<h3 class=\"\" data-start=\"425\" data-end=\"469\">Les \u00e9cluses : des ouvrages essentiels<\/h3>\r\n<p class=\"\" data-start=\"471\" data-end=\"958\">Le canal compte 63 corps d&#8217;\u00e9cluses, totalisant 101 bassins, con\u00e7us pour g\u00e9rer les variations de d\u00e9nivel\u00e9. Les \u00e9cluses de Fonseranes, situ\u00e9es \u00e0 B\u00e9ziers, sont particuli\u00e8rement impressionnantes : un escalier de huit bassins permettant de franchir un d\u00e9nivel\u00e9 de 21,5 m\u00e8tres sur 300 m\u00e8tres de long. Leur forme ovo\u00efde, sp\u00e9cifique au canal, offre une meilleure r\u00e9sistance \u00e0 la pression des terres environnantes.<\/p>\r\n\r\n<h4 data-start=\"471\" data-end=\"958\"><span class=\"relative -mx-px my-[-0.2rem] rounded px-px py-[0.2rem] transition-colors duration-100 ease-in-out\">Les <strong data-start=\"4\" data-end=\"29\">\u00e9cluses de Fonseranes<\/strong><\/span><\/h4>\r\n<p class=\"\" data-start=\"40\" data-end=\"159\"><span class=\"relative -mx-px my-[-0.2rem] rounded px-px py-[0.2rem] transition-colors duration-100 ease-in-out\">Les <strong data-start=\"4\" data-end=\"29\">\u00e9cluses de Fonseranes<\/strong>, situ\u00e9es \u00e0 B\u00e9ziers dans l\u2019H\u00e9rault, constituent l\u2019un des ouvrages les plus embl\u00e9matiques du <strong data-start=\"121\" data-end=\"138\">Canal du Midi<\/strong>.<\/span> <span class=\"relative -mx-px my-[-0.2rem] rounded px-px py-[0.2rem] transition-colors duration-100 ease-in-out\">Con\u00e7ues par Pierre-Paul Riquet, natif de la ville, elles repr\u00e9sentent une prouesse d\u2019ing\u00e9nierie du XVIIe si\u00e8cle.<\/span>\u200b<\/p>\r\n\r\n<h4 data-start=\"166\" data-end=\"197\">Une structure ing\u00e9nieuse<\/h4>\r\n<p class=\"\" data-start=\"199\" data-end=\"357\"><span class=\"relative -mx-px my-[-0.2rem] rounded px-px py-[0.2rem] transition-colors duration-100 ease-in-out\">L\u2019ensemble, souvent appel\u00e9 \u00ab l\u2019Octuple \u00bb, se compose de <strong data-start=\"56\" data-end=\"80\">huit bassins ovo\u00efdes<\/strong> et de <strong data-start=\"87\" data-end=\"102\">neuf portes<\/strong>, permettant aux bateaux de franchir un d\u00e9nivel\u00e9 de <strong data-start=\"154\" data-end=\"169\">21,5 m\u00e8tres<\/strong> sur une distance de <strong data-start=\"190\" data-end=\"204\" data-is-last-node=\"\">300 m\u00e8tres<\/strong><\/span> . <span class=\"relative -mx-px my-[-0.2rem] rounded px-px py-[0.2rem] transition-colors duration-100 ease-in-out\">Cette configuration en escalier d\u2019eau facilite la navigation entre les diff\u00e9rentes altitudes du canal.<\/span>\u200b<\/p>\r\n\r\n<h4 data-start=\"364\" data-end=\"398\">\u00c9volution et modernisation<\/h4>\r\n<p class=\"\" data-start=\"400\" data-end=\"602\"><span class=\"relative -mx-px my-[-0.2rem] rounded px-px py-[0.2rem] transition-colors duration-100 ease-in-out\">Initialement, les bateaux poursuivaient leur route vers l\u2019Orb via une neuvi\u00e8me \u00e9cluse, aujourd\u2019hui d\u00e9saffect\u00e9e.<\/span> <span class=\"relative -mx-px my-[-0.2rem] rounded px-px py-[0.2rem] transition-colors duration-100 ease-in-out\">En 1858, la construction d\u2019un pont-canal a modifi\u00e9 le trac\u00e9, rendant certaines parties de l\u2019\u00e9cluse obsol\u00e8tes<\/span> . <span class=\"relative -mx-px my-[-0.2rem] rounded px-px py-[0.2rem] transition-colors duration-100 ease-in-out\">Depuis, seules six des huit \u00e9cluses sont fonctionnelles, avec une sortie lat\u00e9rale am\u00e9nag\u00e9e au niveau du septi\u00e8me bassin.<\/span>\u200b<\/p>\r\n\r\n<h4 data-start=\"609\" data-end=\"642\">Un site touristique majeur<\/h4>\r\n<p class=\"\" data-start=\"644\" data-end=\"810\"><span class=\"relative -mx-px my-[-0.2rem] rounded px-px py-[0.2rem] transition-colors duration-100 ease-in-out\">Class\u00e9es au patrimoine mondial de l\u2019UNESCO depuis 1996, les \u00e9cluses de Fonseranes attirent chaque ann\u00e9e de nombreux visiteurs.<\/span> <span class=\"relative -mx-px my-[-0.2rem] rounded px-px py-[0.2rem] transition-colors duration-100 ease-in-out\">Le site a \u00e9t\u00e9 r\u00e9am\u00e9nag\u00e9 en 2017 pour am\u00e9liorer l\u2019accueil du public, avec notamment la r\u00e9novation de la maison du coche d\u2019eau, transform\u00e9e en office de tourisme et en espace de sc\u00e9novision<\/span> .<\/p>\r\n\r\n<h4 data-start=\"817\" data-end=\"845\">Une exp\u00e9rience unique<\/h4>\r\n<p class=\"\" data-start=\"847\" data-end=\"972\"><span class=\"relative -mx-px my-[-0.2rem] rounded px-px py-[0.2rem] transition-colors duration-100 ease-in-out\">Observer le passage des bateaux \u00e0 travers les \u00e9cluses est un spectacle fascinant.<\/span> <span class=\"relative -mx-px my-[-0.2rem] rounded px-px py-[0.2rem] transition-colors duration-100 ease-in-out\">Les man\u0153uvres, bien que complexes, se d\u00e9roulent dans un cadre paisible, entour\u00e9 de jardins et de sentiers ombrag\u00e9s, offrant aux visiteurs une immersion dans l\u2019histoire et la beaut\u00e9 du Canal du Midi.<\/span><\/p>\r\n\r\n\r\n<figure id=\"attachment_64539\" aria-describedby=\"caption-attachment-64539\" style=\"width: 503px\" class=\"wp-caption aligncenter\"><a href=\"https:\/\/cparici.com\/wp-content\/uploads\/2025\/04\/ChatGPT-Image-13-avr.-2025-15_57_11.jpg\"><img decoding=\"async\" class=\"wp-image-64539 \" src=\"https:\/\/cparici.com\/wp-content\/uploads\/2025\/04\/ChatGPT-Image-13-avr.-2025-15_57_11-683x1024.jpg\" alt=\"Ecluses de Fonseranes\" width=\"503\" height=\"755\" srcset=\"https:\/\/cparici.com\/wp-content\/uploads\/2025\/04\/ChatGPT-Image-13-avr.-2025-15_57_11-683x1024.jpg 683w, https:\/\/cparici.com\/wp-content\/uploads\/2025\/04\/ChatGPT-Image-13-avr.-2025-15_57_11-200x300.jpg 200w, https:\/\/cparici.com\/wp-content\/uploads\/2025\/04\/ChatGPT-Image-13-avr.-2025-15_57_11-768x1152.jpg 768w, https:\/\/cparici.com\/wp-content\/uploads\/2025\/04\/ChatGPT-Image-13-avr.-2025-15_57_11-8x12.jpg 8w, https:\/\/cparici.com\/wp-content\/uploads\/2025\/04\/ChatGPT-Image-13-avr.-2025-15_57_11-393x590.jpg 393w, https:\/\/cparici.com\/wp-content\/uploads\/2025\/04\/ChatGPT-Image-13-avr.-2025-15_57_11-447x670.jpg 447w, https:\/\/cparici.com\/wp-content\/uploads\/2025\/04\/ChatGPT-Image-13-avr.-2025-15_57_11-577x866.jpg 577w, https:\/\/cparici.com\/wp-content\/uploads\/2025\/04\/ChatGPT-Image-13-avr.-2025-15_57_11-600x900.jpg 600w, https:\/\/cparici.com\/wp-content\/uploads\/2025\/04\/ChatGPT-Image-13-avr.-2025-15_57_11.jpg 1024w\" sizes=\"(max-width: 503px) 100vw, 503px\" \/><\/a><figcaption id=\"caption-attachment-64539\" class=\"wp-caption-text\">Ecluses de Fonseranes<\/figcaption><\/figure>\r\n<h3 class=\"\" data-start=\"965\" data-end=\"1014\">Les ponts-canaux : des passages audacieux<\/h3>\r\n<p class=\"\" data-start=\"1016\" data-end=\"1211\"><span class=\"relative -mx-px my-[-0.2rem] rounded px-px py-[0.2rem] transition-colors duration-100 ease-in-out\">Parmi les ponts-canaux notables, le pont-canal de R\u00e9pudre, construit entre 1676 et 1680, est le plus ancien pont-canal navigable au monde.<\/span> <span class=\"relative -mx-px my-[-0.2rem] rounded px-px py-[0.2rem] transition-colors duration-100 ease-in-out\">Il permet au canal de franchir le ruisseau de R\u00e9pudre \u00e0 Paraza.<\/span> <span class=\"relative -mx-px my-[-0.2rem] rounded px-px py-[0.2rem] transition-colors duration-100 ease-in-out\">D&#8217;autres ouvrages, tels que les ponts-canaux de l&#8217;Orbiel \u00e0 Tr\u00e8bes ou du Fresquel \u00e0 Carcassonne, illustrent \u00e9galement cette ing\u00e9niosit\u00e9.<\/span> \u200b<\/p>\r\n\r\n<h3 data-start=\"1016\" data-end=\"1211\"><span class=\"relative -mx-px my-[-0.2rem] rounded px-px py-[0.2rem] transition-colors duration-100 ease-in-out\">Le <strong data-start=\"3\" data-end=\"28\">pont-canal de R\u00e9pudre<\/strong><\/span><\/h3>\r\n<p class=\"\" data-start=\"40\" data-end=\"198\"><span class=\"relative -mx-px my-[-0.2rem] rounded px-px py-[0.2rem] transition-colors duration-100 ease-in-out\">Le <strong data-start=\"3\" data-end=\"28\">pont-canal de R\u00e9pudre<\/strong>, situ\u00e9 \u00e0 Paraza dans l&#8217;Aude, est un ouvrage embl\u00e9matique du <strong data-start=\"89\" data-end=\"106\">Canal du Midi<\/strong>.<\/span> <span class=\"relative -mx-px my-[-0.2rem] rounded px-px py-[0.2rem] transition-colors duration-100 ease-in-out\">Construit entre 1676 et 1680, il est consid\u00e9r\u00e9 comme le <strong data-start=\"56\" data-end=\"98\">premier pont-canal navigable de France<\/strong> et l&#8217;un des plus anciens d&#8217;Europe<\/span> .\u200b<\/p>\r\n\r\n<h4 data-start=\"200\" data-end=\"246\">Une prouesse technique du XVIIe si\u00e8cle<\/h4>\r\n<p class=\"\" data-start=\"248\" data-end=\"445\"><span class=\"relative -mx-px my-[-0.2rem] rounded px-px py-[0.2rem] transition-colors duration-100 ease-in-out\">Con\u00e7u par Pierre-Paul Riquet, ma\u00eetre d&#8217;\u0153uvre du canal, et r\u00e9alis\u00e9 par l&#8217;architecte Emmanuel de l&#8217;Estang, le pont-canal de R\u00e9pudre permet au canal de franchir le ruisseau \u00e9ponyme, un affluent de l&#8217;Aude sujet \u00e0 des crues soudaines<\/span> . <span class=\"relative -mx-px my-[-0.2rem] rounded px-px py-[0.2rem] transition-colors duration-100 ease-in-out\">Long de 90 m\u00e8tres, il repose sur une arche unique en ma\u00e7onnerie, conf\u00e9rant \u00e0 l&#8217;ouvrage une apparence monumentale<\/span> .<\/p>\r\n\r\n<h4 data-start=\"447\" data-end=\"487\">Histoire et d\u00e9fis de construction<\/h4>\r\n<p class=\"\" data-start=\"489\" data-end=\"866\">La construction du pont-canal a \u00e9t\u00e9 marqu\u00e9e par des difficult\u00e9s techniques et financi\u00e8res. En 1680, un diff\u00e9rend oppose Riquet \u00e0 de l&#8217;Estang concernant des paiements en suspens, conduisant \u00e0 l&#8217;emprisonnement de l&#8217;architecte pendant dix mois. Il sera lib\u00e9r\u00e9 peu avant l&#8217;inauguration du canal<\/p>\r\n\r\n<h4 data-start=\"868\" data-end=\"900\">Protection et patrimoine<\/h4>\r\n<p class=\"\" data-start=\"902\" data-end=\"1285\">Inscrit au titre des monuments historiques en 1942, le pont-canal de R\u00e9pudre est reconnu pour sa valeur patrimoniale exceptionnelle <span class=\"ms-1 inline-flex max-w-full items-center relative top-[-0.094rem] animate-[show_150ms_ease-in]\"><a class=\"flex h-6 overflow-hidden rounded-xl px-2.5 text-[0.5625em] font-medium text-token-text-secondary! bg-[#F4F4F4]! dark:bg-[#303030]! transition-colors duration-150 ease-in-out\" href=\"https:\/\/fr.wikipedia.org\/wiki\/Pont-canal_de_R%C3%A9pudre?utm_source=chatgpt.com\" target=\"_blank\" rel=\"noopener\"><span class=\"relative start-0 bottom-0 flex h-full w-full items-center\"><span class=\"flex h-4 w-full items-center justify-between overflow-hidden\"><span class=\"max-w-full grow truncate overflow-hidden text-center\">Wikip\u00e9dia, l&#8217;encyclop\u00e9die libre<\/span><\/span><\/span><\/a><\/span>. Il constitue aujourd&#8217;hui une \u00e9tape incontournable pour les visiteurs du Canal du Midi, offrant un t\u00e9moignage vivant de l&#8217;ing\u00e9niosit\u00e9 des ing\u00e9nieurs du XVIIe si\u00e8cle.\u200b<\/p>\r\n<p class=\"\" data-start=\"1287\" data-end=\"1372\"><span class=\"relative -mx-px my-[-0.2rem] rounded px-px py-[0.2rem] transition-colors duration-100 ease-in-out\">Le pont-canal de R\u00e9pudre illustre parfaitement la capacit\u00e9 d&#8217;adaptation et d&#8217;innovation des concepteurs du Canal du Midi face aux d\u00e9fis naturels et techniques de leur \u00e9poque.<\/span><\/p>\r\n\r\n<h3 class=\"\" data-start=\"1218\" data-end=\"1272\">Le tunnel de Malpas : une prouesse souterraine<\/h3>\r\n<p class=\"\" data-start=\"1274\" data-end=\"1477\"><span class=\"relative -mx-px my-[-0.2rem] rounded px-px py-[0.2rem] transition-colors duration-100 ease-in-out\">Le tunnel de Malpas, long de 165 m\u00e8tres, est le premier tunnel navigable d&#8217;Europe.<\/span> <span class=\"relative -mx-px my-[-0.2rem] rounded px-px py-[0.2rem] transition-colors duration-100 ease-in-out\">Creus\u00e9 dans une colline de gr\u00e8s fragile, il a \u00e9t\u00e9 achev\u00e9 malgr\u00e9 les r\u00e9ticences initiales, gr\u00e2ce \u00e0 la d\u00e9termination de Riquet.<\/span> <span class=\"relative -mx-px my-[-0.2rem] rounded px-px py-[0.2rem] transition-colors duration-100 ease-in-out\">Ce tunnel permet au canal de franchir un obstacle naturel sans d\u00e9tour.<\/span> \u200b<\/p>\r\n<p class=\"\" data-start=\"40\" data-end=\"198\"><span class=\"relative -mx-px my-[-0.2rem] rounded px-px py-[0.2rem] transition-colors duration-100 ease-in-out\">Le <strong data-start=\"3\" data-end=\"23\">tunnel de Malpas<\/strong>, situ\u00e9 \u00e0 Colombiers dans l\u2019H\u00e9rault, est un ouvrage embl\u00e9matique du <strong data-start=\"91\" data-end=\"108\">Canal du Midi<\/strong>.<\/span> <span class=\"relative -mx-px my-[-0.2rem] rounded px-px py-[0.2rem] transition-colors duration-100 ease-in-out\">Creus\u00e9 entre 1679 et 1680 sous la direction de Pierre-Paul Riquet, il est reconnu comme le <strong data-start=\"91\" data-end=\"128\" data-is-last-node=\"\">premier tunnel navigable d&#8217;Europe<\/strong><\/span> .\u200b<\/p>\r\n\r\n<h4 data-start=\"205\" data-end=\"240\">Caract\u00e9ristiques techniques<\/h4>\r\n<ul data-start=\"242\" data-end=\"749\">\r\n \t<li class=\"\" data-start=\"242\" data-end=\"340\">\r\n<p class=\"\" data-start=\"244\" data-end=\"340\"><strong data-start=\"244\" data-end=\"256\">Longueur<\/strong> : <span class=\"relative -mx-px my-[-0.2rem] rounded px-px py-[0.2rem] transition-colors duration-100 ease-in-out\">173 m\u00e8tres<\/span>\u200b<\/p>\r\n<\/li>\r\n \t<li class=\"\" data-start=\"341\" data-end=\"438\">\r\n<p class=\"\" data-start=\"343\" data-end=\"438\"><strong data-start=\"343\" data-end=\"354\">Largeur<\/strong> : <span class=\"relative -mx-px my-[-0.2rem] rounded px-px py-[0.2rem] transition-colors duration-100 ease-in-out\">environ 6 m\u00e8tres<\/span>\u200b<\/p>\r\n<\/li>\r\n \t<li class=\"\" data-start=\"439\" data-end=\"538\">\r\n<p class=\"\" data-start=\"441\" data-end=\"538\"><strong data-start=\"441\" data-end=\"452\">Hauteur<\/strong> : <span class=\"relative -mx-px my-[-0.2rem] rounded px-px py-[0.2rem] transition-colors duration-100 ease-in-out\">8,5 m\u00e8tres<\/span>\u200b<\/p>\r\n<\/li>\r\n \t<li class=\"\" data-start=\"539\" data-end=\"638\">\r\n<p class=\"\" data-start=\"541\" data-end=\"638\"><strong data-start=\"541\" data-end=\"550\">Vo\u00fbte<\/strong> : <span class=\"relative -mx-px my-[-0.2rem] rounded px-px py-[0.2rem] transition-colors duration-100 ease-in-out\">ma\u00e7onn\u00e9e, soutenue par 30 arches<\/span>\u200b<strong data-start=\"641\" data-end=\"661\">Chemin de halage<\/strong> : <span class=\"relative -mx-px my-[-0.2rem] rounded px-px py-[0.2rem] transition-colors duration-100 ease-in-out\">pr\u00e9sent sur un c\u00f4t\u00e9 pour le tractage manuel des bateaux<\/span>\u200b<\/p>\r\n<\/li>\r\n<\/ul>\r\n<p class=\"\" data-start=\"751\" data-end=\"836\"><span class=\"relative -mx-px my-[-0.2rem] rounded px-px py-[0.2rem] transition-colors duration-100 ease-in-out\">Le tunnel traverse la colline d\u2019Ens\u00e9rune, reliant les vall\u00e9es de l\u2019Aude et de l\u2019Orb.<\/span>\u200b<\/p>\r\n\r\n<h4 data-start=\"843\" data-end=\"869\">Contexte historique<\/h4>\r\n<p class=\"\" data-start=\"871\" data-end=\"1077\"><span class=\"relative -mx-px my-[-0.2rem] rounded px-px py-[0.2rem] transition-colors duration-100 ease-in-out\">Lors de la construction du canal, Riquet choisit de faire passer le trac\u00e9 sous la colline d\u2019Ens\u00e9rune pour \u00e9viter les crues de l\u2019Aude.<\/span> <span class=\"relative -mx-px my-[-0.2rem] rounded px-px py-[0.2rem] transition-colors duration-100 ease-in-out\">Cependant, le terrain compos\u00e9 de gr\u00e8s friable posait des risques d&#8217;effondrement.<\/span> <span class=\"relative -mx-px my-[-0.2rem] rounded px-px py-[0.2rem] transition-colors duration-100 ease-in-out\">Malgr\u00e9 l&#8217;interdiction de poursuivre les travaux par Colbert, Riquet fit creuser en secret un tunnel d&#8217;essai, convainquant ainsi les autorit\u00e9s de la faisabilit\u00e9 du projet<\/span> .\u200b<\/p>\r\n\r\n<h4 data-start=\"1084\" data-end=\"1121\">Un site \u00e0 la g\u00e9ologie complexe<\/h4>\r\n<p class=\"\" data-start=\"1123\" data-end=\"1289\"><span class=\"relative -mx-px my-[-0.2rem] rounded px-px py-[0.2rem] transition-colors duration-100 ease-in-out\">Le tunnel est creus\u00e9 dans une roche tendre, sujette \u00e0 l&#8217;\u00e9rosion.<\/span> <span class=\"relative -mx-px my-[-0.2rem] rounded px-px py-[0.2rem] transition-colors duration-100 ease-in-out\">Des travaux de consolidation ont \u00e9t\u00e9 n\u00e9cessaires entre 1695 et 1720 pour renforcer la vo\u00fbte<\/span> .\u200b<\/p>\r\n\r\n<h4 data-start=\"1296\" data-end=\"1333\">Un carrefour souterrain unique<\/h4>\r\n<p class=\"\" data-start=\"1335\" data-end=\"1420\"><span class=\"relative -mx-px my-[-0.2rem] rounded px-px py-[0.2rem] transition-colors duration-100 ease-in-out\">Sous le tunnel de Malpas se trouvent deux autres galeries :<\/span>\u200b<\/p>\r\n\r\n<ul data-start=\"1422\" data-end=\"1597\">\r\n \t<li class=\"\" data-start=\"1422\" data-end=\"1509\">\r\n<p class=\"\" data-start=\"1424\" data-end=\"1509\"><span class=\"relative -mx-px my-[-0.2rem] rounded px-px py-[0.2rem] transition-colors duration-100 ease-in-out\">Un tunnel ferroviaire de la ligne Bordeaux-S\u00e8te, construit au XIXe si\u00e8cle.<\/span>\u200b<\/p>\r\n<\/li>\r\n \t<li class=\"\" data-start=\"1510\" data-end=\"1597\">\r\n<p class=\"\" data-start=\"1512\" data-end=\"1597\"><span class=\"relative -mx-px my-[-0.2rem] rounded px-px py-[0.2rem] transition-colors duration-100 ease-in-out\">Un aqueduc m\u00e9di\u00e9val du XIIIe si\u00e8cle, servant \u00e0 drainer l&#8217;\u00e9tang de Montady.<\/span>\u200b<\/p>\r\n<\/li>\r\n<\/ul>\r\n<p class=\"\" data-start=\"1599\" data-end=\"1725\"><span class=\"relative -mx-px my-[-0.2rem] rounded px-px py-[0.2rem] transition-colors duration-100 ease-in-out\">Ce triple passage souterrain est unique en Europe<\/span><\/p>\r\n\r\n<h3 class=\"\" data-start=\"1732\" data-end=\"1761\">\u00a0Informations pratiques<\/h3>\r\n<ul data-start=\"1763\" data-end=\"2069\">\r\n \t<li class=\"\" data-start=\"1763\" data-end=\"1862\">\r\n<p class=\"\" data-start=\"1765\" data-end=\"1862\"><strong data-start=\"1765\" data-end=\"1774\">Acc\u00e8s<\/strong> : <span class=\"relative -mx-px my-[-0.2rem] rounded px-px py-[0.2rem] transition-colors duration-100 ease-in-out\">Par le chemin de halage du canal ou via la D162E3.<\/span>\u200b<\/p>\r\n<\/li>\r\n \t<li class=\"\" data-start=\"1863\" data-end=\"1963\">\r\n<p class=\"\" data-start=\"1865\" data-end=\"1963\"><strong data-start=\"1865\" data-end=\"1875\">Visite<\/strong> : <span class=\"relative -mx-px my-[-0.2rem] rounded px-px py-[0.2rem] transition-colors duration-100 ease-in-out\">Libre et gratuite, \u00e0 pied ou en bateau.<\/span>\u200b<\/p>\r\n<\/li>\r\n \t<li class=\"\" data-start=\"1964\" data-end=\"2069\">\r\n<p class=\"\" data-start=\"1966\" data-end=\"2069\"><strong data-start=\"1966\" data-end=\"1981\">\u00c0 proximit\u00e9<\/strong> : <span class=\"relative -mx-px my-[-0.2rem] rounded px-px py-[0.2rem] transition-colors duration-100 ease-in-out\">Oppidum d\u2019Ens\u00e9rune, \u00e9tang de Montady, Maison du Malpas (centre d&#8217;information).<\/span>\u200b<\/p>\r\n<\/li>\r\n<\/ul>\r\n<p class=\"\" data-start=\"2071\" data-end=\"2156\"><span class=\"relative -mx-px my-[-0.2rem] rounded px-px py-[0.2rem] transition-colors duration-100 ease-in-out\">Le tunnel de Malpas est une \u00e9tape incontournable pour les amateurs d&#8217;histoire et d&#8217;ing\u00e9nierie.<\/span><\/p>\r\n\r\n<h3 class=\"\" data-start=\"1484\" data-end=\"1531\">L&#8217;alimentation en eau : un d\u00e9fi ma\u00eetris\u00e9<\/h3>\r\n<p class=\"\" data-start=\"1533\" data-end=\"1738\"><span class=\"relative -mx-px my-[-0.2rem] rounded px-px py-[0.2rem] transition-colors duration-100 ease-in-out\">Pour alimenter le canal, Riquet a con\u00e7u un syst\u00e8me complexe de rigoles et de r\u00e9servoirs.<\/span> <span class=\"relative -mx-px my-[-0.2rem] rounded px-px py-[0.2rem] transition-colors duration-100 ease-in-out\">Le barrage de Saint-Ferr\u00e9ol, construit entre 1667 et 1672, \u00e9tait \u00e0 l&#8217;\u00e9poque le plus grand r\u00e9servoir artificiel du monde.<\/span> <span class=\"relative -mx-px my-[-0.2rem] rounded px-px py-[0.2rem] transition-colors duration-100 ease-in-out\">La perc\u00e9e des Cammazes, un tunnel vo\u00fbt\u00e9 de 122 m\u00e8tres con\u00e7u par Vauban, permet de canaliser les eaux de la Montagne Noire vers le r\u00e9servoir.<\/span> \u200b<\/p>\r\n\r\n<h3 data-start=\"1533\" data-end=\"1738\"><span class=\"relative -mx-px my-[-0.2rem] rounded px-px py-[0.2rem] transition-colors duration-100 ease-in-out\">La <strong data-start=\"3\" data-end=\"26\">perc\u00e9e des Cammazes<\/strong><\/span><\/h3>\r\n<p class=\"\" data-start=\"82\" data-end=\"201\"><span class=\"relative -mx-px my-[-0.2rem] rounded px-px py-[0.2rem] transition-colors duration-100 ease-in-out\">La <strong data-start=\"3\" data-end=\"26\">perc\u00e9e des Cammazes<\/strong>, \u00e9galement connue sous le nom de <strong data-start=\"60\" data-end=\"76\">vo\u00fbte Vauban<\/strong> ou <strong data-start=\"80\" data-end=\"103\">tunnel des Cammazes<\/strong>, est un ouvrage hydraulique remarquable situ\u00e9 dans la commune de Les Cammazes, dans le Tarn.<\/span> <span class=\"relative -mx-px my-[-0.2rem] rounded px-px py-[0.2rem] transition-colors duration-100 ease-in-out\">Construite entre 1686 et 1688, cette structure fait partie int\u00e9grante du syst\u00e8me d&#8217;alimentation en eau du <strong data-start=\"106\" data-end=\"123\">Canal du Midi<\/strong>, \u0153uvre majeure du XVIIe si\u00e8cle.<\/span><\/p>\r\n\r\n<h4 data-start=\"208\" data-end=\"243\">Caract\u00e9ristiques techniques<\/h4>\r\n<ul data-start=\"245\" data-end=\"641\">\r\n \t<li class=\"\" data-start=\"245\" data-end=\"343\">\r\n<p class=\"\" data-start=\"247\" data-end=\"343\"><strong data-start=\"247\" data-end=\"259\">Longueur<\/strong> : <span class=\"relative -mx-px my-[-0.2rem] rounded px-px py-[0.2rem] transition-colors duration-100 ease-in-out\">122 m\u00e8tres<\/span>\u200b<\/p>\r\n<\/li>\r\n \t<li class=\"\" data-start=\"344\" data-end=\"441\">\r\n<p class=\"\" data-start=\"346\" data-end=\"441\"><strong data-start=\"346\" data-end=\"357\">Largeur<\/strong> : <span class=\"relative -mx-px my-[-0.2rem] rounded px-px py-[0.2rem] transition-colors duration-100 ease-in-out\">3 m\u00e8tres<\/span>\u200b<\/p>\r\n<\/li>\r\n \t<li class=\"\" data-start=\"442\" data-end=\"538\">\r\n<p class=\"\" data-start=\"444\" data-end=\"538\"><strong data-start=\"444\" data-end=\"452\">Type<\/strong> : <span class=\"relative -mx-px my-[-0.2rem] rounded px-px py-[0.2rem] transition-colors duration-100 ease-in-out\">Tunnel vo\u00fbt\u00e9 ma\u00e7onn\u00e9<\/span>\u200b<strong data-start=\"541\" data-end=\"553\">Fonction<\/strong> : <span class=\"relative -mx-px my-[-0.2rem] rounded px-px py-[0.2rem] transition-colors duration-100 ease-in-out\">Permettre \u00e0 la rigole de la Montagne Noire de franchir la cr\u00eate de la Montagne d&#8217;Escammase pour alimenter le r\u00e9servoir de Saint-Ferr\u00e9ol<\/span><\/p>\r\n<\/li>\r\n<\/ul>\r\n<p class=\"\" data-start=\"643\" data-end=\"768\"><span class=\"relative -mx-px my-[-0.2rem] rounded px-px py-[0.2rem] transition-colors duration-100 ease-in-out\">Ce tunnel est orn\u00e9 de deux fa\u00e7ades sym\u00e9triques, dont l&#8217;une portait autrefois un bas-relief \u00e0 l&#8217;effigie de Louis XIV, d\u00e9truit lors de la R\u00e9volution fran\u00e7aise.<\/span><\/p>\r\n\r\n<h4 data-start=\"775\" data-end=\"801\">Contexte historique<\/h4>\r\n<p class=\"\" data-start=\"803\" data-end=\"1048\"><span class=\"relative -mx-px my-[-0.2rem] rounded px-px py-[0.2rem] transition-colors duration-100 ease-in-out\">Apr\u00e8s la mort de Pierre-Paul Riquet en 1680, le Canal du Midi pr\u00e9sentait des signes de d\u00e9gradation et plusieurs ouvrages restaient inachev\u00e9s.<\/span> <span class=\"relative -mx-px my-[-0.2rem] rounded px-px py-[0.2rem] transition-colors duration-100 ease-in-out\">En 1685, Vauban, ing\u00e9nieur du roi, est charg\u00e9 d&#8217;une inspection du canal.<\/span> <span class=\"relative -mx-px my-[-0.2rem] rounded px-px py-[0.2rem] transition-colors duration-100 ease-in-out\">Constatant les insuffisances, notamment en mati\u00e8re d&#8217;alimentation en eau, il propose un plan de r\u00e9habilitation.<\/span> <span class=\"relative -mx-px my-[-0.2rem] rounded px-px py-[0.2rem] transition-colors duration-100 ease-in-out\">La perc\u00e9e des Cammazes est alors con\u00e7ue pour prolonger la rigole de la Montagne Noire et renforcer l&#8217;approvisionnement du r\u00e9servoir de Saint-Ferr\u00e9ol.<\/span> \u200b<\/p>\r\n<p class=\"\" data-start=\"1050\" data-end=\"1255\"><span class=\"relative -mx-px my-[-0.2rem] rounded px-px py-[0.2rem] transition-colors duration-100 ease-in-out\">Les travaux, dirig\u00e9s par Antoine Niquet, commissaire r\u00e9gional aux fortifications, d\u00e9butent en 1686.<\/span> <span class=\"relative -mx-px my-[-0.2rem] rounded px-px py-[0.2rem] transition-colors duration-100 ease-in-out\">Malheureusement, un accident en avril 1687 cause la mort de six ouvriers et blesse trois autres.<\/span> <span class=\"relative -mx-px my-[-0.2rem] rounded px-px py-[0.2rem] transition-colors duration-100 ease-in-out\">Malgr\u00e9 ces difficult\u00e9s, l&#8217;ouvrage est achev\u00e9 en deux ans.<\/span> \u200b<\/p>\r\n\r\n<h4 data-start=\"1262\" data-end=\"1304\">Int\u00e9gration paysag\u00e8re et patrimoine<\/h4>\r\n<p class=\"\" data-start=\"1306\" data-end=\"1511\"><span class=\"relative -mx-px my-[-0.2rem] rounded px-px py-[0.2rem] transition-colors duration-100 ease-in-out\">En 1846, des arbres sont plant\u00e9s au sommet de la vo\u00fbte pour l&#8217;int\u00e9grer harmonieusement au paysage.<\/span> <span class=\"relative -mx-px my-[-0.2rem] rounded px-px py-[0.2rem] transition-colors duration-100 ease-in-out\">L&#8217;ann\u00e9e suivante, une maison de garde est construite \u00e0 l&#8217;entr\u00e9e du sentier de la rigole.<\/span> <span class=\"relative -mx-px my-[-0.2rem] rounded px-px py-[0.2rem] transition-colors duration-100 ease-in-out\">Bien que d\u00e9saffect\u00e9e aujourd&#8217;hui, elle t\u00e9moigne de l&#8217;importance de l&#8217;entretien de cet ouvrage.<\/span> \u200b<\/p>\r\n<p class=\"\" data-start=\"1513\" data-end=\"1638\"><span class=\"relative -mx-px my-[-0.2rem] rounded px-px py-[0.2rem] transition-colors duration-100 ease-in-out\">La perc\u00e9e des Cammazes est inscrite au titre des monuments historiques depuis 1997 et fait partie du patrimoine mondial de l&#8217;UNESCO au sein du Canal du Midi depuis 1996.<\/span> \u200b<\/p>\r\n\r\n<h4 data-start=\"1645\" data-end=\"1670\">Visite et acc\u00e8s<\/h4>\r\n<p class=\"\" data-start=\"1672\" data-end=\"1877\"><span class=\"relative -mx-px my-[-0.2rem] rounded px-px py-[0.2rem] transition-colors duration-100 ease-in-out\">Le tunnel est accessible aux visiteurs \u00e0 pied.<\/span> <span class=\"relative -mx-px my-[-0.2rem] rounded px-px py-[0.2rem] transition-colors duration-100 ease-in-out\">Un petit muret \u00e9troit longe la rigole, permettant une travers\u00e9e immersive sous la vo\u00fbte.<\/span> <span class=\"relative -mx-px my-[-0.2rem] rounded px-px py-[0.2rem] transition-colors duration-100 ease-in-out\">Apr\u00e8s le tunnel, un chemin plat suit la rigole de la Montagne Noire, offrant des balades en pleine nature, \u00e0 pied ou \u00e0 v\u00e9lo.<\/span> \u200b<\/p>\r\n<p class=\"\" data-start=\"1879\" data-end=\"1964\"><span class=\"relative -mx-px my-[-0.2rem] rounded px-px py-[0.2rem] transition-colors duration-100 ease-in-out\">La perc\u00e9e des Cammazes est un t\u00e9moignage de l&#8217;ing\u00e9niosit\u00e9 des ing\u00e9nieurs du XVIIe si\u00e8cle et constitue une \u00e9tape incontournable pour les amateurs d&#8217;histoire et de patrimoine.<\/span><\/p>\r\n<p data-start=\"1879\" data-end=\"1964\"><a href=\"https:\/\/cparici.com\/wp-content\/uploads\/2025\/04\/ChatGPT-Image-13-avr.-2025-15_51_54.jpg\"><img decoding=\"async\" class=\"aligncenter wp-image-64538 \" src=\"https:\/\/cparici.com\/wp-content\/uploads\/2025\/04\/ChatGPT-Image-13-avr.-2025-15_51_54-1024x683.jpg\" alt=\"\" width=\"863\" height=\"575\" srcset=\"https:\/\/cparici.com\/wp-content\/uploads\/2025\/04\/ChatGPT-Image-13-avr.-2025-15_51_54-1024x683.jpg 1024w, https:\/\/cparici.com\/wp-content\/uploads\/2025\/04\/ChatGPT-Image-13-avr.-2025-15_51_54-300x200.jpg 300w, https:\/\/cparici.com\/wp-content\/uploads\/2025\/04\/ChatGPT-Image-13-avr.-2025-15_51_54-768x512.jpg 768w, https:\/\/cparici.com\/wp-content\/uploads\/2025\/04\/ChatGPT-Image-13-avr.-2025-15_51_54-18x12.jpg 18w, https:\/\/cparici.com\/wp-content\/uploads\/2025\/04\/ChatGPT-Image-13-avr.-2025-15_51_54-590x393.jpg 590w, https:\/\/cparici.com\/wp-content\/uploads\/2025\/04\/ChatGPT-Image-13-avr.-2025-15_51_54-1005x670.jpg 1005w, https:\/\/cparici.com\/wp-content\/uploads\/2025\/04\/ChatGPT-Image-13-avr.-2025-15_51_54-577x385.jpg 577w, https:\/\/cparici.com\/wp-content\/uploads\/2025\/04\/ChatGPT-Image-13-avr.-2025-15_51_54-1200x800.jpg 1200w, https:\/\/cparici.com\/wp-content\/uploads\/2025\/04\/ChatGPT-Image-13-avr.-2025-15_51_54-600x400.jpg 600w, https:\/\/cparici.com\/wp-content\/uploads\/2025\/04\/ChatGPT-Image-13-avr.-2025-15_51_54.jpg 1536w\" sizes=\"(max-width: 863px) 100vw, 863px\" \/><\/a><\/p>\r\n\r\n<h2 class=\"\" data-start=\"1206\" data-end=\"1233\">Tourisme et activit\u00e9s sur le Canal du midi<\/h2>\r\n<p class=\"\" data-start=\"1235\" data-end=\"1351\">Le Canal du Midi offre une multitude d&#8217;activit\u00e9s pour tous les go\u00fbts :\u200b<\/p>\r\n\r\n<h3 class=\"\" data-start=\"1353\" data-end=\"1377\">Croisi\u00e8res fluviales<\/h3>\r\n<p class=\"\" data-start=\"1379\" data-end=\"1595\">Naviguer sur le canal est une exp\u00e9rience unique. Des entreprises proposent la location de p\u00e9niches avec ou sans permis, permettant de d\u00e9couvrir les paysages \u00e0 son rythme.\u200b<\/p>\r\n\r\n<h3 class=\"\" data-start=\"1597\" data-end=\"1629\">Balades \u00e0 v\u00e9lo et randonn\u00e9es<\/h3>\r\n<p class=\"\" data-start=\"1631\" data-end=\"1831\">Les berges du canal sont am\u00e9nag\u00e9es pour les cyclistes et les randonneurs. Le chemin de halage offre un parcours ombrag\u00e9 id\u00e9al pour des balades en famille.\u200b<\/p>\r\n\r\n<h3 class=\"\" data-start=\"1833\" data-end=\"1860\">D\u00e9couvertes culturelles<\/h3>\r\n<p class=\"\" data-start=\"1862\" data-end=\"1959\">Le canal traverse des villes riches en patrimoine :\u200b<\/p>\r\n\r\n<ul data-start=\"1961\" data-end=\"2271\">\r\n \t<li class=\"\" data-start=\"1961\" data-end=\"2068\">\r\n<p class=\"\" data-start=\"1963\" data-end=\"2068\"><strong data-start=\"1963\" data-end=\"1978\">Carcassonne<\/strong> : c\u00e9l\u00e8bre pour sa cit\u00e9 m\u00e9di\u00e9vale fortifi\u00e9e.\u200b<\/p>\r\n<\/li>\r\n \t<li class=\"\" data-start=\"2070\" data-end=\"2159\">\r\n<p class=\"\" data-start=\"2072\" data-end=\"2159\"><strong data-start=\"2072\" data-end=\"2089\">Castelnaudary<\/strong> : berceau du cassoulet.\u200b<\/p>\r\n<\/li>\r\n \t<li class=\"\" data-start=\"2161\" data-end=\"2271\">\r\n<p class=\"\" data-start=\"2163\" data-end=\"2271\"><strong data-start=\"2163\" data-end=\"2175\">Narbonne<\/strong> : avec son canal de la Robine, class\u00e9 \u00e0 l&#8217;UNESCO.\u200b<\/p>\r\n<\/li>\r\n<\/ul>\r\n<h2>Le Canal du Midi en bateau<\/h2>\r\n<p class=\"\" data-start=\"40\" data-end=\"159\"><span class=\"relative -mx-px my-[-0.2rem] rounded px-px py-[0.2rem] transition-colors duration-100 ease-in-out\">Naviguer sur le <strong data-start=\"16\" data-end=\"33\">Canal du Midi<\/strong> en bateau est une exp\u00e9rience inoubliable, offrant une immersion totale dans le patrimoine, la nature et la douceur de vivre du sud de la France.<\/span> <span class=\"relative -mx-px my-[-0.2rem] rounded px-px py-[0.2rem] transition-colors duration-100 ease-in-out\">Class\u00e9 au patrimoine mondial de l\u2019UNESCO depuis 1996, ce canal historique relie Toulouse \u00e0 S\u00e8te sur environ 240 km, traversant des paysages vari\u00e9s et des villages pittoresques.<\/span>\u200b<\/p>\r\n\r\n<h3 class=\"\" data-start=\"166\" data-end=\"204\">Une croisi\u00e8re accessible \u00e0 tous<\/h3>\r\n<p class=\"\" data-start=\"206\" data-end=\"402\"><span class=\"relative -mx-px my-[-0.2rem] rounded px-px py-[0.2rem] transition-colors duration-100 ease-in-out\">L\u2019un des grands atouts du Canal du Midi est la possibilit\u00e9 de louer un bateau sans permis.<\/span> <span class=\"relative -mx-px my-[-0.2rem] rounded px-px py-[0.2rem] transition-colors duration-100 ease-in-out\">Des entreprises telles que <strong data-start=\"27\" data-end=\"39\">Locaboat<\/strong>, <strong data-start=\"41\" data-end=\"52\">Le Boat<\/strong>, <strong data-start=\"54\" data-end=\"64\">Nicols<\/strong> ou <strong data-start=\"68\" data-end=\"84\">Les Canalous<\/strong> proposent des p\u00e9nichettes habitables pour 2 \u00e0 12 personnes, id\u00e9ales pour des s\u00e9jours en famille ou entre amis.<\/span> <span class=\"relative -mx-px my-[-0.2rem] rounded px-px py-[0.2rem] transition-colors duration-100 ease-in-out\">Une courte initiation suffit pour apprendre \u00e0 man\u0153uvrer et franchir les \u00e9cluses en toute s\u00e9curit\u00e9<\/span> .\u200b<\/p>\r\n\r\n<h3 class=\"\" data-start=\"409\" data-end=\"439\">Des itin\u00e9raires vari\u00e9s<\/h3>\r\n<p class=\"\" data-start=\"441\" data-end=\"524\"><span class=\"relative -mx-px my-[-0.2rem] rounded px-px py-[0.2rem] transition-colors duration-100 ease-in-out\">Selon la dur\u00e9e de votre croisi\u00e8re, plusieurs itin\u00e9raires s\u2019offrent \u00e0 vous :<\/span>\u200b<\/p>\r\n\r\n<ul data-start=\"526\" data-end=\"901\">\r\n \t<li class=\"\" data-start=\"526\" data-end=\"644\">\r\n<p class=\"\" data-start=\"528\" data-end=\"644\"><strong data-start=\"528\" data-end=\"556\">Week-end ou mini-semaine<\/strong> : <span class=\"relative -mx-px my-[-0.2rem] rounded px-px py-[0.2rem] transition-colors duration-100 ease-in-out\">Partez de <strong data-start=\"10\" data-end=\"18\">Bram<\/strong> vers <strong data-start=\"24\" data-end=\"39\">Carcassonne<\/strong> pour d\u00e9couvrir sa c\u00e9l\u00e8bre cit\u00e9 m\u00e9di\u00e9vale.<\/span>\u200b<\/p>\r\n<\/li>\r\n \t<li class=\"\" data-start=\"646\" data-end=\"751\">\r\n<p class=\"\" data-start=\"648\" data-end=\"751\"><strong data-start=\"648\" data-end=\"663\">Une semaine<\/strong> : <span class=\"relative -mx-px my-[-0.2rem] rounded px-px py-[0.2rem] transition-colors duration-100 ease-in-out\">Explorez le tron\u00e7on entre <strong data-start=\"26\" data-end=\"35\">Homps<\/strong> et <strong data-start=\"39\" data-end=\"47\">Agde<\/strong>, alternant villages typiques et paysages naturels.<\/span>\u200b<\/p>\r\n<\/li>\r\n \t<li class=\"\" data-start=\"753\" data-end=\"901\">\r\n<p class=\"\" data-start=\"755\" data-end=\"901\"><strong data-start=\"755\" data-end=\"772\">Deux semaines<\/strong> : <span class=\"relative -mx-px my-[-0.2rem] rounded px-px py-[0.2rem] transition-colors duration-100 ease-in-out\">Optez pour un aller simple de <strong data-start=\"30\" data-end=\"42\">Toulouse<\/strong> \u00e0 <strong data-start=\"45\" data-end=\"53\">S\u00e8te<\/strong>, traversant des sites embl\u00e9matiques comme <strong data-start=\"96\" data-end=\"113\">Castelnaudary<\/strong>, <strong data-start=\"115\" data-end=\"130\">Carcassonne<\/strong>, <strong data-start=\"132\" data-end=\"145\">Le Somail<\/strong> et <strong data-start=\"149\" data-end=\"160\" data-is-last-node=\"\">B\u00e9ziers<\/strong><\/span> .\u200b<\/p>\r\n<\/li>\r\n<\/ul>\r\n<h3>Canal du Midi en bateau : Ouvrages d\u2019art et patrimoine \u00e0 ne pas manquer<\/h3>\r\n<p class=\"\" data-start=\"945\" data-end=\"1030\"><span class=\"relative -mx-px my-[-0.2rem] rounded px-px py-[0.2rem] transition-colors duration-100 ease-in-out\">Le canal est jalonn\u00e9 de structures remarquables :<\/span>\u200b<\/p>\r\n\r\n<ul data-start=\"1032\" data-end=\"1398\">\r\n \t<li class=\"\" data-start=\"1032\" data-end=\"1163\">\r\n<p class=\"\" data-start=\"1034\" data-end=\"1163\"><strong data-start=\"1034\" data-end=\"1065\">Les 9 \u00e9cluses de Fonseranes<\/strong> \u00e0 B\u00e9ziers : <span class=\"relative -mx-px my-[-0.2rem] rounded px-px py-[0.2rem] transition-colors duration-100 ease-in-out\">un escalier d\u2019eau impressionnant.<\/span>\u200b<\/p>\r\n<\/li>\r\n \t<li class=\"\" data-start=\"1165\" data-end=\"1278\">\r\n<p class=\"\" data-start=\"1167\" data-end=\"1278\"><strong data-start=\"1167\" data-end=\"1190\">Le tunnel de Malpas<\/strong> : <span class=\"relative -mx-px my-[-0.2rem] rounded px-px py-[0.2rem] transition-colors duration-100 ease-in-out\">premier tunnel navigable d\u2019Europe.<\/span>\u200b<\/p>\r\n<\/li>\r\n \t<li class=\"\" data-start=\"1280\" data-end=\"1398\">\r\n<p class=\"\" data-start=\"1282\" data-end=\"1398\"><strong data-start=\"1282\" data-end=\"1310\">Le pont-canal de R\u00e9pudre<\/strong> : <span class=\"relative -mx-px my-[-0.2rem] rounded px-px py-[0.2rem] transition-colors duration-100 ease-in-out\">l\u2019un des plus anciens ponts-canaux de France.<\/span>\u200b<\/p>\r\n<\/li>\r\n<\/ul>\r\n<p class=\"\" data-start=\"1400\" data-end=\"1485\"><span class=\"relative -mx-px my-[-0.2rem] rounded px-px py-[0.2rem] transition-colors duration-100 ease-in-out\">Ces ouvrages t\u00e9moignent du g\u00e9nie de Pierre-Paul Riquet et de l\u2019ing\u00e9niosit\u00e9 du XVIIe si\u00e8cle.<\/span>\u200b<\/p>\r\n\r\n<h3 class=\"\" data-start=\"1492\" data-end=\"1532\">Escales gourmandes et culturelles<\/h3>\r\n<p class=\"\" data-start=\"1534\" data-end=\"1619\"><span class=\"relative -mx-px my-[-0.2rem] rounded px-px py-[0.2rem] transition-colors duration-100 ease-in-out\">Le long du parcours, de nombreuses haltes permettent de d\u00e9couvrir la richesse culturelle et gastronomique de la r\u00e9gion :<\/span>\u200b<\/p>\r\n\r\n<ul data-start=\"1621\" data-end=\"1935\">\r\n \t<li class=\"\" data-start=\"1621\" data-end=\"1728\">\r\n<p class=\"\" data-start=\"1623\" data-end=\"1728\"><strong data-start=\"1623\" data-end=\"1640\">Castelnaudary<\/strong> : <span class=\"relative -mx-px my-[-0.2rem] rounded px-px py-[0.2rem] transition-colors duration-100 ease-in-out\">berceau du cassoulet.<\/span>\u200b<\/p>\r\n<\/li>\r\n \t<li class=\"\" data-start=\"1730\" data-end=\"1833\">\r\n<p class=\"\" data-start=\"1732\" data-end=\"1833\"><strong data-start=\"1732\" data-end=\"1745\">Le Somail<\/strong> : <span class=\"relative -mx-px my-[-0.2rem] rounded px-px py-[0.2rem] transition-colors duration-100 ease-in-out\">village charmant avec sa librairie ancienne.<\/span>\u200b<\/p>\r\n<\/li>\r\n \t<li class=\"\" data-start=\"1835\" data-end=\"1935\">\r\n<p class=\"\" data-start=\"1837\" data-end=\"1935\"><strong data-start=\"1837\" data-end=\"1847\">Tr\u00e8bes<\/strong> : <span class=\"relative -mx-px my-[-0.2rem] rounded px-px py-[0.2rem] transition-colors duration-100 ease-in-out\">petite ville accueillante avec de bons restaurants.<\/span>\u200b<\/p>\r\n<\/li>\r\n<\/ul>\r\n<p class=\"\" data-start=\"1937\" data-end=\"2022\"><span class=\"relative -mx-px my-[-0.2rem] rounded px-px py-[0.2rem] transition-colors duration-100 ease-in-out\">Profitez-en pour d\u00e9guster les vins locaux et les sp\u00e9cialit\u00e9s r\u00e9gionales.<\/span>\u200b<\/p>\r\n\r\n<h3 class=\"\" data-start=\"2029\" data-end=\"2056\">Confort et services<\/h3>\r\n<p class=\"\" data-start=\"2058\" data-end=\"2341\">Les bateaux sont \u00e9quip\u00e9s pour offrir tout le confort n\u00e9cessaire : cabines, cuisine, salle de bain, et parfois m\u00eame terrasse. Des services optionnels comme la location de v\u00e9los ou la livraison de paniers gourmands sont \u00e9galement propos\u00e9s.\u200b<\/p>\r\n\r\n<h3 class=\"\" data-start=\"2348\" data-end=\"2373\">Conseils pratiques<\/h3>\r\n<ul data-start=\"2375\" data-end=\"2826\">\r\n \t<li class=\"\" data-start=\"2375\" data-end=\"2546\">\r\n<p class=\"\" data-start=\"2377\" data-end=\"2546\"><strong data-start=\"2377\" data-end=\"2395\">P\u00e9riode id\u00e9ale<\/strong> : de mars \u00e0 octobre, avec une pr\u00e9f\u00e9rence pour le printemps et l\u2019automne pour \u00e9viter les fortes chaleurs.\u200b<\/p>\r\n<\/li>\r\n \t<li class=\"\" data-start=\"2548\" data-end=\"2693\">\r\n<p class=\"\" data-start=\"2550\" data-end=\"2693\"><strong data-start=\"2550\" data-end=\"2575\">Vitesse de navigation<\/strong> : limit\u00e9e \u00e0 8 km\/h, permettant une progression tranquille et s\u00e9curis\u00e9e.\u200b<\/p>\r\n<\/li>\r\n \t<li class=\"\" data-start=\"2695\" data-end=\"2826\">\r\n<p class=\"\" data-start=\"2697\" data-end=\"2826\"><strong data-start=\"2697\" data-end=\"2712\">R\u00e9servation<\/strong> : il est conseill\u00e9 de r\u00e9server \u00e0 l\u2019avance, surtout en haute saison.\u200b<\/p>\r\n<\/li>\r\n<\/ul>\r\n<p class=\"\" data-start=\"2833\" data-end=\"3108\">Embarquer sur le Canal du Midi, c\u2019est choisir une aventure paisible, riche en d\u00e9couvertes et en \u00e9motions. Que vous soyez amateur d\u2019histoire, de nature ou de gastronomie, cette croisi\u00e8re fluviale saura combler toutes vos attentes.\u200b<\/p>\r\n\r\n<div class=\"h-[60px]\"><\/div>\r\n<h2 class=\"\" data-start=\"2278\" data-end=\"2312\">H\u00e9bergements et gastronomie<\/h2>\r\n<p class=\"\" data-start=\"2314\" data-end=\"2421\">Le long du canal, une vari\u00e9t\u00e9 d&#8217;h\u00e9bergements est disponible :\u200b<\/p>\r\n\r\n<ul data-start=\"2423\" data-end=\"2786\">\r\n \t<li class=\"\" data-start=\"2423\" data-end=\"2563\">\r\n<p class=\"\" data-start=\"2425\" data-end=\"2563\"><strong data-start=\"2425\" data-end=\"2454\">G\u00eetes et chambres d&#8217;h\u00f4tes<\/strong> : souvent situ\u00e9s dans d&#8217;anciennes maisons \u00e9clusi\u00e8res r\u00e9nov\u00e9es.\u200b<\/p>\r\n<\/li>\r\n \t<li class=\"\" data-start=\"2565\" data-end=\"2675\">\r\n<p class=\"\" data-start=\"2567\" data-end=\"2675\"><strong data-start=\"2567\" data-end=\"2587\">H\u00f4tels de charme<\/strong> : <span class=\"relative -mx-px my-[-0.2rem] rounded px-px py-[0.2rem] transition-colors duration-100 ease-in-out\">offrant des vues imprenables sur le canal.<\/span>\u200b<\/p>\r\n<\/li>\r\n \t<li class=\"\" data-start=\"2677\" data-end=\"2786\">\r\n<p class=\"\" data-start=\"2679\" data-end=\"2786\"><strong data-start=\"2679\" data-end=\"2698\">P\u00e9niches-h\u00f4tels<\/strong> : <span class=\"relative -mx-px my-[-0.2rem] rounded px-px py-[0.2rem] transition-colors duration-100 ease-in-out\">pour une exp\u00e9rience immersive sur l&#8217;eau.<\/span>\u200b<\/p>\r\n<\/li>\r\n<\/ul>\r\n<p class=\"\" data-start=\"2788\" data-end=\"2873\"><span class=\"relative -mx-px my-[-0.2rem] rounded px-px py-[0.2rem] transition-colors duration-100 ease-in-out\">C\u00f4t\u00e9 gastronomie, la r\u00e9gion propose des sp\u00e9cialit\u00e9s telles que le cassoulet, les vins du Languedoc et les fruits de mer frais.<\/span>\u200b<\/p>\r\n\r\n<h2 class=\"\" data-start=\"2880\" data-end=\"2904\">Conseils pratiques<\/h2>\r\n<ul data-start=\"2906\" data-end=\"3332\">\r\n \t<li class=\"\" data-start=\"2906\" data-end=\"3017\">\r\n<p class=\"\" data-start=\"2908\" data-end=\"3017\"><strong data-start=\"2908\" data-end=\"2929\">Meilleure p\u00e9riode<\/strong> : <span class=\"relative -mx-px my-[-0.2rem] rounded px-px py-[0.2rem] transition-colors duration-100 ease-in-out\">de mai \u00e0 septembre pour profiter du climat agr\u00e9able.<\/span>\u200b<\/p>\r\n<\/li>\r\n \t<li class=\"\" data-start=\"3019\" data-end=\"3118\">\r\n<p class=\"\" data-start=\"3021\" data-end=\"3118\"><strong data-start=\"3021\" data-end=\"3030\">Acc\u00e8s<\/strong> : <span class=\"relative -mx-px my-[-0.2rem] rounded px-px py-[0.2rem] transition-colors duration-100 ease-in-out\">Toulouse et S\u00e8te sont bien desservies par le train et la route.<\/span>\u200b<\/p>\r\n<\/li>\r\n \t<li class=\"\" data-start=\"3120\" data-end=\"3222\">\r\n<p class=\"\" data-start=\"3122\" data-end=\"3222\"><strong data-start=\"3122\" data-end=\"3134\">Location<\/strong> : <span class=\"relative -mx-px my-[-0.2rem] rounded px-px py-[0.2rem] transition-colors duration-100 ease-in-out\">des entreprises proposent la location de v\u00e9los et de bateaux le long du canal.<\/span>\u200b<\/p>\r\n<\/li>\r\n \t<li class=\"\" data-start=\"3224\" data-end=\"3332\">\r\n<p class=\"\" data-start=\"3226\" data-end=\"3332\"><strong data-start=\"3226\" data-end=\"3244\">R\u00e8glementation<\/strong> : <span class=\"relative -mx-px my-[-0.2rem] rounded px-px py-[0.2rem] transition-colors duration-100 ease-in-out\">respecter la vitesse limit\u00e9e \u00e0 8 km\/h pour les bateaux et suivre les consignes aux \u00e9cluses.<\/span><\/p>\r\n<\/li>\r\n<\/ul>\r\n<h2><span style=\"font-size: 18pt;\">Liste des d\u00e9partements et communes travers\u00e9s par le Canal du Midi<\/span><\/h2>\r\n<p class=\"\" data-start=\"40\" data-end=\"487\">Le <strong data-start=\"43\" data-end=\"60\">Canal du Midi<\/strong>, inscrit au patrimoine mondial de l&#8217;UNESCO depuis 1996, traverse la r\u00e9gion Occitanie en reliant Toulouse \u00e0 Marseillan sur environ 240 km. Il parcourt principalement trois d\u00e9partements : la Haute-Garonne, l&#8217;Aude et l&#8217;H\u00e9rault. De plus, le d\u00e9partement du Tarn est impliqu\u00e9 dans son syst\u00e8me d&#8217;alimentation en eau via la rigole de la Montagne Noire<\/p>\r\n\r\n<h3 class=\"\" data-start=\"494\" data-end=\"524\">D\u00e9partements travers\u00e9s<\/h3>\r\n<ol data-start=\"526\" data-end=\"1031\">\r\n \t<li class=\"\" data-start=\"526\" data-end=\"672\">\r\n<p class=\"\" data-start=\"529\" data-end=\"551\"><strong data-start=\"529\" data-end=\"551\"><a href=\"https:\/\/cparici.com\/haute-garonne\/\">Haute-Garonne<\/a> (31)<\/strong><\/p>\r\n\r\n<ul data-start=\"555\" data-end=\"672\">\r\n \t<li class=\"\" data-start=\"555\" data-end=\"672\">\r\n<p class=\"\" data-start=\"557\" data-end=\"672\">Le canal d\u00e9bute \u00e0 Toulouse et traverse plusieurs communes du Lauragais.\u200b<\/p>\r\n<\/li>\r\n<\/ul>\r\n<\/li>\r\n \t<li class=\"\" data-start=\"674\" data-end=\"777\">\r\n<p class=\"\" data-start=\"677\" data-end=\"690\"><strong data-start=\"677\" data-end=\"690\"><a href=\"https:\/\/cparici.com\/aude-guide-departement\/\">Aude<\/a> (11)<\/strong><\/p>\r\n\r\n<ul data-start=\"694\" data-end=\"777\">\r\n \t<li class=\"\" data-start=\"694\" data-end=\"777\">\r\n<p class=\"\" data-start=\"696\" data-end=\"777\"><span class=\"relative -mx-px my-[-0.2rem] rounded px-px py-[0.2rem] transition-colors duration-100 ease-in-out\">Il continue son parcours \u00e0 travers des plaines agricoles et des sites historiques.<\/span>\u200b<\/p>\r\n<\/li>\r\n<\/ul>\r\n<\/li>\r\n \t<li class=\"\" data-start=\"779\" data-end=\"885\">\r\n<p class=\"\" data-start=\"782\" data-end=\"798\"><strong data-start=\"782\" data-end=\"798\"><a href=\"https:\/\/cparici.com\/herault\/\">H\u00e9rault<\/a> (34)<\/strong><\/p>\r\n\r\n<ul data-start=\"802\" data-end=\"885\">\r\n \t<li class=\"\" data-start=\"802\" data-end=\"885\">\r\n<p class=\"\" data-start=\"804\" data-end=\"885\"><span class=\"relative -mx-px my-[-0.2rem] rounded px-px py-[0.2rem] transition-colors duration-100 ease-in-out\">Le canal termine son trajet en rejoignant l&#8217;\u00e9tang de Thau \u00e0 Marseillan.<\/span>\u200b<\/p>\r\n<\/li>\r\n<\/ul>\r\n<\/li>\r\n \t<li class=\"\" data-start=\"887\" data-end=\"1031\">\r\n<p class=\"\" data-start=\"890\" data-end=\"903\"><strong data-start=\"890\" data-end=\"903\"><a href=\"https:\/\/cparici.com\/tarn\/\">Tarn<\/a> (81)<\/strong><\/p>\r\n\r\n<ul data-start=\"907\" data-end=\"1031\">\r\n \t<li class=\"\" data-start=\"907\" data-end=\"1031\">\r\n<p class=\"\" data-start=\"909\" data-end=\"1031\"><span class=\"relative -mx-px my-[-0.2rem] rounded px-px py-[0.2rem] transition-colors duration-100 ease-in-out\">Bien que le canal principal ne traverse pas ce d\u00e9partement, le Tarn contribue \u00e0 son alimentation en eau via la rigole de la Montagne Noire<\/span> .\u200b<\/p>\r\n<\/li>\r\n<\/ul>\r\n<\/li>\r\n<\/ol>\r\n<h3 class=\"\" data-start=\"1038\" data-end=\"1065\">Communes travers\u00e9es<\/h3>\r\n<p class=\"\" data-start=\"1067\" data-end=\"1148\">Voici une s\u00e9lection de communes travers\u00e9es par le canal dans chaque d\u00e9partement :<\/p>\r\n\r\n<h4 class=\"\" data-start=\"1150\" data-end=\"1172\"><strong data-start=\"1155\" data-end=\"1172\">Haute-Garonne<\/strong><\/h4>\r\n<ul data-start=\"1174\" data-end=\"1723\">\r\n \t<li class=\"\" data-start=\"1174\" data-end=\"1276\">\r\n<p class=\"\" data-start=\"1176\" data-end=\"1276\"><strong data-start=\"1176\" data-end=\"1188\">Toulouse<\/strong> : <span class=\"relative -mx-px my-[-0.2rem] rounded px-px py-[0.2rem] transition-colors duration-100 ease-in-out\">Point de d\u00e9part du canal.<\/span>\u200b<\/p>\r\n<\/li>\r\n \t<li class=\"\" data-start=\"1277\" data-end=\"1392\">\r\n<p class=\"\" data-start=\"1279\" data-end=\"1392\"><strong data-start=\"1279\" data-end=\"1304\">Ramonville-Saint-Agne<\/strong> : <span class=\"relative -mx-px my-[-0.2rem] rounded px-px py-[0.2rem] transition-colors duration-100 ease-in-out\">Commune p\u00e9riurbaine avec un port de plaisance.<\/span>\u200b<\/p>\r\n<\/li>\r\n \t<li class=\"\" data-start=\"1393\" data-end=\"1503\">\r\n<p class=\"\" data-start=\"1395\" data-end=\"1503\"><strong data-start=\"1395\" data-end=\"1415\">Castanet-Tolosan<\/strong> : <span class=\"relative -mx-px my-[-0.2rem] rounded px-px py-[0.2rem] transition-colors duration-100 ease-in-out\">Ville r\u00e9sidentielle le long du canal.<\/span>\u200b<\/p>\r\n<\/li>\r\n \t<li class=\"\" data-start=\"1504\" data-end=\"1609\">\r\n<p class=\"\" data-start=\"1506\" data-end=\"1609\"><strong data-start=\"1506\" data-end=\"1521\">Montgiscard<\/strong> : <span class=\"relative -mx-px my-[-0.2rem] rounded px-px py-[0.2rem] transition-colors duration-100 ease-in-out\">Village pittoresque avec un pont sur le canal.<\/span>\u200b<\/p>\r\n<\/li>\r\n \t<li class=\"\" data-start=\"1610\" data-end=\"1723\">\r\n<p class=\"\" data-start=\"1612\" data-end=\"1723\"><strong data-start=\"1612\" data-end=\"1635\">Avignonet-Lauragais<\/strong> : <span class=\"relative -mx-px my-[-0.2rem] rounded px-px py-[0.2rem] transition-colors duration-100 ease-in-out\">Commune historique avec des moulins \u00e0 vent.<\/span>\u200b<\/p>\r\n<\/li>\r\n<\/ul>\r\n<h4 class=\"\" data-start=\"1725\" data-end=\"1738\"><strong data-start=\"1730\" data-end=\"1738\">Aude<\/strong><\/h4>\r\n<ul data-start=\"1740\" data-end=\"2460\">\r\n \t<li class=\"\" data-start=\"1740\" data-end=\"1847\">\r\n<p class=\"\" data-start=\"1742\" data-end=\"1847\"><strong data-start=\"1742\" data-end=\"1759\">Castelnaudary<\/strong> : <span class=\"relative -mx-px my-[-0.2rem] rounded px-px py-[0.2rem] transition-colors duration-100 ease-in-out\">C\u00e9l\u00e8bre pour son grand bassin et son cassoulet.<\/span>\u200b<\/p>\r\n<\/li>\r\n \t<li class=\"\" data-start=\"1848\" data-end=\"1946\">\r\n<p class=\"\" data-start=\"1850\" data-end=\"1946\"><strong data-start=\"1850\" data-end=\"1858\">Bram<\/strong> : <span class=\"relative -mx-px my-[-0.2rem] rounded px-px py-[0.2rem] transition-colors duration-100 ease-in-out\">Ville circulaire typique du Lauragais.<\/span>\u200b<\/p>\r\n<\/li>\r\n \t<li class=\"\" data-start=\"1947\" data-end=\"2052\">\r\n<p class=\"\" data-start=\"1949\" data-end=\"2052\"><a href=\"https:\/\/cparici.com\/carcassonne-cite-medievale\/\"><strong data-start=\"1949\" data-end=\"1964\">Carcassonne<\/strong><\/a> : <span class=\"relative -mx-px my-[-0.2rem] rounded px-px py-[0.2rem] transition-colors duration-100 ease-in-out\">Proche de la c\u00e9l\u00e8bre cit\u00e9 m\u00e9di\u00e9vale.<\/span>\u200b<\/p>\r\n<\/li>\r\n \t<li class=\"\" data-start=\"2053\" data-end=\"2153\">\r\n<p class=\"\" data-start=\"2055\" data-end=\"2153\"><strong data-start=\"2055\" data-end=\"2065\">Tr\u00e8bes<\/strong> : <span class=\"relative -mx-px my-[-0.2rem] rounded px-px py-[0.2rem] transition-colors duration-100 ease-in-out\">Commune avec un port anim\u00e9.<\/span>\u200b<\/p>\r\n<\/li>\r\n \t<li class=\"\" data-start=\"2154\" data-end=\"2253\">\r\n<p class=\"\" data-start=\"2156\" data-end=\"2253\"><strong data-start=\"2156\" data-end=\"2165\">Homps<\/strong> : <span class=\"relative -mx-px my-[-0.2rem] rounded px-px py-[0.2rem] transition-colors duration-100 ease-in-out\">Village viticole avec un port de plaisance.<\/span>\u200b<\/p>\r\n<\/li>\r\n \t<li class=\"\" data-start=\"2254\" data-end=\"2357\">\r\n<p class=\"\" data-start=\"2256\" data-end=\"2357\"><strong data-start=\"2256\" data-end=\"2269\">Le Somail<\/strong> : <span class=\"relative -mx-px my-[-0.2rem] rounded px-px py-[0.2rem] transition-colors duration-100 ease-in-out\">Hameau charmant avec une librairie ancienne.<\/span>\u200b<\/p>\r\n<\/li>\r\n \t<li class=\"\" data-start=\"2358\" data-end=\"2460\">\r\n<p class=\"\" data-start=\"2360\" data-end=\"2460\"><a href=\"https:\/\/cparici.com\/narbonne-plage\/\"><strong data-start=\"2360\" data-end=\"2372\">Narbonne<\/strong><\/a> : <span class=\"relative -mx-px my-[-0.2rem] rounded px-px py-[0.2rem] transition-colors duration-100 ease-in-out\">Travers\u00e9e par le canal de la Robine, branche du canal du Midi.<\/span>\u200b<\/p>\r\n<\/li>\r\n<\/ul>\r\n<h4 class=\"\" data-start=\"2462\" data-end=\"2478\"><strong data-start=\"2467\" data-end=\"2478\">H\u00e9rault<\/strong><\/h4>\r\n<ul data-start=\"2480\" data-end=\"2889\">\r\n \t<li class=\"\" data-start=\"2480\" data-end=\"2583\">\r\n<p class=\"\" data-start=\"2482\" data-end=\"2583\"><strong data-start=\"2482\" data-end=\"2495\">Capestang<\/strong> : <span class=\"relative -mx-px my-[-0.2rem] rounded px-px py-[0.2rem] transition-colors duration-100 ease-in-out\">Village avec un pont m\u00e9di\u00e9val sur le canal.<\/span>\u200b<\/p>\r\n<\/li>\r\n \t<li class=\"\" data-start=\"2584\" data-end=\"2685\">\r\n<p class=\"\" data-start=\"2586\" data-end=\"2685\"><strong data-start=\"2586\" data-end=\"2597\">B\u00e9ziers<\/strong> : <span class=\"relative -mx-px my-[-0.2rem] rounded px-px py-[0.2rem] transition-colors duration-100 ease-in-out\">Connue pour les \u00e9cluses de Fonseranes.<\/span>\u200b<\/p>\r\n<\/li>\r\n \t<li class=\"\" data-start=\"2686\" data-end=\"2784\">\r\n<p class=\"\" data-start=\"2688\" data-end=\"2784\"><strong data-start=\"2688\" data-end=\"2696\">Agde<\/strong> : <span class=\"relative -mx-px my-[-0.2rem] rounded px-px py-[0.2rem] transition-colors duration-100 ease-in-out\">Ville historique avec une \u00e9cluse ronde unique.<\/span>\u200b<\/p>\r\n<\/li>\r\n \t<li class=\"\" data-start=\"2785\" data-end=\"2889\">\r\n<p class=\"\" data-start=\"2787\" data-end=\"2889\"><strong data-start=\"2787\" data-end=\"2801\">Marseillan<\/strong> : <span class=\"relative -mx-px my-[-0.2rem] rounded px-px py-[0.2rem] transition-colors duration-100 ease-in-out\">Terminus du canal, donnant acc\u00e8s \u00e0 l&#8217;\u00e9tang de Thau.<\/span>\u200b<\/p>\r\n<\/li>\r\n<\/ul>\r\n<h4 class=\"\" data-start=\"2891\" data-end=\"2904\"><strong data-start=\"2896\" data-end=\"2904\">Tarn<\/strong><\/h4>\r\n<ul data-start=\"2906\" data-end=\"3106\">\r\n \t<li class=\"\" data-start=\"2906\" data-end=\"3006\">\r\n<p class=\"\" data-start=\"2908\" data-end=\"3006\"><strong data-start=\"2908\" data-end=\"2918\">Sor\u00e8ze<\/strong> : <span class=\"relative -mx-px my-[-0.2rem] rounded px-px py-[0.2rem] transition-colors duration-100 ease-in-out\">Point de d\u00e9part de la rigole de la Montagne Noire.<\/span>\u200b<\/p>\r\n<\/li>\r\n \t<li class=\"\" data-start=\"3007\" data-end=\"3106\">\r\n<p class=\"\" data-start=\"3009\" data-end=\"3106\"><strong data-start=\"3009\" data-end=\"3018\">Revel<\/strong> : <span class=\"relative -mx-px my-[-0.2rem] rounded px-px py-[0.2rem] transition-colors duration-100 ease-in-out\">Ville proche du lac de Saint-Ferr\u00e9ol, r\u00e9servoir alimentant le canal.<\/span><\/p>\r\n<\/li>\r\n<\/ul>\r\n<h2 class=\"\" data-start=\"3339\" data-end=\"3347\">FAQ Canal du Midi<\/h2>\r\n<p class=\"\" data-start=\"3349\" data-end=\"3394\"><strong data-start=\"3349\" data-end=\"3394\">Quelle est la longueur du Canal du Midi ?<\/strong><\/p>\r\n<p class=\"\" data-start=\"3396\" data-end=\"3481\"><span class=\"relative -mx-px my-[-0.2rem] rounded px-px py-[0.2rem] transition-colors duration-100 ease-in-out\">Le canal mesure environ 240 km, reliant Toulouse \u00e0 S\u00e8te.<\/span>\u200b<\/p>\r\n<p class=\"\" data-start=\"3483\" data-end=\"3533\"><strong data-start=\"3483\" data-end=\"3533\">Faut-il un permis pour naviguer sur le canal ?<\/strong><\/p>\r\n<p class=\"\" data-start=\"3535\" data-end=\"3620\"><span class=\"relative -mx-px my-[-0.2rem] rounded px-px py-[0.2rem] transition-colors duration-100 ease-in-out\">Non, de nombreuses p\u00e9niches sont disponibles \u00e0 la location sans permis.<\/span>\u200b<\/p>\r\n<p class=\"\" data-start=\"3622\" data-end=\"3659\"><strong data-start=\"3622\" data-end=\"3659\">Peut-on camper le long du canal ?<\/strong><\/p>\r\n<p class=\"\" data-start=\"3661\" data-end=\"3746\"><span class=\"relative -mx-px my-[-0.2rem] rounded px-px py-[0.2rem] transition-colors duration-100 ease-in-out\">Le camping sauvage est interdit, mais des aires am\u00e9nag\u00e9es sont disponibles \u00e0 proximit\u00e9.<\/span>\u200b<\/p>\r\n<p class=\"\" data-start=\"3748\" data-end=\"3790\"><strong data-start=\"3748\" data-end=\"3790\">Quels sont les sites incontournables ?<\/strong><\/p>\r\n<p class=\"\" data-start=\"3792\" data-end=\"3877\"><span class=\"relative -mx-px my-[-0.2rem] rounded px-px py-[0.2rem] transition-colors duration-100 ease-in-out\">Les \u00e9cluses de Fonserannes, le tunnel du Malpas, Carcassonne et le port de S\u00e8te sont des \u00e9tapes majeures.<\/span>\u200b<\/p>\r\n\r\n<h2 class=\"\" data-start=\"3884\" data-end=\"3902\">Liens utiles<\/h2>\r\n<ul data-start=\"3904\" data-end=\"4101\">\r\n \t<li class=\"\" data-start=\"3904\" data-end=\"3970\">\r\n<p class=\"\" data-start=\"3906\" data-end=\"3970\"><a class=\"\" href=\"https:\/\/www.canal-du-midi.com\/\" target=\"_new\" rel=\"noopener\" data-start=\"3906\" data-end=\"3970\">Site officiel du Canal du Midi<\/a><\/p>\r\n<\/li>\r\n \t<li class=\"\" data-start=\"3972\" data-end=\"4048\">\r\n<p class=\"\" data-start=\"3974\" data-end=\"4048\"><a class=\"\" href=\"https:\/\/www.tourismecanaldumidi.fr\/\" target=\"_new\" rel=\"noopener\" data-start=\"3974\" data-end=\"4048\">Office de Tourisme du Canal du Midi<\/a><\/p>\r\n<\/li>\r\n \t<li class=\"\" data-start=\"4050\" data-end=\"4101\">\r\n<p class=\"\" data-start=\"4052\" data-end=\"4101\"><a class=\"\" href=\"https:\/\/www.vnf.fr\/\" target=\"_new\" rel=\"noopener\" data-start=\"4052\" data-end=\"4101\">Voies Navigables de France<\/a><\/p>\r\n<\/li>\r\n<\/ul>\r\n<p class=\"\" data-start=\"4108\" data-end=\"4273\"><span class=\"relative -mx-px my-[-0.2rem] rounded px-px py-[0.2rem] transition-colors duration-100 ease-in-out\">Le <strong data-start=\"3\" data-end=\"20\">Canal du Midi<\/strong> est une invitation \u00e0 la d\u00e9couverte, m\u00ealant histoire, nature et culture.<\/span> <span class=\"relative -mx-px my-[-0.2rem] rounded px-px py-[0.2rem] transition-colors duration-100 ease-in-out\">Que ce soit en bateau, \u00e0 v\u00e9lo ou \u00e0 pied, chaque voyageur y trouve son bonheur.<\/span> <span class=\"relative -mx-px my-[-0.2rem] rounded px-px py-[0.2rem] transition-colors duration-100 ease-in-out\">Pr\u00e9parez votre escapade et laissez-vous charmer par ce joyau du Sud de la France.<\/span><\/p>\t\t\t\t\t\t\t\t<\/div>\n\t\t\t\t\t<\/div>\n\t\t\t\t<\/div>\n\t\t<div class=\"elementor-element elementor-element-ab15e5d e-flex e-con-boxed e-con e-parent\" data-id=\"ab15e5d\" data-element_type=\"container\" data-e-type=\"container\">\n\t\t\t\t\t<div class=\"e-con-inner\">\n\t\t\t\t<div class=\"elementor-element elementor-element-3a10bce elementor-widget elementor-widget-listeo-posts-grid\" data-id=\"3a10bce\" data-element_type=\"widget\" data-e-type=\"widget\" data-widget_type=\"listeo-posts-grid.default\">\n\t\t\t\t<div class=\"elementor-widget-container\">\n\t\t\t\t\t\t\t\n\t\t<div class=\"listeo-post-grid-wrapper\">\n\t\t\t<div class=\"row\">\n\n\t\t\t\n\n\t\t\t\t\t\t\t<div class=\"col-md-4\">\n                <a href=\"https:\/\/cparici.com\/en\/pont-du-gard\/\" class=\"blog-compact-item-container\">\n                    <div class=\"blog-compact-item\">\n                        <img decoding=\"async\" width=\"577\" height=\"204\" src=\"https:\/\/cparici.com\/wp-content\/uploads\/2024\/08\/pont-du-Gard.jpg\" class=\"attachment-listeo-blog-related-post size-listeo-blog-related-post wp-post-image\" alt=\"pont du Gard - grand site de france\" srcset=\"https:\/\/cparici.com\/wp-content\/uploads\/2024\/08\/pont-du-Gard.jpg 1500w, https:\/\/cparici.com\/wp-content\/uploads\/2024\/08\/pont-du-Gard-600x212.jpg 600w, https:\/\/cparici.com\/wp-content\/uploads\/2024\/08\/pont-du-Gard-300x106.jpg 300w, https:\/\/cparici.com\/wp-content\/uploads\/2024\/08\/pont-du-Gard-1024x362.jpg 1024w, https:\/\/cparici.com\/wp-content\/uploads\/2024\/08\/pont-du-Gard-768x271.jpg 768w\" sizes=\"(max-width: 577px) 100vw, 577px\" \/><span class=\"blog-item-tag\">France<\/span>                        \n                        <div class=\"blog-compact-item-content\">\n                                                        <h3>Pont du Gard &#8211; merveille de l&#8217;ing\u00e9nierie et tr\u00e9sor naturel<\/h3>\n                                                        <p>Comment le pont du Gard a-t-il travers\u00e9 les si\u00e8cles ? Quelles sont les richesses qu'il...                            <\/p>\n                                                    <\/div>\n                    <\/div>\n                <\/a>\n            <\/div>\n\t\t\t<div class=\"col-md-4\">\n                <a href=\"https:\/\/cparici.com\/en\/gard-departement\/\" class=\"blog-compact-item-container\">\n                    <div class=\"blog-compact-item\">\n                        <img decoding=\"async\" width=\"577\" height=\"204\" src=\"https:\/\/cparici.com\/wp-content\/uploads\/2024\/09\/Gard-departement.jpg\" class=\"attachment-listeo-blog-related-post size-listeo-blog-related-post wp-post-image\" alt=\"Gard - d\u00e9partement\" srcset=\"https:\/\/cparici.com\/wp-content\/uploads\/2024\/09\/Gard-departement.jpg 1500w, https:\/\/cparici.com\/wp-content\/uploads\/2024\/09\/Gard-departement-600x212.jpg 600w, https:\/\/cparici.com\/wp-content\/uploads\/2024\/09\/Gard-departement-300x106.jpg 300w, https:\/\/cparici.com\/wp-content\/uploads\/2024\/09\/Gard-departement-1024x362.jpg 1024w, https:\/\/cparici.com\/wp-content\/uploads\/2024\/09\/Gard-departement-768x271.jpg 768w\" sizes=\"(max-width: 577px) 100vw, 577px\" \/><span class=\"blog-item-tag\">D\u00e9partement de France<\/span>                        \n                        <div class=\"blog-compact-item-content\">\n                                                        <h3>Gard &#8211; un patrimoine exceptionnel<\/h3>\n                                                        <p>Voyagez dans le Gard et d\u00e9couvrez un patrimoine historique unique, un tourisme dynamique et une...                            <\/p>\n                                                    <\/div>\n                    <\/div>\n                <\/a>\n            <\/div>\n\t\t\t<div class=\"col-md-4\">\n                <a href=\"https:\/\/cparici.com\/en\/tourouzelle-tresor-cache-du-minervois\/\" class=\"blog-compact-item-container\">\n                    <div class=\"blog-compact-item\">\n                        <img decoding=\"async\" width=\"577\" height=\"204\" src=\"https:\/\/cparici.com\/wp-content\/uploads\/2025\/04\/cparici-2025-04-13T152009.609-577x204.jpg\" class=\"attachment-listeo-blog-related-post size-listeo-blog-related-post wp-post-image\" alt=\"Tourouzelle\" srcset=\"https:\/\/cparici.com\/wp-content\/uploads\/2025\/04\/cparici-2025-04-13T152009.609-577x204.jpg 577w, https:\/\/cparici.com\/wp-content\/uploads\/2025\/04\/cparici-2025-04-13T152009.609-300x106.jpg 300w, https:\/\/cparici.com\/wp-content\/uploads\/2025\/04\/cparici-2025-04-13T152009.609-1024x362.jpg 1024w, https:\/\/cparici.com\/wp-content\/uploads\/2025\/04\/cparici-2025-04-13T152009.609-768x271.jpg 768w, https:\/\/cparici.com\/wp-content\/uploads\/2025\/04\/cparici-2025-04-13T152009.609-18x6.jpg 18w, https:\/\/cparici.com\/wp-content\/uploads\/2025\/04\/cparici-2025-04-13T152009.609-590x208.jpg 590w, https:\/\/cparici.com\/wp-content\/uploads\/2025\/04\/cparici-2025-04-13T152009.609-1200x424.jpg 1200w, https:\/\/cparici.com\/wp-content\/uploads\/2025\/04\/cparici-2025-04-13T152009.609-600x212.jpg 600w, https:\/\/cparici.com\/wp-content\/uploads\/2025\/04\/cparici-2025-04-13T152009.609.jpg 1500w\" sizes=\"(max-width: 577px) 100vw, 577px\" \/><span class=\"blog-item-tag\">Aude<\/span>                        \n                        <div class=\"blog-compact-item-content\">\n                                                        <h3>Tourouzelle : Tr\u00e9sor cach\u00e9 du Minervois<\/h3>\n                                                        <p>Recherches populaires Categories Pas de r\u00e9sultats Voir tous les r\u00e9sultats Tourouzelle : Tr\u00e9sor cach\u00e9 du...                            <\/p>\n                                                    <\/div>\n                    <\/div>\n                <\/a>\n            <\/div>\n  <\/div>\n        <\/div>\n        \t\t\t\t<\/div>\n\t\t\t\t<\/div>\n\t\t\t\t\t<\/div>\n\t\t\t\t<\/div>\n\t\t\t\t<\/div>\n\t\t","protected":false},"excerpt":{"rendered":"<p>Recherches populaires Categories Pas de r\u00e9sultats Voir tous les r\u00e9sultats Le Canal du Midi Le Canal du Midi est l&#8217;une des merveilles du g\u00e9nie civil fran\u00e7ais, class\u00e9 au patrimoine mondial de l&#8217;UNESCO depuis 1996. S&#8217;\u00e9tendant sur 240 km, il relie Toulouse \u00e0 la mer M\u00e9diterran\u00e9e \u00e0 S\u00e8te. Aujourd&#8217;hui, il est pris\u00e9 pour les croisi\u00e8res fluviales, [&hellip;]<\/p>\n","protected":false},"author":97,"featured_media":64537,"comment_status":"closed","ping_status":"closed","sticky":false,"template":"elementor_header_footer","format":"standard","meta":{"ngg_post_thumbnail":0,"footnotes":""},"categories":[1386,477,1339,1483,1165,2708],"tags":[],"class_list":["post-64535","post","type-post","status-publish","format-standard","has-post-thumbnail","hentry","category-aude","category-france","category-haute-garonne","category-herault","category-occitanie","category-patrimoine-mondial-de-lunesco"],"_links":{"self":[{"href":"https:\/\/cparici.com\/en\/wp-json\/wp\/v2\/posts\/64535","targetHints":{"allow":["GET"]}}],"collection":[{"href":"https:\/\/cparici.com\/en\/wp-json\/wp\/v2\/posts"}],"about":[{"href":"https:\/\/cparici.com\/en\/wp-json\/wp\/v2\/types\/post"}],"author":[{"embeddable":true,"href":"https:\/\/cparici.com\/en\/wp-json\/wp\/v2\/users\/97"}],"replies":[{"embeddable":true,"href":"https:\/\/cparici.com\/en\/wp-json\/wp\/v2\/comments?post=64535"}],"version-history":[{"count":0,"href":"https:\/\/cparici.com\/en\/wp-json\/wp\/v2\/posts\/64535\/revisions"}],"wp:featuredmedia":[{"embeddable":true,"href":"https:\/\/cparici.com\/en\/wp-json\/wp\/v2\/media\/64537"}],"wp:attachment":[{"href":"https:\/\/cparici.com\/en\/wp-json\/wp\/v2\/media?parent=64535"}],"wp:term":[{"taxonomy":"category","embeddable":true,"href":"https:\/\/cparici.com\/en\/wp-json\/wp\/v2\/categories?post=64535"},{"taxonomy":"post_tag","embeddable":true,"href":"https:\/\/cparici.com\/en\/wp-json\/wp\/v2\/tags?post=64535"}],"curies":[{"name":"wp","href":"https:\/\/api.w.org\/{rel}","templated":true}]}}