{"id":67382,"date":"2025-07-10T09:27:54","date_gmt":"2025-07-10T07:27:54","guid":{"rendered":"https:\/\/cparici.com\/?p=67382"},"modified":"2026-04-26T20:26:51","modified_gmt":"2026-04-26T18:26:51","slug":"guemene-sur-scorff","status":"publish","type":"post","link":"https:\/\/cparici.com\/en\/guemene-sur-scorff\/","title":{"rendered":"Gu\u00e9m\u00e9n\u00e9-sur-Scorff"},"content":{"rendered":"\t\t<div data-elementor-type=\"wp-post\" data-elementor-id=\"67382\" class=\"elementor elementor-67382\" data-elementor-post-type=\"post\">\n\t\t\t\t<div class=\"elementor-element elementor-element-d200b33 e-con-full e-flex e-con e-parent\" data-id=\"d200b33\" data-element_type=\"container\" data-e-type=\"container\">\n\t\t\t\t<div class=\"elementor-element elementor-element-4a3208d elementor-widget elementor-widget-image\" data-id=\"4a3208d\" data-element_type=\"widget\" data-e-type=\"widget\" data-widget_type=\"image.default\">\n\t\t\t\t\t\t\t\t\t\t\t\t\t\t\t<img decoding=\"async\" width=\"1550\" height=\"658\" src=\"https:\/\/cparici.com\/wp-content\/uploads\/2025\/07\/Guenene-sur-Scorff-plan-google-map.jpg\" class=\"attachment-full size-full wp-image-67461\" alt=\"Gu\u00e9n\u00e9n\u00e9-sur-Scorff\" srcset=\"https:\/\/cparici.com\/wp-content\/uploads\/2025\/07\/Guenene-sur-Scorff-plan-google-map.jpg 1550w, https:\/\/cparici.com\/wp-content\/uploads\/2025\/07\/Guenene-sur-Scorff-plan-google-map-300x127.jpg 300w, https:\/\/cparici.com\/wp-content\/uploads\/2025\/07\/Guenene-sur-Scorff-plan-google-map-1024x435.jpg 1024w, https:\/\/cparici.com\/wp-content\/uploads\/2025\/07\/Guenene-sur-Scorff-plan-google-map-768x326.jpg 768w, https:\/\/cparici.com\/wp-content\/uploads\/2025\/07\/Guenene-sur-Scorff-plan-google-map-1536x652.jpg 1536w, https:\/\/cparici.com\/wp-content\/uploads\/2025\/07\/Guenene-sur-Scorff-plan-google-map-18x8.jpg 18w, https:\/\/cparici.com\/wp-content\/uploads\/2025\/07\/Guenene-sur-Scorff-plan-google-map-590x250.jpg 590w, https:\/\/cparici.com\/wp-content\/uploads\/2025\/07\/Guenene-sur-Scorff-plan-google-map-1200x509.jpg 1200w, https:\/\/cparici.com\/wp-content\/uploads\/2025\/07\/Guenene-sur-Scorff-plan-google-map-577x245.jpg 577w, https:\/\/cparici.com\/wp-content\/uploads\/2025\/07\/Guenene-sur-Scorff-plan-google-map-600x255.jpg 600w\" sizes=\"(max-width: 1550px) 100vw, 1550px\" \/>\t\t\t\t\t\t\t\t\t\t\t\t\t\t\t<\/div>\n\t\t\t\t<\/div>\n\t\t<aside class=\"elementor-element elementor-element-8d63eef e-flex e-con-boxed e-con e-parent\" data-id=\"8d63eef\" data-element_type=\"container\" data-e-type=\"container\">\n\t\t\t\t\t<div class=\"e-con-inner\">\n\t\t\t\t<div class=\"elementor-element elementor-element-cec7ce0 elementor-widget elementor-widget-global elementor-global-62046 elementor-widget-eael-advanced-search\" data-id=\"cec7ce0\" data-element_type=\"widget\" data-e-type=\"widget\" data-widget_type=\"eael-advanced-search.default\">\n\t\t\t\t\t        <div class=\"eael-adv-search-wrapper\">\n            <div id=\"eael-advanced-search-widget-cec7ce0\" class=\"eael-advanced-search-widget\">\n                <form data-settings=\"{&quot;post_per_page&quot;:5,&quot;search_among_taxonomies&quot;:&quot;&quot;,&quot;search_among_sku&quot;:&quot;no&quot;,&quot;show_popular_keyword&quot;:0,&quot;show_category&quot;:0,&quot;show_content_image&quot;:1,&quot;show_search_result_all_results&quot;:0,&quot;result_on_new_tab&quot;:&quot;no&quot;,&quot;show_product_price&quot;:&quot;no&quot;,&quot;include_current_page&quot;:&quot;no&quot;,&quot;current_post_id&quot;:67382,&quot;post_type&quot;:[&quot;post&quot;,&quot;listing&quot;]}\" method=\"POST\" name=\"eael-advanced-search-form-cec7ce0\" class=\"eael-advanced-search-form eael-advanced-search-form-style-2\">\n                    <div class=\"eael-advanced-search-wrap\">\n                        <span class=\"eael-adv-search-loader\"><\/span>\n                        <span class=\"eael-adv-search-close\"><i class=\"fas fa-times\"><\/i><\/span>\n                        <span class=\"icon \"><i class=\"fas fa-search\"><\/i><\/span>\n\n                        <input type=\"text\"\n                               placeholder=\"Votre destination\"\n                               class=\"eael-advanced-search\" autocomplete=\"off\" name=\"eael_advanced_search\">\n                    <\/div>\n\t\t\t\t\t                                    <\/form>\n\n\t\t\t\t\n\t\t\t\t        <div class=\"eael-advanced-search-result\">\n            <div class=\"eael-advanced-search-popular-keyword\">\n\t\t\t\t<h4 class=\"eael-advanced-search-popular-keyword-text\">Recherches populaires<\/h4>                <div class=\"eael-popular-keyword-content\"><\/div>\n            <\/div>\n            <div class=\"eael-advanced-search-category\">\n\t\t\t\t<h4 class=\"eael-advanced-search-category-text\">Categories<\/h4>                <div class=\"eael-popular-category-content\"><\/div>\n            <\/div>\n\t\t\t<div class=\"eael-advanced-search-total-results-section\">\n\t\t\t\t\t\t\t<\/div>\n            <div class=\"eael-advanced-search-content eael-item-style-3\">\n            <\/div>\n            <div class=\"eael-advanced-search-not-found\">\n                <p>Pas de r\u00e9sultats<\/p><\/div>\n            <div class=\"eael-advanced-search-load-more\">\n\t\t\t\t<a \tclass=\"eael-advanced-search-load-more-button\"\n                \thref=\"#\">Voir tous les r\u00e9sultats<\/a>\n            <\/div>\n        <\/div>\n\n\t\t            <\/div>\n        <\/div>\n\n\t\t\t\t\t\t<\/div>\n\t\t\t\t\t<\/div>\n\t\t\t\t<\/aside>\n\t\t<div class=\"elementor-element elementor-element-16d0dfc0 e-flex e-con-boxed e-con e-parent\" data-id=\"16d0dfc0\" data-element_type=\"container\" data-e-type=\"container\">\n\t\t\t\t\t<div class=\"e-con-inner\">\n\t\t\t\t<div class=\"elementor-element elementor-element-6459d4ed elementor-widget elementor-widget-text-editor\" data-id=\"6459d4ed\" data-element_type=\"widget\" data-e-type=\"widget\" data-widget_type=\"text-editor.default\">\n\t\t\t\t\t\t\t\t\t<h1 style=\"text-align: center;\" data-start=\"1849\" data-end=\"1865\"><span class=\"relative -mx-px my-[-0.2rem] rounded px-px py-[0.2rem] transition-colors duration-100 ease-in-out\"><strong data-start=\"10\" data-end=\"32\">Gu\u00e9men\u00e9-sur-Scorff<\/strong><\/span><\/h1><p data-start=\"1867\" data-end=\"1906\"><span class=\"relative -mx-px my-[-0.2rem] rounded px-px py-[0.2rem] transition-colors duration-100 ease-in-out\">D\u00e9couvrez <strong data-start=\"10\" data-end=\"32\">Gu\u00e9men\u00e9-sur-Scorff<\/strong>, charmante cit\u00e9 m\u00e9di\u00e9vale au c\u0153ur du <a href=\"https:\/\/cparici.com\/visiter-le-morbihan-guide-des-sites-et-activites-a-ne-pas-manquer\/\">Morbihan<\/a>, et plongez dans son patrimoine exceptionnel. Situ\u00e9e dans le centre <a href=\"https:\/\/cparici.com\/visiter-la-bretagne-guide-des-sites-et-villes-a-explorer\/\">bretagne<\/a>, cette perle bretonne vous invite \u00e0 explorer ses ruelles, vestiges historiques et sp\u00e9cialit\u00e9s locales.<\/span><\/p><h2 data-start=\"1908\" data-end=\"1945\">Origines historiques et toponymie<\/h2><p data-start=\"1947\" data-end=\"2108\"><span class=\"relative -mx-px my-[-0.2rem] rounded px-px py-[0.2rem] transition-colors duration-100 ease-in-out\">Le nom <strong data-start=\"7\" data-end=\"29\">Gu\u00e9men\u00e9-sur-Scorff<\/strong> vient de Kemenet-Gu\u00e9gant, fief fond\u00e9 par le seigneur Gu\u00e9gant vers 1050. Ce nom \u00e9volua naturellement en Gu\u00e9men\u00e9 \u00e0 cause de r\u00e8gles linguistiques bretonnes<\/span>. <span class=\"relative -mx-px my-[-0.2rem] rounded px-px py-[0.2rem] transition-colors duration-100 ease-in-out\">Au XVe si\u00e8cle, la cit\u00e9 se d\u00e9veloppe autour d\u2019une motte castrale et, en 1570, elle est \u00e9lev\u00e9e au rang de principaut\u00e9 sous les Rohan\u2011Gu\u00e9men\u00e9<\/span>.<\/p><h3 data-start=\"2110\" data-end=\"2147\">Patrimoine architectural m\u00e9di\u00e9val \u00e0 <strong data-start=\"4970\" data-end=\"4992\">Gu\u00e9men\u00e9-sur-Scorff<\/strong><\/h3><p data-start=\"2149\" data-end=\"2595\"><strong data-start=\"2149\" data-end=\"2171\">Gu\u00e9men\u00e9-sur-Scorff<\/strong> offre un vrai voyage dans le temps. Laissez-vous surprendre par la <strong data-start=\"2239\" data-end=\"2260\">tour de la Prison<\/strong>, la <strong data-start=\"2265\" data-end=\"2283\">porterie Rohan<\/strong>, les remparts, ainsi que les fameux \u201cBains de la Reine\u201d \u2013 vestiges d\u2019un thermes m\u00e9di\u00e9val transform\u00e9 en mus\u00e9e . <span class=\"relative -mx-px my-[-0.2rem] rounded px-px py-[0.2rem] transition-colors duration-100 ease-in-out\">Promenez-vous entre les maisons \u00e0 colombages datant du XVe si\u00e8cle, les halles originelles (1634) et les lavoirs<\/span>. <span class=\"relative -mx-px my-[-0.2rem] rounded px-px py-[0.2rem] transition-colors duration-100 ease-in-out\">L\u2019\u00e9glise Notre\u2011Dame\u2011de\u2011la\u2011Fosse impressionne par l\u2019absence de clocher traditionnel et son clocher\u2011campanile<\/span>.<\/p><h3 data-start=\"2597\" data-end=\"2637\">Vie culturelle et traditions locales<\/h3><p data-start=\"2639\" data-end=\"2881\"><span class=\"relative -mx-px my-[-0.2rem] rounded px-px py-[0.2rem] transition-colors duration-100 ease-in-out\">Labellis\u00e9e <strong data-start=\"11\" data-end=\"40\">Petite Cit\u00e9 de Caract\u00e8re<\/strong>, la ville a su conserver son \u00e2me m\u00e9di\u00e9vale entre vallons et Scorff<\/span>. <span class=\"relative -mx-px my-[-0.2rem] rounded px-px py-[0.2rem] transition-colors duration-100 ease-in-out\">Le breton vannetais est encore entendu, et la commune soutient activement la langue via Ya d\u2019ar brezhoneg<\/span>. <span class=\"relative -mx-px my-[-0.2rem] rounded px-px py-[0.2rem] transition-colors duration-100 ease-in-out\">Lieux d\u2019inspiration, f\u00eates druidiques et r\u00e9f\u00e9rences litt\u00e9raires (Aragon\u2026) t\u00e9moignent de son rayonnement culturel.<\/span><\/p><p data-start=\"5211\" data-end=\"5313\">\u00a0<\/p>\t\t\t\t\t\t\t\t<\/div>\n\t\t\t\t\t<\/div>\n\t\t\t\t<\/div>\n\t\t<aside class=\"elementor-element elementor-element-53df97c e-flex e-con-boxed e-con e-parent\" data-id=\"53df97c\" data-element_type=\"container\" data-e-type=\"container\" data-settings=\"{&quot;background_background&quot;:&quot;classic&quot;}\">\n\t\t\t\t\t<div class=\"e-con-inner\">\n\t\t\t\t<div class=\"elementor-element elementor-element-16daf6da elementor-widget elementor-widget-spacer\" data-id=\"16daf6da\" data-element_type=\"widget\" data-e-type=\"widget\" data-widget_type=\"spacer.default\">\n\t\t\t\t\t\t\t<div class=\"elementor-spacer\">\n\t\t\t<div class=\"elementor-spacer-inner\"><\/div>\n\t\t<\/div>\n\t\t\t\t\t\t<\/div>\n\t\t\t\t<div class=\"elementor-element elementor-element-425ed7dc elementor-widget elementor-widget-heading\" data-id=\"425ed7dc\" data-element_type=\"widget\" data-e-type=\"widget\" data-widget_type=\"heading.default\">\n\t\t\t\t\t<p class=\"elementor-heading-title elementor-size-default\">H\u00e9bergements de Vacances en direct<\/p>\t\t\t\t<\/div>\n\t\t\t\t<div class=\"elementor-element elementor-element-24b9f03b elementor-widget elementor-widget-listeo-listings-carousel\" data-id=\"24b9f03b\" data-element_type=\"widget\" data-e-type=\"widget\" data-widget_type=\"listeo-listings-carousel.default\">\n\t\t\t\t<div class=\"elementor-widget-container\">\n\t\t\t\t\t        <!-- Carousel \/ Start -->\n        \t<div class=\"simple-slick-carousel dots-nav\" data-slick='{&quot;autoplay&quot;:true,&quot;autoplaySpeed&quot;:3000,&quot;slidesToShow&quot;:3,&quot;slidesToScroll&quot;:1,&quot;responsive&quot;:[{&quot;breakpoint&quot;:1024,&quot;settings&quot;:{&quot;slidesToShow&quot;:2,&quot;slidesToScroll&quot;:1}},{&quot;breakpoint&quot;:768,&quot;settings&quot;:{&quot;slidesToShow&quot;:1,&quot;slidesToScroll&quot;:1}}]}'>\n                <\/div>\n        \t\t\t\t<\/div>\n\t\t\t\t<\/div>\n\t\t\t\t\t<\/div>\n\t\t\t\t<\/aside>\n\t\t<div class=\"elementor-element elementor-element-d39c21b e-flex e-con-boxed e-con e-parent\" data-id=\"d39c21b\" data-element_type=\"container\" data-e-type=\"container\">\n\t\t\t\t\t<div class=\"e-con-inner\">\n\t\t\t\t<div class=\"elementor-element elementor-element-f399551 elementor-widget elementor-widget-text-editor\" data-id=\"f399551\" data-element_type=\"widget\" data-e-type=\"widget\" data-widget_type=\"text-editor.default\">\n\t\t\t\t\t\t\t\t\t<h2 data-start=\"1849\" data-end=\"1865\"><span style=\"font-size: 34px; text-align: start;\">Gastronomie : l\u2019andouille de Gu\u00e9men\u00e9<\/span><\/h2><p data-start=\"2925\" data-end=\"3086\"><span class=\"relative -mx-px my-[-0.2rem] rounded px-px py-[0.2rem] transition-colors duration-100 ease-in-out\">Gu\u00e9men\u00e9 est connue pour son <strong data-start=\"28\" data-end=\"41\">andouille<\/strong>, r\u00e9alis\u00e9e selon une m\u00e9thode d\u2019enfilage traditionnelle, d\u00e9fendue par une confr\u00e9rie locale<\/span>. <span class=\"relative -mx-px my-[-0.2rem] rounded px-px py-[0.2rem] transition-colors duration-100 ease-in-out\">Deux artisans perp\u00e9tuent la tradition. La commune organise chaque ann\u00e9e (sauf exceptions r\u00e9centes) une <strong data-start=\"103\" data-end=\"126\">F\u00eate de l\u2019Andouille<\/strong> rassemblant jusqu\u2019\u00e0 plusieurs milliers de visiteurs<\/span>.<\/p><p data-start=\"89\" data-end=\"242\"><span class=\"relative -mx-px my-[-0.2rem] rounded px-px py-[0.2rem] transition-colors duration-100 ease-in-out\">L\u2019<strong data-start=\"2\" data-end=\"37\">andouille de Gu\u00e9men\u00e9\u2011sur\u2011Scorff<\/strong> est une charcuterie embl\u00e9matique de Bretagne, fabriqu\u00e9e selon un savoir-faire ancestral. Elle se compose de <strong data-start=\"146\" data-end=\"174\">chaudins de porc enfil\u00e9s<\/strong> en cercles concentriques, fum\u00e9s au bois de h\u00eatre, puis cuits \u00e0 l\u2019eau pendant plusieurs heures. R\u00e9sultat : une andouille noire, longue de pr\u00e8s de 60\u202fcm, avec un go\u00fbt fum\u00e9 p\u00e9n\u00e9trant et une texture ferme<\/span>. <span class=\"relative -mx-px my-[-0.2rem] rounded px-px py-[0.2rem] transition-colors duration-100 ease-in-out\">En 2017, la d\u00e9nomination <strong data-start=\"25\" data-end=\"61\">\u201cAndouille de Gu\u00e9men\u00e9 Tradition\u201d<\/strong> a \u00e9t\u00e9 introduite pour garantir le caract\u00e8re artisanal face \u00e0 une production industrielle<\/span>.<\/p><p data-start=\"244\" data-end=\"320\"><span class=\"relative -mx-px my-[-0.2rem] rounded px-px py-[0.2rem] transition-colors duration-100 ease-in-out\">Reconnaissance r\u00e9cente : en avril 2025, la sp\u00e9cialit\u00e9 a re\u00e7u le prestigieux label <strong data-start=\"82\" data-end=\"110\">Site Remarquable du Go\u00fbt<\/strong>, saluant son authenticit\u00e9 et son enracinement dans le terroir local<\/span>.<\/p><figure id=\"attachment_67459\" aria-describedby=\"caption-attachment-67459\" style=\"width: 1024px\" class=\"wp-caption aligncenter\"><a href=\"https:\/\/cparici.com\/wp-content\/uploads\/2025\/07\/cparici-31.jpg\"><img decoding=\"async\" class=\"wp-image-67459 size-large\" src=\"https:\/\/cparici.com\/wp-content\/uploads\/2025\/07\/cparici-31-1024x362.jpg\" alt=\"Gu\u00e9m\u00e9n\u00e9-sur-Scorff\" width=\"1024\" height=\"362\" srcset=\"https:\/\/cparici.com\/wp-content\/uploads\/2025\/07\/cparici-31-1024x362.jpg 1024w, https:\/\/cparici.com\/wp-content\/uploads\/2025\/07\/cparici-31-300x106.jpg 300w, https:\/\/cparici.com\/wp-content\/uploads\/2025\/07\/cparici-31-768x271.jpg 768w, https:\/\/cparici.com\/wp-content\/uploads\/2025\/07\/cparici-31-18x6.jpg 18w, https:\/\/cparici.com\/wp-content\/uploads\/2025\/07\/cparici-31-590x208.jpg 590w, https:\/\/cparici.com\/wp-content\/uploads\/2025\/07\/cparici-31-1200x424.jpg 1200w, https:\/\/cparici.com\/wp-content\/uploads\/2025\/07\/cparici-31-577x204.jpg 577w, https:\/\/cparici.com\/wp-content\/uploads\/2025\/07\/cparici-31-600x212.jpg 600w, https:\/\/cparici.com\/wp-content\/uploads\/2025\/07\/cparici-31.jpg 1500w\" sizes=\"(max-width: 1024px) 100vw, 1024px\" \/><\/a><figcaption id=\"caption-attachment-67459\" class=\"wp-caption-text\">Gu\u00e9m\u00e9n\u00e9-sur-Scorff<\/figcaption><\/figure><h2 data-start=\"327\" data-end=\"348\">Artisans locaux de <strong data-start=\"4970\" data-end=\"4992\">Gu\u00e9men\u00e9-sur-Scorff<\/strong><\/h2><h3 data-start=\"350\" data-end=\"399\">Maison de l\u2019Andouille (famille Rivalan\u2011Quidu)<\/h3><ul data-start=\"401\" data-end=\"643\"><li data-start=\"401\" data-end=\"479\"><p data-start=\"403\" data-end=\"479\"><span class=\"relative -mx-px my-[-0.2rem] rounded px-px py-[0.2rem] transition-colors duration-100 ease-in-out\"><strong data-start=\"0\" data-end=\"15\" data-is-only-node=\"\">Depuis 1931<\/strong>, quatre g\u00e9n\u00e9rations perp\u00e9tuent une fabrication enti\u00e8rement <strong data-start=\"75\" data-end=\"87\">manuelle<\/strong>, du salage au s\u00e9chage en passant par le fumage au feu de bois de h\u00eatre.<\/span><\/p><\/li><li data-start=\"480\" data-end=\"560\"><p data-start=\"482\" data-end=\"560\"><span class=\"relative -mx-px my-[-0.2rem] rounded px-px py-[0.2rem] transition-colors duration-100 ease-in-out\">Propose deux formats : <strong data-start=\"23\" data-end=\"46\">andouille \u201cnormale\u201d<\/strong> (2\u20133 semaines de s\u00e9chage) et <strong data-start=\"76\" data-end=\"102\">andouille \u201ctr\u00e8s s\u00e8che\u201d<\/strong> (9 mois), id\u00e9ale en ap\u00e9ritif<\/span>.<\/p><\/li><li data-start=\"561\" data-end=\"643\"><p data-start=\"563\" data-end=\"643\"><span class=\"relative -mx-px my-[-0.2rem] rounded px-px py-[0.2rem] transition-colors duration-100 ease-in-out\">Boutique ouverte toute l\u2019ann\u00e9e, avec d\u00e9gustations sur place<\/span><\/p><\/li><\/ul><h3 data-start=\"645\" data-end=\"664\">Maison Levesque<\/h3><ul data-start=\"666\" data-end=\"831\"><li data-start=\"666\" data-end=\"748\"><p data-start=\"668\" data-end=\"748\"><span class=\"relative -mx-px my-[-0.2rem] rounded px-px py-[0.2rem] transition-colors duration-100 ease-in-out\">Charcutier\u2011traiteur qui int\u00e8gre la <strong data-start=\"35\" data-end=\"77\">Confr\u00e9rie des Goustiers de l\u2019Andouille<\/strong>, garantissant la tradition et la promotion du produit.<\/span><\/p><\/li><li data-start=\"749\" data-end=\"831\"><p data-start=\"751\" data-end=\"831\"><span class=\"relative -mx-px my-[-0.2rem] rounded px-px py-[0.2rem] transition-colors duration-100 ease-in-out\">M\u00e9thode artisanale : chaudins sal\u00e9s, fumage au bois, s\u00e9chage et cuisson lente<\/span><\/p><\/li><\/ul><h3 data-start=\"833\" data-end=\"856\">Atelier de l\u2019Argoat<\/h3><ul data-start=\"858\" data-end=\"940\"><li data-start=\"858\" data-end=\"940\"><p data-start=\"860\" data-end=\"940\"><span class=\"relative -mx-px my-[-0.2rem] rounded px-px py-[0.2rem] transition-colors duration-100 ease-in-out\">Propose \u00e9galement une <strong data-start=\"22\" data-end=\"59\">Andouille de Gu\u00e9men\u00e9 \u00e0 l\u2019Ancienne<\/strong>, enti\u00e8rement faite \u00e0 la main et fum\u00e9e au bois de h\u00eatre<\/span><\/p><\/li><\/ul><h2 data-start=\"947\" data-end=\"976\">Restaurants \u00e0 d\u00e9couvrir \u00e0 <strong data-start=\"4970\" data-end=\"4992\">Gu\u00e9men\u00e9-sur-Scorff<\/strong><\/h2><p data-start=\"978\" data-end=\"1017\"><span class=\"relative -mx-px my-[-0.2rem] rounded px-px py-[0.2rem] transition-colors duration-100 ease-in-out\">Gu\u00e9men\u00e9\u2011sur\u2011Scorff offre plusieurs \u00e9tablissements o\u00f9 l\u2019andouille est \u00e0 l\u2019honneur, souvent servie en plats traditionnels :<\/span><\/p><h3 data-start=\"1019\" data-end=\"1045\">Le 1931, Chez Thomas<\/h3><ul data-start=\"1046\" data-end=\"1213\"><li data-start=\"1046\" data-end=\"1130\"><p data-start=\"1048\" data-end=\"1130\"><span class=\"relative -mx-px my-[-0.2rem] rounded px-px py-[0.2rem] transition-colors duration-100 ease-in-out\">Restaurant cr\u00e9\u00e9 par Thomas Rivalan (familial), sp\u00e9cialis\u00e9 dans l\u2019andouille en version <strong data-start=\"86\" data-end=\"111\">\u201chachi parmandouille\u201d<\/strong>, andouille-pur\u00e9e, etc<\/span>.<\/p><\/li><li data-start=\"1131\" data-end=\"1213\"><p data-start=\"1133\" data-end=\"1213\"><span class=\"relative -mx-px my-[-0.2rem] rounded px-px py-[0.2rem] transition-colors duration-100 ease-in-out\">Ambiance chaleureuse, menu vari\u00e9 (v\u00e9g\u00e9tarien aussi), ouvert du mercredi au dimanche, r\u00e9servation conseill\u00e9e<\/span> .<\/p><\/li><\/ul><h3 data-start=\"1215\" data-end=\"1240\">Les Trois Marchands<\/h3><ul data-start=\"1241\" data-end=\"1363\"><li data-start=\"1241\" data-end=\"1363\"><p data-start=\"1243\" data-end=\"1363\"><span class=\"relative -mx-px my-[-0.2rem] rounded px-px py-[0.2rem] transition-colors duration-100 ease-in-out\">Auberge historique (1658) situ\u00e9e rue \u00c9mile Maz\u00e9, propose <strong data-start=\"57\" data-end=\"76\">andouille-pur\u00e9e<\/strong> sur r\u00e9servation<\/span>. <span class=\"relative -mx-px my-[-0.2rem] rounded px-px py-[0.2rem] transition-colors duration-100 ease-in-out\">Cuisine traditionnelle, options v\u00e9g\u00e9tariennes et sans gluten.<\/span><\/p><\/li><\/ul><h3 data-start=\"1365\" data-end=\"1389\">Cr\u00eaperie des Rohan<\/h3><ul data-start=\"1390\" data-end=\"1472\"><li data-start=\"1390\" data-end=\"1472\"><p data-start=\"1392\" data-end=\"1472\"><span class=\"relative -mx-px my-[-0.2rem] rounded px-px py-[0.2rem] transition-colors duration-100 ease-in-out\">Cr\u00eaperie locale tr\u00e8s bien not\u00e9e (4,6), servie avec andouille en garniture, appr\u00e9ci\u00e9e des amateurs<\/span> .<\/p><\/li><\/ul><h3 data-start=\"1474\" data-end=\"1497\">Aux Sabots Rouges<\/h3><ul data-start=\"1498\" data-end=\"1580\"><li data-start=\"1498\" data-end=\"1580\"><p data-start=\"1500\" data-end=\"1580\"><span class=\"relative -mx-px my-[-0.2rem] rounded px-px py-[0.2rem] transition-colors duration-100 ease-in-out\">Pub-restaurant ax\u00e9 sur les produits locaux et fruits de mer, propose et met en valeur l\u2019andouille<\/span>.<\/p><\/li><\/ul><h3 data-start=\"1582\" data-end=\"1619\">Le Bistrot de Louisa & d\u2019autres<\/h3><ul data-start=\"1620\" data-end=\"1702\"><li data-start=\"1620\" data-end=\"1702\"><p data-start=\"1622\" data-end=\"1702\"><span class=\"relative -mx-px my-[-0.2rem] rounded px-px py-[0.2rem] transition-colors duration-100 ease-in-out\">Lieux accueillants o\u00f9 l\u2019andouille est r\u00e9guli\u00e8rement \u00e0 la carte, selon les saisons<\/span> .<\/p><\/li><\/ul><h2 data-start=\"1709\" data-end=\"1745\">Pourquoi visiter et d\u00e9guster\u202f?<\/h2><ol data-start=\"1747\" data-end=\"1961\"><li data-start=\"1747\" data-end=\"1832\"><p data-start=\"1750\" data-end=\"1832\"><span class=\"relative -mx-px my-[-0.2rem] rounded px-px py-[0.2rem] transition-colors duration-100 ease-in-out\"><strong data-start=\"0\" data-end=\"16\" data-is-only-node=\"\">Authenticit\u00e9<\/strong> : chaque artisan perp\u00e9tue une m\u00e9thode manuelle, du chaudin \u00e0 la cuisson, respectant des traditions centenaires<\/span>.<\/p><\/li><li data-start=\"1833\" data-end=\"1877\"><p data-start=\"1836\" data-end=\"1877\"><span class=\"relative -mx-px my-[-0.2rem] rounded px-px py-[0.2rem] transition-colors duration-100 ease-in-out\"><strong data-start=\"0\" data-end=\"21\" data-is-only-node=\"\">Vari\u00e9t\u00e9 gustative<\/strong> : d\u00e9gustez d\u2019une andouille humide \u00e0 une version tr\u00e8s s\u00e8che (9 mois), ou en plats chauds (hachis, pur\u00e9e, cr\u00eapes).<\/span><\/p><\/li><li data-start=\"1878\" data-end=\"1961\"><p data-start=\"1881\" data-end=\"1961\"><span class=\"relative -mx-px my-[-0.2rem] rounded px-px py-[0.2rem] transition-colors duration-100 ease-in-out\"><strong data-start=\"0\" data-end=\"23\" data-is-only-node=\"\">Labels d\u2019excellence<\/strong> : label <strong data-start=\"32\" data-end=\"65\">Site Remarquable du Go\u00fbt 2025<\/strong>, gage de qualit\u00e9 sup\u00e9rieure<\/span>.<\/p><\/li><\/ol><h3 data-start=\"1968\" data-end=\"1983\">En r\u00e9sum\u00e9<\/h3><p data-start=\"1985\" data-end=\"2445\">L\u2019<strong data-start=\"1987\" data-end=\"2022\">andouille de Gu\u00e9men\u00e9\u2011sur\u2011Scorff<\/strong> est bien plus qu\u2019une charcuterie : elle incarne un <strong data-start=\"2074\" data-end=\"2105\">patrimoine culinaire vivant<\/strong>, fa\u00e7onn\u00e9 par des artisans passionn\u00e9s. Visiter <strong data-start=\"2152\" data-end=\"2180\">la Maison de l\u2019Andouille<\/strong>, <strong data-start=\"2182\" data-end=\"2204\">la Maison Levesque<\/strong>, ou l\u2019<strong data-start=\"2211\" data-end=\"2234\">Atelier de l\u2019Argoat<\/strong>, puis savourer ce produit unique dans des restaurants comme <strong data-start=\"2295\" data-end=\"2306\">Le\u202f1931<\/strong> ou <strong data-start=\"2310\" data-end=\"2333\">Les\u202fTrois\u202fMarchands<\/strong>, c\u2019est plonger au c\u0153ur du terroir breton. Un incontournable pour les amateurs de gastronomie et d\u2019authenticit\u00e9.<\/p><h2 data-start=\"2925\" data-end=\"3086\">F\u00eate de l\u2019Andouille 2025 \u00e0 Gu\u00e9m\u00e9n\u00e9-sur-Scorff<\/h2><p data-start=\"0\" data-end=\"37\"><span class=\"relative -mx-px my-[-0.2rem] rounded px-px py-[0.2rem] transition-colors duration-100 ease-in-out\">Voici le programme officiel de la <strong data-start=\"34\" data-end=\"62\">F\u00eate de l\u2019Andouille 2025<\/strong> \u00e0 Gu\u00e9men\u00e9\u2011sur\u2011Scorff, qui se d\u00e9roulera sur deux jours :<\/span><\/p><h3 data-start=\"44\" data-end=\"69\">F\u00eate de l\u2019Andouille 2025 \u2013 Samedi 23 ao\u00fbt 2025<\/h3><ul data-start=\"71\" data-end=\"191\"><li data-start=\"71\" data-end=\"191\"><p data-start=\"73\" data-end=\"191\"><span class=\"relative -mx-px my-[-0.2rem] rounded px-px py-[0.2rem] transition-colors duration-100 ease-in-out\"><strong data-start=\"0\" data-end=\"18\" data-is-only-node=\"\">21h \u2013 Fest-noz<\/strong> place Loth<\/span><br data-start=\"110\" data-end=\"113\" \/><span class=\"relative -mx-px my-[-0.2rem] rounded px-px py-[0.2rem] transition-colors duration-100 ease-in-out\">Au programme : musiques et danses bretonnes avec les groupes <strong data-start=\"61\" data-end=\"73\">Kerbedig<\/strong> et <strong data-start=\"77\" data-end=\"92\" data-is-last-node=\"\">Loened Fall<\/strong><\/span>.<\/p><\/li><\/ul><h3 data-start=\"198\" data-end=\"225\">F\u00eate de l\u2019Andouille 2025 \u2013 Dimanche 24 ao\u00fbt 2025<\/h3><ul data-start=\"227\" data-end=\"937\"><li data-start=\"227\" data-end=\"347\"><p data-start=\"229\" data-end=\"347\"><span class=\"relative -mx-px my-[-0.2rem] rounded px-px py-[0.2rem] transition-colors duration-100 ease-in-out\"><strong data-start=\"0\" data-end=\"49\" data-is-last-node=\"\" data-is-only-node=\"\">\u00c0 partir de 10h \u2013 Pardon \/ Procession \/ Messe<\/strong><\/span><br data-start=\"266\" data-end=\"269\" \/><span class=\"relative -mx-px my-[-0.2rem] rounded px-px py-[0.2rem] transition-colors duration-100 ease-in-out\">C\u00e9l\u00e9bration traditionnelle en l\u2019honneur de Notre\u2011Dame\u2011de\u2011la\u2011Fosse, rituels religieux et honneurs aux confr\u00e9ries<\/span> .<\/p><\/li><li data-start=\"349\" data-end=\"639\"><p data-start=\"351\" data-end=\"639\"><span class=\"relative -mx-px my-[-0.2rem] rounded px-px py-[0.2rem] transition-colors duration-100 ease-in-out\"><strong data-start=\"0\" data-end=\"63\" data-is-last-node=\"\" data-is-only-node=\"\">12h et tout l\u2019apr\u00e8s-midi \u2013 Animations musicales et festives<\/strong><\/span><br data-start=\"388\" data-end=\"391\" \/><span class=\"relative -mx-px my-[-0.2rem] rounded px-px py-[0.2rem] transition-colors duration-100 ease-in-out\">\u2013 Interventions des groupes folkloriques : <em data-start=\"43\" data-end=\"66\">Les Gabi\u00e8rs d\u2019Artimon<\/em>, <em data-start=\"68\" data-end=\"93\">Danserien Bro Cl\u00e9gu\u00e9rec<\/em>, <em data-start=\"95\" data-end=\"112\">Kigner ar Goyen<\/em>, <em data-start=\"114\" data-end=\"141\">Bagad Kerlen ar Drouz Vor<\/em>, <em data-start=\"143\" data-end=\"170\">Danserien Ar Vro Pourleth<\/em>, et le <em data-start=\"178\" data-end=\"205\" data-is-last-node=\"\">Pipe Band de Saint\u2011Brieuc<\/em><\/span>.<br data-start=\"469\" data-end=\"472\" \/><span class=\"relative -mx-px my-[-0.2rem] rounded px-px py-[0.2rem] transition-colors duration-100 ease-in-out\">\u2013 Fest-deiz avec <em data-start=\"17\" data-end=\"34\">Runigo Guichard<\/em> et <em data-start=\"38\" data-end=\"54\" data-is-last-node=\"\">Parfum de Folk<\/em><\/span>.<br data-start=\"554\" data-end=\"557\" \/><span class=\"relative -mx-px my-[-0.2rem] rounded px-px py-[0.2rem] transition-colors duration-100 ease-in-out\">\u2013 Fest-noz d\u00e8s 20h30 place Loth, anim\u00e9 par <strong data-start=\"43\" data-end=\"64\">Andr\u00e9 et Lefebvre<\/strong> et <strong data-start=\"68\" data-end=\"81\" data-is-last-node=\"\">HerriWenn<\/strong><\/span> .<\/p><\/li><li data-start=\"641\" data-end=\"937\"><p data-start=\"643\" data-end=\"937\"><span class=\"relative -mx-px my-[-0.2rem] rounded px-px py-[0.2rem] transition-colors duration-100 ease-in-out\"><strong data-start=\"0\" data-end=\"33\" data-is-last-node=\"\" data-is-only-node=\"\">Marche gourmande & Festivit\u00e9s<\/strong><\/span><br data-start=\"682\" data-end=\"685\" \/><span class=\"relative -mx-px my-[-0.2rem] rounded px-px py-[0.2rem] transition-colors duration-100 ease-in-out\">\u2013 <strong data-start=\"2\" data-end=\"23\">March\u00e9 du terroir<\/strong> pour d\u00e9couvrir producteurs locaux<\/span>.<br data-start=\"767\" data-end=\"770\" \/><span class=\"relative -mx-px my-[-0.2rem] rounded px-px py-[0.2rem] transition-colors duration-100 ease-in-out\">\u2013 <strong data-start=\"2\" data-end=\"27\">Repas andouille-pur\u00e9e<\/strong>, moment convivial et gourmand<\/span>.<br data-start=\"852\" data-end=\"855\" \/><span class=\"relative -mx-px my-[-0.2rem] rounded px-px py-[0.2rem] transition-colors duration-100 ease-in-out\">\u2013 <strong data-start=\"2\" data-end=\"27\">D\u00e9fil\u00e9 des confr\u00e9ries<\/strong>, tradition et f\u00eate en costumes<\/span>.<\/p><\/li><\/ul><h3 data-start=\"944\" data-end=\"968\">Informations cl\u00e9s<\/h3><div class=\"_tableContainer_80l1q_1\"><div class=\"_tableWrapper_80l1q_14 group flex w-fit flex-col-reverse\" tabindex=\"-1\"><table class=\"w-fit min-w-(--thread-content-width)\" data-start=\"970\" data-end=\"1662\"><thead data-start=\"970\" data-end=\"1087\"><tr data-start=\"970\" data-end=\"1087\"><th data-start=\"970\" data-end=\"992\" data-col-size=\"sm\">\u00c9v\u00e9nement<\/th><th data-start=\"992\" data-end=\"1038\" data-col-size=\"sm\">Dates et horaires<\/th><th data-start=\"1038\" data-end=\"1052\" data-col-size=\"sm\">Prix<\/th><th data-start=\"1052\" data-end=\"1087\" data-col-size=\"sm\">Lieu<\/th><\/tr><\/thead><tbody data-start=\"1207\" data-end=\"1662\"><tr data-start=\"1207\" data-end=\"1373\"><td data-start=\"1207\" data-end=\"1251\" data-col-size=\"sm\"><span class=\"relative -mx-px my-[-0.2rem] rounded px-px py-[0.2rem] transition-colors duration-100 ease-in-out\">Fest-noz (samedi)<\/span><\/td><td data-start=\"1251\" data-end=\"1323\" data-col-size=\"sm\"><span class=\"relative -mx-px my-[-0.2rem] rounded px-px py-[0.2rem] transition-colors duration-100 ease-in-out\">23 ao\u00fbt \u00e0 21h<\/span><\/td><td data-start=\"1323\" data-end=\"1337\" data-col-size=\"sm\">Gratuit<\/td><td data-start=\"1337\" data-end=\"1373\" data-col-size=\"sm\">Place Loth<\/td><\/tr><tr data-start=\"1374\" data-end=\"1523\"><td data-start=\"1374\" data-end=\"1396\" data-col-size=\"sm\">Pardon & Messe<\/td><td data-start=\"1396\" data-end=\"1466\" data-col-size=\"sm\"><span class=\"relative -mx-px my-[-0.2rem] rounded px-px py-[0.2rem] transition-colors duration-100 ease-in-out\">24 ao\u00fbt d\u00e8s 10h<\/span><\/td><td data-start=\"1466\" data-end=\"1480\" data-col-size=\"sm\">Gratuit<\/td><td data-start=\"1480\" data-end=\"1523\" data-col-size=\"sm\"><span class=\"relative -mx-px my-[-0.2rem] rounded px-px py-[0.2rem] transition-colors duration-100 ease-in-out\">En centre-ville, devant la basilique<\/span><\/td><\/tr><tr data-start=\"1524\" data-end=\"1662\"><td data-start=\"1524\" data-end=\"1546\" data-col-size=\"sm\">Animations & repas<\/td><td data-start=\"1546\" data-end=\"1598\" data-col-size=\"sm\"><span class=\"relative -mx-px my-[-0.2rem] rounded px-px py-[0.2rem] transition-colors duration-100 ease-in-out\">24 ao\u00fbt d\u00e8s midi jusqu\u2019en soir\u00e9e<\/span><\/td><td data-start=\"1598\" data-end=\"1613\" data-col-size=\"sm\">Gratuit<\/td><td data-start=\"1613\" data-end=\"1662\" data-col-size=\"sm\"><span class=\"relative -mx-px my-[-0.2rem] rounded px-px py-[0.2rem] transition-colors duration-100 ease-in-out\">Plusieurs lieux du centre<\/span><\/td><\/tr><\/tbody><\/table><div class=\"sticky end-(--thread-content-margin) h-0 self-end select-none\"><div class=\"absolute end-0 flex items-end\">\u00a0<\/div><\/div><\/div><\/div><ul data-start=\"1664\" data-end=\"1831\"><li data-start=\"1664\" data-end=\"1748\"><p data-start=\"1666\" data-end=\"1748\"><span class=\"relative -mx-px my-[-0.2rem] rounded px-px py-[0.2rem] transition-colors duration-100 ease-in-out\">La <strong data-start=\"3\" data-end=\"25\">pr\u00e9vente des repas<\/strong> (11h30, 13h30, 19h) est possible en ligne via HelloAsso ou en hall d\u2019Intermarch\u00e9 les 22 et 23 ao\u00fbt<\/span>.<\/p><\/li><li data-start=\"1749\" data-end=\"1831\"><p data-start=\"1751\" data-end=\"1831\"><span class=\"relative -mx-px my-[-0.2rem] rounded px-px py-[0.2rem] transition-colors duration-100 ease-in-out\">L\u2019\u00e9v\u00e9nement, \u00e0 sa <strong data-start=\"18\" data-end=\"33\">33\u1d49 \u00e9dition<\/strong>, est gratuit et organis\u00e9 par la Confr\u00e9rie des Goustiers de l\u2019Andouille<\/span>.<\/p><\/li><\/ul><h3 data-start=\"1838\" data-end=\"1880\">Conseil pour en profiter pleinement<\/h3><ul data-start=\"1882\" data-end=\"2181\"><li data-start=\"1882\" data-end=\"1977\"><p data-start=\"1884\" data-end=\"1977\"><strong data-start=\"1884\" data-end=\"1899\">Samedi soir<\/strong> : ne manquez pas le fest-noz pour une immersion dans la tradition bretonne.<\/p><\/li><li data-start=\"1978\" data-end=\"2181\"><p data-start=\"1980\" data-end=\"2181\"><strong data-start=\"1980\" data-end=\"1992\">Dimanche<\/strong> : commencez par assister \u00e0 la procession, puis laissez-vous guider \u00e0 travers les animations musicales, le d\u00e9fil\u00e9, les d\u00e9gustations. Pensez \u00e0 r\u00e9server votre repas pour garantir votre place.<\/p><\/li><\/ul><p data-start=\"2188\" data-end=\"2429\">En r\u00e9sum\u00e9, la <strong data-start=\"2202\" data-end=\"2230\">F\u00eate de l\u2019Andouille 2025<\/strong> de <strong data-start=\"4970\" data-end=\"4992\">Gu\u00e9men\u00e9-sur-Scorff <\/strong>propose un week-end riche en gastronomie, musique, culture et tradition. Rendez-vous les <strong data-start=\"2320\" data-end=\"2337\">23 et 24 ao\u00fbt<\/strong> \u00e0 Gu\u00e9men\u00e9\u2011sur\u2011Scorff pour vivre la convivialit\u00e9 bretonne autour de l\u2019andouille artisanale\u202f!<\/p><h2 data-start=\"3088\" data-end=\"3125\">Activit\u00e9s touristiques et balades<\/h2><ul data-start=\"3127\" data-end=\"3379\"><li data-start=\"3127\" data-end=\"3211\"><p data-start=\"3129\" data-end=\"3211\"><span class=\"relative -mx-px my-[-0.2rem] rounded px-px py-[0.2rem] transition-colors duration-100 ease-in-out\"><strong data-start=\"0\" data-end=\"22\" data-is-only-node=\"\">Office de Tourisme<\/strong> install\u00e9 aux \u201cBains de la Reine\u201d, point de d\u00e9part id\u00e9al pour une visite guid\u00e9e de <strong data-start=\"4970\" data-end=\"4992\">Gu\u00e9men\u00e9-sur-Scorff<\/strong><\/span><\/p><\/li><li data-start=\"3212\" data-end=\"3296\"><p data-start=\"3214\" data-end=\"3296\"><span class=\"relative -mx-px my-[-0.2rem] rounded px-px py-[0.2rem] transition-colors duration-100 ease-in-out\">Parcours \u00e0 pied dans le centre historique : maison de l\u2019\u00c9cuyer, ancienne taverne \u201cTrois Marchands\u201d, relais de diligence<\/span>.<\/p><\/li><li data-start=\"3297\" data-end=\"3379\"><p data-start=\"3299\" data-end=\"3379\"><span class=\"relative -mx-px my-[-0.2rem] rounded px-px py-[0.2rem] transition-colors duration-100 ease-in-out\">Balade bucolique dans les vallons creus\u00e9s par le Scorff, offrant cadre naturel et charme m\u00e9di\u00e9val<\/span>.<\/p><\/li><\/ul><figure id=\"attachment_67463\" aria-describedby=\"caption-attachment-67463\" style=\"width: 1024px\" class=\"wp-caption aligncenter\"><a href=\"https:\/\/cparici.com\/wp-content\/uploads\/2025\/07\/cparici-30.jpg\"><img decoding=\"async\" class=\"wp-image-67463 size-large\" src=\"https:\/\/cparici.com\/wp-content\/uploads\/2025\/07\/cparici-30-1024x362.jpg\" alt=\"Gu\u00e9men\u00e9-sur-Scorff\" width=\"1024\" height=\"362\" srcset=\"https:\/\/cparici.com\/wp-content\/uploads\/2025\/07\/cparici-30-1024x362.jpg 1024w, https:\/\/cparici.com\/wp-content\/uploads\/2025\/07\/cparici-30-300x106.jpg 300w, https:\/\/cparici.com\/wp-content\/uploads\/2025\/07\/cparici-30-768x271.jpg 768w, https:\/\/cparici.com\/wp-content\/uploads\/2025\/07\/cparici-30-18x6.jpg 18w, https:\/\/cparici.com\/wp-content\/uploads\/2025\/07\/cparici-30-590x208.jpg 590w, https:\/\/cparici.com\/wp-content\/uploads\/2025\/07\/cparici-30-1200x424.jpg 1200w, https:\/\/cparici.com\/wp-content\/uploads\/2025\/07\/cparici-30-577x204.jpg 577w, https:\/\/cparici.com\/wp-content\/uploads\/2025\/07\/cparici-30-600x212.jpg 600w, https:\/\/cparici.com\/wp-content\/uploads\/2025\/07\/cparici-30.jpg 1500w\" sizes=\"(max-width: 1024px) 100vw, 1024px\" \/><\/a><figcaption id=\"caption-attachment-67463\" class=\"wp-caption-text\">Gu\u00e9men\u00e9-sur-Scorff<\/figcaption><\/figure><h2 data-start=\"86\" data-end=\"133\">D\u00e9couvrez la cavalcade de Gu\u00e9men\u00e9\u2011sur\u2011Scorff<\/h2><p data-start=\"135\" data-end=\"211\"><span class=\"relative -mx-px my-[-0.2rem] rounded px-px py-[0.2rem] transition-colors duration-100 ease-in-out\">La <strong data-start=\"3\" data-end=\"35\">cavalcade Gu\u00e9men\u00e9\u2011sur\u2011Scorff<\/strong> est un <strong data-start=\"43\" data-end=\"76\">\u00e9v\u00e9nement festif embl\u00e9matique<\/strong> du Morbihan, rassemblant chaque \u00e9dition des chars fleuris, des groupes musicaux vivants et une <strong data-start=\"172\" data-end=\"196\">ambiance chaleureuse<\/strong>. Organis\u00e9e par le comit\u00e9 du <strong data-start=\"225\" data-end=\"246\">Carnaval Pourleth<\/strong>, cette cavalcade alterne avec celle de Sca\u00ebr, attirant des milliers de <strong data-start=\"318\" data-end=\"331\">Gu\u00e9menois<\/strong> et visiteurs de la r\u00e9gion<\/span>.<\/p><h3 data-start=\"218\" data-end=\"250\">Un d\u00e9fil\u00e9 riche en cr\u00e9ativit\u00e9<\/h3><p data-start=\"252\" data-end=\"366\"><span class=\"relative -mx-px my-[-0.2rem] rounded px-px py-[0.2rem] transition-colors duration-100 ease-in-out\">Chaque \u00e9dition de la <strong data-start=\"21\" data-end=\"53\">cavalcade Gu\u00e9men\u00e9\u2011sur\u2011Scorff<\/strong> propose une vingtaine de chars : certains sont <strong data-start=\"101\" data-end=\"118\">humoristiques<\/strong>, d\u2019autres magnifiquement <strong data-start=\"144\" data-end=\"154\">floris<\/strong>, le tout dans une esth\u00e9tique soign\u00e9e. En 2025, par exemple, le char \u00ab\u202fFrayeur \u00e0 Kerboo\u202f\u00bb a \u00e9t\u00e9 cr\u00e9\u00e9 et pr\u00e9sent\u00e9 par 75 carnavaliers<\/span>. <span class=\"relative -mx-px my-[-0.2rem] rounded px-px py-[0.2rem] transition-colors duration-100 ease-in-out\">Les b\u00e9n\u00e9voles consacrent des <strong data-start=\"29\" data-end=\"50\">milliers d\u2019heures<\/strong> \u00e0 leur construction, une d\u00e9marche qui illustre l\u2019<strong data-start=\"100\" data-end=\"129\">implication communautaire<\/strong> et la <strong data-start=\"136\" data-end=\"156\">passion bretonne<\/strong>.<\/span><\/p><h3 data-start=\"373\" data-end=\"406\">L\u2019ambiance musicale et festive<\/h3><p data-start=\"408\" data-end=\"522\"><span class=\"relative -mx-px my-[-0.2rem] rounded px-px py-[0.2rem] transition-colors duration-100 ease-in-out\">La <strong data-start=\"3\" data-end=\"35\">cavalcade Gu\u00e9men\u00e9\u2011sur\u2011Scorff<\/strong> ne serait rien sans la musique\u202f: fanfares, orchestres et DJ animent le d\u00e9fil\u00e9 et les soir\u00e9es populaires en ext\u00e9rieur<\/span>. <span class=\"relative -mx-px my-[-0.2rem] rounded px-px py-[0.2rem] transition-colors duration-100 ease-in-out\">Le programme classique inclut un d\u00e9fil\u00e9 l\u2019apr\u00e8s-midi, suivi souvent d\u2019un <strong data-start=\"73\" data-end=\"84\">concert<\/strong> sur la place Loth et d\u2019un bal en soir\u00e9e, accessible \u00e0 tous.<\/span><\/p><h3 data-start=\"529\" data-end=\"564\">Fr\u00e9quence et \u00e9ditions marquantes<\/h3><p data-start=\"566\" data-end=\"808\"><span class=\"relative -mx-px my-[-0.2rem] rounded px-px py-[0.2rem] transition-colors duration-100 ease-in-out\">Le Carnaval Pourleth se tient normalement tous les deux ans, en alternance avec la Cavalcade de Sca\u00ebr<\/span>. <span class=\"relative -mx-px my-[-0.2rem] rounded px-px py-[0.2rem] transition-colors duration-100 ease-in-out\">L\u2019\u00e9dition de 2026 sera symbolique\u202f: elle c\u00e9l\u00e9brera les 100\u202fans du carnaval<\/span>. <span class=\"relative -mx-px my-[-0.2rem] rounded px-px py-[0.2rem] transition-colors duration-100 ease-in-out\">L\u2019\u00e9dition pr\u00e9c\u00e9dente, celle de 2024, a eu lieu les 18 et 19\u202fmai<\/span>.<\/p><h3 data-start=\"815\" data-end=\"847\">Enjeux patrimoniaux et locaux <strong data-start=\"4970\" data-end=\"4992\">Gu\u00e9men\u00e9-sur-Scorff<\/strong><\/h3><p data-start=\"849\" data-end=\"1010\"><span class=\"relative -mx-px my-[-0.2rem] rounded px-px py-[0.2rem] transition-colors duration-100 ease-in-out\">Situ\u00e9e dans une <strong data-start=\"16\" data-end=\"44\">Petite cit\u00e9 de Caract\u00e8re<\/strong>, Gu\u00e9men\u00e9\u2011sur\u2011Scorff offre un d\u00e9cor m\u00e9di\u00e9val charmant, renfor\u00e7ant le charme de la cavalcade<\/span>. <span class=\"relative -mx-px my-[-0.2rem] rounded px-px py-[0.2rem] transition-colors duration-100 ease-in-out\">Bord\u00e9e par la rivi\u00e8re du Scorff, la ville affiche un riche <strong data-start=\"59\" data-end=\"84\">patrimoine historique<\/strong> (ch\u00e2teau, maisons \u00e0 pans de bois). Profitez-en pour d\u00e9couvrir l\u2019andouille locale et visiter notre guide sur la Bretagne<\/span>.<\/p><h3 data-start=\"1017\" data-end=\"1053\">Infos pratiques pour y participer<\/h3><ul data-start=\"1055\" data-end=\"1528\"><li data-start=\"1055\" data-end=\"1190\"><p data-start=\"1057\" data-end=\"1190\"><strong data-start=\"1057\" data-end=\"1066\">Dates<\/strong>\u202f: traditionnellement en mai (septembre selon \u00e9dition), l\u2019apr\u00e8s-midi pour le d\u00e9fil\u00e9 .<\/p><\/li><li data-start=\"1191\" data-end=\"1325\"><p data-start=\"1193\" data-end=\"1325\"><strong data-start=\"1193\" data-end=\"1203\">Tarifs<\/strong>\u202f: g\u00e9n\u00e9ralement autour de 10\u202f\u20ac, gratuit pour les moins de 12\u202fans. (pr\u00e9ventes 9\u202f\u20ac) .<\/p><\/li><li data-start=\"1326\" data-end=\"1528\"><p data-start=\"1328\" data-end=\"1528\"><strong data-start=\"1328\" data-end=\"1345\">Participation<\/strong>\u202f: appel aux b\u00e9n\u00e9voles pour la construction de chars, animation et billetterie ( Sca\u00ebr recherche par exemple 45\u202fb\u00e9n\u00e9voles pour leur cavalcade) .<\/p><\/li><\/ul><h2 data-start=\"1534\" data-end=\"1590\">Pourquoi venir \u00e0 la cavalcade de Gu\u00e9men\u00e9\u2011sur\u2011Scorff ?<\/h2><ul data-start=\"1592\" data-end=\"1944\"><li data-start=\"1592\" data-end=\"1665\"><p data-start=\"1594\" data-end=\"1665\"><strong data-start=\"1594\" data-end=\"1610\">Authenticit\u00e9<\/strong>\u202f: f\u00eate communautaire port\u00e9e par la tradition bretonne.<\/p><\/li><li data-start=\"1666\" data-end=\"1735\"><p data-start=\"1668\" data-end=\"1735\"><strong data-start=\"1668\" data-end=\"1682\">Cr\u00e9ativit\u00e9<\/strong>\u202f: chars originales, musique vivante, univers festif.<\/p><\/li><li data-start=\"1736\" data-end=\"1944\"><p data-start=\"1738\" data-end=\"1944\"><strong data-start=\"1738\" data-end=\"1767\">Patrimoine et gastronomie<\/strong>\u202f: fl\u00e2nez dans la cit\u00e9 m\u00e9di\u00e9vale et go\u00fbtez l\u2019andouille artisanale. Profitez aussi d\u2019un <strong data-start=\"1854\" data-end=\"1874\">aper\u00e7u en images<\/strong> dans notre article sur les <strong data-start=\"1902\" data-end=\"1928\">charcuteries bretonnes<\/strong> [\u00e0 relier ici].<\/p><\/li><\/ul><h3 data-start=\"1951\" data-end=\"1966\">Liens utiles cavalcade <strong data-start=\"4970\" data-end=\"4992\">Gu\u00e9men\u00e9-sur-Scorff<\/strong><\/h3><ul data-start=\"1968\" data-end=\"2194\"><li data-start=\"1968\" data-end=\"2010\"><p data-start=\"1970\" data-end=\"2010\">Page officielle du <strong data-start=\"1989\" data-end=\"2010\">Carnaval Pourleth<\/strong><\/p><\/li><li data-start=\"2011\" data-end=\"2106\"><p data-start=\"2013\" data-end=\"2106\">Informations sur la manifestation : dates et horaires<\/p><\/li><li data-start=\"2107\" data-end=\"2194\"><p data-start=\"2109\" data-end=\"2194\">Infos billetterie et programme (fanfares, DJ)<\/p><\/li><\/ul><h3 data-start=\"2201\" data-end=\"2214\">En r\u00e9sum\u00e9<\/h3><p data-start=\"2216\" data-end=\"2547\">La <strong data-start=\"2219\" data-end=\"2251\">cavalcade \u00e0 Gu\u00e9men\u00e9\u2011sur\u2011Scorff<\/strong> est un <strong data-start=\"2259\" data-end=\"2293\">festival annuel incontournable<\/strong>, combinant une tradition carnavalesque, un fort engagement b\u00e9n\u00e9vole, des chars hautement cr\u00e9atifs, la convivialit\u00e9 bretonne et la d\u00e9couverte d\u2019un <strong data-start=\"2440\" data-end=\"2468\">patrimoine urbain unique<\/strong>. Rendez-vous en mai prochain pour vivre cette exp\u00e9rience festive inoubliable !<\/p><h2 data-start=\"42\" data-end=\"79\">M\u00e9t\u00e9o Gu\u00e9m\u00e9n\u00e9-sur-Scorff<\/h2><h3 data-start=\"86\" data-end=\"117\">Un climat oc\u00e9anique temp\u00e9r\u00e9<\/h3><p data-start=\"119\" data-end=\"270\"><span class=\"relative -mx-px my-[-0.2rem] rounded px-px py-[0.2rem] transition-colors duration-100 ease-in-out\">Gu\u00e9men\u00e9\u2011sur\u2011Scorff b\u00e9n\u00e9ficie d\u2019un <strong data-start=\"34\" data-end=\"56\">climat de type Cfb<\/strong>, oc\u00e9anique \u00e0 \u00e9t\u00e9 temp\u00e9r\u00e9 selon K\u00f6ppen-Geiger<\/span>. <span class=\"relative -mx-px my-[-0.2rem] rounded px-px py-[0.2rem] transition-colors duration-100 ease-in-out\">Cela se traduit par des <strong data-start=\"24\" data-end=\"51\">hivers frais et humides<\/strong>, sans gel excessif, et des <strong data-start=\"79\" data-end=\"104\">\u00e9t\u00e9s doux \u00e0 agr\u00e9ables<\/strong>, marqu\u00e9s par une influence oc\u00e9anique mod\u00e9r\u00e9e. La temp\u00e9rature annuelle moyenne avoisine <strong data-start=\"192\" data-end=\"202\">9,8\u202f\u00b0C<\/strong>\u202f<\/span>.<\/p><h3 data-start=\"277\" data-end=\"339\">Temp\u00e9ratures moyennes : douceur d\u2019\u00e9t\u00e9, fra\u00eecheur hivernale<\/h3><ul data-start=\"341\" data-end=\"753\"><li data-start=\"341\" data-end=\"542\"><p data-start=\"343\" data-end=\"542\"><span class=\"relative -mx-px my-[-0.2rem] rounded px-px py-[0.2rem] transition-colors duration-100 ease-in-out\"><strong data-start=\"0\" data-end=\"26\" data-is-last-node=\"\" data-is-only-node=\"\">\u00c9t\u00e9 (juin \u00e0 septembre)<\/strong><\/span><br data-start=\"380\" data-end=\"383\" \/><span class=\"relative -mx-px my-[-0.2rem] rounded px-px py-[0.2rem] transition-colors duration-100 ease-in-out\">La saison chaude dure environ <strong data-start=\"30\" data-end=\"42\">3,1 mois<\/strong> (du 16\u202fjuin au 18\u202fseptembre), avec des temp\u00e9ratures maximales moyennes sup\u00e9rieures \u00e0 20\u202f\u00b0C<\/span>.<br data-start=\"460\" data-end=\"463\" \/><span class=\"relative -mx-px my-[-0.2rem] rounded px-px py-[0.2rem] transition-colors duration-100 ease-in-out\">Juillet, le mois le plus chaud, affiche des temp\u00e9ratures moyennes de <strong data-start=\"69\" data-end=\"78\">22\u202f\u00b0C<\/strong> le jour, avec des nuits autour de <strong data-start=\"113\" data-end=\"122\">12\u202f\u00b0C<\/strong>, et une temp\u00e9rature moyenne d\u2019environ <strong data-start=\"161\" data-end=\"170\">18\u202f\u00b0C<\/strong> sur l\u2019ensemble du mois<\/span>.<\/p><\/li><li data-start=\"544\" data-end=\"753\"><p data-start=\"546\" data-end=\"753\"><span class=\"relative -mx-px my-[-0.2rem] rounded px-px py-[0.2rem] transition-colors duration-100 ease-in-out\"><strong data-start=\"0\" data-end=\"27\" data-is-last-node=\"\" data-is-only-node=\"\">Hiver (novembre \u00e0 mars)<\/strong><\/span><br data-start=\"585\" data-end=\"588\" \/><span class=\"relative -mx-px my-[-0.2rem] rounded px-px py-[0.2rem] transition-colors duration-100 ease-in-out\">La p\u00e9riode fra\u00eeche s\u2019\u00e9tend sur <strong data-start=\"31\" data-end=\"43\">3,8 mois<\/strong>, affichant des maximales quotidiennes inf\u00e9rieures \u00e0 11\u202f\u00b0C<\/span>.<br data-start=\"669\" data-end=\"672\" \/><span class=\"relative -mx-px my-[-0.2rem] rounded px-px py-[0.2rem] transition-colors duration-100 ease-in-out\">Janvier est le plus froid : maximales de <strong data-start=\"41\" data-end=\"51\">8\u20139\u202f\u00b0C<\/strong>, minimales entre <strong data-start=\"69\" data-end=\"79\">1\u20133\u202f\u00b0C<\/strong>, parfois proches de z\u00e9ro\u202f<\/span>.<\/p><\/li><\/ul><h3 data-start=\"42\" data-end=\"79\">M\u00e9t\u00e9o Gu\u00e9m\u00e9n\u00e9-sur-Scorff \u2013 Pr\u00e9cipitations : r\u00e9guli\u00e8res et bien r\u00e9parties<\/h3><p data-start=\"811\" data-end=\"932\"><span class=\"relative -mx-px my-[-0.2rem] rounded px-px py-[0.2rem] transition-colors duration-100 ease-in-out\">La pluviom\u00e9trie annuelle est d\u2019environ <strong data-start=\"39\" data-end=\"51\">1\u202f039\u202fmm \u00e0 Gu\u00e9men\u00e9-sur-Scorff<\/strong>, avec des pr\u00e9cipitations mod\u00e9r\u00e9es, parfois fr\u00e9quentes\u202f<\/span>. <span class=\"relative -mx-px my-[-0.2rem] rounded px-px py-[0.2rem] transition-colors duration-100 ease-in-out\">Les pluies sont relativement bien r\u00e9parties, m\u00eame si :<\/span><\/p><ul data-start=\"933\" data-end=\"1098\"><li data-start=\"933\" data-end=\"1016\"><p data-start=\"935\" data-end=\"1016\"><span class=\"relative -mx-px my-[-0.2rem] rounded px-px py-[0.2rem] transition-colors duration-100 ease-in-out\"><strong data-start=\"0\" data-end=\"12\" data-is-only-node=\"\">D\u00e9cembre<\/strong> est le mois le plus humide, avec environ <strong data-start=\"54\" data-end=\"63\">73\u202fmm<\/strong> et jusqu\u2019\u00e0 <strong data-start=\"75\" data-end=\"89\">11,5 jours<\/strong> de pr\u00e9cipitation<\/span><\/p><\/li><li data-start=\"1017\" data-end=\"1098\"><p data-start=\"1019\" data-end=\"1098\"><span class=\"relative -mx-px my-[-0.2rem] rounded px-px py-[0.2rem] transition-colors duration-100 ease-in-out\"><strong data-start=\"0\" data-end=\"11\" data-is-only-node=\"\">Juillet<\/strong> est plus sec, avec seulement <strong data-start=\"41\" data-end=\"50\">29\u202fmm<\/strong> et environ <strong data-start=\"62\" data-end=\"77\">5 \u00e0 9 jours<\/strong> de pluie\u202f<\/span><\/p><\/li><\/ul><p data-start=\"1100\" data-end=\"1179\"><span class=\"relative -mx-px my-[-0.2rem] rounded px-px py-[0.2rem] transition-colors duration-100 ease-in-out\">Les jours humides (\u22651\u202fmm) sont plus nombreux de <strong data-start=\"48\" data-end=\"79\">fin septembre \u00e0 fin f\u00e9vrier<\/strong> (+28\u202f%), contre une saison plus s\u00e8che de <strong data-start=\"121\" data-end=\"152\">fin f\u00e9vrier \u00e0 fin septembre<\/strong>\u202f<\/span>.<\/p><h3 data-start=\"1186\" data-end=\"1227\">Ensoleillement et couverture nuageuse<\/h3><p data-start=\"1229\" data-end=\"1308\"><span class=\"relative -mx-px my-[-0.2rem] rounded px-px py-[0.2rem] transition-colors duration-100 ease-in-out\">A <strong data-start=\"4970\" data-end=\"4992\">Gu\u00e9men\u00e9-sur-Scorff, l<\/strong>es <strong data-start=\"4\" data-end=\"54\">ciels partiellement ou majoritairement nuageux<\/strong> pr\u00e9dominent, surtout en hiver (66\u202f% de couverture nuageuse en janvier). \u00c0 l\u2019inverse, l\u2019\u00e9t\u00e9 est plus lumineux, avec <strong data-start=\"170\" data-end=\"194\">62\u202f% de jours clairs<\/strong> en juillet\u202f<\/span>.<\/p><ul data-start=\"1310\" data-end=\"1435\"><li data-start=\"1310\" data-end=\"1353\"><p data-start=\"1312\" data-end=\"1353\"><span class=\"relative -mx-px my-[-0.2rem] rounded px-px py-[0.2rem] transition-colors duration-100 ease-in-out\"><strong data-start=\"0\" data-end=\"26\" data-is-only-node=\"\">Dur\u00e9e maximale du jour<\/strong> : 16\u202fh\u202f03\u202fmin pr\u00e8s du solstice (21\u202fjuin).<\/span><\/p><\/li><li data-start=\"1354\" data-end=\"1435\"><p data-start=\"1356\" data-end=\"1435\"><span class=\"relative -mx-px my-[-0.2rem] rounded px-px py-[0.2rem] transition-colors duration-100 ease-in-out\"><strong data-start=\"0\" data-end=\"18\" data-is-only-node=\"\">Dur\u00e9e minimale<\/strong> : environ 8\u202fh\u202f22\u202fmin autour du 21\u202fd\u00e9cembre\u202f<\/span><\/p><\/li><\/ul><h3 data-start=\"1442\" data-end=\"1459\">Vent et brume<\/h3><p data-start=\"1461\" data-end=\"1620\"><span class=\"relative -mx-px my-[-0.2rem] rounded px-px py-[0.2rem] transition-colors duration-100 ease-in-out\">Les hivers sont souvent <strong data-start=\"24\" data-end=\"35\">venteux<\/strong> \u00e0 <strong data-start=\"4970\" data-end=\"4992\">Gu\u00e9men\u00e9-sur-Scorff<\/strong>(19\u202fkm\/h en d\u00e9cembre), tandis que les <strong data-start=\"74\" data-end=\"98\">\u00e9t\u00e9 sont plus calmes<\/strong> (14\u202fkm\/h en juillet)\u202f<\/span>. <span class=\"relative -mx-px my-[-0.2rem] rounded px-px py-[0.2rem] transition-colors duration-100 ease-in-out\">Les matin\u00e9es d\u2019hiver connaissent parfois <strong data-start=\"41\" data-end=\"77\">brouillard ou visibilit\u00e9 r\u00e9duite<\/strong>, comme relev\u00e9 ce matin avec de l\u2019humidit\u00e9 et un ressenti de 11\u201322\u202f\u00b0C\u202f<\/span><\/p><h3 data-start=\"1627\" data-end=\"1648\">R\u00e9sum\u00e9 saisonnier<\/h3><ul data-start=\"1650\" data-end=\"1857\"><li data-start=\"1650\" data-end=\"1731\"><p data-start=\"1652\" data-end=\"1731\"><span class=\"relative -mx-px my-[-0.2rem] rounded px-px py-[0.2rem] transition-colors duration-100 ease-in-out\"><strong data-start=\"0\" data-end=\"13\" data-is-only-node=\"\">Printemps<\/strong> : temp\u00e9ratures agr\u00e9ables (9\u201318\u202f\u00b0C), pluies mod\u00e9r\u00e9es (~69\u202fmm en mai, sur ~16\u202fjours)\u202f\u00e0 <strong data-start=\"4970\" data-end=\"4992\">Gu\u00e9men\u00e9-sur-Scorff<\/strong><\/span><\/p><\/li><li data-start=\"1732\" data-end=\"1773\"><p data-start=\"1734\" data-end=\"1773\"><span class=\"relative -mx-px my-[-0.2rem] rounded px-px py-[0.2rem] transition-colors duration-100 ease-in-out\"><strong data-start=\"0\" data-end=\"7\" data-is-only-node=\"\">\u00c9t\u00e9<\/strong> : journ\u00e9es agr\u00e9ables et s\u00e8ches, temp\u00e9ratures entre 18\u201323\u202f\u00b0C, pluies l\u00e9g\u00e8res (29\u201353\u202fmm), ensoleillement \u00e9lev\u00e9 (13\u201316\u202fh).<\/span><\/p><\/li><li data-start=\"1774\" data-end=\"1815\"><p data-start=\"1776\" data-end=\"1815\"><span class=\"relative -mx-px my-[-0.2rem] rounded px-px py-[0.2rem] transition-colors duration-100 ease-in-out\"><strong data-start=\"0\" data-end=\"11\" data-is-only-node=\"\">Automne<\/strong> : pluies augmentant (jusqu\u2019\u00e0 40\u202f%), temp\u00e9ratures en baisse progressive.<\/span><\/p><\/li><li data-start=\"1816\" data-end=\"1857\"><p data-start=\"1818\" data-end=\"1857\"><span class=\"relative -mx-px my-[-0.2rem] rounded px-px py-[0.2rem] transition-colors duration-100 ease-in-out\"><strong data-start=\"0\" data-end=\"9\" data-is-only-node=\"\">Hiver<\/strong> : froid humide, maximales de 8\u20139\u202f\u00b0C, vent soutenu, tr\u00e8s nuageux.<\/span><\/p><\/li><\/ul><h2>Mairie et informations administratives Gu\u00e9m\u00e9n\u00e9-sur-Scorff<\/h2><h3 data-start=\"3381\" data-end=\"3407\">Informations pratiques<\/h3><p data-start=\"3409\" data-end=\"3585\"><span class=\"relative -mx-px my-[-0.2rem] rounded px-px py-[0.2rem] transition-colors duration-100 ease-in-out\">Gu\u00e9men\u00e9-sur-Scorff se trouve \u00e0 17\u202fkm de Pontivy, 40\u202fkm de <a href=\"https:\/\/cparici.com\/lorient\/\">Lorient<\/a> et 56\u202fkm de <a href=\"https:\/\/cparici.com\/vannes-guide-complet\/\">Vannes<\/a>, en r\u00e9gion Argoat, dans le centre-Bretagne<\/span>. Accessible en voiture, elle propose un march\u00e9 hebdomadaire, plus des commerces locaux en essor.<\/p><p data-start=\"0\" data-end=\"37\"><span class=\"relative -mx-px my-[-0.2rem] rounded px-px py-[0.2rem] transition-colors duration-100 ease-in-out\">Voici les <strong data-start=\"10\" data-end=\"73\">informations officielles de la Mairie de Gu\u00e9men\u00e9\u2011sur\u2011Scorff<\/strong>, regroup\u00e9es pour votre convenance\u202f:<\/span><\/p><h2 data-start=\"44\" data-end=\"71\">Adresse et contacts<\/h2><ul data-start=\"72\" data-end=\"517\"><li data-start=\"72\" data-end=\"151\"><p data-start=\"74\" data-end=\"151\"><span class=\"relative -mx-px my-[-0.2rem] rounded px-px py-[0.2rem] transition-colors duration-100 ease-in-out\"><strong data-start=\"0\" data-end=\"11\" data-is-only-node=\"\">Adresse<\/strong> : Place du Ch\u00e2teau, 56160 Gu\u00e9men\u00e9\u2011sur\u2011Scorff<\/span><\/p><\/li><li data-start=\"152\" data-end=\"231\"><p data-start=\"154\" data-end=\"231\"><span class=\"relative -mx-px my-[-0.2rem] rounded px-px py-[0.2rem] transition-colors duration-100 ease-in-out\"><strong data-start=\"0\" data-end=\"24\" data-is-only-node=\"\">T\u00e9l\u00e9phone (standard)<\/strong> : 02\u202f97\u202f51\u202f20\u202f23 (+33\u202f2\u202f97\u202f51\u202f20\u202f23 \u00e0 l\u2019international)<\/span><span class=\"relative -mx-px my-[-0.2rem] rounded px-px py-[0.2rem] transition-colors duration-100 ease-in-out\"><strong data-start=\"0\" data-end=\"7\" data-is-only-node=\"\">Fax<\/strong> : 02\u202f97\u202f51\u202f27\u202f29<\/span><\/p><\/li><li data-start=\"312\" data-end=\"353\"><p data-start=\"314\" data-end=\"353\"><span class=\"relative -mx-px my-[-0.2rem] rounded px-px py-[0.2rem] transition-colors duration-100 ease-in-out\"><strong data-start=\"0\" data-end=\"18\" data-is-only-node=\"\">Email standard<\/strong> :\u00a0<\/span><\/p><\/li><li data-start=\"354\" data-end=\"433\"><p data-start=\"356\" data-end=\"433\"><span class=\"relative -mx-px my-[-0.2rem] rounded px-px py-[0.2rem] transition-colors duration-100 ease-in-out\"><strong data-start=\"0\" data-end=\"20\" data-is-only-node=\"\">Email \u00e9tat civil<\/strong> :\u00a0<\/span><\/p><\/li><li data-start=\"434\" data-end=\"517\"><p data-start=\"436\" data-end=\"517\"><span class=\"relative -mx-px my-[-0.2rem] rounded px-px py-[0.2rem] transition-colors duration-100 ease-in-out\"><strong data-start=\"0\" data-end=\"19\" data-is-only-node=\"\">Mairie actuelle<\/strong> : Monsieur Ren\u00e9 Le\u202fMoullec, \u00e9lu en mai\u202f2020 (mandat jusqu\u2019en 2026)<\/span><\/p><\/li><\/ul><figure id=\"attachment_67464\" aria-describedby=\"caption-attachment-67464\" style=\"width: 1024px\" class=\"wp-caption aligncenter\"><a href=\"https:\/\/cparici.com\/wp-content\/uploads\/2025\/07\/Guenene-sur-Scorff-site-officiel-de-la-mairie.jpg\"><img decoding=\"async\" class=\"wp-image-67464 size-large\" src=\"https:\/\/cparici.com\/wp-content\/uploads\/2025\/07\/Guenene-sur-Scorff-site-officiel-de-la-mairie-1024x593.jpg\" alt=\"Gu\u00e9n\u00e9n\u00e9-sur-Scorff site officiel de la mairie\" width=\"1024\" height=\"593\" srcset=\"https:\/\/cparici.com\/wp-content\/uploads\/2025\/07\/Guenene-sur-Scorff-site-officiel-de-la-mairie-1024x593.jpg 1024w, https:\/\/cparici.com\/wp-content\/uploads\/2025\/07\/Guenene-sur-Scorff-site-officiel-de-la-mairie-300x174.jpg 300w, https:\/\/cparici.com\/wp-content\/uploads\/2025\/07\/Guenene-sur-Scorff-site-officiel-de-la-mairie-768x445.jpg 768w, https:\/\/cparici.com\/wp-content\/uploads\/2025\/07\/Guenene-sur-Scorff-site-officiel-de-la-mairie-18x10.jpg 18w, https:\/\/cparici.com\/wp-content\/uploads\/2025\/07\/Guenene-sur-Scorff-site-officiel-de-la-mairie-590x342.jpg 590w, https:\/\/cparici.com\/wp-content\/uploads\/2025\/07\/Guenene-sur-Scorff-site-officiel-de-la-mairie-1157x670.jpg 1157w, https:\/\/cparici.com\/wp-content\/uploads\/2025\/07\/Guenene-sur-Scorff-site-officiel-de-la-mairie-577x334.jpg 577w, https:\/\/cparici.com\/wp-content\/uploads\/2025\/07\/Guenene-sur-Scorff-site-officiel-de-la-mairie-1200x695.jpg 1200w, https:\/\/cparici.com\/wp-content\/uploads\/2025\/07\/Guenene-sur-Scorff-site-officiel-de-la-mairie-600x347.jpg 600w, https:\/\/cparici.com\/wp-content\/uploads\/2025\/07\/Guenene-sur-Scorff-site-officiel-de-la-mairie.jpg 1534w\" sizes=\"(max-width: 1024px) 100vw, 1024px\" \/><\/a><figcaption id=\"caption-attachment-67464\" class=\"wp-caption-text\">Gu\u00e9n\u00e9n\u00e9-sur-Scorff site officiel de la mairie<\/figcaption><\/figure><h2 data-start=\"524\" data-end=\"551\">Horaires d\u2019ouverture<\/h2><ul data-start=\"552\" data-end=\"719\"><li data-start=\"552\" data-end=\"635\"><p data-start=\"554\" data-end=\"635\"><span class=\"relative -mx-px my-[-0.2rem] rounded px-px py-[0.2rem] transition-colors duration-100 ease-in-out\"><strong data-start=\"0\" data-end=\"20\" data-is-only-node=\"\">Lundi \u2013 Vendredi<\/strong> : 08h30\u201312h00 et 13h30\u201317h00 (permanence t\u00e9l\u00e9phonique jusqu\u2019\u00e0 17h30)<\/span><\/p><\/li><li data-start=\"636\" data-end=\"719\"><p data-start=\"638\" data-end=\"719\"><span class=\"relative -mx-px my-[-0.2rem] rounded px-px py-[0.2rem] transition-colors duration-100 ease-in-out\"><strong data-start=\"0\" data-end=\"10\" data-is-only-node=\"\">Samedi<\/strong> : 10h00\u201312h00 (selon certaines sources)<\/span><\/p><\/li><\/ul><h2 data-start=\"726\" data-end=\"766\">Services administratifs propos\u00e9s<\/h2><p data-start=\"767\" data-end=\"808\"><span class=\"relative -mx-px my-[-0.2rem] rounded px-px py-[0.2rem] transition-colors duration-100 ease-in-out\">Selon le site communal et l\u2019annuaire officiel, les principales d\u00e9marches accessibles \u00e0 la mairie sont\u202f:<\/span><\/p><ul data-start=\"809\" data-end=\"1064\"><li data-start=\"809\" data-end=\"852\"><p data-start=\"811\" data-end=\"852\"><span class=\"relative -mx-px my-[-0.2rem] rounded px-px py-[0.2rem] transition-colors duration-100 ease-in-out\"><strong data-start=\"0\" data-end=\"14\" data-is-only-node=\"\">\u00c9tat civil<\/strong> : naissances, mariages, d\u00e9c\u00e8s, livret de famille<\/span><\/p><\/li><li data-start=\"853\" data-end=\"936\"><p data-start=\"855\" data-end=\"936\"><span class=\"relative -mx-px my-[-0.2rem] rounded px-px py-[0.2rem] transition-colors duration-100 ease-in-out\"><strong data-start=\"0\" data-end=\"24\" data-is-only-node=\"\">Documents d\u2019identit\u00e9<\/strong> : cartes d\u2019identit\u00e9, passeports (prise de rendez-vous possible)<\/span><\/p><\/li><li data-start=\"937\" data-end=\"980\"><p data-start=\"939\" data-end=\"980\"><span class=\"relative -mx-px my-[-0.2rem] rounded px-px py-[0.2rem] transition-colors duration-100 ease-in-out\"><strong data-start=\"0\" data-end=\"15\" data-is-only-node=\"\">Recensement<\/strong>, <strong data-start=\"17\" data-end=\"30\">urbanisme<\/strong> (permis de construire, travaux, cadastre), cimeti\u00e8re<\/span><\/p><\/li><li data-start=\"981\" data-end=\"1064\"><p data-start=\"983\" data-end=\"1064\"><span class=\"relative -mx-px my-[-0.2rem] rounded px-px py-[0.2rem] transition-colors duration-100 ease-in-out\">Collaboration avec la <strong data-start=\"22\" data-end=\"41\">France Services<\/strong> (14 rue Joseph\u2011P\u00e9r\u00e8s) : aides administratives \u00e9largies (s\u00e9curit\u00e9 sociale, retraite, justice, etc.)<\/span><\/p><\/li><\/ul><h2 data-start=\"1071\" data-end=\"1112\">Administration & intercommunalit\u00e9<\/h2><ul data-start=\"1113\" data-end=\"1364\"><li data-start=\"1113\" data-end=\"1196\"><p data-start=\"1115\" data-end=\"1196\"><span class=\"relative -mx-px my-[-0.2rem] rounded px-px py-[0.2rem] transition-colors duration-100 ease-in-out\"><strong data-start=\"0\" data-end=\"14\" data-is-only-node=\"\">Code INSEE<\/strong>\u202f: 56073 \u2013 <strong data-start=\"25\" data-end=\"40\">Code postal<\/strong>\u202f: 56160<\/span><\/p><\/li><li data-start=\"1197\" data-end=\"1280\"><p data-start=\"1199\" data-end=\"1280\"><span class=\"relative -mx-px my-[-0.2rem] rounded px-px py-[0.2rem] transition-colors duration-100 ease-in-out\"><strong data-start=\"0\" data-end=\"18\" data-is-only-node=\"\">Arrondissement<\/strong>\u202f: Pontivy \u2013 <strong data-start=\"31\" data-end=\"41\">Canton<\/strong>\u202f: Gourin<\/span><\/p><\/li><li data-start=\"1281\" data-end=\"1364\"><p data-start=\"1283\" data-end=\"1364\"><span class=\"relative -mx-px my-[-0.2rem] rounded px-px py-[0.2rem] transition-colors duration-100 ease-in-out\"><strong data-start=\"0\" data-end=\"20\" data-is-only-node=\"\">Intercommunalit\u00e9<\/strong> : Roi\u202fMorvan\u202fCommunaut\u00e9 (21 communes)<\/span><\/p><\/li><\/ul><h2 data-start=\"1371\" data-end=\"1398\">Informations utiles<\/h2><ul data-start=\"1399\" data-end=\"1734\"><li data-start=\"1399\" data-end=\"1482\"><p data-start=\"1401\" data-end=\"1482\"><span class=\"relative -mx-px my-[-0.2rem] rounded px-px py-[0.2rem] transition-colors duration-100 ease-in-out\"><strong data-start=\"0\" data-end=\"17\" data-is-only-node=\"\">Site officiel<\/strong> : guemene\u2011sur\u2011scorff.com (infosite & d\u00e9marches en ligne)<\/span><\/p><\/li><li data-start=\"1483\" data-end=\"1566\"><p data-start=\"1485\" data-end=\"1566\"><span class=\"relative -mx-px my-[-0.2rem] rounded px-px py-[0.2rem] transition-colors duration-100 ease-in-out\"><strong data-start=\"0\" data-end=\"32\" data-is-only-node=\"\">Salle polyvalente & cultures<\/strong> : r\u00e9servations via mairie (02\u202f97\u202f51\u202f20\u202f23)<\/span><\/p><\/li><li data-start=\"1567\" data-end=\"1650\"><p data-start=\"1569\" data-end=\"1650\"><span class=\"relative -mx-px my-[-0.2rem] rounded px-px py-[0.2rem] transition-colors duration-100 ease-in-out\"><strong data-start=\"0\" data-end=\"20\" data-is-only-node=\"\">Cin\u00e9ma municipal<\/strong> : infos aupr\u00e8s de la mairie<\/span><\/p><\/li><li data-start=\"1651\" data-end=\"1734\"><p data-start=\"1653\" data-end=\"1734\"><span class=\"relative -mx-px my-[-0.2rem] rounded px-px py-[0.2rem] transition-colors duration-100 ease-in-out\"><strong data-start=\"0\" data-end=\"15\" data-is-only-node=\"\">D\u00e9chetterie<\/strong> : Zone du Rulan, coordonn\u00e9es via Roi\u202fMorvan\u202fCommunaut\u00e9<\/span><\/p><\/li><\/ul><h3 data-start=\"1741\" data-end=\"1759\">En r\u00e9sum\u00e9<\/h3><ul data-start=\"1760\" data-end=\"2148\"><li data-start=\"1760\" data-end=\"1877\"><p data-start=\"1762\" data-end=\"1877\">Vous pouvez vous rendre \u00e0 la mairie du <strong data-start=\"1801\" data-end=\"1822\">lundi au vendredi<\/strong>, matin et apr\u00e8s-midi, ainsi que le <strong data-start=\"1858\" data-end=\"1874\">samedi matin<\/strong>.<\/p><\/li><li data-start=\"1878\" data-end=\"1957\"><p data-start=\"1880\" data-end=\"1957\">Pour <strong data-start=\"1885\" data-end=\"1899\">\u00e9tat civil<\/strong> et <strong data-start=\"1903\" data-end=\"1924\">pi\u00e8ces d\u2019identit\u00e9<\/strong>, pensez \u00e0 prendre rendez-vous.<\/p><\/li><li data-start=\"1958\" data-end=\"2063\"><p data-start=\"1960\" data-end=\"2063\">La <strong data-start=\"1963\" data-end=\"1982\">France Services<\/strong> offre un guichet de proximit\u00e9 pour vos d\u00e9marches administratives quotidiennes.<\/p><\/li><li data-start=\"2064\" data-end=\"2148\"><p data-start=\"2066\" data-end=\"2148\"><strong data-start=\"2066\" data-end=\"2077\">Contact<\/strong> principal via t\u00e9l\u00e9phone ou email, pratiques et facilement accessibles.<\/p><\/li><\/ul><h2>T\u00e9l\u00e9gramme Gu\u00e9m\u00e9n\u00e9-sur-Scorff<\/h2><article class=\"text-token-text-primary w-full\" dir=\"auto\" data-testid=\"conversation-turn-10\" data-scroll-anchor=\"false\"><div class=\"text-base my-auto mx-auto py-5 [--thread-content-margin:--spacing(4)] @[37rem]:[--thread-content-margin:--spacing(6)] @[72rem]:[--thread-content-margin:--spacing(16)] px-(--thread-content-margin)\"><div class=\"[--thread-content-max-width:32rem] @[34rem]:[--thread-content-max-width:40rem] @[64rem]:[--thread-content-max-width:48rem] mx-auto flex max-w-(--thread-content-max-width) flex-1 text-base gap-4 md:gap-5 lg:gap-6 group\/turn-messages focus-visible:outline-hidden\" tabindex=\"-1\"><div class=\"group\/conversation-turn relative flex w-full min-w-0 flex-col agent-turn\"><div class=\"relative flex-col gap-1 md:gap-3\"><div class=\"flex max-w-full flex-col grow\"><div class=\"min-h-8 text-message relative flex w-full flex-col items-end gap-2 text-start break-words whitespace-normal [.text-message+&]:mt-5\" dir=\"auto\" data-message-author-role=\"assistant\" data-message-id=\"f52a878c-3564-4ba7-9681-9bf993bf1a26\" data-message-model-slug=\"gpt-4o\"><div class=\"flex w-full flex-col gap-1 empty:hidden first:pt-[3px]\"><div class=\"markdown prose dark:prose-invert w-full break-words light\"><p data-start=\"0\" data-end=\"37\"><span class=\"relative -mx-px my-[-0.2rem] rounded px-px py-[0.2rem] transition-colors duration-100 ease-in-out\">Voici une description de la page <strong data-start=\"33\" data-end=\"106\">\u00ab Gu\u00e9men\u00e9\u2011sur\u2011Scorff \u2013 actualit\u00e9s et informations locales en direct \u00bb<\/strong> du journal <strong data-start=\"118\" data-end=\"135\">Le T\u00e9l\u00e9gramme<\/strong><\/span><\/p><p data-start=\"44\" data-end=\"195\"><span class=\"relative -mx-px my-[-0.2rem] rounded px-px py-[0.2rem] transition-colors duration-100 ease-in-out\">La page <strong data-start=\"8\" data-end=\"41\">T\u00e9l\u00e9gramme Gu\u00e9men\u00e9\u2011sur\u2011Scorff<\/strong> rassemble en temps r\u00e9el l\u2019actualit\u00e9 de la commune du Morbihan. Vous y trouvez des <strong data-start=\"124\" data-end=\"148\">informations locales<\/strong>, comme les comptes-rendus de la kermesse scolaire (28\u202fjuin 2025), les r\u00e9sultats des concours de p\u00e9tanque, ou les changements d\u2019organisation de la brocante et braderie estivale<\/span>. <span class=\"relative -mx-px my-[-0.2rem] rounded px-px py-[0.2rem] transition-colors duration-100 ease-in-out\">L\u2019agenda int\u00e9grant les <strong data-start=\"23\" data-end=\"93\">festivals, randonn\u00e9es, lotos, spectacles et \u00e9v\u00e9nements associatifs<\/strong>, offre une vision riche et vari\u00e9e de la vie locale\u202f<\/span>.<\/p><p data-start=\"197\" data-end=\"348\"><span class=\"relative -mx-px my-[-0.2rem] rounded px-px py-[0.2rem] transition-colors duration-100 ease-in-out\">La m\u00e9t\u00e9o est mise \u00e0 jour quotidiennement, avec les temp\u00e9ratures, la vitesse du vent ou les pr\u00e9cipitations attendues\u202f<\/span>. <span class=\"relative -mx-px my-[-0.2rem] rounded px-px py-[0.2rem] transition-colors duration-100 ease-in-out\">On y trouve aussi des rubriques permanentes : <strong data-start=\"46\" data-end=\"92\">avis de d\u00e9c\u00e8s, annonces l\u00e9gales, b\u00e9n\u00e9volat<\/strong>, ainsi que des pages sp\u00e9cifiques sur <strong data-start=\"130\" data-end=\"149\">infos pratiques<\/strong> communales\u202f<\/span>.<\/p><p data-start=\"350\" data-end=\"507\"><span class=\"relative -mx-px my-[-0.2rem] rounded px-px py-[0.2rem] transition-colors duration-100 ease-in-out\">Les reportages illustr\u00e9s offrent un rendu vivant des activit\u00e9s : photos de stands de maquillage, files d\u2019attente ou sc\u00e8nes de vie locale\u202f<\/span>. <span class=\"relative -mx-px my-[-0.2rem] rounded px-px py-[0.2rem] transition-colors duration-100 ease-in-out\">Enfin, les articles \u00ab abonn\u00e9s \u00bb approfondissent certaines actualit\u00e9s, telles que les bilans municipaux ou les \u00e9volutions budg\u00e9taires\u202f<\/span><\/p><p data-start=\"509\" data-end=\"688\">En r\u00e9sum\u00e9, la page <strong data-start=\"528\" data-end=\"561\">T\u00e9l\u00e9gramme Gu\u00e9men\u00e9\u2011sur\u2011Scorff<\/strong> est un indispensable pour suivre au quotidien la vie culturelle, associative, m\u00e9t\u00e9o, sportive et administrative de la commune.<\/p><h3 data-start=\"4954\" data-end=\"4968\">Conclusion<\/h3><p data-start=\"4970\" data-end=\"5209\"><strong data-start=\"4970\" data-end=\"4992\">Gu\u00e9men\u00e9-sur-Scorff<\/strong> est un tr\u00e9sor m\u00e9di\u00e9val breton\u202f: histoire de seigneurs, architecture \u00e9tonnante, gastronomie artisanale, culture vivante et nature accueillante se m\u00ealent harmonieusement. Une escapade incontournable en centre-Bretagne.<\/p><\/div><\/div><\/div><\/div><\/div><\/div><\/div><\/div><\/article><h2 data-start=\"3592\" data-end=\"3614\">Foire Aux Questions \u2013 <strong data-start=\"4970\" data-end=\"4992\">Gu\u00e9men\u00e9-sur-Scorff<\/strong><\/h2><h3 data-start=\"3616\" data-end=\"3654\">Qu\u2019est-ce que Gu\u00e9men\u00e9\u2011sur\u2011Scorff ?<\/h3><p data-start=\"3655\" data-end=\"3826\">Gu\u00e9men\u00e9\u2011sur\u2011Scorff est une <strong data-start=\"3682\" data-end=\"3711\">Petite Cit\u00e9 de Caract\u00e8re<\/strong>\u00a0fond\u00e9e vers 1050, riche de vestiges m\u00e9di\u00e9vaux et labellis\u00e9e pour son architecture et son andouille traditionnelle.<\/p><h3 data-start=\"3828\" data-end=\"3870\">Pourquoi l\u2019appelle\u2011t\u2011on \u201csur\u2011Scorff\u201d ?<\/h3><p data-start=\"3871\" data-end=\"3979\">Le village est implant\u00e9 sur les rives du Scorff, rivi\u00e8re qui a fa\u00e7onn\u00e9 ses vallons et contribue \u00e0 sa beaut\u00e9.<\/p><h3 data-start=\"3981\" data-end=\"4018\">Quelles visites incontournables ?<\/h3><p data-start=\"4019\" data-end=\"4182\">Les vestiges du ch\u00e2teau (tour, porterie), la m\u00e9diath\u00e8que-auditoire, les maisons m\u00e9di\u00e9vales, l\u2019\u00e9glise sans clocher, les halles, et le mus\u00e9e des \u201cBains de la Reine\u201d.<\/p><h3 data-start=\"4184\" data-end=\"4231\">Peut-on assister \u00e0 la F\u00eate de l\u2019Andouille ?<\/h3><p data-start=\"4232\" data-end=\"4333\">Oui, chaque ann\u00e9e, cette f\u00eate attire plusieurs milliers de visiteurs \u00e0 <strong data-start=\"4970\" data-end=\"4992\">Gu\u00e9men\u00e9-sur-Scorff<\/strong> autour de la gastronomie locale.<\/p><h3 data-start=\"4335\" data-end=\"4391\">Quels artisans produire l\u2019andouille traditionnelle ?<\/h3><p data-start=\"4392\" data-end=\"4496\">Deux maisons restent fid\u00e8les \u00e0 la fabrication manuelle : la Maison de l\u2019Andouille et la Maison Levesque.<\/p><h3 data-start=\"4498\" data-end=\"4544\">Comment se d\u00e9placer \u00e0 Gu\u00e9men\u00e9-sur-Scorff ?<\/h3><p data-start=\"4545\" data-end=\"4673\">En voiture (acc\u00e8s autour de Lorient\/Pontivy), et \u00e0 pied dans le c\u0153ur historique de <strong data-start=\"4970\" data-end=\"4992\">Gu\u00e9men\u00e9-sur-Scorff<\/strong> ; le march\u00e9 hebdomadaire ajoute un charme local.<\/p><h3 data-start=\"4675\" data-end=\"4715\">La langue bretonne est-elle parl\u00e9e ?<\/h3><p data-start=\"4716\" data-end=\"4815\">Oui, notamment le breton vannetais\u202f: la commune s\u2019implique dans la promotion via Ya d\u2019ar brezhoneg.<\/p><h3 data-start=\"4817\" data-end=\"4846\">Quelles balades proches ?<\/h3><p data-start=\"4847\" data-end=\"4947\">Promenade dans les vallons du Scorff, visites guid\u00e9es historiques, et d\u00e9couverte du centre m\u00e9di\u00e9val.<\/p><h3 data-start=\"4954\" data-end=\"4968\">Conclusion<\/h3><p data-start=\"4970\" data-end=\"5209\"><strong data-start=\"4970\" data-end=\"4992\">Gu\u00e9men\u00e9-sur-Scorff<\/strong> est un tr\u00e9sor m\u00e9di\u00e9val breton\u202f: histoire de seigneurs, architecture \u00e9tonnante, gastronomie artisanale, culture vivante et nature accueillante se m\u00ealent harmonieusement. <a href=\"https:\/\/guemene-sur-scorff.com\/\" target=\"_blank\" rel=\"noopener\">Une escapade incontournable<\/a> en centre-Bretagne.<\/p><p data-start=\"5211\" data-end=\"5313\">\u00a0<\/p>\t\t\t\t\t\t\t\t<\/div>\n\t\t\t\t\t<\/div>\n\t\t\t\t<\/div>\n\t\t<div class=\"elementor-element elementor-element-253c3f2 e-flex e-con-boxed e-con e-parent\" data-id=\"253c3f2\" data-element_type=\"container\" data-e-type=\"container\">\n\t\t\t\t\t<div class=\"e-con-inner\">\n\t\t\t\t<div class=\"elementor-element elementor-element-e726c4f elementor-widget elementor-widget-listeo-posts-grid\" data-id=\"e726c4f\" data-element_type=\"widget\" data-e-type=\"widget\" data-widget_type=\"listeo-posts-grid.default\">\n\t\t\t\t<div class=\"elementor-widget-container\">\n\t\t\t\t\t\t\t\n\t\t<div class=\"listeo-post-grid-wrapper\">\n\t\t\t<div class=\"row\">\n\n\t\t\t\n\n\t\t\t\t\t\t\t<div class=\"col-md-4\">\n                <a href=\"https:\/\/cparici.com\/en\/ploerdut\/\" class=\"blog-compact-item-container\">\n                    <div class=\"blog-compact-item\">\n                        <img decoding=\"async\" width=\"577\" height=\"207\" src=\"https:\/\/cparici.com\/wp-content\/uploads\/2026\/02\/Ploerdut--577x207.jpg\" class=\"attachment-listeo-blog-related-post size-listeo-blog-related-post wp-post-image\" alt=\"Ploerdut\" srcset=\"https:\/\/cparici.com\/wp-content\/uploads\/2026\/02\/Ploerdut--577x207.jpg 577w, https:\/\/cparici.com\/wp-content\/uploads\/2026\/02\/Ploerdut--300x108.jpg 300w, https:\/\/cparici.com\/wp-content\/uploads\/2026\/02\/Ploerdut--1024x368.jpg 1024w, https:\/\/cparici.com\/wp-content\/uploads\/2026\/02\/Ploerdut--768x276.jpg 768w, https:\/\/cparici.com\/wp-content\/uploads\/2026\/02\/Ploerdut--18x6.jpg 18w, https:\/\/cparici.com\/wp-content\/uploads\/2026\/02\/Ploerdut--590x212.jpg 590w, https:\/\/cparici.com\/wp-content\/uploads\/2026\/02\/Ploerdut--1200x431.jpg 1200w, https:\/\/cparici.com\/wp-content\/uploads\/2026\/02\/Ploerdut--600x216.jpg 600w, https:\/\/cparici.com\/wp-content\/uploads\/2026\/02\/Ploerdut-.jpg 1536w\" sizes=\"(max-width: 577px) 100vw, 577px\" \/><span class=\"blog-item-tag\">Bretagne<\/span>                        \n                        <div class=\"blog-compact-item-content\">\n                                                        <h3>Plo\u00ebrdut : guide complet pour d\u00e9couvrir la commune<\/h3>\n                                                        <p>Recherches populaires Categories Pas de r\u00e9sultats Voir tous les r\u00e9sultats Plo\u00ebrdut : guide complet pour...                            <\/p>\n                                                    <\/div>\n                    <\/div>\n                <\/a>\n            <\/div>\n\t\t\t<div class=\"col-md-4\">\n                <a href=\"https:\/\/cparici.com\/en\/rochefort-en-terre\/\" class=\"blog-compact-item-container\">\n                    <div class=\"blog-compact-item\">\n                        <img decoding=\"async\" width=\"577\" height=\"204\" src=\"https:\/\/cparici.com\/wp-content\/uploads\/2025\/07\/cparici-38-577x204.jpg\" class=\"attachment-listeo-blog-related-post size-listeo-blog-related-post wp-post-image\" alt=\"Rochefort en Terre\" srcset=\"https:\/\/cparici.com\/wp-content\/uploads\/2025\/07\/cparici-38-577x204.jpg 577w, https:\/\/cparici.com\/wp-content\/uploads\/2025\/07\/cparici-38-300x106.jpg 300w, https:\/\/cparici.com\/wp-content\/uploads\/2025\/07\/cparici-38-1024x362.jpg 1024w, https:\/\/cparici.com\/wp-content\/uploads\/2025\/07\/cparici-38-768x271.jpg 768w, https:\/\/cparici.com\/wp-content\/uploads\/2025\/07\/cparici-38-18x6.jpg 18w, https:\/\/cparici.com\/wp-content\/uploads\/2025\/07\/cparici-38-590x208.jpg 590w, https:\/\/cparici.com\/wp-content\/uploads\/2025\/07\/cparici-38-1200x424.jpg 1200w, https:\/\/cparici.com\/wp-content\/uploads\/2025\/07\/cparici-38-600x212.jpg 600w, https:\/\/cparici.com\/wp-content\/uploads\/2025\/07\/cparici-38.jpg 1500w\" sizes=\"(max-width: 577px) 100vw, 577px\" \/><span class=\"blog-item-tag\">Bretagne<\/span>                        \n                        <div class=\"blog-compact-item-content\">\n                                                        <h3>Rochefort\u202fen\u202fTerre, joyau m\u00e9di\u00e9val du Morbihan<\/h3>\n                                                        <p>Recherches populaires Categories Pas de r\u00e9sultats Voir tous les r\u00e9sultats Rochefort\u202fen\u202fTerre\u202f: joyau m\u00e9di\u00e9val du Morbihan...                            <\/p>\n                                                    <\/div>\n                    <\/div>\n                <\/a>\n            <\/div>\n\t\t\t<div class=\"col-md-4\">\n                <a href=\"https:\/\/cparici.com\/en\/visiter-le-morbihan-guide-des-sites-et-activites-a-ne-pas-manquer\/\" class=\"blog-compact-item-container\">\n                    <div class=\"blog-compact-item\">\n                        <img decoding=\"async\" width=\"577\" height=\"181\" src=\"https:\/\/cparici.com\/wp-content\/uploads\/2024\/04\/visiter-le-morbihan-Lorient.jpg\" class=\"attachment-listeo-blog-related-post size-listeo-blog-related-post wp-post-image\" alt=\"visiter le morbihan Lorient\" srcset=\"https:\/\/cparici.com\/wp-content\/uploads\/2024\/04\/visiter-le-morbihan-Lorient.jpg 1750w, https:\/\/cparici.com\/wp-content\/uploads\/2024\/04\/visiter-le-morbihan-Lorient-600x189.jpg 600w, https:\/\/cparici.com\/wp-content\/uploads\/2024\/04\/visiter-le-morbihan-Lorient-300x94.jpg 300w, https:\/\/cparici.com\/wp-content\/uploads\/2024\/04\/visiter-le-morbihan-Lorient-1024x322.jpg 1024w, https:\/\/cparici.com\/wp-content\/uploads\/2024\/04\/visiter-le-morbihan-Lorient-768x241.jpg 768w, https:\/\/cparici.com\/wp-content\/uploads\/2024\/04\/visiter-le-morbihan-Lorient-1536x483.jpg 1536w\" sizes=\"(max-width: 577px) 100vw, 577px\" \/><span class=\"blog-item-tag\">Bretagne<\/span>                        \n                        <div class=\"blog-compact-item-content\">\n                                                        <h3>Morbihan \u2013 guide de visite<\/h3>\n                                                        <p>Vous voulez visiter le Morbihan ? Suivez notre guide et profitez de ses richesses culturelles,...                            <\/p>\n                                                    <\/div>\n                    <\/div>\n                <\/a>\n            <\/div>\n  <\/div>\n        <\/div>\n        \t\t\t\t<\/div>\n\t\t\t\t<\/div>\n\t\t\t\t\t<\/div>\n\t\t\t\t<\/div>\n\t\t\t\t<\/div>\n\t\t","protected":false},"excerpt":{"rendered":"<p>Recherches populaires Categories Pas de r\u00e9sultats Voir tous les r\u00e9sultats Gu\u00e9men\u00e9-sur-Scorff D\u00e9couvrez Gu\u00e9men\u00e9-sur-Scorff, charmante cit\u00e9 m\u00e9di\u00e9vale au c\u0153ur du Morbihan, et plongez dans son patrimoine exceptionnel. Situ\u00e9e dans le centre bretagne, cette perle bretonne vous invite \u00e0 explorer ses ruelles, vestiges historiques et sp\u00e9cialit\u00e9s locales. Origines historiques et toponymie Le nom Gu\u00e9men\u00e9-sur-Scorff vient de Kemenet-Gu\u00e9gant, [&hellip;]<\/p>\n","protected":false},"author":97,"featured_media":67461,"comment_status":"closed","ping_status":"closed","sticky":false,"template":"","format":"standard","meta":{"ngg_post_thumbnail":0,"footnotes":""},"categories":[477,478,1057,529],"tags":[],"class_list":["post-67382","post","type-post","status-publish","format-standard","has-post-thumbnail","hentry","category-france","category-bretagne","category-guemene-sur-scorff","category-morbihan"],"_links":{"self":[{"href":"https:\/\/cparici.com\/en\/wp-json\/wp\/v2\/posts\/67382","targetHints":{"allow":["GET"]}}],"collection":[{"href":"https:\/\/cparici.com\/en\/wp-json\/wp\/v2\/posts"}],"about":[{"href":"https:\/\/cparici.com\/en\/wp-json\/wp\/v2\/types\/post"}],"author":[{"embeddable":true,"href":"https:\/\/cparici.com\/en\/wp-json\/wp\/v2\/users\/97"}],"replies":[{"embeddable":true,"href":"https:\/\/cparici.com\/en\/wp-json\/wp\/v2\/comments?post=67382"}],"version-history":[{"count":2,"href":"https:\/\/cparici.com\/en\/wp-json\/wp\/v2\/posts\/67382\/revisions"}],"predecessor-version":[{"id":89158,"href":"https:\/\/cparici.com\/en\/wp-json\/wp\/v2\/posts\/67382\/revisions\/89158"}],"wp:featuredmedia":[{"embeddable":true,"href":"https:\/\/cparici.com\/en\/wp-json\/wp\/v2\/media\/67461"}],"wp:attachment":[{"href":"https:\/\/cparici.com\/en\/wp-json\/wp\/v2\/media?parent=67382"}],"wp:term":[{"taxonomy":"category","embeddable":true,"href":"https:\/\/cparici.com\/en\/wp-json\/wp\/v2\/categories?post=67382"},{"taxonomy":"post_tag","embeddable":true,"href":"https:\/\/cparici.com\/en\/wp-json\/wp\/v2\/tags?post=67382"}],"curies":[{"name":"wp","href":"https:\/\/api.w.org\/{rel}","templated":true}]}}