{"id":67771,"date":"2025-07-14T07:32:48","date_gmt":"2025-07-14T05:32:48","guid":{"rendered":"https:\/\/cparici.com\/?p=67771"},"modified":"2025-07-14T07:42:17","modified_gmt":"2025-07-14T05:42:17","slug":"auray-the-medieval-jewel-of-morbihan","status":"publish","type":"post","link":"https:\/\/cparici.com\/en\/auray-joyau-medieval-du-morbihan\/","title":{"rendered":"Auray, the medieval jewel of Morbihan"},"content":{"rendered":"\t\t<div data-elementor-type=\"wp-post\" data-elementor-id=\"67771\" class=\"elementor elementor-67771\" data-elementor-post-type=\"post\">\n\t\t\t\t<div class=\"elementor-element elementor-element-eb83b68 e-con-full e-flex e-con e-parent\" data-id=\"eb83b68\" data-element_type=\"container\" data-e-type=\"container\">\n\t\t\t\t<div class=\"elementor-element elementor-element-ccc18e4 elementor-widget elementor-widget-image\" data-id=\"ccc18e4\" data-element_type=\"widget\" data-e-type=\"widget\" data-widget_type=\"image.default\">\n\t\t\t\t\t\t\t\t\t\t\t\t\t\t\t<img decoding=\"async\" width=\"1500\" height=\"530\" src=\"https:\/\/cparici.com\/wp-content\/uploads\/2025\/07\/cparici-80.jpg\" class=\"attachment-full size-full wp-image-67772\" alt=\"Auray\" srcset=\"https:\/\/cparici.com\/wp-content\/uploads\/2025\/07\/cparici-80.jpg 1500w, https:\/\/cparici.com\/wp-content\/uploads\/2025\/07\/cparici-80-300x106.jpg 300w, https:\/\/cparici.com\/wp-content\/uploads\/2025\/07\/cparici-80-1024x362.jpg 1024w, https:\/\/cparici.com\/wp-content\/uploads\/2025\/07\/cparici-80-768x271.jpg 768w, https:\/\/cparici.com\/wp-content\/uploads\/2025\/07\/cparici-80-18x6.jpg 18w, https:\/\/cparici.com\/wp-content\/uploads\/2025\/07\/cparici-80-590x208.jpg 590w, https:\/\/cparici.com\/wp-content\/uploads\/2025\/07\/cparici-80-1200x424.jpg 1200w, https:\/\/cparici.com\/wp-content\/uploads\/2025\/07\/cparici-80-577x204.jpg 577w, https:\/\/cparici.com\/wp-content\/uploads\/2025\/07\/cparici-80-600x212.jpg 600w\" sizes=\"(max-width: 1500px) 100vw, 1500px\" \/>\t\t\t\t\t\t\t\t\t\t\t\t\t\t\t<\/div>\n\t\t\t\t<\/div>\n\t\t<aside class=\"elementor-element elementor-element-302f74b e-flex e-con-boxed e-con e-parent\" data-id=\"302f74b\" data-element_type=\"container\" data-e-type=\"container\">\n\t\t\t\t\t<div class=\"e-con-inner\">\n\t\t\t\t<div class=\"elementor-element elementor-element-373c43d elementor-widget elementor-widget-global elementor-global-62046 elementor-widget-eael-advanced-search\" data-id=\"373c43d\" data-element_type=\"widget\" data-e-type=\"widget\" data-widget_type=\"eael-advanced-search.default\">\n\t\t\t\t\t        <div class=\"eael-adv-search-wrapper\">\n            <div id=\"eael-advanced-search-widget-373c43d\" class=\"eael-advanced-search-widget\">\n                <form data-settings=\"{&quot;post_per_page&quot;:5,&quot;search_among_taxonomies&quot;:&quot;&quot;,&quot;search_among_sku&quot;:&quot;no&quot;,&quot;show_popular_keyword&quot;:0,&quot;show_category&quot;:0,&quot;show_content_image&quot;:1,&quot;show_search_result_all_results&quot;:0,&quot;result_on_new_tab&quot;:&quot;no&quot;,&quot;show_product_price&quot;:&quot;no&quot;,&quot;include_current_page&quot;:&quot;no&quot;,&quot;current_post_id&quot;:67771,&quot;post_type&quot;:[&quot;post&quot;,&quot;listing&quot;]}\" method=\"POST\" name=\"eael-advanced-search-form-373c43d\" class=\"eael-advanced-search-form eael-advanced-search-form-style-2\">\n                    <div class=\"eael-advanced-search-wrap\">\n                        <span class=\"eael-adv-search-loader\"><\/span>\n                        <span class=\"eael-adv-search-close\"><i class=\"fas fa-times\"><\/i><\/span>\n                        <span class=\"icon \"><i class=\"fas fa-search\"><\/i><\/span>\n\n                        <input type=\"text\"\n                               placeholder=\"Votre destination\"\n                               class=\"eael-advanced-search\" autocomplete=\"off\" name=\"eael_advanced_search\">\n                    <\/div>\n\t\t\t\t\t                                    <\/form>\n\n\t\t\t\t\n\t\t\t\t        <div class=\"eael-advanced-search-result\">\n            <div class=\"eael-advanced-search-popular-keyword\">\n\t\t\t\t<h4 class=\"eael-advanced-search-popular-keyword-text\">Recherches populaires<\/h4>                <div class=\"eael-popular-keyword-content\"><\/div>\n            <\/div>\n            <div class=\"eael-advanced-search-category\">\n\t\t\t\t<h4 class=\"eael-advanced-search-category-text\">Categories<\/h4>                <div class=\"eael-popular-category-content\"><\/div>\n            <\/div>\n\t\t\t<div class=\"eael-advanced-search-total-results-section\">\n\t\t\t\t\t\t\t<\/div>\n            <div class=\"eael-advanced-search-content eael-item-style-3\">\n            <\/div>\n            <div class=\"eael-advanced-search-not-found\">\n                <p>Pas de r\u00e9sultats<\/p><\/div>\n            <div class=\"eael-advanced-search-load-more\">\n\t\t\t\t<a \tclass=\"eael-advanced-search-load-more-button\"\n                \thref=\"#\">Voir tous les r\u00e9sultats<\/a>\n            <\/div>\n        <\/div>\n\n\t\t            <\/div>\n        <\/div>\n\n\t\t\t\t\t\t<\/div>\n\t\t\t\t\t<\/div>\n\t\t\t\t<\/aside>\n\t\t<div class=\"elementor-element elementor-element-11444735 e-flex e-con-boxed e-con e-parent\" data-id=\"11444735\" data-element_type=\"container\" data-e-type=\"container\">\n\t\t\t\t\t<div class=\"e-con-inner\">\n\t\t\t\t<div class=\"elementor-element elementor-element-1f71783a elementor-widget elementor-widget-text-editor\" data-id=\"1f71783a\" data-element_type=\"widget\" data-e-type=\"widget\" data-widget_type=\"text-editor.default\">\n\t\t\t\t\t\t\t\t\t<h1 style=\"text-align: center;\" data-start=\"108\" data-end=\"143\">Auray, joyau m\u00e9di\u00e9val du Morbihan<\/h1>\r\n<p data-start=\"145\" data-end=\"564\"><strong data-start=\"145\" data-end=\"154\">Auray<\/strong>, charmante cit\u00e9 <a href=\"https:\/\/cparici.com\/visiter-la-bretagne-guide-des-sites-et-villes-a-explorer\/\">bretonne<\/a>, respire l\u2019histoire \u00e0 chaque pav\u00e9. Du <strong data-start=\"218\" data-end=\"249\">vieux port de Saint\u2011Goustan<\/strong> au <strong data-start=\"253\" data-end=\"281\">patrimoine architectural<\/strong>, en passant par la gastronomie locale, chaque coin r\u00e9v\u00e8le le caract\u00e8re authentique de cette ville. Ce guide vous embarque pour une d\u00e9couverte compl\u00e8te et optimis\u00e9e de <strong data-start=\"449\" data-end=\"458\">Auray<\/strong> \u2013 du pays dont elle fait partie \u2013, vous invitant \u00e0 explorer, ressentir et savourer son atmosph\u00e8re unique.<\/p>\r\n\r\n<h2 data-start=\"571\" data-end=\"610\">Un patrimoine riche et vari\u00e9 \u00e0 Auray<\/h2>\r\n<h3 data-start=\"86\" data-end=\"152\">Le port de Saint\u2011Goustan : c\u0153ur historique et pittoresque<\/h3>\r\n<p data-start=\"154\" data-end=\"384\"><span class=\"relative -mx-px my-[-0.2rem] rounded px-px py-[0.2rem] transition-colors duration-100 ease-in-out\">Le <strong data-start=\"3\" data-end=\"28\">port de Saint\u2011Goustan<\/strong>, sur la rivi\u00e8re d\u2019Auray (aussi appel\u00e9e Loc\u2019h), est un authentique vestige m\u00e9di\u00e9val am\u00e9nag\u00e9 d\u00e8s le XII\u1d49 si\u00e8cle gr\u00e2ce \u00e0 la construction d\u2019un gu\u00e9 puis d\u2019un pont sur ordre des ducs de Bretagne<\/span>. <span class=\"relative -mx-px my-[-0.2rem] rounded px-px py-[0.2rem] transition-colors duration-100 ease-in-out\">Nich\u00e9 dans une ria, ce port entretient un charme intact\u202f: ruelles pav\u00e9es, pont vo\u00fbt\u00e9 de pierre et maisons \u00e0 pans de bois des XVe\u2013XVIe si\u00e8cles l\u2019illuminent de leur esth\u00e9tique<\/span>. <span class=\"relative -mx-px my-[-0.2rem] rounded px-px py-[0.2rem] transition-colors duration-100 ease-in-out\">Le pont, fameux pour ses quatre arches en anse de panier, date de 1464 et relie la ville haute au port<\/span>.<\/p>\r\n<p data-start=\"386\" data-end=\"583\"><span class=\"relative -mx-px my-[-0.2rem] rounded px-px py-[0.2rem] transition-colors duration-100 ease-in-out\">Le port de commerce, actif aux XVIe\u2013XVIIe si\u00e8cles, importait vin, sel, cuir, fer et exportait c\u00e9r\u00e9ales, beurre, poisson\u2026 jusqu\u2019\u00e0 ce qu\u2019il d\u00e9cline au profit du port de Lorient d\u00e8s le XVIIe si\u00e8cle<\/span>. <span class=\"relative -mx-px my-[-0.2rem] rounded px-px py-[0.2rem] transition-colors duration-100 ease-in-out\">Aujourd\u2019hui, le port de plaisance accueille environ 155 bateaux, et des manifestations comme les joutes du Loc\u2019h, march\u00e9s artisanaux ou festivals de fruits de mer s\u2019y tiennent r\u00e9guli\u00e8rement<\/span>. <span class=\"relative -mx-px my-[-0.2rem] rounded px-px py-[0.2rem] transition-colors duration-100 ease-in-out\">Sa photog\u00e9nie en fait un lieu pris\u00e9 par peintres et photographes.<\/span><\/p>\r\n\r\n\r\n<figure id=\"attachment_67773\" aria-describedby=\"caption-attachment-67773\" style=\"width: 1500px\" class=\"wp-caption aligncenter\"><a href=\"https:\/\/cparici.com\/wp-content\/uploads\/2025\/07\/cparici-81.jpg\"><img decoding=\"async\" class=\"wp-image-67773 size-full\" src=\"https:\/\/cparici.com\/wp-content\/uploads\/2025\/07\/cparici-81.jpg\" alt=\"Auray\" width=\"1500\" height=\"530\" srcset=\"https:\/\/cparici.com\/wp-content\/uploads\/2025\/07\/cparici-81.jpg 1500w, https:\/\/cparici.com\/wp-content\/uploads\/2025\/07\/cparici-81-300x106.jpg 300w, https:\/\/cparici.com\/wp-content\/uploads\/2025\/07\/cparici-81-1024x362.jpg 1024w, https:\/\/cparici.com\/wp-content\/uploads\/2025\/07\/cparici-81-768x271.jpg 768w, https:\/\/cparici.com\/wp-content\/uploads\/2025\/07\/cparici-81-18x6.jpg 18w, https:\/\/cparici.com\/wp-content\/uploads\/2025\/07\/cparici-81-590x208.jpg 590w, https:\/\/cparici.com\/wp-content\/uploads\/2025\/07\/cparici-81-1200x424.jpg 1200w, https:\/\/cparici.com\/wp-content\/uploads\/2025\/07\/cparici-81-577x204.jpg 577w, https:\/\/cparici.com\/wp-content\/uploads\/2025\/07\/cparici-81-600x212.jpg 600w\" sizes=\"(max-width: 1500px) 100vw, 1500px\" \/><\/a><figcaption id=\"caption-attachment-67773\" class=\"wp-caption-text\">Auray<\/figcaption><\/figure>\r\n<h3 data-start=\"590\" data-end=\"646\">La ville haute : entre histoire et architecture<\/h3>\r\n<p data-start=\"648\" data-end=\"849\"><span class=\"relative -mx-px my-[-0.2rem] rounded px-px py-[0.2rem] transition-colors duration-100 ease-in-out\">Sur la rive oppos\u00e9e du port, la <strong data-start=\"32\" data-end=\"47\">ville haute<\/strong> d\u2019Auray s\u2019organise autour de l\u2019\u00e9glise Saint\u2011Gildas (1636) et des vestiges du ch\u00e2teau ducal construit d\u00e8s 1201<\/span>. <span class=\"relative -mx-px my-[-0.2rem] rounded px-px py-[0.2rem] transition-colors duration-100 ease-in-out\">Ses ruelles m\u00e9di\u00e9vales, comme la rue Alexandre Jardin, abritent de magnifiques maisons \u00e0 colombages, ateliers d\u2019artisans, galeries et espaces culturels<\/span>. <span class=\"relative -mx-px my-[-0.2rem] rounded px-px py-[0.2rem] transition-colors duration-100 ease-in-out\">La <strong data-start=\"3\" data-end=\"31\">chapelle du Saint\u2011Esprit<\/strong>, ancienne chapelle devenue prison puis caserne, t\u00e9moigne de la dimension \u00e9volutive du patrimoine local.<\/span><\/p>\r\n<p data-start=\"851\" data-end=\"971\"><span class=\"relative -mx-px my-[-0.2rem] rounded px-px py-[0.2rem] transition-colors duration-100 ease-in-out\">Les vestiges du <strong data-start=\"16\" data-end=\"38\">manoir de Kerl\u00e9ano<\/strong>, de naissance de Georges Cadoudal (figure chouanne), apportent l\u2019approche historique de la province, entre royaut\u00e9 et r\u00e9voltes<\/span> . <span class=\"relative -mx-px my-[-0.2rem] rounded px-px py-[0.2rem] transition-colors duration-100 ease-in-out\">\u00c0 cela s\u2019ajoute un th\u00e9\u00e2tre construit en 1910 dans le style \u00ab \u00e0 l\u2019italienne \u00bb, reflet d\u2019une \u00e9poque plus r\u00e9cente.<\/span><\/p>\r\n\r\n<h3 data-start=\"978\" data-end=\"1045\">Le sanctuaire de Sainte\u2011Anne d\u2019Auray : ferveur et s\u00e9r\u00e9nit\u00e9<\/h3>\r\n<p data-start=\"1047\" data-end=\"1329\"><span class=\"relative -mx-px my-[-0.2rem] rounded px-px py-[0.2rem] transition-colors duration-100 ease-in-out\">\u00c0 seulement 6\u202fkm d\u2019<strong data-start=\"19\" data-end=\"28\">Auray<\/strong>, le sanctuaire de <strong data-start=\"47\" data-end=\"70\">Sainte\u2011Anne d\u2019Auray<\/strong> est la troisi\u00e8me destination de p\u00e8lerinage la plus importante en France, apr\u00e8s Lourdes et Lisieux<\/span>. <span class=\"relative -mx-px my-[-0.2rem] rounded px-px py-[0.2rem] transition-colors duration-100 ease-in-out\">Fond\u00e9 sur l\u2019apparition de Sainte\u2011Anne \u00e0 Yvon Nicolazic en 1623, le site inclut une basilique de style n\u00e9o\u2011gothique construite entre 1867 et 1872, un clo\u00eetre du XVIIe si\u00e8cle, un m\u00e9morial et une Scala Sancta avec fontaine miraculeuse<\/span>. <span class=\"relative -mx-px my-[-0.2rem] rounded px-px py-[0.2rem] transition-colors duration-100 ease-in-out\">Le pape Jean\u2011Paul\u202fII s\u2019y est rendu en 1996<\/span>, <span class=\"relative -mx-px my-[-0.2rem] rounded px-px py-[0.2rem] transition-colors duration-100 ease-in-out\">r\u00e9affirmant son importance spirituelle. Aujourd\u2019hui, concerts, expositions d\u2019art sacr\u00e9 et pardons bretons y rythment la vie du sanctuaire.<\/span><\/p>\r\n\r\n<h3 data-start=\"995\" data-end=\"1041\">Des vestiges historiques incontournables<\/h3>\r\n<p data-start=\"1042\" data-end=\"1081\"><span class=\"relative -mx-px my-[-0.2rem] rounded px-px py-[0.2rem] transition-colors duration-100 ease-in-out\">Parmi les joyaux d\u2019<strong data-start=\"19\" data-end=\"28\">Auray<\/strong>, on retrouve\u00a0:<\/span><\/p>\r\n\r\n<ul data-start=\"1082\" data-end=\"1247\">\r\n \t<li data-start=\"1082\" data-end=\"1164\">\r\n<p data-start=\"1084\" data-end=\"1164\"><span class=\"relative -mx-px my-[-0.2rem] rounded px-px py-[0.2rem] transition-colors duration-100 ease-in-out\">le <strong data-start=\"3\" data-end=\"25\">manoir de Kerl\u00e9ano<\/strong>, lieu de naissance de Georges Cadoudal, figure de la Chouannerie<\/span><\/p>\r\n<\/li>\r\n \t<li data-start=\"1165\" data-end=\"1247\">\r\n<p data-start=\"1167\" data-end=\"1247\"><span class=\"relative -mx-px my-[-0.2rem] rounded px-px py-[0.2rem] transition-colors duration-100 ease-in-out\">le <strong data-start=\"3\" data-end=\"20\">petit th\u00e9\u00e2tre<\/strong>, construit en 1910, reflet d\u2019une \u00e9poque (style \u00e0 l\u2019italienne)<\/span><\/p>\r\n<\/li>\r\n<\/ul>\r\n<h2 data-start=\"1254\" data-end=\"1303\">Explorer Auray : 5 exp\u00e9riences incontournables<\/h2>\r\n<h3 data-start=\"118\" data-end=\"175\">1. Apprendre la voile \u00e0 bord du <strong data-start=\"154\" data-end=\"175\">sloop Indomptable<\/strong><\/h3>\r\n<p data-start=\"177\" data-end=\"253\"><span class=\"relative -mx-px my-[-0.2rem] rounded px-px py-[0.2rem] transition-colors duration-100 ease-in-out\">\u00c0 Saint\u2011Goustan, embarquez sur <strong data-start=\"31\" data-end=\"48\">L\u2019Indomptable<\/strong>, un sloop coquiller traditionnel servant aussi de bateau-\u00e9cole. Vous participez aux man\u0153uvres : hisser les voiles, barrer, r\u00e9gater dans le Golfe du Morbihan \u2014 une exp\u00e9rience immersive et ludique pour petits et grands.<\/span><\/p>\r\n<p data-start=\"255\" data-end=\"287\"><strong data-start=\"255\" data-end=\"285\">Pourquoi c\u2019est inoubliable<\/strong> :<\/p>\r\n\r\n<ul data-start=\"288\" data-end=\"407\">\r\n \t<li data-start=\"288\" data-end=\"327\">\r\n<p data-start=\"290\" data-end=\"327\"><span class=\"relative -mx-px my-[-0.2rem] rounded px-px py-[0.2rem] transition-colors duration-100 ease-in-out\">Navigation sur un voilier ancien, esprit d\u2019\u00e9quipier ;<\/span><\/p>\r\n<\/li>\r\n \t<li data-start=\"328\" data-end=\"367\">\r\n<p data-start=\"330\" data-end=\"367\"><span class=\"relative -mx-px my-[-0.2rem] rounded px-px py-[0.2rem] transition-colors duration-100 ease-in-out\">D\u00e9couverte du littoral de mani\u00e8re active ;<\/span><\/p>\r\n<\/li>\r\n \t<li data-start=\"368\" data-end=\"407\">\r\n<p data-start=\"370\" data-end=\"407\"><span class=\"relative -mx-px my-[-0.2rem] rounded px-px py-[0.2rem] transition-colors duration-100 ease-in-out\">Sensation d\u2019ancrage dans la culture maritime bretonne.<\/span><\/p>\r\n<\/li>\r\n<\/ul>\r\n<h3 data-start=\"414\" data-end=\"459\">2. Vivre les <strong data-start=\"431\" data-end=\"459\">joutes nautiques du Loch<\/strong><\/h3>\r\n<p data-start=\"461\" data-end=\"537\"><span class=\"relative -mx-px my-[-0.2rem] rounded px-px py-[0.2rem] transition-colors duration-100 ease-in-out\">Chaque \u00e9t\u00e9, le port s\u2019anime lors des <strong data-start=\"37\" data-end=\"65\">joutes nautiques du Loch<\/strong> : comp\u00e9tition amicale entre 24 \u00e9quipages repr\u00e9sentant les communes du Pays d\u2019Auray. Vous assistez \u00e0 un spectacle sportif et festif, dans une ambiance bon enfant (d\u00e9guisements, buvettes\u2026) et solidaire (activit\u00e9 caritative)<\/span><\/p>\r\n<p data-start=\"539\" data-end=\"559\"><strong data-start=\"539\" data-end=\"557\">\u00c0 ne pas rater<\/strong> :<\/p>\r\n\r\n<ul data-start=\"560\" data-end=\"681\">\r\n \t<li data-start=\"560\" data-end=\"599\">\r\n<p data-start=\"562\" data-end=\"599\"><span class=\"relative -mx-px my-[-0.2rem] rounded px-px py-[0.2rem] transition-colors duration-100 ease-in-out\">\u00c9v\u00e9nement familial et g\u00e9n\u00e9reux ;<\/span><\/p>\r\n<\/li>\r\n \t<li data-start=\"600\" data-end=\"639\">\r\n<p data-start=\"602\" data-end=\"639\"><span class=\"relative -mx-px my-[-0.2rem] rounded px-px py-[0.2rem] transition-colors duration-100 ease-in-out\">Entre 9h30 et 19h, alternance de joutes et animations ;<\/span><\/p>\r\n<\/li>\r\n \t<li data-start=\"640\" data-end=\"681\">\r\n<p data-start=\"642\" data-end=\"681\"><span class=\"relative -mx-px my-[-0.2rem] rounded px-px py-[0.2rem] transition-colors duration-100 ease-in-out\">Gratuit, avec restauration sur place.<\/span><\/p>\r\n<\/li>\r\n<\/ul>\r\n<h3 data-start=\"688\" data-end=\"738\">3. Fl\u00e2ner dans les ruelles et galeries d\u2019Auray<\/h3>\r\n<a href=\"https:\/\/cparici.com\/wp-content\/uploads\/2025\/07\/cparici-83.jpg\"><img decoding=\"async\" class=\"aligncenter wp-image-67777 size-full\" title=\"Auray flaner dans les rues de la ville m\u00e9di\u00e9vale\" src=\"https:\/\/cparici.com\/wp-content\/uploads\/2025\/07\/cparici-83.jpg\" alt=\"Auray flaner dans les rues de la ville m\u00e9di\u00e9vale\" width=\"1500\" height=\"530\" srcset=\"https:\/\/cparici.com\/wp-content\/uploads\/2025\/07\/cparici-83.jpg 1500w, https:\/\/cparici.com\/wp-content\/uploads\/2025\/07\/cparici-83-300x106.jpg 300w, https:\/\/cparici.com\/wp-content\/uploads\/2025\/07\/cparici-83-1024x362.jpg 1024w, https:\/\/cparici.com\/wp-content\/uploads\/2025\/07\/cparici-83-768x271.jpg 768w, https:\/\/cparici.com\/wp-content\/uploads\/2025\/07\/cparici-83-18x6.jpg 18w, https:\/\/cparici.com\/wp-content\/uploads\/2025\/07\/cparici-83-590x208.jpg 590w, https:\/\/cparici.com\/wp-content\/uploads\/2025\/07\/cparici-83-1200x424.jpg 1200w, https:\/\/cparici.com\/wp-content\/uploads\/2025\/07\/cparici-83-577x204.jpg 577w, https:\/\/cparici.com\/wp-content\/uploads\/2025\/07\/cparici-83-600x212.jpg 600w\" sizes=\"(max-width: 1500px) 100vw, 1500px\" \/><\/a>\r\n<p data-start=\"740\" data-end=\"820\"><span class=\"relative -mx-px my-[-0.2rem] rounded px-px py-[0.2rem] transition-colors duration-100 ease-in-out\">La <strong data-start=\"3\" data-end=\"18\">ville haute<\/strong> r\u00e9v\u00e8le ruelles pav\u00e9es, escaliers comme la rue du Ch\u00e2teau, ateliers d\u2019artisans et galeries. Une immersion en douceur dans l\u2019\u00e2me culturelle d\u2019Auray, \u00e0 prolonger par une vir\u00e9e shopping conviviale<\/span><\/p>\r\n<p data-start=\"822\" data-end=\"838\"><strong data-start=\"822\" data-end=\"836\">\u00c0 explorer<\/strong> :<\/p>\r\n\r\n<ul data-start=\"839\" data-end=\"964\">\r\n \t<li data-start=\"839\" data-end=\"880\">\r\n<p data-start=\"841\" data-end=\"880\"><span class=\"relative -mx-px my-[-0.2rem] rounded px-px py-[0.2rem] transition-colors duration-100 ease-in-out\">Atelier de poterie, verrier, maroquinier ;<\/span><\/p>\r\n<\/li>\r\n \t<li data-start=\"881\" data-end=\"922\">\r\n<p data-start=\"883\" data-end=\"922\"><span class=\"relative -mx-px my-[-0.2rem] rounded px-px py-[0.2rem] transition-colors duration-100 ease-in-out\">Boutiques d\u2019art contemporain et souvenirs locaux ;<\/span><\/p>\r\n<\/li>\r\n \t<li data-start=\"923\" data-end=\"964\">\r\n<p data-start=\"925\" data-end=\"964\"><span class=\"relative -mx-px my-[-0.2rem] rounded px-px py-[0.2rem] transition-colors duration-100 ease-in-out\">Atmosph\u00e8re pittoresque et authentique.<\/span><\/p>\r\n<\/li>\r\n<\/ul>\r\n<h3 data-start=\"971\" data-end=\"1033\">4. Explorer la rivi\u00e8re d\u2019Auray \u00e0 la voile, kayak ou paddle<\/h3>\r\n<p data-start=\"1035\" data-end=\"1115\"><span class=\"relative -mx-px my-[-0.2rem] rounded px-px py-[0.2rem] transition-colors duration-100 ease-in-out\">Au d\u00e9part de Saint\u2011Goustan, partez en balade nautique sur la rivi\u00e8re du Loc\u2019h pour d\u00e9couvrir au fil de l\u2019eau flore, faune, petites criques et paysages bocagers. Kayak, paddle ou croisi\u00e8re vous permettent d\u2019atteindre des lieux accessibles uniquement depuis la rivi\u00e8re<\/span>.<\/p>\r\n<p data-start=\"1117\" data-end=\"1129\"><strong data-start=\"1117\" data-end=\"1127\">Atouts<\/strong> :<\/p>\r\n\r\n<ul data-start=\"1130\" data-end=\"1255\">\r\n \t<li data-start=\"1130\" data-end=\"1171\">\r\n<p data-start=\"1132\" data-end=\"1171\"><span class=\"relative -mx-px my-[-0.2rem] rounded px-px py-[0.2rem] transition-colors duration-100 ease-in-out\">Immersion dans la nature, paysage pr\u00e9serv\u00e9 ;<\/span><\/p>\r\n<\/li>\r\n \t<li data-start=\"1172\" data-end=\"1213\">\r\n<p data-start=\"1174\" data-end=\"1213\"><span class=\"relative -mx-px my-[-0.2rem] rounded px-px py-[0.2rem] transition-colors duration-100 ease-in-out\">Id\u00e9al en famille ou solo ;<\/span><\/p>\r\n<\/li>\r\n \t<li data-start=\"1214\" data-end=\"1255\">\r\n<p data-start=\"1216\" data-end=\"1255\"><span class=\"relative -mx-px my-[-0.2rem] rounded px-px py-[0.2rem] transition-colors duration-100 ease-in-out\">Calme et cadre propice \u00e0 la d\u00e9tente.<\/span><\/p>\r\n<\/li>\r\n<\/ul>\r\n<h3 data-start=\"1262\" data-end=\"1313\">5. Participer \u00e0 la <strong data-start=\"1285\" data-end=\"1305\">Semaine du Golfe<\/strong> \u00e0 Auray<\/h3>\r\n<p data-start=\"1315\" data-end=\"1395\"><span class=\"relative -mx-px my-[-0.2rem] rounded px-px py-[0.2rem] transition-colors duration-100 ease-in-out\">Tous les deux ans, durant la <strong data-start=\"29\" data-end=\"49\">Semaine du Golfe<\/strong>, Saint\u2011Goustan vit au rythme de r\u00e9gates, musiques, fanfares et flottes traditionnelles. L\u2019\u00e9v\u00e9nement investit aussi la ville haute : concerts, animations, d\u00e9ambulations, expositions, et m\u00eame pieds dans l\u2019eau sur les quais<\/span>.<\/p>\r\n<p data-start=\"1397\" data-end=\"1416\"><strong data-start=\"1397\" data-end=\"1414\">Moments forts<\/strong> :<\/p>\r\n\r\n<ul data-start=\"1417\" data-end=\"1542\">\r\n \t<li data-start=\"1417\" data-end=\"1458\">\r\n<p data-start=\"1419\" data-end=\"1458\"><span class=\"relative -mx-px my-[-0.2rem] rounded px-px py-[0.2rem] transition-colors duration-100 ease-in-out\">Flottille de voiliers classiques ;<\/span><\/p>\r\n<\/li>\r\n \t<li data-start=\"1459\" data-end=\"1500\">\r\n<p data-start=\"1461\" data-end=\"1500\"><span class=\"relative -mx-px my-[-0.2rem] rounded px-px py-[0.2rem] transition-colors duration-100 ease-in-out\">Concerts de chants de marins et fanfares ;<\/span><\/p>\r\n<\/li>\r\n \t<li data-start=\"1501\" data-end=\"1542\">\r\n<p data-start=\"1503\" data-end=\"1542\"><span class=\"relative -mx-px my-[-0.2rem] rounded px-px py-[0.2rem] transition-colors duration-100 ease-in-out\">Ambiance festive, avec bars et animations ambulantes.<\/span><\/p>\r\n<\/li>\r\n<\/ul>\r\n<h3 data-start=\"1549\" data-end=\"1603\">6. D\u00e9couvrir <strong data-start=\"1566\" data-end=\"1603\">la presqu\u2019\u00eele en \u00ab Tire\u2011Bouchon \u00bb<\/strong><\/h3>\r\n<p data-start=\"1605\" data-end=\"1685\"><span class=\"relative -mx-px my-[-0.2rem] rounded px-px py-[0.2rem] transition-colors duration-100 ease-in-out\">Envie de prolonger l\u2019aventure ? Depuis la gare d\u2019Auray, le train <strong data-start=\"65\" data-end=\"81\">Tire-Bouchon<\/strong> m\u00e8ne \u00e0 Quiberon, avec une ligne pittoresque longeant la c\u00f4te. En saison, c\u2019est un trajet convivial, pratique et plein de charme<\/span>.<\/p>\r\n<p data-start=\"1687\" data-end=\"1720\"><strong data-start=\"1687\" data-end=\"1718\">Suggestions de prolongement<\/strong> :<\/p>\r\n\r\n<ul data-start=\"1721\" data-end=\"1834\">\r\n \t<li data-start=\"1721\" data-end=\"1758\">\r\n<p data-start=\"1723\" data-end=\"1758\">Balade c\u00f4ti\u00e8re autour de Quiberon ;<\/p>\r\n<\/li>\r\n \t<li data-start=\"1759\" data-end=\"1807\">\r\n<p data-start=\"1761\" data-end=\"1807\">Arr\u00eat \u00e0 Carnac pour ses c\u00e9l\u00e8bres alignements ;<\/p>\r\n<\/li>\r\n \t<li data-start=\"1808\" data-end=\"1834\">\r\n<p data-start=\"1810\" data-end=\"1834\">Retour au calme \u00e0 Auray.<\/p>\r\n<\/li>\r\n<\/ul>\r\n<h3 data-start=\"1841\" data-end=\"1858\">En r\u00e9sum\u00e9<\/h3>\r\n<div class=\"_tableContainer_80l1q_1\">\r\n<div class=\"_tableWrapper_80l1q_14 group flex w-fit flex-col-reverse\" tabindex=\"-1\">\r\n<table class=\"w-fit min-w-(--thread-content-width)\" data-start=\"1860\" data-end=\"2301\">\r\n<thead data-start=\"1860\" data-end=\"1898\">\r\n<tr data-start=\"1860\" data-end=\"1898\">\r\n<th data-start=\"1860\" data-end=\"1871\" data-col-size=\"sm\">Activit\u00e9<\/th>\r\n<th data-start=\"1871\" data-end=\"1886\" data-col-size=\"sm\">Moment id\u00e9al<\/th>\r\n<th data-start=\"1886\" data-end=\"1898\" data-col-size=\"sm\">Pourquoi<\/th>\r\n<\/tr>\r\n<\/thead>\r\n<tbody data-start=\"1936\" data-end=\"2301\">\r\n<tr data-start=\"1936\" data-end=\"2001\">\r\n<td data-start=\"1936\" data-end=\"1962\" data-col-size=\"sm\">Voile sur l\u2019Indomptable<\/td>\r\n<td data-start=\"1962\" data-end=\"1979\" data-col-size=\"sm\">Printemps, \u00e9t\u00e9<\/td>\r\n<td data-start=\"1979\" data-end=\"2001\" data-col-size=\"sm\">Immersion maritime<\/td>\r\n<\/tr>\r\n<tr data-start=\"2002\" data-end=\"2062\">\r\n<td data-start=\"2002\" data-end=\"2021\" data-col-size=\"sm\">Joutes nautiques<\/td>\r\n<td data-start=\"2021\" data-end=\"2042\" data-col-size=\"sm\">\u00c9t\u00e9 (juillet\u2013ao\u00fbt)<\/td>\r\n<td data-start=\"2042\" data-end=\"2062\" data-col-size=\"sm\">Spectacle festif<\/td>\r\n<\/tr>\r\n<tr data-start=\"2063\" data-end=\"2123\">\r\n<td data-start=\"2063\" data-end=\"2082\" data-col-size=\"sm\">Fl\u00e2nerie urbaine<\/td>\r\n<td data-start=\"2082\" data-end=\"2098\" data-col-size=\"sm\">Toute l\u2019ann\u00e9e<\/td>\r\n<td data-start=\"2098\" data-end=\"2123\" data-col-size=\"sm\">D\u00e9couverte culturelle<\/td>\r\n<\/tr>\r\n<tr data-start=\"2124\" data-end=\"2183\">\r\n<td data-start=\"2124\" data-end=\"2140\" data-col-size=\"sm\">Balade nature<\/td>\r\n<td data-start=\"2140\" data-end=\"2161\" data-col-size=\"sm\">Printemps, automne<\/td>\r\n<td data-start=\"2161\" data-end=\"2183\" data-col-size=\"sm\">S\u00e9r\u00e9nit\u00e9, paysages<\/td>\r\n<\/tr>\r\n<tr data-start=\"2184\" data-end=\"2249\">\r\n<td data-start=\"2184\" data-end=\"2203\" data-col-size=\"sm\">Semaine du Golfe<\/td>\r\n<td data-start=\"2203\" data-end=\"2220\" data-col-size=\"sm\">Tous les 2 ans<\/td>\r\n<td data-start=\"2220\" data-end=\"2249\" data-col-size=\"sm\">\u00c9v\u00e9nement maritime unique<\/td>\r\n<\/tr>\r\n<tr data-start=\"2250\" data-end=\"2301\">\r\n<td data-start=\"2250\" data-end=\"2265\" data-col-size=\"sm\">Tire\u2011Bouchon<\/td>\r\n<td data-start=\"2265\" data-end=\"2271\" data-col-size=\"sm\">\u00c9t\u00e9<\/td>\r\n<td data-start=\"2271\" data-end=\"2301\" data-col-size=\"sm\">Beaut\u00e9 du trajet, escapade<\/td>\r\n<\/tr>\r\n<\/tbody>\r\n<\/table>\r\n<div class=\"sticky end-(--thread-content-margin) h-0 self-end select-none\">\r\n<div class=\"absolute end-0 flex items-end\"><\/div>\r\n<\/div>\r\n<\/div>\r\n<\/div>\r\n<h2 data-start=\"44\" data-end=\"115\">Artisanat \u00e0 Auray, un voyage du savoir-faire<\/h2>\r\n<h3 data-start=\"117\" data-end=\"170\">Artisanat : rencontre avec l\u2019\u00e2me cr\u00e9ative d\u2019Auray<\/h3>\r\n<p data-start=\"172\" data-end=\"325\"><span class=\"relative -mx-px my-[-0.2rem] rounded px-px py-[0.2rem] transition-colors duration-100 ease-in-out\">Auray et sa r\u00e9gion vibrent au rythme d\u2019un <strong data-start=\"42\" data-end=\"65\">art artisanat local<\/strong> riche et diversifi\u00e9. Des march\u00e9s et ateliers du Morbihan mettent en lumi\u00e8re la <strong data-start=\"145\" data-end=\"158\">c\u00e9ramique<\/strong>, <strong data-start=\"160\" data-end=\"172\">vannerie<\/strong>, <strong data-start=\"174\" data-end=\"185\">couture<\/strong>, <strong data-start=\"187\" data-end=\"198\">poterie<\/strong>, <strong data-start=\"200\" data-end=\"219\">travail du cuir<\/strong> et m\u00eame <strong data-start=\"228\" data-end=\"242\">savonnerie<\/strong>\u202f: autant de savoir-faire qui donnent vie \u00e0 des pi\u00e8ces uniques, pratiques ou d\u00e9coratives<\/span>. <span class=\"relative -mx-px my-[-0.2rem] rounded px-px py-[0.2rem] transition-colors duration-100 ease-in-out\">Sur le port de Saint\u2011Goustan, chaque d\u00e9but septembre, le festival <strong data-start=\"66\" data-end=\"85\">CoPeints d\u2019Arts<\/strong> c\u00e9l\u00e8bre la <strong data-start=\"97\" data-end=\"109\">peinture<\/strong>, la sculpture et la c\u00e9ramique, transformant quai et ruelles en une galerie en plein air<\/span>.<\/p>\r\n<p data-start=\"327\" data-end=\"441\"><span class=\"relative -mx-px my-[-0.2rem] rounded px-px py-[0.2rem] transition-colors duration-100 ease-in-out\">Au-del\u00e0 des \u00e9v\u00e9nements, des <strong data-start=\"28\" data-end=\"49\">ateliers cr\u00e9atifs<\/strong> proposent aux visiteurs une immersion dans la cr\u00e9ation\u202f: poterie, aquarelle, travail du bois ou forge font partie des offres du Morbihan, permettant aux visiteurs de s\u2019initier et m\u00eame emporter leurs cr\u00e9ations<\/span>. <span class=\"relative -mx-px my-[-0.2rem] rounded px-px py-[0.2rem] transition-colors duration-100 ease-in-out\">Ces exp\u00e9riences rapprochent du geste artisanal et permettent de repartir avec un souvenir v\u00e9ritablement personnel.<\/span><\/p>\r\n\r\n<h2 data-start=\"443\" data-end=\"487\">Restaurant Auray<\/h2>\r\n<figure id=\"attachment_67778\" aria-describedby=\"caption-attachment-67778\" style=\"width: 1024px\" class=\"wp-caption aligncenter\"><a href=\"https:\/\/cparici.com\/wp-content\/uploads\/2025\/07\/cparici-84.jpg\"><img decoding=\"async\" class=\"wp-image-67778 size-large\" src=\"https:\/\/cparici.com\/wp-content\/uploads\/2025\/07\/cparici-84-1024x362.jpg\" alt=\"Restaurant Auray\" width=\"1024\" height=\"362\" srcset=\"https:\/\/cparici.com\/wp-content\/uploads\/2025\/07\/cparici-84-1024x362.jpg 1024w, https:\/\/cparici.com\/wp-content\/uploads\/2025\/07\/cparici-84-300x106.jpg 300w, https:\/\/cparici.com\/wp-content\/uploads\/2025\/07\/cparici-84-768x271.jpg 768w, https:\/\/cparici.com\/wp-content\/uploads\/2025\/07\/cparici-84-18x6.jpg 18w, https:\/\/cparici.com\/wp-content\/uploads\/2025\/07\/cparici-84-590x208.jpg 590w, https:\/\/cparici.com\/wp-content\/uploads\/2025\/07\/cparici-84-1200x424.jpg 1200w, https:\/\/cparici.com\/wp-content\/uploads\/2025\/07\/cparici-84-577x204.jpg 577w, https:\/\/cparici.com\/wp-content\/uploads\/2025\/07\/cparici-84-600x212.jpg 600w, https:\/\/cparici.com\/wp-content\/uploads\/2025\/07\/cparici-84.jpg 1500w\" sizes=\"(max-width: 1024px) 100vw, 1024px\" \/><\/a><figcaption id=\"caption-attachment-67778\" class=\"wp-caption-text\">Restaurant Auray<\/figcaption><\/figure>\r\n<h3 data-start=\"443\" data-end=\"487\">Gastronomie : d\u00e9licatesse du go\u00fbt breton<\/h3>\r\n<h4 data-start=\"489\" data-end=\"529\">March\u00e9 local\u202f: l\u2019essence du terroir<\/h4>\r\n<p data-start=\"531\" data-end=\"607\"><span class=\"relative -mx-px my-[-0.2rem] rounded px-px py-[0.2rem] transition-colors duration-100 ease-in-out\">Chaque <strong data-start=\"7\" data-end=\"16\">lundi<\/strong>, la <strong data-start=\"21\" data-end=\"47\">Place de la R\u00e9publique<\/strong> d\u2019Auray s\u2019anime avec l\u2019un des march\u00e9s les plus r\u00e9put\u00e9s de Bretagne. Fromages fermiers, fruits de mer fra\u00eechement p\u00each\u00e9s, l\u00e9gumes locaux, pains artisanaux et cidres anciens se c\u00f4toient, porteurs d\u2019histoires et d\u2019authenticit\u00e9<\/span>.<\/p>\r\n\r\n<h4 data-start=\"609\" data-end=\"638\">Restaurant Auray \u2013 Cr\u00eaperies et sp\u00e9cialit\u00e9s<\/h4>\r\n<ul data-start=\"640\" data-end=\"803\">\r\n \t<li data-start=\"640\" data-end=\"803\">\r\n<p data-start=\"642\" data-end=\"803\"><span class=\"relative -mx-px my-[-0.2rem] rounded px-px py-[0.2rem] transition-colors duration-100 ease-in-out\"><strong data-start=\"0\" data-end=\"26\" data-is-only-node=\"\">Cr\u00eaperie Saint\u2011Sauveur<\/strong> : tenue par Aurore et Erwan, cette cr\u00eaperie-locavore revisite les galettes en mariant produits locaux (saumon, l\u00e9gumes de saison, fromages bretons) et \u00e9pices originales, comme le wakame ou le curry <strong data-start=\"225\" data-end=\"239\">Kari Gosse<\/strong> d\u00e9velopp\u00e9 \u00e0 Auray pour accompagner les crustac\u00e9s<\/span>. <span class=\"relative -mx-px my-[-0.2rem] rounded px-px py-[0.2rem] transition-colors duration-100 ease-in-out\">Elle propose \u00e9galement une s\u00e9lection de <strong data-start=\"40\" data-end=\"61\">cidres artisanaux<\/strong> et de bi\u00e8res de microbrasseries locales.<\/span><\/p>\r\n<\/li>\r\n<\/ul>\r\n<h4 data-start=\"805\" data-end=\"855\">Restaurants de qualit\u00e9 et produits artisanaux<\/h4>\r\n<ul data-start=\"857\" data-end=\"1188\">\r\n \t<li data-start=\"857\" data-end=\"939\">\r\n<p data-start=\"859\" data-end=\"939\"><span class=\"relative -mx-px my-[-0.2rem] rounded px-px py-[0.2rem] transition-colors duration-100 ease-in-out\"><strong data-start=\"0\" data-end=\"20\" data-is-only-node=\"\">Le P\u2019tit Goustan<\/strong>, labellis\u00e9 Coll\u00e8ge Culinaire de France, valorise le <strong data-start=\"73\" data-end=\"104\">r\u00e9seau d\u2019artisans militants<\/strong>\u202f: fromages de la Fromagerie de Kerouzine, volailles, glaces artisanales Terres Bleues, viandes de Maison Laborie, poissons de SARL Aquaprod\u2026 Une v\u00e9ritable vitrine du terroir morbihannais<\/span>.<\/p>\r\n<\/li>\r\n \t<li data-start=\"940\" data-end=\"1022\">\r\n<p data-start=\"942\" data-end=\"1022\"><span class=\"relative -mx-px my-[-0.2rem] rounded px-px py-[0.2rem] transition-colors duration-100 ease-in-out\"><strong data-start=\"0\" data-end=\"19\" data-is-only-node=\"\">La Boissonnerie<\/strong> et <strong data-start=\"23\" data-end=\"38\">Le Chaudron<\/strong> \u00e0 Saint\u2011Goustan offrent une cuisine ax\u00e9e sur les <strong data-start=\"88\" data-end=\"110\">produits de la mer<\/strong>, avec un soin particulier port\u00e9 \u00e0 la fra\u00eecheur du <strong data-start=\"161\" data-end=\"172\">poisson<\/strong> et des <strong data-start=\"180\" data-end=\"197\" data-is-last-node=\"\">fruits de mer<\/strong><\/span>.<\/p>\r\n<\/li>\r\n \t<li data-start=\"1023\" data-end=\"1105\">\r\n<p data-start=\"1025\" data-end=\"1105\"><span class=\"relative -mx-px my-[-0.2rem] rounded px-px py-[0.2rem] transition-colors duration-100 ease-in-out\"><strong data-start=\"0\" data-end=\"18\" data-is-only-node=\"\">La Chebaudi\u00e8re<\/strong> (une \u00e9toile au Guide Michelin) propose une cuisine de march\u00e9 raffin\u00e9e : poissons grill\u00e9s, \u0153ufs de mer et saveurs pr\u00e9cises mettent en valeur les produits locaux<\/span>.<\/p>\r\n<\/li>\r\n \t<li data-start=\"1106\" data-end=\"1188\">\r\n<p data-start=\"1108\" data-end=\"1188\"><span class=\"relative -mx-px my-[-0.2rem] rounded px-px py-[0.2rem] transition-colors duration-100 ease-in-out\"><strong data-start=\"0\" data-end=\"13\" data-is-only-node=\"\">L\u2019Armoric<\/strong>, situ\u00e9 sur le port, mise sur des plats maison et un d\u00e9cor authentique, avec une terrasse ensoleill\u00e9e et des formules autour de 20\u201335\u202f\u20ac, accessibles et vari\u00e9es<\/span>.<\/p>\r\n<\/li>\r\n<\/ul>\r\n<h4 data-start=\"1190\" data-end=\"1228\">Food tour : immersion accompagn\u00e9e<\/h4>\r\n<p data-start=\"1230\" data-end=\"1391\"><span class=\"relative -mx-px my-[-0.2rem] rounded px-px py-[0.2rem] transition-colors duration-100 ease-in-out\">Pour ceux qui souhaitent approfondir leurs d\u00e9couvertes culinaires, le <strong data-start=\"70\" data-end=\"106\">Breizhtronomie Food Tour d\u2019Auray<\/strong> propose un parcours de 3\u202fheures \u00e0 travers <strong data-start=\"149\" data-end=\"172\">5 \u00e9tapes gourmandes<\/strong>, entre rencontre avec des producteurs et d\u00e9gustations. Une balade gastronomique guid\u00e9e qui conjugue patrimoine culinaire et passion locale<\/span>. <span class=\"relative -mx-px my-[-0.2rem] rounded px-px py-[0.2rem] transition-colors duration-100 ease-in-out\">T\u00e9moignages d\u2019amateurs\u202f: \u00ab\u202fVisit to the centre\u2026 passionate artisans\u2026 a belly full of good things\u202f\u00bb<\/span><\/p>\r\n\r\n<h3 data-start=\"1398\" data-end=\"1414\">En r\u00e9sum\u00e9<\/h3>\r\n<ul data-start=\"1416\" data-end=\"1746\">\r\n \t<li data-start=\"1416\" data-end=\"1523\">\r\n<p data-start=\"1418\" data-end=\"1523\">L\u2019<strong data-start=\"1420\" data-end=\"1433\">artisanat<\/strong> local est riche : march\u00e9s d\u2019artistes, ateliers participatifs, pi\u00e8ces artisanales uniques.<\/p>\r\n<\/li>\r\n \t<li data-start=\"1524\" data-end=\"1656\">\r\n<p data-start=\"1526\" data-end=\"1656\">La <strong data-start=\"1529\" data-end=\"1544\">gastronomie<\/strong> locale c\u00e9l\u00e8bre la fra\u00eecheur : march\u00e9s hebdos, cr\u00eaperies cr\u00e9atives, restaurants reconnus, brasseries, cidreries.<\/p>\r\n<\/li>\r\n \t<li data-start=\"1657\" data-end=\"1746\">\r\n<p data-start=\"1659\" data-end=\"1746\">Le <strong data-start=\"1662\" data-end=\"1675\">Food Tour<\/strong> offre un moment convivial et authentique pour d\u00e9couvrir ces richesses.<\/p>\r\n<\/li>\r\n<\/ul>\r\n<h2 data-start=\"2210\" data-end=\"2265\">Informations pratiques pour bien pr\u00e9parer son s\u00e9jour<\/h2>\r\n<ul data-start=\"2267\" data-end=\"2478\">\r\n \t<li data-start=\"2267\" data-end=\"2351\">\r\n<p data-start=\"2269\" data-end=\"2351\"><span class=\"relative -mx-px my-[-0.2rem] rounded px-px py-[0.2rem] transition-colors duration-100 ease-in-out\"><strong data-start=\"0\" data-end=\"9\" data-is-only-node=\"\">Acc\u00e8s<\/strong> : Auray est desservie par le TGV (Paris, Rennes, Vannes) et la ligne locale \u201cTire-bouchon\u201d vers Quiberon<\/span><\/p>\r\n<\/li>\r\n \t<li data-start=\"2352\" data-end=\"2436\">\r\n<p data-start=\"2354\" data-end=\"2436\"><span class=\"relative -mx-px my-[-0.2rem] rounded px-px py-[0.2rem] transition-colors duration-100 ease-in-out\"><strong data-start=\"0\" data-end=\"22\" data-is-only-node=\"\">Office de tourisme<\/strong> : 3, rue Louis Billet \u2013 ouvert toute l\u2019ann\u00e9e, horaires adapt\u00e9s selon saisons et jours f\u00e9ri\u00e9s<\/span>.<\/p>\r\n<\/li>\r\n \t<li data-start=\"2437\" data-end=\"2478\">\r\n<p data-start=\"2439\" data-end=\"2478\"><span class=\"relative -mx-px my-[-0.2rem] rounded px-px py-[0.2rem] transition-colors duration-100 ease-in-out\"><strong data-start=\"0\" data-end=\"34\" data-is-only-node=\"\">Meilleurs moments pour visiter<\/strong> :\u202f\u00e9t\u00e9 pour les animations, automne pour l\u2019authenticit\u00e9, No\u00ebl pour la magie des f\u00eates.<\/span><\/p>\r\n<\/li>\r\n<\/ul>\r\n<h2 data-start=\"2485\" data-end=\"2520\">Plan sugg\u00e9r\u00e9 d\u2019un s\u00e9jour \u00e0 Auray<\/h2>\r\n<div class=\"_tableContainer_80l1q_1\">\r\n<div class=\"_tableWrapper_80l1q_14 group flex w-fit flex-col-reverse\" tabindex=\"-1\">\r\n<table class=\"w-fit min-w-(--thread-content-width)\" data-start=\"2522\" data-end=\"2995\">\r\n<thead data-start=\"2522\" data-end=\"2560\">\r\n<tr data-start=\"2522\" data-end=\"2560\">\r\n<th data-start=\"2522\" data-end=\"2529\" data-col-size=\"sm\">Jour<\/th>\r\n<th data-start=\"2529\" data-end=\"2537\" data-col-size=\"sm\">Matin<\/th>\r\n<th data-start=\"2537\" data-end=\"2550\" data-col-size=\"sm\">Apr\u00e8s-midi<\/th>\r\n<th data-start=\"2550\" data-end=\"2560\" data-col-size=\"sm\">Soir\u00e9e<\/th>\r\n<\/tr>\r\n<\/thead>\r\n<tbody data-start=\"2600\" data-end=\"2995\">\r\n<tr data-start=\"2600\" data-end=\"2731\">\r\n<td data-start=\"2600\" data-end=\"2604\" data-col-size=\"sm\">1<\/td>\r\n<td data-start=\"2604\" data-end=\"2646\" data-col-size=\"sm\"><span class=\"relative -mx-px my-[-0.2rem] rounded px-px py-[0.2rem] transition-colors duration-100 ease-in-out\">Visite de la ville haute (\u00e9glise, manoir)<\/span><\/td>\r\n<td data-start=\"2646\" data-end=\"2688\" data-col-size=\"sm\"><span class=\"relative -mx-px my-[-0.2rem] rounded px-px py-[0.2rem] transition-colors duration-100 ease-in-out\">D\u00e9jeuner sur le port, balade le long du quai<\/span><\/td>\r\n<td data-start=\"2688\" data-end=\"2731\" data-col-size=\"sm\"><span class=\"relative -mx-px my-[-0.2rem] rounded px-px py-[0.2rem] transition-colors duration-100 ease-in-out\">D\u00eener dans un restaurant typique<\/span><\/td>\r\n<\/tr>\r\n<tr data-start=\"2732\" data-end=\"2863\">\r\n<td data-start=\"2732\" data-end=\"2736\" data-col-size=\"sm\">2<\/td>\r\n<td data-start=\"2736\" data-end=\"2778\" data-col-size=\"sm\"><span class=\"relative -mx-px my-[-0.2rem] rounded px-px py-[0.2rem] transition-colors duration-100 ease-in-out\">March\u00e9 d\u2019Auray, halles<\/span><\/td>\r\n<td data-start=\"2778\" data-end=\"2820\" data-col-size=\"sm\"><span class=\"relative -mx-px my-[-0.2rem] rounded px-px py-[0.2rem] transition-colors duration-100 ease-in-out\">Croisi\u00e8re vers le Golfe ou randonn\u00e9e<\/span><\/td>\r\n<td data-start=\"2820\" data-end=\"2863\" data-col-size=\"sm\"><span class=\"relative -mx-px my-[-0.2rem] rounded px-px py-[0.2rem] transition-colors duration-100 ease-in-out\">Soir\u00e9e musicale ou festive<\/span><\/td>\r\n<\/tr>\r\n<tr data-start=\"2864\" data-end=\"2995\">\r\n<td data-start=\"2864\" data-end=\"2868\" data-col-size=\"sm\">3<\/td>\r\n<td data-start=\"2868\" data-end=\"2910\" data-col-size=\"sm\"><span class=\"relative -mx-px my-[-0.2rem] rounded px-px py-[0.2rem] transition-colors duration-100 ease-in-out\">Sanctuaire de Sainte\u2011Anne<\/span><\/td>\r\n<td data-start=\"2910\" data-end=\"2952\" data-col-size=\"sm\"><span class=\"relative -mx-px my-[-0.2rem] rounded px-px py-[0.2rem] transition-colors duration-100 ease-in-out\">Atelier artisanal \/ shopping<\/span><\/td>\r\n<td data-start=\"2952\" data-end=\"2995\" data-col-size=\"sm\"><span class=\"relative -mx-px my-[-0.2rem] rounded px-px py-[0.2rem] transition-colors duration-100 ease-in-out\">Balade nocturne \u00e0 Saint\u2011Goustan<\/span><\/td>\r\n<\/tr>\r\n<\/tbody>\r\n<\/table>\r\n<div><\/div>\r\n<div class=\"sticky end-(--thread-content-margin) h-0 self-end select-none\">\r\n<div class=\"absolute end-0 flex items-end\">\r\n<h2 data-start=\"44\" data-end=\"99\">Cin\u00e9ma Auray<\/h2>\r\n<p data-start=\"101\" data-end=\"254\"><span class=\"relative -mx-px my-[-0.2rem] rounded px-px py-[0.2rem] transition-colors duration-100 ease-in-out\">Le <strong data-start=\"3\" data-end=\"22\">Cin\u00e9ma Ti Hanok<\/strong>, situ\u00e9 au\u202f3, place de l\u2019Europe (Z.A. Porte Oc\u00e9ane) \u00e0 Auray, est la seule salle permanente de la commune<\/span>. <span class=\"relative -mx-px my-[-0.2rem] rounded px-px py-[0.2rem] transition-colors duration-100 ease-in-out\">Inaugur\u00e9 en mai 2015, il est devenu un acteur culturel incontournable de la r\u00e9gion<\/span> .<\/p>\r\n\r\n<h3 data-start=\"256\" data-end=\"296\">Caract\u00e9ristiques techniques et acc\u00e8s<\/h3>\r\n<ul data-start=\"298\" data-end=\"622\">\r\n \t<li data-start=\"298\" data-end=\"377\">\r\n<p data-start=\"300\" data-end=\"377\"><span class=\"relative -mx-px my-[-0.2rem] rounded px-px py-[0.2rem] transition-colors duration-100 ease-in-out\"><strong data-start=\"0\" data-end=\"12\" data-is-only-node=\"\">5 salles<\/strong> modernes, \u00e9quip\u00e9es d\u2019\u00e9crans g\u00e9ants, de la haute d\u00e9finition et d\u2019un son num\u00e9rique 7.1<\/span>;<\/p>\r\n<\/li>\r\n \t<li data-start=\"378\" data-end=\"457\">\r\n<p data-start=\"380\" data-end=\"457\"><span class=\"relative -mx-px my-[-0.2rem] rounded px-px py-[0.2rem] transition-colors duration-100 ease-in-out\"><strong data-start=\"0\" data-end=\"27\" data-is-only-node=\"\">\u00c9tiquette \u201cArt & Essai\u201d<\/strong>, pour une programmation exigeante m\u00ealant nouveaut\u00e9s, films de patrimoine et ind\u00e9pendants<\/span>\u00a0;<\/p>\r\n<\/li>\r\n \t<li data-start=\"458\" data-end=\"539\">\r\n<p data-start=\"460\" data-end=\"539\"><span class=\"relative -mx-px my-[-0.2rem] rounded px-px py-[0.2rem] transition-colors duration-100 ease-in-out\">Tarification <strong data-start=\"13\" data-end=\"22\">malin<\/strong> : les mercredis, les moins de 14 ans b\u00e9n\u00e9ficient d\u2019un tarif unique \u00e0 5\u202f\u20ac (hors vacances et jours f\u00e9ri\u00e9s)<\/span> ;<\/p>\r\n<\/li>\r\n \t<li data-start=\"540\" data-end=\"622\">\r\n<p data-start=\"542\" data-end=\"622\"><span class=\"relative -mx-px my-[-0.2rem] rounded px-px py-[0.2rem] transition-colors duration-100 ease-in-out\">Commodit\u00e9s : hall convivial avec friperie, espace expo, billetterie en ligne (AlloCin\u00e9), accessible par t\u00e9l\u00e9phone (02\u202f97\u202f24\u202f06\u202f52)<\/span> .<\/p>\r\n<\/li>\r\n<\/ul>\r\n<h3 data-start=\"624\" data-end=\"654\">Programmation hebdomadaire<\/h3>\r\n<p data-start=\"656\" data-end=\"697\"><span class=\"relative -mx-px my-[-0.2rem] rounded px-px py-[0.2rem] transition-colors duration-100 ease-in-out\">La s\u00e9lection est vari\u00e9e\u202f: films familiaux, grands blockbusters, drames, documentaires, courts-m\u00e9trages. La semaine pass\u00e9e proposait par exemple :<\/span><\/p>\r\n\r\n<ul data-start=\"698\" data-end=\"822\">\r\n \t<li data-start=\"698\" data-end=\"822\">\r\n<p data-start=\"700\" data-end=\"822\"><span class=\"relative -mx-px my-[-0.2rem] rounded px-px py-[0.2rem] transition-colors duration-100 ease-in-out\"><em data-start=\"0\" data-end=\"30\" data-is-only-node=\"\">Jurassic World\u202f: Renaissance<\/em>, <em data-start=\"32\" data-end=\"38\">Elio<\/em>, <em data-start=\"40\" data-end=\"49\">Dragons<\/em>, <em data-start=\"51\" data-end=\"61\">Superman<\/em>, <em data-start=\"63\" data-end=\"76\">F1\u00ae le film<\/em>, <em data-start=\"78\" data-end=\"115\">Am\u00e9lie et la m\u00e9taphysique des tubes<\/em>, <em data-start=\"117\" data-end=\"136\" data-is-last-node=\"\">13 jours 13 nuits<\/em><\/span>.<br data-start=\"780\" data-end=\"783\" \/><span class=\"relative -mx-px my-[-0.2rem] rounded px-px py-[0.2rem] transition-colors duration-100 ease-in-out\">Cette programmation combine succ\u00e8s commerciaux et d\u00e9couvertes plus closes du grand public.<\/span><\/p>\r\n<\/li>\r\n<\/ul>\r\n<h3 data-start=\"824\" data-end=\"860\">Cin\u00e9-S\u00e9nior & cycles th\u00e9matiques<\/h3>\r\n<p data-start=\"862\" data-end=\"1023\"><span class=\"relative -mx-px my-[-0.2rem] rounded px-px py-[0.2rem] transition-colors duration-100 ease-in-out\">Ti Hanok accueille r\u00e9guli\u00e8rement le <strong data-start=\"36\" data-end=\"52\">Cin\u00e9-S\u00e9niors<\/strong>, avec projections cibl\u00e9es pour les plus de 60 ans, telles que <em data-start=\"115\" data-end=\"134\">La Le\u00e7on de piano<\/em> ou <em data-start=\"138\" data-end=\"148\">Conclave<\/em>, organis\u00e9es selon un calendrier biennal<\/span>. <span class=\"relative -mx-px my-[-0.2rem] rounded px-px py-[0.2rem] transition-colors duration-100 ease-in-out\">Des cycles th\u00e9matiques, avant-premi\u00e8res et \u00e9v\u00e9nements pour les enfants comme le <strong data-start=\"80\" data-end=\"105\">Little films festival<\/strong>, compl\u00e8tent la diversit\u00e9 de l\u2019agenda<\/span><\/p>\r\n\r\n<h3 data-start=\"1030\" data-end=\"1059\">Utilisation & ambiance<\/h3>\r\n<p data-start=\"1061\" data-end=\"1222\"><span class=\"relative -mx-px my-[-0.2rem] rounded px-px py-[0.2rem] transition-colors duration-100 ease-in-out\">L\u2019accueil est salu\u00e9 pour sa propret\u00e9 et son confort : filets de si\u00e8ges larges, hall spacieux, ambiance chaleureuse selon les avis des spectateurs<\/span> . <span class=\"relative -mx-px my-[-0.2rem] rounded px-px py-[0.2rem] transition-colors duration-100 ease-in-out\">Le cin\u00e9ma offre une atmosph\u00e8re familiale d\u00e9crite comme <strong data-start=\"55\" data-end=\"82\">ind\u00e9pendante, dynamique<\/strong> par son directeur, Sylvain Lecointre<\/span><\/p>\r\n\r\n<h3 data-start=\"1224\" data-end=\"1254\">Pourquoi choisir Ti Hanok\u202f?<\/h3>\r\n<div class=\"_tableContainer_80l1q_1\">\r\n<div class=\"_tableWrapper_80l1q_14 group flex w-fit flex-col-reverse\" tabindex=\"-1\">\r\n<table class=\"w-fit min-w-(--thread-content-width)\" data-start=\"1256\" data-end=\"1569\">\r\n<thead data-start=\"1256\" data-end=\"1280\">\r\n<tr data-start=\"1256\" data-end=\"1280\">\r\n<th data-start=\"1256\" data-end=\"1265\" data-col-size=\"sm\">Atouts<\/th>\r\n<th data-start=\"1265\" data-end=\"1280\" data-col-size=\"sm\">Description<\/th>\r\n<\/tr>\r\n<\/thead>\r\n<tbody data-start=\"1306\" data-end=\"1569\">\r\n<tr data-start=\"1306\" data-end=\"1365\">\r\n<td data-start=\"1306\" data-end=\"1322\" data-col-size=\"sm\"><strong data-start=\"1308\" data-end=\"1321\">Diversit\u00e9<\/strong><\/td>\r\n<td data-start=\"1322\" data-end=\"1365\" data-col-size=\"sm\"><span class=\"relative -mx-px my-[-0.2rem] rounded px-px py-[0.2rem] transition-colors duration-100 ease-in-out\">Programmation m\u00ealant art, essai, grand public, cin\u00e9ma d\u2019auteur<\/span><\/td>\r\n<\/tr>\r\n<tr data-start=\"1366\" data-end=\"1431\">\r\n<td data-start=\"1366\" data-end=\"1388\" data-col-size=\"sm\"><strong data-start=\"1368\" data-end=\"1387\">Prix attractifs<\/strong><\/td>\r\n<td data-start=\"1388\" data-end=\"1431\" data-col-size=\"sm\"><span class=\"relative -mx-px my-[-0.2rem] rounded px-px py-[0.2rem] transition-colors duration-100 ease-in-out\">Tarifs r\u00e9duits pour les jeunes, jours sp\u00e9ciaux<\/span><\/td>\r\n<\/tr>\r\n<tr data-start=\"1432\" data-end=\"1496\">\r\n<td data-start=\"1432\" data-end=\"1453\" data-col-size=\"sm\"><strong data-start=\"1434\" data-end=\"1452\">Accueil & site<\/strong><\/td>\r\n<td data-start=\"1453\" data-end=\"1496\" data-col-size=\"sm\"><span class=\"relative -mx-px my-[-0.2rem] rounded px-px py-[0.2rem] transition-colors duration-100 ease-in-out\">Propret\u00e9, espaces annexes, billetterie en ligne<\/span><\/td>\r\n<\/tr>\r\n<tr data-start=\"1497\" data-end=\"1569\">\r\n<td data-start=\"1497\" data-end=\"1526\" data-col-size=\"sm\"><strong data-start=\"1499\" data-end=\"1525\">Festivals & \u00e9v\u00e9nements<\/strong><\/td>\r\n<td data-start=\"1526\" data-end=\"1569\" data-col-size=\"sm\"><span class=\"relative -mx-px my-[-0.2rem] rounded px-px py-[0.2rem] transition-colors duration-100 ease-in-out\">Cin\u00e9-S\u00e9niors, festival enfants, cycles documentaires<\/span><\/td>\r\n<\/tr>\r\n<\/tbody>\r\n<\/table>\r\n<div class=\"sticky end-(--thread-content-margin) h-0 self-end select-none\">\r\n<div class=\"absolute end-0 flex items-end\"><\/div>\r\n<\/div>\r\n<\/div>\r\n<\/div>\r\n<h3 data-start=\"1576\" data-end=\"1600\">Conseils pratiques<\/h3>\r\n<ul data-start=\"1602\" data-end=\"1857\">\r\n \t<li data-start=\"1602\" data-end=\"1686\">\r\n<p data-start=\"1604\" data-end=\"1686\"><span class=\"relative -mx-px my-[-0.2rem] rounded px-px py-[0.2rem] transition-colors duration-100 ease-in-out\">Consultez les horaires chaque semaine via le site web ou AlloCin\u00e9<\/span>.<\/p>\r\n<\/li>\r\n \t<li data-start=\"1687\" data-end=\"1730\">\r\n<p data-start=\"1689\" data-end=\"1730\"><span class=\"relative -mx-px my-[-0.2rem] rounded px-px py-[0.2rem] transition-colors duration-100 ease-in-out\">R\u00e9servez vos billets en avance, surtout pour les avant-premi\u00e8res ou s\u00e9ances du mercredi.<\/span><\/p>\r\n<\/li>\r\n \t<li data-start=\"1731\" data-end=\"1774\">\r\n<p data-start=\"1733\" data-end=\"1774\"><span class=\"relative -mx-px my-[-0.2rem] rounded px-px py-[0.2rem] transition-colors duration-100 ease-in-out\">Arrivez environ 15 minutes plus t\u00f4t pour profiter du hall, de la friperie ou des animations temporaires.<\/span><\/p>\r\n<\/li>\r\n \t<li data-start=\"1775\" data-end=\"1857\">\r\n<p data-start=\"1777\" data-end=\"1857\"><span class=\"relative -mx-px my-[-0.2rem] rounded px-px py-[0.2rem] transition-colors duration-100 ease-in-out\">Profitez des mercredis pour un tarif jeune imbattable, ou inscrivez-vous \u00e0 la newsletter pour \u00eatre inform\u00e9 des cycles<\/span> .<\/p>\r\n<\/li>\r\n<\/ul>\r\n<h3 data-start=\"1864\" data-end=\"1894\">\u00c9v\u00e9nements \u00e0 ne pas manquer<\/h3>\r\n<ul data-start=\"1896\" data-end=\"2148\">\r\n \t<li data-start=\"1896\" data-end=\"1980\">\r\n<p data-start=\"1898\" data-end=\"1980\"><span class=\"relative -mx-px my-[-0.2rem] rounded px-px py-[0.2rem] transition-colors duration-100 ease-in-out\"><strong data-start=\"0\" data-end=\"25\" data-is-only-node=\"\">Little films festival<\/strong> (ex. \u201cChouette, un jeu d\u2019enfants !\u201d) : s\u00e9ances adapt\u00e9es aux plus jeunes, animations et d\u00e9couvertes<\/span>.<\/p>\r\n<\/li>\r\n \t<li data-start=\"1981\" data-end=\"2065\">\r\n<p data-start=\"1983\" data-end=\"2065\"><span class=\"relative -mx-px my-[-0.2rem] rounded px-px py-[0.2rem] transition-colors duration-100 ease-in-out\"><strong data-start=\"0\" data-end=\"29\" data-is-only-node=\"\">Cycle \u201cPrenez la fuite !\u201d<\/strong>, avec projections comme <em data-start=\"54\" data-end=\"75\" data-is-last-node=\"\">Les Fils de l\u2019Homme<\/em><\/span>.<\/p>\r\n<\/li>\r\n \t<li data-start=\"2066\" data-end=\"2148\">\r\n<p data-start=\"2068\" data-end=\"2148\"><span class=\"relative -mx-px my-[-0.2rem] rounded px-px py-[0.2rem] transition-colors duration-100 ease-in-out\"><strong data-start=\"0\" data-end=\"16\" data-is-only-node=\"\">Cin\u00e9-S\u00e9niors<\/strong> : programmation d\u00e9di\u00e9e aux retrait\u00e9s, lieux de rencontre et \u00e9change<\/span> .<\/p>\r\n<\/li>\r\n<\/ul>\r\n<p data-start=\"2172\" data-end=\"2634\">Le <strong data-start=\"2175\" data-end=\"2194\">Cin\u00e9ma Ti Hanok<\/strong> d\u2019Auray est une v\u00e9ritable p\u00e9pite culturelle pour le Morbihan. Alliant qualit\u00e9 technique, diversit\u00e9 de programmation et convivialit\u00e9, il attire un public large\u202f: familles, jeunes spectateurs, seniors, cin\u00e9philes. Les tarifs adapt\u00e9s, les \u00e9v\u00e9nements r\u00e9guliers et l\u2019ambiance chaleureuse en font un lieu incontournable. Pensez \u00e0 consulter les horaires en ligne, arrivez un peu en avance, et laissez-vous surprendre par la s\u00e9lection \u00e9clectique\u202f!<\/p>\r\n\r\n<h2 data-start=\"44\" data-end=\"101\">Piscine Auray, le Centre aquatique Alr\u00e9\u2019O<\/h2>\r\n<p data-start=\"103\" data-end=\"217\"><span class=\"relative -mx-px my-[-0.2rem] rounded px-px py-[0.2rem] transition-colors duration-100 ease-in-out\">Le <strong data-start=\"3\" data-end=\"30\">centre aquatique Alr\u00e9\u2019O<\/strong>, situ\u00e9 place de l\u2019Europe au sein de l\u2019Espace Porte Oc\u00e9ane, est la principale piscine municipale couverte d\u2019Auray.<\/span>\u00a0<span class=\"relative -mx-px my-[-0.2rem] rounded px-px py-[0.2rem] transition-colors duration-100 ease-in-out\">Moderne et accessible, il offre :<\/span><\/p>\r\n\r\n<ul data-start=\"219\" data-end=\"538\">\r\n \t<li data-start=\"219\" data-end=\"297\">\r\n<p data-start=\"221\" data-end=\"297\"><span class=\"relative -mx-px my-[-0.2rem] rounded px-px py-[0.2rem] transition-colors duration-100 ease-in-out\">Un <strong data-start=\"3\" data-end=\"29\">bassin sportif de 25\u202fm<\/strong> (5 couloirs, profondeur 1,30\u20132,50\u202fm) pour les nageurs confirm\u00e9s<\/span>.<\/p>\r\n<\/li>\r\n \t<li data-start=\"298\" data-end=\"376\">\r\n<p data-start=\"300\" data-end=\"376\"><span class=\"relative -mx-px my-[-0.2rem] rounded px-px py-[0.2rem] transition-colors duration-100 ease-in-out\">Un <strong data-start=\"3\" data-end=\"29\">bassin d\u2019apprentissage<\/strong>, \u00e9quip\u00e9 de nage \u00e0 contre-courant et buses de massage, id\u00e9al pour d\u00e9butants<\/span> .<\/p>\r\n<\/li>\r\n \t<li data-start=\"377\" data-end=\"455\">\r\n<p data-start=\"379\" data-end=\"455\"><span class=\"relative -mx-px my-[-0.2rem] rounded px-px py-[0.2rem] transition-colors duration-100 ease-in-out\">Une zone ludique : toboggan de 75\u202fm, boule \u00e0 vagues, plages min\u00e9rales, jeux gonflables, pataugeoire<\/span>.<\/p>\r\n<\/li>\r\n \t<li data-start=\"456\" data-end=\"538\">\r\n<p data-start=\"458\" data-end=\"538\"><span class=\"relative -mx-px my-[-0.2rem] rounded px-px py-[0.2rem] transition-colors duration-100 ease-in-out\">Un espace bien-\u00eatre avec <strong data-start=\"25\" data-end=\"49\" data-is-last-node=\"\">sauna, hammam et spa<\/strong><\/span>.<\/p>\r\n<\/li>\r\n<\/ul>\r\n<p data-start=\"540\" data-end=\"620\"><span class=\"relative -mx-px my-[-0.2rem] rounded px-px py-[0.2rem] transition-colors duration-100 ease-in-out\">Ouvert toute l\u2019ann\u00e9e, Alr\u00e9\u2019O propose des cours collectifs (aquagym, aquabike), b\u00e9b\u00e9s nageurs, perfectionnement, nocturnes certains soirs et stages durant l\u2019\u00e9t\u00e9<\/span>.<\/p>\r\n\r\n<h3 data-start=\"622\" data-end=\"643\">Tarifs & horaires<\/h3>\r\n<ul data-start=\"645\" data-end=\"976\">\r\n \t<li data-start=\"645\" data-end=\"727\">\r\n<p data-start=\"647\" data-end=\"727\"><span class=\"relative -mx-px my-[-0.2rem] rounded px-px py-[0.2rem] transition-colors duration-100 ease-in-out\"><strong data-start=\"0\" data-end=\"22\" data-is-only-node=\"\">Plein tarif adulte<\/strong> : 5,40\u202f\u20ac \u2013 <strong data-start=\"34\" data-end=\"44\">enfant<\/strong> : 4,50\u20134,60\u202f\u20ac<\/span> .<\/p>\r\n<\/li>\r\n \t<li data-start=\"728\" data-end=\"810\">\r\n<p data-start=\"730\" data-end=\"810\"><span class=\"relative -mx-px my-[-0.2rem] rounded px-px py-[0.2rem] transition-colors duration-100 ease-in-out\">Tarifs r\u00e9duits, abonnements de 10 entr\u00e9es ou abonnements mensuels\/annuels (35\u202f\u20ac \u00e0 350\u202f\u20ac)<\/span><\/p>\r\n<\/li>\r\n \t<li data-start=\"811\" data-end=\"893\">\r\n<p data-start=\"813\" data-end=\"893\"><span class=\"relative -mx-px my-[-0.2rem] rounded px-px py-[0.2rem] transition-colors duration-100 ease-in-out\">Gratuit pour les moins de 4 ans et leurs accompagnateurs en situation de handicap<\/span> .<\/p>\r\n<\/li>\r\n \t<li data-start=\"894\" data-end=\"976\">\r\n<p data-start=\"896\" data-end=\"976\"><span class=\"relative -mx-px my-[-0.2rem] rounded px-px py-[0.2rem] transition-colors duration-100 ease-in-out\">Ouverture : quotidiennement, avec plages matinales, midi, soir\u00e9e, samedi et dimanche matin d\u2019\u00e9t\u00e9<\/span> .<\/p>\r\n<\/li>\r\n<\/ul>\r\n<h3 data-start=\"978\" data-end=\"1001\">Qualit\u00e9 et ambiance<\/h3>\r\n<p data-start=\"1003\" data-end=\"1245\"><span class=\"relative -mx-px my-[-0.2rem] rounded px-px py-[0.2rem] transition-colors duration-100 ease-in-out\">Avec plus de 1\u202f739 avis, la piscine jouit g\u00e9n\u00e9ralement d\u2019une bonne r\u00e9putation<\/span>. <span class=\"relative -mx-px my-[-0.2rem] rounded px-px py-[0.2rem] transition-colors duration-100 ease-in-out\">Quelques retours mentionnent un personnel rigide et r\u00e8gle stricte du bonnet obligatoire<\/span> . <span class=\"relative -mx-px my-[-0.2rem] rounded px-px py-[0.2rem] transition-colors duration-100 ease-in-out\">Globale\u00adment, le site est salu\u00e9 pour sa <strong data-start=\"40\" data-end=\"52\">propret\u00e9<\/strong>, sa diversit\u00e9 d\u2019activit\u00e9s et son ambiance familiale<\/span> .<\/p>\r\n\r\n<h3 data-start=\"1252\" data-end=\"1307\">Alternatives : piscines des campings \u00e0 proximit\u00e9<\/h3>\r\n<p data-start=\"1309\" data-end=\"1348\"><span class=\"relative -mx-px my-[-0.2rem] rounded px-px py-[0.2rem] transition-colors duration-100 ease-in-out\">Autour d\u2019Auray, plusieurs campings proposent des piscines :<\/span><\/p>\r\n\r\n<ul data-start=\"1350\" data-end=\"1515\">\r\n \t<li data-start=\"1350\" data-end=\"1432\">\r\n<p data-start=\"1352\" data-end=\"1432\"><span class=\"relative -mx-px my-[-0.2rem] rounded px-px py-[0.2rem] transition-colors duration-100 ease-in-out\"><strong data-start=\"0\" data-end=\"28\" data-is-only-node=\"\">Camping Le Saint-Laurent<\/strong>, \u00e0 Carnac (environ 20\u202fmin), poss\u00e8de une piscine int\u00e9rieure chauff\u00e9e \u00e0 27\u202f\u00b0C, pataugeoire, jets et toboggan, accessible d\u2019avril \u00e0 septembre<\/span>.<\/p>\r\n<\/li>\r\n \t<li data-start=\"1433\" data-end=\"1515\">\r\n<p data-start=\"1435\" data-end=\"1515\"><span class=\"relative -mx-px my-[-0.2rem] rounded px-px py-[0.2rem] transition-colors duration-100 ease-in-out\"><strong data-start=\"0\" data-end=\"28\" data-is-only-node=\"\">Camping La Croix Villieu<\/strong>, pr\u00e8s d\u2019Erdeven, offre un espace aquatique avec piscine int\u00e9rieure chauff\u00e9e \u00e0 30\u202f\u00b0C, cascade, bulles, pataugeoire, solarium, sauna et hammam<\/span>.<\/p>\r\n<\/li>\r\n<\/ul>\r\n<p data-start=\"1517\" data-end=\"1556\"><span class=\"relative -mx-px my-[-0.2rem] rounded px-px py-[0.2rem] transition-colors duration-100 ease-in-out\">Ces options sont r\u00e9serv\u00e9es aux clients mais constituent d\u2019excellentes alternatives familiales ou de d\u00e9tente estivale.<\/span><\/p>\r\n\r\n<\/div>\r\n<\/div>\r\n<\/div>\r\n<\/div>\r\n<h2 data-start=\"86\" data-end=\"110\">M\u00e9t\u00e9o Auray<\/h2>\r\n<h3 data-start=\"86\" data-end=\"110\">Climat g\u00e9n\u00e9ral<\/h3>\r\n<p data-start=\"112\" data-end=\"265\"><span class=\"relative -mx-px my-[-0.2rem] rounded px-px py-[0.2rem] transition-colors duration-100 ease-in-out\">Auray b\u00e9n\u00e9ficie d\u2019un <strong data-start=\"21\" data-end=\"55\">climat oc\u00e9anique temp\u00e9r\u00e9 (Cfb)<\/strong>, influenc\u00e9 par le Gulf Stream et les d\u00e9pressions atlantiques, assurant des temp\u00e9ratures mod\u00e9r\u00e9es toute l\u2019ann\u00e9e<\/span>. <span class=\"relative -mx-px my-[-0.2rem] rounded px-px py-[0.2rem] transition-colors duration-100 ease-in-out\">Les hivers y sont doux avec peu de gel, tandis que les \u00e9t\u00e9s restent agr\u00e9ablement frais, m\u00eame si des vagues de chaleur ponctuelles peuvent survenir<\/span> .<\/p>\r\n\r\n\r\n<figure id=\"attachment_67774\" aria-describedby=\"caption-attachment-67774\" style=\"width: 1500px\" class=\"wp-caption aligncenter\"><a href=\"https:\/\/cparici.com\/wp-content\/uploads\/2025\/07\/cparici-82.jpg\"><img decoding=\"async\" class=\"wp-image-67774 size-full\" src=\"https:\/\/cparici.com\/wp-content\/uploads\/2025\/07\/cparici-82.jpg\" alt=\"M\u00e9t\u00e9o Auray\" width=\"1500\" height=\"530\" srcset=\"https:\/\/cparici.com\/wp-content\/uploads\/2025\/07\/cparici-82.jpg 1500w, https:\/\/cparici.com\/wp-content\/uploads\/2025\/07\/cparici-82-300x106.jpg 300w, https:\/\/cparici.com\/wp-content\/uploads\/2025\/07\/cparici-82-1024x362.jpg 1024w, https:\/\/cparici.com\/wp-content\/uploads\/2025\/07\/cparici-82-768x271.jpg 768w, https:\/\/cparici.com\/wp-content\/uploads\/2025\/07\/cparici-82-18x6.jpg 18w, https:\/\/cparici.com\/wp-content\/uploads\/2025\/07\/cparici-82-590x208.jpg 590w, https:\/\/cparici.com\/wp-content\/uploads\/2025\/07\/cparici-82-1200x424.jpg 1200w, https:\/\/cparici.com\/wp-content\/uploads\/2025\/07\/cparici-82-577x204.jpg 577w, https:\/\/cparici.com\/wp-content\/uploads\/2025\/07\/cparici-82-600x212.jpg 600w\" sizes=\"(max-width: 1500px) 100vw, 1500px\" \/><\/a><figcaption id=\"caption-attachment-67774\" class=\"wp-caption-text\">M\u00e9t\u00e9o Auray<\/figcaption><\/figure>\r\n<h3 data-start=\"267\" data-end=\"302\">Temp\u00e9ratures saisonni\u00e8res<\/h3>\r\n<ul data-start=\"304\" data-end=\"667\">\r\n \t<li data-start=\"304\" data-end=\"382\">\r\n<p data-start=\"306\" data-end=\"382\"><span class=\"relative -mx-px my-[-0.2rem] rounded px-px py-[0.2rem] transition-colors duration-100 ease-in-out\"><strong data-start=\"0\" data-end=\"30\" data-is-only-node=\"\">Hiver (d\u00e9cembre \u00e0 f\u00e9vrier)<\/strong> : les temp\u00e9ratures moyennes varient entre 5\u202f\u00b0C et 11\u202f\u00b0C. Janvier est le mois le plus froid, avec des minimales autour de 5\u202f\u00b0C<\/span>.<\/p>\r\n<\/li>\r\n \t<li data-start=\"383\" data-end=\"542\">\r\n<p data-start=\"385\" data-end=\"542\"><span class=\"relative -mx-px my-[-0.2rem] rounded px-px py-[0.2rem] transition-colors duration-100 ease-in-out\"><strong data-start=\"0\" data-end=\"26\" data-is-only-node=\"\">Printemps (mars \u00e0 mai)<\/strong> : doux et frais. En mars, on observe des moyennes de 6\u202f\u00b0C \u00e0 11\u202f\u00b0C<\/span> . <span class=\"relative -mx-px my-[-0.2rem] rounded px-px py-[0.2rem] transition-colors duration-100 ease-in-out\">En mai, les maximales grimpent autour de 18\u202f\u00b0C, avec des nuits \u00e0 10\u201311\u202f\u00b0C<\/span> .<\/p>\r\n<\/li>\r\n \t<li data-start=\"543\" data-end=\"625\">\r\n<p data-start=\"545\" data-end=\"625\"><span class=\"relative -mx-px my-[-0.2rem] rounded px-px py-[0.2rem] transition-colors duration-100 ease-in-out\"><strong data-start=\"0\" data-end=\"21\" data-is-only-node=\"\">\u00c9t\u00e9 (juin \u00e0 ao\u00fbt)<\/strong> : les journ\u00e9es sont agr\u00e9ables, avec des moyennes de 22\u201323\u202f\u00b0C en juillet et ao\u00fbt, et des nuits fra\u00eeches \u00e0 14\u201315\u202f\u00b0C<\/span> .<\/p>\r\n<\/li>\r\n \t<li data-start=\"626\" data-end=\"667\">\r\n<p data-start=\"628\" data-end=\"667\"><span class=\"relative -mx-px my-[-0.2rem] rounded px-px py-[0.2rem] transition-colors duration-100 ease-in-out\"><strong data-start=\"0\" data-end=\"34\" data-is-only-node=\"\">Automne (septembre \u00e0 novembre)<\/strong> : les temp\u00e9ratures redescendent progressivement de 20\u202f\u00b0C en septembre \u00e0 10\u202f\u00b0C en novembre.<\/span><\/p>\r\n<\/li>\r\n<\/ul>\r\n<p data-start=\"669\" data-end=\"749\"><span class=\"relative -mx-px my-[-0.2rem] rounded px-px py-[0.2rem] transition-colors duration-100 ease-in-out\">Au global, la temp\u00e9rature annuelle moyenne avoisine les 11\u201312\u202f\u00b0C<\/span> .<\/p>\r\n\r\n<h3 data-start=\"756\" data-end=\"781\">Pr\u00e9cipitations<\/h3>\r\n<p data-start=\"783\" data-end=\"1025\"><span class=\"relative -mx-px my-[-0.2rem] rounded px-px py-[0.2rem] transition-colors duration-100 ease-in-out\">Annuellement, Auray re\u00e7oit environ <strong data-start=\"35\" data-end=\"54\">820\u202fmm de pluie<\/strong>, r\u00e9partis sur pr\u00e8s de 110\u202fjours<\/span>. <span class=\"relative -mx-px my-[-0.2rem] rounded px-px py-[0.2rem] transition-colors duration-100 ease-in-out\">Les pr\u00e9cipitations sont plus marqu\u00e9es en hiver, avec d\u00e9cembre culminant \u00e0 pr\u00e8s de 96\u202fmm sur environ 19\u202fjours<\/span>. <span class=\"relative -mx-px my-[-0.2rem] rounded px-px py-[0.2rem] transition-colors duration-100 ease-in-out\">A contrario, l\u2019\u00e9t\u00e9 est plus sec : juillet totalise environ 44\u202fmm sur 11 jours<\/span><\/p>\r\n\r\n<h3 data-start=\"1032\" data-end=\"1069\">Ensoleillement & n\u00e9bulosit\u00e9<\/h3>\r\n<p data-start=\"1071\" data-end=\"1191\"><span class=\"relative -mx-px my-[-0.2rem] rounded px-px py-[0.2rem] transition-colors duration-100 ease-in-out\">Le littoral morbihannais, y compris Auray, b\u00e9n\u00e9ficie d\u2019un bon ensoleillement annuel, entre <strong data-start=\"91\" data-end=\"116\" data-is-last-node=\"\">1\u202f900 et 2\u202f000\u202fheures<\/strong><\/span>. <span class=\"relative -mx-px my-[-0.2rem] rounded px-px py-[0.2rem] transition-colors duration-100 ease-in-out\">Les jours d\u2019hiver sont plus nuageux, tandis que juillet et ao\u00fbt offrent davantage d\u2019\u00e9claircies.<\/span><\/p>\r\n\r\n<h3 data-start=\"1198\" data-end=\"1225\">Vent et humidit\u00e9<\/h3>\r\n<p data-start=\"1227\" data-end=\"1347\"><span class=\"relative -mx-px my-[-0.2rem] rounded px-px py-[0.2rem] transition-colors duration-100 ease-in-out\">Le vent est surtout pr\u00e9sent en printemps et d\u00e9but d\u2019\u00e9t\u00e9, avec des moyennes de <strong data-start=\"78\" data-end=\"104\" data-is-last-node=\"\">11\u201312\u202fmph (18\u201319\u202fkm\/h)<\/strong><\/span>. <span class=\"relative -mx-px my-[-0.2rem] rounded px-px py-[0.2rem] transition-colors duration-100 ease-in-out\">L\u2019humidit\u00e9 relative est mod\u00e9r\u00e9e, autour de 70\u201380\u202f% sur l\u2019ann\u00e9e, avec de l\u00e9g\u00e8res variations mensuelles.<\/span><\/p>\r\n\r\n<h3 data-start=\"1354\" data-end=\"1403\">Temp\u00e9rature de l\u2019eau & saisons propices<\/h3>\r\n<p data-start=\"1405\" data-end=\"1550\"><span class=\"relative -mx-px my-[-0.2rem] rounded px-px py-[0.2rem] transition-colors duration-100 ease-in-out\">La temp\u00e9rature de la mer en mai tourne autour de 13\u202f\u00b0C, montant \u00e0 environ 17\u202f\u00b0C en juillet\u2013ao\u00fbt<\/span> , id\u00e9ale pour les balades nature, kayak, paddle ou r\u00e9gates en \u00e9t\u00e9.<\/p>\r\n\r\n<h3 data-start=\"1557\" data-end=\"1579\">Saisonnalit\u00e9<\/h3>\r\n<div class=\"_tableContainer_80l1q_1\">\r\n<div class=\"_tableWrapper_80l1q_14 group flex w-fit flex-col-reverse\" tabindex=\"-1\">\r\n<table class=\"w-fit min-w-(--thread-content-width)\" data-start=\"1581\" data-end=\"2119\">\r\n<thead data-start=\"1581\" data-end=\"1661\">\r\n<tr data-start=\"1581\" data-end=\"1661\">\r\n<th data-start=\"1581\" data-end=\"1593\" data-col-size=\"sm\">Saison<\/th>\r\n<th data-start=\"1593\" data-end=\"1618\" data-col-size=\"sm\">Temp\u00e9ratures (max\/min)<\/th>\r\n<th data-start=\"1618\" data-end=\"1631\" data-col-size=\"sm\">Pluie<\/th>\r\n<th data-start=\"1631\" data-end=\"1648\" data-col-size=\"sm\">Ensoleillement<\/th>\r\n<th data-start=\"1648\" data-end=\"1661\" data-col-size=\"sm\">Remarques<\/th>\r\n<\/tr>\r\n<\/thead>\r\n<tbody data-start=\"1744\" data-end=\"2119\">\r\n<tr data-start=\"1744\" data-end=\"1835\">\r\n<td data-start=\"1744\" data-end=\"1756\" data-col-size=\"sm\">Hiver<\/td>\r\n<td data-start=\"1756\" data-end=\"1783\" data-col-size=\"sm\">5\u201311\u202f\u00b0C \/ 2\u20135\u202f\u00b0C<\/td>\r\n<td data-start=\"1783\" data-end=\"1796\" data-col-size=\"sm\">Forte<\/td>\r\n<td data-start=\"1796\" data-end=\"1813\" data-col-size=\"sm\">Faible<\/td>\r\n<td data-start=\"1813\" data-end=\"1835\" data-col-size=\"sm\">Randonneurs, calme<\/td>\r\n<\/tr>\r\n<tr data-start=\"1836\" data-end=\"1925\">\r\n<td data-start=\"1836\" data-end=\"1848\" data-col-size=\"sm\">Printemps<\/td>\r\n<td data-start=\"1848\" data-end=\"1875\" data-col-size=\"sm\">11\u201318\u202f\u00b0C \/ 6\u201311\u202f\u00b0C<\/td>\r\n<td data-start=\"1875\" data-end=\"1888\" data-col-size=\"sm\">Moyenne<\/td>\r\n<td data-start=\"1888\" data-end=\"1905\" data-col-size=\"sm\">En hausse<\/td>\r\n<td data-start=\"1905\" data-end=\"1925\" data-col-size=\"sm\">Fleurs, sentiers<\/td>\r\n<\/tr>\r\n<tr data-start=\"1926\" data-end=\"2029\">\r\n<td data-start=\"1926\" data-end=\"1938\" data-col-size=\"sm\">\u00c9t\u00e9<\/td>\r\n<td data-start=\"1938\" data-end=\"1965\" data-col-size=\"sm\">20\u201323\u202f\u00b0C \/ 14\u201315\u202f\u00b0C<\/td>\r\n<td data-start=\"1965\" data-end=\"1978\" data-col-size=\"sm\">Faible<\/td>\r\n<td data-start=\"1978\" data-end=\"1995\" data-col-size=\"sm\">Meilleur<\/td>\r\n<td data-start=\"1995\" data-end=\"2029\" data-col-size=\"sm\">Activit\u00e9s nautiques, festivals<\/td>\r\n<\/tr>\r\n<tr data-start=\"2030\" data-end=\"2119\">\r\n<td data-start=\"2030\" data-end=\"2042\" data-col-size=\"sm\">Automne<\/td>\r\n<td data-start=\"2042\" data-end=\"2069\" data-col-size=\"sm\">10\u201320\u202f\u00b0C \/ 8\u201312\u202f\u00b0C<\/td>\r\n<td data-start=\"2069\" data-end=\"2083\" data-col-size=\"sm\">Moyenne-haut<\/td>\r\n<td data-start=\"2083\" data-end=\"2099\" data-col-size=\"sm\">Diminue<\/td>\r\n<td data-start=\"2099\" data-end=\"2119\" data-col-size=\"sm\">Couleurs, photos<\/td>\r\n<\/tr>\r\n<\/tbody>\r\n<\/table>\r\n<div class=\"sticky end-(--thread-content-margin) h-0 self-end select-none\">\r\n<div class=\"absolute end-0 flex items-end\"><\/div>\r\n<\/div>\r\n<\/div>\r\n<\/div>\r\n<h3 data-start=\"2126\" data-end=\"2154\">Conseils pratiques<\/h3>\r\n<ul data-start=\"2156\" data-end=\"2606\">\r\n \t<li data-start=\"2156\" data-end=\"2327\">\r\n<p data-start=\"2158\" data-end=\"2327\"><strong data-start=\"2158\" data-end=\"2176\">Visiter en \u00e9t\u00e9<\/strong> (juillet\u2013ao\u00fbt) pour profiter du meilleur temps et des \u00e9v\u00e9nements, tout en emportant gilet ou coupe-vent pour les soir\u00e9es fra\u00eeches et le vent du large.<\/p>\r\n<\/li>\r\n \t<li data-start=\"2328\" data-end=\"2461\">\r\n<p data-start=\"2330\" data-end=\"2461\"><strong data-start=\"2330\" data-end=\"2358\">Privil\u00e9gier le printemps<\/strong> pour les paysages verdoyants et l\u2019enneigement mod\u00e9r\u00e9, avec un manteau l\u00e9ger et v\u00eatements imperm\u00e9ables.<\/p>\r\n<\/li>\r\n \t<li data-start=\"2462\" data-end=\"2606\">\r\n<p data-start=\"2464\" data-end=\"2606\"><strong data-start=\"2464\" data-end=\"2483\">Rester flexible<\/strong> en automne et hiver : prendre un parapluie ou un imperm\u00e9able, mais appr\u00e9cier la luminosit\u00e9 hivernale et le calme culturel.<\/p>\r\n<\/li>\r\n<\/ul>\r\n<h3 data-start=\"2613\" data-end=\"2628\">En r\u00e9sum\u00e9<\/h3>\r\n<p data-start=\"2630\" data-end=\"3033\">Auray offre un climat temp\u00e9r\u00e9, doux en hiver et frais en \u00e9t\u00e9, id\u00e9al pour les amoureux de la nature, les randonneurs, les passionn\u00e9s de voile et les amateurs de festivals. Les pr\u00e9cipitations sont r\u00e9parties sur l\u2019ann\u00e9e avec un pic hivernal et un \u00e9t\u00e9 plus sec. L\u2019ensoleillement g\u00e9n\u00e9reux et la temp\u00e9rature maritime favorisent une visite agr\u00e9able, \u00e0 condition d\u2019adapter sa tenue aux caprices de l\u2019Atlantique.<\/p>\r\n\r\n<h2 data-start=\"44\" data-end=\"99\">Ouest\u2011France Auray : votre fil d\u2019actualit\u00e9 locale<\/h2>\r\n<p data-start=\"101\" data-end=\"449\"><strong data-start=\"101\" data-end=\"123\">Ouest\u2011France Auray<\/strong> est l\u2019\u00e9dition locale du grand quotidien r\u00e9gional, d\u00e9di\u00e9e \u00e0 l\u2019actualit\u00e9 de la commune et de son bassin de vie. Distribu\u00e9 quotidiennement, avec une diffusion leaders dans l\u2019Ouest, ce journal couvre les \u00e9v\u00e9nements, les faits divers, les initiatives et la vie associative du secteur d\u2019Auray.<\/p>\r\n\r\n<h3 data-start=\"451\" data-end=\"475\">Ce qu\u2019on y trouve<\/h3>\r\n<ul data-start=\"477\" data-end=\"912\">\r\n \t<li data-start=\"477\" data-end=\"596\">\r\n<p data-start=\"479\" data-end=\"596\"><span class=\"relative -mx-px my-[-0.2rem] rounded px-px py-[0.2rem] transition-colors duration-100 ease-in-out\"><strong data-start=\"0\" data-end=\"28\" data-is-last-node=\"\" data-is-only-node=\"\">Faits divers et s\u00e9curit\u00e9<\/strong><\/span><br data-start=\"516\" data-end=\"519\" \/><span class=\"relative -mx-px my-[-0.2rem] rounded px-px py-[0.2rem] transition-colors duration-100 ease-in-out\">Par exemple, le 13 juillet, un homme de 38 ans est tomb\u00e9 d\u2019une falaise \u00e0 Saint\u2011Pierre\u2011Quiberon, une info partag\u00e9e \u00e0 travers un fil de la r\u00e9daction Vannes\u2011Auray<\/span>.<\/p>\r\n<\/li>\r\n \t<li data-start=\"598\" data-end=\"717\">\r\n<p data-start=\"600\" data-end=\"717\"><span class=\"relative -mx-px my-[-0.2rem] rounded px-px py-[0.2rem] transition-colors duration-100 ease-in-out\"><strong data-start=\"0\" data-end=\"25\" data-is-last-node=\"\" data-is-only-node=\"\">Vie locale et soci\u00e9t\u00e9<\/strong><\/span><br data-start=\"637\" data-end=\"640\" \/><span class=\"relative -mx-px my-[-0.2rem] rounded px-px py-[0.2rem] transition-colors duration-100 ease-in-out\">On y retrouve les derni\u00e8res actualit\u00e9s : incendie \u00e0 Plouharnel, accident de motards, r\u00e9ouvertures culturelles (mus\u00e9e de Quiberon), ainsi que des portraits d\u2019acteurs locaux comme une herbi\u00e8re cueilleuse ou l\u2019inauguration de nouvelles infrastructures (skate\u2011park)<\/span><\/p>\r\n<\/li>\r\n \t<li data-start=\"719\" data-end=\"825\">\r\n<p data-start=\"721\" data-end=\"825\"><strong data-start=\"721\" data-end=\"745\">Culture & patrimoine<\/strong><br data-start=\"745\" data-end=\"748\" \/><span class=\"relative -mx-px my-[-0.2rem] rounded px-px py-[0.2rem] transition-colors duration-100 ease-in-out\">La rubrique met \u00e0 l\u2019honneur la richesse patrimoniale d\u2019Auray : expositions, festivals, publications d\u2019historiens et vie culturelle (revue Istor Breizh, patrimoine, traditions bretonnes)<\/span><\/p>\r\n<\/li>\r\n \t<li data-start=\"827\" data-end=\"912\">\r\n<p data-start=\"829\" data-end=\"912\"><span class=\"relative -mx-px my-[-0.2rem] rounded px-px py-[0.2rem] transition-colors duration-100 ease-in-out\"><strong data-start=\"0\" data-end=\"27\" data-is-last-node=\"\" data-is-only-node=\"\">\u00c9conomie et initiatives<\/strong><\/span><br data-start=\"868\" data-end=\"871\" \/><span class=\"relative -mx-px my-[-0.2rem] rounded px-px py-[0.2rem] transition-colors duration-100 ease-in-out\">La parution propose des articles sur les commerces, artisans (coach sportif, galerie d\u2019art), agriculture, tourisme, ainsi que les grands travaux et projets urbains.<\/span><\/p>\r\n<\/li>\r\n<\/ul>\r\n<h3 data-start=\"914\" data-end=\"943\">Pourquoi la consulter<\/h3>\r\n<ul data-start=\"945\" data-end=\"1110\">\r\n \t<li data-start=\"945\" data-end=\"986\">\r\n<p data-start=\"947\" data-end=\"986\"><span class=\"relative -mx-px my-[-0.2rem] rounded px-px py-[0.2rem] transition-colors duration-100 ease-in-out\"><strong data-start=\"0\" data-end=\"26\" data-is-only-node=\"\">Actualit\u00e9 de proximit\u00e9<\/strong> : un flux constant d\u2019informations sur ce qui se passe r\u00e9ellement dans votre commune.<\/span><\/p>\r\n<\/li>\r\n \t<li data-start=\"987\" data-end=\"1028\">\r\n<p data-start=\"989\" data-end=\"1028\"><span class=\"relative -mx-px my-[-0.2rem] rounded px-px py-[0.2rem] transition-colors duration-100 ease-in-out\"><strong data-start=\"0\" data-end=\"26\" data-is-only-node=\"\">Informations pratiques<\/strong> : alertes m\u00e9t\u00e9o, s\u00e9curit\u00e9, culture, sports, loisirs, \u00e9conomie.<\/span><\/p>\r\n<\/li>\r\n \t<li data-start=\"1029\" data-end=\"1110\">\r\n<p data-start=\"1031\" data-end=\"1110\"><span class=\"relative -mx-px my-[-0.2rem] rounded px-px py-[0.2rem] transition-colors duration-100 ease-in-out\"><strong data-start=\"0\" data-end=\"32\" data-is-only-node=\"\">T\u00e9moignages de la communaut\u00e9<\/strong> : la rubrique invite les lecteurs \u00e0 partager leurs propres observations ou \u00e9v\u00e9nements locaux via la r\u00e9daction de la page Facebook<\/span><\/p>\r\n<\/li>\r\n<\/ul>\r\n<p data-start=\"1133\" data-end=\"1515\">La rubrique <strong data-start=\"1145\" data-end=\"1167\">Ouest\u2011France Auray<\/strong> s\u2019impose comme une source essentielle d\u2019information locale et de confiance. Riche de contenu \u2014 entre faits de soci\u00e9t\u00e9, culture, patrimoine, \u00e9conomie, et initiatives citoyennes \u2014 elle offre un aper\u00e7u complet et actuel de la vie aurayenne. Parfait pour rester connect\u00e9 \u00e0 la vie de la commune, d\u00e9couvrir ses dynamiques, et participer \u00e0 sa communaut\u00e9.<\/p>\r\n\r\n<h2 data-start=\"3002\" data-end=\"3018\">FAQ sur Auray<\/h2>\r\n<h3 data-start=\"3020\" data-end=\"3066\">Qu\u2019est-ce que le port de Saint\u2011Goustan ?<\/h3>\r\n<p data-start=\"3067\" data-end=\"3147\"><span class=\"relative -mx-px my-[-0.2rem] rounded px-px py-[0.2rem] transition-colors duration-100 ease-in-out\">Le <strong data-start=\"3\" data-end=\"28\">port de Saint\u2011Goustan<\/strong> est l\u2019ancien heart maritime d\u2019<strong data-start=\"59\" data-end=\"68\">Auray<\/strong>, construit au XIII\u1d49\u202fsi\u00e8cle, entour\u00e9 de quais m\u00e9di\u00e9vaux et d\u2019un pont historique<\/span>.<\/p>\r\n\r\n<h3 data-start=\"3149\" data-end=\"3182\">Comment se rendre \u00e0 Auray ?<\/h3>\r\n<p data-start=\"3183\" data-end=\"3263\"><span class=\"relative -mx-px my-[-0.2rem] rounded px-px py-[0.2rem] transition-colors duration-100 ease-in-out\">Accessible en TGV (Paris, Rennes, Vannes) et via trains r\u00e9gionaux, la ville lie facilement culture et \u00eeles de la Bretagne Sud<\/span>.<\/p>\r\n\r\n<h3 data-start=\"3265\" data-end=\"3315\">Quels sont les lieux historiques \u00e0 visiter ?<\/h3>\r\n<ul data-start=\"3316\" data-end=\"3489\">\r\n \t<li data-start=\"3316\" data-end=\"3359\">\r\n<p data-start=\"3318\" data-end=\"3359\"><span class=\"relative -mx-px my-[-0.2rem] rounded px-px py-[0.2rem] transition-colors duration-100 ease-in-out\">Pont de Saint\u2011Goustan (XIV\u1d49)<\/span><\/p>\r\n<\/li>\r\n \t<li data-start=\"3360\" data-end=\"3403\">\r\n<p data-start=\"3362\" data-end=\"3403\"><span class=\"relative -mx-px my-[-0.2rem] rounded px-px py-[0.2rem] transition-colors duration-100 ease-in-out\">\u00c9glise Saint\u2011Gildas (XVII\u1d49)<\/span><\/p>\r\n<\/li>\r\n \t<li data-start=\"3404\" data-end=\"3447\">\r\n<p data-start=\"3406\" data-end=\"3447\"><span class=\"relative -mx-px my-[-0.2rem] rounded px-px py-[0.2rem] transition-colors duration-100 ease-in-out\">Chapelle du Saint\u2011Esprit<\/span><\/p>\r\n<\/li>\r\n \t<li data-start=\"3448\" data-end=\"3489\">\r\n<p data-start=\"3450\" data-end=\"3489\"><span class=\"relative -mx-px my-[-0.2rem] rounded px-px py-[0.2rem] transition-colors duration-100 ease-in-out\">Ch\u00e2teau d\u2019Auray (vestiges du XII\u1d49\u2013XVI\u1d49)<\/span><\/p>\r\n<\/li>\r\n<\/ul>\r\n<h3 data-start=\"3491\" data-end=\"3553\">Quelle est la sp\u00e9cificit\u00e9 du sanctuaire de Sainte\u2011Anne ?<\/h3>\r\n<p data-start=\"3554\" data-end=\"3634\"><span class=\"relative -mx-px my-[-0.2rem] rounded px-px py-[0.2rem] transition-colors duration-100 ease-in-out\">C\u2019est le 3\u1d49 lieu de p\u00e8lerinage fran\u00e7ais, avec une basilique, un clo\u00eetre et un fort t\u00e9moignage de la pi\u00e9t\u00e9 bretonne<\/span>.<\/p>\r\n\r\n<h3 data-start=\"3636\" data-end=\"3675\">Y a\u2011t\u2011il des \u00e9v\u00e9nements annuels ?<\/h3>\r\n<p data-start=\"3676\" data-end=\"3756\"><span class=\"relative -mx-px my-[-0.2rem] rounded px-px py-[0.2rem] transition-colors duration-100 ease-in-out\">Oui, notamment les <strong data-start=\"19\" data-end=\"37\">jeudis du port<\/strong>, les <strong data-start=\"43\" data-end=\"63\">joutes nautiques<\/strong>, les <strong data-start=\"69\" data-end=\"89\">march\u00e9s du lundi<\/strong> et <strong data-start=\"93\" data-end=\"110\" data-is-last-node=\"\">No\u00ebl f\u00e9erique<\/strong><\/span> .<\/p>\r\n\r\n<h3 data-start=\"3758\" data-end=\"3803\">O\u00f9 d\u00e9guster des sp\u00e9cialit\u00e9s bretonnes ?<\/h3>\r\n<p data-start=\"3804\" data-end=\"3938\">Aux halles le lundi, dans les cr\u00eaperies, les restaurants du port ou lors des march\u00e9s, on trouve galettes, cidre et produits de la mer.<\/p>\r\n\r\n<h3 data-start=\"3940\" data-end=\"3988\">Peut-on faire des activit\u00e9s en plein air ?<\/h3>\r\n<p data-start=\"3989\" data-end=\"4080\">Absolument\u202f: randonn\u00e9e, circuit v\u00e9lo, croisi\u00e8res, sports nautiques dans la ria et le Golfe.<\/p>\r\n\r\n<h3 data-start=\"4082\" data-end=\"4113\">Quels souvenirs ramener ?<\/h3>\r\n<p data-start=\"4114\" data-end=\"4245\">Artisanat local (c\u00e9ramique, verrerie, textiles), gastronomies (confitures, biscuits bretons), cr\u00e9ations d\u2019artistes du centre-ville.<\/p>\r\n\r\n<h3 data-start=\"4247\" data-end=\"4287\">L\u2019acc\u00e8s est-il facile en voiture ?<\/h3>\r\n<p data-start=\"4288\" data-end=\"4362\">Oui : N165 entre Lorient et Vannes, parkings proches du centre et du port.<\/p>\r\n\r\n<h3 data-start=\"4364\" data-end=\"4402\">Auray convient-il aux familles ?<\/h3>\r\n<p data-start=\"4403\" data-end=\"4513\">Parfaitement : ateliers, balades, sites pi\u00e9tons, nature accessible\u2026 un s\u00e9jour \u00e9quilibr\u00e9 pour petits et grands.<\/p>\r\n\r\n<h2 data-start=\"4520\" data-end=\"4533\">Conclusion<\/h2>\r\n<p data-start=\"4535\" data-end=\"4880\"><strong data-start=\"4535\" data-end=\"4544\">Auray<\/strong> vous offre un voyage au c\u0153ur d\u2019une Bretagne authentique, en <a href=\"https:\/\/cparici.com\/visiter-le-morbihan-guide-des-sites-et-activites-a-ne-pas-manquer\/\">Morbihan<\/a>\u202f: <strong data-start=\"4603\" data-end=\"4620\">Saint\u2011Goustan<\/strong>, son port m\u00e9di\u00e9val, les march\u00e9s gourmands, les monuments historiques, la ferveur spirituelle de <strong data-start=\"4717\" data-end=\"4732\">Sainte\u2011Anne<\/strong>, le tout dans un cadre naturel et culturel exceptionnel. Que vous veniez pour un week\u2011end ou plus, Auray d\u00e9voilera son charme \u00e0 chaque coin de rue.<\/p>\r\n<p data-start=\"4882\" data-end=\"5032\">Pour approfondir votre d\u00e9couverte, pensez aussi \u00e0 visiter la page Wikip\u00e9dia d\u00e9di\u00e9e \u00e0 cette cit\u00e9 bretonne pour des d\u00e9tails historiques suppl\u00e9mentaires.<\/p>\r\n<p data-start=\"4882\" data-end=\"5032\">Site officiel de la ville d\u2019Auray <a href=\"https:\/\/www.auray.fr\/\" target=\"_blank\" rel=\"noopener\">ici<\/a><\/p>\t\t\t\t\t\t\t\t<\/div>\n\t\t\t\t\t<\/div>\n\t\t\t\t<\/div>\n\t\t<aside class=\"elementor-element elementor-element-3e47b8a e-flex e-con-boxed e-con e-parent\" data-id=\"3e47b8a\" data-element_type=\"container\" data-e-type=\"container\">\n\t\t\t\t\t<div class=\"e-con-inner\">\n\t\t\t\t<div class=\"elementor-element elementor-element-dcd57b5 elementor-widget elementor-widget-listeo-posts-grid\" data-id=\"dcd57b5\" data-element_type=\"widget\" data-e-type=\"widget\" data-widget_type=\"listeo-posts-grid.default\">\n\t\t\t\t<div class=\"elementor-widget-container\">\n\t\t\t\t\t\t\t\n\t\t<div class=\"listeo-post-grid-wrapper\">\n\t\t\t<div class=\"row\">\n\n\t\t\t\n\n\t\t\t\t\t\t\t<div class=\"col-md-4\">\n                <a href=\"https:\/\/cparici.com\/en\/laita\/\" class=\"blog-compact-item-container\">\n                    <div class=\"blog-compact-item\">\n                        <img decoding=\"async\" width=\"577\" height=\"204\" src=\"https:\/\/cparici.com\/wp-content\/uploads\/2025\/03\/cparici-2025-03-03T144030.971-577x204.jpg\" class=\"attachment-listeo-blog-related-post size-listeo-blog-related-post wp-post-image\" alt=\"La La\u00efta\" srcset=\"https:\/\/cparici.com\/wp-content\/uploads\/2025\/03\/cparici-2025-03-03T144030.971-577x204.jpg 577w, https:\/\/cparici.com\/wp-content\/uploads\/2025\/03\/cparici-2025-03-03T144030.971-300x106.jpg 300w, https:\/\/cparici.com\/wp-content\/uploads\/2025\/03\/cparici-2025-03-03T144030.971-1024x362.jpg 1024w, https:\/\/cparici.com\/wp-content\/uploads\/2025\/03\/cparici-2025-03-03T144030.971-768x271.jpg 768w, https:\/\/cparici.com\/wp-content\/uploads\/2025\/03\/cparici-2025-03-03T144030.971-18x6.jpg 18w, https:\/\/cparici.com\/wp-content\/uploads\/2025\/03\/cparici-2025-03-03T144030.971-590x208.jpg 590w, https:\/\/cparici.com\/wp-content\/uploads\/2025\/03\/cparici-2025-03-03T144030.971-1200x424.jpg 1200w, https:\/\/cparici.com\/wp-content\/uploads\/2025\/03\/cparici-2025-03-03T144030.971-600x212.jpg 600w, https:\/\/cparici.com\/wp-content\/uploads\/2025\/03\/cparici-2025-03-03T144030.971.jpg 1500w\" sizes=\"(max-width: 577px) 100vw, 577px\" \/><span class=\"blog-item-tag\">Bretagne<\/span>                        \n                        <div class=\"blog-compact-item-content\">\n                                                        <h3>La La\u00efta<\/h3>\n                                                        <p>La La\u00efta La La\u00efta est une rivi\u00e8re c\u00f4ti\u00e8re bretonne, fruit de la confluence de l\u2019Ell\u00e9...                            <\/p>\n                                                    <\/div>\n                    <\/div>\n                <\/a>\n            <\/div>\n\t\t\t<div class=\"col-md-4\">\n                <a href=\"https:\/\/cparici.com\/en\/golfe-du-morbihan\/\" class=\"blog-compact-item-container\">\n                    <div class=\"blog-compact-item\">\n                        <img decoding=\"async\" width=\"577\" height=\"207\" src=\"https:\/\/cparici.com\/wp-content\/uploads\/2024\/07\/golfe-du-morbihan.jpg\" class=\"attachment-listeo-blog-related-post size-listeo-blog-related-post wp-post-image\" alt=\"golfe du morbihan\" srcset=\"https:\/\/cparici.com\/wp-content\/uploads\/2024\/07\/golfe-du-morbihan.jpg 1500w, https:\/\/cparici.com\/wp-content\/uploads\/2024\/07\/golfe-du-morbihan-600x215.jpg 600w, https:\/\/cparici.com\/wp-content\/uploads\/2024\/07\/golfe-du-morbihan-300x107.jpg 300w, https:\/\/cparici.com\/wp-content\/uploads\/2024\/07\/golfe-du-morbihan-1024x367.jpg 1024w, https:\/\/cparici.com\/wp-content\/uploads\/2024\/07\/golfe-du-morbihan-768x275.jpg 768w\" sizes=\"(max-width: 577px) 100vw, 577px\" \/><span class=\"blog-item-tag\">Bretagne<\/span>                        \n                        <div class=\"blog-compact-item-content\">\n                                                        <h3>Golfe du Morbihan \u2013 guide complet<\/h3>\n                                                        <p>D\u00e9couvrez le golfe du Morbihan, un joyau de la Bretagne. Ce guide vous r\u00e9v\u00e8le ses...                            <\/p>\n                                                    <\/div>\n                    <\/div>\n                <\/a>\n            <\/div>\n\t\t\t<div class=\"col-md-4\">\n                <a href=\"https:\/\/cparici.com\/en\/allaire\/\" class=\"blog-compact-item-container\">\n                    <div class=\"blog-compact-item\">\n                        <span class=\"blog-item-tag\">Allaire<\/span>                        \n                        <div class=\"blog-compact-item-content\">\n                                                        <h3>allaire<\/h3>\n                                                        <p>Allaire Situ\u00e9e au c\u0153ur du Morbihan en Bretagne, Allaire est une commune \u00e0 l\u2019identit\u00e9 marqu\u00e9e...                            <\/p>\n                                                    <\/div>\n                    <\/div>\n                <\/a>\n            <\/div>\n  <\/div>\n        <\/div>\n        \t\t\t\t<\/div>\n\t\t\t\t<\/div>\n\t\t\t\t\t<\/div>\n\t\t\t\t<\/aside>\n\t\t\t\t<\/div>\n\t\t","protected":false},"excerpt":{"rendered":"<p>Recherches populaires Categories Pas de r\u00e9sultats Voir tous les r\u00e9sultats Auray, joyau m\u00e9di\u00e9val du Morbihan Auray, charmante cit\u00e9 bretonne, respire l\u2019histoire \u00e0 chaque pav\u00e9. Du vieux port de Saint\u2011Goustan au patrimoine architectural, en passant par la gastronomie locale, chaque coin r\u00e9v\u00e8le le caract\u00e8re authentique de cette ville. Ce guide vous embarque pour une d\u00e9couverte compl\u00e8te [&hellip;]<\/p>\n","protected":false},"author":97,"featured_media":67772,"comment_status":"closed","ping_status":"closed","sticky":false,"template":"elementor_header_footer","format":"standard","meta":{"ngg_post_thumbnail":0,"footnotes":""},"categories":[2732,478,477,529],"tags":[],"class_list":["post-67771","post","type-post","status-publish","format-standard","has-post-thumbnail","hentry","category-auray","category-bretagne","category-france","category-morbihan"],"_links":{"self":[{"href":"https:\/\/cparici.com\/en\/wp-json\/wp\/v2\/posts\/67771","targetHints":{"allow":["GET"]}}],"collection":[{"href":"https:\/\/cparici.com\/en\/wp-json\/wp\/v2\/posts"}],"about":[{"href":"https:\/\/cparici.com\/en\/wp-json\/wp\/v2\/types\/post"}],"author":[{"embeddable":true,"href":"https:\/\/cparici.com\/en\/wp-json\/wp\/v2\/users\/97"}],"replies":[{"embeddable":true,"href":"https:\/\/cparici.com\/en\/wp-json\/wp\/v2\/comments?post=67771"}],"version-history":[{"count":0,"href":"https:\/\/cparici.com\/en\/wp-json\/wp\/v2\/posts\/67771\/revisions"}],"wp:featuredmedia":[{"embeddable":true,"href":"https:\/\/cparici.com\/en\/wp-json\/wp\/v2\/media\/67772"}],"wp:attachment":[{"href":"https:\/\/cparici.com\/en\/wp-json\/wp\/v2\/media?parent=67771"}],"wp:term":[{"taxonomy":"category","embeddable":true,"href":"https:\/\/cparici.com\/en\/wp-json\/wp\/v2\/categories?post=67771"},{"taxonomy":"post_tag","embeddable":true,"href":"https:\/\/cparici.com\/en\/wp-json\/wp\/v2\/tags?post=67771"}],"curies":[{"name":"wp","href":"https:\/\/api.w.org\/{rel}","templated":true}]}}