{"id":69232,"date":"2025-08-17T07:41:32","date_gmt":"2025-08-17T05:41:32","guid":{"rendered":"https:\/\/cparici.com\/?p=69232"},"modified":"2025-12-31T08:39:32","modified_gmt":"2025-12-31T07:39:32","slug":"place-vendome","status":"publish","type":"post","link":"https:\/\/cparici.com\/en\/place-vendome\/","title":{"rendered":"Place Vend\u00f4me"},"content":{"rendered":"\t\t<div data-elementor-type=\"wp-post\" data-elementor-id=\"69232\" class=\"elementor elementor-69232\" data-elementor-post-type=\"post\">\n\t\t\t\t<div class=\"elementor-element elementor-element-09d796b e-con-full e-flex e-con e-parent\" data-id=\"09d796b\" data-element_type=\"container\" data-e-type=\"container\">\n\t\t\t\t<div class=\"elementor-element elementor-element-4f2814d elementor-widget elementor-widget-image\" data-id=\"4f2814d\" data-element_type=\"widget\" data-e-type=\"widget\" data-widget_type=\"image.default\">\n\t\t\t\t\t\t\t\t\t\t\t\t\t\t\t<img decoding=\"async\" width=\"1500\" height=\"530\" src=\"https:\/\/cparici.com\/wp-content\/uploads\/2025\/08\/cparici-2025-08-17T072603.141.jpg\" class=\"attachment-full size-full wp-image-69233\" alt=\"Place Vend\u00f4me\" srcset=\"https:\/\/cparici.com\/wp-content\/uploads\/2025\/08\/cparici-2025-08-17T072603.141.jpg 1500w, https:\/\/cparici.com\/wp-content\/uploads\/2025\/08\/cparici-2025-08-17T072603.141-300x106.jpg 300w, https:\/\/cparici.com\/wp-content\/uploads\/2025\/08\/cparici-2025-08-17T072603.141-1024x362.jpg 1024w, https:\/\/cparici.com\/wp-content\/uploads\/2025\/08\/cparici-2025-08-17T072603.141-768x271.jpg 768w, https:\/\/cparici.com\/wp-content\/uploads\/2025\/08\/cparici-2025-08-17T072603.141-18x6.jpg 18w, https:\/\/cparici.com\/wp-content\/uploads\/2025\/08\/cparici-2025-08-17T072603.141-590x208.jpg 590w, https:\/\/cparici.com\/wp-content\/uploads\/2025\/08\/cparici-2025-08-17T072603.141-1200x424.jpg 1200w, https:\/\/cparici.com\/wp-content\/uploads\/2025\/08\/cparici-2025-08-17T072603.141-577x204.jpg 577w, https:\/\/cparici.com\/wp-content\/uploads\/2025\/08\/cparici-2025-08-17T072603.141-600x212.jpg 600w\" sizes=\"(max-width: 1500px) 100vw, 1500px\" \/>\t\t\t\t\t\t\t\t\t\t\t\t\t\t\t<\/div>\n\t\t\t\t<\/div>\n\t\t<aside class=\"elementor-element elementor-element-bb0254f e-flex e-con-boxed e-con e-parent\" data-id=\"bb0254f\" data-element_type=\"container\" data-e-type=\"container\">\n\t\t\t\t\t<div class=\"e-con-inner\">\n\t\t\t\t<div class=\"elementor-element elementor-element-6d23941 elementor-widget elementor-widget-global elementor-global-62046 elementor-widget-eael-advanced-search\" data-id=\"6d23941\" data-element_type=\"widget\" data-e-type=\"widget\" data-widget_type=\"eael-advanced-search.default\">\n\t\t\t\t\t        <div class=\"eael-adv-search-wrapper\">\n            <div id=\"eael-advanced-search-widget-6d23941\" class=\"eael-advanced-search-widget\">\n                <form data-settings=\"{&quot;post_per_page&quot;:5,&quot;search_among_taxonomies&quot;:&quot;&quot;,&quot;search_among_sku&quot;:&quot;no&quot;,&quot;show_popular_keyword&quot;:0,&quot;show_category&quot;:0,&quot;show_content_image&quot;:1,&quot;show_search_result_all_results&quot;:0,&quot;result_on_new_tab&quot;:&quot;no&quot;,&quot;show_product_price&quot;:&quot;no&quot;,&quot;include_current_page&quot;:&quot;no&quot;,&quot;current_post_id&quot;:69232,&quot;post_type&quot;:[&quot;post&quot;,&quot;listing&quot;]}\" method=\"POST\" name=\"eael-advanced-search-form-6d23941\" class=\"eael-advanced-search-form eael-advanced-search-form-style-2\">\n                    <div class=\"eael-advanced-search-wrap\">\n                        <span class=\"eael-adv-search-loader\"><\/span>\n                        <span class=\"eael-adv-search-close\"><i class=\"fas fa-times\"><\/i><\/span>\n                        <span class=\"icon \"><i class=\"fas fa-search\"><\/i><\/span>\n\n                        <input type=\"text\"\n                               placeholder=\"Votre destination\"\n                               class=\"eael-advanced-search\" autocomplete=\"off\" name=\"eael_advanced_search\">\n                    <\/div>\n\t\t\t\t\t                                    <\/form>\n\n\t\t\t\t\n\t\t\t\t        <div class=\"eael-advanced-search-result\">\n            <div class=\"eael-advanced-search-popular-keyword\">\n\t\t\t\t<h4 class=\"eael-advanced-search-popular-keyword-text\">Recherches populaires<\/h4>                <div class=\"eael-popular-keyword-content\"><\/div>\n            <\/div>\n            <div class=\"eael-advanced-search-category\">\n\t\t\t\t<h4 class=\"eael-advanced-search-category-text\">Categories<\/h4>                <div class=\"eael-popular-category-content\"><\/div>\n            <\/div>\n\t\t\t<div class=\"eael-advanced-search-total-results-section\">\n\t\t\t\t\t\t\t<\/div>\n            <div class=\"eael-advanced-search-content eael-item-style-3\">\n            <\/div>\n            <div class=\"eael-advanced-search-not-found\">\n                <p>Pas de r\u00e9sultats<\/p><\/div>\n            <div class=\"eael-advanced-search-load-more\">\n\t\t\t\t<a \tclass=\"eael-advanced-search-load-more-button\"\n                \thref=\"#\">Voir tous les r\u00e9sultats<\/a>\n            <\/div>\n        <\/div>\n\n\t\t            <\/div>\n        <\/div>\n\n\t\t\t\t\t\t<\/div>\n\t\t\t\t\t<\/div>\n\t\t\t\t<\/aside>\n\t\t<div class=\"elementor-element elementor-element-76172396 e-flex e-con-boxed e-con e-parent\" data-id=\"76172396\" data-element_type=\"container\" data-e-type=\"container\">\n\t\t\t\t\t<div class=\"e-con-inner\">\n\t\t\t\t<div class=\"elementor-element elementor-element-7246c6eb elementor-widget elementor-widget-text-editor\" data-id=\"7246c6eb\" data-element_type=\"widget\" data-e-type=\"widget\" data-widget_type=\"text-editor.default\">\n\t\t\t\t\t\t\t\t\t<h1 style=\"text-align: center;\" data-start=\"206\" data-end=\"715\"><strong data-start=\"330\" data-end=\"347\">Place Vend\u00f4me<\/strong><\/h1>\r\n<p data-start=\"206\" data-end=\"715\">Au c\u0153ur du 1\u1d49\u02b3 arrondissement de <a href=\"https:\/\/cparici.com\/paris\/\">Paris<\/a>, la <strong data-start=\"249\" data-end=\"266\">Place Vend\u00f4me<\/strong> incarne l\u2019\u00e9l\u00e9gance architecturale et le raffinement culturel \u00e0 la fran\u00e7aise. Entour\u00e9e de fa\u00e7ades classiques, surmont\u00e9e d\u2019une colonne imp\u00e9riale et bord\u00e9e des plus grandes maisons de luxe, elle constitue un espace unique o\u00f9 se croisent <strong data-start=\"501\" data-end=\"513\">histoire<\/strong>, <strong data-start=\"515\" data-end=\"526\">pouvoir<\/strong> et <strong data-start=\"530\" data-end=\"556\">cr\u00e9ation contemporaine<\/strong>. Pens\u00e9e \u00e0 l\u2019origine pour glorifier le r\u00e8gne de Louis XIV, elle est aujourd\u2019hui mondialement connue pour son atmosph\u00e8re feutr\u00e9e et ses enseignes prestigieuses.<\/p>\r\n<p data-start=\"717\" data-end=\"1256\">V\u00e9ritable joyau de la capitale, la <strong data-start=\"752\" data-end=\"769\">Place Vend\u00f4me<\/strong> attire chaque ann\u00e9e des milliers de visiteurs fascin\u00e9s par son h\u00e9ritage et son rayonnement. Elle s\u2019inscrit dans un patrimoine vivant, au carrefour des institutions de l\u2019\u00c9tat, du commerce de luxe et des grandes figures artistiques. Son aura symbolique d\u00e9passe les fronti\u00e8res <strong data-start=\"1044\" data-end=\"1055\">du pays<\/strong>, faisant d\u2019elle un passage oblig\u00e9 pour quiconque souhaite <a class=\"\" href=\"https:\/\/cparici.com\/fr\/visiter-la-france-guide-des-regions-et-sites-touristiques\" target=\"_new\" rel=\"noopener\" data-start=\"1114\" data-end=\"1215\">visiter la France<\/a> et d\u00e9couvrir l\u2019essence du chic parisien.<\/p>\r\n\r\n<h2 data-start=\"291\" data-end=\"325\">Aux origines de la place royale<\/h2>\r\n<p data-start=\"327\" data-end=\"683\">La <strong data-start=\"330\" data-end=\"347\">Place Vend\u00f4me<\/strong> est l\u2019un des chefs-d\u2019\u0153uvre de l\u2019urbanisme classique \u00e0 la fran\u00e7aise. Situ\u00e9e au c\u0153ur de Paris, elle a \u00e9t\u00e9 con\u00e7ue d\u00e8s <strong data-start=\"463\" data-end=\"471\">1686<\/strong> pour refl\u00e9ter la puissance et la grandeur du <strong data-start=\"517\" data-end=\"539\">r\u00e8gne de Louis XIV<\/strong>. Ce projet de grande envergure fut attribu\u00e9 \u00e0 <strong data-start=\"586\" data-end=\"612\">Jules Hardouin-Mansart<\/strong>, l\u2019architecte embl\u00e9matique du Roi Soleil, d\u00e9j\u00e0 \u00e0 l\u2019\u0153uvre \u00e0 Versailles.<\/p>\r\n<p data-start=\"685\" data-end=\"1374\">\u00c0 l\u2019origine, l\u2019objectif \u00e9tait d\u2019\u00e9riger une place royale destin\u00e9e \u00e0 accueillir une <strong data-start=\"767\" data-end=\"786\">statue \u00e9questre<\/strong> du roi, dans un cadre monumental repr\u00e9sentant l\u2019ordre, la sym\u00e9trie et la magnificence du pouvoir monarchique. L\u2019espace fut trac\u00e9 sur l\u2019emplacement de l\u2019ancien h\u00f4tel du duc de Vend\u00f4me, et baptis\u00e9 d\u2019abord <strong data-start=\"990\" data-end=\"1013\">Place des Conqu\u00eates<\/strong>, en hommage aux nombreuses victoires fran\u00e7aises. En <strong data-start=\"1066\" data-end=\"1074\">1699<\/strong>, les plans sont finalis\u00e9s avec une organisation tr\u00e8s originale pour l\u2019\u00e9poque\u202f: les <strong data-start=\"1158\" data-end=\"1181\">fa\u00e7ades ext\u00e9rieures<\/strong> furent construites en priorit\u00e9, dans un style uniforme, avant que ne soient d\u00e9velopp\u00e9s les b\u00e2timents \u00e0 l\u2019int\u00e9rieur de l\u2019enceinte. Cette approche garantissait l\u2019harmonie architecturale du lieu.<\/p>\r\n<p data-start=\"1376\" data-end=\"1513\">Ce mod\u00e8le d\u2019urbanisme, pionnier \u00e0 Paris, annonce les grandes <strong data-start=\"1437\" data-end=\"1455\">places royales<\/strong> d\u2019Europe et incarne l\u2019art du pouvoir \u00e0 travers la pierre.<\/p>\r\n\r\n<h2 data-start=\"54\" data-end=\"98\">De la Place des Conqu\u00eates \u00e0 Place Vend\u00f4me<\/h2>\r\n<p data-start=\"100\" data-end=\"554\">L\u2019histoire de la <strong data-start=\"117\" data-end=\"134\">Place Vend\u00f4me<\/strong> refl\u00e8te l\u2019\u00e9volution politique et symbolique de la France \u00e0 travers les si\u00e8cles. Initialement nomm\u00e9e <strong data-start=\"235\" data-end=\"258\">Place des Conqu\u00eates<\/strong>, en r\u00e9f\u00e9rence aux victoires militaires de <strong data-start=\"301\" data-end=\"314\">Louis XIV<\/strong>, elle prend ensuite le nom de <strong data-start=\"345\" data-end=\"369\">Place Louis-le-Grand<\/strong> apr\u00e8s l\u2019installation de la c\u00e9l\u00e8bre statue \u00e9questre du roi en 1699. Ce nom souligne la volont\u00e9 du monarque d\u2019inscrire son pouvoir dans la pierre et dans la ville, au c\u0153ur m\u00eame de Paris.<\/p>\r\n<p data-start=\"100\" data-end=\"554\"><a href=\"https:\/\/cparici.com\/wp-content\/uploads\/2025\/08\/cparici-2025-08-17T073331.499.jpg\"><img decoding=\"async\" class=\"aligncenter wp-image-69234 size-full\" src=\"https:\/\/cparici.com\/wp-content\/uploads\/2025\/08\/cparici-2025-08-17T073331.499.jpg\" alt=\"Place Vend\u00f4me histoire\" width=\"1500\" height=\"530\" srcset=\"https:\/\/cparici.com\/wp-content\/uploads\/2025\/08\/cparici-2025-08-17T073331.499.jpg 1500w, https:\/\/cparici.com\/wp-content\/uploads\/2025\/08\/cparici-2025-08-17T073331.499-300x106.jpg 300w, https:\/\/cparici.com\/wp-content\/uploads\/2025\/08\/cparici-2025-08-17T073331.499-1024x362.jpg 1024w, https:\/\/cparici.com\/wp-content\/uploads\/2025\/08\/cparici-2025-08-17T073331.499-768x271.jpg 768w, https:\/\/cparici.com\/wp-content\/uploads\/2025\/08\/cparici-2025-08-17T073331.499-18x6.jpg 18w, https:\/\/cparici.com\/wp-content\/uploads\/2025\/08\/cparici-2025-08-17T073331.499-590x208.jpg 590w, https:\/\/cparici.com\/wp-content\/uploads\/2025\/08\/cparici-2025-08-17T073331.499-1200x424.jpg 1200w, https:\/\/cparici.com\/wp-content\/uploads\/2025\/08\/cparici-2025-08-17T073331.499-577x204.jpg 577w, https:\/\/cparici.com\/wp-content\/uploads\/2025\/08\/cparici-2025-08-17T073331.499-600x212.jpg 600w\" sizes=\"(max-width: 1500px) 100vw, 1500px\" \/><\/a><\/p>\r\n<p data-start=\"556\" data-end=\"1002\">Cependant, comme souvent dans l\u2019histoire de France, les changements de r\u00e9gimes politiques s\u2019accompagnent de nouvelles appellations. Pendant la <strong data-start=\"699\" data-end=\"723\">R\u00e9volution fran\u00e7aise<\/strong>, la statue de Louis XIV est renvers\u00e9e, et la place est rebaptis\u00e9e <strong data-start=\"790\" data-end=\"810\">Place des Piques<\/strong>, symbolisant la rupture avec la monarchie et l\u2019affirmation du pouvoir populaire. Cet \u00e9pisode marque un tournant dans la m\u00e9moire du lieu, d\u00e9sormais associ\u00e9 \u00e0 la lutte contre le pouvoir absolu.<\/p>\r\n<p data-start=\"1004\" data-end=\"1399\">Sous le <strong data-start=\"1012\" data-end=\"1024\">Consulat<\/strong>, en 1799, elle prend le nom d\u00e9finitif de <strong data-start=\"1066\" data-end=\"1083\">Place Vend\u00f4me<\/strong>, en hommage \u00e0 l\u2019ancien h\u00f4tel du duc de Vend\u00f4me qui occupait autrefois l\u2019emplacement. Ce choix marque une tentative de neutralit\u00e9 historique, tout en conservant une certaine \u00e9l\u00e9gance aristocratique. La place devient alors un espace civil, ouvert \u00e0 de nouveaux usages, tout en conservant son architecture majestueuse.<\/p>\r\n<p data-start=\"1401\" data-end=\"1652\">Ce changement de nom n\u2019est pas anodin : il accompagne une r\u00e9invention de la place qui, de symbole monarchique, devient un lieu <strong data-start=\"1528\" data-end=\"1554\">embl\u00e9matique de l\u2019\u00c9tat<\/strong>, puis du <strong data-start=\"1564\" data-end=\"1581\">luxe fran\u00e7ais<\/strong>, tout en gardant l\u2019empreinte des grands bouleversements de l\u2019histoire.<\/p>\r\n\r\n<h2 data-start=\"49\" data-end=\"77\">Architecture et urbanisme<\/h2>\r\n<p data-start=\"79\" data-end=\"526\">La <strong data-start=\"82\" data-end=\"99\">Place Vend\u00f4me<\/strong> est un joyau d\u2019<strong data-start=\"115\" data-end=\"151\">architecture classique fran\u00e7aise<\/strong>, pens\u00e9e selon les principes de l\u2019harmonie, de la sym\u00e9trie et de la r\u00e9gularit\u00e9. Elle adopte un <strong data-start=\"246\" data-end=\"282\">plan rectangulaire \u00e0 pans coup\u00e9s<\/strong>, donnant \u00e0 l\u2019ensemble une apparence octogonale presque parfaite, tr\u00e8s appr\u00e9ci\u00e9e dans l\u2019urbanisme du XVII\u1d49 si\u00e8cle. Ce choix g\u00e9om\u00e9trique n\u2019est pas anodin : il permet une mise en valeur centrale, notamment pour y \u00e9riger une colonne ou une statue.<\/p>\r\n<p data-start=\"528\" data-end=\"985\">L\u2019\u0153uvre de <strong data-start=\"539\" data-end=\"565\">Jules Hardouin-Mansart<\/strong> incarne l\u2019id\u00e9al de l\u2019architecture royale. Les <strong data-start=\"612\" data-end=\"623\">fa\u00e7ades<\/strong> sont compos\u00e9es d\u2019un socle rythm\u00e9 par des arcades, d\u2019un corps principal avec fen\u00eatres \u00e0 frontons, et d\u2019un attique discret. Ce style homog\u00e8ne est renforc\u00e9 par l\u2019utilisation de <strong data-start=\"798\" data-end=\"824\">pierre blonde de Paris<\/strong>, conf\u00e9rant \u00e0 la place une \u00e9l\u00e9gance sobre et lumineuse. Ces fa\u00e7ades, d\u2019apparence continue, cachent en r\u00e9alit\u00e9 une multitude de <strong data-start=\"951\" data-end=\"974\">h\u00f4tels particuliers<\/strong> distincts.<\/p>\r\n<p data-start=\"987\" data-end=\"1384\">Fait remarquable : les fa\u00e7ades ont \u00e9t\u00e9 \u00e9difi\u00e9es avant les b\u00e2timents eux-m\u00eames. Cette d\u00e9marche innovante permettait de garantir une <strong data-start=\"1118\" data-end=\"1147\">coh\u00e9rence visuelle totale<\/strong>, quelles que soient les fonctions ou les commanditaires des b\u00e2timents situ\u00e9s derri\u00e8re. Cette r\u00e8gle d\u2019uniformit\u00e9 stricte sera reprise plus tard sur d\u2019autres <strong data-start=\"1304\" data-end=\"1322\">places royales<\/strong>, comme la place de la Concorde ou la place Stanislas \u00e0 Nancy.<\/p>\r\n<p data-start=\"1386\" data-end=\"1675\">Avec ses lignes pures et son \u00e9quilibre architectural, la <strong data-start=\"1443\" data-end=\"1460\">Place Vend\u00f4me<\/strong> illustre parfaitement la grandeur du style classique \u00e0 la fran\u00e7aise. Elle est aujourd\u2019hui prot\u00e9g\u00e9e au titre des <strong data-start=\"1573\" data-end=\"1598\">monuments historiques<\/strong>, et repr\u00e9sente une r\u00e9f\u00e9rence dans le domaine de l\u2019<strong data-start=\"1649\" data-end=\"1674\">urbanisme patrimonial<\/strong>.<\/p>\r\n<p data-start=\"1386\" data-end=\"1675\"><a href=\"https:\/\/cparici.com\/wp-content\/uploads\/2025\/08\/cparici-2025-08-17T073549.089.jpg\"><img decoding=\"async\" class=\"aligncenter wp-image-69235 size-full\" src=\"https:\/\/cparici.com\/wp-content\/uploads\/2025\/08\/cparici-2025-08-17T073549.089.jpg\" alt=\"Place Vend\u00f4me architecture\" width=\"1500\" height=\"530\" srcset=\"https:\/\/cparici.com\/wp-content\/uploads\/2025\/08\/cparici-2025-08-17T073549.089.jpg 1500w, https:\/\/cparici.com\/wp-content\/uploads\/2025\/08\/cparici-2025-08-17T073549.089-300x106.jpg 300w, https:\/\/cparici.com\/wp-content\/uploads\/2025\/08\/cparici-2025-08-17T073549.089-1024x362.jpg 1024w, https:\/\/cparici.com\/wp-content\/uploads\/2025\/08\/cparici-2025-08-17T073549.089-768x271.jpg 768w, https:\/\/cparici.com\/wp-content\/uploads\/2025\/08\/cparici-2025-08-17T073549.089-18x6.jpg 18w, https:\/\/cparici.com\/wp-content\/uploads\/2025\/08\/cparici-2025-08-17T073549.089-590x208.jpg 590w, https:\/\/cparici.com\/wp-content\/uploads\/2025\/08\/cparici-2025-08-17T073549.089-1200x424.jpg 1200w, https:\/\/cparici.com\/wp-content\/uploads\/2025\/08\/cparici-2025-08-17T073549.089-577x204.jpg 577w, https:\/\/cparici.com\/wp-content\/uploads\/2025\/08\/cparici-2025-08-17T073549.089-600x212.jpg 600w\" sizes=\"(max-width: 1500px) 100vw, 1500px\" \/><\/a><\/p>\r\n\r\n<h2 data-start=\"54\" data-end=\"94\">La colonne Vend\u00f4me : symbole imp\u00e9rial<\/h2>\r\n<p data-start=\"96\" data-end=\"466\">Au centre de la <strong data-start=\"112\" data-end=\"129\">Place Vend\u00f4me<\/strong> tr\u00f4ne l\u2019un de ses \u00e9l\u00e9ments les plus embl\u00e9matiques : la <strong data-start=\"185\" data-end=\"204\">colonne Vend\u00f4me<\/strong>, \u00e9galement appel\u00e9e <strong data-start=\"224\" data-end=\"254\">colonne de la Grande Arm\u00e9e<\/strong> ou <strong data-start=\"258\" data-end=\"282\">colonne d\u2019Austerlitz<\/strong>. \u00c9rig\u00e9e en <strong data-start=\"294\" data-end=\"302\">1810<\/strong> \u00e0 la demande de <strong data-start=\"319\" data-end=\"335\">Napol\u00e9on Ier<\/strong>, cette colonne comm\u00e9more la victoire \u00e9clatante de la bataille d\u2019Austerlitz en 1805, symbole de la puissance militaire de l\u2019Empire.<\/p>\r\n<p data-start=\"468\" data-end=\"981\">Inspir\u00e9e directement de la <strong data-start=\"495\" data-end=\"514\">colonne Trajane<\/strong> \u00e0 Rome, la colonne mesure 44 m\u00e8tres de haut et repose sur un socle d\u00e9cor\u00e9 de bas-reliefs. Elle est constitu\u00e9e de <strong data-start=\"628\" data-end=\"686\">bronze fondu \u00e0 partir des 1\u202f200 canons pris \u00e0 l\u2019ennemi<\/strong>, un geste aussi politique qu\u2019esth\u00e9tique, transformant l\u2019outil de guerre en monument de gloire. Le f\u00fbt est d\u00e9cor\u00e9 en spirale d\u2019un long bas-relief racontant, comme une bande dessin\u00e9e de pierre, les campagnes napol\u00e9oniennes. Au sommet tr\u00f4nait initialement <strong data-start=\"940\" data-end=\"961\">Napol\u00e9on en C\u00e9sar<\/strong>, v\u00eatu \u00e0 la romaine.<\/p>\r\n<p data-start=\"983\" data-end=\"1442\">La colonne n\u2019a pas \u00e9chapp\u00e9 aux bouleversements de l\u2019histoire. En <strong data-start=\"1048\" data-end=\"1056\">1871<\/strong>, lors de la <strong data-start=\"1069\" data-end=\"1089\">Commune de Paris<\/strong>, elle est renvers\u00e9e par les insurg\u00e9s qui la consid\u00e8rent comme un symbole de militarisme imp\u00e9rial. L\u2019artiste <strong data-start=\"1198\" data-end=\"1217\">Gustave Courbet<\/strong>, alors membre du gouvernement r\u00e9volutionnaire, milite activement pour sa d\u00e9molition. Apr\u00e8s la r\u00e9pression de la Commune, la colonne est reconstruite en 1874, mais cette fois surmont\u00e9e d\u2019une statue de <strong data-start=\"1417\" data-end=\"1441\">Napol\u00e9on en uniforme<\/strong>.<\/p>\r\n<p data-start=\"1444\" data-end=\"1780\">La <strong data-start=\"1447\" data-end=\"1466\">colonne Vend\u00f4me<\/strong> est aujourd\u2019hui l\u2019un des monuments les plus photographi\u00e9s de Paris. Elle incarne \u00e0 la fois le <strong data-start=\"1561\" data-end=\"1580\">g\u00e9nie militaire<\/strong>, la force de l\u2019image imp\u00e9riale et la complexit\u00e9 des rapports entre art, pouvoir et m\u00e9moire. Sa silhouette majestueuse s\u2019impose au c\u0153ur de la place comme un rep\u00e8re visuel et historique incontournable.<\/p>\r\n<p data-start=\"1444\" data-end=\"1780\"><a href=\"https:\/\/cparici.com\/wp-content\/uploads\/2025\/08\/cparici-2025-08-17T073855.336.jpg\"><img decoding=\"async\" class=\"aligncenter wp-image-69237 size-full\" src=\"https:\/\/cparici.com\/wp-content\/uploads\/2025\/08\/cparici-2025-08-17T073855.336.jpg\" alt=\"Colonne Vend\u00f4me sur la place\" width=\"1500\" height=\"530\" srcset=\"https:\/\/cparici.com\/wp-content\/uploads\/2025\/08\/cparici-2025-08-17T073855.336.jpg 1500w, https:\/\/cparici.com\/wp-content\/uploads\/2025\/08\/cparici-2025-08-17T073855.336-300x106.jpg 300w, https:\/\/cparici.com\/wp-content\/uploads\/2025\/08\/cparici-2025-08-17T073855.336-1024x362.jpg 1024w, https:\/\/cparici.com\/wp-content\/uploads\/2025\/08\/cparici-2025-08-17T073855.336-768x271.jpg 768w, https:\/\/cparici.com\/wp-content\/uploads\/2025\/08\/cparici-2025-08-17T073855.336-18x6.jpg 18w, https:\/\/cparici.com\/wp-content\/uploads\/2025\/08\/cparici-2025-08-17T073855.336-590x208.jpg 590w, https:\/\/cparici.com\/wp-content\/uploads\/2025\/08\/cparici-2025-08-17T073855.336-1200x424.jpg 1200w, https:\/\/cparici.com\/wp-content\/uploads\/2025\/08\/cparici-2025-08-17T073855.336-577x204.jpg 577w, https:\/\/cparici.com\/wp-content\/uploads\/2025\/08\/cparici-2025-08-17T073855.336-600x212.jpg 600w\" sizes=\"(max-width: 1500px) 100vw, 1500px\" \/><\/a><\/p>\r\n\r\n<h2 data-start=\"45\" data-end=\"85\">Le luxe comme empreinte contemporaine<\/h2>\r\n<p data-start=\"87\" data-end=\"390\">La <strong data-start=\"90\" data-end=\"107\">Place Vend\u00f4me<\/strong> est aujourd\u2019hui synonyme de <strong data-start=\"136\" data-end=\"144\">luxe<\/strong>, d\u2019<strong data-start=\"148\" data-end=\"160\">\u00e9l\u00e9gance<\/strong> et de <strong data-start=\"167\" data-end=\"194\">prestige \u00e0 la fran\u00e7aise<\/strong>. Si elle fut autrefois le th\u00e9\u00e2tre du pouvoir monarchique et imp\u00e9rial, elle s\u2019est transform\u00e9e au cours du XIX\u1d49 si\u00e8cle en un <strong data-start=\"318\" data-end=\"367\">haut lieu de la joaillerie et de l\u2019horlogerie<\/strong>, mondialement reconnu.<\/p>\r\n<p data-start=\"392\" data-end=\"940\">L\u2019installation des grandes maisons de luxe d\u00e9bute en <strong data-start=\"445\" data-end=\"453\">1893<\/strong>, lorsque <strong data-start=\"463\" data-end=\"485\">Fr\u00e9d\u00e9ric Boucheron<\/strong> choisit le num\u00e9ro 26 de la place pour y ouvrir sa boutique. Attir\u00e9 par la lumi\u00e8re exceptionnelle de cette fa\u00e7ade orient\u00e9e sud-ouest et la proximit\u00e9 du <strong data-start=\"637\" data-end=\"655\">Palais Garnier<\/strong>, il inaugure une nouvelle \u00e8re. Peu \u00e0 peu, d\u2019autres joailliers prestigieux s\u2019y installent : <strong data-start=\"747\" data-end=\"758\">Cartier<\/strong>, <strong data-start=\"760\" data-end=\"771\">Chaumet<\/strong>, <strong data-start=\"773\" data-end=\"795\">Van Cleef & Arpels<\/strong>, <strong data-start=\"797\" data-end=\"818\">Chanel Joaillerie<\/strong>, <strong data-start=\"820\" data-end=\"839\">Dior Joaillerie<\/strong>, <strong data-start=\"841\" data-end=\"850\">Rolex<\/strong>, <strong data-start=\"852\" data-end=\"862\">Piaget<\/strong>, <strong data-start=\"864\" data-end=\"875\">Breguet<\/strong>\u2026 jusqu\u2019\u00e0 former une constellation unique de maisons d\u2019exception.<\/p>\r\n<p data-start=\"942\" data-end=\"1364\">La place est aujourd\u2019hui le si\u00e8ge du <strong data-start=\"979\" data-end=\"997\">Comit\u00e9 Vend\u00f4me<\/strong>, qui rassemble les grandes marques pr\u00e9sentes dans cet \u00e9crin. Ce comit\u00e9 d\u00e9fend une vision de l\u2019<strong data-start=\"1092\" data-end=\"1124\">artisanat de haute pr\u00e9cision<\/strong>, de la discr\u00e9tion et de l\u2019excellence. Les vitrines y sont raffin\u00e9es, jamais tapageuses. Certaines maisons investissent m\u00eame des h\u00f4tels particuliers entiers, qu\u2019elles restaurent dans les r\u00e8gles de l\u2019art, m\u00ealant le patrimoine \u00e0 la modernit\u00e9.<\/p>\r\n<p data-start=\"1366\" data-end=\"1731\">Ce rayonnement d\u00e9passe les fronti\u00e8res. La <strong data-start=\"1408\" data-end=\"1425\">Place Vend\u00f4me<\/strong> est une r\u00e9f\u00e9rence absolue pour les acheteurs d\u2019exception, les collectionneurs d\u2019objets rares, les c\u00e9l\u00e9brit\u00e9s et les amateurs d\u2019<strong data-start=\"1553\" data-end=\"1570\">haute couture<\/strong> et de <strong data-start=\"1577\" data-end=\"1602\">savoir-faire fran\u00e7ais<\/strong>. Ce n\u2019est pas seulement une rue commer\u00e7ante de luxe : c\u2019est une <strong data-start=\"1667\" data-end=\"1687\">adresse mythique<\/strong>, symbole d\u2019un art de vivre unique au monde.<\/p>\r\n\r\n<h2 data-start=\"45\" data-end=\"86\">Lieux embl\u00e9matiques et patrimoine b\u00e2ti<\/h2>\r\n<p data-start=\"88\" data-end=\"563\">La <strong data-start=\"91\" data-end=\"108\">Place Vend\u00f4me<\/strong> est bord\u00e9e de <strong data-start=\"123\" data-end=\"149\">28 h\u00f4tels particuliers<\/strong>, qui constituent un patrimoine architectural et historique d\u2019exception. Construits entre la fin du XVII\u1d49 et le XVIII\u1d49 si\u00e8cle, ces \u00e9difices refl\u00e8tent \u00e0 la fois l\u2019\u00e9l\u00e9gance du style classique et la richesse de l\u2019histoire parisienne. La plupart sont aujourd\u2019hui class\u00e9s <strong data-start=\"416\" data-end=\"441\">monuments historiques<\/strong>, pr\u00e9servant leur authenticit\u00e9 tout en \u00e9tant adapt\u00e9s \u00e0 des usages contemporains, notamment commerciaux et institutionnels.<\/p>\r\n<p data-start=\"565\" data-end=\"601\">Parmi les plus c\u00e9l\u00e8bres, on trouve :<\/p>\r\n\r\n<ul data-start=\"603\" data-end=\"1671\">\r\n \t<li data-start=\"603\" data-end=\"893\">\r\n<p data-start=\"605\" data-end=\"893\"><strong data-start=\"605\" data-end=\"624\">L\u2019H\u00f4tel de Noc\u00e9<\/strong> (n\u00b026) : abritant aujourd\u2019hui <strong data-start=\"655\" data-end=\"668\">Boucheron<\/strong>, cet h\u00f4tel fut r\u00e9am\u00e9nag\u00e9 avec une grande finesse afin de valoriser son architecture d\u2019\u00e9poque tout en y int\u00e9grant les exigences d\u2019un joaillier moderne. C\u2019est aussi l\u2019un des premiers h\u00f4tels investis par le luxe au XIX\u1d49 si\u00e8cle.<\/p>\r\n<\/li>\r\n \t<li data-start=\"895\" data-end=\"1113\">\r\n<p data-start=\"897\" data-end=\"1113\"><strong data-start=\"897\" data-end=\"927\">L\u2019H\u00f4tel Delpech de Chaumot<\/strong> : construit entre 1714 et 1716, il h\u00e9berge aujourd\u2019hui <strong data-start=\"983\" data-end=\"1002\">Dior Joaillerie<\/strong> et <strong data-start=\"1006\" data-end=\"1018\">Mikimoto<\/strong>. Son architecture est un parfait exemple du style sobre et ordonn\u00e9 promu par Hardouin-Mansart.<\/p>\r\n<\/li>\r\n \t<li data-start=\"1115\" data-end=\"1411\">\r\n<p data-start=\"1117\" data-end=\"1411\"><strong data-start=\"1117\" data-end=\"1143\">L\u2019H\u00f4tel de Bourvallais<\/strong> (n\u00b013) : depuis 1815, il est le si\u00e8ge du <strong data-start=\"1185\" data-end=\"1212\">Minist\u00e8re de la Justice<\/strong>. Ce b\u00e2timent est si embl\u00e9matique que l\u2019on d\u00e9signe parfois le minist\u00e8re par m\u00e9tonymie : \u00ab\u202fla Place Vend\u00f4me\u202f\u00bb. Il abrita autrefois la Banque de Law et fut convoit\u00e9 pour ses somptueux salons d\u2019apparat.<\/p>\r\n<\/li>\r\n \t<li data-start=\"1413\" data-end=\"1671\">\r\n<p data-start=\"1415\" data-end=\"1671\"><strong data-start=\"1415\" data-end=\"1437\">L\u2019H\u00f4tel Ritz Paris<\/strong> (n\u00b015) : sans doute le plus c\u00e9l\u00e8bre, ce palace cinq \u00e9toiles a accueilli les plus grandes personnalit\u00e9s du XX\u1d49 si\u00e8cle \u2013 de <strong data-start=\"1560\" data-end=\"1575\">Coco Chanel<\/strong>, qui y v\u00e9cut plus de 30 ans, \u00e0 <strong data-start=\"1607\" data-end=\"1627\">Ernest Hemingway<\/strong>, <strong data-start=\"1629\" data-end=\"1645\">Maria Callas<\/strong> ou encore <strong data-start=\"1656\" data-end=\"1670\">Lady Diana<\/strong>.<\/p>\r\n<\/li>\r\n<\/ul>\r\n<p data-start=\"1673\" data-end=\"2036\">Chaque <strong data-start=\"1680\" data-end=\"1701\">h\u00f4tel particulier<\/strong> poss\u00e8de sa propre histoire, ses d\u00e9corations int\u00e9rieures uniques, ses jardins cach\u00e9s ou ses salons priv\u00e9s. Ils incarnent la fusion du patrimoine et du raffinement. Ces lieux ne sont pas de simples b\u00e2timents : ils forment l\u2019<strong data-start=\"1924\" data-end=\"1951\">\u00e2me de la Place Vend\u00f4me<\/strong>, o\u00f9 se croisent aujourd\u2019hui haute administration, haute joaillerie et haute soci\u00e9t\u00e9.<\/p>\r\n\r\n<h2 data-start=\"45\" data-end=\"92\">Place Vend\u00f4me dans la culture et l\u2019actualit\u00e9<\/h2>\r\n<p data-start=\"94\" data-end=\"536\">La <strong data-start=\"97\" data-end=\"114\">Place Vend\u00f4me<\/strong> n\u2019est pas seulement un joyau architectural ou un sanctuaire du luxe\u202f: c\u2019est aussi un <strong data-start=\"200\" data-end=\"219\">lieu de culture<\/strong>, qui a profond\u00e9ment marqu\u00e9 l\u2019imaginaire collectif. Elle est r\u00e9guli\u00e8rement repr\u00e9sent\u00e9e dans la <strong data-start=\"314\" data-end=\"329\">litt\u00e9rature<\/strong>, le <strong data-start=\"334\" data-end=\"344\">cin\u00e9ma<\/strong>, les <strong data-start=\"350\" data-end=\"366\">arts visuels<\/strong> et les <strong data-start=\"374\" data-end=\"399\">s\u00e9ries contemporaines<\/strong>. Cette place, \u00e0 la fois monumentale et intimiste, offre un d\u00e9cor unique entre <strong data-start=\"478\" data-end=\"490\">histoire<\/strong>, <strong data-start=\"492\" data-end=\"507\">raffinement<\/strong> et <strong data-start=\"511\" data-end=\"535\">puissance symbolique<\/strong>.<\/p>\r\n<p data-start=\"538\" data-end=\"608\">Au <strong data-start=\"541\" data-end=\"551\">cin\u00e9ma<\/strong>, elle est apparue dans de nombreux films embl\u00e9matiques :<\/p>\r\n\r\n<ul data-start=\"609\" data-end=\"1119\">\r\n \t<li data-start=\"609\" data-end=\"834\">\r\n<p data-start=\"611\" data-end=\"834\"><em data-start=\"611\" data-end=\"626\">Place Vend\u00f4me<\/em> (1998), r\u00e9alis\u00e9 par Nicole Garcia avec <strong data-start=\"666\" data-end=\"687\">Catherine Deneuve<\/strong>, qui incarne une femme confront\u00e9e au pass\u00e9 trouble de son mari bijoutier. Ce film a contribu\u00e9 \u00e0 renforcer l\u2019image myst\u00e9rieuse et \u00e9l\u00e9gante du lieu.<\/p>\r\n<\/li>\r\n \t<li data-start=\"835\" data-end=\"946\">\r\n<p data-start=\"837\" data-end=\"946\"><em data-start=\"837\" data-end=\"854\">Le Cercle Rouge<\/em> (1970), de <strong data-start=\"866\" data-end=\"890\">Jean-Pierre Melville<\/strong>, utilise la place comme d\u00e9cor silencieux et dramatique.<\/p>\r\n<\/li>\r\n \t<li data-start=\"947\" data-end=\"1119\">\r\n<p data-start=\"949\" data-end=\"1119\"><em data-start=\"949\" data-end=\"959\">Fant\u00f4mas<\/em>, <em data-start=\"961\" data-end=\"971\">Le Pacha<\/em>, ou encore plus r\u00e9cemment <em data-start=\"998\" data-end=\"1005\">Lupin<\/em> sur <strong data-start=\"1010\" data-end=\"1021\">Netflix<\/strong>, font \u00e9galement r\u00e9f\u00e9rence \u00e0 cette place, preuve de sa pr\u00e9sence dans la culture populaire moderne.<\/p>\r\n<\/li>\r\n<\/ul>\r\n<p data-start=\"1121\" data-end=\"1517\">Mais la <strong data-start=\"1129\" data-end=\"1146\">Place Vend\u00f4me<\/strong> est aussi un espace d\u2019<strong data-start=\"1169\" data-end=\"1194\">exposition artistique<\/strong>. \u00c0 l\u2019occasion de grands \u00e9v\u00e9nements comme la <strong data-start=\"1239\" data-end=\"1247\">FIAC<\/strong> ou <strong data-start=\"1251\" data-end=\"1275\">Paris+ par Art Basel<\/strong>, elle accueille des \u0153uvres monumentales en plein air. En 2024, l\u2019artiste <strong data-start=\"1349\" data-end=\"1367\">Carsten H\u00f6ller<\/strong> y a install\u00e9 une sculpture cin\u00e9tique intrigante, m\u00ealant modernit\u00e9 et patrimoine, ce qui t\u00e9moigne de l\u2019ouverture de la place \u00e0 l\u2019<strong data-start=\"1496\" data-end=\"1516\">art contemporain<\/strong>.<\/p>\r\n<p data-start=\"1519\" data-end=\"1842\">Par ailleurs, elle entretient un lien fort avec le monde de la <strong data-start=\"1582\" data-end=\"1590\">mode<\/strong>, non seulement \u00e0 travers ses boutiques, mais aussi comme d\u00e9cor privil\u00e9gi\u00e9 pour les d\u00e9fil\u00e9s et les campagnes publicitaires. La lumi\u00e8re, la pierre blonde, les proportions id\u00e9ales en font un lieu de tournage recherch\u00e9 pour les grandes maisons de couture.<\/p>\r\n<p data-start=\"1844\" data-end=\"2012\">La <strong data-start=\"1847\" data-end=\"1864\">Place Vend\u00f4me<\/strong>, par son aura unique, est ainsi \u00e0 la crois\u00e9e du <strong data-start=\"1913\" data-end=\"1945\">patrimoine et de la cr\u00e9ation<\/strong>, devenant un lieu vivant et en perp\u00e9tuelle r\u00e9invention artistique.<\/p>\r\n\r\n<h2 data-start=\"45\" data-end=\"77\">Acc\u00e8s et environnement urbain<\/h2>\r\n<p data-start=\"79\" data-end=\"545\">La <strong data-start=\"82\" data-end=\"99\">Place Vend\u00f4me<\/strong> b\u00e9n\u00e9ficie d\u2019un <strong data-start=\"115\" data-end=\"142\">emplacement strat\u00e9gique<\/strong> au c\u0153ur du 1\u1d49\u02b3 arrondissement de Paris, dans l\u2019un des quartiers les plus prestigieux de la capitale. Elle est entour\u00e9e de lieux embl\u00e9matiques comme le <strong data-start=\"294\" data-end=\"318\">Jardin des Tuileries<\/strong>, l\u2019<strong data-start=\"322\" data-end=\"348\">\u00e9glise de la Madeleine<\/strong>, l\u2019<strong data-start=\"352\" data-end=\"369\">Op\u00e9ra Garnier<\/strong>, et se trouve \u00e0 deux pas de la <strong data-start=\"401\" data-end=\"421\">rue Saint-Honor\u00e9<\/strong>, c\u00e9l\u00e8bre pour ses boutiques de luxe. Elle forme un <strong data-start=\"473\" data-end=\"487\">axe majeur<\/strong> avec la <strong data-start=\"496\" data-end=\"514\">rue de la Paix<\/strong>, qui relie la place \u00e0 l\u2019Op\u00e9ra.<\/p>\r\n<p data-start=\"547\" data-end=\"638\">Son <strong data-start=\"551\" data-end=\"568\">accessibilit\u00e9<\/strong> est remarquable. Elle est desservie par plusieurs stations de m\u00e9tro :<\/p>\r\n\r\n<ul data-start=\"639\" data-end=\"800\">\r\n \t<li data-start=\"639\" data-end=\"675\">\r\n<p data-start=\"641\" data-end=\"675\"><strong data-start=\"641\" data-end=\"654\">Madeleine<\/strong> (lignes 8, 12 et 14)<\/p>\r\n<\/li>\r\n \t<li data-start=\"676\" data-end=\"701\">\r\n<p data-start=\"678\" data-end=\"701\"><strong data-start=\"678\" data-end=\"691\">Tuileries<\/strong> (ligne 1)<\/p>\r\n<\/li>\r\n \t<li data-start=\"702\" data-end=\"734\">\r\n<p data-start=\"704\" data-end=\"734\"><strong data-start=\"704\" data-end=\"717\">Pyramides<\/strong> (lignes 7 et 14)<\/p>\r\n<\/li>\r\n \t<li data-start=\"735\" data-end=\"765\">\r\n<p data-start=\"737\" data-end=\"765\"><strong data-start=\"737\" data-end=\"746\">Op\u00e9ra<\/strong> (lignes 3, 7 et 8)<\/p>\r\n<\/li>\r\n \t<li data-start=\"766\" data-end=\"800\">\r\n<p data-start=\"768\" data-end=\"800\"><strong data-start=\"768\" data-end=\"780\">Concorde<\/strong> (lignes 1, 8 et 12)<\/p>\r\n<\/li>\r\n<\/ul>\r\n<p data-start=\"802\" data-end=\"1127\">De nombreuses <strong data-start=\"816\" data-end=\"833\">lignes de bus<\/strong> passent \u00e0 proximit\u00e9, tout comme les itin\u00e9raires pi\u00e9tons reliant les monuments voisins. L\u2019<strong data-start=\"923\" data-end=\"947\">architecture ouverte<\/strong> de la place, bien que monumentale, permet une circulation fluide entre ses rues adjacentes : la <strong data-start=\"1044\" data-end=\"1066\">rue de Castiglione<\/strong>, la <strong data-start=\"1071\" data-end=\"1096\">rue Danielle Casanova<\/strong>, et la <strong data-start=\"1104\" data-end=\"1126\">rue du Mont Thabor<\/strong>.<\/p>\r\n<p data-start=\"1129\" data-end=\"1426\">La <strong data-start=\"1132\" data-end=\"1149\">Place Vend\u00f4me<\/strong> s\u2019inscrit aussi dans un environnement tr\u00e8s vivant sur le plan \u00e9conomique et culturel. Outre les maisons de luxe et le minist\u00e8re de la Justice, elle c\u00f4toie des h\u00f4tels de renom, notamment le <strong data-start=\"1339\" data-end=\"1353\">Ritz Paris<\/strong>, ainsi que de nombreux <strong data-start=\"1377\" data-end=\"1407\">restaurants gastronomiques<\/strong> et galeries d\u2019art.<\/p>\r\n<p data-start=\"1428\" data-end=\"1753\">Ce positionnement en fait un carrefour aussi bien touristique qu\u2019institutionnel, alliant <strong data-start=\"1517\" data-end=\"1529\">prestige<\/strong> et <strong data-start=\"1533\" data-end=\"1551\">fonctionnalit\u00e9<\/strong>. Son ambiance feutr\u00e9e, prot\u00e9g\u00e9e du tumulte des grands boulevards voisins, en fait un lieu propice \u00e0 la d\u00e9ambulation, \u00e0 la contemplation et aux <strong data-start=\"1695\" data-end=\"1752\">exp\u00e9riences culturelles et commerciales haut de gamme<\/strong>.<\/p>\r\n\r\n<h2 data-start=\"54\" data-end=\"78\">Anecdotes historiques<\/h2>\r\n<p data-start=\"80\" data-end=\"277\">Derri\u00e8re la fa\u00e7ade majestueuse et le raffinement apparent de la <strong data-start=\"144\" data-end=\"161\">Place Vend\u00f4me<\/strong>, se cachent de nombreuses <strong data-start=\"188\" data-end=\"213\">anecdotes historiques<\/strong> qui t\u00e9moignent de la richesse et de la complexit\u00e9 de son pass\u00e9.<\/p>\r\n<p data-start=\"279\" data-end=\"824\">L\u2019une des plus anciennes histoires remonte au XVIII\u1d49 si\u00e8cle, lorsque la place accueillait la <strong data-start=\"372\" data-end=\"393\">foire Saint-Ovide<\/strong>. De 1764 \u00e0 1771, cet \u00e9v\u00e9nement populaire s\u2019y installa chaque automne. Cette foire rassemblait des forains, des commer\u00e7ants, des artistes ambulants et des badauds dans une ambiance festive. Elle contrastait fortement avec l\u2019\u00e9l\u00e9gance rigoureuse de l\u2019architecture classique qui l\u2019entourait. Trop bruyante et jug\u00e9e inappropri\u00e9e pour ce cadre noble, elle fut finalement d\u00e9plac\u00e9e vers la place Louis XV, future <strong data-start=\"799\" data-end=\"823\">place de la Concorde<\/strong>.<\/p>\r\n<p data-start=\"826\" data-end=\"1255\">Un autre \u00e9pisode marquant a eu lieu en <strong data-start=\"865\" data-end=\"873\">1918<\/strong>, pendant la Premi\u00e8re Guerre mondiale. La place fut touch\u00e9e par un <strong data-start=\"940\" data-end=\"965\">bombardement allemand<\/strong> qui endommagea le <strong data-start=\"984\" data-end=\"1011\">minist\u00e8re de la Justice<\/strong>. Ce fut l\u2019un des rares impacts directs du conflit sur le centre de Paris. Bien que les d\u00e9g\u00e2ts aient \u00e9t\u00e9 limit\u00e9s, cet \u00e9v\u00e9nement marqua les esprits et renfor\u00e7a l\u2019image symbolique de la place comme c\u0153ur politique et institutionnel de la capitale.<\/p>\r\n<p data-start=\"1257\" data-end=\"1547\">Autre fait peu connu\u202f: c\u2019est sur cette place que <strong data-start=\"1306\" data-end=\"1318\">Yoko Ono<\/strong> a dispers\u00e9 une poign\u00e9e de cendres de <strong data-start=\"1356\" data-end=\"1372\">Keith Haring<\/strong>, \u00e0 sa demande. L\u2019artiste am\u00e9ricain, tr\u00e8s attach\u00e9 \u00e0 Paris, souhaitait qu\u2019une partie de lui repose sur cette place, qu\u2019il consid\u00e9rait comme un lieu d\u2019inspiration et d\u2019\u00e9l\u00e9gance.<\/p>\r\n<p data-start=\"1549\" data-end=\"1969\">Enfin, la <strong data-start=\"1559\" data-end=\"1578\">colonne Vend\u00f4me<\/strong>, abattue lors de la Commune en 1871, fut d\u00e9mont\u00e9e \u00e0 l\u2019aide de cordes et bris\u00e9e sur un lit de paille. Cette sc\u00e8ne symbolique fut immortalis\u00e9e par de nombreux artistes et reste l\u2019un des moments les plus forts de l\u2019histoire visuelle de la place. L\u2019artiste <strong data-start=\"1832\" data-end=\"1843\">Courbet<\/strong>, accus\u00e9 d\u2019avoir commandit\u00e9 l\u2019op\u00e9ration, dut ensuite financer sa reconstruction apr\u00e8s la chute de la Commune, ce qui le ruina.<\/p>\r\n<p data-start=\"1971\" data-end=\"2128\">Ces anecdotes r\u00e9v\u00e8lent une <strong data-start=\"1998\" data-end=\"2023\">Place Vend\u00f4me vivante<\/strong>, au croisement du <strong data-start=\"2042\" data-end=\"2053\">pouvoir<\/strong>, de l\u2019<strong data-start=\"2060\" data-end=\"2067\">art<\/strong>, de la <strong data-start=\"2075\" data-end=\"2097\">m\u00e9moire collective<\/strong> et des <strong data-start=\"2105\" data-end=\"2127\">luttes historiques<\/strong>.<\/p>\r\n\r\n<article class=\"text-token-text-primary w-full focus:outline-none scroll-mt-[calc(var(--header-height)+min(200px,max(70px,20svh)))]\" dir=\"auto\" tabindex=\"-1\" data-turn-id=\"94c88ef7-2afe-4089-be81-8660068d7a6d\" data-testid=\"conversation-turn-26\" data-scroll-anchor=\"false\" data-turn=\"assistant\">\r\n<div class=\"text-base my-auto mx-auto [--thread-content-margin:--spacing(4)] @[37rem]:[--thread-content-margin:--spacing(6)] @[72rem]:[--thread-content-margin:--spacing(16)] px-(--thread-content-margin)\">\r\n<div class=\"[--thread-content-max-width:32rem] @[34rem]:[--thread-content-max-width:40rem] @[64rem]:[--thread-content-max-width:48rem] mx-auto max-w-(--thread-content-max-width) flex-1 group\/turn-messages focus-visible:outline-hidden relative flex w-full min-w-0 flex-col agent-turn\" tabindex=\"-1\">\r\n<div class=\"flex max-w-full flex-col grow\">\r\n<div class=\"min-h-8 text-message relative flex w-full flex-col items-end gap-2 text-start break-words whitespace-normal [.text-message+&]:mt-5\" dir=\"auto\" data-message-author-role=\"assistant\" data-message-id=\"94c88ef7-2afe-4089-be81-8660068d7a6d\" data-message-model-slug=\"gpt-4o\">\r\n<div class=\"flex w-full flex-col gap-1 empty:hidden first:pt-[3px]\">\r\n<div class=\"markdown prose dark:prose-invert w-full break-words light markdown-new-styling\">\r\n<h2 data-start=\"203\" data-end=\"231\">Foire Aux Questions (FAQ)<\/h2>\r\n<h3 data-start=\"233\" data-end=\"281\">Pourquoi la Place Vend\u00f4me est-elle c\u00e9l\u00e8bre ?<\/h3>\r\n<p data-start=\"282\" data-end=\"505\">La <strong data-start=\"285\" data-end=\"302\">Place Vend\u00f4me<\/strong> est c\u00e9l\u00e8bre pour sa beaut\u00e9 architecturale classique, sa colonne napol\u00e9onienne, et pour \u00eatre un symbole mondial du luxe, abritant les plus grandes maisons de joaillerie, d\u2019horlogerie et de haute couture.<\/p>\r\n\r\n<h3 data-start=\"507\" data-end=\"568\">Que repr\u00e9sente la colonne au centre de la Place Vend\u00f4me ?<\/h3>\r\n<p data-start=\"569\" data-end=\"802\">La <strong data-start=\"572\" data-end=\"591\">colonne Vend\u00f4me<\/strong> rend hommage \u00e0 la victoire de Napol\u00e9on \u00e0 <strong data-start=\"633\" data-end=\"647\">Austerlitz<\/strong> en 1805. Inspir\u00e9e de la colonne Trajane \u00e0 Rome, elle est faite avec le bronze des canons ennemis captur\u00e9s, et illustre la puissance militaire de l\u2019Empire.<\/p>\r\n\r\n<h3 data-start=\"804\" data-end=\"859\">Peut-on visiter l\u2019int\u00e9rieur de la colonne Vend\u00f4me ?<\/h3>\r\n<p data-start=\"860\" data-end=\"1012\">Non, la colonne ne se visite pas. Elle est un <strong data-start=\"906\" data-end=\"937\">monument comm\u00e9moratif ferm\u00e9<\/strong>, mais son socle est richement d\u00e9cor\u00e9 et accessible \u00e0 tous depuis la place.<\/p>\r\n\r\n<h3 data-start=\"1014\" data-end=\"1079\">Quelles maisons de luxe sont pr\u00e9sentes sur la Place Vend\u00f4me ?<\/h3>\r\n<p data-start=\"1080\" data-end=\"1290\">On y trouve <strong data-start=\"1092\" data-end=\"1105\">Boucheron<\/strong>, <strong data-start=\"1107\" data-end=\"1118\">Chaumet<\/strong>, <strong data-start=\"1120\" data-end=\"1131\">Cartier<\/strong>, <strong data-start=\"1133\" data-end=\"1154\">Chanel Joaillerie<\/strong>, <strong data-start=\"1156\" data-end=\"1175\">Dior Joaillerie<\/strong>, <strong data-start=\"1177\" data-end=\"1199\">Van Cleef & Arpels<\/strong>, <strong data-start=\"1201\" data-end=\"1210\">Rolex<\/strong>, <strong data-start=\"1212\" data-end=\"1222\">Piaget<\/strong>, <strong data-start=\"1224\" data-end=\"1235\">Breguet<\/strong> et bien d\u2019autres grandes marques du <strong data-start=\"1272\" data-end=\"1289\">luxe fran\u00e7ais<\/strong>.<\/p>\r\n\r\n<h3 data-start=\"1292\" data-end=\"1338\">O\u00f9 se trouve la Place Vend\u00f4me dans Paris ?<\/h3>\r\n<p data-start=\"1339\" data-end=\"1523\">Elle est situ\u00e9e dans le <strong data-start=\"1363\" data-end=\"1385\">1er arrondissement<\/strong>, entre l\u2019<strong data-start=\"1395\" data-end=\"1412\">Op\u00e9ra Garnier<\/strong> et le <strong data-start=\"1419\" data-end=\"1443\">Jardin des Tuileries<\/strong>, \u00e0 proximit\u00e9 des stations de m\u00e9tro Madeleine, Concorde, Tuileries et Pyramides.<\/p>\r\n\r\n<h3 data-start=\"1525\" data-end=\"1563\">Qui a construit la Place Vend\u00f4me ?<\/h3>\r\n<p data-start=\"1564\" data-end=\"1716\">Elle a \u00e9t\u00e9 con\u00e7ue par l\u2019architecte <strong data-start=\"1599\" data-end=\"1625\">Jules Hardouin-Mansart<\/strong> \u00e0 la fin du XVII\u1d49 si\u00e8cle, sur commande de <strong data-start=\"1668\" data-end=\"1681\">Louis XIV<\/strong>, dans un style classique homog\u00e8ne.<\/p>\r\n\r\n<h3 data-start=\"1718\" data-end=\"1762\">Peut-on s\u00e9journer sur la Place Vend\u00f4me ?<\/h3>\r\n<p data-start=\"1763\" data-end=\"1896\">Oui, notamment \u00e0 l\u2019<strong data-start=\"1782\" data-end=\"1802\">H\u00f4tel Ritz Paris<\/strong>, palace historique qui a accueilli Coco Chanel, Ernest Hemingway et Lady Diana, entre autres.<\/p>\r\n\r\n<h3 data-start=\"1898\" data-end=\"1968\">Le minist\u00e8re de la Justice est-il r\u00e9ellement situ\u00e9 Place Vend\u00f4me ?<\/h3>\r\n<p data-start=\"1969\" data-end=\"2169\">Oui, le <strong data-start=\"1977\" data-end=\"2004\">Minist\u00e8re de la Justice<\/strong> se trouve dans l\u2019<strong data-start=\"2022\" data-end=\"2046\">H\u00f4tel de Bourvallais<\/strong> au num\u00e9ro 13. C\u2019est pourquoi l\u2019expression \u00ab\u202fla Place Vend\u00f4me\u202f\u00bb est parfois utilis\u00e9e pour d\u00e9signer l\u2019institution elle-m\u00eame.<\/p>\r\n\r\n<h3 data-start=\"2171\" data-end=\"2221\">Quels \u00e9v\u00e9nements ont marqu\u00e9 la Place Vend\u00f4me ?<\/h3>\r\n<p data-start=\"2222\" data-end=\"2412\">Des \u00e9v\u00e9nements majeurs comme la <strong data-start=\"2254\" data-end=\"2278\">R\u00e9volution fran\u00e7aise<\/strong>, la <strong data-start=\"2283\" data-end=\"2303\">Commune de Paris<\/strong>, la <strong data-start=\"2308\" data-end=\"2336\">Premi\u00e8re Guerre mondiale<\/strong> ou encore la mont\u00e9e du <strong data-start=\"2360\" data-end=\"2377\">luxe parisien<\/strong> ont marqu\u00e9 l\u2019histoire de la place.<\/p>\r\n\r\n<h3 data-start=\"2414\" data-end=\"2494\">Peut-on voir des expositions ou de l\u2019art contemporain sur la Place Vend\u00f4me ?<\/h3>\r\n<p data-start=\"2495\" data-end=\"2674\">Oui, la place accueille r\u00e9guli\u00e8rement des <strong data-start=\"2537\" data-end=\"2579\">installations artistiques monumentales<\/strong> lors d\u2019\u00e9v\u00e9nements comme <strong data-start=\"2604\" data-end=\"2628\">Paris+ par Art Basel<\/strong> ou la <strong data-start=\"2635\" data-end=\"2643\">FIAC<\/strong>, renfor\u00e7ant son r\u00f4le culturel.<\/p>\r\n\r\n<\/div>\r\n<\/div>\r\n<\/div>\r\n<\/div>\r\n<\/div>\r\n<\/div>\r\n<\/article><article class=\"text-token-text-primary w-full focus:outline-none scroll-mt-[calc(var(--header-height)+min(200px,max(70px,20svh)))]\" dir=\"auto\" tabindex=\"-1\" data-turn-id=\"a7689093-4584-4653-b354-a9f0e8b6cd2e\" data-testid=\"conversation-turn-28\" data-scroll-anchor=\"false\" data-turn=\"assistant\">\r\n<div class=\"text-base my-auto mx-auto [--thread-content-margin:--spacing(4)] @[37rem]:[--thread-content-margin:--spacing(6)] @[72rem]:[--thread-content-margin:--spacing(16)] px-(--thread-content-margin)\">\r\n<div class=\"[--thread-content-max-width:32rem] @[34rem]:[--thread-content-max-width:40rem] @[64rem]:[--thread-content-max-width:48rem] mx-auto max-w-(--thread-content-max-width) flex-1 group\/turn-messages focus-visible:outline-hidden relative flex w-full min-w-0 flex-col agent-turn\" tabindex=\"-1\">\r\n<div class=\"flex max-w-full flex-col grow\">\r\n<div class=\"min-h-8 text-message relative flex w-full flex-col items-end gap-2 text-start break-words whitespace-normal [.text-message+&]:mt-5\" dir=\"auto\" data-message-author-role=\"assistant\" data-message-id=\"a7689093-4584-4653-b354-a9f0e8b6cd2e\" data-message-model-slug=\"gpt-4o\">\r\n<div class=\"flex w-full flex-col gap-1 empty:hidden first:pt-[3px]\">\r\n<div class=\"markdown prose dark:prose-invert w-full break-words light markdown-new-styling\">\r\n<h2 data-start=\"138\" data-end=\"151\">Conclusion<\/h2>\r\n<p data-start=\"153\" data-end=\"543\">La <strong data-start=\"156\" data-end=\"173\">Place Vend\u00f4me<\/strong> incarne l\u2019essence m\u00eame de <strong data-start=\"200\" data-end=\"209\">Paris<\/strong> : un lieu o\u00f9 se croisent <strong data-start=\"235\" data-end=\"247\">histoire<\/strong>, <strong data-start=\"249\" data-end=\"260\">pouvoir<\/strong>, <strong data-start=\"262\" data-end=\"270\">luxe<\/strong> et <strong data-start=\"274\" data-end=\"297\">cr\u00e9ation artistique<\/strong>. Pens\u00e9e \u00e0 l\u2019origine pour magnifier la gloire du Roi Soleil, elle est devenue au fil des si\u00e8cles un <strong data-start=\"397\" data-end=\"415\">symbole vivant<\/strong> du raffinement fran\u00e7ais, une sc\u00e8ne \u00e0 ciel ouvert o\u00f9 s\u2019expriment autant l\u2019architecture classique que l\u2019innovation contemporaine.<\/p>\r\n<p data-start=\"545\" data-end=\"859\">Aujourd\u2019hui, elle attire les amateurs de <strong data-start=\"586\" data-end=\"611\">beaut\u00e9 architecturale<\/strong>, les passionn\u00e9s d\u2019<strong data-start=\"630\" data-end=\"652\">histoire de France<\/strong>, les curieux de <strong data-start=\"669\" data-end=\"677\">mode<\/strong>, et les voyageurs en qu\u00eate d\u2019authenticit\u00e9 et de prestige. Fl\u00e2ner sur la Place Vend\u00f4me, c\u2019est marcher dans les pas de rois, d\u2019empereurs, d\u2019artistes, de couturiers et de visionnaires.<\/p>\r\n<p data-start=\"861\" data-end=\"1114\">Situ\u00e9e au c\u0153ur <strong data-start=\"876\" data-end=\"887\">du pays<\/strong>, elle est une escale incontournable pour toute personne qui souhaite <strong data-start=\"957\" data-end=\"978\">visiter la France<\/strong>. D\u00e9couvrez ses h\u00f4tels particuliers, ses maisons de joaillerie, ses fa\u00e7ades class\u00e9es, et laissez-vous s\u00e9duire par son atmosph\u00e8re unique.<\/p>\r\n<p data-start=\"861\" data-end=\"1114\">Pour en savoir plus sur la Place Vend\u00f4me, <a href=\"https:\/\/fr.wikipedia.org\/wiki\/Place_Vend%C3%B4me\" target=\"_blank\" rel=\"noopener\">c\u2019est par ici!<\/a><\/p>\r\n\r\n<\/div>\r\n<\/div>\r\n<\/div>\r\n<\/div>\r\n<\/div>\r\n<\/div>\r\n<\/article>\t\t\t\t\t\t\t\t<\/div>\n\t\t\t\t\t<\/div>\n\t\t\t\t<\/div>\n\t\t<div class=\"elementor-element elementor-element-7e5e24f3 e-flex e-con-boxed e-con e-parent\" data-id=\"7e5e24f3\" data-element_type=\"container\" data-e-type=\"container\">\n\t\t\t\t\t<div class=\"e-con-inner\">\n\t\t<div class=\"elementor-element elementor-element-6d71e70 e-con-full e-flex e-con e-child\" data-id=\"6d71e70\" data-element_type=\"container\" data-e-type=\"container\">\n\t\t\t\t<div class=\"elementor-element elementor-element-3b937704 elementor-widget elementor-widget-text-editor\" data-id=\"3b937704\" data-element_type=\"widget\" data-e-type=\"widget\" data-widget_type=\"text-editor.default\">\n\t\t\t\t\t\t\t\t\t<p>Cet article a \u00e9t\u00e9 r\u00e9dig\u00e9 par Alex Arts,\u00a0<a href=\"https:\/\/alexantoine-photos.weebly.com\/\" target=\"_blank\" rel=\"noopener\">photographe<\/a>,\u00a0<a href=\"https:\/\/www.linkedin.com\/in\/alex-b-arts\/\" target=\"_blank\" rel=\"noopener\">cr\u00e9ateur de contenu<\/a>, et guide local.<\/p>\t\t\t\t\t\t\t\t<\/div>\n\t\t\t\t<div class=\"elementor-element elementor-element-2df397fa elementor-widget elementor-widget-author-box\" data-id=\"2df397fa\" data-element_type=\"widget\" data-e-type=\"widget\" data-widget_type=\"author-box.default\">\n\t\t\t\t\t\t\t<div class=\"elementor-author-box\">\n\t\t\t\t\t\t\t<a href=\"https:\/\/www.linkedin.com\/in\/alex-b-arts\/\" class=\"elementor-author-box__avatar\" target=\"_blank\" rel=\"noopener\">\n\t\t\t\t\t<img decoding=\"async\" src=\"https:\/\/cparici.com\/wp-content\/uploads\/2024\/09\/photo-alex-arts-300x300.jpeg\" alt=\"Picture of Alex Arts\" loading=\"lazy\">\n\t\t\t\t<\/a>\n\t\t\t\n\t\t\t<div class=\"elementor-author-box__text\">\n\t\t\t\t\t\t\t\t\t<a href=\"https:\/\/www.linkedin.com\/in\/alex-b-arts\/\" target=\"_blank\" rel=\"noopener\">\n\t\t\t\t\t\t<h4 class=\"elementor-author-box__name\">\n\t\t\t\t\t\t\tAlex Arts\t\t\t\t\t\t<\/h4>\n\t\t\t\t\t<\/a>\n\t\t\t\t\n\t\t\t\t\t\t\t\t\t<div class=\"elementor-author-box__bio\">\n\t\t\t\t\t\t<p>Photographe, cr\u00e9ateur de contenu et local guide<\/p>\n\t\t\t\t\t<\/div>\n\t\t\t\t\n\t\t\t\t\t\t\t<\/div>\n\t\t<\/div>\n\t\t\t\t\t\t<\/div>\n\t\t\t\t<\/div>\n\t\t\t\t\t<\/div>\n\t\t\t\t<\/div>\n\t\t<aside class=\"elementor-element elementor-element-cd30997 e-flex e-con-boxed e-con e-parent\" data-id=\"cd30997\" data-element_type=\"container\" data-e-type=\"container\">\n\t\t\t\t\t<div class=\"e-con-inner\">\n\t\t\t\t<div class=\"elementor-element elementor-element-76f987d elementor-widget elementor-widget-listeo-posts-grid\" data-id=\"76f987d\" data-element_type=\"widget\" data-e-type=\"widget\" data-widget_type=\"listeo-posts-grid.default\">\n\t\t\t\t<div class=\"elementor-widget-container\">\n\t\t\t\t\t\t\t\n\t\t<div class=\"listeo-post-grid-wrapper\">\n\t\t\t<div class=\"row\">\n\n\t\t\t\n\n\t\t\t\t\t\t\t<div class=\"col-md-4\">\n                <a href=\"https:\/\/cparici.com\/en\/montmartre\/\" class=\"blog-compact-item-container\">\n                    <div class=\"blog-compact-item\">\n                        <img decoding=\"async\" width=\"577\" height=\"205\" src=\"https:\/\/cparici.com\/wp-content\/uploads\/2024\/07\/montmartre.jpg\" class=\"attachment-listeo-blog-related-post size-listeo-blog-related-post wp-post-image\" alt=\"montmartre\" srcset=\"https:\/\/cparici.com\/wp-content\/uploads\/2024\/07\/montmartre.jpg 1500w, https:\/\/cparici.com\/wp-content\/uploads\/2024\/07\/montmartre-600x213.jpg 600w, https:\/\/cparici.com\/wp-content\/uploads\/2024\/07\/montmartre-300x107.jpg 300w, https:\/\/cparici.com\/wp-content\/uploads\/2024\/07\/montmartre-1024x364.jpg 1024w, https:\/\/cparici.com\/wp-content\/uploads\/2024\/07\/montmartre-768x273.jpg 768w\" sizes=\"(max-width: 577px) 100vw, 577px\" \/><span class=\"blog-item-tag\">France<\/span>                        \n                        <div class=\"blog-compact-item-content\">\n                                                        <h3>Montmartre: guide complet pour explorer art, histoire et musique<\/h3>\n                                                        <p>Envie de d\u00e9couvrir Montmartre, le berceau de nombreux artistes c\u00e9l\u00e8bres ? Notre guide complet vous...                            <\/p>\n                                                    <\/div>\n                    <\/div>\n                <\/a>\n            <\/div>\n\t\t\t<div class=\"col-md-4\">\n                <a href=\"https:\/\/cparici.com\/en\/meteo-paris\/\" class=\"blog-compact-item-container\">\n                    <div class=\"blog-compact-item\">\n                        <img decoding=\"async\" width=\"577\" height=\"204\" src=\"https:\/\/cparici.com\/wp-content\/uploads\/2025\/03\/cparici-17-1-577x204.jpg\" class=\"attachment-listeo-blog-related-post size-listeo-blog-related-post wp-post-image\" alt=\"M\u00e9t\u00e9o Paris\" srcset=\"https:\/\/cparici.com\/wp-content\/uploads\/2025\/03\/cparici-17-1-577x204.jpg 577w, https:\/\/cparici.com\/wp-content\/uploads\/2025\/03\/cparici-17-1-300x106.jpg 300w, https:\/\/cparici.com\/wp-content\/uploads\/2025\/03\/cparici-17-1-1024x362.jpg 1024w, https:\/\/cparici.com\/wp-content\/uploads\/2025\/03\/cparici-17-1-768x271.jpg 768w, https:\/\/cparici.com\/wp-content\/uploads\/2025\/03\/cparici-17-1-18x6.jpg 18w, https:\/\/cparici.com\/wp-content\/uploads\/2025\/03\/cparici-17-1-590x208.jpg 590w, https:\/\/cparici.com\/wp-content\/uploads\/2025\/03\/cparici-17-1-1200x424.jpg 1200w, https:\/\/cparici.com\/wp-content\/uploads\/2025\/03\/cparici-17-1-600x212.jpg 600w, https:\/\/cparici.com\/wp-content\/uploads\/2025\/03\/cparici-17-1.jpg 1500w\" sizes=\"(max-width: 577px) 100vw, 577px\" \/><span class=\"blog-item-tag\">France<\/span>                        \n                        <div class=\"blog-compact-item-content\">\n                                                        <h3>M\u00e9t\u00e9o Paris : Pr\u00e9visions, climat et conseils pour mieux s\u2019y pr\u00e9parer<\/h3>\n                                                        <p>Recherches populaires Categories Pas de r\u00e9sultats Voir tous les r\u00e9sultats M\u00e9t\u00e9o Paris : Pr\u00e9visions, climat...                            <\/p>\n                                                    <\/div>\n                    <\/div>\n                <\/a>\n            <\/div>\n\t\t\t<div class=\"col-md-4\">\n                <a href=\"https:\/\/cparici.com\/en\/notre-dame-de-paris\/\" class=\"blog-compact-item-container\">\n                    <div class=\"blog-compact-item\">\n                        <img decoding=\"async\" width=\"577\" height=\"204\" src=\"https:\/\/cparici.com\/wp-content\/uploads\/2024\/07\/notre-dame-de-paris.jpg\" class=\"attachment-listeo-blog-related-post size-listeo-blog-related-post wp-post-image\" alt=\"notre dame de paris\" srcset=\"https:\/\/cparici.com\/wp-content\/uploads\/2024\/07\/notre-dame-de-paris.jpg 1500w, https:\/\/cparici.com\/wp-content\/uploads\/2024\/07\/notre-dame-de-paris-600x212.jpg 600w, https:\/\/cparici.com\/wp-content\/uploads\/2024\/07\/notre-dame-de-paris-300x106.jpg 300w, https:\/\/cparici.com\/wp-content\/uploads\/2024\/07\/notre-dame-de-paris-1024x362.jpg 1024w, https:\/\/cparici.com\/wp-content\/uploads\/2024\/07\/notre-dame-de-paris-768x272.jpg 768w\" sizes=\"(max-width: 577px) 100vw, 577px\" \/><span class=\"blog-item-tag\">France<\/span>                        \n                        <div class=\"blog-compact-item-content\">\n                                                        <h3>Notre dame de paris: guide de visite 2025<\/h3>\n                                                        <p>D\u00e9couvrez l'histoire et la beaut\u00e9 de Notre Dame de Paris, le monument le plus visit\u00e9...                            <\/p>\n                                                    <\/div>\n                    <\/div>\n                <\/a>\n            <\/div>\n  <\/div>\n        <\/div>\n        \t\t\t\t<\/div>\n\t\t\t\t<\/div>\n\t\t\t\t\t<\/div>\n\t\t\t\t<\/aside>\n\t\t\t\t<\/div>\n\t\t","protected":false},"excerpt":{"rendered":"<p>Recherches populaires Categories Pas de r\u00e9sultats Voir tous les r\u00e9sultats Place Vend\u00f4me Au c\u0153ur du 1\u1d49\u02b3 arrondissement de Paris, la Place Vend\u00f4me incarne l\u2019\u00e9l\u00e9gance architecturale et le raffinement culturel \u00e0 la fran\u00e7aise. Entour\u00e9e de fa\u00e7ades classiques, surmont\u00e9e d\u2019une colonne imp\u00e9riale et bord\u00e9e des plus grandes maisons de luxe, elle constitue un espace unique o\u00f9 se [&hellip;]<\/p>\n","protected":false},"author":97,"featured_media":69233,"comment_status":"closed","ping_status":"closed","sticky":false,"template":"","format":"standard","meta":{"ngg_post_thumbnail":0,"footnotes":""},"categories":[2772,477,1021,1022],"tags":[],"class_list":["post-69232","post","type-post","status-publish","format-standard","has-post-thumbnail","hentry","category-1er-arrondissement","category-france","category-ile-de-france","category-paris"],"_links":{"self":[{"href":"https:\/\/cparici.com\/en\/wp-json\/wp\/v2\/posts\/69232","targetHints":{"allow":["GET"]}}],"collection":[{"href":"https:\/\/cparici.com\/en\/wp-json\/wp\/v2\/posts"}],"about":[{"href":"https:\/\/cparici.com\/en\/wp-json\/wp\/v2\/types\/post"}],"author":[{"embeddable":true,"href":"https:\/\/cparici.com\/en\/wp-json\/wp\/v2\/users\/97"}],"replies":[{"embeddable":true,"href":"https:\/\/cparici.com\/en\/wp-json\/wp\/v2\/comments?post=69232"}],"version-history":[{"count":0,"href":"https:\/\/cparici.com\/en\/wp-json\/wp\/v2\/posts\/69232\/revisions"}],"wp:featuredmedia":[{"embeddable":true,"href":"https:\/\/cparici.com\/en\/wp-json\/wp\/v2\/media\/69233"}],"wp:attachment":[{"href":"https:\/\/cparici.com\/en\/wp-json\/wp\/v2\/media?parent=69232"}],"wp:term":[{"taxonomy":"category","embeddable":true,"href":"https:\/\/cparici.com\/en\/wp-json\/wp\/v2\/categories?post=69232"},{"taxonomy":"post_tag","embeddable":true,"href":"https:\/\/cparici.com\/en\/wp-json\/wp\/v2\/tags?post=69232"}],"curies":[{"name":"wp","href":"https:\/\/api.w.org\/{rel}","templated":true}]}}