{"id":69395,"date":"2025-08-23T08:42:23","date_gmt":"2025-08-23T06:42:23","guid":{"rendered":"https:\/\/cparici.com\/?p=69395"},"modified":"2026-03-03T08:13:45","modified_gmt":"2026-03-03T07:13:45","slug":"la-loire-a-velo","status":"publish","type":"post","link":"https:\/\/cparici.com\/en\/la-loire-a-velo\/","title":{"rendered":"The Loire by bike: 2026 guide"},"content":{"rendered":"\t\t<div data-elementor-type=\"wp-post\" data-elementor-id=\"69395\" class=\"elementor elementor-69395\" data-elementor-post-type=\"post\">\n\t\t\t\t<div class=\"elementor-element elementor-element-1ff5902 e-con-full e-flex e-con e-parent\" data-id=\"1ff5902\" data-element_type=\"container\" data-e-type=\"container\">\n\t\t\t\t<div class=\"elementor-element elementor-element-6097a0e elementor-widget elementor-widget-image\" data-id=\"6097a0e\" data-element_type=\"widget\" data-e-type=\"widget\" data-widget_type=\"image.default\">\n\t\t\t\t\t\t\t\t\t\t\t\t\t\t\t<img decoding=\"async\" width=\"1500\" height=\"530\" src=\"https:\/\/cparici.com\/wp-content\/uploads\/2025\/08\/cparici-2025-08-22T121620.662.jpg\" class=\"attachment-full size-full wp-image-69401\" alt=\"Loire \u00e0 v\u00e9lo\" srcset=\"https:\/\/cparici.com\/wp-content\/uploads\/2025\/08\/cparici-2025-08-22T121620.662.jpg 1500w, https:\/\/cparici.com\/wp-content\/uploads\/2025\/08\/cparici-2025-08-22T121620.662-300x106.jpg 300w, https:\/\/cparici.com\/wp-content\/uploads\/2025\/08\/cparici-2025-08-22T121620.662-1024x362.jpg 1024w, https:\/\/cparici.com\/wp-content\/uploads\/2025\/08\/cparici-2025-08-22T121620.662-768x271.jpg 768w, https:\/\/cparici.com\/wp-content\/uploads\/2025\/08\/cparici-2025-08-22T121620.662-18x6.jpg 18w, https:\/\/cparici.com\/wp-content\/uploads\/2025\/08\/cparici-2025-08-22T121620.662-590x208.jpg 590w, https:\/\/cparici.com\/wp-content\/uploads\/2025\/08\/cparici-2025-08-22T121620.662-1200x424.jpg 1200w, https:\/\/cparici.com\/wp-content\/uploads\/2025\/08\/cparici-2025-08-22T121620.662-577x204.jpg 577w, https:\/\/cparici.com\/wp-content\/uploads\/2025\/08\/cparici-2025-08-22T121620.662-600x212.jpg 600w\" sizes=\"(max-width: 1500px) 100vw, 1500px\" \/>\t\t\t\t\t\t\t\t\t\t\t\t\t\t\t<\/div>\n\t\t\t\t<\/div>\n\t\t<aside class=\"elementor-element elementor-element-eb22b04 e-flex e-con-boxed e-con e-parent\" data-id=\"eb22b04\" data-element_type=\"container\" data-e-type=\"container\">\n\t\t\t\t\t<div class=\"e-con-inner\">\n\t\t\t\t<div class=\"elementor-element elementor-element-763634b elementor-widget elementor-widget-global elementor-global-62046 elementor-widget-eael-advanced-search\" data-id=\"763634b\" data-element_type=\"widget\" data-e-type=\"widget\" data-widget_type=\"eael-advanced-search.default\">\n\t\t\t\t\t        <div class=\"eael-adv-search-wrapper\">\n            <div id=\"eael-advanced-search-widget-763634b\" class=\"eael-advanced-search-widget\">\n                <form data-settings=\"{&quot;post_per_page&quot;:5,&quot;search_among_taxonomies&quot;:&quot;&quot;,&quot;search_among_sku&quot;:&quot;no&quot;,&quot;show_popular_keyword&quot;:0,&quot;show_category&quot;:0,&quot;show_content_image&quot;:1,&quot;show_search_result_all_results&quot;:0,&quot;result_on_new_tab&quot;:&quot;no&quot;,&quot;show_product_price&quot;:&quot;no&quot;,&quot;include_current_page&quot;:&quot;no&quot;,&quot;current_post_id&quot;:69395,&quot;post_type&quot;:[&quot;post&quot;,&quot;listing&quot;]}\" method=\"POST\" name=\"eael-advanced-search-form-763634b\" class=\"eael-advanced-search-form eael-advanced-search-form-style-2\">\n                    <div class=\"eael-advanced-search-wrap\">\n                        <span class=\"eael-adv-search-loader\"><\/span>\n                        <span class=\"eael-adv-search-close\"><i class=\"fas fa-times\"><\/i><\/span>\n                        <span class=\"icon \"><i class=\"fas fa-search\"><\/i><\/span>\n\n                        <input type=\"text\"\n                               placeholder=\"Votre destination\"\n                               class=\"eael-advanced-search\" autocomplete=\"off\" name=\"eael_advanced_search\">\n                    <\/div>\n\t\t\t\t\t                                    <\/form>\n\n\t\t\t\t\n\t\t\t\t        <div class=\"eael-advanced-search-result\">\n            <div class=\"eael-advanced-search-popular-keyword\">\n\t\t\t\t<h4 class=\"eael-advanced-search-popular-keyword-text\">Recherches populaires<\/h4>                <div class=\"eael-popular-keyword-content\"><\/div>\n            <\/div>\n            <div class=\"eael-advanced-search-category\">\n\t\t\t\t<h4 class=\"eael-advanced-search-category-text\">Categories<\/h4>                <div class=\"eael-popular-category-content\"><\/div>\n            <\/div>\n\t\t\t<div class=\"eael-advanced-search-total-results-section\">\n\t\t\t\t\t\t\t<\/div>\n            <div class=\"eael-advanced-search-content eael-item-style-3\">\n            <\/div>\n            <div class=\"eael-advanced-search-not-found\">\n                <p>Pas de r\u00e9sultats<\/p><\/div>\n            <div class=\"eael-advanced-search-load-more\">\n\t\t\t\t<a \tclass=\"eael-advanced-search-load-more-button\"\n                \thref=\"#\">Voir tous les r\u00e9sultats<\/a>\n            <\/div>\n        <\/div>\n\n\t\t            <\/div>\n        <\/div>\n\n\t\t\t\t\t\t<\/div>\n\t\t\t\t\t<\/div>\n\t\t\t\t<\/aside>\n\t\t<div class=\"elementor-element elementor-element-638be30b e-flex e-con-boxed e-con e-parent\" data-id=\"638be30b\" data-element_type=\"container\" data-e-type=\"container\">\n\t\t\t\t\t<div class=\"e-con-inner\">\n\t\t\t\t<div class=\"elementor-element elementor-element-20b0f0ba elementor-widget elementor-widget-text-editor\" data-id=\"20b0f0ba\" data-element_type=\"widget\" data-e-type=\"widget\" data-widget_type=\"text-editor.default\">\n\t\t\t\t\t\t\t\t\t<h1 style=\"text-align: center;\">La Loire \u00e0 v\u00e9lo : guide 2026<\/h1><p data-start=\"314\" data-end=\"850\">Parcourir <strong data-start=\"324\" data-end=\"343\">La Loire \u00e0 v\u00e9lo<\/strong>, c\u2019est emprunter l\u2019un des itin\u00e9raires cyclables les plus embl\u00e9matiques d\u2019Europe. Long de pr\u00e8s de 900 km, ce parcours suit le cours majestueux du fleuve depuis Cuffy, pr\u00e8s de Nevers, jusqu\u2019\u00e0 l\u2019Atlantique \u00e0 Saint-Br\u00e9vin-les-Pins. C\u2019est une exp\u00e9rience unique, inscrite dans l\u2019esprit du slow-tourisme, qui m\u00eale patrimoine, nature et gastronomie. Class\u00e9 au patrimoine mondial de l\u2019UNESCO sur une large portion, le <strong data-start=\"753\" data-end=\"769\">Val de Loire<\/strong> s\u00e9duit autant les cyclistes d\u00e9butants que les amateurs d\u2019itin\u00e9rance confirm\u00e9s.<\/p><p data-start=\"852\" data-end=\"1231\">Le circuit traverse plusieurs r\u00e9gions <strong data-start=\"890\" data-end=\"901\">du pays<\/strong>, des vignobles du Centre-Val de Loire aux marais de la fa\u00e7ade atlantique, et longe certains des plus beaux <strong data-start=\"1009\" data-end=\"1033\">ch\u00e2teaux de la Loire<\/strong>. Gr\u00e2ce \u00e0 son balisage continu, ses services labellis\u00e9s \u201cAccueil V\u00e9lo\u201d et la possibilit\u00e9 de combiner v\u00e9lo et train, c\u2019est un itin\u00e9raire accessible \u00e0 tous, en famille comme en couple ou entre amis.<\/p><h2 data-start=\"1238\" data-end=\"1276\">Pourquoi choisir cet itin\u00e9raire ?<\/h2><h3 data-start=\"1278\" data-end=\"1319\">Un itin\u00e9raire embl\u00e9matique d\u2019Europe<\/h3><p data-start=\"1320\" data-end=\"1786\"><strong data-start=\"1320\" data-end=\"1339\">La Loire \u00e0 v\u00e9lo<\/strong> n\u2019est pas seulement un parcours r\u00e9gional : il s\u2019inscrit dans la <strong data-start=\"1404\" data-end=\"1418\">EuroVelo 6<\/strong>, l\u2019une des plus grandes v\u00e9loroutes du continent, qui relie l\u2019Atlantique \u00e0 la mer Noire. Cela signifie que le voyageur peut d\u00e9marrer en France et, s\u2019il le souhaite, poursuivre son chemin vers la Suisse, l\u2019Allemagne ou l\u2019Europe centrale. Cette perspective attire aussi bien les amateurs de d\u00e9fis longue distance que ceux qui veulent s\u2019essayer \u00e0 un tron\u00e7on plus court.<\/p><h3 data-start=\"1788\" data-end=\"1823\">Patrimoine et paysages UNESCO<\/h3><p data-start=\"1824\" data-end=\"2256\">L\u2019un des principaux atouts de <strong data-start=\"1854\" data-end=\"1873\">La Loire \u00e0 v\u00e9lo<\/strong> est de longer la partie du <strong data-start=\"1901\" data-end=\"1917\">Val de Loire<\/strong> inscrite au <a href=\"https:\/\/cparici.com\/patrimoine-mondial-de-l-unesco-en-france\/\">patrimoine mondial de l\u2019UNESCO<\/a>. On y d\u00e9couvre une succession de paysages lig\u00e9riens remarquables : bancs de sable, \u00eeles sauvages, lev\u00e9es de Loire, coteaux plant\u00e9s de vignes et villes historiques comme Orl\u00e9ans, Blois, Tours ou Angers. Ces d\u00e9cors uniques offrent une vari\u00e9t\u00e9 qui maintient l\u2019int\u00e9r\u00eat du cycliste jour apr\u00e8s jour.<\/p><p data-start=\"1824\" data-end=\"2256\"><a href=\"https:\/\/cparici.com\/wp-content\/uploads\/2025\/08\/cparici-2025-08-22T122609.005.jpg\"><img decoding=\"async\" class=\"aligncenter wp-image-69404 size-full\" src=\"https:\/\/cparici.com\/wp-content\/uploads\/2025\/08\/cparici-2025-08-22T122609.005.jpg\" alt=\"Loire \u00e0 v\u00e9lo les chateaux\" width=\"1500\" height=\"530\" srcset=\"https:\/\/cparici.com\/wp-content\/uploads\/2025\/08\/cparici-2025-08-22T122609.005.jpg 1500w, https:\/\/cparici.com\/wp-content\/uploads\/2025\/08\/cparici-2025-08-22T122609.005-300x106.jpg 300w, https:\/\/cparici.com\/wp-content\/uploads\/2025\/08\/cparici-2025-08-22T122609.005-1024x362.jpg 1024w, https:\/\/cparici.com\/wp-content\/uploads\/2025\/08\/cparici-2025-08-22T122609.005-768x271.jpg 768w, https:\/\/cparici.com\/wp-content\/uploads\/2025\/08\/cparici-2025-08-22T122609.005-18x6.jpg 18w, https:\/\/cparici.com\/wp-content\/uploads\/2025\/08\/cparici-2025-08-22T122609.005-590x208.jpg 590w, https:\/\/cparici.com\/wp-content\/uploads\/2025\/08\/cparici-2025-08-22T122609.005-1200x424.jpg 1200w, https:\/\/cparici.com\/wp-content\/uploads\/2025\/08\/cparici-2025-08-22T122609.005-577x204.jpg 577w, https:\/\/cparici.com\/wp-content\/uploads\/2025\/08\/cparici-2025-08-22T122609.005-600x212.jpg 600w\" sizes=\"(max-width: 1500px) 100vw, 1500px\" \/><\/a><\/p><h3 data-start=\"2258\" data-end=\"2293\">Les ch\u00e2teaux et les vignobles<\/h3><p data-start=\"2294\" data-end=\"2718\">Sur son trac\u00e9, l\u2019itin\u00e9raire passe \u00e0 proximit\u00e9 de joyaux architecturaux tels que <strong data-start=\"2374\" data-end=\"2386\">Chambord<\/strong>, <strong data-start=\"2388\" data-end=\"2402\">Chenonceau<\/strong>, <strong data-start=\"2404\" data-end=\"2417\">Villandry<\/strong> ou encore <strong data-start=\"2428\" data-end=\"2446\">Azay-le-Rideau<\/strong>. Il traverse \u00e9galement des vignobles r\u00e9put\u00e9s (Sancerre, Saumur, Anjou, Muscadet), ce qui permet d\u2019allier l\u2019effort du p\u00e9dalage aux plaisirs de la table et des d\u00e9gustations. Cette richesse culturelle et gastronomique est un argument fort pour choisir <strong data-start=\"2696\" data-end=\"2715\">La Loire \u00e0 v\u00e9lo<\/strong>.<\/p><h3 data-start=\"2720\" data-end=\"2751\">Accessibilit\u00e9 et s\u00e9curit\u00e9<\/h3><p data-start=\"2752\" data-end=\"3238\">Contrairement \u00e0 d\u2019autres v\u00e9loroutes plus sportives, <strong data-start=\"2804\" data-end=\"2823\">La Loire \u00e0 v\u00e9lo<\/strong> est con\u00e7ue pour \u00eatre accessible. Son d\u00e9nivel\u00e9 est faible, le balisage est clair et r\u00e9gulier, et de nombreuses sections se d\u00e9roulent sur des voies vertes s\u00e9curis\u00e9es. C\u2019est un itin\u00e9raire \u201cfamille-friendly\u201d, qui peut \u00eatre parcouru par des enfants, avec remorque ou v\u00e9lo suiveur. De plus, le maillage en h\u00e9bergements et services d\u00e9di\u00e9s (location, r\u00e9paration, transferts de bagages) facilite grandement la logistique.<\/p><h2 data-start=\"78\" data-end=\"97\">Quand partir ?<\/h2><h3 data-start=\"99\" data-end=\"137\">La meilleure saison pour p\u00e9daler<\/h3><p data-start=\"138\" data-end=\"450\"><strong data-start=\"138\" data-end=\"157\">La Loire \u00e0 v\u00e9lo<\/strong> se parcourt id\u00e9alement de <strong data-start=\"184\" data-end=\"203\">mai \u00e0 septembre<\/strong>, lorsque les journ\u00e9es sont longues, les temp\u00e9ratures agr\u00e9ables et les services touristiques pleinement ouverts. Cette p\u00e9riode concentre aussi les \u00e9v\u00e9nements festifs : festivals de musique, animations dans les ch\u00e2teaux et march\u00e9s de producteurs.<\/p><ul data-start=\"452\" data-end=\"938\"><li data-start=\"452\" data-end=\"569\"><p data-start=\"454\" data-end=\"569\"><strong data-start=\"454\" data-end=\"469\">Mai et juin<\/strong> : la nature est en pleine floraison, les vignobles verdoyants, et l\u2019affluence encore raisonnable.<\/p><\/li><li data-start=\"570\" data-end=\"753\"><p data-start=\"572\" data-end=\"753\"><strong data-start=\"572\" data-end=\"591\">Juillet et ao\u00fbt<\/strong> : les journ\u00e9es sont tr\u00e8s longues et ensoleill\u00e9es, mais c\u2019est aussi la p\u00e9riode la plus fr\u00e9quent\u00e9e. R\u00e9server h\u00e9bergements et trains \u00e0 l\u2019avance est indispensable.<\/p><\/li><li data-start=\"754\" data-end=\"938\"><p data-start=\"756\" data-end=\"938\"><strong data-start=\"756\" data-end=\"769\">Septembre<\/strong> : la saison des vendanges offre une atmosph\u00e8re particuli\u00e8re, avec la possibilit\u00e9 de visiter caves et domaines viticoles tout en p\u00e9dalant dans une ambiance plus calme.<\/p><\/li><\/ul><h3 data-start=\"940\" data-end=\"979\">Hors saison : un charme diff\u00e9rent<\/h3><p data-start=\"980\" data-end=\"1297\">L\u2019automne et le printemps pr\u00e9coce permettent aussi de profiter de <strong data-start=\"1046\" data-end=\"1065\">La Loire \u00e0 v\u00e9lo<\/strong>, avec des couleurs de paysages changeantes et moins de monde sur les pistes. L\u2019hiver, l\u2019itin\u00e9raire reste praticable, mais les services (h\u00e9bergements, transferts de bagages, visites) sont plus limit\u00e9s, et la m\u00e9t\u00e9o plus incertaine.<\/p><h3 data-start=\"1299\" data-end=\"1337\">G\u00e9rer la m\u00e9t\u00e9o et les conditions<\/h3><p data-start=\"1338\" data-end=\"1422\">Le climat lig\u00e9rien est globalement doux, mais quelques points m\u00e9ritent attention :<\/p><ul data-start=\"1423\" data-end=\"2060\"><li data-start=\"1423\" data-end=\"1633\"><p data-start=\"1425\" data-end=\"1633\"><strong data-start=\"1425\" data-end=\"1436\">Le vent<\/strong> : il peut \u00eatre soutenu, surtout sur les portions d\u00e9gag\u00e9es proches de l\u2019Atlantique. Beaucoup de cyclistes choisissent de rouler <strong data-start=\"1564\" data-end=\"1582\">d\u2019est en ouest<\/strong>, profitant ainsi des vents dominants favorables.<\/p><\/li><li data-start=\"1634\" data-end=\"1850\"><p data-start=\"1636\" data-end=\"1850\"><strong data-start=\"1636\" data-end=\"1661\">La pluie et les crues<\/strong> : certaines sections longeant la Loire peuvent \u00eatre ponctuellement inond\u00e9es. Il est donc conseill\u00e9 de v\u00e9rifier les conditions sur la carte officielle et les sites locaux avant de partir.<\/p><\/li><li data-start=\"1851\" data-end=\"2060\"><p data-start=\"1853\" data-end=\"2060\"><strong data-start=\"1853\" data-end=\"1867\">La chaleur<\/strong> : en plein \u00e9t\u00e9, certaines \u00e9tapes, notamment en Touraine ou en Anjou, peuvent \u00eatre \u00e9prouvantes. Pr\u00e9voir un d\u00e9part t\u00f4t le matin, de l\u2019eau en quantit\u00e9 et des pauses \u00e0 l\u2019ombre est indispensable.<\/p><\/li><\/ul><h3 data-start=\"2062\" data-end=\"2107\">\u00c9v\u00e9nements saisonniers \u00e0 ne pas manquer<\/h3><p data-start=\"2108\" data-end=\"2206\">Planifier son voyage en fonction des <strong data-start=\"2145\" data-end=\"2169\">\u00e9v\u00e9nements culturels<\/strong> peut aussi enrichir l\u2019exp\u00e9rience :<\/p><ul data-start=\"2207\" data-end=\"2491\"><li data-start=\"2207\" data-end=\"2294\"><p data-start=\"2209\" data-end=\"2294\">Les <strong data-start=\"2213\" data-end=\"2235\">nuits des ch\u00e2teaux<\/strong> (spectacles son &amp; lumi\u00e8re \u00e0 Chambord, Chenonceau, etc.),<\/p><\/li><li data-start=\"2295\" data-end=\"2407\"><p data-start=\"2297\" data-end=\"2407\">Les <strong data-start=\"2301\" data-end=\"2324\">festivals lig\u00e9riens<\/strong> (comme les Rendez-vous de l\u2019Erdre \u00e0 Nantes, alliant jazz et plaisirs nautiques),<\/p><\/li><li data-start=\"2408\" data-end=\"2491\"><p data-start=\"2410\" data-end=\"2491\">Les <strong data-start=\"2414\" data-end=\"2427\">vendanges<\/strong> en septembre dans les vignobles de Sancerre, Saumur ou Anjou.<\/p><\/li><\/ul><p><a href=\"https:\/\/cparici.com\/wp-content\/uploads\/2025\/08\/cparici-2025-08-22T121138.123.jpg\"><img decoding=\"async\" class=\"aligncenter wp-image-69414 size-full\" src=\"https:\/\/cparici.com\/wp-content\/uploads\/2025\/08\/cparici-2025-08-22T121138.123.jpg\" alt=\"Loire \u00e0 v\u00e9lo \" width=\"1500\" height=\"530\" srcset=\"https:\/\/cparici.com\/wp-content\/uploads\/2025\/08\/cparici-2025-08-22T121138.123.jpg 1500w, https:\/\/cparici.com\/wp-content\/uploads\/2025\/08\/cparici-2025-08-22T121138.123-300x106.jpg 300w, https:\/\/cparici.com\/wp-content\/uploads\/2025\/08\/cparici-2025-08-22T121138.123-1024x362.jpg 1024w, https:\/\/cparici.com\/wp-content\/uploads\/2025\/08\/cparici-2025-08-22T121138.123-768x271.jpg 768w, https:\/\/cparici.com\/wp-content\/uploads\/2025\/08\/cparici-2025-08-22T121138.123-18x6.jpg 18w, https:\/\/cparici.com\/wp-content\/uploads\/2025\/08\/cparici-2025-08-22T121138.123-590x208.jpg 590w, https:\/\/cparici.com\/wp-content\/uploads\/2025\/08\/cparici-2025-08-22T121138.123-1200x424.jpg 1200w, https:\/\/cparici.com\/wp-content\/uploads\/2025\/08\/cparici-2025-08-22T121138.123-577x204.jpg 577w, https:\/\/cparici.com\/wp-content\/uploads\/2025\/08\/cparici-2025-08-22T121138.123-600x212.jpg 600w\" sizes=\"(max-width: 1500px) 100vw, 1500px\" \/><\/a><\/p><h2 data-start=\"104\" data-end=\"143\">Itin\u00e9raires en 3, 5, 7 et 10 jours<\/h2><h3 data-start=\"145\" data-end=\"185\">Voyager selon son temps disponible<\/h3><p data-start=\"186\" data-end=\"507\">L\u2019un des atouts majeurs de <strong data-start=\"213\" data-end=\"232\">La Loire \u00e0 v\u00e9lo<\/strong> est sa modularit\u00e9. Que l\u2019on dispose d\u2019un week-end, d\u2019une semaine ou de dix jours, il existe un <strong data-start=\"328\" data-end=\"347\">parcours adapt\u00e9<\/strong> permettant de d\u00e9couvrir ch\u00e2teaux, vignobles et paysages lig\u00e9riens. Voici des suggestions inspir\u00e9es des guides officiels, du Routard et des retours voyageurs.<\/p><h3 data-start=\"514\" data-end=\"563\">Itin\u00e9raire sur 3 jours : d\u00e9couverte express<\/h3><p data-start=\"564\" data-end=\"610\"><strong data-start=\"564\" data-end=\"591\">Blois \u2192 Amboise \u2192 <a href=\"https:\/\/cparici.com\/tours-ville\/\">Tours<\/a><\/strong> (environ 120 km)<\/p><ul data-start=\"611\" data-end=\"1069\"><li data-start=\"611\" data-end=\"771\"><p data-start=\"613\" data-end=\"771\"><strong data-start=\"613\" data-end=\"658\">Jour 1 : Blois \u2013 Chambord \u2013 Blois (30 km)<\/strong> : balade id\u00e9ale pour commencer en douceur avec la visite du ch\u00e2teau de <strong data-start=\"730\" data-end=\"742\">Chambord<\/strong>, chef-d\u2019\u0153uvre Renaissance.<\/p><\/li><li data-start=\"772\" data-end=\"941\"><p data-start=\"774\" data-end=\"941\"><strong data-start=\"774\" data-end=\"810\">Jour 2 : <a href=\"https:\/\/cparici.com\/chateau-de-blois\/\">Blois<\/a> \u2013 Amboise (45 km)<\/strong> : travers\u00e9e du Val de Loire UNESCO, passage par Chaumont-sur-Loire et ses jardins. Nuit \u00e0 <strong data-start=\"901\" data-end=\"912\">Amboise<\/strong>, au pied du ch\u00e2teau royal.<\/p><\/li><li data-start=\"942\" data-end=\"1069\"><p data-start=\"944\" data-end=\"1069\"><strong data-start=\"944\" data-end=\"980\">Jour 3 : Amboise \u2013 Tours (45 km)<\/strong> : d\u00e9couverte de Montlouis et de ses vignobles, arriv\u00e9e dans la ville vivante de Tours.<\/p><\/li><\/ul><p data-start=\"1071\" data-end=\"1172\">Id\u00e9al pour une <strong data-start=\"1086\" data-end=\"1100\">initiation<\/strong> ou un week-end prolong\u00e9, avec un bon \u00e9quilibre entre v\u00e9lo et visites.<\/p><h3 data-start=\"1179\" data-end=\"1229\">Itin\u00e9raire sur 5 jours : ch\u00e2teaux et culture<\/h3><p data-start=\"1230\" data-end=\"1297\"><strong data-start=\"1230\" data-end=\"1278\">Orl\u00e9ans \u2192 <a href=\"https:\/\/cparici.com\/chateau-de-chambord\/\">Chambord<\/a> \u2192 Blois \u2192 Amboise \u2192 Tours<\/strong> (environ 200 km)<\/p><ul data-start=\"1298\" data-end=\"1994\"><li data-start=\"1298\" data-end=\"1464\"><p data-start=\"1300\" data-end=\"1464\"><strong data-start=\"1300\" data-end=\"1340\">Jour 1 : Orl\u00e9ans \u2013 Beaugency (30 km)<\/strong> : \u00e9tape douce pour entrer dans le rythme, visite de la cath\u00e9drale d\u2019Orl\u00e9ans et du charmant village m\u00e9di\u00e9val de Beaugency.<\/p><\/li><li data-start=\"1465\" data-end=\"1605\"><p data-start=\"1467\" data-end=\"1605\"><strong data-start=\"1467\" data-end=\"1516\">Jour 2 : Beaugency \u2013 Chambord \u2013 Blois (40 km)<\/strong> : immersion en Sologne et d\u00e9couverte du <strong data-start=\"1557\" data-end=\"1580\">ch\u00e2teau de Chambord<\/strong>, puis arriv\u00e9e \u00e0 Blois.<\/p><\/li><li data-start=\"1606\" data-end=\"1756\"><p data-start=\"1608\" data-end=\"1756\"><strong data-start=\"1608\" data-end=\"1655\">Jour 3 : Blois \u2013 Chaumont \u2013 <a href=\"https:\/\/cparici.com\/chateau-d-amboise\/\">Amboise<\/a> (45 km)<\/strong> : le Val de Loire dans toute sa splendeur, avec le Festival international des jardins de Chaumont.<\/p><\/li><li data-start=\"1757\" data-end=\"1888\"><p data-start=\"1759\" data-end=\"1888\"><strong data-start=\"1759\" data-end=\"1813\">Jour 4 : Amboise \u2013 <a href=\"https:\/\/cparici.com\/chateau-de-chenonceau-guide\/\">Chenonceau<\/a> \u2013 Amboise (40 km AR)<\/strong> : boucle vers le ch\u00e2teau de <strong data-start=\"1842\" data-end=\"1856\">Chenonceau<\/strong>, l\u2019un des plus embl\u00e9matiques.<\/p><\/li><li data-start=\"1889\" data-end=\"1994\"><p data-start=\"1891\" data-end=\"1994\"><strong data-start=\"1891\" data-end=\"1927\">Jour 5 : Amboise \u2013 Tours (45 km)<\/strong> : \u00e9tape finale \u00e0 travers vignobles et villages, arriv\u00e9e \u00e0 Tours.<\/p><\/li><\/ul><p data-start=\"1996\" data-end=\"2091\">Parcours parfait pour un premier grand voyage, centr\u00e9 sur les <strong data-start=\"2058\" data-end=\"2088\">ch\u00e2teaux les plus c\u00e9l\u00e8bres<\/strong>.<\/p><h3 data-start=\"2098\" data-end=\"2148\">Itin\u00e9raire sur 7 jours : de Sancerre \u00e0 Tours<\/h3><p data-start=\"2149\" data-end=\"2206\"><strong data-start=\"2149\" data-end=\"2187\">Sancerre \u2192 Orl\u00e9ans \u2192 Blois \u2192 Tours<\/strong> (environ 320 km)<\/p><ul data-start=\"2207\" data-end=\"2873\"><li data-start=\"2207\" data-end=\"2318\"><p data-start=\"2209\" data-end=\"2318\"><strong data-start=\"2209\" data-end=\"2261\">Jour 1 : Sancerre \u2013 La Charit\u00e9-sur-Loire (40 km)<\/strong> : vignobles r\u00e9put\u00e9s et cit\u00e9 monastique class\u00e9e UNESCO.<\/p><\/li><li data-start=\"2319\" data-end=\"2403\"><p data-start=\"2321\" data-end=\"2403\"><strong data-start=\"2321\" data-end=\"2359\">Jour 2 : La Charit\u00e9 \u2013 Gien (55 km)<\/strong> : villages typiques et ponts historiques.<\/p><\/li><li data-start=\"2404\" data-end=\"2494\"><p data-start=\"2406\" data-end=\"2494\"><strong data-start=\"2406\" data-end=\"2441\">Jour 3 : Gien \u2013 Orl\u00e9ans (50 km)<\/strong> : arr\u00eat possible \u00e0 Sully-sur-Loire et son ch\u00e2teau.<\/p><\/li><li data-start=\"2495\" data-end=\"2591\"><p data-start=\"2497\" data-end=\"2591\"><strong data-start=\"2497\" data-end=\"2545\">Jour 4 : Orl\u00e9ans \u2013 Beaugency \u2013 Blois (50 km)<\/strong> : portion agr\u00e9able entre ville et campagne.<\/p><\/li><li data-start=\"2592\" data-end=\"2694\"><p data-start=\"2594\" data-end=\"2694\"><strong data-start=\"2594\" data-end=\"2639\">Jour 5 : Blois \u2013 Chambord \u2013 Blois (30 km)<\/strong> : journ\u00e9e culturelle ax\u00e9e sur la visite de Chambord.<\/p><\/li><li data-start=\"2695\" data-end=\"2779\"><p data-start=\"2697\" data-end=\"2779\"><strong data-start=\"2697\" data-end=\"2733\">Jour 6 : Blois \u2013 Amboise (45 km)<\/strong> : route royale vers Amboise et son ch\u00e2teau.<\/p><\/li><li data-start=\"2780\" data-end=\"2873\"><p data-start=\"2782\" data-end=\"2873\"><strong data-start=\"2782\" data-end=\"2818\">Jour 7 : Amboise \u2013 Tours (50 km)<\/strong> : vignobles et arriv\u00e9e dans la capitale tourangelle.<\/p><\/li><\/ul><p data-start=\"2875\" data-end=\"2988\">Un circuit complet pour go\u00fbter aux <strong data-start=\"2910\" data-end=\"2939\">grands paysages lig\u00e9riens<\/strong>, avec un \u00e9quilibre entre patrimoine et nature.<\/p><h3 data-start=\"2995\" data-end=\"3047\">Itin\u00e9raire sur 10 jours : jusqu\u2019\u00e0 l\u2019Atlantique<\/h3><p data-start=\"3048\" data-end=\"3145\"><strong data-start=\"3048\" data-end=\"3126\">Angers \u2192 Saumur \u2192 Tours \u2192 Blois \u2192 Orl\u00e9ans \u2192 <a href=\"https:\/\/cparici.com\/nantes\/\">Nantes<\/a> \u2192 Saint-Br\u00e9vin-les-Pins<\/strong> (environ 500 km)<\/p><ul data-start=\"3146\" data-end=\"4115\"><li data-start=\"3146\" data-end=\"3253\"><p data-start=\"3148\" data-end=\"3253\"><strong data-start=\"3148\" data-end=\"3184\">Jour 1 : Angers \u2013 Saumur (50 km)<\/strong> : travers\u00e9e des vignobles d\u2019Anjou, visite de caves troglodytiques.<\/p><\/li><li data-start=\"3254\" data-end=\"3349\"><p data-start=\"3256\" data-end=\"3349\"><strong data-start=\"3256\" data-end=\"3292\">Jour 2 : Saumur \u2013 Chinon (40 km)<\/strong> : route bucolique le long de la Loire et de la Vienne.<\/p><\/li><li data-start=\"3350\" data-end=\"3443\"><p data-start=\"3352\" data-end=\"3443\"><strong data-start=\"3352\" data-end=\"3404\">Jour 3 : Chinon \u2013 <a href=\"https:\/\/cparici.com\/azay-le-rideau-chateau-informations-pratiques\/\">Azay-le-Rideau<\/a> \u2013 Tours (60 km)<\/strong> : ch\u00e2teaux et villages pittoresques.<\/p><\/li><li data-start=\"3444\" data-end=\"3570\"><p data-start=\"3446\" data-end=\"3570\"><strong data-start=\"3446\" data-end=\"3490\">Jour 4 : Tours \u2013 Amboise \u2013 Blois (60 km)<\/strong> : c\u0153ur du Val de Loire, visites de <strong data-start=\"3526\" data-end=\"3540\">Chenonceau<\/strong>, <strong data-start=\"3542\" data-end=\"3553\">Amboise<\/strong>, <strong data-start=\"3555\" data-end=\"3567\">Chaumont<\/strong>.<\/p><\/li><li data-start=\"3571\" data-end=\"3664\"><p data-start=\"3573\" data-end=\"3664\"><strong data-start=\"3573\" data-end=\"3620\">Jour 5 : Blois \u2013 Chambord \u2013 Orl\u00e9ans (70 km)<\/strong> : longue \u00e9tape, mais riche en patrimoine.<\/p><\/li><li data-start=\"3665\" data-end=\"3757\"><p data-start=\"3667\" data-end=\"3757\"><strong data-start=\"3667\" data-end=\"3715\">Jour 6 : Orl\u00e9ans \u2013 Beaugency \u2013 Blois (50 km)<\/strong> : possibilit\u00e9 d\u2019all\u00e9ger et de profiter.<\/p><\/li><li data-start=\"3758\" data-end=\"3837\"><p data-start=\"3760\" data-end=\"3837\"><strong data-start=\"3760\" data-end=\"3834\">Jour 7 : Orl\u00e9ans \u2013 Angers en train, puis v\u00e9lo Angers \u2013 Ancenis (45 km)<\/strong>.<\/p><\/li><li data-start=\"3838\" data-end=\"3924\"><p data-start=\"3840\" data-end=\"3924\"><strong data-start=\"3840\" data-end=\"3877\">Jour 8 : Ancenis \u2013 Nantes (50 km)<\/strong> : arriv\u00e9e dans la ville dynamique de Nantes.<\/p><\/li><li data-start=\"3925\" data-end=\"4064\"><p data-start=\"3927\" data-end=\"4064\"><strong data-start=\"3927\" data-end=\"3978\">Jour 9 : Nantes \u2013 Saint-Brevin-les-Pins (60 km)<\/strong> : portion finale vers l\u2019oc\u00e9an, travers\u00e9e embl\u00e9matique du <strong data-start=\"4036\" data-end=\"4061\">pont de Saint-Nazaire<\/strong>.<\/p><\/li><li data-start=\"4065\" data-end=\"4115\"><p data-start=\"4067\" data-end=\"4115\"><strong data-start=\"4067\" data-end=\"4112\">Jour 10 : journ\u00e9e de repos \u00e0 l\u2019Atlantique<\/strong>.<\/p><\/li><\/ul><p data-start=\"4117\" data-end=\"4257\">Cet itin\u00e9raire propose une <strong data-start=\"4144\" data-end=\"4165\">aventure compl\u00e8te<\/strong>, id\u00e9ale pour d\u00e9couvrir la Loire dans toute sa diversit\u00e9, de ses vignobles \u00e0 son estuaire.<\/p><p data-start=\"4117\" data-end=\"4257\"><a href=\"https:\/\/cparici.com\/wp-content\/uploads\/2025\/08\/cparici-2025-08-22T123336.795.jpg\"><img decoding=\"async\" class=\"aligncenter wp-image-69412 size-full\" src=\"https:\/\/cparici.com\/wp-content\/uploads\/2025\/08\/cparici-2025-08-22T123336.795.jpg\" alt=\"Loire \u00e0 v\u00e9lo et ch\u00e2teaux de la Loire\" width=\"1500\" height=\"530\" srcset=\"https:\/\/cparici.com\/wp-content\/uploads\/2025\/08\/cparici-2025-08-22T123336.795.jpg 1500w, https:\/\/cparici.com\/wp-content\/uploads\/2025\/08\/cparici-2025-08-22T123336.795-300x106.jpg 300w, https:\/\/cparici.com\/wp-content\/uploads\/2025\/08\/cparici-2025-08-22T123336.795-1024x362.jpg 1024w, https:\/\/cparici.com\/wp-content\/uploads\/2025\/08\/cparici-2025-08-22T123336.795-768x271.jpg 768w, https:\/\/cparici.com\/wp-content\/uploads\/2025\/08\/cparici-2025-08-22T123336.795-18x6.jpg 18w, https:\/\/cparici.com\/wp-content\/uploads\/2025\/08\/cparici-2025-08-22T123336.795-590x208.jpg 590w, https:\/\/cparici.com\/wp-content\/uploads\/2025\/08\/cparici-2025-08-22T123336.795-1200x424.jpg 1200w, https:\/\/cparici.com\/wp-content\/uploads\/2025\/08\/cparici-2025-08-22T123336.795-577x204.jpg 577w, https:\/\/cparici.com\/wp-content\/uploads\/2025\/08\/cparici-2025-08-22T123336.795-600x212.jpg 600w\" sizes=\"(max-width: 1500px) 100vw, 1500px\" \/><\/a><\/p><h2 data-start=\"80\" data-end=\"101\">\u00c0 ne pas manquer<\/h2><h3 data-start=\"103\" data-end=\"135\">Les ch\u00e2teaux embl\u00e9matiques<\/h3><p data-start=\"136\" data-end=\"381\">Impossible d\u2019\u00e9voquer <strong data-start=\"157\" data-end=\"176\">La Loire \u00e0 v\u00e9lo<\/strong> sans parler de ses <a href=\"https:\/\/cparici.com\/chateau-de-la-loire\/\"><strong data-start=\"196\" data-end=\"208\">ch\u00e2teaux<\/strong>.<\/a> V\u00e9ritables joyaux de la Renaissance, ils jalonnent l\u2019itin\u00e9raire et offrent autant de pauses culturelles que de pr\u00e9textes \u00e0 rallonger l\u2019\u00e9tape. Parmi les incontournables :<\/p><ul data-start=\"382\" data-end=\"870\"><li data-start=\"382\" data-end=\"562\"><p data-start=\"384\" data-end=\"562\"><strong data-start=\"384\" data-end=\"396\">Chambord<\/strong> : le plus grand des ch\u00e2teaux de la Loire, chef-d\u2019\u0153uvre de Fran\u00e7ois Ier, entour\u00e9 d\u2019un vaste parc forestier. Accessible par une variante cyclable au d\u00e9part de Blois.<\/p><\/li><li data-start=\"563\" data-end=\"658\"><p data-start=\"565\" data-end=\"658\"><strong data-start=\"565\" data-end=\"579\">Chenonceau<\/strong> : le ch\u00e2teau des dames, enjambant \u00e9l\u00e9gamment le Cher, \u00e0 proximit\u00e9 d\u2019Amboise.<\/p><\/li><li data-start=\"659\" data-end=\"763\"><p data-start=\"661\" data-end=\"763\"><strong data-start=\"661\" data-end=\"674\">Villandry<\/strong> : c\u00e9l\u00e8bre pour ses <strong data-start=\"694\" data-end=\"720\">jardins \u00e0 la fran\u00e7aise<\/strong> d\u2019une pr\u00e9cision g\u00e9om\u00e9trique remarquable.<\/p><\/li><li data-start=\"764\" data-end=\"870\"><p data-start=\"766\" data-end=\"870\"><strong data-start=\"766\" data-end=\"784\">Azay-le-Rideau<\/strong> : pos\u00e9 sur l\u2019eau, il refl\u00e8te la gr\u00e2ce et l\u2019\u00e9quilibre de l\u2019architecture Renaissance.<\/p><\/li><\/ul><p data-start=\"872\" data-end=\"1020\">D\u2019autres ch\u00e2teaux, plus discrets mais tout aussi charmants, valent aussi un d\u00e9tour : Sully-sur-Loire, Saumur ou encore le ch\u00e2teau royal d\u2019Amboise.<\/p><p data-start=\"1022\" data-end=\"1308\">\ud83d\udc49 Liens internes sugg\u00e9r\u00e9s : <a class=\"decorated-link cursor-pointer\" target=\"_new\" rel=\"noopener\" data-start=\"1051\" data-end=\"1116\">Ch\u00e2teau de Chambord<\/a>, <a class=\"decorated-link cursor-pointer\" target=\"_new\" rel=\"noopener\" data-start=\"1118\" data-end=\"1174\">Villandry<\/a>, <a class=\"decorated-link cursor-pointer\" target=\"_new\" rel=\"noopener\" data-start=\"1176\" data-end=\"1240\">Azay-le-Rideau<\/a>, <a class=\"decorated-link cursor-pointer\" target=\"_new\" rel=\"noopener\" data-start=\"1242\" data-end=\"1305\">Ch\u00e2teaux en France<\/a>.<\/p><h3 data-start=\"1315\" data-end=\"1356\">Les paysages UNESCO du Val de Loire<\/h3><p data-start=\"1357\" data-end=\"1569\">Entre <strong data-start=\"1363\" data-end=\"1382\">Sully-sur-Loire<\/strong> et <strong data-start=\"1386\" data-end=\"1409\">Chalonnes-sur-Loire<\/strong>, le <strong data-start=\"1414\" data-end=\"1430\">Val de Loire<\/strong> est inscrit au patrimoine mondial de l\u2019UNESCO. Cette portion, travers\u00e9e par <strong data-start=\"1507\" data-end=\"1526\">La Loire \u00e0 v\u00e9lo<\/strong>, offre des paysages naturels pr\u00e9serv\u00e9s :<\/p><ul data-start=\"1570\" data-end=\"1829\"><li data-start=\"1570\" data-end=\"1659\"><p data-start=\"1572\" data-end=\"1659\">des <strong data-start=\"1576\" data-end=\"1594\">bancs de sable<\/strong> et des <strong data-start=\"1602\" data-end=\"1619\">\u00eeles sauvages<\/strong>, refuges pour les oiseaux migrateurs,<\/p><\/li><li data-start=\"1660\" data-end=\"1762\"><p data-start=\"1662\" data-end=\"1762\">des <strong data-start=\"1666\" data-end=\"1685\">lev\u00e9es de Loire<\/strong>, anciennes digues qui servent aujourd\u2019hui de voies cyclables panoramiques,<\/p><\/li><li data-start=\"1763\" data-end=\"1829\"><p data-start=\"1765\" data-end=\"1829\">des <strong data-start=\"1769\" data-end=\"1790\">coteaux viticoles<\/strong> ponctu\u00e9s de villages troglodytiques.<\/p><\/li><\/ul><p data-start=\"1831\" data-end=\"1969\">C\u2019est une section o\u00f9 l\u2019on ressent le mieux la puissance et la s\u00e9r\u00e9nit\u00e9 du fleuve, id\u00e9ale pour les amateurs de nature et de photographie.<\/p><hr data-start=\"1971\" data-end=\"1974\" \/><h3 data-start=\"1976\" data-end=\"2004\">Les vignobles et caves<\/h3><p data-start=\"2005\" data-end=\"2166\">De <strong data-start=\"2008\" data-end=\"2020\">Sancerre<\/strong> \u00e0 <strong data-start=\"2023\" data-end=\"2035\">Muscadet<\/strong>, <strong data-start=\"2037\" data-end=\"2056\">La Loire \u00e0 v\u00e9lo<\/strong> traverse des vignobles parmi les plus r\u00e9put\u00e9s de France. Chaque \u00e9tape est une invitation \u00e0 la d\u00e9gustation :<\/p><ul data-start=\"2167\" data-end=\"2349\"><li data-start=\"2167\" data-end=\"2209\"><p data-start=\"2169\" data-end=\"2209\"><strong data-start=\"2169\" data-end=\"2181\">Sancerre<\/strong> : blancs secs et fruit\u00e9s.<\/p><\/li><li data-start=\"2210\" data-end=\"2265\"><p data-start=\"2212\" data-end=\"2265\"><strong data-start=\"2212\" data-end=\"2231\">Saumur et Anjou<\/strong> : ros\u00e9s l\u00e9gers et bulles fines.<\/p><\/li><li data-start=\"2266\" data-end=\"2349\"><p data-start=\"2268\" data-end=\"2349\"><strong data-start=\"2268\" data-end=\"2280\">Muscadet<\/strong> (pr\u00e8s de Nantes) : compagnon parfait des hu\u00eetres et fruits de mer.<\/p><\/li><\/ul><p data-start=\"2351\" data-end=\"2488\">Beaucoup de domaines viticoles labellis\u00e9s <strong data-start=\"2393\" data-end=\"2409\">Accueil V\u00e9lo<\/strong> accueillent les cyclistes pour une d\u00e9gustation rapide ou une visite de cave.<\/p><hr data-start=\"2490\" data-end=\"2493\" \/><h3 data-start=\"2495\" data-end=\"2532\">Les bourgs et villages typiques<\/h3><p data-start=\"2533\" data-end=\"2610\">Certains villages sont de v\u00e9ritables haltes de charme le long du parcours :<\/p><ul data-start=\"2611\" data-end=\"2905\"><li data-start=\"2611\" data-end=\"2666\"><p data-start=\"2613\" data-end=\"2666\"><strong data-start=\"2613\" data-end=\"2626\">Beaugency<\/strong>, avec son pont m\u00e9di\u00e9val sur la Loire.<\/p><\/li><li data-start=\"2667\" data-end=\"2785\"><p data-start=\"2669\" data-end=\"2785\"><strong data-start=\"2669\" data-end=\"2692\">Candes-Saint-Martin<\/strong>, class\u00e9 parmi les plus beaux villages de France, au confluent de la Vienne et de la Loire.<\/p><\/li><li data-start=\"2786\" data-end=\"2841\"><p data-start=\"2788\" data-end=\"2841\"><strong data-start=\"2788\" data-end=\"2802\">Montsoreau<\/strong>, avec son ch\u00e2teau en bord de fleuve.<\/p><\/li><li data-start=\"2842\" data-end=\"2905\"><p data-start=\"2844\" data-end=\"2905\"><strong data-start=\"2844\" data-end=\"2870\">Saint-Florent-le-Vieil<\/strong>, haut lieu d\u2019histoire vend\u00e9enne.<\/p><\/li><\/ul><hr data-start=\"2907\" data-end=\"2910\" \/><h3 data-start=\"2912\" data-end=\"2956\">L\u2019estuaire et le pont de Saint-Nazaire<\/h3><p data-start=\"2957\" data-end=\"3169\">L\u2019arriv\u00e9e de <strong data-start=\"2970\" data-end=\"2989\">La Loire \u00e0 v\u00e9lo<\/strong> \u00e0 l\u2019Atlantique est marqu\u00e9e par une travers\u00e9e m\u00e9morable : le <strong data-start=\"3050\" data-end=\"3075\">pont de Saint-Nazaire<\/strong>. Haut de plus de 60 m\u00e8tres, long de 3,3 km, il relie Saint-Brevin-les-Pins \u00e0 Saint-Nazaire.<\/p><ul data-start=\"3170\" data-end=\"3473\"><li data-start=\"3170\" data-end=\"3281\"><p data-start=\"3172\" data-end=\"3281\">La travers\u00e9e est <strong data-start=\"3189\" data-end=\"3212\">autoris\u00e9e aux v\u00e9los<\/strong>, mais elle peut \u00eatre impressionnante \u00e0 cause du vent et du trafic.<\/p><\/li><li data-start=\"3282\" data-end=\"3374\"><p data-start=\"3284\" data-end=\"3374\">Il est recommand\u00e9 de la r\u00e9aliser t\u00f4t le matin, et d\u2019utiliser la piste cyclable prot\u00e9g\u00e9e.<\/p><\/li><li data-start=\"3375\" data-end=\"3473\"><p data-start=\"3377\" data-end=\"3473\">Des <strong data-start=\"3381\" data-end=\"3398\">navettes v\u00e9lo<\/strong> sont parfois mises en place pour ceux qui pr\u00e9f\u00e8rent \u00e9viter la travers\u00e9e.<\/p><\/li><\/ul><p data-start=\"3475\" data-end=\"3599\">Arriver face \u00e0 l\u2019oc\u00e9an apr\u00e8s plusieurs centaines de kilom\u00e8tres de p\u00e9dalage reste un moment inoubliable pour tout cycliste.<\/p><h2 data-start=\"95\" data-end=\"128\">Variantes et boucles locales<\/h2><h3 data-start=\"130\" data-end=\"159\">Une v\u00e9loroute modulable<\/h3><p data-start=\"160\" data-end=\"449\">L\u2019itin\u00e9raire principal de <strong data-start=\"186\" data-end=\"205\">La Loire \u00e0 v\u00e9lo<\/strong> mesure environ <strong data-start=\"221\" data-end=\"241\">630 km lin\u00e9aires<\/strong>, mais il est enrichi de <strong data-start=\"266\" data-end=\"303\">270 km de variantes et de boucles<\/strong>. Ces d\u00e9tours permettent d\u2019explorer des villages, des vignobles ou des sites patrimoniaux \u00e0 proximit\u00e9 du trac\u00e9, sans quitter l\u2019esprit du voyage.<\/p><p data-start=\"451\" data-end=\"484\">Ces boucles sont id\u00e9ales pour :<\/p><ul data-start=\"485\" data-end=\"746\"><li data-start=\"485\" data-end=\"548\"><p data-start=\"487\" data-end=\"548\">les <strong data-start=\"491\" data-end=\"503\">familles<\/strong> qui souhaitent r\u00e9aliser de petites \u00e9tapes,<\/p><\/li><li data-start=\"549\" data-end=\"637\"><p data-start=\"551\" data-end=\"637\">les cyclistes qui pr\u00e9f\u00e8rent d\u00e9couvrir la r\u00e9gion sans parcourir de longues distances,<\/p><\/li><li data-start=\"638\" data-end=\"746\"><p data-start=\"640\" data-end=\"746\">les voyageurs qui veulent enrichir leur itin\u00e9raire de <strong data-start=\"694\" data-end=\"717\">visites th\u00e9matiques<\/strong> (vins, jardins, histoire).<\/p><\/li><\/ul><hr data-start=\"748\" data-end=\"751\" \/><h3 data-start=\"753\" data-end=\"786\">Les boucles du Loir-et-Cher<\/h3><p data-start=\"787\" data-end=\"904\">Le d\u00e9partement du Loir-et-Cher a d\u00e9velopp\u00e9 plusieurs circuits courts, connect\u00e9s directement \u00e0 <strong data-start=\"881\" data-end=\"900\">La Loire \u00e0 v\u00e9lo<\/strong> :<\/p><ul data-start=\"905\" data-end=\"1264\"><li data-start=\"905\" data-end=\"1022\"><p data-start=\"907\" data-end=\"1022\"><strong data-start=\"907\" data-end=\"942\">Boucle Blois \u2013 Chambord (20 km)<\/strong> : un aller-retour parfait pour d\u00e9couvrir le ch\u00e2teau de Chambord depuis Blois.<\/p><\/li><li data-start=\"1023\" data-end=\"1127\"><p data-start=\"1025\" data-end=\"1127\"><strong data-start=\"1025\" data-end=\"1061\">Boucle Chaumont \u2013 Onzain (15 km)<\/strong> : un d\u00e9tour champ\u00eatre autour des jardins de Chaumont-sur-Loire.<\/p><\/li><li data-start=\"1128\" data-end=\"1264\"><p data-start=\"1130\" data-end=\"1264\"><strong data-start=\"1130\" data-end=\"1157\">Boucle Cheverny (30 km)<\/strong> : permet de rejoindre le ch\u00e2teau de Cheverny, c\u00e9l\u00e8bre pour ses chiens de chasse et son lien avec Tintin.<\/p><\/li><\/ul><p data-start=\"1266\" data-end=\"1378\">Ces boucles, bien balis\u00e9es, offrent des \u00e9tapes relaxantes et une excellente alternative aux longues distances.<\/p><hr data-start=\"1380\" data-end=\"1383\" \/><h3 data-start=\"1385\" data-end=\"1424\">Boucles viticoles et d\u00e9gustations<\/h3><p data-start=\"1425\" data-end=\"1512\">Plusieurs variantes permettent de s\u2019immerger dans les <strong data-start=\"1479\" data-end=\"1508\">vignobles du Val de Loire<\/strong> :<\/p><ul data-start=\"1513\" data-end=\"1888\"><li data-start=\"1513\" data-end=\"1628\"><p data-start=\"1515\" data-end=\"1628\"><strong data-start=\"1515\" data-end=\"1542\">Boucle Sancerre (35 km)<\/strong> : id\u00e9ale pour d\u00e9couvrir les coteaux viticoles et d\u00e9guster les c\u00e9l\u00e8bres blancs secs.<\/p><\/li><li data-start=\"1629\" data-end=\"1738\"><p data-start=\"1631\" data-end=\"1738\"><strong data-start=\"1631\" data-end=\"1656\">Boucle Saumur (25 km)<\/strong> : entre caves troglodytiques et vignobles d\u2019Anjou, avec d\u00e9gustation de cr\u00e9mant.<\/p><\/li><li data-start=\"1739\" data-end=\"1888\"><p data-start=\"1741\" data-end=\"1888\"><strong data-start=\"1741\" data-end=\"1768\">Boucle Muscadet (40 km)<\/strong> : autour de Nantes, pour savourer les vins de l\u2019estuaire et visiter des domaines viticoles accueillant les cyclistes.<\/p><\/li><\/ul><hr data-start=\"1890\" data-end=\"1893\" \/><h3 data-start=\"1895\" data-end=\"1929\">Boucles nature et patrimoine<\/h3><p data-start=\"1930\" data-end=\"2011\">Certaines variantes mettent l\u2019accent sur la <strong data-start=\"1974\" data-end=\"2007\">nature et les paysages UNESCO<\/strong> :<\/p><ul data-start=\"2012\" data-end=\"2338\"><li data-start=\"2012\" data-end=\"2128\"><p data-start=\"2014\" data-end=\"2128\"><strong data-start=\"2014\" data-end=\"2050\">Boucle des \u00eeles de Loire (15 km)<\/strong> : petit circuit id\u00e9al pour l\u2019observation des oiseaux et des bancs de sable.<\/p><\/li><li data-start=\"2129\" data-end=\"2240\"><p data-start=\"2131\" data-end=\"2240\"><strong data-start=\"2131\" data-end=\"2182\">Boucle Montsoreau \u2013 Candes-Saint-Martin (20 km)<\/strong> : d\u00e9couverte de deux des plus beaux villages lig\u00e9riens.<\/p><\/li><li data-start=\"2241\" data-end=\"2338\"><p data-start=\"2243\" data-end=\"2338\"><strong data-start=\"2243\" data-end=\"2293\">Boucle Angers \u2013 Parc de Terra Botanica (18 km)<\/strong> : parfaite pour les familles avec enfants.<\/p><\/li><\/ul><hr data-start=\"2340\" data-end=\"2343\" \/><h3 data-start=\"2345\" data-end=\"2384\">Pourquoi int\u00e9grer ces variantes ?<\/h3><p data-start=\"2385\" data-end=\"2440\">En ajoutant une boucle ou une variante, le cycliste :<\/p><ul data-start=\"2441\" data-end=\"2647\"><li data-start=\"2441\" data-end=\"2487\"><p data-start=\"2443\" data-end=\"2487\">all\u00e8ge ses journ\u00e9es avec un circuit court,<\/p><\/li><li data-start=\"2488\" data-end=\"2532\"><p data-start=\"2490\" data-end=\"2532\">\u00e9vite les \u00e9tapes lin\u00e9aires trop longues,<\/p><\/li><li data-start=\"2533\" data-end=\"2586\"><p data-start=\"2535\" data-end=\"2586\">profite de visites culturelles et gastronomiques,<\/p><\/li><li data-start=\"2587\" data-end=\"2647\"><p data-start=\"2589\" data-end=\"2647\">personnalise son itin\u00e9raire selon ses centres d\u2019int\u00e9r\u00eat.<\/p><\/li><\/ul><p data-start=\"2649\" data-end=\"2778\">Ces boucles rendent <strong data-start=\"2669\" data-end=\"2688\">La Loire \u00e0 v\u00e9lo<\/strong> accessible m\u00eame \u00e0 ceux qui ne souhaitent p\u00e9daler qu\u2019une dizaine de kilom\u00e8tres par jour.<\/p><h2 data-start=\"92\" data-end=\"120\">Pr\u00e9parer son itin\u00e9rance<\/h2><h3 data-start=\"122\" data-end=\"146\">Choisir son rythme<\/h3><p data-start=\"147\" data-end=\"341\">La r\u00e9ussite d\u2019un voyage sur <strong data-start=\"175\" data-end=\"194\">La Loire \u00e0 v\u00e9lo<\/strong> d\u00e9pend surtout du <strong data-start=\"213\" data-end=\"230\">rythme choisi<\/strong>. En moyenne, un cycliste parcourt entre <strong data-start=\"271\" data-end=\"295\">30 et 70 km par jour<\/strong> selon son niveau, la m\u00e9t\u00e9o et son mat\u00e9riel.<\/p><ul data-start=\"342\" data-end=\"623\"><li data-start=\"342\" data-end=\"429\"><p data-start=\"344\" data-end=\"429\"><strong data-start=\"344\" data-end=\"369\">D\u00e9butants et familles<\/strong> : 25\u201340 km\/jour, avec pauses culturelles et pique-niques.<\/p><\/li><li data-start=\"430\" data-end=\"537\"><p data-start=\"432\" data-end=\"537\"><strong data-start=\"432\" data-end=\"459\">Cyclotouristes habitu\u00e9s<\/strong> : 50\u201370 km\/jour, permettant de couvrir de grandes \u00e9tapes entre deux villes.<\/p><\/li><li data-start=\"538\" data-end=\"623\"><p data-start=\"540\" data-end=\"623\"><strong data-start=\"540\" data-end=\"552\">Sportifs<\/strong> : jusqu\u2019\u00e0 100 km\/jour, en encha\u00eenant plusieurs ch\u00e2teaux ou tron\u00e7ons.<\/p><\/li><\/ul><p data-start=\"625\" data-end=\"755\">Le trac\u00e9 \u00e9tant plat et bien balis\u00e9, il s\u2019adapte \u00e0 tous les profils, \u00e0 condition d\u2019ajuster la dur\u00e9e du s\u00e9jour au rythme souhait\u00e9.<\/p><h3 data-start=\"757\" data-end=\"787\">\u00c9quipement indispensable<\/h3><p data-start=\"788\" data-end=\"886\">M\u00eame si <strong data-start=\"796\" data-end=\"815\">La Loire \u00e0 v\u00e9lo<\/strong> est accessible, un minimum d\u2019\u00e9quipement assure confort et s\u00e9curit\u00e9 :<\/p><ul data-start=\"887\" data-end=\"1358\"><li data-start=\"887\" data-end=\"996\"><p data-start=\"889\" data-end=\"996\"><strong data-start=\"889\" data-end=\"904\">V\u00e9lo adapt\u00e9<\/strong> : VTC, v\u00e9lo de voyage ou <strong data-start=\"930\" data-end=\"937\">VAE<\/strong> (v\u00e9lo \u00e0 assistance \u00e9lectrique) pour les moins entra\u00een\u00e9s.<\/p><\/li><li data-start=\"997\" data-end=\"1076\"><p data-start=\"999\" data-end=\"1076\"><strong data-start=\"999\" data-end=\"1011\">Sacoches<\/strong> \u00e9tanches pour \u00e9viter le sac \u00e0 dos, plus pratique et \u00e9quilibr\u00e9.<\/p><\/li><li data-start=\"1077\" data-end=\"1168\"><p data-start=\"1079\" data-end=\"1168\"><strong data-start=\"1079\" data-end=\"1097\">Antivol solide<\/strong> : indispensable lors des visites de ch\u00e2teaux ou des pauses en ville.<\/p><\/li><li data-start=\"1169\" data-end=\"1228\"><p data-start=\"1171\" data-end=\"1228\"><strong data-start=\"1171\" data-end=\"1192\">Kit de r\u00e9paration<\/strong> : chambre \u00e0 air, pompe, rustines.<\/p><\/li><li data-start=\"1229\" data-end=\"1358\"><p data-start=\"1231\" data-end=\"1358\"><strong data-start=\"1231\" data-end=\"1246\">Accessoires<\/strong> : casque, gants, bidons, veste coupe-vent\/pluie, lumi\u00e8res avant\/arri\u00e8re, batterie externe pour GPS\/t\u00e9l\u00e9phone.<\/p><\/li><\/ul><h3 data-start=\"1360\" data-end=\"1398\">Location, assistance et services<\/h3><p data-start=\"1399\" data-end=\"1481\">Pour ceux qui ne poss\u00e8dent pas de v\u00e9lo adapt\u00e9, de nombreuses agences proposent :<\/p><ul data-start=\"1482\" data-end=\"1729\"><li data-start=\"1482\" data-end=\"1548\"><p data-start=\"1484\" data-end=\"1548\"><strong data-start=\"1484\" data-end=\"1505\">Location de v\u00e9los<\/strong> classiques, \u00e9lectriques ou pour enfants.<\/p><\/li><li data-start=\"1549\" data-end=\"1612\"><p data-start=\"1551\" data-end=\"1612\"><strong data-start=\"1551\" data-end=\"1574\">Accessoires famille<\/strong> : remorques, si\u00e8ges b\u00e9b\u00e9s, tandems.<\/p><\/li><li data-start=\"1613\" data-end=\"1729\"><p data-start=\"1615\" data-end=\"1729\"><strong data-start=\"1615\" data-end=\"1643\">Assistance et r\u00e9paration<\/strong> : ateliers mobiles ou partenaires \u201cAccueil V\u00e9lo\u201d disponibles tout au long du trac\u00e9.<\/p><\/li><\/ul><p data-start=\"1731\" data-end=\"2002\">Le label <strong data-start=\"1740\" data-end=\"1756\">Accueil V\u00e9lo<\/strong> garantit des services adapt\u00e9s aux cyclistes : parking s\u00e9curis\u00e9, petit-d\u00e9jeuner t\u00f4t, kits de r\u00e9paration, infos sur l\u2019itin\u00e9raire. Des centaines d\u2019h\u00e9bergements, restaurants et offices de tourisme affichent ce label le long de <strong data-start=\"1980\" data-end=\"1999\">La Loire \u00e0 v\u00e9lo<\/strong>.<\/p><h3 data-start=\"2004\" data-end=\"2028\">Bagages et confort<\/h3><p data-start=\"2029\" data-end=\"2414\">L\u2019un des grands atouts de <strong data-start=\"2055\" data-end=\"2074\">La Loire \u00e0 v\u00e9lo<\/strong> est la possibilit\u00e9 de voyager l\u00e9ger gr\u00e2ce aux services de <strong data-start=\"2133\" data-end=\"2157\">transfert de bagages<\/strong>. Plusieurs entreprises transportent les valises d\u2019une \u00e9tape \u00e0 l\u2019autre, permettant de rouler uniquement avec le strict n\u00e9cessaire.<br data-start=\"2287\" data-end=\"2290\" \/>Ce service, tr\u00e8s appr\u00e9ci\u00e9 des familles et des voyageurs en vacances, est disponible sur la quasi-totalit\u00e9 de l\u2019itin\u00e9raire.<\/p><h3 data-start=\"2416\" data-end=\"2465\">Conseils pratiques pour pr\u00e9parer son voyage<\/h3><ul data-start=\"2466\" data-end=\"2854\"><li data-start=\"2466\" data-end=\"2537\"><p data-start=\"2468\" data-end=\"2537\"><strong data-start=\"2468\" data-end=\"2492\">Planifier \u00e0 l\u2019avance<\/strong> les h\u00e9bergements, surtout en haute saison.<\/p><\/li><li data-start=\"2538\" data-end=\"2601\"><p data-start=\"2540\" data-end=\"2601\"><strong data-start=\"2540\" data-end=\"2569\">V\u00e9rifier les horaires TER<\/strong> si l\u2019on combine train + v\u00e9lo.<\/p><\/li><li data-start=\"2602\" data-end=\"2684\"><p data-start=\"2604\" data-end=\"2684\"><strong data-start=\"2604\" data-end=\"2632\">T\u00e9l\u00e9charger la carte GPX<\/strong> et installer une application de suivi hors ligne.<\/p><\/li><li data-start=\"2685\" data-end=\"2766\"><p data-start=\"2687\" data-end=\"2766\"><strong data-start=\"2687\" data-end=\"2709\">Anticiper la m\u00e9t\u00e9o<\/strong> (pluie, vent, crues) pour ajuster l\u2019\u00e9tape quotidienne.<\/p><\/li><li data-start=\"2767\" data-end=\"2854\"><p data-start=\"2769\" data-end=\"2854\">Pr\u00e9voir des <strong data-start=\"2781\" data-end=\"2802\">pauses gourmandes<\/strong> : march\u00e9s, caves et guinguettes en bord de Loire.<\/p><\/li><\/ul><article class=\"text-token-text-primary w-full focus:outline-none scroll-mt-[calc(var(--header-height)+min(200px,max(70px,20svh)))]\" dir=\"auto\" tabindex=\"-1\" data-turn-id=\"request-68a7414e-f410-8328-bf3f-2ec530a99e11-2\" data-testid=\"conversation-turn-30\" data-scroll-anchor=\"false\" data-turn=\"assistant\"><div class=\"text-base my-auto mx-auto [--thread-content-margin:--spacing(4)] @[37rem]:[--thread-content-margin:--spacing(6)] @[72rem]:[--thread-content-margin:--spacing(16)] px-(--thread-content-margin)\"><div class=\"[--thread-content-max-width:32rem] @[34rem]:[--thread-content-max-width:40rem] @[64rem]:[--thread-content-max-width:48rem] mx-auto max-w-(--thread-content-max-width) flex-1 group\/turn-messages focus-visible:outline-hidden relative flex w-full min-w-0 flex-col agent-turn\" tabindex=\"-1\"><div class=\"flex max-w-full flex-col grow\"><div class=\"min-h-8 text-message relative flex w-full flex-col items-end gap-2 text-start break-words whitespace-normal [.text-message+&amp;]:mt-5\" dir=\"auto\" data-message-author-role=\"assistant\" data-message-id=\"69027da9-a9fa-46e9-a6ef-b7dcd0eaf6ab\" data-message-model-slug=\"gpt-5\"><div class=\"flex w-full flex-col gap-1 empty:hidden first:pt-[3px]\"><div class=\"markdown prose dark:prose-invert w-full break-words light markdown-new-styling\"><h2 data-start=\"148\" data-end=\"190\">Foire Aux Questions \u2013 La Loire \u00e0 v\u00e9lo<\/h2><h3 data-start=\"192\" data-end=\"251\">Combien de jours faut-il pour faire La Loire \u00e0 v\u00e9lo ?<\/h3><p data-start=\"252\" data-end=\"522\">Tout d\u00e9pend du rythme et des objectifs. En moyenne, un cycliste r\u00e9gulier met <strong data-start=\"329\" data-end=\"346\">10 \u00e0 12 jours<\/strong> pour parcourir la totalit\u00e9 de l\u2019itin\u00e9raire. Les familles ou d\u00e9butants peuvent pr\u00e9voir <strong data-start=\"433\" data-end=\"451\">2 \u00e0 3 semaines<\/strong>, tandis que les sportifs peuvent le r\u00e9aliser en moins d\u2019une semaine.<\/p><h3 data-start=\"529\" data-end=\"585\">Quelle est la distance exacte de La Loire \u00e0 v\u00e9lo ?<\/h3><p data-start=\"586\" data-end=\"867\">La distance officielle est d\u2019environ <strong data-start=\"623\" data-end=\"633\">900 km<\/strong>, entre <strong data-start=\"641\" data-end=\"650\">Cuffy<\/strong> (pr\u00e8s de Nevers) et <strong data-start=\"671\" data-end=\"696\">Saint-Brevin-les-Pins<\/strong> (Atlantique). Elle se compose de <strong data-start=\"730\" data-end=\"750\">630 km lin\u00e9aires<\/strong> et de <strong data-start=\"757\" data-end=\"780\">270 km de variantes<\/strong>. Certaines sources indiquent 800 km, mais ce chiffre exclut les boucles secondaires.<\/p><h3 data-start=\"874\" data-end=\"915\">Quand partir pour La Loire \u00e0 v\u00e9lo ?<\/h3><p data-start=\"916\" data-end=\"1208\">La meilleure p\u00e9riode va de <strong data-start=\"943\" data-end=\"962\">mai \u00e0 septembre<\/strong>. Mai-juin et septembre sont id\u00e9aux pour \u00e9viter l\u2019affluence, tandis que juillet-ao\u00fbt offrent les journ\u00e9es les plus longues mais aussi les plus fr\u00e9quent\u00e9es. Hors saison, certaines sections restent praticables mais avec moins de services ouverts.<\/p><h3 data-start=\"1215\" data-end=\"1263\">Peut-on faire La Loire \u00e0 v\u00e9lo en famille ?<\/h3><p data-start=\"1264\" data-end=\"1551\">Oui ! C\u2019est l\u2019un des itin\u00e9raires les plus <strong data-start=\"1306\" data-end=\"1326\">famille-friendly<\/strong> de France. Le parcours est plat, bien balis\u00e9 et comporte de nombreuses voies vertes s\u00e9curis\u00e9es. Des services adapt\u00e9s (remorques, v\u00e9los suiveurs, h\u00e9bergements labellis\u00e9s <strong data-start=\"1496\" data-end=\"1512\">Accueil V\u00e9lo<\/strong>) facilitent grandement l\u2019exp\u00e9rience.<\/p><h3 data-start=\"1558\" data-end=\"1606\">Peut-on embarquer son v\u00e9lo dans le train ?<\/h3><p data-start=\"1607\" data-end=\"1867\">Oui. Le <strong data-start=\"1615\" data-end=\"1642\">Train Loire \u00e0 V\u00e9lo 2025<\/strong> circule du 1er mai au 28 septembre entre Orl\u00e9ans et Nantes, avec une capacit\u00e9 importante pour les v\u00e9los. Les <strong data-start=\"1752\" data-end=\"1764\">TER R\u00e9mi<\/strong> acceptent les v\u00e9los toute l\u2019ann\u00e9e, mais les places sont limit\u00e9es (15\u201320 v\u00e9los par train en g\u00e9n\u00e9ral).<\/p><h3 data-start=\"1874\" data-end=\"1938\">Quel est le meilleur sens pour parcourir La Loire \u00e0 v\u00e9lo ?<\/h3><p data-start=\"1939\" data-end=\"2187\">La majorit\u00e9 des cyclistes choisissent de rouler <strong data-start=\"1987\" data-end=\"2005\">d\u2019est en ouest<\/strong>, de Nevers \u00e0 l\u2019Atlantique, afin de profiter des <strong data-start=\"2054\" data-end=\"2084\">vents dominants favorables<\/strong> et de l\u2019arriv\u00e9e symbolique face \u00e0 l\u2019oc\u00e9an. Toutefois, le parcours reste agr\u00e9able dans les deux sens.<\/p><h3 data-start=\"2194\" data-end=\"2241\">Quelles \u00e9tapes choisir pour un week-end ?<\/h3><p data-start=\"2242\" data-end=\"2295\">Pour une courte escapade, deux options populaires :<\/p><ul data-start=\"2296\" data-end=\"2518\"><li data-start=\"2296\" data-end=\"2395\"><p data-start=\"2298\" data-end=\"2395\"><strong data-start=\"2298\" data-end=\"2325\">Blois \u2013 Amboise \u2013 Tours<\/strong> : 2 \u00e0 3 jours avec les ch\u00e2teaux de Chambord, Amboise et Chenonceau.<\/p><\/li><li data-start=\"2396\" data-end=\"2518\"><p data-start=\"2398\" data-end=\"2518\"><strong data-start=\"2398\" data-end=\"2443\">Saumur \u2013 Montsoreau \u2013 Candes-Saint-Martin<\/strong> : une \u00e9tape plus courte mais pleine de charme, id\u00e9ale pour les familles.<\/p><\/li><\/ul><h3 data-start=\"2525\" data-end=\"2568\">O\u00f9 loger le long de La Loire \u00e0 v\u00e9lo ?<\/h3><p data-start=\"2569\" data-end=\"2880\">Le choix est large : campings, chambres d\u2019h\u00f4tes, h\u00f4tels, g\u00eetes et h\u00e9bergements insolites. Le label <strong data-start=\"2668\" data-end=\"2684\">Accueil V\u00e9lo<\/strong> garantit un accueil adapt\u00e9 aux cyclistes (garage \u00e0 v\u00e9lo, infos itin\u00e9raires, petit-d\u00e9jeuner t\u00f4t). En \u00e9t\u00e9, il est conseill\u00e9 de <strong data-start=\"2810\" data-end=\"2848\">r\u00e9server plusieurs mois \u00e0 l\u2019avance<\/strong>, surtout autour des ch\u00e2teaux.<\/p><h3 data-start=\"2887\" data-end=\"2940\">Peut-on parcourir La Loire \u00e0 v\u00e9lo avec un VAE ?<\/h3><p data-start=\"2941\" data-end=\"3184\">Oui. De nombreux loueurs proposent des <strong data-start=\"2980\" data-end=\"3001\">v\u00e9los \u00e9lectriques<\/strong>. Les h\u00e9bergements labellis\u00e9s disposent souvent de bornes de recharge. C\u2019est une excellente option pour les familles ou ceux qui veulent profiter des visites sans fatigue excessive.<\/p><h3 data-start=\"3191\" data-end=\"3248\">Peut-on traverser le pont de Saint-Nazaire \u00e0 v\u00e9lo ?<\/h3><p data-start=\"3249\" data-end=\"3481\">Oui, la travers\u00e9e est autoris\u00e9e et une <strong data-start=\"3288\" data-end=\"3315\">piste cyclable prot\u00e9g\u00e9e<\/strong> existe. Toutefois, le vent et la hauteur du pont peuvent impressionner. Certains cyclistes pr\u00e9f\u00e8rent utiliser les <strong data-start=\"3430\" data-end=\"3447\">navettes v\u00e9lo<\/strong> mises en place en haute saison.<\/p><h2 data-start=\"67\" data-end=\"82\">Conclusion<\/h2><p data-start=\"84\" data-end=\"589\">Parcourir <strong data-start=\"94\" data-end=\"113\">La Loire \u00e0 v\u00e9lo<\/strong>, c\u2019est vivre une aventure unique alliant <strong data-start=\"155\" data-end=\"188\">patrimoine, nature et culture<\/strong>. Accessible \u00e0 tous, cet itin\u00e9raire de pr\u00e8s de <strong data-start=\"235\" data-end=\"245\">900 km<\/strong> offre une diversit\u00e9 rare : ch\u00e2teaux de la Renaissance, vignobles prestigieux, villages de charme et paysages fluviaux class\u00e9s \u00e0 l\u2019UNESCO. Gr\u00e2ce \u00e0 ses <strong data-start=\"396\" data-end=\"421\">services Accueil V\u00e9lo<\/strong>, son <strong data-start=\"427\" data-end=\"447\">balisage continu<\/strong> et la possibilit\u00e9 de combiner le voyage avec le <strong data-start=\"496\" data-end=\"518\">Train Loire \u00e0 V\u00e9lo<\/strong>, il s\u2019adapte aussi bien aux familles qu\u2019aux cyclotouristes aguerris.<\/p><p data-start=\"591\" data-end=\"959\">Que vous choisissiez un <strong data-start=\"615\" data-end=\"641\">week-end de d\u00e9couverte<\/strong> entre Blois et Amboise, une <strong data-start=\"670\" data-end=\"691\">semaine immersive<\/strong> de Sancerre \u00e0 Tours, ou l\u2019aventure compl\u00e8te jusqu\u2019\u00e0 l\u2019Atlantique, <strong data-start=\"758\" data-end=\"777\">La Loire \u00e0 v\u00e9lo<\/strong> garantit des souvenirs m\u00e9morables. Il suffit de bien pr\u00e9parer son itin\u00e9rance, de planifier ses h\u00e9bergements et de garder l\u2019esprit ouvert aux rencontres et aux d\u00e9couvertes locales.<\/p><p data-start=\"961\" data-end=\"1068\">Alors, qu\u2019attendez-vous pour enfourcher votre v\u00e9lo et vous laisser porter par le rythme du fleuve royal ?<\/p><p data-start=\"961\" data-end=\"1068\">Pour en savoir plus, <a href=\"https:\/\/www.loireavelo.fr\/\" target=\"_blank\" rel=\"noopener\">c&#8217;est par ici!<\/a><\/p><\/div><\/div><\/div><\/div><\/div><\/div><\/article>\t\t\t\t\t\t\t\t<\/div>\n\t\t\t\t\t<\/div>\n\t\t\t\t<\/div>\n\t\t<aside class=\"elementor-element elementor-element-ca00f0f e-flex e-con-boxed e-con e-parent\" data-id=\"ca00f0f\" data-element_type=\"container\" data-e-type=\"container\">\n\t\t\t\t\t<div class=\"e-con-inner\">\n\t\t\t\t<div class=\"elementor-element elementor-element-3a670a1 elementor-widget elementor-widget-listeo-posts-grid\" data-id=\"3a670a1\" data-element_type=\"widget\" data-e-type=\"widget\" data-widget_type=\"listeo-posts-grid.default\">\n\t\t\t\t<div class=\"elementor-widget-container\">\n\t\t\t\t\t\t\t\n\t\t<div class=\"listeo-post-grid-wrapper\">\n\t\t\t<div class=\"row\">\n\n\t\t\t\n\n\t\t\t\t\t\t\t<div class=\"col-md-4\">\n                <a href=\"https:\/\/cparici.com\/en\/chateau-d-angers\/\" class=\"blog-compact-item-container\">\n                    <div class=\"blog-compact-item\">\n                        <img decoding=\"async\" width=\"577\" height=\"203\" src=\"https:\/\/cparici.com\/wp-content\/uploads\/2024\/07\/chateau-dangers.jpg\" class=\"attachment-listeo-blog-related-post size-listeo-blog-related-post wp-post-image\" alt=\"chateau d&#039;angers\" srcset=\"https:\/\/cparici.com\/wp-content\/uploads\/2024\/07\/chateau-dangers.jpg 1510w, https:\/\/cparici.com\/wp-content\/uploads\/2024\/07\/chateau-dangers-600x211.jpg 600w, https:\/\/cparici.com\/wp-content\/uploads\/2024\/07\/chateau-dangers-300x105.jpg 300w, https:\/\/cparici.com\/wp-content\/uploads\/2024\/07\/chateau-dangers-1024x360.jpg 1024w, https:\/\/cparici.com\/wp-content\/uploads\/2024\/07\/chateau-dangers-768x270.jpg 768w\" sizes=\"(max-width: 577px) 100vw, 577px\" \/><span class=\"blog-item-tag\">Angers<\/span>                        \n                        <div class=\"blog-compact-item-content\">\n                                                        <h3>Chateau d&#8217;Angers : Voyage au C\u0153ur de l&#8217;Histoire M\u00e9di\u00e9vale<\/h3>\n                                                        <p>D\u00e9couvrez le Ch\u00e2teau d'Angers, son histoire fascinante, son architecture m\u00e9di\u00e9vale, et pr\u00e9parez votre visite avec...                            <\/p>\n                                                    <\/div>\n                    <\/div>\n                <\/a>\n            <\/div>\n\t\t\t<div class=\"col-md-4\">\n                <a href=\"https:\/\/cparici.com\/en\/yeu-continent-traversee\/\" class=\"blog-compact-item-container\">\n                    <div class=\"blog-compact-item\">\n                        <img decoding=\"async\" width=\"577\" height=\"216\" src=\"https:\/\/cparici.com\/wp-content\/uploads\/2024\/07\/yeu-continent.jpg\" class=\"attachment-listeo-blog-related-post size-listeo-blog-related-post wp-post-image\" alt=\"Yeu continent travers\u00e9e en bateau\" srcset=\"https:\/\/cparici.com\/wp-content\/uploads\/2024\/07\/yeu-continent.jpg 1420w, https:\/\/cparici.com\/wp-content\/uploads\/2024\/07\/yeu-continent-600x225.jpg 600w, https:\/\/cparici.com\/wp-content\/uploads\/2024\/07\/yeu-continent-300x112.jpg 300w, https:\/\/cparici.com\/wp-content\/uploads\/2024\/07\/yeu-continent-1024x384.jpg 1024w, https:\/\/cparici.com\/wp-content\/uploads\/2024\/07\/yeu-continent-768x288.jpg 768w\" sizes=\"(max-width: 577px) 100vw, 577px\" \/><span class=\"blog-item-tag\">France<\/span>                        \n                        <div class=\"blog-compact-item-content\">\n                                                        <h3>Yeu continent &#8211; travers\u00e9e vers l&#8217;\u00eele en Vend\u00e9e<\/h3>\n                                                        <p>D\u00e9couvrez notre guide complet sur la travers\u00e9e du continent vers l'\u00cele d'Yeu, incluant les compagnies...                            <\/p>\n                                                    <\/div>\n                    <\/div>\n                <\/a>\n            <\/div>\n\t\t\t<div class=\"col-md-4\">\n                <a href=\"https:\/\/cparici.com\/en\/gateau-nantais\/\" class=\"blog-compact-item-container\">\n                    <div class=\"blog-compact-item\">\n                        <img decoding=\"async\" width=\"577\" height=\"168\" src=\"https:\/\/cparici.com\/wp-content\/uploads\/2024\/06\/gateau-nantais.jpg\" class=\"attachment-listeo-blog-related-post size-listeo-blog-related-post wp-post-image\" alt=\"gateau nantais\" srcset=\"https:\/\/cparici.com\/wp-content\/uploads\/2024\/06\/gateau-nantais.jpg 1500w, https:\/\/cparici.com\/wp-content\/uploads\/2024\/06\/gateau-nantais-600x175.jpg 600w, https:\/\/cparici.com\/wp-content\/uploads\/2024\/06\/gateau-nantais-300x88.jpg 300w, https:\/\/cparici.com\/wp-content\/uploads\/2024\/06\/gateau-nantais-1024x299.jpg 1024w, https:\/\/cparici.com\/wp-content\/uploads\/2024\/06\/gateau-nantais-768x224.jpg 768w\" sizes=\"(max-width: 577px) 100vw, 577px\" \/><span class=\"blog-item-tag\">France<\/span>                        \n                        <div class=\"blog-compact-item-content\">\n                                                        <h3>Gateau Nantais : Recette Traditionnelle et Meilleures Adresses<\/h3>\n                                                        <p>D\u00e9couvrez le d\u00e9licieux g\u00e2teau nantais, sa recette traditionnelle, ses variations modernes, et les meilleures adresses...                            <\/p>\n                                                    <\/div>\n                    <\/div>\n                <\/a>\n            <\/div>\n  <\/div>\n        <\/div>\n        \t\t\t\t<\/div>\n\t\t\t\t<\/div>\n\t\t\t\t\t<\/div>\n\t\t\t\t<\/aside>\n\t\t<div class=\"elementor-element elementor-element-57aa2e6c e-flex e-con-boxed e-con e-parent\" data-id=\"57aa2e6c\" data-element_type=\"container\" data-e-type=\"container\">\n\t\t\t\t\t<div class=\"e-con-inner\">\n\t\t<div class=\"elementor-element elementor-element-417eb66e e-con-full e-flex e-con e-child\" data-id=\"417eb66e\" data-element_type=\"container\" data-e-type=\"container\">\n\t\t\t\t<div class=\"elementor-element elementor-element-4988838 elementor-widget elementor-widget-text-editor\" data-id=\"4988838\" data-element_type=\"widget\" data-e-type=\"widget\" data-widget_type=\"text-editor.default\">\n\t\t\t\t\t\t\t\t\t<p>Cet article a \u00e9t\u00e9 r\u00e9dig\u00e9 par Alex Arts,\u00a0<a href=\"https:\/\/alexantoine-photos.weebly.com\/\" target=\"_blank\" rel=\"noopener\">photographe<\/a>,\u00a0<a href=\"https:\/\/www.linkedin.com\/in\/alex-b-arts\/\" target=\"_blank\" rel=\"noopener\">cr\u00e9ateur de contenu<\/a>, et <a href=\"https:\/\/www.google.com\/maps\/contrib\/100986619723712834113\/reviews\/@45.8933481,-4.1449199,6z\/data=!4m3!8m2!3m1!1e1?entry=ttu&amp;g_ep=EgoyMDI1MTIwOS4wIKXMDSoKLDEwMDc5MjA2OUgBUAM%3D\" target=\"_blank\" rel=\"noopener\">guide local de niveau 6 sur Google Maps<\/a><\/p>\t\t\t\t\t\t\t\t<\/div>\n\t\t\t\t<div class=\"elementor-element elementor-element-68aa35b8 elementor-widget elementor-widget-author-box\" data-id=\"68aa35b8\" data-element_type=\"widget\" data-e-type=\"widget\" data-widget_type=\"author-box.default\">\n\t\t\t\t\t\t\t<div class=\"elementor-author-box\">\n\t\t\t\t\t\t\t<a href=\"https:\/\/www.linkedin.com\/in\/alex-b-arts\/\" class=\"elementor-author-box__avatar\" target=\"_blank\" rel=\"noopener\">\n\t\t\t\t\t<img decoding=\"async\" src=\"https:\/\/cparici.com\/wp-content\/uploads\/2024\/09\/photo-alex-arts-300x300.jpeg\" alt=\"Picture of Alex Arts\" loading=\"lazy\">\n\t\t\t\t<\/a>\n\t\t\t\n\t\t\t<div class=\"elementor-author-box__text\">\n\t\t\t\t\t\t\t\t\t<a href=\"https:\/\/www.linkedin.com\/in\/alex-b-arts\/\" target=\"_blank\" rel=\"noopener\">\n\t\t\t\t\t\t<h4 class=\"elementor-author-box__name\">\n\t\t\t\t\t\t\tAlex Arts\t\t\t\t\t\t<\/h4>\n\t\t\t\t\t<\/a>\n\t\t\t\t\n\t\t\t\t\t\t\t\t\t<div class=\"elementor-author-box__bio\">\n\t\t\t\t\t\t<p>Photographe, cr\u00e9ateur de contenu et local guide<\/p>\n\t\t\t\t\t<\/div>\n\t\t\t\t\n\t\t\t\t\t\t\t<\/div>\n\t\t<\/div>\n\t\t\t\t\t\t<\/div>\n\t\t\t\t<\/div>\n\t\t\t\t\t<\/div>\n\t\t\t\t<\/div>\n\t\t\t\t<\/div>\n\t\t","protected":false},"excerpt":{"rendered":"<p>Recherches populaires Categories Pas de r\u00e9sultats Voir tous les r\u00e9sultats La Loire \u00e0 v\u00e9lo : guide 2026 Parcourir La Loire \u00e0 v\u00e9lo, c\u2019est emprunter l\u2019un des itin\u00e9raires cyclables les plus embl\u00e9matiques d\u2019Europe. Long de pr\u00e8s de 900 km, ce parcours suit le cours majestueux du fleuve depuis Cuffy, pr\u00e8s de Nevers, jusqu\u2019\u00e0 l\u2019Atlantique \u00e0 Saint-Br\u00e9vin-les-Pins. [&hellip;]<\/p>\n","protected":false},"author":97,"featured_media":69401,"comment_status":"closed","ping_status":"closed","sticky":false,"template":"","format":"standard","meta":{"ngg_post_thumbnail":0,"footnotes":""},"categories":[2779,2693,477,954],"tags":[],"class_list":["post-69395","post","type-post","status-publish","format-standard","has-post-thumbnail","hentry","category-val-de-loire","category-cyclisme","category-france","category-pays-de-la-loire"],"_links":{"self":[{"href":"https:\/\/cparici.com\/en\/wp-json\/wp\/v2\/posts\/69395","targetHints":{"allow":["GET"]}}],"collection":[{"href":"https:\/\/cparici.com\/en\/wp-json\/wp\/v2\/posts"}],"about":[{"href":"https:\/\/cparici.com\/en\/wp-json\/wp\/v2\/types\/post"}],"author":[{"embeddable":true,"href":"https:\/\/cparici.com\/en\/wp-json\/wp\/v2\/users\/97"}],"replies":[{"embeddable":true,"href":"https:\/\/cparici.com\/en\/wp-json\/wp\/v2\/comments?post=69395"}],"version-history":[{"count":2,"href":"https:\/\/cparici.com\/en\/wp-json\/wp\/v2\/posts\/69395\/revisions"}],"predecessor-version":[{"id":82447,"href":"https:\/\/cparici.com\/en\/wp-json\/wp\/v2\/posts\/69395\/revisions\/82447"}],"wp:featuredmedia":[{"embeddable":true,"href":"https:\/\/cparici.com\/en\/wp-json\/wp\/v2\/media\/69401"}],"wp:attachment":[{"href":"https:\/\/cparici.com\/en\/wp-json\/wp\/v2\/media?parent=69395"}],"wp:term":[{"taxonomy":"category","embeddable":true,"href":"https:\/\/cparici.com\/en\/wp-json\/wp\/v2\/categories?post=69395"},{"taxonomy":"post_tag","embeddable":true,"href":"https:\/\/cparici.com\/en\/wp-json\/wp\/v2\/tags?post=69395"}],"curies":[{"name":"wp","href":"https:\/\/api.w.org\/{rel}","templated":true}]}}