{"id":69433,"date":"2025-08-24T08:34:47","date_gmt":"2025-08-24T06:34:47","guid":{"rendered":"https:\/\/cparici.com\/?p=69433"},"modified":"2026-04-26T21:45:41","modified_gmt":"2026-04-26T19:45:41","slug":"frejus","status":"publish","type":"post","link":"https:\/\/cparici.com\/en\/frejus\/","title":{"rendered":"Fr\u00e9jus: complete guide to the Roman city"},"content":{"rendered":"\t\t<div data-elementor-type=\"wp-post\" data-elementor-id=\"69433\" class=\"elementor elementor-69433\" data-elementor-post-type=\"post\">\n\t\t\t\t<div class=\"elementor-element elementor-element-695b1bd e-con-full e-flex e-con e-parent\" data-id=\"695b1bd\" data-element_type=\"container\" data-e-type=\"container\">\n\t\t\t\t<div class=\"elementor-element elementor-element-2ec53a8 elementor-widget elementor-widget-image\" data-id=\"2ec53a8\" data-element_type=\"widget\" data-e-type=\"widget\" data-widget_type=\"image.default\">\n\t\t\t\t\t\t\t\t\t\t\t\t\t\t\t<img decoding=\"async\" width=\"1500\" height=\"530\" src=\"https:\/\/cparici.com\/wp-content\/uploads\/2025\/08\/cparici-2025-08-22T130316.775.jpg\" class=\"attachment-full size-full wp-image-69460\" alt=\"Fr\u00e9jus\" srcset=\"https:\/\/cparici.com\/wp-content\/uploads\/2025\/08\/cparici-2025-08-22T130316.775.jpg 1500w, https:\/\/cparici.com\/wp-content\/uploads\/2025\/08\/cparici-2025-08-22T130316.775-300x106.jpg 300w, https:\/\/cparici.com\/wp-content\/uploads\/2025\/08\/cparici-2025-08-22T130316.775-1024x362.jpg 1024w, https:\/\/cparici.com\/wp-content\/uploads\/2025\/08\/cparici-2025-08-22T130316.775-768x271.jpg 768w, https:\/\/cparici.com\/wp-content\/uploads\/2025\/08\/cparici-2025-08-22T130316.775-18x6.jpg 18w, https:\/\/cparici.com\/wp-content\/uploads\/2025\/08\/cparici-2025-08-22T130316.775-590x208.jpg 590w, https:\/\/cparici.com\/wp-content\/uploads\/2025\/08\/cparici-2025-08-22T130316.775-1200x424.jpg 1200w, https:\/\/cparici.com\/wp-content\/uploads\/2025\/08\/cparici-2025-08-22T130316.775-577x204.jpg 577w, https:\/\/cparici.com\/wp-content\/uploads\/2025\/08\/cparici-2025-08-22T130316.775-600x212.jpg 600w\" sizes=\"(max-width: 1500px) 100vw, 1500px\" \/>\t\t\t\t\t\t\t\t\t\t\t\t\t\t\t<\/div>\n\t\t\t\t<\/div>\n\t\t<aside class=\"elementor-element elementor-element-e73ff1d e-flex e-con-boxed e-con e-parent\" data-id=\"e73ff1d\" data-element_type=\"container\" data-e-type=\"container\">\n\t\t\t\t\t<div class=\"e-con-inner\">\n\t\t\t\t<div class=\"elementor-element elementor-element-6d42e11 elementor-widget elementor-widget-global elementor-global-62046 elementor-widget-eael-advanced-search\" data-id=\"6d42e11\" data-element_type=\"widget\" data-e-type=\"widget\" data-widget_type=\"eael-advanced-search.default\">\n\t\t\t\t\t        <div class=\"eael-adv-search-wrapper\">\n            <div id=\"eael-advanced-search-widget-6d42e11\" class=\"eael-advanced-search-widget\">\n                <form data-settings=\"{&quot;post_per_page&quot;:5,&quot;search_among_taxonomies&quot;:&quot;&quot;,&quot;search_among_sku&quot;:&quot;no&quot;,&quot;show_popular_keyword&quot;:0,&quot;show_category&quot;:0,&quot;show_content_image&quot;:1,&quot;show_search_result_all_results&quot;:0,&quot;result_on_new_tab&quot;:&quot;no&quot;,&quot;show_product_price&quot;:&quot;no&quot;,&quot;include_current_page&quot;:&quot;no&quot;,&quot;current_post_id&quot;:69433,&quot;post_type&quot;:[&quot;post&quot;,&quot;listing&quot;]}\" method=\"POST\" name=\"eael-advanced-search-form-6d42e11\" class=\"eael-advanced-search-form eael-advanced-search-form-style-2\">\n                    <div class=\"eael-advanced-search-wrap\">\n                        <span class=\"eael-adv-search-loader\"><\/span>\n                        <span class=\"eael-adv-search-close\"><i class=\"fas fa-times\"><\/i><\/span>\n                        <span class=\"icon \"><i class=\"fas fa-search\"><\/i><\/span>\n\n                        <input type=\"text\"\n                               placeholder=\"Votre destination\"\n                               class=\"eael-advanced-search\" autocomplete=\"off\" name=\"eael_advanced_search\">\n                    <\/div>\n\t\t\t\t\t                                    <\/form>\n\n\t\t\t\t\n\t\t\t\t        <div class=\"eael-advanced-search-result\">\n            <div class=\"eael-advanced-search-popular-keyword\">\n\t\t\t\t<h4 class=\"eael-advanced-search-popular-keyword-text\">Recherches populaires<\/h4>                <div class=\"eael-popular-keyword-content\"><\/div>\n            <\/div>\n            <div class=\"eael-advanced-search-category\">\n\t\t\t\t<h4 class=\"eael-advanced-search-category-text\">Categories<\/h4>                <div class=\"eael-popular-category-content\"><\/div>\n            <\/div>\n\t\t\t<div class=\"eael-advanced-search-total-results-section\">\n\t\t\t\t\t\t\t<\/div>\n            <div class=\"eael-advanced-search-content eael-item-style-3\">\n            <\/div>\n            <div class=\"eael-advanced-search-not-found\">\n                <p>Pas de r\u00e9sultats<\/p><\/div>\n            <div class=\"eael-advanced-search-load-more\">\n\t\t\t\t<a \tclass=\"eael-advanced-search-load-more-button\"\n                \thref=\"#\">Voir tous les r\u00e9sultats<\/a>\n            <\/div>\n        <\/div>\n\n\t\t            <\/div>\n        <\/div>\n\n\t\t\t\t\t\t<\/div>\n\t\t\t\t\t<\/div>\n\t\t\t\t<\/aside>\n\t\t<div class=\"elementor-element elementor-element-75289ec9 e-flex e-con-boxed e-con e-parent\" data-id=\"75289ec9\" data-element_type=\"container\" data-e-type=\"container\">\n\t\t\t\t\t<div class=\"e-con-inner\">\n\t\t\t\t<div class=\"elementor-element elementor-element-216ceead elementor-widget elementor-widget-text-editor\" data-id=\"216ceead\" data-element_type=\"widget\" data-e-type=\"widget\" data-widget_type=\"text-editor.default\">\n\t\t\t\t\t\t\t\t\t<h1 style=\"text-align: center;\">Fr\u00e9jus : guide complet pour visiter la cit\u00e9 romaine<\/h1><p data-start=\"606\" data-end=\"1110\"><strong data-start=\"606\" data-end=\"616\">Fr\u00e9jus<\/strong> est une destination unique du sud de la <a href=\"https:\/\/cparici.com\/visiter-la-france-guide-des-regions-et-sites-touristiques\/\">France<\/a>, situ\u00e9e dans le d\u00e9partement du <a href=\"https:\/\/cparici.com\/var-departement\/\">Var<\/a>, en plein c\u0153ur de la C\u00f4te d\u2019Azur. Cette ancienne colonie romaine, fond\u00e9e sous le nom de <em data-start=\"787\" data-end=\"800\">Forum Julii<\/em> par Jules C\u00e9sar, s\u00e9duit autant les amateurs d\u2019histoire que les voyageurs en qu\u00eate de plages ensoleill\u00e9es et de paysages naturels spectaculaires. Entre vestiges antiques, criques sauvages et activit\u00e9s familiales, <strong data-start=\"1013\" data-end=\"1023\">Fr\u00e9jus<\/strong> se distingue comme un point de d\u00e9part id\u00e9al pour explorer les richesses <strong data-start=\"1096\" data-end=\"1107\">du pays<\/strong>.<\/p><p data-start=\"1112\" data-end=\"1509\">Cette cit\u00e9 baln\u00e9aire b\u00e9n\u00e9ficie d\u2019un cadre exceptionnel : d\u2019un c\u00f4t\u00e9, la M\u00e9diterran\u00e9e avec ses longues plages de sable fin, de l\u2019autre, le massif de l\u2019Est\u00e9rel avec ses roches rouges et ses panoramas impressionnants. En son centre, la vieille ville d\u00e9voile des tr\u00e9sors d\u2019architecture romane et gothique, tandis que ses quartiers modernes offrent un large \u00e9ventail d\u2019activit\u00e9s pour petits et grands.<\/p><p data-start=\"1511\" data-end=\"1791\">Dans ce guide complet, nous allons d\u00e9couvrir ensemble les incontournables de <strong data-start=\"1588\" data-end=\"1598\">Fr\u00e9jus<\/strong> : ses monuments romains, ses plages embl\u00e9matiques, ses quartiers anim\u00e9s, ses activit\u00e9s nature et familiales, ainsi que toutes les informations pratiques pour organiser un s\u00e9jour inoubliable.<\/p><h2 data-start=\"70\" data-end=\"97\">Pourquoi choisir Fr\u00e9jus ?<\/h2><h3 data-start=\"99\" data-end=\"148\">Une cit\u00e9 romaine au bord de la M\u00e9diterran\u00e9e<\/h3><p data-start=\"149\" data-end=\"957\"><strong data-start=\"149\" data-end=\"159\">Fr\u00e9jus<\/strong> est avant tout une ville charg\u00e9e d\u2019histoire. Fond\u00e9e sous le nom de <em data-start=\"227\" data-end=\"240\">Forum Julii<\/em> par <strong data-start=\"245\" data-end=\"260\">Jules C\u00e9sar<\/strong> au Ier si\u00e8cle av. J.-C., elle fut l\u2019un des ports militaires les plus importants de la M\u00e9diterran\u00e9e romaine. Aujourd\u2019hui, la cit\u00e9 conserve des <strong data-start=\"403\" data-end=\"438\">monuments antiques remarquables<\/strong> qui t\u00e9moignent de cette \u00e9poque : l\u2019amphith\u00e9\u00e2tre, le th\u00e9\u00e2tre romain, les vestiges de l\u2019aqueduc et les murailles. Ces sites constituent un v\u00e9ritable voyage dans le temps et permettent de comprendre pourquoi <strong data-start=\"644\" data-end=\"654\">Fr\u00e9jus<\/strong> est consid\u00e9r\u00e9e comme l\u2019une des villes les plus riches en patrimoine de la C\u00f4te d\u2019Azur.<br data-start=\"741\" data-end=\"744\" \/>Un autre \u00e9pisode marquant de son histoire est la <strong data-start=\"793\" data-end=\"832\">catastrophe du barrage de Malpasset<\/strong> en 1959, un drame qui a profond\u00e9ment marqu\u00e9 la m\u00e9moire locale et dont les ruines restent visibles \u00e0 proximit\u00e9 de la ville.<\/p><p data-start=\"149\" data-end=\"957\"><a href=\"https:\/\/cparici.com\/wp-content\/uploads\/2025\/08\/cparici-2025-08-24T081609.558.jpg\"><img decoding=\"async\" class=\"aligncenter wp-image-69535 size-full\" src=\"https:\/\/cparici.com\/wp-content\/uploads\/2025\/08\/cparici-2025-08-24T081609.558.jpg\" alt=\"Fr\u00e9jus vue sur la mer\" width=\"1500\" height=\"530\" srcset=\"https:\/\/cparici.com\/wp-content\/uploads\/2025\/08\/cparici-2025-08-24T081609.558.jpg 1500w, https:\/\/cparici.com\/wp-content\/uploads\/2025\/08\/cparici-2025-08-24T081609.558-300x106.jpg 300w, https:\/\/cparici.com\/wp-content\/uploads\/2025\/08\/cparici-2025-08-24T081609.558-1024x362.jpg 1024w, https:\/\/cparici.com\/wp-content\/uploads\/2025\/08\/cparici-2025-08-24T081609.558-768x271.jpg 768w, https:\/\/cparici.com\/wp-content\/uploads\/2025\/08\/cparici-2025-08-24T081609.558-18x6.jpg 18w, https:\/\/cparici.com\/wp-content\/uploads\/2025\/08\/cparici-2025-08-24T081609.558-590x208.jpg 590w, https:\/\/cparici.com\/wp-content\/uploads\/2025\/08\/cparici-2025-08-24T081609.558-1200x424.jpg 1200w, https:\/\/cparici.com\/wp-content\/uploads\/2025\/08\/cparici-2025-08-24T081609.558-577x204.jpg 577w, https:\/\/cparici.com\/wp-content\/uploads\/2025\/08\/cparici-2025-08-24T081609.558-600x212.jpg 600w\" sizes=\"(max-width: 1500px) 100vw, 1500px\" \/><\/a><\/p><h3 data-start=\"959\" data-end=\"1001\">C\u0153ur azur\u00e9en entre Est\u00e9rel et Maures<\/h3><p data-start=\"1002\" data-end=\"1642\">Au-del\u00e0 de son h\u00e9ritage historique, <strong data-start=\"1038\" data-end=\"1048\">Fr\u00e9jus<\/strong> b\u00e9n\u00e9ficie d\u2019un emplacement naturel privil\u00e9gi\u00e9. Bord\u00e9e par la M\u00e9diterran\u00e9e, elle est adoss\u00e9e au spectaculaire <strong data-start=\"1158\" data-end=\"1181\">massif de l\u2019Est\u00e9rel<\/strong>, c\u00e9l\u00e8bre pour ses roches volcaniques rouges et ses panoramas grandioses sur la mer. Le <strong data-start=\"1269\" data-end=\"1286\">Mont Vinaigre<\/strong>, point culminant \u00e0 614 m, est un incontournable pour les amateurs de randonn\u00e9e.<\/p><p data-start=\"1002\" data-end=\"1642\">Vers l\u2019ouest, la ville est \u00e9galement proche du <a href=\"https:\/\/cparici.com\/massif-des-maures\/\"><strong data-start=\"1414\" data-end=\"1435\">massif des Maures<\/strong><\/a>, une autre cha\u00eene de collines verdoyantes qui offrent de belles opportunit\u00e9s de balades. Cette situation g\u00e9ographique unique fait de <strong data-start=\"1569\" data-end=\"1579\">Fr\u00e9jus<\/strong> une destination id\u00e9ale pour combiner mer, nature et culture.<\/p><h3 data-start=\"1644\" data-end=\"1693\">Ambiance famille et activit\u00e9s toute l\u2019ann\u00e9e<\/h3><p data-start=\"1694\" data-end=\"2332\">Contrairement \u00e0 certaines stations baln\u00e9aires purement estivales, <strong data-start=\"1760\" data-end=\"1770\">Fr\u00e9jus<\/strong> vit toute l\u2019ann\u00e9e gr\u00e2ce \u00e0 ses nombreuses infrastructures touristiques et de loisirs. Les familles appr\u00e9cient particuli\u00e8rement son <strong data-start=\"1901\" data-end=\"1913\">Aqualand<\/strong>, l\u2019un des plus grands parcs aquatiques de la r\u00e9gion, son <strong data-start=\"1971\" data-end=\"1984\">Luna Park<\/strong> qui s\u2019anime chaque \u00e9t\u00e9 avec ses man\u00e8ges et attractions, et son <strong data-start=\"2048\" data-end=\"2055\">zoo<\/strong> qui pr\u00e9sente des esp\u00e8ces venues des quatre coins du monde.<\/p><p data-start=\"1694\" data-end=\"2332\">\u00c0 cela s\u2019ajoutent la <strong data-start=\"2136\" data-end=\"2168\">Base Nature Fran\u00e7ois-L\u00e9otard<\/strong>, vaste parc en bord de mer propice aux balades, aux pique-niques et aux activit\u00e9s sportives, ainsi qu\u2019un agenda culturel et festif qui rythme toutes les saisons.<\/p><h2 data-start=\"62\" data-end=\"94\">Les incontournables \u00e0 Fr\u00e9jus<\/h2><h3 data-start=\"96\" data-end=\"132\">Ar\u00e8nes et architecture antique<\/h3><p data-start=\"133\" data-end=\"1030\">Parmi les monuments les plus c\u00e9l\u00e8bres de <strong data-start=\"174\" data-end=\"184\">Fr\u00e9jus<\/strong>, l\u2019amphith\u00e9\u00e2tre romain \u2013 souvent appel\u00e9 <strong data-start=\"225\" data-end=\"245\">ar\u00e8nes de Fr\u00e9jus<\/strong> \u2013 se distingue par son importance historique. Construit au Ier si\u00e8cle, il pouvait accueillir pr\u00e8s de 10 000 spectateurs venus assister aux combats de gladiateurs et aux spectacles populaires de l\u2019\u00e9poque.<\/p><p data-start=\"133\" data-end=\"1030\">Aujourd\u2019hui, il reste un lieu embl\u00e9matique o\u00f9 se d\u00e9roulent encore des concerts et \u00e9v\u00e9nements culturels. \u00c0 quelques pas, le <strong data-start=\"573\" data-end=\"591\">th\u00e9\u00e2tre romain<\/strong> compl\u00e8te cette immersion dans l\u2019Antiquit\u00e9 : plus modeste mais tout aussi fascinant, il permet d\u2019imaginer la vie quotidienne des habitants de <em data-start=\"733\" data-end=\"746\">Forum Julii<\/em>.<br data-start=\"747\" data-end=\"750\" \/>Le patrimoine religieux n\u2019est pas en reste : la <strong data-start=\"798\" data-end=\"825\">cath\u00e9drale Saint-L\u00e9once<\/strong>, avec son clo\u00eetre roman du XIe si\u00e8cle, illustre l\u2019\u00e9volution architecturale de la ville \u00e0 travers les si\u00e8cles. Elle figure parmi les plus beaux \u00e9difices religieux du Var et m\u00e9rite une visite approfondie.<\/p><p data-start=\"133\" data-end=\"1030\"><a href=\"https:\/\/cparici.com\/wp-content\/uploads\/2025\/08\/cparici-2025-08-24T082109.763.jpg\"><img decoding=\"async\" class=\"aligncenter wp-image-69536 size-full\" src=\"https:\/\/cparici.com\/wp-content\/uploads\/2025\/08\/cparici-2025-08-24T082109.763.jpg\" alt=\"Fr\u00e9jus Cath\u00e9drale Sainte L\u00e9once\" width=\"1500\" height=\"530\" srcset=\"https:\/\/cparici.com\/wp-content\/uploads\/2025\/08\/cparici-2025-08-24T082109.763.jpg 1500w, https:\/\/cparici.com\/wp-content\/uploads\/2025\/08\/cparici-2025-08-24T082109.763-300x106.jpg 300w, https:\/\/cparici.com\/wp-content\/uploads\/2025\/08\/cparici-2025-08-24T082109.763-1024x362.jpg 1024w, https:\/\/cparici.com\/wp-content\/uploads\/2025\/08\/cparici-2025-08-24T082109.763-768x271.jpg 768w, https:\/\/cparici.com\/wp-content\/uploads\/2025\/08\/cparici-2025-08-24T082109.763-18x6.jpg 18w, https:\/\/cparici.com\/wp-content\/uploads\/2025\/08\/cparici-2025-08-24T082109.763-590x208.jpg 590w, https:\/\/cparici.com\/wp-content\/uploads\/2025\/08\/cparici-2025-08-24T082109.763-1200x424.jpg 1200w, https:\/\/cparici.com\/wp-content\/uploads\/2025\/08\/cparici-2025-08-24T082109.763-577x204.jpg 577w, https:\/\/cparici.com\/wp-content\/uploads\/2025\/08\/cparici-2025-08-24T082109.763-600x212.jpg 600w\" sizes=\"(max-width: 1500px) 100vw, 1500px\" \/><\/a><\/p><h3 data-start=\"1032\" data-end=\"1066\">Base Nature Fran\u00e7ois-L\u00e9otard<\/h3><p data-start=\"1067\" data-end=\"1742\">Situ\u00e9e en bord de mer, la <strong data-start=\"1093\" data-end=\"1125\">Base Nature Fran\u00e7ois-L\u00e9otard<\/strong> est un immense espace de loisirs qui attire aussi bien les habitants que les touristes. Ce site, install\u00e9 sur une ancienne base militaire, a \u00e9t\u00e9 transform\u00e9 en un vaste parc de 135 hectares. On y trouve une grande plage publique, des aires de jeux, des pistes cyclables, des sentiers de promenade et des terrains de sport.<\/p><p data-start=\"1067\" data-end=\"1742\">Chaque ann\u00e9e, la Base Nature accueille le c\u00e9l\u00e8bre <strong data-start=\"1498\" data-end=\"1512\">Roc d\u2019Azur<\/strong>, l\u2019un des plus grands \u00e9v\u00e9nements de VTT au monde, qui r\u00e9unit des milliers de passionn\u00e9s. C\u2019est aussi un lieu privil\u00e9gi\u00e9 pour profiter d\u2019un pique-nique, admirer le coucher de soleil ou simplement respirer face \u00e0 la M\u00e9diterran\u00e9e.<\/p><h3 data-start=\"1744\" data-end=\"1782\">Malpasset, histoire d\u2019un barrage<\/h3><p data-start=\"1783\" data-end=\"2285\">\u00c0 quelques kilom\u00e8tres au nord de <strong data-start=\"1816\" data-end=\"1826\">Fr\u00e9jus<\/strong> se trouvent les vestiges du <strong data-start=\"1855\" data-end=\"1879\">barrage de Malpasset<\/strong>, tristement c\u00e9l\u00e8bre pour sa rupture en 1959. Cette catastrophe a entra\u00een\u00e9 une inondation meurtri\u00e8re qui a marqu\u00e9 durablement la m\u00e9moire de la r\u00e9gion. Aujourd\u2019hui, les ruines du barrage sont accessibles par un sentier de randonn\u00e9e, offrant une visite \u00e9mouvante et p\u00e9dagogique.<\/p><p data-start=\"1783\" data-end=\"2285\">Au-del\u00e0 de l\u2019histoire tragique, la balade permet aussi de profiter d\u2019un cadre naturel apaisant, au c\u0153ur de la vall\u00e9e du Reyran.<\/p><h3 data-start=\"2287\" data-end=\"2318\">Villa Aur\u00e9lienne & mus\u00e9es<\/h3><p data-start=\"2319\" data-end=\"2860\">Autre site incontournable de <strong data-start=\"2348\" data-end=\"2358\">Fr\u00e9jus<\/strong>, la <strong data-start=\"2363\" data-end=\"2383\">Villa Aur\u00e9lienne<\/strong> est une superbe demeure du XIXe si\u00e8cle entour\u00e9e d\u2019un vaste parc arbor\u00e9. Elle accueille r\u00e9guli\u00e8rement des expositions artistiques et culturelles, offrant une pause \u00e9l\u00e9gante dans un cadre verdoyant. Les amateurs d\u2019histoire pourront \u00e9galement visiter le <strong data-start=\"2635\" data-end=\"2658\">mus\u00e9e arch\u00e9ologique<\/strong>, qui pr\u00e9sente une riche collection d\u2019objets romains, dont la c\u00e9l\u00e8bre mosa\u00efque de la M\u00e9duse.<\/p><p data-start=\"2319\" data-end=\"2860\">Ces lieux compl\u00e8tent parfaitement la d\u00e9couverte de la ville en donnant une vision plus intime de son pass\u00e9.<\/p><h2 data-start=\"88\" data-end=\"119\">Plages et criques de Fr\u00e9jus<\/h2><h3 data-start=\"121\" data-end=\"154\">Fr\u00e9jus-Plage et Port-Fr\u00e9jus<\/h3><p data-start=\"155\" data-end=\"724\">Le littoral de la ville est une v\u00e9ritable invitation \u00e0 la d\u00e9tente. La plage principale, connue sous le nom de <strong data-start=\"267\" data-end=\"283\">Fr\u00e9jus-Plage<\/strong>, s\u2019\u00e9tend sur plusieurs kilom\u00e8tres de sable fin et b\u00e9n\u00e9ficie d\u2019un am\u00e9nagement id\u00e9al pour les familles : surveillance en \u00e9t\u00e9, douches, restaurants et activit\u00e9s nautiques. En longeant la promenade, on arrive \u00e0 <strong data-start=\"491\" data-end=\"506\">Port-Fr\u00e9jus<\/strong>, un quartier moderne construit autour d\u2019une marina anim\u00e9e.<\/p><p data-start=\"155\" data-end=\"724\">C\u2019est l\u2019endroit parfait pour se balader en soir\u00e9e, profiter des terrasses face aux bateaux et d\u00e9couvrir une ambiance conviviale typiquement m\u00e9diterran\u00e9enne.<\/p><h3 data-start=\"726\" data-end=\"772\">Saint-Aygulf et la plage des Esclamandes<\/h3><p data-start=\"773\" data-end=\"1398\">\u00c0 l\u2019est de la ville, le quartier de <strong data-start=\"809\" data-end=\"825\">Saint-Aygulf<\/strong> est r\u00e9put\u00e9 pour sa plage des <strong data-start=\"855\" data-end=\"870\">Esclamandes<\/strong>, l\u2019une des plus grandes du Var. \u00c9tendue et vari\u00e9e, elle propose plusieurs zones adapt\u00e9es \u00e0 diff\u00e9rents publics : un espace familial avec des eaux calmes, une zone sportive pour le kitesurf et le paddle, ainsi qu\u2019un secteur <strong data-start=\"1093\" data-end=\"1107\">handiplage<\/strong> \u00e9quip\u00e9 pour l\u2019accueil des personnes \u00e0 mobilit\u00e9 r\u00e9duite. On y trouve m\u00eame une plage d\u00e9di\u00e9e aux chiens, ce qui en fait un lieu appr\u00e9ci\u00e9 par tous les types de vacanciers.<\/p><p data-start=\"773\" data-end=\"1398\">Entour\u00e9e de pins et de petites dunes, cette plage combine confort et nature pr\u00e9serv\u00e9e, un atout rare sur la C\u00f4te d\u2019Azur.<\/p><h3 data-start=\"1400\" data-end=\"1446\">Criques et nature aux \u00e9tangs de Villepey<\/h3><p data-start=\"1447\" data-end=\"2015\">Pour ceux qui recherchent un cadre plus sauvage, les <strong data-start=\"1500\" data-end=\"1522\">\u00e9tangs de Villepey<\/strong> constituent une r\u00e9serve naturelle exceptionnelle, situ\u00e9e aux portes de <strong data-start=\"1594\" data-end=\"1610\">Saint-Aygulf<\/strong>. Class\u00e9e zone prot\u00e9g\u00e9e, elle abrite une grande vari\u00e9t\u00e9 d\u2019oiseaux migrateurs et une flore typique des zones humides m\u00e9diterran\u00e9ennes. Des passerelles et sentiers permettent de parcourir le site tout en respectant son \u00e9cosyst\u00e8me fragile.<\/p><p data-start=\"1447\" data-end=\"2015\">C\u2019est une alternative id\u00e9ale aux plages plus fr\u00e9quent\u00e9es, o\u00f9 l\u2019on peut \u00e0 la fois se baigner dans de petites criques et observer la richesse de la biodiversit\u00e9 locale.<\/p><h2 data-start=\"75\" data-end=\"111\">Quartiers et ambiances de Fr\u00e9jus<\/h2><h3 data-start=\"113\" data-end=\"134\">C\u0153ur historique<\/h3><p data-start=\"135\" data-end=\"701\">Le <strong data-start=\"138\" data-end=\"169\">centre historique de la ville<\/strong>\u00a0est un v\u00e9ritable voyage dans le temps. Ses ruelles \u00e9troites, bord\u00e9es de maisons color\u00e9es, m\u00e8nent \u00e0 des placettes ombrag\u00e9es o\u00f9 il fait bon fl\u00e2ner. Le monument le plus embl\u00e9matique reste la <strong data-start=\"358\" data-end=\"385\">cath\u00e9drale Saint-L\u00e9once<\/strong>, dont le clo\u00eetre roman est un chef-d\u2019\u0153uvre d\u2019architecture m\u00e9di\u00e9vale. Le quartier abrite \u00e9galement le mus\u00e9e arch\u00e9ologique, la porte des Gaules et d\u2019anciennes fortifications.<\/p><p data-start=\"135\" data-end=\"701\">Visiter le vieux <strong data-start=\"576\" data-end=\"586\">Fr\u00e9jus<\/strong>, c\u2019est plonger dans plus de deux mille ans d\u2019histoire tout en profitant d\u2019une atmosph\u00e8re proven\u00e7ale authentique.<\/p><h3 data-start=\"703\" data-end=\"720\">Port-Fr\u00e9jus<\/h3><p data-start=\"721\" data-end=\"1270\">Construit dans les ann\u00e9es 1980, <strong data-start=\"753\" data-end=\"768\">Port-Fr\u00e9jus<\/strong> est aujourd\u2019hui un quartier moderne et anim\u00e9, organis\u00e9 autour d\u2019une marina. L\u2019endroit attire autant les promeneurs que les amateurs de nautisme. Bord\u00e9 de restaurants, bars et glaciers, c\u2019est l\u2019un des lieux les plus vivants de <strong data-start=\"995\" data-end=\"1005\">Fr\u00e9jus<\/strong> en soir\u00e9e. Les bases nautiques y proposent des activit\u00e9s comme la voile, le paddle ou la plong\u00e9e sous-marine.<\/p><p data-start=\"721\" data-end=\"1270\">Avec ses terrasses au bord de l\u2019eau, Port-Fr\u00e9jus offre une ambiance conviviale et m\u00e9diterran\u00e9enne, id\u00e9ale pour profiter d\u2019un d\u00eener au coucher du soleil.<\/p><p data-start=\"721\" data-end=\"1270\"><a href=\"https:\/\/cparici.com\/wp-content\/uploads\/2025\/08\/cparici-2025-08-24T082454.485.jpg\"><img decoding=\"async\" class=\"aligncenter wp-image-69537 size-full\" src=\"https:\/\/cparici.com\/wp-content\/uploads\/2025\/08\/cparici-2025-08-24T082454.485.jpg\" alt=\"Port-Fr\u00e9jus\" width=\"1500\" height=\"530\" srcset=\"https:\/\/cparici.com\/wp-content\/uploads\/2025\/08\/cparici-2025-08-24T082454.485.jpg 1500w, https:\/\/cparici.com\/wp-content\/uploads\/2025\/08\/cparici-2025-08-24T082454.485-300x106.jpg 300w, https:\/\/cparici.com\/wp-content\/uploads\/2025\/08\/cparici-2025-08-24T082454.485-1024x362.jpg 1024w, https:\/\/cparici.com\/wp-content\/uploads\/2025\/08\/cparici-2025-08-24T082454.485-768x271.jpg 768w, https:\/\/cparici.com\/wp-content\/uploads\/2025\/08\/cparici-2025-08-24T082454.485-18x6.jpg 18w, https:\/\/cparici.com\/wp-content\/uploads\/2025\/08\/cparici-2025-08-24T082454.485-590x208.jpg 590w, https:\/\/cparici.com\/wp-content\/uploads\/2025\/08\/cparici-2025-08-24T082454.485-1200x424.jpg 1200w, https:\/\/cparici.com\/wp-content\/uploads\/2025\/08\/cparici-2025-08-24T082454.485-577x204.jpg 577w, https:\/\/cparici.com\/wp-content\/uploads\/2025\/08\/cparici-2025-08-24T082454.485-600x212.jpg 600w\" sizes=\"(max-width: 1500px) 100vw, 1500px\" \/><\/a><\/p><h3 data-start=\"1272\" data-end=\"1290\">Saint-Aygulf<\/h3><p data-start=\"1291\" data-end=\"1830\">Quartier littoral de <strong data-start=\"1312\" data-end=\"1322\">Fr\u00e9jus<\/strong>, <strong data-start=\"1324\" data-end=\"1340\">Saint-Aygulf<\/strong> combine plages de sable, criques et march\u00e9 proven\u00e7al anim\u00e9. Il est particuli\u00e8rement appr\u00e9ci\u00e9 des familles et des amateurs de nature, notamment gr\u00e2ce \u00e0 sa proximit\u00e9 avec les <strong data-start=\"1514\" data-end=\"1536\">\u00e9tangs de Villepey<\/strong>. Chaque semaine, le march\u00e9 attire visiteurs et habitants qui viennent y d\u00e9couvrir produits locaux, poissons frais et sp\u00e9cialit\u00e9s proven\u00e7ales.<\/p><p data-start=\"1291\" data-end=\"1830\">Saint-Aygulf est aussi un excellent point de d\u00e9part pour longer le <strong data-start=\"1746\" data-end=\"1769\">sentier du littoral<\/strong>, offrant des panoramas spectaculaires sur la M\u00e9diterran\u00e9e.<\/p><h3 data-start=\"1832\" data-end=\"1850\">Tour de Mare<\/h3><p data-start=\"1851\" data-end=\"2327\">Situ\u00e9 en retrait du centre, le quartier de la <strong data-start=\"1897\" data-end=\"1913\">Tour de Mare<\/strong> est plus r\u00e9sidentiel et calme. Il abrite de vastes espaces verts, des sentiers de promenade et plusieurs zones r\u00e9sidentielles arbor\u00e9es. On y trouve \u00e9galement des vestiges historiques et quelques m\u00e9moriaux. Moins fr\u00e9quent\u00e9 par les touristes, ce secteur offre une atmosph\u00e8re reposante, id\u00e9ale pour ceux qui souhaitent d\u00e9couvrir un autre visage de <strong data-start=\"2259\" data-end=\"2269\">Fr\u00e9jus<\/strong>, loin de l\u2019effervescence des plages et du centre-ville.<\/p><h2 data-start=\"69\" data-end=\"101\">Nature & randonn\u00e9es \u00e0 Fr\u00e9jus<\/h2><h3 data-start=\"103\" data-end=\"141\">Est\u00e9rel et Mont Vinaigre (614 m)<\/h3><p data-start=\"142\" data-end=\"798\">Aux portes de <strong data-start=\"156\" data-end=\"166\">Fr\u00e9jus<\/strong> s\u2019\u00e9tend le <strong data-start=\"178\" data-end=\"201\">massif de l\u2019Est\u00e9rel<\/strong>, une cha\u00eene montagneuse volcanique r\u00e9put\u00e9e pour ses roches rouges contrastant avec le bleu intense de la M\u00e9diterran\u00e9e. V\u00e9ritable paradis pour les amateurs de randonn\u00e9e et de VTT, l\u2019Est\u00e9rel offre des sentiers adapt\u00e9s \u00e0 tous les niveaux. Le plus c\u00e9l\u00e8bre est sans doute l\u2019ascension du <strong data-start=\"484\" data-end=\"501\">Mont Vinaigre<\/strong>, qui culmine \u00e0 614 m\u00e8tres.<\/p><p data-start=\"142\" data-end=\"798\">Du sommet, la vue embrasse la baie de Fr\u00e9jus, Saint-Rapha\u00ebl et, par temps clair, jusqu\u2019aux Alpes. Cet espace naturel class\u00e9 est \u00e9galement riche en faune et flore : pins maritimes, ch\u00eanes-li\u00e8ges, cistes et oiseaux migrateurs composent un paysage m\u00e9diterran\u00e9en typique.<\/p><h3 data-start=\"800\" data-end=\"825\">Sentier du littoral<\/h3><p data-start=\"826\" data-end=\"1510\">Pour une exp\u00e9rience plus accessible, le <strong data-start=\"866\" data-end=\"889\">sentier du littoral<\/strong> de <strong data-start=\"893\" data-end=\"903\">Fr\u00e9jus<\/strong> permet de longer la c\u00f4te et de d\u00e9couvrir des criques sauvages, des calanques discr\u00e8tes et des plages cach\u00e9es. Ce parcours, balis\u00e9 et s\u00e9curis\u00e9, est particuli\u00e8rement agr\u00e9able t\u00f4t le matin ou au coucher du soleil, lorsque la lumi\u00e8re met en valeur les contrastes des roches rouges et de la mer turquoise.<\/p><p data-start=\"826\" data-end=\"1510\">En plus de son aspect pittoresque, le sentier traverse des zones prot\u00e9g\u00e9es class\u00e9es Natura 2000, comme les <strong data-start=\"1312\" data-end=\"1334\">\u00e9tangs de Villepey<\/strong>, o\u00f9 il est possible d\u2019observer de nombreuses esp\u00e8ces d\u2019oiseaux. C\u2019est une promenade incontournable pour ceux qui veulent associer d\u00e9tente, sport et observation de la nature.<\/p><figure id=\"attachment_69538\" aria-describedby=\"caption-attachment-69538\" style=\"width: 1500px\" class=\"wp-caption aligncenter\"><a href=\"https:\/\/cparici.com\/wp-content\/uploads\/2025\/08\/cparici-2025-08-24T082805.266.jpg\"><img decoding=\"async\" class=\"wp-image-69538 size-full\" src=\"https:\/\/cparici.com\/wp-content\/uploads\/2025\/08\/cparici-2025-08-24T082805.266.jpg\" alt=\"Fr\u00e9jus \u00e9tangs de Villepey\" width=\"1500\" height=\"530\" srcset=\"https:\/\/cparici.com\/wp-content\/uploads\/2025\/08\/cparici-2025-08-24T082805.266.jpg 1500w, https:\/\/cparici.com\/wp-content\/uploads\/2025\/08\/cparici-2025-08-24T082805.266-300x106.jpg 300w, https:\/\/cparici.com\/wp-content\/uploads\/2025\/08\/cparici-2025-08-24T082805.266-1024x362.jpg 1024w, https:\/\/cparici.com\/wp-content\/uploads\/2025\/08\/cparici-2025-08-24T082805.266-768x271.jpg 768w, https:\/\/cparici.com\/wp-content\/uploads\/2025\/08\/cparici-2025-08-24T082805.266-18x6.jpg 18w, https:\/\/cparici.com\/wp-content\/uploads\/2025\/08\/cparici-2025-08-24T082805.266-590x208.jpg 590w, https:\/\/cparici.com\/wp-content\/uploads\/2025\/08\/cparici-2025-08-24T082805.266-1200x424.jpg 1200w, https:\/\/cparici.com\/wp-content\/uploads\/2025\/08\/cparici-2025-08-24T082805.266-577x204.jpg 577w, https:\/\/cparici.com\/wp-content\/uploads\/2025\/08\/cparici-2025-08-24T082805.266-600x212.jpg 600w\" sizes=\"(max-width: 1500px) 100vw, 1500px\" \/><\/a><figcaption id=\"caption-attachment-69538\" class=\"wp-caption-text\">Les \u00e9tangs de Villepey<\/figcaption><\/figure><h2 data-start=\"73\" data-end=\"106\">Activit\u00e9s en famille \u00e0 Fr\u00e9jus<\/h2><h3 data-start=\"108\" data-end=\"150\">Aqualand, Luna Park et Zoo de Fr\u00e9jus<\/h3><p data-start=\"151\" data-end=\"926\"><strong data-start=\"151\" data-end=\"161\">Fr\u00e9jus<\/strong> est l\u2019une des destinations les plus adapt\u00e9es aux familles sur la C\u00f4te d\u2019Azur gr\u00e2ce \u00e0 ses nombreux parcs de loisirs. Le plus connu est <strong data-start=\"296\" data-end=\"315\">Aqualand Fr\u00e9jus<\/strong>, un immense parc aquatique avec toboggans g\u00e9ants, piscines \u00e0 vagues et espaces d\u00e9tente. Adapt\u00e9 \u00e0 tous les \u00e2ges, il est id\u00e9al pour une journ\u00e9e de rafra\u00eechissement en \u00e9t\u00e9. \u00c0 quelques pas, <strong data-start=\"502\" data-end=\"515\">Luna Park<\/strong> prend vie chaque soir pendant la belle saison : grande roue, man\u00e8ges \u00e0 sensations et stands gourmands cr\u00e9ent une ambiance festive qui s\u00e9duit petits et grands.<\/p><p data-start=\"151\" data-end=\"926\">Enfin, le <strong data-start=\"685\" data-end=\"702\">zoo de Fr\u00e9jus<\/strong> compl\u00e8te cette offre familiale avec ses esp\u00e8ces animales venues des cinq continents, allant des girafes aux tigres en passant par les reptiles. C\u2019est une sortie \u00e9ducative et ludique qui pla\u00eet particuli\u00e8rement aux enfants.<\/p><h3 data-start=\"928\" data-end=\"976\">Sports nautiques et activit\u00e9s de plein air<\/h3><p data-start=\"977\" data-end=\"1643\">Gr\u00e2ce \u00e0 son littoral, <strong data-start=\"999\" data-end=\"1009\">Fr\u00e9jus<\/strong> est aussi une destination privil\u00e9gi\u00e9e pour les activit\u00e9s nautiques. Les bases situ\u00e9es \u00e0 <strong data-start=\"1098\" data-end=\"1113\">Port-Fr\u00e9jus<\/strong> et \u00e0 <strong data-start=\"1119\" data-end=\"1135\">Saint-Aygulf<\/strong> proposent un large choix : plong\u00e9e sous-marine, paddle, kayak, jet-ski ou encore sorties en bateau pour explorer la c\u00f4te de l\u2019Est\u00e9rel. Les eaux calmes et transparentes de la baie se pr\u00eatent parfaitement \u00e0 l\u2019initiation, tandis que les sportifs confirm\u00e9s peuvent s\u2019aventurer vers les calanques rocheuses.<\/p><p data-start=\"977\" data-end=\"1643\">La <strong data-start=\"1442\" data-end=\"1474\">Base Nature Fran\u00e7ois-L\u00e9otard<\/strong> est \u00e9galement un lieu incontournable pour pratiquer le v\u00e9lo, le roller, le football ou simplement profiter d\u2019une balade en famille dans un cadre s\u00e9curis\u00e9 et agr\u00e9able.<\/p><h2 data-start=\"84\" data-end=\"116\">Itin\u00e9raires pr\u00eats \u00e0 l\u2019emploi<\/h2><h3 data-start=\"118\" data-end=\"140\">Fr\u00e9jus en 1 jour<\/h3><p data-start=\"141\" data-end=\"624\">Pour une d\u00e9couverte rapide de <strong data-start=\"171\" data-end=\"181\">Fr\u00e9jus<\/strong>, la matin\u00e9e peut \u00eatre consacr\u00e9e au patrimoine romain : visite des <strong data-start=\"248\" data-end=\"258\">ar\u00e8nes<\/strong>, du <strong data-start=\"263\" data-end=\"282\">th\u00e9\u00e2tre antique<\/strong> et du <strong data-start=\"289\" data-end=\"330\">clo\u00eetre de la cath\u00e9drale Saint-L\u00e9once<\/strong>. Apr\u00e8s un d\u00e9jeuner dans le centre historique, l\u2019apr\u00e8s-midi est id\u00e9ale pour profiter de la plage, que ce soit \u00e0 <strong data-start=\"442\" data-end=\"458\">Fr\u00e9jus-Plage<\/strong> ou \u00e0 <strong data-start=\"464\" data-end=\"479\">Port-Fr\u00e9jus<\/strong>. En soir\u00e9e, une balade autour de la marina permet de savourer l\u2019ambiance m\u00e9diterran\u00e9enne et de d\u00e9guster un d\u00eener en terrasse face aux bateaux.<\/p><h3 data-start=\"626\" data-end=\"649\">Fr\u00e9jus en 2 jours<\/h3><p data-start=\"650\" data-end=\"1087\">Lors d\u2019un s\u00e9jour de deux jours \u00e0 <strong data-start=\"683\" data-end=\"693\">Fr\u00e9jus<\/strong>, la premi\u00e8re journ\u00e9e peut \u00eatre d\u00e9di\u00e9e \u00e0 l\u2019histoire : monuments antiques, mus\u00e9e arch\u00e9ologique et promenade dans la vieille ville. Le lendemain, direction la nature avec une randonn\u00e9e dans le <strong data-start=\"884\" data-end=\"907\">massif de l\u2019Est\u00e9rel<\/strong> ou une sortie vers le <strong data-start=\"930\" data-end=\"947\">Mont Vinaigre<\/strong>. Pour terminer, un apr\u00e8s-midi \u00e0 la plage des <strong data-start=\"993\" data-end=\"1008\">Esclamandes<\/strong> \u00e0 <strong data-start=\"1011\" data-end=\"1027\">Saint-Aygulf<\/strong> permet de se d\u00e9tendre dans un cadre naturel et convivial.<\/p><h3 data-start=\"1089\" data-end=\"1112\">Fr\u00e9jus en 3 jours<\/h3><p data-start=\"1113\" data-end=\"1698\">Un s\u00e9jour de trois jours offre le temps de combiner patrimoine, nature et loisirs. Apr\u00e8s deux jours consacr\u00e9s \u00e0 la ville et \u00e0 l\u2019Est\u00e9rel, la troisi\u00e8me journ\u00e9e peut se d\u00e9rouler \u00e0 la <strong data-start=\"1293\" data-end=\"1325\">Base Nature Fran\u00e7ois-L\u00e9otard<\/strong>, o\u00f9 les enfants profiteront des aires de jeux et les parents de la grande plage. Ceux qui pr\u00e9f\u00e8rent explorer les alentours peuvent opter pour une excursion \u00e0 <strong data-start=\"1484\" data-end=\"1509\">Roquebrune-sur-Argens<\/strong> ou le long de la spectaculaire Corniche d\u2019Or entre <strong data-start=\"1561\" data-end=\"1571\">Fr\u00e9jus<\/strong> et <strong data-start=\"1575\" data-end=\"1594\">Th\u00e9oule-sur-Mer<\/strong>.<\/p><p data-start=\"1113\" data-end=\"1698\">Ces itin\u00e9raires \u00e9quilibr\u00e9s permettent de profiter pleinement de la diversit\u00e9 que propose <strong data-start=\"1685\" data-end=\"1695\">Fr\u00e9jus<\/strong>.<\/p><h2 data-start=\"70\" data-end=\"92\">O\u00f9 dormir \u00e0 Fr\u00e9jus<\/h2><h3 data-start=\"94\" data-end=\"119\">H\u00f4tels & r\u00e9sidences<\/h3><p data-start=\"120\" data-end=\"690\"><strong data-start=\"120\" data-end=\"130\">Fr\u00e9jus<\/strong> propose un large \u00e9ventail d\u2019h\u00e9bergements pour tous les budgets. Les voyageurs en qu\u00eate de confort et de services trouveront de nombreux <strong data-start=\"267\" data-end=\"277\">h\u00f4tels<\/strong> pr\u00e8s du centre historique, parfaits pour d\u00e9couvrir le patrimoine romain \u00e0 pied. Le quartier de <strong data-start=\"373\" data-end=\"388\">Port-Fr\u00e9jus<\/strong> abrite aussi des h\u00f4tels modernes avec vue sur la marina, souvent dot\u00e9s de piscines et de spas.<\/p><p data-start=\"120\" data-end=\"690\">Enfin, du c\u00f4t\u00e9 de <strong data-start=\"502\" data-end=\"518\">Fr\u00e9jus-Plage<\/strong>, plusieurs <strong data-start=\"530\" data-end=\"556\">r\u00e9sidences de vacances<\/strong> permettent de combiner ind\u00e9pendance et proximit\u00e9 imm\u00e9diate de la mer, une option id\u00e9ale pour les familles et les s\u00e9jours prolong\u00e9s.<\/p><h3 data-start=\"692\" data-end=\"727\">Campings et villages vacances<\/h3><p data-start=\"728\" data-end=\"1298\">R\u00e9put\u00e9e pour son esprit convivial, <strong data-start=\"763\" data-end=\"773\">Fr\u00e9jus<\/strong> est \u00e9galement l\u2019une des destinations les plus appr\u00e9ci\u00e9es des amateurs de <strong data-start=\"847\" data-end=\"859\">campings<\/strong>. Le secteur de <strong data-start=\"875\" data-end=\"891\">Saint-Aygulf<\/strong> concentre de grands complexes avec parcs aquatiques, animations pour enfants et acc\u00e8s direct aux plages. Ces \u00e9tablissements s\u00e9duisent les familles et les groupes d\u2019amis \u00e0 la recherche d\u2019un s\u00e9jour nature et festif.<\/p><p data-start=\"728\" data-end=\"1298\">Les <strong data-start=\"1110\" data-end=\"1131\">villages vacances<\/strong> et clubs de vacances situ\u00e9s autour de Fr\u00e9jus offrent aussi des formules tout compris, parfaites pour ceux qui veulent se d\u00e9tendre sans se soucier de l\u2019organisation.<\/p><h2 data-start=\"67\" data-end=\"95\">Saveurs locales \u00e0 Fr\u00e9jus<\/h2><h3 data-start=\"97\" data-end=\"137\">Terroir du Var & ros\u00e9s de Provence<\/h3><p data-start=\"138\" data-end=\"577\">S\u00e9journer \u00e0 <strong data-start=\"150\" data-end=\"160\">Fr\u00e9jus<\/strong>, c\u2019est aussi d\u00e9couvrir la richesse gastronomique du <strong data-start=\"213\" data-end=\"220\">Var<\/strong>, une r\u00e9gion o\u00f9 la M\u00e9diterran\u00e9e et la Provence se rencontrent dans l\u2019assiette. Les march\u00e9s proven\u00e7aux regorgent de produits locaux : olives parfum\u00e9es, huiles d\u2019olive de qualit\u00e9, herbes aromatiques, fromages de ch\u00e8vre, miel et fruits gorg\u00e9s de soleil. La p\u00eache locale apporte \u00e9galement des sp\u00e9cialit\u00e9s marines comme la daurade, l\u2019ancho\u00efade ou les tellines.<\/p><p data-start=\"579\" data-end=\"1052\">Mais le v\u00e9ritable embl\u00e8me de la r\u00e9gion reste le <strong data-start=\"627\" data-end=\"646\">vin de Provence<\/strong>, en particulier le ros\u00e9, r\u00e9put\u00e9 pour sa fra\u00eecheur et ses ar\u00f4mes fruit\u00e9s. Autour de <strong data-start=\"730\" data-end=\"740\">Fr\u00e9jus<\/strong>, plusieurs domaines viticoles ouvrent leurs portes aux visiteurs pour des d\u00e9gustations, notamment dans les terres du Var et du c\u00f4t\u00e9 de la <strong data-start=\"879\" data-end=\"897\">Provence verte<\/strong>. Associer une journ\u00e9e de visite culturelle ou de plage \u00e0 une halte \u0153nologique est une belle mani\u00e8re de prolonger l\u2019exp\u00e9rience authentique de <strong data-start=\"1039\" data-end=\"1049\">Fr\u00e9jus<\/strong>.<\/p><h3 data-start=\"1054\" data-end=\"1090\">March\u00e9s et sp\u00e9cialit\u00e9s locales<\/h3><p data-start=\"1091\" data-end=\"1720\">Les <strong data-start=\"1095\" data-end=\"1116\">march\u00e9s de Fr\u00e9jus<\/strong> sont l\u2019un des meilleurs moyens de go\u00fbter \u00e0 la vie locale. Le march\u00e9 de <strong data-start=\"1188\" data-end=\"1204\">Saint-Aygulf<\/strong>, tr\u00e8s anim\u00e9, se tient plusieurs fois par semaine et attire habitants comme vacanciers. On y trouve aussi bien des produits frais que de l\u2019artisanat local, id\u00e9al pour ramener un souvenir gourmand. Dans les restaurants du centre historique ou en bord de mer, les menus mettent souvent \u00e0 l\u2019honneur la <strong data-start=\"1503\" data-end=\"1520\">bouillabaisse<\/strong>, la ratatouille, ou encore les c\u00e9l\u00e8bres pissaladi\u00e8res.<\/p><p data-start=\"1091\" data-end=\"1720\">Ces saveurs m\u00e9diterran\u00e9ennes s\u2019accordent \u00e0 merveille avec un verre de ros\u00e9 bien frais, cr\u00e9ant une exp\u00e9rience culinaire typiquement proven\u00e7ale.<\/p><h2 data-start=\"66\" data-end=\"105\">Infos pratiques pour visiter Fr\u00e9jus<\/h2><h3 data-start=\"107\" data-end=\"134\">Quand partir et m\u00e9t\u00e9o<\/h3><p data-start=\"135\" data-end=\"792\">La ville de <strong data-start=\"147\" data-end=\"157\">Fr\u00e9jus<\/strong> b\u00e9n\u00e9ficie d\u2019un climat m\u00e9diterran\u00e9en avec des \u00e9t\u00e9s chauds et secs, et des hivers doux. La meilleure p\u00e9riode pour visiter est entre <strong data-start=\"288\" data-end=\"308\">mai et septembre<\/strong>, lorsque la mer atteint une temp\u00e9rature agr\u00e9able et que les journ\u00e9es sont ensoleill\u00e9es. Juillet et ao\u00fbt sont les mois les plus anim\u00e9s, mais aussi les plus fr\u00e9quent\u00e9s : les plages et les parcs d\u2019attractions attirent alors un grand nombre de visiteurs.<\/p><p data-start=\"135\" data-end=\"792\">Pour ceux qui pr\u00e9f\u00e8rent la tranquillit\u00e9, le printemps et l\u2019arri\u00e8re-saison, notamment septembre, sont id\u00e9als : le climat reste doux, les sites touristiques sont plus accessibles et les prix des h\u00e9bergements souvent plus avantageux.<\/p><h3 data-start=\"794\" data-end=\"820\">Venir et se d\u00e9placer<\/h3><p data-start=\"821\" data-end=\"1496\"><strong data-start=\"821\" data-end=\"831\">Fr\u00e9jus<\/strong> est facilement accessible en train, gr\u00e2ce \u00e0 sa gare bien reli\u00e9e aux grandes villes de Provence et de la C\u00f4te d\u2019Azur. Pour les voyageurs en avion, les a\u00e9roports de Nice et Toulon-Hy\u00e8res sont les plus proches. En voiture, l\u2019autoroute A8 relie directement la ville au reste de la r\u00e9gion. Une fois sur place, les bus locaux permettent de rejoindre les principaux quartiers, mais pour explorer librement les environs \u2013 notamment le massif de l\u2019Est\u00e9rel et les villages voisins \u2013 la voiture reste la solution la plus pratique.<\/p><p data-start=\"821\" data-end=\"1496\">Les amateurs de mobilit\u00e9 douce appr\u00e9cieront \u00e9galement les pistes cyclables am\u00e9nag\u00e9es, notamment autour de la <strong data-start=\"1461\" data-end=\"1493\">Base Nature Fran\u00e7ois-L\u00e9otard<\/strong>.<\/p><h3 data-start=\"1498\" data-end=\"1523\">Budget & bons plans<\/h3><p data-start=\"1524\" data-end=\"2220\"><strong data-start=\"1524\" data-end=\"1534\">Fr\u00e9jus<\/strong> propose des activit\u00e9s adapt\u00e9es \u00e0 toutes les bourses. Les visites des monuments antiques et de la cath\u00e9drale sont abordables, avec la possibilit\u00e9 d\u2019acheter des <strong data-start=\"1694\" data-end=\"1714\">billets combin\u00e9s<\/strong>. Les plages publiques, comme celles de <strong data-start=\"1754\" data-end=\"1770\">Fr\u00e9jus-Plage<\/strong> ou de <strong data-start=\"1777\" data-end=\"1793\">Saint-Aygulf<\/strong>, sont gratuites et bien \u00e9quip\u00e9es, tandis que certaines criques offrent une tranquillit\u00e9 sans frais. Pour manger \u00e0 prix doux, les march\u00e9s et petits restaurants proven\u00e7aux permettent de d\u00e9guster des sp\u00e9cialit\u00e9s locales \u00e0 moindre co\u00fbt.<\/p><p data-start=\"1524\" data-end=\"2220\">Enfin, en r\u00e9servant son h\u00e9bergement en dehors de la haute saison estivale, il est possible de profiter de tarifs beaucoup plus attractifs, tout en d\u00e9couvrant une ville plus calme et agr\u00e9able.<\/p><h2 data-start=\"85\" data-end=\"125\">\u00c9v\u00e9nements \u00e0 ne pas manquer \u00e0 Fr\u00e9jus<\/h2><h3 data-start=\"127\" data-end=\"152\">Le Roc d\u2019Azur (VTT)<\/h3><p data-start=\"153\" data-end=\"754\">Chaque ann\u00e9e en octobre, <strong data-start=\"178\" data-end=\"188\">Fr\u00e9jus<\/strong> accueille le <strong data-start=\"202\" data-end=\"216\">Roc d\u2019Azur<\/strong>, le plus grand rassemblement de VTT d\u2019Europe. Cet \u00e9v\u00e9nement sportif majeur r\u00e9unit des milliers de participants et de spectateurs venus du monde entier. Les comp\u00e9titions se d\u00e9roulent principalement \u00e0 la <strong data-start=\"419\" data-end=\"451\">Base Nature Fran\u00e7ois-L\u00e9otard<\/strong>, transform\u00e9e pour l\u2019occasion en v\u00e9ritable village du v\u00e9lo avec parcours, animations, stands de mat\u00e9riel et zones de d\u00e9tente.<\/p><p data-start=\"153\" data-end=\"754\">Que l\u2019on soit sportif confirm\u00e9 ou simple spectateur, le Roc d\u2019Azur est une exp\u00e9rience incontournable qui contribue \u00e0 faire de <strong data-start=\"703\" data-end=\"713\">Fr\u00e9jus<\/strong> une destination dynamique et sportive.<\/p><h3 data-start=\"756\" data-end=\"789\">F\u00eates locales et traditions<\/h3><p data-start=\"790\" data-end=\"1163\">Au-del\u00e0 des grands \u00e9v\u00e9nements sportifs, <strong data-start=\"830\" data-end=\"840\">Fr\u00e9jus<\/strong> vit aussi au rythme de ses traditions proven\u00e7ales. Parmi elles, la <strong data-start=\"908\" data-end=\"929\">Bravade de Fr\u00e9jus<\/strong>, c\u00e9l\u00e9br\u00e9e chaque ann\u00e9e en juin, met \u00e0 l\u2019honneur le patrimoine religieux et militaire de la ville. D\u00e9fil\u00e9s en costumes, fanfares et c\u00e9r\u00e9monies religieuses rythment ces journ\u00e9es festives, offrant une immersion dans l\u2019identit\u00e9 locale.<\/p><h3 data-start=\"1165\" data-end=\"1209\">Concerts et spectacles dans les ar\u00e8nes<\/h3><p data-start=\"1210\" data-end=\"1648\">Les <strong data-start=\"1214\" data-end=\"1234\">ar\u00e8nes de Fr\u00e9jus<\/strong>, autrefois d\u00e9di\u00e9es aux gladiateurs, accueillent aujourd\u2019hui des concerts, festivals et spectacles estivaux. La programmation varie chaque ann\u00e9e, allant de la musique classique aux grands artistes de la chanson fran\u00e7aise, en passant par des repr\u00e9sentations th\u00e9\u00e2trales. Ces soir\u00e9es sous les \u00e9toiles, dans un cadre antique unique, font partie des exp\u00e9riences les plus m\u00e9morables que l\u2019on puisse vivre \u00e0 <strong data-start=\"1635\" data-end=\"1645\">Fr\u00e9jus<\/strong>.<\/p><h2 data-start=\"66\" data-end=\"100\">Foire Aux Questions sur Fr\u00e9jus<\/h2><h3 data-start=\"102\" data-end=\"143\">Que faire \u00e0 Fr\u00e9jus en un week-end ?<\/h3><p data-start=\"144\" data-end=\"456\">En deux jours \u00e0 <strong data-start=\"160\" data-end=\"170\">Fr\u00e9jus<\/strong>, on peut combiner la visite des monuments romains (ar\u00e8nes, th\u00e9\u00e2tre, clo\u00eetre de la cath\u00e9drale), une balade dans le centre historique, une journ\u00e9e plage \u00e0 <strong data-start=\"324\" data-end=\"340\">Fr\u00e9jus-Plage<\/strong> ou \u00e0 <strong data-start=\"346\" data-end=\"362\">Saint-Aygulf<\/strong>, et une excursion dans le massif de l\u2019<strong data-start=\"401\" data-end=\"412\">Est\u00e9rel<\/strong> pour admirer ses paysages spectaculaires.<\/p><h3 data-start=\"458\" data-end=\"499\">O\u00f9 se baigner \u00e0 Fr\u00e9jus en famille ?<\/h3><p data-start=\"500\" data-end=\"833\">Les plages de <strong data-start=\"514\" data-end=\"530\">Fr\u00e9jus-Plage<\/strong> et de la <strong data-start=\"540\" data-end=\"572\">Base Nature Fran\u00e7ois-L\u00e9otard<\/strong> sont id\u00e9ales pour les familles, gr\u00e2ce \u00e0 leurs zones surveill\u00e9es et leurs eaux peu profondes. La plage des <strong data-start=\"679\" data-end=\"694\">Esclamandes<\/strong> \u00e0 <strong data-start=\"697\" data-end=\"713\">Saint-Aygulf<\/strong> est \u00e9galement parfaite pour les enfants et dispose d\u2019un secteur <strong data-start=\"778\" data-end=\"792\">handiplage<\/strong> pour les personnes \u00e0 mobilit\u00e9 r\u00e9duite.<\/p><h3 data-start=\"835\" data-end=\"883\">Quels monuments romains visiter \u00e0 Fr\u00e9jus ?<\/h3><p data-start=\"884\" data-end=\"1174\"><strong data-start=\"884\" data-end=\"894\">Fr\u00e9jus<\/strong> conserve un riche patrimoine antique : les <strong data-start=\"938\" data-end=\"948\">ar\u00e8nes<\/strong>, le <strong data-start=\"953\" data-end=\"971\">th\u00e9\u00e2tre romain<\/strong>, les vestiges de l\u2019<strong data-start=\"991\" data-end=\"1002\">aqueduc<\/strong>, la porte des Gaules, ainsi que le <strong data-start=\"1038\" data-end=\"1055\">clo\u00eetre roman<\/strong> de la cath\u00e9drale Saint-L\u00e9once. Le mus\u00e9e arch\u00e9ologique compl\u00e8te cette d\u00e9couverte avec sa collection d\u2019objets romains.<\/p><h3 data-start=\"1176\" data-end=\"1227\">Quelle est la meilleure p\u00e9riode pour Fr\u00e9jus ?<\/h3><p data-start=\"1228\" data-end=\"1519\">La meilleure saison pour visiter <strong data-start=\"1261\" data-end=\"1271\">Fr\u00e9jus<\/strong> s\u2019\u00e9tend de <strong data-start=\"1283\" data-end=\"1302\">mai \u00e0 septembre<\/strong>, p\u00e9riode id\u00e9ale pour profiter des plages et des activit\u00e9s nautiques. Ceux qui pr\u00e9f\u00e8rent la tranquillit\u00e9 privil\u00e9gieront mai-juin ou septembre, quand la m\u00e9t\u00e9o est encore cl\u00e9mente mais l\u2019affluence touristique moindre.<\/p><h3 data-start=\"1521\" data-end=\"1563\">Fr\u00e9jus ou Saint-Rapha\u00ebl : o\u00f9 loger ?<\/h3><p data-start=\"1564\" data-end=\"1921\">Les deux villes sont voisines et se compl\u00e8tent bien. <strong data-start=\"1617\" data-end=\"1627\">Fr\u00e9jus<\/strong> s\u00e9duit par son patrimoine romain et son ambiance familiale, tandis que <strong data-start=\"1699\" data-end=\"1716\">Saint-Rapha\u00ebl<\/strong> attire par son animation urbaine et son front de mer plus moderne. Choisir <strong data-start=\"1792\" data-end=\"1802\">Fr\u00e9jus<\/strong> permet de profiter d\u2019un cadre plus historique et paisible, tout en restant proche des attractions de la C\u00f4te d\u2019Azur.<\/p><h3 data-start=\"1923\" data-end=\"1963\">O\u00f9 voir la nature pr\u00e8s de Fr\u00e9jus ?<\/h3><p data-start=\"1964\" data-end=\"2184\">Le <strong data-start=\"1967\" data-end=\"1990\">massif de l\u2019Est\u00e9rel<\/strong> et le <strong data-start=\"1997\" data-end=\"2014\">Mont Vinaigre<\/strong> sont parfaits pour les randonn\u00e9es avec vue panoramique. Les <strong data-start=\"2075\" data-end=\"2097\">\u00e9tangs de Villepey<\/strong>, class\u00e9s zone prot\u00e9g\u00e9e, permettent d\u2019observer la faune et la flore m\u00e9diterran\u00e9ennes.<\/p><h3 data-start=\"2186\" data-end=\"2232\">Aqualand Fr\u00e9jus : \u00e0 partir de quel \u00e2ge ?<\/h3><p data-start=\"2233\" data-end=\"2464\"><strong data-start=\"2233\" data-end=\"2252\">Aqualand Fr\u00e9jus<\/strong> propose des attractions adapt\u00e9es \u00e0 tous les \u00e2ges, avec des zones sp\u00e9ciales pour les jeunes enfants. La plupart des toboggans sont accessibles d\u00e8s 1,10 m, ce qui en fait une sortie id\u00e9ale pour toute la famille.<\/p><h3 data-start=\"2466\" data-end=\"2511\">Fr\u00e9jus sans voiture : est-ce possible ?<\/h3><p data-start=\"2512\" data-end=\"2791\">Oui, il est possible de d\u00e9couvrir <strong data-start=\"2546\" data-end=\"2556\">Fr\u00e9jus<\/strong> sans voiture gr\u00e2ce aux transports en commun (bus et train) qui desservent la ville et ses quartiers. Pour explorer l\u2019<strong data-start=\"2674\" data-end=\"2685\">Est\u00e9rel<\/strong>, la voiture reste toutefois plus pratique, mais certaines randonn\u00e9es sont accessibles depuis le centre.<\/p><h3 data-start=\"2793\" data-end=\"2848\">Quelles randonn\u00e9es dans l\u2019Est\u00e9rel depuis Fr\u00e9jus ?<\/h3><p data-start=\"2849\" data-end=\"3079\">Parmi les plus populaires, on trouve l\u2019ascension du <strong data-start=\"2901\" data-end=\"2918\">Mont Vinaigre<\/strong>, la boucle du Pic de l\u2019Ours et les sentiers c\u00f4tiers qui longent la Corniche d\u2019Or. Ces randonn\u00e9es offrent toutes des paysages grandioses entre mer et montagne.<\/p><h3 data-start=\"3081\" data-end=\"3113\">O\u00f9 manger local \u00e0 Fr\u00e9jus ?<\/h3><p data-start=\"3114\" data-end=\"3414\">Dans le centre historique, plusieurs restaurants proposent une cuisine proven\u00e7ale typique : <strong data-start=\"3206\" data-end=\"3223\">bouillabaisse<\/strong>, ratatouille, pissaladi\u00e8re et produits de la mer. Les march\u00e9s, notamment celui de <strong data-start=\"3306\" data-end=\"3322\">Saint-Aygulf<\/strong>, sont aussi parfaits pour go\u00fbter aux produits locaux et d\u00e9couvrir les saveurs du <strong data-start=\"3404\" data-end=\"3411\">Var<\/strong>.<\/p><h2 data-start=\"57\" data-end=\"71\">Conclusion<\/h2><p data-start=\"73\" data-end=\"518\"><strong data-start=\"73\" data-end=\"83\">Fr\u00e9jus<\/strong> est bien plus qu\u2019une station baln\u00e9aire de la C\u00f4te d\u2019Azur. Entre ses <strong data-start=\"152\" data-end=\"173\">monuments romains<\/strong>, son <strong data-start=\"179\" data-end=\"202\">patrimoine m\u00e9di\u00e9val<\/strong>, ses <strong data-start=\"208\" data-end=\"229\">plages familiales<\/strong>, ses <strong data-start=\"235\" data-end=\"255\">parcs de loisirs<\/strong> et son cadre naturel exceptionnel, cette ville du Var s\u00e9duit tous les profils de voyageurs. Que l\u2019on vienne pour un week-end, pour des vacances en famille ou pour explorer l\u2019<strong data-start=\"430\" data-end=\"441\">Est\u00e9rel<\/strong>, <strong data-start=\"443\" data-end=\"453\">Fr\u00e9jus<\/strong> offre un m\u00e9lange unique d\u2019histoire, de d\u00e9tente et d\u2019aventures.<\/p><p data-start=\"520\" data-end=\"825\">Choisir <strong data-start=\"528\" data-end=\"538\">Fr\u00e9jus<\/strong>, c\u2019est plonger dans plus de deux mille ans d\u2019histoire tout en profitant des joies de la M\u00e9diterran\u00e9e. C\u2019est aussi s\u2019ouvrir aux saveurs proven\u00e7ales, participer \u00e0 des \u00e9v\u00e9nements festifs comme le <strong data-start=\"732\" data-end=\"746\">Roc d\u2019Azur<\/strong> et d\u00e9couvrir des paysages parmi les plus spectaculaires du sud de la France.<\/p><p data-start=\"827\" data-end=\"1025\">Pour pr\u00e9parer un voyage complet et d\u00e9couvrir encore plus de d\u00e9tails historiques, tu peux consulter cette page tr\u00e8s compl\u00e8te de <a class=\"decorated-link\" href=\"https:\/\/fr.wikipedia.org\/wiki\/Fr%C3%A9jus\" target=\"_new\" rel=\"noopener\" data-start=\"954\" data-end=\"1022\">l\u2019encyclop\u00e9die en ligne<\/a>.<\/p>\t\t\t\t\t\t\t\t<\/div>\n\t\t\t\t\t<\/div>\n\t\t\t\t<\/div>\n\t\t<aside class=\"elementor-element elementor-element-41b4ea5 e-flex e-con-boxed e-con e-parent\" data-id=\"41b4ea5\" data-element_type=\"container\" data-e-type=\"container\">\n\t\t\t\t\t<div class=\"e-con-inner\">\n\t\t\t\t<div class=\"elementor-element elementor-element-50a1372 elementor-widget elementor-widget-listeo-posts-grid\" data-id=\"50a1372\" data-element_type=\"widget\" data-e-type=\"widget\" data-widget_type=\"listeo-posts-grid.default\">\n\t\t\t\t<div class=\"elementor-widget-container\">\n\t\t\t\t\t\t\t\n\t\t<div class=\"listeo-post-grid-wrapper\">\n\t\t\t<div class=\"row\">\n\n\t\t\t\n\n\t\t\t\t\t\t\t<div class=\"col-md-4\">\n                <a href=\"https:\/\/cparici.com\/en\/vaucluse\/\" class=\"blog-compact-item-container\">\n                    <div class=\"blog-compact-item\">\n                        <img decoding=\"async\" width=\"577\" height=\"231\" src=\"https:\/\/cparici.com\/wp-content\/uploads\/2024\/06\/vaucluse.jpg\" class=\"attachment-listeo-blog-related-post size-listeo-blog-related-post wp-post-image\" alt=\"vaucluse\" srcset=\"https:\/\/cparici.com\/wp-content\/uploads\/2024\/06\/vaucluse.jpg 1920w, https:\/\/cparici.com\/wp-content\/uploads\/2024\/06\/vaucluse-600x241.jpg 600w, https:\/\/cparici.com\/wp-content\/uploads\/2024\/06\/vaucluse-300x120.jpg 300w, https:\/\/cparici.com\/wp-content\/uploads\/2024\/06\/vaucluse-1024x411.jpg 1024w, https:\/\/cparici.com\/wp-content\/uploads\/2024\/06\/vaucluse-768x308.jpg 768w, https:\/\/cparici.com\/wp-content\/uploads\/2024\/06\/vaucluse-1536x616.jpg 1536w\" sizes=\"(max-width: 577px) 100vw, 577px\" \/><span class=\"blog-item-tag\">D\u00e9partement de France<\/span>                        \n                        <div class=\"blog-compact-item-content\">\n                                                        <h3>Vaucluse \u2013 voyage et d\u00e9couverte d\u2019une r\u00e9gion d\u2019exception<\/h3>\n                                                        <p>Voyagez dans le Vaucluse, une r\u00e9gion aux mille facettes. Cet article vous invite \u00e0 explorer...                            <\/p>\n                                                    <\/div>\n                    <\/div>\n                <\/a>\n            <\/div>\n\t\t\t<div class=\"col-md-4\">\n                <a href=\"https:\/\/cparici.com\/en\/cavalaire-sur-mer\/\" class=\"blog-compact-item-container\">\n                    <div class=\"blog-compact-item\">\n                        <img decoding=\"async\" width=\"577\" height=\"204\" src=\"https:\/\/cparici.com\/wp-content\/uploads\/2024\/09\/cavalaire-sur-mer.jpg\" class=\"attachment-listeo-blog-related-post size-listeo-blog-related-post wp-post-image\" alt=\"Cavalaire sur Mer\" srcset=\"https:\/\/cparici.com\/wp-content\/uploads\/2024\/09\/cavalaire-sur-mer.jpg 1500w, https:\/\/cparici.com\/wp-content\/uploads\/2024\/09\/cavalaire-sur-mer-600x212.jpg 600w, https:\/\/cparici.com\/wp-content\/uploads\/2024\/09\/cavalaire-sur-mer-300x106.jpg 300w, https:\/\/cparici.com\/wp-content\/uploads\/2024\/09\/cavalaire-sur-mer-1024x362.jpg 1024w, https:\/\/cparici.com\/wp-content\/uploads\/2024\/09\/cavalaire-sur-mer-768x271.jpg 768w\" sizes=\"(max-width: 577px) 100vw, 577px\" \/><span class=\"blog-item-tag\">Cavalaire sur Mer<\/span>                        \n                        <div class=\"blog-compact-item-content\">\n                                                        <h3>Cavalaire sur Mer \u2013 Votre Guide Ultime<\/h3>\n                                                        <p>Explorez Cavalaire-sur-Mer, station baln\u00e9aire du Var, d\u00e9couvrez ses plages, randonn\u00e9es, activit\u00e9s culturelles, sportives, h\u00f4tels, restaurants...                            <\/p>\n                                                    <\/div>\n                    <\/div>\n                <\/a>\n            <\/div>\n\t\t\t<div class=\"col-md-4\">\n                <a href=\"https:\/\/cparici.com\/en\/aioli\/\" class=\"blog-compact-item-container\">\n                    <div class=\"blog-compact-item\">\n                        <img decoding=\"async\" width=\"577\" height=\"204\" src=\"https:\/\/cparici.com\/wp-content\/uploads\/2025\/01\/cparici-98-577x204.jpg\" class=\"attachment-listeo-blog-related-post size-listeo-blog-related-post wp-post-image\" alt=\"aioli\" srcset=\"https:\/\/cparici.com\/wp-content\/uploads\/2025\/01\/cparici-98-577x204.jpg 577w, https:\/\/cparici.com\/wp-content\/uploads\/2025\/01\/cparici-98-300x106.jpg 300w, https:\/\/cparici.com\/wp-content\/uploads\/2025\/01\/cparici-98-1024x362.jpg 1024w, https:\/\/cparici.com\/wp-content\/uploads\/2025\/01\/cparici-98-768x271.jpg 768w, https:\/\/cparici.com\/wp-content\/uploads\/2025\/01\/cparici-98-590x208.jpg 590w, https:\/\/cparici.com\/wp-content\/uploads\/2025\/01\/cparici-98-1200x424.jpg 1200w, https:\/\/cparici.com\/wp-content\/uploads\/2025\/01\/cparici-98-600x212.jpg 600w, https:\/\/cparici.com\/wp-content\/uploads\/2025\/01\/cparici-98.jpg 1500w\" sizes=\"(max-width: 577px) 100vw, 577px\" \/><span class=\"blog-item-tag\">France<\/span>                        \n                        <div class=\"blog-compact-item-content\">\n                                                        <h3>A\u00efoli \u2013 Histoire, Recettes et D\u00e9couverte<\/h3>\n                                                        <p>D\u00e9couvrez tout sur l'a\u00efoli, sa production r\u00e9gionale, son histoire culinaire, ses recettes c\u00e9l\u00e8bres et les...                            <\/p>\n                                                    <\/div>\n                    <\/div>\n                <\/a>\n            <\/div>\n  <\/div>\n        <\/div>\n        \t\t\t\t<\/div>\n\t\t\t\t<\/div>\n\t\t\t\t\t<\/div>\n\t\t\t\t<\/aside>\n\t\t\t\t<\/div>\n\t\t","protected":false},"excerpt":{"rendered":"<p>Recherches populaires Categories Pas de r\u00e9sultats Voir tous les r\u00e9sultats Fr\u00e9jus : guide complet pour visiter la cit\u00e9 romaine Fr\u00e9jus est une destination unique du sud de la France, situ\u00e9e dans le d\u00e9partement du Var, en plein c\u0153ur de la C\u00f4te d\u2019Azur. Cette ancienne colonie romaine, fond\u00e9e sous le nom de Forum Julii par Jules [&hellip;]<\/p>\n","protected":false},"author":97,"featured_media":69460,"comment_status":"closed","ping_status":"closed","sticky":false,"template":"elementor_header_footer","format":"standard","meta":{"ngg_post_thumbnail":0,"footnotes":""},"categories":[2780,477,995,1004],"tags":[],"class_list":["post-69433","post","type-post","status-publish","format-standard","has-post-thumbnail","hentry","category-frejus","category-france","category-provence-alpes-cote-dazur","category-var"],"_links":{"self":[{"href":"https:\/\/cparici.com\/en\/wp-json\/wp\/v2\/posts\/69433","targetHints":{"allow":["GET"]}}],"collection":[{"href":"https:\/\/cparici.com\/en\/wp-json\/wp\/v2\/posts"}],"about":[{"href":"https:\/\/cparici.com\/en\/wp-json\/wp\/v2\/types\/post"}],"author":[{"embeddable":true,"href":"https:\/\/cparici.com\/en\/wp-json\/wp\/v2\/users\/97"}],"replies":[{"embeddable":true,"href":"https:\/\/cparici.com\/en\/wp-json\/wp\/v2\/comments?post=69433"}],"version-history":[{"count":2,"href":"https:\/\/cparici.com\/en\/wp-json\/wp\/v2\/posts\/69433\/revisions"}],"predecessor-version":[{"id":89375,"href":"https:\/\/cparici.com\/en\/wp-json\/wp\/v2\/posts\/69433\/revisions\/89375"}],"wp:featuredmedia":[{"embeddable":true,"href":"https:\/\/cparici.com\/en\/wp-json\/wp\/v2\/media\/69460"}],"wp:attachment":[{"href":"https:\/\/cparici.com\/en\/wp-json\/wp\/v2\/media?parent=69433"}],"wp:term":[{"taxonomy":"category","embeddable":true,"href":"https:\/\/cparici.com\/en\/wp-json\/wp\/v2\/categories?post=69433"},{"taxonomy":"post_tag","embeddable":true,"href":"https:\/\/cparici.com\/en\/wp-json\/wp\/v2\/tags?post=69433"}],"curies":[{"name":"wp","href":"https:\/\/api.w.org\/{rel}","templated":true}]}}