{"id":70107,"date":"2025-09-07T10:58:50","date_gmt":"2025-09-07T08:58:50","guid":{"rendered":"https:\/\/cparici.com\/?p=70107"},"modified":"2026-04-26T20:22:08","modified_gmt":"2026-04-26T18:22:08","slug":"mothers-day","status":"publish","type":"post","link":"https:\/\/cparici.com\/en\/fete-des-meres\/","title":{"rendered":"Mother's Day 2025"},"content":{"rendered":"\t\t<div data-elementor-type=\"wp-post\" data-elementor-id=\"70107\" class=\"elementor elementor-70107\" data-elementor-post-type=\"post\">\n\t\t\t\t<div class=\"elementor-element elementor-element-a339f73 e-con-full e-flex e-con e-parent\" data-id=\"a339f73\" data-element_type=\"container\" data-e-type=\"container\">\n\t\t\t\t<div class=\"elementor-element elementor-element-5fedbcd elementor-widget elementor-widget-image\" data-id=\"5fedbcd\" data-element_type=\"widget\" data-e-type=\"widget\" data-widget_type=\"image.default\">\n\t\t\t\t\t\t\t\t\t\t\t\t\t\t\t<img decoding=\"async\" width=\"1500\" height=\"530\" src=\"https:\/\/cparici.com\/wp-content\/uploads\/2025\/09\/cparici-2025-09-04T162434.524.jpg\" class=\"attachment-full size-full wp-image-70108\" alt=\"F\u00eate des m\u00e8res 2025\" srcset=\"https:\/\/cparici.com\/wp-content\/uploads\/2025\/09\/cparici-2025-09-04T162434.524.jpg 1500w, https:\/\/cparici.com\/wp-content\/uploads\/2025\/09\/cparici-2025-09-04T162434.524-300x106.jpg 300w, https:\/\/cparici.com\/wp-content\/uploads\/2025\/09\/cparici-2025-09-04T162434.524-1024x362.jpg 1024w, https:\/\/cparici.com\/wp-content\/uploads\/2025\/09\/cparici-2025-09-04T162434.524-768x271.jpg 768w, https:\/\/cparici.com\/wp-content\/uploads\/2025\/09\/cparici-2025-09-04T162434.524-18x6.jpg 18w, https:\/\/cparici.com\/wp-content\/uploads\/2025\/09\/cparici-2025-09-04T162434.524-590x208.jpg 590w, https:\/\/cparici.com\/wp-content\/uploads\/2025\/09\/cparici-2025-09-04T162434.524-1200x424.jpg 1200w, https:\/\/cparici.com\/wp-content\/uploads\/2025\/09\/cparici-2025-09-04T162434.524-577x204.jpg 577w, https:\/\/cparici.com\/wp-content\/uploads\/2025\/09\/cparici-2025-09-04T162434.524-600x212.jpg 600w\" sizes=\"(max-width: 1500px) 100vw, 1500px\" \/>\t\t\t\t\t\t\t\t\t\t\t\t\t\t\t<\/div>\n\t\t\t\t<\/div>\n\t\t<aside class=\"elementor-element elementor-element-bc64402 e-flex e-con-boxed e-con e-parent\" data-id=\"bc64402\" data-element_type=\"container\" data-e-type=\"container\">\n\t\t\t\t\t<div class=\"e-con-inner\">\n\t\t\t\t<div class=\"elementor-element elementor-element-f80e704 elementor-widget elementor-widget-global elementor-global-62046 elementor-widget-eael-advanced-search\" data-id=\"f80e704\" data-element_type=\"widget\" data-e-type=\"widget\" data-widget_type=\"eael-advanced-search.default\">\n\t\t\t\t\t        <div class=\"eael-adv-search-wrapper\">\n            <div id=\"eael-advanced-search-widget-f80e704\" class=\"eael-advanced-search-widget\">\n                <form data-settings=\"{&quot;post_per_page&quot;:5,&quot;search_among_taxonomies&quot;:&quot;&quot;,&quot;search_among_sku&quot;:&quot;no&quot;,&quot;show_popular_keyword&quot;:0,&quot;show_category&quot;:0,&quot;show_content_image&quot;:1,&quot;show_search_result_all_results&quot;:0,&quot;result_on_new_tab&quot;:&quot;no&quot;,&quot;show_product_price&quot;:&quot;no&quot;,&quot;include_current_page&quot;:&quot;no&quot;,&quot;current_post_id&quot;:70107,&quot;post_type&quot;:[&quot;post&quot;,&quot;listing&quot;]}\" method=\"POST\" name=\"eael-advanced-search-form-f80e704\" class=\"eael-advanced-search-form eael-advanced-search-form-style-2\">\n                    <div class=\"eael-advanced-search-wrap\">\n                        <span class=\"eael-adv-search-loader\"><\/span>\n                        <span class=\"eael-adv-search-close\"><i class=\"fas fa-times\"><\/i><\/span>\n                        <span class=\"icon \"><i class=\"fas fa-search\"><\/i><\/span>\n\n                        <input type=\"text\"\n                               placeholder=\"Votre destination\"\n                               class=\"eael-advanced-search\" autocomplete=\"off\" name=\"eael_advanced_search\">\n                    <\/div>\n\t\t\t\t\t                                    <\/form>\n\n\t\t\t\t\n\t\t\t\t        <div class=\"eael-advanced-search-result\">\n            <div class=\"eael-advanced-search-popular-keyword\">\n\t\t\t\t<h4 class=\"eael-advanced-search-popular-keyword-text\">Recherches populaires<\/h4>                <div class=\"eael-popular-keyword-content\"><\/div>\n            <\/div>\n            <div class=\"eael-advanced-search-category\">\n\t\t\t\t<h4 class=\"eael-advanced-search-category-text\">Categories<\/h4>                <div class=\"eael-popular-category-content\"><\/div>\n            <\/div>\n\t\t\t<div class=\"eael-advanced-search-total-results-section\">\n\t\t\t\t\t\t\t<\/div>\n            <div class=\"eael-advanced-search-content eael-item-style-3\">\n            <\/div>\n            <div class=\"eael-advanced-search-not-found\">\n                <p>Pas de r\u00e9sultats<\/p><\/div>\n            <div class=\"eael-advanced-search-load-more\">\n\t\t\t\t<a \tclass=\"eael-advanced-search-load-more-button\"\n                \thref=\"#\">Voir tous les r\u00e9sultats<\/a>\n            <\/div>\n        <\/div>\n\n\t\t            <\/div>\n        <\/div>\n\n\t\t\t\t\t\t<\/div>\n\t\t\t\t\t<\/div>\n\t\t\t\t<\/aside>\n\t\t<div class=\"elementor-element elementor-element-3f1402d1 e-flex e-con-boxed e-con e-parent\" data-id=\"3f1402d1\" data-element_type=\"container\" data-e-type=\"container\">\n\t\t\t\t\t<div class=\"e-con-inner\">\n\t\t\t\t<div class=\"elementor-element elementor-element-14a83853 elementor-widget elementor-widget-text-editor\" data-id=\"14a83853\" data-element_type=\"widget\" data-e-type=\"widget\" data-widget_type=\"text-editor.default\">\n\t\t\t\t\t\t\t\t\t<h1 style=\"text-align: center;\" data-start=\"502\" data-end=\"1011\">F\u00eate des m\u00e8res 2025:\u00a0 tout savoir<\/h1><p data-start=\"502\" data-end=\"1011\">La <strong data-start=\"505\" data-end=\"523\">f\u00eate des m\u00e8res<\/strong> 2025 est l\u2019une des c\u00e9l\u00e9brations les plus populaires en <a href=\"https:\/\/cparici.com\/visiter-la-france-guide-des-regions-et-sites-touristiques\/\">France<\/a>, marqu\u00e9e par des gestes de tendresse, des cadeaux et une reconnaissance envers celles qui donnent la vie. Plus qu\u2019un simple jour de c\u00e9l\u00e9bration, elle a une <strong data-start=\"737\" data-end=\"755\">histoire riche<\/strong> qui s\u2019enracine dans des traditions anciennes et s\u2019est institutionnalis\u00e9e au fil du temps. En France, cette journ\u00e9e est inscrite dans le calendrier national, et chaque ann\u00e9e, des millions d\u2019enfants, petits et grands, expriment leur gratitude \u00e0 leur m\u00e8re.<\/p><p data-start=\"1013\" data-end=\"1254\">Cette <strong>f\u00eate des m\u00e8res 2025<\/strong> s\u2019inscrit dans le patrimoine culturel <strong data-start=\"1062\" data-end=\"1073\">du pays<\/strong> et refl\u00e8te \u00e0 la fois une \u00e9volution sociale, politique et familiale. Elle est \u00e9galement c\u00e9l\u00e9br\u00e9e dans de nombreux autres pays, avec des variantes locales et des dates diff\u00e9rentes.<\/p><h2 data-start=\"177\" data-end=\"237\">Date F\u00eate des m\u00e8res 2025, 2026<\/h2><p data-start=\"239\" data-end=\"450\">Depuis la loi de 1950, la <strong data-start=\"265\" data-end=\"283\">f\u00eate des m\u00e8res<\/strong> est solidement inscrite dans le calendrier fran\u00e7ais. Toutefois, contrairement \u00e0 d\u2019autres pays o\u00f9 elle a une date fixe, elle varie l\u00e9g\u00e8rement en fonction des ann\u00e9es.<\/p><h3 data-start=\"452\" data-end=\"487\">Une date mobile mais encadr\u00e9e<\/h3><p data-start=\"488\" data-end=\"869\">En France, la r\u00e8gle est claire : la <strong data-start=\"524\" data-end=\"542\">f\u00eate des m\u00e8res<\/strong> <strong>2025<\/strong> est c\u00e9l\u00e9br\u00e9e, comme les autres f\u00eates des m\u00e8res,\u00a0 le <strong data-start=\"559\" data-end=\"586\">dernier dimanche de mai<\/strong>. Cependant, lorsque cette date co\u00efncide avec la f\u00eate de la <strong data-start=\"646\" data-end=\"659\">Pentec\u00f4te<\/strong>, elle est exceptionnellement report\u00e9e au <strong data-start=\"701\" data-end=\"729\">premier dimanche de juin<\/strong>. Cette disposition permet d\u2019\u00e9viter un chevauchement entre deux c\u00e9l\u00e9brations importantes, l\u2019une religieuse et l\u2019autre civile et familiale.<\/p><h3 data-start=\"177\" data-end=\"237\">Date F\u00eate des m\u00e8res 2025\u00a0<\/h3><ul data-start=\"898\" data-end=\"1144\"><li data-start=\"898\" data-end=\"966\"><p data-start=\"900\" data-end=\"966\">En <strong data-start=\"903\" data-end=\"911\">2025<\/strong>, la f\u00eate des m\u00e8res a eu lieu le <strong data-start=\"944\" data-end=\"963\">dimanche 25 mai<\/strong>.<\/p><\/li><\/ul><h3 data-start=\"177\" data-end=\"237\">Date F\u00eate des m\u00e8res 2026\u00a0<\/h3><ul data-start=\"898\" data-end=\"1144\"><li data-start=\"967\" data-end=\"1097\"><p data-start=\"969\" data-end=\"1097\">En <strong data-start=\"972\" data-end=\"980\">2026<\/strong>, elle sera c\u00e9l\u00e9br\u00e9e le <strong data-start=\"1004\" data-end=\"1014\">31 mai<\/strong>, sauf si la Pentec\u00f4te tombe ce jour-l\u00e0, ce qui entra\u00eenerait un report au 7 juin.<\/p><\/li><\/ul><h3 data-start=\"177\" data-end=\"237\">Date F\u00eate des m\u00e8res 2027\u00a0<\/h3><ul data-start=\"898\" data-end=\"1144\"><li data-start=\"1098\" data-end=\"1144\"><p data-start=\"1100\" data-end=\"1144\">En <strong data-start=\"1103\" data-end=\"1111\">2027<\/strong>, elle reviendra le <strong data-start=\"1131\" data-end=\"1141\">30 mai<\/strong>.<\/p><\/li><\/ul><p data-start=\"1146\" data-end=\"1325\">Ces variations peuvent parfois pr\u00eater \u00e0 confusion, surtout compar\u00e9es \u00e0 d\u2019autres pays comme les <strong data-start=\"1241\" data-end=\"1255\">\u00c9tats-Unis<\/strong>, o\u00f9 la f\u00eate est fix\u00e9e chaque ann\u00e9e au <strong data-start=\"1294\" data-end=\"1322\">deuxi\u00e8me dimanche de mai<\/strong>.<\/p><p data-start=\"1146\" data-end=\"1325\"><a href=\"https:\/\/cparici.com\/wp-content\/uploads\/2025\/09\/cparici-2025-09-04T163330.517.jpg\"><img decoding=\"async\" class=\"aligncenter wp-image-70109 size-full\" src=\"https:\/\/cparici.com\/wp-content\/uploads\/2025\/09\/cparici-2025-09-04T163330.517.jpg\" alt=\"Date f\u00eate des m\u00e8res 2025\" width=\"1500\" height=\"530\" srcset=\"https:\/\/cparici.com\/wp-content\/uploads\/2025\/09\/cparici-2025-09-04T163330.517.jpg 1500w, https:\/\/cparici.com\/wp-content\/uploads\/2025\/09\/cparici-2025-09-04T163330.517-300x106.jpg 300w, https:\/\/cparici.com\/wp-content\/uploads\/2025\/09\/cparici-2025-09-04T163330.517-1024x362.jpg 1024w, https:\/\/cparici.com\/wp-content\/uploads\/2025\/09\/cparici-2025-09-04T163330.517-768x271.jpg 768w, https:\/\/cparici.com\/wp-content\/uploads\/2025\/09\/cparici-2025-09-04T163330.517-18x6.jpg 18w, https:\/\/cparici.com\/wp-content\/uploads\/2025\/09\/cparici-2025-09-04T163330.517-590x208.jpg 590w, https:\/\/cparici.com\/wp-content\/uploads\/2025\/09\/cparici-2025-09-04T163330.517-1200x424.jpg 1200w, https:\/\/cparici.com\/wp-content\/uploads\/2025\/09\/cparici-2025-09-04T163330.517-577x204.jpg 577w, https:\/\/cparici.com\/wp-content\/uploads\/2025\/09\/cparici-2025-09-04T163330.517-600x212.jpg 600w\" sizes=\"(max-width: 1500px) 100vw, 1500px\" \/><\/a><\/p><p data-start=\"301\" data-end=\"699\">La <strong data-start=\"304\" data-end=\"332\">date f\u00eate des m\u00e8res 2025<\/strong> approche et de nombreuses familles fran\u00e7aises s\u2019interrogent d\u00e9j\u00e0 : quand aura lieu cette c\u00e9l\u00e9bration si attendue ? Comme chaque ann\u00e9e, la r\u00e8gle est simple : la <strong data-start=\"493\" data-end=\"511\">f\u00eate des m\u00e8res<\/strong> est fix\u00e9e au <strong data-start=\"525\" data-end=\"552\">dernier dimanche de mai<\/strong>, sauf si cette journ\u00e9e co\u00efncide avec la f\u00eate de la <strong data-start=\"604\" data-end=\"617\">Pentec\u00f4te<\/strong>. Dans ce cas, elle est exceptionnellement report\u00e9e au premier dimanche de juin.<\/p><p data-start=\"701\" data-end=\"1091\">En 2025, la <strong data-start=\"713\" data-end=\"742\">date de la f\u00eate des m\u00e8res<\/strong> tombe le <strong data-start=\"752\" data-end=\"771\">dimanche 25 mai<\/strong>. Cette journ\u00e9e sera l\u2019occasion de mettre \u00e0 l\u2019honneur toutes les mamans, \u00e0 travers des gestes d\u2019affection, des cadeaux ou les c\u00e9l\u00e8bres cr\u00e9ations scolaires comme le collier de nouilles. Les <strong data-start=\"960\" data-end=\"974\">fleuristes<\/strong>, les bijoutiers et les commerces de proximit\u00e9 se pr\u00e9parent \u00e9galement \u00e0 ce rendez-vous incontournable du printemps.<\/p><p data-start=\"1093\" data-end=\"1424\">La <strong data-start=\"1096\" data-end=\"1124\">date f\u00eate des m\u00e8res 2025<\/strong> sera donc un moment privil\u00e9gi\u00e9 pour partager un repas en famille, offrir un bouquet de <strong data-start=\"1212\" data-end=\"1222\">fleurs<\/strong> symboliques ou simplement passer du temps avec ses proches. Au-del\u00e0 du calendrier, cette journ\u00e9e rappelle chaque ann\u00e9e l\u2019importance de la <strong data-start=\"1361\" data-end=\"1374\">maternit\u00e9<\/strong> et du r\u00f4le essentiel des m\u00e8res dans la soci\u00e9t\u00e9.<\/p><h3 data-start=\"1327\" data-end=\"1358\">Une singularit\u00e9 fran\u00e7aise<\/h3><p data-start=\"1359\" data-end=\"1789\">Ce choix d\u2019une date mobile distingue la France sur le plan international. Il refl\u00e8te une volont\u00e9 d\u2019adaptation au calendrier religieux tout en conservant l\u2019identit\u00e9 propre de la <strong data-start=\"1536\" data-end=\"1554\">f\u00eate des m\u00e8res<\/strong> r\u00e9publicaine. Ce d\u00e9calage est \u00e9galement devenu une habitude culturelle : chaque printemps, les familles fran\u00e7aises consultent le calendrier pour savoir quand pr\u00e9parer leurs fleurs, leurs cadeaux ou leurs fameux colliers de nouilles.<\/p><h2 data-start=\"173\" data-end=\"225\">Traditions et symboles populaires<\/h2><p data-start=\"227\" data-end=\"542\">La <strong data-start=\"230\" data-end=\"248\">f\u00eate des m\u00e8res<\/strong> en France ne se r\u00e9sume pas \u00e0 une date sur le calendrier : elle est surtout associ\u00e9e \u00e0 des <strong data-start=\"339\" data-end=\"364\">traditions familiales<\/strong> qui se transmettent de g\u00e9n\u00e9ration en g\u00e9n\u00e9ration. Ces symboles, parfois simples et touchants, incarnent parfaitement l\u2019esprit de gratitude et d\u2019amour qui entoure cette journ\u00e9e.<\/p><h3 data-start=\"544\" data-end=\"579\">F\u00eate des m\u00e8res 2025, Le fameux collier de nouilles<\/h3><p data-start=\"580\" data-end=\"1063\">Parmi les traditions les plus embl\u00e9matiques figure le <strong data-start=\"634\" data-end=\"657\">collier de nouilles<\/strong>, devenu presque une ic\u00f4ne culturelle. Fabriqu\u00e9 \u00e0 l\u2019\u00e9cole maternelle par les enfants, il est offert avec fiert\u00e9 aux mamans lors de la <strong data-start=\"791\" data-end=\"809\">f\u00eate des m\u00e8res 2025<\/strong>. Bien que modeste, ce cadeau illustre l\u2019authenticit\u00e9 des gestes d\u2019enfants : il n\u2019est pas question de valeur marchande, mais d\u2019un pr\u00e9sent affectif charg\u00e9 d\u2019\u00e9motion. Ce symbole reste profond\u00e9ment ancr\u00e9 dans la m\u00e9moire collective des familles fran\u00e7aises.<\/p><h3 data-start=\"1065\" data-end=\"1102\">F\u00eate des m\u00e8res 2025, Les fleurs, cadeaux intemporels<\/h3><p data-start=\"1103\" data-end=\"1541\">Les <strong data-start=\"1107\" data-end=\"1117\">fleurs<\/strong> occupent une place centrale dans la <strong data-start=\"1154\" data-end=\"1172\">f\u00eate des m\u00e8res 2025<\/strong>. Offrir un bouquet est une tradition ind\u00e9modable, car les fleurs expriment des sentiments universels : amour, tendresse, reconnaissance. Les roses, les pivoines et parfois le muguet sont les plus couramment offerts. Les fleuristes constatent d\u2019ailleurs une hausse importante de leurs ventes \u00e0 l\u2019approche de cette journ\u00e9e, preuve de son impact culturel et \u00e9conomique.<\/p><p data-start=\"1103\" data-end=\"1541\"><a href=\"https:\/\/cparici.com\/wp-content\/uploads\/2025\/09\/cparici-2025-09-04T163532.501.jpg\"><img decoding=\"async\" class=\"aligncenter wp-image-70110 size-full\" src=\"https:\/\/cparici.com\/wp-content\/uploads\/2025\/09\/cparici-2025-09-04T163532.501.jpg\" alt=\"Cadeau f\u00eate des m\u00e8res\" width=\"1500\" height=\"530\" srcset=\"https:\/\/cparici.com\/wp-content\/uploads\/2025\/09\/cparici-2025-09-04T163532.501.jpg 1500w, https:\/\/cparici.com\/wp-content\/uploads\/2025\/09\/cparici-2025-09-04T163532.501-300x106.jpg 300w, https:\/\/cparici.com\/wp-content\/uploads\/2025\/09\/cparici-2025-09-04T163532.501-1024x362.jpg 1024w, https:\/\/cparici.com\/wp-content\/uploads\/2025\/09\/cparici-2025-09-04T163532.501-768x271.jpg 768w, https:\/\/cparici.com\/wp-content\/uploads\/2025\/09\/cparici-2025-09-04T163532.501-18x6.jpg 18w, https:\/\/cparici.com\/wp-content\/uploads\/2025\/09\/cparici-2025-09-04T163532.501-590x208.jpg 590w, https:\/\/cparici.com\/wp-content\/uploads\/2025\/09\/cparici-2025-09-04T163532.501-1200x424.jpg 1200w, https:\/\/cparici.com\/wp-content\/uploads\/2025\/09\/cparici-2025-09-04T163532.501-577x204.jpg 577w, https:\/\/cparici.com\/wp-content\/uploads\/2025\/09\/cparici-2025-09-04T163532.501-600x212.jpg 600w\" sizes=\"(max-width: 1500px) 100vw, 1500px\" \/><\/a><\/p><h3 data-start=\"1543\" data-end=\"1574\">Les cadeaux personnalis\u00e9s pour la f\u00eate des m\u00e8res<\/h3><p data-start=\"1575\" data-end=\"1963\">Au-del\u00e0 des cr\u00e9ations enfantines et des fleurs, la modernit\u00e9 a introduit de nouvelles pratiques. Bijoux grav\u00e9s, objets de d\u00e9coration personnalis\u00e9s, coffrets bien-\u00eatre ou exp\u00e9riences partag\u00e9es (comme un d\u00eener ou une activit\u00e9 en famille) se sont impos\u00e9s comme cadeaux fr\u00e9quents. Ces attentions refl\u00e8tent l\u2019\u00e9volution de la <strong data-start=\"1895\" data-end=\"1913\">f\u00eate des m\u00e8res<\/strong>, qui conjugue d\u00e9sormais tradition et modernit\u00e9.<\/p><h3 data-start=\"1965\" data-end=\"2000\">Une f\u00eate familiale avant tout<\/h3><p data-start=\"2001\" data-end=\"2381\">Peu importe la nature du cadeau, l\u2019essentiel r\u00e9side dans le geste et le temps partag\u00e9. La <strong data-start=\"2091\" data-end=\"2109\">f\u00eate des m\u00e8res<\/strong> reste avant tout une journ\u00e9e familiale, marqu\u00e9e par des repas conviviaux, des moments de complicit\u00e9 et des t\u00e9moignages d\u2019affection. C\u2019est cette dimension intime qui explique pourquoi elle conserve, ann\u00e9e apr\u00e8s ann\u00e9e, une place si particuli\u00e8re dans le c\u0153ur des Fran\u00e7ais.<\/p><h2 data-start=\"210\" data-end=\"276\">F\u00eate des m\u00e8res 2025, Origines et \u00e9volutions\u00a0<\/h2><p data-start=\"278\" data-end=\"524\">L\u2019histoire de la <strong data-start=\"295\" data-end=\"313\">f\u00eate des m\u00e8res<\/strong> ne date pas d\u2019hier. Bien avant son inscription officielle dans le calendrier fran\u00e7ais, les civilisations antiques rendaient d\u00e9j\u00e0 hommage aux <strong data-start=\"455\" data-end=\"464\">m\u00e8res<\/strong> \u00e0 travers des c\u00e9l\u00e9brations religieuses et communautaires.<\/p><h3 data-start=\"526\" data-end=\"560\">Les racines dans l\u2019Antiquit\u00e9<\/h3><p data-start=\"561\" data-end=\"854\">En <strong data-start=\"564\" data-end=\"581\">Gr\u00e8ce antique<\/strong>, les populations honoraient <strong data-start=\"610\" data-end=\"618\">Rh\u00e9a<\/strong>, la m\u00e8re des dieux de l\u2019Olympe, consid\u00e9r\u00e9e comme une divinit\u00e9 protectrice de la fertilit\u00e9 et de la maternit\u00e9. Ces c\u00e9r\u00e9monies printani\u00e8res associaient la nature renaissante \u00e0 l\u2019importance du r\u00f4le maternel dans la continuit\u00e9 de la vie.<\/p><p data-start=\"856\" data-end=\"1229\">Chez les <strong data-start=\"865\" data-end=\"876\">Romains<\/strong>, les festivit\u00e9s appel\u00e9es <strong data-start=\"902\" data-end=\"916\">Matronalia<\/strong> \u00e9taient organis\u00e9es chaque 1er mars en l\u2019honneur de Junon, d\u00e9esse du mariage et de la maternit\u00e9. Les \u00e9poux offraient des pr\u00e9sents \u00e0 leurs \u00e9pouses et les enfants rendaient hommage \u00e0 leurs m\u00e8res. Ces pratiques anciennes forment l\u2019un des premiers socles historiques de ce que deviendra plus tard la f\u00eate des m\u00e8res.<\/p><h3 data-start=\"1231\" data-end=\"1272\">\u00c9volutions en Europe et en Am\u00e9rique<\/h3><p data-start=\"1273\" data-end=\"1563\">Au Moyen \u00c2ge, en <strong data-start=\"1290\" data-end=\"1304\">Angleterre<\/strong>, une coutume appel\u00e9e <em data-start=\"1326\" data-end=\"1344\">Mothering Sunday<\/em> voyait les enfants domestiques ou apprentis revenir une fois par an dans leur paroisse et aupr\u00e8s de leur famille. Ils profitaient de ce jour particulier pour offrir des cadeaux simples et t\u00e9moigner de leur affection.<\/p><p data-start=\"1565\" data-end=\"1985\">De l\u2019autre c\u00f4t\u00e9 de l\u2019Atlantique, la version moderne de la <strong data-start=\"1623\" data-end=\"1641\">f\u00eate des m\u00e8res<\/strong> prend forme aux <strong data-start=\"1658\" data-end=\"1672\">\u00c9tats-Unis<\/strong> au d\u00e9but du XX\u1d49 si\u00e8cle. Sous l\u2019impulsion d\u2019<strong data-start=\"1716\" data-end=\"1731\">Anna Jarvis<\/strong>, une militante originaire de Virginie, une journ\u00e9e nationale consacr\u00e9e aux m\u00e8res est institu\u00e9e en 1914 par le pr\u00e9sident <strong data-start=\"1852\" data-end=\"1870\">Woodrow Wilson<\/strong>. Fix\u00e9e au deuxi\u00e8me dimanche de mai, cette date va inspirer de nombreux pays \u00e0 adopter une c\u00e9l\u00e9bration similaire.<\/p><p data-start=\"1565\" data-end=\"1985\"><a href=\"https:\/\/cparici.com\/wp-content\/uploads\/2025\/09\/cparici-2025-09-04T163937.727.jpg\"><img decoding=\"async\" class=\"aligncenter wp-image-70114 size-full\" src=\"https:\/\/cparici.com\/wp-content\/uploads\/2025\/09\/cparici-2025-09-04T163937.727.jpg\" alt=\"La f\u00eate des m\u00e8res en Europe et \u00e0 l'international\" width=\"1500\" height=\"530\" srcset=\"https:\/\/cparici.com\/wp-content\/uploads\/2025\/09\/cparici-2025-09-04T163937.727.jpg 1500w, https:\/\/cparici.com\/wp-content\/uploads\/2025\/09\/cparici-2025-09-04T163937.727-300x106.jpg 300w, https:\/\/cparici.com\/wp-content\/uploads\/2025\/09\/cparici-2025-09-04T163937.727-1024x362.jpg 1024w, https:\/\/cparici.com\/wp-content\/uploads\/2025\/09\/cparici-2025-09-04T163937.727-768x271.jpg 768w, https:\/\/cparici.com\/wp-content\/uploads\/2025\/09\/cparici-2025-09-04T163937.727-18x6.jpg 18w, https:\/\/cparici.com\/wp-content\/uploads\/2025\/09\/cparici-2025-09-04T163937.727-590x208.jpg 590w, https:\/\/cparici.com\/wp-content\/uploads\/2025\/09\/cparici-2025-09-04T163937.727-1200x424.jpg 1200w, https:\/\/cparici.com\/wp-content\/uploads\/2025\/09\/cparici-2025-09-04T163937.727-577x204.jpg 577w, https:\/\/cparici.com\/wp-content\/uploads\/2025\/09\/cparici-2025-09-04T163937.727-600x212.jpg 600w\" sizes=\"(max-width: 1500px) 100vw, 1500px\" \/><\/a><\/p><h3 data-start=\"1987\" data-end=\"2017\">F\u00eate des m\u00e8res 2025, une inspiration mondiale<\/h3><p data-start=\"2018\" data-end=\"2346\">L\u2019initiative am\u00e9ricaine se r\u00e9pand rapidement : l\u2019Allemagne, le Canada, l\u2019Australie ou encore la Belgique adoptent le m\u00eame mod\u00e8le. Chacun adapte cette journ\u00e9e \u00e0 sa culture et \u00e0 son calendrier, mais partout, l\u2019objectif reste identique : honorer la maternit\u00e9 et rappeler le r\u00f4le essentiel des m\u00e8res dans la famille et la soci\u00e9t\u00e9.<\/p><p data-start=\"2348\" data-end=\"2532\">Ainsi, avant m\u00eame que la France ne l\u2019officialise, la <strong data-start=\"2401\" data-end=\"2419\">f\u00eate des m\u00e8res<\/strong> avait d\u00e9j\u00e0 parcouru des si\u00e8cles d\u2019histoire et franchi les fronti\u00e8res pour devenir une c\u00e9l\u00e9bration universelle.<\/p><h2 data-start=\"217\" data-end=\"287\">Premi\u00e8res c\u00e9l\u00e9brations en France (d\u00e9but XX\u1d49 si\u00e8cle)<\/h2><p data-start=\"289\" data-end=\"590\">Avant de devenir une institution nationale, la <strong data-start=\"336\" data-end=\"354\">f\u00eate des m\u00e8res<\/strong> a d\u2019abord \u00e9t\u00e9 c\u00e9l\u00e9br\u00e9e de mani\u00e8re locale et symbolique en France. Ces premi\u00e8res initiatives, n\u00e9es dans un contexte de reconnaissance familiale et patriotique, ont marqu\u00e9 les pr\u00e9mices d\u2019une tradition appel\u00e9e \u00e0 s\u2019enraciner durablement.<\/p><h3 data-start=\"592\" data-end=\"642\">Artas, berceau officiel de la f\u00eate des m\u00e8res<\/h3><p data-start=\"643\" data-end=\"1198\">La premi\u00e8re <strong data-start=\"655\" data-end=\"673\">f\u00eate des m\u00e8res<\/strong> fran\u00e7aise document\u00e9e remonte \u00e0 <strong data-start=\"705\" data-end=\"713\">1906<\/strong>, dans la petite commune d\u2019<strong data-start=\"740\" data-end=\"749\">Artas<\/strong> en Is\u00e8re. Sous l\u2019impulsion d\u2019un instituteur et des autorit\u00e9s locales, une c\u00e9r\u00e9monie fut organis\u00e9e pour rendre hommage aux m\u00e8res de familles nombreuses. Cette initiative avait pour but de reconna\u00eetre leur contribution \u00e0 la soci\u00e9t\u00e9 et de valoriser la maternit\u00e9 comme pilier de la communaut\u00e9. Aujourd\u2019hui encore, Artas est consid\u00e9r\u00e9 comme le \u00ab berceau officiel \u00bb de la f\u00eate des m\u00e8res en France, et le village revendique fi\u00e8rement ce r\u00f4le historique.<\/p><h3 data-start=\"1200\" data-end=\"1241\">La Journ\u00e9e des m\u00e8res \u00e0 Lyon en 1918<\/h3><p data-start=\"1242\" data-end=\"1711\">Une autre \u00e9tape importante survient en <strong data-start=\"1281\" data-end=\"1289\">1918<\/strong>, \u00e0 la fin de la Premi\u00e8re Guerre mondiale. \u00c0 <strong data-start=\"1334\" data-end=\"1342\">Lyon<\/strong>, le colonel de La Croix-Laval organise une \u00ab Journ\u00e9e des m\u00e8res \u00bb en l\u2019honneur des veuves et des m\u00e8res de soldats morts au combat. Cette c\u00e9l\u00e9bration, profond\u00e9ment marqu\u00e9e par le deuil et la gratitude nationale, donne \u00e0 la f\u00eate une port\u00e9e symbolique encore plus forte : au-del\u00e0 de l\u2019amour filial, il s\u2019agit aussi de reconna\u00eetre le sacrifice et le courage des familles.<\/p><h3 data-start=\"1713\" data-end=\"1753\">Vers une reconnaissance plus large<\/h3><p data-start=\"1754\" data-end=\"2131\">Ces premi\u00e8res manifestations t\u00e9moignent d\u2019une volont\u00e9 croissante de mettre en avant la maternit\u00e9 et de lui d\u00e9dier une journ\u00e9e particuli\u00e8re. Elles pr\u00e9parent le terrain pour l\u2019officialisation future de la <strong data-start=\"1957\" data-end=\"1975\">f\u00eate des m\u00e8res<\/strong> par l\u2019\u00c9tat fran\u00e7ais. Peu \u00e0 peu, cette tradition locale prend une dimension nationale et s\u2019impose dans les mentalit\u00e9s comme une c\u00e9l\u00e9bration indispensable.<\/p><h2 data-start=\"207\" data-end=\"271\">Institutionnalisation sous Vichy et critiques<\/h2><p data-start=\"273\" data-end=\"574\">La <strong data-start=\"276\" data-end=\"294\">f\u00eate des m\u00e8res<\/strong> franchit un cap d\u00e9cisif au d\u00e9but des ann\u00e9es 1940. Si elle existait d\u00e9j\u00e0 localement depuis plusieurs d\u00e9cennies, c\u2019est sous le r\u00e9gime de Vichy qu\u2019elle est officiellement inscrite au calendrier national. Cet \u00e9pisode historique reste cependant entour\u00e9 de d\u00e9bats et de controverses.<\/p><h3 data-start=\"576\" data-end=\"622\">L\u2019officialisation par le r\u00e9gime de Vichy<\/h3><p data-start=\"623\" data-end=\"970\">En <strong data-start=\"626\" data-end=\"634\">1941<\/strong>, le mar\u00e9chal <strong data-start=\"648\" data-end=\"658\">P\u00e9tain<\/strong> d\u00e9cide de consacrer une \u00ab Journ\u00e9e nationale des m\u00e8res \u00bb. Dans un contexte de guerre et de politique nataliste, cette d\u00e9cision vise \u00e0 encourager la natalit\u00e9 et \u00e0 promouvoir le r\u00f4le des femmes comme piliers de la famille. Le r\u00e9gime met en avant la maternit\u00e9 comme une valeur essentielle au redressement du pays.<\/p><p data-start=\"972\" data-end=\"1215\">Des c\u00e9r\u00e9monies officielles sont alors organis\u00e9es, et la <strong data-start=\"1028\" data-end=\"1046\">f\u00eate des m\u00e8res<\/strong> prend une ampleur nouvelle. \u00c0 Paris, le <strong data-start=\"1087\" data-end=\"1120\">Monument aux M\u00e8res Fran\u00e7aises<\/strong> est inaugur\u00e9, symbolisant la reconnaissance de la nation envers celles qui ont donn\u00e9 la vie.<\/p><h3 data-start=\"1217\" data-end=\"1257\">Le mythe de l\u2019invention par P\u00e9tain<\/h3><p data-start=\"1258\" data-end=\"1618\">Une id\u00e9e re\u00e7ue persiste encore aujourd\u2019hui : beaucoup pensent que P\u00e9tain aurait \u00ab invent\u00e9 \u00bb la f\u00eate des m\u00e8res. Or, ce n\u2019est pas le cas. Les premi\u00e8res c\u00e9l\u00e9brations avaient d\u00e9j\u00e0 eu lieu \u00e0 Artas en 1906 et \u00e0 Lyon en 1918. Le r\u00e9gime de Vichy n\u2019a donc pas cr\u00e9\u00e9 cette tradition, mais l\u2019a institutionnalis\u00e9e et renforc\u00e9e dans un contexte politique bien particulier.<\/p><h3 data-start=\"1620\" data-end=\"1655\">Une f\u00eate au pass\u00e9 controvers\u00e9<\/h3><p data-start=\"1656\" data-end=\"1973\">Le lien entre la <strong data-start=\"1673\" data-end=\"1691\">f\u00eate des m\u00e8res<\/strong> et Vichy a longtemps aliment\u00e9 des critiques. Certains consid\u00e9raient qu\u2019il s\u2019agissait d\u2019une f\u00eate impos\u00e9e par une id\u00e9ologie autoritaire. Toutefois, apr\u00e8s la Lib\u00e9ration, la c\u00e9l\u00e9bration a \u00e9t\u00e9 conserv\u00e9e, preuve que son importance d\u00e9passait largement son instrumentalisation politique.<\/p><p data-start=\"1975\" data-end=\"2216\">Aujourd\u2019hui, la f\u00eate est per\u00e7ue comme un moment familial universel, et non plus comme un h\u00e9ritage du r\u00e9gime. Mais son histoire rappelle que m\u00eame les traditions les plus joyeuses peuvent avoir des racines complexes et parfois controvers\u00e9es.<\/p><h2 data-start=\"176\" data-end=\"222\">Codification l\u00e9gale en 1950<\/h2><p data-start=\"224\" data-end=\"426\">Apr\u00e8s la Seconde Guerre mondiale, la France cherche \u00e0 stabiliser et clarifier le calendrier des c\u00e9l\u00e9brations officielles. C\u2019est dans ce contexte que la <strong data-start=\"376\" data-end=\"394\">f\u00eate des m\u00e8res<\/strong> obtient son statut d\u00e9finitif.<\/p><h3 data-start=\"428\" data-end=\"455\">La loi du 24 mai 1950<\/h3><p data-start=\"456\" data-end=\"834\">Le 24 mai 1950, le pr\u00e9sident <strong data-start=\"485\" data-end=\"503\">Vincent Auriol<\/strong> signe une loi inscrivant la <strong data-start=\"532\" data-end=\"550\">f\u00eate des m\u00e8res<\/strong> dans le calendrier r\u00e9publicain. Le texte stipule que \u00ab la R\u00e9publique fran\u00e7aise rend officiellement hommage chaque ann\u00e9e aux m\u00e8res de famille \u00bb. Cette d\u00e9cision marque une \u00e9tape d\u00e9cisive : la f\u00eate devient une institution reconnue par l\u2019\u00c9tat, d\u00e9tach\u00e9e de toute id\u00e9ologie particuli\u00e8re.<\/p><h3 data-start=\"836\" data-end=\"861\">F\u00eate des m\u00e8res 2025, Fixation de la date<\/h3><p data-start=\"862\" data-end=\"1269\">La loi pr\u00e9cise \u00e9galement la r\u00e8gle qui r\u00e9git encore aujourd\u2019hui la c\u00e9l\u00e9bration : la <strong data-start=\"945\" data-end=\"963\">f\u00eate des m\u00e8res<\/strong> doit avoir lieu le <strong data-start=\"983\" data-end=\"1010\">dernier dimanche de mai<\/strong>, sauf si cette date co\u00efncide avec la f\u00eate de la <strong data-start=\"1059\" data-end=\"1072\">Pentec\u00f4te<\/strong>. Dans ce cas, elle est report\u00e9e au premier dimanche de juin. Cette adaptation \u00e9vite le chevauchement avec une f\u00eate religieuse majeure et ancre la f\u00eate dans une logique r\u00e9publicaine et familiale.<\/p><h3 data-start=\"1271\" data-end=\"1299\">Un tournant symbolique<\/h3><p data-start=\"1300\" data-end=\"1686\">En officialisant la <strong data-start=\"1320\" data-end=\"1338\">f\u00eate des m\u00e8res<\/strong> par une loi, la France lui donne une l\u00e9gitimit\u00e9 durable et universelle. D\u00e9sormais, il ne s\u2019agit plus seulement d\u2019une coutume locale ou d\u2019une initiative politique ponctuelle, mais d\u2019un rendez-vous inscrit dans la vie nationale. Cette reconnaissance marque aussi l\u2019importance accord\u00e9e \u00e0 la famille et \u00e0 la maternit\u00e9 dans la soci\u00e9t\u00e9 d\u2019apr\u00e8s-guerre.<\/p><h2 data-start=\"190\" data-end=\"248\">F\u00eate des m\u00e8res 2025 dans un contexte mondial<\/h2><p data-start=\"250\" data-end=\"516\">Si la <strong data-start=\"256\" data-end=\"274\">f\u00eate des m\u00e8res<\/strong> est profond\u00e9ment ancr\u00e9e dans la culture fran\u00e7aise, elle s\u2019inscrit aussi dans un cadre <strong data-start=\"361\" data-end=\"378\">international<\/strong>. De nombreux pays c\u00e9l\u00e8brent cette journ\u00e9e, mais chacun le fait \u00e0 sa mani\u00e8re, avec des dates et des traditions parfois tr\u00e8s diff\u00e9rentes.<\/p><h3 data-start=\"518\" data-end=\"545\">Les pays anglo-saxons<\/h3><p data-start=\"546\" data-end=\"944\">Aux <strong data-start=\"550\" data-end=\"564\">\u00c9tats-Unis<\/strong>, la <strong data-start=\"569\" data-end=\"587\">f\u00eate des m\u00e8res<\/strong> est c\u00e9l\u00e9br\u00e9e le <strong data-start=\"604\" data-end=\"632\">deuxi\u00e8me dimanche de mai<\/strong>, depuis sa cr\u00e9ation officielle en 1914 par le pr\u00e9sident Woodrow Wilson. Ce mod\u00e8le a \u00e9t\u00e9 adopt\u00e9 par le <strong data-start=\"735\" data-end=\"745\">Canada<\/strong>, l\u2019<strong data-start=\"749\" data-end=\"762\">Australie<\/strong> et de nombreux autres pays anglophones. C\u2019est souvent une journ\u00e9e marqu\u00e9e par l\u2019envoi massif de cartes, de fleurs et de cadeaux, mais aussi par de grands rassemblements familiaux.<\/p><h3 data-start=\"946\" data-end=\"982\">L\u2019Europe et ses particularit\u00e9s<\/h3><p data-start=\"983\" data-end=\"1390\">En <strong data-start=\"986\" data-end=\"999\">Allemagne<\/strong>, la <strong data-start=\"1004\" data-end=\"1022\">f\u00eate des m\u00e8res 2025<\/strong> (<em data-start=\"1024\" data-end=\"1035\">Muttertag<\/em>) se d\u00e9roule \u00e9galement le deuxi\u00e8me dimanche de mai, suivant le mod\u00e8le am\u00e9ricain. En revanche, en <strong data-start=\"1132\" data-end=\"1143\">Espagne<\/strong> et au <strong data-start=\"1150\" data-end=\"1162\">Portugal<\/strong>, elle est c\u00e9l\u00e9br\u00e9e le <strong data-start=\"1185\" data-end=\"1212\">premier dimanche de mai<\/strong>. Au <strong data-start=\"1217\" data-end=\"1232\">Royaume-Uni<\/strong>, la f\u00eate correspond au <em data-start=\"1256\" data-end=\"1274\">Mothering Sunday<\/em>, une tradition plus ancienne, qui a lieu en mars et conserve encore aujourd\u2019hui une forte connotation religieuse.<\/p><h3 data-start=\"1392\" data-end=\"1425\">L\u2019Asie et le reste du monde<\/h3><p data-start=\"1426\" data-end=\"1822\">Dans certains pays asiatiques, la date de la <strong data-start=\"1471\" data-end=\"1489\">f\u00eate des m\u00e8res<\/strong> est associ\u00e9e \u00e0 des symboles nationaux. En <strong data-start=\"1532\" data-end=\"1545\">Tha\u00eflande<\/strong>, elle est fix\u00e9e au <strong data-start=\"1565\" data-end=\"1576\">12 ao\u00fbt<\/strong>, correspondant \u00e0 l\u2019anniversaire de la reine Sirikit, consid\u00e9r\u00e9e comme la \u00ab m\u00e8re de la nation \u00bb. Au <strong data-start=\"1676\" data-end=\"1685\">Japon<\/strong>, elle est c\u00e9l\u00e9br\u00e9e en mai et se traduit souvent par l\u2019offrande de fleurs comme les <strong data-start=\"1769\" data-end=\"1787\">\u0153illets rouges<\/strong>, symboles d\u2019amour et de respect.<\/p><h3 data-start=\"1824\" data-end=\"1857\">Une c\u00e9l\u00e9bration universelle<\/h3><p data-start=\"1858\" data-end=\"2197\">Malgr\u00e9 la diversit\u00e9 des dates et des coutumes, l\u2019esprit de la <strong data-start=\"1920\" data-end=\"1938\">f\u00eate des m\u00e8res<\/strong> est identique partout : il s\u2019agit de reconna\u00eetre l\u2019importance des m\u00e8res dans la soci\u00e9t\u00e9 et d\u2019exprimer de la gratitude. Ce caract\u00e8re universel t\u00e9moigne de la force symbolique de cette tradition, capable de s\u2019adapter aux cultures tout en gardant son essence.<\/p><h2 data-start=\"277\" data-end=\"316\">Foire Aux Questions\u00a0 F\u00eate des m\u00e8res 2025<\/h2><h3 data-start=\"318\" data-end=\"374\">Quand est la f\u00eate des m\u00e8res 2025?<\/h3><p data-start=\"375\" data-end=\"627\">La <strong data-start=\"387\" data-end=\"405\">f\u00eate des m\u00e8res 2025<\/strong> en France a \u00e9t\u00e9 c\u00e9l\u00e9br\u00e9e le <strong data-start=\"433\" data-end=\"452\">dimanche 25 mai<\/strong>. Comme le pr\u00e9voit la loi, elle tombe le dernier dimanche de mai, sauf si cette date correspond \u00e0 la <strong data-start=\"553\" data-end=\"566\">Pentec\u00f4te<\/strong>, auquel cas elle est report\u00e9e au premier dimanche de juin.<\/p><h3 data-start=\"375\" data-end=\"627\">Quand est la fete des grand m\u00e8res 2025?<\/h3><p data-start=\"375\" data-end=\"627\"><span class=\"relative -mx-px my-[-0.2rem] rounded px-px py-[0.2rem] transition-colors duration-100 ease-in-out\">En <strong data-start=\"3\" data-end=\"13\">France<\/strong>, la <strong data-start=\"18\" data-end=\"42\">F\u00eate des grand-m\u00e8res<\/strong> est c\u00e9l\u00e9br\u00e9e chaque ann\u00e9e <strong data-start=\"69\" data-end=\"100\">le premier dimanche de mars<\/strong>. Pour 2025, cette journ\u00e9e sp\u00e9ciale tombe donc <strong data-start=\"149\" data-end=\"176\" data-is-last-node=\"\">le dimanche 2 mars 2025<\/strong><\/span><\/p><h3 data-start=\"629\" data-end=\"688\">Quelle est l\u2019origine de la f\u00eate des m\u00e8res en France ?<\/h3><p data-start=\"689\" data-end=\"983\">La <strong data-start=\"692\" data-end=\"710\">f\u00eate des m\u00e8res<\/strong> 2025, comme toutes les autres, trouve ses racines dans plusieurs traditions. La premi\u00e8re c\u00e9l\u00e9bration officielle a eu lieu en <strong data-start=\"805\" data-end=\"821\">1906 \u00e0 Artas<\/strong> (Is\u00e8re), avant d\u2019\u00eatre reprise \u00e0 Lyon en 1918. Elle a ensuite \u00e9t\u00e9 officialis\u00e9e par le r\u00e9gime de Vichy en 1941, puis inscrite d\u00e9finitivement dans la loi en 1950.<\/p><h3 data-start=\"985\" data-end=\"1025\">Qui a instaur\u00e9 la f\u00eate des m\u00e8res ?<\/h3><p data-start=\"1026\" data-end=\"1308\">Contrairement \u00e0 une id\u00e9e re\u00e7ue, le mar\u00e9chal <strong data-start=\"1070\" data-end=\"1080\">P\u00e9tain<\/strong> n\u2019a pas invent\u00e9 la <strong data-start=\"1100\" data-end=\"1118\">f\u00eate des m\u00e8res<\/strong>. Il l\u2019a officialis\u00e9e en 1941, mais elle existait d\u00e9j\u00e0 auparavant. C\u2019est finalement la loi du <strong data-start=\"1212\" data-end=\"1227\">24 mai 1950<\/strong>, sign\u00e9e par le pr\u00e9sident Vincent Auriol, qui lui a donn\u00e9 son statut d\u00e9finitif.<\/p><h3 data-start=\"1310\" data-end=\"1346\">Pourquoi f\u00eate-t-on les m\u00e8res ?<\/h3><p data-start=\"1347\" data-end=\"1578\">La <strong data-start=\"1350\" data-end=\"1368\">f\u00eate des m\u00e8res 2025<\/strong> permet d\u2019exprimer de la reconnaissance et de l\u2019amour envers les m\u00e8res. Elle symbolise leur r\u00f4le essentiel dans la famille et la soci\u00e9t\u00e9, tout en valorisant les liens affectifs et la transmission des valeurs.<\/p><h3 data-start=\"1580\" data-end=\"1625\">Que repr\u00e9sente le collier de nouilles ?<\/h3><p data-start=\"1626\" data-end=\"1907\">Le <strong data-start=\"1629\" data-end=\"1652\">collier de nouilles<\/strong> est devenu un symbole incontournable de la <strong data-start=\"1696\" data-end=\"1714\">f\u00eate des m\u00e8res<\/strong> en France. Fabriqu\u00e9 par les enfants \u00e0 l\u2019\u00e9cole, il incarne l\u2019affection sinc\u00e8re et la cr\u00e9ativit\u00e9 enfantine. Plus qu\u2019un objet, il est charg\u00e9 d\u2019\u00e9motion et reste grav\u00e9 dans la m\u00e9moire collective.<\/p><h3 data-start=\"1909\" data-end=\"1967\">La f\u00eate des m\u00e8res existe-t-elle dans d\u2019autres pays ?<\/h3><p data-start=\"1968\" data-end=\"2234\">Oui, la <strong data-start=\"1976\" data-end=\"1994\">f\u00eate des m\u00e8res<\/strong> 2025 est c\u00e9l\u00e9br\u00e9e dans la majorit\u00e9 des pays du monde. Elle a lieu au deuxi\u00e8me dimanche de mai aux <strong data-start=\"2088\" data-end=\"2102\">\u00c9tats-Unis<\/strong>, au <strong data-start=\"2107\" data-end=\"2117\">Canada<\/strong> et en <strong data-start=\"2124\" data-end=\"2137\">Allemagne<\/strong>, au premier dimanche de mai en <strong data-start=\"2169\" data-end=\"2180\">Espagne<\/strong> et au <strong data-start=\"2187\" data-end=\"2199\">Portugal<\/strong>, et le 12 ao\u00fbt en <strong data-start=\"2218\" data-end=\"2231\">Tha\u00eflande<\/strong>.<\/p><h3 data-start=\"2236\" data-end=\"2304\">Pourquoi certaines \u00e9coles remplacent-elles la f\u00eate des m\u00e8res ?<\/h3><p data-start=\"2305\" data-end=\"2568\">Dans un souci d\u2019inclusion, lors de la f\u00eate des m\u00e8res 2025, certaines \u00e9coles pr\u00e9f\u00e8rent parler de \u00ab <strong data-start=\"2371\" data-end=\"2399\">f\u00eate des gens qu\u2019on aime<\/strong> \u00bb. Cette adaptation permet de tenir compte des familles monoparentales, recompos\u00e9es ou homoparentales, tout en pr\u00e9servant l\u2019esprit de gratitude et d\u2019amour de la f\u00eate.<\/p><h2 data-start=\"160\" data-end=\"190\">Conclusion F\u00eate des m\u00e8res 2025<\/h2><p data-start=\"192\" data-end=\"522\">La <strong data-start=\"195\" data-end=\"213\">f\u00eate des m\u00e8res 2025<\/strong> est bien plus qu\u2019une simple tradition inscrite au calendrier : elle est le reflet d\u2019une longue histoire, de l\u2019Antiquit\u00e9 jusqu\u2019\u00e0 sa codification l\u00e9gale en 1950. En France, elle s\u2019est impos\u00e9e comme un rendez-vous incontournable, m\u00ealant \u00e0 la fois h\u00e9ritage historique, dimension affective et \u00e9volution sociale.<\/p><p data-start=\"524\" data-end=\"878\">Aujourd\u2019hui, qu\u2019elle soit c\u00e9l\u00e9br\u00e9e par un bouquet de <strong data-start=\"577\" data-end=\"587\">fleurs<\/strong>, un po\u00e8me r\u00e9cit\u00e9 \u00e0 l\u2019\u00e9cole ou le fameux <strong data-start=\"628\" data-end=\"651\">collier de nouilles<\/strong>, la <strong data-start=\"656\" data-end=\"674\">f\u00eate des m\u00e8res<\/strong> reste avant tout une journ\u00e9e de tendresse et de reconnaissance. Elle incarne le lien universel entre les m\u00e8res et leurs enfants, tout en s\u2019adaptant aux r\u00e9alit\u00e9s modernes et \u00e0 la diversit\u00e9 des familles.<\/p><p data-start=\"880\" data-end=\"1169\">Au-del\u00e0 des d\u00e9bats sur son origine ou son aspect commercial, cette c\u00e9l\u00e9bration garde une place pr\u00e9cieuse dans le c\u0153ur des Fran\u00e7ais. Elle continue de rappeler que, malgr\u00e9 le temps qui passe et les transformations sociales, l\u2019amour maternel demeure un pilier essentiel de la vie familiale.<\/p><p data-start=\"1595\" data-end=\"1989\">Pour en savoir plus sur la f\u00eate des m\u00e8res 2025, <a href=\"https:\/\/fr.wikipedia.org\/wiki\/F%C3%AAte_des_M%C3%A8res\" target=\"_blank\" rel=\"noopener\">c\u2019est par ici!<\/a><\/p>\t\t\t\t\t\t\t\t<\/div>\n\t\t\t\t\t<\/div>\n\t\t\t\t<\/div>\n\t\t<aside class=\"elementor-element elementor-element-71ca551 e-flex e-con-boxed e-con e-parent\" data-id=\"71ca551\" data-element_type=\"container\" data-e-type=\"container\">\n\t\t\t\t\t<div class=\"e-con-inner\">\n\t\t\t\t<div class=\"elementor-element elementor-element-b59fbaf elementor-widget elementor-widget-listeo-posts-grid\" data-id=\"b59fbaf\" data-element_type=\"widget\" data-e-type=\"widget\" data-widget_type=\"listeo-posts-grid.default\">\n\t\t\t\t<div class=\"elementor-widget-container\">\n\t\t\t\t\t\t\t\n\t\t<div class=\"listeo-post-grid-wrapper\">\n\t\t\t<div class=\"row\">\n\n\t\t\t\n\n\t\t\t\t\t\t\t<div class=\"col-md-4\">\n                <a href=\"https:\/\/cparici.com\/en\/pantheon\/\" class=\"blog-compact-item-container\">\n                    <div class=\"blog-compact-item\">\n                        <img decoding=\"async\" width=\"577\" height=\"204\" src=\"https:\/\/cparici.com\/wp-content\/uploads\/2025\/08\/cparici-2025-08-18T082226.053-577x204.jpg\" class=\"attachment-listeo-blog-related-post size-listeo-blog-related-post wp-post-image\" alt=\"Panth\u00e9on\" srcset=\"https:\/\/cparici.com\/wp-content\/uploads\/2025\/08\/cparici-2025-08-18T082226.053-577x204.jpg 577w, https:\/\/cparici.com\/wp-content\/uploads\/2025\/08\/cparici-2025-08-18T082226.053-300x106.jpg 300w, https:\/\/cparici.com\/wp-content\/uploads\/2025\/08\/cparici-2025-08-18T082226.053-1024x362.jpg 1024w, https:\/\/cparici.com\/wp-content\/uploads\/2025\/08\/cparici-2025-08-18T082226.053-768x271.jpg 768w, https:\/\/cparici.com\/wp-content\/uploads\/2025\/08\/cparici-2025-08-18T082226.053-18x6.jpg 18w, https:\/\/cparici.com\/wp-content\/uploads\/2025\/08\/cparici-2025-08-18T082226.053-590x208.jpg 590w, https:\/\/cparici.com\/wp-content\/uploads\/2025\/08\/cparici-2025-08-18T082226.053-1200x424.jpg 1200w, https:\/\/cparici.com\/wp-content\/uploads\/2025\/08\/cparici-2025-08-18T082226.053-600x212.jpg 600w, https:\/\/cparici.com\/wp-content\/uploads\/2025\/08\/cparici-2025-08-18T082226.053.jpg 1500w\" sizes=\"(max-width: 577px) 100vw, 577px\" \/><span class=\"blog-item-tag\">5\u00e8me arrondissement<\/span>                        \n                        <div class=\"blog-compact-item-content\">\n                                                        <h3>Panth\u00e9on : un chef-d\u2019\u0153uvre n\u00e9o-classique \u00e0 Paris<\/h3>\n                                                        <p>Recherches populaires Categories Pas de r\u00e9sultats Voir tous les r\u00e9sultats Panth\u00e9on : un chef-d\u2019\u0153uvre n\u00e9o-classique...                            <\/p>\n                                                    <\/div>\n                    <\/div>\n                <\/a>\n            <\/div>\n\t\t\t<div class=\"col-md-4\">\n                <a href=\"https:\/\/cparici.com\/en\/alpes-de-haute-provence\/\" class=\"blog-compact-item-container\">\n                    <div class=\"blog-compact-item\">\n                        <img decoding=\"async\" width=\"577\" height=\"210\" src=\"https:\/\/cparici.com\/wp-content\/uploads\/2024\/06\/alpes-de-haute-provence.jpg\" class=\"attachment-listeo-blog-related-post size-listeo-blog-related-post wp-post-image\" alt=\"alpes de haute provence\" srcset=\"https:\/\/cparici.com\/wp-content\/uploads\/2024\/06\/alpes-de-haute-provence.jpg 1500w, https:\/\/cparici.com\/wp-content\/uploads\/2024\/06\/alpes-de-haute-provence-600x219.jpg 600w, https:\/\/cparici.com\/wp-content\/uploads\/2024\/06\/alpes-de-haute-provence-300x109.jpg 300w, https:\/\/cparici.com\/wp-content\/uploads\/2024\/06\/alpes-de-haute-provence-1024x373.jpg 1024w, https:\/\/cparici.com\/wp-content\/uploads\/2024\/06\/alpes-de-haute-provence-768x280.jpg 768w\" sizes=\"(max-width: 577px) 100vw, 577px\" \/><span class=\"blog-item-tag\">Alpes de Haute Provence<\/span>                        \n                        <div class=\"blog-compact-item-content\">\n                                                        <h3>Alpes de Haute Provence \u2013 guide complet des sites touristiques<\/h3>\n                                                        <p>Les Alpes de Haute Provence vous invitent \u00e0 un voyage exceptionnel entre montagnes, lacs, villages...                            <\/p>\n                                                    <\/div>\n                    <\/div>\n                <\/a>\n            <\/div>\n\t\t\t<div class=\"col-md-4\">\n                <a href=\"https:\/\/cparici.com\/en\/abbaye-de-fontdouce-guide-complet\/\" class=\"blog-compact-item-container\">\n                    <div class=\"blog-compact-item\">\n                        <img decoding=\"async\" width=\"577\" height=\"166\" src=\"https:\/\/cparici.com\/wp-content\/uploads\/2024\/05\/abbaye-de-fontdouce.jpg\" class=\"attachment-listeo-blog-related-post size-listeo-blog-related-post wp-post-image\" alt=\"abbaye de fontdouce\" srcset=\"https:\/\/cparici.com\/wp-content\/uploads\/2024\/05\/abbaye-de-fontdouce.jpg 1702w, https:\/\/cparici.com\/wp-content\/uploads\/2024\/05\/abbaye-de-fontdouce-600x172.jpg 600w, https:\/\/cparici.com\/wp-content\/uploads\/2024\/05\/abbaye-de-fontdouce-300x86.jpg 300w, https:\/\/cparici.com\/wp-content\/uploads\/2024\/05\/abbaye-de-fontdouce-1024x294.jpg 1024w, https:\/\/cparici.com\/wp-content\/uploads\/2024\/05\/abbaye-de-fontdouce-768x221.jpg 768w, https:\/\/cparici.com\/wp-content\/uploads\/2024\/05\/abbaye-de-fontdouce-1536x441.jpg 1536w\" sizes=\"(max-width: 577px) 100vw, 577px\" \/><span class=\"blog-item-tag\">Charente maritime<\/span>                        \n                        <div class=\"blog-compact-item-content\">\n                                                        <h3>Abbaye de Fontdouce \u2013 guide complet<\/h3>\n                                                        <p>Abbaye de Fontdouce : Un havre de paix en Charente-Maritime. D\u00e9couvrez ce joyau cistercien, son...                            <\/p>\n                                                    <\/div>\n                    <\/div>\n                <\/a>\n            <\/div>\n  <\/div>\n        <\/div>\n        \t\t\t\t<\/div>\n\t\t\t\t<\/div>\n\t\t\t\t\t<\/div>\n\t\t\t\t<\/aside>\n\t\t\t\t<\/div>\n\t\t","protected":false},"excerpt":{"rendered":"<p>Recherches populaires Categories Pas de r\u00e9sultats Voir tous les r\u00e9sultats F\u00eate des m\u00e8res 2025:\u00a0 tout savoir La f\u00eate des m\u00e8res 2025 est l\u2019une des c\u00e9l\u00e9brations les plus populaires en France, marqu\u00e9e par des gestes de tendresse, des cadeaux et une reconnaissance envers celles qui donnent la vie. Plus qu\u2019un simple jour de c\u00e9l\u00e9bration, elle a [&hellip;]<\/p>\n","protected":false},"author":97,"featured_media":70108,"comment_status":"closed","ping_status":"closed","sticky":false,"template":"elementor_header_footer","format":"standard","meta":{"ngg_post_thumbnail":0,"footnotes":""},"categories":[2798,477],"tags":[],"class_list":["post-70107","post","type-post","status-publish","format-standard","has-post-thumbnail","hentry","category-fetes","category-france"],"_links":{"self":[{"href":"https:\/\/cparici.com\/en\/wp-json\/wp\/v2\/posts\/70107","targetHints":{"allow":["GET"]}}],"collection":[{"href":"https:\/\/cparici.com\/en\/wp-json\/wp\/v2\/posts"}],"about":[{"href":"https:\/\/cparici.com\/en\/wp-json\/wp\/v2\/types\/post"}],"author":[{"embeddable":true,"href":"https:\/\/cparici.com\/en\/wp-json\/wp\/v2\/users\/97"}],"replies":[{"embeddable":true,"href":"https:\/\/cparici.com\/en\/wp-json\/wp\/v2\/comments?post=70107"}],"version-history":[{"count":2,"href":"https:\/\/cparici.com\/en\/wp-json\/wp\/v2\/posts\/70107\/revisions"}],"predecessor-version":[{"id":89140,"href":"https:\/\/cparici.com\/en\/wp-json\/wp\/v2\/posts\/70107\/revisions\/89140"}],"wp:featuredmedia":[{"embeddable":true,"href":"https:\/\/cparici.com\/en\/wp-json\/wp\/v2\/media\/70108"}],"wp:attachment":[{"href":"https:\/\/cparici.com\/en\/wp-json\/wp\/v2\/media?parent=70107"}],"wp:term":[{"taxonomy":"category","embeddable":true,"href":"https:\/\/cparici.com\/en\/wp-json\/wp\/v2\/categories?post=70107"},{"taxonomy":"post_tag","embeddable":true,"href":"https:\/\/cparici.com\/en\/wp-json\/wp\/v2\/tags?post=70107"}],"curies":[{"name":"wp","href":"https:\/\/api.w.org\/{rel}","templated":true}]}}