{"id":70210,"date":"2025-09-09T09:32:44","date_gmt":"2025-09-09T07:32:44","guid":{"rendered":"https:\/\/cparici.com\/?p=70210"},"modified":"2025-09-09T09:37:06","modified_gmt":"2025-09-09T07:37:06","slug":"carpentras","status":"publish","type":"post","link":"https:\/\/cparici.com\/en\/carpentras\/","title":{"rendered":"Carpentras: what to see and do in the Comtat capital"},"content":{"rendered":"\t\t<div data-elementor-type=\"wp-post\" data-elementor-id=\"70210\" class=\"elementor elementor-70210\" data-elementor-post-type=\"post\">\n\t\t\t\t<div class=\"elementor-element elementor-element-53db346 e-con-full e-flex e-con e-parent\" data-id=\"53db346\" data-element_type=\"container\" data-e-type=\"container\">\n\t\t\t\t<div class=\"elementor-element elementor-element-4a4856c elementor-widget elementor-widget-image\" data-id=\"4a4856c\" data-element_type=\"widget\" data-e-type=\"widget\" data-widget_type=\"image.default\">\n\t\t\t\t\t\t\t\t\t\t\t\t\t\t\t<img decoding=\"async\" width=\"1500\" height=\"530\" src=\"https:\/\/cparici.com\/wp-content\/uploads\/2025\/09\/cparici-2025-09-09T093326.383.jpg\" class=\"attachment-full size-full wp-image-70218\" alt=\"Carpentras\" srcset=\"https:\/\/cparici.com\/wp-content\/uploads\/2025\/09\/cparici-2025-09-09T093326.383.jpg 1500w, https:\/\/cparici.com\/wp-content\/uploads\/2025\/09\/cparici-2025-09-09T093326.383-300x106.jpg 300w, https:\/\/cparici.com\/wp-content\/uploads\/2025\/09\/cparici-2025-09-09T093326.383-1024x362.jpg 1024w, https:\/\/cparici.com\/wp-content\/uploads\/2025\/09\/cparici-2025-09-09T093326.383-768x271.jpg 768w, https:\/\/cparici.com\/wp-content\/uploads\/2025\/09\/cparici-2025-09-09T093326.383-18x6.jpg 18w, https:\/\/cparici.com\/wp-content\/uploads\/2025\/09\/cparici-2025-09-09T093326.383-590x208.jpg 590w, https:\/\/cparici.com\/wp-content\/uploads\/2025\/09\/cparici-2025-09-09T093326.383-1200x424.jpg 1200w, https:\/\/cparici.com\/wp-content\/uploads\/2025\/09\/cparici-2025-09-09T093326.383-577x204.jpg 577w, https:\/\/cparici.com\/wp-content\/uploads\/2025\/09\/cparici-2025-09-09T093326.383-600x212.jpg 600w\" sizes=\"(max-width: 1500px) 100vw, 1500px\" \/>\t\t\t\t\t\t\t\t\t\t\t\t\t\t\t<\/div>\n\t\t\t\t<\/div>\n\t\t<aside class=\"elementor-element elementor-element-35a0de3 e-flex e-con-boxed e-con e-parent\" data-id=\"35a0de3\" data-element_type=\"container\" data-e-type=\"container\">\n\t\t\t\t\t<div class=\"e-con-inner\">\n\t\t\t\t<div class=\"elementor-element elementor-element-2784308 elementor-widget elementor-widget-global elementor-global-62046 elementor-widget-eael-advanced-search\" data-id=\"2784308\" data-element_type=\"widget\" data-e-type=\"widget\" data-widget_type=\"eael-advanced-search.default\">\n\t\t\t\t\t        <div class=\"eael-adv-search-wrapper\">\n            <div id=\"eael-advanced-search-widget-2784308\" class=\"eael-advanced-search-widget\">\n                <form data-settings=\"{&quot;post_per_page&quot;:5,&quot;search_among_taxonomies&quot;:&quot;&quot;,&quot;search_among_sku&quot;:&quot;no&quot;,&quot;show_popular_keyword&quot;:0,&quot;show_category&quot;:0,&quot;show_content_image&quot;:1,&quot;show_search_result_all_results&quot;:0,&quot;result_on_new_tab&quot;:&quot;no&quot;,&quot;show_product_price&quot;:&quot;no&quot;,&quot;include_current_page&quot;:&quot;no&quot;,&quot;current_post_id&quot;:70210,&quot;post_type&quot;:[&quot;post&quot;,&quot;listing&quot;]}\" method=\"POST\" name=\"eael-advanced-search-form-2784308\" class=\"eael-advanced-search-form eael-advanced-search-form-style-2\">\n                    <div class=\"eael-advanced-search-wrap\">\n                        <span class=\"eael-adv-search-loader\"><\/span>\n                        <span class=\"eael-adv-search-close\"><i class=\"fas fa-times\"><\/i><\/span>\n                        <span class=\"icon \"><i class=\"fas fa-search\"><\/i><\/span>\n\n                        <input type=\"text\"\n                               placeholder=\"Votre destination\"\n                               class=\"eael-advanced-search\" autocomplete=\"off\" name=\"eael_advanced_search\">\n                    <\/div>\n\t\t\t\t\t                                    <\/form>\n\n\t\t\t\t\n\t\t\t\t        <div class=\"eael-advanced-search-result\">\n            <div class=\"eael-advanced-search-popular-keyword\">\n\t\t\t\t<h4 class=\"eael-advanced-search-popular-keyword-text\">Recherches populaires<\/h4>                <div class=\"eael-popular-keyword-content\"><\/div>\n            <\/div>\n            <div class=\"eael-advanced-search-category\">\n\t\t\t\t<h4 class=\"eael-advanced-search-category-text\">Categories<\/h4>                <div class=\"eael-popular-category-content\"><\/div>\n            <\/div>\n\t\t\t<div class=\"eael-advanced-search-total-results-section\">\n\t\t\t\t\t\t\t<\/div>\n            <div class=\"eael-advanced-search-content eael-item-style-3\">\n            <\/div>\n            <div class=\"eael-advanced-search-not-found\">\n                <p>Pas de r\u00e9sultats<\/p><\/div>\n            <div class=\"eael-advanced-search-load-more\">\n\t\t\t\t<a \tclass=\"eael-advanced-search-load-more-button\"\n                \thref=\"#\">Voir tous les r\u00e9sultats<\/a>\n            <\/div>\n        <\/div>\n\n\t\t            <\/div>\n        <\/div>\n\n\t\t\t\t\t\t<\/div>\n\t\t\t\t\t<\/div>\n\t\t\t\t<\/aside>\n\t\t<div class=\"elementor-element elementor-element-485418c5 e-flex e-con-boxed e-con e-parent\" data-id=\"485418c5\" data-element_type=\"container\" data-e-type=\"container\">\n\t\t\t\t\t<div class=\"e-con-inner\">\n\t\t\t\t<div class=\"elementor-element elementor-element-662b35a2 elementor-widget elementor-widget-text-editor\" data-id=\"662b35a2\" data-element_type=\"widget\" data-e-type=\"widget\" data-widget_type=\"text-editor.default\">\n\t\t\t\t\t\t\t\t\t<h1 style=\"text-align: center;\" data-start=\"218\" data-end=\"718\">Carpentras : que voir et que faire dans la capitale du Comtat<\/h1>\r\n<p data-start=\"218\" data-end=\"718\">Situ\u00e9e entre les collines du <a href=\"https:\/\/cparici.com\/vaucluse\/\">Vaucluse<\/a> et les pentes majestueuses du Mont Ventoux, <strong data-start=\"300\" data-end=\"314\">Carpentras<\/strong> est l\u2019une des villes les plus embl\u00e9matiques de la <a href=\"https:\/\/cparici.com\/la-provence\/\">Provence<\/a> int\u00e9rieure. Ancienne capitale du Comtat Venaissin, elle incarne \u00e0 la fois la richesse d\u2019un patrimoine mill\u00e9naire et la douceur de vivre typiquement m\u00e9ridionale. Entre vestiges romains, traditions juives s\u00e9culaires et march\u00e9s anim\u00e9s, <strong data-start=\"607\" data-end=\"621\">Carpentras<\/strong> d\u00e9voile une identit\u00e9 singuli\u00e8re, \u00e0 la crois\u00e9e de l\u2019histoire, de la culture et de la gastronomie.<\/p>\r\n<p data-start=\"720\" data-end=\"998\">C\u2019est aussi un point de d\u00e9part privil\u00e9gi\u00e9 pour explorer les paysages et saveurs <strong data-start=\"800\" data-end=\"811\">du pays<\/strong>, une r\u00e9gion aux multiples facettes que vous pouvez d\u00e9couvrir plus en d\u00e9tail dans <a class=\"decorated-link\" href=\"https:\/\/cparici.com\/fr\/visiter-la-france-guide-des-regions-et-sites-touristiques\" target=\"_new\" rel=\"noopener\" data-start=\"893\" data-end=\"997\">ce guide touristique<\/a>.<\/p>\r\n<p data-start=\"1000\" data-end=\"1290\">Dans cet article complet, nous vous proposons une immersion dans l\u2019\u00e2me de <strong data-start=\"1074\" data-end=\"1088\">Carpentras<\/strong>\u202f: son histoire, ses monuments, ses traditions et ses tr\u00e9sors gustatifs. Que vous soyez en qu\u00eate d\u2019un s\u00e9jour authentique ou d\u2019un enrichissement culturel, cette ville proven\u00e7ale a tout pour vous s\u00e9duire.<\/p>\r\n\r\n<h2 data-start=\"168\" data-end=\"218\">Que faire \u00e0 Carpentras ? Les 10 incontournables<\/h2>\r\n<h3 data-start=\"220\" data-end=\"263\">1. Visiter la Synagogue de Carpentras<\/h3>\r\n<p data-start=\"264\" data-end=\"507\">C\u2019est la plus <strong data-start=\"278\" data-end=\"322\">ancienne synagogue en activit\u00e9 de France<\/strong>, construite en 1367. On y d\u00e9couvre un patrimoine religieux exceptionnel : mikv\u00e9, salle de pri\u00e8re souterraine, et objets rituels rares. Des visites guid\u00e9es sont propos\u00e9es toute l\u2019ann\u00e9e.<\/p>\r\n\r\n<h3 data-start=\"509\" data-end=\"554\">2. Admirer la Cath\u00e9drale Saint-Siffrein<\/h3>\r\n<p data-start=\"555\" data-end=\"761\">\u00c9difice gothique imposant du XVe si\u00e8cle, la cath\u00e9drale se distingue par son architecture, son portail sculpt\u00e9, son mobilier religieux baroque et sa place centrale dans l\u2019histoire papale du Comtat Venaissin.<\/p>\r\n<p data-start=\"555\" data-end=\"761\"><a href=\"https:\/\/cparici.com\/wp-content\/uploads\/2025\/09\/cparici-2025-09-09T092347.037.jpg\"><img decoding=\"async\" class=\"aligncenter wp-image-70212 size-full\" src=\"https:\/\/cparici.com\/wp-content\/uploads\/2025\/09\/cparici-2025-09-09T092347.037.jpg\" alt=\"Carpentras avec Cath\u00e9drale de Siffrein\" width=\"1500\" height=\"530\" srcset=\"https:\/\/cparici.com\/wp-content\/uploads\/2025\/09\/cparici-2025-09-09T092347.037.jpg 1500w, https:\/\/cparici.com\/wp-content\/uploads\/2025\/09\/cparici-2025-09-09T092347.037-300x106.jpg 300w, https:\/\/cparici.com\/wp-content\/uploads\/2025\/09\/cparici-2025-09-09T092347.037-1024x362.jpg 1024w, https:\/\/cparici.com\/wp-content\/uploads\/2025\/09\/cparici-2025-09-09T092347.037-768x271.jpg 768w, https:\/\/cparici.com\/wp-content\/uploads\/2025\/09\/cparici-2025-09-09T092347.037-18x6.jpg 18w, https:\/\/cparici.com\/wp-content\/uploads\/2025\/09\/cparici-2025-09-09T092347.037-590x208.jpg 590w, https:\/\/cparici.com\/wp-content\/uploads\/2025\/09\/cparici-2025-09-09T092347.037-1200x424.jpg 1200w, https:\/\/cparici.com\/wp-content\/uploads\/2025\/09\/cparici-2025-09-09T092347.037-577x204.jpg 577w, https:\/\/cparici.com\/wp-content\/uploads\/2025\/09\/cparici-2025-09-09T092347.037-600x212.jpg 600w\" sizes=\"(max-width: 1500px) 100vw, 1500px\" \/><\/a><\/p>\r\n\r\n<h3 data-start=\"763\" data-end=\"794\">3. D\u00e9couvrir l\u2019Arc Romain<\/h3>\r\n<p data-start=\"795\" data-end=\"979\">Vestige du Ier si\u00e8cle, <strong data-start=\"818\" data-end=\"841\">l\u2019Arc de Carpentras<\/strong> est un monument gallo-romain unique en Provence. Il t\u00e9moigne du pass\u00e9 antique de la ville et se situe en plein c\u0153ur du centre historique.<\/p>\r\n\r\n<h3 data-start=\"981\" data-end=\"1018\">4. Fl\u00e2ner au march\u00e9 du vendredi<\/h3>\r\n<p data-start=\"1019\" data-end=\"1226\">Class\u00e9 parmi les <strong data-start=\"1036\" data-end=\"1070\">plus beaux march\u00e9s de Provence<\/strong>, il regroupe chaque semaine plus de 350 exposants : fruits, l\u00e9gumes, truffes, artisanat, v\u00eatements, \u00e9pices\u2026 Un incontournable pour vivre l\u2019ambiance locale.<\/p>\r\n\r\n<h3 data-start=\"1228\" data-end=\"1272\">5. D\u00e9guster un berlingot de Carpentras<\/h3>\r\n<p data-start=\"1273\" data-end=\"1457\">Ce bonbon color\u00e9 et translucide, aromatis\u00e9 \u00e0 la menthe ou \u00e0 la violette, est une sp\u00e9cialit\u00e9 locale. Visitez une confiserie artisanale pour voir la fabrication et en go\u00fbter les saveurs.<\/p>\r\n\r\n<h3 data-start=\"1459\" data-end=\"1512\">6. Explorer la Biblioth\u00e8que-Mus\u00e9e Inguimbertine<\/h3>\r\n<p data-start=\"1513\" data-end=\"1713\">Install\u00e9e dans l\u2019ancien H\u00f4tel-Dieu, cette biblioth\u00e8que-mus\u00e9e rassemble plus de 100 000 ouvrages, des manuscrits rares, des instruments scientifiques anciens et des expositions temporaires fascinantes.<\/p>\r\n<p data-start=\"1513\" data-end=\"1713\"><a href=\"https:\/\/cparici.com\/wp-content\/uploads\/2025\/09\/cparici-2025-09-09T091420.041.jpg\"><img decoding=\"async\" class=\"aligncenter wp-image-70213 size-full\" src=\"https:\/\/cparici.com\/wp-content\/uploads\/2025\/09\/cparici-2025-09-09T091420.041.jpg\" alt=\"Carpentras H\u00f4tel Dieu\" width=\"1500\" height=\"530\" srcset=\"https:\/\/cparici.com\/wp-content\/uploads\/2025\/09\/cparici-2025-09-09T091420.041.jpg 1500w, https:\/\/cparici.com\/wp-content\/uploads\/2025\/09\/cparici-2025-09-09T091420.041-300x106.jpg 300w, https:\/\/cparici.com\/wp-content\/uploads\/2025\/09\/cparici-2025-09-09T091420.041-1024x362.jpg 1024w, https:\/\/cparici.com\/wp-content\/uploads\/2025\/09\/cparici-2025-09-09T091420.041-768x271.jpg 768w, https:\/\/cparici.com\/wp-content\/uploads\/2025\/09\/cparici-2025-09-09T091420.041-18x6.jpg 18w, https:\/\/cparici.com\/wp-content\/uploads\/2025\/09\/cparici-2025-09-09T091420.041-590x208.jpg 590w, https:\/\/cparici.com\/wp-content\/uploads\/2025\/09\/cparici-2025-09-09T091420.041-1200x424.jpg 1200w, https:\/\/cparici.com\/wp-content\/uploads\/2025\/09\/cparici-2025-09-09T091420.041-577x204.jpg 577w, https:\/\/cparici.com\/wp-content\/uploads\/2025\/09\/cparici-2025-09-09T091420.041-600x212.jpg 600w\" sizes=\"(max-width: 1500px) 100vw, 1500px\" \/><\/a><\/p>\r\n\r\n<h3 data-start=\"1715\" data-end=\"1757\">7. Se promener dans le Passage Boyer<\/h3>\r\n<p data-start=\"1758\" data-end=\"1924\">Galerie commer\u00e7ante couverte au charme d\u00e9suet du XIXe si\u00e8cle, elle est id\u00e9ale pour faire du l\u00e8che-vitrines et observer l\u2019architecture typique du centre de Carpentras.<\/p>\r\n\r\n<h3 data-start=\"1926\" data-end=\"1974\">8. Assister au march\u00e9 aux truffes en hiver<\/h3>\r\n<p data-start=\"1975\" data-end=\"2160\">De novembre \u00e0 mars, <strong data-start=\"1995\" data-end=\"2009\">Carpentras<\/strong> devient la capitale de la truffe noire. Les trufficulteurs locaux y vendent leur production dans une ambiance confidentielle, pris\u00e9e des grands chefs.<\/p>\r\n\r\n<h3 data-start=\"2162\" data-end=\"2205\">9. Visiter le Couvent des Dominicains<\/h3>\r\n<p data-start=\"2206\" data-end=\"2391\">Transform\u00e9 en office de tourisme et espace patrimonial, ce couvent du XIVe si\u00e8cle est un lieu paisible et riche d\u2019histoire, proposant expositions et d\u00e9couvertes num\u00e9riques sur la ville.<\/p>\r\n\r\n<h3 data-start=\"2393\" data-end=\"2447\">10. D\u00e9couvrir les alentours en v\u00e9lo ou randonn\u00e9e<\/h3>\r\n<p data-start=\"2448\" data-end=\"2640\">Profitez de la proximit\u00e9 du <strong data-start=\"2476\" data-end=\"2492\">Mont Ventoux<\/strong> et des <strong data-start=\"2500\" data-end=\"2527\">Dentelles de Montmirail<\/strong> pour des balades nature, circuits cyclistes mythiques ou visites de villages perch\u00e9s comme Venasque et Gigondas.<\/p>\r\n<p data-start=\"2448\" data-end=\"2640\"><a href=\"https:\/\/cparici.com\/wp-content\/uploads\/2025\/09\/cparici-2025-09-09T092731.384.jpg\"><img decoding=\"async\" class=\"aligncenter wp-image-70214 size-full\" src=\"https:\/\/cparici.com\/wp-content\/uploads\/2025\/09\/cparici-2025-09-09T092731.384.jpg\" alt=\"Aux alentours de Carpentras, les dentelles de Montmirail\" width=\"1500\" height=\"530\" srcset=\"https:\/\/cparici.com\/wp-content\/uploads\/2025\/09\/cparici-2025-09-09T092731.384.jpg 1500w, https:\/\/cparici.com\/wp-content\/uploads\/2025\/09\/cparici-2025-09-09T092731.384-300x106.jpg 300w, https:\/\/cparici.com\/wp-content\/uploads\/2025\/09\/cparici-2025-09-09T092731.384-1024x362.jpg 1024w, https:\/\/cparici.com\/wp-content\/uploads\/2025\/09\/cparici-2025-09-09T092731.384-768x271.jpg 768w, https:\/\/cparici.com\/wp-content\/uploads\/2025\/09\/cparici-2025-09-09T092731.384-18x6.jpg 18w, https:\/\/cparici.com\/wp-content\/uploads\/2025\/09\/cparici-2025-09-09T092731.384-590x208.jpg 590w, https:\/\/cparici.com\/wp-content\/uploads\/2025\/09\/cparici-2025-09-09T092731.384-1200x424.jpg 1200w, https:\/\/cparici.com\/wp-content\/uploads\/2025\/09\/cparici-2025-09-09T092731.384-577x204.jpg 577w, https:\/\/cparici.com\/wp-content\/uploads\/2025\/09\/cparici-2025-09-09T092731.384-600x212.jpg 600w\" sizes=\"(max-width: 1500px) 100vw, 1500px\" \/><\/a><\/p>\r\n\r\n<h2 data-start=\"157\" data-end=\"200\">Un patrimoine architectural exceptionnel<\/h2>\r\n<p data-start=\"202\" data-end=\"546\"><strong data-start=\"202\" data-end=\"216\">Carpentras<\/strong> s\u00e9duit par l\u2019abondance et la diversit\u00e9 de son <strong data-start=\"263\" data-end=\"291\">patrimoine architectural<\/strong>, t\u00e9moignage vivant de son pass\u00e9 prestigieux. Les ruelles de cette ville proven\u00e7ale regorgent de monuments class\u00e9s, de b\u00e2tisses anciennes et de vestiges qui racontent l\u2019histoire d\u2019un territoire \u00e0 la crois\u00e9e des influences romaines, papales et bourgeoises.<\/p>\r\n\r\n<h3 data-start=\"548\" data-end=\"571\">L\u2019Arc de Carpentras<\/h3>\r\n<p data-start=\"573\" data-end=\"1036\">Situ\u00e9 \u00e0 l\u2019entr\u00e9e de l\u2019ancien palais \u00e9piscopal, <strong data-start=\"620\" data-end=\"643\">l\u2019Arc de Carpentras<\/strong> est l\u2019un des monuments les plus embl\u00e9matiques de la ville. Datant du Ier si\u00e8cle apr\u00e8s J.-C., cet arc romain faisait partie d\u2019un <strong data-start=\"772\" data-end=\"781\">forum<\/strong> antique. Il est orn\u00e9 de bas-reliefs repr\u00e9sentant des troph\u00e9es militaires et des captifs, symbolisant la puissance de Rome dans la r\u00e9gion. Class\u00e9 Monument Historique d\u00e8s 1840, il constitue aujourd\u2019hui un <strong data-start=\"985\" data-end=\"1018\">vestige unique de l\u2019Antiquit\u00e9<\/strong> dans le Vaucluse.<\/p>\r\n<p data-start=\"1038\" data-end=\"1239\">Son int\u00e9gration dans l\u2019ancien tissu urbain en fait un exemple remarquable de <strong data-start=\"1115\" data-end=\"1143\">superposition historique<\/strong> : un monument gallo-romain int\u00e9gr\u00e9 dans un cadre m\u00e9di\u00e9val, puis r\u00e9utilis\u00e9 sous l\u2019Ancien R\u00e9gime.<\/p>\r\n\r\n<blockquote data-start=\"1241\" data-end=\"1511\">\r\n<p data-start=\"1243\" data-end=\"1511\"><strong data-start=\"1243\" data-end=\"1268\">D\u00e9finition th\u00e9matique<\/strong> : <em data-start=\"1271\" data-end=\"1288\">Arc de triomphe<\/em> \u2014 Monument comm\u00e9moratif romain c\u00e9l\u00e9brant une victoire ou un personnage important, souvent richement sculpt\u00e9.<br data-start=\"1397\" data-end=\"1400\"><strong data-start=\"1402\" data-end=\"1425\">Vocabulaire utilis\u00e9<\/strong> : vestige, bas-reliefs, gallo-romain, forum, monumental, superposition, comm\u00e9moratif.<\/p>\r\n<\/blockquote>\r\n<h3 data-start=\"1513\" data-end=\"1542\">Cath\u00e9drale Saint-Siffrein<\/h3>\r\n<p data-start=\"1544\" data-end=\"1829\">Au c\u0153ur de <strong data-start=\"1555\" data-end=\"1569\">Carpentras<\/strong> s\u2019\u00e9l\u00e8ve la <strong data-start=\"1581\" data-end=\"1610\">cath\u00e9drale Saint-Siffrein<\/strong>, \u00e9difi\u00e9e entre le XVe et le XVIe si\u00e8cle dans un style gothique m\u00e9ridional typique. Construite sur l\u2019emplacement d\u2019un \u00e9difice plus ancien, elle fut command\u00e9e par le pape Beno\u00eet XIII pendant l\u2019\u00e9poque du Comtat Venaissin.<\/p>\r\n<p data-start=\"1831\" data-end=\"2148\">Son portail sud sculpt\u00e9, son clocher carr\u00e9 massif et son int\u00e9rieur lumineux en font une des plus belles cath\u00e9drales de Provence. Elle renferme des \u0153uvres d\u2019art remarquables, dont une chasse en bois dor\u00e9 et plusieurs toiles baroques. Class\u00e9e Monument Historique, elle reste le c\u0153ur spirituel et historique de la ville.<\/p>\r\n\r\n<blockquote data-start=\"2150\" data-end=\"2382\">\r\n<p data-start=\"2152\" data-end=\"2382\"><strong data-start=\"2152\" data-end=\"2177\">D\u00e9finition th\u00e9matique<\/strong> : <em data-start=\"2180\" data-end=\"2192\">Cath\u00e9drale<\/em> \u2014 \u00c9glise principale d\u2019un dioc\u00e8se, o\u00f9 si\u00e8ge un \u00e9v\u00eaque, souvent de grande valeur architecturale.<br data-start=\"2287\" data-end=\"2290\"><strong data-start=\"2292\" data-end=\"2315\">Vocabulaire utilis\u00e9<\/strong> : gothique, clocher, nef, baroque, liturgique, spirituel, dioc\u00e8se.<\/p>\r\n<\/blockquote>\r\n<h3 data-start=\"2384\" data-end=\"2437\">Beffroi, Passage Boyer et autres \u00e9difices majeurs<\/h3>\r\n<p data-start=\"2439\" data-end=\"2714\">Parmi les b\u00e2timents notables de <strong data-start=\"2471\" data-end=\"2485\">Carpentras<\/strong>, le <strong data-start=\"2490\" data-end=\"2501\">beffroi<\/strong>, \u00e9rig\u00e9 au XVe si\u00e8cle, domine la ville de son campanile en fer forg\u00e9. Il symbolise la libert\u00e9 communale et la puissance des consuls municipaux. Sa cloche sonnait autrefois les heures et les rassemblements publics.<\/p>\r\n<p data-start=\"2716\" data-end=\"2953\">Le <strong data-start=\"2719\" data-end=\"2736\">Passage Boyer<\/strong>, une galerie couverte datant du XIXe si\u00e8cle, traverse un ancien quartier commer\u00e7ant et t\u00e9moigne de l\u2019\u00e9volution de la ville vers la modernit\u00e9. De style haussmannien local, il est aujourd\u2019hui un lieu de fl\u00e2nerie pris\u00e9.<\/p>\r\n<p data-start=\"2955\" data-end=\"3294\">La ville abrite aussi la <strong data-start=\"2980\" data-end=\"3007\">Synagogue de Carpentras<\/strong>, la plus ancienne encore en activit\u00e9 en France (1367). Son mikv\u00e9 (bain rituel), ses cuisines et sa salle de pri\u00e8re souterraine sont d\u2019un int\u00e9r\u00eat ethnographique majeur. Ce lieu incarne la <strong data-start=\"3195\" data-end=\"3232\">cohabitation interconfessionnelle<\/strong> qui fit la r\u00e9putation tol\u00e9rante de Carpentras sous les papes.<\/p>\r\n\r\n<blockquote data-start=\"3296\" data-end=\"3526\">\r\n<p data-start=\"3298\" data-end=\"3526\"><strong data-start=\"3298\" data-end=\"3323\">D\u00e9finition th\u00e9matique<\/strong> : <em data-start=\"3326\" data-end=\"3335\">Beffroi<\/em> \u2014 Tour communale dot\u00e9e d\u2019une cloche, utilis\u00e9e pour signaler les \u00e9v\u00e9nements civiques.<br data-start=\"3420\" data-end=\"3423\"><strong data-start=\"3425\" data-end=\"3448\">Vocabulaire utilis\u00e9<\/strong> : campanile, fl\u00e2nerie, interconfessionnel, consulat, galerie, liturgie juive.<\/p>\r\n<\/blockquote>\r\n<h3 data-start=\"3528\" data-end=\"3555\">Couvent des Dominicains<\/h3>\r\n<p data-start=\"3557\" data-end=\"3955\">Construit en 1312, le <strong data-start=\"3579\" data-end=\"3606\">Couvent des Dominicains<\/strong> abritait autrefois une communaut\u00e9 religieuse influente. Aujourd\u2019hui, il est reconverti en <strong data-start=\"3697\" data-end=\"3760\">office de tourisme et centre d\u2019interpr\u00e9tation du patrimoine<\/strong>, m\u00ealant ancien et moderne. Ce site class\u00e9 permet aux visiteurs de d\u00e9couvrir <strong data-start=\"3837\" data-end=\"3862\">l\u2019histoire religieuse<\/strong> et civile de Carpentras \u00e0 travers des expositions permanentes et des dispositifs num\u00e9riques.<\/p>\r\n<p data-start=\"3957\" data-end=\"4131\">Son clo\u00eetre, sa salle capitulaire et son ancienne chapelle restaur\u00e9e en font un site d\u2019exception, appr\u00e9ci\u00e9 pour sa <strong data-start=\"4072\" data-end=\"4088\">tranquillit\u00e9<\/strong> et la beaut\u00e9 de son architecture gothique.<\/p>\r\n\r\n<blockquote data-start=\"4133\" data-end=\"4367\">\r\n<p data-start=\"4135\" data-end=\"4367\"><strong data-start=\"4135\" data-end=\"4160\">D\u00e9finition th\u00e9matique<\/strong> : <em data-start=\"4163\" data-end=\"4172\">Couvent<\/em> \u2014 B\u00e2timent religieux h\u00e9bergeant une communaut\u00e9 monastique, souvent organis\u00e9 autour d\u2019un clo\u00eetre.<br data-start=\"4269\" data-end=\"4272\"><strong data-start=\"4274\" data-end=\"4297\">Vocabulaire utilis\u00e9<\/strong> : clo\u00eetre, ordre monastique, salle capitulaire, chapelle, patrimoine.<\/p>\r\n<\/blockquote>\r\n<h3 data-start=\"4369\" data-end=\"4389\">Graineterie Roux<\/h3>\r\n<p data-start=\"4391\" data-end=\"4733\">Peu connue du grand public, la <strong data-start=\"4422\" data-end=\"4442\">Graineterie Roux<\/strong> est un \u00e9difice industriel rare en Provence, construit entre 1907 et 1920. Elle abritait une entreprise de production de semences et t\u00e9moigne de l\u2019<strong data-start=\"4589\" data-end=\"4610\">histoire agricole<\/strong> de Carpentras. Aujourd\u2019hui r\u00e9habilit\u00e9e en espace culturel et associatif, elle accueille expositions, concerts et ateliers.<\/p>\r\n<p data-start=\"4735\" data-end=\"4862\">Ce site illustre parfaitement la <strong data-start=\"4768\" data-end=\"4791\">mutation \u00e9conomique<\/strong> de la ville, pass\u00e9e d\u2019un centre agricole \u00e0 un p\u00f4le culturel dynamique.<\/p>\r\n\r\n<blockquote data-start=\"4864\" data-end=\"5109\">\r\n<p data-start=\"4866\" data-end=\"5109\"><strong data-start=\"4866\" data-end=\"4891\">D\u00e9finition th\u00e9matique<\/strong> : <em data-start=\"4894\" data-end=\"4907\">Graineterie<\/em> \u2014 B\u00e2timent destin\u00e9 au stockage et \u00e0 la distribution de semences agricoles.<\/p>\r\n<\/blockquote>\r\n<h2 data-start=\"202\" data-end=\"257\">Vie culturelle, march\u00e9s et traditions gastronomiques<\/h2>\r\n<p data-start=\"259\" data-end=\"529\">La ville de <strong data-start=\"271\" data-end=\"285\">Carpentras<\/strong> incarne avec \u00e9clat l\u2019art de vivre proven\u00e7al. Reconnue pour ses <strong data-start=\"349\" data-end=\"374\">march\u00e9s embl\u00e9matiques<\/strong>, ses produits du terroir et ses sp\u00e9cialit\u00e9s sucr\u00e9es, elle est aussi un centre culturel vivant, m\u00ealant traditions s\u00e9culaires et initiatives contemporaines.<\/p>\r\n\r\n<h3 data-start=\"531\" data-end=\"556\">Le march\u00e9 du vendredi<\/h3>\r\n<p data-start=\"558\" data-end=\"972\">Le <strong data-start=\"561\" data-end=\"585\">march\u00e9 de Carpentras<\/strong>, qui se tient chaque vendredi matin depuis des si\u00e8cles, est l\u2019un des plus anciens et des plus grands de Provence. Il remonte \u00e0 l\u2019\u00e9poque m\u00e9di\u00e9vale, avec des origines attest\u00e9es d\u00e8s le XIIe si\u00e8cle. Aujourd\u2019hui, plus de 350 commer\u00e7ants animent les rues du centre-ville, offrant une vari\u00e9t\u00e9 exceptionnelle de produits : fruits et l\u00e9gumes, fromages, charcuterie, artisanat, tissus proven\u00e7aux\u2026<\/p>\r\n<p data-start=\"974\" data-end=\"1286\">Ce march\u00e9 attire chaque semaine des milliers de visiteurs, locaux comme touristes, venus go\u00fbter \u00e0 l\u2019<strong data-start=\"1074\" data-end=\"1100\">authenticit\u00e9 comtadine<\/strong>. L\u2019ambiance y est typiquement m\u00e9ridionale : conviviale, color\u00e9e, et rythm\u00e9e par les accents chantants du sud. C\u2019est une immersion totale dans le <strong data-start=\"1246\" data-end=\"1267\">patrimoine vivant<\/strong> de <strong data-start=\"1271\" data-end=\"1285\">Carpentras<\/strong>.<\/p>\r\n\r\n<blockquote data-start=\"1288\" data-end=\"1560\">\r\n<p data-start=\"1290\" data-end=\"1560\"><strong data-start=\"1290\" data-end=\"1315\">D\u00e9finition th\u00e9matique<\/strong> : <em data-start=\"1318\" data-end=\"1336\">March\u00e9 proven\u00e7al<\/em> \u2014 March\u00e9 de plein air typique de la r\u00e9gion, combinant produits locaux, artisanat et sp\u00e9cialit\u00e9s r\u00e9gionales.<\/p>\r\n<\/blockquote>\r\n<p data-start=\"1290\" data-end=\"1560\"><a href=\"https:\/\/cparici.com\/wp-content\/uploads\/2025\/09\/cparici-2025-09-09T093013.067.jpg\"><img decoding=\"async\" class=\"aligncenter wp-image-70216 size-full\" src=\"https:\/\/cparici.com\/wp-content\/uploads\/2025\/09\/cparici-2025-09-09T093013.067.jpg\" alt=\"March\u00e9 de Carpentras\" width=\"1500\" height=\"530\" srcset=\"https:\/\/cparici.com\/wp-content\/uploads\/2025\/09\/cparici-2025-09-09T093013.067.jpg 1500w, https:\/\/cparici.com\/wp-content\/uploads\/2025\/09\/cparici-2025-09-09T093013.067-300x106.jpg 300w, https:\/\/cparici.com\/wp-content\/uploads\/2025\/09\/cparici-2025-09-09T093013.067-1024x362.jpg 1024w, https:\/\/cparici.com\/wp-content\/uploads\/2025\/09\/cparici-2025-09-09T093013.067-768x271.jpg 768w, https:\/\/cparici.com\/wp-content\/uploads\/2025\/09\/cparici-2025-09-09T093013.067-18x6.jpg 18w, https:\/\/cparici.com\/wp-content\/uploads\/2025\/09\/cparici-2025-09-09T093013.067-590x208.jpg 590w, https:\/\/cparici.com\/wp-content\/uploads\/2025\/09\/cparici-2025-09-09T093013.067-1200x424.jpg 1200w, https:\/\/cparici.com\/wp-content\/uploads\/2025\/09\/cparici-2025-09-09T093013.067-577x204.jpg 577w, https:\/\/cparici.com\/wp-content\/uploads\/2025\/09\/cparici-2025-09-09T093013.067-600x212.jpg 600w\" sizes=\"(max-width: 1500px) 100vw, 1500px\" \/><\/a><\/p>\r\n\r\n<h3 data-start=\"1562\" data-end=\"1598\">Truffes et fraises de Carpentras<\/h3>\r\n<p data-start=\"1600\" data-end=\"1849\"><strong data-start=\"1600\" data-end=\"1614\">Carpentras<\/strong> est c\u00e9l\u00e8bre pour deux produits d\u2019exception : la <strong data-start=\"1663\" data-end=\"1691\">truffe noire du Vaucluse<\/strong> (Tuber melanosporum) et la <strong data-start=\"1719\" data-end=\"1743\">fraise de Carpentras<\/strong>. Ces deux tr\u00e9sors gastronomiques font la fiert\u00e9 de la r\u00e9gion et participent \u00e0 sa renomm\u00e9e internationale.<\/p>\r\n<p data-start=\"1851\" data-end=\"2233\">Le <strong data-start=\"1854\" data-end=\"1876\">march\u00e9 aux truffes<\/strong> de Carpentras, qui se d\u00e9roule en hiver sur la place Aristide-Briand, est un \u00e9v\u00e9nement attendu par les chefs et fins gourmets. Les trufficulteurs y proposent des truffes fra\u00eeches et contr\u00f4l\u00e9es, souvent achet\u00e9es tr\u00e8s t\u00f4t le matin dans une atmosph\u00e8re feutr\u00e9e et confidentielle. Carpentras est l\u2019un des principaux centres de vente de la truffe noire en France.<\/p>\r\n<p data-start=\"2235\" data-end=\"2644\">La <strong data-start=\"2238\" data-end=\"2262\">fraise de Carpentras<\/strong>, quant \u00e0 elle, est la star du printemps. D\u00e9licatement sucr\u00e9e, cueillie \u00e0 maturit\u00e9, elle est cultiv\u00e9e dans les plaines fertiles autour de la ville. Les vari\u00e9t\u00e9s les plus populaires incluent la <strong data-start=\"2455\" data-end=\"2469\">Gariguette<\/strong>, la <strong data-start=\"2474\" data-end=\"2483\">Cl\u00e9ry<\/strong> ou encore la <strong data-start=\"2497\" data-end=\"2511\">Ciflorette<\/strong>. Chaque ann\u00e9e, la f\u00eate de la fraise met \u00e0 l\u2019honneur ce fruit embl\u00e9matique \u00e0 travers animations, d\u00e9gustations et concours culinaires.<\/p>\r\n\r\n<blockquote data-start=\"2646\" data-end=\"2902\">\r\n<p data-start=\"2648\" data-end=\"2902\"><strong data-start=\"2648\" data-end=\"2673\">D\u00e9finition th\u00e9matique<\/strong> : <em data-start=\"2676\" data-end=\"2690\">Truffe noire<\/em> \u2014 Champignon souterrain tr\u00e8s pris\u00e9, au parfum puissant, souvent utilis\u00e9 dans la haute gastronomie.<\/p>\r\n<\/blockquote>\r\n<h3 data-start=\"2904\" data-end=\"2954\">Sp\u00e9cialit\u00e9s locales : berlingots et confiserie<\/h3>\r\n<p data-start=\"2956\" data-end=\"3254\">Parmi les douceurs incontournables, le <strong data-start=\"2995\" data-end=\"3022\">berlingot de Carpentras<\/strong> occupe une place de choix. Ce petit bonbon translucide et ray\u00e9, \u00e0 base de sirop de sucre cuit, est aromatis\u00e9 \u00e0 la menthe, \u00e0 l\u2019anis ou \u00e0 la violette. Il est souvent fabriqu\u00e9 de mani\u00e8re artisanale dans des ateliers ouverts au public.<\/p>\r\n<p data-start=\"3256\" data-end=\"3553\">La l\u00e9gende raconte que le berlingot fut invent\u00e9 par un apothicaire local pour utiliser les sirops restants. Aujourd\u2019hui, des maisons comme la <strong data-start=\"3398\" data-end=\"3428\">Confiserie du Mont Ventoux<\/strong> ou <strong data-start=\"3432\" data-end=\"3442\">Clavel<\/strong> perp\u00e9tuent cette tradition sucri\u00e8re avec passion. Le berlingot est devenu un <strong data-start=\"3520\" data-end=\"3540\">symbole gourmand<\/strong> de la ville.<\/p>\r\n\r\n<blockquote data-start=\"3555\" data-end=\"3819\">\r\n<p data-start=\"3557\" data-end=\"3819\"><strong data-start=\"3557\" data-end=\"3582\">D\u00e9finition th\u00e9matique<\/strong> : <em data-start=\"3585\" data-end=\"3596\">Berlingot<\/em> \u2014 Bonbon dur en forme de pyramide, originaire de Carpentras, fabriqu\u00e9 \u00e0 base de sucre aromatis\u00e9.<\/p>\r\n<\/blockquote>\r\n<h3 data-start=\"3821\" data-end=\"3852\">Mus\u00e9es et patrimoine vivant<\/h3>\r\n<p data-start=\"3854\" data-end=\"4228\">En plus de ses produits gastronomiques, <strong data-start=\"3894\" data-end=\"3908\">Carpentras<\/strong> dispose d\u2019un riche tissu culturel. Le fleuron en est la <strong data-start=\"3965\" data-end=\"4001\">Biblioth\u00e8que-Mus\u00e9e Inguimbertine<\/strong>, install\u00e9e dans l\u2019ancien h\u00f4tel-Dieu. Fond\u00e9e au XVIIIe si\u00e8cle par Monseigneur d\u2019Inguimbert, cette institution conserve un patrimoine exceptionnel : manuscrits, incunables, tableaux, instruments scientifiques et objets m\u00e9dicaux.<\/p>\r\n<p data-start=\"4230\" data-end=\"4574\">D\u2019autres lieux culturels comme le <strong data-start=\"4264\" data-end=\"4286\">Domaine de Marotte<\/strong> allient \u0153notourisme, expositions artistiques et ateliers d\u00e9couverte autour du vin et du terroir. Des festivals, concerts, conf\u00e9rences et expositions animent la ville tout au long de l\u2019ann\u00e9e, faisant de <strong data-start=\"4489\" data-end=\"4503\">Carpentras<\/strong> une ville o\u00f9 <strong data-start=\"4517\" data-end=\"4573\">culture et patrimoine se rencontrent harmonieusement<\/strong>.<\/p>\r\n\r\n<blockquote data-start=\"4576\" data-end=\"4841\">\r\n<p data-start=\"4578\" data-end=\"4841\"><strong data-start=\"4578\" data-end=\"4603\">D\u00e9finition th\u00e9matique<\/strong> : <em data-start=\"4606\" data-end=\"4621\">Inguimbertine<\/em> \u2014 Biblioth\u00e8que et mus\u00e9e fond\u00e9s par un \u00e9v\u00eaque \u00e9clair\u00e9, aujourd\u2019hui centre culturel majeur de Carpentras.<\/p>\r\n<\/blockquote>\r\n<h2 data-start=\"219\" data-end=\"258\">Paysages, activit\u00e9s et environnement<\/h2>\r\n<p data-start=\"260\" data-end=\"589\">Entour\u00e9e de vignobles, de collines et de paysages spectaculaires, <strong data-start=\"326\" data-end=\"340\">Carpentras<\/strong> b\u00e9n\u00e9ficie d\u2019un environnement naturel privil\u00e9gi\u00e9. Son positionnement g\u00e9ographique au pied du mont Ventoux en fait un <strong data-start=\"457\" data-end=\"482\">point de d\u00e9part id\u00e9al<\/strong> pour explorer les beaut\u00e9s du Vaucluse, tout en profitant d\u2019un cadre de vie calme, ensoleill\u00e9 et inspirant.<\/p>\r\n\r\n<h3 data-start=\"591\" data-end=\"639\">Aux portes du Mont Ventoux et de la Provence<\/h3>\r\n<p data-start=\"641\" data-end=\"1072\">Situ\u00e9e \u00e0 une vingtaine de kilom\u00e8tres d\u2019<strong data-start=\"680\" data-end=\"691\">Avignon<\/strong>, <strong data-start=\"693\" data-end=\"707\">Carpentras<\/strong> s\u2019ouvre vers les plus grands sites naturels et culturels de la r\u00e9gion. \u00c0 l\u2019est, se dresse le mythique <strong data-start=\"810\" data-end=\"826\">Mont Ventoux<\/strong>, surnomm\u00e9 \u00ab\u202fle G\u00e9ant de Provence\u202f\u00bb. Ce sommet embl\u00e9matique, culminant \u00e0 1912 m\u00e8tres, attire randonneurs, cyclistes et amoureux de la nature. Il est class\u00e9 <strong data-start=\"982\" data-end=\"1019\">r\u00e9serve de biosph\u00e8re par l\u2019UNESCO<\/strong>, en raison de sa richesse \u00e9cologique exceptionnelle.<\/p>\r\n<p data-start=\"1074\" data-end=\"1377\">Autour de <strong data-start=\"1084\" data-end=\"1098\">Carpentras<\/strong>, on d\u00e9couvre les <strong data-start=\"1116\" data-end=\"1143\">Dentelles de Montmirail<\/strong>, un massif de roches calcaires dentel\u00e9es, id\u00e9al pour la randonn\u00e9e et l\u2019escalade. Vers le sud, les <strong data-start=\"1242\" data-end=\"1262\">villages perch\u00e9s<\/strong> comme Gordes, Venasque, ou encore Fontaine-de-Vaucluse offrent un panorama typique de la <strong data-start=\"1352\" data-end=\"1376\">Provence authentique<\/strong>.<\/p>\r\n\r\n<blockquote data-start=\"1379\" data-end=\"1645\">\r\n<p data-start=\"1381\" data-end=\"1645\"><strong data-start=\"1381\" data-end=\"1406\">D\u00e9finition th\u00e9matique<\/strong> : <em data-start=\"1409\" data-end=\"1423\">Mont Ventoux<\/em> \u2014 Sommet embl\u00e9matique du Vaucluse, r\u00e9put\u00e9 pour ses paysages lunaires, ses d\u00e9fis cyclistes et sa biodiversit\u00e9 unique.<\/p>\r\n<\/blockquote>\r\n<h3 data-start=\"1647\" data-end=\"1682\">Activit\u00e9s ext\u00e9rieures et nature<\/h3>\r\n<p data-start=\"1684\" data-end=\"2054\">Gr\u00e2ce \u00e0 sa situation centrale, <strong data-start=\"1715\" data-end=\"1729\">Carpentras<\/strong> est un v\u00e9ritable <strong data-start=\"1747\" data-end=\"1779\">hub d\u2019activit\u00e9s de plein air<\/strong>. Les circuits cyclotouristiques y sont nombreux, notamment la c\u00e9l\u00e8bre mont\u00e9e du Mont Ventoux, tr\u00e8s pris\u00e9e des amateurs du Tour de France. Des sentiers balis\u00e9s permettent aussi de d\u00e9couvrir la <strong data-start=\"1972\" data-end=\"1995\">garrigue proven\u00e7ale<\/strong>, les champs de lavande en \u00e9t\u00e9, ou les truffi\u00e8res en hiver.<\/p>\r\n<p data-start=\"2056\" data-end=\"2304\">Pour les familles et promeneurs, le <strong data-start=\"2092\" data-end=\"2115\">canal de Carpentras<\/strong>, long de plus de 90 kilom\u00e8tres, offre des parcours ombrag\u00e9s tr\u00e8s appr\u00e9ci\u00e9s lors des journ\u00e9es estivales. C\u2019est un lieu de balade paisible et instructif sur l\u2019histoire agricole de la r\u00e9gion.<\/p>\r\n<p data-start=\"2306\" data-end=\"2515\">De plus, la proximit\u00e9 de vignobles prestigieux (Ventoux AOC, Gigondas, Beaumes-de-Venise) permet aux visiteurs de participer \u00e0 des <strong data-start=\"2437\" data-end=\"2465\">d\u00e9gustations \u0153nologiques<\/strong>, des visites de cave, ou des vendanges en saison.<\/p>\r\n\r\n<blockquote data-start=\"2517\" data-end=\"2784\">\r\n<p data-start=\"2519\" data-end=\"2784\"><strong data-start=\"2519\" data-end=\"2544\">D\u00e9finition th\u00e9matique<\/strong> : <em data-start=\"2547\" data-end=\"2557\">Garrigue<\/em> \u2014 \u00c9cosyst\u00e8me m\u00e9diterran\u00e9en de v\u00e9g\u00e9tation basse, typique du sud de la France, riche en senteurs et en biodiversit\u00e9.<\/p>\r\n<\/blockquote>\r\n<h2 data-start=\"225\" data-end=\"271\">Origines anciennes et contexte g\u00e9ographique<\/h2>\r\n<p data-start=\"273\" data-end=\"659\"><strong data-start=\"273\" data-end=\"287\">Carpentras<\/strong>, situ\u00e9e au c\u0153ur du Vaucluse en r\u00e9gion Provence-Alpes-C\u00f4te d\u2019Azur, s\u2019illustre par un pass\u00e9 mill\u00e9naire et une implantation strat\u00e9gique entre plaine comtadine et contreforts du mont Ventoux. Ce <strong data-start=\"479\" data-end=\"497\">site proven\u00e7al<\/strong> remarquable est une porte d\u2019entr\u00e9e historique vers les <strong data-start=\"553\" data-end=\"578\">richesses culturelles<\/strong> du <strong data-start=\"582\" data-end=\"602\">Comtat Venaissin<\/strong>, territoire qui fut longtemps sous l\u2019autorit\u00e9 des papes.<\/p>\r\n\r\n<h3 data-start=\"661\" data-end=\"686\">H\u00e9ritage gr\u00e9co-romain<\/h3>\r\n<p data-start=\"688\" data-end=\"1198\">L\u2019histoire de <strong data-start=\"702\" data-end=\"716\">Carpentras<\/strong> remonte \u00e0 l\u2019Antiquit\u00e9. Avant m\u00eame l\u2019arriv\u00e9e des Romains, le site \u00e9tait occup\u00e9 par les <strong data-start=\"803\" data-end=\"814\">Gaulois<\/strong>, puis a \u00e9t\u00e9 fortement influenc\u00e9 par les <strong data-start=\"855\" data-end=\"864\">Grecs<\/strong> qui ont essaim\u00e9 \u00e0 travers la vall\u00e9e du Rh\u00f4ne. La cit\u00e9 fut ensuite int\u00e9gr\u00e9e \u00e0 l\u2019Empire romain sous le nom de <em data-start=\"973\" data-end=\"998\">Carpentoracte Meminorum<\/em>. Le prestige romain de la ville s\u2019incarne notamment \u00e0 travers <strong data-start=\"1061\" data-end=\"1084\">l\u2019Arc de Carpentras<\/strong>, \u00e9difice datant du Ier si\u00e8cle, unique vestige d\u2019un ancien <strong data-start=\"1143\" data-end=\"1159\">forum romain<\/strong>, encore visible au centre de la ville.<\/p>\r\n<p data-start=\"1200\" data-end=\"1578\">Cet <strong data-start=\"1204\" data-end=\"1223\">arc de triomphe<\/strong>, aujourd\u2019hui class\u00e9 <strong data-start=\"1244\" data-end=\"1267\">Monument Historique<\/strong>, est une trace \u00e9loquente de la romanisation du territoire. Il symbolise l\u2019ancrage profond de <strong data-start=\"1361\" data-end=\"1375\">Carpentras<\/strong> dans le tissu urbain antique, tout comme les fondations retrouv\u00e9es lors de fouilles arch\u00e9ologiques r\u00e9centes, qui t\u00e9moignent de son r\u00f4le de <strong data-start=\"1515\" data-end=\"1539\">carrefour commercial<\/strong> et administratif d\u00e8s l\u2019\u00e9poque romaine.<\/p>\r\n\r\n<blockquote data-start=\"1580\" data-end=\"1882\">\r\n<p data-start=\"1582\" data-end=\"1882\"><strong data-start=\"1582\" data-end=\"1607\">D\u00e9finition th\u00e9matique<\/strong> : <em data-start=\"1610\" data-end=\"1622\">Arc romain<\/em> \u2014 Monument construit pour comm\u00e9morer une victoire militaire ou honorer un empereur ; souvent situ\u00e9 \u00e0 l\u2019entr\u00e9e d\u2019une cit\u00e9 romaine.<\/p>\r\n<\/blockquote>\r\n<h3 data-start=\"1884\" data-end=\"1935\">Capitale des Comtes-Papes : le Comtat Venaissin<\/h3>\r\n<p data-start=\"1937\" data-end=\"2515\">Entre 1274 et 1791, <strong data-start=\"1957\" data-end=\"1971\">Carpentras<\/strong> devient la capitale du <strong data-start=\"1995\" data-end=\"2015\">Comtat Venaissin<\/strong>, territoire pontifical rattach\u00e9 aux \u00c9tats de l\u2019\u00c9glise. Cette p\u00e9riode marque un tournant majeur dans l\u2019histoire de la ville. Sous l\u2019autorit\u00e9 des papes install\u00e9s \u00e0 Avignon, <strong data-start=\"2187\" data-end=\"2201\">Carpentras<\/strong> devient un centre religieux, judiciaire et administratif d\u2019importance, notamment par la pr\u00e9sence du <strong data-start=\"2302\" data-end=\"2322\">Palais \u00e9piscopal<\/strong> (aujourd\u2019hui Palais de Justice), de la <strong data-start=\"2362\" data-end=\"2375\">Synagogue<\/strong> (la plus ancienne en activit\u00e9 de France) et d\u2019une <strong data-start=\"2426\" data-end=\"2456\">intense vie intellectuelle<\/strong> stimul\u00e9e par l\u2019essor de l\u2019imprimerie et des \u00e9coles juives.<\/p>\r\n<p data-start=\"2517\" data-end=\"2913\">L\u2019influence papale se ressent dans l\u2019architecture, mais aussi dans la culture et la soci\u00e9t\u00e9 locale : la ville devient un carrefour de <strong data-start=\"2651\" data-end=\"2683\">cohabitation confessionnelle<\/strong> entre catholiques, juifs et parfois protestants, sous la surveillance du Saint-Si\u00e8ge. Ce statut exceptionnel pr\u00e9serve <strong data-start=\"2802\" data-end=\"2816\">Carpentras<\/strong> des guerres de religion et lui conf\u00e8re un caract\u00e8re cosmopolite unique dans le sud de la France.<\/p>\r\n\r\n<blockquote data-start=\"2915\" data-end=\"3263\">\r\n<p data-start=\"2917\" data-end=\"3263\"><strong data-start=\"2917\" data-end=\"2942\">D\u00e9finition th\u00e9matique<\/strong> : <em data-start=\"2945\" data-end=\"2963\">Comtat Venaissin<\/em> \u2014 Territoire du sud de la France ayant appartenu aux papes de 1274 \u00e0 1791, avec Carpentras comme capitale administrative et religieuse.<\/p>\r\n<\/blockquote>\r\n<h2 data-start=\"203\" data-end=\"236\">L\u2019identit\u00e9 juive de Carpentras<\/h2>\r\n<p data-start=\"238\" data-end=\"643\">Peu de villes fran\u00e7aises peuvent se targuer d\u2019un tel h\u00e9ritage religieux et culturel que <strong data-start=\"326\" data-end=\"340\">Carpentras<\/strong> en mati\u00e8re de <strong data-start=\"355\" data-end=\"373\">pr\u00e9sence juive<\/strong>. La ville est le berceau d\u2019une des plus anciennes communaut\u00e9s juives de France, install\u00e9e de fa\u00e7on continue depuis le XIIIe si\u00e8cle. Cet ancrage historique a profond\u00e9ment marqu\u00e9 l\u2019identit\u00e9 de la cit\u00e9, encore visible aujourd\u2019hui \u00e0 travers ses monuments et ses traditions.<\/p>\r\n\r\n<h3 data-start=\"645\" data-end=\"697\">Une pr\u00e9sence ancienne et prot\u00e9g\u00e9e sous les papes<\/h3>\r\n<p data-start=\"699\" data-end=\"1069\">La communaut\u00e9 juive s\u2019est \u00e9tablie \u00e0 <strong data-start=\"735\" data-end=\"749\">Carpentras<\/strong> d\u00e8s 1274, \u00e0 une \u00e9poque o\u00f9 le Comtat Venaissin passait sous souverainet\u00e9 pontificale. Contrairement au reste du royaume de France, d\u2019o\u00f9 les juifs furent souvent expuls\u00e9s, les papes autorisaient leur pr\u00e9sence dans leurs \u00c9tats. Cette <strong data-start=\"981\" data-end=\"1014\">tol\u00e9rance religieuse relative<\/strong> permet \u00e0 la communaut\u00e9 de s\u2019organiser et de prosp\u00e9rer.<\/p>\r\n<p data-start=\"1071\" data-end=\"1380\">D\u00e8s 1461, un <strong data-start=\"1084\" data-end=\"1107\">quartier juif ferm\u00e9<\/strong>, appel\u00e9 <strong data-start=\"1116\" data-end=\"1128\">Carri\u00e8re<\/strong>, est officiellement \u00e9tabli. Bien que s\u00e9par\u00e9s du reste de la ville, les juifs de Carpentras jouissaient de certaines libert\u00e9s commerciales et \u00e9ducatives. Ils d\u00e9velopp\u00e8rent un syst\u00e8me communautaire structur\u00e9, avec leur propre tribunal, \u00e9cole et rituels.<\/p>\r\n\r\n<blockquote data-start=\"1382\" data-end=\"1671\">\r\n<p data-start=\"1384\" data-end=\"1671\"><strong data-start=\"1384\" data-end=\"1409\">D\u00e9finition th\u00e9matique<\/strong> : <em data-start=\"1412\" data-end=\"1422\">Carri\u00e8re<\/em> \u2014 Nom donn\u00e9 aux anciens quartiers juifs dans les \u00c9tats pontificaux, \u00e9quivalents aux ghettos, mais avec une organisation autonome.<\/p>\r\n<\/blockquote>\r\n<h3 data-start=\"1673\" data-end=\"1738\">La Synagogue de Carpentras : un joyau du patrimoine religieux<\/h3>\r\n<p data-start=\"1740\" data-end=\"2056\">\u00c9difi\u00e9e en 1367, la <strong data-start=\"1760\" data-end=\"1787\">Synagogue de Carpentras<\/strong> est la plus ancienne en activit\u00e9 en France. Elle fut profond\u00e9ment remani\u00e9e au XVIIIe si\u00e8cle, dans un style baroque tr\u00e8s influenc\u00e9 par l\u2019architecture chr\u00e9tienne de la r\u00e9gion. Ce monument, class\u00e9 <strong data-start=\"1982\" data-end=\"2005\">Monument Historique<\/strong>, est l\u2019un des piliers du patrimoine juif europ\u00e9en.<\/p>\r\n<p data-start=\"2058\" data-end=\"2409\">Le b\u00e2timent abrite une salle de pri\u00e8re sup\u00e9rieure, d\u00e9cor\u00e9e avec raffinement, mais aussi une salle basse souterraine contenant un <strong data-start=\"2187\" data-end=\"2196\">mikv\u00e9<\/strong> (bain rituel), des fours \u00e0 pain azymes, une boucherie cacher et des caves vo\u00fbt\u00e9es. Ce r\u00e9seau souterrain, parfaitement conserv\u00e9, illustre la <strong data-start=\"2337\" data-end=\"2360\">richesse liturgique<\/strong> de la vie juive traditionnelle \u00e0 <strong data-start=\"2394\" data-end=\"2408\">Carpentras<\/strong>.<\/p>\r\n<p data-start=\"2411\" data-end=\"2556\">Des visites guid\u00e9es sont propos\u00e9es toute l\u2019ann\u00e9e, et des \u00e9v\u00e9nements culturels y sont r\u00e9guli\u00e8rement organis\u00e9s pour valoriser ce patrimoine unique.<\/p>\r\n\r\n<blockquote data-start=\"2558\" data-end=\"2846\">\r\n<p data-start=\"2560\" data-end=\"2846\"><strong data-start=\"2560\" data-end=\"2585\">D\u00e9finition th\u00e9matique<\/strong> : <em data-start=\"2588\" data-end=\"2595\">Mikv\u00e9<\/em> \u2014 Bain rituel servant aux purifications religieuses dans la tradition juive, souvent situ\u00e9 dans les sous-sols des synagogues anciennes.<\/p>\r\n<\/blockquote>\r\n<h3 data-start=\"2848\" data-end=\"2871\">Une m\u00e9moire vivante<\/h3>\r\n<p data-start=\"2873\" data-end=\"3262\">Aujourd\u2019hui encore, bien que la population juive soit moindre qu\u2019autrefois, l\u2019empreinte culturelle et spirituelle reste forte \u00e0 <strong data-start=\"3001\" data-end=\"3015\">Carpentras<\/strong>. La synagogue reste un lieu actif, notamment lors de grandes f\u00eates comme Pessa\u2019h ou Kippour. Des associations locales et r\u00e9gionales \u0153uvrent pour la <strong data-start=\"3164\" data-end=\"3194\">pr\u00e9servation de la m\u00e9moire<\/strong> juive \u00e0 travers conf\u00e9rences, expositions et partenariats \u00e9ducatifs.<\/p>\r\n<p data-start=\"3264\" data-end=\"3515\">Ce pan de l\u2019histoire de <strong data-start=\"3288\" data-end=\"3302\">Carpentras<\/strong> attire chaque ann\u00e9e de nombreux visiteurs, chercheurs et descendants d\u2019anciennes familles juives originaires du Comtat. Il fait de la ville un <strong data-start=\"3446\" data-end=\"3481\">haut lieu du juda\u00efsme proven\u00e7al<\/strong>, reconnu au niveau international.<\/p>\r\n\r\n<h2 data-start=\"355\" data-end=\"377\">Foire Aux Questions<\/h2>\r\n<h3 data-start=\"379\" data-end=\"430\">Quelle est l\u2019origine historique de Carpentras ?<\/h3>\r\n<p data-start=\"432\" data-end=\"759\"><strong data-start=\"432\" data-end=\"446\">Carpentras<\/strong> est une ancienne cit\u00e9 gallo-romaine fond\u00e9e sous le nom de <em data-start=\"505\" data-end=\"530\">Carpentoracte Meminorum<\/em>. Elle devint plus tard la capitale du <strong data-start=\"569\" data-end=\"589\">Comtat Venaissin<\/strong>, un territoire sous souverainet\u00e9 papale de 1274 \u00e0 1791. Ce pass\u00e9 conf\u00e8re \u00e0 la ville une richesse historique exceptionnelle, visible dans son patrimoine et son urbanisme.<\/p>\r\n\r\n<h3 data-start=\"761\" data-end=\"799\">Que voir absolument \u00e0 Carpentras ?<\/h3>\r\n<p data-start=\"801\" data-end=\"1102\">Parmi les incontournables de <strong data-start=\"830\" data-end=\"844\">Carpentras<\/strong>, on trouve la <strong data-start=\"859\" data-end=\"872\">Synagogue<\/strong>, la <strong data-start=\"877\" data-end=\"906\">cath\u00e9drale Saint-Siffrein<\/strong>, l\u2019<strong data-start=\"910\" data-end=\"924\">Arc romain<\/strong>, la <strong data-start=\"929\" data-end=\"965\">Biblioth\u00e8que-Mus\u00e9e Inguimbertine<\/strong>, le <strong data-start=\"970\" data-end=\"992\">march\u00e9 du vendredi<\/strong>, et le <strong data-start=\"1000\" data-end=\"1017\">Passage Boyer<\/strong>. Chaque lieu offre une plong\u00e9e dans une \u00e9poque diff\u00e9rente de l\u2019histoire de la ville.<\/p>\r\n\r\n<h3 data-start=\"1104\" data-end=\"1146\">Quand a lieu le march\u00e9 de Carpentras ?<\/h3>\r\n<p data-start=\"1148\" data-end=\"1389\">Le grand <strong data-start=\"1157\" data-end=\"1177\">march\u00e9 proven\u00e7al<\/strong> de <strong data-start=\"1181\" data-end=\"1195\">Carpentras<\/strong> se tient tous les vendredis matin, de 8h \u00e0 13h environ, dans les rues du centre-ville. C\u2019est l\u2019un des plus anciens et des plus anim\u00e9s de Provence, r\u00e9put\u00e9 pour la qualit\u00e9 de ses produits locaux.<\/p>\r\n\r\n<h3 data-start=\"1391\" data-end=\"1468\">Pourquoi Carpentras est-elle importante pour la culture juive en France ?<\/h3>\r\n<p data-start=\"1470\" data-end=\"1790\"><strong data-start=\"1470\" data-end=\"1484\">Carpentras<\/strong> abrite la plus ancienne synagogue en activit\u00e9 de France, datant de 1367. La ville fut un refuge pour les juifs durant les si\u00e8cles o\u00f9 ils \u00e9taient pers\u00e9cut\u00e9s ailleurs en France, gr\u00e2ce \u00e0 la tol\u00e9rance relative des papes. Elle reste aujourd\u2019hui un lieu de m\u00e9moire et de spiritualit\u00e9 pour le juda\u00efsme proven\u00e7al.<\/p>\r\n\r\n<h3 data-start=\"1792\" data-end=\"1860\">Quel est le meilleur moment pour visiter le march\u00e9 aux truffes ?<\/h3>\r\n<p data-start=\"1862\" data-end=\"2071\">Le <strong data-start=\"1865\" data-end=\"1901\">march\u00e9 aux truffes de Carpentras<\/strong> se d\u00e9roule de mi-novembre \u00e0 mars, chaque vendredi matin. Le c\u0153ur de la saison se situe en janvier, lorsque la <strong data-start=\"2012\" data-end=\"2040\">truffe noire du Vaucluse<\/strong> atteint son apog\u00e9e aromatique.<\/p>\r\n\r\n<h3 data-start=\"2073\" data-end=\"2140\">O\u00f9 se trouve la Synagogue de Carpentras et peut-on la visiter ?<\/h3>\r\n<p data-start=\"2142\" data-end=\"2404\">La <strong data-start=\"2145\" data-end=\"2172\">Synagogue de Carpentras<\/strong> se situe rue de la R\u00e9publique, dans le centre ancien. Des visites guid\u00e9es sont propos\u00e9es toute l\u2019ann\u00e9e (hors jours de f\u00eate religieuse), permettant de d\u00e9couvrir la salle de pri\u00e8re, le mikv\u00e9, et les anciennes installations rituelles.<\/p>\r\n\r\n<h3 data-start=\"2406\" data-end=\"2466\">Quels sont les alentours \u00e0 d\u00e9couvrir depuis Carpentras ?<\/h3>\r\n<p data-start=\"2468\" data-end=\"2756\">Autour de <strong data-start=\"2478\" data-end=\"2492\">Carpentras<\/strong>, les visiteurs peuvent explorer les <strong data-start=\"2529\" data-end=\"2549\">villages perch\u00e9s<\/strong> du Vaucluse comme Gordes, Venasque, Roussillon ou encore Fontaine-de-Vaucluse. Le <strong data-start=\"2632\" data-end=\"2648\">Mont Ventoux<\/strong> et les <strong data-start=\"2656\" data-end=\"2683\">Dentelles de Montmirail<\/strong> offrent \u00e9galement des panoramas et activit\u00e9s naturelles exceptionnelles.<\/p>\r\n\r\n<h3 data-start=\"2758\" data-end=\"2817\">Quelle est la sp\u00e9cialit\u00e9 sucr\u00e9e typique de Carpentras ?<\/h3>\r\n<p data-start=\"2819\" data-end=\"3033\">La douceur embl\u00e9matique de <strong data-start=\"2846\" data-end=\"2860\">Carpentras<\/strong> est le <strong data-start=\"2868\" data-end=\"2881\">berlingot<\/strong>, un bonbon color\u00e9 en forme de pyramide. Il est souvent aromatis\u00e9 \u00e0 la menthe ou \u00e0 la violette, et fabriqu\u00e9 de mani\u00e8re artisanale depuis le XIXe si\u00e8cle.<\/p>\r\n\r\n<h3 data-start=\"3035\" data-end=\"3082\">Comment acc\u00e9der \u00e0 Carpentras (transports) ?<\/h3>\r\n<p data-start=\"3084\" data-end=\"3316\"><strong data-start=\"3084\" data-end=\"3098\">Carpentras<\/strong> est accessible par train TER depuis Avignon (ligne Avignon\u2013Carpentras). En voiture, elle est reli\u00e9e \u00e0 l\u2019A7 via la sortie Avignon nord. Des bus r\u00e9gionaux desservent \u00e9galement la ville depuis Orange, Cavaillon ou Sault.<\/p>\r\n\r\n<h3 data-start=\"3318\" data-end=\"3381\">Quelles activit\u00e9s culturelles sont propos\u00e9es \u00e0 Carpentras ?<\/h3>\r\n<p data-start=\"3383\" data-end=\"3639\">La ville propose toute l\u2019ann\u00e9e des <strong data-start=\"3418\" data-end=\"3454\">expositions, festivals, concerts<\/strong> et visites guid\u00e9es. L\u2019office de tourisme, install\u00e9 dans le Couvent des Dominicains, organise de nombreux \u00e9v\u00e9nements autour du <strong data-start=\"3581\" data-end=\"3638\">patrimoine, de la gastronomie et de l\u2019artisanat local<\/strong>.<\/p>\r\n\r\n<h2 data-start=\"231\" data-end=\"244\">Conclusion<\/h2>\r\n<p data-start=\"246\" data-end=\"609\"><strong data-start=\"246\" data-end=\"260\">Carpentras<\/strong> est bien plus qu\u2019une ville proven\u00e7ale typique : c\u2019est un carrefour d\u2019histoires, de cultures et de saveurs qui continue de s\u00e9duire par son authenticit\u00e9 et sa vitalit\u00e9. Des vestiges antiques aux march\u00e9s anim\u00e9s, en passant par ses sp\u00e9cialit\u00e9s sucr\u00e9es et son patrimoine religieux, tout ici \u00e9voque une identit\u00e9 forte, enracin\u00e9e et tourn\u00e9e vers l\u2019avenir.<\/p>\r\n<p data-start=\"611\" data-end=\"940\">Explorer <strong data-start=\"620\" data-end=\"634\">Carpentras<\/strong>, c\u2019est remonter le temps \u00e0 travers ses rues pav\u00e9es, go\u00fbter \u00e0 la richesse de son terroir, et ressentir le souffle d\u2019une Provence encore vraie. Que vous soyez amateur d\u2019histoire, passionn\u00e9 de gastronomie, ou simplement curieux <strong data-start=\"860\" data-end=\"871\">du pays<\/strong>, cette ville ne manquera pas de vous surprendre et de vous inspirer.<\/p>\r\n<p data-start=\"942\" data-end=\"1163\">Pour prolonger votre d\u00e9couverte, vous pouvez consulter <a class=\"decorated-link\" href=\"https:\/\/fr.wikipedia.org\/wiki\/Carpentras?utm_source=chatgpt.com\" target=\"_new\" rel=\"noopener\" data-start=\"997\" data-end=\"1066\">cette page encyclop\u00e9dique<\/a> qui offre un panorama d\u00e9taill\u00e9 sur ses origines, son architecture et son rayonnement historique.<\/p>\t\t\t\t\t\t\t\t<\/div>\n\t\t\t\t\t<\/div>\n\t\t\t\t<\/div>\n\t\t<aside class=\"elementor-element elementor-element-4272b94 e-flex e-con-boxed e-con e-parent\" data-id=\"4272b94\" data-element_type=\"container\" data-e-type=\"container\">\n\t\t\t\t\t<div class=\"e-con-inner\">\n\t\t\t\t<div class=\"elementor-element elementor-element-d556013 elementor-widget elementor-widget-listeo-posts-grid\" data-id=\"d556013\" data-element_type=\"widget\" data-e-type=\"widget\" data-widget_type=\"listeo-posts-grid.default\">\n\t\t\t\t<div class=\"elementor-widget-container\">\n\t\t\t\t\t\t\t\n\t\t<div class=\"listeo-post-grid-wrapper\">\n\t\t\t<div class=\"row\">\n\n\t\t\t\n\n\t\t\t\t\t\t\t<div class=\"col-md-4\">\n                <a href=\"https:\/\/cparici.com\/en\/lisle-sur-la-sorgue-2\/\" class=\"blog-compact-item-container\">\n                    <div class=\"blog-compact-item\">\n                        <img decoding=\"async\" width=\"577\" height=\"204\" src=\"https:\/\/cparici.com\/wp-content\/uploads\/2025\/08\/cparici-2025-08-24T090845.343-577x204.jpg\" class=\"attachment-listeo-blog-related-post size-listeo-blog-related-post wp-post-image\" alt=\"L\u2019Isle\u2011sur\u2011la\u2011Sorgue\" srcset=\"https:\/\/cparici.com\/wp-content\/uploads\/2025\/08\/cparici-2025-08-24T090845.343-577x204.jpg 577w, https:\/\/cparici.com\/wp-content\/uploads\/2025\/08\/cparici-2025-08-24T090845.343-300x106.jpg 300w, https:\/\/cparici.com\/wp-content\/uploads\/2025\/08\/cparici-2025-08-24T090845.343-1024x362.jpg 1024w, https:\/\/cparici.com\/wp-content\/uploads\/2025\/08\/cparici-2025-08-24T090845.343-768x271.jpg 768w, https:\/\/cparici.com\/wp-content\/uploads\/2025\/08\/cparici-2025-08-24T090845.343-18x6.jpg 18w, https:\/\/cparici.com\/wp-content\/uploads\/2025\/08\/cparici-2025-08-24T090845.343-590x208.jpg 590w, https:\/\/cparici.com\/wp-content\/uploads\/2025\/08\/cparici-2025-08-24T090845.343-1200x424.jpg 1200w, https:\/\/cparici.com\/wp-content\/uploads\/2025\/08\/cparici-2025-08-24T090845.343-600x212.jpg 600w, https:\/\/cparici.com\/wp-content\/uploads\/2025\/08\/cparici-2025-08-24T090845.343.jpg 1500w\" sizes=\"(max-width: 577px) 100vw, 577px\" \/><span class=\"blog-item-tag\">France<\/span>                        \n                        <div class=\"blog-compact-item-content\">\n                                                        <h3>L\u2019Isle\u2011sur\u2011la\u2011Sorgue, Venise comtadine des antiquaires et march\u00e9s proven\u00e7aux<\/h3>\n                                                        <p>Recherches populaires Categories Pas de r\u00e9sultats Voir tous les r\u00e9sultats L\u2019Isle\u2011sur\u2011la\u2011Sorgue, Venise comtadine des antiquaires...                            <\/p>\n                                                    <\/div>\n                    <\/div>\n                <\/a>\n            <\/div>\n\t\t\t<div class=\"col-md-4\">\n                <a href=\"https:\/\/cparici.com\/en\/bormes-les-mimosas\/\" class=\"blog-compact-item-container\">\n                    <div class=\"blog-compact-item\">\n                        <img decoding=\"async\" width=\"577\" height=\"204\" src=\"https:\/\/cparici.com\/wp-content\/uploads\/2024\/09\/Bormes-les-Mimosas.jpg\" class=\"attachment-listeo-blog-related-post size-listeo-blog-related-post wp-post-image\" alt=\"Bormes les Mimosas\" srcset=\"https:\/\/cparici.com\/wp-content\/uploads\/2024\/09\/Bormes-les-Mimosas.jpg 1500w, https:\/\/cparici.com\/wp-content\/uploads\/2024\/09\/Bormes-les-Mimosas-600x212.jpg 600w, https:\/\/cparici.com\/wp-content\/uploads\/2024\/09\/Bormes-les-Mimosas-300x106.jpg 300w, https:\/\/cparici.com\/wp-content\/uploads\/2024\/09\/Bormes-les-Mimosas-1024x362.jpg 1024w, https:\/\/cparici.com\/wp-content\/uploads\/2024\/09\/Bormes-les-Mimosas-768x271.jpg 768w\" sizes=\"(max-width: 577px) 100vw, 577px\" \/><span class=\"blog-item-tag\">Bormes les Mimosas<\/span>                        \n                        <div class=\"blog-compact-item-content\">\n                                                        <h3>Bormes les mimosas \u2013 d\u00e9couvrez la ville du Var<\/h3>\n                                                        <p>Bormes les Mimosas, un joyau varois, offre une exp\u00e9rience unique. Admirez ses maisons fleuries, visitez...                            <\/p>\n                                                    <\/div>\n                    <\/div>\n                <\/a>\n            <\/div>\n\t\t\t<div class=\"col-md-4\">\n                <a href=\"https:\/\/cparici.com\/en\/var-departement\/\" class=\"blog-compact-item-container\">\n                    <div class=\"blog-compact-item\">\n                        <img decoding=\"async\" width=\"577\" height=\"225\" src=\"https:\/\/cparici.com\/wp-content\/uploads\/2024\/06\/Var-departement.jpg\" class=\"attachment-listeo-blog-related-post size-listeo-blog-related-post wp-post-image\" alt=\"Var D\u00e9partement\" srcset=\"https:\/\/cparici.com\/wp-content\/uploads\/2024\/06\/Var-departement.jpg 1500w, https:\/\/cparici.com\/wp-content\/uploads\/2024\/06\/Var-departement-600x234.jpg 600w, https:\/\/cparici.com\/wp-content\/uploads\/2024\/06\/Var-departement-300x117.jpg 300w, https:\/\/cparici.com\/wp-content\/uploads\/2024\/06\/Var-departement-1024x399.jpg 1024w, https:\/\/cparici.com\/wp-content\/uploads\/2024\/06\/Var-departement-768x299.jpg 768w\" sizes=\"(max-width: 577px) 100vw, 577px\" \/><span class=\"blog-item-tag\">D\u00e9partement de France<\/span>                        \n                        <div class=\"blog-compact-item-content\">\n                                                        <h3>Var \u2013 guide complet pour visiter le d\u00e9partement<\/h3>\n                                                        <p>Le d\u00e9partement Var vous attend avec ses paysages vari\u00e9s, son patrimoine historique et ses sp\u00e9cialit\u00e9s...                            <\/p>\n                                                    <\/div>\n                    <\/div>\n                <\/a>\n            <\/div>\n  <\/div>\n        <\/div>\n        \t\t\t\t<\/div>\n\t\t\t\t<\/div>\n\t\t\t\t\t<\/div>\n\t\t\t\t<\/aside>\n\t\t\t\t<\/div>\n\t\t","protected":false},"excerpt":{"rendered":"<p>Recherches populaires Categories Pas de r\u00e9sultats Voir tous les r\u00e9sultats Carpentras : que voir et que faire dans la capitale du Comtat Situ\u00e9e entre les collines du Vaucluse et les pentes majestueuses du Mont Ventoux, Carpentras est l\u2019une des villes les plus embl\u00e9matiques de la Provence int\u00e9rieure. Ancienne capitale du Comtat Venaissin, elle incarne \u00e0 [&hellip;]<\/p>\n","protected":false},"author":97,"featured_media":70218,"comment_status":"closed","ping_status":"closed","sticky":false,"template":"elementor_header_footer","format":"standard","meta":{"ngg_post_thumbnail":0,"footnotes":""},"categories":[2806,477,995,1003],"tags":[],"class_list":["post-70210","post","type-post","status-publish","format-standard","has-post-thumbnail","hentry","category-carpentras","category-france","category-provence-alpes-cote-dazur","category-vaucluse"],"_links":{"self":[{"href":"https:\/\/cparici.com\/en\/wp-json\/wp\/v2\/posts\/70210","targetHints":{"allow":["GET"]}}],"collection":[{"href":"https:\/\/cparici.com\/en\/wp-json\/wp\/v2\/posts"}],"about":[{"href":"https:\/\/cparici.com\/en\/wp-json\/wp\/v2\/types\/post"}],"author":[{"embeddable":true,"href":"https:\/\/cparici.com\/en\/wp-json\/wp\/v2\/users\/97"}],"replies":[{"embeddable":true,"href":"https:\/\/cparici.com\/en\/wp-json\/wp\/v2\/comments?post=70210"}],"version-history":[{"count":0,"href":"https:\/\/cparici.com\/en\/wp-json\/wp\/v2\/posts\/70210\/revisions"}],"wp:featuredmedia":[{"embeddable":true,"href":"https:\/\/cparici.com\/en\/wp-json\/wp\/v2\/media\/70218"}],"wp:attachment":[{"href":"https:\/\/cparici.com\/en\/wp-json\/wp\/v2\/media?parent=70210"}],"wp:term":[{"taxonomy":"category","embeddable":true,"href":"https:\/\/cparici.com\/en\/wp-json\/wp\/v2\/categories?post=70210"},{"taxonomy":"post_tag","embeddable":true,"href":"https:\/\/cparici.com\/en\/wp-json\/wp\/v2\/tags?post=70210"}],"curies":[{"name":"wp","href":"https:\/\/api.w.org\/{rel}","templated":true}]}}