{"id":70320,"date":"2025-09-17T11:04:07","date_gmt":"2025-09-17T09:04:07","guid":{"rendered":"https:\/\/cparici.com\/?p=70320"},"modified":"2026-04-26T21:29:11","modified_gmt":"2026-04-26T19:29:11","slug":"calvi","status":"publish","type":"post","link":"https:\/\/cparici.com\/en\/calvi\/","title":{"rendered":"Calvi: citadel, beaches and Balagne treasures"},"content":{"rendered":"\t\t<div data-elementor-type=\"wp-post\" data-elementor-id=\"70320\" class=\"elementor elementor-70320\" data-elementor-post-type=\"post\">\n\t\t\t\t<div class=\"elementor-element elementor-element-6f14901 e-con-full e-flex e-con e-parent\" data-id=\"6f14901\" data-element_type=\"container\" data-e-type=\"container\">\n\t\t\t\t<div class=\"elementor-element elementor-element-4016826 elementor-widget elementor-widget-image\" data-id=\"4016826\" data-element_type=\"widget\" data-e-type=\"widget\" data-widget_type=\"image.default\">\n\t\t\t\t\t\t\t\t\t\t\t\t\t\t\t<img decoding=\"async\" width=\"1500\" height=\"530\" src=\"https:\/\/cparici.com\/wp-content\/uploads\/2025\/09\/cparici-2025-09-10T121007.269.jpg\" class=\"attachment-full size-full wp-image-70331\" alt=\"Calvi\" srcset=\"https:\/\/cparici.com\/wp-content\/uploads\/2025\/09\/cparici-2025-09-10T121007.269.jpg 1500w, https:\/\/cparici.com\/wp-content\/uploads\/2025\/09\/cparici-2025-09-10T121007.269-300x106.jpg 300w, https:\/\/cparici.com\/wp-content\/uploads\/2025\/09\/cparici-2025-09-10T121007.269-1024x362.jpg 1024w, https:\/\/cparici.com\/wp-content\/uploads\/2025\/09\/cparici-2025-09-10T121007.269-768x271.jpg 768w, https:\/\/cparici.com\/wp-content\/uploads\/2025\/09\/cparici-2025-09-10T121007.269-18x6.jpg 18w, https:\/\/cparici.com\/wp-content\/uploads\/2025\/09\/cparici-2025-09-10T121007.269-590x208.jpg 590w, https:\/\/cparici.com\/wp-content\/uploads\/2025\/09\/cparici-2025-09-10T121007.269-1200x424.jpg 1200w, https:\/\/cparici.com\/wp-content\/uploads\/2025\/09\/cparici-2025-09-10T121007.269-577x204.jpg 577w, https:\/\/cparici.com\/wp-content\/uploads\/2025\/09\/cparici-2025-09-10T121007.269-600x212.jpg 600w\" sizes=\"(max-width: 1500px) 100vw, 1500px\" \/>\t\t\t\t\t\t\t\t\t\t\t\t\t\t\t<\/div>\n\t\t\t\t<\/div>\n\t\t<aside class=\"elementor-element elementor-element-04dc312 e-flex e-con-boxed e-con e-parent\" data-id=\"04dc312\" data-element_type=\"container\" data-e-type=\"container\">\n\t\t\t\t\t<div class=\"e-con-inner\">\n\t\t\t\t<div class=\"elementor-element elementor-element-6aca1e1 elementor-widget elementor-widget-global elementor-global-62046 elementor-widget-eael-advanced-search\" data-id=\"6aca1e1\" data-element_type=\"widget\" data-e-type=\"widget\" data-widget_type=\"eael-advanced-search.default\">\n\t\t\t\t\t        <div class=\"eael-adv-search-wrapper\">\n            <div id=\"eael-advanced-search-widget-6aca1e1\" class=\"eael-advanced-search-widget\">\n                <form data-settings=\"{&quot;post_per_page&quot;:5,&quot;search_among_taxonomies&quot;:&quot;&quot;,&quot;search_among_sku&quot;:&quot;no&quot;,&quot;show_popular_keyword&quot;:0,&quot;show_category&quot;:0,&quot;show_content_image&quot;:1,&quot;show_search_result_all_results&quot;:0,&quot;result_on_new_tab&quot;:&quot;no&quot;,&quot;show_product_price&quot;:&quot;no&quot;,&quot;include_current_page&quot;:&quot;no&quot;,&quot;current_post_id&quot;:70320,&quot;post_type&quot;:[&quot;post&quot;,&quot;listing&quot;]}\" method=\"POST\" name=\"eael-advanced-search-form-6aca1e1\" class=\"eael-advanced-search-form eael-advanced-search-form-style-2\">\n                    <div class=\"eael-advanced-search-wrap\">\n                        <span class=\"eael-adv-search-loader\"><\/span>\n                        <span class=\"eael-adv-search-close\"><i class=\"fas fa-times\"><\/i><\/span>\n                        <span class=\"icon \"><i class=\"fas fa-search\"><\/i><\/span>\n\n                        <input type=\"text\"\n                               placeholder=\"Votre destination\"\n                               class=\"eael-advanced-search\" autocomplete=\"off\" name=\"eael_advanced_search\">\n                    <\/div>\n\t\t\t\t\t                                    <\/form>\n\n\t\t\t\t\n\t\t\t\t        <div class=\"eael-advanced-search-result\">\n            <div class=\"eael-advanced-search-popular-keyword\">\n\t\t\t\t<h4 class=\"eael-advanced-search-popular-keyword-text\">Recherches populaires<\/h4>                <div class=\"eael-popular-keyword-content\"><\/div>\n            <\/div>\n            <div class=\"eael-advanced-search-category\">\n\t\t\t\t<h4 class=\"eael-advanced-search-category-text\">Categories<\/h4>                <div class=\"eael-popular-category-content\"><\/div>\n            <\/div>\n\t\t\t<div class=\"eael-advanced-search-total-results-section\">\n\t\t\t\t\t\t\t<\/div>\n            <div class=\"eael-advanced-search-content eael-item-style-3\">\n            <\/div>\n            <div class=\"eael-advanced-search-not-found\">\n                <p>Pas de r\u00e9sultats<\/p><\/div>\n            <div class=\"eael-advanced-search-load-more\">\n\t\t\t\t<a \tclass=\"eael-advanced-search-load-more-button\"\n                \thref=\"#\">Voir tous les r\u00e9sultats<\/a>\n            <\/div>\n        <\/div>\n\n\t\t            <\/div>\n        <\/div>\n\n\t\t\t\t\t\t<\/div>\n\t\t\t\t\t<\/div>\n\t\t\t\t<\/aside>\n\t\t<div class=\"elementor-element elementor-element-75fe473f e-flex e-con-boxed e-con e-parent\" data-id=\"75fe473f\" data-element_type=\"container\" data-e-type=\"container\">\n\t\t\t\t\t<div class=\"e-con-inner\">\n\t\t\t\t<div class=\"elementor-element elementor-element-2f7551b1 elementor-widget elementor-widget-text-editor\" data-id=\"2f7551b1\" data-element_type=\"widget\" data-e-type=\"widget\" data-widget_type=\"text-editor.default\">\n\t\t\t\t\t\t\t\t\t<h1 style=\"text-align: center;\">Calvi : citadelle, plages et tr\u00e9sor de la Balagne<\/h1><p>Situ\u00e9e sur la c\u00f4te nord-ouest de la <a href=\"https:\/\/cparici.com\/corse-guide-complet\/\">Corse<\/a>, <strong data-start=\"533\" data-end=\"542\">Calvi<\/strong> est l\u2019un des tr\u00e9sors les plus embl\u00e9matiques de l\u2019\u00eele de Beaut\u00e9. Sa <strong data-start=\"610\" data-end=\"631\">citadelle g\u00e9noise<\/strong> dominant une baie en forme de croissant, ses longues plages de sable fin et ses ruelles charg\u00e9es d\u2019histoire en font une destination de choix pour les voyageurs en qu\u00eate d\u2019authenticit\u00e9. Mais au-del\u00e0 de son charme baln\u00e9aire, Calvi est \u00e9galement un point de d\u00e9part vers les montagnes sauvages et les villages pittoresques <strong data-start=\"951\" data-end=\"962\">du pays<\/strong> (<a class=\"decorated-link\" href=\"https:\/\/cparici.com\/fr\/visiter-la-france-guide-des-regions-et-sites-touristiques\" target=\"_new\" rel=\"noopener\" data-start=\"964\" data-end=\"1087\">guide touristique des r\u00e9gions de France<\/a>). Entre h\u00e9ritage g\u00e9nois, nature pr\u00e9serv\u00e9e et traditions vivaces, Calvi s\u00e9duit par sa capacit\u00e9 \u00e0 conjuguer pass\u00e9 et modernit\u00e9.<\/p><h2 data-start=\"1286\" data-end=\"1321\">Pr\u00e9sentation g\u00e9n\u00e9rale de Calvi<\/h2><h3 data-start=\"1323\" data-end=\"1353\">Localisation et identit\u00e9<\/h3><p data-start=\"1354\" data-end=\"2101\"><strong data-start=\"1354\" data-end=\"1363\">Calvi<\/strong> est une commune et sous-pr\u00e9fecture de la Haute-Corse, situ\u00e9e au c\u0153ur de la r\u00e9gion de la Balagne. Bord\u00e9e par la M\u00e9diterran\u00e9e, elle s\u2019\u00e9tend sur une baie de pr\u00e8s de cinq kilom\u00e8tres domin\u00e9e par une <strong data-start=\"1558\" data-end=\"1571\">citadelle<\/strong> imposante. La ville se trouve \u00e0 environ 95 km de Bastia et 25 km de L\u2019\u00cele-Rousse, ce qui la place dans une zone strat\u00e9gique \u00e0 la fois tourn\u00e9e vers la mer et prot\u00e9g\u00e9e par les montagnes environnantes.<br data-start=\"1770\" data-end=\"1773\" \/>Avec ses paysages vari\u00e9s, <strong data-start=\"1799\" data-end=\"1808\">Calvi<\/strong> offre un contraste saisissant : d\u2019un c\u00f4t\u00e9, des plages de sable blanc baign\u00e9es par des eaux turquoise ; de l\u2019autre, des reliefs abrupts o\u00f9 se nichent des villages corses authentiques. Ce m\u00e9lange g\u00e9ographique explique sa double identit\u00e9 : station baln\u00e9aire anim\u00e9e et bourg corse traditionnel.<\/p><p data-start=\"1354\" data-end=\"2101\"><a href=\"https:\/\/cparici.com\/wp-content\/uploads\/2025\/09\/cparici-2025-09-10T121313.474.jpg\"><img decoding=\"async\" class=\"aligncenter wp-image-70332 size-full\" src=\"https:\/\/cparici.com\/wp-content\/uploads\/2025\/09\/cparici-2025-09-10T121313.474.jpg\" alt=\"Calvi vue sur le port\" width=\"1500\" height=\"530\" srcset=\"https:\/\/cparici.com\/wp-content\/uploads\/2025\/09\/cparici-2025-09-10T121313.474.jpg 1500w, https:\/\/cparici.com\/wp-content\/uploads\/2025\/09\/cparici-2025-09-10T121313.474-300x106.jpg 300w, https:\/\/cparici.com\/wp-content\/uploads\/2025\/09\/cparici-2025-09-10T121313.474-1024x362.jpg 1024w, https:\/\/cparici.com\/wp-content\/uploads\/2025\/09\/cparici-2025-09-10T121313.474-768x271.jpg 768w, https:\/\/cparici.com\/wp-content\/uploads\/2025\/09\/cparici-2025-09-10T121313.474-18x6.jpg 18w, https:\/\/cparici.com\/wp-content\/uploads\/2025\/09\/cparici-2025-09-10T121313.474-590x208.jpg 590w, https:\/\/cparici.com\/wp-content\/uploads\/2025\/09\/cparici-2025-09-10T121313.474-1200x424.jpg 1200w, https:\/\/cparici.com\/wp-content\/uploads\/2025\/09\/cparici-2025-09-10T121313.474-577x204.jpg 577w, https:\/\/cparici.com\/wp-content\/uploads\/2025\/09\/cparici-2025-09-10T121313.474-600x212.jpg 600w\" sizes=\"(max-width: 1500px) 100vw, 1500px\" \/><\/a><\/p><h3 data-start=\"2103\" data-end=\"2139\">Climat m\u00e9diterran\u00e9en et nature<\/h3><p data-start=\"2140\" data-end=\"2791\">Le climat de <strong data-start=\"2153\" data-end=\"2162\">Calvi<\/strong> est typiquement m\u00e9diterran\u00e9en : \u00e9t\u00e9s chauds et secs, hivers doux et ensoleill\u00e9s. Les temp\u00e9ratures varient en moyenne entre 12 \u00b0C en hiver et 30 \u00b0C en \u00e9t\u00e9. La ville b\u00e9n\u00e9ficie de plus de 2 800 heures d\u2019ensoleillement par an, ce qui en fait une destination touristique privil\u00e9gi\u00e9e tout au long de l\u2019ann\u00e9e.<br data-start=\"2465\" data-end=\"2468\" \/>Au printemps, il est possible d\u2019admirer un spectacle unique : les <strong data-start=\"2534\" data-end=\"2557\">plages ensoleill\u00e9es<\/strong> en bord de mer contrastant avec les <strong data-start=\"2594\" data-end=\"2621\">sommets encore enneig\u00e9s<\/strong> visibles \u00e0 l\u2019horizon. Ce d\u00e9cor naturel grandiose participe au charme incomparable de la baie de <strong data-start=\"2718\" data-end=\"2727\">Calvi<\/strong>, souvent d\u00e9crite comme l\u2019une des plus belles de M\u00e9diterran\u00e9e.<\/p><h3 data-start=\"2793\" data-end=\"2826\">Origine du nom et fondation<\/h3><p data-start=\"2827\" data-end=\"3277\">Le nom <strong data-start=\"2834\" data-end=\"2843\">Calvi<\/strong> proviendrait du latin <em data-start=\"2866\" data-end=\"2874\">calvus<\/em>, qui signifie \u00ab chauve \u00bb ou \u00ab nu \u00bb, en r\u00e9f\u00e9rence \u00e0 la colline d\u00e9nud\u00e9e sur laquelle fut construite sa citadelle. Les premi\u00e8res traces d\u2019occupation remontent \u00e0 l\u2019Antiquit\u00e9, lorsque la ville servait de port naturel pour les navigateurs romains. Plus tard, au Moyen \u00c2ge, Calvi prit une importance consid\u00e9rable en raison de sa position strat\u00e9gique et de son r\u00f4le dans le commerce maritime en M\u00e9diterran\u00e9e.<\/p><h3 data-start=\"3279\" data-end=\"3316\">La l\u00e9gende de Christophe Colomb<\/h3><p data-start=\"3317\" data-end=\"3790\">L\u2019un des mythes les plus tenaces li\u00e9s \u00e0 <strong data-start=\"3357\" data-end=\"3366\">Calvi<\/strong> concerne la naissance de Christophe Colomb. Selon une tradition locale, l\u2019explorateur serait n\u00e9 dans la citadelle de la ville, alors territoire g\u00e9nois. Bien qu\u2019aucune preuve historique ne confirme cette affirmation, la \u00ab maison natale de Colomb \u00bb est encore visible dans les remparts de la citadelle et attire de nombreux curieux. Cette l\u00e9gende contribue au charme myst\u00e9rieux de <strong data-start=\"3746\" data-end=\"3755\">Calvi<\/strong> et renforce son aura historique.<\/p><h2 data-start=\"140\" data-end=\"199\">Que faire \u00e0 Calvi : 10 id\u00e9es pour un s\u00e9jour inoubliable<\/h2><h3 data-start=\"201\" data-end=\"238\">1. Explorer la citadelle g\u00e9noise<\/h3><p data-start=\"239\" data-end=\"455\">La <strong data-start=\"242\" data-end=\"264\">citadelle de Calvi<\/strong>, perch\u00e9e sur son promontoire, est l\u2019incontournable de la ville. Fl\u00e2nez dans ses ruelles pav\u00e9es, visitez la <strong data-start=\"372\" data-end=\"406\">cath\u00e9drale Saint-Jean-Baptiste<\/strong> et profitez de la vue panoramique sur la baie.<\/p><p data-start=\"239\" data-end=\"455\"><a href=\"https:\/\/cparici.com\/wp-content\/uploads\/2025\/09\/cparici-2025-09-10T121933.265.jpg\"><img decoding=\"async\" class=\"aligncenter wp-image-70333 size-full\" src=\"https:\/\/cparici.com\/wp-content\/uploads\/2025\/09\/cparici-2025-09-10T121933.265.jpg\" alt=\"Que faire \u00e0 Calvi la citadelle g\u00e9noise\" width=\"1500\" height=\"530\" srcset=\"https:\/\/cparici.com\/wp-content\/uploads\/2025\/09\/cparici-2025-09-10T121933.265.jpg 1500w, https:\/\/cparici.com\/wp-content\/uploads\/2025\/09\/cparici-2025-09-10T121933.265-300x106.jpg 300w, https:\/\/cparici.com\/wp-content\/uploads\/2025\/09\/cparici-2025-09-10T121933.265-1024x362.jpg 1024w, https:\/\/cparici.com\/wp-content\/uploads\/2025\/09\/cparici-2025-09-10T121933.265-768x271.jpg 768w, https:\/\/cparici.com\/wp-content\/uploads\/2025\/09\/cparici-2025-09-10T121933.265-18x6.jpg 18w, https:\/\/cparici.com\/wp-content\/uploads\/2025\/09\/cparici-2025-09-10T121933.265-590x208.jpg 590w, https:\/\/cparici.com\/wp-content\/uploads\/2025\/09\/cparici-2025-09-10T121933.265-1200x424.jpg 1200w, https:\/\/cparici.com\/wp-content\/uploads\/2025\/09\/cparici-2025-09-10T121933.265-577x204.jpg 577w, https:\/\/cparici.com\/wp-content\/uploads\/2025\/09\/cparici-2025-09-10T121933.265-600x212.jpg 600w\" sizes=\"(max-width: 1500px) 100vw, 1500px\" \/><\/a><\/p><h3 data-start=\"457\" data-end=\"498\">2. Se d\u00e9tendre sur la plage de Calvi<\/h3><p data-start=\"499\" data-end=\"672\">Avec ses 5 km de sable blanc et ses eaux turquoise, la <strong data-start=\"554\" data-end=\"572\">plage de Calvi<\/strong> est id\u00e9ale pour la baignade, le farniente et les activit\u00e9s nautiques comme le paddle ou le kayak.<\/p><h3 data-start=\"674\" data-end=\"723\">3. D\u00e9couvrir le vieux port et le quai Landry<\/h3><p data-start=\"724\" data-end=\"903\">Au pied de la citadelle, le port de <strong data-start=\"760\" data-end=\"769\">Calvi<\/strong> est un lieu de vie anim\u00e9. Le <strong data-start=\"799\" data-end=\"814\">quai Landry<\/strong> invite \u00e0 une promenade entre caf\u00e9s, restaurants et terrasses anim\u00e9es face aux bateaux.<\/p><h3 data-start=\"905\" data-end=\"951\">4. Marcher jusqu\u2019\u00e0 Notre-Dame de la Serra<\/h3><p data-start=\"952\" data-end=\"1119\">Cette chapelle perch\u00e9e offre une vue spectaculaire sur toute la baie de <strong data-start=\"1024\" data-end=\"1033\">Calvi<\/strong>. Selon la tradition, les couples qui y prient ensemble seraient unis pour toujours.<\/p><h3 data-start=\"1121\" data-end=\"1172\">5. Faire une excursion en bateau vers Scandola<\/h3><p data-start=\"1173\" data-end=\"1374\">Class\u00e9e au patrimoine mondial de l\u2019UNESCO, la <strong data-start=\"1219\" data-end=\"1242\">r\u00e9serve de Scandola<\/strong> est un joyau naturel accessible en bateau depuis <strong data-start=\"1292\" data-end=\"1301\">Calvi<\/strong>. Falaises volcaniques et dauphins garantissent une sortie inoubliable.<\/p><p data-start=\"1173\" data-end=\"1374\"><a href=\"https:\/\/cparici.com\/wp-content\/uploads\/2025\/09\/cparici-2025-09-10T122153.358.jpg\"><img decoding=\"async\" class=\"aligncenter wp-image-70334 size-full\" src=\"https:\/\/cparici.com\/wp-content\/uploads\/2025\/09\/cparici-2025-09-10T122153.358.jpg\" alt=\"Scandola, non loin de Calvi\" width=\"1500\" height=\"530\" srcset=\"https:\/\/cparici.com\/wp-content\/uploads\/2025\/09\/cparici-2025-09-10T122153.358.jpg 1500w, https:\/\/cparici.com\/wp-content\/uploads\/2025\/09\/cparici-2025-09-10T122153.358-300x106.jpg 300w, https:\/\/cparici.com\/wp-content\/uploads\/2025\/09\/cparici-2025-09-10T122153.358-1024x362.jpg 1024w, https:\/\/cparici.com\/wp-content\/uploads\/2025\/09\/cparici-2025-09-10T122153.358-768x271.jpg 768w, https:\/\/cparici.com\/wp-content\/uploads\/2025\/09\/cparici-2025-09-10T122153.358-18x6.jpg 18w, https:\/\/cparici.com\/wp-content\/uploads\/2025\/09\/cparici-2025-09-10T122153.358-590x208.jpg 590w, https:\/\/cparici.com\/wp-content\/uploads\/2025\/09\/cparici-2025-09-10T122153.358-1200x424.jpg 1200w, https:\/\/cparici.com\/wp-content\/uploads\/2025\/09\/cparici-2025-09-10T122153.358-577x204.jpg 577w, https:\/\/cparici.com\/wp-content\/uploads\/2025\/09\/cparici-2025-09-10T122153.358-600x212.jpg 600w\" sizes=\"(max-width: 1500px) 100vw, 1500px\" \/><\/a><\/p><h3 data-start=\"1376\" data-end=\"1427\">6. Randonner sur la presqu\u2019\u00eele de la Revellata<\/h3><p data-start=\"1428\" data-end=\"1605\">\u00c0 deux pas du centre, la <strong data-start=\"1453\" data-end=\"1466\">Revellata<\/strong> propose des sentiers de randonn\u00e9e entre falaises, criques sauvages et maquis parfum\u00e9. Un spot parfait aussi pour la plong\u00e9e sous-marine.<\/p><h3 data-start=\"1607\" data-end=\"1649\">7. Visiter les villages de la Balagne<\/h3><p data-start=\"1650\" data-end=\"1825\">Autour de <strong data-start=\"1660\" data-end=\"1669\">Calvi<\/strong>, partez \u00e0 la d\u00e9couverte des villages perch\u00e9s de Balagne : Lumio, Pigna, Sant\u2019Antonino ou Speloncato. Artisanat, gastronomie et authenticit\u00e9 au programme.<\/p><h3 data-start=\"1827\" data-end=\"1862\">8. D\u00e9guster les vins AOC Calvi<\/h3><p data-start=\"1863\" data-end=\"2033\">Les vignobles de <strong data-start=\"1880\" data-end=\"1889\">Calvi<\/strong> produisent des vins AOC r\u00e9put\u00e9s. Profitez d\u2019une visite de domaine pour d\u00e9couvrir le <strong data-start=\"1974\" data-end=\"1988\">Vermentinu<\/strong>, le <strong data-start=\"1993\" data-end=\"2007\">Niellucciu<\/strong> ou le <strong data-start=\"2014\" data-end=\"2030\">Sciaccarellu<\/strong>.<\/p><h3 data-start=\"2035\" data-end=\"2084\">9. Assister \u00e0 un concert de polyphonie corse<\/h3><p data-start=\"2085\" data-end=\"2260\">La <strong data-start=\"2088\" data-end=\"2108\">polyphonie corse<\/strong> fait partie int\u00e9grante de l\u2019\u00e2me de <strong data-start=\"2144\" data-end=\"2153\">Calvi<\/strong>. Des concerts sont r\u00e9guli\u00e8rement organis\u00e9s dans les \u00e9glises et offrent une exp\u00e9rience culturelle unique.<\/p><h3 data-start=\"2262\" data-end=\"2301\">10. Vivre l\u2019ambiance d\u2019un festival<\/h3><p data-start=\"2302\" data-end=\"2501\">Chaque \u00e9t\u00e9, <strong data-start=\"2314\" data-end=\"2323\">Calvi<\/strong> vibre au rythme du festival <strong data-start=\"2352\" data-end=\"2374\">Calvi on the Rocks<\/strong>, qui m\u00eale concerts \u00e9lectro et soir\u00e9es sur la plage. D\u2019autres \u00e9v\u00e9nements mettent en avant la gastronomie et la culture corse.<\/p><h2 data-start=\"191\" data-end=\"218\">Histoire et patrimoine<\/h2><h3 data-start=\"220\" data-end=\"265\">H\u00e9ritage m\u00e9di\u00e9val et domination g\u00e9noise<\/h3><p data-start=\"266\" data-end=\"1046\">L\u2019histoire de <strong data-start=\"280\" data-end=\"289\">Calvi<\/strong> est intimement li\u00e9e \u00e0 la R\u00e9publique de G\u00eanes, qui a marqu\u00e9 l\u2019architecture et l\u2019identit\u00e9 de la ville. \u00c0 partir du XIII\u1d49 si\u00e8cle, les G\u00e9nois fortifient Calvi pour en faire un bastion strat\u00e9gique en M\u00e9diterran\u00e9e. Sa c\u00e9l\u00e8bre <strong data-start=\"510\" data-end=\"531\">citadelle g\u00e9noise<\/strong>, perch\u00e9e sur un promontoire rocheux, t\u00e9moigne encore de cette \u00e9poque. Construite pour prot\u00e9ger la ville des attaques maritimes, elle devint rapidement un symbole de puissance et de r\u00e9sistance.<br data-start=\"724\" data-end=\"727\" \/>Sur ses remparts, on peut lire la devise latine <em data-start=\"775\" data-end=\"795\">\u00ab Semper Fidelis \u00bb<\/em> (\u00ab Toujours fid\u00e8le \u00bb), rappelant la loyaut\u00e9 ind\u00e9fectible de <strong data-start=\"856\" data-end=\"865\">Calvi<\/strong> envers G\u00eanes, m\u00eame lorsque la Corse cherchait \u00e0 s\u2019\u00e9manciper. Cet attachement marqua durablement l\u2019histoire locale et donna \u00e0 la ville une r\u00e9putation de fid\u00e9lit\u00e9 et de r\u00e9silience.<\/p><h3 data-start=\"1048\" data-end=\"1073\">Si\u00e8ges et batailles<\/h3><p data-start=\"1074\" data-end=\"1694\">Au fil des si\u00e8cles, <strong data-start=\"1094\" data-end=\"1103\">Calvi<\/strong> fut le th\u00e9\u00e2tre de nombreux si\u00e8ges. En 1794, la ville devint un champ de bataille majeur lors de la guerre entre la flotte britannique et les troupes fran\u00e7aises r\u00e9volutionnaires. C\u2019est lors de ce si\u00e8ge que l\u2019amiral <strong data-start=\"1318\" data-end=\"1336\">Horatio Nelson<\/strong> perdit l\u2019usage de son \u0153il droit, \u00e9pisode marquant de l\u2019histoire navale europ\u00e9enne.<br data-start=\"1419\" data-end=\"1422\" \/>Ces affrontements ont laiss\u00e9 des traces visibles dans la ville, notamment dans la <strong data-start=\"1504\" data-end=\"1517\">citadelle<\/strong> et ses fortifications, qui portent encore les stigmates des canonnades. Cet h\u00e9ritage militaire conf\u00e8re \u00e0 la ville un r\u00f4le important dans l\u2019histoire corse et m\u00e9diterran\u00e9enne.<\/p><h3 data-start=\"1696\" data-end=\"1729\">La L\u00e9gion \u00e9trang\u00e8re \u00e0 Calvi<\/h3><p data-start=\"1730\" data-end=\"2171\">Un autre \u00e9l\u00e9ment marquant de l\u2019histoire contemporaine de <strong data-start=\"1787\" data-end=\"1796\">Calvi<\/strong> est la pr\u00e9sence de la <strong data-start=\"1819\" data-end=\"1849\">L\u00e9gion \u00e9trang\u00e8re fran\u00e7aise<\/strong>. Depuis 1967, le 2\u1d49 r\u00e9giment \u00e9tranger de parachutistes (2\u1d49 REP) est bas\u00e9 \u00e0 la citadelle. Sa pr\u00e9sence influence non seulement l\u2019\u00e9conomie locale mais aussi la vie quotidienne des habitants. Les c\u00e9r\u00e9monies militaires, entra\u00eenements et comm\u00e9morations participent \u00e0 l\u2019identit\u00e9 de la ville et rappellent son r\u00f4le strat\u00e9gique.<\/p><h3 data-start=\"2173\" data-end=\"2211\">Patrimoine religieux et culturel<\/h3><p data-start=\"2212\" data-end=\"2609\">Le patrimoine religieux de <strong data-start=\"2239\" data-end=\"2248\">Calvi<\/strong> est particuli\u00e8rement riche. La <strong data-start=\"2280\" data-end=\"2314\">cath\u00e9drale Saint-Jean-Baptiste<\/strong>, \u00e9rig\u00e9e au XIII\u1d49 si\u00e8cle au c\u0153ur de la citadelle, se distingue par son architecture sobre et son imposant crucifix noir du Christ des Miracles. Cet objet sacr\u00e9, consid\u00e9r\u00e9 comme protecteur, aurait permis de repousser des envahisseurs en 1555.<br data-start=\"2555\" data-end=\"2558\" \/>Parmi les autres monuments religieux, on trouve :<\/p><ul data-start=\"2610\" data-end=\"2805\"><li data-start=\"2610\" data-end=\"2707\"><p data-start=\"2612\" data-end=\"2707\"><strong data-start=\"2612\" data-end=\"2640\">L\u2019oratoire Saint-Antoine<\/strong>, \u00e9difice baroque du XVII\u1d49 si\u00e8cle, orn\u00e9 de fresques remarquables.<\/p><\/li><li data-start=\"2708\" data-end=\"2805\"><p data-start=\"2710\" data-end=\"2805\"><strong data-start=\"2710\" data-end=\"2743\">L\u2019\u00e9glise Sainte-Marie-Majeure<\/strong>, dans la vieille ville, reconnaissable \u00e0 sa fa\u00e7ade color\u00e9e.<\/p><\/li><\/ul><p data-start=\"2807\" data-end=\"2962\">Ces lieux de culte sont aujourd\u2019hui autant des espaces spirituels que des tr\u00e9sors architecturaux, attirant p\u00e8lerins et visiteurs en qu\u00eate d\u2019authenticit\u00e9.<\/p><h3 data-start=\"2964\" data-end=\"2994\">La tour g\u00e9noise de Calvi<\/h3><p data-start=\"2995\" data-end=\"3427\">En dehors de la citadelle, le patrimoine d\u00e9fensif de <strong data-start=\"3048\" data-end=\"3057\">Calvi<\/strong> comprend \u00e9galement la <strong data-start=\"3080\" data-end=\"3098\">torra di Calvi<\/strong>, une tour de guet construite par les G\u00e9nois \u00e0 la fin du XVI\u1d49 si\u00e8cle. Class\u00e9e monument historique, elle faisait partie du vaste r\u00e9seau de tours littorales destin\u00e9es \u00e0 surveiller les c\u00f4tes et pr\u00e9venir des invasions barbaresques. Cette tour illustre l\u2019importance strat\u00e9gique de la ville dans la surveillance maritime de la Corse.<\/p><h2 data-start=\"216\" data-end=\"242\">Tourisme et activit\u00e9s<\/h2><h3 data-start=\"244\" data-end=\"284\">La citadelle, joyau incontournable<\/h3><p data-start=\"285\" data-end=\"1118\">Impossible d\u2019\u00e9voquer <strong data-start=\"306\" data-end=\"315\">Calvi<\/strong> sans parler de sa majestueuse <strong data-start=\"346\" data-end=\"367\">citadelle g\u00e9noise<\/strong>, perch\u00e9e sur un promontoire rocheux. V\u00e9ritable symbole de la ville, elle offre une vue panoramique \u00e0 couper le souffle sur la baie et les montagnes environnantes. Ses ruelles pav\u00e9es, bord\u00e9es de maisons anciennes, m\u00e8nent \u00e0 des monuments historiques tels que la <strong data-start=\"628\" data-end=\"662\">cath\u00e9drale Saint-Jean-Baptiste<\/strong> ou la pr\u00e9tendue maison natale de Christophe Colomb.<br data-start=\"714\" data-end=\"717\" \/>Aujourd\u2019hui, la citadelle est un lieu de promenade incontournable. On y trouve des mus\u00e9es, des ateliers d\u2019artisans, mais aussi des restaurants typiques offrant une immersion dans l\u2019art de vivre corse. Pour les visiteurs, plusieurs parcours sont disponibles : visites guid\u00e9es, <strong data-start=\"993\" data-end=\"1008\">audioguides<\/strong> et m\u00eame des chasses au tr\u00e9sor destin\u00e9es aux familles, permettant de d\u00e9couvrir la r\u00e9gion de mani\u00e8re ludique.<\/p><h3 data-start=\"285\" data-end=\"1118\">Chez Emile Calvi<\/h3><p data-start=\"285\" data-end=\"1118\">Situ\u00e9 au c\u0153ur de la citadelle, <strong data-start=\"143\" data-end=\"163\">Chez Emile Calvi<\/strong> est une adresse incontournable pour d\u00e9couvrir la gastronomie corse. Ce restaurant embl\u00e9matique propose une cuisine authentique mettant \u00e0 l\u2019honneur les saveurs locales : poissons frais, charcuterie artisanale, fromages corses et vins AOC de Balagne. Install\u00e9 dans un cadre chaleureux, avec terrasse offrant une vue exceptionnelle sur la baie de la ville, l\u2019\u00e9tablissement s\u00e9duit autant les habitants que les visiteurs. Recommand\u00e9 dans de nombreux guides, <strong data-start=\"618\" data-end=\"638\">Chez Emile Calvi<\/strong> est id\u00e9al pour d\u00e9guster des sp\u00e9cialit\u00e9s insulaires dans une ambiance conviviale et typiquement corse. Une halte immanquable lors d\u2019un s\u00e9jour en Balagne.<\/p><h3 data-start=\"1120\" data-end=\"1156\">Les plages et la baie de Calvi<\/h3><p data-start=\"1157\" data-end=\"1829\">La plage de <strong data-start=\"1169\" data-end=\"1178\">Calvi<\/strong>, longue de pr\u00e8s de cinq kilom\u00e8tres, est l\u2019un des plus grands atouts touristiques de la r\u00e9gion. Bord\u00e9e de pins parasols et d\u2019eaux cristallines, elle s\u00e9duit aussi bien les amateurs de farniente que les passionn\u00e9s de sports nautiques. Le sable fin et peu profond en fait un lieu id\u00e9al pour les familles.<br data-start=\"1479\" data-end=\"1482\" \/>Outre la grande plage, la c\u00f4te autour de la ville regorge de criques secr\u00e8tes accessibles \u00e0 pied ou en bateau, offrant des cadres plus intimistes. Les activit\u00e9s baln\u00e9aires sont vari\u00e9es : planche \u00e0 voile, paddle, kayak, plong\u00e9e sous-marine et excursions en bateau vers la r\u00e9serve naturelle de Scandola, class\u00e9e au patrimoine mondial de l\u2019UNESCO.<\/p><h3 data-start=\"1831\" data-end=\"1868\">Le vieux port et le quai Landry<\/h3><p data-start=\"1869\" data-end=\"2403\">En contrebas de la citadelle, le vieux port de <strong data-start=\"1916\" data-end=\"1925\">Calvi<\/strong> est le c\u0153ur vivant de la ville. Le <strong data-start=\"1961\" data-end=\"1976\">quai Landry<\/strong>, bord\u00e9 de terrasses anim\u00e9es, est le lieu de rendez-vous des habitants et des visiteurs. Entre caf\u00e9s, glaciers et restaurants, l\u2019ambiance y est particuli\u00e8rement agr\u00e9able, surtout en soir\u00e9e quand la citadelle s\u2019illumine.<br data-start=\"2195\" data-end=\"2198\" \/>Les yachts et bateaux de p\u00eache cohabitent dans ce port pittoresque, offrant un contraste charmant. Pour beaucoup, fl\u00e2ner sur le quai Landry est une exp\u00e9rience incontournable lors d\u2019un s\u00e9jour \u00e0 <strong data-start=\"2391\" data-end=\"2400\">Calvi<\/strong>.<\/p><h3 data-start=\"2405\" data-end=\"2448\">Nature et biodiversit\u00e9 : la Revellata<\/h3><p data-start=\"2449\" data-end=\"3067\">Au-del\u00e0 de son aspect baln\u00e9aire, <strong data-start=\"2482\" data-end=\"2491\">Calvi<\/strong> s\u00e9duit aussi par sa richesse naturelle. La presqu\u2019\u00eele de la <strong data-start=\"2552\" data-end=\"2565\">Revellata<\/strong>, situ\u00e9e \u00e0 l\u2019ouest de la ville, est un espace prot\u00e9g\u00e9 qui abrite une biodiversit\u00e9 exceptionnelle. Accessible par des sentiers de randonn\u00e9e, elle offre des points de vue spectaculaires sur la mer et la c\u00f4te escarp\u00e9e.<br data-start=\"2780\" data-end=\"2783\" \/>Ce site naturel est \u00e9galement r\u00e9put\u00e9 pour ses fonds marins, riches en faune et flore m\u00e9diterran\u00e9ennes, faisant le bonheur des plongeurs. Pour les amateurs de marche, les sentiers balis\u00e9s permettent de d\u00e9couvrir la v\u00e9g\u00e9tation corse typique, entre maquis parfum\u00e9 et falaises sauvages.<\/p><h3 data-start=\"3069\" data-end=\"3110\">Villages de la Balagne et artisanat<\/h3><p data-start=\"3111\" data-end=\"3797\">Autour de <strong data-start=\"3121\" data-end=\"3130\">Calvi<\/strong>, la Balagne est surnomm\u00e9e le \u00ab jardin de la Corse \u00bb en raison de sa v\u00e9g\u00e9tation fertile. La r\u00e9gion regroupe une s\u00e9rie de villages perch\u00e9s, authentiques et pleins de charme, tels que Lumio, Pigna, Sant\u2019Antonino ou encore Speloncato. Ces villages t\u00e9moignent d\u2019un art de vivre ancestral et abritent de nombreux artisans : potiers, luthiers, sculpteurs, producteurs d\u2019huile d\u2019olive ou de miel.<br data-start=\"3519\" data-end=\"3522\" \/>La c\u00e9l\u00e8bre route <strong data-start=\"3539\" data-end=\"3568\">\u00ab Strada di l\u2019Artigiani \u00bb<\/strong> relie ces villages et permet de d\u00e9couvrir un savoir-faire unique, pr\u00e9serv\u00e9 au fil des g\u00e9n\u00e9rations. Pour les visiteurs en qu\u00eate d\u2019authenticit\u00e9, cette immersion dans l\u2019artisanat local compl\u00e8te parfaitement un s\u00e9jour dans la ville.<\/p><h3 data-start=\"3799\" data-end=\"3838\">Randonn\u00e9es et activit\u00e9s sportives<\/h3><p data-start=\"3839\" data-end=\"4457\"><strong data-start=\"3839\" data-end=\"3848\">Calvi<\/strong> est aussi une destination privil\u00e9gi\u00e9e pour les amateurs de randonn\u00e9e. L\u2019itin\u00e9raire le plus c\u00e9l\u00e8bre est sans doute la mont\u00e9e vers la <strong data-start=\"3981\" data-end=\"4016\">chapelle Notre-Dame de la Serra<\/strong>, qui offre un panorama spectaculaire sur la baie. La tradition locale veut que les couples qui viennent y prier soient assur\u00e9s de rester ensemble \u00e0 jamais.<br data-start=\"4172\" data-end=\"4175\" \/>La ville est \u00e9galement une \u00e9tape du mythique <strong data-start=\"4220\" data-end=\"4228\">GR20<\/strong>, l\u2019un des sentiers de randonn\u00e9e les plus r\u00e9put\u00e9s d\u2019Europe. Outre la marche, de nombreuses activit\u00e9s sportives sont propos\u00e9es : plong\u00e9e sous-marine, voile, kayak, escalade et m\u00eame parapente au-dessus des falaises de la Balagne.<\/p><h3 data-start=\"4459\" data-end=\"4498\">Festivals et \u00e9v\u00e9nements culturels<\/h3><p data-start=\"4499\" data-end=\"4999\">La vie culturelle de <strong data-start=\"4520\" data-end=\"4529\">Calvi<\/strong> est rythm\u00e9e par plusieurs \u00e9v\u00e9nements majeurs. Le plus c\u00e9l\u00e8bre est sans doute le festival <strong data-start=\"4619\" data-end=\"4645\">\u00ab Calvi on the Rocks \u00bb<\/strong>, qui attire chaque \u00e9t\u00e9 des milliers de festivaliers venus profiter de concerts \u00e9lectro et de soir\u00e9es sur la plage.<br data-start=\"4760\" data-end=\"4763\" \/>La ville accueille \u00e9galement des concerts de <strong data-start=\"4808\" data-end=\"4828\">polyphonie corse<\/strong>, patrimoine immat\u00e9riel profond\u00e9ment enracin\u00e9 dans l\u2019\u00e2me de l\u2019\u00eele. Ces chants traditionnels r\u00e9sonnent dans les \u00e9glises et les places, offrant un moment d\u2019\u00e9motion unique.<\/p><h2 data-start=\"199\" data-end=\"231\">Transports et accessibilit\u00e9<\/h2><h3 data-start=\"233\" data-end=\"266\">L\u2019a\u00e9roport Sainte-Catherine<\/h3><p data-start=\"267\" data-end=\"939\"><strong data-start=\"267\" data-end=\"276\">La ville <\/strong>dispose de son propre a\u00e9roport, <strong data-start=\"309\" data-end=\"329\">Sainte-Catherine<\/strong>, situ\u00e9 \u00e0 environ 7 km du centre-ville. Cet a\u00e9roport international dessert principalement la m\u00e9tropole fran\u00e7aise, avec des vols r\u00e9guliers depuis Paris, Marseille, Nice ou Lyon. En \u00e9t\u00e9, il accueille \u00e9galement des vols saisonniers depuis d\u2019autres pays europ\u00e9ens, facilitant l\u2019arriv\u00e9e directe des voyageurs.<br data-start=\"633\" data-end=\"636\" \/>Gr\u00e2ce \u00e0 cette infrastructure, <strong data-start=\"666\" data-end=\"675\">Calvi<\/strong> est l\u2019une des villes corses les plus facilement accessibles par avion. La proximit\u00e9 de l\u2019a\u00e9roport avec le centre-ville permet de rejoindre rapidement les plages et la citadelle, ce qui constitue un atout majeur pour les visiteurs press\u00e9s de d\u00e9couvrir la r\u00e9gion.<\/p><h3 data-start=\"941\" data-end=\"969\">Le port Xavier Colonna<\/h3><p data-start=\"970\" data-end=\"1574\">Le port de plaisance <strong data-start=\"991\" data-end=\"1009\">Xavier Colonna<\/strong> est un autre point d\u2019acc\u00e8s essentiel pour arriver \u00e0 <strong data-start=\"1062\" data-end=\"1071\">Calvi<\/strong>. Situ\u00e9 au pied de la citadelle, il accueille aussi bien des ferries que des bateaux de plaisance et des yachts. Les liaisons maritimes r\u00e9guli\u00e8res permettent de rejoindre Marseille et Nice, tandis que les croisi\u00e8res m\u00e9diterran\u00e9ennes font souvent escale dans la baie, attir\u00e9es par son charme pittoresque.<br data-start=\"1387\" data-end=\"1390\" \/>Outre son r\u00f4le de connexion maritime, le port est aussi un lieu de vie anim\u00e9. Avec ses caf\u00e9s et restaurants bordant le quai, il constitue une porte d\u2019entr\u00e9e conviviale vers la ville.<\/p><h3 data-start=\"1576\" data-end=\"1603\">Le r\u00e9seau ferroviaire<\/h3><p data-start=\"1604\" data-end=\"2171\"><strong data-start=\"1604\" data-end=\"1613\">Calvi<\/strong> est \u00e9galement desservie par le chemin de fer de Corse, une ligne pittoresque reliant la ville \u00e0 L\u2019\u00cele-Rousse et Bastia. Cette ligne longe la c\u00f4te et offre aux voyageurs des panoramas exceptionnels sur la mer et les montagnes. Le petit train surnomm\u00e9 \u00ab U Trinichellu \u00bb (\u00ab le petit train \u00bb) est particuli\u00e8rement appr\u00e9ci\u00e9 des visiteurs, car il relie la plage de la ville aux villages voisins en traversant des paysages spectaculaires.<br data-start=\"2046\" data-end=\"2049\" \/>Ce moyen de transport, certes plus lent que la voiture, reste une exp\u00e9rience unique pour d\u00e9couvrir la Balagne autrement.<\/p><h3 data-start=\"2173\" data-end=\"2211\">Les routes et l\u2019acc\u00e8s en voiture<\/h3><p data-start=\"2212\" data-end=\"2800\">Pour ceux qui choisissent la voiture, <strong data-start=\"2250\" data-end=\"2259\">Calvi<\/strong> est accessible par la route depuis Bastia (environ 3 heures) ou Ajaccio (4 heures). Les routes de Corse sont connues pour leurs virages serr\u00e9s et leurs panoramas impressionnants, ce qui rend le trajet aussi pittoresque qu\u2019exigeant.<br data-start=\"2491\" data-end=\"2494\" \/>L\u2019avantage de la voiture est la libert\u00e9 qu\u2019elle offre pour explorer les alentours : villages perch\u00e9s de la Balagne, plages sauvages et sentiers de randonn\u00e9e. De nombreux visiteurs choisissent donc la location de voiture \u00e0 l\u2019a\u00e9roport ou en centre-ville pour profiter pleinement de leur s\u00e9jour dans la r\u00e9gion.<\/p><h3 data-start=\"2802\" data-end=\"2840\">Accessibilit\u00e9 locale et mobilit\u00e9<\/h3><p data-start=\"2841\" data-end=\"3385\">Une fois sur place, la ville \u00a0est facilement praticable \u00e0 pied. Son centre historique et ses plages sont proches les uns des autres, permettant de tout explorer sans avoir besoin d\u2019un v\u00e9hicule. Pour les d\u00e9placements plus longs, des taxis et des bus locaux compl\u00e8tent l\u2019offre de transport.<br data-start=\"3141\" data-end=\"3144\" \/>La pr\u00e9sence de la <strong data-start=\"3162\" data-end=\"3182\">L\u00e9gion \u00e9trang\u00e8re dans la ville<\/strong>\u00a0contribue \u00e9galement indirectement \u00e0 l\u2019entretien des infrastructures routi\u00e8res et \u00e0 la vitalit\u00e9 \u00e9conomique locale, renfor\u00e7ant le r\u00f4le de la ville comme p\u00f4le strat\u00e9gique du nord-ouest corse.<\/p><h2 data-start=\"2841\" data-end=\"3385\">Chez Tao Calvi<\/h2><p data-start=\"2841\" data-end=\"3385\"><strong data-start=\"109\" data-end=\"127\">Chez Tao Calvi<\/strong> est l\u2019un des lieux embl\u00e9matiques des nuits corses. Install\u00e9 au c\u0153ur de la citadelle, ce piano-bar mythique, fond\u00e9 dans les ann\u00e9es 1930 par l\u2019artiste Tao Cantero, attire depuis des d\u00e9cennies voyageurs et c\u00e9l\u00e9brit\u00e9s. Avec sa terrasse dominant la baie de <strong data-start=\"380\" data-end=\"389\">Calvi<\/strong>, il offre une atmosph\u00e8re unique entre musique live, cocktails raffin\u00e9s et vue imprenable. On y vient autant pour \u00e9couter de la chanson corse que pour profiter de l\u2019ambiance chic et d\u00e9contract\u00e9e. V\u00e9ritable institution, <strong data-start=\"608\" data-end=\"626\">Chez Tao Calvi<\/strong> est une \u00e9tape incontournable pour d\u00e9couvrir l\u2019\u00e2me festive et \u00e9l\u00e9gante de la Balagne.<\/p><h2 data-start=\"229\" data-end=\"263\">Foire Aux Questions sur Calvi<\/h2><h3 data-start=\"265\" data-end=\"310\">Comment visiter la citadelle de Calvi ?<\/h3><p data-start=\"311\" data-end=\"638\">La <strong data-start=\"314\" data-end=\"336\">citadelle de Calvi<\/strong> est accessible gratuitement \u00e0 pied depuis le port. Ses ruelles pav\u00e9es m\u00e8nent vers des monuments embl\u00e9matiques comme la cath\u00e9drale Saint-Jean-Baptiste et l\u2019oratoire Saint-Antoine. Des visites guid\u00e9es et audioguides permettent de mieux comprendre l\u2019histoire g\u00e9noise et la l\u00e9gende de Christophe Colomb.<\/p><h3 data-start=\"640\" data-end=\"693\">Quand partir \u00e0 Calvi pour profiter des plages ?<\/h3><p data-start=\"694\" data-end=\"975\">La meilleure p\u00e9riode pour profiter des plages de la ville s\u2019\u00e9tend de mai \u00e0 septembre. En juillet et ao\u00fbt, l\u2019animation est maximale, mais les plages sont plus fr\u00e9quent\u00e9es. Pour un s\u00e9jour plus calme, privil\u00e9giez juin ou septembre : l\u2019eau y est encore chaude et le climat agr\u00e9able.<\/p><h3 data-start=\"977\" data-end=\"1031\">La l\u00e9gende de Christophe Colomb est-elle vraie ?<\/h3><p data-start=\"1032\" data-end=\"1312\">Une tradition locale affirme que Christophe Colomb serait n\u00e9 \u00e0 <strong data-start=\"1095\" data-end=\"1104\">Calvi<\/strong> \u00e0 l\u2019\u00e9poque o\u00f9 la ville appartenait \u00e0 la R\u00e9publique de G\u00eanes. Si cette th\u00e9orie n\u2019est pas confirm\u00e9e par les historiens, la \u00ab maison natale \u00bb visible dans la citadelle reste un lieu symbolique et tr\u00e8s visit\u00e9.<\/p><h3 data-start=\"1314\" data-end=\"1370\">Quels sont les transports disponibles pour Calvi ?<\/h3><p data-start=\"1371\" data-end=\"1658\"><strong data-start=\"1371\" data-end=\"1380\">Calvi<\/strong> est desservie par l\u2019a\u00e9roport Sainte-Catherine, le port Xavier Colonna et une ligne ferroviaire pittoresque reliant la Balagne \u00e0 Bastia. Une fois sur place, on peut se d\u00e9placer \u00e0 pied dans le centre-ville, en voiture pour explorer les environs ou en train pour longer la c\u00f4te.<\/p><h3 data-start=\"1660\" data-end=\"1706\">Quels villages visiter autour de Calvi ?<\/h3><p data-start=\"1707\" data-end=\"1984\">Les environs de <strong data-start=\"1723\" data-end=\"1732\">Calvi<\/strong> regorgent de villages authentiques. Parmi les plus connus : Lumio, Pigna, Sant\u2019Antonino et Speloncato. Ces villages perch\u00e9s, accessibles en voiture ou via la \u00ab Strada di l\u2019Artigiani \u00bb, offrent un aper\u00e7u du patrimoine rural corse et de son artisanat.<\/p><h3 data-start=\"1986\" data-end=\"2027\">O\u00f9 pratiquer la randonn\u00e9e \u00e0 Calvi ?<\/h3><p data-start=\"2028\" data-end=\"2344\">Plusieurs sentiers partent de <strong data-start=\"2058\" data-end=\"2067\">Calvi<\/strong>. Le plus c\u00e9l\u00e8bre m\u00e8ne \u00e0 la chapelle Notre-Dame de la Serra, avec un panorama unique sur la baie. La presqu\u2019\u00eele de la Revellata est \u00e9galement tr\u00e8s appr\u00e9ci\u00e9e pour ses randonn\u00e9es c\u00f4ti\u00e8res. Enfin, le GR20, l\u2019un des sentiers les plus r\u00e9put\u00e9s d\u2019Europe, passe non loin de la ville.<\/p><h3 data-start=\"2346\" data-end=\"2392\">Y a-t-il des vins AOC produits \u00e0 Calvi ?<\/h3><p data-start=\"2393\" data-end=\"2713\">Oui, <strong data-start=\"2398\" data-end=\"2407\">Calvi<\/strong> poss\u00e8de sa propre appellation d\u2019origine contr\u00f4l\u00e9e (AOC). Les vignobles locaux produisent des rouges, des ros\u00e9s et des blancs de qualit\u00e9, principalement \u00e0 base des c\u00e9pages corses <strong data-start=\"2586\" data-end=\"2600\">Niellucciu<\/strong>, <strong data-start=\"2602\" data-end=\"2618\">Sciaccarellu<\/strong> et <strong data-start=\"2622\" data-end=\"2636\">Vermentinu<\/strong>. Des visites de domaines et des d\u00e9gustations sont propos\u00e9es aux visiteurs.<\/p><h3 data-start=\"2715\" data-end=\"2751\">Que faire en famille \u00e0 Calvi ?<\/h3><p data-start=\"2752\" data-end=\"3059\"><strong data-start=\"2752\" data-end=\"2761\">Calvi<\/strong> est une destination adapt\u00e9e aux familles. Outre la grande plage aux eaux peu profondes, on peut visiter la citadelle avec des activit\u00e9s ludiques (chasse au tr\u00e9sor, audioguides), explorer la presqu\u2019\u00eele de la Revellata ou encore embarquer pour des excursions en bateau vers la r\u00e9serve de Scandola.<\/p><h3 data-start=\"3061\" data-end=\"3120\">Quels sont les \u00e9v\u00e9nements culturels annuels \u00e0 Calvi ?<\/h3><p data-start=\"3121\" data-end=\"3385\">La ville accueille plusieurs \u00e9v\u00e9nements majeurs : le festival <strong data-start=\"3183\" data-end=\"3205\">Calvi on the Rocks<\/strong> en \u00e9t\u00e9, des concerts de polyphonie corse, ainsi que des processions religieuses lors de la Semaine sainte. Ces manifestations t\u00e9moignent de la diversit\u00e9 culturelle de <strong data-start=\"3373\" data-end=\"3382\">Calvi<\/strong>.<\/p><h3 data-start=\"3387\" data-end=\"3434\">Comment se d\u00e9placer au sein de la ville ?<\/h3><p data-start=\"3435\" data-end=\"3681\">Le centre historique de <strong data-start=\"3459\" data-end=\"3468\">Calvi<\/strong> se visite facilement \u00e0 pied. Pour rejoindre les plages ou explorer la Balagne, la voiture est recommand\u00e9e. Un petit train c\u00f4tier, \u00ab U Trinichellu \u00bb, relie aussi la ville aux villages voisins en longeant la mer.<\/p><p data-start=\"3435\" data-end=\"3681\">Pour en savoir plus sur Calvi, <a href=\"https:\/\/balagne-corsica.com\/decouvrir-la-balagne\/calvi\/\" target=\"_blank\" rel=\"noopener\">c&#8217;est par ici!<\/a><\/p>\t\t\t\t\t\t\t\t<\/div>\n\t\t\t\t\t<\/div>\n\t\t\t\t<\/div>\n\t\t<aside class=\"elementor-element elementor-element-8e9ac3c e-flex e-con-boxed e-con e-parent\" data-id=\"8e9ac3c\" data-element_type=\"container\" data-e-type=\"container\">\n\t\t\t\t\t<div class=\"e-con-inner\">\n\t\t\t\t<div class=\"elementor-element elementor-element-f3f7fff elementor-widget elementor-widget-listeo-posts-grid\" data-id=\"f3f7fff\" data-element_type=\"widget\" data-e-type=\"widget\" data-widget_type=\"listeo-posts-grid.default\">\n\t\t\t\t<div class=\"elementor-widget-container\">\n\t\t\t\t\t\t\t\n\t\t<div class=\"listeo-post-grid-wrapper\">\n\t\t\t<div class=\"row\">\n\n\t\t\t\n\n\t\t\t\t\t\t\t<div class=\"col-md-4\">\n                <a href=\"https:\/\/cparici.com\/en\/porticcio\/\" class=\"blog-compact-item-container\">\n                    <div class=\"blog-compact-item\">\n                        <img decoding=\"async\" width=\"577\" height=\"204\" src=\"https:\/\/cparici.com\/wp-content\/uploads\/2024\/08\/Porticcio-a-Grosseto-Prugna-en-Corse.jpg\" class=\"attachment-listeo-blog-related-post size-listeo-blog-related-post wp-post-image\" alt=\"Porticcio a Grosseto-Prugna en Corse\" srcset=\"https:\/\/cparici.com\/wp-content\/uploads\/2024\/08\/Porticcio-a-Grosseto-Prugna-en-Corse.jpg 1500w, https:\/\/cparici.com\/wp-content\/uploads\/2024\/08\/Porticcio-a-Grosseto-Prugna-en-Corse-600x212.jpg 600w, https:\/\/cparici.com\/wp-content\/uploads\/2024\/08\/Porticcio-a-Grosseto-Prugna-en-Corse-300x106.jpg 300w, https:\/\/cparici.com\/wp-content\/uploads\/2024\/08\/Porticcio-a-Grosseto-Prugna-en-Corse-1024x362.jpg 1024w, https:\/\/cparici.com\/wp-content\/uploads\/2024\/08\/Porticcio-a-Grosseto-Prugna-en-Corse-768x271.jpg 768w\" sizes=\"(max-width: 577px) 100vw, 577px\" \/><span class=\"blog-item-tag\">Corse<\/span>                        \n                        <div class=\"blog-compact-item-content\">\n                                                        <h3>Porticcio &#8211; Un Joyau en Corse du Sud<\/h3>\n                                                        <p>Porticcio en Corse du Sud, un village c\u00f4tier enchanteur avec plages, randonn\u00e9es, monuments et activit\u00e9s...                            <\/p>\n                                                    <\/div>\n                    <\/div>\n                <\/a>\n            <\/div>\n\t\t\t<div class=\"col-md-4\">\n                <a href=\"https:\/\/cparici.com\/en\/corse-guide-complet\/\" class=\"blog-compact-item-container\">\n                    <div class=\"blog-compact-item\">\n                        <img decoding=\"async\" width=\"577\" height=\"224\" src=\"https:\/\/cparici.com\/wp-content\/uploads\/2024\/06\/corse.jpg\" class=\"attachment-listeo-blog-related-post size-listeo-blog-related-post wp-post-image\" alt=\"corse littoral fran\u00e7ais\" srcset=\"https:\/\/cparici.com\/wp-content\/uploads\/2024\/06\/corse.jpg 1500w, https:\/\/cparici.com\/wp-content\/uploads\/2024\/06\/corse-600x233.jpg 600w, https:\/\/cparici.com\/wp-content\/uploads\/2024\/06\/corse-300x116.jpg 300w, https:\/\/cparici.com\/wp-content\/uploads\/2024\/06\/corse-1024x397.jpg 1024w, https:\/\/cparici.com\/wp-content\/uploads\/2024\/06\/corse-768x298.jpg 768w\" sizes=\"(max-width: 577px) 100vw, 577px\" \/><span class=\"blog-item-tag\">Corse<\/span>                        \n                        <div class=\"blog-compact-item-content\">\n                                                        <h3>Corse &#8211; guide complet des sites et loisirs sur l&#8217;\u00eele<\/h3>\n                                                        <p>Envie de visiter la r\u00e9gion corse ? Ne manquez pas notre guide complet qui vous...                            <\/p>\n                                                    <\/div>\n                    <\/div>\n                <\/a>\n            <\/div>\n\t\t\t<div class=\"col-md-4\">\n                <a href=\"https:\/\/cparici.com\/en\/porto-vecchio-2\/\" class=\"blog-compact-item-container\">\n                    <div class=\"blog-compact-item\">\n                        <img decoding=\"async\" width=\"577\" height=\"204\" src=\"https:\/\/cparici.com\/wp-content\/uploads\/2025\/09\/cparici-2025-09-10T114304.299-577x204.jpg\" class=\"attachment-listeo-blog-related-post size-listeo-blog-related-post wp-post-image\" alt=\"Porto\u2011Vecchio\" srcset=\"https:\/\/cparici.com\/wp-content\/uploads\/2025\/09\/cparici-2025-09-10T114304.299-577x204.jpg 577w, https:\/\/cparici.com\/wp-content\/uploads\/2025\/09\/cparici-2025-09-10T114304.299-300x106.jpg 300w, https:\/\/cparici.com\/wp-content\/uploads\/2025\/09\/cparici-2025-09-10T114304.299-1024x362.jpg 1024w, https:\/\/cparici.com\/wp-content\/uploads\/2025\/09\/cparici-2025-09-10T114304.299-768x271.jpg 768w, https:\/\/cparici.com\/wp-content\/uploads\/2025\/09\/cparici-2025-09-10T114304.299-18x6.jpg 18w, https:\/\/cparici.com\/wp-content\/uploads\/2025\/09\/cparici-2025-09-10T114304.299-590x208.jpg 590w, https:\/\/cparici.com\/wp-content\/uploads\/2025\/09\/cparici-2025-09-10T114304.299-1200x424.jpg 1200w, https:\/\/cparici.com\/wp-content\/uploads\/2025\/09\/cparici-2025-09-10T114304.299-600x212.jpg 600w, https:\/\/cparici.com\/wp-content\/uploads\/2025\/09\/cparici-2025-09-10T114304.299.jpg 1500w\" sizes=\"(max-width: 577px) 100vw, 577px\" \/><span class=\"blog-item-tag\">Corse<\/span>                        \n                        <div class=\"blog-compact-item-content\">\n                                                        <h3>Porto\u2011Vecchio : le guide complet<\/h3>\n                                                        <p>Recherches populaires Categories Pas de r\u00e9sultats Voir tous les r\u00e9sultats Porto\u2011Vecchio : le guide complet\u00a0...                            <\/p>\n                                                    <\/div>\n                    <\/div>\n                <\/a>\n            <\/div>\n  <\/div>\n        <\/div>\n        \t\t\t\t<\/div>\n\t\t\t\t<\/div>\n\t\t\t\t\t<\/div>\n\t\t\t\t<\/aside>\n\t\t\t\t<\/div>\n\t\t","protected":false},"excerpt":{"rendered":"<p>Recherches populaires Categories Pas de r\u00e9sultats Voir tous les r\u00e9sultats Calvi : citadelle, plages et tr\u00e9sor de la Balagne Situ\u00e9e sur la c\u00f4te nord-ouest de la Corse, Calvi est l\u2019un des tr\u00e9sors les plus embl\u00e9matiques de l\u2019\u00eele de Beaut\u00e9. Sa citadelle g\u00e9noise dominant une baie en forme de croissant, ses longues plages de sable fin [&hellip;]<\/p>\n","protected":false},"author":97,"featured_media":70331,"comment_status":"closed","ping_status":"closed","sticky":false,"template":"elementor_header_footer","format":"standard","meta":{"ngg_post_thumbnail":0,"footnotes":""},"categories":[477],"tags":[],"class_list":["post-70320","post","type-post","status-publish","format-standard","has-post-thumbnail","hentry","category-france"],"_links":{"self":[{"href":"https:\/\/cparici.com\/en\/wp-json\/wp\/v2\/posts\/70320","targetHints":{"allow":["GET"]}}],"collection":[{"href":"https:\/\/cparici.com\/en\/wp-json\/wp\/v2\/posts"}],"about":[{"href":"https:\/\/cparici.com\/en\/wp-json\/wp\/v2\/types\/post"}],"author":[{"embeddable":true,"href":"https:\/\/cparici.com\/en\/wp-json\/wp\/v2\/users\/97"}],"replies":[{"embeddable":true,"href":"https:\/\/cparici.com\/en\/wp-json\/wp\/v2\/comments?post=70320"}],"version-history":[{"count":3,"href":"https:\/\/cparici.com\/en\/wp-json\/wp\/v2\/posts\/70320\/revisions"}],"predecessor-version":[{"id":89280,"href":"https:\/\/cparici.com\/en\/wp-json\/wp\/v2\/posts\/70320\/revisions\/89280"}],"wp:featuredmedia":[{"embeddable":true,"href":"https:\/\/cparici.com\/en\/wp-json\/wp\/v2\/media\/70331"}],"wp:attachment":[{"href":"https:\/\/cparici.com\/en\/wp-json\/wp\/v2\/media?parent=70320"}],"wp:term":[{"taxonomy":"category","embeddable":true,"href":"https:\/\/cparici.com\/en\/wp-json\/wp\/v2\/categories?post=70320"},{"taxonomy":"post_tag","embeddable":true,"href":"https:\/\/cparici.com\/en\/wp-json\/wp\/v2\/tags?post=70320"}],"curies":[{"name":"wp","href":"https:\/\/api.w.org\/{rel}","templated":true}]}}