{"id":70463,"date":"2025-09-12T07:48:35","date_gmt":"2025-09-12T05:48:35","guid":{"rendered":"https:\/\/cparici.com\/?p=70463"},"modified":"2026-02-05T15:06:34","modified_gmt":"2026-02-05T14:06:34","slug":"grignan","status":"publish","type":"post","link":"https:\/\/cparici.com\/en\/grignan\/","title":{"rendered":"Grignan: what to see and do in this Provencal village"},"content":{"rendered":"\t\t<div data-elementor-type=\"wp-post\" data-elementor-id=\"70463\" class=\"elementor elementor-70463\" data-elementor-post-type=\"post\">\n\t\t\t\t<aside class=\"elementor-element elementor-element-45a441e e-con-full e-flex e-con e-parent\" data-id=\"45a441e\" data-element_type=\"container\" data-e-type=\"container\">\n\t\t\t\t<div class=\"elementor-element elementor-element-f589ac6 elementor-widget elementor-widget-image\" data-id=\"f589ac6\" data-element_type=\"widget\" data-e-type=\"widget\" data-widget_type=\"image.default\">\n\t\t\t\t\t\t\t\t\t\t\t\t\t\t\t<img decoding=\"async\" width=\"1500\" height=\"530\" src=\"https:\/\/cparici.com\/wp-content\/uploads\/2025\/09\/cparici-2025-09-11T155052.289.jpg\" class=\"attachment-full size-full wp-image-70467\" alt=\"Grignan\" srcset=\"https:\/\/cparici.com\/wp-content\/uploads\/2025\/09\/cparici-2025-09-11T155052.289.jpg 1500w, https:\/\/cparici.com\/wp-content\/uploads\/2025\/09\/cparici-2025-09-11T155052.289-300x106.jpg 300w, https:\/\/cparici.com\/wp-content\/uploads\/2025\/09\/cparici-2025-09-11T155052.289-1024x362.jpg 1024w, https:\/\/cparici.com\/wp-content\/uploads\/2025\/09\/cparici-2025-09-11T155052.289-768x271.jpg 768w, https:\/\/cparici.com\/wp-content\/uploads\/2025\/09\/cparici-2025-09-11T155052.289-18x6.jpg 18w, https:\/\/cparici.com\/wp-content\/uploads\/2025\/09\/cparici-2025-09-11T155052.289-590x208.jpg 590w, https:\/\/cparici.com\/wp-content\/uploads\/2025\/09\/cparici-2025-09-11T155052.289-1200x424.jpg 1200w, https:\/\/cparici.com\/wp-content\/uploads\/2025\/09\/cparici-2025-09-11T155052.289-577x204.jpg 577w, https:\/\/cparici.com\/wp-content\/uploads\/2025\/09\/cparici-2025-09-11T155052.289-600x212.jpg 600w\" sizes=\"(max-width: 1500px) 100vw, 1500px\" \/>\t\t\t\t\t\t\t\t\t\t\t\t\t\t\t<\/div>\n\t\t\t\t<\/aside>\n\t\t<aside class=\"elementor-element elementor-element-c34f5c2 e-flex e-con-boxed e-con e-parent\" data-id=\"c34f5c2\" data-element_type=\"container\" data-e-type=\"container\">\n\t\t\t\t\t<div class=\"e-con-inner\">\n\t\t\t\t<div class=\"elementor-element elementor-element-ea97313 elementor-widget elementor-widget-global elementor-global-62046 elementor-widget-eael-advanced-search\" data-id=\"ea97313\" data-element_type=\"widget\" data-e-type=\"widget\" data-widget_type=\"eael-advanced-search.default\">\n\t\t\t\t\t        <div class=\"eael-adv-search-wrapper\">\n            <div id=\"eael-advanced-search-widget-ea97313\" class=\"eael-advanced-search-widget\">\n                <form data-settings=\"{&quot;post_per_page&quot;:5,&quot;search_among_taxonomies&quot;:&quot;&quot;,&quot;search_among_sku&quot;:&quot;no&quot;,&quot;show_popular_keyword&quot;:0,&quot;show_category&quot;:0,&quot;show_content_image&quot;:1,&quot;show_search_result_all_results&quot;:0,&quot;result_on_new_tab&quot;:&quot;no&quot;,&quot;show_product_price&quot;:&quot;no&quot;,&quot;include_current_page&quot;:&quot;no&quot;,&quot;current_post_id&quot;:70463,&quot;post_type&quot;:[&quot;post&quot;,&quot;listing&quot;]}\" method=\"POST\" name=\"eael-advanced-search-form-ea97313\" class=\"eael-advanced-search-form eael-advanced-search-form-style-2\">\n                    <div class=\"eael-advanced-search-wrap\">\n                        <span class=\"eael-adv-search-loader\"><\/span>\n                        <span class=\"eael-adv-search-close\"><i class=\"fas fa-times\"><\/i><\/span>\n                        <span class=\"icon \"><i class=\"fas fa-search\"><\/i><\/span>\n\n                        <input type=\"text\"\n                               placeholder=\"Votre destination\"\n                               class=\"eael-advanced-search\" autocomplete=\"off\" name=\"eael_advanced_search\">\n                    <\/div>\n\t\t\t\t\t                                    <\/form>\n\n\t\t\t\t\n\t\t\t\t        <div class=\"eael-advanced-search-result\">\n            <div class=\"eael-advanced-search-popular-keyword\">\n\t\t\t\t<h4 class=\"eael-advanced-search-popular-keyword-text\">Recherches populaires<\/h4>                <div class=\"eael-popular-keyword-content\"><\/div>\n            <\/div>\n            <div class=\"eael-advanced-search-category\">\n\t\t\t\t<h4 class=\"eael-advanced-search-category-text\">Categories<\/h4>                <div class=\"eael-popular-category-content\"><\/div>\n            <\/div>\n\t\t\t<div class=\"eael-advanced-search-total-results-section\">\n\t\t\t\t\t\t\t<\/div>\n            <div class=\"eael-advanced-search-content eael-item-style-3\">\n            <\/div>\n            <div class=\"eael-advanced-search-not-found\">\n                <p>Pas de r\u00e9sultats<\/p><\/div>\n            <div class=\"eael-advanced-search-load-more\">\n\t\t\t\t<a \tclass=\"eael-advanced-search-load-more-button\"\n                \thref=\"#\">Voir tous les r\u00e9sultats<\/a>\n            <\/div>\n        <\/div>\n\n\t\t            <\/div>\n        <\/div>\n\n\t\t\t\t\t\t<\/div>\n\t\t\t\t\t<\/div>\n\t\t\t\t<\/aside>\n\t\t<div class=\"elementor-element elementor-element-39535584 e-flex e-con-boxed e-con e-parent\" data-id=\"39535584\" data-element_type=\"container\" data-e-type=\"container\">\n\t\t\t\t\t<div class=\"e-con-inner\">\n\t\t\t\t<div class=\"elementor-element elementor-element-6a9f27d5 elementor-widget elementor-widget-text-editor\" data-id=\"6a9f27d5\" data-element_type=\"widget\" data-e-type=\"widget\" data-widget_type=\"text-editor.default\">\n\t\t\t\t\t\t\t\t\t<h1 style=\"text-align: center;\">Grignan : que voir et que faire dans ce village proven\u00e7al<\/h1><p>Grignan est une destination o\u00f9 <strong data-start=\"10646\" data-end=\"10674\">le patrimoine se raconte<\/strong>, o\u00f9 les <strong data-start=\"10683\" data-end=\"10700\">vins chantent<\/strong>, o\u00f9 les saisons offrent des atmosph\u00e8res vari\u00e9es, et o\u00f9 chaque coin de rue, chaque pierre, chaque champ de lavande peut devenir source de ravissement. Que vous soyez amateur d\u2019histoire, de gastronomie, de nature ou tout simplement en qu\u00eate de calme et de beaut\u00e9, Grignan saura vous s\u00e9duire. Ce guide permet de pr\u00e9parer un s\u00e9jour riche, modulable selon vos envies \u2014 mais surtout de d\u00e9couvrir ce qui fait de Grignan un lieu vraiment unique.<\/p><h2 data-start=\"380\" data-end=\"441\">Grignan : un village perch\u00e9 au c\u0153ur de la Dr\u00f4me proven\u00e7ale<\/h2><p data-start=\"443\" data-end=\"804\">Situ\u00e9 dans le sud de la Dr\u00f4me, <strong data-start=\"474\" data-end=\"485\">Grignan<\/strong> est un <strong data-start=\"493\" data-end=\"511\">village perch\u00e9<\/strong> embl\u00e9matique, r\u00e9put\u00e9 pour son <strong data-start=\"542\" data-end=\"565\">ch\u00e2teau Renaissance<\/strong>, ses paysages de <strong data-start=\"583\" data-end=\"594\">lavande<\/strong> et son atmosph\u00e8re \u00e0 la fois <strong data-start=\"623\" data-end=\"649\">paisible et inspirante<\/strong>. Ce petit joyau proven\u00e7al offre une vue imprenable sur la vall\u00e9e du Rh\u00f4ne, les <strong data-start=\"729\" data-end=\"751\">monts de l\u2019Ard\u00e8che<\/strong> \u00e0 l\u2019ouest et les <strong data-start=\"769\" data-end=\"795\">contreforts du Vercors<\/strong> au nord.<\/p><p data-start=\"806\" data-end=\"1223\"><strong data-start=\"806\" data-end=\"817\">Grignan<\/strong> s\u2019\u00e9tend sur un promontoire calcaire qui domine les plaines agricoles environnantes, une situation id\u00e9ale pour observer les <strong data-start=\"941\" data-end=\"960\">jeux de lumi\u00e8re<\/strong> du soleil sur les <strong data-start=\"979\" data-end=\"989\">vignes<\/strong>, les <strong data-start=\"995\" data-end=\"1007\">oliviers<\/strong> et les champs de lavande. Le <strong data-start=\"1037\" data-end=\"1061\">climat m\u00e9diterran\u00e9en<\/strong> y favorise la douceur de vivre : des hivers plut\u00f4t doux et des \u00e9t\u00e9s ensoleill\u00e9s, souvent anim\u00e9s par le <strong data-start=\"1165\" data-end=\"1176\">mistral<\/strong>, vent caract\u00e9ristique du sud-est de la France.<\/p>\t\t\t\t\t\t\t\t<\/div>\n\t\t\t\t\t<\/div>\n\t\t\t\t<\/div>\n\t\t<aside class=\"elementor-element elementor-element-ad04284 e-flex e-con-boxed e-con e-parent\" data-id=\"ad04284\" data-element_type=\"container\" data-e-type=\"container\" data-settings=\"{&quot;background_background&quot;:&quot;classic&quot;}\">\n\t\t\t\t\t<div class=\"e-con-inner\">\n\t\t\t\t<div class=\"elementor-element elementor-element-7dab85a1 elementor-widget elementor-widget-spacer\" data-id=\"7dab85a1\" data-element_type=\"widget\" data-e-type=\"widget\" data-widget_type=\"spacer.default\">\n\t\t\t\t\t\t\t<div class=\"elementor-spacer\">\n\t\t\t<div class=\"elementor-spacer-inner\"><\/div>\n\t\t<\/div>\n\t\t\t\t\t\t<\/div>\n\t\t\t\t<div class=\"elementor-element elementor-element-18804e35 elementor-widget elementor-widget-heading\" data-id=\"18804e35\" data-element_type=\"widget\" data-e-type=\"widget\" data-widget_type=\"heading.default\">\n\t\t\t\t\t<p class=\"elementor-heading-title elementor-size-default\">H\u00e9bergements et Activit\u00e9s Grignan en direct<\/p>\t\t\t\t<\/div>\n\t\t\t\t<div class=\"elementor-element elementor-element-e1f9e90 elementor-widget elementor-widget-listeo-listings-carousel\" data-id=\"e1f9e90\" data-element_type=\"widget\" data-e-type=\"widget\" data-widget_type=\"listeo-listings-carousel.default\">\n\t\t\t\t<div class=\"elementor-widget-container\">\n\t\t\t\t\t        <!-- Carousel \/ Start -->\n        \t<div class=\"simple-slick-carousel dots-nav\" data-slick='{&quot;autoplay&quot;:true,&quot;autoplaySpeed&quot;:3000,&quot;slidesToShow&quot;:3,&quot;slidesToScroll&quot;:1,&quot;responsive&quot;:[{&quot;breakpoint&quot;:1024,&quot;settings&quot;:{&quot;slidesToShow&quot;:2,&quot;slidesToScroll&quot;:1}},{&quot;breakpoint&quot;:768,&quot;settings&quot;:{&quot;slidesToShow&quot;:1,&quot;slidesToScroll&quot;:1}}]}'>\n                            <div class=\"fw-carousel-item\">                    \n                        <!-- Listing Item -->\r\n            <div class=\"col-lg-6 col-md-12\">\r\n                <a href=\"https:\/\/cparici.com\/en\/annonce\/sejour-decouverte-truffe-noire\/\" class=\"listing-item-container listing-geo-data compact\">\r\n            <div class=\"listing-item  featured-listing\">\r\n                <div class=\"listing-small-badges-container\">\r\n                                            <div class=\"listing-small-badge featured-badge\"><i class=\"fa fa-star\"><\/i> Featured<\/div>\r\n                                                                                \r\n                                        \r\n                                        \r\n                <\/div>\r\n                <img decoding=\"async\" src=\"https:\/\/cparici.com\/wp-content\/uploads\/2025\/09\/www.pavillonm.com-sejour-truffes-richerenches-1.jpg\" alt=\"S\u00e9jour d\u00e9couverte de la Truffe noire\" class=\"listing-thumbnail\">\r\n                \r\n\r\n                <div class=\"listing-item-content\">\r\n                    \r\n                    <h3> S\u00e9jour d\u00e9couverte de la Truffe noire <\/h3>\r\n                    <span>8 avenue Chapon 26230 Grignan<\/span>\r\n                <\/div>\r\n                                        <span class=\"save like-icon tooltip left\" title=\"Login To Bookmark Items\"><\/span>\r\n                                                <\/div>\r\n        <\/a>\r\n                    <\/div>\r\n        \r\n\r\n        <!-- Listing Item \/ End -->\n                    <\/div>\n                                      <div class=\"fw-carousel-item\">                    \n                        <!-- Listing Item -->\r\n            <div class=\"col-lg-6 col-md-12\">\r\n                <a href=\"https:\/\/cparici.com\/en\/annonce\/le-pavillon-m-maison-dhotes-avec-piscine-et-spa-a-grignan\/\" class=\"listing-item-container listing-geo-data compact\" data-title=\"Le Pavillon M, Maison d&#8217;h\u00f4tes avec piscine et spa \u00e0 Grignan\" data-listing-type=\"rental\" data-classifieds-price=\"&euro;\" data-friendly-address=\"8 avenue Chapon 26230 Grignan\" data-address=\"8 avenue Chapon 26230 Grignan\" data-image=\"https:\/\/cparici.com\/wp-content\/uploads\/2025\/09\/pavillon-M-grignan-piscine-520x397.jpg\" data-longitude=\"4.910532\" data-latitude=\"44.418064\" data-rating=\"0\" data-reviews=\"0\" data-icon=\"&lt;svg xmlns=&quot;http:\/\/www.w3.org\/2000\/svg&quot; width=&quot;800px&quot; height=&quot;800px&quot; viewBox=&quot;0 0 45 45&quot; fill=&quot;none&quot;&gt;\n&lt;path d=&quot;M24.155 8.78099L24.33 8.94499L37.402 21.787L36 23.213L34.2 21.445L34.201 35C34.201 36.054 33.385 36.918 32.35 36.994L32.201 37H12.201C11.147 37 10.283 36.184 10.206 35.149L10.201 35L10.2 21.446L8.402 23.213L7 21.787L20.058 8.95799C21.171 7.82199 22.966 7.75899 24.155 8.78099ZM21.569 10.285L21.473 10.372L12.2 19.481L12.201 35L17.2 34.999L17.201 25C17.201 23.946 18.017 23.082 19.052 23.005L19.201 23H25.201C26.255 23 27.119 23.816 27.196 24.851L27.201 25L27.2 34.999L32.201 35L32.2 19.48L22.901 10.344C22.537 9.98699 21.969 9.96499 21.569 10.285ZM25.201 25H19.201L19.2 34.999H25.2L25.201 25Z&quot; fill=&quot;#3C3C3C&quot;\/&gt;\n&lt;\/svg&gt;\">\r\n            <div class=\"listing-item  featured-listing\">\r\n                <div class=\"listing-small-badges-container\">\r\n                                            <div class=\"listing-small-badge featured-badge\"><i class=\"fa fa-star\"><\/i> Featured<\/div>\r\n                                                                <div class=\"listing-small-badge pricing-badge\"><i class=\"fa fa-tag\"><\/i>180.00&euro; - 350.00&euro;<\/div>\r\n                                                            \r\n                                        \r\n                                        \r\n                <\/div>\r\n                <img decoding=\"async\" src=\"https:\/\/cparici.com\/wp-content\/uploads\/2025\/09\/pavillon-M-grignan-piscine-520x397.jpg\" alt=\"Le Pavillon M, Maison d&#8217;h\u00f4tes avec piscine et spa \u00e0 Grignan\" class=\"listing-thumbnail\">\r\n                \r\n\r\n                <div class=\"listing-item-content\">\r\n                    \r\n                    <h3> Le Pavillon M, Maison d&#8217;h\u00f4tes avec piscine et spa \u00e0 Grignan <\/h3>\r\n                    <span>8 avenue Chapon 26230 Grignan<\/span>\r\n                <\/div>\r\n                                        <span class=\"save like-icon tooltip left\" title=\"Login To Bookmark Items\"><\/span>\r\n                                                <\/div>\r\n        <\/a>\r\n                    <\/div>\r\n        \r\n\r\n        <!-- Listing Item \/ End -->\n                    <\/div>\n                          <\/div>\n        \t\t\t\t<\/div>\n\t\t\t\t<\/div>\n\t\t\t\t\t<\/div>\n\t\t\t\t<\/aside>\n\t\t<div class=\"elementor-element elementor-element-23651fe e-flex e-con-boxed e-con e-parent\" data-id=\"23651fe\" data-element_type=\"container\" data-e-type=\"container\">\n\t\t\t\t\t<div class=\"e-con-inner\">\n\t\t\t\t<div class=\"elementor-element elementor-element-404afce elementor-widget elementor-widget-text-editor\" data-id=\"404afce\" data-element_type=\"widget\" data-e-type=\"widget\" data-widget_type=\"text-editor.default\">\n\t\t\t\t\t\t\t\t\t<p data-start=\"1225\" data-end=\"1550\">Le village se trouve dans la r\u00e9gion administrative <a href=\"https:\/\/cparici.com\/auvergne-rhone-alpes\/\">Auvergne\u2011Rh\u00f4ne\u2011Alpes<\/a>, \u00e0 la fronti\u00e8re du <a href=\"https:\/\/cparici.com\/vaucluse\/\">Vaucluse<\/a> et non loin de la c\u00e9l\u00e8bre <strong data-start=\"1351\" data-end=\"1372\">Enclave des Papes<\/strong>. Il est facilement accessible depuis <strong data-start=\"1410\" data-end=\"1424\">Mont\u00e9limar<\/strong>, <strong data-start=\"1426\" data-end=\"1437\">Valence<\/strong>, <a href=\"https:\/\/cparici.com\/avignon-guide-2\/\"><strong data-start=\"1439\" data-end=\"1450\">Avignon<\/strong><\/a> ou encore <strong data-start=\"1461\" data-end=\"1470\">Nyons<\/strong>, ce qui en fait une <strong data-start=\"1491\" data-end=\"1528\">destination touristique populaire<\/strong>, mais jamais envahie.<\/p><p data-start=\"1225\" data-end=\"1550\"><a href=\"https:\/\/cparici.com\/wp-content\/uploads\/2025\/09\/cparici-2025-09-11T154649.176.jpg\"><img decoding=\"async\" class=\"aligncenter wp-image-70470 size-full\" src=\"https:\/\/cparici.com\/wp-content\/uploads\/2025\/09\/cparici-2025-09-11T154649.176.jpg\" alt=\"Grignan le village\" width=\"1500\" height=\"530\" srcset=\"https:\/\/cparici.com\/wp-content\/uploads\/2025\/09\/cparici-2025-09-11T154649.176.jpg 1500w, https:\/\/cparici.com\/wp-content\/uploads\/2025\/09\/cparici-2025-09-11T154649.176-300x106.jpg 300w, https:\/\/cparici.com\/wp-content\/uploads\/2025\/09\/cparici-2025-09-11T154649.176-1024x362.jpg 1024w, https:\/\/cparici.com\/wp-content\/uploads\/2025\/09\/cparici-2025-09-11T154649.176-768x271.jpg 768w, https:\/\/cparici.com\/wp-content\/uploads\/2025\/09\/cparici-2025-09-11T154649.176-18x6.jpg 18w, https:\/\/cparici.com\/wp-content\/uploads\/2025\/09\/cparici-2025-09-11T154649.176-590x208.jpg 590w, https:\/\/cparici.com\/wp-content\/uploads\/2025\/09\/cparici-2025-09-11T154649.176-1200x424.jpg 1200w, https:\/\/cparici.com\/wp-content\/uploads\/2025\/09\/cparici-2025-09-11T154649.176-577x204.jpg 577w, https:\/\/cparici.com\/wp-content\/uploads\/2025\/09\/cparici-2025-09-11T154649.176-600x212.jpg 600w\" sizes=\"(max-width: 1500px) 100vw, 1500px\" \/><\/a><\/p><h2 data-start=\"439\" data-end=\"490\">Le ch\u00e2teau de Grignan : joyau de la Renaissance<\/h2><p data-start=\"492\" data-end=\"822\">Dominant le village, le <strong data-start=\"516\" data-end=\"538\">ch\u00e2teau de Grignan<\/strong> est l\u2019\u00e9l\u00e9ment central du patrimoine local. Class\u00e9 Monument Historique, il est l\u2019un des <strong data-start=\"626\" data-end=\"686\">plus grands ch\u00e2teaux Renaissance du sud-est de la France<\/strong>. B\u00e2ti sur un promontoire rocheux, il offre une vue spectaculaire sur les collines de la Dr\u00f4me, les <strong data-start=\"786\" data-end=\"807\">champs de lavande<\/strong> et les vignes.<\/p><p data-start=\"209\" data-end=\"367\">Le ch\u00e2teau de Grignan est un monument majeur de la <strong data-start=\"260\" data-end=\"280\">Dr\u00f4me proven\u00e7ale<\/strong>, tant par son architecture que par son histoire.\u00a0<\/p><ul data-start=\"369\" data-end=\"2067\"><li data-start=\"369\" data-end=\"731\"><p data-start=\"371\" data-end=\"731\"><strong data-start=\"371\" data-end=\"402\">Localisation &amp; architecture<\/strong> : le ch\u00e2teau est b\u00e2ti sur un promontoire rocheux dominant le village de Grignan. Il m\u00eale \u00e9l\u00e9ments de forteresse m\u00e9di\u00e9vale et de r\u00e9sidence princi\u00e8re de la Renaissance. On y voit des fa\u00e7ades \u00e9l\u00e9gantes, des tours, des jardins et terrasses, des cours int\u00e9rieures, ainsi qu\u2019une grande galerie.\u00a0<\/p><\/li><li data-start=\"732\" data-end=\"920\"><p data-start=\"734\" data-end=\"920\"><strong data-start=\"734\" data-end=\"757\">Origines m\u00e9di\u00e9vales<\/strong> : mentionn\u00e9 d\u00e8s le XI\u1d49 si\u00e8cle comme ch\u00e2teau fort ; d\u00e8s le XIII\u1d49 si\u00e8cle, la seigneurie est aux mains de la famille Adh\u00e9mar.\u00a0<\/p><\/li><li data-start=\"921\" data-end=\"1365\"><p data-start=\"923\" data-end=\"971\"><strong data-start=\"923\" data-end=\"967\">Transformations Renaissance &amp; classiques<\/strong> :<\/p><ul data-start=\"974\" data-end=\"1365\"><li data-start=\"974\" data-end=\"1142\"><p data-start=\"976\" data-end=\"1142\">Au XVI\u1d49 si\u00e8cle, les Adh\u00e9mar effectuent des transformations importantes, notamment sous Louis Adh\u00e9mar pour embellir la demeure.\u00a0<\/p><\/li><li data-start=\"1145\" data-end=\"1365\"><p data-start=\"1147\" data-end=\"1365\">Au XVII\u1d49 si\u00e8cle, le ch\u00e2teau est l\u2019un des lieux de r\u00e9sidence de Fran\u00e7oise\u2011Marguerite de S\u00e9vign\u00e9, fille de Madame de S\u00e9vign\u00e9, ce qui conf\u00e8re au site une forte dimension litt\u00e9raire.\u00a0<\/p><\/li><\/ul><\/li><\/ul><figure id=\"attachment_70471\" aria-describedby=\"caption-attachment-70471\" style=\"width: 1500px\" class=\"wp-caption aligncenter\"><a href=\"https:\/\/cparici.com\/wp-content\/uploads\/2025\/09\/cparici-2025-09-11T185830.548.jpg\"><img decoding=\"async\" class=\"wp-image-70471 size-full\" src=\"https:\/\/cparici.com\/wp-content\/uploads\/2025\/09\/cparici-2025-09-11T185830.548.jpg\" alt=\"Ch\u00e2teau de Grignan\" width=\"1500\" height=\"530\" srcset=\"https:\/\/cparici.com\/wp-content\/uploads\/2025\/09\/cparici-2025-09-11T185830.548.jpg 1500w, https:\/\/cparici.com\/wp-content\/uploads\/2025\/09\/cparici-2025-09-11T185830.548-300x106.jpg 300w, https:\/\/cparici.com\/wp-content\/uploads\/2025\/09\/cparici-2025-09-11T185830.548-1024x362.jpg 1024w, https:\/\/cparici.com\/wp-content\/uploads\/2025\/09\/cparici-2025-09-11T185830.548-768x271.jpg 768w, https:\/\/cparici.com\/wp-content\/uploads\/2025\/09\/cparici-2025-09-11T185830.548-18x6.jpg 18w, https:\/\/cparici.com\/wp-content\/uploads\/2025\/09\/cparici-2025-09-11T185830.548-590x208.jpg 590w, https:\/\/cparici.com\/wp-content\/uploads\/2025\/09\/cparici-2025-09-11T185830.548-1200x424.jpg 1200w, https:\/\/cparici.com\/wp-content\/uploads\/2025\/09\/cparici-2025-09-11T185830.548-577x204.jpg 577w, https:\/\/cparici.com\/wp-content\/uploads\/2025\/09\/cparici-2025-09-11T185830.548-600x212.jpg 600w\" sizes=\"(max-width: 1500px) 100vw, 1500px\" \/><\/a><figcaption id=\"caption-attachment-70471\" class=\"wp-caption-text\">Ch\u00e2teau de Grignan<\/figcaption><\/figure><ul data-start=\"369\" data-end=\"2067\"><li data-start=\"1366\" data-end=\"1797\"><p data-start=\"1368\" data-end=\"1398\"><strong data-start=\"1368\" data-end=\"1394\">D\u00e9clin et restauration<\/strong> :<\/p><ul data-start=\"1401\" data-end=\"1797\"><li data-start=\"1401\" data-end=\"1566\"><p data-start=\"1403\" data-end=\"1566\">\u00c0 la R\u00e9volution, le ch\u00e2teau est en partie d\u00e9truit, ses toitures et parties de fa\u00e7ade sont d\u00e9mont\u00e9es, ses meubles dispers\u00e9s.\u00a0<\/p><\/li><li data-start=\"1569\" data-end=\"1797\"><p data-start=\"1571\" data-end=\"1797\">Au d\u00e9but du XX\u1d49 si\u00e8cle, une riche propri\u00e9taire, Marie Fontaine, acquiert le ch\u00e2teau et engage une restauration importante entre 1913 et 1931 pour redonner au ch\u00e2teau sa grandeur d\u2019antan.\u00a0<\/p><\/li><\/ul><\/li><li data-start=\"1798\" data-end=\"2067\"><p data-start=\"1800\" data-end=\"2067\"><strong data-start=\"1800\" data-end=\"1829\">Statut patrimonial actuel<\/strong> : il est class\u00e9 Monument Historique (inscriptions et classements des fa\u00e7ades, toitures, parc, etc.). Il est aussi labellis\u00e9 <strong data-start=\"1954\" data-end=\"1973\">Mus\u00e9e de France<\/strong> et appartient au D\u00e9partement de la Dr\u00f4me depuis 1979.\u00a0<\/p><\/li><\/ul><h2 data-start=\"2074\" data-end=\"2093\">Tarifs de visite<\/h2><p data-start=\"2095\" data-end=\"2361\">Voici les tarifs r\u00e9cents pour visiter le ch\u00e2teau selon les modalit\u00e9s (visite libre, guid\u00e9e, ext\u00e9rieurs\u2026). Les prix peuvent varier selon saisons ou programmes sp\u00e9ciaux, donc toujours v\u00e9rifier sur le site officiel avant de partir.\u00a0<\/p><div class=\"_tableContainer_1rjym_1\"><div class=\"group w-fit _tableWrapper_1rjym_13 flex flex-col-reverse\" tabindex=\"-1\"><table class=\"w-fit min-w-(--thread-content-width)\" data-start=\"2363\" data-end=\"2982\"><thead data-start=\"2363\" data-end=\"2435\"><tr data-start=\"2363\" data-end=\"2435\"><th data-start=\"2363\" data-end=\"2380\" data-col-size=\"md\">Type de visite<\/th><th data-start=\"2380\" data-end=\"2394\" data-col-size=\"sm\">Plein tarif<\/th><th data-start=\"2394\" data-end=\"2410\" data-col-size=\"sm\">Tarif r\u00e9duit*<\/th><th data-start=\"2410\" data-end=\"2435\" data-col-size=\"xl\">Gratuit\u00e9s \/ Remarques<\/th><\/tr><\/thead><tbody data-start=\"2454\" data-end=\"2982\"><tr data-start=\"2454\" data-end=\"2697\"><td data-start=\"2454\" data-end=\"2469\" data-col-size=\"md\">Visite libre<\/td><td data-start=\"2469\" data-end=\"2481\" data-col-size=\"sm\">~ <strong data-start=\"2473\" data-end=\"2480\">8\u202f\u20ac<\/strong><\/td><td data-start=\"2481\" data-end=\"2493\" data-col-size=\"sm\">~ <strong data-start=\"2485\" data-end=\"2492\">6\u202f\u20ac<\/strong><\/td><td data-start=\"2493\" data-end=\"2697\" data-col-size=\"xl\">Gratuit pour les moins de 12 ans, personnes en situation de handicap, d\u00e9tenteurs de certaines cartes (guide\u2011conf\u00e9rencier, Carte Ambassadeur \u00ab Clef des Ch\u00e2teaux \u00bb)\u00a0<\/td><\/tr><tr data-start=\"2698\" data-end=\"2839\"><td data-start=\"2698\" data-end=\"2742\" data-col-size=\"md\">Visite guid\u00e9e (hors programme th\u00e9matique)<\/td><td data-start=\"2742\" data-end=\"2755\" data-col-size=\"sm\">~ <strong data-start=\"2746\" data-end=\"2754\">11\u202f\u20ac<\/strong><\/td><td data-start=\"2755\" data-end=\"2767\" data-col-size=\"sm\">~ <strong data-start=\"2759\" data-end=\"2766\">8\u202f\u20ac<\/strong><\/td><td data-col-size=\"xl\" data-start=\"2767\" data-end=\"2839\">M\u00eame conditions de r\u00e9duction\u00a0<\/td><\/tr><tr data-start=\"2840\" data-end=\"2982\"><td data-start=\"2840\" data-end=\"2876\" data-col-size=\"md\">Visite des ext\u00e9rieurs \/ terrasses<\/td><td data-col-size=\"sm\" data-start=\"2876\" data-end=\"2888\">~ <strong data-start=\"2880\" data-end=\"2887\">2\u202f\u20ac<\/strong><\/td><td data-col-size=\"sm\" data-start=\"2888\" data-end=\"2892\">\u2014<\/td><td data-col-size=\"xl\" data-start=\"2892\" data-end=\"2982\">Pour acc\u00e8s aux terrasses, panoramas ext\u00e9rieurs\u00a0<\/td><\/tr><\/tbody><\/table><\/div><\/div><hr data-start=\"2984\" data-end=\"2987\" \/><p data-start=\"2989\" data-end=\"3039\">* <strong data-start=\"2992\" data-end=\"3008\">Tarif r\u00e9duit<\/strong> s\u2019applique typiquement aux :<\/p><ul data-start=\"3040\" data-end=\"3220\"><li data-start=\"3040\" data-end=\"3062\"><p data-start=\"3042\" data-end=\"3062\">jeunes (12\u201117 ans)<\/p><\/li><li data-start=\"3063\" data-end=\"3095\"><p data-start=\"3065\" data-end=\"3095\">\u00e9tudiants de moins de 25 ans<\/p><\/li><li data-start=\"3096\" data-end=\"3119\"><p data-start=\"3098\" data-end=\"3119\">demandeurs d\u2019emploi<\/p><\/li><li data-start=\"3120\" data-end=\"3220\"><p data-start=\"3122\" data-end=\"3220\">b\u00e9n\u00e9ficiaires du RSA ou autre allocation AAH selon les cas\u00a0<\/p><\/li><\/ul><p data-start=\"1227\" data-end=\"1563\">Le ch\u00e2teau accueille aussi <strong data-start=\"1254\" data-end=\"1299\">des expositions temporaires, des concerts<\/strong>, et m\u00eame des spectacles nocturnes pendant l\u2019\u00e9t\u00e9. L\u2019atmosph\u00e8re y est \u00e0 la fois majestueuse et intime. Les visites guid\u00e9es permettent de mieux comprendre l\u2019histoire du lieu, notamment les passages de <strong data-start=\"1498\" data-end=\"1519\">Madame de S\u00e9vign\u00e9<\/strong> et la renaissance du ch\u00e2teau au XX\u1d49 si\u00e8cle.<\/p><h2 data-start=\"1227\" data-end=\"1563\">Autre patrimoine de Grignan<\/h2><h3 data-start=\"1565\" data-end=\"1647\">La coll\u00e9giale Saint-Sauveur : majest\u00e9 gothique et tombeau de Madame de S\u00e9vign\u00e9<\/h3><p data-start=\"1649\" data-end=\"1954\">Juste en contrebas du ch\u00e2teau, la <strong data-start=\"1683\" data-end=\"1711\">coll\u00e9giale Saint-Sauveur<\/strong> est un chef-d\u2019\u0153uvre de style gothique m\u00e9ridional. Construite au d\u00e9but du XVI\u1d49 si\u00e8cle, elle se distingue par sa fa\u00e7ade sobre mais puissante, son clocher carr\u00e9 et son int\u00e9rieur \u00e0 <strong data-start=\"1889\" data-end=\"1903\">nef unique<\/strong> vo\u00fbt\u00e9e, aux dimensions \u00e9tonnantes pour un village.<\/p><p data-start=\"1956\" data-end=\"2170\">Son int\u00e9r\u00eat principal r\u00e9side dans la <strong data-start=\"1993\" data-end=\"2037\">pr\u00e9sence du tombeau de Madame de S\u00e9vign\u00e9<\/strong>, discret mais \u00e9mouvant. L\u2019\u00e9glise est encore aujourd\u2019hui un lieu de vie communautaire et culturelle : concerts, offices, expositions.<\/p><p data-start=\"1956\" data-end=\"2170\"><a href=\"https:\/\/cparici.com\/wp-content\/uploads\/2025\/09\/cparici-2025-09-11T185943.535.jpg\"><img decoding=\"async\" class=\"aligncenter wp-image-70472 size-full\" src=\"https:\/\/cparici.com\/wp-content\/uploads\/2025\/09\/cparici-2025-09-11T185943.535.jpg\" alt=\"Rues anciennes de Grignan\" width=\"1500\" height=\"530\" srcset=\"https:\/\/cparici.com\/wp-content\/uploads\/2025\/09\/cparici-2025-09-11T185943.535.jpg 1500w, https:\/\/cparici.com\/wp-content\/uploads\/2025\/09\/cparici-2025-09-11T185943.535-300x106.jpg 300w, https:\/\/cparici.com\/wp-content\/uploads\/2025\/09\/cparici-2025-09-11T185943.535-1024x362.jpg 1024w, https:\/\/cparici.com\/wp-content\/uploads\/2025\/09\/cparici-2025-09-11T185943.535-768x271.jpg 768w, https:\/\/cparici.com\/wp-content\/uploads\/2025\/09\/cparici-2025-09-11T185943.535-18x6.jpg 18w, https:\/\/cparici.com\/wp-content\/uploads\/2025\/09\/cparici-2025-09-11T185943.535-590x208.jpg 590w, https:\/\/cparici.com\/wp-content\/uploads\/2025\/09\/cparici-2025-09-11T185943.535-1200x424.jpg 1200w, https:\/\/cparici.com\/wp-content\/uploads\/2025\/09\/cparici-2025-09-11T185943.535-577x204.jpg 577w, https:\/\/cparici.com\/wp-content\/uploads\/2025\/09\/cparici-2025-09-11T185943.535-600x212.jpg 600w\" sizes=\"(max-width: 1500px) 100vw, 1500px\" \/><\/a><\/p><h3 data-start=\"2172\" data-end=\"2219\">Les ruelles anciennes et les maisons nobles<\/h3><p data-start=\"2221\" data-end=\"2379\">En vous promenant dans le <strong data-start=\"2247\" data-end=\"2275\">vieux village de Grignan<\/strong>, vous serez frapp\u00e9 par l\u2019harmonie et la qualit\u00e9 architecturale des <strong data-start=\"2343\" data-end=\"2364\">b\u00e2timents anciens<\/strong>. On y trouve :<\/p><ul data-start=\"2381\" data-end=\"2810\"><li data-start=\"2381\" data-end=\"2522\"><p data-start=\"2383\" data-end=\"2522\">Des <strong data-start=\"2387\" data-end=\"2405\">maisons nobles<\/strong> du XVII\u1d49 si\u00e8cle, souvent dot\u00e9es de <strong data-start=\"2441\" data-end=\"2462\">portails sculpt\u00e9s<\/strong>, de <strong data-start=\"2467\" data-end=\"2491\">balcons en fer forg\u00e9<\/strong>, et de <strong data-start=\"2499\" data-end=\"2521\">fen\u00eatres \u00e0 meneaux<\/strong>.<\/p><\/li><li data-start=\"2523\" data-end=\"2661\"><p data-start=\"2525\" data-end=\"2661\">Des <strong data-start=\"2529\" data-end=\"2540\">calades<\/strong> : ces rues pav\u00e9es de galets, typiques de la r\u00e9gion, serpentent \u00e0 travers le village et m\u00e8nent \u00e0 des placettes ombrag\u00e9es.<\/p><\/li><li data-start=\"2662\" data-end=\"2810\"><p data-start=\"2664\" data-end=\"2810\">Des <strong data-start=\"2668\" data-end=\"2687\">lavoirs anciens<\/strong>, des fontaines et des <strong data-start=\"2710\" data-end=\"2730\">jardins discrets<\/strong>, souvent \u00e0 l\u2019abri des regards, qui participent \u00e0 l\u2019atmosph\u00e8re paisible du lieu.<\/p><\/li><\/ul><p data-start=\"2812\" data-end=\"3062\">Le <strong data-start=\"2815\" data-end=\"2829\">four banal<\/strong>, vestige de l\u2019organisation f\u00e9odale, est visible dans le quartier m\u00e9di\u00e9val. La <strong data-start=\"2908\" data-end=\"2928\">Maison du Bailli<\/strong> et la <strong data-start=\"2935\" data-end=\"2962\">Maison du Notaire royal<\/strong> t\u00e9moignent quant \u00e0 elles de l\u2019importance administrative et juridique de Grignan \u00e0 l\u2019\u00e9poque moderne.<\/p><h3 data-start=\"3064\" data-end=\"3118\">La grotte de Rochecourbi\u00e8re : nature et romantisme<\/h3><p data-start=\"3120\" data-end=\"3461\">Juste \u00e0 la sortie du village, la <strong data-start=\"3153\" data-end=\"3181\">grotte de Rochecourbi\u00e8re<\/strong> est un site naturel et litt\u00e9raire \u00e0 ne pas manquer. <strong data-start=\"3234\" data-end=\"3255\">Madame de S\u00e9vign\u00e9<\/strong> y aimait s\u2019y retirer pour \u00e9crire ou m\u00e9diter. Nich\u00e9e au c\u0153ur d\u2019un petit vallon, cette cavit\u00e9 naturelle est entour\u00e9e de v\u00e9g\u00e9tation m\u00e9diterran\u00e9enne et offre un espace frais en \u00e9t\u00e9, propice \u00e0 la contemplation.<\/p><h2 data-start=\"43\" data-end=\"84\">Terroir, gastronomie &amp; vins de Grignan<\/h2><p data-start=\"86\" data-end=\"491\">Le charme de <strong data-start=\"99\" data-end=\"110\">Grignan<\/strong> ne r\u00e9side pas uniquement dans son patrimoine architectural. Il s\u2019exprime aussi dans son <strong data-start=\"199\" data-end=\"215\">art de vivre<\/strong>, profond\u00e9ment ancr\u00e9 dans la <strong data-start=\"244\" data-end=\"274\">terre, les produits locaux<\/strong>, et une <strong data-start=\"283\" data-end=\"315\">culture culinaire proven\u00e7ale<\/strong> o\u00f9 l\u2019on prend le temps de savourer chaque instant. Entre <strong data-start=\"373\" data-end=\"396\">vignobles vallonn\u00e9s<\/strong>, march\u00e9s color\u00e9s et sp\u00e9cialit\u00e9s authentiques, le terroir de Grignan est une exp\u00e9rience en soi.<\/p><h3 data-start=\"493\" data-end=\"552\">Le vignoble de Grignan-les-Adh\u00e9mar : un paysage \u00e0 boire<\/h3><p data-start=\"554\" data-end=\"830\">Grignan est le c\u0153ur de l&#8217;<strong data-start=\"579\" data-end=\"614\">appellation Grignan-les-Adh\u00e9mar<\/strong>, un vignoble autrefois connu sous le nom de &#8220;Coteaux du Tricastin&#8221;. Ce <strong data-start=\"686\" data-end=\"706\">terroir viticole<\/strong>, le plus m\u00e9ridional de la Vall\u00e9e du Rh\u00f4ne, produit des vins rouges, ros\u00e9s et blancs aux <strong data-start=\"795\" data-end=\"829\">ar\u00f4mes g\u00e9n\u00e9reux et ensoleill\u00e9s<\/strong>.<\/p><ul data-start=\"832\" data-end=\"1188\"><li data-start=\"832\" data-end=\"979\"><p data-start=\"834\" data-end=\"979\"><strong data-start=\"834\" data-end=\"844\">Rouges<\/strong> : issus principalement de <strong data-start=\"871\" data-end=\"883\">grenache<\/strong> et de <strong data-start=\"890\" data-end=\"899\">syrah<\/strong>, ils offrent des notes de fruits noirs, d\u2019\u00e9pices douces et parfois de garrigue.<\/p><\/li><li data-start=\"980\" data-end=\"1042\"><p data-start=\"982\" data-end=\"1042\"><strong data-start=\"982\" data-end=\"991\">Ros\u00e9s<\/strong> : frais, fruit\u00e9s, parfaits \u00e0 l\u2019ap\u00e9ritif ou en \u00e9t\u00e9.<\/p><\/li><li data-start=\"1043\" data-end=\"1188\"><p data-start=\"1045\" data-end=\"1188\"><strong data-start=\"1045\" data-end=\"1055\">Blancs<\/strong> : moins r\u00e9pandus, mais tr\u00e8s qualitatifs, \u00e0 base de <strong data-start=\"1107\" data-end=\"1119\">viognier<\/strong>, <strong data-start=\"1121\" data-end=\"1133\">marsanne<\/strong> ou <strong data-start=\"1137\" data-end=\"1150\">roussanne<\/strong>, avec des notes florales et fruit\u00e9es.<\/p><\/li><\/ul><p data-start=\"1190\" data-end=\"1494\">Les domaines autour de Grignan \u2014 comme le <strong data-start=\"1232\" data-end=\"1254\">Domaine de Montine<\/strong> ou le <strong data-start=\"1261\" data-end=\"1278\">Domaine Rozel<\/strong> \u2014 proposent des <strong data-start=\"1295\" data-end=\"1318\">visites \u0153nologiques<\/strong>, des d\u00e9gustations, voire des <strong data-start=\"1348\" data-end=\"1380\">ateliers d\u2019accords mets-vins<\/strong>. Certains organisent aussi des balades dans les vignes, au lever ou coucher du soleil, pour une immersion totale.<\/p><h3 data-start=\"1496\" data-end=\"1576\">Produits du terroir : une gastronomie entre truffe, lavande et huile d\u2019olive<\/h3><p data-start=\"1578\" data-end=\"1697\">La cuisine locale s\u2019appuie sur des <strong data-start=\"1613\" data-end=\"1652\">produits simples, puissants en go\u00fbt<\/strong>, et toujours <strong data-start=\"1666\" data-end=\"1695\">ancr\u00e9s dans le territoire<\/strong> :<\/p><ul data-start=\"1699\" data-end=\"2308\"><li data-start=\"1699\" data-end=\"2012\"><p data-start=\"1701\" data-end=\"2012\"><strong data-start=\"1701\" data-end=\"1720\">La truffe noire<\/strong> (Tuber melanosporum) est l\u2019or noir de la r\u00e9gion. En hiver, Grignan accueille l\u2019un des <strong data-start=\"1807\" data-end=\"1852\">plus grands march\u00e9s aux truffes de France<\/strong>, o\u00f9 restaurateurs et connaisseurs viennent s\u2019approvisionner. Des visites de <strong data-start=\"1929\" data-end=\"1943\">truffi\u00e8res<\/strong> sont possibles, avec d\u00e9monstration de cavage (recherche de truffes).<\/p><\/li><li data-start=\"2013\" data-end=\"2146\"><p data-start=\"2015\" data-end=\"2146\"><strong data-start=\"2015\" data-end=\"2034\">L\u2019huile d\u2019olive<\/strong> : issue des vergers du Tricastin, elle accompagne \u00e0 merveille les salades, les l\u00e9gumes grill\u00e9s ou les poissons.<\/p><\/li><li data-start=\"2147\" data-end=\"2308\"><p data-start=\"2149\" data-end=\"2308\"><strong data-start=\"2149\" data-end=\"2171\">Le miel de lavande<\/strong>, les <strong data-start=\"2177\" data-end=\"2199\">fromages de ch\u00e8vre<\/strong>, les <strong data-start=\"2205\" data-end=\"2220\">fruits secs<\/strong> (abricots, figues) et les <strong data-start=\"2247\" data-end=\"2269\">herbes de Provence<\/strong> agr\u00e9mentent toutes les tables locales.<\/p><\/li><\/ul><p data-start=\"2310\" data-end=\"2518\">Chaque produit raconte une <strong data-start=\"2337\" data-end=\"2360\">histoire de terroir<\/strong>, de savoir-faire et de respect de la nature. Les march\u00e9s hebdomadaires \u2014 notamment ceux du mardi ou du samedi \u2014 sont le reflet de cette <strong data-start=\"2497\" data-end=\"2517\">abondance locale<\/strong>.<\/p><h3 data-start=\"2520\" data-end=\"2556\">O\u00f9 manger et o\u00f9 dormir \u00e0 Grignan<\/h3><p data-start=\"2558\" data-end=\"2717\">La gastronomie ne se d\u00e9couvre pas qu\u2019au march\u00e9. <strong data-start=\"2606\" data-end=\"2617\">Grignan<\/strong> abrite plusieurs <strong data-start=\"2635\" data-end=\"2661\">restaurants de qualit\u00e9<\/strong>, de la table gastronomique \u00e0 la cuisine bistronomique :<\/p><ul data-start=\"2719\" data-end=\"3046\"><li data-start=\"2719\" data-end=\"2890\"><p data-start=\"2721\" data-end=\"2890\"><strong data-start=\"2721\" data-end=\"2745\">Le Clair de la Plume<\/strong> : h\u00f4tel-restaurant \u00e9toil\u00e9 Michelin, install\u00e9 dans une maison ancienne. Il propose une cuisine fine, locale, avec une carte des vins remarquable.<\/p><\/li><li data-start=\"2891\" data-end=\"3046\"><p data-start=\"2893\" data-end=\"3046\"><strong data-start=\"2893\" data-end=\"2914\">L\u2019instant S\u00e9vign\u00e9<\/strong> ou <strong data-start=\"2918\" data-end=\"2940\">La Table du Moulin<\/strong> : adresses pris\u00e9es pour leur authenticit\u00e9, leur ambiance conviviale, et la valorisation du terroir local.<\/p><\/li><\/ul><p data-start=\"3048\" data-end=\"3111\">C\u00f4t\u00e9 h\u00e9bergements, Grignan ne manque pas d\u2019options charmantes :<\/p><ul data-start=\"3113\" data-end=\"3335\"><li data-start=\"3113\" data-end=\"3173\"><p data-start=\"3115\" data-end=\"3173\"><strong data-start=\"3115\" data-end=\"3158\">Maisons d\u2019h\u00f4tes avec vue sur le ch\u00e2teau<\/strong> ou les vignes.<\/p><\/li><li data-start=\"3174\" data-end=\"3243\"><p data-start=\"3176\" data-end=\"3243\"><strong data-start=\"3176\" data-end=\"3195\">G\u00eetes de charme<\/strong>, souvent restaur\u00e9s dans des b\u00e2tisses anciennes.<\/p><\/li><li data-start=\"3244\" data-end=\"3335\"><p data-start=\"3246\" data-end=\"3335\"><strong data-start=\"3246\" data-end=\"3269\">H\u00f4tels de caract\u00e8re<\/strong>, parfois \u00e9quip\u00e9s de piscines et de jardins parfum\u00e9s \u00e0 la lavande.<\/p><\/li><\/ul><p data-start=\"3337\" data-end=\"3462\">Ces lieux offrent bien plus qu\u2019un simple lit : ils prolongent l\u2019exp\u00e9rience <strong data-start=\"3412\" data-end=\"3450\">sensorielle, humaine et culturelle<\/strong> de Grignan.<\/p><h2 data-start=\"43\" data-end=\"106\">Autour de Grignan : excursions &amp; randonn\u00e9es \u00e0 ne pas manquer<\/h2><p data-start=\"108\" data-end=\"565\">Si <strong data-start=\"111\" data-end=\"122\">Grignan<\/strong> m\u00e9rite largement une journ\u00e9e compl\u00e8te de visite, ses <strong data-start=\"176\" data-end=\"189\">alentours<\/strong> sont tout aussi captivants. La <strong data-start=\"221\" data-end=\"241\">Dr\u00f4me proven\u00e7ale<\/strong> offre un \u00e9ventail de paysages, de villages perch\u00e9s, de <strong data-start=\"297\" data-end=\"325\">sites naturels pr\u00e9serv\u00e9s<\/strong> et de <strong data-start=\"332\" data-end=\"352\">sentiers balis\u00e9s<\/strong> qui compl\u00e8tent \u00e0 merveille l\u2019exp\u00e9rience culturelle et sensorielle du village. Que vous soyez amateur de balades tranquilles ou randonneur aguerri, la r\u00e9gion autour de Grignan regorge de <strong data-start=\"539\" data-end=\"564\">circuits pittoresques<\/strong>.<\/p><h3 data-start=\"567\" data-end=\"614\">Villages typiques \u00e0 d\u00e9couvrir aux alentours<\/h3><p data-start=\"616\" data-end=\"747\">\u00c0 moins de 20 minutes de <strong data-start=\"641\" data-end=\"652\">Grignan<\/strong>, plusieurs <strong data-start=\"664\" data-end=\"689\">villages de caract\u00e8re<\/strong> vous invitent \u00e0 explorer un autre visage de la Provence :<\/p><ul data-start=\"749\" data-end=\"1258\"><li data-start=\"749\" data-end=\"965\"><p data-start=\"751\" data-end=\"965\"><strong data-start=\"751\" data-end=\"771\">La Garde-Adh\u00e9mar<\/strong> : class\u00e9 parmi les &#8220;Plus Beaux Villages de France&#8221;, ce bourg perch\u00e9 offre une vue splendide sur la vall\u00e9e du Rh\u00f4ne. Son jardin des herbes m\u00e9dicinales et son \u00e9glise romane sont \u00e0 ne pas manquer.<\/p><\/li><li data-start=\"966\" data-end=\"1120\"><p data-start=\"968\" data-end=\"1120\"><strong data-start=\"968\" data-end=\"986\">Suze-la-Rousse<\/strong> : c\u00e9l\u00e8bre pour son <strong data-start=\"1006\" data-end=\"1026\">ch\u00e2teau m\u00e9di\u00e9val<\/strong>, qui abrite aujourd\u2019hui l\u2019Universit\u00e9 du Vin. L\u2019occasion de combiner histoire et d\u00e9gustation !<\/p><\/li><li data-start=\"1121\" data-end=\"1258\"><p data-start=\"1123\" data-end=\"1258\"><strong data-start=\"1123\" data-end=\"1136\">Taulignan<\/strong> : charmant village m\u00e9di\u00e9val encore ceintur\u00e9 de ses remparts, connu pour son mus\u00e9e de la soie et ses ruelles authentiques.<\/p><\/li><\/ul><p data-start=\"1260\" data-end=\"1451\">Chaque village a son <strong data-start=\"1281\" data-end=\"1291\">march\u00e9<\/strong>, ses petites boutiques d\u2019artisanat, ses caf\u00e9s ombrag\u00e9s\u2026 et son atmosph\u00e8re propre. Pr\u00e9voyez de <strong data-start=\"1386\" data-end=\"1409\">prendre votre temps<\/strong>, car ces lieux invitent \u00e0 la <strong data-start=\"1439\" data-end=\"1450\">d\u00e9tente<\/strong>.<\/p><h3 data-start=\"1453\" data-end=\"1513\">Randonn\u00e9es autour de Grignan : nature, vignes et lavande<\/h3><p data-start=\"1515\" data-end=\"1687\">Plusieurs sentiers partent directement du centre de <strong data-start=\"1567\" data-end=\"1578\">Grignan<\/strong>, permettant de d\u00e9couvrir la campagne environnante sans avoir besoin de voiture. Voici quelques suggestions :<\/p><ul data-start=\"1689\" data-end=\"2246\"><li data-start=\"1689\" data-end=\"1898\"><p data-start=\"1691\" data-end=\"1898\"><strong data-start=\"1691\" data-end=\"1718\">Le sentier des Lavandes<\/strong> (boucle de 5 \u00e0 7 km) : id\u00e9al entre mi-juin et mi-juillet, ce circuit vous plonge dans les <strong data-start=\"1809\" data-end=\"1830\">champs de lavande<\/strong> en fleurs. Les odeurs sont enivrantes, les couleurs spectaculaires.<\/p><\/li><li data-start=\"1899\" data-end=\"2096\"><p data-start=\"1901\" data-end=\"2096\"><strong data-start=\"1901\" data-end=\"1947\">Balade jusqu\u2019\u00e0 la grotte de Rochecourbi\u00e8re<\/strong> : courte marche depuis le village, parfaite pour une sortie familiale ou romantique. La grotte, ombrag\u00e9e, est un lieu de <strong data-start=\"2069\" data-end=\"2095\">fra\u00eecheur et de po\u00e9sie<\/strong>.<\/p><\/li><li data-start=\"2097\" data-end=\"2246\"><p data-start=\"2099\" data-end=\"2246\"><strong data-start=\"2099\" data-end=\"2124\">Circuit du Patrimoine<\/strong> : boucle p\u00e9destre qui traverse le vieux village, ses monuments, puis les abords champ\u00eatres. Balis\u00e9e et accessible \u00e0 tous.<\/p><\/li><\/ul><p data-start=\"2248\" data-end=\"2468\">Des <strong data-start=\"2252\" data-end=\"2275\">fiches de randonn\u00e9e<\/strong> sont disponibles \u00e0 l\u2019<strong data-start=\"2297\" data-end=\"2330\">office de tourisme de Grignan<\/strong>, avec niveaux de difficult\u00e9, distances et dur\u00e9es estim\u00e9es. Certaines int\u00e8grent m\u00eame des points de <strong data-start=\"2429\" data-end=\"2444\">d\u00e9gustation<\/strong> (vins, huiles, miels\u2026).<\/p><h2 data-start=\"43\" data-end=\"98\">Histoire de Grignan : un village au c\u0153ur des si\u00e8cles<\/h2><p data-start=\"100\" data-end=\"410\">L\u2019histoire de <strong data-start=\"114\" data-end=\"125\">Grignan<\/strong> est profond\u00e9ment marqu\u00e9e par son <strong data-start=\"159\" data-end=\"170\">ch\u00e2teau<\/strong> qui domine fi\u00e8rement le paysage depuis pr\u00e8s de mille ans. Ce monument embl\u00e9matique n\u2019est pas seulement une merveille d\u2019architecture Renaissance, c\u2019est aussi le <strong data-start=\"331\" data-end=\"396\">t\u00e9moin vivant de l\u2019\u00e9volution politique, sociale et culturelle<\/strong> de la r\u00e9gion.<\/p><h3 data-start=\"412\" data-end=\"452\">Des origines m\u00e9di\u00e9vales strat\u00e9giques<\/h3><p data-start=\"454\" data-end=\"917\">Le nom <strong data-start=\"461\" data-end=\"472\">Grignan<\/strong> appara\u00eet pour la premi\u00e8re fois dans les textes au d\u00e9but du XII\u1d49 si\u00e8cle. Le village se d\u00e9veloppe autour d\u2019un <strong data-start=\"581\" data-end=\"592\">castrum<\/strong> (fort militaire) construit sur un <strong data-start=\"627\" data-end=\"644\">piton rocheux<\/strong> pour surveiller la vall\u00e9e et contr\u00f4ler les axes de passage. Ce premier ch\u00e2teau, aux fonctions essentiellement d\u00e9fensives, est progressivement renforc\u00e9 par la puissante <strong data-start=\"813\" data-end=\"843\">famille Adh\u00e9mar de Monteil<\/strong>, originaire du Vivarais, qui s\u2019impose dans la r\u00e9gion d\u00e8s le XIII\u1d49 si\u00e8cle.<\/p><p data-start=\"919\" data-end=\"1281\">Sous leur autorit\u00e9, <strong data-start=\"939\" data-end=\"950\">Grignan<\/strong> devient un centre seigneurial de premi\u00e8re importance dans la <strong data-start=\"1012\" data-end=\"1032\">Dr\u00f4me proven\u00e7ale<\/strong>. Le ch\u00e2teau est fortifi\u00e9, agrandi, puis transform\u00e9 selon les go\u00fbts et les usages de chaque \u00e9poque. \u00c0 la fin du Moyen \u00c2ge, les d\u00e9fenses sont modernis\u00e9es, tandis que les seigneurs cherchent \u00e0 affirmer leur prestige par une architecture plus raffin\u00e9e.<\/p><h3 data-start=\"1283\" data-end=\"1317\">Le renouveau de la Renaissance<\/h3><p data-start=\"1319\" data-end=\"1734\">Le tournant majeur survient au XVI\u1d49 si\u00e8cle : <strong data-start=\"1364\" data-end=\"1392\">Louis Adh\u00e9mar de Monteil<\/strong>, Comte de Grignan, d\u00e9cide de <strong data-start=\"1422\" data-end=\"1475\">reconstruire le ch\u00e2teau dans un style Renaissance<\/strong>, \u00e0 la mode italienne. Le monument devient alors une v\u00e9ritable <strong data-start=\"1538\" data-end=\"1561\">r\u00e9sidence princi\u00e8re<\/strong>, dot\u00e9e de terrasses, de galeries et de salons d\u00e9cor\u00e9s. Les architectes y introduisent des innovations spectaculaires pour l\u2019\u00e9poque, en harmonie avec l\u2019humanisme renaissant.<\/p><p data-start=\"1736\" data-end=\"1879\">C\u2019est dans ce cadre raffin\u00e9 que le ch\u00e2teau atteindra son <strong data-start=\"1793\" data-end=\"1821\">\u00e2ge d\u2019or au XVII\u1d49 si\u00e8cle<\/strong>, gr\u00e2ce \u00e0 une figure embl\u00e9matique : <strong data-start=\"1857\" data-end=\"1878\">Madame de S\u00e9vign\u00e9<\/strong>.<\/p><h3 data-start=\"1881\" data-end=\"1932\">Madame de S\u00e9vign\u00e9 : l\u2019\u00e2me litt\u00e9raire de Grignan<\/h3><p data-start=\"1934\" data-end=\"2276\">N\u00e9e \u00e0 Paris en 1626, <strong data-start=\"1955\" data-end=\"1983\">Marie de Rabutin-Chantal<\/strong>, plus connue sous le nom de <a href=\"https:\/\/cparici.com\/madame-de-sevigne-2\/\"><strong data-start=\"2012\" data-end=\"2033\">Madame de S\u00e9vign\u00e9<\/strong><\/a>, entre dans la l\u00e9gende de <strong data-start=\"2060\" data-end=\"2071\">Grignan<\/strong> par l\u2019amour qu\u2019elle portait \u00e0 sa fille, Fran\u00e7oise-Marguerite, mari\u00e9e au Comte de Grignan. D\u00e8s lors, la marquise multiplie les s\u00e9jours en Provence, et surtout, elle lui \u00e9crit des lettres devenues c\u00e9l\u00e8bres.<\/p><p data-start=\"2278\" data-end=\"2588\">Ses <strong data-start=\"2282\" data-end=\"2313\">correspondances litt\u00e9raires<\/strong> constituent aujourd\u2019hui une source inestimable pour comprendre la vie aristocratique de l\u2019\u00e9poque, les pr\u00e9occupations politiques et intimes, mais aussi la description du ch\u00e2teau et du village. <strong data-start=\"2506\" data-end=\"2588\">Grignan devient, gr\u00e2ce \u00e0 elle, un lieu de m\u00e9moire litt\u00e9raire unique en France.<\/strong><\/p><p data-start=\"2590\" data-end=\"2826\">Elle meurt \u00e0 Grignan en 1696 et est enterr\u00e9e dans la <strong data-start=\"2643\" data-end=\"2671\">coll\u00e9giale Saint\u2011Sauveur<\/strong>, \u00e0 quelques pas du ch\u00e2teau. Ce lien entre patrimoine et litt\u00e9rature est c\u00e9l\u00e9br\u00e9 aujourd\u2019hui lors du c\u00e9l\u00e8bre <strong data-start=\"2780\" data-end=\"2813\">Festival de la Correspondance<\/strong>, chaque \u00e9t\u00e9.<\/p><h3 data-start=\"2828\" data-end=\"2864\">R\u00e9volution, abandon, renaissance<\/h3><p data-start=\"2866\" data-end=\"3113\">Comme beaucoup de ch\u00e2teaux aristocratiques, celui de <strong data-start=\"2919\" data-end=\"2930\">Grignan<\/strong> subit les affres de la <strong data-start=\"2954\" data-end=\"2978\">R\u00e9volution fran\u00e7aise<\/strong>. Il est en partie d\u00e9mantel\u00e9, vendu comme bien national, pill\u00e9. Il reste longtemps en ruines, tandis que le village survit modestement.<\/p><p data-start=\"3115\" data-end=\"3505\">Ce n\u2019est qu\u2019au XX\u1d49 si\u00e8cle qu\u2019une campagne de <strong data-start=\"3160\" data-end=\"3187\">restauration ambitieuse<\/strong> est entreprise, notamment gr\u00e2ce \u00e0 Marie Fontaine, passionn\u00e9e par le lieu. Elle rach\u00e8te une grande partie du ch\u00e2teau et le fait restaurer avec fid\u00e9lit\u00e9, lan\u00e7ant une dynamique qui aboutira \u00e0 la <strong data-start=\"3380\" data-end=\"3411\">reconstruction des toitures<\/strong>, la consolidation des murs, la restitution des d\u00e9cors, et la transformation du lieu en mus\u00e9e.<\/p><p data-start=\"3507\" data-end=\"3649\">Aujourd\u2019hui, <strong data-start=\"3520\" data-end=\"3531\">Grignan<\/strong> incarne \u00e0 merveille cette <strong data-start=\"3558\" data-end=\"3586\">renaissance patrimoniale<\/strong> fran\u00e7aise, o\u00f9 le pass\u00e9 reprend vie, dans un cadre authentique.<\/p><h2 data-start=\"43\" data-end=\"88\">\u00c9v\u00e9nements culturels &amp; festivals \u00e0 Grignan<\/h2><p data-start=\"90\" data-end=\"482\">Bien plus qu\u2019un simple village de carte postale, <strong data-start=\"139\" data-end=\"150\">Grignan<\/strong> est aussi un <strong data-start=\"164\" data-end=\"196\">haut lieu de culture vivante<\/strong>. Tout au long de l\u2019ann\u00e9e \u2014 et particuli\u00e8rement en \u00e9t\u00e9 \u2014 il accueille <strong data-start=\"266\" data-end=\"293\">des \u00e9v\u00e9nements renomm\u00e9s<\/strong>, m\u00ealant patrimoine, litt\u00e9rature, th\u00e9\u00e2tre et gastronomie. Ces festivals contribuent \u00e0 faire de Grignan un <strong data-start=\"399\" data-end=\"438\">village culturel majeur en Provence<\/strong>, au-del\u00e0 de son ch\u00e2teau et de ses paysages.<\/p><h3 data-start=\"484\" data-end=\"544\">Festival de la Correspondance : l\u2019\u00e9v\u00e9nement embl\u00e9matique<\/h3><p data-start=\"546\" data-end=\"867\">Depuis 1996, <strong data-start=\"559\" data-end=\"595\">le Festival de la Correspondance<\/strong> transforme chaque \u00e9t\u00e9 les rues, jardins et salles de Grignan en une grande sc\u00e8ne litt\u00e9raire. Cr\u00e9\u00e9 en hommage \u00e0 <strong data-start=\"707\" data-end=\"728\">Madame de S\u00e9vign\u00e9<\/strong>, grande \u00e9pistoli\u00e8re et figure embl\u00e9matique du village, cet \u00e9v\u00e9nement est aujourd\u2019hui <strong data-start=\"814\" data-end=\"866\">incontournable dans le paysage culturel fran\u00e7ais<\/strong>.<\/p><ul data-start=\"869\" data-end=\"1200\"><li data-start=\"869\" data-end=\"927\"><p data-start=\"871\" data-end=\"927\"><strong data-start=\"874\" data-end=\"885\">P\u00e9riode<\/strong> : d\u00e9but juillet, pendant 5 jours environ.<\/p><\/li><li data-start=\"928\" data-end=\"1069\"><p data-start=\"930\" data-end=\"1069\"><strong data-start=\"933\" data-end=\"949\">Au programme<\/strong> : lectures publiques par des com\u00e9diens c\u00e9l\u00e8bres, conf\u00e9rences, expositions, ateliers d\u2019\u00e9criture, spectacles et concerts.<\/p><\/li><li data-start=\"1070\" data-end=\"1200\"><p data-start=\"1072\" data-end=\"1200\"><strong data-start=\"1075\" data-end=\"1092\">Th\u00e8mes vari\u00e9s<\/strong> : chaque \u00e9dition explore un th\u00e8me autour de la lettre, de la transmission, de la parole intime ou publique.<\/p><\/li><\/ul><p data-start=\"1202\" data-end=\"1418\">Le festival attire chaque ann\u00e9e des milliers de visiteurs, passionn\u00e9s de litt\u00e9rature ou simples curieux. Le cadre unique du ch\u00e2teau et de la coll\u00e9giale donne \u00e0 l\u2019\u00e9v\u00e9nement une <strong data-start=\"1378\" data-end=\"1417\">ambiance intemporelle et inspirante<\/strong>.<\/p><h3 data-start=\"1420\" data-end=\"1454\">Les F\u00eates Nocturnes au ch\u00e2teau<\/h3><p data-start=\"1456\" data-end=\"1662\">Autre grand rendez-vous estival : <strong data-start=\"1490\" data-end=\"1513\">les F\u00eates Nocturnes<\/strong>, organis\u00e9es dans la cour d\u2019honneur du ch\u00e2teau. Il s\u2019agit de <strong data-start=\"1574\" data-end=\"1617\">repr\u00e9sentations th\u00e9\u00e2trales en plein air<\/strong>, port\u00e9es par des metteurs en sc\u00e8ne reconnus.<\/p><ul data-start=\"1664\" data-end=\"1982\"><li data-start=\"1664\" data-end=\"1802\"><p data-start=\"1666\" data-end=\"1802\"><strong data-start=\"1669\" data-end=\"1691\">Cadre exceptionnel<\/strong> : les murs Renaissance du ch\u00e2teau servent de d\u00e9cor naturel, renfor\u00e7ant l\u2019exp\u00e9rience sensorielle du spectateur.<\/p><\/li><li data-start=\"1803\" data-end=\"1947\"><p data-start=\"1805\" data-end=\"1947\"><strong data-start=\"1809\" data-end=\"1829\">Ambiance magique<\/strong> : le th\u00e9\u00e2tre sous les \u00e9toiles, l\u2019acoustique naturelle du site, les lumi\u00e8res douces rendent chaque soir\u00e9e inoubliable.<\/p><\/li><li data-start=\"1948\" data-end=\"1982\"><p data-start=\"1950\" data-end=\"1982\"><strong data-start=\"1953\" data-end=\"1964\">P\u00e9riode<\/strong> : juillet \u2013 ao\u00fbt.<\/p><\/li><\/ul><p data-start=\"1984\" data-end=\"2113\">Les pi\u00e8ces jou\u00e9es vont des grands classiques du th\u00e9\u00e2tre fran\u00e7ais (Moli\u00e8re, Racine\u2026) \u00e0 des \u0153uvres contemporaines adapt\u00e9es au lieu.<\/p><h3 data-start=\"2115\" data-end=\"2162\">March\u00e9s aux truffes : l\u2019hiver gastronomique<\/h3><p data-start=\"2164\" data-end=\"2409\">En hiver, <strong data-start=\"2174\" data-end=\"2185\">Grignan<\/strong> devient une <strong data-start=\"2198\" data-end=\"2229\">capitale de la truffe noire<\/strong>. Le march\u00e9 hebdomadaire du samedi matin est l\u2019un des plus r\u00e9put\u00e9s de France. Il attire chefs \u00e9toil\u00e9s, restaurateurs et particuliers venus acheter <strong data-start=\"2376\" data-end=\"2408\">le diamant noir du Tricastin<\/strong>.<\/p><ul data-start=\"2411\" data-end=\"2629\"><li data-start=\"2411\" data-end=\"2496\"><p data-start=\"2413\" data-end=\"2496\"><strong data-start=\"2416\" data-end=\"2433\">Produit phare<\/strong> : la Tuber Melanosporum, r\u00e9put\u00e9e pour sa puissance aromatique.<\/p><\/li><li data-start=\"2497\" data-end=\"2629\"><p data-start=\"2499\" data-end=\"2629\"><strong data-start=\"2502\" data-end=\"2516\">Animations<\/strong> : d\u00e9monstrations de cavage (recherche de truffes avec chien), conf\u00e9rences, march\u00e9s gourmands, accords mets-vins.<\/p><\/li><\/ul><p data-start=\"2631\" data-end=\"2770\">C\u2019est l\u2019occasion de rencontrer les producteurs, d\u2019apprendre \u00e0 reconna\u00eetre une bonne truffe, ou de d\u00e9guster des plats traditionnels truff\u00e9s.<\/p><h3 data-start=\"2772\" data-end=\"2820\">Expositions &amp; \u00e9v\u00e9nements culturels ponctuels<\/h3><ul data-start=\"2822\" data-end=\"3258\"><li data-start=\"2822\" data-end=\"2991\"><p data-start=\"2824\" data-end=\"2991\"><strong data-start=\"2824\" data-end=\"2854\">Galeries &amp; artistes locaux<\/strong> : Grignan abrite plusieurs galeries d\u2019art contemporain, dont <strong data-start=\"2916\" data-end=\"2935\">l\u2019Espace Ducros<\/strong>, qui propose des expositions temporaires toute l\u2019ann\u00e9e.<\/p><\/li><li data-start=\"2992\" data-end=\"3122\"><p data-start=\"2994\" data-end=\"3122\"><strong data-start=\"2994\" data-end=\"3020\">Journ\u00e9es du Patrimoine<\/strong> : en septembre, le ch\u00e2teau et d\u2019autres lieux habituellement ferm\u00e9s ouvrent leurs portes gratuitement.<\/p><\/li><li data-start=\"3123\" data-end=\"3258\"><p data-start=\"3125\" data-end=\"3258\"><strong data-start=\"3125\" data-end=\"3150\">Concerts &amp; spectacles<\/strong> : musique baroque dans la coll\u00e9giale, jazz dans les jardins, contes pour enfants, projections en plein air\u2026<\/p><\/li><\/ul><p data-start=\"3260\" data-end=\"3369\">Grignan cultive une <strong data-start=\"3280\" data-end=\"3305\">vie culturelle active<\/strong>, o\u00f9 l\u2019on peut \u00e0 la fois apprendre, r\u00eaver, d\u00e9battre, s\u2019\u00e9mouvoir.<\/p><h2 data-start=\"43\" data-end=\"77\">Foire aux questions sur Grignan<\/h2><h3 data-start=\"649\" data-end=\"709\">Pourquoi Madame de S\u00e9vign\u00e9 est-elle associ\u00e9e \u00e0 Grignan ?<\/h3><p data-start=\"711\" data-end=\"994\"><strong data-start=\"711\" data-end=\"732\">Madame de S\u00e9vign\u00e9<\/strong> y envoyait ses c\u00e9l\u00e8bres lettres \u00e0 sa fille, Fran\u00e7oise-Marguerite, \u00e9pouse du Comte de Grignan. Elle est morte dans le village en 1696, et son tombeau se trouve dans la coll\u00e9giale Saint-Sauveur. Elle a largement contribu\u00e9 \u00e0 la notori\u00e9t\u00e9 litt\u00e9raire de <strong data-start=\"982\" data-end=\"993\">Grignan<\/strong>.<\/p><h3 data-start=\"1001\" data-end=\"1055\">Quel est le meilleur moment pour visiter Grignan ?<\/h3><p data-start=\"1057\" data-end=\"1331\">Le <strong data-start=\"1060\" data-end=\"1086\">printemps (mai \u2013 juin)<\/strong> et <strong data-start=\"1090\" data-end=\"1128\">d\u00e9but de l\u2019\u00e9t\u00e9 (juin \u2013 mi-juillet)<\/strong> sont id\u00e9aux pour profiter des <strong data-start=\"1159\" data-end=\"1180\">champs de lavande<\/strong> en fleurs, du beau temps et de la lumi\u00e8re douce. L\u2019automne est parfait pour les balades et la gastronomie. En hiver, c\u2019est la <strong data-start=\"1307\" data-end=\"1330\">saison de la truffe<\/strong>.<\/p><h3 data-start=\"1338\" data-end=\"1387\">Peut-on visiter Grignan en une demi-journ\u00e9e ?<\/h3><p data-start=\"1389\" data-end=\"1633\">Oui, une <strong data-start=\"1398\" data-end=\"1414\">demi-journ\u00e9e<\/strong> suffit pour visiter le ch\u00e2teau, fl\u00e2ner dans les ruelles et boire un verre en terrasse. Toutefois, pour inclure une <strong data-start=\"1530\" data-end=\"1553\">d\u00e9gustation de vins<\/strong>, une randonn\u00e9e ou visiter un village voisin, pr\u00e9voyez <strong data-start=\"1608\" data-end=\"1632\">une journ\u00e9e compl\u00e8te<\/strong>.<\/p><h3 data-start=\"1640\" data-end=\"1704\">Faut-il r\u00e9server les visites au ch\u00e2teau ou aux restaurants ?<\/h3><p data-start=\"1706\" data-end=\"1806\">En <strong data-start=\"1709\" data-end=\"1740\">haute saison (juillet\/ao\u00fbt)<\/strong> ou pendant les <strong data-start=\"1756\" data-end=\"1769\">festivals<\/strong>, il est recommand\u00e9 de <strong data-start=\"1792\" data-end=\"1804\">r\u00e9server<\/strong> :<\/p><ul data-start=\"1807\" data-end=\"1935\"><li data-start=\"1807\" data-end=\"1844\"><p data-start=\"1809\" data-end=\"1844\">Les visites guid\u00e9es du <strong data-start=\"1832\" data-end=\"1843\">ch\u00e2teau<\/strong>.<\/p><\/li><li data-start=\"1845\" data-end=\"1882\"><p data-start=\"1847\" data-end=\"1882\">Les <strong data-start=\"1851\" data-end=\"1881\">restaurants gastronomiques<\/strong>.<\/p><\/li><li data-start=\"1883\" data-end=\"1935\"><p data-start=\"1885\" data-end=\"1935\">Les d\u00e9gustations ou visites de domaines viticoles.<\/p><\/li><\/ul><h3 data-start=\"1942\" data-end=\"1995\">Quels sont les vins typiques \u00e0 go\u00fbter \u00e0 Grignan ?<\/h3><p data-start=\"1997\" data-end=\"2048\">Les vins de l\u2019appellation <strong data-start=\"2023\" data-end=\"2046\">Grignan-les-Adh\u00e9mar<\/strong> :<\/p><ul data-start=\"2049\" data-end=\"2207\"><li data-start=\"2049\" data-end=\"2116\"><p data-start=\"2051\" data-end=\"2116\"><strong data-start=\"2051\" data-end=\"2061\">Rouges<\/strong> : \u00e0 base de syrah et grenache, avec des notes \u00e9pic\u00e9es.<\/p><\/li><li data-start=\"2117\" data-end=\"2149\"><p data-start=\"2119\" data-end=\"2149\"><strong data-start=\"2119\" data-end=\"2128\">Ros\u00e9s<\/strong> : l\u00e9gers et fruit\u00e9s.<\/p><\/li><li data-start=\"2150\" data-end=\"2207\"><p data-start=\"2152\" data-end=\"2207\"><strong data-start=\"2152\" data-end=\"2162\">Blancs<\/strong> : viognier, roussanne, parfois tr\u00e8s floraux.<\/p><\/li><\/ul><p data-start=\"2209\" data-end=\"2272\">Des <strong data-start=\"2213\" data-end=\"2230\">caves locales<\/strong> proposent d\u00e9gustation et vente sur place.<\/p><h3 data-start=\"2279\" data-end=\"2348\">Y a-t-il des randonn\u00e9es accessibles depuis le centre du village ?<\/h3><p data-start=\"2350\" data-end=\"2408\">Oui ! Plusieurs <strong data-start=\"2366\" data-end=\"2387\">boucles p\u00e9destres<\/strong> partent du village :<\/p><ul data-start=\"2409\" data-end=\"2543\"><li data-start=\"2409\" data-end=\"2448\"><p data-start=\"2411\" data-end=\"2448\">Vers la <strong data-start=\"2419\" data-end=\"2447\">grotte de Rochecourbi\u00e8re<\/strong>.<\/p><\/li><li data-start=\"2449\" data-end=\"2496\"><p data-start=\"2451\" data-end=\"2496\">Dans les <strong data-start=\"2460\" data-end=\"2481\">champs de lavande<\/strong> ou les vignes.<\/p><\/li><li data-start=\"2497\" data-end=\"2543\"><p data-start=\"2499\" data-end=\"2543\">Circuits balis\u00e9s autour du patrimoine rural.<\/p><\/li><\/ul><p data-start=\"2545\" data-end=\"2603\">Ces parcours sont faciles \u00e0 mod\u00e9r\u00e9s, souvent bien balis\u00e9s.<\/p><h3 data-start=\"2937\" data-end=\"2989\">Quelles sp\u00e9cialit\u00e9s locales ramener de Grignan ?<\/h3><p data-start=\"2991\" data-end=\"3047\">Parmi les <strong data-start=\"3001\" data-end=\"3029\">souvenirs gastronomiques<\/strong> incontournables :<\/p><ul data-start=\"3048\" data-end=\"3247\"><li data-start=\"3048\" data-end=\"3108\"><p data-start=\"3050\" data-end=\"3108\">Truffes fra\u00eeches (en saison) ou produits \u00e0 base de truffe.<\/p><\/li><li data-start=\"3109\" data-end=\"3142\"><p data-start=\"3111\" data-end=\"3142\"><strong data-start=\"3111\" data-end=\"3141\">Huiles d\u2019olive artisanales<\/strong>.<\/p><\/li><li data-start=\"3143\" data-end=\"3198\"><p data-start=\"3145\" data-end=\"3198\"><strong data-start=\"3145\" data-end=\"3165\">Miels de lavande<\/strong>, confitures, herbes de Provence.<\/p><\/li><li data-start=\"3199\" data-end=\"3247\"><p data-start=\"3201\" data-end=\"3247\"><strong data-start=\"3201\" data-end=\"3246\">Bouteilles de vin AOC Grignan-les-Adh\u00e9mar<\/strong>.<\/p><\/li><\/ul><p data-start=\"3249\" data-end=\"3330\">Les boutiques d\u2019artisanat local proposent aussi <strong data-start=\"3297\" data-end=\"3327\">c\u00e9ramique, textile, savons<\/strong>&#8230;<\/p><h2 data-start=\"57\" data-end=\"119\">Conclusion : Grignan, un village \u00e0 vivre avec tous les sens<\/h2><p data-start=\"121\" data-end=\"488\"><strong data-start=\"121\" data-end=\"132\">Grignan<\/strong> n\u2019est pas un simple point sur une carte touristique de la Dr\u00f4me : c\u2019est une <strong data-start=\"209\" data-end=\"232\">exp\u00e9rience compl\u00e8te<\/strong>, un lieu o\u00f9 se croisent <strong data-start=\"257\" data-end=\"301\">histoire, culture, nature et gastronomie<\/strong>. Que vous soyez passionn\u00e9 d\u2019architecture, amateur de vins, amoureux de la litt\u00e9rature ou tout simplement en qu\u00eate d\u2019un coin paisible pour vous ressourcer, <strong data-start=\"457\" data-end=\"487\">Grignan saura vous toucher<\/strong>.<\/p><p data-start=\"490\" data-end=\"728\">Sa <strong data-start=\"493\" data-end=\"518\">richesse patrimoniale<\/strong>, incarn\u00e9e par le ch\u00e2teau Renaissance et les ruelles anciennes, se m\u00eale \u00e0 un <strong data-start=\"595\" data-end=\"615\">terroir g\u00e9n\u00e9reux<\/strong>, \u00e0 la lumi\u00e8re dor\u00e9e de la Provence, et \u00e0 une vie locale anim\u00e9e par des festivals, des march\u00e9s et des traditions.<\/p><p data-start=\"1196\" data-end=\"1408\">Pour en savoir plus sur la commune, son histoire administrative, ses donn\u00e9es d\u00e9mographiques et g\u00e9ographiques, vous pouvez consulter sa <a class=\"decorated-link\" href=\"https:\/\/fr.wikipedia.org\/wiki\/Grignan?utm_source=chatgpt.com\" target=\"_new\" rel=\"noopener\" data-start=\"1334\" data-end=\"1407\">page sur l\u2019encyclop\u00e9die en ligne<\/a>.<\/p><p data-start=\"1196\" data-end=\"1408\">Le site officiel de la ville de Grignan, <a href=\"https:\/\/www.ville-grignan.fr\/fr\/\" target=\"_blank\" rel=\"noopener\">c&#8217;est par ici!<\/a><\/p>\t\t\t\t\t\t\t\t<\/div>\n\t\t\t\t\t<\/div>\n\t\t\t\t<\/div>\n\t\t<aside class=\"elementor-element elementor-element-5e382ac e-flex e-con-boxed e-con e-parent\" data-id=\"5e382ac\" data-element_type=\"container\" data-e-type=\"container\">\n\t\t\t\t\t<div class=\"e-con-inner\">\n\t\t\t\t<div class=\"elementor-element elementor-element-051c04d elementor-widget elementor-widget-listeo-posts-grid\" data-id=\"051c04d\" data-element_type=\"widget\" data-e-type=\"widget\" data-widget_type=\"listeo-posts-grid.default\">\n\t\t\t\t<div class=\"elementor-widget-container\">\n\t\t\t\t\t\t\t\n\t\t<div class=\"listeo-post-grid-wrapper\">\n\t\t\t<div class=\"row\">\n\n\t\t\t\n\n\t\t\t\t\t\t\t<div class=\"col-md-4\">\n                <a href=\"https:\/\/cparici.com\/en\/les-baronnies-provencales\/\" class=\"blog-compact-item-container\">\n                    <div class=\"blog-compact-item\">\n                        <img decoding=\"async\" width=\"577\" height=\"204\" src=\"https:\/\/cparici.com\/wp-content\/uploads\/2025\/09\/cparici-2025-09-12T100929.763-577x204.jpg\" class=\"attachment-listeo-blog-related-post size-listeo-blog-related-post wp-post-image\" alt=\"Les Baronnies proven\u00e7ales\" srcset=\"https:\/\/cparici.com\/wp-content\/uploads\/2025\/09\/cparici-2025-09-12T100929.763-577x204.jpg 577w, https:\/\/cparici.com\/wp-content\/uploads\/2025\/09\/cparici-2025-09-12T100929.763-300x106.jpg 300w, https:\/\/cparici.com\/wp-content\/uploads\/2025\/09\/cparici-2025-09-12T100929.763-1024x362.jpg 1024w, https:\/\/cparici.com\/wp-content\/uploads\/2025\/09\/cparici-2025-09-12T100929.763-768x271.jpg 768w, https:\/\/cparici.com\/wp-content\/uploads\/2025\/09\/cparici-2025-09-12T100929.763-18x6.jpg 18w, https:\/\/cparici.com\/wp-content\/uploads\/2025\/09\/cparici-2025-09-12T100929.763-590x208.jpg 590w, https:\/\/cparici.com\/wp-content\/uploads\/2025\/09\/cparici-2025-09-12T100929.763-1200x424.jpg 1200w, https:\/\/cparici.com\/wp-content\/uploads\/2025\/09\/cparici-2025-09-12T100929.763-600x212.jpg 600w, https:\/\/cparici.com\/wp-content\/uploads\/2025\/09\/cparici-2025-09-12T100929.763.jpg 1500w\" sizes=\"(max-width: 577px) 100vw, 577px\" \/><span class=\"blog-item-tag\">Auvergne Rh\u00f4ne Alpes<\/span>                        \n                        <div class=\"blog-compact-item-content\">\n                                                        <h3>Les Baronnies Proven\u00e7ales : nature, patrimoine et escapades<\/h3>\n                                                        <p>Recherches populaires Categories Pas de r\u00e9sultats Voir tous les r\u00e9sultats Les Baronnies Proven\u00e7ales : nature,...                            <\/p>\n                                                    <\/div>\n                    <\/div>\n                <\/a>\n            <\/div>\n\t\t\t<div class=\"col-md-4\">\n                <a href=\"https:\/\/cparici.com\/en\/drome\/\" class=\"blog-compact-item-container\">\n                    <div class=\"blog-compact-item\">\n                        <img decoding=\"async\" width=\"577\" height=\"204\" src=\"https:\/\/cparici.com\/wp-content\/uploads\/2025\/02\/cparici-2025-02-16T080802.887-577x204.jpg\" class=\"attachment-listeo-blog-related-post size-listeo-blog-related-post wp-post-image\" alt=\"Dr\u00f4me d\u00e9partement\" srcset=\"https:\/\/cparici.com\/wp-content\/uploads\/2025\/02\/cparici-2025-02-16T080802.887-577x204.jpg 577w, https:\/\/cparici.com\/wp-content\/uploads\/2025\/02\/cparici-2025-02-16T080802.887-300x106.jpg 300w, https:\/\/cparici.com\/wp-content\/uploads\/2025\/02\/cparici-2025-02-16T080802.887-1024x362.jpg 1024w, https:\/\/cparici.com\/wp-content\/uploads\/2025\/02\/cparici-2025-02-16T080802.887-768x271.jpg 768w, https:\/\/cparici.com\/wp-content\/uploads\/2025\/02\/cparici-2025-02-16T080802.887-590x208.jpg 590w, https:\/\/cparici.com\/wp-content\/uploads\/2025\/02\/cparici-2025-02-16T080802.887-1200x424.jpg 1200w, https:\/\/cparici.com\/wp-content\/uploads\/2025\/02\/cparici-2025-02-16T080802.887-600x212.jpg 600w, https:\/\/cparici.com\/wp-content\/uploads\/2025\/02\/cparici-2025-02-16T080802.887.jpg 1500w\" sizes=\"(max-width: 577px) 100vw, 577px\" \/><span class=\"blog-item-tag\">Auvergne Rh\u00f4ne Alpes<\/span>                        \n                        <div class=\"blog-compact-item-content\">\n                                                        <h3>Drome, d\u00e9partement innovant et leader du bio en France<\/h3>\n                                                        <p>Recherches populaires Categories Pas de r\u00e9sultats Voir tous les r\u00e9sultats Drome, Tout sur le d\u00e9partement\u00a0...                            <\/p>\n                                                    <\/div>\n                    <\/div>\n                <\/a>\n            <\/div>\n\t\t\t<div class=\"col-md-4\">\n                <a href=\"https:\/\/cparici.com\/en\/romans-sur-isere\/\" class=\"blog-compact-item-container\">\n                    <div class=\"blog-compact-item\">\n                        <img decoding=\"async\" width=\"577\" height=\"204\" src=\"https:\/\/cparici.com\/wp-content\/uploads\/2024\/09\/romans-sur-isere.jpg\" class=\"attachment-listeo-blog-related-post size-listeo-blog-related-post wp-post-image\" alt=\"romans sur is\u00e8re\" srcset=\"https:\/\/cparici.com\/wp-content\/uploads\/2024\/09\/romans-sur-isere.jpg 1500w, https:\/\/cparici.com\/wp-content\/uploads\/2024\/09\/romans-sur-isere-600x212.jpg 600w, https:\/\/cparici.com\/wp-content\/uploads\/2024\/09\/romans-sur-isere-300x106.jpg 300w, https:\/\/cparici.com\/wp-content\/uploads\/2024\/09\/romans-sur-isere-1024x362.jpg 1024w, https:\/\/cparici.com\/wp-content\/uploads\/2024\/09\/romans-sur-isere-768x271.jpg 768w\" sizes=\"(max-width: 577px) 100vw, 577px\" \/><span class=\"blog-item-tag\">Auvergne Rh\u00f4ne Alpes<\/span>                        \n                        <div class=\"blog-compact-item-content\">\n                                                        <h3>Romans sur Is\u00e8re &#8211; guide des activit\u00e9s, s\u00e9jours<\/h3>\n                                                        <p>D\u00e9couvrez Romans-sur-Is\u00e8re, ses monuments, ses activit\u00e9s culturelles et sportives, ses restaurants, h\u00f4tels, randonn\u00e9es, et les...                            <\/p>\n                                                    <\/div>\n                    <\/div>\n                <\/a>\n            <\/div>\n  <\/div>\n        <\/div>\n        \t\t\t\t<\/div>\n\t\t\t\t<\/div>\n\t\t\t\t\t<\/div>\n\t\t\t\t<\/aside>\n\t\t\t\t<\/div>\n\t\t","protected":false},"excerpt":{"rendered":"<p>Recherches populaires Categories Pas de r\u00e9sultats Voir tous les r\u00e9sultats Grignan : que voir et que faire dans ce village proven\u00e7al Grignan est une destination o\u00f9 le patrimoine se raconte, o\u00f9 les vins chantent, o\u00f9 les saisons offrent des atmosph\u00e8res vari\u00e9es, et o\u00f9 chaque coin de rue, chaque pierre, chaque champ de lavande peut devenir [&hellip;]<\/p>\n","protected":false},"author":97,"featured_media":70467,"comment_status":"closed","ping_status":"closed","sticky":false,"template":"","format":"standard","meta":{"ngg_post_thumbnail":0,"footnotes":""},"categories":[2814,1167,1521,477],"tags":[],"class_list":["post-70463","post","type-post","status-publish","format-standard","has-post-thumbnail","hentry","category-grignan","category-auvergne-rhone-alpes","category-drome-departement","category-france"],"_links":{"self":[{"href":"https:\/\/cparici.com\/en\/wp-json\/wp\/v2\/posts\/70463","targetHints":{"allow":["GET"]}}],"collection":[{"href":"https:\/\/cparici.com\/en\/wp-json\/wp\/v2\/posts"}],"about":[{"href":"https:\/\/cparici.com\/en\/wp-json\/wp\/v2\/types\/post"}],"author":[{"embeddable":true,"href":"https:\/\/cparici.com\/en\/wp-json\/wp\/v2\/users\/97"}],"replies":[{"embeddable":true,"href":"https:\/\/cparici.com\/en\/wp-json\/wp\/v2\/comments?post=70463"}],"version-history":[{"count":0,"href":"https:\/\/cparici.com\/en\/wp-json\/wp\/v2\/posts\/70463\/revisions"}],"wp:featuredmedia":[{"embeddable":true,"href":"https:\/\/cparici.com\/en\/wp-json\/wp\/v2\/media\/70467"}],"wp:attachment":[{"href":"https:\/\/cparici.com\/en\/wp-json\/wp\/v2\/media?parent=70463"}],"wp:term":[{"taxonomy":"category","embeddable":true,"href":"https:\/\/cparici.com\/en\/wp-json\/wp\/v2\/categories?post=70463"},{"taxonomy":"post_tag","embeddable":true,"href":"https:\/\/cparici.com\/en\/wp-json\/wp\/v2\/tags?post=70463"}],"curies":[{"name":"wp","href":"https:\/\/api.w.org\/{rel}","templated":true}]}}