{"id":70474,"date":"2026-01-18T13:00:14","date_gmt":"2026-01-18T12:00:14","guid":{"rendered":"https:\/\/cparici.com\/?p=70474"},"modified":"2026-02-19T12:39:52","modified_gmt":"2026-02-19T11:39:52","slug":"madame-de-sevigne-2","status":"publish","type":"post","link":"https:\/\/cparici.com\/en\/madame-de-sevigne-2\/","title":{"rendered":"Madame de S\u00e9vign\u00e9: life, correspondence and literary legacy"},"content":{"rendered":"\t\t<div data-elementor-type=\"wp-post\" data-elementor-id=\"70474\" class=\"elementor elementor-70474\" data-elementor-post-type=\"post\">\n\t\t\t\t<div class=\"elementor-element elementor-element-d1bffb3 e-con-full e-flex e-con e-parent\" data-id=\"d1bffb3\" data-element_type=\"container\" data-e-type=\"container\">\n\t\t\t\t<div class=\"elementor-element elementor-element-e661c54 elementor-widget elementor-widget-image\" data-id=\"e661c54\" data-element_type=\"widget\" data-e-type=\"widget\" data-widget_type=\"image.default\">\n\t\t\t\t\t\t\t\t\t\t\t\t\t\t\t<img decoding=\"async\" width=\"1530\" height=\"647\" src=\"https:\/\/cparici.com\/wp-content\/uploads\/2026\/01\/Madame-de-Sevigne-devant-le-chateau-de-Grignan-illustration.jpg\" class=\"attachment-full size-full wp-image-75557\" alt=\"Madame de S\u00e9vign\u00e9\" srcset=\"https:\/\/cparici.com\/wp-content\/uploads\/2026\/01\/Madame-de-Sevigne-devant-le-chateau-de-Grignan-illustration.jpg 1530w, https:\/\/cparici.com\/wp-content\/uploads\/2026\/01\/Madame-de-Sevigne-devant-le-chateau-de-Grignan-illustration-300x127.jpg 300w, https:\/\/cparici.com\/wp-content\/uploads\/2026\/01\/Madame-de-Sevigne-devant-le-chateau-de-Grignan-illustration-1024x433.jpg 1024w, https:\/\/cparici.com\/wp-content\/uploads\/2026\/01\/Madame-de-Sevigne-devant-le-chateau-de-Grignan-illustration-768x325.jpg 768w, https:\/\/cparici.com\/wp-content\/uploads\/2026\/01\/Madame-de-Sevigne-devant-le-chateau-de-Grignan-illustration-18x8.jpg 18w, https:\/\/cparici.com\/wp-content\/uploads\/2026\/01\/Madame-de-Sevigne-devant-le-chateau-de-Grignan-illustration-590x249.jpg 590w, https:\/\/cparici.com\/wp-content\/uploads\/2026\/01\/Madame-de-Sevigne-devant-le-chateau-de-Grignan-illustration-1200x507.jpg 1200w, https:\/\/cparici.com\/wp-content\/uploads\/2026\/01\/Madame-de-Sevigne-devant-le-chateau-de-Grignan-illustration-577x244.jpg 577w, https:\/\/cparici.com\/wp-content\/uploads\/2026\/01\/Madame-de-Sevigne-devant-le-chateau-de-Grignan-illustration-600x254.jpg 600w\" sizes=\"(max-width: 1530px) 100vw, 1530px\" \/>\t\t\t\t\t\t\t\t\t\t\t\t\t\t\t<\/div>\n\t\t\t\t<\/div>\n\t\t<aside class=\"elementor-element elementor-element-4098538 e-flex e-con-boxed e-con e-parent\" data-id=\"4098538\" data-element_type=\"container\" data-e-type=\"container\">\n\t\t\t\t\t<div class=\"e-con-inner\">\n\t\t\t\t<div class=\"elementor-element elementor-element-6fe5bc7 elementor-widget elementor-widget-global elementor-global-62046 elementor-widget-eael-advanced-search\" data-id=\"6fe5bc7\" data-element_type=\"widget\" data-e-type=\"widget\" data-widget_type=\"eael-advanced-search.default\">\n\t\t\t\t\t        <div class=\"eael-adv-search-wrapper\">\n            <div id=\"eael-advanced-search-widget-6fe5bc7\" class=\"eael-advanced-search-widget\">\n                <form data-settings=\"{&quot;post_per_page&quot;:5,&quot;search_among_taxonomies&quot;:&quot;&quot;,&quot;search_among_sku&quot;:&quot;no&quot;,&quot;show_popular_keyword&quot;:0,&quot;show_category&quot;:0,&quot;show_content_image&quot;:1,&quot;show_search_result_all_results&quot;:0,&quot;result_on_new_tab&quot;:&quot;no&quot;,&quot;show_product_price&quot;:&quot;no&quot;,&quot;include_current_page&quot;:&quot;no&quot;,&quot;current_post_id&quot;:70474,&quot;post_type&quot;:[&quot;post&quot;,&quot;listing&quot;]}\" method=\"POST\" name=\"eael-advanced-search-form-6fe5bc7\" class=\"eael-advanced-search-form eael-advanced-search-form-style-2\">\n                    <div class=\"eael-advanced-search-wrap\">\n                        <span class=\"eael-adv-search-loader\"><\/span>\n                        <span class=\"eael-adv-search-close\"><i class=\"fas fa-times\"><\/i><\/span>\n                        <span class=\"icon \"><i class=\"fas fa-search\"><\/i><\/span>\n\n                        <input type=\"text\"\n                               placeholder=\"Votre destination\"\n                               class=\"eael-advanced-search\" autocomplete=\"off\" name=\"eael_advanced_search\">\n                    <\/div>\n\t\t\t\t\t                                    <\/form>\n\n\t\t\t\t\n\t\t\t\t        <div class=\"eael-advanced-search-result\">\n            <div class=\"eael-advanced-search-popular-keyword\">\n\t\t\t\t<h4 class=\"eael-advanced-search-popular-keyword-text\">Recherches populaires<\/h4>                <div class=\"eael-popular-keyword-content\"><\/div>\n            <\/div>\n            <div class=\"eael-advanced-search-category\">\n\t\t\t\t<h4 class=\"eael-advanced-search-category-text\">Categories<\/h4>                <div class=\"eael-popular-category-content\"><\/div>\n            <\/div>\n\t\t\t<div class=\"eael-advanced-search-total-results-section\">\n\t\t\t\t\t\t\t<\/div>\n            <div class=\"eael-advanced-search-content eael-item-style-3\">\n            <\/div>\n            <div class=\"eael-advanced-search-not-found\">\n                <p>Pas de r\u00e9sultats<\/p><\/div>\n            <div class=\"eael-advanced-search-load-more\">\n\t\t\t\t<a \tclass=\"eael-advanced-search-load-more-button\"\n                \thref=\"#\">Voir tous les r\u00e9sultats<\/a>\n            <\/div>\n        <\/div>\n\n\t\t            <\/div>\n        <\/div>\n\n\t\t\t\t\t\t<\/div>\n\t\t\t\t\t<\/div>\n\t\t\t\t<\/aside>\n\t\t<div class=\"elementor-element elementor-element-7db6be91 e-flex e-con-boxed e-con e-parent\" data-id=\"7db6be91\" data-element_type=\"container\" data-e-type=\"container\">\n\t\t\t\t\t<div class=\"e-con-inner\">\n\t\t\t\t<div class=\"elementor-element elementor-element-49b2d007 elementor-widget elementor-widget-text-editor\" data-id=\"49b2d007\" data-element_type=\"widget\" data-e-type=\"widget\" data-widget_type=\"text-editor.default\">\n\t\t\t\t\t\t\t\t\t<h1 style=\"text-align: center;\">Madame de S\u00e9vign\u00e9 : vie, correspondance et h\u00e9ritage litt\u00e9raire<\/h1><p data-start=\"510\" data-end=\"1065\"><strong data-start=\"510\" data-end=\"531\">Madame de S\u00e9vign\u00e9<\/strong> (Marie de Rabutin-Chantal, 1626-1696) est l\u2019une des plus grandes figures de la litt\u00e9rature fran\u00e7aise. Son \u0153uvre n\u2019est pas un roman ni un trait\u00e9, mais une vaste <strong data-start=\"692\" data-end=\"710\">correspondance<\/strong> qui, par sa richesse, son naturel et son \u00e9l\u00e9gance, a travers\u00e9 les si\u00e8cles. Ses lettres, r\u00e9dig\u00e9es principalement \u00e0 destination de sa fille, la comtesse de Grignan, constituent un t\u00e9moignage exceptionnel du <strong data-start=\"916\" data-end=\"932\">XVII\u1d49 si\u00e8cle<\/strong>. Elles nous plongent \u00e0 la fois dans l\u2019intimit\u00e9 d\u2019une m\u00e8re aimante et dans l\u2019univers mondain des salons et de la cour de Louis XIV.<\/p><p data-start=\"1067\" data-end=\"1400\">Au-del\u00e0 de l\u2019\u00e9motion et des liens familiaux, les lettres de Madame de S\u00e9vign\u00e9 offrent une <strong data-start=\"1157\" data-end=\"1178\">source historique<\/strong> pr\u00e9cieuse, r\u00e9v\u00e9lant les usages, les mentalit\u00e9s et les d\u00e9bats intellectuels de son temps. Elles incarnent la tension permanente entre l\u2019expression intime et l\u2019\u00e9laboration litt\u00e9raire, entre la sinc\u00e9rit\u00e9 et l\u2019art du style.<\/p><h3 data-start=\"1842\" data-end=\"1860\"><strong data-start=\"1846\" data-end=\"1860\">Faits cl\u00e9s<\/strong><\/h3><div class=\"TyagGW_tableContainer\"><div class=\"group TyagGW_tableWrapper flex flex-col-reverse w-fit\" tabindex=\"-1\"><table class=\"w-fit min-w-(--thread-content-width)\" data-start=\"1861\" data-end=\"2287\"><thead data-start=\"1861\" data-end=\"1883\"><tr data-start=\"1861\" data-end=\"1883\"><th data-start=\"1861\" data-end=\"1872\" data-col-size=\"sm\">\u00c9l\u00e9ments<\/th><th data-start=\"1872\" data-end=\"1883\" data-col-size=\"md\">D\u00e9tails<\/th><\/tr><\/thead><tbody data-start=\"1907\" data-end=\"2287\"><tr data-start=\"1907\" data-end=\"1948\"><td data-start=\"1907\" data-end=\"1923\" data-col-size=\"sm\"><strong data-start=\"1909\" data-end=\"1922\">Naissance<\/strong><\/td><td data-start=\"1923\" data-end=\"1948\" data-col-size=\"md\">5\u202ff\u00e9vrier\u202f1626, Paris<\/td><\/tr><tr data-start=\"1949\" data-end=\"1998\"><td data-start=\"1949\" data-end=\"1961\" data-col-size=\"sm\"><strong data-start=\"1951\" data-end=\"1960\">D\u00e9c\u00e8s<\/strong><\/td><td data-start=\"1961\" data-end=\"1998\" data-col-size=\"md\">17\u202favril\u202f1696, ch\u00e2teau de Grignan<\/td><\/tr><tr data-start=\"1999\" data-end=\"2051\"><td data-start=\"1999\" data-end=\"2019\" data-col-size=\"sm\"><strong data-start=\"2001\" data-end=\"2018\">\u0152uvre majeure<\/strong><\/td><td data-start=\"2019\" data-end=\"2051\" data-col-size=\"md\">Correspondance avec sa fille<\/td><\/tr><tr data-start=\"2052\" data-end=\"2145\"><td data-start=\"2052\" data-end=\"2076\" data-col-size=\"sm\"><strong data-start=\"2054\" data-end=\"2075\">Impact litt\u00e9raire<\/strong><\/td><td data-start=\"2076\" data-end=\"2145\" data-col-size=\"md\">Consid\u00e9r\u00e9e comme l\u2019une des grandes voix de l\u2019\u00e9pistolaire fran\u00e7ais<\/td><\/tr><tr data-start=\"2146\" data-end=\"2249\"><td data-start=\"2146\" data-end=\"2173\" data-col-size=\"sm\"><strong data-start=\"2148\" data-end=\"2172\">Publication posthume<\/strong><\/td><td data-start=\"2173\" data-end=\"2249\" data-col-size=\"md\">Lettres publi\u00e9es par sa petite\u2011fille Pauline de Simiane \u00e0 partir de 1734<\/td><\/tr><\/tbody><\/table><\/div><\/div><p data-start=\"1402\" data-end=\"1743\">Dans cet article, nous allons explorer sa vie, son \u00e9poque, l\u2019originalit\u00e9 de sa correspondance, la singularit\u00e9 de son style, son rapport \u00e0 la lecture et aux id\u00e9es morales, ainsi que la post\u00e9rit\u00e9 de son \u0153uvre. Madame de S\u00e9vign\u00e9 nous permettra ainsi de mieux comprendre la richesse culturelle <strong data-start=\"1692\" data-end=\"1703\">du pays<\/strong> \u00e0 travers la litt\u00e9rature \u00e9pistolaire.<\/p><figure id=\"attachment_70478\" aria-describedby=\"caption-attachment-70478\" style=\"width: 1024px\" class=\"wp-caption aligncenter\"><a href=\"https:\/\/cparici.com\/wp-content\/uploads\/2025\/09\/Madame-de-Sevigne-3.jpg\"><img decoding=\"async\" class=\"wp-image-70478 size-large\" src=\"https:\/\/cparici.com\/wp-content\/uploads\/2025\/09\/Madame-de-Sevigne-3-1024x883.jpg\" alt=\"Madame de S\u00e9vign\u00e9 portrait\" width=\"1024\" height=\"883\" srcset=\"https:\/\/cparici.com\/wp-content\/uploads\/2025\/09\/Madame-de-Sevigne-3-1024x883.jpg 1024w, https:\/\/cparici.com\/wp-content\/uploads\/2025\/09\/Madame-de-Sevigne-3-300x259.jpg 300w, https:\/\/cparici.com\/wp-content\/uploads\/2025\/09\/Madame-de-Sevigne-3-768x663.jpg 768w, https:\/\/cparici.com\/wp-content\/uploads\/2025\/09\/Madame-de-Sevigne-3-14x12.jpg 14w, https:\/\/cparici.com\/wp-content\/uploads\/2025\/09\/Madame-de-Sevigne-3-590x509.jpg 590w, https:\/\/cparici.com\/wp-content\/uploads\/2025\/09\/Madame-de-Sevigne-3-777x670.jpg 777w, https:\/\/cparici.com\/wp-content\/uploads\/2025\/09\/Madame-de-Sevigne-3-577x498.jpg 577w, https:\/\/cparici.com\/wp-content\/uploads\/2025\/09\/Madame-de-Sevigne-3-1200x1035.jpg 1200w, https:\/\/cparici.com\/wp-content\/uploads\/2025\/09\/Madame-de-Sevigne-3-600x518.jpg 600w, https:\/\/cparici.com\/wp-content\/uploads\/2025\/09\/Madame-de-Sevigne-3.jpg 1500w\" sizes=\"(max-width: 1024px) 100vw, 1024px\" \/><\/a><figcaption id=\"caption-attachment-70478\" class=\"wp-caption-text\">Portrait de Claude Lef\u00e8bvre (1632\u20131675)<\/figcaption><\/figure><h2 data-start=\"324\" data-end=\"381\">Les lieux embl\u00e9matiques en France et Madame de S\u00e9vign\u00e9<\/h2><h3 data-start=\"383\" data-end=\"431\">Le ch\u00e2teau des Rochers-S\u00e9vign\u00e9 en Bretagne<\/h3><p data-start=\"432\" data-end=\"766\">Le <strong data-start=\"435\" data-end=\"466\">ch\u00e2teau des Rochers-S\u00e9vign\u00e9<\/strong>, situ\u00e9 \u00e0 Vitr\u00e9 en Ille-et-Vilaine, est l\u2019un des lieux les plus symboliques associ\u00e9s \u00e0 <strong data-start=\"553\" data-end=\"574\">Madame de S\u00e9vign\u00e9<\/strong>. H\u00e9rit\u00e9 de son mari, ce domaine devient sa r\u00e9sidence principale apr\u00e8s son veuvage. Elle y passe de longs s\u00e9jours, surtout lorsque sa fille vit en Provence, et y \u00e9crit de nombreuses lettres.<\/p><p data-start=\"768\" data-end=\"1202\">Aujourd\u2019hui, le ch\u00e2teau est ouvert au public : on peut y d\u00e9couvrir des <strong data-start=\"839\" data-end=\"862\">souvenirs familiaux<\/strong>, des manuscrits, ainsi que les magnifiques jardins dessin\u00e9s par Le N\u00f4tre, jardinier du roi. C\u2019est un site incontournable pour comprendre la vie quotidienne de la marquise et son attachement \u00e0 la Bretagne.<br data-start=\"1067\" data-end=\"1070\" \/><a class=\"decorated-link\" href=\"https:\/\/cparici.com\/fr\/visiter-la-france-guide-des-regions-et-sites-touristiques\" target=\"_new\" rel=\"noopener\" data-start=\"1097\" data-end=\"1200\">Visiter la Bretagne<\/a><\/p><p data-start=\"768\" data-end=\"1202\"><a href=\"https:\/\/cparici.com\/wp-content\/uploads\/2025\/09\/cparici-2025-09-11T214306.483.jpg\"><img decoding=\"async\" class=\"aligncenter wp-image-70479 size-full\" src=\"https:\/\/cparici.com\/wp-content\/uploads\/2025\/09\/cparici-2025-09-11T214306.483.jpg\" alt=\"Ville de Vitr\u00e9 o\u00f9 se trouve le ch\u00e2teau des Rochers-S\u00e9vign\u00e9\" width=\"1500\" height=\"530\" srcset=\"https:\/\/cparici.com\/wp-content\/uploads\/2025\/09\/cparici-2025-09-11T214306.483.jpg 1500w, https:\/\/cparici.com\/wp-content\/uploads\/2025\/09\/cparici-2025-09-11T214306.483-300x106.jpg 300w, https:\/\/cparici.com\/wp-content\/uploads\/2025\/09\/cparici-2025-09-11T214306.483-1024x362.jpg 1024w, https:\/\/cparici.com\/wp-content\/uploads\/2025\/09\/cparici-2025-09-11T214306.483-768x271.jpg 768w, https:\/\/cparici.com\/wp-content\/uploads\/2025\/09\/cparici-2025-09-11T214306.483-18x6.jpg 18w, https:\/\/cparici.com\/wp-content\/uploads\/2025\/09\/cparici-2025-09-11T214306.483-590x208.jpg 590w, https:\/\/cparici.com\/wp-content\/uploads\/2025\/09\/cparici-2025-09-11T214306.483-1200x424.jpg 1200w, https:\/\/cparici.com\/wp-content\/uploads\/2025\/09\/cparici-2025-09-11T214306.483-577x204.jpg 577w, https:\/\/cparici.com\/wp-content\/uploads\/2025\/09\/cparici-2025-09-11T214306.483-600x212.jpg 600w\" sizes=\"(max-width: 1500px) 100vw, 1500px\" \/><\/a><\/p><h3 data-start=\"1209\" data-end=\"1244\">Le quartier du Marais \u00e0 Paris<\/h3><p data-start=\"1245\" data-end=\"1490\">\u00c0 Paris, <strong data-start=\"1254\" data-end=\"1275\">Madame de S\u00e9vign\u00e9<\/strong> a r\u00e9sid\u00e9 dans l\u2019actuel <strong data-start=\"1299\" data-end=\"1319\">H\u00f4tel Carnavalet<\/strong>, dans le quartier du Marais. Ce lieu est devenu le <strong data-start=\"1371\" data-end=\"1391\">mus\u00e9e Carnavalet<\/strong>, consacr\u00e9 \u00e0 l\u2019histoire de Paris, et conserve des documents li\u00e9s \u00e0 sa vie et \u00e0 sa correspondance.<\/p><p data-start=\"1492\" data-end=\"1877\">Le Marais, avec ses h\u00f4tels particuliers et ses salons litt\u00e9raires, \u00e9tait au XVII\u1d49 si\u00e8cle l\u2019un des c\u0153urs intellectuels et mondains de la capitale. Madame de S\u00e9vign\u00e9 y a rencontr\u00e9 les grands \u00e9crivains de son temps et particip\u00e9 \u00e0 la vie litt\u00e9raire parisienne.<br data-start=\"1748\" data-end=\"1751\" \/><a class=\"decorated-link\" href=\"https:\/\/cparici.com\/fr\/visiter-la-france-guide-des-regions-et-sites-touristiques\" target=\"_new\" rel=\"noopener\" data-start=\"1778\" data-end=\"1875\">Visiter Paris<\/a><\/p><h3 data-start=\"1884\" data-end=\"1923\">Le ch\u00e2teau de Grignan en Provence<\/h3><p data-start=\"1924\" data-end=\"2192\">C\u2019est au <strong data-start=\"1933\" data-end=\"1955\">ch\u00e2teau de Grignan<\/strong>, dans la Dr\u00f4me, que vivait Fran\u00e7oise-Marguerite, la fille de <strong data-start=\"2017\" data-end=\"2038\">Madame de S\u00e9vign\u00e9<\/strong>. La marquise s\u2019y rend plusieurs fois, malgr\u00e9 la distance, et y s\u00e9journe longuement \u00e0 la fin de sa vie. Elle y meurt en 1696, dans les bras de sa fille.<\/p><p data-start=\"2194\" data-end=\"2631\">Le ch\u00e2teau de Grignan, aujourd\u2019hui restaur\u00e9, organise r\u00e9guli\u00e8rement des <strong data-start=\"2266\" data-end=\"2298\">expositions et des festivals<\/strong> consacr\u00e9s \u00e0 la litt\u00e9rature et aux correspondances. Chaque \u00e9t\u00e9, les \u201cRencontres de la correspondance\u201d mettent \u00e0 l\u2019honneur l\u2019art \u00e9pistolaire, en hommage \u00e0 la plus c\u00e9l\u00e8bre des \u00e9pistoli\u00e8res fran\u00e7aises.<br data-start=\"2496\" data-end=\"2499\" \/><a class=\"decorated-link\" href=\"https:\/\/cparici.com\/fr\/visiter-la-france-guide-des-regions-et-sites-touristiques\" target=\"_new\" rel=\"noopener\" data-start=\"2526\" data-end=\"2629\">Visiter la Provence<\/a><\/p><h3 data-start=\"2638\" data-end=\"2685\">Autres lieux associ\u00e9s \u00e0 Madame de S\u00e9vign\u00e9<\/h3><ul data-start=\"2686\" data-end=\"3015\"><li data-start=\"2686\" data-end=\"2792\"><p data-start=\"2688\" data-end=\"2792\"><strong data-start=\"2688\" data-end=\"2714\">Bourbilly en Bourgogne<\/strong>, ch\u00e2teau de sa famille maternelle, o\u00f9 elle passe une partie de son enfance.<\/p><\/li><li data-start=\"2793\" data-end=\"2885\"><p data-start=\"2795\" data-end=\"2885\"><strong data-start=\"2795\" data-end=\"2814\">Livry-en-Aulnay<\/strong>, pr\u00e8s de Paris, propri\u00e9t\u00e9 des abb\u00e9s de Livry o\u00f9 elle aime s\u00e9journer.<\/p><\/li><li data-start=\"2886\" data-end=\"3015\"><p data-start=\"2888\" data-end=\"3015\">Les <strong data-start=\"2892\" data-end=\"2924\">salons litt\u00e9raires parisiens<\/strong>, notamment celui de <strong data-start=\"2945\" data-end=\"2969\">Madame de La Fayette<\/strong>, o\u00f9 elle croise La Rochefoucauld et Racine.<\/p><\/li><\/ul><h2 data-start=\"3535\" data-end=\"3581\"><strong data-start=\"3538\" data-end=\"3581\">Tableau comparatif des principaux lieux li\u00e9s \u00e0 Madame de S\u00e9vign\u00e9<\/strong><\/h2><div class=\"TyagGW_tableContainer\"><div class=\"group TyagGW_tableWrapper flex flex-col-reverse w-fit\" tabindex=\"-1\"><table class=\"w-fit min-w-(--thread-content-width)\" data-start=\"3583\" data-end=\"4078\"><thead data-start=\"3583\" data-end=\"3643\"><tr data-start=\"3583\" data-end=\"3643\"><th data-start=\"3583\" data-end=\"3590\" data-col-size=\"sm\">Lieu<\/th><th data-start=\"3590\" data-end=\"3599\" data-col-size=\"sm\">R\u00e9gion<\/th><th data-start=\"3599\" data-end=\"3612\" data-col-size=\"md\">Importance<\/th><th data-start=\"3612\" data-end=\"3643\" data-col-size=\"md\">Ce qu\u2019on y voit aujourd\u2019hui<\/th><\/tr><\/thead><tbody data-start=\"3705\" data-end=\"4078\"><tr data-start=\"3705\" data-end=\"3840\"><td data-start=\"3705\" data-end=\"3730\" data-col-size=\"sm\"><strong data-start=\"3707\" data-end=\"3729\">Ch\u00e2teau de Grignan<\/strong><\/td><td data-start=\"3730\" data-end=\"3738\" data-col-size=\"sm\">Dr\u00f4me<\/td><td data-start=\"3738\" data-end=\"3789\" data-col-size=\"md\">R\u00e9sidence de sa fille, lieu de s\u00e9jour et de mort<\/td><td data-start=\"3789\" data-end=\"3840\" data-col-size=\"md\">Mus\u00e9e, expositions, reconstitutions historiques<\/td><\/tr><tr data-start=\"3841\" data-end=\"3946\"><td data-start=\"3841\" data-end=\"3875\" data-col-size=\"sm\"><strong data-start=\"3843\" data-end=\"3874\">Ch\u00e2teau des Rochers\u2011S\u00e9vign\u00e9<\/strong><\/td><td data-start=\"3875\" data-end=\"3886\" data-col-size=\"sm\">Bretagne<\/td><td data-start=\"3886\" data-end=\"3908\" data-col-size=\"md\">R\u00e9sidence familiale<\/td><td data-start=\"3908\" data-end=\"3946\" data-col-size=\"md\">Site historique ouvert \u00e0 la visite<\/td><\/tr><tr data-start=\"3947\" data-end=\"4078\"><td data-start=\"3947\" data-end=\"3978\" data-col-size=\"sm\"><strong data-start=\"3949\" data-end=\"3977\">Paris (H\u00f4tel Carnavalet)<\/strong><\/td><td data-start=\"3978\" data-end=\"3994\" data-col-size=\"sm\">\u00cele\u2011de\u2011France<\/td><td data-start=\"3994\" data-end=\"4029\" data-col-size=\"md\">Lieu de vie et de correspondance<\/td><td data-start=\"4029\" data-end=\"4078\" data-col-size=\"md\">Collections historiques, lettres auto\u00adgraphes<\/td><\/tr><\/tbody><\/table><\/div><\/div><h3 data-start=\"3022\" data-end=\"3067\">Madame de S\u00e9vign\u00e9 et l\u2019ancrage r\u00e9gional<\/h3><p data-start=\"3068\" data-end=\"3208\">Ces diff\u00e9rents lieux montrent que la vie de <strong data-start=\"3112\" data-end=\"3133\">Madame de S\u00e9vign\u00e9<\/strong> refl\u00e8te l\u2019ancrage multiple de l\u2019aristocratie fran\u00e7aise au XVII\u1d49 si\u00e8cle :<\/p><ul data-start=\"3209\" data-end=\"3394\"><li data-start=\"3209\" data-end=\"3266\"><p data-start=\"3211\" data-end=\"3266\">La <strong data-start=\"3214\" data-end=\"3226\">Bretagne<\/strong> pour la vie familiale et la retraite.<\/p><\/li><li data-start=\"3267\" data-end=\"3328\"><p data-start=\"3269\" data-end=\"3328\"><strong data-start=\"3269\" data-end=\"3278\">Paris<\/strong> pour la sociabilit\u00e9 intellectuelle et mondaine.<\/p><\/li><li data-start=\"3329\" data-end=\"3394\"><p data-start=\"3331\" data-end=\"3394\">La <strong data-start=\"3334\" data-end=\"3346\">Provence<\/strong> pour les liens affectifs et la fin de sa vie.<\/p><\/li><\/ul><p data-start=\"3396\" data-end=\"3569\">En suivant ses pas, on traverse la diversit\u00e9 culturelle et patrimoniale de la France, ce qui fait de Madame de S\u00e9vign\u00e9 une figure \u00e0 la fois <strong data-start=\"3536\" data-end=\"3566\">litt\u00e9raire et patrimoniale<\/strong>.<\/p><h2 data-start=\"3769\" data-end=\"3840\">Grignan : 2026, Une ann\u00e9e exceptionnelle autour de Madame de S\u00e9vign\u00e9<\/h2><p data-start=\"3842\" data-end=\"4188\">L\u2019ann\u00e9e <strong data-start=\"3850\" data-end=\"3889\">2026 est d\u00e9clar\u00e9e \u00ab\u202fAnn\u00e9e S\u00e9vign\u00e9\u202f\u00bb<\/strong> en hommage au <strong data-start=\"3904\" data-end=\"3962\">400\u1d49\u202fanniversaire de la naissance de Madame de S\u00e9vign\u00e9<\/strong>, et la ville de Grignan, avec le D\u00e9partement de la Dr\u00f4me et de nombreux partenaires, organise un programme riche en \u00e9v\u00e9nements culturels, historiques et festifs tout au long de l\u2019ann\u00e9e.<\/p><h3 data-start=\"4190\" data-end=\"4226\">\ud83c\udf89 Temps forts du programme 2026<\/h3><ul data-start=\"4228\" data-end=\"5577\"><li data-start=\"4228\" data-end=\"4478\"><p data-start=\"4230\" data-end=\"4478\"><strong data-start=\"4230\" data-end=\"4273\">7\u202f\u2013\u202f8\u202ff\u00e9vrier 2026 : Week\u2011end inaugural<\/strong><br data-start=\"4273\" data-end=\"4276\" \/>Lancement officiel de l\u2019Ann\u00e9e S\u00e9vign\u00e9 avec des projections, des d\u00e9gustations et des animations autour de la gastronomie et des arts de la table du XVII\u1d49\u202fsi\u00e8cle.<\/p><\/li><li data-start=\"4480\" data-end=\"4692\"><p data-start=\"4482\" data-end=\"4692\"><strong data-start=\"4482\" data-end=\"4524\">Mars 2026 : Concours de correspondance<\/strong><br data-start=\"4524\" data-end=\"4527\" \/>Les meilleures lettres sont transform\u00e9es en films d\u2019animation, c\u00e9l\u00e9brant l\u2019art \u00e9pistolaire \u00e0 la fa\u00e7on de Madame de S\u00e9vign\u00e9.<\/p><\/li><li data-start=\"4694\" data-end=\"4896\"><p data-start=\"4696\" data-end=\"4896\"><strong data-start=\"4696\" data-end=\"4725\">Juin\u202f2026 : Dict\u00e9e g\u00e9ante<\/strong><br data-start=\"4725\" data-end=\"4728\" \/>\u00c9preuve litt\u00e9raire ouverte au public pour tester ses connaissances et sa ma\u00eetrise de la langue fran\u00e7aise \u00e0 la mani\u00e8re d\u2019antan.<\/p><\/li><li data-start=\"4898\" data-end=\"5157\"><p data-start=\"4900\" data-end=\"5157\"><strong data-start=\"4900\" data-end=\"4968\">30\u202favril \u2013\u202f3\u202fmai 2026 : Grignan 1690 \u2013 reconstitution historique<\/strong><br data-start=\"4968\" data-end=\"4971\" \/>Immersion totale dans la vie au XVII\u1d49\u202fsi\u00e8cle avec \u00e9choppes d\u2019\u00e9poque, d\u00e9monstrations d\u2019escrime, spectacles et d\u00e9fil\u00e9s costum\u00e9s autour du ch\u00e2teau.<\/p><\/li><li data-start=\"5159\" data-end=\"5358\"><p data-start=\"5161\" data-end=\"5358\"><strong data-start=\"5161\" data-end=\"5216\">Juillet 2026 : Festival de la Correspondance \u00e9largi<\/strong><br data-start=\"5216\" data-end=\"5219\" \/>Le festival int\u00e8gre un op\u00e9ra, lectures et th\u00e9\u00e2tre autour de la vie et de l\u2019\u0153uvre de la marquise.<\/p><\/li><li data-start=\"5360\" data-end=\"5577\"><p data-start=\"5362\" data-end=\"5577\"><strong data-start=\"5362\" data-end=\"5408\">Septembre 2026 : Grand bal du XVII\u1d49\u202fsi\u00e8cle<\/strong><br data-start=\"5408\" data-end=\"5411\" \/>Une soir\u00e9e costum\u00e9e dans l\u2019esprit de l\u2019\u00e9poque pour c\u00e9l\u00e9brer la culture, la musique et les traditions du si\u00e8cle de Louis\u202fXIV.<\/p><\/li><\/ul><h2 data-start=\"304\" data-end=\"367\"><strong data-start=\"310\" data-end=\"367\">Grignan 1690 : La reconstitution historique immersive<\/strong><\/h2><p data-start=\"369\" data-end=\"567\"><strong data-start=\"369\" data-end=\"385\">Grignan 1690<\/strong> est une grande <strong data-start=\"401\" data-end=\"466\">reconstitution historique en plein c\u0153ur du ch\u00e2teau de Grignan<\/strong> qui se d\u00e9roulera du <strong data-start=\"487\" data-end=\"528\">jeudi 30\u202favril au dimanche 3\u202fmai\u202f2026<\/strong>.<\/p><h3 data-start=\"569\" data-end=\"598\">\ud83d\udd70\ufe0f Qu\u2019est\u2011ce que c\u2019est ?<\/h3><p data-start=\"600\" data-end=\"879\">Il s\u2019agit d\u2019un <strong data-start=\"615\" data-end=\"646\">week\u2011end festif et immersif<\/strong> qui plonge les visiteurs dans la <strong data-start=\"680\" data-end=\"717\">vie et l\u2019ambiance du XVII\u1d49\u202fsi\u00e8cle<\/strong>, \u00e0 l\u2019\u00e9poque o\u00f9 <strong data-start=\"733\" data-end=\"840\">Madame de S\u00e9vign\u00e9 visitait r\u00e9guli\u00e8rement sa fille, Fran\u00e7oise\u2011Marguerite de S\u00e9vign\u00e9, comtesse de Grignan<\/strong>.<\/p><h3 data-start=\"881\" data-end=\"907\">\ud83d\udccd Lieux et dates cl\u00e9s<\/h3><div class=\"TyagGW_tableContainer\"><div class=\"group TyagGW_tableWrapper flex flex-col-reverse w-fit\" tabindex=\"-1\"><table class=\"w-fit min-w-(--thread-content-width)\" data-start=\"909\" data-end=\"1258\"><thead data-start=\"909\" data-end=\"929\"><tr data-start=\"909\" data-end=\"929\"><th data-start=\"909\" data-end=\"919\" data-col-size=\"sm\">\u00c9l\u00e9ment<\/th><th data-start=\"919\" data-end=\"929\" data-col-size=\"md\">D\u00e9tail<\/th><\/tr><\/thead><tbody data-start=\"951\" data-end=\"1258\"><tr data-start=\"951\" data-end=\"1020\"><td data-start=\"951\" data-end=\"976\" data-col-size=\"sm\"><strong data-start=\"953\" data-end=\"975\">Nom de l\u2019\u00e9v\u00e9nement<\/strong><\/td><td data-start=\"976\" data-end=\"1020\" data-col-size=\"md\">Grignan\u202f1690 \u2013 Reconstitution historique<\/td><\/tr><tr data-start=\"1021\" data-end=\"1062\"><td data-start=\"1021\" data-end=\"1032\" data-col-size=\"sm\"><strong data-start=\"1023\" data-end=\"1031\">Lieu<\/strong><\/td><td data-start=\"1032\" data-end=\"1062\" data-col-size=\"md\">Ch\u00e2teau de Grignan (Dr\u00f4me)<\/td><\/tr><tr data-start=\"1063\" data-end=\"1104\"><td data-start=\"1063\" data-end=\"1075\" data-col-size=\"sm\"><strong data-start=\"1065\" data-end=\"1074\">Dates<\/strong><\/td><td data-col-size=\"md\" data-start=\"1075\" data-end=\"1104\"><strong data-start=\"1077\" data-end=\"1102\">30\u202favril \u2013 3\u202fmai\u202f2026<\/strong><\/td><\/tr><tr data-start=\"1105\" data-end=\"1149\"><td data-start=\"1105\" data-end=\"1120\" data-col-size=\"sm\"><strong data-start=\"1107\" data-end=\"1119\">Horaires<\/strong><\/td><td data-start=\"1120\" data-end=\"1149\" data-col-size=\"md\">10\u202fh \u00e0 22\u202fh30 chaque jour<\/td><\/tr><tr data-start=\"1150\" data-end=\"1258\"><td data-start=\"1150\" data-end=\"1163\" data-col-size=\"sm\"><strong data-start=\"1152\" data-end=\"1162\">Tarifs<\/strong><\/td><td data-start=\"1163\" data-end=\"1258\" data-col-size=\"md\">8\u202f\u20ac \u00e0 22\u202f\u20ac (tarif r\u00e9duit)\u202f\/\u202f10\u202f\u20ac \u00e0 28\u202f\u20ac (plein tarif)<\/td><\/tr><\/tbody><\/table><\/div><\/div><hr data-start=\"1260\" data-end=\"1263\" \/><h3 data-start=\"1265\" data-end=\"1295\"><strong data-start=\"1271\" data-end=\"1295\">Ce que vous y vivrez\u00a0<\/strong><\/h3><h4 data-start=\"1297\" data-end=\"1326\"><strong data-start=\"1304\" data-end=\"1326\">Animations de jour<\/strong><\/h4><p data-start=\"1328\" data-end=\"1465\">Pendant la journ\u00e9e, le ch\u00e2teau se transforme en v\u00e9ritable <strong data-start=\"1386\" data-end=\"1420\">village vivant du XVII\u1d49\u202fsi\u00e8cle<\/strong> avec\u202f:<\/p><ul data-start=\"1467\" data-end=\"1940\"><li data-start=\"1467\" data-end=\"1593\"><p data-start=\"1469\" data-end=\"1593\"><strong data-start=\"1469\" data-end=\"1508\">D\u00e9monstrations d\u2019escrime historique<\/strong> et combats inspir\u00e9s des techniques du temps.<\/p><\/li><li data-start=\"1594\" data-end=\"1698\"><p data-start=\"1596\" data-end=\"1698\"><strong data-start=\"1596\" data-end=\"1634\">Reconstitution d\u2019\u00e9choppes d\u2019\u00e9poque<\/strong> et ateliers artisanaux.<\/p><\/li><li data-start=\"1699\" data-end=\"1801\"><p data-start=\"1701\" data-end=\"1801\"><strong data-start=\"1701\" data-end=\"1721\">D\u00e9fil\u00e9s costum\u00e9s<\/strong>, <strong data-start=\"1723\" data-end=\"1739\">jeux anciens<\/strong>, <strong data-start=\"1741\" data-end=\"1760\">danses d\u2019\u00e9poque<\/strong>.<\/p><\/li><li data-start=\"1802\" data-end=\"1940\"><p data-start=\"1804\" data-end=\"1940\"><strong data-start=\"1804\" data-end=\"1828\">Spectacles \u00e9questres<\/strong>, notamment autour de sc\u00e8nes imagin\u00e9es comme \u00ab\u202f<em data-start=\"1875\" data-end=\"1897\">O ciel la marquise\u202f!<\/em>\u202f\u00bb.<\/p><\/li><\/ul><p data-start=\"1942\" data-end=\"2076\">\ud83c\udfad Ces animations offrent une <strong data-start=\"1972\" data-end=\"1992\">immersion totale<\/strong> dans l\u2019environnement culturel, social et artistique du si\u00e8cle de Madame de S\u00e9vign\u00e9.<\/p><h4 data-start=\"2078\" data-end=\"2109\"><strong data-start=\"2085\" data-end=\"2109\">Animations de soir\u00e9e<\/strong><\/h4><p data-start=\"2111\" data-end=\"2263\">Le soir, les <strong data-start=\"2124\" data-end=\"2152\">illuminations du ch\u00e2teau<\/strong> et les <strong data-start=\"2160\" data-end=\"2210\">sc\u00e8nes inspir\u00e9es des grandes f\u00eates d\u2019autrefois<\/strong> prennent vie\u202f:<\/p><ul data-start=\"2265\" data-end=\"2695\"><li data-start=\"2265\" data-end=\"2366\"><p data-start=\"2267\" data-end=\"2366\"><strong data-start=\"2267\" data-end=\"2295\">D\u00e9ambulations lumineuses<\/strong> dans les salles historiques.<\/p><\/li><li data-start=\"2367\" data-end=\"2556\"><p data-start=\"2369\" data-end=\"2556\"><strong data-start=\"2369\" data-end=\"2388\">Danses baroques<\/strong>, <strong data-start=\"2390\" data-end=\"2414\">sc\u00e9nettes th\u00e9\u00e2trales<\/strong> et <strong data-start=\"2418\" data-end=\"2443\">combats chor\u00e9graphi\u00e9s<\/strong> inspir\u00e9s des grandes r\u00e9ceptions du comte et de la comtesse de Grignan.<\/p><\/li><li data-start=\"2557\" data-end=\"2695\"><p data-start=\"2559\" data-end=\"2695\">Une atmosph\u00e8re qui refl\u00e8te la <strong data-start=\"2589\" data-end=\"2625\">grandeur festive du Grand Si\u00e8cle<\/strong>, \u00e9poque de Madame de S\u00e9vign\u00e9.<\/p><\/li><\/ul>\t\t\t\t\t\t\t\t<\/div>\n\t\t\t\t\t<\/div>\n\t\t\t\t<\/div>\n\t\t<aside class=\"elementor-element elementor-element-77946fea e-flex e-con-boxed e-con e-parent\" data-id=\"77946fea\" data-element_type=\"container\" data-e-type=\"container\" data-settings=\"{&quot;background_background&quot;:&quot;classic&quot;}\">\n\t\t\t\t\t<div class=\"e-con-inner\">\n\t\t\t\t<div class=\"elementor-element elementor-element-27e1c457 elementor-widget elementor-widget-spacer\" data-id=\"27e1c457\" data-element_type=\"widget\" data-e-type=\"widget\" data-widget_type=\"spacer.default\">\n\t\t\t\t\t\t\t<div class=\"elementor-spacer\">\n\t\t\t<div class=\"elementor-spacer-inner\"><\/div>\n\t\t<\/div>\n\t\t\t\t\t\t<\/div>\n\t\t\t\t<div class=\"elementor-element elementor-element-6da65c65 elementor-widget elementor-widget-heading\" data-id=\"6da65c65\" data-element_type=\"widget\" data-e-type=\"widget\" data-widget_type=\"heading.default\">\n\t\t\t\t\t<h2 class=\"elementor-heading-title elementor-size-default\">H\u00e9bergements de Vacances en direct<\/h2>\t\t\t\t<\/div>\n\t\t\t\t<div class=\"elementor-element elementor-element-761f974f elementor-widget elementor-widget-listeo-listings-carousel\" data-id=\"761f974f\" data-element_type=\"widget\" data-e-type=\"widget\" data-widget_type=\"listeo-listings-carousel.default\">\n\t\t\t\t<div class=\"elementor-widget-container\">\n\t\t\t\t\t        <!-- Carousel \/ Start -->\n        \t<div class=\"simple-slick-carousel dots-nav\" data-slick='{&quot;autoplay&quot;:true,&quot;autoplaySpeed&quot;:3000,&quot;slidesToShow&quot;:3,&quot;slidesToScroll&quot;:1,&quot;responsive&quot;:[{&quot;breakpoint&quot;:1024,&quot;settings&quot;:{&quot;slidesToShow&quot;:2,&quot;slidesToScroll&quot;:1}},{&quot;breakpoint&quot;:768,&quot;settings&quot;:{&quot;slidesToShow&quot;:1,&quot;slidesToScroll&quot;:1}}]}'>\n                            <div class=\"fw-carousel-item\">                    \n                        <!-- Listing Item -->\r\n            <div class=\"col-lg-6 col-md-12\">\r\n                <a href=\"https:\/\/cparici.com\/en\/annonce\/le-pavillon-m-maison-dhotes-avec-piscine-et-spa-a-grignan\/\"  class=\"listing-item-container listing-geo-data compact\" \r\n\t\tdata-title=\"Le Pavillon M, Maison d&#8217;h\u00f4tes avec piscine et spa \u00e0 Grignan\"\r\n\t\tdata-listing-type=\"rental\"\r\n\t\tdata-classifieds-price=\"&euro;\"\r\n\t\tdata-friendly-address=\"8 avenue Chapon 26230 Grignan\"\r\n\t\tdata-address=\"8 avenue Chapon 26230 Grignan\"\r\n\t\tdata-image=\"https:\/\/cparici.com\/wp-content\/uploads\/2025\/09\/pavillon-M-grignan-piscine-520x397.jpg\"\r\n\t\tdata-longitude=\"4.910532\"\r\n\t\tdata-latitude=\"44.418064\"\r\n\t\t\t\t\tdata-rating=\"0\"\r\n\t\t\tdata-reviews=\"0\"\r\n\t\t\t\tdata-icon=\"&lt;svg xmlns=&quot;http:\/\/www.w3.org\/2000\/svg&quot; width=&quot;800px&quot; height=&quot;800px&quot; viewBox=&quot;0 0 45 45&quot; fill=&quot;none&quot;&gt;\n&lt;path d=&quot;M24.155 8.78099L24.33 8.94499L37.402 21.787L36 23.213L34.2 21.445L34.201 35C34.201 36.054 33.385 36.918 32.35 36.994L32.201 37H12.201C11.147 37 10.283 36.184 10.206 35.149L10.201 35L10.2 21.446L8.402 23.213L7 21.787L20.058 8.95799C21.171 7.82199 22.966 7.75899 24.155 8.78099ZM21.569 10.285L21.473 10.372L12.2 19.481L12.201 35L17.2 34.999L17.201 25C17.201 23.946 18.017 23.082 19.052 23.005L19.201 23H25.201C26.255 23 27.119 23.816 27.196 24.851L27.201 25L27.2 34.999L32.201 35L32.2 19.48L22.901 10.344C22.537 9.98699 21.969 9.96499 21.569 10.285ZM25.201 25H19.201L19.2 34.999H25.2L25.201 25Z&quot; fill=&quot;#3C3C3C&quot;\/&gt;\n&lt;\/svg&gt;\"\r\n\r\n\t>\r\n            <div class=\"listing-item  featured-listing\">\r\n                <div class=\"listing-small-badges-container\">\r\n                                            <div class=\"listing-small-badge featured-badge\"><i class=\"fa fa-star\"><\/i> Featured<\/div>\r\n                                                                <div class=\"listing-small-badge pricing-badge\"><i class=\"fa fa-tag\"><\/i>180.00&euro; - 350.00&euro;<\/div>\r\n                                                            \r\n                                        \r\n                                        \r\n                <\/div>\r\n                <img decoding=\"async\" src=\"https:\/\/cparici.com\/wp-content\/uploads\/2025\/09\/pavillon-M-grignan-piscine-520x397.jpg\" alt=\"Le Pavillon M, Maison d&#8217;h\u00f4tes avec piscine et spa \u00e0 Grignan\" class=\"listing-thumbnail\">\r\n                \r\n\r\n                <div class=\"listing-item-content\">\r\n                    \r\n                    <h3> Le Pavillon M, Maison d&#8217;h\u00f4tes avec piscine et spa \u00e0 Grignan <\/h3>\r\n                    <span>8 avenue Chapon 26230 Grignan<\/span>\r\n                <\/div>\r\n                                        <span class=\"save like-icon tooltip left\" title=\"Login To Bookmark Items\"><\/span>\r\n                                                <\/div>\r\n        <\/a>\r\n                    <\/div>\r\n        \r\n\r\n        <!-- Listing Item \/ End -->\n                    <\/div>\n                          <\/div>\n        \t\t\t\t<\/div>\n\t\t\t\t<\/div>\n\t\t\t\t\t<\/div>\n\t\t\t\t<\/aside>\n\t\t<div class=\"elementor-element elementor-element-563d3ea e-flex e-con-boxed e-con e-parent\" data-id=\"563d3ea\" data-element_type=\"container\" data-e-type=\"container\">\n\t\t\t\t\t<div class=\"e-con-inner\">\n\t\t\t\t<div class=\"elementor-element elementor-element-e477598 elementor-widget elementor-widget-text-editor\" data-id=\"e477598\" data-element_type=\"widget\" data-e-type=\"widget\" data-widget_type=\"text-editor.default\">\n\t\t\t\t\t\t\t\t\t<h3 data-start=\"2702\" data-end=\"2750\"><strong data-start=\"2708\" data-end=\"2750\">Pourquoi cet \u00e9v\u00e9nement est\u2011il unique ?<\/strong><\/h3><p data-start=\"2752\" data-end=\"2970\">La reconstitution <strong data-start=\"2770\" data-end=\"2786\">Grignan 1690<\/strong> est con\u00e7ue non seulement pour divertir, mais aussi pour <strong data-start=\"2843\" data-end=\"2890\">faire revivre l\u2019\u00e9poque de Madame de S\u00e9vign\u00e9<\/strong> dans un cadre patrimonial authentique\u202f:<\/p><p data-start=\"2972\" data-end=\"3458\">\u2728 Une immersion historique compl\u00e8te dans l\u2019univers social et culturel du XVII\u1d49\u202fsi\u00e8cle. <br data-start=\"3098\" data-end=\"3101\" \/>\u2728 Une mise en lumi\u00e8re du <strong data-start=\"3126\" data-end=\"3148\">ch\u00e2teau de Grignan<\/strong>, haut lieu li\u00e9 \u00e0 la vie de la marquise et \u00e0 sa c\u00e9l\u00e8bre correspondance. <br data-start=\"3259\" data-end=\"3262\" \/>\u2728 Une mani\u00e8re interactive de comprendre les <strong data-start=\"3306\" data-end=\"3370\">genres de f\u00eates, d\u2019arts, d\u2019armes et de savoir\u2011faire du XVII\u1d49<\/strong> transmis par les lettres et r\u00e9cits de l\u2019\u00e9poque.<\/p><h3 data-start=\"3465\" data-end=\"3498\"><strong data-start=\"3471\" data-end=\"3498\">\u00c0 savoir avant de venir<\/strong><\/h3><p data-start=\"3500\" data-end=\"3998\">\u2714\ufe0f L\u2019\u00e9v\u00e9nement ouvre tous les jours de 10\u202fh \u00e0 22\u202fh30. <br data-start=\"3593\" data-end=\"3596\" \/>\u2714\ufe0f Des tarifs adapt\u00e9s sont propos\u00e9s selon \u00e2ge et formule. <br data-start=\"3693\" data-end=\"3696\" \/>\u2714\ufe0f Le site n\u2019est <strong data-start=\"3713\" data-end=\"3765\">pas accessible aux personnes en fauteuil roulant<\/strong>, compte tenu de l\u2019architecture historique du ch\u00e2teau. <br data-start=\"3859\" data-end=\"3862\" \/>\u2714\ufe0f Il est conseill\u00e9 de pr\u00e9voir du temps pour explorer les animations de jour <strong data-start=\"3939\" data-end=\"3945\">et<\/strong> de soir\u00e9e.<\/p><h3 data-start=\"4005\" data-end=\"4033\"><strong data-start=\"4012\" data-end=\"4033\">Contexte culturel<\/strong><\/h3><p data-start=\"4035\" data-end=\"4466\">Cette reconstitution s\u2019inscrit dans le cadre plus large de l\u2019<strong data-start=\"4096\" data-end=\"4118\">Ann\u00e9e S\u00e9vign\u00e9 2026<\/strong>, un hommage officiel au 400\u1d49 anniversaire de la naissance de <em data-start=\"4180\" data-end=\"4206\">Marie de Rabutin\u2011Chantal<\/em>, dite Madame de S\u00e9vign\u00e9. Tout au long de l\u2019ann\u00e9e, Grignan proposera des <strong data-start=\"4279\" data-end=\"4366\">expositions, ateliers d\u2019\u00e9criture, conf\u00e9rences et autres reconstitutions historiques<\/strong> pour c\u00e9l\u00e9brer la vie, l\u2019\u0153uvre et l\u2019esprit de l\u2019\u00e9pistoli\u00e8re.<\/p><h2 data-start=\"1929\" data-end=\"1964\">Le contexte historique et social<\/h2><h3 data-start=\"1966\" data-end=\"2013\">L\u2019aristocratie et la cour du XVII\u1d49 si\u00e8cle<\/h3><p data-start=\"2014\" data-end=\"2449\">Pour comprendre <strong data-start=\"2030\" data-end=\"2051\">Madame de S\u00e9vign\u00e9<\/strong>, il faut d\u2019abord replacer son \u0153uvre dans le cadre du <strong data-start=\"2105\" data-end=\"2121\">Grand Si\u00e8cle<\/strong>, marqu\u00e9 par le r\u00e8gne de Louis XIV. La soci\u00e9t\u00e9 aristocratique est alors structur\u00e9e autour de la <strong data-start=\"2217\" data-end=\"2239\">cour de Versailles<\/strong>, des privil\u00e8ges de la noblesse et des grands salons parisiens. Ces lieux sont non seulement des espaces mondains mais aussi des foyers de cr\u00e9ation litt\u00e9raire, o\u00f9 se discute le go\u00fbt, l\u2019\u00e9l\u00e9gance et la culture.<\/p><p data-start=\"2451\" data-end=\"2751\">Madame de S\u00e9vign\u00e9 appartient \u00e0 cette \u00e9lite : issue d\u2019une famille noble, veuve tr\u00e8s jeune, elle fr\u00e9quente les grands noms de son \u00e9poque, de La Rochefoucauld \u00e0 Madame de La Fayette. Sa correspondance est donc ancr\u00e9e dans cet univers o\u00f9 l\u2019esprit, la conversation et la culture sont des armes sociales.<\/p><h3 data-start=\"2753\" data-end=\"2794\">Une femme de lettres dans son temps<\/h3><p data-start=\"2795\" data-end=\"3065\">Contrairement \u00e0 beaucoup de femmes de son \u00e9poque, <strong data-start=\"2845\" data-end=\"2866\">Madame de S\u00e9vign\u00e9<\/strong> b\u00e9n\u00e9ficie d\u2019une excellente <strong data-start=\"2894\" data-end=\"2907\">\u00e9ducation<\/strong>. Polyglotte, cultiv\u00e9e, famili\u00e8re des auteurs antiques comme des modernes, elle incarne une aristocrate lettr\u00e9e qui sait manier l\u2019art de la plume avec brio.<\/p><p data-start=\"3067\" data-end=\"3460\">Dans ses lettres, elle illustre la <strong data-start=\"3102\" data-end=\"3152\">position paradoxale des femmes au XVII\u1d49 si\u00e8cle<\/strong> : exclues des grandes fonctions politiques ou acad\u00e9miques, elles trouvent dans les salons et dans l\u2019\u00e9criture \u00e9pistolaire un espace de libert\u00e9 intellectuelle. Madame de S\u00e9vign\u00e9 s\u2019impose ainsi comme une <strong data-start=\"3354\" data-end=\"3392\">figure litt\u00e9raire f\u00e9minine majeure<\/strong>, tout en respectant les conventions de son milieu aristocratique.<\/p><h2 data-start=\"291\" data-end=\"332\">La correspondance de Madame de S\u00e9vign\u00e9<\/h2><h3 data-start=\"334\" data-end=\"377\">Lettres \u00e0 sa fille, c\u0153ur de son \u0153uvre<\/h3><p data-start=\"378\" data-end=\"769\">Le noyau de l\u2019\u0153uvre de <strong data-start=\"401\" data-end=\"422\">Madame de S\u00e9vign\u00e9<\/strong> est constitu\u00e9 de sa correspondance avec sa fille bien-aim\u00e9e, Fran\u00e7oise-Marguerite de S\u00e9vign\u00e9, devenue comtesse de Grignan apr\u00e8s son mariage. L\u2019\u00e9loignement g\u00e9ographique entre la m\u00e8re, install\u00e9e \u00e0 Paris ou aux Rochers (en Bretagne), et la fille, vivant en <a href=\"https:\/\/cparici.com\/la-provence\/\">Provence<\/a>, donne naissance \u00e0 un \u00e9change ininterrompu de lettres pendant pr\u00e8s de trente ans.<\/p><p data-start=\"378\" data-end=\"769\"><a href=\"https:\/\/cparici.com\/wp-content\/uploads\/2025\/09\/cparici-2025-09-11T185830.548-1.jpg\"><img decoding=\"async\" class=\"aligncenter wp-image-70476 size-full\" src=\"https:\/\/cparici.com\/wp-content\/uploads\/2025\/09\/cparici-2025-09-11T185830.548-1.jpg\" alt=\"Ch\u00e2teau de Grignan correspondance de Madame de S\u00e9vign\u00e9 avec sa fille\" width=\"1500\" height=\"530\" srcset=\"https:\/\/cparici.com\/wp-content\/uploads\/2025\/09\/cparici-2025-09-11T185830.548-1.jpg 1500w, https:\/\/cparici.com\/wp-content\/uploads\/2025\/09\/cparici-2025-09-11T185830.548-1-300x106.jpg 300w, https:\/\/cparici.com\/wp-content\/uploads\/2025\/09\/cparici-2025-09-11T185830.548-1-1024x362.jpg 1024w, https:\/\/cparici.com\/wp-content\/uploads\/2025\/09\/cparici-2025-09-11T185830.548-1-768x271.jpg 768w, https:\/\/cparici.com\/wp-content\/uploads\/2025\/09\/cparici-2025-09-11T185830.548-1-18x6.jpg 18w, https:\/\/cparici.com\/wp-content\/uploads\/2025\/09\/cparici-2025-09-11T185830.548-1-590x208.jpg 590w, https:\/\/cparici.com\/wp-content\/uploads\/2025\/09\/cparici-2025-09-11T185830.548-1-1200x424.jpg 1200w, https:\/\/cparici.com\/wp-content\/uploads\/2025\/09\/cparici-2025-09-11T185830.548-1-577x204.jpg 577w, https:\/\/cparici.com\/wp-content\/uploads\/2025\/09\/cparici-2025-09-11T185830.548-1-600x212.jpg 600w\" sizes=\"(max-width: 1500px) 100vw, 1500px\" \/><\/a><\/p><p data-start=\"771\" data-end=\"1280\">Ces lettres r\u00e9v\u00e8lent un <strong data-start=\"795\" data-end=\"827\">attachement maternel intense<\/strong>, marqu\u00e9 par la nostalgie, la tendresse et parfois l\u2019angoisse de la s\u00e9paration. \u00c0 travers elles, Madame de S\u00e9vign\u00e9 invente presque un genre nouveau : une \u00e9criture de la relation intime, o\u00f9 les \u00e9motions sont au centre, mais qui d\u00e9passe le cadre familial pour atteindre une port\u00e9e universelle. Les lecteurs y reconnaissent la sinc\u00e9rit\u00e9 des sentiments, la douleur de l\u2019absence et la joie de la retrouvaille, transpos\u00e9es avec une \u00e9l\u00e9gance litt\u00e9raire rare.<\/p><h3 data-start=\"1282\" data-end=\"1333\">\u00c9criture de l\u2019intime et de la vie quotidienne<\/h3><p data-start=\"1334\" data-end=\"1749\">L\u2019une des forces de <strong data-start=\"1354\" data-end=\"1375\">Madame de S\u00e9vign\u00e9<\/strong> est d\u2019avoir su transformer le <strong data-start=\"1406\" data-end=\"1419\">quotidien<\/strong> en litt\u00e9rature. Ses lettres relatent des anecdotes domestiques, des nouvelles de sant\u00e9, des menus d\u00e9tails de la vie courante, mais aussi les rumeurs de la cour et les grands \u00e9v\u00e9nements du royaume. Cette capacit\u00e9 \u00e0 passer du trivial au s\u00e9rieux, de l\u2019anecdotique au politique, conf\u00e8re \u00e0 sa correspondance une <strong data-start=\"1727\" data-end=\"1746\">vivacit\u00e9 unique<\/strong>.<\/p><p data-start=\"1751\" data-end=\"2063\">Elle \u00e9voque par exemple la maladie, les petits accidents de la vie, les potins mondains, mais aussi les grands proc\u00e8s, comme l\u2019affaire Fouquet, ou les guerres men\u00e9es par Louis XIV. Ses lettres deviennent alors des <strong data-start=\"1965\" data-end=\"1988\">chroniques vivantes<\/strong>, qui s\u00e9duisent autant par leur naturel que par leur valeur documentaire.<\/p><h3 data-start=\"2065\" data-end=\"2112\">Correspondance comme miroir de la soci\u00e9t\u00e9<\/h3><p data-start=\"2113\" data-end=\"2410\">La correspondance de <strong data-start=\"2134\" data-end=\"2155\">Madame de S\u00e9vign\u00e9<\/strong> ne se limite pas \u00e0 un \u00e9change maternel : elle est aussi une v\u00e9ritable <strong data-start=\"2226\" data-end=\"2268\">fen\u00eatre sur la soci\u00e9t\u00e9 du XVII\u1d49 si\u00e8cle<\/strong>. On y lit les r\u00e8gles de politesse, les usages aristocratiques, les modes litt\u00e9raires et vestimentaires, les d\u00e9bats religieux et politiques.<\/p><p data-start=\"2412\" data-end=\"2759\">Ainsi, ses lettres sont une mine d\u2019informations pour les historiens. Elles d\u00e9crivent la vie \u00e0 Versailles, les intrigues, les c\u00e9r\u00e9monies, mais aussi les mentalit\u00e9s de l\u2019\u00e9poque : la place des femmes, l\u2019importance de la famille, la valeur des alliances. Elles refl\u00e8tent le regard d\u2019une femme cultiv\u00e9e et spirituelle sur un monde en pleine mutation.<\/p><p data-start=\"2761\" data-end=\"2952\">En cela, la correspondance de Madame de S\u00e9vign\u00e9 d\u00e9passe largement la sph\u00e8re priv\u00e9e : elle est \u00e0 la fois <strong data-start=\"2865\" data-end=\"2910\">t\u00e9moignage intime et chronique collective<\/strong>, ce qui explique son immense post\u00e9rit\u00e9.<\/p><h2 data-start=\"272\" data-end=\"315\">Le style litt\u00e9raire de Madame de S\u00e9vign\u00e9<\/h2><h3 data-start=\"317\" data-end=\"366\">Apparente spontan\u00e9it\u00e9 et travail d\u2019\u00e9criture<\/h3><p data-start=\"367\" data-end=\"721\">Le charme des lettres de <strong data-start=\"392\" data-end=\"413\">Madame de S\u00e9vign\u00e9<\/strong> tient d\u2019abord \u00e0 ce que les contemporains comme les lecteurs modernes ont per\u00e7u comme un <strong data-start=\"502\" data-end=\"519\">style naturel<\/strong>. Ses phrases semblent coul\u00e9es d\u2019un seul jet, pleines de vivacit\u00e9 et de fra\u00eecheur. Pourtant, les \u00e9tudes litt\u00e9raires montrent que cette spontan\u00e9it\u00e9 est en grande partie une <strong data-start=\"691\" data-end=\"718\">construction esth\u00e9tique<\/strong>.<\/p><p data-start=\"723\" data-end=\"1069\">Madame de S\u00e9vign\u00e9 soigne sa langue : elle respecte les \u00e9quilibres classiques, choisit ses images, module ses registres. Elle parvient \u00e0 donner l\u2019illusion de la conversation imm\u00e9diate tout en respectant une \u00e9l\u00e9gance litt\u00e9raire. C\u2019est ce paradoxe \u2014 entre <strong data-start=\"976\" data-end=\"989\">sinc\u00e9rit\u00e9<\/strong> et <strong data-start=\"993\" data-end=\"1005\">artifice<\/strong> \u2014 qui conf\u00e8re \u00e0 son \u0153uvre son originalit\u00e9 et son raffinement.<\/p><h3 data-start=\"1071\" data-end=\"1114\">Humour, ironie et vivacit\u00e9 du langage<\/h3><p data-start=\"1115\" data-end=\"1407\">Une autre caract\u00e9ristique majeure du style de <strong data-start=\"1161\" data-end=\"1182\">Madame de S\u00e9vign\u00e9<\/strong> est l\u2019usage constant de <strong data-start=\"1207\" data-end=\"1234\">l\u2019humour et de l\u2019ironie<\/strong>. Elle se moque avec l\u00e9g\u00e8ret\u00e9 des travers humains, amplifie des situations ordinaires pour les rendre comiques, et joue des contrastes pour piquer la curiosit\u00e9 du lecteur.<\/p><p data-start=\"1409\" data-end=\"1729\">Son \u00e9criture est marqu\u00e9e par une <strong data-start=\"1442\" data-end=\"1454\">vivacit\u00e9<\/strong> qui rappelle la conversation des salons parisiens : phrases rapides, digressions soudaines, anecdotes pleines d\u2019esprit. Ses lettres deviennent ainsi une v\u00e9ritable sc\u00e8ne de th\u00e9\u00e2tre miniature, o\u00f9 la marquise donne vie aux personnages de la cour, aux rumeurs, aux \u00e9v\u00e9nements.<\/p><p data-start=\"1731\" data-end=\"1976\">L\u2019ironie lui permet aussi de prendre de la distance vis-\u00e0-vis de ses propres \u00e9motions. Plut\u00f4t que de se livrer dans un ton path\u00e9tique, elle enveloppe ses sentiments d\u2019une touche de l\u00e9g\u00e8ret\u00e9, rendant sa douleur plus subtile et plus universelle.<\/p><h3 data-start=\"1978\" data-end=\"2015\">Rapports aux genres litt\u00e9raires<\/h3><p data-start=\"2016\" data-end=\"2297\">Enfin, le style de <strong data-start=\"2035\" data-end=\"2056\">Madame de S\u00e9vign\u00e9<\/strong> se distingue par son rapport complexe aux genres litt\u00e9raires de son temps. Bien qu\u2019elle ne soit pas romanci\u00e8re, ses lettres empruntent parfois au <strong data-start=\"2203\" data-end=\"2220\">roman baroque<\/strong> : construction d\u2019intrigues, effets de suspense, portraits vifs et color\u00e9s.<\/p><p data-start=\"2299\" data-end=\"2646\">Cependant, elle revendique une <strong data-start=\"2330\" data-end=\"2350\">fid\u00e9lit\u00e9 au r\u00e9el<\/strong>, se d\u00e9marquant du romanesque excessif. Sa correspondance illustre une esth\u00e9tique du vrai, o\u00f9 l\u2019impr\u00e9vu de la vie prend le pas sur la fiction. C\u2019est en cela qu\u2019elle rejoint la tradition des moralistes classiques, tout en inventant un art litt\u00e9raire propre, situ\u00e9 entre la chronique et le roman.<\/p><h2 data-start=\"228\" data-end=\"262\">Madame de S\u00e9vign\u00e9 et la lecture<\/h2><h3 data-start=\"264\" data-end=\"312\">Lectures formatrices et culture litt\u00e9raire<\/h3><p data-start=\"313\" data-end=\"599\">L\u2019univers de <strong data-start=\"326\" data-end=\"347\">Madame de S\u00e9vign\u00e9<\/strong> ne se limite pas \u00e0 ses lettres : il est nourri par ses <strong data-start=\"403\" data-end=\"437\">lectures nombreuses et vari\u00e9es<\/strong>. D\u00e8s sa jeunesse, elle re\u00e7oit une \u00e9ducation exceptionnelle pour une femme de son temps, qui lui permet de lire aussi bien les auteurs anciens que les modernes.<\/p><p data-start=\"601\" data-end=\"1003\">Elle cite dans sa correspondance aussi bien <strong data-start=\"645\" data-end=\"663\">les moralistes<\/strong> comme La Rochefoucauld, que des auteurs antiques, ou encore des romanciers contemporains. Ces lectures sont pour elle une source de comparaison, d\u2019illustration, mais aussi d\u2019<strong data-start=\"838\" data-end=\"868\">enrichissement stylistique<\/strong>. On retrouve dans ses lettres une m\u00e9moire vive de ses lectures, qui nourrit son go\u00fbt pour l\u2019analyse, l\u2019humour et les portraits vifs.<\/p><h3 data-start=\"1005\" data-end=\"1047\">Critique implicite et positionnement<\/h3><p data-start=\"1048\" data-end=\"1292\">Mais <strong data-start=\"1053\" data-end=\"1074\">Madame de S\u00e9vign\u00e9<\/strong> n\u2019est pas seulement une lectrice : elle est aussi une <strong data-start=\"1129\" data-end=\"1162\">critique litt\u00e9raire implicite<\/strong>. Dans ses lettres, elle commente les \u0153uvres qu\u2019elle lit, exprime des jugements, souligne ce qu\u2019elle aime ou ce qu\u2019elle rejette.<\/p><p data-start=\"1294\" data-end=\"1681\">Ainsi, elle se montre parfois m\u00e9fiante vis-\u00e0-vis des <strong data-start=\"1347\" data-end=\"1366\">romans baroques<\/strong>, jug\u00e9s trop artificiels, trop \u00e9loign\u00e9s de la v\u00e9rit\u00e9. Elle pr\u00e9f\u00e8re une litt\u00e9rature plus sobre, plus ancr\u00e9e dans la vie r\u00e9elle. Cette attitude se retrouve dans ses propres lettres, qui, tout en empruntant parfois aux techniques romanesques (suspense, intrigue), revendiquent toujours une <strong data-start=\"1653\" data-end=\"1678\">authenticit\u00e9 du r\u00e9cit<\/strong>.<\/p><h3 data-start=\"1683\" data-end=\"1722\">La lecture comme pratique sociale<\/h3><p data-start=\"1723\" data-end=\"2079\">Pour <strong data-start=\"1728\" data-end=\"1749\">Madame de S\u00e9vign\u00e9<\/strong>, la lecture n\u2019est pas seulement une activit\u00e9 individuelle : elle est aussi un <strong data-start=\"1828\" data-end=\"1847\">plaisir partag\u00e9<\/strong>. Dans les salons litt\u00e9raires qu\u2019elle fr\u00e9quente, la lecture \u00e0 voix haute est une pratique courante. Lire, commenter, discuter d\u2019un livre devient une fa\u00e7on de briller, d\u2019affirmer son go\u00fbt, et d\u2019appartenir \u00e0 une communaut\u00e9 cultiv\u00e9e.<\/p><p data-start=\"2081\" data-end=\"2388\">Ses lettres refl\u00e8tent cette dimension sociale : elle raconte ce qu\u2019elle lit, d\u00e9crit ses impressions, les compare \u00e0 celles de ses amis ou correspondants. La lecture devient alors un <strong data-start=\"2262\" data-end=\"2282\">dialogue continu<\/strong> avec ses proches, une mani\u00e8re de nourrir la conversation, de maintenir un lien intellectuel \u00e0 distance.<\/p><p data-start=\"2390\" data-end=\"2718\">En somme, les lectures de Madame de S\u00e9vign\u00e9 jouent un r\u00f4le central dans la construction de son style et dans la richesse de sa correspondance. Elles lui offrent un vocabulaire, des r\u00e9f\u00e9rences, mais aussi une posture critique qui fait d\u2019elle non seulement une \u00e9pistoli\u00e8re, mais une v\u00e9ritable <strong data-start=\"2681\" data-end=\"2701\">femme de lettres<\/strong> au sens plein.<\/p><h2 data-start=\"208\" data-end=\"236\">Foire aux questions (FAQ)<\/h2><h3 data-start=\"238\" data-end=\"273\">Qui \u00e9tait Madame de S\u00e9vign\u00e9 ?<\/h3><p data-start=\"274\" data-end=\"568\"><strong data-start=\"274\" data-end=\"295\">Madame de S\u00e9vign\u00e9<\/strong>, n\u00e9e Marie de Rabutin-Chantal (1626-1696), est une aristocrate fran\u00e7aise devenue c\u00e9l\u00e8bre pour sa vaste <strong data-start=\"399\" data-end=\"417\">correspondance<\/strong>. Elle est surtout connue pour ses lettres adress\u00e9es \u00e0 sa fille, la comtesse de Grignan, qui constituent un chef-d\u2019\u0153uvre de la litt\u00e9rature fran\u00e7aise.<\/p><h3 data-start=\"575\" data-end=\"617\">\u00c0 qui \u00e9crivait-elle principalement ?<\/h3><p data-start=\"618\" data-end=\"882\">Madame de S\u00e9vign\u00e9 \u00e9crivait \u00e0 plusieurs correspondants, mais la majorit\u00e9 de ses lettres \u00e9taient adress\u00e9es \u00e0 sa <strong data-start=\"728\" data-end=\"769\">fille Fran\u00e7oise-Marguerite de Grignan<\/strong>. Elle entretenait aussi une correspondance avec des amis proches, comme Madame de La Fayette ou Bussy-Rabutin.<\/p><h3 data-start=\"889\" data-end=\"937\">Pourquoi ses lettres sont-elles c\u00e9l\u00e8bres ?<\/h3><p data-start=\"938\" data-end=\"1232\">Les lettres de Madame de S\u00e9vign\u00e9 sont c\u00e9l\u00e8bres pour leur <strong data-start=\"995\" data-end=\"1031\">style naturel, vivant et \u00e9l\u00e9gant<\/strong>, leur richesse d\u2019observation et leur m\u00e9lange d\u2019anecdotes intimes et de descriptions historiques. Elles offrent \u00e0 la fois une \u00e9motion sinc\u00e8re et un t\u00e9moignage pr\u00e9cieux sur la soci\u00e9t\u00e9 du XVII\u1d49 si\u00e8cle.<\/p><h3 data-start=\"1239\" data-end=\"1285\">Quel est le style de Madame de S\u00e9vign\u00e9 ?<\/h3><p data-start=\"1286\" data-end=\"1592\">Le style de Madame de S\u00e9vign\u00e9 est souvent d\u00e9crit comme <strong data-start=\"1341\" data-end=\"1378\">spontan\u00e9, clair et plein d\u2019esprit<\/strong>. En r\u00e9alit\u00e9, il s\u2019agit d\u2019un \u00e9quilibre subtil entre naturel apparent et travail litt\u00e9raire. Elle utilise l\u2019ironie, l\u2019humour, les digressions et des images vives qui rappellent l\u2019art de la conversation des salons.<\/p><h3 data-start=\"1599\" data-end=\"1653\">Quelle est la valeur historique de ses lettres ?<\/h3><p data-start=\"1654\" data-end=\"1938\">La correspondance de Madame de S\u00e9vign\u00e9 est une <strong data-start=\"1701\" data-end=\"1730\">source historique majeure<\/strong>. Elle d\u00e9crit la vie de la cour de Louis XIV, les usages aristocratiques, les d\u00e9bats religieux et politiques, ainsi que les mentalit\u00e9s de son \u00e9poque. Elle combine observation intime et chronique collective.<\/p><h3 data-start=\"1945\" data-end=\"2009\">Madame de S\u00e9vign\u00e9 \u00e9tait-elle une f\u00e9ministe avant l\u2019heure ?<\/h3><p data-start=\"2010\" data-end=\"2290\">On ne peut pas qualifier Madame de S\u00e9vign\u00e9 de <strong data-start=\"2056\" data-end=\"2069\">f\u00e9ministe<\/strong> au sens moderne. Toutefois, son r\u00f4le de femme lettr\u00e9e, reconnue pour son style et sa culture, illustre l\u2019importance des <strong data-start=\"2190\" data-end=\"2227\">femmes dans la vie intellectuelle<\/strong> du XVII\u1d49 si\u00e8cle, notamment \u00e0 travers les salons litt\u00e9raires.<\/p><h3 data-start=\"2297\" data-end=\"2353\">Ses lettres ont-elles \u00e9t\u00e9 publi\u00e9es de son vivant ?<\/h3><p data-start=\"2354\" data-end=\"2610\">Non. De son vivant, la correspondance de Madame de S\u00e9vign\u00e9 circulait dans un cercle priv\u00e9. Les <strong data-start=\"2449\" data-end=\"2471\">premi\u00e8res \u00e9ditions<\/strong> paraissent apr\u00e8s sa mort, au XVIII\u1d49 si\u00e8cle. Elles rencontrent un immense succ\u00e8s mais comportent souvent des alt\u00e9rations et des censures.<\/p><h3 data-start=\"2617\" data-end=\"2670\">Comment son \u0153uvre est-elle per\u00e7ue aujourd\u2019hui ?<\/h3><p data-start=\"2671\" data-end=\"2942\">Aujourd\u2019hui, les lettres de Madame de S\u00e9vign\u00e9 sont \u00e9tudi\u00e9es comme des <strong data-start=\"2741\" data-end=\"2783\">classiques de la litt\u00e9rature fran\u00e7aise<\/strong>. Elles int\u00e9ressent aussi bien les historiens que les litt\u00e9raires, car elles t\u00e9moignent d\u2019un art \u00e9pistolaire unique et d\u2019une vision incarn\u00e9e du XVII\u1d49 si\u00e8cle.<\/p><h2 data-start=\"190\" data-end=\"205\">Conclusion<\/h2><p data-start=\"207\" data-end=\"559\">La correspondance de <strong data-start=\"228\" data-end=\"249\">Madame de S\u00e9vign\u00e9<\/strong> est bien plus qu\u2019un simple \u00e9change entre une m\u00e8re et sa fille : elle est une <strong data-start=\"327\" data-end=\"372\">\u0153uvre majeure de la litt\u00e9rature fran\u00e7aise<\/strong>, \u00e0 la crois\u00e9e de l\u2019intime, du social et de l\u2019historique. Par son style vivant, m\u00ealant naturel et raffinement, elle parvient \u00e0 donner une valeur universelle \u00e0 ses \u00e9motions personnelles.<\/p><p data-start=\"561\" data-end=\"940\">Ses lettres constituent aussi une <strong data-start=\"595\" data-end=\"624\">chronique du XVII\u1d49 si\u00e8cle<\/strong>, d\u00e9crivant la vie aristocratique, les intrigues de la cour et les mentalit\u00e9s d\u2019une \u00e9poque marqu\u00e9e par le r\u00e8gne de Louis XIV. \u00c0 travers elles, Madame de S\u00e9vign\u00e9 illustre la puissance de la plume f\u00e9minine dans un monde domin\u00e9 par les hommes, tout en inscrivant sa voix dans la grande tradition litt\u00e9raire fran\u00e7aise.<\/p><p data-start=\"942\" data-end=\"1263\">Aujourd\u2019hui encore, son \u0153uvre nous captive par sa modernit\u00e9 : elle nous rappelle que la litt\u00e9rature n\u2019est pas seulement affaire de fiction, mais aussi d\u2019<strong data-start=\"1095\" data-end=\"1138\">exp\u00e9rience v\u00e9cue, partag\u00e9e et transmise<\/strong>. Madame de S\u00e9vign\u00e9 demeure ainsi une figure incontournable, dont la lecture \u00e9claire aussi bien le pass\u00e9 que notre pr\u00e9sent.<\/p><p data-start=\"942\" data-end=\"1263\">Pour approfondir votre d\u00e9couverte de Madame de S\u00e9vign\u00e9 et de son \u00e9poque, vous pouvez consulter la page de r\u00e9f\u00e9rence sur <em data-start=\"6630\" data-end=\"6677\">Marie de Rabutin\u2011Chantal, marquise de S\u00e9vign\u00e9<\/em> sur Wikip\u00e9dia ici : \ud83d\udc49 <a href=\"https:\/\/fr.wikipedia.org\/wiki\/Marie_de_Rabutin-Chantal,_marquise_de_S\u00e9vign%C3%A9.\" target=\"_blank\" rel=\"noopener\">https:\/\/fr.wikipedia.org\/wiki\/Marie_de_Rabutin-Chantal,_marquise_de_S\u00e9vign%C3%A9.<\/a><\/p>\t\t\t\t\t\t\t\t<\/div>\n\t\t\t\t\t<\/div>\n\t\t\t\t<\/div>\n\t\t<div class=\"elementor-element elementor-element-2b307cd e-flex e-con-boxed e-con e-parent\" data-id=\"2b307cd\" data-element_type=\"container\" data-e-type=\"container\">\n\t\t\t\t\t<div class=\"e-con-inner\">\n\t\t\t\t<div class=\"elementor-element elementor-element-83386a9 elementor-widget elementor-widget-listeo-posts-grid\" data-id=\"83386a9\" data-element_type=\"widget\" data-e-type=\"widget\" data-widget_type=\"listeo-posts-grid.default\">\n\t\t\t\t<div class=\"elementor-widget-container\">\n\t\t\t\t\t\t\t\n\t\t<div class=\"listeo-post-grid-wrapper\">\n\t\t\t<div class=\"row\">\n\n\t\t\t\n\n\t\t\t\t\t\t\t<div class=\"col-md-4\">\n                <a href=\"https:\/\/cparici.com\/en\/haute-saone\/\" class=\"blog-compact-item-container\">\n                    <div class=\"blog-compact-item\">\n                        <img decoding=\"async\" width=\"577\" height=\"204\" src=\"https:\/\/cparici.com\/wp-content\/uploads\/2025\/03\/cparici-2025-03-03T085947.305-577x204.jpg\" class=\"attachment-listeo-blog-related-post size-listeo-blog-related-post wp-post-image\" alt=\"Haute Sa\u00f4ne d\u00e9partement\" srcset=\"https:\/\/cparici.com\/wp-content\/uploads\/2025\/03\/cparici-2025-03-03T085947.305-577x204.jpg 577w, https:\/\/cparici.com\/wp-content\/uploads\/2025\/03\/cparici-2025-03-03T085947.305-300x106.jpg 300w, https:\/\/cparici.com\/wp-content\/uploads\/2025\/03\/cparici-2025-03-03T085947.305-1024x362.jpg 1024w, https:\/\/cparici.com\/wp-content\/uploads\/2025\/03\/cparici-2025-03-03T085947.305-768x271.jpg 768w, https:\/\/cparici.com\/wp-content\/uploads\/2025\/03\/cparici-2025-03-03T085947.305-18x6.jpg 18w, https:\/\/cparici.com\/wp-content\/uploads\/2025\/03\/cparici-2025-03-03T085947.305-590x208.jpg 590w, https:\/\/cparici.com\/wp-content\/uploads\/2025\/03\/cparici-2025-03-03T085947.305-1200x424.jpg 1200w, https:\/\/cparici.com\/wp-content\/uploads\/2025\/03\/cparici-2025-03-03T085947.305-600x212.jpg 600w, https:\/\/cparici.com\/wp-content\/uploads\/2025\/03\/cparici-2025-03-03T085947.305.jpg 1500w\" sizes=\"(max-width: 577px) 100vw, 577px\" \/><span class=\"blog-item-tag\">Bourgogne Franche Comt\u00e9<\/span>                        \n                        <div class=\"blog-compact-item-content\">\n                                                        <h3>Haute-Sa\u00f4ne : Voyage \u00e0 travers ses Paysages<\/h3>\n                                                        <p>Recherches populaires Categories Pas de r\u00e9sultats Voir tous les r\u00e9sultats Haute-Sa\u00f4ne La Haute-Sa\u00f4ne, situ\u00e9e dans...                            <\/p>\n                                                    <\/div>\n                    <\/div>\n                <\/a>\n            <\/div>\n\t\t\t<div class=\"col-md-4\">\n                <a href=\"https:\/\/cparici.com\/en\/ile-de-france\/\" class=\"blog-compact-item-container\">\n                    <div class=\"blog-compact-item\">\n                        <img decoding=\"async\" width=\"577\" height=\"213\" src=\"https:\/\/cparici.com\/wp-content\/uploads\/2024\/06\/ile-de-france.jpg\" class=\"attachment-listeo-blog-related-post size-listeo-blog-related-post wp-post-image\" alt=\"Ile de France\" srcset=\"https:\/\/cparici.com\/wp-content\/uploads\/2024\/06\/ile-de-france.jpg 1500w, https:\/\/cparici.com\/wp-content\/uploads\/2024\/06\/ile-de-france-600x221.jpg 600w, https:\/\/cparici.com\/wp-content\/uploads\/2024\/06\/ile-de-france-300x111.jpg 300w, https:\/\/cparici.com\/wp-content\/uploads\/2024\/06\/ile-de-france-1024x378.jpg 1024w, https:\/\/cparici.com\/wp-content\/uploads\/2024\/06\/ile-de-france-768x283.jpg 768w\" sizes=\"(max-width: 577px) 100vw, 577px\" \/><span class=\"blog-item-tag\">France<\/span>                        \n                        <div class=\"blog-compact-item-content\">\n                                                        <h3>Ile de France &#8211; Guide pratique des meilleurs sites et activit\u00e9s<\/h3>\n                                                        <p>Que faire en Ile de France ? Quels sont les meilleurs sites \u00e0 visiter, les...                            <\/p>\n                                                    <\/div>\n                    <\/div>\n                <\/a>\n            <\/div>\n\t\t\t<div class=\"col-md-4\">\n                <a href=\"https:\/\/cparici.com\/en\/rennes\/\" class=\"blog-compact-item-container\">\n                    <div class=\"blog-compact-item\">\n                        <img decoding=\"async\" width=\"577\" height=\"214\" src=\"https:\/\/cparici.com\/wp-content\/uploads\/2024\/06\/rennes.jpg\" class=\"attachment-listeo-blog-related-post size-listeo-blog-related-post wp-post-image\" alt=\"rennes\" srcset=\"https:\/\/cparici.com\/wp-content\/uploads\/2024\/06\/rennes.jpg 1500w, https:\/\/cparici.com\/wp-content\/uploads\/2024\/06\/rennes-600x222.jpg 600w, https:\/\/cparici.com\/wp-content\/uploads\/2024\/06\/rennes-300x111.jpg 300w, https:\/\/cparici.com\/wp-content\/uploads\/2024\/06\/rennes-1024x380.jpg 1024w, https:\/\/cparici.com\/wp-content\/uploads\/2024\/06\/rennes-768x285.jpg 768w\" sizes=\"(max-width: 577px) 100vw, 577px\" \/><span class=\"blog-item-tag\">Bretagne<\/span>                        \n                        <div class=\"blog-compact-item-content\">\n                                                        <h3>Rennes : guide complet pour explorer la ville<\/h3>\n                                                        <p>Ville de Rennes : d\u00e9couvrez les secrets de la m\u00e9tropole bretonne. Un guide complet pour...                            <\/p>\n                                                    <\/div>\n                    <\/div>\n                <\/a>\n            <\/div>\n  <\/div>\n        <\/div>\n        \t\t\t\t<\/div>\n\t\t\t\t<\/div>\n\t\t\t\t\t<\/div>\n\t\t\t\t<\/div>\n\t\t\t\t<\/div>\n\t\t","protected":false},"excerpt":{"rendered":"<p>Recherches populaires Categories Pas de r\u00e9sultats Voir tous les r\u00e9sultats Madame de S\u00e9vign\u00e9 : vie, correspondance et h\u00e9ritage litt\u00e9raire Madame de S\u00e9vign\u00e9 (Marie de Rabutin-Chantal, 1626-1696) est l\u2019une des plus grandes figures de la litt\u00e9rature fran\u00e7aise. Son \u0153uvre n\u2019est pas un roman ni un trait\u00e9, mais une vaste correspondance qui, par sa richesse, son naturel [&hellip;]<\/p>\n","protected":false},"author":97,"featured_media":70477,"comment_status":"closed","ping_status":"closed","sticky":false,"template":"","format":"standard","meta":{"ngg_post_thumbnail":0,"footnotes":""},"categories":[2815,477,315],"tags":[],"class_list":["post-70474","post","type-post","status-publish","format-standard","has-post-thumbnail","hentry","category-personnage-historique","category-france","category-histoire"],"_links":{"self":[{"href":"https:\/\/cparici.com\/en\/wp-json\/wp\/v2\/posts\/70474","targetHints":{"allow":["GET"]}}],"collection":[{"href":"https:\/\/cparici.com\/en\/wp-json\/wp\/v2\/posts"}],"about":[{"href":"https:\/\/cparici.com\/en\/wp-json\/wp\/v2\/types\/post"}],"author":[{"embeddable":true,"href":"https:\/\/cparici.com\/en\/wp-json\/wp\/v2\/users\/97"}],"replies":[{"embeddable":true,"href":"https:\/\/cparici.com\/en\/wp-json\/wp\/v2\/comments?post=70474"}],"version-history":[{"count":0,"href":"https:\/\/cparici.com\/en\/wp-json\/wp\/v2\/posts\/70474\/revisions"}],"wp:featuredmedia":[{"embeddable":true,"href":"https:\/\/cparici.com\/en\/wp-json\/wp\/v2\/media\/70477"}],"wp:attachment":[{"href":"https:\/\/cparici.com\/en\/wp-json\/wp\/v2\/media?parent=70474"}],"wp:term":[{"taxonomy":"category","embeddable":true,"href":"https:\/\/cparici.com\/en\/wp-json\/wp\/v2\/categories?post=70474"},{"taxonomy":"post_tag","embeddable":true,"href":"https:\/\/cparici.com\/en\/wp-json\/wp\/v2\/tags?post=70474"}],"curies":[{"name":"wp","href":"https:\/\/api.w.org\/{rel}","templated":true}]}}