{"id":74704,"date":"2026-01-07T11:45:07","date_gmt":"2026-01-07T10:45:07","guid":{"rendered":"https:\/\/cparici.com\/?p=74704"},"modified":"2026-01-07T11:49:04","modified_gmt":"2026-01-07T10:49:04","slug":"oradour-sur-glane-village-martyr","status":"publish","type":"post","link":"https:\/\/cparici.com\/en\/oradour-sur-glane-village-martyr\/","title":{"rendered":"Oradour-sur-Glane, guide to the martyred village"},"content":{"rendered":"\t\t<div data-elementor-type=\"wp-post\" data-elementor-id=\"74704\" class=\"elementor elementor-74704\" data-elementor-post-type=\"post\">\n\t\t\t\t<div class=\"elementor-element elementor-element-2b9959f e-con-full e-flex e-con e-parent\" data-id=\"2b9959f\" data-element_type=\"container\" data-e-type=\"container\">\n\t\t\t\t<div class=\"elementor-element elementor-element-a4b78b7 elementor-widget elementor-widget-image\" data-id=\"a4b78b7\" data-element_type=\"widget\" data-e-type=\"widget\" data-widget_type=\"image.default\">\n\t\t\t\t\t\t\t\t\t\t\t\t\t\t\t<img decoding=\"async\" width=\"1500\" height=\"503\" src=\"https:\/\/cparici.com\/wp-content\/uploads\/2026\/01\/Oradour-sur-glane-Alex-B-Arts-web-reduit.jpg\" class=\"attachment-full size-full wp-image-74705\" alt=\"Oradour\u2011sur\u2011Glane\" srcset=\"https:\/\/cparici.com\/wp-content\/uploads\/2026\/01\/Oradour-sur-glane-Alex-B-Arts-web-reduit.jpg 1500w, https:\/\/cparici.com\/wp-content\/uploads\/2026\/01\/Oradour-sur-glane-Alex-B-Arts-web-reduit-300x101.jpg 300w, https:\/\/cparici.com\/wp-content\/uploads\/2026\/01\/Oradour-sur-glane-Alex-B-Arts-web-reduit-1024x343.jpg 1024w, https:\/\/cparici.com\/wp-content\/uploads\/2026\/01\/Oradour-sur-glane-Alex-B-Arts-web-reduit-768x258.jpg 768w, https:\/\/cparici.com\/wp-content\/uploads\/2026\/01\/Oradour-sur-glane-Alex-B-Arts-web-reduit-18x6.jpg 18w, https:\/\/cparici.com\/wp-content\/uploads\/2026\/01\/Oradour-sur-glane-Alex-B-Arts-web-reduit-590x198.jpg 590w, https:\/\/cparici.com\/wp-content\/uploads\/2026\/01\/Oradour-sur-glane-Alex-B-Arts-web-reduit-1200x402.jpg 1200w, https:\/\/cparici.com\/wp-content\/uploads\/2026\/01\/Oradour-sur-glane-Alex-B-Arts-web-reduit-577x193.jpg 577w, https:\/\/cparici.com\/wp-content\/uploads\/2026\/01\/Oradour-sur-glane-Alex-B-Arts-web-reduit-600x201.jpg 600w\" sizes=\"(max-width: 1500px) 100vw, 1500px\" \/>\t\t\t\t\t\t\t\t\t\t\t\t\t\t\t<\/div>\n\t\t\t\t<\/div>\n\t\t<nav class=\"elementor-element elementor-element-e08d97f e-flex e-con-boxed e-con e-parent\" data-id=\"e08d97f\" data-element_type=\"container\" data-e-type=\"container\">\n\t\t\t\t\t<div class=\"e-con-inner\">\n\t\t\t\t<div class=\"elementor-element elementor-element-0b5276c elementor-widget elementor-widget-global elementor-global-62046 elementor-widget-eael-advanced-search\" data-id=\"0b5276c\" data-element_type=\"widget\" data-e-type=\"widget\" data-widget_type=\"eael-advanced-search.default\">\n\t\t\t\t\t        <div class=\"eael-adv-search-wrapper\">\n            <div id=\"eael-advanced-search-widget-0b5276c\" class=\"eael-advanced-search-widget\">\n                <form data-settings=\"{&quot;post_per_page&quot;:5,&quot;search_among_taxonomies&quot;:&quot;&quot;,&quot;search_among_sku&quot;:&quot;no&quot;,&quot;show_popular_keyword&quot;:0,&quot;show_category&quot;:0,&quot;show_content_image&quot;:1,&quot;show_search_result_all_results&quot;:0,&quot;result_on_new_tab&quot;:&quot;no&quot;,&quot;show_product_price&quot;:&quot;no&quot;,&quot;include_current_page&quot;:&quot;no&quot;,&quot;current_post_id&quot;:74704,&quot;post_type&quot;:[&quot;post&quot;,&quot;listing&quot;]}\" method=\"POST\" name=\"eael-advanced-search-form-0b5276c\" class=\"eael-advanced-search-form eael-advanced-search-form-style-2\">\n                    <div class=\"eael-advanced-search-wrap\">\n                        <span class=\"eael-adv-search-loader\"><\/span>\n                        <span class=\"eael-adv-search-close\"><i class=\"fas fa-times\"><\/i><\/span>\n                        <span class=\"icon \"><i class=\"fas fa-search\"><\/i><\/span>\n\n                        <input type=\"text\"\n                               placeholder=\"Votre destination\"\n                               class=\"eael-advanced-search\" autocomplete=\"off\" name=\"eael_advanced_search\">\n                    <\/div>\n\t\t\t\t\t                                    <\/form>\n\n\t\t\t\t\n\t\t\t\t        <div class=\"eael-advanced-search-result\">\n            <div class=\"eael-advanced-search-popular-keyword\">\n\t\t\t\t<h4 class=\"eael-advanced-search-popular-keyword-text\">Recherches populaires<\/h4>                <div class=\"eael-popular-keyword-content\"><\/div>\n            <\/div>\n            <div class=\"eael-advanced-search-category\">\n\t\t\t\t<h4 class=\"eael-advanced-search-category-text\">Categories<\/h4>                <div class=\"eael-popular-category-content\"><\/div>\n            <\/div>\n\t\t\t<div class=\"eael-advanced-search-total-results-section\">\n\t\t\t\t\t\t\t<\/div>\n            <div class=\"eael-advanced-search-content eael-item-style-3\">\n            <\/div>\n            <div class=\"eael-advanced-search-not-found\">\n                <p>Pas de r\u00e9sultats<\/p><\/div>\n            <div class=\"eael-advanced-search-load-more\">\n\t\t\t\t<a \tclass=\"eael-advanced-search-load-more-button\"\n                \thref=\"#\">Voir tous les r\u00e9sultats<\/a>\n            <\/div>\n        <\/div>\n\n\t\t            <\/div>\n        <\/div>\n\n\t\t\t\t\t\t<\/div>\n\t\t\t\t\t<\/div>\n\t\t\t\t<\/nav>\n\t\t<div class=\"elementor-element elementor-element-1e4b2f73 e-flex e-con-boxed e-con e-parent\" data-id=\"1e4b2f73\" data-element_type=\"container\" data-e-type=\"container\">\n\t\t\t\t\t<div class=\"e-con-inner\">\n\t\t\t\t<div class=\"elementor-element elementor-element-1f04681b elementor-widget elementor-widget-text-editor\" data-id=\"1f04681b\" data-element_type=\"widget\" data-e-type=\"widget\" data-widget_type=\"text-editor.default\">\n\t\t\t\t\t\t\t\t\t<h1 style=\"text-align: center;\" data-start=\"459\" data-end=\"535\">Oradour\u2011sur\u2011Glane,\u00a0 guide de visite du village martyr<\/h1>\r\n<h2 data-start=\"542\" data-end=\"575\">\u00a0R\u00e9sum\u00e9 rapide<\/h2>\r\n<div class=\"TyagGW_tableContainer\">\r\n<div class=\"group TyagGW_tableWrapper flex w-fit flex-col-reverse\" tabindex=\"-1\">\r\n<table class=\"w-fit min-w-(--thread-content-width)\" data-start=\"577\" data-end=\"1504\">\r\n<thead data-start=\"577\" data-end=\"690\">\r\n<tr data-start=\"577\" data-end=\"690\">\r\n<th data-start=\"577\" data-end=\"599\" data-col-size=\"sm\">\u00c9l\u00e9ment<\/th>\r\n<th data-start=\"599\" data-end=\"690\" data-col-size=\"md\">D\u00e9tail<\/th>\r\n<\/tr>\r\n<\/thead>\r\n<tbody data-start=\"806\" data-end=\"1504\">\r\n<tr data-start=\"806\" data-end=\"921\">\r\n<td data-start=\"806\" data-end=\"829\" data-col-size=\"sm\">\ud83d\udccd Localisation<\/td>\r\n<td data-col-size=\"md\" data-start=\"829\" data-end=\"921\">Haute-Vienne, Nouvelle-Aquitaine, \u00e0 22 km de Limoges<\/td>\r\n<\/tr>\r\n<tr data-start=\"922\" data-end=\"1038\">\r\n<td data-start=\"922\" data-end=\"946\" data-col-size=\"sm\">\ud83d\udd6f\ufe0f \u00c9v\u00e9nement cl\u00e9<\/td>\r\n<td data-col-size=\"md\" data-start=\"946\" data-end=\"1038\">Massacre de <strong data-start=\"960\" data-end=\"974\">642 civils<\/strong> le <strong data-start=\"978\" data-end=\"994\">10 juin 1944<\/strong> par la division SS Das Reich<\/td>\r\n<\/tr>\r\n<tr data-start=\"1039\" data-end=\"1154\">\r\n<td data-start=\"1039\" data-end=\"1063\" data-col-size=\"sm\">\ud83c\udfdb\ufe0f Statut actuel<\/td>\r\n<td data-col-size=\"md\" data-start=\"1063\" data-end=\"1154\"><strong data-start=\"1065\" data-end=\"1083\">Village martyr<\/strong> conserv\u00e9 en ruines + Centre de la m\u00e9moire<\/td>\r\n<\/tr>\r\n<tr data-start=\"1155\" data-end=\"1270\">\r\n<td data-start=\"1155\" data-end=\"1179\" data-col-size=\"sm\">\ud83c\udfaf Int\u00e9r\u00eat<\/td>\r\n<td data-start=\"1179\" data-end=\"1270\" data-col-size=\"md\">Site majeur du <strong data-start=\"1196\" data-end=\"1219\">tourisme de m\u00e9moire<\/strong>, lieu de recueillement et d\u2019histoire vivante<\/td>\r\n<\/tr>\r\n<tr data-start=\"1271\" data-end=\"1387\">\r\n<td data-start=\"1271\" data-end=\"1295\" data-col-size=\"sm\">\ud83d\udd70\ufe0f Dur\u00e9e de visite<\/td>\r\n<td data-col-size=\"md\" data-start=\"1295\" data-end=\"1387\">2 \u00e0 3 heures pour le site et le centre de m\u00e9moire<\/td>\r\n<\/tr>\r\n<tr data-start=\"1388\" data-end=\"1504\">\r\n<td data-start=\"1388\" data-end=\"1412\" data-col-size=\"sm\">\ud83d\udcac Ce qu\u2019il symbolise<\/td>\r\n<td data-start=\"1412\" data-end=\"1504\" data-col-size=\"md\">La barbarie de la guerre et le devoir de m\u00e9moire<\/td>\r\n<\/tr>\r\n<\/tbody>\r\n<\/table>\r\n<\/div>\r\n<\/div>\r\n<h2 data-start=\"1511\" data-end=\"1547\">Un village vivant avant la guerre<\/h2>\r\n<h3 data-start=\"1549\" data-end=\"1586\">Une soci\u00e9t\u00e9 dynamique du Limousin<\/h3>\r\n<p data-start=\"1588\" data-end=\"1816\">Avant 1944, <strong data-start=\"1600\" data-end=\"1621\">Oradour\u2011sur\u2011Glane<\/strong> \u00e9tait un bourg rural typique du <strong data-start=\"1654\" data-end=\"1674\">pays du Limousin<\/strong>, vivant du commerce, de l\u2019artisanat et de l\u2019agriculture. Gr\u00e2ce \u00e0 son march\u00e9 et ses commerces, il attirait de nombreux habitants de la r\u00e9gion.<\/p>\r\n\r\n<div class=\"TyagGW_tableContainer\">\r\n<div class=\"group TyagGW_tableWrapper flex w-fit flex-col-reverse\" tabindex=\"-1\">\r\n<table class=\"w-fit min-w-(--thread-content-width)\" data-start=\"1818\" data-end=\"2101\">\r\n<thead data-start=\"1818\" data-end=\"1871\">\r\n<tr data-start=\"1818\" data-end=\"1871\">\r\n<th data-start=\"1818\" data-end=\"1840\" data-col-size=\"sm\">Donn\u00e9es cl\u00e9s<\/th>\r\n<th data-start=\"1840\" data-end=\"1871\" data-col-size=\"sm\">Valeur<\/th>\r\n<\/tr>\r\n<\/thead>\r\n<tbody data-start=\"1926\" data-end=\"2101\">\r\n<tr data-start=\"1926\" data-end=\"1979\">\r\n<td data-start=\"1926\" data-end=\"1948\" data-col-size=\"sm\">Population en 1944<\/td>\r\n<td data-start=\"1948\" data-end=\"1979\" data-col-size=\"sm\">Environ 330 habitants<\/td>\r\n<\/tr>\r\n<tr data-start=\"1980\" data-end=\"2036\">\r\n<td data-start=\"1980\" data-end=\"2002\" data-col-size=\"sm\">Activit\u00e9s<\/td>\r\n<td data-start=\"2002\" data-end=\"2036\" data-col-size=\"sm\">Agriculture, march\u00e9, artisanat<\/td>\r\n<\/tr>\r\n<tr data-start=\"2037\" data-end=\"2101\">\r\n<td data-start=\"2037\" data-end=\"2059\" data-col-size=\"sm\">Transport<\/td>\r\n<td data-start=\"2059\" data-end=\"2101\" data-col-size=\"sm\">Pr\u00e9sence d\u2019un <strong data-start=\"2075\" data-end=\"2086\">tramway<\/strong> vers Limoges<\/td>\r\n<\/tr>\r\n<\/tbody>\r\n<\/table>\r\n<\/div>\r\n<\/div>\r\n<h3 data-start=\"2103\" data-end=\"2134\">Une population accueillante<\/h3>\r\n<p data-start=\"2136\" data-end=\"2303\">Le village accueillait aussi des <strong data-start=\"2169\" data-end=\"2191\">r\u00e9fugi\u00e9s espagnols<\/strong>, des familles alsaciennes d\u00e9plac\u00e9es et des <strong data-start=\"2235\" data-end=\"2255\">Juifs pers\u00e9cut\u00e9s<\/strong>, preuve de sa diversit\u00e9 humaine avant le drame.<\/p>\r\n\r\n<h2 data-start=\"2310\" data-end=\"2340\">Le massacre du 10 juin 1944<\/h2>\r\n<h3 data-start=\"2342\" data-end=\"2391\">Contexte militaire : la division SS Das Reich<\/h3>\r\n<p data-start=\"2393\" data-end=\"2703\">Dans les jours suivant le <strong data-start=\"2419\" data-end=\"2441\">d\u00e9barquement alli\u00e9<\/strong> du 6 juin 1944, la division blind\u00e9e SS \u00ab\u202fDas Reich\u202f\u00bb remonte du sud-ouest pour rejoindre la Normandie. Connue pour sa brutalit\u00e9, cette division multiplie les actes de repr\u00e9sailles, notamment \u00e0 <strong data-start=\"2635\" data-end=\"2644\">Tulle<\/strong>, o\u00f9 99 otages sont pendus la veille du massacre d\u2019Oradour.<\/p>\r\n\r\n<h3 data-start=\"2705\" data-end=\"2732\">D\u00e9roulement du massacre<\/h3>\r\n<p data-start=\"2734\" data-end=\"2855\">Les SS encerclent le village \u00e0 la mi-journ\u00e9e, sous pr\u00e9texte d\u2019une v\u00e9rification d\u2019identit\u00e9. Les habitants sont rassembl\u00e9s.<\/p>\r\n\r\n<div class=\"TyagGW_tableContainer\">\r\n<div class=\"group TyagGW_tableWrapper flex w-fit flex-col-reverse\" tabindex=\"-1\">\r\n<table class=\"w-fit min-w-(--thread-content-width)\" data-start=\"2857\" data-end=\"3437\">\r\n<thead data-start=\"2857\" data-end=\"2952\">\r\n<tr data-start=\"2857\" data-end=\"2952\">\r\n<th data-start=\"2857\" data-end=\"2892\" data-col-size=\"sm\">\u00c9tapes du massacre<\/th>\r\n<th data-start=\"2892\" data-end=\"2952\" data-col-size=\"md\">D\u00e9tail<\/th>\r\n<\/tr>\r\n<\/thead>\r\n<tbody data-start=\"3050\" data-end=\"3437\">\r\n<tr data-start=\"3050\" data-end=\"3146\">\r\n<td data-start=\"3050\" data-end=\"3085\" data-col-size=\"sm\">S\u00e9paration des habitants<\/td>\r\n<td data-col-size=\"md\" data-start=\"3085\" data-end=\"3146\">Hommes vers des granges \u2013 Femmes\/enfants vers l\u2019\u00e9glise<\/td>\r\n<\/tr>\r\n<tr data-start=\"3147\" data-end=\"3243\">\r\n<td data-start=\"3147\" data-end=\"3182\" data-col-size=\"sm\">Ex\u00e9cution des hommes<\/td>\r\n<td data-col-size=\"md\" data-start=\"3182\" data-end=\"3243\">Fusill\u00e9s dans plusieurs granges puis br\u00fbl\u00e9s<\/td>\r\n<\/tr>\r\n<tr data-start=\"3244\" data-end=\"3340\">\r\n<td data-start=\"3244\" data-end=\"3279\" data-col-size=\"sm\">Massacre \u00e0 l\u2019\u00e9glise<\/td>\r\n<td data-col-size=\"md\" data-start=\"3279\" data-end=\"3340\">Incendie volontaire \u2013 tirs sur les fuyards<\/td>\r\n<\/tr>\r\n<tr data-start=\"3341\" data-end=\"3437\">\r\n<td data-start=\"3341\" data-end=\"3376\" data-col-size=\"sm\">Incendie du village<\/td>\r\n<td data-col-size=\"md\" data-start=\"3376\" data-end=\"3437\">Le village est int\u00e9gralement br\u00fbl\u00e9 et d\u00e9truit<\/td>\r\n<\/tr>\r\n<\/tbody>\r\n<\/table>\r\n<\/div>\r\n<\/div>\r\n<h3 data-start=\"3439\" data-end=\"3455\">Bilan humain<\/h3>\r\n<div class=\"TyagGW_tableContainer\">\r\n<div class=\"group TyagGW_tableWrapper flex w-fit flex-col-reverse\" tabindex=\"-1\">\r\n<table class=\"w-fit min-w-(--thread-content-width)\" data-start=\"3457\" data-end=\"3743\">\r\n<thead data-start=\"3457\" data-end=\"3497\">\r\n<tr data-start=\"3457\" data-end=\"3497\">\r\n<th data-start=\"3457\" data-end=\"3475\" data-col-size=\"sm\">Cat\u00e9gorie<\/th>\r\n<th data-start=\"3475\" data-end=\"3497\" data-col-size=\"sm\">Nombre de victimes<\/th>\r\n<\/tr>\r\n<\/thead>\r\n<tbody data-start=\"3539\" data-end=\"3743\">\r\n<tr data-start=\"3539\" data-end=\"3579\">\r\n<td data-start=\"3539\" data-end=\"3557\" data-col-size=\"sm\">Hommes<\/td>\r\n<td data-start=\"3557\" data-end=\"3579\" data-col-size=\"sm\">190<\/td>\r\n<\/tr>\r\n<tr data-start=\"3580\" data-end=\"3620\">\r\n<td data-start=\"3580\" data-end=\"3598\" data-col-size=\"sm\">Femmes<\/td>\r\n<td data-start=\"3598\" data-end=\"3620\" data-col-size=\"sm\">247<\/td>\r\n<\/tr>\r\n<tr data-start=\"3621\" data-end=\"3661\">\r\n<td data-start=\"3621\" data-end=\"3639\" data-col-size=\"sm\">Enfants<\/td>\r\n<td data-start=\"3639\" data-end=\"3661\" data-col-size=\"sm\">205<\/td>\r\n<\/tr>\r\n<tr data-start=\"3662\" data-end=\"3702\">\r\n<td data-start=\"3662\" data-end=\"3680\" data-col-size=\"sm\"><strong data-start=\"3664\" data-end=\"3673\">Total<\/strong><\/td>\r\n<td data-col-size=\"sm\" data-start=\"3680\" data-end=\"3702\"><strong data-start=\"3682\" data-end=\"3689\">642<\/strong><\/td>\r\n<\/tr>\r\n<tr data-start=\"3703\" data-end=\"3743\">\r\n<td data-start=\"3703\" data-end=\"3721\" data-col-size=\"sm\">Survivants<\/td>\r\n<td data-col-size=\"sm\" data-start=\"3721\" data-end=\"3743\">6 \u00e0 7 personnes<\/td>\r\n<\/tr>\r\n<\/tbody>\r\n<\/table>\r\n<\/div>\r\n<\/div>\r\n<h3 data-start=\"3745\" data-end=\"3769\">Anecdotes poignantes<\/h3>\r\n<ul data-start=\"3771\" data-end=\"4030\">\r\n \t<li data-start=\"3771\" data-end=\"3885\">\r\n<p data-start=\"3773\" data-end=\"3885\"><strong data-start=\"3773\" data-end=\"3798\">Marguerite Rouffanche<\/strong>, unique survivante de l\u2019\u00e9glise, a saut\u00e9 d\u2019une fen\u00eatre et s\u2019est cach\u00e9e dans un potager.<\/p>\r\n<\/li>\r\n \t<li data-start=\"3886\" data-end=\"4030\">\r\n<p data-start=\"3888\" data-end=\"4030\">Des photos d\u2019enfants souriants de l\u2019\u00e9cole communale, prises en 1942, sont visibles au <strong data-start=\"3974\" data-end=\"3998\">Centre de la m\u00e9moire<\/strong>. Aucun d\u2019entre eux ne survivra.<\/p>\r\n<\/li>\r\n<\/ul>\r\n<h2 data-start=\"4037\" data-end=\"4062\">Pourquoi ce massacre ?<\/h2>\r\n<h3 data-start=\"4064\" data-end=\"4088\">Les causes suppos\u00e9es<\/h3>\r\n<div class=\"TyagGW_tableContainer\">\r\n<div class=\"group TyagGW_tableWrapper flex w-fit flex-col-reverse\" tabindex=\"-1\">\r\n<table class=\"w-fit min-w-(--thread-content-width)\" data-start=\"4090\" data-end=\"4700\">\r\n<thead data-start=\"4090\" data-end=\"4212\">\r\n<tr data-start=\"4090\" data-end=\"4212\">\r\n<th data-start=\"4090\" data-end=\"4137\" data-col-size=\"md\">Th\u00e9ories principales<\/th>\r\n<th data-start=\"4137\" data-end=\"4212\" data-col-size=\"md\">D\u00e9tails<\/th>\r\n<\/tr>\r\n<\/thead>\r\n<tbody data-start=\"4335\" data-end=\"4700\">\r\n<tr data-start=\"4335\" data-end=\"4456\">\r\n<td data-start=\"4335\" data-end=\"4382\" data-col-size=\"md\">Repr\u00e9sailles contre la R\u00e9sistance<\/td>\r\n<td data-col-size=\"md\" data-start=\"4382\" data-end=\"4456\">Action brutale li\u00e9e \u00e0 des embuscades anti-nazies dans la r\u00e9gion<\/td>\r\n<\/tr>\r\n<tr data-start=\"4457\" data-end=\"4579\">\r\n<td data-start=\"4457\" data-end=\"4505\" data-col-size=\"md\">Confusion avec un autre village nomm\u00e9 Oradour<\/td>\r\n<td data-col-size=\"md\" data-start=\"4505\" data-end=\"4579\">Possible erreur d\u2019identit\u00e9 avec Oradour-sur-Vayres<\/td>\r\n<\/tr>\r\n<tr data-start=\"4580\" data-end=\"4700\">\r\n<td data-start=\"4580\" data-end=\"4626\" data-col-size=\"md\">Politique de terreur<\/td>\r\n<td data-col-size=\"md\" data-start=\"4626\" data-end=\"4700\">Intimidation syst\u00e9matique des populations civiles<\/td>\r\n<\/tr>\r\n<\/tbody>\r\n<\/table>\r\n<\/div>\r\n<\/div>\r\n<p data-start=\"4702\" data-end=\"4816\">Les historiens penchent aujourd\u2019hui pour une combinaison d\u2019erreurs, de strat\u00e9gie punitive et de haine id\u00e9ologique.<\/p>\r\n\r\n<h2 data-start=\"4823\" data-end=\"4864\">Le village martyr : fig\u00e9 dans le temps<\/h2>\r\n<h3 data-start=\"4866\" data-end=\"4902\">La d\u00e9cision de Charles de Gaulle<\/h3>\r\n<p data-start=\"4904\" data-end=\"5112\">D\u00e8s la fin de la guerre, <strong data-start=\"4929\" data-end=\"4950\">Charles de Gaulle<\/strong> d\u00e9cide que le village ne sera <strong data-start=\"4981\" data-end=\"5003\">jamais reconstruit<\/strong>, afin qu\u2019il reste un t\u00e9moignage \u00e9ternel de la barbarie nazie. Un <strong data-start=\"5069\" data-end=\"5088\">nouveau village<\/strong> est \u00e9difi\u00e9 \u00e0 proximit\u00e9.<\/p>\r\n\r\n<h3 data-start=\"5114\" data-end=\"5148\">Ce qu\u2019on peut voir aujourd\u2019hui<\/h3>\r\n<div class=\"TyagGW_tableContainer\">\r\n<div class=\"group TyagGW_tableWrapper flex w-fit flex-col-reverse\" tabindex=\"-1\">\r\n<table class=\"w-fit min-w-(--thread-content-width)\" data-start=\"5150\" data-end=\"5706\">\r\n<thead data-start=\"5150\" data-end=\"5261\">\r\n<tr data-start=\"5150\" data-end=\"5261\">\r\n<th data-start=\"5150\" data-end=\"5186\" data-col-size=\"sm\">Lieu<\/th>\r\n<th data-start=\"5186\" data-end=\"5261\" data-col-size=\"md\">Particularit\u00e9<\/th>\r\n<\/tr>\r\n<\/thead>\r\n<tbody data-start=\"5373\" data-end=\"5706\">\r\n<tr data-start=\"5373\" data-end=\"5483\">\r\n<td data-start=\"5373\" data-end=\"5409\" data-col-size=\"sm\">\ud83c\udfda\ufe0f Village martyr<\/td>\r\n<td data-start=\"5409\" data-end=\"5483\" data-col-size=\"md\">Ruines conserv\u00e9es telles qu\u2019en 1944 \u2013 panneaux explicatifs<\/td>\r\n<\/tr>\r\n<tr data-start=\"5484\" data-end=\"5595\">\r\n<td data-start=\"5484\" data-end=\"5521\" data-col-size=\"sm\">\ud83c\udfdb\ufe0f Centre de la m\u00e9moire<\/td>\r\n<td data-col-size=\"md\" data-start=\"5521\" data-end=\"5595\">Mus\u00e9e p\u00e9dagogique inaugur\u00e9 en 1999<\/td>\r\n<\/tr>\r\n<tr data-start=\"5596\" data-end=\"5706\">\r\n<td data-start=\"5596\" data-end=\"5632\" data-col-size=\"sm\">\u26b0\ufe0f Cimeti\u00e8re<\/td>\r\n<td data-col-size=\"md\" data-start=\"5632\" data-end=\"5706\">Tombeaux des victimes et des survivants \u2013 M\u00e9morial des Martyrs<\/td>\r\n<\/tr>\r\n<\/tbody>\r\n<\/table>\r\n<\/div>\r\n<\/div>\r\n<p data-start=\"5708\" data-end=\"5848\">Chaque b\u00e2timent porte encore l\u2019enseigne d\u2019\u00e9poque : <strong data-start=\"5759\" data-end=\"5789\">\u201cBoulangerie de Mme Dupic\u201d<\/strong>, <strong data-start=\"5791\" data-end=\"5815\">\u201cGarage Desourteaux\u201d<\/strong>, <strong data-start=\"5817\" data-end=\"5842\">\u201cDocteur Desourteaux\u201d<\/strong>, etc.<\/p>\r\n\r\n<h2 data-start=\"5855\" data-end=\"5879\">T\u00e9moignages et proc\u00e8s<\/h2>\r\n<h3 data-start=\"5881\" data-end=\"5907\">Les survivants parlent<\/h3>\r\n<ul data-start=\"5909\" data-end=\"6121\">\r\n \t<li data-start=\"5909\" data-end=\"6022\">\r\n<p data-start=\"5911\" data-end=\"6022\"><strong data-start=\"5911\" data-end=\"5928\">Robert H\u00e9bras<\/strong> (1925\u20132023) est l\u2019un des derniers survivants du massacre. Il a consacr\u00e9 sa vie au t\u00e9moignage.<\/p>\r\n<\/li>\r\n \t<li data-start=\"6023\" data-end=\"6121\">\r\n<p data-start=\"6025\" data-end=\"6121\"><strong data-start=\"6025\" data-end=\"6050\">Marguerite Rouffanche<\/strong> a permis d\u2019\u00e9tablir les faits pr\u00e9cis sur le sort des femmes et enfants.<\/p>\r\n<\/li>\r\n<\/ul>\r\n<h3 data-start=\"6123\" data-end=\"6144\">Le proc\u00e8s de 1953<\/h3>\r\n<div class=\"TyagGW_tableContainer\">\r\n<div class=\"group TyagGW_tableWrapper flex w-fit flex-col-reverse\" tabindex=\"-1\">\r\n<table class=\"w-fit min-w-(--thread-content-width)\" data-start=\"6146\" data-end=\"6557\">\r\n<thead data-start=\"6146\" data-end=\"6227\">\r\n<tr data-start=\"6146\" data-end=\"6227\">\r\n<th data-start=\"6146\" data-end=\"6171\" data-col-size=\"sm\">\u00c9l\u00e9ment<\/th>\r\n<th data-start=\"6171\" data-end=\"6227\" data-col-size=\"md\">D\u00e9tail<\/th>\r\n<\/tr>\r\n<\/thead>\r\n<tbody data-start=\"6310\" data-end=\"6557\">\r\n<tr data-start=\"6310\" data-end=\"6391\">\r\n<td data-start=\"6310\" data-end=\"6335\" data-col-size=\"sm\">Lieu du proc\u00e8s<\/td>\r\n<td data-start=\"6335\" data-end=\"6391\" data-col-size=\"md\">Bordeaux<\/td>\r\n<\/tr>\r\n<tr data-start=\"6392\" data-end=\"6475\">\r\n<td data-start=\"6392\" data-end=\"6417\" data-col-size=\"sm\">Accus\u00e9s<\/td>\r\n<td data-start=\"6417\" data-end=\"6475\" data-col-size=\"md\">21 anciens SS (dont des Alsaciens incorpor\u00e9s de force)<\/td>\r\n<\/tr>\r\n<tr data-start=\"6476\" data-end=\"6557\">\r\n<td data-start=\"6476\" data-end=\"6501\" data-col-size=\"sm\">R\u00e9sultat<\/td>\r\n<td data-start=\"6501\" data-end=\"6557\" data-col-size=\"md\">Condamnations diverses \u2013 Amnisties pol\u00e9miques<\/td>\r\n<\/tr>\r\n<\/tbody>\r\n<\/table>\r\n<\/div>\r\n<\/div>\r\n<p data-start=\"6559\" data-end=\"6669\">Ce proc\u00e8s soul\u00e8ve une pol\u00e9mique majeure en Alsace, o\u00f9 des \u00ab\u202fmalgr\u00e9-nous\u202f\u00bb (incorpor\u00e9s de force) \u00e9taient jug\u00e9s.<\/p>\r\n\r\n<h2 data-start=\"6676\" data-end=\"6722\">Informations pratiques pour visiter Oradour<\/h2>\r\n<h3 data-start=\"6724\" data-end=\"6733\">Acc\u00e8s<\/h3>\r\n<div class=\"TyagGW_tableContainer\">\r\n<div class=\"group TyagGW_tableWrapper flex w-fit flex-col-reverse\" tabindex=\"-1\">\r\n<table class=\"w-fit min-w-(--thread-content-width)\" data-start=\"6735\" data-end=\"7069\">\r\n<thead data-start=\"6735\" data-end=\"6799\">\r\n<tr data-start=\"6735\" data-end=\"6799\">\r\n<th data-start=\"6735\" data-end=\"6756\" data-col-size=\"sm\">Moyen<\/th>\r\n<th data-start=\"6756\" data-end=\"6799\" data-col-size=\"md\">D\u00e9tail<\/th>\r\n<\/tr>\r\n<\/thead>\r\n<tbody data-start=\"6866\" data-end=\"7069\">\r\n<tr data-start=\"6866\" data-end=\"6932\">\r\n<td data-start=\"6866\" data-end=\"6887\" data-col-size=\"sm\">\ud83d\ude97 Voiture<\/td>\r\n<td data-start=\"6887\" data-end=\"6932\" data-col-size=\"md\">25 min depuis Limoges, parking gratuit<\/td>\r\n<\/tr>\r\n<tr data-start=\"6933\" data-end=\"7001\">\r\n<td data-start=\"6933\" data-end=\"6955\" data-col-size=\"sm\">\ud83d\ude8c Bus<\/td>\r\n<td data-start=\"6955\" data-end=\"7001\" data-col-size=\"md\">Navette estivale depuis la gare de Limoges<\/td>\r\n<\/tr>\r\n<tr data-start=\"7002\" data-end=\"7069\">\r\n<td data-start=\"7002\" data-end=\"7024\" data-col-size=\"sm\">\u267f Accessibilit\u00e9<\/td>\r\n<td data-start=\"7024\" data-end=\"7069\" data-col-size=\"md\">Majoritairement accessible, zones pav\u00e9es<\/td>\r\n<\/tr>\r\n<\/tbody>\r\n<\/table>\r\n<\/div>\r\n<\/div>\r\n<h3 data-start=\"7071\" data-end=\"7092\">Horaires & tarifs<\/h3>\r\n<div class=\"TyagGW_tableContainer\">\r\n<div class=\"group TyagGW_tableWrapper flex w-fit flex-col-reverse\" tabindex=\"-1\">\r\n<table class=\"w-fit min-w-(--thread-content-width)\" data-start=\"7094\" data-end=\"7558\">\r\n<thead data-start=\"7094\" data-end=\"7186\">\r\n<tr data-start=\"7094\" data-end=\"7186\">\r\n<th data-start=\"7094\" data-end=\"7125\" data-col-size=\"sm\">Site<\/th>\r\n<th data-start=\"7125\" data-end=\"7153\" data-col-size=\"sm\">Horaires<\/th>\r\n<th data-start=\"7153\" data-end=\"7186\" data-col-size=\"sm\">Tarifs<\/th>\r\n<\/tr>\r\n<\/thead>\r\n<tbody data-start=\"7280\" data-end=\"7558\">\r\n<tr data-start=\"7280\" data-end=\"7372\">\r\n<td data-start=\"7280\" data-end=\"7311\" data-col-size=\"sm\">Village martyr (ruines)<\/td>\r\n<td data-start=\"7311\" data-end=\"7339\" data-col-size=\"sm\">Libre acc\u00e8s toute l\u2019ann\u00e9e<\/td>\r\n<td data-start=\"7339\" data-end=\"7372\" data-col-size=\"sm\">Gratuit<\/td>\r\n<\/tr>\r\n<tr data-start=\"7373\" data-end=\"7465\">\r\n<td data-start=\"7373\" data-end=\"7404\" data-col-size=\"sm\">Centre de la m\u00e9moire<\/td>\r\n<td data-start=\"7404\" data-end=\"7432\" data-col-size=\"sm\">Ouvert sauf janvier<\/td>\r\n<td data-start=\"7432\" data-end=\"7465\" data-col-size=\"sm\">~8 \u20ac \/ Gratuit -10 ans<\/td>\r\n<\/tr>\r\n<tr data-start=\"7466\" data-end=\"7558\">\r\n<td data-start=\"7466\" data-end=\"7497\" data-col-size=\"sm\">Visites guid\u00e9es<\/td>\r\n<td data-start=\"7497\" data-end=\"7525\" data-col-size=\"sm\">Sur r\u00e9servation<\/td>\r\n<td data-start=\"7525\" data-end=\"7558\" data-col-size=\"sm\">Suppl\u00e9ment possible<\/td>\r\n<\/tr>\r\n<\/tbody>\r\n<\/table>\r\n<\/div>\r\n<\/div>\r\n<h3 data-start=\"7560\" data-end=\"7572\">Conseils<\/h3>\r\n<ul data-start=\"7574\" data-end=\"7811\">\r\n \t<li data-start=\"7574\" data-end=\"7724\">\r\n<p data-start=\"7576\" data-end=\"7724\">Visite id\u00e9ale en compl\u00e9ment d\u2019un <strong data-start=\"7609\" data-end=\"7632\">voyage dans le pays<\/strong> <a class=\"decorated-link\" href=\"https:\/\/cparici.com\/fr\/visiter-la-france-guide-des-regions-et-sites-touristiques\" target=\"_new\" rel=\"noopener\" data-start=\"7633\" data-end=\"7724\">du pays<\/a><\/p>\r\n<\/li>\r\n \t<li data-start=\"7725\" data-end=\"7742\">\r\n<p data-start=\"7727\" data-end=\"7742\">Pr\u00e9voir 2h \u00e0 3h<\/p>\r\n<\/li>\r\n \t<li data-start=\"7743\" data-end=\"7775\">\r\n<p data-start=\"7745\" data-end=\"7775\">Respect et silence recommand\u00e9s<\/p>\r\n<\/li>\r\n \t<li data-start=\"7776\" data-end=\"7811\">\r\n<p data-start=\"7778\" data-end=\"7811\">Photos autoris\u00e9es avec discr\u00e9tion<\/p>\r\n<\/li>\r\n<\/ul>\r\n<h2 data-start=\"7818\" data-end=\"7840\">Foire aux questions<\/h2>\r\n<h3 data-start=\"7842\" data-end=\"7894\">Peut-on visiter gratuitement Oradour-sur-Glane ?<\/h3>\r\n<p data-start=\"7895\" data-end=\"7985\">Oui, l\u2019acc\u00e8s au <strong data-start=\"7911\" data-end=\"7929\">village martyr<\/strong> est libre. Seul le <strong data-start=\"7949\" data-end=\"7973\">Centre de la m\u00e9moire<\/strong> est payant.<\/p>\r\n\r\n<h3 data-start=\"7987\" data-end=\"8027\">Combien de personnes ont \u00e9t\u00e9 tu\u00e9es ?<\/h3>\r\n<p data-start=\"8028\" data-end=\"8089\">642 civils : hommes, femmes, enfants. Aucun quartier \u00e9pargn\u00e9.<\/p>\r\n\r\n<h3 data-start=\"8091\" data-end=\"8128\">Le massacre \u00e9tait-il une erreur ?<\/h3>\r\n<p data-start=\"8129\" data-end=\"8213\">Les raisons sont encore d\u00e9battues. Une confusion de nom pourrait avoir jou\u00e9 un r\u00f4le.<\/p>\r\n\r\n<h3 data-start=\"8215\" data-end=\"8254\">Le site est-il adapt\u00e9 aux enfants ?<\/h3>\r\n<p data-start=\"8255\" data-end=\"8330\">Oui, mais une <strong data-start=\"8269\" data-end=\"8298\">pr\u00e9paration psychologique<\/strong> est recommand\u00e9e selon leur \u00e2ge.<\/p>\r\n\r\n<h3 data-start=\"8332\" data-end=\"8367\">Est-ce un site tr\u00e8s fr\u00e9quent\u00e9 ?<\/h3>\r\n<p data-start=\"8368\" data-end=\"8439\">Oui. Chaque ann\u00e9e, environ <strong data-start=\"8395\" data-end=\"8426\">300 000 \u00e0 400 000 visiteurs<\/strong> s\u2019y rendent.<\/p>\r\n\r\n<h2 data-start=\"8446\" data-end=\"8459\">Conclusion<\/h2>\r\n<p data-start=\"8461\" data-end=\"8803\"><strong data-start=\"8461\" data-end=\"8482\">Oradour\u2011sur\u2011Glane<\/strong> est un lieu unique en France et dans le monde. Il incarne la <strong data-start=\"8544\" data-end=\"8576\">m\u00e9moire d\u2019un drame collectif<\/strong>, mais aussi l\u2019importance de transmettre l\u2019histoire pour que <strong data-start=\"8637\" data-end=\"8686\">de telles atrocit\u00e9s ne se reproduisent jamais<\/strong>. Visiter ce village martyr, c\u2019est participer \u00e0 un <strong data-start=\"8737\" data-end=\"8756\">acte de m\u00e9moire<\/strong>, un moment de silence partag\u00e9 avec l\u2019histoire.<\/p>\r\n\r\n<h4 data-start=\"8461\" data-end=\"8803\">Sources et informations:<\/h4>\r\n<p data-start=\"8461\" data-end=\"8803\"><a href=\"https:\/\/www.visitlimousin.com\/centre-de-la-memoire-doradour-sur-glane\/\" target=\"_blank\" rel=\"noopener\">Site<\/a> du Centre de la m\u00e9moire d\u2019Oradour-sur-Glane<\/p>\t\t\t\t\t\t\t\t<\/div>\n\t\t\t\t\t<\/div>\n\t\t\t\t<\/div>\n\t\t<div class=\"elementor-element elementor-element-61b3a041 e-flex e-con-boxed e-con e-parent\" data-id=\"61b3a041\" data-element_type=\"container\" data-e-type=\"container\">\n\t\t\t\t\t<div class=\"e-con-inner\">\n\t\t<div class=\"elementor-element elementor-element-59d97bc0 e-con-full e-flex e-con e-child\" data-id=\"59d97bc0\" data-element_type=\"container\" data-e-type=\"container\">\n\t\t\t\t<div class=\"elementor-element elementor-element-77a14e6e elementor-widget elementor-widget-text-editor\" data-id=\"77a14e6e\" data-element_type=\"widget\" data-e-type=\"widget\" data-widget_type=\"text-editor.default\">\n\t\t\t\t\t\t\t\t\t<p>Cet article a \u00e9t\u00e9 r\u00e9dig\u00e9 par Alex Arts,\u00a0<a href=\"https:\/\/alexantoine-photos.weebly.com\/\" target=\"_blank\" rel=\"noopener\">photographe<\/a>,\u00a0<a href=\"https:\/\/www.linkedin.com\/in\/alex-b-arts\/\" target=\"_blank\" rel=\"noopener\">cr\u00e9ateur de contenu<\/a>, et <a href=\"https:\/\/www.google.com\/maps\/contrib\/100986619723712834113\/reviews\/@45.8933481,-4.1449199,6z\/data=!4m3!8m2!3m1!1e1?entry=ttu&g_ep=EgoyMDI1MTIwOS4wIKXMDSoKLDEwMDc5MjA2OUgBUAM%3D\" target=\"_blank\" rel=\"noopener\">guide local de niveau 5 sur Google Maps<\/a><\/p>\t\t\t\t\t\t\t\t<\/div>\n\t\t\t\t<div class=\"elementor-element elementor-element-2a339d46 elementor-widget elementor-widget-author-box\" data-id=\"2a339d46\" data-element_type=\"widget\" data-e-type=\"widget\" data-widget_type=\"author-box.default\">\n\t\t\t\t\t\t\t<div class=\"elementor-author-box\">\n\t\t\t\t\t\t\t<a href=\"https:\/\/www.linkedin.com\/in\/alex-b-arts\/\" class=\"elementor-author-box__avatar\" target=\"_blank\" rel=\"noopener\">\n\t\t\t\t\t<img decoding=\"async\" src=\"https:\/\/cparici.com\/wp-content\/uploads\/2024\/09\/photo-alex-arts-300x300.jpeg\" alt=\"Picture of Alex Arts\" loading=\"lazy\">\n\t\t\t\t<\/a>\n\t\t\t\n\t\t\t<div class=\"elementor-author-box__text\">\n\t\t\t\t\t\t\t\t\t<a href=\"https:\/\/www.linkedin.com\/in\/alex-b-arts\/\" target=\"_blank\" rel=\"noopener\">\n\t\t\t\t\t\t<h4 class=\"elementor-author-box__name\">\n\t\t\t\t\t\t\tAlex Arts\t\t\t\t\t\t<\/h4>\n\t\t\t\t\t<\/a>\n\t\t\t\t\n\t\t\t\t\t\t\t\t\t<div class=\"elementor-author-box__bio\">\n\t\t\t\t\t\t<p>Photographe, cr\u00e9ateur de contenu et local guide<\/p>\n\t\t\t\t\t<\/div>\n\t\t\t\t\n\t\t\t\t\t\t\t<\/div>\n\t\t<\/div>\n\t\t\t\t\t\t<\/div>\n\t\t\t\t<\/div>\n\t\t\t\t\t<\/div>\n\t\t\t\t<\/div>\n\t\t<nav class=\"elementor-element elementor-element-747fe3c e-flex e-con-boxed e-con e-parent\" data-id=\"747fe3c\" data-element_type=\"container\" data-e-type=\"container\">\n\t\t\t\t\t<div class=\"e-con-inner\">\n\t\t\t\t<div class=\"elementor-element elementor-element-e4a62e7 elementor-widget elementor-widget-listeo-posts-grid\" data-id=\"e4a62e7\" data-element_type=\"widget\" data-e-type=\"widget\" data-widget_type=\"listeo-posts-grid.default\">\n\t\t\t\t<div class=\"elementor-widget-container\">\n\t\t\t\t\t\t\t\n\t\t<div class=\"listeo-post-grid-wrapper\">\n\t\t\t<div class=\"row\">\n\n\t\t\t\n\n\t\t\t\t\t\t\t<div class=\"col-md-4\">\n                <a href=\"https:\/\/cparici.com\/en\/la-creuse\/\" class=\"blog-compact-item-container\">\n                    <div class=\"blog-compact-item\">\n                        <img decoding=\"async\" width=\"577\" height=\"204\" src=\"https:\/\/cparici.com\/wp-content\/uploads\/2025\/02\/cparici-2025-02-27T125932.265-577x204.jpg\" class=\"attachment-listeo-blog-related-post size-listeo-blog-related-post wp-post-image\" alt=\"La Creuse d\u00e9partement\" srcset=\"https:\/\/cparici.com\/wp-content\/uploads\/2025\/02\/cparici-2025-02-27T125932.265-577x204.jpg 577w, https:\/\/cparici.com\/wp-content\/uploads\/2025\/02\/cparici-2025-02-27T125932.265-300x106.jpg 300w, https:\/\/cparici.com\/wp-content\/uploads\/2025\/02\/cparici-2025-02-27T125932.265-1024x362.jpg 1024w, https:\/\/cparici.com\/wp-content\/uploads\/2025\/02\/cparici-2025-02-27T125932.265-768x271.jpg 768w, https:\/\/cparici.com\/wp-content\/uploads\/2025\/02\/cparici-2025-02-27T125932.265-18x6.jpg 18w, https:\/\/cparici.com\/wp-content\/uploads\/2025\/02\/cparici-2025-02-27T125932.265-590x208.jpg 590w, https:\/\/cparici.com\/wp-content\/uploads\/2025\/02\/cparici-2025-02-27T125932.265-1200x424.jpg 1200w, https:\/\/cparici.com\/wp-content\/uploads\/2025\/02\/cparici-2025-02-27T125932.265-600x212.jpg 600w, https:\/\/cparici.com\/wp-content\/uploads\/2025\/02\/cparici-2025-02-27T125932.265.jpg 1500w\" sizes=\"(max-width: 577px) 100vw, 577px\" \/><span class=\"blog-item-tag\">Creuse (d\u00e9partement)<\/span>                        \n                        <div class=\"blog-compact-item-content\">\n                                                        <h3>La Creuse \u2013 le d\u00e9partement<\/h3>\n                                                        <p>Recherches populaires Categories Pas de r\u00e9sultats Voir tous les r\u00e9sultats La Creuse \u2013 le d\u00e9partement...                            <\/p>\n                                                    <\/div>\n                    <\/div>\n                <\/a>\n            <\/div>\n\t\t\t<div class=\"col-md-4\">\n                <a href=\"https:\/\/cparici.com\/en\/petit-train-de-la-rhune-pyrenees\/\" class=\"blog-compact-item-container\">\n                    <div class=\"blog-compact-item\">\n                        <img decoding=\"async\" width=\"577\" height=\"204\" src=\"https:\/\/cparici.com\/wp-content\/uploads\/2024\/08\/petit-train-de-la-rhune.jpg\" class=\"attachment-listeo-blog-related-post size-listeo-blog-related-post wp-post-image\" alt=\"petit train de la rhune\" srcset=\"https:\/\/cparici.com\/wp-content\/uploads\/2024\/08\/petit-train-de-la-rhune.jpg 1500w, https:\/\/cparici.com\/wp-content\/uploads\/2024\/08\/petit-train-de-la-rhune-600x212.jpg 600w, https:\/\/cparici.com\/wp-content\/uploads\/2024\/08\/petit-train-de-la-rhune-300x106.jpg 300w, https:\/\/cparici.com\/wp-content\/uploads\/2024\/08\/petit-train-de-la-rhune-1024x362.jpg 1024w, https:\/\/cparici.com\/wp-content\/uploads\/2024\/08\/petit-train-de-la-rhune-768x271.jpg 768w\" sizes=\"(max-width: 577px) 100vw, 577px\" \/><span class=\"blog-item-tag\">France<\/span>                        \n                        <div class=\"blog-compact-item-content\">\n                                                        <h3>Petit Train de La Rhune \u2013 Voyage Inoubliable dans les Pyr\u00e9n\u00e9es<\/h3>\n                                                        <p>D\u00e9couvrez le Petit Train de la Rhune : horaires, tarifs, histoire, paysages, et sites \u00e0...                            <\/p>\n                                                    <\/div>\n                    <\/div>\n                <\/a>\n            <\/div>\n\t\t\t<div class=\"col-md-4\">\n                <a href=\"https:\/\/cparici.com\/en\/sauveterre-de-guyenne\/\" class=\"blog-compact-item-container\">\n                    <div class=\"blog-compact-item\">\n                        <span class=\"blog-item-tag\">France<\/span>                        \n                        <div class=\"blog-compact-item-content\">\n                                                        <h3>Sauveterre-de-Guyenne<\/h3>\n                                                        <p>Sauveterre-de-Guyenne : Joyau M\u00e9di\u00e9val au C\u0153ur de l\u2019Entre-Deux-Mers Nich\u00e9e au c\u0153ur du vignoble de l\u2019Entre-Deux-Mers,...                            <\/p>\n                                                    <\/div>\n                    <\/div>\n                <\/a>\n            <\/div>\n  <\/div>\n        <\/div>\n        \t\t\t\t<\/div>\n\t\t\t\t<\/div>\n\t\t\t\t\t<\/div>\n\t\t\t\t<\/nav>\n\t\t\t\t<\/div>\n\t\t","protected":false},"excerpt":{"rendered":"<p>Recherches populaires Categories Pas de r\u00e9sultats Voir tous les r\u00e9sultats Oradour\u2011sur\u2011Glane,\u00a0 guide de visite du village martyr \u00a0R\u00e9sum\u00e9 rapide \u00c9l\u00e9ment D\u00e9tail \ud83d\udccd Localisation Haute-Vienne, Nouvelle-Aquitaine, \u00e0 22 km de Limoges \ud83d\udd6f\ufe0f \u00c9v\u00e9nement cl\u00e9 Massacre de 642 civils le 10 juin 1944 par la division SS Das Reich \ud83c\udfdb\ufe0f Statut actuel Village martyr conserv\u00e9 en ruines [&hellip;]<\/p>\n","protected":false},"author":97,"featured_media":74705,"comment_status":"closed","ping_status":"closed","sticky":false,"template":"","format":"standard","meta":{"ngg_post_thumbnail":0,"footnotes":""},"categories":[2909,477,2543],"tags":[],"class_list":["post-74704","post","type-post","status-publish","format-standard","has-post-thumbnail","hentry","category-oradour-sur-glane","category-france","category-haute-vienne"],"_links":{"self":[{"href":"https:\/\/cparici.com\/en\/wp-json\/wp\/v2\/posts\/74704","targetHints":{"allow":["GET"]}}],"collection":[{"href":"https:\/\/cparici.com\/en\/wp-json\/wp\/v2\/posts"}],"about":[{"href":"https:\/\/cparici.com\/en\/wp-json\/wp\/v2\/types\/post"}],"author":[{"embeddable":true,"href":"https:\/\/cparici.com\/en\/wp-json\/wp\/v2\/users\/97"}],"replies":[{"embeddable":true,"href":"https:\/\/cparici.com\/en\/wp-json\/wp\/v2\/comments?post=74704"}],"version-history":[{"count":0,"href":"https:\/\/cparici.com\/en\/wp-json\/wp\/v2\/posts\/74704\/revisions"}],"wp:featuredmedia":[{"embeddable":true,"href":"https:\/\/cparici.com\/en\/wp-json\/wp\/v2\/media\/74705"}],"wp:attachment":[{"href":"https:\/\/cparici.com\/en\/wp-json\/wp\/v2\/media?parent=74704"}],"wp:term":[{"taxonomy":"category","embeddable":true,"href":"https:\/\/cparici.com\/en\/wp-json\/wp\/v2\/categories?post=74704"},{"taxonomy":"post_tag","embeddable":true,"href":"https:\/\/cparici.com\/en\/wp-json\/wp\/v2\/tags?post=74704"}],"curies":[{"name":"wp","href":"https:\/\/api.w.org\/{rel}","templated":true}]}}