{"id":75885,"date":"2026-01-24T08:59:34","date_gmt":"2026-01-24T07:59:34","guid":{"rendered":"https:\/\/cparici.com\/?p=75885"},"modified":"2026-01-26T08:45:16","modified_gmt":"2026-01-26T07:45:16","slug":"laval","status":"publish","type":"post","link":"https:\/\/cparici.com\/en\/laval\/","title":{"rendered":"Laval, a city of history in the heart of the Mayenne region"},"content":{"rendered":"\t\t<div data-elementor-type=\"wp-post\" data-elementor-id=\"75885\" class=\"elementor elementor-75885\" data-elementor-post-type=\"post\">\n\t\t\t\t<div class=\"elementor-element elementor-element-e801167 e-con-full e-flex e-con e-parent\" data-id=\"e801167\" data-element_type=\"container\" data-e-type=\"container\">\n\t\t\t\t<div class=\"elementor-element elementor-element-4ac97e7 elementor-widget elementor-widget-image\" data-id=\"4ac97e7\" data-element_type=\"widget\" data-e-type=\"widget\" data-widget_type=\"image.default\">\n\t\t\t\t\t\t\t\t\t\t\t\t\t\t\t<img decoding=\"async\" width=\"1500\" height=\"530\" src=\"https:\/\/cparici.com\/wp-content\/uploads\/2026\/01\/Laval.jpg\" class=\"attachment-full size-full wp-image-75886\" alt=\"Laval\" srcset=\"https:\/\/cparici.com\/wp-content\/uploads\/2026\/01\/Laval.jpg 1500w, https:\/\/cparici.com\/wp-content\/uploads\/2026\/01\/Laval-300x106.jpg 300w, https:\/\/cparici.com\/wp-content\/uploads\/2026\/01\/Laval-1024x362.jpg 1024w, https:\/\/cparici.com\/wp-content\/uploads\/2026\/01\/Laval-768x271.jpg 768w, https:\/\/cparici.com\/wp-content\/uploads\/2026\/01\/Laval-18x6.jpg 18w, https:\/\/cparici.com\/wp-content\/uploads\/2026\/01\/Laval-590x208.jpg 590w, https:\/\/cparici.com\/wp-content\/uploads\/2026\/01\/Laval-1200x424.jpg 1200w, https:\/\/cparici.com\/wp-content\/uploads\/2026\/01\/Laval-577x204.jpg 577w, https:\/\/cparici.com\/wp-content\/uploads\/2026\/01\/Laval-600x212.jpg 600w\" sizes=\"(max-width: 1500px) 100vw, 1500px\" \/>\t\t\t\t\t\t\t\t\t\t\t\t\t\t\t<\/div>\n\t\t\t\t<\/div>\n\t\t<aside class=\"elementor-element elementor-element-33de376 e-flex e-con-boxed e-con e-parent\" data-id=\"33de376\" data-element_type=\"container\" data-e-type=\"container\">\n\t\t\t\t\t<div class=\"e-con-inner\">\n\t\t\t\t<div class=\"elementor-element elementor-element-c59da5a elementor-widget elementor-widget-global elementor-global-62046 elementor-widget-eael-advanced-search\" data-id=\"c59da5a\" data-element_type=\"widget\" data-e-type=\"widget\" data-widget_type=\"eael-advanced-search.default\">\n\t\t\t\t\t        <div class=\"eael-adv-search-wrapper\">\n            <div id=\"eael-advanced-search-widget-c59da5a\" class=\"eael-advanced-search-widget\">\n                <form data-settings=\"{&quot;post_per_page&quot;:5,&quot;search_among_taxonomies&quot;:&quot;&quot;,&quot;search_among_sku&quot;:&quot;no&quot;,&quot;show_popular_keyword&quot;:0,&quot;show_category&quot;:0,&quot;show_content_image&quot;:1,&quot;show_search_result_all_results&quot;:0,&quot;result_on_new_tab&quot;:&quot;no&quot;,&quot;show_product_price&quot;:&quot;no&quot;,&quot;include_current_page&quot;:&quot;no&quot;,&quot;current_post_id&quot;:75885,&quot;post_type&quot;:[&quot;post&quot;,&quot;listing&quot;]}\" method=\"POST\" name=\"eael-advanced-search-form-c59da5a\" class=\"eael-advanced-search-form eael-advanced-search-form-style-2\">\n                    <div class=\"eael-advanced-search-wrap\">\n                        <span class=\"eael-adv-search-loader\"><\/span>\n                        <span class=\"eael-adv-search-close\"><i class=\"fas fa-times\"><\/i><\/span>\n                        <span class=\"icon \"><i class=\"fas fa-search\"><\/i><\/span>\n\n                        <input type=\"text\"\n                               placeholder=\"Votre destination\"\n                               class=\"eael-advanced-search\" autocomplete=\"off\" name=\"eael_advanced_search\">\n                    <\/div>\n\t\t\t\t\t                                    <\/form>\n\n\t\t\t\t\n\t\t\t\t        <div class=\"eael-advanced-search-result\">\n            <div class=\"eael-advanced-search-popular-keyword\">\n\t\t\t\t<h4 class=\"eael-advanced-search-popular-keyword-text\">Recherches populaires<\/h4>                <div class=\"eael-popular-keyword-content\"><\/div>\n            <\/div>\n            <div class=\"eael-advanced-search-category\">\n\t\t\t\t<h4 class=\"eael-advanced-search-category-text\">Categories<\/h4>                <div class=\"eael-popular-category-content\"><\/div>\n            <\/div>\n\t\t\t<div class=\"eael-advanced-search-total-results-section\">\n\t\t\t\t\t\t\t<\/div>\n            <div class=\"eael-advanced-search-content eael-item-style-3\">\n            <\/div>\n            <div class=\"eael-advanced-search-not-found\">\n                <p>Pas de r\u00e9sultats<\/p><\/div>\n            <div class=\"eael-advanced-search-load-more\">\n\t\t\t\t<a \tclass=\"eael-advanced-search-load-more-button\"\n                \thref=\"#\">Voir tous les r\u00e9sultats<\/a>\n            <\/div>\n        <\/div>\n\n\t\t            <\/div>\n        <\/div>\n\n\t\t\t\t\t\t<\/div>\n\t\t\t\t\t<\/div>\n\t\t\t\t<\/aside>\n\t\t<div class=\"elementor-element elementor-element-3e4af17f e-flex e-con-boxed e-con e-parent\" data-id=\"3e4af17f\" data-element_type=\"container\" data-e-type=\"container\">\n\t\t\t\t\t<div class=\"e-con-inner\">\n\t\t\t\t<div class=\"elementor-element elementor-element-4a31deee elementor-widget elementor-widget-text-editor\" data-id=\"4a31deee\" data-element_type=\"widget\" data-e-type=\"widget\" data-widget_type=\"text-editor.default\">\n\t\t\t\t\t\t\t\t\t<h1 data-start=\"263\" data-end=\"327\">Laval, ville d\u2019histoire et de d\u00e9couverte au c\u0153ur de la Mayenne<\/h1><p data-start=\"329\" data-end=\"831\"><strong data-start=\"329\" data-end=\"338\">Laval<\/strong> est une ville fran\u00e7aise ancienne situ\u00e9e dans le d\u00e9partement de la <a href=\"https:\/\/cparici.com\/la-mayenne-departement\/\">Mayenne<\/a>, en <a href=\"https:\/\/cparici.com\/pays-de-la-loire\/\"><em data-start=\"417\" data-end=\"435\">Pays de la Loire<\/em><\/a>. Connue pour son riche patrimoine m\u00e9di\u00e9val, ses espaces verts et sa vie culturelle dynamique, elle constitue une destination id\u00e9ale pour une escapade historique ou une visite en famille. Fond\u00e9e autour d\u2019un ch\u00e2teau dominant la vall\u00e9e de la Mayenne, Laval offre une combinaison unique de sites historiques, de mus\u00e9es, de jardins et de promenades pittoresques.<\/p><h2 data-start=\"833\" data-end=\"875\">Laval en un coup d\u2019\u0153il<\/h2><p data-start=\"877\" data-end=\"1357\">Laval est une <strong data-start=\"891\" data-end=\"920\">ville d\u2019Art et d\u2019Histoire<\/strong> au patrimoine architectural impressionnant, domin\u00e9e par son <strong data-start=\"981\" data-end=\"1007\">Vieux Ch\u00e2teau m\u00e9di\u00e9val<\/strong>, reli\u00e9e par son <strong data-start=\"1024\" data-end=\"1038\">Pont Vieux<\/strong> pittoresque, et anim\u00e9e par des lieux culturels comme le <strong data-start=\"1095\" data-end=\"1104\">MANAS<\/strong> ou la <strong data-start=\"1111\" data-end=\"1127\">Cit\u00e9 du Lait<\/strong>. Ses jardins, ses mus\u00e9es et sa proximit\u00e9 avec des villages class\u00e9s et des sites naturels en font une destination majeure en Mayenne, pour des d\u00e9couvertes culturelles ou des excursions nature.<\/p>\t\t\t\t\t\t\t\t<\/div>\n\t\t\t\t\t<\/div>\n\t\t\t\t<\/div>\n\t\t<aside class=\"elementor-element elementor-element-45d6d1d5 e-flex e-con-boxed e-con e-parent\" data-id=\"45d6d1d5\" data-element_type=\"container\" data-e-type=\"container\" data-settings=\"{&quot;background_background&quot;:&quot;classic&quot;}\">\n\t\t\t\t\t<div class=\"e-con-inner\">\n\t\t\t\t<div class=\"elementor-element elementor-element-21e18192 elementor-widget elementor-widget-spacer\" data-id=\"21e18192\" data-element_type=\"widget\" data-e-type=\"widget\" data-widget_type=\"spacer.default\">\n\t\t\t\t\t\t\t<div class=\"elementor-spacer\">\n\t\t\t<div class=\"elementor-spacer-inner\"><\/div>\n\t\t<\/div>\n\t\t\t\t\t\t<\/div>\n\t\t\t\t<div class=\"elementor-element elementor-element-7ef877be elementor-widget elementor-widget-heading\" data-id=\"7ef877be\" data-element_type=\"widget\" data-e-type=\"widget\" data-widget_type=\"heading.default\">\n\t\t\t\t\t<h2 class=\"elementor-heading-title elementor-size-default\">H\u00e9bergements de Vacances Laval en direct<\/h2>\t\t\t\t<\/div>\n\t\t\t\t<div class=\"elementor-element elementor-element-64440ee3 elementor-widget elementor-widget-listeo-listings-carousel\" data-id=\"64440ee3\" data-element_type=\"widget\" data-e-type=\"widget\" data-widget_type=\"listeo-listings-carousel.default\">\n\t\t\t\t<div class=\"elementor-widget-container\">\n\t\t\t\t\t        <!-- Carousel \/ Start -->\n        \t<div class=\"simple-slick-carousel dots-nav\" data-slick='{&quot;autoplay&quot;:true,&quot;autoplaySpeed&quot;:3000,&quot;slidesToShow&quot;:3,&quot;slidesToScroll&quot;:1,&quot;responsive&quot;:[{&quot;breakpoint&quot;:1024,&quot;settings&quot;:{&quot;slidesToShow&quot;:2,&quot;slidesToScroll&quot;:1}},{&quot;breakpoint&quot;:768,&quot;settings&quot;:{&quot;slidesToShow&quot;:1,&quot;slidesToScroll&quot;:1}}]}'>\n                            <div class=\"fw-carousel-item\">                    \n                        <!-- Listing Item -->\r\n            <div class=\"col-lg-6 col-md-12\">\r\n                <a href=\"https:\/\/cparici.com\/en\/annonce\/la-cabane-du-bon-chemin-et-spa\/\" class=\"listing-item-container listing-geo-data compact\" data-title=\"La cabane du bon chemin et spa\" data-listing-type=\"rental\" data-classifieds-price=\"&euro;\" data-friendly-address=\"42 rue jean mac\u00e9 53000 Laval\" data-address=\"42 rue jean mac\u00e9 53000 Laval\" data-image=\"https:\/\/cparici.com\/wp-content\/uploads\/2026\/01\/cabane-1-520x397.jpg\" data-longitude=\"-0.7760287\" data-latitude=\"48.076059\" data-rating=\"4.8\" data-reviews=\"25\" data-icon=\"&lt;svg xmlns=&quot;http:\/\/www.w3.org\/2000\/svg&quot; width=&quot;800px&quot; height=&quot;800px&quot; viewBox=&quot;0 0 45 45&quot; fill=&quot;none&quot;&gt;\n&lt;path d=&quot;M24.155 8.78099L24.33 8.94499L37.402 21.787L36 23.213L34.2 21.445L34.201 35C34.201 36.054 33.385 36.918 32.35 36.994L32.201 37H12.201C11.147 37 10.283 36.184 10.206 35.149L10.201 35L10.2 21.446L8.402 23.213L7 21.787L20.058 8.95799C21.171 7.82199 22.966 7.75899 24.155 8.78099ZM21.569 10.285L21.473 10.372L12.2 19.481L12.201 35L17.2 34.999L17.201 25C17.201 23.946 18.017 23.082 19.052 23.005L19.201 23H25.201C26.255 23 27.119 23.816 27.196 24.851L27.201 25L27.2 34.999L32.201 35L32.2 19.48L22.901 10.344C22.537 9.98699 21.969 9.96499 21.569 10.285ZM25.201 25H19.201L19.2 34.999H25.2L25.201 25Z&quot; fill=&quot;#3C3C3C&quot;\/&gt;\n&lt;\/svg&gt;\">\r\n            <div class=\"listing-item  \">\r\n                <div class=\"listing-small-badges-container\">\r\n                                                                <div class=\"listing-small-badge pricing-badge\"><i class=\"fa fa-tag\"><\/i>95.00&euro; - 150.00&euro;<\/div>\r\n                                                            \r\n                                        \r\n                                        \r\n                <\/div>\r\n                <img decoding=\"async\" src=\"https:\/\/cparici.com\/wp-content\/uploads\/2026\/01\/cabane-1-520x397.jpg\" alt=\"La cabane du bon chemin et spa\" class=\"listing-thumbnail\">\r\n                \r\n\r\n                <div class=\"listing-item-content\">\r\n                                                <div class=\"numerical-rating\" data-rating=\"4.8\"><\/div>\r\n                    \r\n                    <h3> La cabane du bon chemin et spa <\/h3>\r\n                    <span>42 rue jean mac\u00e9 53000 Laval<\/span>\r\n                <\/div>\r\n                                        <span class=\"save like-icon tooltip left\" title=\"Login To Bookmark Items\"><\/span>\r\n                                                <\/div>\r\n        <\/a>\r\n                    <\/div>\r\n        \r\n\r\n        <!-- Listing Item \/ End -->\n                    <\/div>\n                          <\/div>\n        \t\t\t\t<\/div>\n\t\t\t\t<\/div>\n\t\t\t\t\t<\/div>\n\t\t\t\t<\/aside>\n\t\t<div class=\"elementor-element elementor-element-e3946e1 e-flex e-con-boxed e-con e-parent\" data-id=\"e3946e1\" data-element_type=\"container\" data-e-type=\"container\">\n\t\t\t\t\t<div class=\"e-con-inner\">\n\t\t\t\t<div class=\"elementor-element elementor-element-0b4067d elementor-widget elementor-widget-text-editor\" data-id=\"0b4067d\" data-element_type=\"widget\" data-e-type=\"widget\" data-widget_type=\"text-editor.default\">\n\t\t\t\t\t\t\t\t\t<h2 data-start=\"1364\" data-end=\"1411\">Les <strong data-start=\"1375\" data-end=\"1402\">monuments embl\u00e9matiques<\/strong> de Laval<\/h2><p data-start=\"1413\" data-end=\"1530\">Laval poss\u00e8de un patrimoine historique riche, avec des monuments qui t\u00e9moignent de son importance au fil des si\u00e8cles.<\/p><h3 data-start=\"1532\" data-end=\"1561\">Vieux Ch\u00e2teau de Laval<\/h3><p data-start=\"1563\" data-end=\"1811\">Le <strong data-start=\"1566\" data-end=\"1583\">Vieux Ch\u00e2teau<\/strong>, construit au XI\u1d49 si\u00e8cle, est le symbole historique de la ville et fut \u00e0 l\u2019origine de sa fondation. Dominant la rivi\u00e8re Mayenne, il illustre parfaitement l\u2019architecture m\u00e9di\u00e9vale fortifi\u00e9e.<\/p><h3 data-start=\"1813\" data-end=\"1830\">Pont Vieux<\/h3><p data-start=\"1832\" data-end=\"2021\">Ce pont historique enjambe la Mayenne et relie les deux rives du centre\u2011ville. C\u2019est un lieu embl\u00e9matique pour les promenades et les vues panoramiques.<\/p><p data-start=\"1832\" data-end=\"2021\"><a href=\"https:\/\/cparici.com\/wp-content\/uploads\/2026\/01\/Chateau-de-Laval-et-Pont-Vieux.jpg\"><img decoding=\"async\" class=\"aligncenter wp-image-75888 size-full\" src=\"https:\/\/cparici.com\/wp-content\/uploads\/2026\/01\/Chateau-de-Laval-et-Pont-Vieux.jpg\" alt=\"Chateau de Laval et Pont Vieux\" width=\"1500\" height=\"530\" srcset=\"https:\/\/cparici.com\/wp-content\/uploads\/2026\/01\/Chateau-de-Laval-et-Pont-Vieux.jpg 1500w, https:\/\/cparici.com\/wp-content\/uploads\/2026\/01\/Chateau-de-Laval-et-Pont-Vieux-300x106.jpg 300w, https:\/\/cparici.com\/wp-content\/uploads\/2026\/01\/Chateau-de-Laval-et-Pont-Vieux-1024x362.jpg 1024w, https:\/\/cparici.com\/wp-content\/uploads\/2026\/01\/Chateau-de-Laval-et-Pont-Vieux-768x271.jpg 768w, https:\/\/cparici.com\/wp-content\/uploads\/2026\/01\/Chateau-de-Laval-et-Pont-Vieux-18x6.jpg 18w, https:\/\/cparici.com\/wp-content\/uploads\/2026\/01\/Chateau-de-Laval-et-Pont-Vieux-590x208.jpg 590w, https:\/\/cparici.com\/wp-content\/uploads\/2026\/01\/Chateau-de-Laval-et-Pont-Vieux-1200x424.jpg 1200w, https:\/\/cparici.com\/wp-content\/uploads\/2026\/01\/Chateau-de-Laval-et-Pont-Vieux-577x204.jpg 577w, https:\/\/cparici.com\/wp-content\/uploads\/2026\/01\/Chateau-de-Laval-et-Pont-Vieux-600x212.jpg 600w\" sizes=\"(max-width: 1500px) 100vw, 1500px\" \/><\/a><\/p><h3 data-start=\"2023\" data-end=\"2063\">Basilique Notre\u2011Dame d\u2019Avesni\u00e8res<\/h3><p data-start=\"2065\" data-end=\"2239\">Situ\u00e9e au sud du centre historique, cette basilique mixte d\u2019architecture romane et gothique est un \u00e9difice religieux majeur \u00e0 d\u00e9couvrir.<\/p><h3 data-start=\"2241\" data-end=\"2268\">Jardin de la Perrine<\/h3><p data-start=\"2270\" data-end=\"2498\">Plus qu\u2019un simple jardin, c\u2019est un espace botanique m\u00ealant jardins \u00e0 la fran\u00e7aise et \u00e0 l\u2019anglaise, avec des vari\u00e9t\u00e9s d\u2019arbres rares et une ambiance naturelle unique en bordure de la Mayenne.<\/p><h3 data-start=\"2500\" data-end=\"2546\">Cit\u00e9 du Lait &amp; MANAS (Mus\u00e9e d\u2019Art Na\u00eff)<\/h3><p data-start=\"2548\" data-end=\"2765\">Le mus\u00e9e de la <strong data-start=\"2563\" data-end=\"2579\">Cit\u00e9 du Lait<\/strong> permet de d\u00e9couvrir l\u2019univers laitier avec des activit\u00e9s interactives, tandis que le <strong data-start=\"2665\" data-end=\"2674\">MANAS<\/strong> offre une immersion dans l\u2019art na\u00eff et contemporain.<\/p><h2 data-start=\"2772\" data-end=\"2813\"><strong data-start=\"2778\" data-end=\"2813\">Lieux \u00e0 visiter autour de Laval<\/strong><\/h2><p data-start=\"2815\" data-end=\"2932\">La r\u00e9gion autour de Laval regorge de villages pittoresques, de sites historiques et d\u2019espaces naturels remarquables :<\/p><div class=\"TyagGW_tableContainer\"><div class=\"group TyagGW_tableWrapper flex flex-col-reverse w-fit\" tabindex=\"-1\"><table class=\"w-fit min-w-(--thread-content-width)\" data-start=\"2934\" data-end=\"3910\"><thead data-start=\"2934\" data-end=\"2974\"><tr data-start=\"2934\" data-end=\"2974\"><th data-start=\"2934\" data-end=\"2941\" data-col-size=\"sm\">Lieu<\/th><th data-start=\"2941\" data-end=\"2948\" data-col-size=\"md\">Type<\/th><th data-start=\"2948\" data-end=\"2974\" data-col-size=\"sm\">Distance approximative<\/th><\/tr><\/thead><tbody data-start=\"3018\" data-end=\"3910\"><tr data-start=\"3018\" data-end=\"3133\"><td data-start=\"3018\" data-end=\"3039\" data-col-size=\"sm\"><strong data-start=\"3020\" data-end=\"3038\">Sainte\u2011Suzanne<\/strong><\/td><td data-start=\"3039\" data-end=\"3085\" data-col-size=\"md\">Plus Beau Village de France, cit\u00e9 m\u00e9di\u00e9vale<\/td><td data-start=\"3085\" data-end=\"3133\" data-col-size=\"sm\">~31 km<\/td><\/tr><tr data-start=\"3134\" data-end=\"3244\"><td data-start=\"3134\" data-end=\"3167\" data-col-size=\"sm\"><strong data-start=\"3136\" data-end=\"3166\">Caves et canyon de Saulges<\/strong><\/td><td data-start=\"3167\" data-end=\"3196\" data-col-size=\"md\">Site naturel &amp; pr\u00e9histoire<\/td><td data-start=\"3196\" data-end=\"3244\" data-col-size=\"sm\">~29 km<\/td><\/tr><tr data-start=\"3245\" data-end=\"3362\"><td data-start=\"3245\" data-end=\"3268\" data-col-size=\"sm\"><strong data-start=\"3247\" data-end=\"3267\">Ch\u00e2teau de Craon<\/strong><\/td><td data-start=\"3268\" data-end=\"3314\" data-col-size=\"md\">Ch\u00e2teau historique, magnifique architecture<\/td><td data-start=\"3314\" data-end=\"3362\" data-col-size=\"sm\">~28 km<\/td><\/tr><tr data-start=\"3363\" data-end=\"3475\"><td data-start=\"3363\" data-end=\"3399\" data-col-size=\"sm\"><strong data-start=\"3365\" data-end=\"3398\">Jublains \u2013 cit\u00e9 gallo\u2011romaine<\/strong><\/td><td data-start=\"3399\" data-end=\"3425\" data-col-size=\"md\">Ruines antiques &amp; mus\u00e9e<\/td><td data-start=\"3425\" data-end=\"3475\" data-col-size=\"sm\">~28 km<\/td><\/tr><tr data-start=\"3476\" data-end=\"3590\"><td data-start=\"3476\" data-end=\"3501\" data-col-size=\"sm\"><strong data-start=\"3478\" data-end=\"3500\">Mus\u00e9e Robert Tatin<\/strong><\/td><td data-start=\"3501\" data-end=\"3540\" data-col-size=\"md\">Sculpture &amp; art moderne en plein air<\/td><td data-start=\"3540\" data-end=\"3590\" data-col-size=\"sm\">~18 km<\/td><\/tr><tr data-start=\"3591\" data-end=\"3692\"><td data-start=\"3591\" data-end=\"3615\" data-col-size=\"sm\"><strong data-start=\"3593\" data-end=\"3614\">Basilique d\u2019\u00c9vron<\/strong><\/td><td data-start=\"3615\" data-end=\"3642\" data-col-size=\"md\">Joyau religieux m\u00e9di\u00e9val<\/td><td data-start=\"3642\" data-end=\"3692\" data-col-size=\"sm\">~29 km<\/td><\/tr><tr data-start=\"3693\" data-end=\"3796\"><td data-start=\"3693\" data-end=\"3715\" data-col-size=\"sm\"><strong data-start=\"3695\" data-end=\"3714\">Mayenne (ville)<\/strong><\/td><td data-start=\"3715\" data-end=\"3746\" data-col-size=\"md\">Centre historique et rivi\u00e8re<\/td><td data-start=\"3746\" data-end=\"3796\" data-col-size=\"sm\">~29 km<\/td><\/tr><tr data-start=\"3797\" data-end=\"3910\"><td data-start=\"3797\" data-end=\"3829\" data-col-size=\"sm\"><strong data-start=\"3799\" data-end=\"3828\">Les Jardins des Renaudies<\/strong><\/td><td data-start=\"3829\" data-end=\"3860\" data-col-size=\"md\">Jardins paysagers inspirants<\/td><td data-start=\"3860\" data-end=\"3910\" data-col-size=\"sm\">~36 km<\/td><\/tr><\/tbody><\/table><h2 data-start=\"245\" data-end=\"294\">\u00a0<\/h2><p data-start=\"296\" data-end=\"563\">Autour de <strong data-start=\"306\" data-end=\"315\">Laval<\/strong>, la <strong data-start=\"320\" data-end=\"331\">Mayenne<\/strong> r\u00e9v\u00e8le un patrimoine exceptionnel, m\u00ealant villages de caract\u00e8re, sites naturels spectaculaires et monuments historiques. \u00c0 moins d\u2019une heure de route, plusieurs destinations valent le d\u00e9tour pour compl\u00e9ter votre visite de la ville.<\/p><h3 data-start=\"565\" data-end=\"612\">Sainte-Suzanne : la perle m\u00e9di\u00e9vale perch\u00e9e<\/h3><p data-start=\"614\" data-end=\"1128\">\u00c0 environ <strong data-start=\"624\" data-end=\"642\">30 km de Laval<\/strong>, le village de <strong data-start=\"658\" data-end=\"676\">Sainte-Suzanne<\/strong>, class\u00e9 parmi les <em data-start=\"695\" data-end=\"726\">Plus Beaux Villages de France<\/em>, est une v\u00e9ritable immersion dans le pass\u00e9. Cette <strong data-start=\"777\" data-end=\"795\">cit\u00e9 m\u00e9di\u00e9vale<\/strong> aux ruelles pav\u00e9es, domin\u00e9e par son imposant <strong data-start=\"841\" data-end=\"857\">ch\u00e2teau fort<\/strong>, offre des vues \u00e0 couper le souffle sur les collines environnantes. On y d\u00e9couvre aussi un <strong data-start=\"949\" data-end=\"972\">mus\u00e9e d\u2019arch\u00e9ologie<\/strong>, des artisans locaux et un calme rare, id\u00e9al pour les amateurs d\u2019histoire et de nature. C\u2019est un lieu pris\u00e9 pour les <strong data-start=\"1090\" data-end=\"1116\">randonn\u00e9es culturelles<\/strong> en famille.<\/p><p data-start=\"614\" data-end=\"1128\"><a href=\"https:\/\/cparici.com\/wp-content\/uploads\/2026\/01\/cparici-2026-01-24T080955.834.jpg\"><img decoding=\"async\" class=\"aligncenter wp-image-75891 size-full\" src=\"https:\/\/cparici.com\/wp-content\/uploads\/2026\/01\/cparici-2026-01-24T080955.834.jpg\" alt=\"Eglise Sainte-Suzanne\" width=\"1500\" height=\"530\" srcset=\"https:\/\/cparici.com\/wp-content\/uploads\/2026\/01\/cparici-2026-01-24T080955.834.jpg 1500w, https:\/\/cparici.com\/wp-content\/uploads\/2026\/01\/cparici-2026-01-24T080955.834-300x106.jpg 300w, https:\/\/cparici.com\/wp-content\/uploads\/2026\/01\/cparici-2026-01-24T080955.834-1024x362.jpg 1024w, https:\/\/cparici.com\/wp-content\/uploads\/2026\/01\/cparici-2026-01-24T080955.834-768x271.jpg 768w, https:\/\/cparici.com\/wp-content\/uploads\/2026\/01\/cparici-2026-01-24T080955.834-18x6.jpg 18w, https:\/\/cparici.com\/wp-content\/uploads\/2026\/01\/cparici-2026-01-24T080955.834-590x208.jpg 590w, https:\/\/cparici.com\/wp-content\/uploads\/2026\/01\/cparici-2026-01-24T080955.834-1200x424.jpg 1200w, https:\/\/cparici.com\/wp-content\/uploads\/2026\/01\/cparici-2026-01-24T080955.834-577x204.jpg 577w, https:\/\/cparici.com\/wp-content\/uploads\/2026\/01\/cparici-2026-01-24T080955.834-600x212.jpg 600w\" sizes=\"(max-width: 1500px) 100vw, 1500px\" \/><\/a><\/p><h3 data-start=\"1130\" data-end=\"1166\">Les grottes et canyon de Saulges<\/h3><p data-start=\"1168\" data-end=\"1678\">Situ\u00e9es \u00e0 environ <strong data-start=\"1186\" data-end=\"1215\">29 km au sud-est de Laval<\/strong>, les <strong data-start=\"1221\" data-end=\"1243\">grottes de Saulges<\/strong> forment un site naturel et pr\u00e9historique d\u2019exception. Ce <strong data-start=\"1301\" data-end=\"1320\">canyon calcaire<\/strong>, creus\u00e9 par la rivi\u00e8re Erve, abrite deux grottes ouvertes au public : <strong data-start=\"1391\" data-end=\"1411\">la grotte Margot<\/strong> et <strong data-start=\"1415\" data-end=\"1438\">la grotte Rochefort<\/strong>, connues pour leurs peintures rupestres. Un <strong data-start=\"1483\" data-end=\"1510\">mus\u00e9e de la pr\u00e9histoire<\/strong> moderne compl\u00e8te la visite, avec des activit\u00e9s p\u00e9dagogiques id\u00e9ales pour les enfants. Ce site combine <strong data-start=\"1613\" data-end=\"1638\">patrimoine g\u00e9ologique<\/strong>, <strong data-start=\"1640\" data-end=\"1660\">histoire humaine<\/strong> et <strong data-start=\"1664\" data-end=\"1677\">randonn\u00e9e<\/strong>.<\/p><h3 data-start=\"1680\" data-end=\"1742\">Le Mus\u00e9e Robert Tatin : un monde artistique hors du commun<\/h3><p data-start=\"1744\" data-end=\"2201\">\u00c0 <strong data-start=\"1746\" data-end=\"1765\">Coss\u00e9-le-Vivien<\/strong>, \u00e0 moins de <strong data-start=\"1778\" data-end=\"1796\">20 km de Laval<\/strong>, se trouve le surprenant <strong data-start=\"1822\" data-end=\"1844\">Mus\u00e9e Robert Tatin<\/strong>, un lieu artistique unique en France. Ce mus\u00e9e en plein air est le fruit de l\u2019imagination du peintre-sculpteur Robert Tatin, qui y a construit un univers symbolique fascinant m\u00ealant art na\u00eff, mythologie, et influences orientales. C\u2019est un <strong data-start=\"2084\" data-end=\"2112\">site artistique atypique<\/strong>, souvent compar\u00e9 \u00e0 un petit Gaud\u00ed \u00e0 la fran\u00e7aise, parfait pour une excursion inspirante.<\/p><h3 data-start=\"2203\" data-end=\"2236\">Jublains : cit\u00e9 gallo-romaine<\/h3><p data-start=\"2238\" data-end=\"2699\">\u00c0 <strong data-start=\"2240\" data-end=\"2258\">28 km de Laval<\/strong>, le village de <strong data-start=\"2274\" data-end=\"2286\">Jublains<\/strong> cache un tr\u00e9sor arch\u00e9ologique : une <strong data-start=\"2323\" data-end=\"2349\">ancienne ville romaine<\/strong> dont les vestiges sont remarquablement conserv\u00e9s. On y visite un <strong data-start=\"2415\" data-end=\"2434\">th\u00e9\u00e2tre antique<\/strong>, un <strong data-start=\"2439\" data-end=\"2449\">temple<\/strong>, des thermes et un impressionnant <strong data-start=\"2484\" data-end=\"2499\">fort romain<\/strong>. Le <strong data-start=\"2504\" data-end=\"2541\">mus\u00e9e arch\u00e9ologique d\u00e9partemental<\/strong> permet de mieux comprendre l\u2019histoire de la r\u00e9gion \u00e0 l\u2019\u00e9poque gallo-romaine. C\u2019est une sortie id\u00e9ale pour les passionn\u00e9s d\u2019antiquit\u00e9 et d\u2019histoire r\u00e9gionale.<\/p><h3 data-start=\"2701\" data-end=\"2751\">Le Ch\u00e2teau de Craon : l\u2019\u00e9l\u00e9gance \u00e0 la campagne<\/h3><p data-start=\"2753\" data-end=\"3213\">Au sud de Laval, le <strong data-start=\"2773\" data-end=\"2793\">Ch\u00e2teau de Craon<\/strong>, surnomm\u00e9 le <em data-start=\"2807\" data-end=\"2839\">Petit Versailles de la Mayenne<\/em>, est un chef-d\u2019\u0153uvre du XVIII\u1d49 si\u00e8cle nich\u00e9 dans un \u00e9crin de verdure. On peut y visiter les <strong data-start=\"2932\" data-end=\"2956\">appartements meubl\u00e9s<\/strong>, les <strong data-start=\"2962\" data-end=\"2973\">\u00e9curies<\/strong>, et se promener dans un <strong data-start=\"2998\" data-end=\"3019\">parc \u00e0 l\u2019anglaise<\/strong> de 47 hectares. Des chambres d\u2019h\u00f4tes sont m\u00eame propos\u00e9es dans le ch\u00e2teau pour prolonger l\u2019exp\u00e9rience. Ce lieu est parfait pour une <strong data-start=\"3151\" data-end=\"3174\">escapade romantique<\/strong> ou une <strong data-start=\"3182\" data-end=\"3212\">journ\u00e9e d\u00e9tente en famille<\/strong>.<\/p><h3 data-start=\"3215\" data-end=\"3240\">\u00c9vron et sa basilique<\/h3><p data-start=\"3242\" data-end=\"3602\">Enfin, la commune d\u2019<strong data-start=\"3262\" data-end=\"3271\">\u00c9vron<\/strong>, \u00e0 environ <strong data-start=\"3283\" data-end=\"3301\">30 km de Laval<\/strong>, abrite une magnifique <strong data-start=\"3325\" data-end=\"3345\">basilique romane<\/strong>, l\u2019une des plus grandes de la r\u00e9gion. Son architecture impressionne par la sobri\u00e9t\u00e9 ext\u00e9rieure et la richesse des d\u00e9tails int\u00e9rieurs. Le site est compl\u00e9t\u00e9 par une ancienne abbaye et un clo\u00eetre. \u00c0 proximit\u00e9, le <strong data-start=\"3556\" data-end=\"3582\">camp des Gallo-Romains<\/strong> compl\u00e8te la visite.<\/p><\/div><\/div><h2 data-start=\"3917\" data-end=\"3954\">Comparateur \u2013 Laval vs environs<\/h2><div class=\"TyagGW_tableContainer\"><div class=\"group TyagGW_tableWrapper flex flex-col-reverse w-fit\" tabindex=\"-1\"><table class=\"w-fit min-w-(--thread-content-width)\" data-start=\"3956\" data-end=\"4387\"><thead data-start=\"3956\" data-end=\"4002\"><tr data-start=\"3956\" data-end=\"4002\"><th data-start=\"3956\" data-end=\"3966\" data-col-size=\"sm\">Crit\u00e8re<\/th><th data-start=\"3966\" data-end=\"3983\" data-col-size=\"sm\">Laval (centre)<\/th><th data-start=\"3983\" data-end=\"4002\" data-col-size=\"sm\">Autour de Laval<\/th><\/tr><\/thead><tbody data-start=\"4051\" data-end=\"4387\"><tr data-start=\"4051\" data-end=\"4138\"><td data-start=\"4051\" data-end=\"4073\" data-col-size=\"sm\">Patrimoine m\u00e9di\u00e9val<\/td><td data-start=\"4073\" data-end=\"4103\" data-col-size=\"sm\">\u2b50\u2b50\u2b50\u2b50\u2b50 (Ch\u00e2teau, Pont Vieux)<\/td><td data-start=\"4103\" data-end=\"4138\" data-col-size=\"sm\">\u2b50\u2b50\u2b50\u2b50 (Sainte\u2011Suzanne, Jublains)<\/td><\/tr><tr data-start=\"4139\" data-end=\"4222\"><td data-start=\"4139\" data-end=\"4159\" data-col-size=\"sm\">Nature &amp; paysages<\/td><td data-start=\"4159\" data-end=\"4194\" data-col-size=\"sm\">\u2b50\u2b50\u2b50\u2b50 (Jardin &amp; rives de Mayenne)<\/td><td data-start=\"4194\" data-end=\"4222\" data-col-size=\"sm\">\u2b50\u2b50\u2b50\u2b50\u2b50 (Saulges, Jardins)<\/td><\/tr><tr data-start=\"4223\" data-end=\"4293\"><td data-start=\"4223\" data-end=\"4242\" data-col-size=\"sm\">Mus\u00e9es &amp; culture<\/td><td data-start=\"4242\" data-end=\"4271\" data-col-size=\"sm\">\u2b50\u2b50\u2b50\u2b50 (MANAS, Cit\u00e9 du Lait)<\/td><td data-start=\"4271\" data-end=\"4293\" data-col-size=\"sm\">\u2b50\u2b50\u2b50 (Robert Tatin)<\/td><\/tr><tr data-start=\"4294\" data-end=\"4352\"><td data-start=\"4294\" data-end=\"4313\" data-col-size=\"sm\">Visite en 1 jour<\/td><td data-start=\"4313\" data-end=\"4325\" data-col-size=\"sm\">Tr\u00e8s bien<\/td><td data-start=\"4325\" data-end=\"4352\" data-col-size=\"sm\">\u2714 Possible avec voiture<\/td><\/tr><tr data-start=\"4353\" data-end=\"4387\"><td data-start=\"4353\" data-end=\"4375\" data-col-size=\"sm\">Id\u00e9al pour familles<\/td><td data-start=\"4375\" data-end=\"4381\" data-col-size=\"sm\">\u2714\u2714\u2714<\/td><td data-start=\"4381\" data-end=\"4387\" data-col-size=\"sm\">\u2714\u2714<\/td><\/tr><\/tbody><\/table><\/div><\/div><h2 data-start=\"934\" data-end=\"966\">Une ville au pass\u00e9 mill\u00e9naire<\/h2><p data-start=\"968\" data-end=\"1287\">L\u2019histoire de <strong data-start=\"982\" data-end=\"991\">Laval<\/strong> commence autour de l\u2019an mil, lorsque la ville s\u2019est d\u00e9velopp\u00e9e autour d\u2019un promontoire rocheux contr\u00f4lant un gu\u00e9 sur la rivi\u00e8re Mayenne. Ce site strat\u00e9gique a conduit \u00e0 la construction du Ch\u00e2teau de Laval et \u00e0 l\u2019essor d\u2019une place forte m\u00e9di\u00e9vale importante.<\/p><p data-start=\"968\" data-end=\"1287\"><a href=\"https:\/\/cparici.com\/wp-content\/uploads\/2026\/01\/Laval-vieille-ville.jpg\"><img decoding=\"async\" class=\"aligncenter wp-image-75889 size-full\" src=\"https:\/\/cparici.com\/wp-content\/uploads\/2026\/01\/Laval-vieille-ville.jpg\" alt=\"Laval vieille ville\" width=\"1500\" height=\"530\" srcset=\"https:\/\/cparici.com\/wp-content\/uploads\/2026\/01\/Laval-vieille-ville.jpg 1500w, https:\/\/cparici.com\/wp-content\/uploads\/2026\/01\/Laval-vieille-ville-300x106.jpg 300w, https:\/\/cparici.com\/wp-content\/uploads\/2026\/01\/Laval-vieille-ville-1024x362.jpg 1024w, https:\/\/cparici.com\/wp-content\/uploads\/2026\/01\/Laval-vieille-ville-768x271.jpg 768w, https:\/\/cparici.com\/wp-content\/uploads\/2026\/01\/Laval-vieille-ville-18x6.jpg 18w, https:\/\/cparici.com\/wp-content\/uploads\/2026\/01\/Laval-vieille-ville-590x208.jpg 590w, https:\/\/cparici.com\/wp-content\/uploads\/2026\/01\/Laval-vieille-ville-1200x424.jpg 1200w, https:\/\/cparici.com\/wp-content\/uploads\/2026\/01\/Laval-vieille-ville-577x204.jpg 577w, https:\/\/cparici.com\/wp-content\/uploads\/2026\/01\/Laval-vieille-ville-600x212.jpg 600w\" sizes=\"(max-width: 1500px) 100vw, 1500px\" \/><\/a><\/p><p data-start=\"1289\" data-end=\"1503\">Peu \u00e0 peu, la ville est devenue un centre textile r\u00e9put\u00e9, notamment pour la production de lin, qui lui a assur\u00e9 une prosp\u00e9rit\u00e9 \u00e9conomique durant le Moyen \u00c2ge et la Renaissance.<\/p><h3 data-start=\"1510\" data-end=\"1539\">G\u00e9ographie et cadre de vie<\/h3><p data-start=\"1541\" data-end=\"1878\">Laval est nich\u00e9e dans une vall\u00e9e verdoyante travers\u00e9e par la rivi\u00e8re <strong data-start=\"1610\" data-end=\"1621\">Mayenne<\/strong>, qui donne \u00e0 la ville une atmosph\u00e8re pittoresque et invitante. La topographie est en partie vallonn\u00e9e, avec des \u00e9l\u00e9vations variant de 42 \u00e0 122\u202fm, offrant de belles perspectives sur la ville et la campagne environnante.<\/p><p data-start=\"1880\" data-end=\"2058\">La ville est entour\u00e9e de zones bois\u00e9es et agricoles, contribuant \u00e0 son label de <em data-start=\"1960\" data-end=\"1987\">Ville d\u2019art et d\u2019histoire<\/em> et \u00e0 sa qualit\u00e9 de vie reconnue.<\/p><h3 data-start=\"2065\" data-end=\"2111\">Laval aujourd\u2019hui : population et dynamisme<\/h3><p data-start=\"2113\" data-end=\"2270\">La population de Laval est d\u2019environ <strong data-start=\"2150\" data-end=\"2170\">49\u202f000 habitants<\/strong>, ce qui en fait une communaut\u00e9 vivante sans \u00eatre trop grande.<\/p><p data-start=\"2272\" data-end=\"2487\">La ville sert de p\u00f4le \u00e9conomique pour l\u2019Ouest de la France, int\u00e9grant des activit\u00e9s dans les secteurs du commerce, des services et du tourisme, tout en restant \u00e0 taille humaine.<\/p><h2 data-start=\"4394\" data-end=\"4424\">Pourquoi visiter Laval ?<\/h2><p data-start=\"4426\" data-end=\"4845\">Laval est une ville qui allie <strong data-start=\"4456\" data-end=\"4501\">histoire, architecture, nature et culture<\/strong> dans une seule destination accessible. Que ce soit pour une balade au bord de la Mayenne, la visite de son ch\u00e2teau m\u00e9di\u00e9val ou l\u2019exploration des villages environnants, chaque visiteur y trouve des lieux qui correspondent \u00e0 ses envies \u2014 du patrimoine historique aux d\u00e9couvertes naturelles et artistiques.<\/p><h3 data-start=\"3541\" data-end=\"3574\">Laval c\u00f4t\u00e9 nature et activit\u00e9s<\/h3><p data-start=\"3576\" data-end=\"3832\">La pr\u00e9sence de la rivi\u00e8re Mayenne permet de faire des activit\u00e9s en plein air, comme des balades en bateau, des randonn\u00e9es le long des rives ou encore des circuits \u00e0 v\u00e9lo via des itin\u00e9raires comme la <em data-start=\"3775\" data-end=\"3791\">V\u00e9lo Francette<\/em>.<\/p><p data-start=\"3834\" data-end=\"4021\">Les espaces verts de la ville, tels que le Jardin de la Perrine ou les bois alentour, font de Laval une ville agr\u00e9able pour les amoureux de nature.<\/p><h3 data-start=\"4028\" data-end=\"4060\">Gastronomie et march\u00e9s locaux<\/h3><p data-start=\"4062\" data-end=\"4290\">Laval se distingue aussi par sa gastronomie locale riche, notamment autour des produits fermiers du <em data-start=\"4162\" data-end=\"4177\">Pays de Laval<\/em> et des march\u00e9s anim\u00e9s o\u00f9 l\u2019on peut d\u00e9couvrir des sp\u00e9cialit\u00e9s r\u00e9gionales.<\/p><h3 data-start=\"4297\" data-end=\"4334\">\u00c9v\u00e9nements culturels et vie locale<\/h3><p data-start=\"4336\" data-end=\"4583\">La vie culturelle lavalloise est dynamique, avec des festivals, des expositions, des \u00e9v\u00e9nements musicaux et des activit\u00e9s pour tous les \u00e2ges, port\u00e9s notamment par l\u2019Office de tourisme de Laval Agglom\u00e9ration.<\/p><h3 data-start=\"4590\" data-end=\"4627\">Laval : une ville facile \u00e0 visiter<\/h3><p data-start=\"4629\" data-end=\"4918\">Gr\u00e2ce \u00e0 sa taille, ses sites concentr\u00e9s, et ses activit\u00e9s vari\u00e9es, Laval se visite ais\u00e9ment \u00e0 pied en une journ\u00e9e ou plus selon vos envies. Des circuits de visite permettent de d\u00e9couvrir plus de 17 lieux int\u00e9ressants dans le centre\u2011ville historique.<\/p><h2 data-start=\"4925\" data-end=\"4957\">Foire aux questions sur Laval<\/h2><h3 data-start=\"4959\" data-end=\"4998\">Quelle est la population de Laval ?<\/h3><p data-start=\"4999\" data-end=\"5125\">La ville compte environ <strong data-start=\"5023\" data-end=\"5043\">49\u202f000 habitants<\/strong>, selon les derniers chiffres disponibles.<\/p><h3 data-start=\"5127\" data-end=\"5160\">O\u00f9 se situe Laval en France ?<\/h3><p data-start=\"5161\" data-end=\"5308\">Laval se trouve dans l\u2019ouest de la France, dans le d\u00e9partement de la Mayenne, en r\u00e9gion <em data-start=\"5249\" data-end=\"5267\">Pays de la Loire<\/em>.<\/p><h3 data-start=\"5310\" data-end=\"5335\">Que visiter \u00e0 Laval ?<\/h3><p data-start=\"5336\" data-end=\"5488\">Parmi les incontournables : le Ch\u00e2teau de Laval, le Jardin de la Perrine, le Pont Vieux, et le Mus\u00e9e d\u2019Art Na\u00eff.<\/p><h3 data-start=\"5490\" data-end=\"5546\">Quelle est la meilleure p\u00e9riode pour visiter Laval ?<\/h3><p data-start=\"5547\" data-end=\"5716\">Le printemps et l\u2019\u00e9t\u00e9 offrent un climat doux, id\u00e9al pour d\u00e9couvrir les quartiers historiques et faire des activit\u00e9s en plein air.<\/p><h3 data-start=\"5718\" data-end=\"5781\">Pourquoi Laval est\u2011elle appel\u00e9e Ville d\u2019Art et d\u2019Histoire ?<\/h3><p data-start=\"5782\" data-end=\"5938\">Parce qu\u2019elle poss\u00e8de un patrimoine architectural riche (m\u00e9di\u00e9val et classique), reconnu officiellement depuis 1993.<\/p><h2 data-start=\"5945\" data-end=\"5958\">Conclusion<\/h2><p data-start=\"5960\" data-end=\"6227\"><strong data-start=\"5960\" data-end=\"5969\">Laval<\/strong> est une ville fran\u00e7aise au charme unique, alliant patrimoine m\u00e9di\u00e9val, nature, culture et convivialit\u00e9. Que vous soyez passionn\u00e9 d\u2019histoire, amateur d\u2019art ou simplement en qu\u00eate d\u2019une escapade paisible, Laval offre une exp\u00e9rience riche et accessible \u00e0 tous.<\/p><p data-start=\"6229\" data-end=\"6524\">Pour en savoir davantage sur l\u2019histoire de cette belle ville et ses tr\u00e9sors historiques, d\u00e9couvrez \u00e9galement cet article de r\u00e9f\u00e9rence : <em data-start=\"6365\" data-end=\"6413\">L\u2019histoire m\u00e9di\u00e9vale de cette r\u00e9gion fran\u00e7aise<\/em>. <a class=\"decorated-link\" href=\"https:\/\/en.wikipedia.org\/wiki\/Laval%2C_Mayenne?utm_source=chatgpt.com\" target=\"_new\" rel=\"noopener\" data-start=\"6415\" data-end=\"6524\">Voir l\u2019article complet sur Wikip\u00e9dia<\/a><\/p>\t\t\t\t\t\t\t\t<\/div>\n\t\t\t\t\t<\/div>\n\t\t\t\t<\/div>\n\t\t<div class=\"elementor-element elementor-element-c2a5ae1 e-flex e-con-boxed e-con e-parent\" data-id=\"c2a5ae1\" data-element_type=\"container\" data-e-type=\"container\">\n\t\t\t\t\t<div class=\"e-con-inner\">\n\t\t\t\t<div class=\"elementor-element elementor-element-addd58c elementor-widget elementor-widget-listeo-posts-grid\" data-id=\"addd58c\" data-element_type=\"widget\" data-e-type=\"widget\" data-widget_type=\"listeo-posts-grid.default\">\n\t\t\t\t<div class=\"elementor-widget-container\">\n\t\t\t\t\t\t\t\n\t\t<div class=\"listeo-post-grid-wrapper\">\n\t\t\t<div class=\"row\">\n\n\t\t\t\n\n\t\t\t\t\t\t\t<div class=\"col-md-4\">\n                <a href=\"https:\/\/cparici.com\/en\/chateau-de-laval\/\" class=\"blog-compact-item-container\">\n                    <div class=\"blog-compact-item\">\n                        <img decoding=\"async\" width=\"577\" height=\"204\" src=\"https:\/\/cparici.com\/wp-content\/uploads\/2026\/01\/Chateau-de-Laval-et-Pont-Vieux-1-577x204.jpg\" class=\"attachment-listeo-blog-related-post size-listeo-blog-related-post wp-post-image\" alt=\"Chateau de Laval\" srcset=\"https:\/\/cparici.com\/wp-content\/uploads\/2026\/01\/Chateau-de-Laval-et-Pont-Vieux-1-577x204.jpg 577w, https:\/\/cparici.com\/wp-content\/uploads\/2026\/01\/Chateau-de-Laval-et-Pont-Vieux-1-300x106.jpg 300w, https:\/\/cparici.com\/wp-content\/uploads\/2026\/01\/Chateau-de-Laval-et-Pont-Vieux-1-1024x362.jpg 1024w, https:\/\/cparici.com\/wp-content\/uploads\/2026\/01\/Chateau-de-Laval-et-Pont-Vieux-1-768x271.jpg 768w, https:\/\/cparici.com\/wp-content\/uploads\/2026\/01\/Chateau-de-Laval-et-Pont-Vieux-1-18x6.jpg 18w, https:\/\/cparici.com\/wp-content\/uploads\/2026\/01\/Chateau-de-Laval-et-Pont-Vieux-1-590x208.jpg 590w, https:\/\/cparici.com\/wp-content\/uploads\/2026\/01\/Chateau-de-Laval-et-Pont-Vieux-1-1200x424.jpg 1200w, https:\/\/cparici.com\/wp-content\/uploads\/2026\/01\/Chateau-de-Laval-et-Pont-Vieux-1-600x212.jpg 600w, https:\/\/cparici.com\/wp-content\/uploads\/2026\/01\/Chateau-de-Laval-et-Pont-Vieux-1.jpg 1500w\" sizes=\"(max-width: 577px) 100vw, 577px\" \/><span class=\"blog-item-tag\">France<\/span>                        \n                        <div class=\"blog-compact-item-content\">\n                                                        <h3>Ch\u00e2teau de Laval : Histoire, architecture et visite<\/h3>\n                                                        <p>Recherches populaires Categories Pas de r\u00e9sultats Voir tous les r\u00e9sultats Ch\u00e2teau de Laval : Histoire,...                            <\/p>\n                                                    <\/div>\n                    <\/div>\n                <\/a>\n            <\/div>\n\t\t\t<div class=\"col-md-4\">\n                <a href=\"https:\/\/cparici.com\/en\/laval\/\" class=\"blog-compact-item-container\">\n                    <div class=\"blog-compact-item\">\n                        <img decoding=\"async\" width=\"577\" height=\"204\" src=\"https:\/\/cparici.com\/wp-content\/uploads\/2026\/01\/Laval-577x204.jpg\" class=\"attachment-listeo-blog-related-post size-listeo-blog-related-post wp-post-image\" alt=\"Laval\" srcset=\"https:\/\/cparici.com\/wp-content\/uploads\/2026\/01\/Laval-577x204.jpg 577w, https:\/\/cparici.com\/wp-content\/uploads\/2026\/01\/Laval-300x106.jpg 300w, https:\/\/cparici.com\/wp-content\/uploads\/2026\/01\/Laval-1024x362.jpg 1024w, https:\/\/cparici.com\/wp-content\/uploads\/2026\/01\/Laval-768x271.jpg 768w, https:\/\/cparici.com\/wp-content\/uploads\/2026\/01\/Laval-18x6.jpg 18w, https:\/\/cparici.com\/wp-content\/uploads\/2026\/01\/Laval-590x208.jpg 590w, https:\/\/cparici.com\/wp-content\/uploads\/2026\/01\/Laval-1200x424.jpg 1200w, https:\/\/cparici.com\/wp-content\/uploads\/2026\/01\/Laval-600x212.jpg 600w, https:\/\/cparici.com\/wp-content\/uploads\/2026\/01\/Laval.jpg 1500w\" sizes=\"(max-width: 577px) 100vw, 577px\" \/><span class=\"blog-item-tag\">France<\/span>                        \n                        <div class=\"blog-compact-item-content\">\n                                                        <h3>Laval, ville d\u2019histoire au c\u0153ur de la Mayenne<\/h3>\n                                                        <p>Recherches populaires Categories Pas de r\u00e9sultats Voir tous les r\u00e9sultats Laval, ville d\u2019histoire et de...                            <\/p>\n                                                    <\/div>\n                    <\/div>\n                <\/a>\n            <\/div>\n\t\t\t<div class=\"col-md-4\">\n                <a href=\"https:\/\/cparici.com\/en\/vnb-fest\/\" class=\"blog-compact-item-container\">\n                    <div class=\"blog-compact-item\">\n                        <img decoding=\"async\" width=\"577\" height=\"202\" src=\"https:\/\/cparici.com\/wp-content\/uploads\/2024\/07\/vnb-fest.jpg\" class=\"attachment-listeo-blog-related-post size-listeo-blog-related-post wp-post-image\" alt=\"VnB Fest\" srcset=\"https:\/\/cparici.com\/wp-content\/uploads\/2024\/07\/vnb-fest.jpg 1516w, https:\/\/cparici.com\/wp-content\/uploads\/2024\/07\/vnb-fest-600x210.jpg 600w, https:\/\/cparici.com\/wp-content\/uploads\/2024\/07\/vnb-fest-300x105.jpg 300w, https:\/\/cparici.com\/wp-content\/uploads\/2024\/07\/vnb-fest-1024x358.jpg 1024w, https:\/\/cparici.com\/wp-content\/uploads\/2024\/07\/vnb-fest-768x268.jpg 768w\" sizes=\"(max-width: 577px) 100vw, 577px\" \/><span class=\"blog-item-tag\">Chateau Gontier<\/span>                        \n                        <div class=\"blog-compact-item-content\">\n                                                        <h3>VNB Fest 2024 Ch\u00e2teau Gontier en Mayenne &#8211; Guide Complet<\/h3>\n                                                        <p>Plongez dans l'univers du VNB Fest \u00e0 Ch\u00e2teau Gontier en Mayenne, avec son histoire, ses...                            <\/p>\n                                                    <\/div>\n                    <\/div>\n                <\/a>\n            <\/div>\n  <\/div>\n        <\/div>\n        \t\t\t\t<\/div>\n\t\t\t\t<\/div>\n\t\t\t\t\t<\/div>\n\t\t\t\t<\/div>\n\t\t\t\t<\/div>\n\t\t","protected":false},"excerpt":{"rendered":"<p>Recherches populaires Categories Pas de r\u00e9sultats Voir tous les r\u00e9sultats Laval, ville d\u2019histoire et de d\u00e9couverte au c\u0153ur de la Mayenne Laval est une ville fran\u00e7aise ancienne situ\u00e9e dans le d\u00e9partement de la Mayenne, en Pays de la Loire. Connue pour son riche patrimoine m\u00e9di\u00e9val, ses espaces verts et sa vie culturelle dynamique, elle constitue [&hellip;]<\/p>\n","protected":false},"author":97,"featured_media":75886,"comment_status":"closed","ping_status":"closed","sticky":false,"template":"","format":"standard","meta":{"ngg_post_thumbnail":0,"footnotes":""},"categories":[477,2924,1017,954],"tags":[],"class_list":["post-75885","post","type-post","status-publish","format-standard","has-post-thumbnail","hentry","category-france","category-laval","category-mayenne","category-pays-de-la-loire"],"_links":{"self":[{"href":"https:\/\/cparici.com\/en\/wp-json\/wp\/v2\/posts\/75885","targetHints":{"allow":["GET"]}}],"collection":[{"href":"https:\/\/cparici.com\/en\/wp-json\/wp\/v2\/posts"}],"about":[{"href":"https:\/\/cparici.com\/en\/wp-json\/wp\/v2\/types\/post"}],"author":[{"embeddable":true,"href":"https:\/\/cparici.com\/en\/wp-json\/wp\/v2\/users\/97"}],"replies":[{"embeddable":true,"href":"https:\/\/cparici.com\/en\/wp-json\/wp\/v2\/comments?post=75885"}],"version-history":[{"count":0,"href":"https:\/\/cparici.com\/en\/wp-json\/wp\/v2\/posts\/75885\/revisions"}],"wp:featuredmedia":[{"embeddable":true,"href":"https:\/\/cparici.com\/en\/wp-json\/wp\/v2\/media\/75886"}],"wp:attachment":[{"href":"https:\/\/cparici.com\/en\/wp-json\/wp\/v2\/media?parent=75885"}],"wp:term":[{"taxonomy":"category","embeddable":true,"href":"https:\/\/cparici.com\/en\/wp-json\/wp\/v2\/categories?post=75885"},{"taxonomy":"post_tag","embeddable":true,"href":"https:\/\/cparici.com\/en\/wp-json\/wp\/v2\/tags?post=75885"}],"curies":[{"name":"wp","href":"https:\/\/api.w.org\/{rel}","templated":true}]}}