{"id":75929,"date":"2026-01-25T09:15:56","date_gmt":"2026-01-25T08:15:56","guid":{"rendered":"https:\/\/cparici.com\/?p=75929"},"modified":"2026-01-26T08:55:24","modified_gmt":"2026-01-26T07:55:24","slug":"chateau-de-laval","status":"publish","type":"post","link":"https:\/\/cparici.com\/en\/chateau-de-laval\/","title":{"rendered":"Ch\u00e2teau de Laval: History, architecture and visits"},"content":{"rendered":"\t\t<div data-elementor-type=\"wp-post\" data-elementor-id=\"75929\" class=\"elementor elementor-75929\" data-elementor-post-type=\"post\">\n\t\t\t\t<div class=\"elementor-element elementor-element-f246b6b e-con-full e-flex e-con e-parent\" data-id=\"f246b6b\" data-element_type=\"container\" data-e-type=\"container\">\n\t\t\t\t<div class=\"elementor-element elementor-element-afb1d77 elementor-widget elementor-widget-image\" data-id=\"afb1d77\" data-element_type=\"widget\" data-e-type=\"widget\" data-widget_type=\"image.default\">\n\t\t\t\t\t\t\t\t\t\t\t\t\t\t\t<img decoding=\"async\" width=\"1500\" height=\"530\" src=\"https:\/\/cparici.com\/wp-content\/uploads\/2026\/01\/cparici-2026-01-25T091125.435.jpg\" class=\"attachment-full size-full wp-image-75933\" alt=\"ch\u00e2teau de Laval\" srcset=\"https:\/\/cparici.com\/wp-content\/uploads\/2026\/01\/cparici-2026-01-25T091125.435.jpg 1500w, https:\/\/cparici.com\/wp-content\/uploads\/2026\/01\/cparici-2026-01-25T091125.435-300x106.jpg 300w, https:\/\/cparici.com\/wp-content\/uploads\/2026\/01\/cparici-2026-01-25T091125.435-1024x362.jpg 1024w, https:\/\/cparici.com\/wp-content\/uploads\/2026\/01\/cparici-2026-01-25T091125.435-768x271.jpg 768w, https:\/\/cparici.com\/wp-content\/uploads\/2026\/01\/cparici-2026-01-25T091125.435-18x6.jpg 18w, https:\/\/cparici.com\/wp-content\/uploads\/2026\/01\/cparici-2026-01-25T091125.435-590x208.jpg 590w, https:\/\/cparici.com\/wp-content\/uploads\/2026\/01\/cparici-2026-01-25T091125.435-1200x424.jpg 1200w, https:\/\/cparici.com\/wp-content\/uploads\/2026\/01\/cparici-2026-01-25T091125.435-577x204.jpg 577w, https:\/\/cparici.com\/wp-content\/uploads\/2026\/01\/cparici-2026-01-25T091125.435-600x212.jpg 600w\" sizes=\"(max-width: 1500px) 100vw, 1500px\" \/>\t\t\t\t\t\t\t\t\t\t\t\t\t\t\t<\/div>\n\t\t\t\t<\/div>\n\t\t<aside class=\"elementor-element elementor-element-b160af9 e-flex e-con-boxed e-con e-parent\" data-id=\"b160af9\" data-element_type=\"container\" data-e-type=\"container\">\n\t\t\t\t\t<div class=\"e-con-inner\">\n\t\t\t\t<div class=\"elementor-element elementor-element-2b2673b elementor-widget elementor-widget-global elementor-global-62046 elementor-widget-eael-advanced-search\" data-id=\"2b2673b\" data-element_type=\"widget\" data-e-type=\"widget\" data-widget_type=\"eael-advanced-search.default\">\n\t\t\t\t\t        <div class=\"eael-adv-search-wrapper\">\n            <div id=\"eael-advanced-search-widget-2b2673b\" class=\"eael-advanced-search-widget\">\n                <form data-settings=\"{&quot;post_per_page&quot;:5,&quot;search_among_taxonomies&quot;:&quot;&quot;,&quot;search_among_sku&quot;:&quot;no&quot;,&quot;show_popular_keyword&quot;:0,&quot;show_category&quot;:0,&quot;show_content_image&quot;:1,&quot;show_search_result_all_results&quot;:0,&quot;result_on_new_tab&quot;:&quot;no&quot;,&quot;show_product_price&quot;:&quot;no&quot;,&quot;include_current_page&quot;:&quot;no&quot;,&quot;current_post_id&quot;:75929,&quot;post_type&quot;:[&quot;post&quot;,&quot;listing&quot;]}\" method=\"POST\" name=\"eael-advanced-search-form-2b2673b\" class=\"eael-advanced-search-form eael-advanced-search-form-style-2\">\n                    <div class=\"eael-advanced-search-wrap\">\n                        <span class=\"eael-adv-search-loader\"><\/span>\n                        <span class=\"eael-adv-search-close\"><i class=\"fas fa-times\"><\/i><\/span>\n                        <span class=\"icon \"><i class=\"fas fa-search\"><\/i><\/span>\n\n                        <input type=\"text\"\n                               placeholder=\"Votre destination\"\n                               class=\"eael-advanced-search\" autocomplete=\"off\" name=\"eael_advanced_search\">\n                    <\/div>\n\t\t\t\t\t                                    <\/form>\n\n\t\t\t\t\n\t\t\t\t        <div class=\"eael-advanced-search-result\">\n            <div class=\"eael-advanced-search-popular-keyword\">\n\t\t\t\t<h4 class=\"eael-advanced-search-popular-keyword-text\">Recherches populaires<\/h4>                <div class=\"eael-popular-keyword-content\"><\/div>\n            <\/div>\n            <div class=\"eael-advanced-search-category\">\n\t\t\t\t<h4 class=\"eael-advanced-search-category-text\">Categories<\/h4>                <div class=\"eael-popular-category-content\"><\/div>\n            <\/div>\n\t\t\t<div class=\"eael-advanced-search-total-results-section\">\n\t\t\t\t\t\t\t<\/div>\n            <div class=\"eael-advanced-search-content eael-item-style-3\">\n            <\/div>\n            <div class=\"eael-advanced-search-not-found\">\n                <p>Pas de r\u00e9sultats<\/p><\/div>\n            <div class=\"eael-advanced-search-load-more\">\n\t\t\t\t<a \tclass=\"eael-advanced-search-load-more-button\"\n                \thref=\"#\">Voir tous les r\u00e9sultats<\/a>\n            <\/div>\n        <\/div>\n\n\t\t            <\/div>\n        <\/div>\n\n\t\t\t\t\t\t<\/div>\n\t\t\t\t\t<\/div>\n\t\t\t\t<\/aside>\n\t\t<div class=\"elementor-element elementor-element-d055e1d e-flex e-con-boxed e-con e-parent\" data-id=\"d055e1d\" data-element_type=\"container\" data-e-type=\"container\">\n\t\t\t\t\t<div class=\"e-con-inner\">\n\t\t\t\t<div class=\"elementor-element elementor-element-3971aef2 elementor-widget elementor-widget-text-editor\" data-id=\"3971aef2\" data-element_type=\"widget\" data-e-type=\"widget\" data-widget_type=\"text-editor.default\">\n\t\t\t\t\t\t\t\t\t<h1 style=\"text-align: center;\" data-start=\"236\" data-end=\"311\">Ch\u00e2teau de Laval : Histoire, architecture et visite<\/h1><p data-start=\"313\" data-end=\"723\">Le <strong data-start=\"316\" data-end=\"336\">ch\u00e2teau de Laval<\/strong> est <strong data-start=\"341\" data-end=\"425\">l\u2019un des monuments historiques les plus embl\u00e9matiques du nord\u2011ouest de la France<\/strong>, perch\u00e9 sur un promontoire rocheux qui domine la rivi\u00e8re Mayenne <a href=\"https:\/\/cparici.com\/laval\/\">et la ville<\/a> de Laval. Ce ch\u00e2teau m\u00e9di\u00e9val et Renaissance, \u00e0 l\u2019origine de la fondation m\u00eame de la ville, fascine par son architecture, son histoire mill\u00e9naire et sa transformation en mus\u00e9e d\u2019art.<\/p><h2 data-start=\"730\" data-end=\"767\">Aper\u00e7u global du ch\u00e2teau de Laval<\/h2><p data-start=\"769\" data-end=\"1217\">Construit entre le XI\u1d49 et le XVI\u1d49 si\u00e8cle, le <strong data-start=\"316\" data-end=\"336\">ch\u00e2teau de Laval<\/strong>\u00a0se compose de deux ensembles distincts\u202f: le <strong data-start=\"879\" data-end=\"896\">Vieux\u2011Ch\u00e2teau<\/strong> m\u00e9di\u00e9val, construit autour d\u2019un donjon symbole de puissance, et le <strong data-start=\"964\" data-end=\"980\">Ch\u00e2teau\u2011Neuf<\/strong> de style Renaissance, qui a servi de palais de justice au XIX\u1d49 si\u00e8cle. Aujourd\u2019hui, le ch\u00e2teau est class\u00e9 monument historique et abrite notamment le <em data-start=\"1130\" data-end=\"1178\">Mus\u00e9e d\u2019Art na\u00eff et d\u2019Arts singuliers de Laval<\/em>.<\/p>\t\t\t\t\t\t\t\t<\/div>\n\t\t\t\t\t<\/div>\n\t\t\t\t<\/div>\n\t\t<aside class=\"elementor-element elementor-element-1c6846d9 e-flex e-con-boxed e-con e-parent\" data-id=\"1c6846d9\" data-element_type=\"container\" data-e-type=\"container\" data-settings=\"{&quot;background_background&quot;:&quot;classic&quot;}\">\n\t\t\t\t\t<div class=\"e-con-inner\">\n\t\t\t\t<div class=\"elementor-element elementor-element-dd525e3 elementor-widget elementor-widget-spacer\" data-id=\"dd525e3\" data-element_type=\"widget\" data-e-type=\"widget\" data-widget_type=\"spacer.default\">\n\t\t\t\t\t\t\t<div class=\"elementor-spacer\">\n\t\t\t<div class=\"elementor-spacer-inner\"><\/div>\n\t\t<\/div>\n\t\t\t\t\t\t<\/div>\n\t\t\t\t<div class=\"elementor-element elementor-element-1bd0a98f elementor-widget elementor-widget-heading\" data-id=\"1bd0a98f\" data-element_type=\"widget\" data-e-type=\"widget\" data-widget_type=\"heading.default\">\n\t\t\t\t\t<h2 class=\"elementor-heading-title elementor-size-default\">H\u00e9bergements de Vacances Laval en direct<\/h2>\t\t\t\t<\/div>\n\t\t\t\t<div class=\"elementor-element elementor-element-7a225e44 elementor-widget elementor-widget-listeo-listings-carousel\" data-id=\"7a225e44\" data-element_type=\"widget\" data-e-type=\"widget\" data-widget_type=\"listeo-listings-carousel.default\">\n\t\t\t\t<div class=\"elementor-widget-container\">\n\t\t\t\t\t        <!-- Carousel \/ Start -->\n        \t<div class=\"simple-slick-carousel dots-nav\" data-slick='{&quot;autoplay&quot;:true,&quot;autoplaySpeed&quot;:3000,&quot;slidesToShow&quot;:3,&quot;slidesToScroll&quot;:1,&quot;responsive&quot;:[{&quot;breakpoint&quot;:1024,&quot;settings&quot;:{&quot;slidesToShow&quot;:2,&quot;slidesToScroll&quot;:1}},{&quot;breakpoint&quot;:768,&quot;settings&quot;:{&quot;slidesToShow&quot;:1,&quot;slidesToScroll&quot;:1}}]}'>\n                            <div class=\"fw-carousel-item\">                    \n                        <!-- Listing Item -->\r\n            <div class=\"col-lg-6 col-md-12\">\r\n                <a href=\"https:\/\/cparici.com\/en\/annonce\/la-cabane-du-bon-chemin-et-spa\/\" class=\"listing-item-container listing-geo-data compact\" data-title=\"La cabane du bon chemin et spa\" data-listing-type=\"rental\" data-classifieds-price=\"\u20ac\" data-friendly-address=\"42 rue jean mac\u00e9 53000 Laval\" data-address=\"42 rue jean mac\u00e9 53000 Laval\" data-image=\"https:\/\/cparici.com\/wp-content\/uploads\/2026\/01\/cabane-1-520x397.jpg\" data-longitude=\"-0.7760287\" data-latitude=\"48.076059\" data-rating=\"4.8\" data-reviews=\"25\" data-icon=\"<svg xmlns=&quot;http:\/\/www.w3.org\/2000\/svg&quot; width=&quot;800px&quot; height=&quot;800px&quot; viewBox=&quot;0 0 45 45&quot; fill=&quot;none&quot;>\n<path d=&quot;M24.155 8.78099L24.33 8.94499L37.402 21.787L36 23.213L34.2 21.445L34.201 35C34.201 36.054 33.385 36.918 32.35 36.994L32.201 37H12.201C11.147 37 10.283 36.184 10.206 35.149L10.201 35L10.2 21.446L8.402 23.213L7 21.787L20.058 8.95799C21.171 7.82199 22.966 7.75899 24.155 8.78099ZM21.569 10.285L21.473 10.372L12.2 19.481L12.201 35L17.2 34.999L17.201 25C17.201 23.946 18.017 23.082 19.052 23.005L19.201 23H25.201C26.255 23 27.119 23.816 27.196 24.851L27.201 25L27.2 34.999L32.201 35L32.2 19.48L22.901 10.344C22.537 9.98699 21.969 9.96499 21.569 10.285ZM25.201 25H19.201L19.2 34.999H25.2L25.201 25Z&quot; fill=&quot;#3C3C3C&quot;\/>\n<\/svg>\">\r\n            <div class=\"listing-item  \">\r\n                <div class=\"listing-small-badges-container\">\r\n                                                                <div class=\"listing-small-badge pricing-badge\"><i class=\"fa fa-tag\"><\/i>95.00\u20ac - 150.00\u20ac<\/div>\r\n                                                            \r\n                                        \r\n                                        \r\n                <\/div>\r\n                <img decoding=\"async\" src=\"https:\/\/cparici.com\/wp-content\/uploads\/2026\/01\/cabane-1-520x397.jpg\" alt=\"La cabane du bon chemin et spa\" class=\"listing-thumbnail\">\r\n                \r\n\r\n                <div class=\"listing-item-content\">\r\n                                                <div class=\"numerical-rating\" data-rating=\"4.8\"><\/div>\r\n                    \r\n                    <h3> La cabane du bon chemin et spa <\/h3>\r\n                    <span>42 rue jean mac\u00e9 53000 Laval<\/span>\r\n                <\/div>\r\n                                        <span class=\"save like-icon tooltip left\" title=\"Login To Bookmark Items\"><\/span>\r\n                                                <\/div>\r\n        <\/a>\r\n                    <\/div>\r\n        \r\n\r\n        <!-- Listing Item \/ End -->\n                    <\/div>\n                          <\/div>\n        \t\t\t\t<\/div>\n\t\t\t\t<\/div>\n\t\t\t\t\t<\/div>\n\t\t\t\t<\/aside>\n\t\t<div class=\"elementor-element elementor-element-566405c e-flex e-con-boxed e-con e-parent\" data-id=\"566405c\" data-element_type=\"container\" data-e-type=\"container\">\n\t\t\t\t\t<div class=\"e-con-inner\">\n\t\t\t\t<div class=\"elementor-element elementor-element-e3cd661 elementor-widget elementor-widget-text-editor\" data-id=\"e3cd661\" data-element_type=\"widget\" data-e-type=\"widget\" data-widget_type=\"text-editor.default\">\n\t\t\t\t\t\t\t\t\t<h3 data-start=\"1224\" data-end=\"1257\">Origines et naissance de Laval<\/h3><p data-start=\"1259\" data-end=\"1615\">L\u2019histoire du <strong data-start=\"316\" data-end=\"336\">ch\u00e2teau de Laval<\/strong>\u00a0commence vers 1020, lorsque Guy de D\u00e9n\u00e9r\u00e9 installe une fortification en bois sur l\u2019\u00e9peron rocheux qui domine la rivi\u00e8re Mayenne, \u00e0 proximit\u00e9 d\u2019un ancien gu\u00e9 travers\u00e9 par une voie romaine reliant Le Mans \u00e0 la Bretagne. Ce site strat\u00e9gique marque <strong data-start=\"1539\" data-end=\"1576\">la naissance de la ville de Laval<\/strong>.<\/p><figure id=\"attachment_75933\" aria-describedby=\"caption-attachment-75933\" style=\"width: 1500px\" class=\"wp-caption aligncenter\"><a href=\"https:\/\/cparici.com\/wp-content\/uploads\/2026\/01\/cparici-2026-01-25T091125.435.jpg\"><img decoding=\"async\" class=\"wp-image-75933 size-full\" src=\"https:\/\/cparici.com\/wp-content\/uploads\/2026\/01\/cparici-2026-01-25T091125.435.jpg\" alt=\"ch\u00e2teau de Laval\" width=\"1500\" height=\"530\" srcset=\"https:\/\/cparici.com\/wp-content\/uploads\/2026\/01\/cparici-2026-01-25T091125.435.jpg 1500w, https:\/\/cparici.com\/wp-content\/uploads\/2026\/01\/cparici-2026-01-25T091125.435-300x106.jpg 300w, https:\/\/cparici.com\/wp-content\/uploads\/2026\/01\/cparici-2026-01-25T091125.435-1024x362.jpg 1024w, https:\/\/cparici.com\/wp-content\/uploads\/2026\/01\/cparici-2026-01-25T091125.435-768x271.jpg 768w, https:\/\/cparici.com\/wp-content\/uploads\/2026\/01\/cparici-2026-01-25T091125.435-18x6.jpg 18w, https:\/\/cparici.com\/wp-content\/uploads\/2026\/01\/cparici-2026-01-25T091125.435-590x208.jpg 590w, https:\/\/cparici.com\/wp-content\/uploads\/2026\/01\/cparici-2026-01-25T091125.435-1200x424.jpg 1200w, https:\/\/cparici.com\/wp-content\/uploads\/2026\/01\/cparici-2026-01-25T091125.435-577x204.jpg 577w, https:\/\/cparici.com\/wp-content\/uploads\/2026\/01\/cparici-2026-01-25T091125.435-600x212.jpg 600w\" sizes=\"(max-width: 1500px) 100vw, 1500px\" \/><\/a><figcaption id=\"caption-attachment-75933\" class=\"wp-caption-text\">ch\u00e2teau de Laval<\/figcaption><\/figure><h2 data-start=\"1622\" data-end=\"1659\">Architecture \u00e0 travers les si\u00e8cles<\/h2><h3 data-start=\"1661\" data-end=\"1704\">Le Vieux\u2011Ch\u00e2teau\u202f: forteresse m\u00e9di\u00e9vale<\/h3><p data-start=\"1706\" data-end=\"1840\">Le Vieux\u2011Ch\u00e2teau est <strong data-start=\"1727\" data-end=\"1767\">le c\u0153ur m\u00e9di\u00e9val du ch\u00e2teau de Laval<\/strong>, construit progressivement du XI\u1d49 au XIII\u1d49 si\u00e8cle. Il se distingue par :<\/p><ul data-start=\"1842\" data-end=\"2163\"><li data-start=\"1842\" data-end=\"1988\"><p data-start=\"1844\" data-end=\"1988\">un <strong data-start=\"1847\" data-end=\"1878\">donjon cylindrique imposant<\/strong>, avec une charpente en bois (hourd) du XIII\u1d49 si\u00e8cle, rare en France\u202f;<\/p><\/li><li data-start=\"1989\" data-end=\"2064\"><p data-start=\"1991\" data-end=\"2064\">une <strong data-start=\"1995\" data-end=\"2022\">chapelle du XII\u1d49 si\u00e8cle<\/strong>\u202f;<\/p><\/li><li data-start=\"2065\" data-end=\"2163\"><p data-start=\"2067\" data-end=\"2163\">une architecture militaire pens\u00e9e pour d\u00e9fendre la vall\u00e9e.<\/p><\/li><\/ul><p data-start=\"2165\" data-end=\"2318\">Ces \u00e9l\u00e9ments t\u00e9moignent de l\u2019\u00e9volution des techniques d\u00e9fensives m\u00e9di\u00e9vales et de l\u2019importance strat\u00e9gique du site.<\/p><h3 data-start=\"2320\" data-end=\"2368\">Le Ch\u00e2teau\u2011Neuf\u202f: ouverture \u00e0 la Renaissance<\/h3><p data-start=\"2370\" data-end=\"2643\">Au milieu du XVI\u1d49 si\u00e8cle, un <strong data-start=\"2399\" data-end=\"2436\">Ch\u00e2teau\u2011Neuf de style Renaissance<\/strong> fut b\u00e2ti au nord du vieux donjon. Cette galerie \u00e9l\u00e9gante illustre l\u2019\u00e9volution esth\u00e9tique de l\u2019\u00e9poque\u202f: confort et repr\u00e9sentation succ\u00e8dent \u00e0 la pure fonction d\u00e9fensive.<\/p><h2 data-start=\"2650\" data-end=\"2694\">Le ch\u00e2teau de Laval et la Maison de Laval<\/h2><p data-start=\"2696\" data-end=\"3003\">Le <strong data-start=\"316\" data-end=\"336\">ch\u00e2teau de Laval<\/strong>\u00a0fut la r\u00e9sidence des <strong data-start=\"2741\" data-end=\"2760\">comtes de Laval<\/strong>, une puissante famille f\u00e9odale qui joua un r\u00f4le central dans la r\u00e9gion du Maine du XI\u1d49 si\u00e8cle jusqu\u2019\u00e0 la fin de la Renaissance, tissant alliances et histoires communes avec les grandes familles de France.<\/p><h2 data-start=\"3010\" data-end=\"3035\">Le ch\u00e2teau aujourd\u2019hui<\/h2><h3 data-start=\"3037\" data-end=\"3062\">Mus\u00e9e d\u2019art et visite<\/h3><p data-start=\"3064\" data-end=\"3388\">Depuis le d\u00e9but du XX\u1d49 si\u00e8cle, le Vieux\u2011Ch\u00e2teau est ouvert au public. Il abrite aujourd\u2019hui le <em data-start=\"3159\" data-end=\"3207\">Mus\u00e9e d\u2019Art na\u00eff et d\u2019Arts singuliers de Laval<\/em>, qui pr\u00e9sente des \u0153uvres majeures de l\u2019art na\u00eff europ\u00e9en, avec des peintures inspir\u00e9es du Douanier Rousseau et d\u2019autres artistes singuliers.<\/p><p data-start=\"3390\" data-end=\"3586\">Selon les guides touristiques, la visite inclut la mont\u00e9e du donjon, la d\u00e9couverte de la chapelle m\u00e9di\u00e9vale et l\u2019acc\u00e8s aux collections permanentes du mus\u00e9e.<\/p><h2 data-start=\"3593\" data-end=\"3636\">Informations pratiques pour votre visite<\/h2><p data-start=\"3638\" data-end=\"3687\">Le <strong data-start=\"316\" data-end=\"336\">ch\u00e2teau de Laval<\/strong>\u00a0est g\u00e9n\u00e9ralement ouvert :<\/p><ul data-start=\"3689\" data-end=\"3856\"><li data-start=\"3689\" data-end=\"3735\"><p data-start=\"3691\" data-end=\"3735\">du mardi au samedi\u202f: matin et apr\u00e8s\u2011midi ;<\/p><\/li><li data-start=\"3736\" data-end=\"3764\"><p data-start=\"3738\" data-end=\"3764\">le dimanche apr\u00e8s\u2011midi ;<\/p><\/li><li data-start=\"3765\" data-end=\"3856\"><p data-start=\"3767\" data-end=\"3856\">ferm\u00e9 certains jours f\u00e9ri\u00e9s sauf en haute saison.<\/p><\/li><\/ul><p data-start=\"3858\" data-end=\"4061\">La visite guid\u00e9e de la tour offre une vue panoramique sur la ville et la rivi\u00e8re Mayenne, tandis que l\u2019acc\u00e8s au mus\u00e9e est souvent inclus ou propos\u00e9 \u00e0 tarif r\u00e9duit.<\/p><h2 data-start=\"4068\" data-end=\"4106\">Importance culturelle et symbolique<\/h2><p data-start=\"4108\" data-end=\"4169\">Le <strong data-start=\"316\" data-end=\"336\">ch\u00e2teau de Laval<\/strong>\u00a0est bien plus qu\u2019un simple monument\u202f:<\/p><ul data-start=\"4171\" data-end=\"4493\"><li data-start=\"4171\" data-end=\"4275\"><p data-start=\"4173\" data-end=\"4275\">il constitue <strong data-start=\"4186\" data-end=\"4231\">le symbole fondateur de la ville de Laval<\/strong> ;<\/p><\/li><li data-start=\"4276\" data-end=\"4367\"><p data-start=\"4278\" data-end=\"4367\">il inspire des artistes depuis le XIX\u1d49 si\u00e8cle\u202f;<\/p><\/li><li data-start=\"4368\" data-end=\"4493\"><p data-start=\"4370\" data-end=\"4493\">il repr\u00e9sente une transition architecturale majeure entre Moyen \u00c2ge et Renaissance.<\/p><\/li><\/ul><h2 data-start=\"4500\" data-end=\"4546\">Foire Aux Questions sur le ch\u00e2teau de Laval<\/h2><h3 data-start=\"4548\" data-end=\"4598\">Quelle est l\u2019origine du <strong data-start=\"4576\" data-end=\"4596\">chateau de laval<\/strong>\u202f?<\/h3><p data-start=\"4600\" data-end=\"4783\">Le <strong data-start=\"316\" data-end=\"336\">ch\u00e2teau de Laval<\/strong>\u00a0fut construit vers 1020 par Guy de D\u00e9n\u00e9r\u00e9 sur un site strat\u00e9gique dominant la Mayenne, et a donn\u00e9 naissance \u00e0 la ville.<\/p><h3 data-start=\"4785\" data-end=\"4847\">Quels styles architecturaux peut\u2011on voir dans le ch\u00e2teau\u202f?<\/h3><p data-start=\"4849\" data-end=\"5033\">Vous y verrez un m\u00e9lange d\u2019architecture <strong data-start=\"4889\" data-end=\"4912\">m\u00e9di\u00e9vale d\u00e9fensive<\/strong> dans le Vieux\u2011Ch\u00e2teau et de style <strong data-start=\"4947\" data-end=\"4971\">Renaissance \u00e9l\u00e9gante<\/strong> dans le Ch\u00e2teau\u2011Neuf.<\/p><h3 data-start=\"5035\" data-end=\"5075\">Le ch\u00e2teau est\u2011il ouvert au public\u202f?<\/h3><p data-start=\"5077\" data-end=\"5220\">Oui\u202f: il est ouvert aux visiteurs presque toute l\u2019ann\u00e9e, avec des horaires variables selon les saisons.<\/p><h3 data-start=\"5222\" data-end=\"5261\">Que peut\u2011on visiter \u00e0 l\u2019int\u00e9rieur\u202f?<\/h3><p data-start=\"5263\" data-end=\"5408\">Vous pouvez visiter la <strong data-start=\"5286\" data-end=\"5317\">tour, la chapelle m\u00e9di\u00e9vale<\/strong> et le <strong data-start=\"5324\" data-end=\"5367\">mus\u00e9e d\u2019art na\u00eff et des arts singuliers<\/strong>.<\/p><h3 data-start=\"5410\" data-end=\"5444\">Y a\u2011t\u2011il des visites guid\u00e9es\u202f?<\/h3><p data-start=\"5446\" data-end=\"5578\">Oui, des visites guid\u00e9es comment\u00e9es sont propos\u00e9es r\u00e9guli\u00e8rement, notamment en haute saison.<\/p><h3 data-start=\"5580\" data-end=\"5630\">Quelle est la meilleure p\u00e9riode pour visiter\u202f?<\/h3><p data-start=\"5632\" data-end=\"5756\">L\u2019\u00e9t\u00e9 offre les horaires les plus larges et plusieurs activit\u00e9s guid\u00e9es accessibles.<\/p><h2 data-start=\"5763\" data-end=\"5776\">Conclusion<\/h2><p data-start=\"5778\" data-end=\"6109\">Le <strong data-start=\"316\" data-end=\"336\">ch\u00e2teau de Laval<\/strong>\u00a0est une <strong data-start=\"5810\" data-end=\"5840\">destination incontournable<\/strong> pour les amateurs d\u2019histoire, d\u2019architecture et d\u2019art. Monument fondateur de la ville, il raconte avec puissance l\u2019\u00e9volution de la soci\u00e9t\u00e9 m\u00e9di\u00e9vale \u00e0 la Renaissance et continue d\u2019attirer visiteurs et chercheurs du monde entier.<\/p><p data-start=\"6116\" data-end=\"6414\">Retrouvez aussi des informations d\u00e9taill\u00e9es sur ce lieu culturel exceptionnel en consultant cette page compl\u00e9mentaire\u202f: <strong data-start=\"6236\" data-end=\"6283\">Guide encyclop\u00e9dique du patrimoine fran\u00e7ais<\/strong>. <a class=\"decorated-link\" href=\"https:\/\/fr.wikipedia.org\/wiki\/Ch%C3%A2teau_de_Laval?utm_source=chatgpt.com\" target=\"_new\" rel=\"noopener\" data-start=\"6285\" data-end=\"6414\">En savoir plus sur l\u2019histoire de ce site historique<\/a><\/p>\t\t\t\t\t\t\t\t<\/div>\n\t\t\t\t\t<\/div>\n\t\t\t\t<\/div>\n\t\t<div class=\"elementor-element elementor-element-f62b6bc e-flex e-con-boxed e-con e-parent\" data-id=\"f62b6bc\" data-element_type=\"container\" data-e-type=\"container\">\n\t\t\t\t\t<div class=\"e-con-inner\">\n\t\t\t\t<div class=\"elementor-element elementor-element-95fe1c7 elementor-widget elementor-widget-listeo-posts-grid\" data-id=\"95fe1c7\" data-element_type=\"widget\" data-e-type=\"widget\" data-widget_type=\"listeo-posts-grid.default\">\n\t\t\t\t<div class=\"elementor-widget-container\">\n\t\t\t\t\t\t\t\n\t\t<div class=\"listeo-post-grid-wrapper\">\n\t\t\t<div class=\"row\">\n\n\t\t\t\n\n\t\t\t\t\t\t\t<div class=\"col-md-4\">\n                <a href=\"https:\/\/cparici.com\/en\/la-mayenne-departement\/\" class=\"blog-compact-item-container\">\n                    <div class=\"blog-compact-item\">\n                        <img decoding=\"async\" width=\"577\" height=\"217\" src=\"https:\/\/cparici.com\/wp-content\/uploads\/2024\/06\/la-mayenne.jpg\" class=\"attachment-listeo-blog-related-post size-listeo-blog-related-post wp-post-image\" alt=\"la mayenne\" srcset=\"https:\/\/cparici.com\/wp-content\/uploads\/2024\/06\/la-mayenne.jpg 1500w, https:\/\/cparici.com\/wp-content\/uploads\/2024\/06\/la-mayenne-600x226.jpg 600w, https:\/\/cparici.com\/wp-content\/uploads\/2024\/06\/la-mayenne-300x113.jpg 300w, https:\/\/cparici.com\/wp-content\/uploads\/2024\/06\/la-mayenne-1024x386.jpg 1024w, https:\/\/cparici.com\/wp-content\/uploads\/2024\/06\/la-mayenne-768x289.jpg 768w\" sizes=\"(max-width: 577px) 100vw, 577px\" \/><span class=\"blog-item-tag\">D\u00e9partement de France<\/span>                        \n                        <div class=\"blog-compact-item-content\">\n                                                        <h3>La Mayenne \u2013 d\u00e9couvrez les secrets de son patrimoine<\/h3>\n                                                        <p>La Mayenne, un d\u00e9partement riche en histoire et en nature. D\u00e9couvrez ses secrets de patrimoine...                            <\/p>\n                                                    <\/div>\n                    <\/div>\n                <\/a>\n            <\/div>\n\t\t\t<div class=\"col-md-4\">\n                <a href=\"https:\/\/cparici.com\/en\/chateau-de-la-maroutiere-histoire-et-description\/\" class=\"blog-compact-item-container\">\n                    <div class=\"blog-compact-item\">\n                        <img decoding=\"async\" width=\"577\" height=\"197\" src=\"https:\/\/cparici.com\/wp-content\/uploads\/2024\/07\/chateau-de-la-maroutiere.jpg\" class=\"attachment-listeo-blog-related-post size-listeo-blog-related-post wp-post-image\" alt=\"chateau de la marouti\u00e8re\" srcset=\"https:\/\/cparici.com\/wp-content\/uploads\/2024\/07\/chateau-de-la-maroutiere.jpg 1550w, https:\/\/cparici.com\/wp-content\/uploads\/2024\/07\/chateau-de-la-maroutiere-600x205.jpg 600w, https:\/\/cparici.com\/wp-content\/uploads\/2024\/07\/chateau-de-la-maroutiere-300x103.jpg 300w, https:\/\/cparici.com\/wp-content\/uploads\/2024\/07\/chateau-de-la-maroutiere-1024x350.jpg 1024w, https:\/\/cparici.com\/wp-content\/uploads\/2024\/07\/chateau-de-la-maroutiere-768x263.jpg 768w, https:\/\/cparici.com\/wp-content\/uploads\/2024\/07\/chateau-de-la-maroutiere-1536x525.jpg 1536w\" sizes=\"(max-width: 577px) 100vw, 577px\" \/><span class=\"blog-item-tag\">Chateau Gontier<\/span>                        \n                        <div class=\"blog-compact-item-content\">\n                                                        <h3>Chateau de la Marouti\u00e8re: Histoire et Description<\/h3>\n                                                        <p>Chateau de la Marouti\u00e8re - Explorez l'histoire, le charme architectural et les informations pratiques du...                            <\/p>\n                                                    <\/div>\n                    <\/div>\n                <\/a>\n            <\/div>\n\t\t\t<div class=\"col-md-4\">\n                <a href=\"https:\/\/cparici.com\/en\/laval\/\" class=\"blog-compact-item-container\">\n                    <div class=\"blog-compact-item\">\n                        <img decoding=\"async\" width=\"577\" height=\"204\" src=\"https:\/\/cparici.com\/wp-content\/uploads\/2026\/01\/Laval-577x204.jpg\" class=\"attachment-listeo-blog-related-post size-listeo-blog-related-post wp-post-image\" alt=\"Laval\" srcset=\"https:\/\/cparici.com\/wp-content\/uploads\/2026\/01\/Laval-577x204.jpg 577w, https:\/\/cparici.com\/wp-content\/uploads\/2026\/01\/Laval-300x106.jpg 300w, https:\/\/cparici.com\/wp-content\/uploads\/2026\/01\/Laval-1024x362.jpg 1024w, https:\/\/cparici.com\/wp-content\/uploads\/2026\/01\/Laval-768x271.jpg 768w, https:\/\/cparici.com\/wp-content\/uploads\/2026\/01\/Laval-18x6.jpg 18w, https:\/\/cparici.com\/wp-content\/uploads\/2026\/01\/Laval-590x208.jpg 590w, https:\/\/cparici.com\/wp-content\/uploads\/2026\/01\/Laval-1200x424.jpg 1200w, https:\/\/cparici.com\/wp-content\/uploads\/2026\/01\/Laval-600x212.jpg 600w, https:\/\/cparici.com\/wp-content\/uploads\/2026\/01\/Laval.jpg 1500w\" sizes=\"(max-width: 577px) 100vw, 577px\" \/><span class=\"blog-item-tag\">France<\/span>                        \n                        <div class=\"blog-compact-item-content\">\n                                                        <h3>Laval, ville d\u2019histoire au c\u0153ur de la Mayenne<\/h3>\n                                                        <p>Recherches populaires Categories Pas de r\u00e9sultats Voir tous les r\u00e9sultats Laval, ville d\u2019histoire et de...                            <\/p>\n                                                    <\/div>\n                    <\/div>\n                <\/a>\n            <\/div>\n  <\/div>\n        <\/div>\n        \t\t\t\t<\/div>\n\t\t\t\t<\/div>\n\t\t\t\t\t<\/div>\n\t\t\t\t<\/div>\n\t\t\t\t<\/div>\n\t\t","protected":false},"excerpt":{"rendered":"<p>Recherches populaires Categories Pas de r\u00e9sultats Voir tous les r\u00e9sultats Ch\u00e2teau de Laval : Histoire, architecture et visite Le ch\u00e2teau de Laval est l\u2019un des monuments historiques les plus embl\u00e9matiques du nord\u2011ouest de la France, perch\u00e9 sur un promontoire rocheux qui domine la rivi\u00e8re Mayenne et la ville de Laval. Ce ch\u00e2teau m\u00e9di\u00e9val et Renaissance, [&hellip;]<\/p>\n","protected":false},"author":97,"featured_media":75930,"comment_status":"closed","ping_status":"closed","sticky":false,"template":"","format":"standard","meta":{"ngg_post_thumbnail":0,"footnotes":""},"categories":[2924,477,1017,954],"tags":[],"class_list":["post-75929","post","type-post","status-publish","format-standard","has-post-thumbnail","hentry","category-laval","category-france","category-mayenne","category-pays-de-la-loire"],"_links":{"self":[{"href":"https:\/\/cparici.com\/en\/wp-json\/wp\/v2\/posts\/75929","targetHints":{"allow":["GET"]}}],"collection":[{"href":"https:\/\/cparici.com\/en\/wp-json\/wp\/v2\/posts"}],"about":[{"href":"https:\/\/cparici.com\/en\/wp-json\/wp\/v2\/types\/post"}],"author":[{"embeddable":true,"href":"https:\/\/cparici.com\/en\/wp-json\/wp\/v2\/users\/97"}],"replies":[{"embeddable":true,"href":"https:\/\/cparici.com\/en\/wp-json\/wp\/v2\/comments?post=75929"}],"version-history":[{"count":0,"href":"https:\/\/cparici.com\/en\/wp-json\/wp\/v2\/posts\/75929\/revisions"}],"wp:featuredmedia":[{"embeddable":true,"href":"https:\/\/cparici.com\/en\/wp-json\/wp\/v2\/media\/75930"}],"wp:attachment":[{"href":"https:\/\/cparici.com\/en\/wp-json\/wp\/v2\/media?parent=75929"}],"wp:term":[{"taxonomy":"category","embeddable":true,"href":"https:\/\/cparici.com\/en\/wp-json\/wp\/v2\/categories?post=75929"},{"taxonomy":"post_tag","embeddable":true,"href":"https:\/\/cparici.com\/en\/wp-json\/wp\/v2\/tags?post=75929"}],"curies":[{"name":"wp","href":"https:\/\/api.w.org\/{rel}","templated":true}]}}