{"id":75939,"date":"2026-01-25T09:58:37","date_gmt":"2026-01-25T08:58:37","guid":{"rendered":"https:\/\/cparici.com\/?p=75939"},"modified":"2026-01-26T08:50:57","modified_gmt":"2026-01-26T07:50:57","slug":"jardin-de-la-perrine","status":"publish","type":"post","link":"https:\/\/cparici.com\/en\/jardin-de-la-perrine\/","title":{"rendered":"Jardin de la Perrine \u00e0 Laval : Complete guide"},"content":{"rendered":"\t\t<div data-elementor-type=\"wp-post\" data-elementor-id=\"75939\" class=\"elementor elementor-75939\" data-elementor-post-type=\"post\">\n\t\t\t\t<div class=\"elementor-element elementor-element-a0c3ecd e-con-full e-flex e-con e-parent\" data-id=\"a0c3ecd\" data-element_type=\"container\" data-e-type=\"container\">\n\t\t\t\t<div class=\"elementor-element elementor-element-6390ea7 elementor-widget elementor-widget-image\" data-id=\"6390ea7\" data-element_type=\"widget\" data-e-type=\"widget\" data-widget_type=\"image.default\">\n\t\t\t\t\t\t\t\t\t\t\t\t\t\t\t<img decoding=\"async\" width=\"1536\" height=\"610\" src=\"https:\/\/cparici.com\/wp-content\/uploads\/2026\/01\/Jardin-de-la-Perrine-.jpg\" class=\"attachment-full size-full wp-image-75942\" alt=\"Jardin de la Perrine\" srcset=\"https:\/\/cparici.com\/wp-content\/uploads\/2026\/01\/Jardin-de-la-Perrine-.jpg 1536w, https:\/\/cparici.com\/wp-content\/uploads\/2026\/01\/Jardin-de-la-Perrine--300x119.jpg 300w, https:\/\/cparici.com\/wp-content\/uploads\/2026\/01\/Jardin-de-la-Perrine--1024x407.jpg 1024w, https:\/\/cparici.com\/wp-content\/uploads\/2026\/01\/Jardin-de-la-Perrine--768x305.jpg 768w, https:\/\/cparici.com\/wp-content\/uploads\/2026\/01\/Jardin-de-la-Perrine--18x7.jpg 18w, https:\/\/cparici.com\/wp-content\/uploads\/2026\/01\/Jardin-de-la-Perrine--590x234.jpg 590w, https:\/\/cparici.com\/wp-content\/uploads\/2026\/01\/Jardin-de-la-Perrine--1200x477.jpg 1200w, https:\/\/cparici.com\/wp-content\/uploads\/2026\/01\/Jardin-de-la-Perrine--577x229.jpg 577w, https:\/\/cparici.com\/wp-content\/uploads\/2026\/01\/Jardin-de-la-Perrine--600x238.jpg 600w\" sizes=\"(max-width: 1536px) 100vw, 1536px\" \/>\t\t\t\t\t\t\t\t\t\t\t\t\t\t\t<\/div>\n\t\t\t\t<\/div>\n\t\t<aside class=\"elementor-element elementor-element-1c1c119 e-flex e-con-boxed e-con e-parent\" data-id=\"1c1c119\" data-element_type=\"container\" data-e-type=\"container\">\n\t\t\t\t\t<div class=\"e-con-inner\">\n\t\t\t\t<div class=\"elementor-element elementor-element-0b96ab2 elementor-widget elementor-widget-global elementor-global-62046 elementor-widget-eael-advanced-search\" data-id=\"0b96ab2\" data-element_type=\"widget\" data-e-type=\"widget\" data-widget_type=\"eael-advanced-search.default\">\n\t\t\t\t\t        <div class=\"eael-adv-search-wrapper\">\n            <div id=\"eael-advanced-search-widget-0b96ab2\" class=\"eael-advanced-search-widget\">\n                <form data-settings=\"{&quot;post_per_page&quot;:5,&quot;search_among_taxonomies&quot;:&quot;&quot;,&quot;search_among_sku&quot;:&quot;no&quot;,&quot;show_popular_keyword&quot;:0,&quot;show_category&quot;:0,&quot;show_content_image&quot;:1,&quot;show_search_result_all_results&quot;:0,&quot;result_on_new_tab&quot;:&quot;no&quot;,&quot;show_product_price&quot;:&quot;no&quot;,&quot;include_current_page&quot;:&quot;no&quot;,&quot;current_post_id&quot;:75939,&quot;post_type&quot;:[&quot;post&quot;,&quot;listing&quot;]}\" method=\"POST\" name=\"eael-advanced-search-form-0b96ab2\" class=\"eael-advanced-search-form eael-advanced-search-form-style-2\">\n                    <div class=\"eael-advanced-search-wrap\">\n                        <span class=\"eael-adv-search-loader\"><\/span>\n                        <span class=\"eael-adv-search-close\"><i class=\"fas fa-times\"><\/i><\/span>\n                        <span class=\"icon \"><i class=\"fas fa-search\"><\/i><\/span>\n\n                        <input type=\"text\"\n                               placeholder=\"Votre destination\"\n                               class=\"eael-advanced-search\" autocomplete=\"off\" name=\"eael_advanced_search\">\n                    <\/div>\n\t\t\t\t\t                                    <\/form>\n\n\t\t\t\t\n\t\t\t\t        <div class=\"eael-advanced-search-result\">\n            <div class=\"eael-advanced-search-popular-keyword\">\n\t\t\t\t<h4 class=\"eael-advanced-search-popular-keyword-text\">Recherches populaires<\/h4>                <div class=\"eael-popular-keyword-content\"><\/div>\n            <\/div>\n            <div class=\"eael-advanced-search-category\">\n\t\t\t\t<h4 class=\"eael-advanced-search-category-text\">Categories<\/h4>                <div class=\"eael-popular-category-content\"><\/div>\n            <\/div>\n\t\t\t<div class=\"eael-advanced-search-total-results-section\">\n\t\t\t\t\t\t\t<\/div>\n            <div class=\"eael-advanced-search-content eael-item-style-3\">\n            <\/div>\n            <div class=\"eael-advanced-search-not-found\">\n                <p>Pas de r\u00e9sultats<\/p><\/div>\n            <div class=\"eael-advanced-search-load-more\">\n\t\t\t\t<a \tclass=\"eael-advanced-search-load-more-button\"\n                \thref=\"#\">Voir tous les r\u00e9sultats<\/a>\n            <\/div>\n        <\/div>\n\n\t\t            <\/div>\n        <\/div>\n\n\t\t\t\t\t\t<\/div>\n\t\t\t\t\t<\/div>\n\t\t\t\t<\/aside>\n\t\t<div class=\"elementor-element elementor-element-7db0697 e-flex e-con-boxed e-con e-parent\" data-id=\"7db0697\" data-element_type=\"container\" data-e-type=\"container\">\n\t\t\t\t\t<div class=\"e-con-inner\">\n\t\t\t\t<div class=\"elementor-element elementor-element-2a654819 elementor-widget elementor-widget-text-editor\" data-id=\"2a654819\" data-element_type=\"widget\" data-e-type=\"widget\" data-widget_type=\"text-editor.default\">\n\t\t\t\t\t\t\t\t\t<h1 style=\"text-align: center;\" data-start=\"0\" data-end=\"107\">Jardin de la Perrine \u00e0 Laval : Guide complet<\/h1><p data-start=\"109\" data-end=\"500\">Le <strong data-start=\"112\" data-end=\"144\">Jardin de la Perrine \u00e0 Laval<\/strong> est un <strong data-start=\"152\" data-end=\"200\">jardin public urbain historique et botanique<\/strong>, l\u2019un des lieux verts les plus appr\u00e9ci\u00e9s de la ville de <strong data-start=\"245\" data-end=\"290\">Laval (<a href=\"https:\/\/cparici.com\/la-mayenne-departement\/\">Mayenne<\/a>, <a href=\"https:\/\/cparici.com\/pays-de-la-loire\/\">Pays de la Loire<\/a>, France)<\/strong>. Situ\u00e9 au c\u0153ur de la ville et dominant la vall\u00e9e de la Mayenne, il offre <strong data-start=\"364\" data-end=\"414\">une promenade enrichissante pour tous les \u00e2ges<\/strong>, entre nature, histoire, patrimoine et d\u00e9tente.<\/p><h2 data-start=\"507\" data-end=\"549\">Qu\u2019est\u2011ce que le Jardin de la Perrine ?<\/h2><p data-start=\"551\" data-end=\"955\">Le <strong data-start=\"554\" data-end=\"578\">Jardin de la Perrine<\/strong> est un <strong data-start=\"586\" data-end=\"616\">jardin public et botanique<\/strong>, cr\u00e9\u00e9 \u00e0 la fin du XIX\u1d49 si\u00e8cle sur une ancienne propri\u00e9t\u00e9 priv\u00e9e acquise par la ville en 1885. Il s\u2019\u00e9tend sur environ <strong data-start=\"734\" data-end=\"871\">4,5 hectares et combine des espaces v\u00e9g\u00e9taux remarquables, des zones de jeux, des collections botaniques et des \u00e9l\u00e9ments patrimoniaux<\/strong>, le tout avec une superbe vue sur la Mayenne.<\/p>\t\t\t\t\t\t\t\t<\/div>\n\t\t\t\t\t<\/div>\n\t\t\t\t<\/div>\n\t\t<aside class=\"elementor-element elementor-element-2ed44d09 e-flex e-con-boxed e-con e-parent\" data-id=\"2ed44d09\" data-element_type=\"container\" data-e-type=\"container\" data-settings=\"{&quot;background_background&quot;:&quot;classic&quot;}\">\n\t\t\t\t\t<div class=\"e-con-inner\">\n\t\t\t\t<div class=\"elementor-element elementor-element-2b1dbc7a elementor-widget elementor-widget-spacer\" data-id=\"2b1dbc7a\" data-element_type=\"widget\" data-e-type=\"widget\" data-widget_type=\"spacer.default\">\n\t\t\t\t\t\t\t<div class=\"elementor-spacer\">\n\t\t\t<div class=\"elementor-spacer-inner\"><\/div>\n\t\t<\/div>\n\t\t\t\t\t\t<\/div>\n\t\t\t\t<div class=\"elementor-element elementor-element-4b63f4f3 elementor-widget elementor-widget-heading\" data-id=\"4b63f4f3\" data-element_type=\"widget\" data-e-type=\"widget\" data-widget_type=\"heading.default\">\n\t\t\t\t\t<h2 class=\"elementor-heading-title elementor-size-default\">H\u00e9bergements de Vacances Laval  en direct<\/h2>\t\t\t\t<\/div>\n\t\t\t\t<div class=\"elementor-element elementor-element-131612b5 elementor-widget elementor-widget-listeo-listings-carousel\" data-id=\"131612b5\" data-element_type=\"widget\" data-e-type=\"widget\" data-widget_type=\"listeo-listings-carousel.default\">\n\t\t\t\t<div class=\"elementor-widget-container\">\n\t\t\t\t\t        <!-- Carousel \/ Start -->\n        \t<div class=\"simple-slick-carousel dots-nav\" data-slick='{&quot;autoplay&quot;:true,&quot;autoplaySpeed&quot;:3000,&quot;slidesToShow&quot;:3,&quot;slidesToScroll&quot;:1,&quot;responsive&quot;:[{&quot;breakpoint&quot;:1024,&quot;settings&quot;:{&quot;slidesToShow&quot;:2,&quot;slidesToScroll&quot;:1}},{&quot;breakpoint&quot;:768,&quot;settings&quot;:{&quot;slidesToShow&quot;:1,&quot;slidesToScroll&quot;:1}}]}'>\n                            <div class=\"fw-carousel-item\">                    \n                        <!-- Listing Item -->\r\n            <div class=\"col-lg-6 col-md-12\">\r\n                <a href=\"https:\/\/cparici.com\/en\/annonce\/la-cabane-du-bon-chemin-et-spa\/\"  class=\"listing-item-container listing-geo-data compact\" \r\n\t\tdata-title=\"La cabane du bon chemin et spa\"\r\n\t\tdata-listing-type=\"rental\"\r\n\t\tdata-classifieds-price=\"&euro;\"\r\n\t\tdata-friendly-address=\"42 rue jean mac\u00e9 53000 Laval\"\r\n\t\tdata-address=\"42 rue jean mac\u00e9 53000 Laval\"\r\n\t\tdata-image=\"https:\/\/cparici.com\/wp-content\/uploads\/2026\/01\/cabane-1-520x397.jpg\"\r\n\t\tdata-longitude=\"-0.7760287\"\r\n\t\tdata-latitude=\"48.076059\"\r\n\t\t\t\t\tdata-rating=\"4.8\"\r\n\t\t\tdata-reviews=\"25\"\r\n\t\t\t\tdata-icon=\"&lt;svg xmlns=&quot;http:\/\/www.w3.org\/2000\/svg&quot; width=&quot;800px&quot; height=&quot;800px&quot; viewBox=&quot;0 0 45 45&quot; fill=&quot;none&quot;&gt;\n&lt;path d=&quot;M24.155 8.78099L24.33 8.94499L37.402 21.787L36 23.213L34.2 21.445L34.201 35C34.201 36.054 33.385 36.918 32.35 36.994L32.201 37H12.201C11.147 37 10.283 36.184 10.206 35.149L10.201 35L10.2 21.446L8.402 23.213L7 21.787L20.058 8.95799C21.171 7.82199 22.966 7.75899 24.155 8.78099ZM21.569 10.285L21.473 10.372L12.2 19.481L12.201 35L17.2 34.999L17.201 25C17.201 23.946 18.017 23.082 19.052 23.005L19.201 23H25.201C26.255 23 27.119 23.816 27.196 24.851L27.201 25L27.2 34.999L32.201 35L32.2 19.48L22.901 10.344C22.537 9.98699 21.969 9.96499 21.569 10.285ZM25.201 25H19.201L19.2 34.999H25.2L25.201 25Z&quot; fill=&quot;#3C3C3C&quot;\/&gt;\n&lt;\/svg&gt;\"\r\n\r\n\t>\r\n            <div class=\"listing-item  \">\r\n                <div class=\"listing-small-badges-container\">\r\n                                                                <div class=\"listing-small-badge pricing-badge\"><i class=\"fa fa-tag\"><\/i>95.00&euro; - 150.00&euro;<\/div>\r\n                                                            \r\n                                        \r\n                                        \r\n                <\/div>\r\n                <img decoding=\"async\" src=\"https:\/\/cparici.com\/wp-content\/uploads\/2026\/01\/cabane-1-520x397.jpg\" alt=\"La cabane du bon chemin et spa\" class=\"listing-thumbnail\">\r\n                \r\n\r\n                <div class=\"listing-item-content\">\r\n                                                <div class=\"numerical-rating\" data-rating=\"4.8\"><\/div>\r\n                    \r\n                    <h3> La cabane du bon chemin et spa <\/h3>\r\n                    <span>42 rue jean mac\u00e9 53000 Laval<\/span>\r\n                <\/div>\r\n                                        <span class=\"save like-icon tooltip left\" title=\"Login To Bookmark Items\"><\/span>\r\n                                                <\/div>\r\n        <\/a>\r\n                    <\/div>\r\n        \r\n\r\n        <!-- Listing Item \/ End -->\n                    <\/div>\n                          <\/div>\n        \t\t\t\t<\/div>\n\t\t\t\t<\/div>\n\t\t\t\t\t<\/div>\n\t\t\t\t<\/aside>\n\t\t<div class=\"elementor-element elementor-element-2d37fc6 e-flex e-con-boxed e-con e-parent\" data-id=\"2d37fc6\" data-element_type=\"container\" data-e-type=\"container\">\n\t\t\t\t\t<div class=\"e-con-inner\">\n\t\t\t\t<div class=\"elementor-element elementor-element-3229af5 elementor-widget elementor-widget-text-editor\" data-id=\"3229af5\" data-element_type=\"widget\" data-e-type=\"widget\" data-widget_type=\"text-editor.default\">\n\t\t\t\t\t\t\t\t\t<h2 data-start=\"962\" data-end=\"997\">Histoire du Jardin de la Perrine<\/h2><p data-start=\"999\" data-end=\"1396\">L\u2019histoire du <strong data-start=\"1013\" data-end=\"1045\">Jardin de la Perrine \u00e0 Laval<\/strong> remonte au Moyen \u00c2ge, mais c\u2019est \u00e0 partir de <strong data-start=\"1091\" data-end=\"1160\">1885 que la ville ach\u00e8te la propri\u00e9t\u00e9 pour cr\u00e9er un jardin public<\/strong>, comblant ainsi l\u2019absence d\u2019un grand parc municipal. L\u2019architecte municipal <strong data-start=\"1237\" data-end=\"1358\">L\u00e9opold Ridel con\u00e7oit un jardin de promenade compos\u00e9 de parties inspir\u00e9es des jardins \u00e0 la fran\u00e7aise et \u00e0 l\u2019anglaise.<\/strong><\/p><p data-start=\"1398\" data-end=\"1686\">Dans les ann\u00e9es <strong data-start=\"1414\" data-end=\"1422\">1920<\/strong>, une <strong data-start=\"1428\" data-end=\"1463\">roseraie importante est ajout\u00e9e<\/strong>, mettant en valeur une grande vari\u00e9t\u00e9 de roses. \u00c0 travers le XX\u1d49 si\u00e8cle, le jardin s\u2019agrandit et devient l\u2019un des lieux de d\u00e9tente et de nature pr\u00e9f\u00e9r\u00e9s des Lavallois et des visiteurs.<\/p><p data-start=\"1398\" data-end=\"1686\"><a href=\"https:\/\/cparici.com\/wp-content\/uploads\/2026\/01\/cparici-2026-01-25T094350.685.jpg\"><img decoding=\"async\" class=\"aligncenter wp-image-75941 size-full\" src=\"https:\/\/cparici.com\/wp-content\/uploads\/2026\/01\/cparici-2026-01-25T094350.685.jpg\" alt=\"Jardin de la Perrine\" width=\"1500\" height=\"530\" srcset=\"https:\/\/cparici.com\/wp-content\/uploads\/2026\/01\/cparici-2026-01-25T094350.685.jpg 1500w, https:\/\/cparici.com\/wp-content\/uploads\/2026\/01\/cparici-2026-01-25T094350.685-300x106.jpg 300w, https:\/\/cparici.com\/wp-content\/uploads\/2026\/01\/cparici-2026-01-25T094350.685-1024x362.jpg 1024w, https:\/\/cparici.com\/wp-content\/uploads\/2026\/01\/cparici-2026-01-25T094350.685-768x271.jpg 768w, https:\/\/cparici.com\/wp-content\/uploads\/2026\/01\/cparici-2026-01-25T094350.685-18x6.jpg 18w, https:\/\/cparici.com\/wp-content\/uploads\/2026\/01\/cparici-2026-01-25T094350.685-590x208.jpg 590w, https:\/\/cparici.com\/wp-content\/uploads\/2026\/01\/cparici-2026-01-25T094350.685-1200x424.jpg 1200w, https:\/\/cparici.com\/wp-content\/uploads\/2026\/01\/cparici-2026-01-25T094350.685-577x204.jpg 577w, https:\/\/cparici.com\/wp-content\/uploads\/2026\/01\/cparici-2026-01-25T094350.685-600x212.jpg 600w\" sizes=\"(max-width: 1500px) 100vw, 1500px\" \/><\/a><\/p><h2 data-start=\"1693\" data-end=\"1743\">Que voir et que faire au Jardin de la Perrine ?<\/h2><h3 data-start=\"1745\" data-end=\"1789\">Une richesse botanique exceptionnelle<\/h3><p data-start=\"1791\" data-end=\"1864\">Le <strong data-start=\"1794\" data-end=\"1818\">Jardin de la Perrine<\/strong> abrite une grande diversit\u00e9 de v\u00e9g\u00e9tation :<\/p><ul data-start=\"1865\" data-end=\"2284\"><li data-start=\"1865\" data-end=\"1928\"><p data-start=\"1867\" data-end=\"1928\"><strong data-start=\"1867\" data-end=\"1879\">Roseraie<\/strong> avec plus d\u2019une centaine de vari\u00e9t\u00e9s de roses.<\/p><\/li><li data-start=\"1929\" data-end=\"2284\"><p data-start=\"1931\" data-end=\"2284\"><strong data-start=\"1931\" data-end=\"1954\">Arbres remarquables<\/strong> comme le <strong data-start=\"1964\" data-end=\"1981\">S\u00e9quo\u00efa g\u00e9ant<\/strong>, le <strong data-start=\"1986\" data-end=\"2003\">Ginkgo biloba<\/strong>, les <strong data-start=\"2009\" data-end=\"2019\">c\u00e8dres<\/strong> du Liban et d\u2019Atlas, le <strong data-start=\"2044\" data-end=\"2058\">ch\u00eane vert<\/strong>, le <strong data-start=\"2063\" data-end=\"2075\">magnolia<\/strong>, ainsi qu\u2019une all\u00e9e de tilleuls centenaires.<br data-start=\"2120\" data-end=\"2123\" \/>Cette diversit\u00e9 en fait un v\u00e9ritable <strong data-start=\"2160\" data-end=\"2187\">jardin botanique urbain<\/strong> o\u00f9 amateurs de plantes et promeneurs trouvent leur compte.<\/p><\/li><\/ul><h3 data-start=\"2291\" data-end=\"2334\">Espaces ludiques et zones familiales<\/h3><p data-start=\"2336\" data-end=\"2442\">Le jardin n\u2019est pas seulement un lieu de botanique : il propose aussi des <strong data-start=\"2410\" data-end=\"2438\">espaces pour les enfants<\/strong> :<\/p><ul data-start=\"2443\" data-end=\"2693\"><li data-start=\"2443\" data-end=\"2486\"><p data-start=\"2445\" data-end=\"2486\"><strong data-start=\"2445\" data-end=\"2483\">Aire de jeux \u00ab\u202fL\u2019\u00cele aux enfants\u202f\u00bb<\/strong>,<\/p><\/li><li data-start=\"2487\" data-end=\"2693\"><p data-start=\"2489\" data-end=\"2693\"><strong data-start=\"2489\" data-end=\"2516\">Mini\u2011ferme avec animaux<\/strong> (ch\u00e8vres, canards, oiseaux exotiques, etc.).<br data-start=\"2561\" data-end=\"2564\" \/>C\u2019est un espace id\u00e9al pour une sortie en famille ou un pique\u2011nique dans un cadre verdoyant.<\/p><\/li><\/ul><h3 data-start=\"2700\" data-end=\"2737\">Monuments, mus\u00e9es et hommages<\/h3><p data-start=\"2739\" data-end=\"2839\">Le <strong data-start=\"2742\" data-end=\"2774\">Jardin de la Perrine \u00e0 Laval<\/strong> renferme \u00e9galement des <strong data-start=\"2798\" data-end=\"2835\">\u00e9l\u00e9ments culturels et historiques<\/strong> :<\/p><ul data-start=\"2840\" data-end=\"3166\"><li data-start=\"2840\" data-end=\"2958\"><p data-start=\"2842\" data-end=\"2958\"><strong data-start=\"2842\" data-end=\"2879\">Tombeau du peintre Henri Rousseau<\/strong>, le Douanier\u2011Rousseau, natif de Laval.<\/p><\/li><li data-start=\"2959\" data-end=\"3077\"><p data-start=\"2961\" data-end=\"3077\"><strong data-start=\"2961\" data-end=\"2986\">Espace Alain Gerbault<\/strong>, retra\u00e7ant la vie du c\u00e9l\u00e8bre navigateur lavallois.<\/p><\/li><li data-start=\"3078\" data-end=\"3166\"><p data-start=\"3080\" data-end=\"3166\"><strong data-start=\"3080\" data-end=\"3127\">Orangerie transform\u00e9e en salle d\u2019exposition<\/strong>.<\/p><\/li><\/ul><h3 data-start=\"3173\" data-end=\"3204\">Un panorama exceptionnel<\/h3><p data-start=\"3206\" data-end=\"3425\">Le jardin est situ\u00e9 sur un promontoire rocheux qui <strong data-start=\"3257\" data-end=\"3291\">domine la vall\u00e9e de la Mayenne<\/strong>, offrant des <strong data-start=\"3305\" data-end=\"3363\">points de vue remarquables sur Laval et son patrimoine<\/strong>, dont le Vieux Ch\u00e2teau.<\/p><h2 data-start=\"3432\" data-end=\"3457\">Informations pratiques<\/h2><h3 data-start=\"3459\" data-end=\"3480\">Localisation<\/h3><p data-start=\"3481\" data-end=\"3593\"><strong data-start=\"3481\" data-end=\"3505\">Jardin de la Perrine<\/strong><br data-start=\"3505\" data-end=\"3508\" \/>10 all\u00e9e Adrien Bruneau<br data-start=\"3531\" data-end=\"3534\" \/>53000 Laval, France<\/p><h3 data-start=\"3595\" data-end=\"3612\">Horaires<\/h3><p data-start=\"3613\" data-end=\"3655\">Le jardin est <a href=\"https:\/\/www.laval.fr\/decouvrir-sortir\/parcs-et-jardins\/jardin-de-la-perrine\" target=\"_blank\" rel=\"noopener\"><strong data-start=\"3627\" data-end=\"3651\">ouvert toute l\u2019ann\u00e9e<\/strong> :<\/a><\/p><ul data-start=\"3656\" data-end=\"4006\"><li data-start=\"3656\" data-end=\"3702\"><p data-start=\"3658\" data-end=\"3702\">Du 1\u1d49\u02b3 novembre au 28 f\u00e9vrier : 8h \u00e0 17h30<\/p><\/li><li data-start=\"3703\" data-end=\"3742\"><p data-start=\"3705\" data-end=\"3742\">Du 1\u1d49\u02b3 mars au 31 mars : 8h \u00e0 18h30<\/p><\/li><li data-start=\"3743\" data-end=\"3788\"><p data-start=\"3745\" data-end=\"3788\">Du 1\u1d49\u02b3 avril au 30 septembre : 8h \u00e0 19h30<\/p><\/li><li data-start=\"3789\" data-end=\"4006\"><p data-start=\"3791\" data-end=\"4006\">Du 1\u1d49\u02b3 octobre au 31 octobre : 8h \u00e0 18h30<br data-start=\"3832\" data-end=\"3835\" \/>Les dimanches et jours f\u00e9ri\u00e9s : ouverture \u00e0 9h ; en \u00e9t\u00e9 (15 juin\u201115 ao\u00fbt), fermeture \u00e0 20h30 certains jours.<br data-start=\"3943\" data-end=\"3946\" \/><strong data-start=\"3946\" data-end=\"3966\">Entr\u00e9e gratuite.<\/strong><\/p><\/li><\/ul><h3 data-start=\"4008\" data-end=\"4034\">\u00a0Acc\u00e8s et services<\/h3><p data-start=\"4035\" data-end=\"4259\">Le jardin est accessible \u00e0 pied depuis le centre\u2011ville ou via les parkings \u00e0 proximit\u00e9. Il propose des bancs, des zones de pique\u2011nique et des espaces adapt\u00e9s aux promenades familiales.<\/p><h2 data-start=\"4266\" data-end=\"4311\">Pourquoi visiter le Jardin de la Perrine ?<\/h2><ul data-start=\"4313\" data-end=\"4874\"><li data-start=\"4313\" data-end=\"4426\"><p data-start=\"4315\" data-end=\"4426\"><strong data-start=\"4318\" data-end=\"4352\">Un poumon vert en centre\u2011ville<\/strong>, parfait pour une pause nature.<\/p><\/li><li data-start=\"4427\" data-end=\"4553\"><p data-start=\"4429\" data-end=\"4553\"><strong data-start=\"4432\" data-end=\"4455\">Diversit\u00e9 botanique<\/strong>, id\u00e9ale pour amateurs de jardins et balades botaniques.<\/p><\/li><li data-start=\"4554\" data-end=\"4650\"><p data-start=\"4556\" data-end=\"4650\"><strong data-start=\"4559\" data-end=\"4590\">Espaces ludiques et animaux<\/strong> pour les enfants.<\/p><\/li><li data-start=\"4651\" data-end=\"4771\"><p data-start=\"4653\" data-end=\"4771\"><strong data-start=\"4656\" data-end=\"4681\">Patrimoine et culture<\/strong>, avec des hommages \u00e0 des personnalit\u00e9s locales.<\/p><\/li><li data-start=\"4772\" data-end=\"4874\"><p data-start=\"4774\" data-end=\"4874\"><strong data-start=\"4777\" data-end=\"4834\">Vue panoramique sur Laval et la vall\u00e9e de la Mayenne.<\/strong><\/p><\/li><\/ul><h2 data-start=\"4881\" data-end=\"4909\">Foire aux questions (FAQ)<\/h2><p data-start=\"4911\" data-end=\"5143\"><strong data-start=\"4911\" data-end=\"4962\">Qu\u2019est\u2011ce que le Jardin de la Perrine \u00e0 Laval ?<\/strong><br data-start=\"4962\" data-end=\"4965\" \/>Le jardin est un parc public botanique situ\u00e9 en centre\u2011ville de Laval, combinant espaces verts, collections v\u00e9g\u00e9tales et zones de d\u00e9tente.<\/p><p data-start=\"5145\" data-end=\"5292\"><strong data-start=\"5145\" data-end=\"5182\">Est\u2011ce que l\u2019entr\u00e9e est payante ?<\/strong><br data-start=\"5182\" data-end=\"5185\" \/>Non, l\u2019acc\u00e8s au Jardin de la Perrine est <strong data-start=\"5226\" data-end=\"5251\">gratuit toute l\u2019ann\u00e9e<\/strong>.<\/p><p data-start=\"5294\" data-end=\"5465\"><strong data-start=\"5294\" data-end=\"5338\">Peut\u2011on faire une promenade en famille ?<\/strong><br data-start=\"5338\" data-end=\"5341\" \/>Oui, avec des aires de jeux pour enfants, des animaux et des espaces de pique\u2011nique.<\/p><p data-start=\"5467\" data-end=\"5668\"><strong data-start=\"5467\" data-end=\"5525\">Quels arbres remarquables trouve\u2011t\u2011on dans le jardin ?<\/strong><br data-start=\"5525\" data-end=\"5528\" \/>On y trouve des ginkgos, s\u00e9quo\u00efas, c\u00e8dres du Liban et d\u2019Atlas, tilleuls centenaires, magnolias, etc.<\/p><p data-start=\"5670\" data-end=\"5854\"><strong data-start=\"5670\" data-end=\"5722\">Le jardin offre\u2011t\u2011il une belle vue panoramique ?<\/strong><br data-start=\"5722\" data-end=\"5725\" \/>Oui, perch\u00e9 sur un promontoire, il offre de magnifiques vues sur la vall\u00e9e de la Mayenne.<\/p><h2 data-start=\"5861\" data-end=\"5874\">Conclusion<\/h2><p data-start=\"5876\" data-end=\"6214\">Le <strong data-start=\"5879\" data-end=\"5911\">Jardin de la Perrine \u00e0 Laval<\/strong> est un lieu incontournable pour ceux qui aiment <strong data-start=\"5960\" data-end=\"6027\">la nature, la d\u00e9tente, l\u2019histoire et les promenades familiales.<\/strong> Gr\u00e2ce \u00e0 son <strong data-start=\"6040\" data-end=\"6070\">patrimoine botanique riche<\/strong>, ses espaces ludiques et sa situation privil\u00e9gi\u00e9e, il constitue une <strong data-start=\"6139\" data-end=\"6174\">visite id\u00e9ale au c\u0153ur de Laval.<\/strong><\/p><p data-start=\"6216\" data-end=\"6435\">D\u00e9couvrez davantage sur ce type d\u2019espaces verts historiques en explorant cette source encyclop\u00e9dique compl\u00e9mentaire : <strong data-start=\"6334\" data-end=\"6378\">Jardin botanique de France et d\u2019ailleurs<\/strong> \u00e0 consulter ici<\/p>\t\t\t\t\t\t\t\t<\/div>\n\t\t\t\t\t<\/div>\n\t\t\t\t<\/div>\n\t\t<div class=\"elementor-element elementor-element-9751ec9 e-flex e-con-boxed e-con e-parent\" data-id=\"9751ec9\" data-element_type=\"container\" data-e-type=\"container\">\n\t\t\t\t\t<div class=\"e-con-inner\">\n\t\t\t\t<div class=\"elementor-element elementor-element-eb907ce elementor-widget elementor-widget-listeo-posts-grid\" data-id=\"eb907ce\" data-element_type=\"widget\" data-e-type=\"widget\" data-widget_type=\"listeo-posts-grid.default\">\n\t\t\t\t<div class=\"elementor-widget-container\">\n\t\t\t\t\t\t\t\n\t\t<div class=\"listeo-post-grid-wrapper\">\n\t\t\t<div class=\"row\">\n\n\t\t\t\n\n\t\t\t\t\t\t\t<div class=\"col-md-4\">\n                <a href=\"https:\/\/cparici.com\/en\/chateau-de-la-maroutiere-histoire-et-description\/\" class=\"blog-compact-item-container\">\n                    <div class=\"blog-compact-item\">\n                        <img decoding=\"async\" width=\"577\" height=\"197\" src=\"https:\/\/cparici.com\/wp-content\/uploads\/2024\/07\/chateau-de-la-maroutiere.jpg\" class=\"attachment-listeo-blog-related-post size-listeo-blog-related-post wp-post-image\" alt=\"chateau de la marouti\u00e8re\" srcset=\"https:\/\/cparici.com\/wp-content\/uploads\/2024\/07\/chateau-de-la-maroutiere.jpg 1550w, https:\/\/cparici.com\/wp-content\/uploads\/2024\/07\/chateau-de-la-maroutiere-600x205.jpg 600w, https:\/\/cparici.com\/wp-content\/uploads\/2024\/07\/chateau-de-la-maroutiere-300x103.jpg 300w, https:\/\/cparici.com\/wp-content\/uploads\/2024\/07\/chateau-de-la-maroutiere-1024x350.jpg 1024w, https:\/\/cparici.com\/wp-content\/uploads\/2024\/07\/chateau-de-la-maroutiere-768x263.jpg 768w, https:\/\/cparici.com\/wp-content\/uploads\/2024\/07\/chateau-de-la-maroutiere-1536x525.jpg 1536w\" sizes=\"(max-width: 577px) 100vw, 577px\" \/><span class=\"blog-item-tag\">Chateau Gontier<\/span>                        \n                        <div class=\"blog-compact-item-content\">\n                                                        <h3>Chateau de la Marouti\u00e8re: Histoire et Description<\/h3>\n                                                        <p>Chateau de la Marouti\u00e8re - Explorez l'histoire, le charme architectural et les informations pratiques du...                            <\/p>\n                                                    <\/div>\n                    <\/div>\n                <\/a>\n            <\/div>\n\t\t\t<div class=\"col-md-4\">\n                <a href=\"https:\/\/cparici.com\/en\/chateau-gontier\/\" class=\"blog-compact-item-container\">\n                    <div class=\"blog-compact-item\">\n                        <img decoding=\"async\" width=\"577\" height=\"202\" src=\"https:\/\/cparici.com\/wp-content\/uploads\/2024\/07\/chateau-gontier.jpg\" class=\"attachment-listeo-blog-related-post size-listeo-blog-related-post wp-post-image\" alt=\"chateau gontier\" srcset=\"https:\/\/cparici.com\/wp-content\/uploads\/2024\/07\/chateau-gontier.jpg 1517w, https:\/\/cparici.com\/wp-content\/uploads\/2024\/07\/chateau-gontier-600x210.jpg 600w, https:\/\/cparici.com\/wp-content\/uploads\/2024\/07\/chateau-gontier-300x105.jpg 300w, https:\/\/cparici.com\/wp-content\/uploads\/2024\/07\/chateau-gontier-1024x358.jpg 1024w, https:\/\/cparici.com\/wp-content\/uploads\/2024\/07\/chateau-gontier-768x268.jpg 768w\" sizes=\"(max-width: 577px) 100vw, 577px\" \/><span class=\"blog-item-tag\">Chateau Gontier<\/span>                        \n                        <div class=\"blog-compact-item-content\">\n                                                        <h3>Chateau gontier guide complet : Restaurants, tourisme et histoire<\/h3>\n                                                        <p>Envie de visiter Chateau gontier, une ville pleine de charme et de culture ? Consultez...                            <\/p>\n                                                    <\/div>\n                    <\/div>\n                <\/a>\n            <\/div>\n\t\t\t<div class=\"col-md-4\">\n                <a href=\"https:\/\/cparici.com\/en\/la-mayenne-departement\/\" class=\"blog-compact-item-container\">\n                    <div class=\"blog-compact-item\">\n                        <img decoding=\"async\" width=\"577\" height=\"217\" src=\"https:\/\/cparici.com\/wp-content\/uploads\/2024\/06\/la-mayenne.jpg\" class=\"attachment-listeo-blog-related-post size-listeo-blog-related-post wp-post-image\" alt=\"la mayenne\" srcset=\"https:\/\/cparici.com\/wp-content\/uploads\/2024\/06\/la-mayenne.jpg 1500w, https:\/\/cparici.com\/wp-content\/uploads\/2024\/06\/la-mayenne-600x226.jpg 600w, https:\/\/cparici.com\/wp-content\/uploads\/2024\/06\/la-mayenne-300x113.jpg 300w, https:\/\/cparici.com\/wp-content\/uploads\/2024\/06\/la-mayenne-1024x386.jpg 1024w, https:\/\/cparici.com\/wp-content\/uploads\/2024\/06\/la-mayenne-768x289.jpg 768w\" sizes=\"(max-width: 577px) 100vw, 577px\" \/><span class=\"blog-item-tag\">D\u00e9partement de France<\/span>                        \n                        <div class=\"blog-compact-item-content\">\n                                                        <h3>La Mayenne &#8211; d\u00e9couvrez les secrets de son patrimoine<\/h3>\n                                                        <p>La Mayenne, un d\u00e9partement riche en histoire et en nature. D\u00e9couvrez ses secrets de patrimoine...                            <\/p>\n                                                    <\/div>\n                    <\/div>\n                <\/a>\n            <\/div>\n  <\/div>\n        <\/div>\n        \t\t\t\t<\/div>\n\t\t\t\t<\/div>\n\t\t\t\t\t<\/div>\n\t\t\t\t<\/div>\n\t\t\t\t<\/div>\n\t\t","protected":false},"excerpt":{"rendered":"<p>Recherches populaires Categories Pas de r\u00e9sultats Voir tous les r\u00e9sultats Jardin de la Perrine \u00e0 Laval : Guide complet Le Jardin de la Perrine \u00e0 Laval est un jardin public urbain historique et botanique, l\u2019un des lieux verts les plus appr\u00e9ci\u00e9s de la ville de Laval (Mayenne, Pays de la Loire, France). Situ\u00e9 au c\u0153ur [&hellip;]<\/p>\n","protected":false},"author":97,"featured_media":75942,"comment_status":"closed","ping_status":"closed","sticky":false,"template":"","format":"standard","meta":{"ngg_post_thumbnail":0,"footnotes":""},"categories":[477],"tags":[],"class_list":["post-75939","post","type-post","status-publish","format-standard","has-post-thumbnail","hentry","category-france"],"_links":{"self":[{"href":"https:\/\/cparici.com\/en\/wp-json\/wp\/v2\/posts\/75939","targetHints":{"allow":["GET"]}}],"collection":[{"href":"https:\/\/cparici.com\/en\/wp-json\/wp\/v2\/posts"}],"about":[{"href":"https:\/\/cparici.com\/en\/wp-json\/wp\/v2\/types\/post"}],"author":[{"embeddable":true,"href":"https:\/\/cparici.com\/en\/wp-json\/wp\/v2\/users\/97"}],"replies":[{"embeddable":true,"href":"https:\/\/cparici.com\/en\/wp-json\/wp\/v2\/comments?post=75939"}],"version-history":[{"count":0,"href":"https:\/\/cparici.com\/en\/wp-json\/wp\/v2\/posts\/75939\/revisions"}],"wp:featuredmedia":[{"embeddable":true,"href":"https:\/\/cparici.com\/en\/wp-json\/wp\/v2\/media\/75942"}],"wp:attachment":[{"href":"https:\/\/cparici.com\/en\/wp-json\/wp\/v2\/media?parent=75939"}],"wp:term":[{"taxonomy":"category","embeddable":true,"href":"https:\/\/cparici.com\/en\/wp-json\/wp\/v2\/categories?post=75939"},{"taxonomy":"post_tag","embeddable":true,"href":"https:\/\/cparici.com\/en\/wp-json\/wp\/v2\/tags?post=75939"}],"curies":[{"name":"wp","href":"https:\/\/api.w.org\/{rel}","templated":true}]}}