{"id":90001,"date":"2026-05-01T07:03:04","date_gmt":"2026-05-01T05:03:04","guid":{"rendered":"https:\/\/cparici.com\/?p=90001"},"modified":"2026-05-01T09:53:16","modified_gmt":"2026-05-01T07:53:16","slug":"musilac-festival-aix-les-bains","status":"publish","type":"post","link":"https:\/\/cparici.com\/en\/musilac-festival-aix-les-bains\/","title":{"rendered":"Musilac: complete guide to the Aix-les-Bains festival"},"content":{"rendered":"\t\t<div data-elementor-type=\"wp-post\" data-elementor-id=\"90001\" class=\"elementor elementor-90001\" data-elementor-post-type=\"post\">\n\t\t\t\t<div class=\"elementor-element elementor-element-15f2ef4 e-con-full e-flex e-con e-parent\" data-id=\"15f2ef4\" data-element_type=\"container\" data-e-type=\"container\">\n\t\t\t\t<div class=\"elementor-element elementor-element-04363ba elementor-widget elementor-widget-image\" data-id=\"04363ba\" data-element_type=\"widget\" data-e-type=\"widget\" data-widget_type=\"image.default\">\n\t\t\t\t\t\t\t\t\t\t\t\t\t\t\t<img decoding=\"async\" width=\"1402\" height=\"485\" src=\"https:\/\/cparici.com\/wp-content\/uploads\/2026\/04\/Musilac.jpg\" class=\"attachment-full size-full wp-image-90005\" alt=\"Musilac\" srcset=\"https:\/\/cparici.com\/wp-content\/uploads\/2026\/04\/Musilac.jpg 1402w, https:\/\/cparici.com\/wp-content\/uploads\/2026\/04\/Musilac-300x104.jpg 300w, https:\/\/cparici.com\/wp-content\/uploads\/2026\/04\/Musilac-1024x354.jpg 1024w, https:\/\/cparici.com\/wp-content\/uploads\/2026\/04\/Musilac-768x266.jpg 768w, https:\/\/cparici.com\/wp-content\/uploads\/2026\/04\/Musilac-18x6.jpg 18w, https:\/\/cparici.com\/wp-content\/uploads\/2026\/04\/Musilac-590x204.jpg 590w, https:\/\/cparici.com\/wp-content\/uploads\/2026\/04\/Musilac-1200x415.jpg 1200w, https:\/\/cparici.com\/wp-content\/uploads\/2026\/04\/Musilac-577x200.jpg 577w, https:\/\/cparici.com\/wp-content\/uploads\/2026\/04\/Musilac-1320x457.jpg 1320w, https:\/\/cparici.com\/wp-content\/uploads\/2026\/04\/Musilac-600x208.jpg 600w\" sizes=\"(max-width: 1402px) 100vw, 1402px\" \/>\t\t\t\t\t\t\t\t\t\t\t\t\t\t\t<\/div>\n\t\t\t\t<\/div>\n\t\t<aside class=\"elementor-element elementor-element-00d15d7 e-flex e-con-boxed e-con e-parent\" data-id=\"00d15d7\" data-element_type=\"container\" data-e-type=\"container\">\n\t\t\t\t\t<div class=\"e-con-inner\">\n\t\t\t\t<div class=\"elementor-element elementor-element-36b740c elementor-widget elementor-widget-global elementor-global-62046 elementor-widget-eael-advanced-search\" data-id=\"36b740c\" data-element_type=\"widget\" data-e-type=\"widget\" data-widget_type=\"eael-advanced-search.default\">\n\t\t\t\t\t        <div class=\"eael-adv-search-wrapper\">\n            <div id=\"eael-advanced-search-widget-36b740c\" class=\"eael-advanced-search-widget\">\n                <form data-settings=\"{&quot;post_per_page&quot;:5,&quot;search_among_taxonomies&quot;:&quot;&quot;,&quot;search_among_sku&quot;:&quot;no&quot;,&quot;show_popular_keyword&quot;:0,&quot;show_category&quot;:0,&quot;show_content_image&quot;:1,&quot;show_search_result_all_results&quot;:0,&quot;result_on_new_tab&quot;:&quot;no&quot;,&quot;show_product_price&quot;:&quot;no&quot;,&quot;include_current_page&quot;:&quot;no&quot;,&quot;orderby&quot;:&quot;default&quot;,&quot;order&quot;:&quot;DESC&quot;,&quot;current_post_id&quot;:90001,&quot;post_type&quot;:[&quot;post&quot;,&quot;listing&quot;]}\" method=\"POST\" name=\"eael-advanced-search-form-36b740c\" class=\"eael-advanced-search-form eael-advanced-search-form-style-2\">\n                    <div class=\"eael-advanced-search-wrap\">\n                        <span class=\"eael-adv-search-loader\"><\/span>\n                        <span class=\"eael-adv-search-close\"><i class=\"fas fa-times\"><\/i><\/span>\n                        <span class=\"icon \"><i class=\"fas fa-search\"><\/i><\/span>\n\n                        <input type=\"text\"\n                               placeholder=\"Votre destination\"\n                               class=\"eael-advanced-search\" autocomplete=\"off\" name=\"eael_advanced_search\">\n                    <\/div>\n\t\t\t\t\t                                    <\/form>\n\n\t\t\t\t\n\t\t\t\t        <div class=\"eael-advanced-search-result\">\n            <div class=\"eael-advanced-search-popular-keyword\">\n\t\t\t\t<h4 class=\"eael-advanced-search-popular-keyword-text\">Recherches populaires<\/h4>                <div class=\"eael-popular-keyword-content\"><\/div>\n            <\/div>\n            <div class=\"eael-advanced-search-category\">\n\t\t\t\t<h4 class=\"eael-advanced-search-category-text\">Categories<\/h4>                <div class=\"eael-popular-category-content\"><\/div>\n            <\/div>\n\t\t\t<div class=\"eael-advanced-search-total-results-section\">\n\t\t\t\t\t\t\t<\/div>\n            <div class=\"eael-advanced-search-content eael-item-style-3\">\n            <\/div>\n            <div class=\"eael-advanced-search-not-found\">\n                <p>Pas de r\u00e9sultats<\/p><\/div>\n            <div class=\"eael-advanced-search-load-more\">\n\t\t\t\t<a \tclass=\"eael-advanced-search-load-more-button\"\n                \thref=\"#\">Voir tous les r\u00e9sultats<\/a>\n            <\/div>\n        <\/div>\n\n\t\t            <\/div>\n        <\/div>\n\n\t\t\t\t\t\t<\/div>\n\t\t\t\t\t<\/div>\n\t\t\t\t<\/aside>\n\t\t<div class=\"elementor-element elementor-element-57a9748 e-flex e-con-boxed e-con e-parent\" data-id=\"57a9748\" data-element_type=\"container\" data-e-type=\"container\">\n\t\t\t\t\t<div class=\"e-con-inner\">\n\t\t\t\t<div class=\"elementor-element elementor-element-5deef966 elementor-widget elementor-widget-text-editor\" data-id=\"5deef966\" data-element_type=\"widget\" data-e-type=\"widget\" data-widget_type=\"text-editor.default\">\n\t\t\t\t\t\t\t\t\t<h1 style=\"text-align: center;\" data-section-id=\"125394v\" data-start=\"203\" data-end=\"257\">Musilac : guide complet du festival \u00e0 Aix-les-Bains<\/h1>\r\n<h3 data-section-id=\"1oa8x47\" data-start=\"259\" data-end=\"282\">R\u00e9sum\u00e9 AI Overviews<\/h3>\r\n<p data-start=\"284\" data-end=\"766\">Le festival musilac est un \u00e9v\u00e9nement musical majeur organis\u00e9 chaque \u00e9t\u00e9 \u00e0 <a href=\"https:\/\/cparici.com\/aix-les-bains\/\"><span class=\"hover:entity-accent entity-underline inline cursor-pointer align-baseline\"><span class=\"whitespace-normal\">Aix-les-Bains<\/span><\/span><\/a>, au bord du <a href=\"https:\/\/cparici.com\/lac-du-bourget\/\"><span class=\"hover:entity-accent entity-underline inline cursor-pointer align-baseline\"><span class=\"whitespace-normal\">lac du Bourget<\/span><\/span><\/a>. Cr\u00e9\u00e9 en 2002, ce rendez-vous attire aujourd\u2019hui des dizaines de milliers de festivaliers et propose une programmation m\u00ealant pop, rock, \u00e9lectro et rap. L\u2019\u00e9v\u00e9nement s\u2019impose comme l\u2019un des plus importants <a href=\"https:\/\/cparici.com\/festivals-en-france\/\">festivals<\/a> de musique en France, notamment gr\u00e2ce \u00e0 son cadre naturel exceptionnel et \u00e0 la diversit\u00e9 de ses artistes.<\/p>\r\n<p data-start=\"768\" data-end=\"1043\">Selon <span class=\"hover:entity-accent entity-underline inline cursor-pointer align-baseline\"><span class=\"whitespace-normal\">Wikip\u00e9dia<\/span><\/span>, le festival rassemble chaque ann\u00e9e plus de 80 000 participants et accueille des artistes de renomm\u00e9e internationale. Cette manifestation culturelle joue \u00e9galement un r\u00f4le cl\u00e9 dans l\u2019attractivit\u00e9 touristique de la r\u00e9gion savoyarde.<\/p>\r\n<p data-start=\"1045\" data-end=\"1105\">Comme le souligne le m\u00e9dia r\u00e9gional <em data-start=\"1081\" data-end=\"1101\">Le Dauphin\u00e9 Lib\u00e9r\u00e9<\/em> :<\/p>\r\n\r\n<blockquote data-start=\"1106\" data-end=\"1278\">\r\n<p data-start=\"1108\" data-end=\"1278\">\u201cLe festival musilac s\u2019est impos\u00e9 comme un rendez-vous incontournable de l\u2019\u00e9t\u00e9 en <a href=\"https:\/\/cparici.com\/savoie\/\">Savoie<\/a>, attirant un public toujours plus large.\u201d<br data-start=\"1238\" data-end=\"1241\">(Source : <a class=\"decorated-link\" href=\"https:\/\/www.ledauphine.com\" target=\"_blank\" rel=\"nofollow noopener\" data-start=\"1251\" data-end=\"1277\">https:\/\/www.ledauphine.com<\/a>)<\/p>\r\n<\/blockquote>\r\n<p data-start=\"1280\" data-end=\"1474\">Enfin, au-del\u00e0 de la musique, cet \u00e9v\u00e9nement est aussi une exp\u00e9rience immersive qui combine concerts, nature et convivialit\u00e9, ce qui en fait une destination pris\u00e9e pour les amateurs de festivals.<\/p>\r\n\r\n<h2 data-section-id=\"a46oy3\" data-start=\"53\" data-end=\"88\">Introduction au festival Musilac<\/h2>\r\n<p data-start=\"90\" data-end=\"657\">Chaque \u00e9t\u00e9, le festival musilac attire des milliers de passionn\u00e9s de musique venus profiter d\u2019un \u00e9v\u00e9nement unique en France. Situ\u00e9 dans un cadre naturel exceptionnel, ce rendez-vous culturel s\u2019inscrit parmi les festivals majeurs du pays, au m\u00eame titre que d\u2019autres \u00e9v\u00e9nements incontournables pr\u00e9sent\u00e9s dans ce guide complet <a class=\"decorated-link\" href=\"https:\/\/cparici.com\/fr\/visiter-la-france-guide-des-regions-et-sites-touristiques\" target=\"_new\" rel=\"noopener\" data-start=\"414\" data-end=\"496\">https:\/\/cparici.com\/fr\/visiter-la-france-guide-des-regions-et-sites-touristiques<\/a>. Cette manifestation musicale, organis\u00e9e \u00e0 <span class=\"hover:entity-accent entity-underline inline cursor-pointer align-baseline\"><span class=\"whitespace-normal\">Aix-les-Bains<\/span><\/span>, s\u00e9duit autant par sa programmation \u00e9clectique que par son ambiance conviviale.<\/p>\r\n<p data-start=\"659\" data-end=\"880\">Le musilac se distingue par sa capacit\u00e9 \u00e0 r\u00e9unir des artistes internationaux et des talents \u00e9mergents, offrant ainsi une exp\u00e9rience accessible \u00e0 tous les publics. Selon le site officiel du tourisme de Savoie Mont Blanc,<\/p>\r\n\r\n<blockquote data-start=\"881\" data-end=\"1069\">\r\n<p data-start=\"883\" data-end=\"1069\">\u201cle festival s\u2019inscrit comme un moteur d\u2019attractivit\u00e9 touristique pour toute la r\u00e9gion, g\u00e9n\u00e9rant des retomb\u00e9es \u00e9conomiques significatives.\u201d<br data-start=\"1022\" data-end=\"1025\">(Source : https:\/\/www.savoie-mont-blanc.com)<\/p>\r\n<\/blockquote>\r\n<p data-start=\"1071\" data-end=\"1365\">Participer au musilac, c\u2019est aussi vivre une immersion totale entre concerts, rencontres et paysages alpins. Ce guide complet a pour objectif de vous donner toutes les cl\u00e9s pour comprendre, pr\u00e9parer et profiter pleinement de cet \u00e9v\u00e9nement devenu incontournable dans le paysage musical fran\u00e7ais.<\/p>\r\n\r\n<h2 data-section-id=\"nzirqb\" data-start=\"46\" data-end=\"72\">Qu\u2019est-ce que Musilac ?<\/h2>\r\n<p data-start=\"74\" data-end=\"621\">Le musilac est un festival de musique contemporaine qui se d\u00e9roule chaque ann\u00e9e en \u00e9t\u00e9 \u00e0 <span class=\"hover:entity-accent entity-underline inline cursor-pointer align-baseline\"><span class=\"whitespace-normal\">Aix-les-Bains<\/span><\/span>, sur les rives du <span class=\"hover:entity-accent entity-underline inline cursor-pointer align-baseline\"><span class=\"whitespace-normal\">lac du Bourget<\/span><\/span>. Ce <strong data-start=\"261\" data-end=\"281\">festival musical<\/strong> se caract\u00e9rise par une programmation vari\u00e9e m\u00ealant <strong data-start=\"333\" data-end=\"340\">pop<\/strong>, <strong data-start=\"342\" data-end=\"350\">rock<\/strong>, <strong data-start=\"352\" data-end=\"363\">\u00e9lectro<\/strong> et parfois <strong data-start=\"375\" data-end=\"382\">rap<\/strong>, attirant un public large allant des jeunes adultes aux familles. En termes simples, le musilac peut \u00eatre d\u00e9fini comme un \u00e9v\u00e9nement culturel majeur qui combine concerts en plein air et exp\u00e9rience touristique dans un environnement naturel.<\/p>\r\n<p data-start=\"623\" data-end=\"1123\">Cr\u00e9\u00e9 en 2002, le musilac a progressivement gagn\u00e9 en notori\u00e9t\u00e9 pour devenir l\u2019un des festivals les plus importants de la r\u00e9gion Auvergne-Rh\u00f4ne-Alpes. \u00c0 ses d\u00e9buts, il accueillait principalement des artistes fran\u00e7ais, mais son d\u00e9veloppement a permis d\u2019int\u00e9grer des t\u00eates d\u2019affiche internationales. Selon <span class=\"hover:entity-accent entity-underline inline cursor-pointer align-baseline\"><span class=\"whitespace-normal\">Wikip\u00e9dia<\/span><\/span>, cette \u00e9volution a contribu\u00e9 \u00e0 renforcer son image et \u00e0 attirer un public de plus en plus large, confirmant son positionnement dans le paysage musical europ\u00e9en.<\/p>\r\n<p data-start=\"1125\" data-end=\"1361\">Les chiffres permettent de mieux comprendre l\u2019ampleur du musilac. Chaque \u00e9dition rassemble en moyenne plus de 80 000 festivaliers, avec plusieurs dizaines d\u2019artistes r\u00e9partis sur diff\u00e9rentes sc\u00e8nes. D\u2019apr\u00e8s le m\u00e9dia France 3 R\u00e9gions :<\/p>\r\n\r\n<blockquote data-start=\"1362\" data-end=\"1529\">\r\n<p data-start=\"1364\" data-end=\"1529\">\u201cLe festival musilac figure parmi les \u00e9v\u00e9nements musicaux les plus fr\u00e9quent\u00e9s de l\u2019\u00e9t\u00e9 dans l\u2019est de la France.\u201d<br data-start=\"1476\" data-end=\"1479\">(Source : https:\/\/france3-regions.francetvinfo.fr)<\/p>\r\n<\/blockquote>\r\n<p data-start=\"1531\" data-end=\"1792\">Au-del\u00e0 des statistiques, le musilac se distingue par son identit\u00e9 hybride entre festival urbain et \u00e9v\u00e9nement nature. Cette combinaison unique participe \u00e0 son succ\u00e8s et explique pourquoi il est souvent consid\u00e9r\u00e9 comme une r\u00e9f\u00e9rence parmi les festivals fran\u00e7ais.<\/p>\r\n\r\n<h2 data-section-id=\"105c6fx\" data-start=\"53\" data-end=\"98\">Programmation Musilac : artistes et styles<\/h2>\r\n<p data-start=\"100\" data-end=\"603\">La programmation musilac constitue l\u2019un des principaux atouts du festival, attirant chaque ann\u00e9e un public vari\u00e9 gr\u00e2ce \u00e0 une s\u00e9lection d\u2019artistes issus de diff\u00e9rents univers musicaux. Ce <strong data-start=\"287\" data-end=\"310\">festival de musique<\/strong> se distingue par sa capacit\u00e9 \u00e0 m\u00e9langer t\u00eates d\u2019affiche internationales et talents francophones, cr\u00e9ant ainsi une exp\u00e9rience riche et accessible. Le musilac propose g\u00e9n\u00e9ralement une alternance entre grands noms de la sc\u00e8ne mondiale et d\u00e9couvertes \u00e9mergentes, ce qui renforce son attractivit\u00e9.<\/p>\r\n<p data-start=\"605\" data-end=\"950\">Au fil des \u00e9ditions, le musilac a accueilli des artistes prestigieux tels que <span class=\"hover:entity-accent entity-underline inline cursor-pointer align-baseline\"><span class=\"whitespace-normal\">Stromae<\/span><\/span>, <span class=\"hover:entity-accent entity-underline inline cursor-pointer align-baseline\"><span class=\"whitespace-normal\">Indochine<\/span><\/span> ou encore <span class=\"hover:entity-accent entity-underline inline cursor-pointer align-baseline\"><span class=\"whitespace-normal\">David Guetta<\/span><\/span>. Cette diversit\u00e9 artistique illustre la volont\u00e9 des organisateurs de toucher un large public. Comme l\u2019indique le site officiel du festival :<\/p>\r\n\r\n<blockquote data-start=\"951\" data-end=\"1109\">\r\n<p data-start=\"953\" data-end=\"1109\">\u201cLa programmation du musilac refl\u00e8te une volont\u00e9 d\u2019ouverture musicale, en r\u00e9unissant diff\u00e9rents styles et g\u00e9n\u00e9rations.\u201d<br data-start=\"1072\" data-end=\"1075\">(Source : <a class=\"decorated-link\" href=\"https:\/\/www.musilac.com\" target=\"_blank\" rel=\"nofollow noopener\" data-start=\"1085\" data-end=\"1108\">https:\/\/www.musilac.com<\/a>)<\/p>\r\n<\/blockquote>\r\n<p data-start=\"1111\" data-end=\"1479\">En termes de styles, le musilac couvre principalement la pop, le rock et l\u2019\u00e9lectro, mais laisse aussi une place croissante au rap et aux musiques alternatives. Cette \u00e9volution suit les tendances actuelles de l\u2019industrie musicale, permettant au musilac de rester pertinent et comp\u00e9titif face \u00e0 d\u2019autres grands festivals fran\u00e7ais. Selon le m\u00e9dia <em data-start=\"1455\" data-end=\"1475\">Les Inrockuptibles<\/em> :<\/p>\r\n\r\n<blockquote data-start=\"1480\" data-end=\"1640\">\r\n<p data-start=\"1482\" data-end=\"1640\">\u201cLes festivals comme le musilac adaptent leur programmation pour refl\u00e9ter les nouvelles habitudes d\u2019\u00e9coute du public.\u201d<br data-start=\"1600\" data-end=\"1603\">(Source : <a class=\"decorated-link\" href=\"https:\/\/www.lesinrocks.com\" target=\"_new\" rel=\"noopener\" data-start=\"1613\" data-end=\"1639\">https:\/\/www.lesinrocks.com<\/a>)<\/p>\r\n<\/blockquote>\r\n<p data-start=\"1642\" data-end=\"1939\">Enfin, la programmation musilac se distingue \u00e9galement par sa r\u00e9partition sur plusieurs sc\u00e8nes, offrant une exp\u00e9rience fluide et immersive. Les festivaliers peuvent ainsi naviguer entre diff\u00e9rents univers musicaux au cours d\u2019une m\u00eame journ\u00e9e, ce qui contribue \u00e0 la richesse globale de l\u2019\u00e9v\u00e9nement.<\/p>\r\n\r\n<h3 data-start=\"1642\" data-end=\"1939\">Programmation Musilac 2026<\/h3>\r\n<div class=\"response-content ng-tns-c789305816-21\">\r\n<div class=\"container\">\r\n<div id=\"model-response-message-contentr_6b6c6d06f3dd153a\" class=\"markdown markdown-main-panel enable-updated-hr-color\" dir=\"ltr\" aria-live=\"polite\" aria-busy=\"false\">\r\n<h3 data-path-to-node=\"1\"><b data-path-to-node=\"1\" data-index-in-node=\"0\">Jeudi 9 Juillet<\/b><\/h3>\r\n<ul data-path-to-node=\"2\">\r\n \t<li>\r\n<p data-path-to-node=\"2,0,0\"><b data-path-to-node=\"2,0,0\" data-index-in-node=\"0\">Katy Perry<\/b><\/p>\r\n<\/li>\r\n \t<li>\r\n<p data-path-to-node=\"2,1,0\">Feu! Chatterton<\/p>\r\n<\/li>\r\n \t<li>\r\n<p data-path-to-node=\"2,2,0\">Yelle<\/p>\r\n<\/li>\r\n \t<li>\r\n<p data-path-to-node=\"2,3,0\">Last Train<\/p>\r\n<\/li>\r\n \t<li>\r\n<p data-path-to-node=\"2,4,0\">Lambrini Girls<\/p>\r\n<\/li>\r\n \t<li>\r\n<p data-path-to-node=\"2,5,0\">Z\u00e9lie<\/p>\r\n<\/li>\r\n \t<li>\r\n<p data-path-to-node=\"2,6,0\">Rallye<\/p>\r\n<\/li>\r\n \t<li>\r\n<p data-path-to-node=\"2,7,0\">Lancelot<\/p>\r\n<\/li>\r\n \t<li>\r\n<p data-path-to-node=\"2,8,0\">Sam Quealy<\/p>\r\n<\/li>\r\n<\/ul>\r\n<h3 data-path-to-node=\"3\"><b data-path-to-node=\"3\" data-index-in-node=\"0\">Vendredi 10 Juillet<\/b><\/h3>\r\n<ul data-path-to-node=\"4\">\r\n \t<li>\r\n<p data-path-to-node=\"4,0,0\"><b data-path-to-node=\"4,0,0\" data-index-in-node=\"0\">Orelsan<\/b><\/p>\r\n<\/li>\r\n \t<li>\r\n<p data-path-to-node=\"4,1,0\">Lost Frequencies<\/p>\r\n<\/li>\r\n \t<li>\r\n<p data-path-to-node=\"4,2,0\">Dabeull Live Band<\/p>\r\n<\/li>\r\n \t<li>\r\n<p data-path-to-node=\"4,3,0\">Yuston XIII<\/p>\r\n<\/li>\r\n \t<li>\r\n<p data-path-to-node=\"4,4,0\">Styleto<\/p>\r\n<\/li>\r\n \t<li>\r\n<p data-path-to-node=\"4,5,0\">Miki<\/p>\r\n<\/li>\r\n \t<li>\r\n<p data-path-to-node=\"4,6,0\">Camille Yembe<\/p>\r\n<\/li>\r\n \t<li>\r\n<p data-path-to-node=\"4,7,0\">Myra<\/p>\r\n<\/li>\r\n \t<li>\r\n<p data-path-to-node=\"4,8,0\">LB aka LABAT (Live)<\/p>\r\n<\/li>\r\n<\/ul>\r\n<h3 data-path-to-node=\"5\"><b data-path-to-node=\"5\" data-index-in-node=\"0\">Samedi 11 Juillet<\/b><\/h3>\r\n<ul data-path-to-node=\"6\">\r\n \t<li>\r\n<p data-path-to-node=\"6,0,0\"><b data-path-to-node=\"6,0,0\" data-index-in-node=\"0\">Gorillaz<\/b><\/p>\r\n<\/li>\r\n \t<li>\r\n<p data-path-to-node=\"6,1,0\"><b data-path-to-node=\"6,1,0\" data-index-in-node=\"0\">Jamiroquai<\/b><\/p>\r\n<\/li>\r\n \t<li>\r\n<p data-path-to-node=\"6,2,0\">Ga\u00ebtan Roussel<\/p>\r\n<\/li>\r\n \t<li>\r\n<p data-path-to-node=\"6,3,0\">Pomme<\/p>\r\n<\/li>\r\n \t<li>\r\n<p data-path-to-node=\"6,4,0\">Flora Fishbach<\/p>\r\n<\/li>\r\n \t<li>\r\n<p data-path-to-node=\"6,5,0\">L\u00e9onie Pernet<\/p>\r\n<\/li>\r\n \t<li>\r\n<p data-path-to-node=\"6,6,0\">Deki Alem<\/p>\r\n<\/li>\r\n \t<li>\r\n<p data-path-to-node=\"6,7,0\">Dinaa<\/p>\r\n<\/li>\r\n \t<li>\r\n<p data-path-to-node=\"6,8,0\">Gildaa<\/p>\r\n<\/li>\r\n<\/ul>\r\n<h3 data-path-to-node=\"7\"><b data-path-to-node=\"7\" data-index-in-node=\"0\">Dimanche 12 Juillet<\/b><\/h3>\r\n<ul data-path-to-node=\"8\">\r\n \t<li>\r\n<p data-path-to-node=\"8,0,0\"><b data-path-to-node=\"8,0,0\" data-index-in-node=\"0\">Bigflo & Oli<\/b><\/p>\r\n<\/li>\r\n \t<li>\r\n<p data-path-to-node=\"8,1,0\"><b data-path-to-node=\"8,1,0\" data-index-in-node=\"0\">Charlotte Cardin<\/b><\/p>\r\n<\/li>\r\n \t<li>\r\n<p data-path-to-node=\"8,2,0\">47Ter<\/p>\r\n<\/li>\r\n \t<li>\r\n<p data-path-to-node=\"8,3,0\">Ril\u00e8s<\/p>\r\n<\/li>\r\n \t<li>\r\n<p data-path-to-node=\"8,4,0\">Cassius<\/p>\r\n<\/li>\r\n \t<li>\r\n<p data-path-to-node=\"8,5,0\">Bianca Costa<\/p>\r\n<\/li>\r\n \t<li>\r\n<p data-path-to-node=\"8,6,0\">Danyl<\/p>\r\n<\/li>\r\n \t<li>\r\n<p data-path-to-node=\"8,7,0\">Solann<\/p>\r\n<\/li>\r\n \t<li>\r\n<p data-path-to-node=\"8,8,0\">Romsii<\/p>\r\n<\/li>\r\n<\/ul>\r\n<p data-path-to-node=\"9\">Les concerts d\u00e9butent g\u00e9n\u00e9ralement aux alentours de <b data-path-to-node=\"9\" data-index-in-node=\"52\">16h30<\/b> chaque jour sur l\u2019Esplanade du Lac.<\/p>\r\n\r\n<h3 data-path-to-node=\"9\">Programmation Musilac 2025<\/h3>\r\n<p data-path-to-node=\"0\">L\u2019\u00e9dition 2025 de Musilac s\u2019est tenue du <b data-path-to-node=\"0\" data-index-in-node=\"41\">mercredi 9 au samedi 12 juillet 2025<\/b> sur l\u2019Esplanade du Lac \u00e0 Aix-les-Bains. Voici la r\u00e9partition des artistes par jour :<\/p>\r\n\r\n<h3 data-path-to-node=\"1\"><b data-path-to-node=\"1\" data-index-in-node=\"0\">Mercredi 9 Juillet 2025<\/b><\/h3>\r\n<ul data-path-to-node=\"2\">\r\n \t<li>\r\n<p data-path-to-node=\"2,0,0\"><b data-path-to-node=\"2,0,0\" data-index-in-node=\"0\">Air<\/b><\/p>\r\n<\/li>\r\n \t<li>\r\n<p data-path-to-node=\"2,1,0\"><b data-path-to-node=\"2,1,0\" data-index-in-node=\"0\">Clara Luciani<\/b><\/p>\r\n<\/li>\r\n \t<li>\r\n<p data-path-to-node=\"2,2,0\"><b data-path-to-node=\"2,2,0\" data-index-in-node=\"0\">Fontaines D.C.<\/b><\/p>\r\n<\/li>\r\n \t<li>\r\n<p data-path-to-node=\"2,3,0\">Amyl & The Sniffers<\/p>\r\n<\/li>\r\n \t<li>\r\n<p data-path-to-node=\"2,4,0\">The Last Dinner Party<\/p>\r\n<\/li>\r\n \t<li>\r\n<p data-path-to-node=\"2,5,0\">Bonnie Banane<\/p>\r\n<\/li>\r\n \t<li>\r\n<p data-path-to-node=\"2,6,0\">Jersey<\/p>\r\n<\/li>\r\n \t<li>\r\n<p data-path-to-node=\"2,7,0\">Enola Gay<\/p>\r\n<\/li>\r\n \t<li>\r\n<p data-path-to-node=\"2,8,0\">Chalk<\/p>\r\n<\/li>\r\n<\/ul>\r\n<h3 data-path-to-node=\"3\"><b data-path-to-node=\"3\" data-index-in-node=\"0\">Jeudi 10 Juillet 2025<\/b><\/h3>\r\n<ul data-path-to-node=\"4\">\r\n \t<li>\r\n<p data-path-to-node=\"4,0,0\"><b data-path-to-node=\"4,0,0\" data-index-in-node=\"0\">DJ Snake<\/b><\/p>\r\n<\/li>\r\n \t<li>\r\n<p data-path-to-node=\"4,1,0\"><b data-path-to-node=\"4,1,0\" data-index-in-node=\"0\">Julien Dor\u00e9<\/b><\/p>\r\n<\/li>\r\n \t<li>\r\n<p data-path-to-node=\"4,2,0\"><b data-path-to-node=\"4,2,0\" data-index-in-node=\"0\">Philippe Katerine<\/b><\/p>\r\n<\/li>\r\n \t<li>\r\n<p data-path-to-node=\"4,3,0\">L\u2019Imp\u00e9ratrice<\/p>\r\n<\/li>\r\n \t<li>\r\n<p data-path-to-node=\"4,4,0\">Isaac Delusion<\/p>\r\n<\/li>\r\n \t<li>\r\n<p data-path-to-node=\"4,5,0\">Les Wampas<\/p>\r\n<\/li>\r\n \t<li>\r\n<p data-path-to-node=\"4,6,0\">Ad\u00e8le Castillon<\/p>\r\n<\/li>\r\n \t<li>\r\n<p data-path-to-node=\"4,7,0\">Boston Bun<\/p>\r\n<\/li>\r\n \t<li>\r\n<p data-path-to-node=\"4,8,0\">Yoa<\/p>\r\n<\/li>\r\n<\/ul>\r\n<h3 data-path-to-node=\"5\"><b data-path-to-node=\"5\" data-index-in-node=\"0\">Vendredi 11 Juillet 2025<\/b><\/h3>\r\n<ul data-path-to-node=\"6\">\r\n \t<li>\r\n<p data-path-to-node=\"6,0,0\"><b data-path-to-node=\"6,0,0\" data-index-in-node=\"0\">Soprano<\/b><\/p>\r\n<\/li>\r\n \t<li>\r\n<p data-path-to-node=\"6,1,0\"><b data-path-to-node=\"6,1,0\" data-index-in-node=\"0\">Lamomali<\/b> (Matthieu Chedid)<\/p>\r\n<\/li>\r\n \t<li>\r\n<p data-path-to-node=\"6,2,0\"><b data-path-to-node=\"6,2,0\" data-index-in-node=\"0\">Santa<\/b><\/p>\r\n<\/li>\r\n \t<li>\r\n<p data-path-to-node=\"6,3,0\">Benjamin Clementine<\/p>\r\n<\/li>\r\n \t<li>\r\n<p data-path-to-node=\"6,4,0\">Meute<\/p>\r\n<\/li>\r\n \t<li>\r\n<p data-path-to-node=\"6,5,0\">Ad\u00e9<\/p>\r\n<\/li>\r\n \t<li>\r\n<p data-path-to-node=\"6,6,0\">Vendredi sur Mer<\/p>\r\n<\/li>\r\n \t<li>\r\n<p data-path-to-node=\"6,7,0\">Monobloc<\/p>\r\n<\/li>\r\n \t<li>\r\n<p data-path-to-node=\"6,8,0\">Emile Londonien<\/p>\r\n<\/li>\r\n \t<li>\r\n<p data-path-to-node=\"6,9,0\">Nous \u00e9tions une arm\u00e9e<\/p>\r\n<\/li>\r\n<\/ul>\r\n<h3 data-path-to-node=\"7\"><b data-path-to-node=\"7\" data-index-in-node=\"0\">Samedi 12 Juillet 2025<\/b><\/h3>\r\n<ul data-path-to-node=\"8\">\r\n \t<li>\r\n<p data-path-to-node=\"8,0,0\"><b data-path-to-node=\"8,0,0\" data-index-in-node=\"0\">Jean-Louis Aubert<\/b><\/p>\r\n<\/li>\r\n \t<li>\r\n<p data-path-to-node=\"8,1,0\"><b data-path-to-node=\"8,1,0\" data-index-in-node=\"0\">Zaho de Sagazan<\/b><\/p>\r\n<\/li>\r\n \t<li>\r\n<p data-path-to-node=\"8,2,0\"><b data-path-to-node=\"8,2,0\" data-index-in-node=\"0\">MC Solaar<\/b><\/p>\r\n<\/li>\r\n \t<li>\r\n<p data-path-to-node=\"8,3,0\">Hoshi<\/p>\r\n<\/li>\r\n \t<li>\r\n<p data-path-to-node=\"8,4,0\">Apashe<\/p>\r\n<\/li>\r\n \t<li>\r\n<p data-path-to-node=\"8,5,0\">Clara Ys\u00e9<\/p>\r\n<\/li>\r\n \t<li>\r\n<p data-path-to-node=\"8,6,0\">Orange Blossom<\/p>\r\n<\/li>\r\n \t<li>\r\n<p data-path-to-node=\"8,7,0\">Claude<\/p>\r\n<\/li>\r\n \t<li>\r\n<p data-path-to-node=\"8,8,0\">Simone Ringer<\/p>\r\n<\/li>\r\n \t<li>\r\n<p data-path-to-node=\"8,9,0\">Th\u00e9a<\/p>\r\n<\/li>\r\n<\/ul>\r\n<h2 data-section-id=\"1srg3ky\" data-start=\"48\" data-end=\"88\">Billetterie Musilac : prix et astuces<\/h2>\r\n<p data-start=\"90\" data-end=\"499\">La billetterie musilac est une \u00e9tape essentielle pour participer \u00e0 ce <strong data-start=\"160\" data-end=\"183\">festival de musique<\/strong> tr\u00e8s pris\u00e9. Chaque ann\u00e9e, les billets se vendent rapidement, en particulier pour les journ\u00e9es o\u00f9 se produisent les artistes les plus populaires. Musilac <a href=\"https:\/\/www.musilac.com\/billetterie\" target=\"_blank\" rel=\"noopener\">propose g\u00e9n\u00e9ralement plusieurs types de pass<\/a> afin de s\u2019adapter aux besoins des festivaliers, allant du billet \u00e0 la journ\u00e9e au pass complet sur plusieurs jours.<\/p>\r\n<p data-start=\"90\" data-end=\"499\"><a href=\"https:\/\/cparici.com\/wp-content\/uploads\/2026\/04\/Capture-ecran-billeterie-Musilac-2026.jpg\"><img decoding=\"async\" class=\"aligncenter wp-image-90002 size-large\" src=\"https:\/\/cparici.com\/wp-content\/uploads\/2026\/04\/Capture-ecran-billeterie-Musilac-2026-1024x495.jpg\" alt=\"Capture \u00e9cran billeterie Musilac 2026\" width=\"1024\" height=\"495\" srcset=\"https:\/\/cparici.com\/wp-content\/uploads\/2026\/04\/Capture-ecran-billeterie-Musilac-2026-1024x495.jpg 1024w, https:\/\/cparici.com\/wp-content\/uploads\/2026\/04\/Capture-ecran-billeterie-Musilac-2026-300x145.jpg 300w, https:\/\/cparici.com\/wp-content\/uploads\/2026\/04\/Capture-ecran-billeterie-Musilac-2026-768x371.jpg 768w, https:\/\/cparici.com\/wp-content\/uploads\/2026\/04\/Capture-ecran-billeterie-Musilac-2026-1536x742.jpg 1536w, https:\/\/cparici.com\/wp-content\/uploads\/2026\/04\/Capture-ecran-billeterie-Musilac-2026-18x9.jpg 18w, https:\/\/cparici.com\/wp-content\/uploads\/2026\/04\/Capture-ecran-billeterie-Musilac-2026-590x285.jpg 590w, https:\/\/cparici.com\/wp-content\/uploads\/2026\/04\/Capture-ecran-billeterie-Musilac-2026-1200x580.jpg 1200w, https:\/\/cparici.com\/wp-content\/uploads\/2026\/04\/Capture-ecran-billeterie-Musilac-2026-577x279.jpg 577w, https:\/\/cparici.com\/wp-content\/uploads\/2026\/04\/Capture-ecran-billeterie-Musilac-2026-1320x638.jpg 1320w, https:\/\/cparici.com\/wp-content\/uploads\/2026\/04\/Capture-ecran-billeterie-Musilac-2026-600x290.jpg 600w, https:\/\/cparici.com\/wp-content\/uploads\/2026\/04\/Capture-ecran-billeterie-Musilac-2026.jpg 1689w\" sizes=\"(max-width: 1024px) 100vw, 1024px\" \/><\/a><\/p>\r\n<p data-start=\"501\" data-end=\"774\">En ce qui concerne les prix, le musilac affiche des tarifs comparables \u00e0 ceux des grands festivals fran\u00e7ais. Un pass journ\u00e9e peut varier entre 70 et 90 euros, tandis qu\u2019un pass complet peut atteindre 200 \u00e0 250 euros selon les \u00e9ditions. Comme le pr\u00e9cise le site officiel :<\/p>\r\n\r\n<blockquote data-start=\"775\" data-end=\"937\">\r\n<p data-start=\"777\" data-end=\"937\">\u201cLes tarifs \u00e9voluent en fonction des phases de vente, avec des offres early bird permettant de b\u00e9n\u00e9ficier de prix r\u00e9duits.\u201d<br data-start=\"900\" data-end=\"903\">(Source : <a class=\"decorated-link\" href=\"https:\/\/www.musilac.com\" target=\"_blank\" rel=\"nofollow noopener\" data-start=\"913\" data-end=\"936\">https:\/\/www.musilac.com<\/a>)<\/p>\r\n<\/blockquote>\r\n<p data-start=\"939\" data-end=\"1327\">Pour acheter ses billets, plusieurs options sont disponibles. Le canal principal reste le site officiel, mais certaines plateformes partenaires proposent \u00e9galement des ventes. Il est conseill\u00e9 de privil\u00e9gier les circuits officiels afin d\u2019\u00e9viter les fraudes. Le musilac \u00e9tant tr\u00e8s demand\u00e9, les billets peuvent \u00eatre \u00e9puis\u00e9s rapidement, ce qui incite les festivaliers \u00e0 anticiper leur achat.<\/p>\r\n<p data-start=\"1329\" data-end=\"1646\">Afin de payer moins cher, quelques astuces existent pour le musilac. L\u2019achat anticip\u00e9 lors des premi\u00e8res phases de vente permet de profiter de tarifs avantageux. La revente entre particuliers peut aussi \u00eatre une solution, bien qu\u2019elle n\u00e9cessite de la vigilance. Selon le site <span class=\"hover:entity-accent entity-underline inline cursor-pointer align-baseline\"><span class=\"whitespace-normal\">France Billet<\/span><\/span> :<\/p>\r\n\r\n<blockquote data-start=\"1647\" data-end=\"1809\">\r\n<p data-start=\"1649\" data-end=\"1809\">\u201cL\u2019achat anticip\u00e9 reste la meilleure strat\u00e9gie pour obtenir des billets \u00e0 prix r\u00e9duit pour les \u00e9v\u00e9nements populaires.\u201d<br data-start=\"1767\" data-end=\"1770\">(Source : https:\/\/www.francebillet.com)<\/p>\r\n<\/blockquote>\r\n<p data-start=\"1811\" data-end=\"1978\">En r\u00e9sum\u00e9, la billetterie musilac demande une certaine anticipation et une bonne connaissance des options disponibles afin d\u2019optimiser son budget et garantir sa place.<\/p>\r\n\r\n<\/div>\r\n<\/div>\r\n<\/div>\r\n<h2 data-section-id=\"3ix33i\" data-start=\"71\" data-end=\"112\">Avis sur Musilac : exp\u00e9rience festival<\/h2>\r\n<p data-start=\"2167\" data-end=\"2642\">Les avis sur musilac permettent de mieux comprendre l\u2019exp\u00e9rience v\u00e9cue par les festivaliers et d\u2019identifier les points forts ainsi que les axes d\u2019am\u00e9lioration de cet \u00e9v\u00e9nement. Globalement, ce festival est souvent d\u00e9crit comme un <strong data-start=\"2397\" data-end=\"2419\">festival convivial<\/strong> b\u00e9n\u00e9ficiant d\u2019un cadre naturel exceptionnel, ce qui contribue fortement \u00e0 son attractivit\u00e9. L\u2019ambiance g\u00e9n\u00e9rale est jug\u00e9e festive, avec un public vari\u00e9 et une organisation pens\u00e9e pour maximiser le confort des participants.<\/p>\r\n<p data-start=\"2644\" data-end=\"2990\">Parmi les points positifs, le musilac se distingue par son emplacement au bord du <span class=\"hover:entity-accent entity-underline inline cursor-pointer align-baseline\"><span class=\"whitespace-normal\">lac du Bourget<\/span><\/span>, qui offre une atmosph\u00e8re unique difficile \u00e0 retrouver ailleurs. Les festivaliers appr\u00e9cient \u00e9galement la diversit\u00e9 de la programmation et la qualit\u00e9 sonore des concerts. Selon le site <span class=\"hover:entity-accent entity-underline inline cursor-pointer align-baseline\"><span class=\"whitespace-normal\">InfoConcert<\/span><\/span> :<\/p>\r\n\r\n<blockquote data-start=\"2991\" data-end=\"3133\">\r\n<p data-start=\"2993\" data-end=\"3133\">\u201cLe musilac s\u00e9duit par son ambiance chaleureuse et sa programmation accessible \u00e0 tous les publics.\u201d<br data-start=\"3092\" data-end=\"3095\">(Source : https:\/\/www.infoconcert.com)<\/p>\r\n<\/blockquote>\r\n<p data-start=\"3135\" data-end=\"3479\">Cependant, certains retours mettent en avant des points faibles. La forte affluence peut entra\u00eener des temps d\u2019attente importants, notamment pour acc\u00e9der aux sc\u00e8nes ou aux services. Les prix, jug\u00e9s \u00e9lev\u00e9s par certains festivaliers, constituent \u00e9galement un frein. Sur <span class=\"hover:entity-accent entity-underline inline cursor-pointer align-baseline\"><span class=\"whitespace-normal\">Tripadvisor<\/span><\/span>, plusieurs utilisateurs soulignent :<\/p>\r\n\r\n<blockquote data-start=\"3480\" data-end=\"3615\">\r\n<p data-start=\"3482\" data-end=\"3615\">\u201cL\u2019organisation est bonne mais la foule et les tarifs peuvent impacter l\u2019exp\u00e9rience globale.\u201d<br data-start=\"3575\" data-end=\"3578\">(Source : https:\/\/www.tripadvisor.fr)<\/p>\r\n<\/blockquote>\r\n<p data-start=\"3617\" data-end=\"3893\">En r\u00e9sum\u00e9, le musilac offre une exp\u00e9rience globalement positive, mais comme tout grand \u00e9v\u00e9nement, il pr\u00e9sente des contraintes li\u00e9es \u00e0 son succ\u00e8s. Cette dualit\u00e9 entre points forts et limites permet aux futurs visiteurs d\u2019anticiper leur participation et d\u2019optimiser leur s\u00e9jour.<\/p>\r\n\r\n<h2 data-start=\"1811\" data-end=\"1978\">H\u00e9bergement Musilac<\/h2>\r\n<p data-start=\"2306\" data-end=\"2738\">L\u2019h\u00e9bergement musilac est un \u00e9l\u00e9ment cl\u00e9 dans l\u2019organisation de votre s\u00e9jour, car la forte affluence du festival rend les disponibilit\u00e9s rapidement limit\u00e9es. Chaque ann\u00e9e, les festivaliers doivent choisir entre plusieurs options, allant du camping officiel aux solutions plus confortables comme les h\u00f4tels ou les locations saisonni\u00e8res. Cet \u00e9v\u00e9nement propose ainsi une diversit\u00e9 d\u2019h\u00e9bergements adapt\u00e9e \u00e0 tous les budgets et profils.<\/p>\r\n<p data-start=\"2740\" data-end=\"3178\">Le camping officiel du musilac est souvent privil\u00e9gi\u00e9 par les participants recherchant une immersion totale dans l\u2019\u00e9v\u00e9nement. Situ\u00e9 \u00e0 proximit\u00e9 du site principal, il permet un acc\u00e8s facile aux concerts et favorise une ambiance conviviale entre festivaliers. Ce type d\u2019h\u00e9bergement est g\u00e9n\u00e9ralement \u00e9quip\u00e9 de services essentiels comme des sanitaires, des espaces de restauration et des zones de repos. Selon le site officiel du festival :<\/p>\r\n\r\n<blockquote data-start=\"3179\" data-end=\"3313\">\r\n<p data-start=\"3181\" data-end=\"3313\">\u201cLe camping offre une solution pratique et \u00e9conomique pour profiter pleinement de l\u2019\u00e9v\u00e9nement.\u201d<br data-start=\"3276\" data-end=\"3279\">(Source : https:\/\/www.musilac.com)<\/p>\r\n<\/blockquote>\r\n<p data-start=\"3315\" data-end=\"3692\">Pour ceux qui pr\u00e9f\u00e8rent plus de confort, plusieurs alternatives existent autour de <span class=\"hover:entity-accent entity-underline inline cursor-pointer align-baseline\"><span class=\"whitespace-normal\">Aix-les-Bains<\/span><\/span>. Les h\u00f4tels, les chambres d\u2019h\u00f4tes et les locations de type Airbnb sont tr\u00e8s pris\u00e9s, notamment pour les s\u00e9jours en groupe. Toutefois, ces options n\u00e9cessitent une r\u00e9servation anticip\u00e9e, car la demande est particuli\u00e8rement \u00e9lev\u00e9e durant la p\u00e9riode du musilac.<\/p>\r\n<p data-start=\"3694\" data-end=\"3908\">Enfin, certains festivaliers choisissent des campings ou h\u00e9bergements situ\u00e9s \u00e0 quelques kilom\u00e8tres du site afin de b\u00e9n\u00e9ficier de tarifs plus accessibles. D\u2019apr\u00e8s le portail <span class=\"hover:entity-accent entity-underline inline cursor-pointer align-baseline\"><span class=\"whitespace-normal\">Savoie Mont Blanc Tourisme<\/span><\/span> :<\/p>\r\n\r\n<blockquote data-start=\"3909\" data-end=\"4085\">\r\n<p data-start=\"3911\" data-end=\"4085\">\u201cLa r\u00e9gion propose une large gamme d\u2019h\u00e9bergements permettant d\u2019accueillir les visiteurs durant les grands \u00e9v\u00e9nements estivaux.\u201d<br data-start=\"4038\" data-end=\"4041\">(Source : <a class=\"decorated-link\" href=\"https:\/\/www.savoie-mont-blanc.com\" target=\"_blank\" rel=\"nofollow noopener\" data-start=\"4051\" data-end=\"4084\">https:\/\/www.savoie-mont-blanc.com<\/a>)<\/p>\r\n<\/blockquote>\r\n<p data-start=\"4087\" data-end=\"4262\">En r\u00e9sum\u00e9, l\u2019h\u00e9bergement musilac doit \u00eatre planifi\u00e9 \u00e0 l\u2019avance afin de garantir une exp\u00e9rience optimale, que l\u2019on privil\u00e9gie le camping festif ou un logement plus confortable.<\/p>\r\n<p data-start=\"2339\" data-end=\"2802\">L\u2019acc\u00e8s musilac est un point essentiel \u00e0 anticiper pour profiter pleinement du festival, car la forte affluence peut compliquer les d\u00e9placements. Situ\u00e9 \u00e0 <span class=\"hover:entity-accent entity-underline inline cursor-pointer align-baseline\"><span class=\"whitespace-normal\">Aix-les-Bains<\/span><\/span>, l\u2019\u00e9v\u00e9nement b\u00e9n\u00e9ficie d\u2019une bonne accessibilit\u00e9 gr\u00e2ce \u00e0 plusieurs moyens de transport adapt\u00e9s aux festivaliers venant de toute la France et m\u00eame de l\u2019\u00e9tranger. Ce rendez-vous musical attire en effet un public large, ce qui n\u00e9cessite une organisation logistique efficace.<\/p>\r\n<p data-start=\"2804\" data-end=\"3186\">Le train constitue l\u2019une des solutions les plus pratiques pour rejoindre le musilac. La gare d\u2019Aix-les-Bains est bien desservie par des lignes r\u00e9gionales et nationales, notamment depuis des villes comme Lyon ou Paris. Une fois sur place, des navettes ou des transports en commun permettent d\u2019acc\u00e9der facilement au site du festival. Selon la <span class=\"hover:entity-accent entity-underline inline cursor-pointer align-baseline\"><span class=\"whitespace-normal\">SNCF<\/span><\/span> :<\/p>\r\n\r\n<blockquote data-start=\"3187\" data-end=\"3348\">\r\n<p data-start=\"3189\" data-end=\"3348\">\u201cLes grandes manifestations culturelles b\u00e9n\u00e9ficient souvent de renforts de transport pour faciliter l\u2019arriv\u00e9e des voyageurs.\u201d<br data-start=\"3314\" data-end=\"3317\">(Source : https:\/\/www.sncf.com)<\/p>\r\n<\/blockquote>\r\n<p data-start=\"3350\" data-end=\"3736\">Pour ceux qui pr\u00e9f\u00e8rent venir en voiture, cet \u00e9v\u00e9nement est accessible via les principaux axes routiers de la r\u00e9gion. Des parkings sont g\u00e9n\u00e9ralement mis \u00e0 disposition, bien que leur capacit\u00e9 soit limit\u00e9e en raison du nombre important de participants. Il est donc recommand\u00e9 d\u2019arriver t\u00f4t ou d\u2019opter pour le covoiturage, une solution de plus en plus populaire lors des grands \u00e9v\u00e9nements.<\/p>\r\n<p data-start=\"3738\" data-end=\"3985\">Par ailleurs, des navettes sp\u00e9ciales sont souvent mises en place pendant le musilac afin de relier les diff\u00e9rents points strat\u00e9giques, comme les campings ou les centres-villes environnants. D\u2019apr\u00e8s le site <span class=\"hover:entity-accent entity-underline inline cursor-pointer align-baseline\"><span class=\"whitespace-normal\">Savoie Mont Blanc Tourisme<\/span><\/span> :<\/p>\r\n\r\n<blockquote data-start=\"3986\" data-end=\"4162\">\r\n<p data-start=\"3988\" data-end=\"4162\">\u201cDes dispositifs de transport d\u00e9di\u00e9s sont r\u00e9guli\u00e8rement d\u00e9ploy\u00e9s pour fluidifier les d\u00e9placements lors des \u00e9v\u00e9nements majeurs.\u201d<br data-start=\"4115\" data-end=\"4118\">(Source : https:\/\/www.savoie-mont-blanc.com)<\/p>\r\n<\/blockquote>\r\n<p data-start=\"4164\" data-end=\"4327\">En r\u00e9sum\u00e9, l\u2019acc\u00e8s musilac est facilit\u00e9 par une offre de transport vari\u00e9e, mais n\u00e9cessite une bonne anticipation afin d\u2019\u00e9viter les contraintes li\u00e9es \u00e0 l\u2019affluence.<\/p>\r\n\r\n<h2 data-start=\"4164\" data-end=\"4327\">Musilac et tourisme \u00e0 Aix-les-Bains<\/h2>\r\n<p data-start=\"2065\" data-end=\"2492\">Le musilac ne se limite pas \u00e0 un simple \u00e9v\u00e9nement musical, il repr\u00e9sente aussi une v\u00e9ritable opportunit\u00e9 de d\u00e9couverte touristique. Situ\u00e9 \u00e0 <span class=\"hover:entity-accent entity-underline inline cursor-pointer align-baseline\"><span class=\"whitespace-normal\">Aix-les-Bains<\/span><\/span>, ce festival permet aux visiteurs de profiter d\u2019un cadre naturel exceptionnel entre lac et montagnes. Cette dimension touristique contribue fortement \u00e0 son attractivit\u00e9, en attirant des festivaliers qui souhaitent combiner musique et s\u00e9jour d\u00e9tente.<\/p>\r\n<p data-start=\"2494\" data-end=\"2770\">Le <span class=\"hover:entity-accent entity-underline inline cursor-pointer align-baseline\"><span class=\"whitespace-normal\">lac du Bourget<\/span><\/span> constitue l\u2019un des principaux atouts de l\u2019exp\u00e9rience. <a href=\"https:\/\/cparici.com\/lacs-de-france\/\">Plus grand lac naturel de France<\/a>, il offre de nombreuses activit\u00e9s comme la baignade, les sports nautiques ou les promenades. Selon le site <span class=\"hover:entity-accent entity-underline inline cursor-pointer align-baseline\"><span class=\"whitespace-normal\">Savoie Mont Blanc Tourisme<\/span><\/span> :<\/p>\r\n\r\n<blockquote data-start=\"2771\" data-end=\"2932\">\r\n<p data-start=\"2773\" data-end=\"2932\">\u201cLe lac du Bourget est une destination phare pour les visiteurs en qu\u00eate de nature et d\u2019activit\u00e9s de plein air.\u201d<br data-start=\"2885\" data-end=\"2888\">(Source : https:\/\/www.savoie-mont-blanc.com)<\/p>\r\n<\/blockquote>\r\n<p data-start=\"2934\" data-end=\"3255\">En parall\u00e8le, le centre-ville d\u2019Aix-les-Bains propose une offre vari\u00e9e entre <a href=\"https:\/\/cparici.com\/cure-thermale-aix-les-bains-le-guide-complet\/\">thermalisme<\/a>, restaurants et patrimoine culturel. Cette richesse permet de prolonger l\u2019exp\u00e9rience du musilac au-del\u00e0 des concerts. Les festivaliers peuvent ainsi organiser un s\u00e9jour complet, alternant moments festifs et d\u00e9couverte du territoire.<\/p>\r\n<p data-start=\"3257\" data-end=\"3406\">Le musilac joue \u00e9galement un r\u00f4le important dans l\u2019\u00e9conomie locale en favorisant le tourisme. D\u2019apr\u00e8s une \u00e9tude relay\u00e9e par les acteurs r\u00e9gionaux :<\/p>\r\n\r\n<blockquote data-start=\"3407\" data-end=\"3552\">\r\n<p data-start=\"3409\" data-end=\"3552\">\u201cChaque euro investi dans le festival g\u00e9n\u00e8re plusieurs euros de retomb\u00e9es pour le territoire.\u201d<br data-start=\"3503\" data-end=\"3506\">(Source : <a class=\"decorated-link cursor-pointer\" target=\"_new\" rel=\"noopener\" data-start=\"3516\" data-end=\"3551\">https:\/\/www.lepetitreporterdu73.com<\/a>)<\/p>\r\n<\/blockquote>\r\n<p data-start=\"3554\" data-end=\"3719\">Enfin, int\u00e9grer cet \u00e9v\u00e9nement dans un s\u00e9jour plus large permet de d\u00e9couvrir d\u2019autres sites embl\u00e9matiques de la r\u00e9gion, renfor\u00e7ant ainsi l\u2019int\u00e9r\u00eat touristique global.<\/p>\r\n\r\n<h2 data-start=\"3554\" data-end=\"3719\">Musilac, un festival engag\u00e9<\/h2>\r\n<p data-start=\"2234\" data-end=\"2674\">Le festival s\u2019inscrit progressivement dans une d\u00e9marche de <strong data-start=\"2292\" data-end=\"2319\">festival \u00e9coresponsable<\/strong>, en int\u00e9grant des actions concr\u00e8tes pour r\u00e9duire son impact environnemental. Face aux enjeux climatiques actuels, les organisateurs ont mis en place plusieurs initiatives visant \u00e0 limiter l\u2019empreinte carbone et \u00e0 sensibiliser les festivaliers. Cette \u00e9volution r\u00e9pond \u00e0 une attente croissante du public, de plus en plus attentif aux questions \u00e9cologiques.<\/p>\r\n<p data-start=\"2676\" data-end=\"3063\">Parmi les actions mises en \u0153uvre, cet \u00e9v\u00e9nement favorise l\u2019utilisation d\u2019\u00e9nergies alternatives, notamment \u00e0 travers des installations \u00e9lectriques optimis\u00e9es et une r\u00e9duction des groupes \u00e9lectrog\u00e8nes traditionnels. Le tri des d\u00e9chets est \u00e9galement encourag\u00e9 sur l\u2019ensemble du site, avec des dispositifs de collecte et de recyclage. Selon le m\u00e9dia <span class=\"hover:entity-accent entity-underline inline cursor-pointer align-baseline\"><span class=\"whitespace-normal\">France Info<\/span><\/span> :<\/p>\r\n\r\n<blockquote data-start=\"3064\" data-end=\"3225\">\r\n<p data-start=\"3066\" data-end=\"3225\">\u201cLes festivals fran\u00e7ais renforcent leurs engagements environnementaux pour r\u00e9pondre aux nouvelles attentes du public.\u201d<br data-start=\"3184\" data-end=\"3187\">(Source : <a class=\"decorated-link\" href=\"https:\/\/www.francetvinfo.fr\" target=\"_new\" rel=\"noopener\" data-start=\"3197\" data-end=\"3224\">https:\/\/www.francetvinfo.fr<\/a>)<\/p>\r\n<\/blockquote>\r\n<p data-start=\"3227\" data-end=\"3561\">Au-del\u00e0 de l\u2019\u00e9cologie, le musilac joue un r\u00f4le \u00e9conomique majeur pour la r\u00e9gion. L\u2019\u00e9v\u00e9nement g\u00e9n\u00e8re des retomb\u00e9es importantes pour les commerces locaux, les h\u00e9bergements et les services touristiques. Cette dynamique contribue \u00e0 renforcer l\u2019attractivit\u00e9 du territoire et \u00e0 soutenir l\u2019\u00e9conomie locale. D\u2019apr\u00e8s des donn\u00e9es r\u00e9gionales :<\/p>\r\n\r\n<blockquote data-start=\"3562\" data-end=\"3719\">\r\n<p data-start=\"3564\" data-end=\"3719\">\u201cLes grands festivals comme celui-ci ont un impact significatif sur le d\u00e9veloppement \u00e9conomique des territoires.\u201d<br data-start=\"3677\" data-end=\"3680\">(Source : <a class=\"decorated-link\" href=\"https:\/\/www.economie.gouv.fr\" target=\"_new\" rel=\"noopener\" data-start=\"3690\" data-end=\"3718\">https:\/\/www.economie.gouv.fr<\/a>)<\/p>\r\n<\/blockquote>\r\n<p data-start=\"3721\" data-end=\"3969\">Le musilac participe \u00e9galement \u00e0 la valorisation des artistes locaux et \u00e0 la promotion de la sc\u00e8ne musicale fran\u00e7aise. En offrant une visibilit\u00e9 \u00e0 de nouveaux talents, il contribue \u00e0 dynamiser le secteur culturel et \u00e0 renouveler l\u2019offre artistique.<\/p>\r\n<p data-start=\"3971\" data-end=\"4105\">En r\u00e9sum\u00e9, le musilac \u00e9volue vers un mod\u00e8le plus durable et responsable, combinant engagement \u00e9cologique et impact \u00e9conomique positif.<\/p>\r\n\r\n<h2 data-start=\"3971\" data-end=\"4105\">Comparatif Musilac vs autres festivals<\/h2>\r\n<p data-start=\"2235\" data-end=\"2577\">Musilac se distingue dans le paysage des festivals fran\u00e7ais, mais il est souvent compar\u00e9 \u00e0 d\u2019autres \u00e9v\u00e9nements majeurs pour aider les festivaliers \u00e0 faire leur choix. Ce type de <strong data-start=\"2416\" data-end=\"2443\">comparatif de festivals<\/strong> permet de mieux comprendre les sp\u00e9cificit\u00e9s de chaque \u00e9v\u00e9nement, notamment en termes de programmation, d\u2019ambiance et de localisation.<\/p>\r\n<p data-start=\"2579\" data-end=\"3034\">Face aux <a href=\"https:\/\/cparici.com\/les-vieilles-charrues-festival\/\"><span class=\"hover:entity-accent entity-underline inline cursor-pointer align-baseline\"><span class=\"whitespace-normal\">Vieilles Charrues<\/span><\/span><\/a>, ce festival propose une exp\u00e9rience plus intimiste malgr\u00e9 une fr\u00e9quentation importante. Les Vieilles Charrues, organis\u00e9es en Bretagne, sont r\u00e9put\u00e9es pour leur tr\u00e8s grande capacit\u00e9 d\u2019accueil et leur programmation internationale massive. En revanche, l\u2019\u00e9v\u00e9nement savoyard mise davantage sur son cadre naturel exceptionnel, au bord du <span class=\"hover:entity-accent entity-underline inline cursor-pointer align-baseline\"><span class=\"whitespace-normal\">lac du Bourget<\/span><\/span>, offrant une atmosph\u00e8re plus d\u00e9tendue.<\/p>\r\n<p data-start=\"3036\" data-end=\"3338\">Compar\u00e9 \u00e0 <span class=\"hover:entity-accent entity-underline inline cursor-pointer align-baseline\"><span class=\"whitespace-normal\">Solidays<\/span><\/span>, Musilac se positionne diff\u00e9remment en termes d\u2019engagement. Solidays est fortement orient\u00e9 vers la solidarit\u00e9 et les causes humanitaires, tandis que ce festival met davantage en avant l\u2019exp\u00e9rience musicale et touristique. Selon le m\u00e9dia <em data-start=\"3324\" data-end=\"3334\">Le Monde<\/em> :<\/p>\r\n\r\n<blockquote data-start=\"3339\" data-end=\"3472\">\r\n<p data-start=\"3341\" data-end=\"3472\">\u201cChaque festival d\u00e9veloppe une identit\u00e9 propre, influenc\u00e9e par son histoire et son territoire.\u201d<br data-start=\"3436\" data-end=\"3439\">(Source : <a class=\"decorated-link\" href=\"https:\/\/www.lemonde.fr\" target=\"_blank\" rel=\"nofollow noopener\" data-start=\"3449\" data-end=\"3471\">https:\/\/www.lemonde.fr<\/a>)<\/p>\r\n<\/blockquote>\r\n<p data-start=\"3474\" data-end=\"3739\">En mati\u00e8re de programmation, Musilac reste comp\u00e9titif en proposant un m\u00e9lange \u00e9quilibr\u00e9 entre artistes internationaux et sc\u00e8ne fran\u00e7aise. Cette strat\u00e9gie lui permet de rivaliser avec d\u2019autres \u00e9v\u00e9nements tout en conservant une identit\u00e9 accessible au grand public.<\/p>\r\n<p data-start=\"3741\" data-end=\"4071\">Enfin, Musilac se d\u00e9marque par son accessibilit\u00e9 g\u00e9ographique et son environnement naturel, ce qui en fait un choix privil\u00e9gi\u00e9 pour les festivaliers recherchant une exp\u00e9rience \u00e0 la fois musicale et touristique. Ce positionnement hybride constitue un avantage concurrentiel face \u00e0 des festivals plus urbains ou plus sp\u00e9cialis\u00e9s.<\/p>\r\n\r\n<h2 data-start=\"3741\" data-end=\"4071\">Comment r\u00e9ussir son Musilac<\/h2>\r\n<p data-start=\"2249\" data-end=\"2624\">R\u00e9ussir son exp\u00e9rience au Musilac n\u00e9cessite une bonne pr\u00e9paration, car ce <strong data-start=\"2323\" data-end=\"2346\">festival de musique<\/strong> attire chaque ann\u00e9e un public nombreux et vari\u00e9. Une organisation en amont permet d\u2019\u00e9viter les impr\u00e9vus et de profiter pleinement des concerts. Ce type d\u2019\u00e9v\u00e9nement demande notamment d\u2019anticiper plusieurs aspects essentiels comme le transport, l\u2019h\u00e9bergement et le budget global.<\/p>\r\n<p data-start=\"2626\" data-end=\"3045\">La premi\u00e8re \u00e9tape pour bien pr\u00e9parer son festival consiste \u00e0 planifier son s\u00e9jour le plus t\u00f4t possible. Il est recommand\u00e9 de r\u00e9server son billet d\u00e8s l\u2019ouverture de la billetterie afin de b\u00e9n\u00e9ficier de tarifs avantageux. De m\u00eame, les h\u00e9bergements autour de <span class=\"hover:entity-accent entity-underline inline cursor-pointer align-baseline\"><span class=\"whitespace-normal\">Aix-les-Bains<\/span><\/span> \u00e9tant rapidement complets, une r\u00e9servation anticip\u00e9e est indispensable. Selon le site <span class=\"hover:entity-accent entity-underline inline cursor-pointer align-baseline\"><span class=\"whitespace-normal\">France Billet<\/span><\/span> :<\/p>\r\n\r\n<blockquote data-start=\"3046\" data-end=\"3206\">\r\n<p data-start=\"3048\" data-end=\"3206\">\u201cLes \u00e9v\u00e9nements populaires n\u00e9cessitent une anticipation importante pour garantir les meilleures conditions d\u2019acc\u00e8s.\u201d<br data-start=\"3164\" data-end=\"3167\">(Source : https:\/\/www.francebillet.com)<\/p>\r\n<\/blockquote>\r\n<p data-start=\"3208\" data-end=\"3559\">Ensuite, \u00e9tablir un budget pour Musilac est une \u00e9tape cl\u00e9. Celui-ci inclut le prix du billet, le transport, l\u2019h\u00e9bergement ainsi que les d\u00e9penses sur place (restauration, boissons, souvenirs). En moyenne, un festivalier peut pr\u00e9voir entre 150 et 400 euros pour un s\u00e9jour complet, en fonction de son niveau de confort et de la dur\u00e9e de participation.<\/p>\r\n<p data-start=\"3561\" data-end=\"3887\">Pour optimiser son exp\u00e9rience, il est conseill\u00e9 de pr\u00e9parer une check-list. Celle-ci peut inclure des \u00e9l\u00e9ments essentiels comme une tenue adapt\u00e9e \u00e0 la m\u00e9t\u00e9o, une batterie externe pour le t\u00e9l\u00e9phone, ou encore une gourde r\u00e9utilisable. L\u2019objectif est de limiter les contraintes sur place et de profiter pleinement de l\u2019\u00e9v\u00e9nement.<\/p>\r\n<p data-start=\"3889\" data-end=\"4114\">Enfin, le musilac \u00e9tant un festival en plein air, il est important d\u2019anticiper les conditions m\u00e9t\u00e9orologiques et de s\u2019adapter en cons\u00e9quence. Une bonne pr\u00e9paration permet ainsi de vivre une exp\u00e9rience plus fluide et agr\u00e9able.<\/p>\r\n\r\n<h2 data-section-id=\"1njcx1w\" data-start=\"85\" data-end=\"117\">Tableau r\u00e9capitulatif Musilac<\/h2>\r\n<p data-start=\"119\" data-end=\"406\">Le musilac peut \u00eatre r\u00e9sum\u00e9 \u00e0 travers un tableau synth\u00e9tique qui permet de visualiser rapidement les informations essentielles. Ce type de <strong data-start=\"258\" data-end=\"280\">tableau comparatif<\/strong> est particuli\u00e8rement appr\u00e9ci\u00e9 des internautes, car il facilite la compr\u00e9hension des caract\u00e9ristiques principales du festival.<\/p>\r\n\r\n<div class=\"TyagGW_tableContainer\">\r\n<div class=\"group TyagGW_tableWrapper flex flex-col-reverse w-fit\" tabindex=\"-1\">\r\n<table class=\"w-fit min-w-(--thread-content-width)\" data-start=\"408\" data-end=\"829\">\r\n<thead data-start=\"408\" data-end=\"429\">\r\n<tr data-start=\"408\" data-end=\"429\">\r\n<th class=\"\" data-start=\"408\" data-end=\"418\" data-col-size=\"sm\">Crit\u00e8re<\/th>\r\n<th class=\"\" data-start=\"418\" data-end=\"429\" data-col-size=\"sm\">D\u00e9tails<\/th>\r\n<\/tr>\r\n<\/thead>\r\n<tbody data-start=\"450\" data-end=\"829\">\r\n<tr data-start=\"450\" data-end=\"467\">\r\n<td data-start=\"450\" data-end=\"456\" data-col-size=\"sm\">Nom<\/td>\r\n<td data-start=\"456\" data-end=\"467\" data-col-size=\"sm\">Musilac<\/td>\r\n<\/tr>\r\n<tr data-start=\"468\" data-end=\"516\">\r\n<td data-start=\"468\" data-end=\"475\" data-col-size=\"sm\">Lieu<\/td>\r\n<td data-start=\"475\" data-end=\"516\" data-col-size=\"sm\"><span class=\"hover:entity-accent entity-underline inline cursor-pointer align-baseline\"><span class=\"whitespace-normal\">Aix-les-Bains<\/span><\/span><\/td>\r\n<\/tr>\r\n<tr data-start=\"517\" data-end=\"574\">\r\n<td data-start=\"517\" data-end=\"533\" data-col-size=\"sm\">Environnement<\/td>\r\n<td data-start=\"533\" data-end=\"574\" data-col-size=\"sm\"><span class=\"hover:entity-accent entity-underline inline cursor-pointer align-baseline\"><span class=\"whitespace-normal\">lac du Bourget<\/span><\/span><\/td>\r\n<\/tr>\r\n<tr data-start=\"575\" data-end=\"593\">\r\n<td data-start=\"575\" data-end=\"582\" data-col-size=\"sm\">Date<\/td>\r\n<td data-col-size=\"sm\" data-start=\"582\" data-end=\"593\">Juillet<\/td>\r\n<\/tr>\r\n<tr data-start=\"594\" data-end=\"624\">\r\n<td data-start=\"594\" data-end=\"601\" data-col-size=\"sm\">Type<\/td>\r\n<td data-col-size=\"sm\" data-start=\"601\" data-end=\"624\">Festival de musique<\/td>\r\n<\/tr>\r\n<tr data-start=\"625\" data-end=\"661\">\r\n<td data-start=\"625\" data-end=\"634\" data-col-size=\"sm\">Styles<\/td>\r\n<td data-col-size=\"sm\" data-start=\"634\" data-end=\"661\">Pop, rock, \u00e9lectro, rap<\/td>\r\n<\/tr>\r\n<tr data-start=\"662\" data-end=\"699\">\r\n<td data-start=\"662\" data-end=\"678\" data-col-size=\"sm\">Fr\u00e9quentation<\/td>\r\n<td data-col-size=\"sm\" data-start=\"678\" data-end=\"699\">80 000+ personnes<\/td>\r\n<\/tr>\r\n<tr data-start=\"700\" data-end=\"723\">\r\n<td data-start=\"700\" data-end=\"708\" data-col-size=\"sm\">Dur\u00e9e<\/td>\r\n<td data-start=\"708\" data-end=\"723\" data-col-size=\"sm\">3 \u00e0 4 jours<\/td>\r\n<\/tr>\r\n<tr data-start=\"724\" data-end=\"747\">\r\n<td data-start=\"724\" data-end=\"731\" data-col-size=\"sm\">Prix<\/td>\r\n<td data-col-size=\"sm\" data-start=\"731\" data-end=\"747\">70 \u20ac \u00e0 250 \u20ac<\/td>\r\n<\/tr>\r\n<tr data-start=\"748\" data-end=\"792\">\r\n<td data-start=\"748\" data-end=\"762\" data-col-size=\"sm\">H\u00e9bergement<\/td>\r\n<td data-col-size=\"sm\" data-start=\"762\" data-end=\"792\">Camping, h\u00f4tels, locations<\/td>\r\n<\/tr>\r\n<tr data-start=\"793\" data-end=\"829\">\r\n<td data-start=\"793\" data-end=\"801\" data-col-size=\"sm\">Acc\u00e8s<\/td>\r\n<td data-col-size=\"sm\" data-start=\"801\" data-end=\"829\">Train, voiture, navettes<\/td>\r\n<\/tr>\r\n<\/tbody>\r\n<\/table>\r\n<h2 data-section-id=\"15w35fj\" data-start=\"60\" data-end=\"74\">FAQ Musilac<\/h2>\r\n<h3 data-section-id=\"l6n2zy\" data-start=\"76\" data-end=\"102\">Quand a lieu Musilac ?<\/h3>\r\n<p data-start=\"104\" data-end=\"379\">Le musilac se d\u00e9roule g\u00e9n\u00e9ralement au mois de juillet, sur plusieurs jours cons\u00e9cutifs. Cette p\u00e9riode estivale est id\u00e9ale pour profiter des concerts en plein air dans un cadre naturel. Les dates exactes varient chaque ann\u00e9e et sont annonc\u00e9es sur le site officiel du festival.<\/p>\r\n\r\n<h3 data-section-id=\"1i7tsd5\" data-start=\"386\" data-end=\"413\">O\u00f9 se d\u00e9roule le festival ?<\/h3>\r\n<p data-start=\"415\" data-end=\"634\">Le musilac a lieu \u00e0 <span class=\"hover:entity-accent entity-underline inline cursor-pointer align-baseline\"><span class=\"whitespace-normal\">Aix-les-Bains<\/span><\/span>, au bord du <span class=\"hover:entity-accent entity-underline inline cursor-pointer align-baseline\"><span class=\"whitespace-normal\">lac du Bourget<\/span><\/span>. Ce lieu offre un environnement unique qui combine musique et nature, renfor\u00e7ant l\u2019exp\u00e9rience des festivaliers.<\/p>\r\n\r\n<h3 data-section-id=\"1j66to2\" data-start=\"641\" data-end=\"668\">Combien co\u00fbte Musilac ?<\/h3>\r\n<p data-start=\"670\" data-end=\"891\">Le prix du musilac d\u00e9pend du type de billet choisi. Un pass journ\u00e9e co\u00fbte g\u00e9n\u00e9ralement entre 70 et 90 euros, tandis qu\u2019un pass complet peut atteindre 250 euros. Ces tarifs \u00e9voluent selon la demande et les phases de vente.<\/p>\r\n\r\n<h3 data-section-id=\"1mrfpmt\" data-start=\"1182\" data-end=\"1212\">Peut-on camper \u00e0 Musilac ?<\/h3>\r\n<p data-start=\"1214\" data-end=\"1406\">Oui, le musilac propose un camping officiel \u00e0 proximit\u00e9 du site. Cette solution permet aux festivaliers de profiter pleinement de l\u2019\u00e9v\u00e9nement sans avoir \u00e0 se d\u00e9placer sur de longues distances.<\/p>\r\n\r\n<h3 data-section-id=\"10fu4zk\" data-start=\"1413\" data-end=\"1442\">Comment venir au festival ?<\/h3>\r\n<p data-start=\"1444\" data-end=\"1637\">Le musilac est accessible en train, en voiture ou via des navettes mises en place pendant l\u2019\u00e9v\u00e9nement. La gare d\u2019Aix-les-Bains facilite l\u2019acc\u00e8s pour les visiteurs venant de diff\u00e9rentes r\u00e9gions.<\/p>\r\n\r\n<h3 data-section-id=\"pnj3re\" data-start=\"1644\" data-end=\"1683\">Musilac est-il complet rapidement ?<\/h3>\r\n<p data-start=\"1685\" data-end=\"1844\">Oui, le musilac affiche souvent complet, surtout pour certaines journ\u00e9es tr\u00e8s attendues. Il est donc recommand\u00e9 de r\u00e9server ses billets d\u00e8s leur mise en vente.<\/p>\r\n\r\n<h3 data-section-id=\"1bhzznv\" data-start=\"1851\" data-end=\"1880\">Musilac vaut-il le coup ?<\/h3>\r\n<p data-start=\"1882\" data-end=\"2096\">Le musilac est g\u00e9n\u00e9ralement tr\u00e8s bien not\u00e9 par les festivaliers gr\u00e2ce \u00e0 son ambiance, sa programmation et son cadre naturel. Malgr\u00e9 quelques contraintes li\u00e9es \u00e0 l\u2019affluence, l\u2019exp\u00e9rience reste globalement positive.<\/p>\r\n\r\n<\/div>\r\n<\/div>\t\t\t\t\t\t\t\t<\/div>\n\t\t\t\t\t<\/div>\n\t\t\t\t<\/div>\n\t\t<div class=\"elementor-element elementor-element-4df9c15 e-con-full e-flex e-con e-parent\" data-id=\"4df9c15\" data-element_type=\"container\" data-e-type=\"container\">\n\t\t\t\t<div class=\"elementor-element elementor-element-cc2fb76 elementor-widget elementor-widget-listeo-posts-grid\" data-id=\"cc2fb76\" data-element_type=\"widget\" data-e-type=\"widget\" data-widget_type=\"listeo-posts-grid.default\">\n\t\t\t\t<div class=\"elementor-widget-container\">\n\t\t\t\t\t\t\t\n\t\t<div class=\"listeo-post-grid-wrapper\">\n\t\t\t<div class=\"row\">\n\n\t\t\t\n\n\t\t\t\t\t\t\t<div class=\"col-md-4\">\n                <a href=\"https:\/\/cparici.com\/en\/aix-les-bains\/\" class=\"blog-compact-item-container\">\n                    <div class=\"blog-compact-item\">\n                        <img decoding=\"async\" width=\"577\" height=\"204\" src=\"https:\/\/cparici.com\/wp-content\/uploads\/2024\/08\/aix-les-bains.jpg\" class=\"attachment-listeo-blog-related-post size-listeo-blog-related-post wp-post-image\" alt=\"aix les bains\" srcset=\"https:\/\/cparici.com\/wp-content\/uploads\/2024\/08\/aix-les-bains.jpg 1500w, https:\/\/cparici.com\/wp-content\/uploads\/2024\/08\/aix-les-bains-600x212.jpg 600w, https:\/\/cparici.com\/wp-content\/uploads\/2024\/08\/aix-les-bains-300x106.jpg 300w, https:\/\/cparici.com\/wp-content\/uploads\/2024\/08\/aix-les-bains-1024x362.jpg 1024w, https:\/\/cparici.com\/wp-content\/uploads\/2024\/08\/aix-les-bains-768x271.jpg 768w\" sizes=\"(max-width: 577px) 100vw, 577px\" \/><span class=\"blog-item-tag\">Aix les Bains<\/span>                        \n                        <div class=\"blog-compact-item-content\">\n                                                        <h3>Aix les bains \u2013 guide pour tourisme et loisirs<\/h3>\n                                                        <p>Aix les bains : d\u00e9couvrez la perle des Alpes. Ce guide complet vous offre des...                            <\/p>\n                                                    <\/div>\n                    <\/div>\n                <\/a>\n            <\/div>\n\t\t\t<div class=\"col-md-4\">\n                <a href=\"https:\/\/cparici.com\/en\/abbaye-de-hautecombe\/\" class=\"blog-compact-item-container\">\n                    <div class=\"blog-compact-item\">\n                        <img decoding=\"async\" width=\"577\" height=\"204\" src=\"https:\/\/cparici.com\/wp-content\/uploads\/2026\/03\/Abbaye-de-Hautecombe-577x204.jpg\" class=\"attachment-listeo-blog-related-post size-listeo-blog-related-post wp-post-image\" alt=\"Abbaye de Hautecombe\" srcset=\"https:\/\/cparici.com\/wp-content\/uploads\/2026\/03\/Abbaye-de-Hautecombe-577x204.jpg 577w, https:\/\/cparici.com\/wp-content\/uploads\/2026\/03\/Abbaye-de-Hautecombe-300x106.jpg 300w, https:\/\/cparici.com\/wp-content\/uploads\/2026\/03\/Abbaye-de-Hautecombe-1024x362.jpg 1024w, https:\/\/cparici.com\/wp-content\/uploads\/2026\/03\/Abbaye-de-Hautecombe-768x271.jpg 768w, https:\/\/cparici.com\/wp-content\/uploads\/2026\/03\/Abbaye-de-Hautecombe-18x6.jpg 18w, https:\/\/cparici.com\/wp-content\/uploads\/2026\/03\/Abbaye-de-Hautecombe-590x208.jpg 590w, https:\/\/cparici.com\/wp-content\/uploads\/2026\/03\/Abbaye-de-Hautecombe-1200x424.jpg 1200w, https:\/\/cparici.com\/wp-content\/uploads\/2026\/03\/Abbaye-de-Hautecombe-1320x466.jpg 1320w, https:\/\/cparici.com\/wp-content\/uploads\/2026\/03\/Abbaye-de-Hautecombe-600x212.jpg 600w, https:\/\/cparici.com\/wp-content\/uploads\/2026\/03\/Abbaye-de-Hautecombe.jpg 1500w\" sizes=\"(max-width: 577px) 100vw, 577px\" \/><span class=\"blog-item-tag\">Abbaye de Hautecombe<\/span>                        \n                        <div class=\"blog-compact-item-content\">\n                                                        <h3>Abbaye de Hautecombe : histoire, visite et secrets<\/h3>\n                                                        <p>Recherches populaires Categories Pas de r\u00e9sultats Voir tous les r\u00e9sultats Abbaye de Hautecombe : histoire,...                            <\/p>\n                                                    <\/div>\n                    <\/div>\n                <\/a>\n            <\/div>\n\t\t\t<div class=\"col-md-4\">\n                <a href=\"https:\/\/cparici.com\/en\/chambery-guide-complet\/\" class=\"blog-compact-item-container\">\n                    <div class=\"blog-compact-item\">\n                        <img decoding=\"async\" width=\"577\" height=\"204\" src=\"https:\/\/cparici.com\/wp-content\/uploads\/2026\/03\/Chambery-577x204.jpg\" class=\"attachment-listeo-blog-related-post size-listeo-blog-related-post wp-post-image\" alt=\"Chamb\u00e9ry\" srcset=\"https:\/\/cparici.com\/wp-content\/uploads\/2026\/03\/Chambery-577x204.jpg 577w, https:\/\/cparici.com\/wp-content\/uploads\/2026\/03\/Chambery-300x106.jpg 300w, https:\/\/cparici.com\/wp-content\/uploads\/2026\/03\/Chambery-1024x362.jpg 1024w, https:\/\/cparici.com\/wp-content\/uploads\/2026\/03\/Chambery-768x271.jpg 768w, https:\/\/cparici.com\/wp-content\/uploads\/2026\/03\/Chambery-18x6.jpg 18w, https:\/\/cparici.com\/wp-content\/uploads\/2026\/03\/Chambery-590x208.jpg 590w, https:\/\/cparici.com\/wp-content\/uploads\/2026\/03\/Chambery-1200x424.jpg 1200w, https:\/\/cparici.com\/wp-content\/uploads\/2026\/03\/Chambery-1320x466.jpg 1320w, https:\/\/cparici.com\/wp-content\/uploads\/2026\/03\/Chambery-600x212.jpg 600w, https:\/\/cparici.com\/wp-content\/uploads\/2026\/03\/Chambery.jpg 1500w\" sizes=\"(max-width: 577px) 100vw, 577px\" \/><span class=\"blog-item-tag\">Auvergne Rh\u00f4ne Alpes<\/span>                        \n                        <div class=\"blog-compact-item-content\">\n                                                        <h3>Chamb\u00e9ry : guide complet pour visiter la capitale savoyarde<\/h3>\n                                                        <p>Recherches populaires Categories Pas de r\u00e9sultats Voir tous les r\u00e9sultats Chamb\u00e9ry : guide complet pour...                            <\/p>\n                                                    <\/div>\n                    <\/div>\n                <\/a>\n            <\/div>\n  <\/div>\n        <\/div>\n        \t\t\t\t<\/div>\n\t\t\t\t<\/div>\n\t\t\t\t<\/div>\n\t\t<div class=\"elementor-element elementor-element-4412cb8d e-flex e-con-boxed e-con e-parent\" data-id=\"4412cb8d\" data-element_type=\"container\" data-e-type=\"container\">\n\t\t\t\t\t<div class=\"e-con-inner\">\n\t\t<div class=\"elementor-element elementor-element-3d1b40ad e-con-full e-flex e-con e-child\" data-id=\"3d1b40ad\" data-element_type=\"container\" data-e-type=\"container\">\n\t\t\t\t<div class=\"elementor-element elementor-element-e1f437 elementor-widget elementor-widget-text-editor\" data-id=\"e1f437\" data-element_type=\"widget\" data-e-type=\"widget\" data-widget_type=\"text-editor.default\">\n\t\t\t\t\t\t\t\t\t<p>Cet article a \u00e9t\u00e9 r\u00e9dig\u00e9 par Alex Arts,\u00a0<a href=\"https:\/\/alexantoine-photos.weebly.com\/\" target=\"_blank\" rel=\"noopener\">photographe<\/a>,\u00a0<a href=\"https:\/\/www.linkedin.com\/in\/alex-b-arts\/\" target=\"_blank\" rel=\"noopener\">cr\u00e9ateur de contenu<\/a>, et <a href=\"https:\/\/www.google.com\/maps\/contrib\/100986619723712834113\/reviews\/@45.8933481,-4.1449199,6z\/data=!4m3!8m2!3m1!1e1?entry=ttu&g_ep=EgoyMDI1MTIwOS4wIKXMDSoKLDEwMDc5MjA2OUgBUAM%3D\" target=\"_blank\" rel=\"noopener\">guide local de niveau 6 sur Google Maps<\/a><\/p>\t\t\t\t\t\t\t\t<\/div>\n\t\t\t\t<div class=\"elementor-element elementor-element-408dd31 elementor-widget elementor-widget-author-box\" data-id=\"408dd31\" data-element_type=\"widget\" data-e-type=\"widget\" data-widget_type=\"author-box.default\">\n\t\t\t\t\t\t\t<div class=\"elementor-author-box\">\n\t\t\t\t\t\t\t<a href=\"https:\/\/www.linkedin.com\/in\/alex-b-arts\/\" class=\"elementor-author-box__avatar\" target=\"_blank\" rel=\"noopener\">\n\t\t\t\t\t<img decoding=\"async\" src=\"https:\/\/cparici.com\/wp-content\/uploads\/2024\/09\/photo-alex-arts-300x300.jpeg\" alt=\"Picture of Alex Arts\" loading=\"lazy\">\n\t\t\t\t<\/a>\n\t\t\t\n\t\t\t<div class=\"elementor-author-box__text\">\n\t\t\t\t\t\t\t\t\t<a href=\"https:\/\/www.linkedin.com\/in\/alex-b-arts\/\" target=\"_blank\" rel=\"noopener\">\n\t\t\t\t\t\t<h4 class=\"elementor-author-box__name\">\n\t\t\t\t\t\t\tAlex Arts\t\t\t\t\t\t<\/h4>\n\t\t\t\t\t<\/a>\n\t\t\t\t\n\t\t\t\t\t\t\t\t\t<div class=\"elementor-author-box__bio\">\n\t\t\t\t\t\t<p>Photographe, cr\u00e9ateur de contenu et local guide<\/p>\n\t\t\t\t\t<\/div>\n\t\t\t\t\n\t\t\t\t\t\t\t<\/div>\n\t\t<\/div>\n\t\t\t\t\t\t<\/div>\n\t\t\t\t<\/div>\n\t\t\t\t\t<\/div>\n\t\t\t\t<\/div>\n\t\t<div class=\"elementor-element elementor-element-7909f801 e-flex e-con-boxed e-con e-parent\" data-id=\"7909f801\" data-element_type=\"container\" data-e-type=\"container\">\n\t\t\t\t\t<div class=\"e-con-inner\">\n\t\t\t\t<div class=\"elementor-element elementor-element-34fa3a15 elementor-widget elementor-widget-text-editor\" data-id=\"34fa3a15\" data-element_type=\"widget\" data-e-type=\"widget\" data-widget_type=\"text-editor.default\">\n\t\t\t\t\t\t\t\t\t<h3 style=\"text-align: center;\"><strong><span style=\"color: #003366;\">Nos autres articles pour d\u00e9couvrir la Savoie<\/span><\/strong><\/h3><hr \/>\t\t\t\t\t\t\t\t<\/div>\n\t\t<div class=\"elementor-element elementor-element-330f7562 e-grid e-con-full e-con e-child\" data-id=\"330f7562\" data-element_type=\"container\" data-e-type=\"container\">\n\t\t\t\t<div class=\"elementor-element elementor-element-5f33e2db elementor-widget elementor-widget-text-editor\" data-id=\"5f33e2db\" data-element_type=\"widget\" data-e-type=\"widget\" data-widget_type=\"text-editor.default\">\n\t\t\t\t\t\t\t\t\t<p><span style=\"color: #003366;\"><a style=\"color: #003366;\" href=\"https:\/\/cparici.com\/fr\/savoie\/\"><span style=\"font-weight: 400;\">Savoie<\/span><\/a><\/span><\/p><p><span style=\"color: #003366;\"><a style=\"color: #003366;\" href=\"https:\/\/cparici.com\/fr\/que-faire-en-savoie-25-idees-incontournables\/\"><span style=\"font-weight: 400;\">Que faire en Savoie<\/span><\/a><\/span><\/p><p><span style=\"color: #003366;\"><a style=\"color: #003366;\" href=\"https:\/\/cparici.com\/fr\/vendanges-en-savoie-la-route-des-vins-jongieux-lac-bourget\/\"><span style=\"font-weight: 400;\">Vendanges en Savoie<\/span><\/a><\/span><\/p><p><span style=\"color: #003366;\"><a style=\"color: #003366;\" href=\"https:\/\/cparici.com\/fr\/location-de-vacances-savoie\/\"><span style=\"font-weight: 400;\">Location de vacances Savoie<\/span><\/a><\/span><\/p><p><span style=\"color: #003366;\"><a style=\"color: #003366;\" href=\"https:\/\/cparici.com\/fr\/annecy-guide\/\"><span style=\"font-weight: 400;\">Annecy<\/span><\/a><\/span><\/p><p><span style=\"color: #003366;\"><a style=\"color: #003366;\" href=\"https:\/\/cparici.com\/fr\/chartreuse-liqueur-histoire-fabrication\/\"><span style=\"font-weight: 400;\">Chartreuse (alcool et massif)\u00a0<\/span><\/a><\/span><\/p><p><span style=\"color: #003366;\"><a style=\"color: #003366;\" href=\"https:\/\/cparici.com\/fr\/areches-beaufort-guide-complet\/\"><span style=\"font-weight: 400;\">Ar\u00eaches Beaufort<\/span><\/a><\/span><\/p>\t\t\t\t\t\t\t\t<\/div>\n\t\t\t\t<div class=\"elementor-element elementor-element-73914228 elementor-widget elementor-widget-text-editor\" data-id=\"73914228\" data-element_type=\"widget\" data-e-type=\"widget\" data-widget_type=\"text-editor.default\">\n\t\t\t\t\t\t\t\t\t<p><span style=\"color: #003366;\"><a style=\"color: #003366;\" href=\"https:\/\/cparici.com\/fr\/aix-les-bains\/\"><span style=\"font-weight: 400;\">Visiter Aix-les-Bains<\/span><\/a><\/span><\/p><p><span style=\"color: #003366;\"><a style=\"color: #003366;\" href=\"https:\/\/cparici.com\/fr\/cure-thermale-aix-les-bains-le-guide-complet\/\"><span style=\"font-weight: 400;\">Cure thermale Aix-les-Bains<\/span><\/a><\/span><\/p><p><span style=\"color: #003366;\"><a style=\"color: #003366;\" href=\"https:\/\/cparici.com\/fr\/location-de-vacances-aix-les-bains\/\"><span style=\"font-weight: 400;\">Location de vacances Aix-les-Bains<\/span><\/a><\/span><\/p><p><span style=\"color: #003366;\"><a style=\"color: #003366;\" href=\"https:\/\/cparici.com\/fr\/agenda-aix-les-bains-calendrier-complet-des-evenements\/\"><span style=\"font-weight: 400;\">L\u2019Agenda d\u2019Aix les bains<\/span><\/a><span style=\"font-weight: 400;\">\u200b\u00a0 \u00a0<\/span><\/span><\/p><p><a href=\"https:\/\/cparici.com\/fr\/musilac-festival-aix-les-bains\/\"><span style=\"font-weight: 400;\"><span style=\"color: #003366;\">Musilac, le festival des<\/span> <span style=\"color: #003366;\">musiques actuelles<\/span><\/span><\/a><span style=\"font-weight: 400; color: #003366;\">\u00a0<\/span><\/p><p><span style=\"color: #003366;\"><a style=\"color: #003366;\" href=\"https:\/\/cparici.com\/chambery-guide-complet\/\"><span style=\"font-weight: 400;\">Chamb\u00e9ry<\/span><\/a><\/span><\/p>\t\t\t\t\t\t\t\t<\/div>\n\t\t\t\t<div class=\"elementor-element elementor-element-2abb3728 elementor-widget elementor-widget-text-editor\" data-id=\"2abb3728\" data-element_type=\"widget\" data-e-type=\"widget\" data-widget_type=\"text-editor.default\">\n\t\t\t\t\t\t\t\t\t<p><span style=\"color: #003366;\"><a style=\"color: #003366;\" href=\"https:\/\/cparici.com\/fr\/lac-du-bourget\/\"><span style=\"font-weight: 400;\">Lac du Bourget<\/span><\/a><\/span><\/p><p><span style=\"color: #003366;\"><a style=\"color: #003366;\" href=\"https:\/\/cparici.com\/fr\/meteo-lac-du-bourget-previsions\/\"><span style=\"font-weight: 400;\">M\u00e9t\u00e9o au lac du Bourget<\/span><\/a><\/span><\/p><p><span style=\"color: #003366;\"><a style=\"color: #003366;\" href=\"https:\/\/cparici.com\/fr\/les-plus-beaux-points-de-vue-autour-du-lac-du-bourget\/\"><span style=\"font-weight: 400;\">Les plus beaux points de vue autour du Lac\u00a0<\/span><\/a><\/span><\/p><p><span style=\"color: #003366;\"><a style=\"color: #003366;\" href=\"https:\/\/cparici.com\/fr\/abbaye-de-hautecombe\/\"><span style=\"font-weight: 400;\">Abbaye de hautecombe<\/span><\/a><\/span><\/p><p><span style=\"color: #003366;\"><a style=\"color: #003366;\" href=\"https:\/\/cparici.com\/fr\/chanaz-petite-venise-savoyarde\/\"><span style=\"font-weight: 400;\">Chanaz<\/span><\/a><\/span><\/p><p><span style=\"color: #003366;\"><a style=\"color: #003366;\" href=\"https:\/\/cparici.com\/fr\/lac-daiguebelette-le-guide-complet\/\"><span style=\"font-weight: 400;\">Lac d\u2019Aiguebelette<\/span><\/a><\/span><\/p><p><span style=\"color: #003366;\"><a style=\"color: #003366;\" href=\"https:\/\/cparici.com\/fr\/cyclotourisme-lac-du-bourget\/\"><span style=\"font-weight: 400;\">Cyclotourisme autour du Lac du Bourget\u00a0<\/span><\/a><\/span><\/p>\t\t\t\t\t\t\t\t<\/div>\n\t\t\t\t<\/div>\n\t\t\t\t\t<\/div>\n\t\t\t\t<\/div>\n\t\t\t\t<\/div>\n\t\t","protected":false},"excerpt":{"rendered":"<p>Recherches populaires Categories Pas de r\u00e9sultats Voir tous les r\u00e9sultats Musilac : guide complet du festival \u00e0 Aix-les-Bains R\u00e9sum\u00e9 AI Overviews Le festival musilac est un \u00e9v\u00e9nement musical majeur organis\u00e9 chaque \u00e9t\u00e9 \u00e0 Aix-les-Bains, au bord du lac du Bourget. Cr\u00e9\u00e9 en 2002, ce rendez-vous attire aujourd\u2019hui des dizaines de milliers de festivaliers et propose [&hellip;]<\/p>\n","protected":false},"author":97,"featured_media":90005,"comment_status":"closed","ping_status":"closed","sticky":false,"template":"elementor_header_footer","format":"standard","meta":{"ngg_post_thumbnail":0,"footnotes":""},"categories":[477,1398,1359,1167,2680,2681,1397],"tags":[],"class_list":["post-90001","post","type-post","status-publish","format-standard","has-post-thumbnail","hentry","category-france","category-aix-les-bains","category-alpes","category-auvergne-rhone-alpes","category-festival","category-festival-musique","category-savoie"],"_links":{"self":[{"href":"https:\/\/cparici.com\/en\/wp-json\/wp\/v2\/posts\/90001","targetHints":{"allow":["GET"]}}],"collection":[{"href":"https:\/\/cparici.com\/en\/wp-json\/wp\/v2\/posts"}],"about":[{"href":"https:\/\/cparici.com\/en\/wp-json\/wp\/v2\/types\/post"}],"author":[{"embeddable":true,"href":"https:\/\/cparici.com\/en\/wp-json\/wp\/v2\/users\/97"}],"replies":[{"embeddable":true,"href":"https:\/\/cparici.com\/en\/wp-json\/wp\/v2\/comments?post=90001"}],"version-history":[{"count":14,"href":"https:\/\/cparici.com\/en\/wp-json\/wp\/v2\/posts\/90001\/revisions"}],"predecessor-version":[{"id":90252,"href":"https:\/\/cparici.com\/en\/wp-json\/wp\/v2\/posts\/90001\/revisions\/90252"}],"wp:featuredmedia":[{"embeddable":true,"href":"https:\/\/cparici.com\/en\/wp-json\/wp\/v2\/media\/90005"}],"wp:attachment":[{"href":"https:\/\/cparici.com\/en\/wp-json\/wp\/v2\/media?parent=90001"}],"wp:term":[{"taxonomy":"category","embeddable":true,"href":"https:\/\/cparici.com\/en\/wp-json\/wp\/v2\/categories?post=90001"},{"taxonomy":"post_tag","embeddable":true,"href":"https:\/\/cparici.com\/en\/wp-json\/wp\/v2\/tags?post=90001"}],"curies":[{"name":"wp","href":"https:\/\/api.w.org\/{rel}","templated":true}]}}