{"id":11922,"date":"2020-12-02T09:21:21","date_gmt":"2020-12-02T09:21:21","guid":{"rendered":"https:\/\/loclilala-vacances.com\/les-carrelets-a-meschers-sur-gironde\/"},"modified":"2026-01-18T11:30:24","modified_gmt":"2026-01-18T10:30:24","slug":"les-carrelets-de-meschers-sur-gironde","status":"publish","type":"post","link":"https:\/\/cparici.com\/fr\/les-carrelets-de-meschers-sur-gironde\/","title":{"rendered":"Les Carrelets de Meschers : Un Tr\u00e9sor du Littoral Atlantique"},"content":{"rendered":"\t\t<div data-elementor-type=\"wp-post\" data-elementor-id=\"11922\" class=\"elementor elementor-11922\" data-elementor-post-type=\"post\">\n\t\t\t\t<div class=\"elementor-element elementor-element-b7d3784 e-con-full e-flex e-con e-parent\" data-id=\"b7d3784\" data-element_type=\"container\" data-e-type=\"container\">\n\t\t\t\t<div class=\"elementor-element elementor-element-14674f8 elementor-widget elementor-widget-image\" data-id=\"14674f8\" data-element_type=\"widget\" data-e-type=\"widget\" data-widget_type=\"image.default\">\n\t\t\t\t\t\t\t\t\t\t\t\t\t\t\t<img decoding=\"async\" width=\"1600\" height=\"650\" src=\"https:\/\/cparici.com\/wp-content\/uploads\/2020\/12\/carrelets-meschers-sur-gironde.jpg\" class=\"attachment-full size-full wp-image-49752\" alt=\"carrelets meschers sur gironde\" srcset=\"https:\/\/cparici.com\/wp-content\/uploads\/2020\/12\/carrelets-meschers-sur-gironde.jpg 1600w, https:\/\/cparici.com\/wp-content\/uploads\/2020\/12\/carrelets-meschers-sur-gironde-300x122.jpg 300w, https:\/\/cparici.com\/wp-content\/uploads\/2020\/12\/carrelets-meschers-sur-gironde-1024x416.jpg 1024w, https:\/\/cparici.com\/wp-content\/uploads\/2020\/12\/carrelets-meschers-sur-gironde-768x312.jpg 768w, https:\/\/cparici.com\/wp-content\/uploads\/2020\/12\/carrelets-meschers-sur-gironde-1536x624.jpg 1536w, https:\/\/cparici.com\/wp-content\/uploads\/2020\/12\/carrelets-meschers-sur-gironde-590x240.jpg 590w, https:\/\/cparici.com\/wp-content\/uploads\/2020\/12\/carrelets-meschers-sur-gironde-1200x488.jpg 1200w, https:\/\/cparici.com\/wp-content\/uploads\/2020\/12\/carrelets-meschers-sur-gironde-577x234.jpg 577w, https:\/\/cparici.com\/wp-content\/uploads\/2020\/12\/carrelets-meschers-sur-gironde-600x244.jpg 600w\" sizes=\"(max-width: 1600px) 100vw, 1600px\" \/>\t\t\t\t\t\t\t\t\t\t\t\t\t\t\t<\/div>\n\t\t\t\t<\/div>\n\t\t<aside class=\"elementor-element elementor-element-ad4f1f4 e-flex e-con-boxed e-con e-parent\" data-id=\"ad4f1f4\" data-element_type=\"container\" data-e-type=\"container\">\n\t\t\t\t\t<div class=\"e-con-inner\">\n\t\t\t\t<div class=\"elementor-element elementor-element-efc3c8f elementor-widget elementor-widget-global elementor-global-62046 elementor-widget-eael-advanced-search\" data-id=\"efc3c8f\" data-element_type=\"widget\" data-e-type=\"widget\" data-widget_type=\"eael-advanced-search.default\">\n\t\t\t\t\t        <div class=\"eael-adv-search-wrapper\">\n            <div id=\"eael-advanced-search-widget-efc3c8f\" class=\"eael-advanced-search-widget\">\n                <form data-settings=\"{&quot;post_per_page&quot;:5,&quot;search_among_taxonomies&quot;:&quot;&quot;,&quot;search_among_sku&quot;:&quot;no&quot;,&quot;show_popular_keyword&quot;:0,&quot;show_category&quot;:0,&quot;show_content_image&quot;:1,&quot;show_search_result_all_results&quot;:0,&quot;result_on_new_tab&quot;:&quot;no&quot;,&quot;show_product_price&quot;:&quot;no&quot;,&quot;include_current_page&quot;:&quot;no&quot;,&quot;orderby&quot;:&quot;default&quot;,&quot;order&quot;:&quot;DESC&quot;,&quot;current_post_id&quot;:11922,&quot;post_type&quot;:[&quot;post&quot;,&quot;listing&quot;]}\" method=\"POST\" name=\"eael-advanced-search-form-efc3c8f\" class=\"eael-advanced-search-form eael-advanced-search-form-style-2\">\n                    <div class=\"eael-advanced-search-wrap\">\n                        <span class=\"eael-adv-search-loader\"><\/span>\n                        <span class=\"eael-adv-search-close\"><i class=\"fas fa-times\"><\/i><\/span>\n                        <span class=\"icon \"><i class=\"fas fa-search\"><\/i><\/span>\n\n                        <input type=\"text\"\n                               placeholder=\"Votre destination\"\n                               class=\"eael-advanced-search\" autocomplete=\"off\" name=\"eael_advanced_search\">\n                    <\/div>\n\t\t\t\t\t                                    <\/form>\n\n\t\t\t\t\n\t\t\t\t        <div class=\"eael-advanced-search-result\">\n            <div class=\"eael-advanced-search-popular-keyword\">\n\t\t\t\t<h4 class=\"eael-advanced-search-popular-keyword-text\">Recherches populaires<\/h4>                <div class=\"eael-popular-keyword-content\"><\/div>\n            <\/div>\n            <div class=\"eael-advanced-search-category\">\n\t\t\t\t<h4 class=\"eael-advanced-search-category-text\">Categories<\/h4>                <div class=\"eael-popular-category-content\"><\/div>\n            <\/div>\n\t\t\t<div class=\"eael-advanced-search-total-results-section\">\n\t\t\t\t\t\t\t<\/div>\n            <div class=\"eael-advanced-search-content eael-item-style-3\">\n            <\/div>\n            <div class=\"eael-advanced-search-not-found\">\n                <p>Pas de r\u00e9sultats<\/p><\/div>\n            <div class=\"eael-advanced-search-load-more\">\n\t\t\t\t<a \tclass=\"eael-advanced-search-load-more-button\"\n                \thref=\"#\">Voir tous les r\u00e9sultats<\/a>\n            <\/div>\n        <\/div>\n\n\t\t            <\/div>\n        <\/div>\n\n\t\t\t\t\t\t<\/div>\n\t\t\t\t\t<\/div>\n\t\t\t\t<\/aside>\n\t\t<div class=\"elementor-element elementor-element-7ddc8515 e-flex e-con-boxed e-con e-parent\" data-id=\"7ddc8515\" data-element_type=\"container\" data-e-type=\"container\">\n\t\t\t\t\t<div class=\"e-con-inner\">\n\t\t<div class=\"elementor-element elementor-element-5d57bc44 e-con-full e-flex e-con e-child\" data-id=\"5d57bc44\" data-element_type=\"container\" data-e-type=\"container\">\n\t\t\t\t<div class=\"elementor-element elementor-element-25e9c859 elementor-widget elementor-widget-text-editor\" data-id=\"25e9c859\" data-element_type=\"widget\" data-e-type=\"widget\" data-widget_type=\"text-editor.default\">\n\t\t\t\t\t\t\t\t\t<h1 style=\"text-align: center;\"><span style=\"font-size: 18pt;\">Les carrelets de Meschers-sur-Gironde<\/span><\/h1><p style=\"text-align: center;\"><strong>Les carrelets de Meschers-sur-Gironde<\/strong> sont une v\u00e9ritable merveille du littoral atlantique fran\u00e7ais. Ces cabanes de p\u00eache sur pilotis, avec leurs grands filets suspendus, sont embl\u00e9matiques de la r\u00e9gion. Au-del\u00e0 de leur fonction premi\u00e8re, ils sont devenus un symbole du patrimoine maritime et offrent un spectacle pittoresque aux visiteurs.<\/p>\t\t\t\t\t\t\t\t<\/div>\n\t\t<div class=\"elementor-element elementor-element-d038076 e-grid e-con-full e-con e-child\" data-id=\"d038076\" data-element_type=\"container\" data-e-type=\"container\">\n\t\t\t\t<div class=\"elementor-element elementor-element-5df2d0af elementor-widget elementor-widget-google_maps\" data-id=\"5df2d0af\" data-element_type=\"widget\" data-e-type=\"widget\" data-widget_type=\"google_maps.default\">\n\t\t\t\t\t\t\t<div class=\"elementor-custom-embed\">\n\t\t\t<iframe loading=\"lazy\"\n\t\t\t\t\tsrc=\"https:\/\/maps.google.com\/maps?q=meschers&t=m&z=11&output=embed&iwloc=near\"\n\t\t\t\t\ttitle=\"meschers\"\n\t\t\t\t\taria-label=\"meschers\"\n\t\t\t><\/iframe>\n\t\t<\/div>\n\t\t\t\t\t\t<\/div>\n\t\t\t\t<div class=\"elementor-element elementor-element-412f19f elementor-widget elementor-widget-image\" data-id=\"412f19f\" data-element_type=\"widget\" data-e-type=\"widget\" data-widget_type=\"image.default\">\n\t\t\t\t\t\t\t\t\t\t\t\t\t\t\t<img decoding=\"async\" width=\"760\" height=\"468\" src=\"https:\/\/cparici.com\/wp-content\/uploads\/2021\/02\/carrelets-meschers-sur-gironde-1024x630.jpg\" class=\"attachment-large size-large wp-image-38890\" alt=\"location vacances meschers sur gironde\" srcset=\"https:\/\/cparici.com\/wp-content\/uploads\/2021\/02\/carrelets-meschers-sur-gironde-1024x630.jpg 1024w, https:\/\/cparici.com\/wp-content\/uploads\/2021\/02\/carrelets-meschers-sur-gironde-600x369.jpg 600w, https:\/\/cparici.com\/wp-content\/uploads\/2021\/02\/carrelets-meschers-sur-gironde-300x185.jpg 300w, https:\/\/cparici.com\/wp-content\/uploads\/2021\/02\/carrelets-meschers-sur-gironde-768x473.jpg 768w, https:\/\/cparici.com\/wp-content\/uploads\/2021\/02\/carrelets-meschers-sur-gironde-1536x946.jpg 1536w, https:\/\/cparici.com\/wp-content\/uploads\/2021\/02\/carrelets-meschers-sur-gironde.jpg 1600w\" sizes=\"(max-width: 760px) 100vw, 760px\" \/>\t\t\t\t\t\t\t\t\t\t\t\t\t\t\t<\/div>\n\t\t\t\t<\/div>\n\t\t\t\t<\/div>\n\t\t\t\t\t<\/div>\n\t\t\t\t<\/div>\n\t\t<aside class=\"elementor-element elementor-element-708d1485 e-flex e-con-boxed e-con e-parent\" data-id=\"708d1485\" data-element_type=\"container\" data-e-type=\"container\" data-settings=\"{&quot;background_background&quot;:&quot;classic&quot;}\">\n\t\t\t\t\t<div class=\"e-con-inner\">\n\t\t\t\t<div class=\"elementor-element elementor-element-7845d6ab elementor-widget elementor-widget-spacer\" data-id=\"7845d6ab\" data-element_type=\"widget\" data-e-type=\"widget\" data-widget_type=\"spacer.default\">\n\t\t\t\t\t\t\t<div class=\"elementor-spacer\">\n\t\t\t<div class=\"elementor-spacer-inner\"><\/div>\n\t\t<\/div>\n\t\t\t\t\t\t<\/div>\n\t\t\t\t<div class=\"elementor-element elementor-element-3c9fb54f elementor-widget elementor-widget-heading\" data-id=\"3c9fb54f\" data-element_type=\"widget\" data-e-type=\"widget\" data-widget_type=\"heading.default\">\n\t\t\t\t\t<h2 class=\"elementor-heading-title elementor-size-default\">H\u00e9bergements de Vacances Meschers-sur-Gironde en direct<\/h2>\t\t\t\t<\/div>\n\t\t\t\t<div class=\"elementor-element elementor-element-70a0b1fa elementor-widget elementor-widget-listeo-listings-carousel\" data-id=\"70a0b1fa\" data-element_type=\"widget\" data-e-type=\"widget\" data-widget_type=\"listeo-listings-carousel.default\">\n\t\t\t\t<div class=\"elementor-widget-container\">\n\t\t\t\t\t        <!-- Carousel \/ Start -->\n        \t<div class=\"simple-slick-carousel dots-nav\" data-slick='{&quot;autoplay&quot;:true,&quot;autoplaySpeed&quot;:3000,&quot;slidesToShow&quot;:3,&quot;slidesToScroll&quot;:1,&quot;responsive&quot;:[{&quot;breakpoint&quot;:1024,&quot;settings&quot;:{&quot;slidesToShow&quot;:2,&quot;slidesToScroll&quot;:1}},{&quot;breakpoint&quot;:768,&quot;settings&quot;:{&quot;slidesToShow&quot;:1,&quot;slidesToScroll&quot;:1}}]}'>\n                            <div class=\"fw-carousel-item\">                    \n                        <!-- Listing Item -->\r\n            <div class=\"col-lg-6 col-md-12\">\r\n                <a href=\"https:\/\/cparici.com\/fr\/annonce\/cottage-de-lulu-avec-spa\/\"  class=\"listing-item-container listing-geo-data compact\" \r\n\t\tdata-title=\"Cottage de Lulu avec Spa Meschers sur Gironde\"\r\n\t\tdata-listing-type=\"rental\"\r\n\t\tdata-classifieds-price=\"\u20ac\"\r\n\t\tdata-friendly-address=\"300m des Grottes de R\u00e9gulus\"\r\n\t\tdata-address=\"300m des Grottes de R\u00e9gulus\"\r\n\t\tdata-image=\"https:\/\/cparici.com\/wp-content\/uploads\/2025\/12\/spa-du-cottage-de-lulu-location-vacances-meschers-520x397.jpg\"\r\n\t\tdata-longitude=\"-0.9544389999999999\"\r\n\t\tdata-latitude=\"45.554722\"\r\n\t\t\t\t\tdata-rating=\"5\"\r\n\t\t\tdata-reviews=\"12\"\r\n\t\t\t\tdata-icon=\"<svg xmlns=&quot;http:\/\/www.w3.org\/2000\/svg&quot; width=&quot;800px&quot; height=&quot;800px&quot; viewBox=&quot;0 0 45 45&quot; fill=&quot;none&quot;>\n<path d=&quot;M24.155 8.78099L24.33 8.94499L37.402 21.787L36 23.213L34.2 21.445L34.201 35C34.201 36.054 33.385 36.918 32.35 36.994L32.201 37H12.201C11.147 37 10.283 36.184 10.206 35.149L10.201 35L10.2 21.446L8.402 23.213L7 21.787L20.058 8.95799C21.171 7.82199 22.966 7.75899 24.155 8.78099ZM21.569 10.285L21.473 10.372L12.2 19.481L12.201 35L17.2 34.999L17.201 25C17.201 23.946 18.017 23.082 19.052 23.005L19.201 23H25.201C26.255 23 27.119 23.816 27.196 24.851L27.201 25L27.2 34.999L32.201 35L32.2 19.48L22.901 10.344C22.537 9.98699 21.969 9.96499 21.569 10.285ZM25.201 25H19.201L19.2 34.999H25.2L25.201 25Z&quot; fill=&quot;#3C3C3C&quot;\/>\n<\/svg>\"\r\n\r\n\t>\r\n            <div class=\"listing-item  \">\r\n                <div class=\"listing-small-badges-container\">\r\n                                                                <div class=\"listing-small-badge pricing-badge\"><i class=\"fa fa-tag\"><\/i>85,00\u20ac - 150,00\u20ac<\/div>\r\n                                                            \r\n                                        \r\n                                        \r\n                <\/div>\r\n                <img decoding=\"async\" src=\"https:\/\/cparici.com\/wp-content\/uploads\/2025\/12\/spa-du-cottage-de-lulu-location-vacances-meschers-520x397.jpg\" alt=\"Cottage de Lulu avec Spa Meschers sur Gironde\" class=\"listing-thumbnail\">\r\n                \r\n\r\n                <div class=\"listing-item-content\">\r\n                                                <div class=\"numerical-rating\" data-rating=\"5.0\"><\/div>\r\n                    \r\n                    <h3> Cottage de Lulu avec Spa Meschers sur Gironde <\/h3>\r\n                    <span>300m des Grottes de R\u00e9gulus<\/span>\r\n                <\/div>\r\n                                        <span class=\"save like-icon tooltip left\" title=\"Connexion pour marquer des \u00e9l\u00e9ments\"><\/span>\r\n                                                <\/div>\r\n        <\/a>\r\n                    <\/div>\r\n        \r\n\r\n        <!-- Listing Item \/ End -->\n                    <\/div>\n                                      <div class=\"fw-carousel-item\">                    \n                        <!-- Listing Item -->\r\n            <div class=\"col-lg-6 col-md-12\">\r\n                <a href=\"https:\/\/cparici.com\/fr\/annonce\/villa-lucas-2-7-piscine-spa\/\"  class=\"listing-item-container listing-geo-data compact\" \r\n\t\tdata-title=\"Villa Lucas 2-7 Piscine-spa, Meschers sur Gironde\"\r\n\t\tdata-listing-type=\"rental\"\r\n\t\tdata-classifieds-price=\"\u20ac\"\r\n\t\tdata-friendly-address=\"Boulevard de la Falaise\"\r\n\t\tdata-address=\"Boulevard de la Falaise\"\r\n\t\tdata-image=\"https:\/\/cparici.com\/wp-content\/uploads\/2025\/01\/20200519_141942_01-1-edit-20230321171015-520x397.jpg\"\r\n\t\tdata-longitude=\"-0.9543354999999999\"\r\n\t\tdata-latitude=\"45.5547399\"\r\n\t\t\t\t\tdata-rating=\"5\"\r\n\t\t\tdata-reviews=\"12\"\r\n\t\t\t\tdata-icon=\"<svg xmlns=&quot;http:\/\/www.w3.org\/2000\/svg&quot; width=&quot;800px&quot; height=&quot;800px&quot; viewBox=&quot;0 0 45 45&quot; fill=&quot;none&quot;>\n<path d=&quot;M24.155 8.78099L24.33 8.94499L37.402 21.787L36 23.213L34.2 21.445L34.201 35C34.201 36.054 33.385 36.918 32.35 36.994L32.201 37H12.201C11.147 37 10.283 36.184 10.206 35.149L10.201 35L10.2 21.446L8.402 23.213L7 21.787L20.058 8.95799C21.171 7.82199 22.966 7.75899 24.155 8.78099ZM21.569 10.285L21.473 10.372L12.2 19.481L12.201 35L17.2 34.999L17.201 25C17.201 23.946 18.017 23.082 19.052 23.005L19.201 23H25.201C26.255 23 27.119 23.816 27.196 24.851L27.201 25L27.2 34.999L32.201 35L32.2 19.48L22.901 10.344C22.537 9.98699 21.969 9.96499 21.569 10.285ZM25.201 25H19.201L19.2 34.999H25.2L25.201 25Z&quot; fill=&quot;#3C3C3C&quot;\/>\n<\/svg>\"\r\n\r\n\t>\r\n            <div class=\"listing-item  \">\r\n                <div class=\"listing-small-badges-container\">\r\n                                                                <div class=\"listing-small-badge pricing-badge\"><i class=\"fa fa-tag\"><\/i>370,00\u20ac - 370,00\u20ac<\/div>\r\n                                                            \r\n                                        \r\n                                        \r\n                <\/div>\r\n                <img decoding=\"async\" src=\"https:\/\/cparici.com\/wp-content\/uploads\/2025\/01\/20200519_141942_01-1-edit-20230321171015-520x397.jpg\" alt=\"Villa Lucas 2-7 Piscine-spa, Meschers sur Gironde\" class=\"listing-thumbnail\">\r\n                \r\n\r\n                <div class=\"listing-item-content\">\r\n                                                <div class=\"numerical-rating\" data-rating=\"5.0\"><\/div>\r\n                    \r\n                    <h3> Villa Lucas 2-7 Piscine-spa, Meschers sur Gironde <\/h3>\r\n                    <span>Boulevard de la Falaise<\/span>\r\n                <\/div>\r\n                                        <span class=\"save like-icon tooltip left\" title=\"Connexion pour marquer des \u00e9l\u00e9ments\"><\/span>\r\n                                                <\/div>\r\n        <\/a>\r\n                    <\/div>\r\n        \r\n\r\n        <!-- Listing Item \/ End -->\n                    <\/div>\n                          <\/div>\n        \t\t\t\t<\/div>\n\t\t\t\t<\/div>\n\t\t\t\t\t<\/div>\n\t\t\t\t<\/aside>\n\t\t<div class=\"elementor-element elementor-element-eca5c99 e-flex e-con-boxed e-con e-parent\" data-id=\"eca5c99\" data-element_type=\"container\" data-e-type=\"container\">\n\t\t\t\t\t<div class=\"e-con-inner\">\n\t\t<div class=\"elementor-element elementor-element-a0f9320 e-con-full e-flex e-con e-child\" data-id=\"a0f9320\" data-element_type=\"container\" data-e-type=\"container\">\n\t\t<div class=\"elementor-element elementor-element-c8636a1 e-con-full e-flex e-con e-child\" data-id=\"c8636a1\" data-element_type=\"container\" data-e-type=\"container\">\n\t\t\t\t<div class=\"elementor-element elementor-element-adf3a6f elementor-widget elementor-widget-text-editor\" data-id=\"adf3a6f\" data-element_type=\"widget\" data-e-type=\"widget\" data-widget_type=\"text-editor.default\">\n\t\t\t\t\t\t\t\t\t<h2 style=\"text-align: center;\"><strong>Description des Carrelets de Meschers<\/strong><\/h2>\t\t\t\t\t\t\t\t<\/div>\n\t\t<div class=\"elementor-element elementor-element-946a49e e-grid e-con-full e-con e-child\" data-id=\"946a49e\" data-element_type=\"container\" data-e-type=\"container\">\n\t\t\t\t<div class=\"elementor-element elementor-element-29f7542 elementor-widget elementor-widget-text-editor\" data-id=\"29f7542\" data-element_type=\"widget\" data-e-type=\"widget\" data-widget_type=\"text-editor.default\">\n\t\t\t\t\t\t\t\t\t<h3><strong>Origine et Histoire des Carrelets<\/strong><\/h3><p style=\"text-align: left;\">Les carrelets trouvent leurs origines dans les traditions de p\u00eache locale. Historiquement, ils \u00e9taient utilis\u00e9s par les p\u00eacheurs pour capturer les poissons attir\u00e9s par les mar\u00e9es. Ces structures, datant pour certaines du XIXe si\u00e8cle, sont devenues des \u00e9l\u00e9ments indissociables du paysage c\u00f4tier de Meschers.<\/p>\t\t\t\t\t\t\t\t<\/div>\n\t\t\t\t<div class=\"elementor-element elementor-element-9e3e384 elementor-widget elementor-widget-text-editor\" data-id=\"9e3e384\" data-element_type=\"widget\" data-e-type=\"widget\" data-widget_type=\"text-editor.default\">\n\t\t\t\t\t\t\t\t\t<h3><strong>Structure et Fonctionnement<\/strong><\/h3><p>Un carrelet est constitu\u00e9 d\u2019une cabane en bois mont\u00e9e sur pilotis, souvent reli\u00e9e \u00e0 la terre par une passerelle. Le filet, appel\u00e9 \u201ccarrelet\u201d, est tendu horizontalement et immerg\u00e9 \u00e0 mar\u00e9e haute. Lors de la mar\u00e9e descendante, le filet est relev\u00e9, emprisonnant les poissons et les crustac\u00e9s. Cette technique de p\u00eache douce respecte l\u2019\u00e9cosyst\u00e8me marin.<\/p>\t\t\t\t\t\t\t\t<\/div>\n\t\t\t\t<\/div>\n\t\t\t\t<\/div>\n\t\t<div class=\"elementor-element elementor-element-81204e0 e-con-full e-flex e-con e-child\" data-id=\"81204e0\" data-element_type=\"container\" data-e-type=\"container\">\n\t\t\t\t<div class=\"elementor-element elementor-element-ab1f13e elementor-widget elementor-widget-text-editor\" data-id=\"ab1f13e\" data-element_type=\"widget\" data-e-type=\"widget\" data-widget_type=\"text-editor.default\">\n\t\t\t\t\t\t\t\t\t<h2><strong>Situation G\u00e9ographique des Carrelets<\/strong><\/h2><h3><strong>La C\u00f4te Atlantique et l\u2019Estuaire de la Gironde<\/strong><\/h3><p>Meschers-sur-Gironde est situ\u00e9e sur la rive droite de l\u2019<a href=\"https:\/\/cparici.com\/estuaire-de-la-gironde-en-france\/\">estuaire de la Gironde<\/a>, l\u00e0 o\u00f9 le fleuve rencontre l\u2019oc\u00e9an Atlantique. Cette situation g\u00e9ographique unique conf\u00e8re aux carrelets un cadre naturel exceptionnel, entre mer et falaises.<\/p><h3><strong>Les Plages de Meschers-sur-Gironde<\/strong><\/h3><p>Les plages de Meschers, comme celles des Vergnes et de <a href=\"https:\/\/cparici.com\/plage-de-suzac-a-meschers-en-charente-maritime\/\">Suzac<\/a>, offrent des panoramas magnifiques o\u00f9 les carrelets se d\u00e9tachent sur l\u2019horizon. Ces plages sont id\u00e9ales pour une promenade tout en admirant ces constructions traditionnelles.<\/p>\t\t\t\t\t\t\t\t<\/div>\n\t\t\t\t<div class=\"elementor-element elementor-element-dcf03d4 elementor-widget elementor-widget-text-editor\" data-id=\"dcf03d4\" data-element_type=\"widget\" data-e-type=\"widget\" data-widget_type=\"text-editor.default\">\n\t\t\t\t\t\t\t\t\t<h2><strong>R\u00e9gulations et Interdictions concernant les Carrelets Meschers<\/strong><\/h2>\n<h3><strong>R\u00e9gulations Locales<\/strong><\/h3>\n<p>Les carrelets de Meschers sont soumis \u00e0 des r\u00e9gulations strictes pour leur construction et leur utilisation. Seuls les propri\u00e9taires titulaires d\u2019une concession d\u00e9livr\u00e9e par la municipalit\u00e9 peuvent exploiter ces installations. Cela permet de pr\u00e9server le caract\u00e8re authentique et traditionnel des carrelets.<\/p>\n<h3><strong>R\u00e9gulations Environnementales<\/strong><\/h3>\n<p>Les carrelets doivent \u00e9galement respecter les normes environnementales en vigueur. Leur impact sur l\u2019\u00e9cosyst\u00e8me marin est surveill\u00e9, et des mesures sont prises pour garantir une p\u00eache durable et respectueuse de l\u2019environnement.<\/p>\t\t\t\t\t\t\t\t<\/div>\n\t\t\t\t<\/div>\n\t\t<div class=\"elementor-element elementor-element-ed031f3 e-con-full e-flex e-con e-child\" data-id=\"ed031f3\" data-element_type=\"container\" data-e-type=\"container\">\n\t\t<div class=\"elementor-element elementor-element-6b0226b e-grid e-con-full e-con e-child\" data-id=\"6b0226b\" data-element_type=\"container\" data-e-type=\"container\">\n\t\t\t\t<div class=\"elementor-element elementor-element-c20dce8 elementor-widget elementor-widget-image\" data-id=\"c20dce8\" data-element_type=\"widget\" data-e-type=\"widget\" data-widget_type=\"image.default\">\n\t\t\t\t\t\t\t\t\t\t\t\t\t\t\t<img decoding=\"async\" width=\"683\" height=\"1024\" src=\"https:\/\/cparici.com\/wp-content\/uploads\/2020\/12\/carelet-meschers-sur-gironde-683x1024.jpg\" class=\"attachment-large size-large wp-image-40269\" alt=\"\" srcset=\"https:\/\/cparici.com\/wp-content\/uploads\/2020\/12\/carelet-meschers-sur-gironde-683x1024.jpg 683w, https:\/\/cparici.com\/wp-content\/uploads\/2020\/12\/carelet-meschers-sur-gironde-600x900.jpg 600w, https:\/\/cparici.com\/wp-content\/uploads\/2020\/12\/carelet-meschers-sur-gironde-200x300.jpg 200w, https:\/\/cparici.com\/wp-content\/uploads\/2020\/12\/carelet-meschers-sur-gironde-768x1152.jpg 768w, https:\/\/cparici.com\/wp-content\/uploads\/2020\/12\/carelet-meschers-sur-gironde.jpg 900w\" sizes=\"(max-width: 683px) 100vw, 683px\">\t\t\t\t\t\t\t\t\t\t\t\t\t\t\t<\/div>\n\t\t\t\t<div class=\"elementor-element elementor-element-59bf8fe elementor-widget elementor-widget-image\" data-id=\"59bf8fe\" data-element_type=\"widget\" data-e-type=\"widget\" data-widget_type=\"image.default\">\n\t\t\t\t\t\t\t\t\t\t\t\t\t\t\t<img decoding=\"async\" width=\"720\" height=\"480\" src=\"https:\/\/cparici.com\/wp-content\/uploads\/2020\/12\/location-saisonniere-meschers-sur-gironde-proche-plage.jpg\" class=\"attachment-large size-large wp-image-40266\" alt=\"carrelets de meschers sur gironde\" srcset=\"https:\/\/cparici.com\/wp-content\/uploads\/2020\/12\/location-saisonniere-meschers-sur-gironde-proche-plage.jpg 720w, https:\/\/cparici.com\/wp-content\/uploads\/2020\/12\/location-saisonniere-meschers-sur-gironde-proche-plage-600x400.jpg 600w, https:\/\/cparici.com\/wp-content\/uploads\/2020\/12\/location-saisonniere-meschers-sur-gironde-proche-plage-300x200.jpg 300w, https:\/\/cparici.com\/wp-content\/uploads\/2020\/12\/location-saisonniere-meschers-sur-gironde-proche-plage-240x160.jpg 240w\" sizes=\"(max-width: 720px) 100vw, 720px\" \/>\t\t\t\t\t\t\t\t\t\t\t\t\t\t\t<\/div>\n\t\t\t\t<\/div>\n\t\t\t\t<\/div>\n\t\t\t\t<div class=\"elementor-element elementor-element-4877d3a elementor-widget elementor-widget-text-editor\" data-id=\"4877d3a\" data-element_type=\"widget\" data-e-type=\"widget\" data-widget_type=\"text-editor.default\">\n\t\t\t\t\t\t\t\t\t<h2><strong>O\u00f9 Voir des Carrelets \u00e0 Meschers<\/strong><\/h2><h3><strong>Les Plages des Vergnes et de Suzac<\/strong><\/h3><p>Ces plages sont parmi les meilleurs endroits pour admirer les carrelets. Situ\u00e9es dans un cadre naturel pr\u00e9serv\u00e9, elles offrent une vue imprenable sur les cabanes de p\u00eache et l\u2019horizon marin.<\/p><h3><strong>Le Port de Meschers<\/strong><\/h3><p><a href=\"https:\/\/cparici.com\/port-de-meschers-sur-gironde\/\">Le port<\/a> de Meschers est un autre lieu embl\u00e9matique o\u00f9 l\u2019on peut observer les carrelets. Ce port de plaisance est non seulement un centre d\u2019activit\u00e9 nautique, mais aussi un endroit pittoresque pour d\u00e9couvrir les traditions de p\u00eache locales.<\/p><h3><strong>Les Falaises des Grottes de R\u00e9gulus<\/strong><\/h3><p>Les falaises de Meschers, notamment les <a href=\"https:\/\/cparici.com\/grottes-de-regulus-meschers-sur-gironde\/\">Grottes de R\u00e9gulus<\/a>, sont connues pour leurs vues spectaculaires sur l\u2019estuaire de la Gironde et les carrelets. Ces grottes, creus\u00e9es dans le calcaire, offrent un point de vue unique sur ces cabanes de p\u00eache.<\/p>\t\t\t\t\t\t\t\t<\/div>\n\t\t\t\t<div class=\"elementor-element elementor-element-5d7eee9 elementor-widget elementor-widget-text-editor\" data-id=\"5d7eee9\" data-element_type=\"widget\" data-e-type=\"widget\" data-widget_type=\"text-editor.default\">\n\t\t\t\t\t\t\t\t\t<h2><strong>Sites Touristiques \u00e0 Proximit\u00e9 des Carrelets Meschers<\/strong><\/h2><h3><strong>Les Grottes de Matata<\/strong><\/h3><p>Ces grottes troglodytiques sont une attraction incontournable \u00e0 Meschers. Elles offrent une perspective fascinante sur l\u2019histoire locale et permettent de d\u00e9couvrir la vie des p\u00eacheurs d\u2019autrefois.<\/p><h3><strong>Le Phare de Cordouan<\/strong><\/h3><p>Situ\u00e9 \u00e0 l\u2019embouchure de la Gironde, le <a href=\"https:\/\/cparici.com\/phare-de-cordouan\/\">phare de Cordouan<\/a> est souvent surnomm\u00e9 le \u201croi des phares\u201d. Il est le plus ancien phare de France encore en activit\u00e9 et constitue une excursion fascinante pour les visiteurs.<\/p><h3><strong>Le Parc de l\u2019Estuaire<\/strong><\/h3><p>Ce parc naturel offre des sentiers de randonn\u00e9e avec des vues imprenables sur l\u2019estuaire de la Gironde et les carrelets. Il propose \u00e9galement des activit\u00e9s \u00e9ducatives pour sensibiliser le public \u00e0 la protection de l\u2019environnement.<\/p><h3><strong>Les Plages de Royan<\/strong><\/h3><p>Non loin de Meschers, Royan offre de magnifiques plages et une ambiance baln\u00e9aire agr\u00e9able. C\u2019est une destination id\u00e9ale pour une journ\u00e9e de d\u00e9tente en bord de mer, tout en profitant des charmes de la c\u00f4te atlantique.<\/p>\t\t\t\t\t\t\t\t<\/div>\n\t\t\t\t<div class=\"elementor-element elementor-element-1a4f641 elementor-widget elementor-widget-text-editor\" data-id=\"1a4f641\" data-element_type=\"widget\" data-e-type=\"widget\" data-widget_type=\"text-editor.default\">\n\t\t\t\t\t\t\t\t\t<h2><strong>FAQ sur les Carrelets de Meschers<\/strong><\/h2><h3><strong>Qu\u2019est-ce qu\u2019un carrelet et \u00e0 quoi sert-il?<\/strong><\/h3><p>Un carrelet est une cabane de p\u00eache sur pilotis, \u00e9quip\u00e9e d\u2019un grand filet carr\u00e9. Il est utilis\u00e9 pour capturer les poissons lors des mar\u00e9es descendantes.<\/p><h3><strong>Peut-on louer un carrelet \u00e0 Meschers?<\/strong><\/h3><p>Oui, certains carrelets peuvent \u00eatre lou\u00e9s pour une journ\u00e9e ou une soir\u00e9e, offrant une exp\u00e9rience unique de p\u00eache et de d\u00e9tente au bord de l\u2019eau.<\/p><h3><strong>Les carrelets sont-ils accessibles toute l\u2019ann\u00e9e?<\/strong><\/h3><p>Les carrelets sont g\u00e9n\u00e9ralement accessibles toute l\u2019ann\u00e9e, mais leur utilisation peut \u00eatre limit\u00e9e par les conditions m\u00e9t\u00e9orologiques et les mar\u00e9es.<\/p><h3><strong>Comment se rendre \u00e0 Meschers-sur-Gironde?<\/strong><\/h3><p>Meschers est accessible en voiture, via la D25, ou en train jusqu\u2019\u00e0 Royan, puis en bus ou taxi. L\u2019a\u00e9roport le plus proche est celui de Bordeaux.<\/p><h3><strong>Quelles sont les activit\u00e9s disponibles autour des carrelets?<\/strong><\/h3><p>Outre la p\u00eache, vous pouvez faire des randonn\u00e9es, visiter les grottes troglodytiques, explorer les plages, et profiter des paysages magnifiques de l\u2019estuaire de la Gironde.<\/p><h3><strong>Quelle est la meilleure p\u00e9riode pour visiter les carrelets?<\/strong><\/h3><p>La meilleure p\u00e9riode pour visiter les carrelets est de mai \u00e0 septembre, lorsque le temps est agr\u00e9able et que les activit\u00e9s nautiques sont en plein essor.<\/p><p><strong>Conclusion<\/strong><\/p><p>Les carrelets de Meschers-sur-Gironde sont bien plus que de simples cabanes de p\u00eache. Ils repr\u00e9sentent un h\u00e9ritage culturel et naturel pr\u00e9cieux, ancr\u00e9 dans le paysage magnifique de la c\u00f4te atlantique fran\u00e7aise. Que ce soit pour une visite \u00e9ducative ou une simple promenade contemplative, les carrelets offrent une exp\u00e9rience unique et m\u00e9morable.<\/p>\t\t\t\t\t\t\t\t<\/div>\n\t\t\t\t<\/div>\n\t\t\t\t\t<\/div>\n\t\t\t\t<\/div>\n\t\t<div class=\"elementor-element elementor-element-7252855 e-flex e-con-boxed e-con e-parent\" data-id=\"7252855\" data-element_type=\"container\" data-e-type=\"container\">\n\t\t\t\t\t<div class=\"e-con-inner\">\n\t\t\t\t<div class=\"elementor-element elementor-element-47859a6 elementor-widget elementor-widget-shortcode\" data-id=\"47859a6\" data-element_type=\"widget\" data-e-type=\"widget\" data-widget_type=\"shortcode.default\">\n\t\t\t\t\t\t\t<div class=\"elementor-shortcode\">ngg_shortcode_0_placeholder<\/div>\n\t\t\t\t\t\t<\/div>\n\t\t\t\t\t<\/div>\n\t\t\t\t<\/div>\n\t\t<div class=\"elementor-element elementor-element-6fc2d99c e-flex e-con-boxed e-con e-parent\" data-id=\"6fc2d99c\" data-element_type=\"container\" data-e-type=\"container\">\n\t\t\t\t\t<div class=\"e-con-inner\">\n\t\t<div class=\"elementor-element elementor-element-e5f1b26 e-con-full e-flex e-con e-child\" data-id=\"e5f1b26\" data-element_type=\"container\" data-e-type=\"container\">\n\t\t\t\t<div class=\"elementor-element elementor-element-8de18c2 elementor-widget elementor-widget-text-editor\" data-id=\"8de18c2\" data-element_type=\"widget\" data-e-type=\"widget\" data-widget_type=\"text-editor.default\">\n\t\t\t\t\t\t\t\t\t<p>Cet article a \u00e9t\u00e9 r\u00e9dig\u00e9 par Alex Arts,\u00a0<a href=\"https:\/\/alexantoine-photos.weebly.com\/\" target=\"_blank\" rel=\"noopener\">photographe<\/a>,\u00a0<a href=\"https:\/\/www.linkedin.com\/in\/alex-b-arts\/\" target=\"_blank\" rel=\"noopener\">cr\u00e9ateur de contenu<\/a>, et guide local.<\/p>\t\t\t\t\t\t\t\t<\/div>\n\t\t\t\t<div class=\"elementor-element elementor-element-66064253 elementor-widget elementor-widget-author-box\" data-id=\"66064253\" data-element_type=\"widget\" data-e-type=\"widget\" data-widget_type=\"author-box.default\">\n\t\t\t\t\t\t\t<div class=\"elementor-author-box\">\n\t\t\t\t\t\t\t<a href=\"https:\/\/www.linkedin.com\/in\/alex-b-arts\/\" class=\"elementor-author-box__avatar\" target=\"_blank\" rel=\"noopener\">\n\t\t\t\t\t<img decoding=\"async\" src=\"https:\/\/cparici.com\/wp-content\/uploads\/2024\/09\/photo-alex-arts-300x300.jpeg\" alt=\"Image de Alex Arts\" loading=\"lazy\">\n\t\t\t\t<\/a>\n\t\t\t\n\t\t\t<div class=\"elementor-author-box__text\">\n\t\t\t\t\t\t\t\t\t<a href=\"https:\/\/www.linkedin.com\/in\/alex-b-arts\/\" target=\"_blank\" rel=\"noopener\">\n\t\t\t\t\t\t<h4 class=\"elementor-author-box__name\">\n\t\t\t\t\t\t\tAlex Arts\t\t\t\t\t\t<\/h4>\n\t\t\t\t\t<\/a>\n\t\t\t\t\n\t\t\t\t\t\t\t\t\t<div class=\"elementor-author-box__bio\">\n\t\t\t\t\t\t<p>Photographe, cr\u00e9ateur de contenu et local guide<\/p>\n\t\t\t\t\t<\/div>\n\t\t\t\t\n\t\t\t\t\t\t\t<\/div>\n\t\t<\/div>\n\t\t\t\t\t\t<\/div>\n\t\t\t\t<\/div>\n\t\t\t\t\t<\/div>\n\t\t\t\t<\/div>\n\t\t<div class=\"elementor-element elementor-element-ca68851 e-flex e-con-boxed e-con e-parent\" data-id=\"ca68851\" data-element_type=\"container\" data-e-type=\"container\">\n\t\t\t\t\t<div class=\"e-con-inner\">\n\t\t\t\t<div class=\"elementor-element elementor-element-16bf41e elementor-widget elementor-widget-text-editor\" data-id=\"16bf41e\" data-element_type=\"widget\" data-e-type=\"widget\" data-widget_type=\"text-editor.default\">\n\t\t\t\t\t\t\t\t\t<h3>Articles similaires<\/h3>\t\t\t\t\t\t\t\t<\/div>\n\t\t\t\t\t<\/div>\n\t\t\t\t<\/div>\n\t\t<div class=\"elementor-element elementor-element-1a0f391 e-flex e-con-boxed e-con e-parent\" data-id=\"1a0f391\" data-element_type=\"container\" data-e-type=\"container\">\n\t\t\t\t\t<div class=\"e-con-inner\">\n\t\t\t\t<div class=\"elementor-element elementor-element-abb0b05 elementor-widget elementor-widget-listeo-posts-grid\" data-id=\"abb0b05\" data-element_type=\"widget\" data-e-type=\"widget\" data-widget_type=\"listeo-posts-grid.default\">\n\t\t\t\t<div class=\"elementor-widget-container\">\n\t\t\t\t\t\t\t\n\t\t<div class=\"listeo-post-grid-wrapper\">\n\t\t\t<div class=\"row\">\n\n\t\t\t\n\n\t\t\t\t\t\t\t<div class=\"col-md-4\">\n                <a href=\"https:\/\/cparici.com\/fr\/plage-des-vergnes-a-meschers\/\" class=\"blog-compact-item-container\">\n                    <div class=\"blog-compact-item\">\n                        <img decoding=\"async\" width=\"577\" height=\"181\" src=\"https:\/\/cparici.com\/wp-content\/uploads\/2021\/04\/plage-des-vergnes-banniere.jpg\" class=\"attachment-listeo-blog-related-post size-listeo-blog-related-post wp-post-image\" alt=\"plage des vergnes a Meschers\" srcset=\"https:\/\/cparici.com\/wp-content\/uploads\/2021\/04\/plage-des-vergnes-banniere.jpg 1521w, https:\/\/cparici.com\/wp-content\/uploads\/2021\/04\/plage-des-vergnes-banniere-600x188.jpg 600w, https:\/\/cparici.com\/wp-content\/uploads\/2021\/04\/plage-des-vergnes-banniere-768x241.jpg 768w\" sizes=\"(max-width: 577px) 100vw, 577px\" \/><span class=\"blog-item-tag\">Charente maritime<\/span>                        \n                        <div class=\"blog-compact-item-content\">\n                                                        <h3>Plage des Vergnes a Meschers en Charente maritime<\/h3>\n                                                        <p>La plage des nonnes est une des plages les plus connues de Meschers. Elle est...                            <\/p>\n                                                    <\/div>\n                    <\/div>\n                <\/a>\n            <\/div>\n\t\t\t<div class=\"col-md-4\">\n                <a href=\"https:\/\/cparici.com\/fr\/plage-de-foncillon-a-royan\/\" class=\"blog-compact-item-container\">\n                    <div class=\"blog-compact-item\">\n                        <img decoding=\"async\" width=\"577\" height=\"223\" src=\"https:\/\/cparici.com\/wp-content\/uploads\/2021\/05\/plage-de-Foncillon-banniere.jpg\" class=\"attachment-listeo-blog-related-post size-listeo-blog-related-post wp-post-image\" alt=\"plage de Foncillon\" srcset=\"https:\/\/cparici.com\/wp-content\/uploads\/2021\/05\/plage-de-Foncillon-banniere.jpg 1521w, https:\/\/cparici.com\/wp-content\/uploads\/2021\/05\/plage-de-Foncillon-banniere-600x231.jpg 600w, https:\/\/cparici.com\/wp-content\/uploads\/2021\/05\/plage-de-Foncillon-banniere-768x296.jpg 768w\" sizes=\"(max-width: 577px) 100vw, 577px\" \/><span class=\"blog-item-tag\">Charente maritime<\/span>                        \n                        <div class=\"blog-compact-item-content\">\n                                                        <h3>Plage de Foncillon a Royan<\/h3>\n                                                        <p>La plage de Foncillon a Royan est une plage de sable fin familiale tr\u00e8s fr\u00e9quent\u00e9e,...                            <\/p>\n                                                    <\/div>\n                    <\/div>\n                <\/a>\n            <\/div>\n\t\t\t<div class=\"col-md-4\">\n                <a href=\"https:\/\/cparici.com\/fr\/plage-de-larneche-a-meschers-en-charente-maritime\/\" class=\"blog-compact-item-container\">\n                    <div class=\"blog-compact-item\">\n                        <img decoding=\"async\" width=\"577\" height=\"204\" src=\"https:\/\/cparici.com\/wp-content\/uploads\/2021\/04\/plage-de-larneche-banniere.jpg\" class=\"attachment-listeo-blog-related-post size-listeo-blog-related-post wp-post-image\" alt=\"Plage de l&#039;Arn\u00e8che a Meschers\" srcset=\"https:\/\/cparici.com\/wp-content\/uploads\/2021\/04\/plage-de-larneche-banniere.jpg 1521w, https:\/\/cparici.com\/wp-content\/uploads\/2021\/04\/plage-de-larneche-banniere-600x212.jpg 600w, https:\/\/cparici.com\/wp-content\/uploads\/2021\/04\/plage-de-larneche-banniere-768x271.jpg 768w\" sizes=\"(max-width: 577px) 100vw, 577px\" \/><span class=\"blog-item-tag\">Charente maritime<\/span>                        \n                        <div class=\"blog-compact-item-content\">\n                                                        <h3>Plage de l\u2019Arn\u00e8che a Meschers en Charente maritime<\/h3>\n                                                        <p>La plage de l'Arneche est une petite plage m\u00e9connue de Meschers sur Gironde...                            <\/p>\n                                                    <\/div>\n                    <\/div>\n                <\/a>\n            <\/div>\n  <\/div>\n        <\/div>\n        \t\t\t\t<\/div>\n\t\t\t\t<\/div>\n\t\t\t\t\t<\/div>\n\t\t\t\t<\/div>\n\t\t\t\t<\/div>\n\t\t","protected":false},"excerpt":{"rendered":"<p>Cabanes de p\u00eacheurs \u00e0 Meschers sur Gironde &#8211; D\u00e9couvrez les c\u00e9l\u00e8bres cabanes de p\u00eacheurs \u00e0 Meschers, et profitez de la vue sur la mer sur la Gironde<\/p>\n","protected":false},"author":1,"featured_media":11828,"comment_status":"closed","ping_status":"closed","sticky":false,"template":"","format":"image","meta":{"ngg_post_thumbnail":0,"footnotes":""},"categories":[459,477],"tags":[162,189,159,218,219,190],"class_list":["post-11922","post","type-post","status-publish","format-image","has-post-thumbnail","hentry","category-meschers-sur-gironde","category-france","tag-culturel","tag-meschers","tag-royan","tag-st-georges-de-didonne","tag-st-palais-sur-mer","tag-talmont","post_format-post-format-image"],"_links":{"self":[{"href":"https:\/\/cparici.com\/fr\/wp-json\/wp\/v2\/posts\/11922","targetHints":{"allow":["GET"]}}],"collection":[{"href":"https:\/\/cparici.com\/fr\/wp-json\/wp\/v2\/posts"}],"about":[{"href":"https:\/\/cparici.com\/fr\/wp-json\/wp\/v2\/types\/post"}],"author":[{"embeddable":true,"href":"https:\/\/cparici.com\/fr\/wp-json\/wp\/v2\/users\/1"}],"replies":[{"embeddable":true,"href":"https:\/\/cparici.com\/fr\/wp-json\/wp\/v2\/comments?post=11922"}],"version-history":[{"count":0,"href":"https:\/\/cparici.com\/fr\/wp-json\/wp\/v2\/posts\/11922\/revisions"}],"wp:featuredmedia":[{"embeddable":true,"href":"https:\/\/cparici.com\/fr\/wp-json\/wp\/v2\/media\/11828"}],"wp:attachment":[{"href":"https:\/\/cparici.com\/fr\/wp-json\/wp\/v2\/media?parent=11922"}],"wp:term":[{"taxonomy":"category","embeddable":true,"href":"https:\/\/cparici.com\/fr\/wp-json\/wp\/v2\/categories?post=11922"},{"taxonomy":"post_tag","embeddable":true,"href":"https:\/\/cparici.com\/fr\/wp-json\/wp\/v2\/tags?post=11922"}],"curies":[{"name":"wp","href":"https:\/\/api.w.org\/{rel}","templated":true}]}}