{"id":12619,"date":"2021-02-26T14:39:46","date_gmt":"2021-02-26T14:39:46","guid":{"rendered":"https:\/\/loclilala-vacances.com\/la-coubre-ligthouse-at-la-tremblade\/"},"modified":"2026-04-05T11:28:25","modified_gmt":"2026-04-05T09:28:25","slug":"le-phare-de-la-coubre-a-la-tremblade","status":"publish","type":"post","link":"https:\/\/cparici.com\/fr\/le-phare-de-la-coubre-a-la-tremblade\/","title":{"rendered":"Phare de La Coubre"},"content":{"rendered":"\t\t<div data-elementor-type=\"wp-post\" data-elementor-id=\"12619\" class=\"elementor elementor-12619\" data-elementor-post-type=\"post\">\n\t\t\t\t<div class=\"elementor-element elementor-element-0aa5307 e-con-full e-flex e-con e-parent\" data-id=\"0aa5307\" data-element_type=\"container\" data-e-type=\"container\">\n\t\t\t\t<div class=\"elementor-element elementor-element-77be750 elementor-widget elementor-widget-image\" data-id=\"77be750\" data-element_type=\"widget\" data-e-type=\"widget\" data-widget_type=\"image.default\">\n\t\t\t\t\t\t\t\t\t\t\t\t\t\t\t<img decoding=\"async\" width=\"2521\" height=\"735\" src=\"https:\/\/cparici.com\/wp-content\/uploads\/2021\/02\/phare-de-la-coubre-banniere.jpg\" class=\"attachment-full size-full wp-image-12607\" alt=\"phare de la coubre\" srcset=\"https:\/\/cparici.com\/wp-content\/uploads\/2021\/02\/phare-de-la-coubre-banniere.jpg 2521w, https:\/\/cparici.com\/wp-content\/uploads\/2021\/02\/phare-de-la-coubre-banniere-600x174.jpg 600w, https:\/\/cparici.com\/wp-content\/uploads\/2021\/02\/phare-de-la-coubre-banniere-768x223.jpg 768w\" sizes=\"(max-width: 2521px) 100vw, 2521px\" \/>\t\t\t\t\t\t\t\t\t\t\t\t\t\t\t<\/div>\n\t\t\t\t<\/div>\n\t\t<aside class=\"elementor-element elementor-element-03fa9dc e-flex e-con-boxed e-con e-parent\" data-id=\"03fa9dc\" data-element_type=\"container\" data-e-type=\"container\">\n\t\t\t\t\t<div class=\"e-con-inner\">\n\t\t\t\t<div class=\"elementor-element elementor-element-b3181c0 elementor-widget elementor-widget-global elementor-global-62046 elementor-widget-eael-advanced-search\" data-id=\"b3181c0\" data-element_type=\"widget\" data-e-type=\"widget\" data-widget_type=\"eael-advanced-search.default\">\n\t\t\t\t\t        <div class=\"eael-adv-search-wrapper\">\n            <div id=\"eael-advanced-search-widget-b3181c0\" class=\"eael-advanced-search-widget\">\n                <form data-settings=\"{&quot;post_per_page&quot;:5,&quot;search_among_taxonomies&quot;:&quot;&quot;,&quot;search_among_sku&quot;:&quot;no&quot;,&quot;show_popular_keyword&quot;:0,&quot;show_category&quot;:0,&quot;show_content_image&quot;:1,&quot;show_search_result_all_results&quot;:0,&quot;result_on_new_tab&quot;:&quot;no&quot;,&quot;show_product_price&quot;:&quot;no&quot;,&quot;include_current_page&quot;:&quot;no&quot;,&quot;current_post_id&quot;:12619,&quot;post_type&quot;:[&quot;post&quot;,&quot;listing&quot;]}\" method=\"POST\" name=\"eael-advanced-search-form-b3181c0\" class=\"eael-advanced-search-form eael-advanced-search-form-style-2\">\n                    <div class=\"eael-advanced-search-wrap\">\n                        <span class=\"eael-adv-search-loader\"><\/span>\n                        <span class=\"eael-adv-search-close\"><i class=\"fas fa-times\"><\/i><\/span>\n                        <span class=\"icon \"><i class=\"fas fa-search\"><\/i><\/span>\n\n                        <input type=\"text\"\n                               placeholder=\"Votre destination\"\n                               class=\"eael-advanced-search\" autocomplete=\"off\" name=\"eael_advanced_search\">\n                    <\/div>\n\t\t\t\t\t                                    <\/form>\n\n\t\t\t\t\n\t\t\t\t        <div class=\"eael-advanced-search-result\">\n            <div class=\"eael-advanced-search-popular-keyword\">\n\t\t\t\t<h4 class=\"eael-advanced-search-popular-keyword-text\">Recherches populaires<\/h4>                <div class=\"eael-popular-keyword-content\"><\/div>\n            <\/div>\n            <div class=\"eael-advanced-search-category\">\n\t\t\t\t<h4 class=\"eael-advanced-search-category-text\">Categories<\/h4>                <div class=\"eael-popular-category-content\"><\/div>\n            <\/div>\n\t\t\t<div class=\"eael-advanced-search-total-results-section\">\n\t\t\t\t\t\t\t<\/div>\n            <div class=\"eael-advanced-search-content eael-item-style-3\">\n            <\/div>\n            <div class=\"eael-advanced-search-not-found\">\n                <p>Pas de r\u00e9sultats<\/p><\/div>\n            <div class=\"eael-advanced-search-load-more\">\n\t\t\t\t<a \tclass=\"eael-advanced-search-load-more-button\"\n                \thref=\"#\">Voir tous les r\u00e9sultats<\/a>\n            <\/div>\n        <\/div>\n\n\t\t            <\/div>\n        <\/div>\n\n\t\t\t\t\t\t<\/div>\n\t\t\t\t\t<\/div>\n\t\t\t\t<\/aside>\n\t\t<div class=\"elementor-element elementor-element-447caa14 e-flex e-con-boxed e-con e-parent\" data-id=\"447caa14\" data-element_type=\"container\" data-e-type=\"container\">\n\t\t\t\t\t<div class=\"e-con-inner\">\n\t\t\t\t<div class=\"elementor-element elementor-element-3792454c elementor-widget elementor-widget-text-editor\" data-id=\"3792454c\" data-element_type=\"widget\" data-e-type=\"widget\" data-widget_type=\"text-editor.default\">\n\t\t\t\t\t\t\t\t\t<h1 style=\"text-align: center;\">\u00a0<span style=\"font-size: 18pt; color: #003366;\"><strong>Phare de la Coubre : guide complet, horaires et tarifs\u00a0<\/strong><\/span><\/h1><p><strong>Perch\u00e9 \u00e0 64 m\u00e8tres d&#8217;altitude, le phare de la Coubre r\u00e8gne sur la c\u00f4te atlantique depuis 1905.<\/strong> Ce g\u00e9ant, le plus haut de la <a href=\"https:\/\/cparici.com\/visiter-la-charente-maritime-guide-des-meilleurs-sites-et-activites\/\">Charente-Maritime<\/a>, guide les marins \u00e0 l&#8217;entr\u00e9e du formidable <a href=\"https:\/\/cparici.com\/estuaire-de-la-gironde-en-france\/\">estuaire de la Gironde<\/a>, le plus vaste d&#8217;Europe. Il promet une vue imprenable sur la baie de Bonne Anse, la for\u00eat de la Coubre, la C\u00f4te sauvage, et jusqu&#8217;\u00e0 l&#8217;\u00eele d&#8217;Ol\u00e9ron. Unique en son genre, <strong>il arbore fi\u00e8rement ses rayures rouges et blanches, lui valant le surnom de &#8220;phare du bout du monde&#8221;.<\/strong><\/p><figure id=\"attachment_12613\" aria-describedby=\"caption-attachment-12613\" style=\"width: 533px\" class=\"wp-caption aligncenter\"><a href=\"https:\/\/cparici.com\/wp-content\/uploads\/2021\/02\/phare-de-la-coubre-2.jpg\"><img decoding=\"async\" class=\"size-full wp-image-12613\" src=\"https:\/\/cparici.com\/wp-content\/uploads\/2021\/02\/phare-de-la-coubre-2.jpg\" alt=\"phare de la coubre\" width=\"533\" height=\"800\" srcset=\"https:\/\/cparici.com\/wp-content\/uploads\/2021\/02\/phare-de-la-coubre-2.jpg 533w, https:\/\/cparici.com\/wp-content\/uploads\/2021\/02\/phare-de-la-coubre-2-768x1152.jpg 768w, https:\/\/cparici.com\/wp-content\/uploads\/2021\/02\/phare-de-la-coubre-2-600x900.jpg 600w\" sizes=\"(max-width: 533px) 100vw, 533px\" \/><\/a><figcaption id=\"caption-attachment-12613\" class=\"wp-caption-text\">phare de la coubre &#8211; les fameuses couleurs rouges et blanches<\/figcaption><\/figure><p>Le phare ne se contente pas de guider les navires ; il est un v\u00e9ritable pilier culturel. \u00c0 son c\u0153ur, un mus\u00e9e d\u00e9voile l&#8217;histoire fascinante des phares de l&#8217;estuaire de la Gironde, tandis qu&#8217;une salle d&#8217;exposition c\u00e9l\u00e8bre la cr\u00e9ativit\u00e9 des artistes locaux. Reconnu monument historique en 2011, il est une \u00e9tape incontournable du r\u00e9seau des sites majeurs de Vauban.<\/p><p>Ouvert toute l&#8217;ann\u00e9e, il propose des visites, des animations, et divers \u00e9v\u00e9nements pour tous les \u00e2ges. Cet article est votre guide pour explorer le phare de la Coubre en 2023, incluant les horaires, tarifs, informations pratiques et activit\u00e9s environnantes. Partons \u00e0 la d\u00e9couverte de ce tr\u00e9sor du patrimoine charentais !<\/p><h2><span style=\"font-size: 18pt;\">Pr\u00e9sentation du Phare de la Coubre<\/span><\/h2><h3>Un peu d\u2019histoire<\/h3><p>Situ\u00e9 sur la pointe strat\u00e9gique de la Coubre pour la navigation dans <strong>l&#8217;estuaire de la Gironde<\/strong>, le Phare de la Coubre\u00a0 a <a href=\"https:\/\/cparici.com\/visiter-la-tremblade\/\">La Tremblade<\/a> est la troisi\u00e8me construction \u00e9rig\u00e9e sur ce site. Remontant \u00e0 1860, le premier phare \u00e9tait une structure en bois destin\u00e9e \u00e0 remplacer une balise porte-feu existante depuis 1690.\u00a0<\/p><p>Un second phare en pierre a pris le relais en 1895, mais l&#8217;\u00e9rosion a pos\u00e9 une menace s\u00e9rieuse \u00e0 sa stabilit\u00e9, entra\u00eenant son effondrement en 1907, seulement deux ans apr\u00e8s l&#8217;inauguration de son successeur actuel fait de b\u00e9ton, d\u00e9sormais class\u00e9 monument historique depuis 2011. Ce phare moderne se trouve plus loin du rivage, \u00e0 1,8 km, et fait partie des sites majeurs de Vauban en raison de sa proximit\u00e9 avec le fort \u00e9ponyme.<\/p><h3>Sa g\u00e9ographie et son importance<\/h3><p>Le phare se dresse entre les communes des Mathes et de La Tremblade en Charente-Maritime, Nouvelle-Aquitaine, marquant l&#8217;entr\u00e9e du plus grand estuaire d&#8217;Europe : l&#8217;estuaire de la Gironde. Sa localisation offre une vue spectaculaire sur des sites tels que la baie de Bonne Anse, la for\u00eat de la Coubre, la C\u00f4te sauvage et l&#8217;\u00eele d&#8217;Ol\u00e9ron. En plus d&#8217;\u00eatre un rep\u00e8re essentiel pour le trafic maritime, il aide \u00e0 \u00e9viter les bancs de sable dangereux, t\u00e9moins de naufrages historiques comme ceux du Germany et du Volga.<\/p><h3>Caract\u00e9ristiques architecturales et techniques<\/h3><p>Avec une hauteur impressionnante de 64 m\u00e8tres et un escalier de 300 marches, le phare de la Coubre est le plus \u00e9lev\u00e9 de la c\u00f4te charentaise. Unique en France, il arbore une peinture rouge et blanche, d&#8217;o\u00f9 son surnom assez po\u00e9tique de &#8220;phare du bout du monde&#8221;.\u00a0<\/p><p>Gr\u00e2ce \u00e0 cette hauteur et \u00e0 une lampe puissante, il b\u00e9n\u00e9ficie d&#8217;une port\u00e9e remarquable de 28 milles marins (environ 52 kilom\u00e8tres). Il dispose d&#8217;une lentille de Fresnel pour concentrer la lumi\u00e8re, \u00e9mettant un signal sp\u00e9cifique : deux \u00e9clats blancs toutes les 10 secondes, ainsi qu&#8217;un feu secondaire rouge clignotant, connu sous le nom de &#8220;barbette&#8221;, alertant les marins des dangers du banc de la Mauvaise.<\/p><h2><span style=\"font-size: 18pt;\">Visiter le Phare de la Coubre : Ce que vous devez savoir<\/span><\/h2><h3>Horaires d&#8217;ouverture au public<\/h3><p>Le phare de la Coubre accueille les visiteurs du 1er f\u00e9vrier au 11 novembre, et pour une p\u00e9riode sp\u00e9ciale en d\u00e9cembre, allant du 19 au 23 ainsi que du 26 au 30. Les heures d&#8217;ouverture s&#8217;ajustent selon la saison :<\/p><ul><li>De f\u00e9vrier \u00e0 mars, ainsi qu&#8217;en octobre et novembre : de 10 h \u00e0 12 h 30 et de 13 h 30 \u00e0 17 h 30.<\/li><li>Entre avril et juin, puis en septembre : ouvert de 10 h \u00e0 13 h (avec fermeture du mus\u00e9e et de la boutique \u00e0 12 h 30), et de 14 h \u00e0 18 h.<\/li><li>En juillet et ao\u00fbt, profitez d&#8217;une journ\u00e9e \u00e9tendue de 10 h \u00e0 19 h 30.<\/li><li>En d\u00e9cembre, venez de 9 h 30 \u00e0 12 h 30 et de 13 h 30 \u00e0 16 h 30.<\/li><\/ul><p>La billetterie ferme 30 minutes avant l&#8217;heure de cl\u00f4ture, ou plus t\u00f4t selon l&#8217;affluence. Notez que l&#8217;acc\u00e8s au sommet peut \u00eatre restreint lors de conditions m\u00e9t\u00e9orologiques extr\u00eames pour votre s\u00e9curit\u00e9.<\/p><h3>Les diff\u00e9rentes modalit\u00e9s de visite : Visite libre, guid\u00e9e, nocturne<\/h3><p>D\u00e9couvrez le phare de la Coubre de la mani\u00e8re qui vous convient le mieux :<\/p><ul><li><strong>Visite libre :<\/strong> Montez les 300 marches \u00e0 votre rythme pour admirer le panorama sur l&#8217;estuaire de la Gironde et explorer \u00e0 votre guise le mus\u00e9e et la salle d&#8217;exposition temporaire d&#8217;artistes locaux.<\/li><li><strong>Visite guid\u00e9e :<\/strong> Laissez-vous emporter par les r\u00e9cits passionn\u00e9s d&#8217;un guide, d\u00e9couvrant anecdotes et secrets pour environ 1h30. N&#8217;oubliez pas de r\u00e9server.<\/li><li><strong>Visite nocturne :<\/strong> Une exp\u00e9rience inoubliable vous attend en grimpant au sommet du phare \u00e0 la nuit tomb\u00e9e, r\u00e9servable uniquement en juillet et ao\u00fbt, pour contempler le coucher de soleil et les lumi\u00e8res des phares voisins.<\/li><\/ul><h3>Consignes et recommandations pour une visite agr\u00e9able<\/h3><p>Afin de garantir une exp\u00e9rience des plus agr\u00e9ables, merci de respecter les consignes suivantes :<\/p><ul><li>Optez pour des chaussures confortables adapt\u00e9es \u00e0 la mont\u00e9e.<\/li><li>Apportez de l&#8217;eau et un chapeau par temps chaud.<\/li><li>Respectez le sens de la visite et les mesures sanitaires en vigueur.<\/li><li>Gardez toujours vos enfants \u00e0 port\u00e9e de vue et de main.<\/li><li>\u00c9vitez de jeter d\u00e9tritus et m\u00e9gots autour du phare ou \u00e0 l&#8217;int\u00e9rieur.<\/li><li>Ne nourrissez pas les animaux sauvages aux abords du phare.<\/li><li>Les prises de photos avec flash sont interdites dans le phare.<\/li><li>Ne touchez pas aux \u00e9quipements techniques.<\/li><li>Maintenez un niveau de bruit respectueux envers les autres visiteurs.<\/li><\/ul><p>Les animaux de compagnie sont malheureusement interdits \u00e0 l&#8217;int\u00e9rieur du phare et du mus\u00e9e. De plus, des parkings gratuits se trouvent \u00e0 proximit\u00e9 pour faciliter votre visite, et vous pouvez \u00e9galement arriver \u00e0 v\u00e9lo via les pistes cyclables traversant la for\u00eat de la Coubre.<\/p><h2><span style=\"font-size: 18pt;\">Tarifs et informations pratiques (2025)<\/span><\/h2><h3>Grille tarifaire d\u00e9taill\u00e9e : Individuels, groupes, tarifs r\u00e9duits<\/h3><p>\u00c0 la d\u00e9couverte du phare de la Coubre, b\u00e9n\u00e9ficiez de tarifs vari\u00e9s, con\u00e7us pour s\u2019adapter \u00e0 chaque type de visiteur. Consultez notre grille de tarifs pour l\u2019ann\u00e9e 2023 :<\/p><table><tbody><tr><th>Cat\u00e9gorie<\/th><th>Tarif<\/th><\/tr><tr><td>Adulte<\/td><td>4\u20ac<\/td><\/tr><tr><td>Enfant (de 5 \u00e0 11 ans)<\/td><td>2.50\u20ac<\/td><\/tr><tr><td>Enfant jusqu&#8217;\u00e0 4 ans<\/td><td>Gratuit<\/td><\/tr><tr><td>Personne \u00e0 mobilit\u00e9 r\u00e9duite<\/td><td>2.50\u20ac<\/td><\/tr><tr><td>Intemp\u00e9ries<\/td><td>2.50\u20ac<\/td><\/tr><tr><td>Pass Famille (2 adultes + 2 enfants)<\/td><td>11\u20ac<\/td><\/tr><tr><td>Groupe Adultes (+15 personnes)<\/td><td>3\u20ac<\/td><\/tr><tr><td>Groupe Enfants (+15 personnes)<\/td><td>1.50\u20ac<\/td><\/tr><tr><td>Carte C\u00e9zam<\/td><td>3\u20ac<\/td><\/tr><\/tbody><\/table><p>Veuillez noter que les ch\u00e8ques vacances ne sont pas accept\u00e9s. Les tarifs mentionn\u00e9s peuvent faire l&#8217;objet de modifications sans annonce pr\u00e9alable.<\/p><h3>Comment acheter vos billets ? Sur place, r\u00e9servation en ligne<\/h3><p>Achetez vos billets pour le phare de la Coubre de deux mani\u00e8res :<\/p><ul><li><strong>Sur place :<\/strong> Rendez-vous directement \u00e0 la billetterie du phare, localis\u00e9e \u00e0 l&#8217;entr\u00e9e du site. Le paiement peut \u00eatre effectu\u00e9 en esp\u00e8ces, par ch\u00e8que bancaire ou postal, ou par carte bancaire. Notez que la vente des billets s\u2019ach\u00e8ve 30 minutes avant la fermeture du site, ou plus t\u00f4t en fonction de l\u2019affluence.<\/li><li><strong>R\u00e9servation en ligne :<\/strong> <a href=\"https:\/\/www.pharedelacoubre.fr\/\" target=\"_blank\" rel=\"noopener\">Pr\u00e9-r\u00e9servez vos billets sur le site officiel<\/a> du phare de la Coubre pour une visite libre, guid\u00e9e ou m\u00eame nocturne et recevez un e-mail de confirmation avec un QR code \u00e0 pr\u00e9senter \u00e0 l&#8217;entr\u00e9e. Pour les groupes et certaines visites sp\u00e9ciales, la r\u00e9servation en ligne est essentielle.<\/li><\/ul><h3>Acc\u00e8s et contact : Adresse, num\u00e9ro de t\u00e9l\u00e9phone, adresse e-mail<\/h3><p>Situ\u00e9 \u00e0 la fronti\u00e8re entre les Mathes et La Tremblade, en Charente-Maritime (Nouvelle-Aquitaine), voici comment vous pouvez rejoindre le phare de la Coubre :<\/p><p>Adresse : Lieu-dit La Coubre, 17390 La Tremblade<\/p><p>Num\u00e9ro de t\u00e9l\u00e9phone : 05 46 06 26 42<\/p><p>Adresse e-mail : <span \n                data-original-string='Gm5WXWX9vncrzrks9+T1jw==2561zCRddKI+8XIr3zQFts4SGdYJ8L5RKCR0WiZrY8yddg='\n                class='apbct-email-encoder'\n                title='This contact has been encoded by Anti-Spam by CleanTalk. Click to decode. To finish the decoding make sure that JavaScript is enabled in your browser.'>ph<span class=\"apbct-blur\">*************<\/span>@<span class=\"apbct-blur\">*********<\/span>de.fr<\/span><\/p><p>Accessibles en voiture, v\u00e9lo ou bus, des parkings gratuits sont disponibles pr\u00e8s du phare. Vous pouvez \u00e9galement emprunter les pistes cyclables de la for\u00eat de la Coubre ou prendre le bus n\u00b031 de la CARA depuis Royan ou La Tremblade.<\/p><h2>Conclusion<\/h2><p>Le phare de la Coubre, incontournable monument historique et culturel, est une visite essentielle en Charente-Maritime. Offrant un panorama exceptionnel sur l&#8217;estuaire de la Gironde et ses environs diversifi\u00e9s, il constitue une exp\u00e9rience \u00e0 ne pas manquer.<\/p><p>Cette structure majestueuse vous plonge dans l&#8217;histoire passionnante des phares de la r\u00e9gion tout en proposant des expositions artistiques vari\u00e9es. Selon vos pr\u00e9f\u00e9rences, vous pouvez opter pour une visite libre, guid\u00e9e, ou m\u00eame une exp\u00e9rience unique lors d&#8217;une visite nocturne. Accessible toute l&#8217;ann\u00e9e, le phare pr\u00e9sente des tarifs attractifs compl\u00e9t\u00e9s par toutes les informations pratiques n\u00e9cessaires.<\/p><p>Ne tardez plus, assurez-vous de r\u00e9server vos billets d\u00e8s \u00e0 pr\u00e9sent pour d\u00e9couvrir le phare de la Coubre en 2023. Une chose est s\u00fbre, vous en garderez un souvenir m\u00e9morable !<\/p><h2>FAQ<\/h2><h3>Quelle est l&#8217;histoire du phare de la Coubre ?<\/h3><p>Le phare de la Coubre, un incontournable situ\u00e9 \u00e0 l&#8217;entr\u00e9e de l&#8217;estuaire de la Gironde sur la pointe de la Coubre, joue un r\u00f4le crucial en guidant les marins \u00e0 travers les p\u00e9rils c\u00f4tiers. Son histoire d\u00e9bute en 1904 avec la construction du phare actuel en b\u00e9ton, inaugur\u00e9 en 1905, succ\u00e9dant \u00e0 une balise de 1690 et \u00e0 un phare en pierre de 1895, tous deux victimes de l&#8217;\u00e9rosion.<\/p><h3>Comment se rendre au phare de la Coubre depuis Paris ?<\/h3><p>Depuis Paris, vous pouvez opter pour la voiture, un trajet direct d&#8217;environ 5 heures via l&#8217;autoroute E5 et la route E60. Alternativement, le mode le plus \u00e9conomique est le bus (BlaBlaCar Bus ou FlixBus) vers Royan, comptez environ 10 heures, suivi d&#8217;un transfert sur le bus de ligne 5 jusqu&#8217;aux Mathes, et une marche de 20 minutes pour atteindre le phare.<\/p><h3>Quels sont les horaires et les tarifs de la visite du phare de la Coubre en 2025 ?<\/h3><p>En 2025, le phare de la Coubre accueille les visiteurs du 1er f\u00e9vrier au 11 novembre, ainsi que du 19 au 23 et du 26 au 30 d\u00e9cembre. Les visites sont possibles de 9h30 \u00e0 19h30. Les tarifs sont abordables : 4\u20ac pour les adultes, 2.50\u20ac pour les enfants (de 5 \u00e0 11 ans), les personnes \u00e0 mobilit\u00e9 r\u00e9duite et en cas d&#8217;intemp\u00e9ries. L&#8217;entr\u00e9e est gratuite pour les enfants de moins de 4 ans. Des tarifs de groupe et un Pass Famille (11\u20ac pour 2 adultes et 2 enfants) sont \u00e9galement disponibles.<\/p><h3>Quelles sont les activit\u00e9s \u00e0 faire autour du phare de la Coubre ?<\/h3><p>La r\u00e9gion du phare de la Coubre regorge d&#8217;activit\u00e9s : explorez le mus\u00e9e du phare et admirez la vue spectaculaire depuis sa sommit\u00e9, baignez-vous sur les plages de sable fin ou essayez-vous au surf. La baie de Bonne Anse propose des activit\u00e9s nautiques telles que la voile et le kayak. La for\u00eat de la Coubre, id\u00e9ale pour les randonn\u00e9es \u00e0 pied ou \u00e0 v\u00e9lo, d\u00e9voile une faune et flore diversifi\u00e9es. Ne manquez pas la d\u00e9couverte du port de la Gr\u00e8ve, c\u00e9l\u00e8bre pour ses cabanes ostr\u00e9icoles et ses d\u00e9licieuses hu\u00eetres.<\/p><p style=\"text-align: center; font-size: 16px;\"><strong>La Tremblade<\/strong>\u00a0<em>est situ\u00e9e sur la presqu\u2019\u00eele d\u2019Arvert, entre Royan et l\u2019\u00eele d\u2019Ol\u00e9ron. Elle est connue pour ses cabanes ostr\u00e9icoles, et sa proximit\u00e9 avec les plages de la c\u00f4te sauvage et de l\u2019\u00eele d\u2019Ol\u00e9ron.<\/em><\/p><h2 style=\"text-align: center;\"><span style=\"font-size: 14pt;\"><span style=\"color: #003366;\"><b>R\u00e9sum\u00e9 &#8211; Ce qu&#8217;il faut retenir du Phare de La Coubre\u00a0<\/b><\/span><\/span><\/h2><p class=\"Standard\" style=\"text-indent: 35.4pt;\"><span style=\"font-size: 12pt;\"><span style=\"color: #003366;\"><b>Le Phare de La Coubre a La Tremblade<\/b><\/span> est un phare color\u00e9 de blanc et rouge ( depuis 2016), situ\u00e9 sur la pointe de La Coubre, pr\u00e8s de <a href=\"https:\/\/cparici.com\/fr\/la-palmyre-near-saint-palais-sur-mer\/\">La Palmyre- Les Mathes<\/a>, sur la commune de <a href=\"https:\/\/cparici.com\/fr\/visiter-la-tremblade\/\">La Tremblade<\/a>, \u00e0 une quinzaine de kilom\u00e8tres de la ville de Royan.<\/span><\/p><p class=\"Standard\" style=\"text-indent: 35.4pt;\"><span style=\"font-size: 12pt;\"> Il dispose d&#8217;un mus\u00e9e, et reste le plus haut phare de Charente-Maritime, avec ses 64 m\u00e8tres et ses 300 marches. Il est id\u00e9alement situ\u00e9 pr\u00e8s de la c\u00f4te, appel\u00e9e ici <a href=\"https:\/\/cparici.com\/fr\/la-cote-sauvage-en-charente-maritime\/\">c\u00f4te sauvage<\/a>, et r\u00e9put\u00e9e pour ses longues plages de sable fin, et ses vagues redoutables.<\/span><\/p><h3>Un monument historique<\/h3><p><span style=\"font-size: 12pt;\">Il est class\u00e9 au titre des monuments historiques, et est enti\u00e8rement automatis\u00e9. Il fait face au roi des phares, le phare des rois, le phare de Cordouan, et est <a href=\"https:\/\/cparici.com\/fr\/les-plus-beaux-phares-de-charente-maritime\/\">un des plus remarquables phares<\/a> qu&#8217;on peut visiter en charente maritime. Il a une port\u00e9e de plus de 58kilom\u00e8tres.<\/span><\/p><p><span style=\"font-size: 12pt;\">Il est possible de le visiter, et de monter ses 300 marches, pour profiter de cette vue magnifique sur la for\u00eat de La Coubre, l&#8217;oc\u00e9an Atlantique et la c\u00f4te sauvage. Au pied du phare, se trouve un mus\u00e9e\u00a0 (ouvert depuis 2005) qui retrace l&#8217;histoire du phare &#8211; des phares- de La Coubre, depuis le premier construit en bois en 1699.<\/span><\/p>\t\t\t\t\t\t\t\t<\/div>\n\t\t\t\t\t<\/div>\n\t\t\t\t<\/div>\n\t\t<div class=\"elementor-element elementor-element-4f0c3b8 e-flex e-con-boxed e-con e-parent\" data-id=\"4f0c3b8\" data-element_type=\"container\" data-e-type=\"container\">\n\t\t\t\t\t<div class=\"e-con-inner\">\n\t\t\t\t<div class=\"elementor-element elementor-element-b8d55bb elementor-widget elementor-widget-text-editor\" data-id=\"b8d55bb\" data-element_type=\"widget\" data-e-type=\"widget\" data-widget_type=\"text-editor.default\">\n\t\t\t\t\t\t\t\t\t<h3 style=\"text-align: center;\">Photos du Phare de la Coubre <em>\u00a9 Alex B Arts<\/em><\/h3>\t\t\t\t\t\t\t\t<\/div>\n\t\t\t\t\t<\/div>\n\t\t\t\t<\/div>\n\t\t<div class=\"elementor-element elementor-element-0725391 e-flex e-con-boxed e-con e-parent\" data-id=\"0725391\" data-element_type=\"container\" data-e-type=\"container\">\n\t\t\t\t\t<div class=\"e-con-inner\">\n\t\t\t\t<div class=\"elementor-element elementor-element-7534d1f elementor-widget elementor-widget-shortcode\" data-id=\"7534d1f\" data-element_type=\"widget\" data-e-type=\"widget\" data-widget_type=\"shortcode.default\">\n\t\t\t\t\t\t\t<div class=\"elementor-shortcode\">ngg_shortcode_0_placeholder<\/div>\n\t\t\t\t\t\t<\/div>\n\t\t\t\t\t<\/div>\n\t\t\t\t<\/div>\n\t\t<div class=\"elementor-element elementor-element-7626964 e-flex e-con-boxed e-con e-parent\" data-id=\"7626964\" data-element_type=\"container\" data-e-type=\"container\">\n\t\t\t\t\t<div class=\"e-con-inner\">\n\t\t\t\t<div class=\"elementor-element elementor-element-1117191 elementor-widget elementor-widget-image\" data-id=\"1117191\" data-element_type=\"widget\" data-e-type=\"widget\" data-widget_type=\"image.default\">\n\t\t\t\t\t\t\t\t\t\t\t\t\t\t\t<img decoding=\"async\" width=\"495\" height=\"866\" src=\"https:\/\/cparici.com\/wp-content\/uploads\/2021\/02\/PHARE-DE-LA-COUBRE-web-495x866.jpg\" class=\"attachment-listeo-blog-related-post size-listeo-blog-related-post wp-image-63642\" alt=\"PHARE DE LA COUBRE Illustration\" srcset=\"https:\/\/cparici.com\/wp-content\/uploads\/2021\/02\/PHARE-DE-LA-COUBRE-web-495x866.jpg 495w, https:\/\/cparici.com\/wp-content\/uploads\/2021\/02\/PHARE-DE-LA-COUBRE-web-171x300.jpg 171w, https:\/\/cparici.com\/wp-content\/uploads\/2021\/02\/PHARE-DE-LA-COUBRE-web-585x1024.jpg 585w, https:\/\/cparici.com\/wp-content\/uploads\/2021\/02\/PHARE-DE-LA-COUBRE-web-768x1344.jpg 768w, https:\/\/cparici.com\/wp-content\/uploads\/2021\/02\/PHARE-DE-LA-COUBRE-web-878x1536.jpg 878w, https:\/\/cparici.com\/wp-content\/uploads\/2021\/02\/PHARE-DE-LA-COUBRE-web-7x12.jpg 7w, https:\/\/cparici.com\/wp-content\/uploads\/2021\/02\/PHARE-DE-LA-COUBRE-web-337x590.jpg 337w, https:\/\/cparici.com\/wp-content\/uploads\/2021\/02\/PHARE-DE-LA-COUBRE-web-383x670.jpg 383w, https:\/\/cparici.com\/wp-content\/uploads\/2021\/02\/PHARE-DE-LA-COUBRE-web-600x1050.jpg 600w, https:\/\/cparici.com\/wp-content\/uploads\/2021\/02\/PHARE-DE-LA-COUBRE-web.jpg 1024w\" sizes=\"(max-width: 495px) 100vw, 495px\" \/>\t\t\t\t\t\t\t\t\t\t\t\t\t\t\t<\/div>\n\t\t\t\t\t<\/div>\n\t\t\t\t<\/div>\n\t\t<div class=\"elementor-element elementor-element-47e8d910 e-flex e-con-boxed e-con e-parent\" data-id=\"47e8d910\" data-element_type=\"container\" data-e-type=\"container\">\n\t\t\t\t\t<div class=\"e-con-inner\">\n\t\t<div class=\"elementor-element elementor-element-208c7c6 e-con-full e-flex e-con e-child\" data-id=\"208c7c6\" data-element_type=\"container\" data-e-type=\"container\">\n\t\t\t\t<div class=\"elementor-element elementor-element-4741aa7a elementor-widget elementor-widget-text-editor\" data-id=\"4741aa7a\" data-element_type=\"widget\" data-e-type=\"widget\" data-widget_type=\"text-editor.default\">\n\t\t\t\t\t\t\t\t\t<p>Cet article a \u00e9t\u00e9 r\u00e9dig\u00e9 par Alex Arts,\u00a0<a href=\"https:\/\/alexantoine-photos.weebly.com\/\" target=\"_blank\" rel=\"noopener\">photographe<\/a>,\u00a0<a href=\"https:\/\/www.linkedin.com\/in\/alex-b-arts\/\" target=\"_blank\" rel=\"noopener\">cr\u00e9ateur de contenu<\/a>, et guide local.<\/p>\t\t\t\t\t\t\t\t<\/div>\n\t\t\t\t<div class=\"elementor-element elementor-element-47c4f3f0 elementor-widget elementor-widget-author-box\" data-id=\"47c4f3f0\" data-element_type=\"widget\" data-e-type=\"widget\" data-widget_type=\"author-box.default\">\n\t\t\t\t\t\t\t<div class=\"elementor-author-box\">\n\t\t\t\t\t\t\t<a href=\"https:\/\/www.linkedin.com\/in\/alex-b-arts\/\" class=\"elementor-author-box__avatar\" target=\"_blank\" rel=\"noopener\">\n\t\t\t\t\t<img decoding=\"async\" src=\"https:\/\/cparici.com\/wp-content\/uploads\/2024\/09\/photo-alex-arts-300x300.jpeg\" alt=\"Image de Alex Arts\" loading=\"lazy\">\n\t\t\t\t<\/a>\n\t\t\t\n\t\t\t<div class=\"elementor-author-box__text\">\n\t\t\t\t\t\t\t\t\t<a href=\"https:\/\/www.linkedin.com\/in\/alex-b-arts\/\" target=\"_blank\" rel=\"noopener\">\n\t\t\t\t\t\t<h4 class=\"elementor-author-box__name\">\n\t\t\t\t\t\t\tAlex Arts\t\t\t\t\t\t<\/h4>\n\t\t\t\t\t<\/a>\n\t\t\t\t\n\t\t\t\t\t\t\t\t\t<div class=\"elementor-author-box__bio\">\n\t\t\t\t\t\t<p>Photographe, cr\u00e9ateur de contenu et local guide<\/p>\n\t\t\t\t\t<\/div>\n\t\t\t\t\n\t\t\t\t\t\t\t<\/div>\n\t\t<\/div>\n\t\t\t\t\t\t<\/div>\n\t\t\t\t<\/div>\n\t\t\t\t\t<\/div>\n\t\t\t\t<\/div>\n\t\t<div class=\"elementor-element elementor-element-7bcf08d e-flex e-con-boxed e-con e-parent\" data-id=\"7bcf08d\" data-element_type=\"container\" data-e-type=\"container\">\n\t\t\t\t\t<div class=\"e-con-inner\">\n\t\t\t\t<div class=\"elementor-element elementor-element-12c4b31 elementor-widget elementor-widget-spacer\" data-id=\"12c4b31\" data-element_type=\"widget\" data-e-type=\"widget\" data-widget_type=\"spacer.default\">\n\t\t\t\t\t\t\t<div class=\"elementor-spacer\">\n\t\t\t<div class=\"elementor-spacer-inner\"><\/div>\n\t\t<\/div>\n\t\t\t\t\t\t<\/div>\n\t\t\t\t\t<\/div>\n\t\t\t\t<\/div>\n\t\t<aside class=\"elementor-element elementor-element-3c0c61a e-flex e-con-boxed e-con e-parent\" data-id=\"3c0c61a\" data-element_type=\"container\" data-e-type=\"container\">\n\t\t\t\t\t<div class=\"e-con-inner\">\n\t\t\t\t<div class=\"elementor-element elementor-element-bdc2beb elementor-widget elementor-widget-listeo-posts-grid\" data-id=\"bdc2beb\" data-element_type=\"widget\" data-e-type=\"widget\" data-widget_type=\"listeo-posts-grid.default\">\n\t\t\t\t<div class=\"elementor-widget-container\">\n\t\t\t\t\t\t\t\n\t\t<div class=\"listeo-post-grid-wrapper\">\n\t\t\t<div class=\"row\">\n\n\t\t\t\n\n\t\t\t\t\t\t\t<div class=\"col-md-4\">\n                <a href=\"https:\/\/cparici.com\/fr\/plage-de-royan\/\" class=\"blog-compact-item-container\">\n                    <div class=\"blog-compact-item\">\n                        <img decoding=\"async\" width=\"577\" height=\"149\" src=\"https:\/\/cparici.com\/wp-content\/uploads\/2020\/09\/plage-royan-cote-de-beaute-banniere.jpg\" class=\"attachment-listeo-blog-related-post size-listeo-blog-related-post wp-post-image\" alt=\"royan plage photo de la plage a mar\u00e9e basse\" srcset=\"https:\/\/cparici.com\/wp-content\/uploads\/2020\/09\/plage-royan-cote-de-beaute-banniere.jpg 1521w, https:\/\/cparici.com\/wp-content\/uploads\/2020\/09\/plage-royan-cote-de-beaute-banniere-600x155.jpg 600w, https:\/\/cparici.com\/wp-content\/uploads\/2020\/09\/plage-royan-cote-de-beaute-banniere-768x198.jpg 768w\" sizes=\"(max-width: 577px) 100vw, 577px\" \/><span class=\"blog-item-tag\">Charente maritime<\/span>                        \n                        <div class=\"blog-compact-item-content\">\n                                                        <h3>Royan Plage<\/h3>\n                                                        <p>Royan Plage \u00a0 - la plage de la Grande conche - est situ\u00e9e a Royan,...                            <\/p>\n                                                    <\/div>\n                    <\/div>\n                <\/a>\n            <\/div>\n\t\t\t<div class=\"col-md-4\">\n                <a href=\"https:\/\/cparici.com\/fr\/piscine-de-royan\/\" class=\"blog-compact-item-container\">\n                    <div class=\"blog-compact-item\">\n                        <img decoding=\"async\" width=\"577\" height=\"171\" src=\"https:\/\/cparici.com\/wp-content\/uploads\/2021\/03\/piscine-de-royan-banniere.jpg\" class=\"attachment-listeo-blog-related-post size-listeo-blog-related-post wp-post-image\" alt=\"piscine de royan\" srcset=\"https:\/\/cparici.com\/wp-content\/uploads\/2021\/03\/piscine-de-royan-banniere.jpg 2521w, https:\/\/cparici.com\/wp-content\/uploads\/2021\/03\/piscine-de-royan-banniere-600x177.jpg 600w, https:\/\/cparici.com\/wp-content\/uploads\/2021\/03\/piscine-de-royan-banniere-768x227.jpg 768w\" sizes=\"(max-width: 577px) 100vw, 577px\" \/><span class=\"blog-item-tag\">Charente maritime<\/span>                        \n                        <div class=\"blog-compact-item-content\">\n                                                        <h3>La piscine de Royan<\/h3>\n                                                        <p>La piscine\u00a0 de Royan\u00a0 est une piscine couverte municipale situ\u00e9e \u00e0 Royan au 1 Boulevard...                            <\/p>\n                                                    <\/div>\n                    <\/div>\n                <\/a>\n            <\/div>\n\t\t\t<div class=\"col-md-4\">\n                <a href=\"https:\/\/cparici.com\/fr\/plage-de-la-bouverie\/\" class=\"blog-compact-item-container\">\n                    <div class=\"blog-compact-item\">\n                        <img decoding=\"async\" width=\"577\" height=\"256\" src=\"https:\/\/cparici.com\/wp-content\/uploads\/2024\/07\/fouesnant-plage-illustration-scaled.jpg\" class=\"attachment-listeo-blog-related-post size-listeo-blog-related-post wp-post-image\" alt=\"plage de la bouverie\" srcset=\"https:\/\/cparici.com\/wp-content\/uploads\/2024\/07\/fouesnant-plage-illustration-scaled.jpg 2560w, https:\/\/cparici.com\/wp-content\/uploads\/2024\/07\/fouesnant-plage-illustration-scaled-600x266.jpg 600w, https:\/\/cparici.com\/wp-content\/uploads\/2024\/07\/fouesnant-plage-illustration-300x133.jpg 300w, https:\/\/cparici.com\/wp-content\/uploads\/2024\/07\/fouesnant-plage-illustration-1024x454.jpg 1024w, https:\/\/cparici.com\/wp-content\/uploads\/2024\/07\/fouesnant-plage-illustration-768x340.jpg 768w, https:\/\/cparici.com\/wp-content\/uploads\/2024\/07\/fouesnant-plage-illustration-1536x681.jpg 1536w, https:\/\/cparici.com\/wp-content\/uploads\/2024\/07\/fouesnant-plage-illustration-2048x908.jpg 2048w\" sizes=\"(max-width: 577px) 100vw, 577px\" \/><span class=\"blog-item-tag\">Charente maritime<\/span>                        \n                        <div class=\"blog-compact-item-content\">\n                                                        <h3>Plage de la Bouverie sur la C\u00f4te Sauvage<\/h3>\n                                                        <p>D\u00e9couvrez la plage de la Bouverie sur la c\u00f4te sauvage : situation, description, informations pratiques,...                            <\/p>\n                                                    <\/div>\n                    <\/div>\n                <\/a>\n            <\/div>\n  <\/div>\n        <\/div>\n        \t\t\t\t<\/div>\n\t\t\t\t<\/div>\n\t\t\t\t\t<\/div>\n\t\t\t\t<\/aside>\n\t\t\t\t<\/div>\n\t\t","protected":false},"excerpt":{"rendered":"<p>Fort Boyard est un ouvrage fortifi\u00e9 situ\u00e9 au nord de l\u2019\u00eele d\u2019Ol\u00e9ron, sur un banc de sable. Fort Boyard is a fortified structure located north of the island of Ol\u00e9ron, on a sandbank.<\/p>\n","protected":false},"author":1,"featured_media":12607,"comment_status":"closed","ping_status":"closed","sticky":false,"template":"","format":"image","meta":{"ngg_post_thumbnail":0,"footnotes":""},"categories":[466,461,477,494],"tags":[162,217,228,189,227,195,159,218,219,190],"class_list":["post-12619","post","type-post","status-publish","format-image","has-post-thumbnail","hentry","category-la-tremblade","category-charente-maritime","category-france","category-phares","tag-culturel","tag-la-rochelle","tag-la-tremblade","tag-meschers","tag-re-island","tag-rochefort","tag-royan","tag-st-georges-de-didonne","tag-st-palais-sur-mer","tag-talmont","post_format-post-format-image"],"_links":{"self":[{"href":"https:\/\/cparici.com\/fr\/wp-json\/wp\/v2\/posts\/12619","targetHints":{"allow":["GET"]}}],"collection":[{"href":"https:\/\/cparici.com\/fr\/wp-json\/wp\/v2\/posts"}],"about":[{"href":"https:\/\/cparici.com\/fr\/wp-json\/wp\/v2\/types\/post"}],"author":[{"embeddable":true,"href":"https:\/\/cparici.com\/fr\/wp-json\/wp\/v2\/users\/1"}],"replies":[{"embeddable":true,"href":"https:\/\/cparici.com\/fr\/wp-json\/wp\/v2\/comments?post=12619"}],"version-history":[{"count":0,"href":"https:\/\/cparici.com\/fr\/wp-json\/wp\/v2\/posts\/12619\/revisions"}],"wp:featuredmedia":[{"embeddable":true,"href":"https:\/\/cparici.com\/fr\/wp-json\/wp\/v2\/media\/12607"}],"wp:attachment":[{"href":"https:\/\/cparici.com\/fr\/wp-json\/wp\/v2\/media?parent=12619"}],"wp:term":[{"taxonomy":"category","embeddable":true,"href":"https:\/\/cparici.com\/fr\/wp-json\/wp\/v2\/categories?post=12619"},{"taxonomy":"post_tag","embeddable":true,"href":"https:\/\/cparici.com\/fr\/wp-json\/wp\/v2\/tags?post=12619"}],"curies":[{"name":"wp","href":"https:\/\/api.w.org\/{rel}","templated":true}]}}