{"id":12779,"date":"2021-02-28T17:21:38","date_gmt":"2021-02-28T17:21:38","guid":{"rendered":"https:\/\/loclilala-vacances.com\/pointe-de-suzac-at-saint-georges-de-didonne\/"},"modified":"2026-01-18T14:28:43","modified_gmt":"2026-01-18T13:28:43","slug":"pointe-de-suzac-saint-georges-de-didonne","status":"publish","type":"post","link":"https:\/\/cparici.com\/fr\/pointe-de-suzac-saint-georges-de-didonne\/","title":{"rendered":"Pointe de Suzac a Saint Georges de Didonne"},"content":{"rendered":"\t\t<div data-elementor-type=\"wp-post\" data-elementor-id=\"12779\" class=\"elementor elementor-12779\" data-elementor-post-type=\"post\">\n\t\t\t\t<div class=\"elementor-element elementor-element-57253fa e-flex e-con-boxed e-con e-parent\" data-id=\"57253fa\" data-element_type=\"container\" data-e-type=\"container\">\n\t\t\t\t\t<div class=\"e-con-inner\">\n\t\t\t\t<div class=\"elementor-element elementor-element-bb72e96 elementor-widget elementor-widget-image\" data-id=\"bb72e96\" data-element_type=\"widget\" data-e-type=\"widget\" data-widget_type=\"image.default\">\n\t\t\t\t\t\t\t\t\t\t\t\t\t\t\t<img decoding=\"async\" width=\"2521\" height=\"766\" src=\"https:\/\/cparici.com\/wp-content\/uploads\/2021\/02\/pointe-de-Suzac-banniere.jpg\" class=\"attachment-full size-full wp-image-12772\" alt=\"pointe de Suzac\" srcset=\"https:\/\/cparici.com\/wp-content\/uploads\/2021\/02\/pointe-de-Suzac-banniere.jpg 2521w, https:\/\/cparici.com\/wp-content\/uploads\/2021\/02\/pointe-de-Suzac-banniere-600x182.jpg 600w, https:\/\/cparici.com\/wp-content\/uploads\/2021\/02\/pointe-de-Suzac-banniere-768x233.jpg 768w\" sizes=\"(max-width: 2521px) 100vw, 2521px\" \/>\t\t\t\t\t\t\t\t\t\t\t\t\t\t\t<\/div>\n\t\t\t\t\t<\/div>\n\t\t\t\t<\/div>\n\t\t<div class=\"elementor-element elementor-element-1aee6a7d e-flex e-con-boxed e-con e-parent\" data-id=\"1aee6a7d\" data-element_type=\"container\" data-e-type=\"container\">\n\t\t\t\t\t<div class=\"e-con-inner\">\n\t\t<div class=\"elementor-element elementor-element-7b0b4b64 e-con-full e-flex e-con e-child\" data-id=\"7b0b4b64\" data-element_type=\"container\" data-e-type=\"container\">\n\t\t\t\t<div class=\"elementor-element elementor-element-155f7b0b elementor-widget elementor-widget-text-editor\" data-id=\"155f7b0b\" data-element_type=\"widget\" data-e-type=\"widget\" data-widget_type=\"text-editor.default\">\n\t\t\t\t\t\t\t\t\t<div class=\"vc_row wpb_row vc_row-fluid box_1 vc_custom_1617137653494 vc_row-has-fill wpestate_row vc_row\"><div class=\"wpb_column vc_column_container vc_col-sm-12 vc_column\"><div class=\"vc_column-inner\"><div class=\"wpb_wrapper\"><div class=\"wpb_text_column wpb_content_element vc_custom_1716065363532 vc_column_text\"><div class=\"wpb_wrapper\"><h1>Pointe de Suzac\u00a0<\/h1><p>D\u00e9couvrez le site exceptionnel situ\u00e9 a Saint Georges de Didonne sur la c\u00f4te de beaut\u00e9<\/p><\/div><\/div><\/div><\/div><\/div><\/div>\t\t\t\t\t\t\t\t<\/div>\n\t\t<div class=\"elementor-element elementor-element-3e042241 e-grid e-con-full e-con e-child\" data-id=\"3e042241\" data-element_type=\"container\" data-e-type=\"container\">\n\t\t\t\t<div class=\"elementor-element elementor-element-2d2c3837 elementor-widget elementor-widget-google_maps\" data-id=\"2d2c3837\" data-element_type=\"widget\" data-e-type=\"widget\" data-widget_type=\"google_maps.default\">\n\t\t\t\t\t\t\t<div class=\"elementor-custom-embed\">\n\t\t\t<iframe loading=\"lazy\"\n\t\t\t\t\tsrc=\"https:\/\/maps.google.com\/maps?q=pointe%20da%20suzac&t=m&z=11&output=embed&iwloc=near\"\n\t\t\t\t\ttitle=\"pointe da suzac\"\n\t\t\t\t\taria-label=\"pointe da suzac\"\n\t\t\t><\/iframe>\n\t\t<\/div>\n\t\t\t\t\t\t<\/div>\n\t\t\t\t<div class=\"elementor-element elementor-element-28a78e3e elementor-widget elementor-widget-image\" data-id=\"28a78e3e\" data-element_type=\"widget\" data-e-type=\"widget\" data-widget_type=\"image.default\">\n\t\t\t\t\t\t\t\t\t\t\t\t\t\t\t<img decoding=\"async\" width=\"760\" height=\"760\" src=\"https:\/\/cparici.com\/wp-content\/uploads\/2022\/08\/plage-de-suzac-banniere-1024x1024.jpg\" class=\"attachment-large size-large wp-image-14637\" alt=\"plage de suzac meschers charente maritime\" srcset=\"https:\/\/cparici.com\/wp-content\/uploads\/2022\/08\/plage-de-suzac-banniere-1024x1024.jpg 1024w, https:\/\/cparici.com\/wp-content\/uploads\/2022\/08\/plage-de-suzac-banniere-300x300.jpg 300w, https:\/\/cparici.com\/wp-content\/uploads\/2022\/08\/plage-de-suzac-banniere-100x100.jpg 100w, https:\/\/cparici.com\/wp-content\/uploads\/2022\/08\/plage-de-suzac-banniere-150x150.jpg 150w, https:\/\/cparici.com\/wp-content\/uploads\/2022\/08\/plage-de-suzac-banniere-1536x1536.jpg 1536w, https:\/\/cparici.com\/wp-content\/uploads\/2022\/08\/plage-de-suzac-banniere-2048x2048.jpg 2048w, https:\/\/cparici.com\/wp-content\/uploads\/2022\/08\/plage-de-suzac-banniere-266x266.jpg 266w, https:\/\/cparici.com\/wp-content\/uploads\/2022\/08\/plage-de-suzac-banniere-70x70.jpg 70w\" sizes=\"(max-width: 760px) 100vw, 760px\" \/>\t\t\t\t\t\t\t\t\t\t\t\t\t\t\t<\/div>\n\t\t\t\t<\/div>\n\t\t<div class=\"elementor-element elementor-element-33715cd6 e-con-full e-flex e-con e-child\" data-id=\"33715cd6\" data-element_type=\"container\" data-e-type=\"container\">\n\t\t\t\t<div class=\"elementor-element elementor-element-5bd57ff elementor-widget elementor-widget-text-editor\" data-id=\"5bd57ff\" data-element_type=\"widget\" data-e-type=\"widget\" data-widget_type=\"text-editor.default\">\n\t\t\t\t\t\t\t\t\t<p>La pointe de Suzac\u00a0<a href=\"https:\/\/loclilala.com\/fr\/saint-georges-de-didonne-guide-pratique-pour-decouvrir-la-ville\/\" target=\"_blank\" rel=\"noopener\"><strong>a Saint Georges de Didonne<\/strong><\/a>\u00a0est un cap rocheux dans l\u2019estuaire de la Gironde, entre la\u00a0<a href=\"https:\/\/loclilala.com\/fr\/plage-de-st-georges-de-didonne\/\" target=\"_blank\" rel=\"noopener\"><strong>plage principale de St Georges de Didonne<\/strong><\/a>\u00a0et la plage de Suzac.\u00a0Elle est divis\u00e9e entre les communes de Saint Georges de Didonne et de Meschers sur Gironde, et se trouve en face de la pointe de Grave.<\/p>\t\t\t\t\t\t\t\t<\/div>\n\t\t\t\t<\/div>\n\t\t\t\t<\/div>\n\t\t\t\t\t<\/div>\n\t\t\t\t<\/div>\n\t\t<aside class=\"elementor-element elementor-element-7b88cba8 e-flex e-con-boxed e-con e-parent\" data-id=\"7b88cba8\" data-element_type=\"container\" data-e-type=\"container\" data-settings=\"{&quot;background_background&quot;:&quot;classic&quot;}\">\n\t\t\t\t\t<div class=\"e-con-inner\">\n\t\t\t\t<div class=\"elementor-element elementor-element-746dcd58 elementor-widget elementor-widget-spacer\" data-id=\"746dcd58\" data-element_type=\"widget\" data-e-type=\"widget\" data-widget_type=\"spacer.default\">\n\t\t\t\t\t\t\t<div class=\"elementor-spacer\">\n\t\t\t<div class=\"elementor-spacer-inner\"><\/div>\n\t\t<\/div>\n\t\t\t\t\t\t<\/div>\n\t\t\t\t<div class=\"elementor-element elementor-element-5b7c967d elementor-widget elementor-widget-heading\" data-id=\"5b7c967d\" data-element_type=\"widget\" data-e-type=\"widget\" data-widget_type=\"heading.default\">\n\t\t\t\t\t<h2 class=\"elementor-heading-title elementor-size-default\">H\u00e9bergements de Vacances en direct<\/h2>\t\t\t\t<\/div>\n\t\t\t\t<div class=\"elementor-element elementor-element-25c1e29 elementor-widget elementor-widget-listeo-listings-carousel\" data-id=\"25c1e29\" data-element_type=\"widget\" data-e-type=\"widget\" data-widget_type=\"listeo-listings-carousel.default\">\n\t\t\t\t<div class=\"elementor-widget-container\">\n\t\t\t\t\t        <!-- Carousel \/ Start -->\n        \t<div class=\"simple-slick-carousel dots-nav\" data-slick='{&quot;autoplay&quot;:true,&quot;autoplaySpeed&quot;:3000,&quot;slidesToShow&quot;:3,&quot;slidesToScroll&quot;:1,&quot;responsive&quot;:[{&quot;breakpoint&quot;:1024,&quot;settings&quot;:{&quot;slidesToShow&quot;:2,&quot;slidesToScroll&quot;:1}},{&quot;breakpoint&quot;:768,&quot;settings&quot;:{&quot;slidesToShow&quot;:1,&quot;slidesToScroll&quot;:1}}]}'>\n                            <div class=\"fw-carousel-item\">                    \n                        <!-- Listing Item -->\r\n            <div class=\"col-lg-6 col-md-12\">\r\n                <a href=\"https:\/\/cparici.com\/fr\/annonce\/cottage-de-lulu-avec-spa\/\" class=\"listing-item-container listing-geo-data compact\" data-title=\"Cottage de Lulu avec Spa Meschers sur Gironde\" data-listing-type=\"rental\" data-classifieds-price=\"\u20ac\" data-friendly-address=\"300m des Grottes de R\u00e9gulus\" data-address=\"300m des Grottes de R\u00e9gulus\" data-image=\"https:\/\/cparici.com\/wp-content\/uploads\/2025\/12\/spa-du-cottage-de-lulu-location-vacances-meschers-520x397.jpg\" data-longitude=\"-0.9544389999999999\" data-latitude=\"45.554722\" data-rating=\"5\" data-reviews=\"12\" data-icon=\"<svg xmlns=&quot;http:\/\/www.w3.org\/2000\/svg&quot; width=&quot;800px&quot; height=&quot;800px&quot; viewBox=&quot;0 0 45 45&quot; fill=&quot;none&quot;>\n<path d=&quot;M24.155 8.78099L24.33 8.94499L37.402 21.787L36 23.213L34.2 21.445L34.201 35C34.201 36.054 33.385 36.918 32.35 36.994L32.201 37H12.201C11.147 37 10.283 36.184 10.206 35.149L10.201 35L10.2 21.446L8.402 23.213L7 21.787L20.058 8.95799C21.171 7.82199 22.966 7.75899 24.155 8.78099ZM21.569 10.285L21.473 10.372L12.2 19.481L12.201 35L17.2 34.999L17.201 25C17.201 23.946 18.017 23.082 19.052 23.005L19.201 23H25.201C26.255 23 27.119 23.816 27.196 24.851L27.201 25L27.2 34.999L32.201 35L32.2 19.48L22.901 10.344C22.537 9.98699 21.969 9.96499 21.569 10.285ZM25.201 25H19.201L19.2 34.999H25.2L25.201 25Z&quot; fill=&quot;#3C3C3C&quot;\/>\n<\/svg>\">\r\n            <div class=\"listing-item  \">\r\n                <div class=\"listing-small-badges-container\">\r\n                                                                <div class=\"listing-small-badge pricing-badge\"><i class=\"fa fa-tag\"><\/i>85,00\u20ac - 150,00\u20ac<\/div>\r\n                                                            \r\n                                        \r\n                                        \r\n                <\/div>\r\n                <img decoding=\"async\" src=\"https:\/\/cparici.com\/wp-content\/uploads\/2025\/12\/spa-du-cottage-de-lulu-location-vacances-meschers-520x397.jpg\" alt=\"Cottage de Lulu avec Spa Meschers sur Gironde\" class=\"listing-thumbnail\">\r\n                \r\n\r\n                <div class=\"listing-item-content\">\r\n                                                <div class=\"numerical-rating\" data-rating=\"5.0\"><\/div>\r\n                    \r\n                    <h3> Cottage de Lulu avec Spa Meschers sur Gironde <\/h3>\r\n                    <span>300m des Grottes de R\u00e9gulus<\/span>\r\n                <\/div>\r\n                                        <span class=\"save like-icon tooltip left\" title=\"Connexion pour marquer des \u00e9l\u00e9ments\"><\/span>\r\n                                                <\/div>\r\n        <\/a>\r\n                    <\/div>\r\n        \r\n\r\n        <!-- Listing Item \/ End -->\n                    <\/div>\n                                      <div class=\"fw-carousel-item\">                    \n                        <!-- Listing Item -->\r\n            <div class=\"col-lg-6 col-md-12\">\r\n                <a href=\"https:\/\/cparici.com\/fr\/annonce\/villa-lucas-2-7-piscine-spa\/\" class=\"listing-item-container listing-geo-data compact\" data-title=\"Villa Lucas 2-7 Piscine-spa, Meschers sur Gironde\" data-listing-type=\"rental\" data-classifieds-price=\"\u20ac\" data-friendly-address=\"Boulevard de la Falaise\" data-address=\"Boulevard de la Falaise\" data-image=\"https:\/\/cparici.com\/wp-content\/uploads\/2025\/01\/20200519_141942_01-1-edit-20230321171015-520x397.jpg\" data-longitude=\"-0.9543354999999999\" data-latitude=\"45.5547399\" data-rating=\"5\" data-reviews=\"12\" data-icon=\"<svg xmlns=&quot;http:\/\/www.w3.org\/2000\/svg&quot; width=&quot;800px&quot; height=&quot;800px&quot; viewBox=&quot;0 0 45 45&quot; fill=&quot;none&quot;>\n<path d=&quot;M24.155 8.78099L24.33 8.94499L37.402 21.787L36 23.213L34.2 21.445L34.201 35C34.201 36.054 33.385 36.918 32.35 36.994L32.201 37H12.201C11.147 37 10.283 36.184 10.206 35.149L10.201 35L10.2 21.446L8.402 23.213L7 21.787L20.058 8.95799C21.171 7.82199 22.966 7.75899 24.155 8.78099ZM21.569 10.285L21.473 10.372L12.2 19.481L12.201 35L17.2 34.999L17.201 25C17.201 23.946 18.017 23.082 19.052 23.005L19.201 23H25.201C26.255 23 27.119 23.816 27.196 24.851L27.201 25L27.2 34.999L32.201 35L32.2 19.48L22.901 10.344C22.537 9.98699 21.969 9.96499 21.569 10.285ZM25.201 25H19.201L19.2 34.999H25.2L25.201 25Z&quot; fill=&quot;#3C3C3C&quot;\/>\n<\/svg>\">\r\n            <div class=\"listing-item  \">\r\n                <div class=\"listing-small-badges-container\">\r\n                                                                <div class=\"listing-small-badge pricing-badge\"><i class=\"fa fa-tag\"><\/i>370,00\u20ac - 370,00\u20ac<\/div>\r\n                                                            \r\n                                        \r\n                                        \r\n                <\/div>\r\n                <img decoding=\"async\" src=\"https:\/\/cparici.com\/wp-content\/uploads\/2025\/01\/20200519_141942_01-1-edit-20230321171015-520x397.jpg\" alt=\"Villa Lucas 2-7 Piscine-spa, Meschers sur Gironde\" class=\"listing-thumbnail\">\r\n                \r\n\r\n                <div class=\"listing-item-content\">\r\n                                                <div class=\"numerical-rating\" data-rating=\"5.0\"><\/div>\r\n                    \r\n                    <h3> Villa Lucas 2-7 Piscine-spa, Meschers sur Gironde <\/h3>\r\n                    <span>Boulevard de la Falaise<\/span>\r\n                <\/div>\r\n                                        <span class=\"save like-icon tooltip left\" title=\"Connexion pour marquer des \u00e9l\u00e9ments\"><\/span>\r\n                                                <\/div>\r\n        <\/a>\r\n                    <\/div>\r\n        \r\n\r\n        <!-- Listing Item \/ End -->\n                    <\/div>\n                          <\/div>\n        \t\t\t\t<\/div>\n\t\t\t\t<\/div>\n\t\t\t\t\t<\/div>\n\t\t\t\t<\/aside>\n\t\t<div class=\"elementor-element elementor-element-47ad2b4 e-flex e-con-boxed e-con e-parent\" data-id=\"47ad2b4\" data-element_type=\"container\" data-e-type=\"container\">\n\t\t\t\t\t<div class=\"e-con-inner\">\n\t\t<div class=\"elementor-element elementor-element-86167a1 e-con-full e-flex e-con e-child\" data-id=\"86167a1\" data-element_type=\"container\" data-e-type=\"container\">\n\t\t<div class=\"elementor-element elementor-element-62d120b e-con-full e-flex e-con e-child\" data-id=\"62d120b\" data-element_type=\"container\" data-e-type=\"container\">\n\t\t\t\t<div class=\"elementor-element elementor-element-d3c6124 elementor-widget elementor-widget-text-editor\" data-id=\"d3c6124\" data-element_type=\"widget\" data-e-type=\"widget\" data-widget_type=\"text-editor.default\">\n\t\t\t\t\t\t\t\t\t<p>Description de la pointe de Suzac<\/p><p>Elle comporte\u00a0de nombreux blockhaus\u00a0qui ont \u00e9t\u00e9 construits lors de la Seconde Guerre mondiale ce qui permettait aux allemands de\u00a0contr\u00f4ler strat\u00e9giquement les passages de bateaux sur l\u2019estuaire de la Gironde.<br \/>Le site comporte aussi des restes d\u2019un fort datant de l\u2019\u00e9poque napol\u00e9onienne. Les blockhaus sont aujourd\u2019hui facilement accessibles, et sont souvent recouverts de graffitis.<\/p><p>Pointe de Suzac \u2013 un espace prot\u00e9g\u00e9<\/p><p>La pointe de Suzac est un espace prot\u00e9g\u00e9\u00a0et fait partie depuis 2015 du Parc naturel marin de l\u2019estuaire de la Gironde et de la mer des Pertuis. Elle repr\u00e9sente la limite entre l\u2019oc\u00e9an et l\u2019estuaire de la Gironde. Il est agr\u00e9able de s\u2019y promener en empruntant le sentier c\u00f4tier accessible depuis la plage de Saint Georges de Didonne. Vous pouvez aussi en profiter pour visiter le parc de l\u2019estuaire, proche de la pointe de Suzac.<\/p>\t\t\t\t\t\t\t\t<\/div>\n\t\t\t\t<div class=\"elementor-element elementor-element-559999c elementor-widget elementor-widget-text-editor\" data-id=\"559999c\" data-element_type=\"widget\" data-e-type=\"widget\" data-widget_type=\"text-editor.default\">\n\t\t\t\t\t\t\t\t\t<p>Aux alentours de la pointe<\/p><p>Non loin de la pointe, se trouve\u00a0 la plage de St Georges, et vous pouvez vous rendre en quelques minutes \u00e0 pied seulement dans le centre de la ville et boire un verre en terrasse sur la place de Verdun en face l\u2019\u00e9glise. De la plage, vous \u00eates aussi \u00e0 quelques minutes en voiture de la plage de la Grand Conche \u00e0 Royan, ou des petites plages de Meschers Sur Gironde.<\/p><p><span style=\"color: var( --e-global-color-primary );\">Situ\u00e9e sur la c\u00f4te atlantique fran\u00e7aise, la Pointe de Suzac se dresse \u00e0 l\u2019embouchure de l\u2019estuaire de la Gironde, \u00e0 proximit\u00e9 de la ville de Saint-Georges-de-Didonne. Cet endroit unique conjugue une richesse naturelle, une histoire riche et parfois tragique, ainsi qu\u2019un environnement environnant \u00e0 la fois pr\u00e9serv\u00e9 et accueillant.\u00a0<\/span><\/p>\t\t\t\t\t\t\t\t<\/div>\n\t\t\t\t<\/div>\n\t\t<div class=\"elementor-element elementor-element-4e32b63 e-con-full e-flex e-con e-child\" data-id=\"4e32b63\" data-element_type=\"container\" data-e-type=\"container\">\n\t\t<div class=\"elementor-element elementor-element-22b7e09 e-grid e-con-full e-con e-child\" data-id=\"22b7e09\" data-element_type=\"container\" data-e-type=\"container\">\n\t\t\t\t<div class=\"elementor-element elementor-element-a8fb94e elementor-widget elementor-widget-image\" data-id=\"a8fb94e\" data-element_type=\"widget\" data-e-type=\"widget\" data-widget_type=\"image.default\">\n\t\t\t\t\t\t\t\t\t\t\t\t\t\t\t<img decoding=\"async\" width=\"760\" height=\"501\" src=\"https:\/\/cparici.com\/wp-content\/uploads\/2021\/02\/vue-panoramique-suzac-st-georges-de-didonne-1024x675.jpg\" class=\"attachment-large size-large wp-image-39843\" alt=\"\" srcset=\"https:\/\/cparici.com\/wp-content\/uploads\/2021\/02\/vue-panoramique-suzac-st-georges-de-didonne-1024x675.jpg 1024w, https:\/\/cparici.com\/wp-content\/uploads\/2021\/02\/vue-panoramique-suzac-st-georges-de-didonne-600x395.jpg 600w, https:\/\/cparici.com\/wp-content\/uploads\/2021\/02\/vue-panoramique-suzac-st-georges-de-didonne-300x198.jpg 300w, https:\/\/cparici.com\/wp-content\/uploads\/2021\/02\/vue-panoramique-suzac-st-georges-de-didonne-768x506.jpg 768w, https:\/\/cparici.com\/wp-content\/uploads\/2021\/02\/vue-panoramique-suzac-st-georges-de-didonne-1536x1012.jpg 1536w, https:\/\/cparici.com\/wp-content\/uploads\/2021\/02\/vue-panoramique-suzac-st-georges-de-didonne.jpg 1920w\" sizes=\"(max-width: 760px) 100vw, 760px\">\t\t\t\t\t\t\t\t\t\t\t\t\t\t\t<\/div>\n\t\t\t\t<div class=\"elementor-element elementor-element-93873a3 elementor-widget elementor-widget-image\" data-id=\"93873a3\" data-element_type=\"widget\" data-e-type=\"widget\" data-widget_type=\"image.default\">\n\t\t\t\t\t\t\t\t\t\t\t\t\t\t\t<img decoding=\"async\" width=\"300\" height=\"300\" src=\"https:\/\/cparici.com\/wp-content\/uploads\/2021\/02\/parc-estuaire-2-1-300x300.jpg\" class=\"attachment-medium size-medium wp-image-12276\" alt=\"\" srcset=\"https:\/\/cparici.com\/wp-content\/uploads\/2021\/02\/parc-estuaire-2-1-300x300.jpg 300w, https:\/\/cparici.com\/wp-content\/uploads\/2021\/02\/parc-estuaire-2-1-100x100.jpg 100w, https:\/\/cparici.com\/wp-content\/uploads\/2021\/02\/parc-estuaire-2-1-1024x1024.jpg 1024w, https:\/\/cparici.com\/wp-content\/uploads\/2021\/02\/parc-estuaire-2-1-150x150.jpg 150w, https:\/\/cparici.com\/wp-content\/uploads\/2021\/02\/parc-estuaire-2-1-1536x1536.jpg 1536w, https:\/\/cparici.com\/wp-content\/uploads\/2021\/02\/parc-estuaire-2-1-2048x2048.jpg 2048w\" sizes=\"(max-width: 300px) 100vw, 300px\">\t\t\t\t\t\t\t\t\t\t\t\t\t\t\t<\/div>\n\t\t\t\t<\/div>\n\t\t\t\t<\/div>\n\t\t\t\t<div class=\"elementor-element elementor-element-1deaa39 elementor-widget elementor-widget-text-editor\" data-id=\"1deaa39\" data-element_type=\"widget\" data-e-type=\"widget\" data-widget_type=\"text-editor.default\">\n\t\t\t\t\t\t\t\t\t<h4>La Faune et la Flore de la pointe de Suzac :<\/h4><p>La Pointe de Suzac abrite une biodiversit\u00e9 remarquable, \u00e0 la fois sur terre et en mer. Ses falaises abruptes offrent un habitat id\u00e9al pour de nombreuses esp\u00e8ces d\u2019oiseaux marins, tels que les mouettes, les cormorans et les go\u00e9lands. Les visiteurs attentifs pourront \u00e9galement apercevoir des rapaces tels que le faucon p\u00e8lerin, survolant majestueusement les hauteurs rocheuses \u00e0 la recherche de proies. L\u2019azur\u00e9 du serpolet<\/p><p>Au niveau de la flore, la pointe est couverte d\u2019une v\u00e9g\u00e9tation typique de la r\u00e9gion c\u00f4ti\u00e8re, avec lauriers-roses, eucalyptus, agaves, et m\u00eame les mimosas. La for\u00eat de Suzac abrite des pins maritimes, arbousiers, ch\u00eanes verts, cistes \u00e0 feuilles de sauge, \u0153illets des dunes.<\/p><p>Sous les eaux limpides qui bordent la pointe, la vie marine foisonne. Les fonds rocheux abritent une grande diversit\u00e9 de poissons, de crustac\u00e9s et de mollusques, faisant de la r\u00e9gion un lieu de pr\u00e9dilection pour les plongeurs en qu\u00eate de d\u00e9couvertes sous-marines.<\/p><h3>L\u2019Histoire de la pointe de suzac :<\/h3><p>La Pointe de Suzac, situ\u00e9e sur la c\u00f4te atlantique fran\u00e7aise, abrite une s\u00e9rie de blockhaus \u00e9rig\u00e9s par l\u2019organisation Todt durant la Seconde Guerre mondiale. Ces structures massives, t\u00e9moins silencieux de l\u2019occupation allemande, \u00e9taient strat\u00e9giquement positionn\u00e9es pour contr\u00f4ler les passages maritimes cruciaux de l\u2019estuaire de la Gironde.<\/p><p>En effet, ce site rev\u00eatait une importance capitale pour les Allemands, leur permettant de surveiller et de r\u00e9guler le trafic maritime dans la r\u00e9gion. Les blockhaus, avec leur architecture robuste et leurs positions strat\u00e9giques le long de la c\u00f4te, \u00e9taient essentiels pour d\u00e9fendre les acc\u00e8s \u00e0 l\u2019estuaire et pour prot\u00e9ger les int\u00e9r\u00eats militaires allemands dans la r\u00e9gion. La Seconde Guerre mondiale a laiss\u00e9 son empreinte sur la Pointe de Suzac, en t\u00e9moignent les vestiges des blockhaus et des batteries c\u00f4ti\u00e8res qui pars\u00e8ment le littoral. Occup\u00e9e par les troupes allemandes pendant une grande partie du conflit, la r\u00e9gion a \u00e9t\u00e9 le th\u00e9\u00e2tre de combats acharn\u00e9s lors de la lib\u00e9ration de la France en 1944.<\/p><p>Outre les vestiges de la Seconde Guerre mondiale, la Pointe de Suzac rec\u00e8le \u00e9galement des traces de son pass\u00e9 militaire ant\u00e9rieur. Des restes d\u2019un fort datant de l\u2019\u00e9poque napol\u00e9onienne subsistent sur le site, ajoutant une dimension suppl\u00e9mentaire \u00e0 son histoire riche et complexe.<\/p><p>Aujourd\u2019hui, les blockhaus de la Pointe de Suzac sont\u00a0 accessibles aux visiteurs, offrant une occasion unique de plonger dans le pass\u00e9 et de d\u00e9couvrir de pr\u00e8s les vestiges de la guerre. Cependant, ces structures historiques ne sont pas rest\u00e9es indemnes au fil du temps. En effet, certains des blockhaus sont aujourd\u2019hui recouverts de graffitis,\u00a0 t\u00e9moignages contemporains de l\u2019appropriation artistique de ces lieux charg\u00e9s d\u2019histoire. D\u2019autres, \u00a0d\u00e9sormais recouverts par la v\u00e9g\u00e9tation, sont des rappels poignants de cette sombre p\u00e9riode de l\u2019histoire. Cependant, ils t\u00e9moignent \u00e9galement de la r\u00e9silience et de la d\u00e9termination des forces alli\u00e9es \u00e0 mettre fin \u00e0 l\u2019occupation nazie et \u00e0 restaurer la libert\u00e9 dans la r\u00e9gion.<\/p>\t\t\t\t\t\t\t\t<\/div>\n\t\t<div class=\"elementor-element elementor-element-6d53d5d e-con-full e-flex e-con e-child\" data-id=\"6d53d5d\" data-element_type=\"container\" data-e-type=\"container\">\n\t\t<div class=\"elementor-element elementor-element-0a769c6 e-grid e-con-full e-con e-child\" data-id=\"0a769c6\" data-element_type=\"container\" data-e-type=\"container\">\n\t\t\t\t<div class=\"elementor-element elementor-element-6aa3301 elementor-widget elementor-widget-image\" data-id=\"6aa3301\" data-element_type=\"widget\" data-e-type=\"widget\" data-widget_type=\"image.default\">\n\t\t\t\t\t\t\t\t\t\t\t\t\t\t\t<img decoding=\"async\" width=\"760\" height=\"507\" src=\"https:\/\/cparici.com\/wp-content\/uploads\/2024\/06\/gite-meschers-sur-gironde-plage-des-nonnes-1024x683.jpg\" class=\"attachment-large size-large wp-image-36038\" alt=\"Plages des nonnes \u00e0 meschers sur gironde\" srcset=\"https:\/\/cparici.com\/wp-content\/uploads\/2024\/06\/gite-meschers-sur-gironde-plage-des-nonnes-1024x683.jpg 1024w, https:\/\/cparici.com\/wp-content\/uploads\/2024\/06\/gite-meschers-sur-gironde-plage-des-nonnes-600x400.jpg 600w, https:\/\/cparici.com\/wp-content\/uploads\/2024\/06\/gite-meschers-sur-gironde-plage-des-nonnes-300x200.jpg 300w, https:\/\/cparici.com\/wp-content\/uploads\/2024\/06\/gite-meschers-sur-gironde-plage-des-nonnes-768x512.jpg 768w, https:\/\/cparici.com\/wp-content\/uploads\/2024\/06\/gite-meschers-sur-gironde-plage-des-nonnes-240x160.jpg 240w, https:\/\/cparici.com\/wp-content\/uploads\/2024\/06\/gite-meschers-sur-gironde-plage-des-nonnes.jpg 1500w\" sizes=\"(max-width: 760px) 100vw, 760px\" \/>\t\t\t\t\t\t\t\t\t\t\t\t\t\t\t<\/div>\n\t\t\t\t<div class=\"elementor-element elementor-element-ba32ffb elementor-widget elementor-widget-image\" data-id=\"ba32ffb\" data-element_type=\"widget\" data-e-type=\"widget\" data-widget_type=\"image.default\">\n\t\t\t\t\t\t\t\t\t\t\t\t\t\t\t<img decoding=\"async\" width=\"760\" height=\"501\" src=\"https:\/\/cparici.com\/wp-content\/uploads\/2021\/02\/eglise-st-georges-1024x675.jpg\" class=\"attachment-large size-large wp-image-39828\" alt=\"Eglise de Saint Georges de Didonne\" srcset=\"https:\/\/cparici.com\/wp-content\/uploads\/2021\/02\/eglise-st-georges-1024x675.jpg 1024w, https:\/\/cparici.com\/wp-content\/uploads\/2021\/02\/eglise-st-georges-600x395.jpg 600w, https:\/\/cparici.com\/wp-content\/uploads\/2021\/02\/eglise-st-georges-300x198.jpg 300w, https:\/\/cparici.com\/wp-content\/uploads\/2021\/02\/eglise-st-georges-768x506.jpg 768w, https:\/\/cparici.com\/wp-content\/uploads\/2021\/02\/eglise-st-georges-1536x1012.jpg 1536w, https:\/\/cparici.com\/wp-content\/uploads\/2021\/02\/eglise-st-georges.jpg 1920w\" sizes=\"(max-width: 760px) 100vw, 760px\" \/>\t\t\t\t\t\t\t\t\t\t\t\t\t\t\t<\/div>\n\t\t\t\t<\/div>\n\t\t\t\t<\/div>\n\t\t\t\t<div class=\"elementor-element elementor-element-003e0d4 elementor-widget elementor-widget-gallery\" data-id=\"003e0d4\" data-element_type=\"widget\" data-e-type=\"widget\" data-settings=\"{&quot;lazyload&quot;:&quot;yes&quot;,&quot;gallery_layout&quot;:&quot;grid&quot;,&quot;columns&quot;:4,&quot;columns_tablet&quot;:2,&quot;columns_mobile&quot;:1,&quot;gap&quot;:{&quot;unit&quot;:&quot;px&quot;,&quot;size&quot;:10,&quot;sizes&quot;:[]},&quot;gap_tablet&quot;:{&quot;unit&quot;:&quot;px&quot;,&quot;size&quot;:10,&quot;sizes&quot;:[]},&quot;gap_mobile&quot;:{&quot;unit&quot;:&quot;px&quot;,&quot;size&quot;:10,&quot;sizes&quot;:[]},&quot;link_to&quot;:&quot;file&quot;,&quot;aspect_ratio&quot;:&quot;3:2&quot;,&quot;overlay_background&quot;:&quot;yes&quot;,&quot;content_hover_animation&quot;:&quot;fade-in&quot;}\" data-widget_type=\"gallery.default\">\n\t\t\t\t\t\t\t<div class=\"elementor-gallery__container\">\n\t\t\t\t\t\t\t<a class=\"e-gallery-item elementor-gallery-item elementor-animated-content\" href=\"https:\/\/cparici.com\/wp-content\/uploads\/2021\/02\/st-georges-hastag.jpg\" data-elementor-open-lightbox=\"yes\" data-elementor-lightbox-slideshow=\"003e0d4\" data-elementor-lightbox-title=\"st-georges-hastag\" data-e-action-hash=\"#elementor-action%3Aaction%3Dlightbox%26settings%3DeyJpZCI6Mzk4MzcsInVybCI6Imh0dHBzOlwvXC9jcGFyaWNpLmNvbVwvd3AtY29udGVudFwvdXBsb2Fkc1wvMjAyMVwvMDJcL3N0LWdlb3JnZXMtaGFzdGFnLmpwZyIsInNsaWRlc2hvdyI6IjAwM2UwZDQifQ%3D%3D\">\n\t\t\t\t\t<div class=\"e-gallery-image elementor-gallery-item__image\" data-thumbnail=\"https:\/\/cparici.com\/wp-content\/uploads\/2021\/02\/st-georges-hastag-300x198.jpg\" data-width=\"300\" data-height=\"198\" aria-label=\"st geoges de didonne pointe de suzac\" role=\"img\" ><\/div>\n\t\t\t\t\t\t\t\t\t\t\t<div class=\"elementor-gallery-item__overlay\"><\/div>\n\t\t\t\t\t\t\t\t\t\t\t\t\t\t<\/a>\n\t\t\t\t\t\t\t<a class=\"e-gallery-item elementor-gallery-item elementor-animated-content\" href=\"https:\/\/cparici.com\/wp-content\/uploads\/2021\/02\/foret-de-suzac-1.jpg\" data-elementor-open-lightbox=\"yes\" data-elementor-lightbox-slideshow=\"003e0d4\" data-elementor-lightbox-title=\"foret-de-suzac\" data-e-action-hash=\"#elementor-action%3Aaction%3Dlightbox%26settings%3DeyJpZCI6Mzk5NDksInVybCI6Imh0dHBzOlwvXC9jcGFyaWNpLmNvbVwvd3AtY29udGVudFwvdXBsb2Fkc1wvMjAyMVwvMDJcL2ZvcmV0LWRlLXN1emFjLTEuanBnIiwic2xpZGVzaG93IjoiMDAzZTBkNCJ9\">\n\t\t\t\t\t<div class=\"e-gallery-image elementor-gallery-item__image\" data-thumbnail=\"https:\/\/cparici.com\/wp-content\/uploads\/2021\/02\/foret-de-suzac-1-200x300.jpg\" data-width=\"200\" data-height=\"300\" aria-label=\"foret de suzac\" role=\"img\" ><\/div>\n\t\t\t\t\t\t\t\t\t\t\t<div class=\"elementor-gallery-item__overlay\"><\/div>\n\t\t\t\t\t\t\t\t\t\t\t\t\t\t<\/a>\n\t\t\t\t\t\t\t<a class=\"e-gallery-item elementor-gallery-item elementor-animated-content\" href=\"https:\/\/cparici.com\/wp-content\/uploads\/2021\/02\/guet-estuairede-gironde.jpg\" data-elementor-open-lightbox=\"yes\" data-elementor-lightbox-slideshow=\"003e0d4\" data-elementor-lightbox-title=\"guet-estuairede-gironde\" data-e-action-hash=\"#elementor-action%3Aaction%3Dlightbox%26settings%3DeyJpZCI6Mzk5NTIsInVybCI6Imh0dHBzOlwvXC9jcGFyaWNpLmNvbVwvd3AtY29udGVudFwvdXBsb2Fkc1wvMjAyMVwvMDJcL2d1ZXQtZXN0dWFpcmVkZS1naXJvbmRlLmpwZyIsInNsaWRlc2hvdyI6IjAwM2UwZDQifQ%3D%3D\">\n\t\t\t\t\t<div class=\"e-gallery-image elementor-gallery-item__image\" data-thumbnail=\"https:\/\/cparici.com\/wp-content\/uploads\/2021\/02\/guet-estuairede-gironde-200x300.jpg\" data-width=\"200\" data-height=\"300\" aria-label=\"guet pointe de suzac estuaire\" role=\"img\" ><\/div>\n\t\t\t\t\t\t\t\t\t\t\t<div class=\"elementor-gallery-item__overlay\"><\/div>\n\t\t\t\t\t\t\t\t\t\t\t\t\t\t<\/a>\n\t\t\t\t\t\t\t<a class=\"e-gallery-item elementor-gallery-item elementor-animated-content\" href=\"https:\/\/cparici.com\/wp-content\/uploads\/2021\/02\/liege-foret-de-suzac.jpg\" data-elementor-open-lightbox=\"yes\" data-elementor-lightbox-slideshow=\"003e0d4\" data-elementor-lightbox-title=\"liege-foret-de-suzac\" data-e-action-hash=\"#elementor-action%3Aaction%3Dlightbox%26settings%3DeyJpZCI6Mzk5NTUsInVybCI6Imh0dHBzOlwvXC9jcGFyaWNpLmNvbVwvd3AtY29udGVudFwvdXBsb2Fkc1wvMjAyMVwvMDJcL2xpZWdlLWZvcmV0LWRlLXN1emFjLmpwZyIsInNsaWRlc2hvdyI6IjAwM2UwZDQifQ%3D%3D\">\n\t\t\t\t\t<div class=\"e-gallery-image elementor-gallery-item__image\" data-thumbnail=\"https:\/\/cparici.com\/wp-content\/uploads\/2021\/02\/liege-foret-de-suzac-200x300.jpg\" data-width=\"200\" data-height=\"300\" aria-label=\"li\u00e8ge pointe de suzac\" role=\"img\" ><\/div>\n\t\t\t\t\t\t\t\t\t\t\t<div class=\"elementor-gallery-item__overlay\"><\/div>\n\t\t\t\t\t\t\t\t\t\t\t\t\t\t<\/a>\n\t\t\t\t\t\t\t<a class=\"e-gallery-item elementor-gallery-item elementor-animated-content\" href=\"https:\/\/cparici.com\/wp-content\/uploads\/2021\/02\/parc-foret-de-suzac.jpg\" data-elementor-open-lightbox=\"yes\" data-elementor-lightbox-slideshow=\"003e0d4\" data-elementor-lightbox-title=\"parc-foret-de-suzac\" data-e-action-hash=\"#elementor-action%3Aaction%3Dlightbox%26settings%3DeyJpZCI6Mzk5NTgsInVybCI6Imh0dHBzOlwvXC9jcGFyaWNpLmNvbVwvd3AtY29udGVudFwvdXBsb2Fkc1wvMjAyMVwvMDJcL3BhcmMtZm9yZXQtZGUtc3V6YWMuanBnIiwic2xpZGVzaG93IjoiMDAzZTBkNCJ9\">\n\t\t\t\t\t<div class=\"e-gallery-image elementor-gallery-item__image\" data-thumbnail=\"https:\/\/cparici.com\/wp-content\/uploads\/2021\/02\/parc-foret-de-suzac-200x300.jpg\" data-width=\"200\" data-height=\"300\" aria-label=\"pointe de suzac estuaire de la gironde\" role=\"img\" ><\/div>\n\t\t\t\t\t\t\t\t\t\t\t<div class=\"elementor-gallery-item__overlay\"><\/div>\n\t\t\t\t\t\t\t\t\t\t\t\t\t\t<\/a>\n\t\t\t\t\t\t\t<a class=\"e-gallery-item elementor-gallery-item elementor-animated-content\" href=\"https:\/\/cparici.com\/wp-content\/uploads\/2021\/02\/pointe-de-suzac-1.jpg\" data-elementor-open-lightbox=\"yes\" data-elementor-lightbox-slideshow=\"003e0d4\" data-elementor-lightbox-title=\"pointe-de-suzac\" data-e-action-hash=\"#elementor-action%3Aaction%3Dlightbox%26settings%3DeyJpZCI6Mzk5NjEsInVybCI6Imh0dHBzOlwvXC9jcGFyaWNpLmNvbVwvd3AtY29udGVudFwvdXBsb2Fkc1wvMjAyMVwvMDJcL3BvaW50ZS1kZS1zdXphYy0xLmpwZyIsInNsaWRlc2hvdyI6IjAwM2UwZDQifQ%3D%3D\">\n\t\t\t\t\t<div class=\"e-gallery-image elementor-gallery-item__image\" data-thumbnail=\"https:\/\/cparici.com\/wp-content\/uploads\/2021\/02\/pointe-de-suzac-1-200x300.jpg\" data-width=\"200\" data-height=\"300\" aria-label=\"\" role=\"img\" ><\/div>\n\t\t\t\t\t\t\t\t\t\t\t<div class=\"elementor-gallery-item__overlay\"><\/div>\n\t\t\t\t\t\t\t\t\t\t\t\t\t\t<\/a>\n\t\t\t\t\t<\/div>\n\t\t\t\t\t<\/div>\n\t\t\t\t<div class=\"elementor-element elementor-element-56d9e89 elementor-widget elementor-widget-text-editor\" data-id=\"56d9e89\" data-element_type=\"widget\" data-e-type=\"widget\" data-widget_type=\"text-editor.default\">\n\t\t\t\t\t\t\t\t\t<p>Cette juxtaposition entre pass\u00e9 et pr\u00e9sent conf\u00e8re \u00e0 la Pointe de Suzac une atmosph\u00e8re unique, o\u00f9 les vestiges de la guerre c\u00f4toient l\u2019expression artistique moderne. En explorant ce site, les visiteurs sont invit\u00e9s \u00e0 r\u00e9fl\u00e9chir sur les \u00e9v\u00e9nements qui ont marqu\u00e9 cette p\u00e9riode sombre de l\u2019histoire europ\u00e9enne, tout en admirant les t\u00e9moignages artistiques qui perp\u00e9tuent son h\u00e9ritage jusqu\u2019\u00e0 nos jours. En explorant ces vestiges, les visiteurs peuvent revivre les moments cl\u00e9s de l\u2019histoire locale et rendre hommage aux courageux hommes et femmes qui ont sacrifi\u00e9 leur vie pour la libert\u00e9.<\/p><h3>Les Environs :<\/h3><p>Outre sa richesse naturelle et historique, la Pointe de Suzac offre \u00e9galement de nombreuses possibilit\u00e9s de loisirs et de d\u00e9couvertes dans les environs. Les plages de sable fin qui bordent la c\u00f4te invitent \u00e0 la d\u00e9tente et aux activit\u00e9s nautiques, telles que la baignade, le surf et la voile.<\/p><p>Les sentiers de randonn\u00e9e qui parcourent la r\u00e9gion permettent aux visiteurs d\u2019explorer les paysages vari\u00e9s de la c\u00f4te atlantique, des falaises escarp\u00e9es aux for\u00eats de pins odorants. De plus, les villages pittoresques environnants, avec leurs march\u00e9s color\u00e9s et leurs sp\u00e9cialit\u00e9s culinaires, offrent une immersion authentique dans la culture et le mode de vie de la r\u00e9gion.<\/p><p>En somme, la Pointe de Suzac \u00e0 Saint-Georges-de-Didonne est bien plus qu\u2019un simple lieu touristique. C\u2019est un v\u00e9ritable tr\u00e9sor naturel et historique, o\u00f9 la beaut\u00e9 sauvage de la nature se marie harmonieusement avec le t\u00e9moignage poignant de l\u2019histoire humaine. Que l\u2019on soit passionn\u00e9 de nature, d\u2019histoire ou simplement en qu\u00eate de tranquillit\u00e9, cet endroit unique saura captiver et enchanter tous ceux qui auront la chance de le d\u00e9couvrir.<\/p><h2><strong>\u00a0<\/strong><\/h2><p><strong>St Georges de Didonne\u00a0<\/strong><em>est une petite ville situ\u00e9e \u00e0 l\u2019embouchure de l\u2019estuaire de la Gironde, sur la c\u00f4te de beaut\u00e9, et connue pour sa longue plage de sable fin<\/em><\/p><h3><strong>Aux alentours du site\u2026<\/strong><\/h3><h3><strong>Dans les environs de Suzac<\/strong><\/h3><p>Dans les environs de Suzac se trouve la plage de Vergnes et la longue plage de Saint Georges de Didonne, plus loin la plage de Nonnes; de l\u00e0, vous pouvez vous rendre au port de Meschers\u00a0ainsi que descendre jusqu\u2019aux\u00a0falaises de\u00a0Meschers pour voir les c\u00e9l\u00e8bres\u00a0carrelets\u00a0de Meschers.<\/p><p>D\u00e9couvrez aussi la fameuse plage de Cadet qui raconte l\u2019histoire de Cadet \u00e9tait un pirate qui attirait les bateaux pour qu\u2019ils s\u2019\u00e9crasent sur les rochers, afin de pouvoir les emporter.<\/p><p>L\u2019acc\u00e8s \u00e0 la plage se fait par un court chemin ascendant, ainsi que par un escalier, qui se trouve devant le parking.<\/p><h3><strong>La plage des Nonnes<\/strong><\/h3><p>La plage des Nonnes est anim\u00e9e pendant les mois d\u2019\u00e9t\u00e9, et il est possible, outre la baignade, de profiter des plaisirs de la navigation. Pagayage en catamaran, planche \u00e0 voile, etc\u2026 Il y a deux bars\/restaurants, dont le c\u00e9l\u00e8bre Bikki Beach \u2013 l\u2019ancien Tina\u2019s Cafe \u2013 , ainsi que le Spot. L\u2019endroit id\u00e9al pour siroter des boissons, ou pour essayer la charcuterie de l\u2019assiette, les fromages, ou pour s\u2019asseoir sur le sable. La plage abrite \u00e9galement un centre de voile, ainsi que le\u00a0<strong>cercle nautique de Meschers<\/strong>.\u00a0<\/p><p>\u00c0 quelques minutes de la plage, il est \u00e9galement possible de visiter le centre de la ville, qui est centr\u00e9 autour de l\u2019<a href=\"https:\/\/loclilala.com\/fr\/eglise-st-saturnin-meschers-sur-gironde\/\" target=\"_blank\" rel=\"noopener\"><strong>\u00e9glise de Meschers,<\/strong><\/a>\u00a0o\u00f9 vous trouverez le march\u00e9 ainsi que quelques magasins et restaurants facilement accessibles \u00e0 pied. L\u2019endroit est tr\u00e8s anim\u00e9 pendant les mois d\u2019\u00e9t\u00e9.<\/p>\t\t\t\t\t\t\t\t<\/div>\n\t\t\t\t<\/div>\n\t\t\t\t\t<\/div>\n\t\t\t\t<\/div>\n\t\t<aside class=\"elementor-element elementor-element-1083648b e-flex e-con-boxed e-con e-parent\" data-id=\"1083648b\" data-element_type=\"container\" data-e-type=\"container\">\n\t\t\t\t\t<div class=\"e-con-inner\">\n\t\t\t\t<div class=\"elementor-element elementor-element-a927647 elementor-widget elementor-widget-listeo-posts-grid\" data-id=\"a927647\" data-element_type=\"widget\" data-e-type=\"widget\" data-widget_type=\"listeo-posts-grid.default\">\n\t\t\t\t<div class=\"elementor-widget-container\">\n\t\t\t\t\t\t\t\n\t\t<div class=\"listeo-post-grid-wrapper\">\n\t\t\t<div class=\"row\">\n\n\t\t\t\n\n\t\t\t\t\t\t\t<div class=\"col-md-4\">\n                <a href=\"https:\/\/cparici.com\/fr\/eglise-st-saturnin-meschers-sur-gironde\/\" class=\"blog-compact-item-container\">\n                    <div class=\"blog-compact-item\">\n                        <img decoding=\"async\" width=\"577\" height=\"160\" src=\"https:\/\/cparici.com\/wp-content\/uploads\/2021\/03\/eglise-meschers-banniere.jpg\" class=\"attachment-listeo-blog-related-post size-listeo-blog-related-post wp-post-image\" alt=\"Eglise St Saturnin a Meschers sur Gironde\" srcset=\"https:\/\/cparici.com\/wp-content\/uploads\/2021\/03\/eglise-meschers-banniere.jpg 2521w, https:\/\/cparici.com\/wp-content\/uploads\/2021\/03\/eglise-meschers-banniere-600x165.jpg 600w, https:\/\/cparici.com\/wp-content\/uploads\/2021\/03\/eglise-meschers-banniere-768x212.jpg 768w\" sizes=\"(max-width: 577px) 100vw, 577px\" \/><span class=\"blog-item-tag\">Charente maritime<\/span>                        \n                        <div class=\"blog-compact-item-content\">\n                                                        <h3>Eglise St Saturnin Meschers sur Gironde<\/h3>\n                                                        <p>L'Eglise de Meschers \u00a0est une \u00e9glise situ\u00e9e dans le centre-ville de Meschers de style n\u00e9o-classique,...                            <\/p>\n                                                    <\/div>\n                    <\/div>\n                <\/a>\n            <\/div>\n\t\t\t<div class=\"col-md-4\">\n                <a href=\"https:\/\/cparici.com\/fr\/casino-de-royan-a-pontaillac\/\" class=\"blog-compact-item-container\">\n                    <div class=\"blog-compact-item\">\n                        <img decoding=\"async\" width=\"577\" height=\"269\" src=\"https:\/\/cparici.com\/wp-content\/uploads\/2021\/03\/casino-pontaillac-royan-banniere.jpg\" class=\"attachment-listeo-blog-related-post size-listeo-blog-related-post wp-post-image\" alt=\"casino pontaillac royan\" srcset=\"https:\/\/cparici.com\/wp-content\/uploads\/2021\/03\/casino-pontaillac-royan-banniere.jpg 1520w, https:\/\/cparici.com\/wp-content\/uploads\/2021\/03\/casino-pontaillac-royan-banniere-600x279.jpg 600w, https:\/\/cparici.com\/wp-content\/uploads\/2021\/03\/casino-pontaillac-royan-banniere-768x357.jpg 768w\" sizes=\"(max-width: 577px) 100vw, 577px\" \/><span class=\"blog-item-tag\">Casinos<\/span>                        \n                        <div class=\"blog-compact-item-content\">\n                                                        <h3>Casino de Royan a Pontaillac<\/h3>\n                                                        <p>Le Casino de Royan est situ\u00e9 dans la ville de Royan dans le quartier de...                            <\/p>\n                                                    <\/div>\n                    <\/div>\n                <\/a>\n            <\/div>\n\t\t\t<div class=\"col-md-4\">\n                <a href=\"https:\/\/cparici.com\/fr\/les-falaises-meschers-sur-gironde\/\" class=\"blog-compact-item-container\">\n                    <div class=\"blog-compact-item\">\n                        <img decoding=\"async\" width=\"577\" height=\"185\" src=\"https:\/\/cparici.com\/wp-content\/uploads\/2020\/12\/falaises-meschers-banniere.jpg\" class=\"attachment-listeo-blog-related-post size-listeo-blog-related-post wp-post-image\" alt=\"falaises meschers sur gironde\" srcset=\"https:\/\/cparici.com\/wp-content\/uploads\/2020\/12\/falaises-meschers-banniere.jpg 1520w, https:\/\/cparici.com\/wp-content\/uploads\/2020\/12\/falaises-meschers-banniere-600x192.jpg 600w, https:\/\/cparici.com\/wp-content\/uploads\/2020\/12\/falaises-meschers-banniere-768x246.jpg 768w\" sizes=\"(max-width: 577px) 100vw, 577px\" \/><span class=\"blog-item-tag\">France<\/span>                        \n                        <div class=\"blog-compact-item-content\">\n                                                        <h3>Les falaises de Meschers sur Gironde<\/h3>\n                                                        <p>Les falaises de Meschers sur Gironde sont des falaises de calcaire qui bordent l'estuaire de...                            <\/p>\n                                                    <\/div>\n                    <\/div>\n                <\/a>\n            <\/div>\n  <\/div>\n        <\/div>\n        \t\t\t\t<\/div>\n\t\t\t\t<\/div>\n\t\t\t\t\t<\/div>\n\t\t\t\t<\/aside>\n\t\t\t\t<\/div>\n\t\t","protected":false},"excerpt":{"rendered":"<p>La pointe de Suzac a Saint Georges de Didonne est un cap rocheux dans l\u2019estuaire de la Gironde, entre la plage principale de St Georges de Didonne et la plage de Suzac.<\/p>\n","protected":false},"author":1,"featured_media":15239,"comment_status":"closed","ping_status":"closed","sticky":false,"template":"","format":"standard","meta":{"ngg_post_thumbnail":0,"footnotes":""},"categories":[462,477],"tags":[162,189,159,218,219,190],"class_list":["post-12779","post","type-post","status-publish","format-standard","has-post-thumbnail","hentry","category-saint-georges-de-didonne","category-france","tag-culturel","tag-meschers","tag-royan","tag-st-georges-de-didonne","tag-st-palais-sur-mer","tag-talmont"],"_links":{"self":[{"href":"https:\/\/cparici.com\/fr\/wp-json\/wp\/v2\/posts\/12779","targetHints":{"allow":["GET"]}}],"collection":[{"href":"https:\/\/cparici.com\/fr\/wp-json\/wp\/v2\/posts"}],"about":[{"href":"https:\/\/cparici.com\/fr\/wp-json\/wp\/v2\/types\/post"}],"author":[{"embeddable":true,"href":"https:\/\/cparici.com\/fr\/wp-json\/wp\/v2\/users\/1"}],"replies":[{"embeddable":true,"href":"https:\/\/cparici.com\/fr\/wp-json\/wp\/v2\/comments?post=12779"}],"version-history":[{"count":0,"href":"https:\/\/cparici.com\/fr\/wp-json\/wp\/v2\/posts\/12779\/revisions"}],"wp:featuredmedia":[{"embeddable":true,"href":"https:\/\/cparici.com\/fr\/wp-json\/wp\/v2\/media\/15239"}],"wp:attachment":[{"href":"https:\/\/cparici.com\/fr\/wp-json\/wp\/v2\/media?parent=12779"}],"wp:term":[{"taxonomy":"category","embeddable":true,"href":"https:\/\/cparici.com\/fr\/wp-json\/wp\/v2\/categories?post=12779"},{"taxonomy":"post_tag","embeddable":true,"href":"https:\/\/cparici.com\/fr\/wp-json\/wp\/v2\/tags?post=12779"}],"curies":[{"name":"wp","href":"https:\/\/api.w.org\/{rel}","templated":true}]}}