{"id":12898,"date":"2021-03-02T07:47:12","date_gmt":"2021-03-02T07:47:12","guid":{"rendered":"https:\/\/loclilala-vacances.com\/?p=12898"},"modified":"2026-01-18T14:06:07","modified_gmt":"2026-01-18T13:06:07","slug":"eglise-saint-georges-de-didonne","status":"publish","type":"post","link":"https:\/\/cparici.com\/fr\/eglise-saint-georges-de-didonne\/","title":{"rendered":"Eglise de Saint Georges de Didonne"},"content":{"rendered":"\t\t<div data-elementor-type=\"wp-post\" data-elementor-id=\"12898\" class=\"elementor elementor-12898\" data-elementor-post-type=\"post\">\n\t\t\t\t<div class=\"elementor-element elementor-element-fa063ef e-con-full e-flex e-con e-parent\" data-id=\"fa063ef\" data-element_type=\"container\" data-e-type=\"container\">\n\t\t\t\t<div class=\"elementor-element elementor-element-f56d217 elementor-widget elementor-widget-image\" data-id=\"f56d217\" data-element_type=\"widget\" data-e-type=\"widget\" data-widget_type=\"image.default\">\n\t\t\t\t\t\t\t\t\t\t\t\t\t\t\t<img decoding=\"async\" width=\"2521\" height=\"629\" src=\"https:\/\/cparici.com\/wp-content\/uploads\/2021\/03\/eglise-st-georges-banniere.jpg\" class=\"attachment-full size-full wp-image-12866\" alt=\"eglise st georges banniere\" srcset=\"https:\/\/cparici.com\/wp-content\/uploads\/2021\/03\/eglise-st-georges-banniere.jpg 2521w, https:\/\/cparici.com\/wp-content\/uploads\/2021\/03\/eglise-st-georges-banniere-600x149.jpg 600w, https:\/\/cparici.com\/wp-content\/uploads\/2021\/03\/eglise-st-georges-banniere-768x191.jpg 768w\" sizes=\"(max-width: 2521px) 100vw, 2521px\" \/>\t\t\t\t\t\t\t\t\t\t\t\t\t\t\t<\/div>\n\t\t\t\t<\/div>\n\t\t<aside class=\"elementor-element elementor-element-a4cabb3 e-flex e-con-boxed e-con e-parent\" data-id=\"a4cabb3\" data-element_type=\"container\" data-e-type=\"container\">\n\t\t\t\t\t<div class=\"e-con-inner\">\n\t\t\t\t<div class=\"elementor-element elementor-element-05f7baa elementor-widget elementor-widget-global elementor-global-62046 elementor-widget-eael-advanced-search\" data-id=\"05f7baa\" data-element_type=\"widget\" data-e-type=\"widget\" data-widget_type=\"eael-advanced-search.default\">\n\t\t\t\t\t        <div class=\"eael-adv-search-wrapper\">\n            <div id=\"eael-advanced-search-widget-05f7baa\" class=\"eael-advanced-search-widget\">\n                <form data-settings=\"{&quot;post_per_page&quot;:5,&quot;search_among_taxonomies&quot;:&quot;&quot;,&quot;search_among_sku&quot;:&quot;no&quot;,&quot;show_popular_keyword&quot;:0,&quot;show_category&quot;:0,&quot;show_content_image&quot;:1,&quot;show_search_result_all_results&quot;:0,&quot;result_on_new_tab&quot;:&quot;no&quot;,&quot;show_product_price&quot;:&quot;no&quot;,&quot;include_current_page&quot;:&quot;no&quot;,&quot;current_post_id&quot;:12898,&quot;post_type&quot;:[&quot;post&quot;,&quot;listing&quot;]}\" method=\"POST\" name=\"eael-advanced-search-form-05f7baa\" class=\"eael-advanced-search-form eael-advanced-search-form-style-2\">\n                    <div class=\"eael-advanced-search-wrap\">\n                        <span class=\"eael-adv-search-loader\"><\/span>\n                        <span class=\"eael-adv-search-close\"><i class=\"fas fa-times\"><\/i><\/span>\n                        <span class=\"icon \"><i class=\"fas fa-search\"><\/i><\/span>\n\n                        <input type=\"text\"\n                               placeholder=\"Votre destination\"\n                               class=\"eael-advanced-search\" autocomplete=\"off\" name=\"eael_advanced_search\">\n                    <\/div>\n\t\t\t\t\t                                    <\/form>\n\n\t\t\t\t\n\t\t\t\t        <div class=\"eael-advanced-search-result\">\n            <div class=\"eael-advanced-search-popular-keyword\">\n\t\t\t\t<h4 class=\"eael-advanced-search-popular-keyword-text\">Recherches populaires<\/h4>                <div class=\"eael-popular-keyword-content\"><\/div>\n            <\/div>\n            <div class=\"eael-advanced-search-category\">\n\t\t\t\t<h4 class=\"eael-advanced-search-category-text\">Categories<\/h4>                <div class=\"eael-popular-category-content\"><\/div>\n            <\/div>\n\t\t\t<div class=\"eael-advanced-search-total-results-section\">\n\t\t\t\t\t\t\t<\/div>\n            <div class=\"eael-advanced-search-content eael-item-style-3\">\n            <\/div>\n            <div class=\"eael-advanced-search-not-found\">\n                <p>Pas de r\u00e9sultats<\/p><\/div>\n            <div class=\"eael-advanced-search-load-more\">\n\t\t\t\t<a \tclass=\"eael-advanced-search-load-more-button\"\n                \thref=\"#\">Voir tous les r\u00e9sultats<\/a>\n            <\/div>\n        <\/div>\n\n\t\t            <\/div>\n        <\/div>\n\n\t\t\t\t\t\t<\/div>\n\t\t\t\t\t<\/div>\n\t\t\t\t<\/aside>\n\t\t<div class=\"elementor-element elementor-element-43422e8f e-flex e-con-boxed e-con e-parent\" data-id=\"43422e8f\" data-element_type=\"container\" data-e-type=\"container\">\n\t\t\t\t\t<div class=\"e-con-inner\">\n\t\t<div class=\"elementor-element elementor-element-696f0430 e-con-full e-flex e-con e-child\" data-id=\"696f0430\" data-element_type=\"container\" data-e-type=\"container\">\n\t\t\t\t<div class=\"elementor-element elementor-element-4709b27c elementor-widget elementor-widget-text-editor\" data-id=\"4709b27c\" data-element_type=\"widget\" data-e-type=\"widget\" data-widget_type=\"text-editor.default\">\n\t\t\t\t\t\t\t\t\t<div class=\"vc_row wpb_row vc_row-fluid box_1 vc_custom_1617137653494 vc_row-has-fill wpestate_row vc_row\"><div class=\"wpb_column vc_column_container vc_col-sm-12 vc_column\"><div class=\"vc_column-inner\"><div class=\"wpb_wrapper\"><div class=\"wpb_text_column wpb_content_element vc_custom_1716065363532 vc_column_text\"><div class=\"wpb_wrapper\"><h1 style=\"text-align: center;\"><span style=\"font-size: 18pt;\">Eglise de Saint Georges de Didonne<\/span><\/h1><h2><span style=\"font-size: 14pt;\">D\u00e9couvrez l&#8217;Eglise de Saint Georges de Didonne sur la c\u00f4te de beaut\u00e9<\/span><\/h2><\/div><\/div><\/div><\/div><\/div><\/div>\t\t\t\t\t\t\t\t<\/div>\n\t\t<div class=\"elementor-element elementor-element-5cfa71c7 e-grid e-con-full e-con e-child\" data-id=\"5cfa71c7\" data-element_type=\"container\" data-e-type=\"container\">\n\t\t\t\t<div class=\"elementor-element elementor-element-7123a6fb elementor-widget elementor-widget-google_maps\" data-id=\"7123a6fb\" data-element_type=\"widget\" data-e-type=\"widget\" data-widget_type=\"google_maps.default\">\n\t\t\t\t\t\t\t<div class=\"elementor-custom-embed\">\n\t\t\t<iframe loading=\"lazy\"\n\t\t\t\t\tsrc=\"https:\/\/maps.google.com\/maps?q=%C3%A9glise%20de%20st%20georges%20de%20didonne&#038;t=m&#038;z=13&#038;output=embed&#038;iwloc=near\"\n\t\t\t\t\ttitle=\"\u00e9glise de st georges de didonne\"\n\t\t\t\t\taria-label=\"\u00e9glise de st georges de didonne\"\n\t\t\t><\/iframe>\n\t\t<\/div>\n\t\t\t\t\t\t<\/div>\n\t\t\t\t<div class=\"elementor-element elementor-element-16589425 elementor-widget elementor-widget-image\" data-id=\"16589425\" data-element_type=\"widget\" data-e-type=\"widget\" data-widget_type=\"image.default\">\n\t\t\t\t\t\t\t\t\t\t\t\t\t\t\t<img decoding=\"async\" width=\"760\" height=\"760\" src=\"https:\/\/cparici.com\/wp-content\/uploads\/2021\/03\/eglise-st-georges-2-1024x1024.jpg\" class=\"attachment-large size-large wp-image-12869\" alt=\"Eglise St Georges a Saint Georges de Didonne\" srcset=\"https:\/\/cparici.com\/wp-content\/uploads\/2021\/03\/eglise-st-georges-2-1024x1024.jpg 1024w, https:\/\/cparici.com\/wp-content\/uploads\/2021\/03\/eglise-st-georges-2-300x300.jpg 300w, https:\/\/cparici.com\/wp-content\/uploads\/2021\/03\/eglise-st-georges-2-100x100.jpg 100w, https:\/\/cparici.com\/wp-content\/uploads\/2021\/03\/eglise-st-georges-2-150x150.jpg 150w, https:\/\/cparici.com\/wp-content\/uploads\/2021\/03\/eglise-st-georges-2-1536x1536.jpg 1536w, https:\/\/cparici.com\/wp-content\/uploads\/2021\/03\/eglise-st-georges-2-2048x2048.jpg 2048w\" sizes=\"(max-width: 760px) 100vw, 760px\" \/>\t\t\t\t\t\t\t\t\t\t\t\t\t\t\t<\/div>\n\t\t\t\t<\/div>\n\t\t\t\t<\/div>\n\t\t\t\t\t<\/div>\n\t\t\t\t<\/div>\n\t\t<aside class=\"elementor-element elementor-element-25538755 e-flex e-con-boxed e-con e-parent\" data-id=\"25538755\" data-element_type=\"container\" data-e-type=\"container\" data-settings=\"{&quot;background_background&quot;:&quot;classic&quot;}\">\n\t\t\t\t\t<div class=\"e-con-inner\">\n\t\t\t\t<div class=\"elementor-element elementor-element-1a91e04d elementor-widget elementor-widget-spacer\" data-id=\"1a91e04d\" data-element_type=\"widget\" data-e-type=\"widget\" data-widget_type=\"spacer.default\">\n\t\t\t\t\t\t\t<div class=\"elementor-spacer\">\n\t\t\t<div class=\"elementor-spacer-inner\"><\/div>\n\t\t<\/div>\n\t\t\t\t\t\t<\/div>\n\t\t\t\t<div class=\"elementor-element elementor-element-3e810224 elementor-widget elementor-widget-heading\" data-id=\"3e810224\" data-element_type=\"widget\" data-e-type=\"widget\" data-widget_type=\"heading.default\">\n\t\t\t\t\t<h2 class=\"elementor-heading-title elementor-size-default\">H\u00e9bergements de Vacances  en direct<\/h2>\t\t\t\t<\/div>\n\t\t\t\t<div class=\"elementor-element elementor-element-5bcb7641 elementor-widget elementor-widget-listeo-listings-carousel\" data-id=\"5bcb7641\" data-element_type=\"widget\" data-e-type=\"widget\" data-widget_type=\"listeo-listings-carousel.default\">\n\t\t\t\t<div class=\"elementor-widget-container\">\n\t\t\t\t\t        <!-- Carousel \/ Start -->\n        \t<div class=\"simple-slick-carousel dots-nav\" data-slick='{&quot;autoplay&quot;:true,&quot;autoplaySpeed&quot;:3000,&quot;slidesToShow&quot;:3,&quot;slidesToScroll&quot;:1,&quot;responsive&quot;:[{&quot;breakpoint&quot;:1024,&quot;settings&quot;:{&quot;slidesToShow&quot;:2,&quot;slidesToScroll&quot;:1}},{&quot;breakpoint&quot;:768,&quot;settings&quot;:{&quot;slidesToShow&quot;:1,&quot;slidesToScroll&quot;:1}}]}'>\n                            <div class=\"fw-carousel-item\">                    \n                        <!-- Listing Item -->\r\n            <div class=\"col-lg-6 col-md-12\">\r\n                <a href=\"https:\/\/cparici.com\/fr\/annonce\/cottage-de-lulu-avec-spa\/\" class=\"listing-item-container listing-geo-data compact\" data-title=\"Cottage de Lulu avec Spa Meschers sur Gironde\" data-listing-type=\"rental\" data-classifieds-price=\"&euro;\" data-friendly-address=\"300m des Grottes de R\u00e9gulus\" data-address=\"300m des Grottes de R\u00e9gulus\" data-image=\"https:\/\/cparici.com\/wp-content\/uploads\/2025\/12\/spa-du-cottage-de-lulu-location-vacances-meschers-520x397.jpg\" data-longitude=\"-0.9544389999999999\" data-latitude=\"45.554722\" data-rating=\"5\" data-reviews=\"12\" data-icon=\"&lt;svg xmlns=&quot;http:\/\/www.w3.org\/2000\/svg&quot; width=&quot;800px&quot; height=&quot;800px&quot; viewBox=&quot;0 0 45 45&quot; fill=&quot;none&quot;&gt;\n&lt;path d=&quot;M24.155 8.78099L24.33 8.94499L37.402 21.787L36 23.213L34.2 21.445L34.201 35C34.201 36.054 33.385 36.918 32.35 36.994L32.201 37H12.201C11.147 37 10.283 36.184 10.206 35.149L10.201 35L10.2 21.446L8.402 23.213L7 21.787L20.058 8.95799C21.171 7.82199 22.966 7.75899 24.155 8.78099ZM21.569 10.285L21.473 10.372L12.2 19.481L12.201 35L17.2 34.999L17.201 25C17.201 23.946 18.017 23.082 19.052 23.005L19.201 23H25.201C26.255 23 27.119 23.816 27.196 24.851L27.201 25L27.2 34.999L32.201 35L32.2 19.48L22.901 10.344C22.537 9.98699 21.969 9.96499 21.569 10.285ZM25.201 25H19.201L19.2 34.999H25.2L25.201 25Z&quot; fill=&quot;#3C3C3C&quot;\/&gt;\n&lt;\/svg&gt;\">\r\n            <div class=\"listing-item  \">\r\n                <div class=\"listing-small-badges-container\">\r\n                                                                <div class=\"listing-small-badge pricing-badge\"><i class=\"fa fa-tag\"><\/i>85,00&euro; - 150,00&euro;<\/div>\r\n                                                            \r\n                                        \r\n                                        \r\n                <\/div>\r\n                <img decoding=\"async\" src=\"https:\/\/cparici.com\/wp-content\/uploads\/2025\/12\/spa-du-cottage-de-lulu-location-vacances-meschers-520x397.jpg\" alt=\"Cottage de Lulu avec Spa Meschers sur Gironde\" class=\"listing-thumbnail\">\r\n                \r\n\r\n                <div class=\"listing-item-content\">\r\n                                                <div class=\"numerical-rating\" data-rating=\"5.0\"><\/div>\r\n                    \r\n                    <h3> Cottage de Lulu avec Spa Meschers sur Gironde <\/h3>\r\n                    <span>300m des Grottes de R\u00e9gulus<\/span>\r\n                <\/div>\r\n                                        <span class=\"save like-icon tooltip left\" title=\"Connexion pour marquer des \u00e9l\u00e9ments\"><\/span>\r\n                                                <\/div>\r\n        <\/a>\r\n                    <\/div>\r\n        \r\n\r\n        <!-- Listing Item \/ End -->\n                    <\/div>\n                                      <div class=\"fw-carousel-item\">                    \n                        <!-- Listing Item -->\r\n            <div class=\"col-lg-6 col-md-12\">\r\n                <a href=\"https:\/\/cparici.com\/fr\/annonce\/villa-lucas-2-7-piscine-spa\/\" class=\"listing-item-container listing-geo-data compact\" data-title=\"Villa Lucas 2-7 Piscine-spa, Meschers sur Gironde\" data-listing-type=\"rental\" data-classifieds-price=\"&euro;\" data-friendly-address=\"Boulevard de la Falaise\" data-address=\"Boulevard de la Falaise\" data-image=\"https:\/\/cparici.com\/wp-content\/uploads\/2025\/01\/20200519_141942_01-1-edit-20230321171015-520x397.jpg\" data-longitude=\"-0.9543354999999999\" data-latitude=\"45.5547399\" data-rating=\"5\" data-reviews=\"12\" data-icon=\"&lt;svg xmlns=&quot;http:\/\/www.w3.org\/2000\/svg&quot; width=&quot;800px&quot; height=&quot;800px&quot; viewBox=&quot;0 0 45 45&quot; fill=&quot;none&quot;&gt;\n&lt;path d=&quot;M24.155 8.78099L24.33 8.94499L37.402 21.787L36 23.213L34.2 21.445L34.201 35C34.201 36.054 33.385 36.918 32.35 36.994L32.201 37H12.201C11.147 37 10.283 36.184 10.206 35.149L10.201 35L10.2 21.446L8.402 23.213L7 21.787L20.058 8.95799C21.171 7.82199 22.966 7.75899 24.155 8.78099ZM21.569 10.285L21.473 10.372L12.2 19.481L12.201 35L17.2 34.999L17.201 25C17.201 23.946 18.017 23.082 19.052 23.005L19.201 23H25.201C26.255 23 27.119 23.816 27.196 24.851L27.201 25L27.2 34.999L32.201 35L32.2 19.48L22.901 10.344C22.537 9.98699 21.969 9.96499 21.569 10.285ZM25.201 25H19.201L19.2 34.999H25.2L25.201 25Z&quot; fill=&quot;#3C3C3C&quot;\/&gt;\n&lt;\/svg&gt;\">\r\n            <div class=\"listing-item  \">\r\n                <div class=\"listing-small-badges-container\">\r\n                                                                <div class=\"listing-small-badge pricing-badge\"><i class=\"fa fa-tag\"><\/i>370,00&euro; - 370,00&euro;<\/div>\r\n                                                            \r\n                                        \r\n                                        \r\n                <\/div>\r\n                <img decoding=\"async\" src=\"https:\/\/cparici.com\/wp-content\/uploads\/2025\/01\/20200519_141942_01-1-edit-20230321171015-520x397.jpg\" alt=\"Villa Lucas 2-7 Piscine-spa, Meschers sur Gironde\" class=\"listing-thumbnail\">\r\n                \r\n\r\n                <div class=\"listing-item-content\">\r\n                                                <div class=\"numerical-rating\" data-rating=\"5.0\"><\/div>\r\n                    \r\n                    <h3> Villa Lucas 2-7 Piscine-spa, Meschers sur Gironde <\/h3>\r\n                    <span>Boulevard de la Falaise<\/span>\r\n                <\/div>\r\n                                        <span class=\"save like-icon tooltip left\" title=\"Connexion pour marquer des \u00e9l\u00e9ments\"><\/span>\r\n                                                <\/div>\r\n        <\/a>\r\n                    <\/div>\r\n        \r\n\r\n        <!-- Listing Item \/ End -->\n                    <\/div>\n                          <\/div>\n        \t\t\t\t<\/div>\n\t\t\t\t<\/div>\n\t\t\t\t\t<\/div>\n\t\t\t\t<\/aside>\n\t\t<div class=\"elementor-element elementor-element-7aead70 e-flex e-con-boxed e-con e-parent\" data-id=\"7aead70\" data-element_type=\"container\" data-e-type=\"container\">\n\t\t\t\t\t<div class=\"e-con-inner\">\n\t\t<div class=\"elementor-element elementor-element-4a53626 e-con-full e-flex e-con e-child\" data-id=\"4a53626\" data-element_type=\"container\" data-e-type=\"container\">\n\t\t<div class=\"elementor-element elementor-element-a9b674f e-con-full e-flex e-con e-child\" data-id=\"a9b674f\" data-element_type=\"container\" data-e-type=\"container\">\n\t\t\t\t<div class=\"elementor-element elementor-element-862b1bd elementor-widget elementor-widget-text-editor\" data-id=\"862b1bd\" data-element_type=\"widget\" data-e-type=\"widget\" data-widget_type=\"text-editor.default\">\n\t\t\t\t\t\t\t\t\t<p>L\u2019Eglise de Saint Georges a Saint Georges de Didonne est une \u00e9glise paroissiale situ\u00e9e dans le centre-ville de <a href=\"https:\/\/cparici.com\/saint-georges-de-didonne-guide-pratique-pour-decouvrir-la-ville\/\">la ville<\/a> de\u00a0<strong>Saint Georges<\/strong>, plus pr\u00e9cis\u00e9ment sur la place de Verdun. Le style de l\u2019\u00e9glise de Saint Georges de Didonne est h\u00e9t\u00e9roclite, le b\u00e2timent ayant plusieurs fois \u00e9t\u00e9 modifi\u00e9 dans le temps : sa fa\u00e7ade reste sobre, et dispose de chapiteaux datant du 12\u00e8me si\u00e8cle. Le clocher, quant \u00e0 lui, date du 19\u00e8me si\u00e8cle, et est visible de la pointe de Grave.<br \/>L\u2019\u00e9glise est id\u00e9alement situ\u00e9e dans le c\u0153ur de Saint Georges de Didonne, et il est agr\u00e9able de fl\u00e2ner sur la place de Verdun, ou de s\u2019arr\u00eater pour boire un verre sur une des terrasses entourant l\u2019\u00e9glise. De celle-ci, il est facile de se rendre \u00e0 pied sur\u00a0<strong>la plage de Saint Georges de Didonne<\/strong>, ou longer le sentier c\u00f4tier jusqu\u2019au\u00a0<a href=\"https:\/\/cparici.com\/phare-de-vallieres-a-saint-georges-de-didonne\/\"><strong>phare de Valli\u00e8res<\/strong><\/a>\u00a0et de profiter du soleil en famille.<\/p><p>Non loin de l\u2019\u00e9glise, la plage s\u2019\u00e9tend de la\u00a0<a href=\"https:\/\/cparici.com\/pointe-de-suzac-saint-georges-de-didonne\/\"><strong>pointe de Suzac<\/strong><\/a>, avec l\u2019accrobranche et non loin le\u00a0<a href=\"https:\/\/cparici.com\/parc-de-lestuaire-a-st-georges-de-didonne\/\"><strong>parc de l\u2019estuaire<\/strong><\/a>, jusqu\u2019au centre nautique, non loin du\u00a0<strong>phare de Valli\u00e8res<\/strong>\u00a0et du petit port de St Georges.<\/p><p>De la plage de St Georges, vous \u00eates \u00e0 quelques minutes en voiture de la\u00a0<a href=\"https:\/\/cparici.com\/plage-de-royan-cote-de-beaute\/\"><strong>plage de la Grand Conche \u00e0 Royan<\/strong><\/a>, ou des petites plages de Meschers Sur Gironde.<\/p>\t\t\t\t\t\t\t\t<\/div>\n\t\t\t\t<\/div>\n\t\t<div class=\"elementor-element elementor-element-c5f9701 e-con-full e-flex e-con e-child\" data-id=\"c5f9701\" data-element_type=\"container\" data-e-type=\"container\">\n\t\t<div class=\"elementor-element elementor-element-a3b925b e-grid e-con-full e-con e-child\" data-id=\"a3b925b\" data-element_type=\"container\" data-e-type=\"container\">\n\t\t\t\t<div class=\"elementor-element elementor-element-100426e elementor-widget elementor-widget-image\" data-id=\"100426e\" data-element_type=\"widget\" data-e-type=\"widget\" data-widget_type=\"image.default\">\n\t\t\t\t\t\t\t\t\t\t\t\t\t\t\t<img decoding=\"async\" width=\"760\" height=\"760\" src=\"https:\/\/cparici.com\/wp-content\/uploads\/2021\/03\/eglise-st-georges-2-1024x1024.jpg\" class=\"attachment-large size-large wp-image-12869\" alt=\"Eglise St Georges a Saint Georges de Didonne\" srcset=\"https:\/\/cparici.com\/wp-content\/uploads\/2021\/03\/eglise-st-georges-2-1024x1024.jpg 1024w, https:\/\/cparici.com\/wp-content\/uploads\/2021\/03\/eglise-st-georges-2-300x300.jpg 300w, https:\/\/cparici.com\/wp-content\/uploads\/2021\/03\/eglise-st-georges-2-100x100.jpg 100w, https:\/\/cparici.com\/wp-content\/uploads\/2021\/03\/eglise-st-georges-2-150x150.jpg 150w, https:\/\/cparici.com\/wp-content\/uploads\/2021\/03\/eglise-st-georges-2-1536x1536.jpg 1536w, https:\/\/cparici.com\/wp-content\/uploads\/2021\/03\/eglise-st-georges-2-2048x2048.jpg 2048w\" sizes=\"(max-width: 760px) 100vw, 760px\" \/>\t\t\t\t\t\t\t\t\t\t\t\t\t\t\t<\/div>\n\t\t\t\t<div class=\"elementor-element elementor-element-c5c2b4e elementor-widget elementor-widget-image\" data-id=\"c5c2b4e\" data-element_type=\"widget\" data-e-type=\"widget\" data-widget_type=\"image.default\">\n\t\t\t\t\t\t\t\t\t\t\t\t\t\t\t<img decoding=\"async\" width=\"760\" height=\"760\" src=\"https:\/\/cparici.com\/wp-content\/uploads\/2021\/03\/eglise-st-georges-9-1024x1024.jpg\" class=\"attachment-large size-large wp-image-12890\" alt=\"St Georges Church in Saint Georges de Didonne\" srcset=\"https:\/\/cparici.com\/wp-content\/uploads\/2021\/03\/eglise-st-georges-9-1024x1024.jpg 1024w, https:\/\/cparici.com\/wp-content\/uploads\/2021\/03\/eglise-st-georges-9-300x300.jpg 300w, https:\/\/cparici.com\/wp-content\/uploads\/2021\/03\/eglise-st-georges-9-100x100.jpg 100w, https:\/\/cparici.com\/wp-content\/uploads\/2021\/03\/eglise-st-georges-9-150x150.jpg 150w, https:\/\/cparici.com\/wp-content\/uploads\/2021\/03\/eglise-st-georges-9-1536x1536.jpg 1536w, https:\/\/cparici.com\/wp-content\/uploads\/2021\/03\/eglise-st-georges-9-2048x2048.jpg 2048w\" sizes=\"(max-width: 760px) 100vw, 760px\" \/>\t\t\t\t\t\t\t\t\t\t\t\t\t\t\t<\/div>\n\t\t\t\t<\/div>\n\t\t\t\t<\/div>\n\t\t\t\t<\/div>\n\t\t\t\t\t<\/div>\n\t\t\t\t<\/div>\n\t\t<div class=\"elementor-element elementor-element-95e20a0 e-flex e-con-boxed e-con e-parent\" data-id=\"95e20a0\" data-element_type=\"container\" data-e-type=\"container\">\n\t\t\t\t\t<div class=\"e-con-inner\">\n\t\t\t\t<div class=\"elementor-element elementor-element-3dd5a4b elementor-widget elementor-widget-spacer\" data-id=\"3dd5a4b\" data-element_type=\"widget\" data-e-type=\"widget\" data-widget_type=\"spacer.default\">\n\t\t\t\t\t\t\t<div class=\"elementor-spacer\">\n\t\t\t<div class=\"elementor-spacer-inner\"><\/div>\n\t\t<\/div>\n\t\t\t\t\t\t<\/div>\n\t\t\t\t\t<\/div>\n\t\t\t\t<\/div>\n\t\t<div class=\"elementor-element elementor-element-bd72078 e-flex e-con-boxed e-con e-parent\" data-id=\"bd72078\" data-element_type=\"container\" data-e-type=\"container\">\n\t\t\t\t\t<div class=\"e-con-inner\">\n\t\t\t\t<div class=\"elementor-element elementor-element-2f5d3e6 elementor-widget elementor-widget-text-editor\" data-id=\"2f5d3e6\" data-element_type=\"widget\" data-e-type=\"widget\" data-widget_type=\"text-editor.default\">\n\t\t\t\t\t\t\t\t\t<h2 data-start=\"44\" data-end=\"195\">Que faire autour de l&#8217;\u00e9glise de Saint Georges de Didonne?<\/h2><p data-start=\"44\" data-end=\"195\"><span class=\"relative -mx-px my-[-0.2rem] rounded px-px py-[0.2rem] transition-colors duration-100 ease-in-out\">L\u2019\u00e9glise Saint\u2011Georges de Saint\u2011Georges\u2011de\u2011Didonne, un <strong data-start=\"55\" data-end=\"76\">\u00e9difice n\u00e9o\u2011roman<\/strong> remarquable du XIX\u1d49\u202fsi\u00e8cle avec son <strong data-start=\"113\" data-end=\"180\">clocher inspir\u00e9 de l\u2019\u00e9glise Saint\u2011Barth\u00e9l\u00e9my de Rion\u2011des\u2011Landes<\/strong>, offre un point de rep\u00e8re historique charmant au c\u0153ur du village<\/span>. <span class=\"relative -mx-px my-[-0.2rem] rounded px-px py-[0.2rem] transition-colors duration-100 ease-in-out\">Une fois la visite termin\u00e9e, poursuivez vers la <strong data-start=\"48\" data-end=\"76\">place anim\u00e9e de l\u2019\u00e9glise<\/strong>, id\u00e9ale pour fl\u00e2ner entre boutiques et terrasses en toute s\u00e9r\u00e9nit\u00e9<\/span>.<\/p><p data-start=\"197\" data-end=\"272\"><span class=\"relative -mx-px my-[-0.2rem] rounded px-px py-[0.2rem] transition-colors duration-100 ease-in-out\">Non loin, partez \u00e0 l\u2019aventure vers le <strong data-start=\"38\" data-end=\"60\">Parc de l\u2019Estuaire<\/strong>, un espace naturel sensible perch\u00e9 sur la falaise de Suzac. Ce p\u00f4le nature propose une <strong data-start=\"148\" data-end=\"201\">sc\u00e9nographie ludique sur l\u2019estuaire de la Gironde<\/strong>, un mus\u00e9e interactif, et une <strong data-start=\"231\" data-end=\"283\">tour d\u2019observation panoramique \u00e0 55\u202fm de hauteur<\/strong> offrant une vue \u00e9poustouflante sur Royan, le M\u00e9doc et le phare de Cordouan<\/span>.<\/p><p data-start=\"274\" data-end=\"349\"><span class=\"relative -mx-px my-[-0.2rem] rounded px-px py-[0.2rem] transition-colors duration-100 ease-in-out\">Continuez votre balade le long du <strong data-start=\"34\" data-end=\"57\">sentier du littoral<\/strong>, entre for\u00eat de Suzac, blockhaus historiques, garrigue et conche sauvage, jusqu\u2019\u00e0 la <strong data-start=\"143\" data-end=\"162\">Pointe de Suzac<\/strong> pour un moment nature et contemplation in\u00e9gal\u00e9s<\/span>.<\/p><p data-start=\"351\" data-end=\"428\"><span class=\"relative -mx-px my-[-0.2rem] rounded px-px py-[0.2rem] transition-colors duration-100 ease-in-out\">Envie d\u2019un moment sur le sable\u202f? La <strong data-start=\"36\" data-end=\"80\">Grande Plage de Saint\u2011Georges\u2011de\u2011Didonne<\/strong>, non loin de l&#8217;Eglise de Saint Georges de Didonne avec ses 3\u202fkm de sable fin, est parfaite pour la baignade et les activit\u00e9s nautiques\u202f\u2013 char \u00e0 voile, stand\u2011up paddle, balades \u00e0 v\u00e9lo ou en rosalie sont tr\u00e8s populaires<\/span>.<\/p><p data-start=\"430\" data-end=\"589\"><span class=\"relative -mx-px my-[-0.2rem] rounded px-px py-[0.2rem] transition-colors duration-100 ease-in-out\">Pour prolonger l\u2019escapade, dirigez-vous vers le <strong data-start=\"48\" data-end=\"70\">phare de Valli\u00e8res<\/strong>. Ce phare du XX\u1d49\u202fsi\u00e8cle, class\u00e9 Monument Historique depuis 2012, est accessible \u00e0 la visite chaque \u00e9t\u00e9<\/span>. <span class=\"relative -mx-px my-[-0.2rem] rounded px-px py-[0.2rem] transition-colors duration-100 ease-in-out\">\u00c0 proximit\u00e9, le <strong data-start=\"16\" data-end=\"37\">port de plaisance<\/strong> offre un d\u00e9cor paisible et authentique, id\u00e9al pour une fin de journ\u00e9e romantique ou apaisante<\/span>.<\/p><p data-start=\"430\" data-end=\"589\">Pour en savoir plus sur l&#8217;Eglise de Saint Georges de Didonne, <a href=\"https:\/\/paroisse-royan-cdb.fr\/2022\/01\/eglise-saint-georges-st-georges-de-didonne.html\" target=\"_blank\" rel=\"noopener\">c&#8217;est par ici!<\/a><\/p>\t\t\t\t\t\t\t\t<\/div>\n\t\t\t\t\t<\/div>\n\t\t\t\t<\/div>\n\t\t<div class=\"elementor-element elementor-element-2965e01 e-flex e-con-boxed e-con e-parent\" data-id=\"2965e01\" data-element_type=\"container\" data-e-type=\"container\">\n\t\t\t\t\t<div class=\"e-con-inner\">\n\t\t\t\t<div class=\"elementor-element elementor-element-c4db772 elementor-widget elementor-widget-text-editor\" data-id=\"c4db772\" data-element_type=\"widget\" data-e-type=\"widget\" data-widget_type=\"text-editor.default\">\n\t\t\t\t\t\t\t\t\t<h3 style=\"text-align: center;\"><strong>St Georges de Didonne\u00a0<\/strong><em>est une petite ville situ\u00e9e \u00e0 l\u2019embouchure de l\u2019estuaire de la Gironde, sur la c\u00f4te de beaut\u00e9, et connue pour sa longue plage de sable fin.<\/em><\/h3>\t\t\t\t\t\t\t\t<\/div>\n\t\t\t\t\t<\/div>\n\t\t\t\t<\/div>\n\t\t<aside class=\"elementor-element elementor-element-eeee742 e-flex e-con-boxed e-con e-parent\" data-id=\"eeee742\" data-element_type=\"container\" data-e-type=\"container\">\n\t\t\t\t\t<div class=\"e-con-inner\">\n\t\t\t\t<div class=\"elementor-element elementor-element-a4c2741 elementor-widget elementor-widget-listeo-posts-grid\" data-id=\"a4c2741\" data-element_type=\"widget\" data-e-type=\"widget\" data-widget_type=\"listeo-posts-grid.default\">\n\t\t\t\t<div class=\"elementor-widget-container\">\n\t\t\t\t\t\t\t\n\t\t<div class=\"listeo-post-grid-wrapper\">\n\t\t\t<div class=\"row\">\n\n\t\t\t\n\n\t\t\t\t\t\t\t<div class=\"col-md-4\">\n                <a href=\"https:\/\/cparici.com\/fr\/eglise-saint-georges-de-didonne\/\" class=\"blog-compact-item-container\">\n                    <div class=\"blog-compact-item\">\n                        <img decoding=\"async\" width=\"577\" height=\"380\" src=\"https:\/\/cparici.com\/wp-content\/uploads\/2021\/02\/eglise-st-georges.jpg\" class=\"attachment-listeo-blog-related-post size-listeo-blog-related-post wp-post-image\" alt=\"Eglise de Saint Georges de Didonne\" srcset=\"https:\/\/cparici.com\/wp-content\/uploads\/2021\/02\/eglise-st-georges.jpg 1920w, https:\/\/cparici.com\/wp-content\/uploads\/2021\/02\/eglise-st-georges-600x395.jpg 600w, https:\/\/cparici.com\/wp-content\/uploads\/2021\/02\/eglise-st-georges-300x198.jpg 300w, https:\/\/cparici.com\/wp-content\/uploads\/2021\/02\/eglise-st-georges-1024x675.jpg 1024w, https:\/\/cparici.com\/wp-content\/uploads\/2021\/02\/eglise-st-georges-768x506.jpg 768w, https:\/\/cparici.com\/wp-content\/uploads\/2021\/02\/eglise-st-georges-1536x1012.jpg 1536w\" sizes=\"(max-width: 577px) 100vw, 577px\" \/><span class=\"blog-item-tag\">France<\/span>                        \n                        <div class=\"blog-compact-item-content\">\n                                                        <h3>Eglise de Saint Georges de Didonne<\/h3>\n                                                        <p>L'Eglise St Georges a Saint Georges de Didonne est une \u00e9glise paroissiale situ\u00e9e dans le...                            <\/p>\n                                                    <\/div>\n                    <\/div>\n                <\/a>\n            <\/div>\n\t\t\t<div class=\"col-md-4\">\n                <a href=\"https:\/\/cparici.com\/fr\/le-reve-dicare-royan\/\" class=\"blog-compact-item-container\">\n                    <div class=\"blog-compact-item\">\n                        <img decoding=\"async\" width=\"577\" height=\"577\" src=\"https:\/\/cparici.com\/wp-content\/uploads\/2021\/06\/reve-dicare-royan-2-banniere-scaled.jpg\" class=\"attachment-listeo-blog-related-post size-listeo-blog-related-post wp-post-image\" alt=\"reve d&#039;icare royan\" srcset=\"https:\/\/cparici.com\/wp-content\/uploads\/2021\/06\/reve-dicare-royan-2-banniere-scaled.jpg 2048w, https:\/\/cparici.com\/wp-content\/uploads\/2021\/06\/reve-dicare-royan-2-banniere-300x300.jpg 300w, https:\/\/cparici.com\/wp-content\/uploads\/2021\/06\/reve-dicare-royan-2-banniere-100x100.jpg 100w, https:\/\/cparici.com\/wp-content\/uploads\/2021\/06\/reve-dicare-royan-2-banniere-scaled-600x600.jpg 600w, https:\/\/cparici.com\/wp-content\/uploads\/2021\/06\/reve-dicare-royan-2-banniere-1024x1024.jpg 1024w, https:\/\/cparici.com\/wp-content\/uploads\/2021\/06\/reve-dicare-royan-2-banniere-150x150.jpg 150w, https:\/\/cparici.com\/wp-content\/uploads\/2021\/06\/reve-dicare-royan-2-banniere-1536x1536.jpg 1536w, https:\/\/cparici.com\/wp-content\/uploads\/2021\/06\/reve-dicare-royan-2-banniere-scaled-1200x1200-cropped.jpg 1200w, https:\/\/cparici.com\/wp-content\/uploads\/2021\/06\/reve-dicare-royan-2-banniere-scaled-266x266.jpg 266w\" sizes=\"(max-width: 577px) 100vw, 577px\" \/><span class=\"blog-item-tag\">Charente maritime<\/span>                        \n                        <div class=\"blog-compact-item-content\">\n                                                        <h3>r\u00eave d&#8217;icare royan<\/h3>\n                                                        <p>D\u00e9couvrez le r\u00eave d'Icare a Royan, un \u00e9v\u00e8nement a\u00e9ronautique qui a lieu en juin tous...                            <\/p>\n                                                    <\/div>\n                    <\/div>\n                <\/a>\n            <\/div>\n\t\t\t<div class=\"col-md-4\">\n                <a href=\"https:\/\/cparici.com\/fr\/triathlon-de-royan\/\" class=\"blog-compact-item-container\">\n                    <div class=\"blog-compact-item\">\n                        <img decoding=\"async\" width=\"577\" height=\"212\" src=\"https:\/\/cparici.com\/wp-content\/uploads\/2024\/09\/triathlon-de-royan-course-et-evenement.jpg\" class=\"attachment-listeo-blog-related-post size-listeo-blog-related-post wp-post-image\" alt=\"triathlon de royan - course et \u00e9v\u00e8nement\" srcset=\"https:\/\/cparici.com\/wp-content\/uploads\/2024\/09\/triathlon-de-royan-course-et-evenement.jpg 1445w, https:\/\/cparici.com\/wp-content\/uploads\/2024\/09\/triathlon-de-royan-course-et-evenement-600x220.jpg 600w, https:\/\/cparici.com\/wp-content\/uploads\/2024\/09\/triathlon-de-royan-course-et-evenement-300x110.jpg 300w, https:\/\/cparici.com\/wp-content\/uploads\/2024\/09\/triathlon-de-royan-course-et-evenement-1024x376.jpg 1024w, https:\/\/cparici.com\/wp-content\/uploads\/2024\/09\/triathlon-de-royan-course-et-evenement-768x282.jpg 768w\" sizes=\"(max-width: 577px) 100vw, 577px\" \/><span class=\"blog-item-tag\">Charente maritime<\/span>                        \n                        <div class=\"blog-compact-item-content\">\n                                                        <h3>Triathlon de Royan &#8211; Guide Complet de la course<\/h3>\n                                                        <p>Recherches populaires Categories Pas de r\u00e9sultats Voir tous les r\u00e9sultats Triathlon de Royan Le Triathlon...                            <\/p>\n                                                    <\/div>\n                    <\/div>\n                <\/a>\n            <\/div>\n  <\/div>\n        <\/div>\n        \t\t\t\t<\/div>\n\t\t\t\t<\/div>\n\t\t\t\t\t<\/div>\n\t\t\t\t<\/aside>\n\t\t\t\t<\/div>\n\t\t","protected":false},"excerpt":{"rendered":"<p>L&#8217;Eglise St Georges a Saint Georges de Didonne est une \u00e9glise paroissiale situ\u00e9e dans le centre-ville de la ville de Saint Georges, plus pr\u00e9cis\u00e9ment sur la place de Verdun.<\/p>\n","protected":false},"author":1,"featured_media":39828,"comment_status":"closed","ping_status":"closed","sticky":false,"template":"","format":"standard","meta":{"ngg_post_thumbnail":0,"footnotes":""},"categories":[477,462],"tags":[162,189,159,218,219,190],"class_list":["post-12898","post","type-post","status-publish","format-standard","has-post-thumbnail","hentry","category-france","category-saint-georges-de-didonne","tag-culturel","tag-meschers","tag-royan","tag-st-georges-de-didonne","tag-st-palais-sur-mer","tag-talmont"],"_links":{"self":[{"href":"https:\/\/cparici.com\/fr\/wp-json\/wp\/v2\/posts\/12898","targetHints":{"allow":["GET"]}}],"collection":[{"href":"https:\/\/cparici.com\/fr\/wp-json\/wp\/v2\/posts"}],"about":[{"href":"https:\/\/cparici.com\/fr\/wp-json\/wp\/v2\/types\/post"}],"author":[{"embeddable":true,"href":"https:\/\/cparici.com\/fr\/wp-json\/wp\/v2\/users\/1"}],"replies":[{"embeddable":true,"href":"https:\/\/cparici.com\/fr\/wp-json\/wp\/v2\/comments?post=12898"}],"version-history":[{"count":0,"href":"https:\/\/cparici.com\/fr\/wp-json\/wp\/v2\/posts\/12898\/revisions"}],"wp:featuredmedia":[{"embeddable":true,"href":"https:\/\/cparici.com\/fr\/wp-json\/wp\/v2\/media\/39828"}],"wp:attachment":[{"href":"https:\/\/cparici.com\/fr\/wp-json\/wp\/v2\/media?parent=12898"}],"wp:term":[{"taxonomy":"category","embeddable":true,"href":"https:\/\/cparici.com\/fr\/wp-json\/wp\/v2\/categories?post=12898"},{"taxonomy":"post_tag","embeddable":true,"href":"https:\/\/cparici.com\/fr\/wp-json\/wp\/v2\/tags?post=12898"}],"curies":[{"name":"wp","href":"https:\/\/api.w.org\/{rel}","templated":true}]}}