{"id":13101,"date":"2021-03-31T10:56:36","date_gmt":"2021-03-31T10:56:36","guid":{"rendered":"https:\/\/loclilala-vacances.com\/?p=13101"},"modified":"2026-02-14T19:29:48","modified_gmt":"2026-02-14T18:29:48","slug":"corderie-royale-rochefort","status":"publish","type":"post","link":"https:\/\/cparici.com\/fr\/corderie-royale-rochefort\/","title":{"rendered":"Corderie Royale Rochefort"},"content":{"rendered":"\t\t<div data-elementor-type=\"wp-post\" data-elementor-id=\"13101\" class=\"elementor elementor-13101\" data-elementor-post-type=\"post\">\n\t\t\t\t<div class=\"elementor-element elementor-element-64529c0 e-con-full e-flex e-con e-parent\" data-id=\"64529c0\" data-element_type=\"container\" data-e-type=\"container\">\n\t\t\t\t<div class=\"elementor-element elementor-element-2e1260e elementor-widget elementor-widget-image\" data-id=\"2e1260e\" data-element_type=\"widget\" data-e-type=\"widget\" data-widget_type=\"image.default\">\n\t\t\t\t\t\t\t\t\t\t\t\t\t\t\t<img decoding=\"async\" width=\"1521\" height=\"475\" src=\"https:\/\/cparici.com\/wp-content\/uploads\/2021\/03\/corderie-royale-banniere.jpg\" class=\"attachment-full size-full wp-image-13769\" alt=\"corderie royale a rochefort\" srcset=\"https:\/\/cparici.com\/wp-content\/uploads\/2021\/03\/corderie-royale-banniere.jpg 1521w, https:\/\/cparici.com\/wp-content\/uploads\/2021\/03\/corderie-royale-banniere-600x187.jpg 600w, https:\/\/cparici.com\/wp-content\/uploads\/2021\/03\/corderie-royale-banniere-768x239.jpg 768w\" sizes=\"(max-width: 1521px) 100vw, 1521px\" \/>\t\t\t\t\t\t\t\t\t\t\t\t\t\t\t<\/div>\n\t\t\t\t<\/div>\n\t\t<div class=\"elementor-element elementor-element-f938c0f e-flex e-con-boxed e-con e-parent\" data-id=\"f938c0f\" data-element_type=\"container\" data-e-type=\"container\">\n\t\t\t\t\t<div class=\"e-con-inner\">\n\t\t\t\t<div class=\"elementor-element elementor-element-7d7460f elementor-widget elementor-widget-global elementor-global-62046 elementor-widget-eael-advanced-search\" data-id=\"7d7460f\" data-element_type=\"widget\" data-e-type=\"widget\" data-widget_type=\"eael-advanced-search.default\">\n\t\t\t\t\t        <div class=\"eael-adv-search-wrapper\">\n            <div id=\"eael-advanced-search-widget-7d7460f\" class=\"eael-advanced-search-widget\">\n                <form data-settings=\"{&quot;post_per_page&quot;:5,&quot;search_among_taxonomies&quot;:&quot;&quot;,&quot;search_among_sku&quot;:&quot;no&quot;,&quot;show_popular_keyword&quot;:0,&quot;show_category&quot;:0,&quot;show_content_image&quot;:1,&quot;show_search_result_all_results&quot;:0,&quot;result_on_new_tab&quot;:&quot;no&quot;,&quot;show_product_price&quot;:&quot;no&quot;,&quot;include_current_page&quot;:&quot;no&quot;,&quot;current_post_id&quot;:13101,&quot;post_type&quot;:[&quot;post&quot;,&quot;listing&quot;]}\" method=\"POST\" name=\"eael-advanced-search-form-7d7460f\" class=\"eael-advanced-search-form eael-advanced-search-form-style-2\">\n                    <div class=\"eael-advanced-search-wrap\">\n                        <span class=\"eael-adv-search-loader\"><\/span>\n                        <span class=\"eael-adv-search-close\"><i class=\"fas fa-times\"><\/i><\/span>\n                        <span class=\"icon \"><i class=\"fas fa-search\"><\/i><\/span>\n\n                        <input type=\"text\"\n                               placeholder=\"Votre destination\"\n                               class=\"eael-advanced-search\" autocomplete=\"off\" name=\"eael_advanced_search\">\n                    <\/div>\n\t\t\t\t\t                                    <\/form>\n\n\t\t\t\t\n\t\t\t\t        <div class=\"eael-advanced-search-result\">\n            <div class=\"eael-advanced-search-popular-keyword\">\n\t\t\t\t<h4 class=\"eael-advanced-search-popular-keyword-text\">Recherches populaires<\/h4>                <div class=\"eael-popular-keyword-content\"><\/div>\n            <\/div>\n            <div class=\"eael-advanced-search-category\">\n\t\t\t\t<h4 class=\"eael-advanced-search-category-text\">Categories<\/h4>                <div class=\"eael-popular-category-content\"><\/div>\n            <\/div>\n\t\t\t<div class=\"eael-advanced-search-total-results-section\">\n\t\t\t\t\t\t\t<\/div>\n            <div class=\"eael-advanced-search-content eael-item-style-3\">\n            <\/div>\n            <div class=\"eael-advanced-search-not-found\">\n                <p>Pas de r\u00e9sultats<\/p><\/div>\n            <div class=\"eael-advanced-search-load-more\">\n\t\t\t\t<a \tclass=\"eael-advanced-search-load-more-button\"\n                \thref=\"#\">Voir tous les r\u00e9sultats<\/a>\n            <\/div>\n        <\/div>\n\n\t\t            <\/div>\n        <\/div>\n\n\t\t\t\t\t\t<\/div>\n\t\t\t\t\t<\/div>\n\t\t\t\t<\/div>\n\t\t<div class=\"elementor-element elementor-element-44535378 e-flex e-con-boxed e-con e-parent\" data-id=\"44535378\" data-element_type=\"container\" data-e-type=\"container\">\n\t\t\t\t\t<div class=\"e-con-inner\">\n\t\t\t\t<div class=\"elementor-element elementor-element-3a1eaff7 elementor-widget elementor-widget-text-editor\" data-id=\"3a1eaff7\" data-element_type=\"widget\" data-e-type=\"widget\" data-widget_type=\"text-editor.default\">\n\t\t\t\t\t\t\t\t\t<h1 style=\"text-align: center;\"><span style=\"font-size: 18pt;\"><strong><span style=\"color: #003366;\">Corderie Royale Rochefort et Arsenal des mers<\/span><\/strong><\/span><\/h1><h2 style=\"text-align: center;\"><span style=\"font-size: 14pt;\"><strong><span style=\"color: #003366;\">Corderie Royale Rochefort et Arsenal des mers &#8211; d\u00e9couvrez l&#8217;histoire extraordinaire de ce lieu embl\u00e8matique<\/span><\/strong><\/span><\/h2><p><span style=\"font-size: 12pt;\"><span style=\"color: #003366;\"><strong>La Corderie Royale de Rochefort<\/strong><\/span> est un grand mus\u00e9e qui se situe dans les b\u00e2timents de l&#8217;ancien arsenal de <a href=\"https:\/\/cparici.com\/fr\/visiter-rochefort-le-top-des-sites-touristiques-incontournables\/\">Rochefort<\/a>, au bord\u00a0 la Charente, non loin du centre historique. Ce b\u00e2timent <strong>servait \u00e0 produire des cordages<\/strong> pour les navires de la marine royale en France?<\/span><\/p>\t\t\t\t\t\t\t\t<\/div>\n\t\t\t\t\t<\/div>\n\t\t\t\t<\/div>\n\t\t<aside class=\"elementor-element elementor-element-23aecd53 e-flex e-con-boxed e-con e-parent\" data-id=\"23aecd53\" data-element_type=\"container\" data-e-type=\"container\" data-settings=\"{&quot;background_background&quot;:&quot;classic&quot;}\">\n\t\t\t\t\t<div class=\"e-con-inner\">\n\t\t\t\t<div class=\"elementor-element elementor-element-3462ba7e elementor-widget elementor-widget-spacer\" data-id=\"3462ba7e\" data-element_type=\"widget\" data-e-type=\"widget\" data-widget_type=\"spacer.default\">\n\t\t\t\t\t\t\t<div class=\"elementor-spacer\">\n\t\t\t<div class=\"elementor-spacer-inner\"><\/div>\n\t\t<\/div>\n\t\t\t\t\t\t<\/div>\n\t\t\t\t<div class=\"elementor-element elementor-element-63427c0c elementor-widget elementor-widget-heading\" data-id=\"63427c0c\" data-element_type=\"widget\" data-e-type=\"widget\" data-widget_type=\"heading.default\">\n\t\t\t\t\t<h2 class=\"elementor-heading-title elementor-size-default\">H\u00e9bergements de Vacances Rochefort en direct<\/h2>\t\t\t\t<\/div>\n\t\t\t\t<div class=\"elementor-element elementor-element-32b40375 elementor-widget elementor-widget-listeo-listings-carousel\" data-id=\"32b40375\" data-element_type=\"widget\" data-e-type=\"widget\" data-widget_type=\"listeo-listings-carousel.default\">\n\t\t\t\t<div class=\"elementor-widget-container\">\n\t\t\t\t\t        <!-- Carousel \/ Start -->\n        \t<div class=\"simple-slick-carousel dots-nav\" data-slick='{&quot;autoplay&quot;:true,&quot;autoplaySpeed&quot;:3000,&quot;slidesToShow&quot;:3,&quot;slidesToScroll&quot;:1,&quot;responsive&quot;:[{&quot;breakpoint&quot;:1024,&quot;settings&quot;:{&quot;slidesToShow&quot;:2,&quot;slidesToScroll&quot;:1}},{&quot;breakpoint&quot;:768,&quot;settings&quot;:{&quot;slidesToShow&quot;:1,&quot;slidesToScroll&quot;:1}}]}'>\n                            <div class=\"fw-carousel-item\">                    \n                        <!-- Listing Item -->\r\n            <div class=\"col-lg-6 col-md-12\">\r\n                <a href=\"https:\/\/cparici.com\/fr\/annonce\/gite-de-vacances-10-personnes\/\" class=\"listing-item-container listing-geo-data compact\" data-title=\"gite de vacances 10 personnes\" data-listing-type=\"rental\" data-classifieds-price=\"&euro;\" data-friendly-address=\"17250 sainte radegonde\" data-address=\"17250 sainte radegonde\" data-image=\"https:\/\/cparici.com\/wp-content\/uploads\/2026\/02\/IMG_2737-520x397.jpg\" data-longitude=\"-0.8767203\" data-latitude=\"45.8631053\" data-rating=\"0\" data-reviews=\"0\" data-icon=\"&lt;svg xmlns=&quot;http:\/\/www.w3.org\/2000\/svg&quot; width=&quot;800px&quot; height=&quot;800px&quot; viewBox=&quot;0 0 45 45&quot; fill=&quot;none&quot;&gt;\n&lt;path d=&quot;M24.155 8.78099L24.33 8.94499L37.402 21.787L36 23.213L34.2 21.445L34.201 35C34.201 36.054 33.385 36.918 32.35 36.994L32.201 37H12.201C11.147 37 10.283 36.184 10.206 35.149L10.201 35L10.2 21.446L8.402 23.213L7 21.787L20.058 8.95799C21.171 7.82199 22.966 7.75899 24.155 8.78099ZM21.569 10.285L21.473 10.372L12.2 19.481L12.201 35L17.2 34.999L17.201 25C17.201 23.946 18.017 23.082 19.052 23.005L19.201 23H25.201C26.255 23 27.119 23.816 27.196 24.851L27.201 25L27.2 34.999L32.201 35L32.2 19.48L22.901 10.344C22.537 9.98699 21.969 9.96499 21.569 10.285ZM25.201 25H19.201L19.2 34.999H25.2L25.201 25Z&quot; fill=&quot;#3C3C3C&quot;\/&gt;\n&lt;\/svg&gt;\">\r\n            <div class=\"listing-item  featured-listing\">\r\n                <div class=\"listing-small-badges-container\">\r\n                                            <div class=\"listing-small-badge featured-badge\"><i class=\"fa fa-star\"><\/i> En vedette<\/div>\r\n                                                                <div class=\"listing-small-badge pricing-badge\"><i class=\"fa fa-tag\"><\/i>172,00&euro; - 272,00&euro;<\/div>\r\n                                                            \r\n                                        \r\n                                        \r\n                <\/div>\r\n                <img decoding=\"async\" src=\"https:\/\/cparici.com\/wp-content\/uploads\/2026\/02\/IMG_2737-520x397.jpg\" alt=\"gite de vacances 10 personnes\" class=\"listing-thumbnail\">\r\n                \r\n\r\n                <div class=\"listing-item-content\">\r\n                    \r\n                    <h3> gite de vacances 10 personnes <\/h3>\r\n                    <span>17250 sainte radegonde<\/span>\r\n                <\/div>\r\n                                        <span class=\"save like-icon tooltip left\" title=\"Connexion pour marquer des \u00e9l\u00e9ments\"><\/span>\r\n                                                <\/div>\r\n        <\/a>\r\n                    <\/div>\r\n        \r\n\r\n        <!-- Listing Item \/ End -->\n                    <\/div>\n                          <\/div>\n        \t\t\t\t<\/div>\n\t\t\t\t<\/div>\n\t\t\t\t\t<\/div>\n\t\t\t\t<\/aside>\n\t\t<div class=\"elementor-element elementor-element-c31a1ea e-flex e-con-boxed e-con e-parent\" data-id=\"c31a1ea\" data-element_type=\"container\" data-e-type=\"container\">\n\t\t\t\t\t<div class=\"e-con-inner\">\n\t\t\t\t<div class=\"elementor-element elementor-element-4edebaf elementor-widget elementor-widget-text-editor\" data-id=\"4edebaf\" data-element_type=\"widget\" data-e-type=\"widget\" data-widget_type=\"text-editor.default\">\n\t\t\t\t\t\t\t\t\t<h3>Que visiter \u00e0 la corderie royale?<\/h3><p><span style=\"font-size: 12pt;\">L&#8217;arsenal des mers comporte en fait plusieurs espaces \u00e0 visiter, <strong>des expositions temporaires et permanentes,<\/strong> souvent en lien avec l&#8217;histoire maritime et le riche pass\u00e9 de la ville de Rochefort.<\/span><\/p><figure id=\"attachment_13766\" aria-describedby=\"caption-attachment-13766\" style=\"width: 800px\" class=\"wp-caption aligncenter\"><a href=\"https:\/\/cparici.com\/wp-content\/uploads\/2021\/03\/corderie-royale-6.jpg\"><img decoding=\"async\" class=\"wp-image-13766 size-full\" title=\"La Corderie Royale a Rochefort - Photographie de la facade du batiment principal\" src=\"https:\/\/cparici.com\/wp-content\/uploads\/2021\/03\/corderie-royale-6.jpg\" alt=\"La Corderie Royale a Rochefort - Photographie de la facade du batiment principal\" width=\"800\" height=\"533\" srcset=\"https:\/\/cparici.com\/wp-content\/uploads\/2021\/03\/corderie-royale-6.jpg 800w, https:\/\/cparici.com\/wp-content\/uploads\/2021\/03\/corderie-royale-6-600x399.jpg 600w, https:\/\/cparici.com\/wp-content\/uploads\/2021\/03\/corderie-royale-6-768x511.jpg 768w, https:\/\/cparici.com\/wp-content\/uploads\/2021\/03\/corderie-royale-6-120x80.jpg 120w\" sizes=\"(max-width: 800px) 100vw, 800px\" \/><\/a><figcaption id=\"caption-attachment-13766\" class=\"wp-caption-text\">Corderie Royale Rochefort &#8211; Photographie de la facade du batiment principal<\/figcaption><\/figure><h3>Corderie royale Rochefort &#8211; Combien mesure le b\u00e2timent?<\/h3><p><span style=\"font-size: 12pt;\"><strong>La corderie est le plus grand b\u00e2timent de l&#8217;arsenal (374 m\u00e8tres de long )<\/strong>, qui servait \u00e0 r\u00e9aliser des cordages en Chanvre. Le b\u00e2timent date de 1666 et est aujourd&#8217;hui lass\u00e9 au titre des monuments historiques. Il abrite aujourd\u2019hui plusieurs administrations.<\/span><\/p><h3>Comment s&#8217;est construit le b\u00e2timent de la corderie?<\/h3><p><span style=\"font-size: 12pt;\">L&#8217;emplacement de la construction &#8211; pr\u00e8s de la Charente, sur un terrain vaseux- a n\u00e9cessit\u00e9 de <strong>pr\u00e9parer le terrain en posant une fondation de quadrillage de ch\u00eanes<\/strong>, ce qui en fit une sorte de &#8216;radeau flottant&#8217;. La construction dura plus de 3 ans et mobilisa plus de 700 ouvriers.<\/span><\/p><figure id=\"attachment_13751\" aria-describedby=\"caption-attachment-13751\" style=\"width: 800px\" class=\"wp-caption aligncenter\"><a href=\"https:\/\/cparici.com\/wp-content\/uploads\/2021\/03\/corderie-royale-1.jpg\"><img decoding=\"async\" class=\"wp-image-13751 size-full\" title=\"Les fondations de la corderie - un ouvrage extraordininaire\" src=\"https:\/\/cparici.com\/wp-content\/uploads\/2021\/03\/corderie-royale-1.jpg\" alt=\"Les fondations de la corderie - un ouvrage extraordininaire\" width=\"800\" height=\"533\" srcset=\"https:\/\/cparici.com\/wp-content\/uploads\/2021\/03\/corderie-royale-1.jpg 800w, https:\/\/cparici.com\/wp-content\/uploads\/2021\/03\/corderie-royale-1-600x399.jpg 600w, https:\/\/cparici.com\/wp-content\/uploads\/2021\/03\/corderie-royale-1-768x511.jpg 768w, https:\/\/cparici.com\/wp-content\/uploads\/2021\/03\/corderie-royale-1-120x80.jpg 120w\" sizes=\"(max-width: 800px) 100vw, 800px\" \/><\/a><figcaption id=\"caption-attachment-13751\" class=\"wp-caption-text\">Les fondations de la corderie &#8211; un ouvrage extraordinaire<\/figcaption><\/figure><h2 style=\"text-align: center;\"><span style=\"color: #003366; font-size: 14pt;\">Corderie Royale Rochefort &#8211; de nos jours&#8230;<\/span><\/h2><p><span style=\"font-size: 12pt;\">Aujourd&#8217;hui, le b\u00e2timent principal est occup\u00e9 par <strong>le centre international de la mer<\/strong>, qui b\u00e9n\u00e9ficie d&#8217;une biblioth\u00e8que sp\u00e9cialis\u00e9e comptant\u00a0 plus de 8000 r\u00e9f\u00e9rences.<\/span><\/p><h3>Qu&#8217;est-il arriv\u00e9 aux b\u00e2timents de la corderie royale au XX\u00e8me si\u00e8cle?<\/h3><p><span style=\"font-size: 12pt;\">Les b\u00e2timents seront presque int\u00e9gralement d\u00e9truits lors de la seconde guerre mondiale, puis des travaux seront entrepris \u00e0 partir des ann\u00e9es 60 \u00e0 l&#8217;initiative du contre-amiral Maurice Dupont. Apr\u00e8s son classement, c&#8217;est l&#8217;architecte Michel Mastorakis qui supervisera la r\u00e9habilitation des b\u00e2timents.<\/span><\/p><figure id=\"attachment_13757\" aria-describedby=\"caption-attachment-13757\" style=\"width: 800px\" class=\"wp-caption aligncenter\"><a href=\"https:\/\/cparici.com\/wp-content\/uploads\/2021\/03\/corderie-royale-3.jpg\"><img decoding=\"async\" class=\"wp-image-13757 size-full\" title=\"Corderie royale de Rochefort - d\u00e9tail de la facede sud\" src=\"https:\/\/cparici.com\/wp-content\/uploads\/2021\/03\/corderie-royale-3.jpg\" alt=\"Corderie Royale Rochefort - d\u00e9tail de la facade sud du b\u00e2timent principal\" width=\"800\" height=\"533\" srcset=\"https:\/\/cparici.com\/wp-content\/uploads\/2021\/03\/corderie-royale-3.jpg 800w, https:\/\/cparici.com\/wp-content\/uploads\/2021\/03\/corderie-royale-3-600x399.jpg 600w, https:\/\/cparici.com\/wp-content\/uploads\/2021\/03\/corderie-royale-3-768x511.jpg 768w, https:\/\/cparici.com\/wp-content\/uploads\/2021\/03\/corderie-royale-3-120x80.jpg 120w\" sizes=\"(max-width: 800px) 100vw, 800px\" \/><\/a><figcaption id=\"caption-attachment-13757\" class=\"wp-caption-text\">corderie royale rochefort &#8211; d\u00e9tail de la facade sud du b\u00e2timent principal<\/figcaption><\/figure><h3>Peut-on visiter la corderie de Rochefort?<\/h3><p><span style=\"font-size: 12pt;\"><strong>Vous pouvez visiter la corderie et d\u00e9couvrir ainsi l&#8217;ancienne manufacture de cordage<\/strong>, voire participer \u00e0 l&#8217;atelier matelotage pour apprendre \u00e0 faire des n\u0153uds, et m\u00eame r\u00e9aliser un bracelet ou un porte-cl\u00e9s en faisant des n\u0153uds marins.<\/span><\/p><h3>Corderie royale \u2013 la visite<\/h3><p><span style=\"font-size: 12pt;\"><strong>La visite de la corderie royale de Rochefort<\/strong> est organis\u00e9e par le centre international de la mer. Le CIM est une association cr\u00e9\u00e9e en 1985. <\/span><br \/><span style=\"font-size: 12pt;\">La visite comprend <strong>un espace audiovisuel, une exposition permanente, et une exposition temporaire<\/strong>. Vous pourrez aussi d\u00e9couvrir le magasin des cordages, la librairie, et le restaurant des Longitudes.<\/span><br \/><span style=\"font-size: 12pt;\">Lors de cette visite, vous serez amen\u00e9 \u00e0 d\u00e9couvrir l\u2019histoire de la manufacture royale de cordages construite entre 1666 et 1670 \u00e0 la demande de Louis XIV, mais vous pourrez aussi d\u00e9couvrir comment les diff\u00e9rentes \u00e9tapes de la cr\u00e9ation des cordages : de la plantation du chanvre, au diff\u00e9rents gestes et m\u00e9tiers li\u00e9s \u00e0 la corderie.<\/span><\/p><h4><span style=\"font-size: 12pt;\">Les cordages -utilisation<\/span><\/h4><p><span style=\"font-size: 12pt;\">Les cordages \u00e9taient utilis\u00e9s sur les bateaux \u00e0 voile et ils servaient \u2013 les \u2018bouts\u2019 pour les marins \u2013 servaient \u00e0 amarrer un bateau, a hisser ou affaler les voiles. Chaque arsenal de la marine comportait une corderie, comme par exemple \u00e0 Brest, ou Cherbourg. Ce sont les officiers qui commandent le gr\u00e9ement, pour obtenir les cordages n\u00e9cessaires \u00e0 l\u2019entretien, et la navigation.<\/span><\/p><figure id=\"attachment_15542\" aria-describedby=\"caption-attachment-15542\" style=\"width: 800px\" class=\"wp-caption aligncenter\"><a href=\"https:\/\/cparici.com\/wp-content\/uploads\/2021\/03\/corderie-royale-exemple-cordage.jpg\"><img decoding=\"async\" class=\"wp-image-15542 size-full\" title=\"exemple de cordage \u00e0 la corderie royale de rochefort\" src=\"https:\/\/cparici.com\/wp-content\/uploads\/2021\/03\/corderie-royale-exemple-cordage.jpg\" alt=\"Exemple de cordage pr\u00e9sent\u00e9 \u00e0 l'exposition permanente de la corderie royale\" width=\"800\" height=\"600\" srcset=\"https:\/\/cparici.com\/wp-content\/uploads\/2021\/03\/corderie-royale-exemple-cordage.jpg 800w, https:\/\/cparici.com\/wp-content\/uploads\/2021\/03\/corderie-royale-exemple-cordage-600x450.jpg 600w, https:\/\/cparici.com\/wp-content\/uploads\/2021\/03\/corderie-royale-exemple-cordage-768x576.jpg 768w\" sizes=\"(max-width: 800px) 100vw, 800px\" \/><\/a><figcaption id=\"caption-attachment-15542\" class=\"wp-caption-text\">Exemple de cordage pr\u00e9sent\u00e9 \u00e0 l&#8217;exposition permanente de la corderie royale<\/figcaption><\/figure><h4><span style=\"font-size: 12pt;\">Le chanvre \u2013 \u00e0 l\u2019origine des cordages<\/span><\/h4><p><span style=\"font-size: 12pt;\">C\u2019est le chanvre, principalement originaire d\u2019Asie qui est utilis\u00e9 pour la fabrication de cordages. Les fibres du chanvre sont en effet tr\u00e8s r\u00e9sistantes. Cependant, l\u2019exploitation du chanvre n\u00e9cessite plusieurs \u00e9tapes : Il est n\u00e9cessaire de tremper dans l\u2019eau le chanvre pendant plusieurs jours, pour d\u00e9tacher les fibres de la tige, puis les fibres sont s\u00e9ch\u00e9es et ramollies. Ensuite vient l\u2019espadage \u2013 nettoyage des fibres -, le peignage &#8211; utilisation des peignes ou s\u00e9rans- , et le filage, qui permet d\u2019obtenir le fil de caret, stock\u00e9 ensuite sur des d\u00e9vidoirs. La qualit\u00e9 du fil de caret est primordiale pour obtenir un cordage solide.<\/span><\/p><h4><span style=\"font-size: 12pt;\">Transformer le fil de caret en cordage.<\/span><\/h4><p><span style=\"font-size: 12pt;\">Pour cela, les cordiers utilisent deux outils : le chantier, et le carr\u00e9. Ces deux outils forment un m\u00e9tier, qui permet de cr\u00e9er des torons qui seront ensuite tordus les uns sur les autres pour cr\u00e9er un cordage solide. Pour guider les torons lors du commettage, ils utilisent un toupin.<\/span><\/p><h4><span style=\"font-size: 12pt;\">Les diff\u00e9rents cordages<\/span><\/h4><p><span style=\"font-size: 12pt;\">Une corderie produit diff\u00e9rents types de cordages : les aussi\u00e8res, les grelins, et plus petits, les fils. Il est n\u00e9cessaire de prot\u00e9ger certains cordages, ceux qui sont pr\u00e9sents de fa\u00e7on permanente sur un navire. On le fait en goudronnant les cordages finis, ou les fils de caret. Les cordages sont souvent test\u00e9s en accrochant un poids, ou en se servant du cabestan. Plus tard, viendra le dynamom\u00e8tre.<\/span><br \/><span style=\"font-size: 12pt;\">L\u2019exposition permanente propose aussi une pr\u00e9sentation des principaux n\u0153uds marins, et la possibilit\u00e9 de s\u2019essayer \u00e0 la r\u00e9alisation des n\u0153uds marins, des \u0153uvres cr\u00e9\u00e9es par les mateloteurs et mateloteuses.<\/span><\/p><figure id=\"attachment_15545\" aria-describedby=\"caption-attachment-15545\" style=\"width: 800px\" class=\"wp-caption aligncenter\"><a href=\"https:\/\/cparici.com\/wp-content\/uploads\/2021\/03\/cordrie-royale-magasin-mateloteurs.jpg\"><img decoding=\"async\" class=\"wp-image-15545 size-full\" title=\"magasin de matelotage dans l'exposition permanente de la corderie royale\" src=\"https:\/\/cparici.com\/wp-content\/uploads\/2021\/03\/cordrie-royale-magasin-mateloteurs.jpg\" alt=\"magasin de matelotage dans l'exposition permanente de la corderie royale\" width=\"800\" height=\"600\" srcset=\"https:\/\/cparici.com\/wp-content\/uploads\/2021\/03\/cordrie-royale-magasin-mateloteurs.jpg 800w, https:\/\/cparici.com\/wp-content\/uploads\/2021\/03\/cordrie-royale-magasin-mateloteurs-600x450.jpg 600w, https:\/\/cparici.com\/wp-content\/uploads\/2021\/03\/cordrie-royale-magasin-mateloteurs-768x576.jpg 768w\" sizes=\"(max-width: 800px) 100vw, 800px\" \/><\/a><figcaption id=\"caption-attachment-15545\" class=\"wp-caption-text\">Pr\u00e9sentation dans le magasin de matelotage &#8211; exposition permanente<\/figcaption><\/figure><h3>Qu&#8217;est-ce que l&#8217;arsenal des mers?<\/h3><p><span style=\"font-size: 12pt;\"><strong>La corderie royale fait partie d&#8217;un site touristique appel\u00e9 l&#8217;arsenal des mers.<\/strong> Cet ensemble comprend la corderie royale, la fr\u00e9gate l&#8217;Hermione, le mus\u00e9e national de la Marine, L&#8217;accro-m\u00e2ts, Oc\u00e9ana Lumina &#8211; un parcours de lumi\u00e8res, l&#8217;\u00e9cole de m\u00e9decine navale, etc&#8230;<\/span><\/p><h2 style=\"text-align: center;\"><span style=\"font-size: 14pt; color: #003366;\">Les autres sites de l&#8217;arsenal des mers<\/span><\/h2><h3><span style=\"color: #003366; font-size: 12pt;\">La fr\u00e9gate l&#8217;Hermione<\/span><\/h3><p><span style=\"font-size: 12pt;\">L&#8217;Hermione\u00a0 (l&#8217;original) \u00e9tait un navire \u00e9claireur, plus l\u00e9ger et maniable qu&#8217;un navire de guerre, et fut construit \u00e0 la fin du 18\u00e8me si\u00e8cle \u00e0 Rochefort. Le navire quitte Rochefort en 1780 pour participer \u00e0 la guerre d&#8217;ind\u00e9pendance des Etats Unis, avec \u00e0 son bord le Marquis de La Fayette et au commandement le comte de Tr\u00e9ville, dit\u00a0Latouche-Tr\u00e9ville.<\/span><\/p><p><span style=\"font-size: 12pt;\">La visite permet de d\u00e9couvrir la r\u00e9plique &#8211; grandeur nature &#8211; de la fr\u00e9gate reconstruite \u00e0 partir de 1994 \u00e0 Rochefort. Vous y d\u00e9couvrirez la vie des marins de L\u2019Hermione en mer, en \u00e9coutant le gabier,\u00a0 membre d\u2019\u00e9quipage de l&#8217;Hermione, qui vous guidera pour la visite. Vous d\u00e9couvrirez aussi\u00a0 l\u2019histoire de l&#8217;Hermione, sa construction, le d\u00e9roulement des man\u0153uvres, les canons, etc&#8230; Il faut compter 1h30 pour la visite.<\/span><\/p><figure id=\"attachment_13468\" aria-describedby=\"caption-attachment-13468\" style=\"width: 800px\" class=\"wp-caption aligncenter\"><a href=\"https:\/\/cparici.com\/wp-content\/uploads\/2021\/03\/rochefort.jpg\"><img decoding=\"async\" class=\"wp-image-13468 size-full\" title=\"Fregate l'hermione - a visiter pr\u00e8s de la corderie royale\" src=\"https:\/\/cparici.com\/wp-content\/uploads\/2021\/03\/rochefort.jpg\" alt=\"Fregate l'hermione - a visiter pr\u00e8s de la corderie royale\" width=\"800\" height=\"533\" srcset=\"https:\/\/cparici.com\/wp-content\/uploads\/2021\/03\/rochefort.jpg 800w, https:\/\/cparici.com\/wp-content\/uploads\/2021\/03\/rochefort-600x399.jpg 600w, https:\/\/cparici.com\/wp-content\/uploads\/2021\/03\/rochefort-768x511.jpg 768w, https:\/\/cparici.com\/wp-content\/uploads\/2021\/03\/rochefort-120x80.jpg 120w\" sizes=\"(max-width: 800px) 100vw, 800px\" \/><\/a><figcaption id=\"caption-attachment-13468\" class=\"wp-caption-text\">Fregate l&#8217;hermione &#8211; a visiter pr\u00e8s de la corderie royale<\/figcaption><\/figure><h3><span style=\"color: #003366; font-size: 12pt;\">Le mus\u00e9e national de la Marine<\/span><\/h3><p><span style=\"font-size: 12pt;\">La visite du mus\u00e9e national de la marine dans l&#8217;h\u00f4tel particulier du seignuer de Cheusses vous permet de d\u00e9couvrir la collection unique de diff\u00e9rents objets en lien avec l&#8217;histoire de la Marine: les instruments de navigation, les armes,\u00a0 les tableaux sont nombreux.\u00a0<\/span><\/p><h3><span style=\"color: #003366; font-size: 12pt;\">L&#8217;\u00e9cole de m\u00e9decine navale<\/span><\/h3><p><span style=\"font-size: 12pt;\">Vous pouvez visiter l\u2019\u00c9cole de m\u00e9decine navale rest\u00e9e dans le m\u00eame \u00e9tat qu&#8217;au 19e si\u00e8cle.\u00a0 Vous pourrez d\u00e9couvrir en 1h30 de visite les salles d\u2019enseignement, la biblioth\u00e8que, et m\u00eame d\u00e9couvrir les diff\u00e9rentes collections que les collections &#8211; ethnographiques, anatomiques, ou botaniques.<\/span><\/p><h3><span style=\"color: #003366;\">L&#8217;accro-m\u00e2ts<\/span><\/h3><p><span style=\"font-size: 12pt;\">L&#8217;accro-m\u00e2ts est un parcours similaire \u00e0 un parcours d&#8217;accrobranche situ\u00e9 tout pr\u00e8s du chantier de l&#8217;Hermione dans l&#8217;arsenal des mers. La seule diff\u00e9rence r\u00e9side dans l&#8217;esth\u00e9tique du parcours, qui vous laisse penser que vous &#8216;volez&#8217; de m\u00e2ts en m\u00e2ts sur une fr\u00e9gate ancienne, 30 m au-dessus du sol, avec vue sur la Charente et l&#8217;Hermione.<\/span><\/p><h3 style=\"text-align: center;\"><span style=\"color: #003366;\">Photos de\u00a0La corderie royale a Rochefort<\/span><\/h3><h2 style=\"text-align: center;\"><span style=\"font-size: 14pt; color: #1a2b48;\">Histoire de la corderie royale<\/span><\/h2><h3><strong><span style=\"color: #003366;\">Histoire des fondations de la corderie\u00a0<\/span><\/strong><\/h3><p>L&#8217;histoire des fondations de la corderie de Rochefort m\u00e9rite d&#8217;\u00eatre connue. Voici\u00a0 un extrait du t\u00e9moignage de Th\u00e9odore Blois dans Histoire de Rochefort:<\/p><p class=\"Standard\" style=\"margin-left: 35.4pt;\"><em>La corderie royale est le premier b\u00e2timent qui a \u00e9t\u00e9 fait \u00e0 Rochefort. Elle est termin\u00e9e par deux pavillons, et orn\u00e9e d\u2019un troisi\u00e8me au milieu, c\u2019est une des belles corderies qui fut dans le royaume. Elle est a deux \u00e9tages de 4 toises de largeur entre les murs et de cent quatre-vingt dix toises de longueur. La face en est magnifique.<\/em><\/p><h4>Nature du terrain choisi<\/h4><p><span style=\"font-size: 12pt;\">Le terrain choisi pour l&#8217;\u00e9dification de la corderie royale n&#8217;est pas sans poser de soucis, quant \u00e0 sa nature:<\/span><\/p><p class=\"Standard\" style=\"margin-left: 35.4pt;\"><em>Le lieu qu\u2019avait choisi M. Blondel, pour asseoir cette grande masse, \u00e9tait une belle prairie, longue d\u2019environ deux cent cinquante toises, sur une largeur de plus de cinquante au plus \u00e9troit, enferm\u00e9e d\u2019un c\u00f4t\u00e9 par la rivi\u00e8re de Charante, et de l\u2019autre par un canal. <\/em><\/p><p class=\"Standard\" style=\"margin-left: 35.4pt;\"><em>La premi\u00e8re chose qu\u2019il fit fut de fonder le Terrain en plusieurs endroits. Il reconnut qu\u2019au dessous de la premi\u00e8re croute qui \u00e9tait environ de deux pieds de terre noire et de gason, il y avait une couche de glaise tr\u00e8s ferme et solide par le haut, \u00e9paisse de dix a douze pieds, qui s\u2019amollissait petit \u00e0 petit se terminait en boue ou vase molle et demi liquide, de la m\u00eame nature qu\u2019est celle des bords et du fond de la rivi\u00e8re ; et ce mauvais terrain continuait sous la glaise \u00e0 si grande hauteur, qu\u2019il ne put jamais en trouver le fond, ni trouver d\u2019autre terrain dessous.\u00a0<\/em><\/p><h4>Les d\u00e9fis techniques<\/h4><p class=\"Standard\" style=\"margin-left: 35.4pt;\"><em>Son \u00e9difice devait \u00eatre trop consid\u00e9rable pour le servir de la pratique des ma\u00e7ons du pays, qui dans ces situations mettent les premi\u00e8res assises de leurs b\u00e2timents sur l\u2019herbe, sans rien creuser pour leurs fondations, parce que deux pieds de bonne terre li\u00e9e et affermie par les racines des herbes, suffisent pour soutenir la masse de leurs \u00e9difices et emp\u00eacher qu\u2019ils ne ressentent les mouvements de la glaise dessous, et ce prudent architecte ne voulant pas le lier \u00e0 la glaise pour y piloter, fond\u00e9 sur le malheur tout r\u00e9cemment arriv\u00e9 au pont de Saintes, qui avait \u00e9t\u00e9 renvers\u00e9 par les efforts de la glaise, qui en se tourmentant avait chass\u00e9 les pilotis, et par cons\u00e9quent caus\u00e9 la ruine du Pont\u00a0; parce que la glaise \u00e9vent\u00e9e et tourment\u00e9e jette, en se renflant, tout ce qu\u2019on a mis dedans et dessus. <\/em><\/p><p class=\"Standard\" style=\"margin-left: 35.4pt;\"><em>Le parti qu\u2019il trouva fut de fonder une grille de charpente en platte forme, comme il avait vu fabriquer en semblables occasions en Hollande et ailleurs, et particuli\u00e8rement \u00e0 la citadelle du Havre de Grace, que M. d\u2019Argencourt, sur un terrain presque semblable, avait fond\u00e9e de cette mani\u00e8re, aussdi bien que l\u2019ouvrage \u00e0 Corne de Brouage.<\/em><\/p><h3><strong><span style=\"color: #003366;\">Histoire des fondations &#8230; (suite)<\/span><\/strong><\/h3><p>Voici\u00a0 la suite du t\u00e9moignage de Th\u00e9odore Blois<\/p><p class=\"Standard\" style=\"margin-left: 35.4pt;\"><em>M. Blondel, fort de ces exp\u00e9riences, fit tracer sur le terrain les largeurs qu\u2019il voulait donner aux fondations des murs, tant du contour de la corderie et des b\u00e2timents qui devaient l\u2019accompagner <\/em><em>que de ceux qu\u2019il avait r\u00e9solu d\u2019\u00e9lever jusqu\u2019au rez de chauss\u00e9e seulement, en forme de traverses, de quatre en quatre toises par le dedans, pour lier les principaux murs l\u2019un avec l\u2019autre.<\/em><\/p><h4>Les affouillements<\/h4><p class=\"Standard\" style=\"margin-left: 35.4pt;\"><em>Il fit creuser environ cinq pieds sur le plan de la prairie, c\u2019est-\u00e0-dire trois pieds dans le massif de la glaise, puis ayant fait mettre avec une grande exactitude le fond s de ces fouilles partout sur un m\u00eame niveau, il fit asseoir une grille de longues pi\u00e8ces de bois de ch\u00e8nes de 10 \u00e0 11 pouces, assembl\u00e9es l\u2019une \u00e0 l\u2019autre, tant plein que vuide et \u00e0 queue d\u2019aronde dans toute l\u2019\u00e9tendue des fondations, c\u2019est-\u00e0-dire sous les murs de traverses, aussi bien que sous les murs principaux, sur laquelle ayant fait \u00e9tendre en platte forme un lit plat de madriers du m\u00eame bois, de 3 ou 4 pouces d\u2019\u00e9paisseur, bien assis sur un m\u00eame niveau, et bien chevill\u00e9s sur tous les bois de la grille.<\/em><\/p><h4>La construction de la corderie royale<\/h4><p class=\"Standard\" style=\"margin-left: 35.4pt;\"><em>Il fit coucher les premi\u00e8res assises des fondements faits de beaux quartiers de libage, avec de longues boulines et construire les murs de bonne ma\u00e7onnerie \u00e0 plomb par dedans et par retraite en dehors, jusqu\u2019 \u00e0 la hauteur de quatre pieds et demi, ou cinq pieds au dessus du plan de la prairie, sur lequel il voulut que celui de la corderie fut \u00e9lev\u00e9 jusqu\u2019\u00e0 cette hauteur, afin de le tirer des incommodit\u00e9s des eaux de la rivi\u00e8re, qui d\u00e9bordant quelque fois, et principalement aux grandes mar\u00e9es, couvrait la plus grande partie des prairies voisines.<\/em><\/p><p class=\"Standard\" style=\"margin-left: 35.4pt;\"><em>Il fit asseoir les murs sur ce fondement, mais avec tant d\u2019uniformit\u00e9 dans toute son \u00e9tendue, qu\u2019il n\u2019a jamais souffert que l\u2019on posa une pierre pour commencer une assise, dans aucun endroit du pourtour, que l\u2019assise de dessous ne fut enti\u00e8rement achev\u00e9e, afin que toute la masse prenant son faix \u00e9galement partout, le terrain sous la grille ne fut jamais plus press\u00e9 d\u2019un c\u00f4t\u00e9 que d\u2019autre.\u00a0<\/em><\/p><h3><strong><span style=\"color: #003366;\">Histoire des fondations &#8230; (suite)<\/span><\/strong><\/h3><p>Voici\u00a0 la suite du t\u00e9moignage de Th\u00e9odore Blois<\/p><p class=\"Standard\" style=\"margin-left: 35.4pt;\"><em>M. Blondel, fort de ces exp\u00e9riences, fit tracer sur le terrain les largeurs qu\u2019il voulait donner aux fondations des murs, tant du contour de la corderie et des b\u00e2timents qui devaient l\u2019accompagner <\/em><em>que de ceux qu\u2019il avait r\u00e9solu d\u2019\u00e9lever jusqu\u2019au rez de chauss\u00e9e seulement, en forme de traverses, de quatre en quatre toises par le dedans, pour lier les principaux murs l\u2019un avec l\u2019autre.<\/em><\/p><h4>Les affouillements<\/h4><p class=\"Standard\" style=\"margin-left: 35.4pt;\"><em>Il fit creuser environ cinq pieds sur le plan de la prairie, c\u2019est-\u00e0-dire trois pieds dans le massif de la glaise, puis ayant fait mettre avec une grande exactitude le fond s de ces fouilles partout sur un m\u00eame niveau, il fit asseoir une grille de longues pi\u00e8ces de bois de ch\u00e8nes de 10 \u00e0 11 pouces, assembl\u00e9es l\u2019une \u00e0 l\u2019autre, tant plein que vuide et \u00e0 queue d\u2019aronde dans toute l\u2019\u00e9tendue des fondations, c\u2019est-\u00e0-dire sous les murs de traverses, aussi bien que sous les murs principaux, sur laquelle ayant fait \u00e9tendre en platte forme un lit plat de madriers du m\u00eame bois, de 3 ou 4 pouces d\u2019\u00e9paisseur, bien assis sur un m\u00eame niveau, et bien chevill\u00e9s sur tous les bois de la grille.<\/em><\/p><h4>La construction<\/h4><p class=\"Standard\" style=\"margin-left: 35.4pt;\"><em>Il fit coucher les premi\u00e8res assises des fondements faits de beaux quartiers de libage, avec de longues boulines et construire les murs de bonne ma\u00e7onnerie \u00e0 plomb par dedans et par retraite en dehors, jusqu\u2019 \u00e0 la hauteur de quatre pieds et demi, ou cinq pieds au dessus du plan de la prairie, sur lequel il voulut que celui de la corderie fut \u00e9lev\u00e9 jusqu\u2019\u00e0 cette hauteur, afin de le tirer des incommodit\u00e9s des eaux de la rivi\u00e8re, qui d\u00e9bordant quelque fois, et principalement aux grandes mar\u00e9es, couvrait la plus grande partie des prairies voisines.<\/em><\/p><p class=\"Standard\" style=\"margin-left: 35.4pt;\"><em>Il fit asseoir les murs sur ce fondement, mais avec tant d\u2019uniformit\u00e9 dans toute son \u00e9tendue, qu\u2019il n\u2019a jamais souffert que l\u2019on posa une pierre pour commencer une assise, dans aucun endroit du pourtour, que l\u2019assise de dessous ne fut enti\u00e8rement achev\u00e9e, afin que toute la masse prenant son faix \u00e9galement partout, le terrain sous la grille ne fut jamais plus press\u00e9 d\u2019un c\u00f4t\u00e9 que d\u2019autre.\u00a0<\/em><\/p><h3><span style=\"font-size: 18pt;\">Pour aller plus loin&#8230;<\/span><\/h3><p><span style=\"font-size: 14pt;\"><strong>Le centre international de la mer<\/strong><\/span><\/p><p><span style=\"font-size: 14pt;\">Le Centre International de la Mer \u00e0 Rochefort,\u00a0 ancr\u00e9 dans les anciens b\u00e2timents de l&#8217;arsenal maritime royal,\u00a0 offre aux visiteurs une plong\u00e9e immersive dans l&#8217;univers de la navigation, de la construction navale et de l&#8217;exploration maritime. <\/span><\/p><p><span style=\"font-size: 14pt;\">\u00c0 travers une vari\u00e9t\u00e9 d&#8217;expositions interactives, de reconstitutions historiques et de collections remarquables, les visiteurs peuvent retracer l&#8217;\u00e9pop\u00e9e des grands explorateurs, d\u00e9couvrir les secrets de la construction navale traditionnelle, et apprendre sur les d\u00e9fis et les enjeux contemporains de la pr\u00e9servation de l&#8217;environnement marin. <\/span><\/p><p><span style=\"font-size: 14pt;\">De la visite des vaisseaux embl\u00e9matiques tels que la fr\u00e9gate Hermione, c\u00e9l\u00e8bre pour son r\u00f4le dans la guerre d&#8217;ind\u00e9pendance am\u00e9ricaine, \u00e0 l&#8217;exploration des ateliers et des chantiers navals restaur\u00e9s, le Centre International de la Mer offre une exp\u00e9rience enrichissante et captivante pour les passionn\u00e9s de l&#8217;histoire maritime, les familles et les curieux de tous \u00e2ges. <\/span><\/p><p><span style=\"font-size: 14pt;\">En plus de son aspect mus\u00e9al, le centre organise \u00e9galement des \u00e9v\u00e9nements culturels, des conf\u00e9rences et des activit\u00e9s \u00e9ducatives, contribuant ainsi \u00e0 faire revivre et \u00e0 pr\u00e9server le riche patrimoine maritime de la r\u00e9gion tout en sensibilisant le public aux enjeux contemporains de la mer et de l&#8217;oc\u00e9an.<\/span><\/p><p><strong><span style=\"font-size: 14pt;\">L&#8217;arsenal des mers<\/span><\/strong><\/p><p><span style=\"font-size: 14pt;\">L&#8217;arsenal des mers \u00e0 Rochefort,\u00a0 incarne un h\u00e9ritage naval incomparable. Fond\u00e9 au XVIIe si\u00e8cle par Louis XIV, cet arsenal fut un pilier de la puissance navale fran\u00e7aise, charg\u00e9 de la construction, de l&#8217;entretien et de l&#8217;approvisionnement des navires de guerre. Aujourd&#8217;hui, ses vastes installations historiques, dont la\u00a0 corderie royale et l&#8217;h\u00f4tel de Cheusses, ont \u00e9t\u00e9 magnifiquement restaur\u00e9es pour accueillir des mus\u00e9es captivants et des expositions interactives retra\u00e7ant l&#8217;\u00e9pop\u00e9e de la marine fran\u00e7aise. <\/span><\/p><p><span style=\"font-size: 14pt;\">Les visiteurs peuvent plonger dans l&#8217;univers fascinant de la construction navale \u00e0 travers des d\u00e9monstrations de techniques ancestrales, des reconstitutions historiques et des expositions th\u00e9matiques mettant en lumi\u00e8re le r\u00f4le crucial de Rochefort dans l&#8217;histoire maritime du pays. <\/span><\/p><p><strong><span style=\"font-size: 14pt;\">Le mus\u00e9e de la marine et l&#8217;h\u00f4tel de Cheusses\u00a0<\/span><\/strong><\/p><p><span style=\"font-size: 14pt;\">Le mus\u00e9e de la Marine et l&#8217;H\u00f4tel de Cheusses \u00e0 Rochefort repr\u00e9sentent deux piliers essentiels du riche patrimoine maritime fran\u00e7ais, offrant une immersion captivante dans l&#8217;histoire navale de la r\u00e9gion. <\/span><\/p><p><span style=\"font-size: 14pt;\">Situ\u00e9s au c\u0153ur de la ville historique de Rochefort en Charente-Maritime, ces deux sites\u00a0 t\u00e9moignent de la grandeur pass\u00e9e de la marine fran\u00e7aise et de son importance strat\u00e9gique. L&#8217;H\u00f4tel de Cheusses, un magnifique \u00e9difice du XVIIe si\u00e8cle, abrite d\u00e9sormais le mus\u00e9e de la Marine, o\u00f9 les visiteurs peuvent explorer des collections remarquables d&#8217;objets maritimes, de maquettes de navires et d&#8217;artefacts historiques, retra\u00e7ant ainsi l&#8217;\u00e9pop\u00e9e maritime de la r\u00e9gion. <\/span><\/p><p><span style=\"font-size: 14pt;\">Des expositions interactives, des animations audiovisuelles et des d\u00e9monstrations de techniques de construction navale transportent les visiteurs \u00e0 travers les si\u00e8cles, leur permettant de d\u00e9couvrir les coulisses de la vie \u00e0 bord des navires et de comprendre les d\u00e9fis auxquels les marins \u00e9taient confront\u00e9s. <\/span><\/p><p><span style=\"font-size: 14pt;\">En parcourant les salles\u00a0 de l&#8217;H\u00f4tel de Cheusses, les visiteurs sont plong\u00e9s dans l&#8217;atmosph\u00e8re\u00a0 de l&#8217;\u00e9poque de la marine \u00e0 voile, o\u00f9 l&#8217;aventure et l&#8217;exploration \u00e9taient au c\u0153ur de chaque voyage en mer.\u00a0<\/span><\/p><p class=\"Standard\" style=\"text-align: center;\"><span style=\"font-size: 12pt;\"><strong>Rochefort<\/strong>\u00a0<em>ou Rochefort-sur-mer est des principales villes de Charente-Maritime connue pour son port, la corderie royale,\u00a0 et depuis quelques ann\u00e9es par la r\u00e9plique de l\u2019Hermione.<\/em><\/span><\/p><h3 style=\"text-align: center;\"><span style=\"color: #003366;\">D\u00e9couvrir les alentours<\/span><\/h3><h3><strong>L&#8217;Abbaye aux Dames de Saintes<\/strong><\/h3><p class=\"Standard\"><span style=\"font-size: 12pt;\"><strong>L\u2019abbaye aux dames<\/strong> a Saintes est une ancienne abbaye situ\u00e9e \u00e0 Saintes, en Charente Maritime, sur la rive droite de la Charente, non loin de l\u2019Arc de Germanicus, et de l\u2019office de Tourisme.<\/span><\/p><h3>L&#8217;\u00e9glise de Royan<\/h3><p><span style=\"font-size: 12pt;\"><strong>L\u2019Eglise Notre Dame de Royan\u00a0<\/strong>est\u00a0 situ\u00e9e \u00e0 Royan, en Charente maritime. Elle est incontournable de par sa silhouette en forme d\u2019ellipse et mesure 45 m de longueur.\u00a0<\/span><\/p><p style=\"text-align: center;\">Envie de d\u00e9couvrir d&#8217;autres destinations tourisme en France? <a href=\"https:\/\/cparici.com\/fr\/chateau-de-la-loire\/\">D\u00e9couvrez le val de Loire et ses ch\u00e2teaux mythiques<\/a><\/p>\t\t\t\t\t\t\t\t<\/div>\n\t\t\t\t\t<\/div>\n\t\t\t\t<\/div>\n\t\t<div class=\"elementor-element elementor-element-c1ed893 e-flex e-con-boxed e-con e-parent\" data-id=\"c1ed893\" data-element_type=\"container\" data-e-type=\"container\">\n\t\t\t\t\t<div class=\"e-con-inner\">\n\t\t\t\t<div class=\"elementor-element elementor-element-1cdc545 elementor-widget elementor-widget-listeo-posts-grid\" data-id=\"1cdc545\" data-element_type=\"widget\" data-e-type=\"widget\" data-widget_type=\"listeo-posts-grid.default\">\n\t\t\t\t<div class=\"elementor-widget-container\">\n\t\t\t\t\t\t\t\n\t\t<div class=\"listeo-post-grid-wrapper\">\n\t\t\t<div class=\"row\">\n\n\t\t\t\n\n\t\t\t\t\t\t\t<div class=\"col-md-4\">\n                <a href=\"https:\/\/cparici.com\/fr\/phare-de-cordouan-royan-charente-maritime\/\" class=\"blog-compact-item-container\">\n                    <div class=\"blog-compact-item\">\n                        <img decoding=\"async\" width=\"577\" height=\"155\" src=\"https:\/\/cparici.com\/wp-content\/uploads\/2021\/05\/phare-de-cordouan-banniere-3.jpg\" class=\"attachment-listeo-blog-related-post size-listeo-blog-related-post wp-post-image\" alt=\"phare de cordouan visite\" srcset=\"https:\/\/cparici.com\/wp-content\/uploads\/2021\/05\/phare-de-cordouan-banniere-3.jpg 1520w, https:\/\/cparici.com\/wp-content\/uploads\/2021\/05\/phare-de-cordouan-banniere-3-600x161.jpg 600w, https:\/\/cparici.com\/wp-content\/uploads\/2021\/05\/phare-de-cordouan-banniere-3-768x206.jpg 768w\" sizes=\"(max-width: 577px) 100vw, 577px\" \/><span class=\"blog-item-tag\">Architecture<\/span>                        \n                        <div class=\"blog-compact-item-content\">\n                                                        <h3>Phare de Cordouan a Royan<\/h3>\n                                                        <p>Le Phare de Cordouan Royan est un phare situ\u00e9 \u00e0 l'embouchure de l'estuaire de la...                            <\/p>\n                                                    <\/div>\n                    <\/div>\n                <\/a>\n            <\/div>\n\t\t\t<div class=\"col-md-4\">\n                <a href=\"https:\/\/cparici.com\/fr\/triathlon-de-royan\/\" class=\"blog-compact-item-container\">\n                    <div class=\"blog-compact-item\">\n                        <img decoding=\"async\" width=\"577\" height=\"212\" src=\"https:\/\/cparici.com\/wp-content\/uploads\/2024\/09\/triathlon-de-royan-course-et-evenement.jpg\" class=\"attachment-listeo-blog-related-post size-listeo-blog-related-post wp-post-image\" alt=\"triathlon de royan - course et \u00e9v\u00e8nement\" srcset=\"https:\/\/cparici.com\/wp-content\/uploads\/2024\/09\/triathlon-de-royan-course-et-evenement.jpg 1445w, https:\/\/cparici.com\/wp-content\/uploads\/2024\/09\/triathlon-de-royan-course-et-evenement-600x220.jpg 600w, https:\/\/cparici.com\/wp-content\/uploads\/2024\/09\/triathlon-de-royan-course-et-evenement-300x110.jpg 300w, https:\/\/cparici.com\/wp-content\/uploads\/2024\/09\/triathlon-de-royan-course-et-evenement-1024x376.jpg 1024w, https:\/\/cparici.com\/wp-content\/uploads\/2024\/09\/triathlon-de-royan-course-et-evenement-768x282.jpg 768w\" sizes=\"(max-width: 577px) 100vw, 577px\" \/><span class=\"blog-item-tag\">Charente maritime<\/span>                        \n                        <div class=\"blog-compact-item-content\">\n                                                        <h3>Triathlon de Royan &#8211; Guide Complet de la course<\/h3>\n                                                        <p>Recherches populaires Categories Pas de r\u00e9sultats Voir tous les r\u00e9sultats Triathlon de Royan Le Triathlon...                            <\/p>\n                                                    <\/div>\n                    <\/div>\n                <\/a>\n            <\/div>\n\t\t\t<div class=\"col-md-4\">\n                <a href=\"https:\/\/cparici.com\/fr\/un-violon-sur-le-sable\/\" class=\"blog-compact-item-container\">\n                    <div class=\"blog-compact-item\">\n                        <img decoding=\"async\" width=\"577\" height=\"204\" src=\"https:\/\/cparici.com\/wp-content\/uploads\/2025\/06\/cparici-7-577x204.jpg\" class=\"attachment-listeo-blog-related-post size-listeo-blog-related-post wp-post-image\" alt=\"un violon sur le sable\" srcset=\"https:\/\/cparici.com\/wp-content\/uploads\/2025\/06\/cparici-7-577x204.jpg 577w, https:\/\/cparici.com\/wp-content\/uploads\/2025\/06\/cparici-7-300x106.jpg 300w, https:\/\/cparici.com\/wp-content\/uploads\/2025\/06\/cparici-7-1024x362.jpg 1024w, https:\/\/cparici.com\/wp-content\/uploads\/2025\/06\/cparici-7-768x271.jpg 768w, https:\/\/cparici.com\/wp-content\/uploads\/2025\/06\/cparici-7-18x6.jpg 18w, https:\/\/cparici.com\/wp-content\/uploads\/2025\/06\/cparici-7-590x208.jpg 590w, https:\/\/cparici.com\/wp-content\/uploads\/2025\/06\/cparici-7-1200x424.jpg 1200w, https:\/\/cparici.com\/wp-content\/uploads\/2025\/06\/cparici-7-600x212.jpg 600w, https:\/\/cparici.com\/wp-content\/uploads\/2025\/06\/cparici-7.jpg 1500w\" sizes=\"(max-width: 577px) 100vw, 577px\" \/><span class=\"blog-item-tag\">France<\/span>                        \n                        <div class=\"blog-compact-item-content\">\n                                                        <h3>Un violon sur le sable : le festival classique de Royan<\/h3>\n                                                        <p>Recherches populaires Categories Pas de r\u00e9sultats Voir tous les r\u00e9sultats Un violon sur le sable...                            <\/p>\n                                                    <\/div>\n                    <\/div>\n                <\/a>\n            <\/div>\n  <\/div>\n        <\/div>\n        \t\t\t\t<\/div>\n\t\t\t\t<\/div>\n\t\t\t\t\t<\/div>\n\t\t\t\t<\/div>\n\t\t\t\t<\/div>\n\t\t","protected":false},"excerpt":{"rendered":"<p>La corderie royale a Rochefort\u00a0est un grand mus\u00e9e qui se situe dans les b\u00e2timents de l&#8217;ancien arsenal de\u00a0Rochefort, au bord\u00a0 la Charente, non loin du centre historique.<\/p>\n","protected":false},"author":1,"featured_media":13769,"comment_status":"closed","ping_status":"closed","sticky":false,"template":"","format":"standard","meta":{"ngg_post_thumbnail":0,"footnotes":""},"categories":[302,461,160,477,315,169,480,489],"tags":[191,341,342,195],"class_list":["post-13101","post","type-post","status-publish","format-standard","has-post-thumbnail","hentry","category-patrimoine","category-charente-maritime","category-culture","category-france","category-histoire","category-musees","category-poitou-charentes","category-rochefort","tag-charente-maritime","tag-corderie","tag-estuaire-de-la-charente","tag-rochefort"],"_links":{"self":[{"href":"https:\/\/cparici.com\/fr\/wp-json\/wp\/v2\/posts\/13101","targetHints":{"allow":["GET"]}}],"collection":[{"href":"https:\/\/cparici.com\/fr\/wp-json\/wp\/v2\/posts"}],"about":[{"href":"https:\/\/cparici.com\/fr\/wp-json\/wp\/v2\/types\/post"}],"author":[{"embeddable":true,"href":"https:\/\/cparici.com\/fr\/wp-json\/wp\/v2\/users\/1"}],"replies":[{"embeddable":true,"href":"https:\/\/cparici.com\/fr\/wp-json\/wp\/v2\/comments?post=13101"}],"version-history":[{"count":0,"href":"https:\/\/cparici.com\/fr\/wp-json\/wp\/v2\/posts\/13101\/revisions"}],"wp:featuredmedia":[{"embeddable":true,"href":"https:\/\/cparici.com\/fr\/wp-json\/wp\/v2\/media\/13769"}],"wp:attachment":[{"href":"https:\/\/cparici.com\/fr\/wp-json\/wp\/v2\/media?parent=13101"}],"wp:term":[{"taxonomy":"category","embeddable":true,"href":"https:\/\/cparici.com\/fr\/wp-json\/wp\/v2\/categories?post=13101"},{"taxonomy":"post_tag","embeddable":true,"href":"https:\/\/cparici.com\/fr\/wp-json\/wp\/v2\/tags?post=13101"}],"curies":[{"name":"wp","href":"https:\/\/api.w.org\/{rel}","templated":true}]}}