{"id":14000,"date":"2021-04-26T08:24:53","date_gmt":"2021-04-26T08:24:53","guid":{"rendered":"https:\/\/cparici.com\/?p=14000"},"modified":"2026-04-26T21:40:41","modified_gmt":"2026-04-26T19:40:41","slug":"plage-de-nauzan-a-vaux-sur-mer","status":"publish","type":"post","link":"https:\/\/cparici.com\/fr\/plage-de-nauzan-a-vaux-sur-mer\/","title":{"rendered":"Plage de Nauzan a Vaux sur Mer Charente maritime"},"content":{"rendered":"\t\t<div data-elementor-type=\"wp-post\" data-elementor-id=\"14000\" class=\"elementor elementor-14000\" data-elementor-post-type=\"post\">\n\t\t\t\t<div class=\"elementor-element elementor-element-43571ae e-con-full e-flex e-con e-parent\" data-id=\"43571ae\" data-element_type=\"container\" data-e-type=\"container\">\n\t\t\t\t<div class=\"elementor-element elementor-element-41f6a2d elementor-widget elementor-widget-image\" data-id=\"41f6a2d\" data-element_type=\"widget\" data-e-type=\"widget\" data-widget_type=\"image.default\">\n\t\t\t\t\t\t\t\t\t\t\t\t\t\t\t<img decoding=\"async\" width=\"1700\" height=\"635\" src=\"https:\/\/cparici.com\/wp-content\/uploads\/2021\/04\/vaux-sur-mer-Cparici.jpg\" class=\"attachment-full size-full wp-image-50089\" alt=\"plage de nauzan vaux sur mer\" srcset=\"https:\/\/cparici.com\/wp-content\/uploads\/2021\/04\/vaux-sur-mer-Cparici.jpg 1700w, https:\/\/cparici.com\/wp-content\/uploads\/2021\/04\/vaux-sur-mer-Cparici-300x112.jpg 300w, https:\/\/cparici.com\/wp-content\/uploads\/2021\/04\/vaux-sur-mer-Cparici-1024x382.jpg 1024w, https:\/\/cparici.com\/wp-content\/uploads\/2021\/04\/vaux-sur-mer-Cparici-768x287.jpg 768w, https:\/\/cparici.com\/wp-content\/uploads\/2021\/04\/vaux-sur-mer-Cparici-1536x574.jpg 1536w, https:\/\/cparici.com\/wp-content\/uploads\/2021\/04\/vaux-sur-mer-Cparici-590x220.jpg 590w, https:\/\/cparici.com\/wp-content\/uploads\/2021\/04\/vaux-sur-mer-Cparici-1200x448.jpg 1200w, https:\/\/cparici.com\/wp-content\/uploads\/2021\/04\/vaux-sur-mer-Cparici-577x216.jpg 577w, https:\/\/cparici.com\/wp-content\/uploads\/2021\/04\/vaux-sur-mer-Cparici-600x224.jpg 600w\" sizes=\"(max-width: 1700px) 100vw, 1700px\" \/>\t\t\t\t\t\t\t\t\t\t\t\t\t\t\t<\/div>\n\t\t\t\t<\/div>\n\t\t<div class=\"elementor-element elementor-element-9ee703d e-flex e-con-boxed e-con e-parent\" data-id=\"9ee703d\" data-element_type=\"container\" data-e-type=\"container\">\n\t\t\t\t\t<div class=\"e-con-inner\">\n\t\t\t\t<div class=\"elementor-element elementor-element-4b88b6b elementor-widget elementor-widget-global elementor-global-62046 elementor-widget-eael-advanced-search\" data-id=\"4b88b6b\" data-element_type=\"widget\" data-e-type=\"widget\" data-widget_type=\"eael-advanced-search.default\">\n\t\t\t\t\t        <div class=\"eael-adv-search-wrapper\">\n            <div id=\"eael-advanced-search-widget-4b88b6b\" class=\"eael-advanced-search-widget\">\n                <form data-settings=\"{&quot;post_per_page&quot;:5,&quot;search_among_taxonomies&quot;:&quot;&quot;,&quot;search_among_sku&quot;:&quot;no&quot;,&quot;show_popular_keyword&quot;:0,&quot;show_category&quot;:0,&quot;show_content_image&quot;:1,&quot;show_search_result_all_results&quot;:0,&quot;result_on_new_tab&quot;:&quot;no&quot;,&quot;show_product_price&quot;:&quot;no&quot;,&quot;include_current_page&quot;:&quot;no&quot;,&quot;current_post_id&quot;:14000,&quot;post_type&quot;:[&quot;post&quot;,&quot;listing&quot;]}\" method=\"POST\" name=\"eael-advanced-search-form-4b88b6b\" class=\"eael-advanced-search-form eael-advanced-search-form-style-2\">\n                    <div class=\"eael-advanced-search-wrap\">\n                        <span class=\"eael-adv-search-loader\"><\/span>\n                        <span class=\"eael-adv-search-close\"><i class=\"fas fa-times\"><\/i><\/span>\n                        <span class=\"icon \"><i class=\"fas fa-search\"><\/i><\/span>\n\n                        <input type=\"text\"\n                               placeholder=\"Votre destination\"\n                               class=\"eael-advanced-search\" autocomplete=\"off\" name=\"eael_advanced_search\">\n                    <\/div>\n\t\t\t\t\t                                    <\/form>\n\n\t\t\t\t\n\t\t\t\t        <div class=\"eael-advanced-search-result\">\n            <div class=\"eael-advanced-search-popular-keyword\">\n\t\t\t\t<h4 class=\"eael-advanced-search-popular-keyword-text\">Recherches populaires<\/h4>                <div class=\"eael-popular-keyword-content\"><\/div>\n            <\/div>\n            <div class=\"eael-advanced-search-category\">\n\t\t\t\t<h4 class=\"eael-advanced-search-category-text\">Categories<\/h4>                <div class=\"eael-popular-category-content\"><\/div>\n            <\/div>\n\t\t\t<div class=\"eael-advanced-search-total-results-section\">\n\t\t\t\t\t\t\t<\/div>\n            <div class=\"eael-advanced-search-content eael-item-style-3\">\n            <\/div>\n            <div class=\"eael-advanced-search-not-found\">\n                <p>Pas de r\u00e9sultats<\/p><\/div>\n            <div class=\"eael-advanced-search-load-more\">\n\t\t\t\t<a \tclass=\"eael-advanced-search-load-more-button\"\n                \thref=\"#\">Voir tous les r\u00e9sultats<\/a>\n            <\/div>\n        <\/div>\n\n\t\t            <\/div>\n        <\/div>\n\n\t\t\t\t\t\t<\/div>\n\t\t\t\t\t<\/div>\n\t\t\t\t<\/div>\n\t\t<div class=\"elementor-element elementor-element-32dd1fc6 e-flex e-con-boxed e-con e-parent\" data-id=\"32dd1fc6\" data-element_type=\"container\" data-e-type=\"container\">\n\t\t\t\t\t<div class=\"e-con-inner\">\n\t\t\t\t<div class=\"elementor-element elementor-element-7b5e5256 elementor-widget elementor-widget-text-editor\" data-id=\"7b5e5256\" data-element_type=\"widget\" data-e-type=\"widget\" data-widget_type=\"text-editor.default\">\n\t\t\t\t\t\t\t\t\t<h1 style=\"text-align: center;\"><span style=\"font-size: 18pt; color: #003366;\">Plage de Nauzan<\/span><\/h1><h2 style=\"text-align: left;\"><span style=\"font-size: 14pt; color: #003366;\">D\u00e9couvrez la Plage de Nauzan a Vaux sur Mer sur la c\u00f4te de beaut\u00e9<\/span><\/h2><p><span style=\"font-size: 12pt;\"><span style=\"color: #003366;\"><strong>Plage de Nauzan a Vaux sur Mer est situ\u00e9e <\/strong>sur la <a href=\"https:\/\/cparici.com\/fr\/cote-de-beaute-a-royan-guide-complet\/\">c\u00f4te de beaut\u00e9,<\/a> <a href=\"https:\/\/cparici.com\/fr\/royan-informations-pratiques-et-decouverte\/\">pr\u00e8s de Royan en Charente maritime<\/a>, aussi appel\u00e9e <strong>plage du Vaux sur Mer<\/strong>\u00a0est situ\u00e9e\u00a0<\/span> \u00e0 la limite des communes de Vaux sur Mer et de Saint Palais sur Mer. C\u2019est la plage la plus large de la ville de Vaux sur Mer. <\/span><\/p>\t\t\t\t\t\t\t\t<\/div>\n\t\t\t\t\t<\/div>\n\t\t\t\t<\/div>\n\t\t<aside class=\"elementor-element elementor-element-3e9649cc e-flex e-con-boxed e-con e-parent\" data-id=\"3e9649cc\" data-element_type=\"container\" data-e-type=\"container\" data-settings=\"{&quot;background_background&quot;:&quot;classic&quot;}\">\n\t\t\t\t\t<div class=\"e-con-inner\">\n\t\t\t\t<div class=\"elementor-element elementor-element-2540fba elementor-widget elementor-widget-spacer\" data-id=\"2540fba\" data-element_type=\"widget\" data-e-type=\"widget\" data-widget_type=\"spacer.default\">\n\t\t\t\t\t\t\t<div class=\"elementor-spacer\">\n\t\t\t<div class=\"elementor-spacer-inner\"><\/div>\n\t\t<\/div>\n\t\t\t\t\t\t<\/div>\n\t\t\t\t<div class=\"elementor-element elementor-element-4640cb88 elementor-widget elementor-widget-heading\" data-id=\"4640cb88\" data-element_type=\"widget\" data-e-type=\"widget\" data-widget_type=\"heading.default\">\n\t\t\t\t\t<h2 class=\"elementor-heading-title elementor-size-default\">H\u00e9bergements de Vacances Vaux sur Mer en direct<\/h2>\t\t\t\t<\/div>\n\t\t\t\t<div class=\"elementor-element elementor-element-41ad4e0a elementor-widget elementor-widget-listeo-listings-carousel\" data-id=\"41ad4e0a\" data-element_type=\"widget\" data-e-type=\"widget\" data-widget_type=\"listeo-listings-carousel.default\">\n\t\t\t\t<div class=\"elementor-widget-container\">\n\t\t\t\t\t        <!-- Carousel \/ Start -->\n        \t<div class=\"simple-slick-carousel dots-nav\" data-slick='{&quot;autoplay&quot;:true,&quot;autoplaySpeed&quot;:3000,&quot;slidesToShow&quot;:3,&quot;slidesToScroll&quot;:1,&quot;responsive&quot;:[{&quot;breakpoint&quot;:1024,&quot;settings&quot;:{&quot;slidesToShow&quot;:2,&quot;slidesToScroll&quot;:1}},{&quot;breakpoint&quot;:768,&quot;settings&quot;:{&quot;slidesToShow&quot;:1,&quot;slidesToScroll&quot;:1}}]}'>\n                            <div class=\"fw-carousel-item\">                    \n                        <!-- Listing Item -->\r\n            <div class=\"col-lg-6 col-md-12\">\r\n                <a href=\"https:\/\/cparici.com\/fr\/annonce\/appartement-face-mer\/\"  class=\"listing-item-container listing-geo-data compact\" \r\n\t\tdata-title=\"La Perrini\u00e8re Appartement face mer Royan\"\r\n\t\tdata-listing-type=\"rental\"\r\n\t\tdata-classifieds-price=\"\u20ac\"\r\n\t\tdata-friendly-address=\"royan\"\r\n\t\tdata-address=\"royan\"\r\n\t\tdata-image=\"https:\/\/cparici.com\/wp-content\/uploads\/2025\/05\/366880516.jpg\"\r\n\t\tdata-longitude=\"-1.0197084\"\r\n\t\tdata-latitude=\"45.6217724\"\r\n\t\t\t\t\tdata-rating=\"0\"\r\n\t\t\tdata-reviews=\"0\"\r\n\t\t\t\tdata-icon=\"<svg xmlns=&quot;http:\/\/www.w3.org\/2000\/svg&quot; width=&quot;800px&quot; height=&quot;800px&quot; viewBox=&quot;0 0 45 45&quot; fill=&quot;none&quot;>\n<path d=&quot;M24.155 8.78099L24.33 8.94499L37.402 21.787L36 23.213L34.2 21.445L34.201 35C34.201 36.054 33.385 36.918 32.35 36.994L32.201 37H12.201C11.147 37 10.283 36.184 10.206 35.149L10.201 35L10.2 21.446L8.402 23.213L7 21.787L20.058 8.95799C21.171 7.82199 22.966 7.75899 24.155 8.78099ZM21.569 10.285L21.473 10.372L12.2 19.481L12.201 35L17.2 34.999L17.201 25C17.201 23.946 18.017 23.082 19.052 23.005L19.201 23H25.201C26.255 23 27.119 23.816 27.196 24.851L27.201 25L27.2 34.999L32.201 35L32.2 19.48L22.901 10.344C22.537 9.98699 21.969 9.96499 21.569 10.285ZM25.201 25H19.201L19.2 34.999H25.2L25.201 25Z&quot; fill=&quot;#3C3C3C&quot;\/>\n<\/svg>\"\r\n\r\n\t>\r\n            <div class=\"listing-item  featured-listing\">\r\n                <div class=\"listing-small-badges-container\">\r\n                                            <div class=\"listing-small-badge featured-badge\"><i class=\"fa fa-star\"><\/i> En vedette<\/div>\r\n                                                                <div class=\"listing-small-badge pricing-badge\"><i class=\"fa fa-tag\"><\/i>260,00\u20ac - 390,00\u20ac<\/div>\r\n                                                            \r\n                                        \r\n                                        \r\n                <\/div>\r\n                <img decoding=\"async\" src=\"https:\/\/cparici.com\/wp-content\/uploads\/2025\/05\/366880516.jpg\" alt=\"La Perrini\u00e8re Appartement face mer Royan\" class=\"listing-thumbnail\">\r\n                                \r\n\r\n                <div class=\"listing-item-content\">\r\n                    \r\n                    <h3> La Perrini\u00e8re Appartement face mer Royan <\/h3>\r\n                    <span>royan<\/span>\r\n                <\/div>\r\n                                        <span class=\"save like-icon tooltip left\" title=\"Connexion pour marquer des \u00e9l\u00e9ments\"><\/span>\r\n                                                <\/div>\r\n        <\/a>\r\n                    <\/div>\r\n        \r\n\r\n        <!-- Listing Item \/ End -->\n                    <\/div>\n                                      <div class=\"fw-carousel-item\">                    \n                        <!-- Listing Item -->\r\n            <div class=\"col-lg-6 col-md-12\">\r\n                <a href=\"https:\/\/cparici.com\/fr\/annonce\/le-douze\/\"  class=\"listing-item-container listing-geo-data compact\" \r\n\t\tdata-title=\"LE DOUZE\"\r\n\t\tdata-listing-type=\"rental\"\r\n\t\tdata-classifieds-price=\"\u20ac\"\r\n\t\tdata-friendly-address=\"41 ter rue de paradis\"\r\n\t\tdata-address=\"41 ter rue de paradis\"\r\n\t\tdata-image=\"https:\/\/cparici.com\/wp-content\/uploads\/2025\/03\/DSC06292-HDR-520x397.jpg\"\r\n\t\tdata-longitude=\"-1.1430937\"\r\n\t\tdata-latitude=\"45.7162024\"\r\n\t\t\t\t\tdata-rating=\"5\"\r\n\t\t\tdata-reviews=\"4\"\r\n\t\t\t\tdata-icon=\"<svg xmlns=&quot;http:\/\/www.w3.org\/2000\/svg&quot; width=&quot;800px&quot; height=&quot;800px&quot; viewBox=&quot;0 0 45 45&quot; fill=&quot;none&quot;>\n<path d=&quot;M24.155 8.78099L24.33 8.94499L37.402 21.787L36 23.213L34.2 21.445L34.201 35C34.201 36.054 33.385 36.918 32.35 36.994L32.201 37H12.201C11.147 37 10.283 36.184 10.206 35.149L10.201 35L10.2 21.446L8.402 23.213L7 21.787L20.058 8.95799C21.171 7.82199 22.966 7.75899 24.155 8.78099ZM21.569 10.285L21.473 10.372L12.2 19.481L12.201 35L17.2 34.999L17.201 25C17.201 23.946 18.017 23.082 19.052 23.005L19.201 23H25.201C26.255 23 27.119 23.816 27.196 24.851L27.201 25L27.2 34.999L32.201 35L32.2 19.48L22.901 10.344C22.537 9.98699 21.969 9.96499 21.569 10.285ZM25.201 25H19.201L19.2 34.999H25.2L25.201 25Z&quot; fill=&quot;#3C3C3C&quot;\/>\n<\/svg>\"\r\n\r\n\t>\r\n            <div class=\"listing-item  featured-listing\">\r\n                <div class=\"listing-small-badges-container\">\r\n                                            <div class=\"listing-small-badge featured-badge\"><i class=\"fa fa-star\"><\/i> En vedette<\/div>\r\n                                                                <div class=\"listing-small-badge pricing-badge\"><i class=\"fa fa-tag\"><\/i>150,00\u20ac - 171,00\u20ac<\/div>\r\n                                                            \r\n                                        \r\n                                        \r\n                <\/div>\r\n                <img decoding=\"async\" src=\"https:\/\/cparici.com\/wp-content\/uploads\/2025\/03\/DSC06292-HDR-520x397.jpg\" alt=\"LE DOUZE\" class=\"listing-thumbnail\">\r\n                                \r\n\r\n                <div class=\"listing-item-content\">\r\n                                                <div class=\"numerical-rating\" data-rating=\"5.0\"><\/div>\r\n                    \r\n                    <h3> LE DOUZE <i class=\"verified-icon\"><\/i><\/h3>\r\n                    <span>41 ter rue de paradis<\/span>\r\n                <\/div>\r\n                                        <span class=\"save like-icon tooltip left\" title=\"Connexion pour marquer des \u00e9l\u00e9ments\"><\/span>\r\n                                                <\/div>\r\n        <\/a>\r\n                    <\/div>\r\n        \r\n\r\n        <!-- Listing Item \/ End -->\n                    <\/div>\n                                      <div class=\"fw-carousel-item\">                    \n                        <!-- Listing Item -->\r\n            <div class=\"col-lg-6 col-md-12\">\r\n                <a href=\"https:\/\/cparici.com\/fr\/annonce\/bicoque-de-sophie\/\"  class=\"listing-item-container listing-geo-data compact\" \r\n\t\tdata-title=\"Bicoque de Sophie\"\r\n\t\tdata-listing-type=\"rental\"\r\n\t\tdata-classifieds-price=\"\u20ac\"\r\n\t\tdata-friendly-address=\"Hyper centre Saint-Georges-de-Didonne\"\r\n\t\tdata-address=\"Hyper centre Saint-Georges-de-Didonne\"\r\n\t\tdata-image=\"https:\/\/cparici.com\/wp-content\/uploads\/2025\/01\/20220601_133451-edit-20230319213149-520x397.jpg\"\r\n\t\tdata-longitude=\"-0.9977845\"\r\n\t\tdata-latitude=\"45.6029549\"\r\n\t\t\t\t\tdata-rating=\"3.7\"\r\n\t\t\tdata-reviews=\"3\"\r\n\t\t\t\tdata-icon=\"<svg xmlns=&quot;http:\/\/www.w3.org\/2000\/svg&quot; width=&quot;800px&quot; height=&quot;800px&quot; viewBox=&quot;0 0 45 45&quot; fill=&quot;none&quot;>\n<path d=&quot;M24.155 8.78099L24.33 8.94499L37.402 21.787L36 23.213L34.2 21.445L34.201 35C34.201 36.054 33.385 36.918 32.35 36.994L32.201 37H12.201C11.147 37 10.283 36.184 10.206 35.149L10.201 35L10.2 21.446L8.402 23.213L7 21.787L20.058 8.95799C21.171 7.82199 22.966 7.75899 24.155 8.78099ZM21.569 10.285L21.473 10.372L12.2 19.481L12.201 35L17.2 34.999L17.201 25C17.201 23.946 18.017 23.082 19.052 23.005L19.201 23H25.201C26.255 23 27.119 23.816 27.196 24.851L27.201 25L27.2 34.999L32.201 35L32.2 19.48L22.901 10.344C22.537 9.98699 21.969 9.96499 21.569 10.285ZM25.201 25H19.201L19.2 34.999H25.2L25.201 25Z&quot; fill=&quot;#3C3C3C&quot;\/>\n<\/svg>\"\r\n\r\n\t>\r\n            <div class=\"listing-item  \">\r\n                <div class=\"listing-small-badges-container\">\r\n                                                                <div class=\"listing-small-badge pricing-badge\"><i class=\"fa fa-tag\"><\/i>120,00\u20ac - 140,00\u20ac<\/div>\r\n                                                            \r\n                                        \r\n                                        \r\n                <\/div>\r\n                <img decoding=\"async\" src=\"https:\/\/cparici.com\/wp-content\/uploads\/2025\/01\/20220601_133451-edit-20230319213149-520x397.jpg\" alt=\"Bicoque de Sophie\" class=\"listing-thumbnail\">\r\n                \r\n\r\n                <div class=\"listing-item-content\">\r\n                                                <div class=\"numerical-rating\" data-rating=\"3.7\"><\/div>\r\n                    \r\n                    <h3> Bicoque de Sophie <\/h3>\r\n                    <span>Hyper centre Saint-Georges-de-Didonne<\/span>\r\n                <\/div>\r\n                                        <span class=\"save like-icon tooltip left\" title=\"Connexion pour marquer des \u00e9l\u00e9ments\"><\/span>\r\n                                                <\/div>\r\n        <\/a>\r\n                    <\/div>\r\n        \r\n\r\n        <!-- Listing Item \/ End -->\n                    <\/div>\n                                      <div class=\"fw-carousel-item\">                    \n                        <!-- Listing Item -->\r\n            <div class=\"col-lg-6 col-md-12\">\r\n                <a href=\"https:\/\/cparici.com\/fr\/annonce\/villa-lucas-2-7-piscine-spa\/\"  class=\"listing-item-container listing-geo-data compact\" \r\n\t\tdata-title=\"Villa Lucas 2-7 Piscine-spa, Meschers sur Gironde\"\r\n\t\tdata-listing-type=\"rental\"\r\n\t\tdata-classifieds-price=\"\u20ac\"\r\n\t\tdata-friendly-address=\"Boulevard de la Falaise\"\r\n\t\tdata-address=\"Boulevard de la Falaise\"\r\n\t\tdata-image=\"https:\/\/cparici.com\/wp-content\/uploads\/2025\/01\/20200519_141942_01-1-edit-20230321171015-520x397.jpg\"\r\n\t\tdata-longitude=\"-0.9543354999999999\"\r\n\t\tdata-latitude=\"45.5547399\"\r\n\t\t\t\t\tdata-rating=\"5\"\r\n\t\t\tdata-reviews=\"12\"\r\n\t\t\t\tdata-icon=\"<svg xmlns=&quot;http:\/\/www.w3.org\/2000\/svg&quot; width=&quot;800px&quot; height=&quot;800px&quot; viewBox=&quot;0 0 45 45&quot; fill=&quot;none&quot;>\n<path d=&quot;M24.155 8.78099L24.33 8.94499L37.402 21.787L36 23.213L34.2 21.445L34.201 35C34.201 36.054 33.385 36.918 32.35 36.994L32.201 37H12.201C11.147 37 10.283 36.184 10.206 35.149L10.201 35L10.2 21.446L8.402 23.213L7 21.787L20.058 8.95799C21.171 7.82199 22.966 7.75899 24.155 8.78099ZM21.569 10.285L21.473 10.372L12.2 19.481L12.201 35L17.2 34.999L17.201 25C17.201 23.946 18.017 23.082 19.052 23.005L19.201 23H25.201C26.255 23 27.119 23.816 27.196 24.851L27.201 25L27.2 34.999L32.201 35L32.2 19.48L22.901 10.344C22.537 9.98699 21.969 9.96499 21.569 10.285ZM25.201 25H19.201L19.2 34.999H25.2L25.201 25Z&quot; fill=&quot;#3C3C3C&quot;\/>\n<\/svg>\"\r\n\r\n\t>\r\n            <div class=\"listing-item  \">\r\n                <div class=\"listing-small-badges-container\">\r\n                                                                <div class=\"listing-small-badge pricing-badge\"><i class=\"fa fa-tag\"><\/i>370,00\u20ac - 370,00\u20ac<\/div>\r\n                                                            \r\n                                        \r\n                                        \r\n                <\/div>\r\n                <img decoding=\"async\" src=\"https:\/\/cparici.com\/wp-content\/uploads\/2025\/01\/20200519_141942_01-1-edit-20230321171015-520x397.jpg\" alt=\"Villa Lucas 2-7 Piscine-spa, Meschers sur Gironde\" class=\"listing-thumbnail\">\r\n                \r\n\r\n                <div class=\"listing-item-content\">\r\n                                                <div class=\"numerical-rating\" data-rating=\"5.0\"><\/div>\r\n                    \r\n                    <h3> Villa Lucas 2-7 Piscine-spa, Meschers sur Gironde <\/h3>\r\n                    <span>Boulevard de la Falaise<\/span>\r\n                <\/div>\r\n                                        <span class=\"save like-icon tooltip left\" title=\"Connexion pour marquer des \u00e9l\u00e9ments\"><\/span>\r\n                                                <\/div>\r\n        <\/a>\r\n                    <\/div>\r\n        \r\n\r\n        <!-- Listing Item \/ End -->\n                    <\/div>\n                                      <div class=\"fw-carousel-item\">                    \n                        <!-- Listing Item -->\r\n            <div class=\"col-lg-6 col-md-12\">\r\n                <a href=\"https:\/\/cparici.com\/fr\/annonce\/cottage-de-lulu-avec-spa\/\"  class=\"listing-item-container listing-geo-data compact\" \r\n\t\tdata-title=\"Cottage de Lulu avec Spa Meschers sur Gironde\"\r\n\t\tdata-listing-type=\"rental\"\r\n\t\tdata-classifieds-price=\"\u20ac\"\r\n\t\tdata-friendly-address=\"300m des Grottes de R\u00e9gulus\"\r\n\t\tdata-address=\"300m des Grottes de R\u00e9gulus\"\r\n\t\tdata-image=\"https:\/\/cparici.com\/wp-content\/uploads\/2025\/12\/spa-du-cottage-de-lulu-location-vacances-meschers-520x397.jpg\"\r\n\t\tdata-longitude=\"-0.9544389999999999\"\r\n\t\tdata-latitude=\"45.554722\"\r\n\t\t\t\t\tdata-rating=\"5\"\r\n\t\t\tdata-reviews=\"12\"\r\n\t\t\t\tdata-icon=\"<svg xmlns=&quot;http:\/\/www.w3.org\/2000\/svg&quot; width=&quot;800px&quot; height=&quot;800px&quot; viewBox=&quot;0 0 45 45&quot; fill=&quot;none&quot;>\n<path d=&quot;M24.155 8.78099L24.33 8.94499L37.402 21.787L36 23.213L34.2 21.445L34.201 35C34.201 36.054 33.385 36.918 32.35 36.994L32.201 37H12.201C11.147 37 10.283 36.184 10.206 35.149L10.201 35L10.2 21.446L8.402 23.213L7 21.787L20.058 8.95799C21.171 7.82199 22.966 7.75899 24.155 8.78099ZM21.569 10.285L21.473 10.372L12.2 19.481L12.201 35L17.2 34.999L17.201 25C17.201 23.946 18.017 23.082 19.052 23.005L19.201 23H25.201C26.255 23 27.119 23.816 27.196 24.851L27.201 25L27.2 34.999L32.201 35L32.2 19.48L22.901 10.344C22.537 9.98699 21.969 9.96499 21.569 10.285ZM25.201 25H19.201L19.2 34.999H25.2L25.201 25Z&quot; fill=&quot;#3C3C3C&quot;\/>\n<\/svg>\"\r\n\r\n\t>\r\n            <div class=\"listing-item  \">\r\n                <div class=\"listing-small-badges-container\">\r\n                                                                <div class=\"listing-small-badge pricing-badge\"><i class=\"fa fa-tag\"><\/i>85,00\u20ac - 150,00\u20ac<\/div>\r\n                                                            \r\n                                        \r\n                                        \r\n                <\/div>\r\n                <img decoding=\"async\" src=\"https:\/\/cparici.com\/wp-content\/uploads\/2025\/12\/spa-du-cottage-de-lulu-location-vacances-meschers-520x397.jpg\" alt=\"Cottage de Lulu avec Spa Meschers sur Gironde\" class=\"listing-thumbnail\">\r\n                \r\n\r\n                <div class=\"listing-item-content\">\r\n                                                <div class=\"numerical-rating\" data-rating=\"5.0\"><\/div>\r\n                    \r\n                    <h3> Cottage de Lulu avec Spa Meschers sur Gironde <\/h3>\r\n                    <span>300m des Grottes de R\u00e9gulus<\/span>\r\n                <\/div>\r\n                                        <span class=\"save like-icon tooltip left\" title=\"Connexion pour marquer des \u00e9l\u00e9ments\"><\/span>\r\n                                                <\/div>\r\n        <\/a>\r\n                    <\/div>\r\n        \r\n\r\n        <!-- Listing Item \/ End -->\n                    <\/div>\n                          <\/div>\n        \t\t\t\t<\/div>\n\t\t\t\t<\/div>\n\t\t\t\t\t<\/div>\n\t\t\t\t<\/aside>\n\t\t<div class=\"elementor-element elementor-element-ff61d73 e-flex e-con-boxed e-con e-parent\" data-id=\"ff61d73\" data-element_type=\"container\" data-e-type=\"container\">\n\t\t\t\t\t<div class=\"e-con-inner\">\n\t\t\t\t<div class=\"elementor-element elementor-element-b8d337f elementor-widget elementor-widget-text-editor\" data-id=\"b8d337f\" data-element_type=\"widget\" data-e-type=\"widget\" data-widget_type=\"text-editor.default\">\n\t\t\t\t\t\t\t\t\t<p style=\"text-align: center;\"><strong><span style=\"font-size: 12pt; color: #707070;\">C\u2019est une plage de sable fin familiale tr\u00e8s fr\u00e9quent\u00e9e en haute saison. Il s\u2019agit en fait d\u2019une crique, entour\u00e9e de falaises rocheuses.<\/span><\/strong><\/p><p><span style=\"font-size: 12pt;\">Elle est connue pour ses vagues, et les surfeurs sont nombreux lorsque la houle est trop importante sur la c\u00f4te sauvage. La plage est surveill\u00e9e en saison, dispose d\u2019une \u00e9cole de voile . D\u2019ailleurs la partie gauche de la plage est r\u00e9serv\u00e9e \u00e0 l\u2019activit\u00e9 de voile. Vous trouverez aussi un club enfants en haute saison.<\/span><\/p><p><span style=\"font-size: 12pt;\">Elle dispose aussi d\u2019une longue promenade am\u00e9nag\u00e9e sur laquelle des march\u00e9s nocturnes ont lieu, ainsi que des concerts. Sur la plage, vous trouverez le tr\u00e8s connu restaurant-bar \u2018la maison blanche\u2019, lieu de f\u00eate branch\u00e9. La conche est entour\u00e9e d\u2019un sentier de promenade, anciennement le sentier des douaniers.<\/span><\/p><p><span style=\"font-size: 12pt;\">Non loin de la plage de Nauzan se trouvent la plage du Platin, le pont du diable, mais aussi la plage du Conci\u00e9, ou la grande c\u00f4te. De quoi passer de bons moments en famille sur les plages de <a href=\"https:\/\/cparici.com\/fr\/st_location\/vacances-saint-palais-sur-mer-en-direct\/\" rel=\"nofollow\">Saint Palais sur Mer<\/a>.\u00a0<\/span><\/p><p><span style=\"font-size: 12pt;\">Vous pouvez aussi vous rendre \u00e0 R<a href=\"https:\/\/cparici.com\/fr\/plage-de-royan\/\">oyan plage pour d\u00e9couvrir la plage de la grande conche<\/a>, ou <a href=\"https:\/\/cparici.com\/fr\/plages-de-royan-cote-de-beaute\/\">une des plus belles plages de Royan.<\/a><\/span><\/p><h3 style=\"text-align: center;\"><span style=\"color: #003366;\">Photos de la Plage de Nauzan a Vaux sur Mer<\/span><\/h3><p><span style=\"font-size: 12pt;\">De la plage de Nauzan, il est facile de se rendre \u00e0 St Palais Sur Mer pour profiter de l\u2019animation estivale, mais Pontaillac sa plage et son casino ne sont pas loin non plus. En longeant la grande c\u00f4te, vous arriverez en quelques minutes \u00e0 La Palmyre, et pourrez ainsi d\u00e9couvrir la c\u00f4te sauvage.<\/span><\/p><p style=\"text-align: center; font-size: 16px;\"><em><span style=\"color: #003366;\"><strong>Vaux sur Mer pr\u00e8s de Royan<\/strong><\/span> est une petite ville c\u00f4ti\u00e8re situ\u00e9e entre Royan , plus pr\u00e9cis\u00e9ment Pontaillac et St Palais Sur Mer. Elle se situe \u00e0 l\u2019embouchure de l\u2019estuaire de la Gironde, sur la c\u00f4te de beaut\u00e9 et comporte plusieurs plages tr\u00e8s fr\u00e9quent\u00e9es en saison<\/em><\/p><h3 style=\"text-align: center;\"><strong><span style=\"color: #003366;\">D\u00e9couvrez la r\u00e9gion<\/span><\/strong><\/h3>\t\t\t\t\t\t\t\t<\/div>\n\t\t\t\t\t<\/div>\n\t\t\t\t<\/div>\n\t\t<div class=\"elementor-element elementor-element-d9d078f e-flex e-con-boxed e-con e-parent\" data-id=\"d9d078f\" data-element_type=\"container\" data-e-type=\"container\">\n\t\t\t\t\t<div class=\"e-con-inner\">\n\t\t\t\t<div class=\"elementor-element elementor-element-05b88d9 elementor-widget elementor-widget-listeo-posts-grid\" data-id=\"05b88d9\" data-element_type=\"widget\" data-e-type=\"widget\" data-widget_type=\"listeo-posts-grid.default\">\n\t\t\t\t<div class=\"elementor-widget-container\">\n\t\t\t\t\t\t\t\n\t\t<div class=\"listeo-post-grid-wrapper\">\n\t\t\t<div class=\"row\">\n\n\t\t\t\n\n\t\t\t\t\t\t\t<div class=\"col-md-4\">\n                <a href=\"https:\/\/cparici.com\/fr\/plage-du-platin-a-saint-palais-sur-mer\/\" class=\"blog-compact-item-container\">\n                    <div class=\"blog-compact-item\">\n                        <img decoding=\"async\" width=\"577\" height=\"380\" src=\"https:\/\/cparici.com\/wp-content\/uploads\/2024\/05\/plage-du-platin.jpeg\" class=\"attachment-listeo-blog-related-post size-listeo-blog-related-post wp-post-image\" alt=\"plage du platin st-palais-sur-mer\" srcset=\"https:\/\/cparici.com\/wp-content\/uploads\/2024\/05\/plage-du-platin.jpeg 1920w, https:\/\/cparici.com\/wp-content\/uploads\/2024\/05\/plage-du-platin-600x395.jpeg 600w, https:\/\/cparici.com\/wp-content\/uploads\/2024\/05\/plage-du-platin-300x198.jpeg 300w, https:\/\/cparici.com\/wp-content\/uploads\/2024\/05\/plage-du-platin-1024x675.jpeg 1024w, https:\/\/cparici.com\/wp-content\/uploads\/2024\/05\/plage-du-platin-768x506.jpeg 768w, https:\/\/cparici.com\/wp-content\/uploads\/2024\/05\/plage-du-platin-1536x1012.jpeg 1536w\" sizes=\"(max-width: 577px) 100vw, 577px\" \/><span class=\"blog-item-tag\">Charente maritime<\/span>                        \n                        <div class=\"blog-compact-item-content\">\n                                                        <h3>Plage du Platin \u00e0 Saint-Palais-sur-Mer \u2013 guide complet et avis<\/h3>\n                                                        <p>Envie de d\u00e9couvrir la plage du Platin \u00e0 Saint-Palais-sur-Mer, un petit paradis sur la c\u00f4te...                            <\/p>\n                                                    <\/div>\n                    <\/div>\n                <\/a>\n            <\/div>\n\t\t\t<div class=\"col-md-4\">\n                <a href=\"https:\/\/cparici.com\/fr\/plage-de-foncillon-a-royan\/\" class=\"blog-compact-item-container\">\n                    <div class=\"blog-compact-item\">\n                        <img decoding=\"async\" width=\"577\" height=\"223\" src=\"https:\/\/cparici.com\/wp-content\/uploads\/2021\/05\/plage-de-Foncillon-banniere.jpg\" class=\"attachment-listeo-blog-related-post size-listeo-blog-related-post wp-post-image\" alt=\"plage de Foncillon\" srcset=\"https:\/\/cparici.com\/wp-content\/uploads\/2021\/05\/plage-de-Foncillon-banniere.jpg 1521w, https:\/\/cparici.com\/wp-content\/uploads\/2021\/05\/plage-de-Foncillon-banniere-600x231.jpg 600w, https:\/\/cparici.com\/wp-content\/uploads\/2021\/05\/plage-de-Foncillon-banniere-768x296.jpg 768w\" sizes=\"(max-width: 577px) 100vw, 577px\" \/><span class=\"blog-item-tag\">Charente maritime<\/span>                        \n                        <div class=\"blog-compact-item-content\">\n                                                        <h3>Plage de Foncillon a Royan<\/h3>\n                                                        <p>La plage de Foncillon a Royan est une plage de sable fin familiale tr\u00e8s fr\u00e9quent\u00e9e,...                            <\/p>\n                                                    <\/div>\n                    <\/div>\n                <\/a>\n            <\/div>\n\t\t\t<div class=\"col-md-4\">\n                <a href=\"https:\/\/cparici.com\/fr\/cinema-royan\/\" class=\"blog-compact-item-container\">\n                    <div class=\"blog-compact-item\">\n                        <img decoding=\"async\" width=\"577\" height=\"216\" src=\"https:\/\/cparici.com\/wp-content\/uploads\/2024\/05\/cinema-royan.jpg\" class=\"attachment-listeo-blog-related-post size-listeo-blog-related-post wp-post-image\" alt=\"cinema royan\" srcset=\"https:\/\/cparici.com\/wp-content\/uploads\/2024\/05\/cinema-royan.jpg 1500w, https:\/\/cparici.com\/wp-content\/uploads\/2024\/05\/cinema-royan-600x225.jpg 600w, https:\/\/cparici.com\/wp-content\/uploads\/2024\/05\/cinema-royan-300x112.jpg 300w, https:\/\/cparici.com\/wp-content\/uploads\/2024\/05\/cinema-royan-1024x384.jpg 1024w, https:\/\/cparici.com\/wp-content\/uploads\/2024\/05\/cinema-royan-768x288.jpg 768w\" sizes=\"(max-width: 577px) 100vw, 577px\" \/><span class=\"blog-item-tag\">Charente maritime<\/span>                        \n                        <div class=\"blog-compact-item-content\">\n                                                        <h3>Cinema Royan \u2013 Votre Guide Complet<\/h3>\n                                                        <p>D\u00e9couvrez les cin\u00e9mas de Royan : Lido et ABC ! Programmation, horaires, tarifs, FAQ. Vivez...                            <\/p>\n                                                    <\/div>\n                    <\/div>\n                <\/a>\n            <\/div>\n  <\/div>\n        <\/div>\n        \t\t\t\t<\/div>\n\t\t\t\t<\/div>\n\t\t\t\t\t<\/div>\n\t\t\t\t<\/div>\n\t\t\t\t<\/div>\n\t\t","protected":false},"excerpt":{"rendered":"<p>La galerie d&#8217;art Louis Simon a Royan (ancienne gare routi\u00e8re de Royan) est une galerie d&#8217;art situ\u00e9e sur le boulevard de l&#8217;Europe \u00e0 Royan, entre le front de mer et la gare.<\/p>\n","protected":false},"author":1,"featured_media":14002,"comment_status":"closed","ping_status":"closed","sticky":false,"template":"","format":"standard","meta":{"ngg_post_thumbnail":0,"footnotes":""},"categories":[165,314,461,477,480,500],"tags":[191,312,219],"class_list":["post-14000","post","type-post","status-publish","format-standard","has-post-thumbnail","hentry","category-plages","category-architecture","category-charente-maritime","category-france","category-poitou-charentes","category-vaux-sur-mer","tag-charente-maritime","tag-cote-de-beaute","tag-st-palais-sur-mer"],"_links":{"self":[{"href":"https:\/\/cparici.com\/fr\/wp-json\/wp\/v2\/posts\/14000","targetHints":{"allow":["GET"]}}],"collection":[{"href":"https:\/\/cparici.com\/fr\/wp-json\/wp\/v2\/posts"}],"about":[{"href":"https:\/\/cparici.com\/fr\/wp-json\/wp\/v2\/types\/post"}],"author":[{"embeddable":true,"href":"https:\/\/cparici.com\/fr\/wp-json\/wp\/v2\/users\/1"}],"replies":[{"embeddable":true,"href":"https:\/\/cparici.com\/fr\/wp-json\/wp\/v2\/comments?post=14000"}],"version-history":[{"count":2,"href":"https:\/\/cparici.com\/fr\/wp-json\/wp\/v2\/posts\/14000\/revisions"}],"predecessor-version":[{"id":89323,"href":"https:\/\/cparici.com\/fr\/wp-json\/wp\/v2\/posts\/14000\/revisions\/89323"}],"wp:featuredmedia":[{"embeddable":true,"href":"https:\/\/cparici.com\/fr\/wp-json\/wp\/v2\/media\/14002"}],"wp:attachment":[{"href":"https:\/\/cparici.com\/fr\/wp-json\/wp\/v2\/media?parent=14000"}],"wp:term":[{"taxonomy":"category","embeddable":true,"href":"https:\/\/cparici.com\/fr\/wp-json\/wp\/v2\/categories?post=14000"},{"taxonomy":"post_tag","embeddable":true,"href":"https:\/\/cparici.com\/fr\/wp-json\/wp\/v2\/tags?post=14000"}],"curies":[{"name":"wp","href":"https:\/\/api.w.org\/{rel}","templated":true}]}}