{"id":14174,"date":"2021-05-15T17:19:37","date_gmt":"2021-05-15T17:19:37","guid":{"rendered":"https:\/\/cparici.com\/?p=14174"},"modified":"2026-01-18T10:04:01","modified_gmt":"2026-01-18T09:04:01","slug":"plages-de-royan-cote-de-beaute","status":"publish","type":"post","link":"https:\/\/cparici.com\/fr\/plages-de-royan-cote-de-beaute\/","title":{"rendered":"Plages de Royan c\u00f4te de beaut\u00e9"},"content":{"rendered":"\t\t<div data-elementor-type=\"wp-post\" data-elementor-id=\"14174\" class=\"elementor elementor-14174\" data-elementor-post-type=\"post\">\n\t\t\t\t<div class=\"elementor-element elementor-element-e5b1b5c e-con-full e-flex e-con e-parent\" data-id=\"e5b1b5c\" data-element_type=\"container\" data-e-type=\"container\" data-settings=\"{&quot;background_background&quot;:&quot;slideshow&quot;,&quot;background_slideshow_gallery&quot;:[{&quot;id&quot;:51954,&quot;url&quot;:&quot;https:\\\/\\\/cparici.com\\\/wp-content\\\/uploads\\\/2020\\\/09\\\/plage-royan-cote-de-beaute.jpg&quot;}],&quot;background_slideshow_loop&quot;:&quot;yes&quot;,&quot;background_slideshow_slide_duration&quot;:5000,&quot;background_slideshow_slide_transition&quot;:&quot;fade&quot;,&quot;background_slideshow_transition_duration&quot;:500}\">\n\t\t\t\t<\/div>\n\t\t<div class=\"elementor-element elementor-element-c5ba53a e-flex e-con-boxed e-con e-parent\" data-id=\"c5ba53a\" data-element_type=\"container\" data-e-type=\"container\">\n\t\t\t\t\t<div class=\"e-con-inner\">\n\t\t\t\t<div class=\"elementor-element elementor-element-209374e elementor-widget elementor-widget-global elementor-global-62046 elementor-widget-eael-advanced-search\" data-id=\"209374e\" data-element_type=\"widget\" data-e-type=\"widget\" data-widget_type=\"eael-advanced-search.default\">\n\t\t\t\t\t        <div class=\"eael-adv-search-wrapper\">\n            <div id=\"eael-advanced-search-widget-209374e\" class=\"eael-advanced-search-widget\">\n                <form data-settings=\"{&quot;post_per_page&quot;:5,&quot;search_among_taxonomies&quot;:&quot;&quot;,&quot;search_among_sku&quot;:&quot;no&quot;,&quot;show_popular_keyword&quot;:0,&quot;show_category&quot;:0,&quot;show_content_image&quot;:1,&quot;show_search_result_all_results&quot;:0,&quot;result_on_new_tab&quot;:&quot;no&quot;,&quot;show_product_price&quot;:&quot;no&quot;,&quot;include_current_page&quot;:&quot;no&quot;,&quot;orderby&quot;:&quot;default&quot;,&quot;order&quot;:&quot;DESC&quot;,&quot;current_post_id&quot;:14174,&quot;post_type&quot;:[&quot;post&quot;,&quot;listing&quot;]}\" method=\"POST\" name=\"eael-advanced-search-form-209374e\" class=\"eael-advanced-search-form eael-advanced-search-form-style-2\">\n                    <div class=\"eael-advanced-search-wrap\">\n                        <span class=\"eael-adv-search-loader\"><\/span>\n                        <span class=\"eael-adv-search-close\"><i class=\"fas fa-times\"><\/i><\/span>\n                        <span class=\"icon \"><i class=\"fas fa-search\"><\/i><\/span>\n\n                        <input type=\"text\"\n                               placeholder=\"Votre destination\"\n                               class=\"eael-advanced-search\" autocomplete=\"off\" name=\"eael_advanced_search\">\n                    <\/div>\n\t\t\t\t\t                                    <\/form>\n\n\t\t\t\t\n\t\t\t\t        <div class=\"eael-advanced-search-result\">\n            <div class=\"eael-advanced-search-popular-keyword\">\n\t\t\t\t<h4 class=\"eael-advanced-search-popular-keyword-text\">Recherches populaires<\/h4>                <div class=\"eael-popular-keyword-content\"><\/div>\n            <\/div>\n            <div class=\"eael-advanced-search-category\">\n\t\t\t\t<h4 class=\"eael-advanced-search-category-text\">Categories<\/h4>                <div class=\"eael-popular-category-content\"><\/div>\n            <\/div>\n\t\t\t<div class=\"eael-advanced-search-total-results-section\">\n\t\t\t\t\t\t\t<\/div>\n            <div class=\"eael-advanced-search-content eael-item-style-3\">\n            <\/div>\n            <div class=\"eael-advanced-search-not-found\">\n                <p>Pas de r\u00e9sultats<\/p><\/div>\n            <div class=\"eael-advanced-search-load-more\">\n\t\t\t\t<a \tclass=\"eael-advanced-search-load-more-button\"\n                \thref=\"#\">Voir tous les r\u00e9sultats<\/a>\n            <\/div>\n        <\/div>\n\n\t\t            <\/div>\n        <\/div>\n\n\t\t\t\t\t\t<\/div>\n\t\t\t\t\t<\/div>\n\t\t\t\t<\/div>\n\t\t<div class=\"elementor-element elementor-element-4c396449 e-flex e-con-boxed e-con e-parent\" data-id=\"4c396449\" data-element_type=\"container\" data-e-type=\"container\">\n\t\t\t\t\t<div class=\"e-con-inner\">\n\t\t\t\t<div class=\"elementor-element elementor-element-57fba41a elementor-widget elementor-widget-text-editor\" data-id=\"57fba41a\" data-element_type=\"widget\" data-e-type=\"widget\" data-widget_type=\"text-editor.default\">\n\t\t\t\t\t\t\t\t\t<h1 style=\"text-align: center;\"><span style=\"color: #003366; font-size: 18pt;\">Royan plage<\/span><\/h1><h2 style=\"text-align: center;\"><span style=\"color: #003366; font-size: 14pt;\">Royan plage \u2013 D\u00e9couvrez les plus belles plages de Royan sur la c\u00f4te de beaut\u00e9 : conches, criques, longues plages de sable fin, plages secr\u00e8tes<\/span><\/h2><p><span style=\"font-size: 12pt; color: #2f1c6a;\"><strong>Plages de Royan<\/strong> \u2013 <strong><a href=\"https:\/\/cparici.com\/fr\/royan-informations-pratiques-et-decouverte\/\">Royan<\/a> plage<\/strong> est situ\u00e9 sur <a style=\"color: #2f1c6a;\" href=\"https:\/\/cparici.com\/fr\/st_location\/charente-maritime\/trouver-une-location-de-vacances-sur-la-cote-de-beaute\/\" rel=\"nofollow\">la c\u00f4te de beaut\u00e9<\/a> en Charente maritime, et dispose de nombreuses plages pour tous les go\u00fbts.\u00a0<\/span><\/p><p><span style=\"font-size: 12pt;\">Cet article va vous pr\u00e9senter les plus belles plages de royan et des ses alentours. Voici ce que vous allez d\u00e9couvrir:<\/span><\/p><h3><a href=\"#longues-plages-de-sable-fin\"><span style=\"color: #2f1c6a;\">Plages de Royan \u2013 les longues plages de sable fin<\/span><\/a><\/h3><p><span style=\"font-size: 12pt; color: #2f1c6a;\"><strong>La plage la plus connue de Royan Plage est certainement la plage de la Grande conche<\/strong> dans la ville de Royan, adapt\u00e9e aux familles et proche du centre de Royan. La plage de St Georges de Didonne est aussi une longue plage de sable fin adapt\u00e9e aux familles.<\/span><\/p><h3><a href=\"#conches-nord-royan\"><span style=\"color: #2f1c6a;\">Les conches au nord de Royan<\/span><\/a><\/h3><p><span style=\"font-size: 12pt; color: #2f1c6a;\">Plus au nord, se succ\u00e8dent les petites conches \u2013 plages, encadr\u00e9es par les roches et falaises, comme la plage de Foncillon, la plage du Chay, la plage de Pontaillac, la plage de Nauzan, et la plage du bureau a St Palais sur Mer.<\/span><\/p><h3><a href=\"#plages-cote-sauvage\"><span style=\"color: #2f1c6a;\">Plages de Royan \u2013 plages sauvages<\/span><\/a><\/h3><p><span style=\"font-size: 12pt; color: #2f1c6a;\">Ensuite viennent les plages de la Grande c\u00f4te, longues plages de sable fin plus expos\u00e9es \u00e0 la houle et aux \u00e9l\u00e9ments. Enfin, toujours au nord, les plages de la c\u00f4te sauvage, o\u00f9 la baignade peut s\u2019av\u00e9rer parfois plus dangereuse.<\/span><\/p><h3><a href=\"#plages-estuaire\"><span style=\"color: #2f1c6a;\">Les plages de l\u2019estuaire de la Gironde<\/span><\/a><\/h3><p><span style=\"font-size: 12pt; color: #2f1c6a;\">Au sud, les plages de l\u2019estuaire de la Gironde, sont aussi encadr\u00e9es entre les falaises et grottes troglodytes \u2013 id\u00e9ales pour les familles.<\/span><\/p><p style=\"text-align: center; font-size: 16px;\"><em>Royan \u2013 La c\u00f4te de beaut\u00e9 en Charente Maritime est une partie du littoral bord\u00e9 par de belles plages, falaises et criques. Les plages de Royan sont id\u00e9ales pour des vacances en famille<\/em><\/p>\t\t\t\t\t\t\t\t<\/div>\n\t\t\t\t\t<\/div>\n\t\t\t\t<\/div>\n\t\t<aside class=\"elementor-element elementor-element-4d8d6f5e e-flex e-con-boxed e-con e-parent\" data-id=\"4d8d6f5e\" data-element_type=\"container\" data-e-type=\"container\" data-settings=\"{&quot;background_background&quot;:&quot;classic&quot;}\">\n\t\t\t\t\t<div class=\"e-con-inner\">\n\t\t\t\t<div class=\"elementor-element elementor-element-329fe528 elementor-widget elementor-widget-spacer\" data-id=\"329fe528\" data-element_type=\"widget\" data-e-type=\"widget\" data-widget_type=\"spacer.default\">\n\t\t\t\t\t\t\t<div class=\"elementor-spacer\">\n\t\t\t<div class=\"elementor-spacer-inner\"><\/div>\n\t\t<\/div>\n\t\t\t\t\t\t<\/div>\n\t\t\t\t<div class=\"elementor-element elementor-element-4a2307bf elementor-widget elementor-widget-heading\" data-id=\"4a2307bf\" data-element_type=\"widget\" data-e-type=\"widget\" data-widget_type=\"heading.default\">\n\t\t\t\t\t<h2 class=\"elementor-heading-title elementor-size-default\">H\u00e9bergements de Vacances Royan en direct<\/h2>\t\t\t\t<\/div>\n\t\t\t\t<div class=\"elementor-element elementor-element-32807816 elementor-widget elementor-widget-listeo-listings-carousel\" data-id=\"32807816\" data-element_type=\"widget\" data-e-type=\"widget\" data-widget_type=\"listeo-listings-carousel.default\">\n\t\t\t\t<div class=\"elementor-widget-container\">\n\t\t\t\t\t        <style>\n            .elementor-widget-listeo-listings-carousel .simple-fw-slick-carousel .slick-track { padding-bottom: 30px; }\n        <\/style>\n        <!-- Carousel \/ Start -->\n        \t<div class=\"simple-fw-slick-carousel  dots-nav\" data-slick='{&quot;autoplay&quot;:false,&quot;autoplaySpeed&quot;:3000}'>\n                            <div class=\"fw-carousel-item\">                    \n                        <!-- Listing Item -->\r\n            <div class=\"col-lg-6 col-md-12\">\r\n                <a href=\"https:\/\/cparici.com\/fr\/annonce\/appartement-face-mer\/\" class=\"listing-item-container listing-geo-data compact\" data-title=\"La Perrini\u00e8re Appartement face mer Royan\" data-listing-type=\"rental\" data-classifieds-price=\"\u20ac\" data-friendly-address=\"royan\" data-address=\"royan\" data-image=\"https:\/\/cparici.com\/wp-content\/uploads\/2025\/05\/366880516.jpg\" data-longitude=\"-1.0197084\" data-latitude=\"45.6217724\" data-rating=\"0\" data-reviews=\"0\" data-icon=\"<svg xmlns=&quot;http:\/\/www.w3.org\/2000\/svg&quot; width=&quot;800px&quot; height=&quot;800px&quot; viewBox=&quot;0 0 45 45&quot; fill=&quot;none&quot;>\n<path d=&quot;M24.155 8.78099L24.33 8.94499L37.402 21.787L36 23.213L34.2 21.445L34.201 35C34.201 36.054 33.385 36.918 32.35 36.994L32.201 37H12.201C11.147 37 10.283 36.184 10.206 35.149L10.201 35L10.2 21.446L8.402 23.213L7 21.787L20.058 8.95799C21.171 7.82199 22.966 7.75899 24.155 8.78099ZM21.569 10.285L21.473 10.372L12.2 19.481L12.201 35L17.2 34.999L17.201 25C17.201 23.946 18.017 23.082 19.052 23.005L19.201 23H25.201C26.255 23 27.119 23.816 27.196 24.851L27.201 25L27.2 34.999L32.201 35L32.2 19.48L22.901 10.344C22.537 9.98699 21.969 9.96499 21.569 10.285ZM25.201 25H19.201L19.2 34.999H25.2L25.201 25Z&quot; fill=&quot;#3C3C3C&quot;\/>\n<\/svg>\">\r\n            <div class=\"listing-item  featured-listing\">\r\n                <div class=\"listing-small-badges-container\">\r\n                                            <div class=\"listing-small-badge featured-badge\"><i class=\"fa fa-star\"><\/i> En vedette<\/div>\r\n                                                                <div class=\"listing-small-badge pricing-badge\"><i class=\"fa fa-tag\"><\/i>260,00\u20ac - 390,00\u20ac<\/div>\r\n                                                            \r\n                                        \r\n                                        \r\n                <\/div>\r\n                <img decoding=\"async\" src=\"https:\/\/cparici.com\/wp-content\/uploads\/2025\/05\/366880516.jpg\" alt=\"La Perrini\u00e8re Appartement face mer Royan\" class=\"listing-thumbnail\">\r\n                                \r\n\r\n                <div class=\"listing-item-content\">\r\n                    \r\n                    <h3> La Perrini\u00e8re Appartement face mer Royan <\/h3>\r\n                    <span>royan<\/span>\r\n                <\/div>\r\n                                        <span class=\"save like-icon tooltip left\" title=\"Connexion pour marquer des \u00e9l\u00e9ments\"><\/span>\r\n                                                <\/div>\r\n        <\/a>\r\n                    <\/div>\r\n        \r\n\r\n        <!-- Listing Item \/ End -->\n                    <\/div>\n                                      <div class=\"fw-carousel-item\">                    \n                        <!-- Listing Item -->\r\n            <div class=\"col-lg-6 col-md-12\">\r\n                <a href=\"https:\/\/cparici.com\/fr\/annonce\/le-douze\/\" class=\"listing-item-container listing-geo-data compact\" data-title=\"LE DOUZE\" data-listing-type=\"rental\" data-classifieds-price=\"\u20ac\" data-friendly-address=\"41 ter rue de paradis\" data-address=\"41 ter rue de paradis\" data-image=\"https:\/\/cparici.com\/wp-content\/uploads\/2025\/03\/DSC06292-HDR-520x397.jpg\" data-longitude=\"-1.1430937\" data-latitude=\"45.7162024\" data-rating=\"5\" data-reviews=\"4\" data-icon=\"<svg xmlns=&quot;http:\/\/www.w3.org\/2000\/svg&quot; width=&quot;800px&quot; height=&quot;800px&quot; viewBox=&quot;0 0 45 45&quot; fill=&quot;none&quot;>\n<path d=&quot;M24.155 8.78099L24.33 8.94499L37.402 21.787L36 23.213L34.2 21.445L34.201 35C34.201 36.054 33.385 36.918 32.35 36.994L32.201 37H12.201C11.147 37 10.283 36.184 10.206 35.149L10.201 35L10.2 21.446L8.402 23.213L7 21.787L20.058 8.95799C21.171 7.82199 22.966 7.75899 24.155 8.78099ZM21.569 10.285L21.473 10.372L12.2 19.481L12.201 35L17.2 34.999L17.201 25C17.201 23.946 18.017 23.082 19.052 23.005L19.201 23H25.201C26.255 23 27.119 23.816 27.196 24.851L27.201 25L27.2 34.999L32.201 35L32.2 19.48L22.901 10.344C22.537 9.98699 21.969 9.96499 21.569 10.285ZM25.201 25H19.201L19.2 34.999H25.2L25.201 25Z&quot; fill=&quot;#3C3C3C&quot;\/>\n<\/svg>\">\r\n            <div class=\"listing-item  featured-listing\">\r\n                <div class=\"listing-small-badges-container\">\r\n                                            <div class=\"listing-small-badge featured-badge\"><i class=\"fa fa-star\"><\/i> En vedette<\/div>\r\n                                                                <div class=\"listing-small-badge pricing-badge\"><i class=\"fa fa-tag\"><\/i>150,00\u20ac - 171,00\u20ac<\/div>\r\n                                                            \r\n                                        \r\n                                        \r\n                <\/div>\r\n                <img decoding=\"async\" src=\"https:\/\/cparici.com\/wp-content\/uploads\/2025\/03\/DSC06292-HDR-520x397.jpg\" alt=\"LE DOUZE\" class=\"listing-thumbnail\">\r\n                                \r\n\r\n                <div class=\"listing-item-content\">\r\n                                                <div class=\"numerical-rating\" data-rating=\"5.0\"><\/div>\r\n                    \r\n                    <h3> LE DOUZE <i class=\"verified-icon\"><\/i><\/h3>\r\n                    <span>41 ter rue de paradis<\/span>\r\n                <\/div>\r\n                                        <span class=\"save like-icon tooltip left\" title=\"Connexion pour marquer des \u00e9l\u00e9ments\"><\/span>\r\n                                                <\/div>\r\n        <\/a>\r\n                    <\/div>\r\n        \r\n\r\n        <!-- Listing Item \/ End -->\n                    <\/div>\n                                      <div class=\"fw-carousel-item\">                    \n                        <!-- Listing Item -->\r\n            <div class=\"col-lg-6 col-md-12\">\r\n                <a href=\"https:\/\/cparici.com\/fr\/annonce\/bicoque-de-sophie\/\" class=\"listing-item-container listing-geo-data compact\" data-title=\"Bicoque de Sophie\" data-listing-type=\"rental\" data-classifieds-price=\"\u20ac\" data-friendly-address=\"Hyper centre Saint-Georges-de-Didonne\" data-address=\"Hyper centre Saint-Georges-de-Didonne\" data-image=\"https:\/\/cparici.com\/wp-content\/uploads\/2025\/01\/20220601_133451-edit-20230319213149-520x397.jpg\" data-longitude=\"-0.9977845\" data-latitude=\"45.6029549\" data-rating=\"3.7\" data-reviews=\"3\" data-icon=\"<svg xmlns=&quot;http:\/\/www.w3.org\/2000\/svg&quot; width=&quot;800px&quot; height=&quot;800px&quot; viewBox=&quot;0 0 45 45&quot; fill=&quot;none&quot;>\n<path d=&quot;M24.155 8.78099L24.33 8.94499L37.402 21.787L36 23.213L34.2 21.445L34.201 35C34.201 36.054 33.385 36.918 32.35 36.994L32.201 37H12.201C11.147 37 10.283 36.184 10.206 35.149L10.201 35L10.2 21.446L8.402 23.213L7 21.787L20.058 8.95799C21.171 7.82199 22.966 7.75899 24.155 8.78099ZM21.569 10.285L21.473 10.372L12.2 19.481L12.201 35L17.2 34.999L17.201 25C17.201 23.946 18.017 23.082 19.052 23.005L19.201 23H25.201C26.255 23 27.119 23.816 27.196 24.851L27.201 25L27.2 34.999L32.201 35L32.2 19.48L22.901 10.344C22.537 9.98699 21.969 9.96499 21.569 10.285ZM25.201 25H19.201L19.2 34.999H25.2L25.201 25Z&quot; fill=&quot;#3C3C3C&quot;\/>\n<\/svg>\">\r\n            <div class=\"listing-item  \">\r\n                <div class=\"listing-small-badges-container\">\r\n                                                                <div class=\"listing-small-badge pricing-badge\"><i class=\"fa fa-tag\"><\/i>120,00\u20ac - 140,00\u20ac<\/div>\r\n                                                            \r\n                                        \r\n                                        \r\n                <\/div>\r\n                <img decoding=\"async\" src=\"https:\/\/cparici.com\/wp-content\/uploads\/2025\/01\/20220601_133451-edit-20230319213149-520x397.jpg\" alt=\"Bicoque de Sophie\" class=\"listing-thumbnail\">\r\n                \r\n\r\n                <div class=\"listing-item-content\">\r\n                                                <div class=\"numerical-rating\" data-rating=\"3.7\"><\/div>\r\n                    \r\n                    <h3> Bicoque de Sophie <\/h3>\r\n                    <span>Hyper centre Saint-Georges-de-Didonne<\/span>\r\n                <\/div>\r\n                                        <span class=\"save like-icon tooltip left\" title=\"Connexion pour marquer des \u00e9l\u00e9ments\"><\/span>\r\n                                                <\/div>\r\n        <\/a>\r\n                    <\/div>\r\n        \r\n\r\n        <!-- Listing Item \/ End -->\n                    <\/div>\n                                      <div class=\"fw-carousel-item\">                    \n                        <!-- Listing Item -->\r\n            <div class=\"col-lg-6 col-md-12\">\r\n                <a href=\"https:\/\/cparici.com\/fr\/annonce\/villa-lucas-2-7-piscine-spa\/\" class=\"listing-item-container listing-geo-data compact\" data-title=\"Villa Lucas 2-7 Piscine-spa, Meschers sur Gironde\" data-listing-type=\"rental\" data-classifieds-price=\"\u20ac\" data-friendly-address=\"Boulevard de la Falaise\" data-address=\"Boulevard de la Falaise\" data-image=\"https:\/\/cparici.com\/wp-content\/uploads\/2025\/01\/20200519_141942_01-1-edit-20230321171015-520x397.jpg\" data-longitude=\"-0.9543354999999999\" data-latitude=\"45.5547399\" data-rating=\"5\" data-reviews=\"12\" data-icon=\"<svg xmlns=&quot;http:\/\/www.w3.org\/2000\/svg&quot; width=&quot;800px&quot; height=&quot;800px&quot; viewBox=&quot;0 0 45 45&quot; fill=&quot;none&quot;>\n<path d=&quot;M24.155 8.78099L24.33 8.94499L37.402 21.787L36 23.213L34.2 21.445L34.201 35C34.201 36.054 33.385 36.918 32.35 36.994L32.201 37H12.201C11.147 37 10.283 36.184 10.206 35.149L10.201 35L10.2 21.446L8.402 23.213L7 21.787L20.058 8.95799C21.171 7.82199 22.966 7.75899 24.155 8.78099ZM21.569 10.285L21.473 10.372L12.2 19.481L12.201 35L17.2 34.999L17.201 25C17.201 23.946 18.017 23.082 19.052 23.005L19.201 23H25.201C26.255 23 27.119 23.816 27.196 24.851L27.201 25L27.2 34.999L32.201 35L32.2 19.48L22.901 10.344C22.537 9.98699 21.969 9.96499 21.569 10.285ZM25.201 25H19.201L19.2 34.999H25.2L25.201 25Z&quot; fill=&quot;#3C3C3C&quot;\/>\n<\/svg>\">\r\n            <div class=\"listing-item  \">\r\n                <div class=\"listing-small-badges-container\">\r\n                                                                <div class=\"listing-small-badge pricing-badge\"><i class=\"fa fa-tag\"><\/i>370,00\u20ac - 370,00\u20ac<\/div>\r\n                                                            \r\n                                        \r\n                                        \r\n                <\/div>\r\n                <img decoding=\"async\" src=\"https:\/\/cparici.com\/wp-content\/uploads\/2025\/01\/20200519_141942_01-1-edit-20230321171015-520x397.jpg\" alt=\"Villa Lucas 2-7 Piscine-spa, Meschers sur Gironde\" class=\"listing-thumbnail\">\r\n                \r\n\r\n                <div class=\"listing-item-content\">\r\n                                                <div class=\"numerical-rating\" data-rating=\"5.0\"><\/div>\r\n                    \r\n                    <h3> Villa Lucas 2-7 Piscine-spa, Meschers sur Gironde <\/h3>\r\n                    <span>Boulevard de la Falaise<\/span>\r\n                <\/div>\r\n                                        <span class=\"save like-icon tooltip left\" title=\"Connexion pour marquer des \u00e9l\u00e9ments\"><\/span>\r\n                                                <\/div>\r\n        <\/a>\r\n                    <\/div>\r\n        \r\n\r\n        <!-- Listing Item \/ End -->\n                    <\/div>\n                                      <div class=\"fw-carousel-item\">                    \n                        <!-- Listing Item -->\r\n            <div class=\"col-lg-6 col-md-12\">\r\n                <a href=\"https:\/\/cparici.com\/fr\/annonce\/cottage-de-lulu-avec-spa\/\" class=\"listing-item-container listing-geo-data compact\" data-title=\"Cottage de Lulu avec Spa Meschers sur Gironde\" data-listing-type=\"rental\" data-classifieds-price=\"\u20ac\" data-friendly-address=\"300m des Grottes de R\u00e9gulus\" data-address=\"300m des Grottes de R\u00e9gulus\" data-image=\"https:\/\/cparici.com\/wp-content\/uploads\/2025\/12\/spa-du-cottage-de-lulu-location-vacances-meschers-520x397.jpg\" data-longitude=\"-0.9544389999999999\" data-latitude=\"45.554722\" data-rating=\"5\" data-reviews=\"12\" data-icon=\"<svg xmlns=&quot;http:\/\/www.w3.org\/2000\/svg&quot; width=&quot;800px&quot; height=&quot;800px&quot; viewBox=&quot;0 0 45 45&quot; fill=&quot;none&quot;>\n<path d=&quot;M24.155 8.78099L24.33 8.94499L37.402 21.787L36 23.213L34.2 21.445L34.201 35C34.201 36.054 33.385 36.918 32.35 36.994L32.201 37H12.201C11.147 37 10.283 36.184 10.206 35.149L10.201 35L10.2 21.446L8.402 23.213L7 21.787L20.058 8.95799C21.171 7.82199 22.966 7.75899 24.155 8.78099ZM21.569 10.285L21.473 10.372L12.2 19.481L12.201 35L17.2 34.999L17.201 25C17.201 23.946 18.017 23.082 19.052 23.005L19.201 23H25.201C26.255 23 27.119 23.816 27.196 24.851L27.201 25L27.2 34.999L32.201 35L32.2 19.48L22.901 10.344C22.537 9.98699 21.969 9.96499 21.569 10.285ZM25.201 25H19.201L19.2 34.999H25.2L25.201 25Z&quot; fill=&quot;#3C3C3C&quot;\/>\n<\/svg>\">\r\n            <div class=\"listing-item  \">\r\n                <div class=\"listing-small-badges-container\">\r\n                                                                <div class=\"listing-small-badge pricing-badge\"><i class=\"fa fa-tag\"><\/i>85,00\u20ac - 150,00\u20ac<\/div>\r\n                                                            \r\n                                        \r\n                                        \r\n                <\/div>\r\n                <img decoding=\"async\" src=\"https:\/\/cparici.com\/wp-content\/uploads\/2025\/12\/spa-du-cottage-de-lulu-location-vacances-meschers-520x397.jpg\" alt=\"Cottage de Lulu avec Spa Meschers sur Gironde\" class=\"listing-thumbnail\">\r\n                \r\n\r\n                <div class=\"listing-item-content\">\r\n                                                <div class=\"numerical-rating\" data-rating=\"5.0\"><\/div>\r\n                    \r\n                    <h3> Cottage de Lulu avec Spa Meschers sur Gironde <\/h3>\r\n                    <span>300m des Grottes de R\u00e9gulus<\/span>\r\n                <\/div>\r\n                                        <span class=\"save like-icon tooltip left\" title=\"Connexion pour marquer des \u00e9l\u00e9ments\"><\/span>\r\n                                                <\/div>\r\n        <\/a>\r\n                    <\/div>\r\n        \r\n\r\n        <!-- Listing Item \/ End -->\n                    <\/div>\n                          <\/div>\n        \t\t\t\t<\/div>\n\t\t\t\t<\/div>\n\t\t\t\t\t<\/div>\n\t\t\t\t<\/aside>\n\t\t<div class=\"elementor-element elementor-element-f71f89c e-flex e-con-boxed e-con e-parent\" data-id=\"f71f89c\" data-element_type=\"container\" data-e-type=\"container\">\n\t\t\t\t\t<div class=\"e-con-inner\">\n\t\t\t\t<div class=\"elementor-element elementor-element-033d072 elementor-widget elementor-widget-text-editor\" data-id=\"033d072\" data-element_type=\"widget\" data-e-type=\"widget\" data-widget_type=\"text-editor.default\">\n\t\t\t\t\t\t\t\t\t<p style=\"text-align: center; font-size: 16px;\">\u00a0<\/p><h2 style=\"text-align: center;\"><a id=\"longues-plages-de-sable-fin\"><\/a><span style=\"color: #003366;\">1. Les longues plages de sable fin autour de Royan<\/span><\/h2><h3 style=\"text-align: center;\"><span style=\"color: #003366; font-size: 12pt;\">Royan Plage \u2013 la Grande conche a\u00a0 Royan<\/span><\/h3><p><span style=\"font-size: 12pt;\"><span style=\"color: #003366;\"><strong>La plage de Royan<\/strong><\/span>\u00a0 \u2013 <a href=\"https:\/\/cparici.com\/fr\/plage-de-royan\/\">la plage de la Grande conche<\/a> \u2013 se trouve a Royan, en Charente Maritime,\u00a0 et c\u2019est certainement une des plus belles plages de la ville pour les familles.<\/span><\/p><p><span style=\"font-size: 12pt;\">C\u2019est le lieu id\u00e9al pour prendre un bain de soleil, seul ou en famille. Vous pouvez vous y rendre ais\u00e9ment depuis la ville de Royan Plage, soit \u00e0 pied, soit en voiture, en vous stationnant sur les nombreuses places de parking \u00e0 proximit\u00e9.<\/span><\/p><p><span style=\"font-size: 12pt;\">Vous pourrez aussi vous adonner \u00e0 diff\u00e9rentes activit\u00e9s de plage: char \u00e0 voile, etc\u2026 La plage de la Grande Conche s\u2019\u00e9tend sur plus de 2600 m, et m\u00eame en pleine saison, il y a de la place pour tout le monde.<\/span><\/p><figure id=\"attachment_15130\" aria-describedby=\"caption-attachment-15130\" style=\"width: 800px\" class=\"wp-caption aligncenter\"><a href=\"https:\/\/cparici.com\/wp-content\/uploads\/2021\/05\/plage-royan-2.jpg\"><img decoding=\"async\" class=\"wp-image-15130 size-full\" title=\"plages de royan - la plage de la grande conche\" src=\"https:\/\/cparici.com\/wp-content\/uploads\/2021\/05\/plage-royan-2.jpg\" alt=\"plages de royan la grande conche\" width=\"800\" height=\"533\" srcset=\"https:\/\/cparici.com\/wp-content\/uploads\/2021\/05\/plage-royan-2.jpg 800w, https:\/\/cparici.com\/wp-content\/uploads\/2021\/05\/plage-royan-2-600x400.jpg 600w, https:\/\/cparici.com\/wp-content\/uploads\/2021\/05\/plage-royan-2-768x511.jpg 768w\" sizes=\"(max-width: 800px) 100vw, 800px\" \/><\/a><figcaption id=\"caption-attachment-15130\" class=\"wp-caption-text\">Parmi les plus belles plages de royan, la plage de la grande conche \u00e0 proximit\u00e9 de la ville<\/figcaption><\/figure><p><span style=\"font-size: 12pt;\">De la plage, vous pouvez vous rendre facilement \u00e0 St Georges de Didonne, et profiter de sa plage familiale, voire \u00e0 Meschers sur Gironde. Vous pouvez aussi facilement vous rendre \u00e0 pied au centre-ville de Royan et faire du shopping, ou boire un verre.<\/span><\/p><p><span style=\"font-size: 12pt;\">Non loin de la plage se trouvent la galerie d\u2019art Louis Simon, la piscine,\u00a0le march\u00e9 de Royan et l\u2019\u00e9glise Notre dame de Royan. Un peu plus loin vous pourrez visiter le mus\u00e9e de Royan, la chapelle Notre-Dame-des-Anges, le casino de Pontaillac et sa belle plage familiale.<\/span><\/p><p><span style=\"font-size: 12pt;\"><strong>Parmi les plages de Royan,<\/strong> la plage de la Grande conche a une histoire riche. D\u00e8s 1864, ont lieu des courses hippiques sur la plage. Un casino avec une fa\u00e7ade monumentale de style n\u00e9o-rococo est construit et inaugur\u00e9 \u00e0 la fin du 19\u00e8me si\u00e8cle.<\/span><\/p><p><span style=\"font-size: 12pt;\">De l\u2019autre c\u00f4t\u00e9 de la plage, se trouvait, sur la pointe de Valli\u00e8res, un h\u00f4tel qui dominait la paysage, et qui sera lui aussi d\u00e9truit pendant la seconde guerre mondiale.<\/span><\/p><p style=\"text-align: center;\"><strong><span style=\"color: #003366; font-size: 12pt;\">Photos de la plage de la Grande Conche a Royan<\/span><\/strong><\/p><h3 style=\"text-align: center;\"><span style=\"font-size: 14pt;\"><strong><span style=\"color: #003366;\">Royan Plage \u2013 La conche de St Georges de Didonne<\/span><\/strong> <\/span><\/h3><p><span style=\"font-size: 12pt;\"><strong><span style=\"color: #003366;\">De toutes les plages de Royan, la plage de St Georges de Didonne<\/span><\/strong> est une des plus longues plage de sable fin, situ\u00e9e \u00e0 Saint Georges de Didonne, en Charente maritime, sur la c\u00f4te de beaut\u00e9. Cette plage est id\u00e9ale pour les familles. Il n\u2019y a que rarement des vagues, ce qui est id\u00e9al pour les jeunes enfants. Il est possible de pratiquer les sports de voile, ainsi que des activit\u00e9s nautiques.<\/span><\/p><p><span style=\"font-size: 12pt;\"><a href=\"https:\/\/cparici.com\/fr\/plage-de-st-georges-de-didonne\/\"><strong>La plage de Saint Georges de Didonne<\/strong><\/a> s\u2019\u00e9tend de la pointe de Suzac, avec anciennement l\u2019accrobranche qui est proche\u00a0 du parc de l\u2019estuaire, jusqu\u2019au centre nautique, \u00e0 proximit\u00e9 du phare de Valli\u00e8res et du port de plaisance de Saint Georges.<\/span><\/p><figure id=\"attachment_15142\" aria-describedby=\"caption-attachment-15142\" style=\"width: 800px\" class=\"wp-caption aligncenter\"><a href=\"https:\/\/cparici.com\/wp-content\/uploads\/2021\/05\/plage-st-georges.jpg\"><img decoding=\"async\" class=\"wp-image-15142\" title=\"Royan plage - Photo de la grande conche de st georges de didonne\" src=\"https:\/\/cparici.com\/wp-content\/uploads\/2021\/05\/plage-st-georges.jpg\" alt=\"plages de royan plage de st georges de didonne\" width=\"800\" height=\"533\" srcset=\"https:\/\/cparici.com\/wp-content\/uploads\/2021\/05\/plage-st-georges.jpg 1181w, https:\/\/cparici.com\/wp-content\/uploads\/2021\/05\/plage-st-georges-600x400.jpg 600w, https:\/\/cparici.com\/wp-content\/uploads\/2021\/05\/plage-st-georges-768x511.jpg 768w\" sizes=\"(max-width: 800px) 100vw, 800px\" \/><\/a><figcaption id=\"caption-attachment-15142\" class=\"wp-caption-text\">Photo de la grande conche de st georges de didonne, une des plus longues de Royan plage<\/figcaption><\/figure><p><span style=\"font-size: 12pt;\">De la plage de St Georges, vous pouvez aller tr\u00e8s vite\u00a0 dans le centre de\u00a0 Saint Georges et manger une cr\u00eape sur la place souvent anim\u00e9e du village. <strong>De la grande plage, vous pouvez vous rendre aussi en 10mn en voiture \u00e0 Royan Plage et sa grande Conche,<\/strong> ou \u00e0 une des petites criques de l\u2019estuaire de la Gironde.<\/span><\/p><p><span style=\"font-size: 12pt;\">Sur la plage, vous trouverez des postes de secours et des toilettes, et \u00e0 proximit\u00e9 imm\u00e9diate, le club nautique de St Georges, un man\u00e8ge et des commerces ( bars, glaciers, restaurants, etc\u2026)<\/span><\/p><p><span style=\"font-size: 12pt;\">Pour planifier votre sortie \u00e0 la plage et conna\u00eetre la m\u00e9t\u00e9o, vous pouvez voir la webcam en direct en cliquant<a href=\"https:\/\/www.royanatlantique.fr\/sur-place\/webcams\/saint-georges-de-didonne-grande-plage\/\" target=\"_blank\" rel=\"nofollow noopener\"> ici.<\/a><\/span><\/p><p style=\"text-align: center;\"><strong><span style=\"color: #003366;\">Photos de la plage de Saint Georges de Didonne<\/span><\/strong><\/p>\t\t\t\t\t\t\t\t<\/div>\n\t\t\t\t\t<\/div>\n\t\t\t\t<\/div>\n\t\t<aside class=\"elementor-element elementor-element-562e12e1 e-flex e-con-boxed e-con e-parent\" data-id=\"562e12e1\" data-element_type=\"container\" data-e-type=\"container\" data-settings=\"{&quot;background_background&quot;:&quot;classic&quot;}\">\n\t\t\t\t\t<div class=\"e-con-inner\">\n\t\t\t\t<div class=\"elementor-element elementor-element-50b28d29 elementor-widget elementor-widget-spacer\" data-id=\"50b28d29\" data-element_type=\"widget\" data-e-type=\"widget\" data-widget_type=\"spacer.default\">\n\t\t\t\t\t\t\t<div class=\"elementor-spacer\">\n\t\t\t<div class=\"elementor-spacer-inner\"><\/div>\n\t\t<\/div>\n\t\t\t\t\t\t<\/div>\n\t\t\t\t<div class=\"elementor-element elementor-element-37402472 elementor-widget elementor-widget-heading\" data-id=\"37402472\" data-element_type=\"widget\" data-e-type=\"widget\" data-widget_type=\"heading.default\">\n\t\t\t\t\t<span class=\"elementor-heading-title elementor-size-default\">D\u00e9couverte et Activit\u00e9s<\/span>\t\t\t\t<\/div>\n\t\t\t\t<div class=\"elementor-element elementor-element-467eb522 elementor-widget elementor-widget-listeo-listings-carousel\" data-id=\"467eb522\" data-element_type=\"widget\" data-e-type=\"widget\" data-widget_type=\"listeo-listings-carousel.default\">\n\t\t\t\t<div class=\"elementor-widget-container\">\n\t\t\t\t\t        <!-- Carousel \/ Start -->\n        \t<div class=\"simple-slick-carousel dots-nav\" data-slick='{&quot;autoplay&quot;:true,&quot;autoplaySpeed&quot;:3000,&quot;slidesToShow&quot;:3,&quot;slidesToScroll&quot;:1,&quot;responsive&quot;:[{&quot;breakpoint&quot;:1024,&quot;settings&quot;:{&quot;slidesToShow&quot;:2,&quot;slidesToScroll&quot;:1}},{&quot;breakpoint&quot;:768,&quot;settings&quot;:{&quot;slidesToShow&quot;:1,&quot;slidesToScroll&quot;:1}}]}'>\n                            <div class=\"fw-carousel-item\">                    \n                        <!-- Listing Item -->\r\n            <div class=\"col-lg-6 col-md-12\">\r\n                <a href=\"https:\/\/cparici.com\/fr\/annonce\/distillation-de-roses-centifolia\/\" class=\"listing-item-container listing-geo-data compact\" data-title=\"Distillation de roses centifolia\" data-listing-type=\"service\" data-classifieds-price=\"\u20ac\" data-friendly-address=\"\" data-address=\"M\u00e9dis, France\" data-image=\"https:\/\/cparici.com\/wp-content\/uploads\/2025\/05\/inbound7346086508658559603-520x397.jpg\" data-longitude=\"-0.964789\" data-latitude=\"45.64248\" data-rating=\"0\" data-reviews=\"0\" data-icon=\"<svg xmlns=&quot;http:\/\/www.w3.org\/2000\/svg&quot; xmlns:xlink=&quot;http:\/\/www.w3.org\/1999\/xlink&quot; fill=&quot;#000000&quot; version=&quot;1.1&quot; id=&quot;Layer_1&quot; viewBox=&quot;0 0 64.004 64.004&quot; xml:space=&quot;preserve&quot;>\n<g>\n\t<g>\n\t\t<path d=&quot;M60.103,38.327c-4.169-7.268-10.669-12.104-16.526-12.319c-0.134-0.01-0.27-0.008-0.407-0.006l-0.18,0.002l-0.157-0.002 c-0.137-0.002-0.274-0.005-0.372,0.004c-5.891,0.217-12.391,5.053-16.559,12.32c-5.624,9.804-5.051,20.771,1.276,24.446 c3.571,2.078,8.299,1.505,12.966-1.563c1.735-1.143,3.979-1.144,5.716,0c2.816,1.852,5.654,2.795,8.247,2.795 c1.705,0,3.303-0.407,4.72-1.231C65.154,59.097,65.727,48.13,60.103,38.327z M57.821,61.044 c-2.892,1.679-6.852,1.132-10.863-1.507c-1.202-0.79-2.579-1.185-3.956-1.185s-2.755,0.395-3.956,1.185 c-4.012,2.638-7.971,3.186-10.863,1.507c-5.379-3.126-5.624-12.87-0.546-21.722c3.775-6.58,9.762-11.129,14.932-11.32 c0.073-0.005,0.147-0.001,0.223,0l0.199,0.002l0.222-0.002c0.074-0.002,0.149-0.004,0.257,0.002 c5.136,0.189,11.123,4.738,14.898,11.318C63.445,48.174,63.2,57.918,57.821,61.044z&quot;\/>\n\t<\/g>\n<\/g>\n<g>\n\t<g>\n\t\t<path d=&quot;M43.002,31c-2.206,0-4,1.794-4,4s1.794,4,4,4s4-1.794,4-4S45.208,31,43.002,31z M43.002,37c-1.103,0-2-0.898-2-2 c0-1.103,0.897-2,2-2s2,0.897,2,2C45.002,36.102,44.105,37,43.002,37z&quot;\/>\n\t<\/g>\n<\/g>\n<g>\n\t<g>\n\t\t<path d=&quot;M43.002,48c-2.206,0-4,1.794-4,4s1.794,4,4,4s4-1.794,4-4S45.208,48,43.002,48z M43.002,54c-1.103,0-2-0.898-2-2 c0-1.103,0.897-2,2-2s2,0.897,2,2C45.002,53.102,44.105,54,43.002,54z&quot;\/>\n\t<\/g>\n<\/g>\n<g>\n\t<g>\n\t\t<path d=&quot;M52.002,38c-2.206,0-4,1.794-4,4s1.794,4,4,4s4-1.794,4-4S54.208,38,52.002,38z M52.002,44c-1.103,0-2-0.898-2-2 c0-1.103,0.897-2,2-2s2,0.897,2,2C54.002,43.102,53.105,44,52.002,44z&quot;\/>\n\t<\/g>\n<\/g>\n<g>\n\t<g>\n\t\t<path d=&quot;M34.002,38c-2.206,0-4,1.794-4,4s1.794,4,4,4s4-1.794,4-4S36.208,38,34.002,38z M34.002,44c-1.103,0-2-0.898-2-2 c0-1.103,0.897-2,2-2s2,0.897,2,2C36.002,43.102,35.105,44,34.002,44z&quot;\/>\n\t<\/g>\n<\/g>\n<g>\n\t<g>\n\t\t<path d=&quot;M31.002,48c-2.206,0-4,1.794-4,4s1.794,4,4,4s4-1.794,4-4S33.208,48,31.002,48z M31.002,54c-1.103,0-2-0.898-2-2 c0-1.103,0.897-2,2-2s2,0.897,2,2C33.002,53.102,32.105,54,31.002,54z&quot;\/>\n\t<\/g>\n<\/g>\n<g>\n\t<g>\n\t\t<path d=&quot;M55.002,48c-2.206,0-4,1.794-4,4s1.794,4,4,4s4-1.794,4-4S57.208,48,55.002,48z M55.002,54c-1.103,0-2-0.898-2-2 c0-1.103,0.897-2,2-2s2,0.897,2,2C57.002,53.102,56.105,54,55.002,54z&quot;\/>\n\t<\/g>\n<\/g>\n<g>\n\t<g>\n\t\t<path d=&quot;M45.915,3.177C45.534,1.365,43.925,0,42.002,0s-3.532,1.365-3.913,3.177C27.686,4.077,20.002,8.503,20.002,14 c0,1.988,1.043,3.909,3,5.589V23c0,0.553,0.448,1.004,1,1.004h36c0.552,0,1-0.451,1-1.004v-3.411c1.957-1.679,3-3.601,3-5.589 C64.002,8.503,56.318,4.077,45.915,3.177z M42.002,2c0.754,0,1.404,0.425,1.745,1.043C43.17,3.021,42.592,3,42.002,3 s-1.168,0.021-1.745,0.043C40.598,2.425,41.248,2,42.002,2z M59.002,22.004h-34v-2h34V22.004z M59.797,18.004h-7.151 c2.044-2,3.356-4,3.356-7h-2c0,4-3.14,7-7,7h-11c-3.86,0-7-3-7-7h-2c0,3,1.312,5,3.356,7h-6.151c-1.087-1-2.205-2.342-2.205-4.002 c0-4.879,9.159-9.002,20-9.002s20,4.123,20,9.002C62.002,15.662,60.884,17.004,59.797,18.004z&quot;\/>\n\t<\/g>\n<\/g>\n<g>\n\t<g>\n\t\t<path d=&quot;M19.002,21c0-3.5-3.052-7.279-4.526-8.902c0.717-0.59,1.461-1.257,2.017-1.987c0.957-1.257,1.643-3.685,0.167-5.149 c-0.552-0.548-1.363-0.798-2.365-0.808c-2.182,0.025-4.196,0.81-6.144,1.57C7.033,6.16,5.979,6.571,4.906,6.843L4.733,6.888 c-0.661,0.17-2.037,0.526-2.356,0.048c0,0-0.048-0.079-0.035-0.357C2.44,4.539,4.486,2.51,5.586,1.42L4.178,0 c-1.293,1.281-3.7,3.667-3.833,6.483C0.314,7.119,0.436,7.632,0.716,8.05C1.821,9.7,4.04,9.13,5.231,8.824l0.166-0.042 c1.192-0.303,2.355-0.756,3.48-1.194c1.863-0.727,3.623-1.412,5.441-1.434c0.456,0.011,0.78,0.076,0.934,0.227 c0.537,0.533,0.145,1.868-0.35,2.518c-0.629,0.826-1.677,1.652-2.519,2.315l0.009,0.012c-0.028,0.022-0.061,0.031-0.087,0.057 c-0.217,0.21-5.303,5.203-5.303,9.717c0,3.318,1.283,5.258,2.969,6.223L9.008,35.89c-0.006,0.048-0.007,0.097-0.006,0.147 l0.926,25.001C9.99,62.699,11.34,64,13.002,64s3.012-1.301,3.074-2.962l0.926-25.001c0.001-0.05,0-0.099-0.006-0.148l-0.963-8.666 C17.719,26.258,19.002,24.318,19.002,21z M13.006,13.447c0.916,1.01,2.156,2.576,3.012,4.227l-1.016,1.523l-1.168-1.752 c-0.371-0.557-1.293-0.557-1.664,0l-1.168,1.752l-1.023-1.535C10.883,15.922,12.205,14.332,13.006,13.447z M14.077,60.964 C14.055,61.545,13.583,62,13.002,62s-1.053-0.455-1.075-1.036l-0.923-24.927l0.903-8.127c0.364,0.061,0.731,0.09,1.095,0.09 s0.731-0.029,1.095-0.09L15,36.037L14.077,60.964z M13.002,26c-2.542,0-4-1.822-4-5c0-0.337,0.041-0.681,0.112-1.029l1.056,1.584 c0.371,0.557,1.293,0.557,1.664,0l1.168-1.752l1.168,1.752C14.356,21.833,14.667,22,15.002,22c0.334,0,0.646-0.167,0.832-0.445 l1.053-1.58c0.074,0.349,0.115,0.692,0.115,1.025C17.002,24.178,15.544,26,13.002,26z&quot;\/>\n\t<\/g>\n<\/g>\n<g>\n\t<g>\n\t\t<rect x=&quot;0.002&quot; y=&quot;54&quot; width=&quot;2&quot; height=&quot;2&quot;\/>\n\t<\/g>\n<\/g>\n<g>\n\t<g>\n\t\t<rect x=&quot;0.002&quot; y=&quot;58&quot; width=&quot;2&quot; height=&quot;2&quot;\/>\n\t<\/g>\n<\/g>\n<g>\n\t<g>\n\t\t<rect x=&quot;0.002&quot; y=&quot;62&quot; width=&quot;2&quot; height=&quot;2&quot;\/>\n\t<\/g>\n<\/g>\n<g>\n\t<g>\n\t\t<rect x=&quot;4.002&quot; y=&quot;54&quot; width=&quot;2&quot; height=&quot;2&quot;\/>\n\t<\/g>\n<\/g>\n<g>\n\t<g>\n\t\t<rect x=&quot;4.002&quot; y=&quot;58&quot; width=&quot;2&quot; height=&quot;2&quot;\/>\n\t<\/g>\n<\/g>\n<g>\n\t<g>\n\t\t<rect x=&quot;4.002&quot; y=&quot;62&quot; width=&quot;2&quot; height=&quot;2&quot;\/>\n\t<\/g>\n<\/g>\n<\/svg>\">\r\n            <div class=\"listing-item  featured-listing\">\r\n                <div class=\"listing-small-badges-container\">\r\n                                            <div class=\"listing-small-badge featured-badge\"><i class=\"fa fa-star\"><\/i> En vedette<\/div>\r\n                                                                <div class=\"listing-small-badge pricing-badge\"><i class=\"fa fa-tag\"><\/i>149,00\u20ac - 149,00\u20ac<\/div>\r\n                                                            \r\n                                        \r\n                                        \r\n                <\/div>\r\n                <img decoding=\"async\" src=\"https:\/\/cparici.com\/wp-content\/uploads\/2025\/05\/inbound7346086508658559603-520x397.jpg\" alt=\"Distillation de roses centifolia\" class=\"listing-thumbnail\">\r\n                \r\n\r\n                <div class=\"listing-item-content\">\r\n                    \r\n                    <h3> Distillation de roses centifolia <\/h3>\r\n                    <span>M\u00e9dis, France<\/span>\r\n                <\/div>\r\n                                        <span class=\"save like-icon tooltip left\" title=\"Connexion pour marquer des \u00e9l\u00e9ments\"><\/span>\r\n                                                <\/div>\r\n        <\/a>\r\n                    <\/div>\r\n        \r\n\r\n        <!-- Listing Item \/ End -->\n                    <\/div>\n                                      <div class=\"fw-carousel-item\">                    \n                        <!-- Listing Item -->\r\n            <div class=\"col-lg-6 col-md-12\">\r\n                <a href=\"https:\/\/cparici.com\/fr\/annonce\/cottage-de-lulu-avec-spa\/\" class=\"listing-item-container listing-geo-data compact\" data-title=\"Cottage de Lulu avec Spa Meschers sur Gironde\" data-listing-type=\"rental\" data-classifieds-price=\"\u20ac\" data-friendly-address=\"300m des Grottes de R\u00e9gulus\" data-address=\"300m des Grottes de R\u00e9gulus\" data-image=\"https:\/\/cparici.com\/wp-content\/uploads\/2025\/12\/spa-du-cottage-de-lulu-location-vacances-meschers-520x397.jpg\" data-longitude=\"-0.9544389999999999\" data-latitude=\"45.554722\" data-rating=\"5\" data-reviews=\"12\" data-icon=\"<svg xmlns=&quot;http:\/\/www.w3.org\/2000\/svg&quot; width=&quot;800px&quot; height=&quot;800px&quot; viewBox=&quot;0 0 45 45&quot; fill=&quot;none&quot;>\n<path d=&quot;M24.155 8.78099L24.33 8.94499L37.402 21.787L36 23.213L34.2 21.445L34.201 35C34.201 36.054 33.385 36.918 32.35 36.994L32.201 37H12.201C11.147 37 10.283 36.184 10.206 35.149L10.201 35L10.2 21.446L8.402 23.213L7 21.787L20.058 8.95799C21.171 7.82199 22.966 7.75899 24.155 8.78099ZM21.569 10.285L21.473 10.372L12.2 19.481L12.201 35L17.2 34.999L17.201 25C17.201 23.946 18.017 23.082 19.052 23.005L19.201 23H25.201C26.255 23 27.119 23.816 27.196 24.851L27.201 25L27.2 34.999L32.201 35L32.2 19.48L22.901 10.344C22.537 9.98699 21.969 9.96499 21.569 10.285ZM25.201 25H19.201L19.2 34.999H25.2L25.201 25Z&quot; fill=&quot;#3C3C3C&quot;\/>\n<\/svg>\">\r\n            <div class=\"listing-item  \">\r\n                <div class=\"listing-small-badges-container\">\r\n                                                                <div class=\"listing-small-badge pricing-badge\"><i class=\"fa fa-tag\"><\/i>85,00\u20ac - 150,00\u20ac<\/div>\r\n                                                            \r\n                                        \r\n                                        \r\n                <\/div>\r\n                <img decoding=\"async\" src=\"https:\/\/cparici.com\/wp-content\/uploads\/2025\/12\/spa-du-cottage-de-lulu-location-vacances-meschers-520x397.jpg\" alt=\"Cottage de Lulu avec Spa Meschers sur Gironde\" class=\"listing-thumbnail\">\r\n                \r\n\r\n                <div class=\"listing-item-content\">\r\n                                                <div class=\"numerical-rating\" data-rating=\"5.0\"><\/div>\r\n                    \r\n                    <h3> Cottage de Lulu avec Spa Meschers sur Gironde <\/h3>\r\n                    <span>300m des Grottes de R\u00e9gulus<\/span>\r\n                <\/div>\r\n                                        <span class=\"save like-icon tooltip left\" title=\"Connexion pour marquer des \u00e9l\u00e9ments\"><\/span>\r\n                                                <\/div>\r\n        <\/a>\r\n                    <\/div>\r\n        \r\n\r\n        <!-- Listing Item \/ End -->\n                    <\/div>\n                                      <div class=\"fw-carousel-item\">                    \n                        <!-- Listing Item -->\r\n            <div class=\"col-lg-6 col-md-12\">\r\n                <a href=\"https:\/\/cparici.com\/fr\/annonce\/bicoque-de-sophie\/\" class=\"listing-item-container listing-geo-data compact\" data-title=\"Bicoque de Sophie\" data-listing-type=\"rental\" data-classifieds-price=\"\u20ac\" data-friendly-address=\"Hyper centre Saint-Georges-de-Didonne\" data-address=\"Hyper centre Saint-Georges-de-Didonne\" data-image=\"https:\/\/cparici.com\/wp-content\/uploads\/2025\/01\/20220601_133451-edit-20230319213149-520x397.jpg\" data-longitude=\"-0.9977845\" data-latitude=\"45.6029549\" data-rating=\"3.7\" data-reviews=\"3\" data-icon=\"<svg xmlns=&quot;http:\/\/www.w3.org\/2000\/svg&quot; width=&quot;800px&quot; height=&quot;800px&quot; viewBox=&quot;0 0 45 45&quot; fill=&quot;none&quot;>\n<path d=&quot;M24.155 8.78099L24.33 8.94499L37.402 21.787L36 23.213L34.2 21.445L34.201 35C34.201 36.054 33.385 36.918 32.35 36.994L32.201 37H12.201C11.147 37 10.283 36.184 10.206 35.149L10.201 35L10.2 21.446L8.402 23.213L7 21.787L20.058 8.95799C21.171 7.82199 22.966 7.75899 24.155 8.78099ZM21.569 10.285L21.473 10.372L12.2 19.481L12.201 35L17.2 34.999L17.201 25C17.201 23.946 18.017 23.082 19.052 23.005L19.201 23H25.201C26.255 23 27.119 23.816 27.196 24.851L27.201 25L27.2 34.999L32.201 35L32.2 19.48L22.901 10.344C22.537 9.98699 21.969 9.96499 21.569 10.285ZM25.201 25H19.201L19.2 34.999H25.2L25.201 25Z&quot; fill=&quot;#3C3C3C&quot;\/>\n<\/svg>\">\r\n            <div class=\"listing-item  \">\r\n                <div class=\"listing-small-badges-container\">\r\n                                                                <div class=\"listing-small-badge pricing-badge\"><i class=\"fa fa-tag\"><\/i>120,00\u20ac - 140,00\u20ac<\/div>\r\n                                                            \r\n                                        \r\n                                        \r\n                <\/div>\r\n                <img decoding=\"async\" src=\"https:\/\/cparici.com\/wp-content\/uploads\/2025\/01\/20220601_133451-edit-20230319213149-520x397.jpg\" alt=\"Bicoque de Sophie\" class=\"listing-thumbnail\">\r\n                \r\n\r\n                <div class=\"listing-item-content\">\r\n                                                <div class=\"numerical-rating\" data-rating=\"3.7\"><\/div>\r\n                    \r\n                    <h3> Bicoque de Sophie <\/h3>\r\n                    <span>Hyper centre Saint-Georges-de-Didonne<\/span>\r\n                <\/div>\r\n                                        <span class=\"save like-icon tooltip left\" title=\"Connexion pour marquer des \u00e9l\u00e9ments\"><\/span>\r\n                                                <\/div>\r\n        <\/a>\r\n                    <\/div>\r\n        \r\n\r\n        <!-- Listing Item \/ End -->\n                    <\/div>\n                                      <div class=\"fw-carousel-item\">                    \n                        <!-- Listing Item -->\r\n            <div class=\"col-lg-6 col-md-12\">\r\n                <a href=\"https:\/\/cparici.com\/fr\/annonce\/appartement-face-mer\/\" class=\"listing-item-container listing-geo-data compact\" data-title=\"La Perrini\u00e8re Appartement face mer Royan\" data-listing-type=\"rental\" data-classifieds-price=\"\u20ac\" data-friendly-address=\"royan\" data-address=\"royan\" data-image=\"https:\/\/cparici.com\/wp-content\/uploads\/2025\/05\/366880516.jpg\" data-longitude=\"-1.0197084\" data-latitude=\"45.6217724\" data-rating=\"0\" data-reviews=\"0\" data-icon=\"<svg xmlns=&quot;http:\/\/www.w3.org\/2000\/svg&quot; width=&quot;800px&quot; height=&quot;800px&quot; viewBox=&quot;0 0 45 45&quot; fill=&quot;none&quot;>\n<path d=&quot;M24.155 8.78099L24.33 8.94499L37.402 21.787L36 23.213L34.2 21.445L34.201 35C34.201 36.054 33.385 36.918 32.35 36.994L32.201 37H12.201C11.147 37 10.283 36.184 10.206 35.149L10.201 35L10.2 21.446L8.402 23.213L7 21.787L20.058 8.95799C21.171 7.82199 22.966 7.75899 24.155 8.78099ZM21.569 10.285L21.473 10.372L12.2 19.481L12.201 35L17.2 34.999L17.201 25C17.201 23.946 18.017 23.082 19.052 23.005L19.201 23H25.201C26.255 23 27.119 23.816 27.196 24.851L27.201 25L27.2 34.999L32.201 35L32.2 19.48L22.901 10.344C22.537 9.98699 21.969 9.96499 21.569 10.285ZM25.201 25H19.201L19.2 34.999H25.2L25.201 25Z&quot; fill=&quot;#3C3C3C&quot;\/>\n<\/svg>\">\r\n            <div class=\"listing-item  featured-listing\">\r\n                <div class=\"listing-small-badges-container\">\r\n                                            <div class=\"listing-small-badge featured-badge\"><i class=\"fa fa-star\"><\/i> En vedette<\/div>\r\n                                                                <div class=\"listing-small-badge pricing-badge\"><i class=\"fa fa-tag\"><\/i>260,00\u20ac - 390,00\u20ac<\/div>\r\n                                                            \r\n                                        \r\n                                        \r\n                <\/div>\r\n                <img decoding=\"async\" src=\"https:\/\/cparici.com\/wp-content\/uploads\/2025\/05\/366880516.jpg\" alt=\"La Perrini\u00e8re Appartement face mer Royan\" class=\"listing-thumbnail\">\r\n                                \r\n\r\n                <div class=\"listing-item-content\">\r\n                    \r\n                    <h3> La Perrini\u00e8re Appartement face mer Royan <\/h3>\r\n                    <span>royan<\/span>\r\n                <\/div>\r\n                                        <span class=\"save like-icon tooltip left\" title=\"Connexion pour marquer des \u00e9l\u00e9ments\"><\/span>\r\n                                                <\/div>\r\n        <\/a>\r\n                    <\/div>\r\n        \r\n\r\n        <!-- Listing Item \/ End -->\n                    <\/div>\n                                      <div class=\"fw-carousel-item\">                    \n                        <!-- Listing Item -->\r\n            <div class=\"col-lg-6 col-md-12\">\r\n                <a href=\"https:\/\/cparici.com\/fr\/annonce\/villa-lucas-2-7-piscine-spa\/\" class=\"listing-item-container listing-geo-data compact\" data-title=\"Villa Lucas 2-7 Piscine-spa, Meschers sur Gironde\" data-listing-type=\"rental\" data-classifieds-price=\"\u20ac\" data-friendly-address=\"Boulevard de la Falaise\" data-address=\"Boulevard de la Falaise\" data-image=\"https:\/\/cparici.com\/wp-content\/uploads\/2025\/01\/20200519_141942_01-1-edit-20230321171015-520x397.jpg\" data-longitude=\"-0.9543354999999999\" data-latitude=\"45.5547399\" data-rating=\"5\" data-reviews=\"12\" data-icon=\"<svg xmlns=&quot;http:\/\/www.w3.org\/2000\/svg&quot; width=&quot;800px&quot; height=&quot;800px&quot; viewBox=&quot;0 0 45 45&quot; fill=&quot;none&quot;>\n<path d=&quot;M24.155 8.78099L24.33 8.94499L37.402 21.787L36 23.213L34.2 21.445L34.201 35C34.201 36.054 33.385 36.918 32.35 36.994L32.201 37H12.201C11.147 37 10.283 36.184 10.206 35.149L10.201 35L10.2 21.446L8.402 23.213L7 21.787L20.058 8.95799C21.171 7.82199 22.966 7.75899 24.155 8.78099ZM21.569 10.285L21.473 10.372L12.2 19.481L12.201 35L17.2 34.999L17.201 25C17.201 23.946 18.017 23.082 19.052 23.005L19.201 23H25.201C26.255 23 27.119 23.816 27.196 24.851L27.201 25L27.2 34.999L32.201 35L32.2 19.48L22.901 10.344C22.537 9.98699 21.969 9.96499 21.569 10.285ZM25.201 25H19.201L19.2 34.999H25.2L25.201 25Z&quot; fill=&quot;#3C3C3C&quot;\/>\n<\/svg>\">\r\n            <div class=\"listing-item  \">\r\n                <div class=\"listing-small-badges-container\">\r\n                                                                <div class=\"listing-small-badge pricing-badge\"><i class=\"fa fa-tag\"><\/i>370,00\u20ac - 370,00\u20ac<\/div>\r\n                                                            \r\n                                        \r\n                                        \r\n                <\/div>\r\n                <img decoding=\"async\" src=\"https:\/\/cparici.com\/wp-content\/uploads\/2025\/01\/20200519_141942_01-1-edit-20230321171015-520x397.jpg\" alt=\"Villa Lucas 2-7 Piscine-spa, Meschers sur Gironde\" class=\"listing-thumbnail\">\r\n                \r\n\r\n                <div class=\"listing-item-content\">\r\n                                                <div class=\"numerical-rating\" data-rating=\"5.0\"><\/div>\r\n                    \r\n                    <h3> Villa Lucas 2-7 Piscine-spa, Meschers sur Gironde <\/h3>\r\n                    <span>Boulevard de la Falaise<\/span>\r\n                <\/div>\r\n                                        <span class=\"save like-icon tooltip left\" title=\"Connexion pour marquer des \u00e9l\u00e9ments\"><\/span>\r\n                                                <\/div>\r\n        <\/a>\r\n                    <\/div>\r\n        \r\n\r\n        <!-- Listing Item \/ End -->\n                    <\/div>\n                                      <div class=\"fw-carousel-item\">                    \n                        <!-- Listing Item -->\r\n            <div class=\"col-lg-6 col-md-12\">\r\n                <a href=\"https:\/\/cparici.com\/fr\/annonce\/le-douze\/\" class=\"listing-item-container listing-geo-data compact\" data-title=\"LE DOUZE\" data-listing-type=\"rental\" data-classifieds-price=\"\u20ac\" data-friendly-address=\"41 ter rue de paradis\" data-address=\"41 ter rue de paradis\" data-image=\"https:\/\/cparici.com\/wp-content\/uploads\/2025\/03\/DSC06292-HDR-520x397.jpg\" data-longitude=\"-1.1430937\" data-latitude=\"45.7162024\" data-rating=\"5\" data-reviews=\"4\" data-icon=\"<svg xmlns=&quot;http:\/\/www.w3.org\/2000\/svg&quot; width=&quot;800px&quot; height=&quot;800px&quot; viewBox=&quot;0 0 45 45&quot; fill=&quot;none&quot;>\n<path d=&quot;M24.155 8.78099L24.33 8.94499L37.402 21.787L36 23.213L34.2 21.445L34.201 35C34.201 36.054 33.385 36.918 32.35 36.994L32.201 37H12.201C11.147 37 10.283 36.184 10.206 35.149L10.201 35L10.2 21.446L8.402 23.213L7 21.787L20.058 8.95799C21.171 7.82199 22.966 7.75899 24.155 8.78099ZM21.569 10.285L21.473 10.372L12.2 19.481L12.201 35L17.2 34.999L17.201 25C17.201 23.946 18.017 23.082 19.052 23.005L19.201 23H25.201C26.255 23 27.119 23.816 27.196 24.851L27.201 25L27.2 34.999L32.201 35L32.2 19.48L22.901 10.344C22.537 9.98699 21.969 9.96499 21.569 10.285ZM25.201 25H19.201L19.2 34.999H25.2L25.201 25Z&quot; fill=&quot;#3C3C3C&quot;\/>\n<\/svg>\">\r\n            <div class=\"listing-item  featured-listing\">\r\n                <div class=\"listing-small-badges-container\">\r\n                                            <div class=\"listing-small-badge featured-badge\"><i class=\"fa fa-star\"><\/i> En vedette<\/div>\r\n                                                                <div class=\"listing-small-badge pricing-badge\"><i class=\"fa fa-tag\"><\/i>150,00\u20ac - 171,00\u20ac<\/div>\r\n                                                            \r\n                                        \r\n                                        \r\n                <\/div>\r\n                <img decoding=\"async\" src=\"https:\/\/cparici.com\/wp-content\/uploads\/2025\/03\/DSC06292-HDR-520x397.jpg\" alt=\"LE DOUZE\" class=\"listing-thumbnail\">\r\n                                \r\n\r\n                <div class=\"listing-item-content\">\r\n                                                <div class=\"numerical-rating\" data-rating=\"5.0\"><\/div>\r\n                    \r\n                    <h3> LE DOUZE <i class=\"verified-icon\"><\/i><\/h3>\r\n                    <span>41 ter rue de paradis<\/span>\r\n                <\/div>\r\n                                        <span class=\"save like-icon tooltip left\" title=\"Connexion pour marquer des \u00e9l\u00e9ments\"><\/span>\r\n                                                <\/div>\r\n        <\/a>\r\n                    <\/div>\r\n        \r\n\r\n        <!-- Listing Item \/ End -->\n                    <\/div>\n                          <\/div>\n        \t\t\t\t<\/div>\n\t\t\t\t<\/div>\n\t\t\t\t\t<\/div>\n\t\t\t\t<\/aside>\n\t\t<div class=\"elementor-element elementor-element-41c972e e-flex e-con-boxed e-con e-parent\" data-id=\"41c972e\" data-element_type=\"container\" data-e-type=\"container\">\n\t\t\t\t\t<div class=\"e-con-inner\">\n\t\t\t\t<div class=\"elementor-element elementor-element-6e6ed35 elementor-widget elementor-widget-text-editor\" data-id=\"6e6ed35\" data-element_type=\"widget\" data-e-type=\"widget\" data-widget_type=\"text-editor.default\">\n\t\t\t\t\t\t\t\t\t<p style=\"text-align: center;\">\u00a0<\/p><h2 style=\"text-align: center;\"><a id=\"conches-nord-royan\"><\/a><span style=\"color: #003366;\">2. plages de royan \u2013 les conches du nord de Royan<\/span><\/h2><h3 style=\"text-align: center;\"><span style=\"font-size: 12pt; color: #003366;\">Plages de royan \u2013 La plage de Pontaillac<\/span><\/h3><p><span style=\"font-size: 12pt;\"><strong>La plage de Pontaillac situ\u00e9e \u00e0 Royan<\/strong> <strong>Plage<\/strong> est une plage de sable immacul\u00e9e de 400m de long, tr\u00e8s appr\u00e9ci\u00e9e et connue des r\u00e9sidents comme des touristes. Elle est situ\u00e9e dans le secteur de <a href=\"https:\/\/cparici.com\/fr\/pontaillac-a-royan\/\">Pontaillac<\/a> au nord de la ville de Royan Plage et dans les limites de la commune de Vaux Sur Mer.<\/span><\/p><figure id=\"attachment_13361\" aria-describedby=\"caption-attachment-13361\" style=\"width: 800px\" class=\"wp-caption aligncenter\"><a href=\"https:\/\/cparici.com\/wp-content\/uploads\/2021\/03\/pontaillac-7.jpg\"><img decoding=\"async\" class=\"wp-image-13361 size-full\" title=\"Photographie de la plage de Pontaillac, une des plus belles plages de Royan\" src=\"https:\/\/cparici.com\/wp-content\/uploads\/2021\/03\/pontaillac-7.jpg\" alt=\"Photo de la plage de Pontaillac, une des plus belles plages de Royan\" width=\"800\" height=\"533\" srcset=\"https:\/\/cparici.com\/wp-content\/uploads\/2021\/03\/pontaillac-7.jpg 800w, https:\/\/cparici.com\/wp-content\/uploads\/2021\/03\/pontaillac-7-600x399.jpg 600w, https:\/\/cparici.com\/wp-content\/uploads\/2021\/03\/pontaillac-7-768x511.jpg 768w, https:\/\/cparici.com\/wp-content\/uploads\/2021\/03\/pontaillac-7-120x80.jpg 120w\" sizes=\"(max-width: 800px) 100vw, 800px\" \/><\/a><figcaption id=\"caption-attachment-13361\" class=\"wp-caption-text\">La plage de Pontaillac, une des plus belles plages de Royan<\/figcaption><\/figure><p><span style=\"font-size: 12pt;\">La plage se trouve dans une zone urbaine, qui comprend <a href=\"https:\/\/cparici.com\/fr\/casino-de-royan-a-pontaillac\/\" rel=\"nofollow\">le casino de Royan<\/a> et deux \u00e9tablissements de restauration situ\u00e9s dans sa partie centrale et de l\u2019autre c\u00f4t\u00e9 les maisons \u00e0 l\u2019architecture impressionnante et les falaises rocheuses. Il est \u00e9galement possible de se baigner, avec la baignade surveill\u00e9e pendant les mois de juillet et ao\u00fbt. Cependant, il est \u00e9galement possible d\u2019essayer le bodyboard ou le surf, la zone \u00e9tant bien reconnue par les surfeurs comme un endroit pour se retirer en cas de grandes vagues. La promenade qui longe le rivage de Pontaillac a \u00e9t\u00e9 r\u00e9nov\u00e9e et offre une vue spectaculaire sur la r\u00e9gion.<\/span><\/p><p><span style=\"font-size: 12pt;\">\u00a0Il y a \u00e9galement un club pour enfants, un club de voile et un club de surf, ainsi que des chaises longues qui peuvent \u00eatre lou\u00e9es pendant la saison. Il y a aussi un terrain de p\u00e9tanque \u00e0 l\u2019ouest. De l\u2019autre c\u00f4t\u00e9 de la route se trouve le terrain de mini-golf.<\/span><\/p><p><span style=\"font-size: 12pt;\"><strong>Sur la partie oppos\u00e9e de la route, qui longe la plage, on peut se promener et profiter des terrasses des restaurants, bars et glaciers.<\/strong> Veuillez noter que les animaux domestiques ne sont pas autoris\u00e9s. Il est facile de rejoindre le front de mer de Royan depuis la plage de Pontaillac ou de Vaux Sur Mer.<\/span><\/p><p><span style=\"font-size: 12pt;\">\u00a0A proximit\u00e9 des plages de Royan se trouvent le mus\u00e9e de Royan, ainsi que la chapelle Notre-Dame-des-Anges. Un peu plus loin, vous pourrez visiter la plage de sable de Foncillon et la <a href=\"https:\/\/cparici.com\/fr\/plage-de-royan\/\">plage de la Grande Conche<\/a>, ou encore visiter l\u2019\u00e9glise de Royan.<\/span><\/p><p style=\"text-align: center;\"><strong><span style=\"color: #003366;\">Photos de la plage de Pontaillac a Royan<\/span><\/strong><\/p><h3 style=\"text-align: center;\"><span style=\"font-size: 14pt; color: #003366;\"><strong>Plage de Nauzan a Vaux sur Mer<\/strong><\/span><\/h3><p><span style=\"font-size: 12pt;\"><a href=\"https:\/\/cparici.com\/fr\/plage-de-nauzan-a-vaux-sur-mer\/\"><span style=\"color: #003366;\"><strong>La Plage de Nauzan a Vaux sur Mer<\/strong><\/span><\/a> est situ\u00e9e sur la c\u00f4te de beaut\u00e9 en Charente maritime, aussi appel\u00e9e plage du Vaux sur Mer est situ\u00e9e \u00e0 la limite des communes de Vaux sur Mer et de Saint Palais sur Mer. C\u2019est la plage la plus large de la ville de Vaux sur Mer.<\/span><\/p><p><span style=\"font-size: 12pt;\">C\u2019est une plage de sable fin familiale tr\u00e8s fr\u00e9quent\u00e9e en haute saison. Il s\u2019agit en fait d\u2019une crique, entour\u00e9e de falaises rocheuses.<\/span><\/p><figure id=\"attachment_14017\" aria-describedby=\"caption-attachment-14017\" style=\"width: 700px\" class=\"wp-caption aligncenter\"><a href=\"https:\/\/cparici.com\/wp-content\/uploads\/2021\/04\/vaux-sur-mer-banniere-scaled.jpg\"><img decoding=\"async\" class=\"wp-image-14017\" title=\"royan plage - photo de la plage de Nauzan a vaux sur mer\" src=\"https:\/\/cparici.com\/wp-content\/uploads\/2021\/04\/vaux-sur-mer-banniere-scaled.jpg\" alt=\"Royan Plage - photographie de la conche de Nauzan, une des plages de Royan pour le surf\" width=\"700\" height=\"700\" srcset=\"https:\/\/cparici.com\/wp-content\/uploads\/2021\/04\/vaux-sur-mer-banniere-scaled.jpg 2048w, https:\/\/cparici.com\/wp-content\/uploads\/2021\/04\/vaux-sur-mer-banniere-300x300.jpg 300w, https:\/\/cparici.com\/wp-content\/uploads\/2021\/04\/vaux-sur-mer-banniere-100x100.jpg 100w, https:\/\/cparici.com\/wp-content\/uploads\/2021\/04\/vaux-sur-mer-banniere-scaled-600x600.jpg 600w, https:\/\/cparici.com\/wp-content\/uploads\/2021\/04\/vaux-sur-mer-banniere-1024x1024.jpg 1024w, https:\/\/cparici.com\/wp-content\/uploads\/2021\/04\/vaux-sur-mer-banniere-150x150.jpg 150w, https:\/\/cparici.com\/wp-content\/uploads\/2021\/04\/vaux-sur-mer-banniere-1536x1536.jpg 1536w\" sizes=\"(max-width: 700px) 100vw, 700px\" \/><\/a><figcaption id=\"caption-attachment-14017\" class=\"wp-caption-text\">Royan Plage \u2013 photographie de la conche de Nauzan, plage pour le surf<\/figcaption><\/figure><p><span style=\"font-size: 12pt;\"><strong>Contrairement \u00e0 d\u2019autres plages de Royan, elle est connue pour ses vagues, et les surfeurs sont nombreux<\/strong> lorsque la houle est trop importante sur la c\u00f4te sauvage. La plage est surveill\u00e9e en saison, dispose d\u2019une \u00e9cole de voile . D\u2019ailleurs la partie gauche de la plage est r\u00e9serv\u00e9e \u00e0 l\u2019activit\u00e9 de voile. Vous trouverez aussi un club enfants en haute saison.<\/span><\/p><p><span style=\"font-size: 12pt;\">Elle dispose aussi d\u2019une longue promenade am\u00e9nag\u00e9e sur laquelle des march\u00e9s nocturnes ont lieu, ainsi que des concerts. Sur la plage, vous trouverez le tr\u00e8s connu restaurant-bar \u2018la maison blanche\u2019, lieu de f\u00eate branch\u00e9. La conche est entour\u00e9e d\u2019un sentier de promenade, anciennement le sentier des douaniers.<\/span><\/p><p><span style=\"font-size: 12pt;\">Non loin de la plage de Nauzan se trouvent <strong>la plage du Platin, le pont du diable, mais aussi la plage du Conci\u00e9, ou la grande c\u00f4te<\/strong>. De quoi passer de bons moments en famille sur les plages de Saint Palais sur Mer; <strong>sans oublier, bien s\u00fbr,\u00a0 de visiter Royan Plage, et sa grande conche.<\/strong><\/span><\/p><p style=\"text-align: center;\"><strong><span style=\"color: #003366;\">Photos de la plage de Nauzan a Vaux sur Mer<\/span><\/strong><\/p><h3 style=\"text-align: center;\"><span style=\"color: #003366; font-size: 14pt;\"><strong>Plage de Saint Palais sur Mer<\/strong><\/span><\/h3><p><span style=\"font-size: 12pt;\"><span style=\"color: #003366;\"><a href=\"https:\/\/cparici.com\/fr\/plage-de-saint-palais-sur-mer\/\"><strong>La plage de Saint Palais sur Mer <\/strong><\/a>sur la c\u00f4te de beaut\u00e9 en Charente maritime, aussi appel\u00e9e <strong>plage du bureau<\/strong> est situ\u00e9e en centre-ville, et se distingue par sa situation id\u00e9ale pour les loisirs, le shopping, mais aussi par son paysage constitu\u00e9 de roches, falaises, sur lesquels sont pos\u00e9es de belles maisons, remarquables par leur architecture \u2013 datant de la belle \u00e9poque \u2013 pour la plupart.<\/span><\/span><\/p><p><span style=\"font-size: 12pt;\">La plage est une plage de sable fin, est surveill\u00e9e en haute saison et dispose de toutes le commodit\u00e9s \u2013 acc\u00e8s aux personnes \u00e0 mobilit\u00e9 r\u00e9duite, douche, piscine de cours de natation, toilettes \u2013 , mais aussi club enfants, etc\u2026 En revanche, les chiens ne sont pas accept\u00e9s, et les activit\u00e9s nautiques sont interdites.<\/span><\/p><p><span style=\"font-size: 12pt;\">Non loin de la plage du bureau se trouvent la plage du Platin, le pont du diable, mais aussi la plage du Conci\u00e9, ou la grande c\u00f4te. De quoi passer de bons moments en famille sur les plages de <a href=\"https:\/\/cparici.com\/fr\/st_location\/vacances-saint-palais-sur-mer-en-direct\/\">Saint Palais sur Mer<\/a>.<\/span><\/p><p style=\"text-align: center;\"><strong><span style=\"color: #003366;\">Photos de la plage de Saint Palais sur Mer<\/span><\/strong><\/p><h2 style=\"text-align: center;\"><a id=\"plages-cote-sauvage\"><\/a><span style=\"color: #003366;\">3. Les plages de la c\u00f4te sauvage<\/span><\/h2><h3>La c\u00f4te sauvage<\/h3><p><span style=\"font-size: 12pt;\">En fait de plages, il faudrait dire <strong>la plage de la c\u00f4te sauvage<\/strong>, car cette plage s\u2019\u00e9tend sans discontinuer sur plus de 20 kilom\u00e8tres de long entre la commune de La Palmyre et la ville de Ronce-les-Bains.<\/span><\/p><p><span style=\"font-size: 12pt;\">La plage de sable fin est divis\u00e9e en sections qui portent un num\u00e9ro, ce qui est plus facile pour se situer. Chacune de ces plages sont connues par les locaux pour leurs caract\u00e9ristiques.\u00a0 Par exemple, la 46 comporte un parking et est facilement accessible par la dune; il ne faut pas marcher longtemps. C\u2019est aussi un spot de surf connu, tout comme la 44. <\/span><\/p><p><span style=\"font-size: 12pt;\">Vous pouvez acc\u00e9der aux plages de la c\u00f4te sauvage depuis les villes de Ronce les Bains, La Tremblade, mais aussi Saint Palais sur Mer ou Vaux sur Mer. Si vous partez de Meschers sur Gironde, ou Saint Georges de Didonne, vous aurez un peu plus de route, et \u00e0 la pleine saison, avec les touristes, cela vous prendra aussi un peu plus de temps.<\/span><\/p><p><span style=\"font-size: 12pt;\">La c\u00f4te sauvage est face \u00e0 l\u2019oc\u00e9an, n\u2019est pas prot\u00e9g\u00e9e par la pr\u00e9sence d\u2019\u00eeles ou l\u2019entr\u00e9e de l\u2019estuaire comme les autres plages de royan. Elle est donc expos\u00e9e \u00e0 la houle et aux courants. <\/span><\/p><p><span style=\"font-size: 12pt;\">C\u2019est donc un endroit reconnu pour le surf, le kite surf ou de la planche \u00e0 voile (dans une moindre mesure)<\/span><\/p><p><span style=\"font-size: 12pt;\">Attention, la baignade sur les plages sauvages de\u00a0 la c\u00f4te sauvage peut \u00eatre dangereux, \u00e0 cause du courant et des ba\u00eenes.<\/span><\/p><h2 style=\"text-align: center;\"><a id=\"plages-estuaire\"><\/a><span style=\"color: #003366;\">4. plages de royan \u2013 les plages de l\u2019estuaire de la Gironde<\/span><\/h2><h3 style=\"text-align: center;\"><span style=\"color: #003366; font-size: 14pt;\">plages de royan \u2013 la plage des Nonnes a Meschers<\/span><\/h3><p><span style=\"font-size: 12pt;\"><a href=\"https:\/\/cparici.com\/fr\/plage-des-nonnes-meschers\/\"><span style=\"color: #003366;\"><strong>La plage des nonnes<\/strong> <\/span><\/a>est une des plages les plus connues de Meschers. Elle est situ\u00e9e entre la plage des Vergnes et la conche de Cadet, et comporte un centre de voile et deux bars-restaurants dont le fameux Bikki Beach, auparavant le Tina\u2019s Caf\u00e9. Vous y trouverez aussi des activit\u00e9s nautiques, avec le cercle nautique de Meschers.<\/span><\/p><p><span style=\"font-size: 12pt;\">Pr\u00e8s de la plage des Nonnes se trouvent la plage des Vergnes et la petite plage de l\u2019Arn\u00e8che, et la fameuse conche des Cadets, o\u00f9 la l\u00e9gende veut que Cadet, un pirate, attirait les bateaux qui venaient s\u2019\u00e9chouer sur les rochers, pour pouvoir ensuite les piller.<\/span><\/p><p><span style=\"font-size: 12pt;\">Non loin de la plage, vous pouvez visiter le centre-ville, organis\u00e9 autour de l\u2019\u00e9glise de Meschers, o\u00f9 se trouve la place du march\u00e9, quelques magasins, et restaurants, facilement accessibles \u00e0 pied. L\u2019endroit est fr\u00e9quent\u00e9 en haute saison.<\/span><\/p><p><span style=\"font-size: 12pt;\">De l\u2019\u00e9glise, il est facile de se rendre au port de Meschers, mais aussi aux falaises de Meschers pour d\u00e9couvrir les fameux carrelets. Non loin se trouvent la plage des Nonnes, la plage des Vergnes, et la petite plage de l\u2019Arn\u00e8che.<\/span><\/p><h3>La plage de l\u2019arn\u00e8che<\/h3><p class=\"Standard\"><span style=\"font-size: 12pt;\"><b>La Plage de l\u2019Arn\u00e8che<\/b> se situe tout pr\u00e8s de la route c\u00f4ti\u00e8re qui longe l\u2019estuaire de la Gironde entre Meschers et Sainte Georges. C\u2019est une toute petite crique, dont l\u2019acc\u00e8s n\u2019est pas tr\u00e8s facile.<\/span><\/p><p class=\"Standard\"><span style=\"font-size: 12pt;\">La plage est une petite plage de sable fin, situ\u00e9e dans une crique entour\u00e9e de la for\u00eat de des falaises rocheuses calcaires typiques des rives de l\u2019estuaire de la Gironde.<\/span><\/p><p class=\"Standard\"><span style=\"font-size: 12pt;\">Vous pouvez la trouver entre la plage des Vergnes et la plage de Suzac, \u00e0 l\u2019or\u00e9e de la for\u00eat de Suzac<\/span><\/p><p><span style=\"font-size: 12pt;\">Non loin de cette crique, se trouve la tr\u00e8s connue plage de Suzac, et si vous allez du c\u00f4t\u00e9 de Meschers, vous pourrez d\u00e9couvrir la plage des Nonnes et son fameux bikki beach, ainsi que et la <a href=\"https:\/\/cparici.com\/fr\/conche-de-cadet-a-meschers-sur-gironde\/\">conche de Cadet<\/a>,\u00a0 lit\u00e9ralement encercl\u00e9e par les hautes falaises.<\/span><\/p><p><span style=\"font-size: 12pt;\">L\u2019acc\u00e8s \u00e0 la plage est difficile, il peut se faire par un chemin escarp\u00e9 et il faudra ensuite descendre les marches pour atteindre la sable ou les rochers.<\/span><\/p><p style=\"text-align: center;\"><strong><span style=\"color: #003366;\">Photos de la plage des Nonnes a Meschers<\/span><\/strong><\/p><h2 style=\"text-align: center;\"><span style=\"color: #003366;\"><strong>Aux alentours des plages de Royan<\/strong><\/span><\/h2><h3>Le quartier de Pontaillac<\/h3><p>Pontaillac a Royan est un quartier de la ville de Royan, situ\u00e9 entre le centre-ville de Royan et la ville de Vaux Sur Mer. Dans le quartier vous trouverez la plage de Pontaillac a Royan , qui est connue pour \u00eatre une plage familiale o\u00f9 il est aussi possible de surfer. Il s\u2019agit d\u2019ailleurs d\u2019un des spots de surf les plus connus de Royan. Mais Pontaillac est aussi connu pour son casino, situ\u00e9 au milieu de la plage de Pontaillac a Royan, les pieds dans le sable. La promenade a \u00e9t\u00e9 r\u00e9habilit\u00e9e, et des bars et restaurants avec leurs terrasses sont id\u00e9alement situ\u00e9s en face de la plage.<\/p><h3>Saint Palais sur Mer<\/h3><p>St Palais Sur Mer est une jolie petite ville au bord de l\u2019eau, qui fait face au tr\u00e8s connu Phare de Cordouan, et id\u00e9alement situ\u00e9e entre Royan, Pontaillac, Vaux-Sur-Mer, d\u2019une part et La Tremblade, Ronce-les-Bains d\u2019autre part. De St Palais Sur Mer, vous pouvez facilement vous rendre sur les plages de la c\u00f4te sauvage, et profiter des plages \u2018nature\u2019, et des vagues de l\u2019Oc\u00e9an.<\/p><p>La ville de Saint Palais sur Mer se distingue par ses maisons typiques pr\u00e9serv\u00e9es pendant la seconde guerre mondiale, ainsi que ses quartiers tranquilles et arbor\u00e9s. Elle b\u00e9n\u00e9ficie d\u2019un petit centre-ville tr\u00e8s anim\u00e9 pendant la saison estivale, id\u00e9alement situ\u00e9 pr\u00e8s de la belle plage du bureau.<\/p><h3>Meschers sur Gironde<\/h3><p>La ville de Meschers se distingue par ses falaises magnifiques, ses grottes troglodytes, ses petites plages typiques, et son art de vivre en famille. Elle est la porte d\u2019entr\u00e9e de l\u2019estuaire de la Gironde en France, de la c\u00f4te de beaut\u00e9, proche de Royan, St Palais Sur Mer, et se situe id\u00e9alement \u00e0 quelques encablures de Talmont sur Gironde, et de Saint-Georges-de-Didonne.Vous pourrez profiter des petites plages encadr\u00e9es par les falaises, de son parc d\u2019attractions familial, de son petit march\u00e9 quotidien en \u00e9t\u00e9\u2026 Mais ne partez pas sans avoir fait le tour des carrelets, ces petites cabanes accroch\u00e9es \u00e0 la falaise et surplombant l\u2019estuaire de la Gironde, qui servaient autrefois \u00e0 la p\u00eache.<\/p><h3>Talmont Sur Gironde<\/h3><p>Talmont sur Gironde est un village situ\u00e9 sur la rive droite de l\u2019estuaire de la Gironde en France pr\u00e8s des villes de Meschers sur Gironde et St Georges de Didonne. Il est remarquable car situ\u00e9 sur une presqu\u2019\u00eele. C\u2019\u00e9tait auparavant une ville \u2018close\u2019, fortifi\u00e9e. Il est tr\u00e8s agr\u00e9able de se promener \u00e0 pied dans les petites ruelles bord\u00e9es de roses tr\u00e9mi\u00e8res.<\/p><p>Vous pourrez profiter de son petit port typique donnant sur la maison des douaniers, mais aussi de l\u2019Eglise Ste Radegonde qui domine l\u2019estuaire de la Gironde et son cimeti\u00e8re empli de roses tr\u00e9mi\u00e8res en saison.<\/p><p>Talmont sur Gironde est un lieu id\u00e9al pour des vacances reposantes, mais aussi comme point d\u00e9part pour visiter l\u2019estuaire de la Gironde, et ainsi d\u00e9couvrir les petits villages, comme Mortagne sur Gironde, ou bien m\u00eame aller jusqu\u2019\u00e0 la citadelle de Blaye.<\/p><h3>Saint Georges de Didonne<\/h3><p>St Georges de Didonne est une petite ville situ\u00e9e \u00e0 l\u2019embouchure de l\u2019estuaire de la Gironde entre les villes de Royan et Meschers sur Gironde, sur la c\u00f4te de beaut\u00e9. La ville est connue pour sa grande plage de sable fin, id\u00e9ale pour une journ\u00e9e en famille, la pointe de Suzac et la for\u00eat de Suzac, dans laquelle vous pourrez randonner, ou bien faire du VTT.<\/p><p>La pointe de Valli\u00e8res a une situation id\u00e9ale, entre la plage de St Georges de Didonne et la plage principale de Royan. Le centre de St Georges vous permettra de tout faire \u00e0 pied, des restaurants et bars autour de la place de l\u2019\u00e9glise, jusqu\u2019\u00e0 la plage et le centre nautique. Vers la route de Meschers, vous pourrez profiter pleinement de la for\u00eat et la pointe de Suzac, \u00e0 quelques minutes seulement de Meschers et ses plages typiques. Pr\u00e8s de la plage, entre le centre-ville et la route de Meschers, vous profiterez de ce quartier calme, constitu\u00e9 de maisons espac\u00e9es sous les pins, \u00e0 quelques minutes seulement de la plage.<\/p><h4>La pointe de Suzac<\/h4><p><strong>La pointe de Suzac<\/strong>\u00a0 est un cap rocheux situ\u00e9 \u00e0 l\u2019entr\u00e9e de l\u2019estuaire de la Gironde, entre la grande conche de St Georges de Didonne et la fameuse plage de Suzac, et fait face \u00e0 la pointe de Grave. Elle est situ\u00e9e \u00e0 la limite des communes de Saint Georges de Didonne et de Meschers sur Gironde.<\/p><p>Si vous vous y rendez, vous y verrez plusiuers<strong>\u00a0blockhaus<\/strong> qui ont \u00e9t\u00e9 \u00e9difi\u00e9s lors de la 2\u00e8me\u00a0 Guerre mondiale lors du contr\u00f4le des allemands sur l\u2019entr\u00e9e de l\u2019estuaire de la Gironde, et la r\u00e9gion de Royan, ce qui a \u00e9t\u00e9 appel\u00e9 la poche de Royan.<\/p>\t\t\t\t\t\t\t\t<\/div>\n\t\t\t\t\t<\/div>\n\t\t\t\t<\/div>\n\t\t<aside class=\"elementor-element elementor-element-4b92d244 e-flex e-con-boxed e-con e-parent\" data-id=\"4b92d244\" data-element_type=\"container\" data-e-type=\"container\" data-settings=\"{&quot;background_background&quot;:&quot;classic&quot;}\">\n\t\t\t\t\t<div class=\"e-con-inner\">\n\t\t\t\t<div class=\"elementor-element elementor-element-2e7494e5 elementor-widget elementor-widget-spacer\" data-id=\"2e7494e5\" data-element_type=\"widget\" data-e-type=\"widget\" data-widget_type=\"spacer.default\">\n\t\t\t\t\t\t\t<div class=\"elementor-spacer\">\n\t\t\t<div class=\"elementor-spacer-inner\"><\/div>\n\t\t<\/div>\n\t\t\t\t\t\t<\/div>\n\t\t\t\t<div class=\"elementor-element elementor-element-6113e710 elementor-widget elementor-widget-heading\" data-id=\"6113e710\" data-element_type=\"widget\" data-e-type=\"widget\" data-widget_type=\"heading.default\">\n\t\t\t\t\t<span class=\"elementor-heading-title elementor-size-default\">Explorez davantage<\/span>\t\t\t\t<\/div>\n\t\t\t\t<div class=\"elementor-element elementor-element-46fbb5ed elementor-grid-3 elementor-grid-tablet-2 elementor-grid-mobile-1 elementor-widget elementor-widget-loop-grid\" data-id=\"46fbb5ed\" data-element_type=\"widget\" data-e-type=\"widget\" data-settings=\"{&quot;template_id&quot;:&quot;44916&quot;,&quot;_skin&quot;:&quot;post&quot;,&quot;columns&quot;:&quot;3&quot;,&quot;columns_tablet&quot;:&quot;2&quot;,&quot;columns_mobile&quot;:&quot;1&quot;,&quot;edit_handle_selector&quot;:&quot;[data-elementor-type=\\&quot;loop-item\\&quot;]&quot;,&quot;row_gap&quot;:{&quot;unit&quot;:&quot;px&quot;,&quot;size&quot;:&quot;&quot;,&quot;sizes&quot;:[]},&quot;row_gap_tablet&quot;:{&quot;unit&quot;:&quot;px&quot;,&quot;size&quot;:&quot;&quot;,&quot;sizes&quot;:[]},&quot;row_gap_mobile&quot;:{&quot;unit&quot;:&quot;px&quot;,&quot;size&quot;:&quot;&quot;,&quot;sizes&quot;:[]}}\" data-widget_type=\"loop-grid.post\">\n\t\t\t\t<div class=\"elementor-widget-container\">\n\t\t\t\t\t\t\t<div class=\"elementor-loop-container elementor-grid\" role=\"list\">\n\t\t<style id=\"loop-44916\">.elementor-44916 .elementor-element.elementor-element-da96272{--display:flex;--flex-direction:column;--container-widget-width:100%;--container-widget-height:initial;--container-widget-flex-grow:0;--container-widget-align-self:initial;--flex-wrap-mobile:wrap;}.elementor-widget-theme-post-featured-image .widget-image-caption{font-family:var( --e-global-typography-text-font-family ), Sans-serif;font-size:var( --e-global-typography-text-font-size );font-weight:var( --e-global-typography-text-font-weight );}.elementor-44916 .elementor-element.elementor-element-42d2d4d img{height:314px;object-fit:cover;object-position:center center;opacity:0.9;border-radius:35px 35px 35px 35px;}.elementor-widget-theme-post-title .elementor-heading-title{font-family:var( --e-global-typography-primary-font-family ), Sans-serif;font-size:var( --e-global-typography-primary-font-size );font-weight:var( --e-global-typography-primary-font-weight );}.elementor-44916 .elementor-element.elementor-element-8374803{text-align:center;}.elementor-44916 .elementor-element.elementor-element-8374803 .elementor-heading-title{font-family:\"Roboto\", Sans-serif;font-size:18px;font-weight:600;color:#222222;}.elementor-widget-button .elementor-button{font-family:var( --e-global-typography-accent-font-family ), Sans-serif;font-weight:var( --e-global-typography-accent-font-weight );}.elementor-44916 .elementor-element.elementor-element-d41992a .elementor-button{background-color:var( --e-global-color-ed6e59d );}.elementor-44916 .elementor-element.elementor-element-ed3a069{--display:flex;}@media(max-width:1024px){.elementor-widget-theme-post-featured-image .widget-image-caption{font-size:var( --e-global-typography-text-font-size );}.elementor-widget-theme-post-title .elementor-heading-title{font-size:var( --e-global-typography-primary-font-size );}}@media(max-width:767px){.elementor-widget-theme-post-featured-image .widget-image-caption{font-size:var( --e-global-typography-text-font-size );}.elementor-widget-theme-post-title .elementor-heading-title{font-size:var( --e-global-typography-primary-font-size );}}<\/style>\t\t<div data-elementor-type=\"loop-item\" data-elementor-id=\"44916\" class=\"elementor elementor-44916 e-loop-item e-loop-item-43015 post-43015 post type-post status-publish format-standard has-post-thumbnail hentry category-france category-charente-maritime category-cote-de-beaute-royan category-poitou-charentes category-royan tag-gites tag-hebergement tag-location-vacances\" data-elementor-post-type=\"elementor_library\" data-custom-edit-handle=\"1\">\n\t\t\t<div class=\"elementor-element elementor-element-da96272 e-flex e-con-boxed e-con e-parent\" data-id=\"da96272\" data-element_type=\"container\" data-e-type=\"container\">\n\t\t\t\t\t<div class=\"e-con-inner\">\n\t\t\t\t<div class=\"elementor-element elementor-element-42d2d4d elementor-widget elementor-widget-theme-post-featured-image elementor-widget-image\" data-id=\"42d2d4d\" data-element_type=\"widget\" data-e-type=\"widget\" data-widget_type=\"theme-post-featured-image.default\">\n\t\t\t\t\t\t\t\t\t\t\t\t\t\t\t<img decoding=\"async\" width=\"760\" height=\"360\" src=\"https:\/\/cparici.com\/wp-content\/uploads\/2024\/09\/location-saisonniere-royan-plage-1024x485.jpg\" class=\"attachment-large size-large wp-image-43024\" alt=\"location vacances royan\" srcset=\"https:\/\/cparici.com\/wp-content\/uploads\/2024\/09\/location-saisonniere-royan-plage-1024x485.jpg 1024w, https:\/\/cparici.com\/wp-content\/uploads\/2024\/09\/location-saisonniere-royan-plage-600x284.jpg 600w, https:\/\/cparici.com\/wp-content\/uploads\/2024\/09\/location-saisonniere-royan-plage-300x142.jpg 300w, https:\/\/cparici.com\/wp-content\/uploads\/2024\/09\/location-saisonniere-royan-plage-768x363.jpg 768w, https:\/\/cparici.com\/wp-content\/uploads\/2024\/09\/location-saisonniere-royan-plage-1536x727.jpg 1536w, https:\/\/cparici.com\/wp-content\/uploads\/2024\/09\/location-saisonniere-royan-plage.jpg 1701w\" sizes=\"(max-width: 760px) 100vw, 760px\" \/>\t\t\t\t\t\t\t\t\t\t\t\t\t\t\t<\/div>\n\t\t\t\t<div class=\"elementor-element elementor-element-8374803 elementor-widget elementor-widget-theme-post-title elementor-page-title elementor-widget-heading\" data-id=\"8374803\" data-element_type=\"widget\" data-e-type=\"widget\" data-widget_type=\"theme-post-title.default\">\n\t\t\t\t\t<p class=\"elementor-heading-title elementor-size-default\">Location vacances Royan \u2013 trouvez votre s\u00e9jour id\u00e9al<\/p>\t\t\t\t<\/div>\n\t\t\t\t<div class=\"elementor-element elementor-element-d41992a elementor-align-center elementor-widget elementor-widget-button\" data-id=\"d41992a\" data-element_type=\"widget\" data-e-type=\"widget\" data-widget_type=\"button.default\">\n\t\t\t\t\t\t\t\t\t\t<a class=\"elementor-button elementor-button-link elementor-size-sm\" href=\"https:\/\/cparici.com\/fr\/location-vacances-royan-trouvez-votre-sejour-ideal\/\">\n\t\t\t\t\t\t<span class=\"elementor-button-content-wrapper\">\n\t\t\t\t\t\t\t\t\t<span class=\"elementor-button-text\">En savoir plus !<\/span>\n\t\t\t\t\t<\/span>\n\t\t\t\t\t<\/a>\n\t\t\t\t\t\t\t\t<\/div>\n\t\t\t\t\t<\/div>\n\t\t\t\t<\/div>\n\t\t<div class=\"elementor-element elementor-element-ed3a069 e-flex e-con-boxed e-con e-parent\" data-id=\"ed3a069\" data-element_type=\"container\" data-e-type=\"container\">\n\t\t\t\t\t<div class=\"e-con-inner\">\n\t\t\t\t\t<\/div>\n\t\t\t\t<\/div>\n\t\t\t\t<\/div>\n\t\t\t\t<div data-elementor-type=\"loop-item\" data-elementor-id=\"44916\" class=\"elementor elementor-44916 e-loop-item e-loop-item-17064 post-17064 post type-post status-publish format-standard has-post-thumbnail hentry category-arts category-charente-maritime category-cote-de-beaute-royan category-france category-musees category-poitou-charentes\" data-elementor-post-type=\"elementor_library\" data-custom-edit-handle=\"1\">\n\t\t\t<div class=\"elementor-element elementor-element-da96272 e-flex e-con-boxed e-con e-parent\" data-id=\"da96272\" data-element_type=\"container\" data-e-type=\"container\">\n\t\t\t\t\t<div class=\"e-con-inner\">\n\t\t\t\t<div class=\"elementor-element elementor-element-42d2d4d elementor-widget elementor-widget-theme-post-featured-image elementor-widget-image\" data-id=\"42d2d4d\" data-element_type=\"widget\" data-e-type=\"widget\" data-widget_type=\"theme-post-featured-image.default\">\n\t\t\t\t\t\t\t\t\t\t\t\t\t\t\t<img decoding=\"async\" width=\"760\" height=\"760\" src=\"https:\/\/cparici.com\/wp-content\/uploads\/2020\/11\/st-palais-sur-mer-5-1024x1024.jpg\" class=\"attachment-large size-large wp-image-11087\" alt=\"maison des douanes a royan - la c\u00f4te proche a st Palais sur mer\" srcset=\"https:\/\/cparici.com\/wp-content\/uploads\/2020\/11\/st-palais-sur-mer-5-1024x1024.jpg 1024w, https:\/\/cparici.com\/wp-content\/uploads\/2020\/11\/st-palais-sur-mer-5-300x300.jpg 300w, https:\/\/cparici.com\/wp-content\/uploads\/2020\/11\/st-palais-sur-mer-5-100x100.jpg 100w, https:\/\/cparici.com\/wp-content\/uploads\/2020\/11\/st-palais-sur-mer-5-150x150.jpg 150w, https:\/\/cparici.com\/wp-content\/uploads\/2020\/11\/st-palais-sur-mer-5-1536x1536.jpg 1536w, https:\/\/cparici.com\/wp-content\/uploads\/2020\/11\/st-palais-sur-mer-5-2048x2048.jpg 2048w\" sizes=\"(max-width: 760px) 100vw, 760px\" \/>\t\t\t\t\t\t\t\t\t\t\t\t\t\t\t<\/div>\n\t\t\t\t<div class=\"elementor-element elementor-element-8374803 elementor-widget elementor-widget-theme-post-title elementor-page-title elementor-widget-heading\" data-id=\"8374803\" data-element_type=\"widget\" data-e-type=\"widget\" data-widget_type=\"theme-post-title.default\">\n\t\t\t\t\t<p class=\"elementor-heading-title elementor-size-default\">Maison des douanes \u00e0 Royan \u2013 d\u00e9couvrez l\u2019art en bord de mer<\/p>\t\t\t\t<\/div>\n\t\t\t\t<div class=\"elementor-element elementor-element-d41992a elementor-align-center elementor-widget elementor-widget-button\" data-id=\"d41992a\" data-element_type=\"widget\" data-e-type=\"widget\" data-widget_type=\"button.default\">\n\t\t\t\t\t\t\t\t\t\t<a class=\"elementor-button elementor-button-link elementor-size-sm\" href=\"https:\/\/cparici.com\/fr\/maison-des-douanes-a-royan-decouvrez-lart-en-bord-de-mer\/\">\n\t\t\t\t\t\t<span class=\"elementor-button-content-wrapper\">\n\t\t\t\t\t\t\t\t\t<span class=\"elementor-button-text\">En savoir plus !<\/span>\n\t\t\t\t\t<\/span>\n\t\t\t\t\t<\/a>\n\t\t\t\t\t\t\t\t<\/div>\n\t\t\t\t\t<\/div>\n\t\t\t\t<\/div>\n\t\t<div class=\"elementor-element elementor-element-ed3a069 e-flex e-con-boxed e-con e-parent\" data-id=\"ed3a069\" data-element_type=\"container\" data-e-type=\"container\">\n\t\t\t\t\t<div class=\"e-con-inner\">\n\t\t\t\t\t<\/div>\n\t\t\t\t<\/div>\n\t\t\t\t<\/div>\n\t\t\t\t<div data-elementor-type=\"loop-item\" data-elementor-id=\"44916\" class=\"elementor elementor-44916 e-loop-item e-loop-item-17013 post-17013 post type-post status-publish format-standard has-post-thumbnail hentry category-cote-de-beaute-royan category-charente-maritime category-france category-poitou-charentes\" data-elementor-post-type=\"elementor_library\" data-custom-edit-handle=\"1\">\n\t\t\t<div class=\"elementor-element elementor-element-da96272 e-flex e-con-boxed e-con e-parent\" data-id=\"da96272\" data-element_type=\"container\" data-e-type=\"container\">\n\t\t\t\t\t<div class=\"e-con-inner\">\n\t\t\t\t<div class=\"elementor-element elementor-element-42d2d4d elementor-widget elementor-widget-theme-post-featured-image elementor-widget-image\" data-id=\"42d2d4d\" data-element_type=\"widget\" data-e-type=\"widget\" data-widget_type=\"theme-post-featured-image.default\">\n\t\t\t\t\t\t\t\t\t\t\t\t\t\t\t<img decoding=\"async\" width=\"760\" height=\"506\" src=\"https:\/\/cparici.com\/wp-content\/uploads\/2024\/04\/le-parc-loclilala.jpg\" class=\"attachment-large size-large wp-image-17015\" alt=\"c\u00f4te de beaut\u00e9 a royan\" srcset=\"https:\/\/cparici.com\/wp-content\/uploads\/2024\/04\/le-parc-loclilala.jpg 800w, https:\/\/cparici.com\/wp-content\/uploads\/2024\/04\/le-parc-loclilala-600x400.jpg 600w, https:\/\/cparici.com\/wp-content\/uploads\/2024\/04\/le-parc-loclilala-300x200.jpg 300w, https:\/\/cparici.com\/wp-content\/uploads\/2024\/04\/le-parc-loclilala-768x512.jpg 768w, https:\/\/cparici.com\/wp-content\/uploads\/2024\/04\/le-parc-loclilala-240x160.jpg 240w\" sizes=\"(max-width: 760px) 100vw, 760px\" \/>\t\t\t\t\t\t\t\t\t\t\t\t\t\t\t<\/div>\n\t\t\t\t<div class=\"elementor-element elementor-element-8374803 elementor-widget elementor-widget-theme-post-title elementor-page-title elementor-widget-heading\" data-id=\"8374803\" data-element_type=\"widget\" data-e-type=\"widget\" data-widget_type=\"theme-post-title.default\">\n\t\t\t\t\t<p class=\"elementor-heading-title elementor-size-default\">C\u00f4te de beaut\u00e9 \u2013 guide complet<\/p>\t\t\t\t<\/div>\n\t\t\t\t<div class=\"elementor-element elementor-element-d41992a elementor-align-center elementor-widget elementor-widget-button\" data-id=\"d41992a\" data-element_type=\"widget\" data-e-type=\"widget\" data-widget_type=\"button.default\">\n\t\t\t\t\t\t\t\t\t\t<a class=\"elementor-button elementor-button-link elementor-size-sm\" href=\"https:\/\/cparici.com\/fr\/cote-de-beaute-a-royan-guide-complet\/\">\n\t\t\t\t\t\t<span class=\"elementor-button-content-wrapper\">\n\t\t\t\t\t\t\t\t\t<span class=\"elementor-button-text\">En savoir plus !<\/span>\n\t\t\t\t\t<\/span>\n\t\t\t\t\t<\/a>\n\t\t\t\t\t\t\t\t<\/div>\n\t\t\t\t\t<\/div>\n\t\t\t\t<\/div>\n\t\t<div class=\"elementor-element elementor-element-ed3a069 e-flex e-con-boxed e-con e-parent\" data-id=\"ed3a069\" data-element_type=\"container\" data-e-type=\"container\">\n\t\t\t\t\t<div class=\"e-con-inner\">\n\t\t\t\t\t<\/div>\n\t\t\t\t<\/div>\n\t\t\t\t<\/div>\n\t\t\t\t<\/div>\n\t\t\n\t\t\t\t\t\t<\/div>\n\t\t\t\t<\/div>\n\t\t\t\t\t<\/div>\n\t\t\t\t<\/aside>\n\t\t\t\t<\/div>\n\t\t","protected":false},"excerpt":{"rendered":"<p>Les plages de Royan c\u00f4te de beaut\u00e9 sont situ\u00e9es en Charente maritime, sur l&#8217;Oc\u00e9an atlantique. Ce sont pour la plupart des plages de sable fin familiales.<\/p>\n","protected":false},"author":1,"featured_media":14180,"comment_status":"closed","ping_status":"closed","sticky":false,"template":"","format":"standard","meta":{"ngg_post_thumbnail":0,"footnotes":""},"categories":[161,461,300,165,460],"tags":[191,312,307,242,414,336,159,415],"class_list":["post-14174","post","type-post","status-publish","format-standard","has-post-thumbnail","hentry","category-famille","category-charente-maritime","category-loisirs","category-plages","category-royan","tag-charente-maritime","tag-cote-de-beaute","tag-estuaire-de-la-gironde","tag-plages","tag-plages-de-royan","tag-plages-royan","tag-royan","tag-royan-plage"],"_links":{"self":[{"href":"https:\/\/cparici.com\/fr\/wp-json\/wp\/v2\/posts\/14174","targetHints":{"allow":["GET"]}}],"collection":[{"href":"https:\/\/cparici.com\/fr\/wp-json\/wp\/v2\/posts"}],"about":[{"href":"https:\/\/cparici.com\/fr\/wp-json\/wp\/v2\/types\/post"}],"author":[{"embeddable":true,"href":"https:\/\/cparici.com\/fr\/wp-json\/wp\/v2\/users\/1"}],"replies":[{"embeddable":true,"href":"https:\/\/cparici.com\/fr\/wp-json\/wp\/v2\/comments?post=14174"}],"version-history":[{"count":0,"href":"https:\/\/cparici.com\/fr\/wp-json\/wp\/v2\/posts\/14174\/revisions"}],"wp:featuredmedia":[{"embeddable":true,"href":"https:\/\/cparici.com\/fr\/wp-json\/wp\/v2\/media\/14180"}],"wp:attachment":[{"href":"https:\/\/cparici.com\/fr\/wp-json\/wp\/v2\/media?parent=14174"}],"wp:term":[{"taxonomy":"category","embeddable":true,"href":"https:\/\/cparici.com\/fr\/wp-json\/wp\/v2\/categories?post=14174"},{"taxonomy":"post_tag","embeddable":true,"href":"https:\/\/cparici.com\/fr\/wp-json\/wp\/v2\/tags?post=14174"}],"curies":[{"name":"wp","href":"https:\/\/api.w.org\/{rel}","templated":true}]}}