{"id":14820,"date":"2022-09-06T08:01:07","date_gmt":"2022-09-06T08:01:07","guid":{"rendered":"https:\/\/cparici.com\/?p=14820"},"modified":"2026-03-26T14:27:55","modified_gmt":"2026-03-26T13:27:55","slug":"plage-de-port-manech-a-nevez-en-finistere","status":"publish","type":"post","link":"https:\/\/cparici.com\/fr\/plage-de-port-manech-a-nevez-en-finistere\/","title":{"rendered":"Plage de Port Manec&#8217;h \u00e0 N\u00e9vez en Finist\u00e8re"},"content":{"rendered":"\t\t<div data-elementor-type=\"wp-post\" data-elementor-id=\"14820\" class=\"elementor elementor-14820\" data-elementor-post-type=\"post\">\n\t\t\t\t<div class=\"elementor-element elementor-element-cb8f78c e-con-full e-flex e-con e-parent\" data-id=\"cb8f78c\" data-element_type=\"container\" data-e-type=\"container\">\n\t\t\t\t<div class=\"elementor-element elementor-element-2fd5782 elementor-widget elementor-widget-image\" data-id=\"2fd5782\" data-element_type=\"widget\" data-e-type=\"widget\" data-widget_type=\"image.default\">\n\t\t\t\t\t\t\t\t\t\t\t\t\t\t\t<img decoding=\"async\" width=\"1520\" height=\"421\" src=\"https:\/\/cparici.com\/wp-content\/uploads\/2022\/09\/plage-de-port-manech-a-nevez-en-finistere-banniere.jpg\" class=\"attachment-full size-full wp-image-14823\" alt=\"plage de port manech a n\u00e9vez en finist\u00e8re\" srcset=\"https:\/\/cparici.com\/wp-content\/uploads\/2022\/09\/plage-de-port-manech-a-nevez-en-finistere-banniere.jpg 1520w, https:\/\/cparici.com\/wp-content\/uploads\/2022\/09\/plage-de-port-manech-a-nevez-en-finistere-banniere-600x166.jpg 600w, https:\/\/cparici.com\/wp-content\/uploads\/2022\/09\/plage-de-port-manech-a-nevez-en-finistere-banniere-768x212.jpg 768w\" sizes=\"(max-width: 1520px) 100vw, 1520px\" \/>\t\t\t\t\t\t\t\t\t\t\t\t\t\t\t<\/div>\n\t\t\t\t<\/div>\n\t\t<aside class=\"elementor-element elementor-element-5da1656 e-flex e-con-boxed e-con e-parent\" data-id=\"5da1656\" data-element_type=\"container\" data-e-type=\"container\">\n\t\t\t\t\t<div class=\"e-con-inner\">\n\t\t\t\t<div class=\"elementor-element elementor-element-2110b20 elementor-widget elementor-widget-global elementor-global-62046 elementor-widget-eael-advanced-search\" data-id=\"2110b20\" data-element_type=\"widget\" data-e-type=\"widget\" data-widget_type=\"eael-advanced-search.default\">\n\t\t\t\t\t        <div class=\"eael-adv-search-wrapper\">\n            <div id=\"eael-advanced-search-widget-2110b20\" class=\"eael-advanced-search-widget\">\n                <form data-settings=\"{&quot;post_per_page&quot;:5,&quot;search_among_taxonomies&quot;:&quot;&quot;,&quot;search_among_sku&quot;:&quot;no&quot;,&quot;show_popular_keyword&quot;:0,&quot;show_category&quot;:0,&quot;show_content_image&quot;:1,&quot;show_search_result_all_results&quot;:0,&quot;result_on_new_tab&quot;:&quot;no&quot;,&quot;show_product_price&quot;:&quot;no&quot;,&quot;include_current_page&quot;:&quot;no&quot;,&quot;current_post_id&quot;:14820,&quot;post_type&quot;:[&quot;post&quot;,&quot;listing&quot;]}\" method=\"POST\" name=\"eael-advanced-search-form-2110b20\" class=\"eael-advanced-search-form eael-advanced-search-form-style-2\">\n                    <div class=\"eael-advanced-search-wrap\">\n                        <span class=\"eael-adv-search-loader\"><\/span>\n                        <span class=\"eael-adv-search-close\"><i class=\"fas fa-times\"><\/i><\/span>\n                        <span class=\"icon \"><i class=\"fas fa-search\"><\/i><\/span>\n\n                        <input type=\"text\"\n                               placeholder=\"Votre destination\"\n                               class=\"eael-advanced-search\" autocomplete=\"off\" name=\"eael_advanced_search\">\n                    <\/div>\n\t\t\t\t\t                                    <\/form>\n\n\t\t\t\t\n\t\t\t\t        <div class=\"eael-advanced-search-result\">\n            <div class=\"eael-advanced-search-popular-keyword\">\n\t\t\t\t<h4 class=\"eael-advanced-search-popular-keyword-text\">Recherches populaires<\/h4>                <div class=\"eael-popular-keyword-content\"><\/div>\n            <\/div>\n            <div class=\"eael-advanced-search-category\">\n\t\t\t\t<h4 class=\"eael-advanced-search-category-text\">Categories<\/h4>                <div class=\"eael-popular-category-content\"><\/div>\n            <\/div>\n\t\t\t<div class=\"eael-advanced-search-total-results-section\">\n\t\t\t\t\t\t\t<\/div>\n            <div class=\"eael-advanced-search-content eael-item-style-3\">\n            <\/div>\n            <div class=\"eael-advanced-search-not-found\">\n                <p>Pas de r\u00e9sultats<\/p><\/div>\n            <div class=\"eael-advanced-search-load-more\">\n\t\t\t\t<a \tclass=\"eael-advanced-search-load-more-button\"\n                \thref=\"#\">Voir tous les r\u00e9sultats<\/a>\n            <\/div>\n        <\/div>\n\n\t\t            <\/div>\n        <\/div>\n\n\t\t\t\t\t\t<\/div>\n\t\t\t\t\t<\/div>\n\t\t\t\t<\/aside>\n\t\t<div class=\"elementor-element elementor-element-3bdb7ad5 e-flex e-con-boxed e-con e-parent\" data-id=\"3bdb7ad5\" data-element_type=\"container\" data-e-type=\"container\">\n\t\t\t\t\t<div class=\"e-con-inner\">\n\t\t\t\t<div class=\"elementor-element elementor-element-7e402660 elementor-widget elementor-widget-text-editor\" data-id=\"7e402660\" data-element_type=\"widget\" data-e-type=\"widget\" data-widget_type=\"text-editor.default\">\n\t\t\t\t\t\t\t\t\t<h1 style=\"text-align: center;\"><span style=\"font-size: 18pt; color: #003366;\">Plage de Port Manec\u2019h<\/span><\/h1><h2 style=\"text-align: center;\"><span style=\"font-size: 14pt; color: #003366;\">D\u00e9couvrez la Plage de Port Manec\u2019h \u00e0 Nevez dans le finist\u00e8re<\/span><\/h2><p><span style=\"font-size: 12pt;\"><span style=\"color: #003366;\"><strong>La plage de Port Manec\u2019h \u00e0 N\u00e9vez dans le finist\u00e8re<\/strong><\/span>\u00a0 est situ\u00e9e\u00a0 dans le Finisit\u00e8re <a href=\"https:\/\/cparici.com\/fr\/bretagne-nevez\/\">sur la commune de N\u00e9vez,\u00a0en Bretagne sud<\/a>, entre les communes de\u00a0Tr\u00e9gunc et Pont-Aven, et pas tr\u00e8s loin de la ville de Concarneau. Elle se situe dans le bas du village de Port Manec\u2019h, \u00e0 l\u2019embouchure de l\u2019Aven.<\/span><\/p><p><span style=\"font-size: 12pt;\">L\u2019illustre peintre Gauguin a v\u00e9cu \u00e0 Pont-Aven, et effectu\u00e9 des s\u00e9jours \u00e0 Port Manec\u2019h pour \u2018peindre\u2019 des sc\u00e8nes de vie.<\/span><\/p><h2><span style=\"font-size: 14pt;\">Que faire \u00e0 la plage de Port Manec\u2019h?<\/span><\/h2><p><span style=\"font-size: 12pt;\">La plage de Port Manec\u2019h est une des plus belles plages de la commune de N\u00e9vez, avec celles de <a href=\"https:\/\/cparici.com\/fr\/plage-de-tahiti-raguenez-a-nevez-en-finistere\/\">Tahiti-Ragu\u00e9nez<\/a>, ou encore celle de <a href=\"https:\/\/cparici.com\/fr\/plage-de-rospico-a-nevez-finistere\/\">Rospico<\/a>. Il s\u2019agit d\u2019une plage anim\u00e9e et qui satisfaira tous les membres de la famille: voile, \u00a0partie de p\u00eache, Kayak, bain de soleil\u2026 Vos enfants pourront aussi\u00a0 s\u2019amuser dans le sable, jouer au ballon, etc\u2026 La plage s\u2019\u00e9tend sur un peu plus de 100 m, et en pleine saison, avec un beau temps, il peut-\u00eatre difficile de trouver de la place pour tout le monde.<\/span><\/p><h2><span style=\"font-size: 14pt;\">Comment acc\u00e9der \u00e0 la page de Port Manec\u2019h?<\/span><\/h2><p><span style=\"font-size: 12pt;\">Vous pouvez y acc\u00e9der facilement depuis la ville de N\u00e9vez, en traversant le village de Port Manech en v\u00e9lo, \u00e0 pied, ou en voiture. La plage n\u2019est pas tr\u00e8s loin du village de Kerdruc, ou de la plage de Rospico. Vous pouvez donc vous y rendre \u00e0 pied, en v\u00e9lo, en bus, en taxi, ou en voiture.<\/span><\/p><p><span style=\"font-size: 12pt;\">Vous pouvez aussi vous y rendre en quelques minutes depuis le village de Pont-Aven, en longeant l\u2019Aven.<\/span><\/p><h3>\u00a0<\/h3>\t\t\t\t\t\t\t\t<\/div>\n\t\t\t\t\t<\/div>\n\t\t\t\t<\/div>\n\t\t<aside class=\"elementor-element elementor-element-7940703d e-flex e-con-boxed e-con e-parent\" data-id=\"7940703d\" data-element_type=\"container\" data-e-type=\"container\" data-settings=\"{&quot;background_background&quot;:&quot;classic&quot;}\">\n\t\t\t\t\t<div class=\"e-con-inner\">\n\t\t\t\t<div class=\"elementor-element elementor-element-3455884f elementor-widget elementor-widget-spacer\" data-id=\"3455884f\" data-element_type=\"widget\" data-e-type=\"widget\" data-widget_type=\"spacer.default\">\n\t\t\t\t\t\t\t<div class=\"elementor-spacer\">\n\t\t\t<div class=\"elementor-spacer-inner\"><\/div>\n\t\t<\/div>\n\t\t\t\t\t\t<\/div>\n\t\t\t\t<div class=\"elementor-element elementor-element-7144f049 elementor-widget elementor-widget-heading\" data-id=\"7144f049\" data-element_type=\"widget\" data-e-type=\"widget\" data-widget_type=\"heading.default\">\n\t\t\t\t\t<h2 class=\"elementor-heading-title elementor-size-default\">H\u00e9bergements de Vacances N\u00e9vez en direct<\/h2>\t\t\t\t<\/div>\n\t\t\t\t<div class=\"elementor-element elementor-element-1df1e0d6 elementor-widget elementor-widget-listeo-listings-carousel\" data-id=\"1df1e0d6\" data-element_type=\"widget\" data-e-type=\"widget\" data-widget_type=\"listeo-listings-carousel.default\">\n\t\t\t\t<div class=\"elementor-widget-container\">\n\t\t\t\t\t        <!-- Carousel \/ Start -->\n        \t<div class=\"simple-slick-carousel dots-nav\" data-slick='{&quot;autoplay&quot;:true,&quot;autoplaySpeed&quot;:3000,&quot;slidesToShow&quot;:3,&quot;slidesToScroll&quot;:1,&quot;responsive&quot;:[{&quot;breakpoint&quot;:1024,&quot;settings&quot;:{&quot;slidesToShow&quot;:2,&quot;slidesToScroll&quot;:1}},{&quot;breakpoint&quot;:768,&quot;settings&quot;:{&quot;slidesToShow&quot;:1,&quot;slidesToScroll&quot;:1}}]}'>\n                            <div class=\"fw-carousel-item\">                    \n                        <!-- Listing Item -->\r\n            <div class=\"col-lg-6 col-md-12\">\r\n                <a href=\"https:\/\/cparici.com\/fr\/annonce\/le-rospico-appartement-vue-mer-nevez\/\"  class=\"listing-item-container listing-geo-data compact\" \r\n\t\tdata-title=\"Le Rospico, Appartement Vue Mer N\u00e9vez\"\r\n\t\tdata-listing-type=\"rental\"\r\n\t\tdata-classifieds-price=\"\u20ac\"\r\n\t\tdata-friendly-address=\"Plage de Rospico, N\u00e9vez\"\r\n\t\tdata-address=\"Plage de Rospico, N\u00e9vez\"\r\n\t\tdata-image=\"https:\/\/cparici.com\/wp-content\/uploads\/2026\/03\/anse-de-rospico-520x397.jpg\"\r\n\t\tdata-longitude=\"-3.765314324812224\"\r\n\t\tdata-latitude=\"47.79152794554884\"\r\n\t\t\t\t\tdata-rating=\"0\"\r\n\t\t\tdata-reviews=\"0\"\r\n\t\t\t\tdata-icon=\"<svg xmlns=&quot;http:\/\/www.w3.org\/2000\/svg&quot; width=&quot;800px&quot; height=&quot;800px&quot; viewBox=&quot;0 0 45 45&quot; fill=&quot;none&quot;>\n<path d=&quot;M24.155 8.78099L24.33 8.94499L37.402 21.787L36 23.213L34.2 21.445L34.201 35C34.201 36.054 33.385 36.918 32.35 36.994L32.201 37H12.201C11.147 37 10.283 36.184 10.206 35.149L10.201 35L10.2 21.446L8.402 23.213L7 21.787L20.058 8.95799C21.171 7.82199 22.966 7.75899 24.155 8.78099ZM21.569 10.285L21.473 10.372L12.2 19.481L12.201 35L17.2 34.999L17.201 25C17.201 23.946 18.017 23.082 19.052 23.005L19.201 23H25.201C26.255 23 27.119 23.816 27.196 24.851L27.201 25L27.2 34.999L32.201 35L32.2 19.48L22.901 10.344C22.537 9.98699 21.969 9.96499 21.569 10.285ZM25.201 25H19.201L19.2 34.999H25.2L25.201 25Z&quot; fill=&quot;#3C3C3C&quot;\/>\n<\/svg>\"\r\n\r\n\t>\r\n            <div class=\"listing-item  \">\r\n                <div class=\"listing-small-badges-container\">\r\n                                                                <div class=\"listing-small-badge pricing-badge\"><i class=\"fa fa-tag\"><\/i>160,00\u20ac - 0,00\u20ac<\/div>\r\n                                                            \r\n                                        \r\n                                        \r\n                <\/div>\r\n                <img decoding=\"async\" src=\"https:\/\/cparici.com\/wp-content\/uploads\/2026\/03\/anse-de-rospico-520x397.jpg\" alt=\"Le Rospico, Appartement Vue Mer N\u00e9vez\" class=\"listing-thumbnail\">\r\n                \r\n\r\n                <div class=\"listing-item-content\">\r\n                    \r\n                    <h3> Le Rospico, Appartement Vue Mer N\u00e9vez <\/h3>\r\n                    <span>Plage de Rospico, N\u00e9vez<\/span>\r\n                <\/div>\r\n                                        <span class=\"save like-icon tooltip left\" title=\"Connexion pour marquer des \u00e9l\u00e9ments\"><\/span>\r\n                                                <\/div>\r\n        <\/a>\r\n                    <\/div>\r\n        \r\n\r\n        <!-- Listing Item \/ End -->\n                    <\/div>\n                          <\/div>\n        \t\t\t\t<\/div>\n\t\t\t\t<\/div>\n\t\t\t\t\t<\/div>\n\t\t\t\t<\/aside>\n\t\t<div class=\"elementor-element elementor-element-e72d93c e-con-full e-flex e-con e-parent\" data-id=\"e72d93c\" data-element_type=\"container\" data-e-type=\"container\">\n\t\t\t\t<div class=\"elementor-element elementor-element-7f8bfa3 elementor-widget elementor-widget-text-editor\" data-id=\"7f8bfa3\" data-element_type=\"widget\" data-e-type=\"widget\" data-widget_type=\"text-editor.default\">\n\t\t\t\t\t\t\t\t\t<h2 style=\"text-align: left;\"><span style=\"font-family: Raleway; font-size: 24px; font-weight: normal; text-align: start;\">O\u00f9 se stationner pr\u00e8s de la plage de Port Manec\u2019h?<\/span><\/h2><p><span style=\"font-size: 12pt;\">Le stationnement en saison n\u2019est pas facile. Vous pouvez vous stationner sur le parking situ\u00e9 rue de la plage, pr\u00e8s de la chapelle Saint Nicolas, le stationnement est gratuit.<\/span><\/p><p><span style=\"font-size: 12pt;\">Vous pouvez aussi vous garer sur les places de parking\u00a0 situ\u00e9es sur la petite route qui longe la plage, le parking est gratuit, mais il n\u2019y a que quelques places de parking.<\/span><\/p><h3>Quelle est la longueur de la plage de Port Manec\u2019h?<\/h3><p><span style=\"font-size: 12pt;\">La plage de Tahiti- Ragu\u00e9nez mesure un peu plus de 100 m\u00e8tres, et la vue est \u00e0 couper le souffle en cas de beau temps. Vous pouvez y voir les rochers affleurer la surface de l\u2019eau, l\u2019embouchure de l\u2019Aven, et m\u00eame l\u2019embouchure du Belon.<\/span><\/p><p><span style=\"font-size: 12pt;\">La proximit\u00e9 avec le port de Port Manec\u2019h, donne aussi une jolie vue, sans compter les maisons et le magnifique manoir Dalmore dominant toute la baie.<\/span><\/p><h2><span style=\"font-size: 14pt;\">Ce qui fait le charme de la plage de Port Manec\u2019h \u00e0 N\u00e9vez dans le finist\u00e8re<\/span><\/h2><p><span style=\"font-size: 12pt;\">Port Manec\u2019h est une petite plage de sable fin, mais qui est tr\u00e8s anim\u00e9e en saison, surtout du 15 juillet au 15 aout. Cela dit, l\u2019ambiance reste familiale.<\/span><\/p><p><span style=\"font-size: 12pt;\">De plus, la plage est accessible assez facilement depuis le cor du Pouldon, qui longe celle-ci. <\/span><\/p><p><span style=\"font-size: 12pt;\">La plage de Port Manec\u2019h est connue pour ses cabines de plages et dispose de centres de voile, comme \u00e0 la plage de Kersidan, ou bien\u00a0 celle de Dourvei, o\u00f9 vous trouverez m\u00eame une \u00e9cole de surf.<\/span><\/p><p><span style=\"font-size: 12pt;\">L\u2019eau est souvent claire, et la mer calme. Il est bien s\u00fbr possible de profiter de la vue en se rendant au port du village, puis en longeant les sentiers c\u00f4tiers.<\/span><\/p><h3>Peut-on se baigner \u00e0 la plage de Port Manec\u2019h?<\/h3><p><span style=\"font-size: 12pt;\">Oui, la baignade est surveill\u00e9e en saison estivale. Il faut cependant faire attention \u00e0 ne pas se baigner dans le chenal, occup\u00e9 par les catamarans, et les kayaks, au nord de la plage.<\/span><\/p><h2><span style=\"font-size: 14pt;\">Que faire \u00e0 proximit\u00e9 de la plage de Port Manec\u2019h?<\/span><\/h2><p><span style=\"font-size: 12pt;\">La plage de Port Manec\u2019h est tr\u00e8s bien situ\u00e9e, soit pour d\u00e9couvrir l\u2019Aven, soit pour d\u00e9cpuvrir la c\u00f4te. Vous pourre bien s\u00fbr profiter de son port de plaisance, o\u00f9 vous pourrez embarquer \u00e0 destination de l\u2019archipel des Gl\u00e9nan, ou de Pont Aven.\u00a0<\/span><\/p><p><span style=\"font-size: 12pt;\">De la plage de Port Manec\u2019h, vous pouvez aussi vous rendre en quelques minutes au port de Kerdruc, situ\u00e9 dans l\u2019Aven, et m\u00eame vous rendre \u00e0 Pont-Aven, la fameuse cit\u00e9 des peintres.<\/span><\/p><p><span style=\"font-size: 12pt;\">Non loin de la plage de Port Manech, vous pourrez aussi visiter les villages de chaumi\u00e8res,\u00a0 Kercanic ou Kerascoet.<\/span><\/p><p><span style=\"font-size: 12pt;\">Vous pouvez profiter du sentier c\u00f4tier et faire une balade \u00e0 pied en longeant le sentier c\u00f4tier\u00a0 ( c\u2019est aussi le GR 34) qui surplombe l\u2019oc\u00e9an, et vous rendre \u00e0 la plage de Rospico.<\/span><\/p><p><span style=\"font-size: 12pt;\">Il est aussi possible d\u2019effectuer des\u00a0 promenades \u00e0 v\u00e9lo, en suivant le circuit de la N\u00e9vezienne, qui vous permet de d\u00e9couvrir\u00a0 N\u00e9vez, son territoire, et ses plus beaux atouts culturels, et paysagers.<\/span><\/p><h2><span style=\"font-size: 14pt;\">R\u00e9d\u00e9couvrir la ville de N\u00e9vez?<\/span><\/h2><p><span style=\"font-size: 12pt;\">La ville de N\u00e9vez est connue pour ses plages de sable fin, et ses eaux bleues pr\u00e9serv\u00e9es. Elle se situe id\u00e9alement entreTr\u00e9gunc et Pont-Aven.<\/span><\/p><p><span style=\"font-size: 12pt;\">De Port Manech ou de la pointe de Tr\u00e9vignon, vous pouvez embarquer pour l\u2019archipel des Gl\u00e9nan, ou la ville de Pont-Aven, ville des peintres.<\/span><\/p><p><span style=\"font-size: 12pt;\">Bien s\u00fbr, comme expliqu\u00e9 ci-dessus, vous pourrez profiter de ses plages , la plage de Rospico, la plage de Port Manec\u2019h, ou encore celles de Tahiti, Ragu\u00e9nez, Kersidan, Dourvei, mais aussi de ses nombreuses activit\u00e9s, de son march\u00e9\u2026<\/span><\/p><p><span style=\"font-size: 12pt;\">Mais n\u2019oubliez pas de prendre le temps de (re) d\u00e9couvrir l\u2019architecture des maisons n\u00e9o-bretonnes, celle des chaumi\u00e8res ( de Kereascoet ou Kercanic), ou encore les \u00e9l\u00e9ments culturels et de patrimoine breton.<\/span><\/p><p>Port Manech<\/p><p><span style=\"font-size: 12pt;\">Port Manec\u2019h est un village qui fait partie de la commune de N\u00e9vez, et se trouve \u00e0 l\u2019embouchure de l\u2019Aven. Il dispose d\u2019un belle plage, avec une vue imprenable sur l\u2019embouchure de l\u2019Aven et du Belon, et d\u2019un port, qui fut auparavant celui des p\u00eacheurs \u00e0 la sardine. Port Manech connut ses heures de gloire \u00e0 la Belle Epoque, et il reste toujours les cabines de bain en bois pour t\u00e9moigner de ce glorieux pass\u00e9.<\/span><\/p><p><span style=\"font-size: 12pt;\">Ici encore, un peintre tr\u00e8s connu, Paul Gauguin, aimait \u00e0 venir peindre des p\u00eacheurs ou des femmes en coiffe bretonne; lorsqu\u2019il s\u00e9journait \u00e0 Pont-Aven.<\/span><\/p><p style=\"text-align: center; font-size: 16px;\"><em><span style=\"color: #003366;\"><strong>N\u00e9vez<\/strong><\/span>, est une jolie petite ville de Bretagne Sud en\u00a0 France qui borde l\u2019atlantique. Elle est situ\u00e9e entre les villes de Tr\u00e9gunc et de Pont-Aven.<\/em><\/p><h3 style=\"text-align: center;\">D\u00e9couvrez les alentours de la plage de Port Manec\u2019h<\/h3><p>[<\/p>\t\t\t\t\t\t\t\t<\/div>\n\t\t\t\t<\/div>\n\t\t<aside class=\"elementor-element elementor-element-71e54f7 e-flex e-con-boxed e-con e-parent\" data-id=\"71e54f7\" data-element_type=\"container\" data-e-type=\"container\">\n\t\t\t\t\t<div class=\"e-con-inner\">\n\t\t\t\t<div class=\"elementor-element elementor-element-405bc52 elementor-widget elementor-widget-listeo-posts-grid\" data-id=\"405bc52\" data-element_type=\"widget\" data-e-type=\"widget\" data-widget_type=\"listeo-posts-grid.default\">\n\t\t\t\t<div class=\"elementor-widget-container\">\n\t\t\t\t\t\t\t\n\t\t<div class=\"listeo-post-grid-wrapper\">\n\t\t\t<div class=\"row\">\n\n\t\t\t\n\n\t\t\t\t\t\t\t<div class=\"col-md-4\">\n                <a href=\"https:\/\/cparici.com\/fr\/paul-gauguin-en-france\/\" class=\"blog-compact-item-container\">\n                    <div class=\"blog-compact-item\">\n                        <img decoding=\"async\" width=\"577\" height=\"204\" src=\"https:\/\/cparici.com\/wp-content\/uploads\/2025\/01\/cparici-88-577x204.jpg\" class=\"attachment-listeo-blog-related-post size-listeo-blog-related-post wp-post-image\" alt=\"Paul Gauguin en France\" srcset=\"https:\/\/cparici.com\/wp-content\/uploads\/2025\/01\/cparici-88-577x204.jpg 577w, https:\/\/cparici.com\/wp-content\/uploads\/2025\/01\/cparici-88-300x106.jpg 300w, https:\/\/cparici.com\/wp-content\/uploads\/2025\/01\/cparici-88-1024x362.jpg 1024w, https:\/\/cparici.com\/wp-content\/uploads\/2025\/01\/cparici-88-768x271.jpg 768w, https:\/\/cparici.com\/wp-content\/uploads\/2025\/01\/cparici-88-590x208.jpg 590w, https:\/\/cparici.com\/wp-content\/uploads\/2025\/01\/cparici-88-1200x424.jpg 1200w, https:\/\/cparici.com\/wp-content\/uploads\/2025\/01\/cparici-88-600x212.jpg 600w, https:\/\/cparici.com\/wp-content\/uploads\/2025\/01\/cparici-88.jpg 1500w\" sizes=\"(max-width: 577px) 100vw, 577px\" \/><span class=\"blog-item-tag\">France<\/span>                        \n                        <div class=\"blog-compact-item-content\">\n                                                        <h3>Paul Gauguin en France<\/h3>\n                                                        <p>D\u00e9couvrez le parcours de Paul Gauguin en France, ses liens avec l\u2019impressionnisme, les lieux embl\u00e9matiques...                            <\/p>\n                                                    <\/div>\n                    <\/div>\n                <\/a>\n            <\/div>\n\t\t\t<div class=\"col-md-4\">\n                <a href=\"https:\/\/cparici.com\/fr\/visiter-tregunc\/\" class=\"blog-compact-item-container\">\n                    <div class=\"blog-compact-item\">\n                        <img decoding=\"async\" width=\"577\" height=\"226\" src=\"https:\/\/cparici.com\/wp-content\/uploads\/2024\/04\/Tregunc-577x226.jpg\" class=\"attachment-listeo-blog-related-post size-listeo-blog-related-post wp-post-image\" alt=\"Tregunc guide de visite\" srcset=\"https:\/\/cparici.com\/wp-content\/uploads\/2024\/04\/Tregunc-577x226.jpg 577w, https:\/\/cparici.com\/wp-content\/uploads\/2024\/04\/Tregunc-300x117.jpg 300w, https:\/\/cparici.com\/wp-content\/uploads\/2024\/04\/Tregunc-768x300.jpg 768w, https:\/\/cparici.com\/wp-content\/uploads\/2024\/04\/Tregunc-590x231.jpg 590w, https:\/\/cparici.com\/wp-content\/uploads\/2024\/04\/Tregunc-600x235.jpg 600w, https:\/\/cparici.com\/wp-content\/uploads\/2024\/04\/Tregunc.jpg 800w\" sizes=\"(max-width: 577px) 100vw, 577px\" \/><span class=\"blog-item-tag\">Bretagne<\/span>                        \n                        <div class=\"blog-compact-item-content\">\n                                                        <h3>Visiter Tr\u00e9gunc \u2013 guide complet des activit\u00e9s et sites incontournables<\/h3>\n                                                        <p>Vous voulez visiter Tregunc ? Ne manquez pas ce guide complet qui vous pr\u00e9sente les...                            <\/p>\n                                                    <\/div>\n                    <\/div>\n                <\/a>\n            <\/div>\n\t\t\t<div class=\"col-md-4\">\n                <a href=\"https:\/\/cparici.com\/fr\/kerdruc-un-port-sur-la-ria-de-laven\/\" class=\"blog-compact-item-container\">\n                    <div class=\"blog-compact-item\">\n                        <img decoding=\"async\" width=\"577\" height=\"232\" src=\"https:\/\/cparici.com\/wp-content\/uploads\/2024\/05\/kerdruc.jpg\" class=\"attachment-listeo-blog-related-post size-listeo-blog-related-post wp-post-image\" alt=\"kerdruc\" srcset=\"https:\/\/cparici.com\/wp-content\/uploads\/2024\/05\/kerdruc.jpg 1500w, https:\/\/cparici.com\/wp-content\/uploads\/2024\/05\/kerdruc-600x241.jpg 600w, https:\/\/cparici.com\/wp-content\/uploads\/2024\/05\/kerdruc-300x120.jpg 300w, https:\/\/cparici.com\/wp-content\/uploads\/2024\/05\/kerdruc-1024x411.jpg 1024w, https:\/\/cparici.com\/wp-content\/uploads\/2024\/05\/kerdruc-768x308.jpg 768w\" sizes=\"(max-width: 577px) 100vw, 577px\" \/><span class=\"blog-item-tag\">Bretagne<\/span>                        \n                        <div class=\"blog-compact-item-content\">\n                                                        <h3>Kerdruc \u2013 un port sur la Ria de l\u2019Aven<\/h3>\n                                                        <p>Kerdruc : village breton authentique, cadre idyllique, activit\u00e9s nautiques, randonn\u00e9es, patrimoine, gastronomie. D\u00e9couvrez ce havre...                            <\/p>\n                                                    <\/div>\n                    <\/div>\n                <\/a>\n            <\/div>\n  <\/div>\n        <\/div>\n        \t\t\t\t<\/div>\n\t\t\t\t<\/div>\n\t\t\t\t\t<\/div>\n\t\t\t\t<\/aside>\n\t\t\t\t<\/div>\n\t\t","protected":false},"excerpt":{"rendered":"<p>D\u00e9couvrez la Plage de Port Manech et le village de Port Manech, son port et l&#8217;entr\u00e9e de l&#8217;Aven<\/p>\n","protected":false},"author":1,"featured_media":14823,"comment_status":"closed","ping_status":"closed","sticky":false,"template":"","format":"standard","meta":{"ngg_post_thumbnail":0,"footnotes":""},"categories":[165,478,161,479,477,300,498],"tags":[359,357,352,353,358,355,354],"class_list":["post-14820","post","type-post","status-publish","format-standard","has-post-thumbnail","hentry","category-plages","category-bretagne","category-famille","category-finistere","category-france","category-loisirs","category-nevez","tag-aven","tag-bretagne-sud","tag-finistere","tag-nevez","tag-port-manech","tag-raguenez","tag-tahiti"],"_links":{"self":[{"href":"https:\/\/cparici.com\/fr\/wp-json\/wp\/v2\/posts\/14820","targetHints":{"allow":["GET"]}}],"collection":[{"href":"https:\/\/cparici.com\/fr\/wp-json\/wp\/v2\/posts"}],"about":[{"href":"https:\/\/cparici.com\/fr\/wp-json\/wp\/v2\/types\/post"}],"author":[{"embeddable":true,"href":"https:\/\/cparici.com\/fr\/wp-json\/wp\/v2\/users\/1"}],"replies":[{"embeddable":true,"href":"https:\/\/cparici.com\/fr\/wp-json\/wp\/v2\/comments?post=14820"}],"version-history":[{"count":2,"href":"https:\/\/cparici.com\/fr\/wp-json\/wp\/v2\/posts\/14820\/revisions"}],"predecessor-version":[{"id":85110,"href":"https:\/\/cparici.com\/fr\/wp-json\/wp\/v2\/posts\/14820\/revisions\/85110"}],"wp:featuredmedia":[{"embeddable":true,"href":"https:\/\/cparici.com\/fr\/wp-json\/wp\/v2\/media\/14823"}],"wp:attachment":[{"href":"https:\/\/cparici.com\/fr\/wp-json\/wp\/v2\/media?parent=14820"}],"wp:term":[{"taxonomy":"category","embeddable":true,"href":"https:\/\/cparici.com\/fr\/wp-json\/wp\/v2\/categories?post=14820"},{"taxonomy":"post_tag","embeddable":true,"href":"https:\/\/cparici.com\/fr\/wp-json\/wp\/v2\/tags?post=14820"}],"curies":[{"name":"wp","href":"https:\/\/api.w.org\/{rel}","templated":true}]}}