{"id":14893,"date":"2022-09-07T07:53:16","date_gmt":"2022-09-07T07:53:16","guid":{"rendered":"https:\/\/cparici.com\/?p=14893"},"modified":"2026-04-05T11:28:25","modified_gmt":"2026-04-05T09:28:25","slug":"kerascoet-les-chaumieres-de-kerascoet-a-nevez-en-finistere","status":"publish","type":"post","link":"https:\/\/cparici.com\/fr\/kerascoet-les-chaumieres-de-kerascoet-a-nevez-en-finistere\/","title":{"rendered":"Kerasco\u00ebt &#8211; les chaumi\u00e8res de Kerascoet \u00e0 N\u00e9vez en Finist\u00e8re"},"content":{"rendered":"\t\t<div data-elementor-type=\"wp-post\" data-elementor-id=\"14893\" class=\"elementor elementor-14893\" data-elementor-post-type=\"post\">\n\t\t\t\t<div class=\"elementor-element elementor-element-9816f2a e-con-full e-flex e-con e-parent\" data-id=\"9816f2a\" data-element_type=\"container\" data-e-type=\"container\">\n\t\t\t\t<div class=\"elementor-element elementor-element-72422e7 elementor-widget elementor-widget-image\" data-id=\"72422e7\" data-element_type=\"widget\" data-e-type=\"widget\" data-widget_type=\"image.default\">\n\t\t\t\t\t\t\t\t\t\t\t\t\t\t\t<img decoding=\"async\" width=\"1520\" height=\"376\" src=\"https:\/\/cparici.com\/wp-content\/uploads\/2022\/09\/chaumieres-villages-de-chaumieres-en-bretagne-banniere-1.jpg\" class=\"attachment-full size-full wp-image-14898\" alt=\"Kerasco\u00ebt - les chaumi\u00e8res de Kerascoet \u00e0 N\u00e9vez en Finist\u00e8re\" srcset=\"https:\/\/cparici.com\/wp-content\/uploads\/2022\/09\/chaumieres-villages-de-chaumieres-en-bretagne-banniere-1.jpg 1520w, https:\/\/cparici.com\/wp-content\/uploads\/2022\/09\/chaumieres-villages-de-chaumieres-en-bretagne-banniere-1-600x148.jpg 600w, https:\/\/cparici.com\/wp-content\/uploads\/2022\/09\/chaumieres-villages-de-chaumieres-en-bretagne-banniere-1-768x189.jpg 768w\" sizes=\"(max-width: 1520px) 100vw, 1520px\" \/>\t\t\t\t\t\t\t\t\t\t\t\t\t\t\t<\/div>\n\t\t\t\t<\/div>\n\t\t<aside class=\"elementor-element elementor-element-113f17f e-flex e-con-boxed e-con e-parent\" data-id=\"113f17f\" data-element_type=\"container\" data-e-type=\"container\">\n\t\t\t\t\t<div class=\"e-con-inner\">\n\t\t\t\t<div class=\"elementor-element elementor-element-9288439 elementor-widget elementor-widget-global elementor-global-62046 elementor-widget-eael-advanced-search\" data-id=\"9288439\" data-element_type=\"widget\" data-e-type=\"widget\" data-widget_type=\"eael-advanced-search.default\">\n\t\t\t\t\t        <div class=\"eael-adv-search-wrapper\">\n            <div id=\"eael-advanced-search-widget-9288439\" class=\"eael-advanced-search-widget\">\n                <form data-settings=\"{&quot;post_per_page&quot;:5,&quot;search_among_taxonomies&quot;:&quot;&quot;,&quot;search_among_sku&quot;:&quot;no&quot;,&quot;show_popular_keyword&quot;:0,&quot;show_category&quot;:0,&quot;show_content_image&quot;:1,&quot;show_search_result_all_results&quot;:0,&quot;result_on_new_tab&quot;:&quot;no&quot;,&quot;show_product_price&quot;:&quot;no&quot;,&quot;include_current_page&quot;:&quot;no&quot;,&quot;current_post_id&quot;:14893,&quot;post_type&quot;:[&quot;post&quot;,&quot;listing&quot;]}\" method=\"POST\" name=\"eael-advanced-search-form-9288439\" class=\"eael-advanced-search-form eael-advanced-search-form-style-2\">\n                    <div class=\"eael-advanced-search-wrap\">\n                        <span class=\"eael-adv-search-loader\"><\/span>\n                        <span class=\"eael-adv-search-close\"><i class=\"fas fa-times\"><\/i><\/span>\n                        <span class=\"icon \"><i class=\"fas fa-search\"><\/i><\/span>\n\n                        <input type=\"text\"\n                               placeholder=\"Votre destination\"\n                               class=\"eael-advanced-search\" autocomplete=\"off\" name=\"eael_advanced_search\">\n                    <\/div>\n\t\t\t\t\t                                    <\/form>\n\n\t\t\t\t\n\t\t\t\t        <div class=\"eael-advanced-search-result\">\n            <div class=\"eael-advanced-search-popular-keyword\">\n\t\t\t\t<h4 class=\"eael-advanced-search-popular-keyword-text\">Recherches populaires<\/h4>                <div class=\"eael-popular-keyword-content\"><\/div>\n            <\/div>\n            <div class=\"eael-advanced-search-category\">\n\t\t\t\t<h4 class=\"eael-advanced-search-category-text\">Categories<\/h4>                <div class=\"eael-popular-category-content\"><\/div>\n            <\/div>\n\t\t\t<div class=\"eael-advanced-search-total-results-section\">\n\t\t\t\t\t\t\t<\/div>\n            <div class=\"eael-advanced-search-content eael-item-style-3\">\n            <\/div>\n            <div class=\"eael-advanced-search-not-found\">\n                <p>Pas de r\u00e9sultats<\/p><\/div>\n            <div class=\"eael-advanced-search-load-more\">\n\t\t\t\t<a \tclass=\"eael-advanced-search-load-more-button\"\n                \thref=\"#\">Voir tous les r\u00e9sultats<\/a>\n            <\/div>\n        <\/div>\n\n\t\t            <\/div>\n        <\/div>\n\n\t\t\t\t\t\t<\/div>\n\t\t\t\t\t<\/div>\n\t\t\t\t<\/aside>\n\t\t<div class=\"elementor-element elementor-element-77197627 e-flex e-con-boxed e-con e-parent\" data-id=\"77197627\" data-element_type=\"container\" data-e-type=\"container\">\n\t\t\t\t\t<div class=\"e-con-inner\">\n\t\t\t\t<div class=\"elementor-element elementor-element-79e0621a elementor-widget elementor-widget-text-editor\" data-id=\"79e0621a\" data-element_type=\"widget\" data-e-type=\"widget\" data-widget_type=\"text-editor.default\">\n\t\t\t\t\t\t\t\t\t<h1 style=\"text-align: center;\"><span style=\"font-size: 18pt;\">Kerasco\u00ebt<\/span><\/h1><h2 style=\"text-align: center;\"><span style=\"font-size: 14pt;\">Kerasco\u00ebt \u2013 les chaumi\u00e8res de Kerascoet \u00e0 N\u00e9vez en Finist\u00e8re<\/span><\/h2><p><span style=\"font-size: 12pt;\"><strong>Kerasco\u00ebt \u2013 les chaumi\u00e8res<\/strong> de Kerascoet \u00e0 <a href=\"https:\/\/cparici.com\/fr\/bretagne-nevez\/\">N\u00e9vez en Bretagne<\/a>, Finist\u00e8re. D\u00e9couvrez le fameux village en toit de chaume dans le finist\u00e8re.<\/span><\/p>\t\t\t\t\t\t\t\t<\/div>\n\t\t\t\t\t<\/div>\n\t\t\t\t<\/div>\n\t\t<aside class=\"elementor-element elementor-element-35f1a3af e-flex e-con-boxed e-con e-parent\" data-id=\"35f1a3af\" data-element_type=\"container\" data-e-type=\"container\" data-settings=\"{&quot;background_background&quot;:&quot;classic&quot;}\">\n\t\t\t\t\t<div class=\"e-con-inner\">\n\t\t\t\t<div class=\"elementor-element elementor-element-4afeb266 elementor-widget elementor-widget-spacer\" data-id=\"4afeb266\" data-element_type=\"widget\" data-e-type=\"widget\" data-widget_type=\"spacer.default\">\n\t\t\t\t\t\t\t<div class=\"elementor-spacer\">\n\t\t\t<div class=\"elementor-spacer-inner\"><\/div>\n\t\t<\/div>\n\t\t\t\t\t\t<\/div>\n\t\t\t\t<div class=\"elementor-element elementor-element-26d357e1 elementor-widget elementor-widget-heading\" data-id=\"26d357e1\" data-element_type=\"widget\" data-e-type=\"widget\" data-widget_type=\"heading.default\">\n\t\t\t\t\t<h2 class=\"elementor-heading-title elementor-size-default\">H\u00e9bergements de Vacances N\u00e9vez en direct<\/h2>\t\t\t\t<\/div>\n\t\t\t\t<div class=\"elementor-element elementor-element-2c87fb4c elementor-widget elementor-widget-listeo-listings-carousel\" data-id=\"2c87fb4c\" data-element_type=\"widget\" data-e-type=\"widget\" data-widget_type=\"listeo-listings-carousel.default\">\n\t\t\t\t<div class=\"elementor-widget-container\">\n\t\t\t\t\t        <!-- Carousel \/ Start -->\n        \t<div class=\"simple-slick-carousel dots-nav\" data-slick='{&quot;autoplay&quot;:true,&quot;autoplaySpeed&quot;:3000,&quot;slidesToShow&quot;:3,&quot;slidesToScroll&quot;:1,&quot;responsive&quot;:[{&quot;breakpoint&quot;:1024,&quot;settings&quot;:{&quot;slidesToShow&quot;:2,&quot;slidesToScroll&quot;:1}},{&quot;breakpoint&quot;:768,&quot;settings&quot;:{&quot;slidesToShow&quot;:1,&quot;slidesToScroll&quot;:1}}]}'>\n                            <div class=\"fw-carousel-item\">                    \n                        <!-- Listing Item -->\r\n            <div class=\"col-lg-6 col-md-12\">\r\n                <a href=\"https:\/\/cparici.com\/fr\/annonce\/le-rospico-appartement-vue-mer-nevez\/\"  class=\"listing-item-container listing-geo-data compact\" \r\n\t\tdata-title=\"Le Rospico, Appartement Vue Mer N\u00e9vez\"\r\n\t\tdata-listing-type=\"rental\"\r\n\t\tdata-classifieds-price=\"\u20ac\"\r\n\t\tdata-friendly-address=\"Plage de Rospico, N\u00e9vez\"\r\n\t\tdata-address=\"Plage de Rospico, N\u00e9vez\"\r\n\t\tdata-image=\"https:\/\/cparici.com\/wp-content\/uploads\/2026\/03\/anse-de-rospico-520x397.jpg\"\r\n\t\tdata-longitude=\"-3.765314324812224\"\r\n\t\tdata-latitude=\"47.79152794554884\"\r\n\t\t\t\t\tdata-rating=\"0\"\r\n\t\t\tdata-reviews=\"0\"\r\n\t\t\t\tdata-icon=\"<svg xmlns=&quot;http:\/\/www.w3.org\/2000\/svg&quot; width=&quot;800px&quot; height=&quot;800px&quot; viewBox=&quot;0 0 45 45&quot; fill=&quot;none&quot;>\n<path d=&quot;M24.155 8.78099L24.33 8.94499L37.402 21.787L36 23.213L34.2 21.445L34.201 35C34.201 36.054 33.385 36.918 32.35 36.994L32.201 37H12.201C11.147 37 10.283 36.184 10.206 35.149L10.201 35L10.2 21.446L8.402 23.213L7 21.787L20.058 8.95799C21.171 7.82199 22.966 7.75899 24.155 8.78099ZM21.569 10.285L21.473 10.372L12.2 19.481L12.201 35L17.2 34.999L17.201 25C17.201 23.946 18.017 23.082 19.052 23.005L19.201 23H25.201C26.255 23 27.119 23.816 27.196 24.851L27.201 25L27.2 34.999L32.201 35L32.2 19.48L22.901 10.344C22.537 9.98699 21.969 9.96499 21.569 10.285ZM25.201 25H19.201L19.2 34.999H25.2L25.201 25Z&quot; fill=&quot;#3C3C3C&quot;\/>\n<\/svg>\"\r\n\r\n\t>\r\n            <div class=\"listing-item  \">\r\n                <div class=\"listing-small-badges-container\">\r\n                                                                <div class=\"listing-small-badge pricing-badge\"><i class=\"fa fa-tag\"><\/i>160,00\u20ac - 0,00\u20ac<\/div>\r\n                                                            \r\n                                        \r\n                                        \r\n                <\/div>\r\n                <img decoding=\"async\" src=\"https:\/\/cparici.com\/wp-content\/uploads\/2026\/03\/anse-de-rospico-520x397.jpg\" alt=\"Le Rospico, Appartement Vue Mer N\u00e9vez\" class=\"listing-thumbnail\">\r\n                \r\n\r\n                <div class=\"listing-item-content\">\r\n                    \r\n                    <h3> Le Rospico, Appartement Vue Mer N\u00e9vez <\/h3>\r\n                    <span>Plage de Rospico, N\u00e9vez<\/span>\r\n                <\/div>\r\n                                        <span class=\"save like-icon tooltip left\" title=\"Connexion pour marquer des \u00e9l\u00e9ments\"><\/span>\r\n                                                <\/div>\r\n        <\/a>\r\n                    <\/div>\r\n        \r\n\r\n        <!-- Listing Item \/ End -->\n                    <\/div>\n                          <\/div>\n        \t\t\t\t<\/div>\n\t\t\t\t<\/div>\n\t\t\t\t\t<\/div>\n\t\t\t\t<\/aside>\n\t\t<div class=\"elementor-element elementor-element-27fa902 e-flex e-con-boxed e-con e-parent\" data-id=\"27fa902\" data-element_type=\"container\" data-e-type=\"container\">\n\t\t\t\t\t<div class=\"e-con-inner\">\n\t\t\t\t<div class=\"elementor-element elementor-element-6278e08 elementor-widget elementor-widget-text-editor\" data-id=\"6278e08\" data-element_type=\"widget\" data-e-type=\"widget\" data-widget_type=\"text-editor.default\">\n\t\t\t\t\t\t\t\t\t<h3>Quelle est la particularit\u00e9 du village de Kerascoet?<\/h3><p><span style=\"font-size: 12pt;\"><strong>Les chaumi\u00e8res de Kerascoet<\/strong> \u00e0 N\u00e9vez sont typiques, et on \u00e0 l\u2019impression de vivre hors du temps. Il s\u2019agit d\u2019un des plus vieux villages de la r\u00e9gion et Kerascoet est remarquable par <strong>l\u2019architecture<\/strong> des chaumi\u00e8res. En effet, <a href=\"https:\/\/cparici.com\/les-chaumieres-village-de-chaumieres-en-bretagne\/\">chaque maison est recouverte d\u2019un <\/a><strong>toit de chaume. <\/strong>Les murs sont en pierre de taille et la taille des ouvertures \u2013 portes et fen\u00eatres \u2013 est souvent r\u00e9duite.<\/span><\/p><p><span style=\"font-size: 12pt;\"><strong>Kerasco\u00ebt est parmi les vieux villages de la commune<\/strong>, Il a \u00e9t\u00e9 cr\u00e9\u00e9 au XV\u00e8me si\u00e8cle. Il s\u2019agirait d\u2019un ancien village de tisserands. Selon diverses sources, le nom de K\u00e9rasco\u00ebt appara\u00eetrait dans les archives vers 1540. Tout pr\u00e8s du village, vous pourrez trouver des appentis en pierre debout et la chapelle de Tr\u00e9morvezen. C\u2019est vraiment int\u00e9ressant de \u2018naviguer\u2019 entre ces maisons, qui nous font penser au village d\u2019Ast\u00e9rix.<\/span><\/p><h3><strong><span style=\"font-size: 12pt;\">Toit de chaume<\/span><\/strong><\/h3><p><span style=\"font-size: 12pt;\"><strong>Les toits de chaume<\/strong> sont diff\u00e9rents des couvertures qu\u2019on retrouve habituellement sur les maisons modernes en bretagne \u2013 souvent des toits en ardoise, puisqu\u2019<strong>ils sont faits de roseau et de jonc<\/strong> qui sont recueillis dans le marais.<\/span><\/p><p><span style=\"font-size: 12pt;\">Les toits de chaume \u00e9taient couramment utilis\u00e9s jusqu\u2019au 19\u00e8me si\u00e8cle,\u00a0l\u2019isolation donn\u00e9e \u00e9tait meilleure quelque soit la saison et leur co\u00fbt \u00e9tait moins cher q\u2019une couverture de tuiles.\u00a0<\/span><\/p><p><span style=\"font-size: 12pt;\">\u201cL\u2019historien Marcel Lachiver\u00a0signale qu\u2019en 1861 la couverture en chaume restait la r\u00e8gle dans la grande majorit\u00e9 des 350 communes qu\u2019il a \u00e9tudi\u00e9es \u00e0 l\u2019ouest de Paris<sup id=\"cite_ref-5\" class=\"reference\"><\/sup>. Selon Jacques Fr\u00e9al, on d\u00e9nombrait, en 1856, plus de 60 % de toitures v\u00e9g\u00e9tales dans le Calvados et plus de 80 % dans la Manche.<sup id=\"cite_ref-a_4-1\" class=\"reference\"><\/sup><\/span><\/p><p><span style=\"font-size: 12pt;\">Cependant, les couvertures de chaume \u00e9taient de courte dur\u00e9e et il fallait les renouveler tous les vingt ou trente ans mais surtout elles pr\u00e9sentaient un terrain trop favorable aux incendies \u00e0 tel point que, d\u00e8s le\u00a0<abbr class=\"abbr\" title=\"16\u1d49 si\u00e8cle\"><span class=\"romain\">xvi<\/span><sup>e<\/sup><\/abbr> si\u00e8cle, des \u00e9dits condamn\u00e8rent leur emploi.\u201d <sup id=\"cite_ref-6\" class=\"reference\"><\/sup><a href=\"https:\/\/fr.wikipedia.org\/wiki\/Toit_de_chaume\" rel=\"nofollow noopener\" target=\"_blank\">Extrait wikip\u00e9dia<\/a><\/span><\/p><h2>\u00a0<\/h2>\t\t\t\t\t\t\t\t<\/div>\n\t\t\t\t\t<\/div>\n\t\t\t\t<\/div>\n\t\t<div class=\"elementor-element elementor-element-02b2886 e-flex e-con-boxed e-con e-parent\" data-id=\"02b2886\" data-element_type=\"container\" data-e-type=\"container\">\n\t\t\t\t\t<div class=\"e-con-inner\">\n\t\t\t\t<div class=\"elementor-element elementor-element-cb0fea6 elementor-widget elementor-widget-text-editor\" data-id=\"cb0fea6\" data-element_type=\"widget\" data-e-type=\"widget\" data-widget_type=\"text-editor.default\">\n\t\t\t\t\t\t\t\t\t<h2 style=\"text-align: left;\"><span style=\"font-size: 14pt; text-align: start;\">Chaumi\u00e8res \u2013 visiter le village de Kerascoet?<\/span><\/h2><p><span style=\"font-size: 12pt;\">Il est bien sur possible de visiter le villages de Kerascoet, et cela, gratuitement. Sur la commune de N\u00e9vez, dans le finist\u00e8re, vous trouverez deux villages de chaumi\u00e8res: Kerascoet et Kercanic.<\/span><\/p><h2><span style=\"font-size: 14pt;\">Village des chaumi\u00e8res dans le finist\u00e8re<\/span><\/h2><h3>Kerascoet<\/h3><p><span style=\"font-size: 12pt;\">Le village de chaumi\u00e8res de Kerascoet est situ\u00e9 sur la commune de N\u00e9vez, entre les villages de Kerstalen et le village de Port Manec\u2019h.<\/span><\/p><h4><span style=\"font-size: 12pt;\">Comment acc\u00e9der au village de chaumi\u00e8res de Kerascoet?<\/span><\/h4><p><span style=\"font-size: 12pt;\">Vous pouvez y acc\u00e9der depuis la ville de N\u00e9vez en empruntant la D77 direction Port Manec\u2019h puis tourner \u00e0 droite vers le village de Kerascoet en suivant les indications.<\/span><\/p><h4><span style=\"font-size: 12pt;\">O\u00f9 se stationner pr\u00e8s du village de chaumi\u00e8res de Kerascoet?<\/span><\/h4><p><span style=\"font-size: 12pt;\">Vous pouvez vous stationner sur le parking\u00a0 situ\u00e9 sur la route de <a href=\"https:\/\/cparici.com\/fr\/plage-de-rospico-a-nevez-finistere\/\">la plage de Rospico<\/a>. Attention, il n\u2019est pas possible de traverser le village en voiture, il est obligatoire de se stationner. Le stationnement est gratuit.<\/span><\/p><h4><span style=\"font-size: 12pt;\">Combien de chaumi\u00e8res dans le village de Kerascoet?<\/span><\/h4><p><span style=\"font-size: 12pt;\">Le village de Kerascoet comporte \u00e0 peu pr\u00e8s quinze chaumi\u00e8res.\u00a0 Elles sont regroup\u00e9es le long de l\u2019axe principal, une petite route pi\u00e9tonni\u00e8re accessible depuis le parking gratuit.<\/span><\/p><h3 style=\"text-align: center;\">Kerasco\u00ebt \u2013 les chaumi\u00e8res de Kerascoet \u00e0 N\u00e9vez en Finist\u00e8re , les photos<\/h3><h2><span style=\"font-size: 14pt;\">Aux alentours des chaumi\u00e8res de Kerascoet<\/span><\/h2><h3>La plage de Rospico<\/h3><p><span style=\"font-size: 12pt;\"><strong>La plage de Rospico \u00e0 N\u00e9vez dans le finist\u00e8re<\/strong>\u00a0\u00a0est situ\u00e9e en Bretagne sud, dans le Finsit\u00e8re sur la commune de N\u00e9vez, entre les communes de Pont-Aven et Tr\u00e9gunc, et non loin de la ville de Concarneau. Elle est aussi appel\u00e9e\u00a0<strong>Anse de Rospico.<\/strong><\/span><\/p><h3><span style=\"font-size: 14pt;\">R\u00e9d\u00e9couvrir la ville de N\u00e9vez?<\/span><\/h3><p><span style=\"font-size: 12pt;\">La ville de N\u00e9vez est connue pour ses plages de sable fin, et ses eaux bleues pr\u00e9serv\u00e9es. Elle se situe id\u00e9alement entreTr\u00e9gunc et Pont-Aven.<\/span><\/p><p><span style=\"font-size: 12pt;\">De Port Manech ou de la pointe de Tr\u00e9vignon, vous pouvez embarquer pour l\u2019archipel des Gl\u00e9nan, ou la ville de Pont-Aven, ville des peintres.<\/span><\/p><p><span style=\"font-size: 12pt;\">Bien s\u00fbr, comme expliqu\u00e9 ci-dessus, vous pourrez profiter de ses plages , la plage de Rospico, la plage de Port Manech, ou encore celles de Tahiti, Ragu\u00e9nez, Kersidan, Dourvei, mais aussi de ses nombreuses activit\u00e9s, de son march\u00e9\u2026<\/span><\/p><p><span style=\"font-size: 12pt;\">Mais n\u2019oubliez pas de prendre le temps de (re) d\u00e9couvrir l\u2019architecture des maisons n\u00e9o-bretonnes, celle des chaumi\u00e8res ( de Kereascoet ou Kercanic), ou encore les \u00e9l\u00e9ments culturels et de patrimoine breton.<\/span><\/p><h3>Port Manech<\/h3><p><span style=\"font-size: 12pt;\">Port Manech est un village qui fait partie de la commune de N\u00e9vez, et se trouve \u00e0 l\u2019embouchure de l\u2019Aven. Il dispose d\u2019un belle plage, avec une vue imprenable sur l\u2019embouchre de l\u2019Aven et du Belon, et d\u2019un port, qui fut auparavant celui des p\u00eacheurs \u00e0 la sardine. Port Manech connut ses heures de gloire \u00e0 la Belle Epoque.<\/span><\/p><h3>La plage de Port Manec\u2019h<\/h3><p><span style=\"font-size: 12pt;\"><strong>La plage de Port Manec\u2019h \u00e0 N\u00e9vez dans le finist\u00e8re<\/strong>\u00a0 est situ\u00e9e\u00a0 dans le Finisit\u00e8re sur la commune de N\u00e9vez, en Bretagne sud.\u00a0 Elle se situe dans le bas du village de Port Manec\u2019h, \u00e0 l\u2019embouchure de l\u2019Aven.<\/span><\/p><h3>Pont Aven<\/h3><p><span style=\"font-size: 12pt;\">Pont Aven est \u00e0 juste titre appel\u00e9e la cit\u00e9 des peintres. C\u2019est une petite ville situ\u00e9e dans la vall\u00e9e de l\u2019Aven, entre les villes de Riec sur Belon et de N\u00e9vez. Un peu plus loin, se trouve la ville de Concarneau et sa fameuse ville close, ou cit\u00e9 fortifi\u00e9e.<\/span><\/p><p><span style=\"font-size: 12pt;\">Parmi les peintres connus qui ont s\u00e9journ\u00e9 \u00e0 Pont Aven, figure Gauguin. Mais il n\u2019est pas le seul, et \u00e0 la fin du XIX\u00e8me si\u00e8cle c\u2019est autour de 20 peintres parmi lesquels\u00a0 \u00c9mile Bernard, Paul-\u00c9mile Colin, Paul S\u00e9rusier, Charles Filiger, Maxime Maufra, Henry Moret, Ernest de Chamaillard, Louis Roy qui auraient s\u00e9journ\u00e9 dans la ville, cr\u00e9ant l\u2019\u00e9cole de Pont-Aven, passant alors de l\u2019impressionisme au symbolisme, sans oublier le synth\u00e9tisme.<\/span><\/p><p style=\"text-align: center; font-size: 16px;\"><em><span style=\"color: #003366;\"><strong>N\u00e9vez<\/strong><\/span>, est une jolie petite ville de Bretagne Sud en\u00a0 France qui borde l\u2019atlantique. Elle est situ\u00e9e entre les villes de Tr\u00e9gunc et de Pont-Aven.<\/em><\/p>\t\t\t\t\t\t\t\t<\/div>\n\t\t\t\t\t<\/div>\n\t\t\t\t<\/div>\n\t\t<aside class=\"elementor-element elementor-element-ed54294 e-flex e-con-boxed e-con e-parent\" data-id=\"ed54294\" data-element_type=\"container\" data-e-type=\"container\">\n\t\t\t\t\t<div class=\"e-con-inner\">\n\t\t\t\t<div class=\"elementor-element elementor-element-0a9dfa2 elementor-widget elementor-widget-listeo-posts-grid\" data-id=\"0a9dfa2\" data-element_type=\"widget\" data-e-type=\"widget\" data-widget_type=\"listeo-posts-grid.default\">\n\t\t\t\t<div class=\"elementor-widget-container\">\n\t\t\t\t\t\t\t\n\t\t<div class=\"listeo-post-grid-wrapper\">\n\t\t\t<div class=\"row\">\n\n\t\t\t\n\n\t\t\t\t\t\t\t<div class=\"col-md-4\">\n                <a href=\"https:\/\/cparici.com\/fr\/trevignon-pointe-de-trevignon-a-tregunc-en-finistere\/\" class=\"blog-compact-item-container\">\n                    <div class=\"blog-compact-item\">\n                        <img decoding=\"async\" width=\"577\" height=\"167\" src=\"https:\/\/cparici.com\/wp-content\/uploads\/2022\/09\/Trevignon-Pointe-de-Trevignon-a-Tregunc-en-finistere-banniere.jpg\" class=\"attachment-listeo-blog-related-post size-listeo-blog-related-post wp-post-image\" alt=\"Trevignon - Pointe de Tr\u00e9vignon \u00e0 Tr\u00e9gunc en finist\u00e8re\" srcset=\"https:\/\/cparici.com\/wp-content\/uploads\/2022\/09\/Trevignon-Pointe-de-Trevignon-a-Tregunc-en-finistere-banniere.jpg 1520w, https:\/\/cparici.com\/wp-content\/uploads\/2022\/09\/Trevignon-Pointe-de-Trevignon-a-Tregunc-en-finistere-banniere-600x174.jpg 600w, https:\/\/cparici.com\/wp-content\/uploads\/2022\/09\/Trevignon-Pointe-de-Trevignon-a-Tregunc-en-finistere-banniere-768x222.jpg 768w, https:\/\/cparici.com\/wp-content\/uploads\/2022\/09\/Trevignon-Pointe-de-Trevignon-a-Tregunc-en-finistere-banniere-350x100.jpg 350w\" sizes=\"(max-width: 577px) 100vw, 577px\" \/><span class=\"blog-item-tag\">Bretagne<\/span>                        \n                        <div class=\"blog-compact-item-content\">\n                                                        <h3>Trevignon \u2013 Pointe de Tr\u00e9vignon \u00e0 Tr\u00e9gunc en finist\u00e8re<\/h3>\n                                                        <p>Pointe de Tr\u00e9vignon. Cette pointe \u00e0 d\u00e9couvrir se trouve sur la commune de Tr\u00e9gunc, mais...                            <\/p>\n                                                    <\/div>\n                    <\/div>\n                <\/a>\n            <\/div>\n\t\t\t<div class=\"col-md-4\">\n                <a href=\"https:\/\/cparici.com\/fr\/plage-de-tahiti-raguenez-a-nevez-en-finistere-2\/\" class=\"blog-compact-item-container\">\n                    <div class=\"blog-compact-item\">\n                        <img decoding=\"async\" width=\"577\" height=\"170\" src=\"https:\/\/cparici.com\/wp-content\/uploads\/2022\/09\/plage-tahiti-raguenez-nevez-finistere-banniere.jpg\" class=\"attachment-listeo-blog-related-post size-listeo-blog-related-post wp-post-image\" alt=\"Plage de Tahiti - Ragu\u00e9nez \u00e0 N\u00e9vez en Finist\u00e8re\" srcset=\"https:\/\/cparici.com\/wp-content\/uploads\/2022\/09\/plage-tahiti-raguenez-nevez-finistere-banniere.jpg 1520w, https:\/\/cparici.com\/wp-content\/uploads\/2022\/09\/plage-tahiti-raguenez-nevez-finistere-banniere-600x177.jpg 600w, https:\/\/cparici.com\/wp-content\/uploads\/2022\/09\/plage-tahiti-raguenez-nevez-finistere-banniere-768x226.jpg 768w\" sizes=\"(max-width: 577px) 100vw, 577px\" \/><span class=\"blog-item-tag\">Bretagne<\/span>                        \n                        <div class=\"blog-compact-item-content\">\n                                                        <h3>Plage de Tahiti Ragu\u00e9nez \u00e0 N\u00e9vez en Finist\u00e8re<\/h3>\n                                                        <p>D\u00e9couvrez la Plage de Tahiti - Ragu\u00e9nez \u00e0 N\u00e9vez en Finist\u00e8re. Toutes les inofs pratiques...                            <\/p>\n                                                    <\/div>\n                    <\/div>\n                <\/a>\n            <\/div>\n\t\t\t<div class=\"col-md-4\">\n                <a href=\"https:\/\/cparici.com\/fr\/plage-de-port-manech-a-nevez-en-finistere\/\" class=\"blog-compact-item-container\">\n                    <div class=\"blog-compact-item\">\n                        <img decoding=\"async\" width=\"577\" height=\"160\" src=\"https:\/\/cparici.com\/wp-content\/uploads\/2022\/09\/plage-de-port-manech-a-nevez-en-finistere-banniere.jpg\" class=\"attachment-listeo-blog-related-post size-listeo-blog-related-post wp-post-image\" alt=\"plage de port manech a n\u00e9vez en finist\u00e8re\" srcset=\"https:\/\/cparici.com\/wp-content\/uploads\/2022\/09\/plage-de-port-manech-a-nevez-en-finistere-banniere.jpg 1520w, https:\/\/cparici.com\/wp-content\/uploads\/2022\/09\/plage-de-port-manech-a-nevez-en-finistere-banniere-600x166.jpg 600w, https:\/\/cparici.com\/wp-content\/uploads\/2022\/09\/plage-de-port-manech-a-nevez-en-finistere-banniere-768x212.jpg 768w\" sizes=\"(max-width: 577px) 100vw, 577px\" \/><span class=\"blog-item-tag\">Bretagne<\/span>                        \n                        <div class=\"blog-compact-item-content\">\n                                                        <h3>Plage de Port Manec\u2019h \u00e0 N\u00e9vez en Finist\u00e8re<\/h3>\n                                                        <p>D\u00e9couvrez la Plage de Port Manech et le village de Port Manech, son port et...                            <\/p>\n                                                    <\/div>\n                    <\/div>\n                <\/a>\n            <\/div>\n  <\/div>\n        <\/div>\n        \t\t\t\t<\/div>\n\t\t\t\t<\/div>\n\t\t\t\t\t<\/div>\n\t\t\t\t<\/aside>\n\t\t\t\t<\/div>\n\t\t","protected":false},"excerpt":{"rendered":"<p>Kerasco\u00ebt &#8211; les chaumi\u00e8res de Kerascoet \u00e0 N\u00e9vez en Finist\u00e8re, d\u00e9couvrez les maisons typiques recouvertes de toit de chaume<\/p>\n","protected":false},"author":1,"featured_media":14898,"comment_status":"closed","ping_status":"closed","sticky":false,"template":"","format":"image","meta":{"ngg_post_thumbnail":0,"footnotes":""},"categories":[498,314,478,160,161,479,477,315],"tags":[357,364,352,362,363,353,361,365],"class_list":["post-14893","post","type-post","status-publish","format-image","has-post-thumbnail","hentry","category-nevez","category-architecture","category-bretagne","category-culture","category-famille","category-finistere","category-france","category-histoire","tag-bretagne-sud","tag-chaumieres","tag-finistere","tag-kerascoet","tag-kercanic","tag-nevez","tag-rospico","tag-village","post_format-post-format-image"],"_links":{"self":[{"href":"https:\/\/cparici.com\/fr\/wp-json\/wp\/v2\/posts\/14893","targetHints":{"allow":["GET"]}}],"collection":[{"href":"https:\/\/cparici.com\/fr\/wp-json\/wp\/v2\/posts"}],"about":[{"href":"https:\/\/cparici.com\/fr\/wp-json\/wp\/v2\/types\/post"}],"author":[{"embeddable":true,"href":"https:\/\/cparici.com\/fr\/wp-json\/wp\/v2\/users\/1"}],"replies":[{"embeddable":true,"href":"https:\/\/cparici.com\/fr\/wp-json\/wp\/v2\/comments?post=14893"}],"version-history":[{"count":2,"href":"https:\/\/cparici.com\/fr\/wp-json\/wp\/v2\/posts\/14893\/revisions"}],"predecessor-version":[{"id":85106,"href":"https:\/\/cparici.com\/fr\/wp-json\/wp\/v2\/posts\/14893\/revisions\/85106"}],"wp:featuredmedia":[{"embeddable":true,"href":"https:\/\/cparici.com\/fr\/wp-json\/wp\/v2\/media\/14898"}],"wp:attachment":[{"href":"https:\/\/cparici.com\/fr\/wp-json\/wp\/v2\/media?parent=14893"}],"wp:term":[{"taxonomy":"category","embeddable":true,"href":"https:\/\/cparici.com\/fr\/wp-json\/wp\/v2\/categories?post=14893"},{"taxonomy":"post_tag","embeddable":true,"href":"https:\/\/cparici.com\/fr\/wp-json\/wp\/v2\/tags?post=14893"}],"curies":[{"name":"wp","href":"https:\/\/api.w.org\/{rel}","templated":true}]}}