{"id":15450,"date":"2022-10-26T12:39:30","date_gmt":"2022-10-26T10:39:30","guid":{"rendered":"https:\/\/cparici.com\/?p=15450"},"modified":"2025-04-22T17:17:05","modified_gmt":"2025-04-22T15:17:05","slug":"chateau-de-villandry","status":"publish","type":"post","link":"https:\/\/cparici.com\/fr\/chateau-de-villandry\/","title":{"rendered":"Ch\u00e2teau de Villandry"},"content":{"rendered":"\t\t<div data-elementor-type=\"wp-post\" data-elementor-id=\"15450\" class=\"elementor elementor-15450\" data-elementor-post-type=\"post\">\n\t\t\t\t<div class=\"elementor-element elementor-element-c22ddf2 e-con-full e-flex e-con e-parent\" data-id=\"c22ddf2\" data-element_type=\"container\" data-e-type=\"container\">\n\t\t\t\t<div class=\"elementor-element elementor-element-44f232d elementor-widget elementor-widget-image\" data-id=\"44f232d\" data-element_type=\"widget\" data-e-type=\"widget\" data-widget_type=\"image.default\">\n\t\t\t\t\t\t\t\t\t\t\t\t\t\t\t<img decoding=\"async\" width=\"1520\" height=\"417\" src=\"https:\/\/cparici.com\/wp-content\/uploads\/2022\/10\/chateau-de-Villandry.jpg\" class=\"attachment-full size-full wp-image-15459\" alt=\"Ch\u00e2teau de Villandry - monument et jardins \u00e0 la fran\u00e7aise\" srcset=\"https:\/\/cparici.com\/wp-content\/uploads\/2022\/10\/chateau-de-Villandry.jpg 1520w, https:\/\/cparici.com\/wp-content\/uploads\/2022\/10\/chateau-de-Villandry-600x165.jpg 600w, https:\/\/cparici.com\/wp-content\/uploads\/2022\/10\/chateau-de-Villandry-768x210.jpg 768w\" sizes=\"(max-width: 1520px) 100vw, 1520px\" \/>\t\t\t\t\t\t\t\t\t\t\t\t\t\t\t<\/div>\n\t\t\t\t<\/div>\n\t\t<div class=\"elementor-element elementor-element-4dcdebf e-flex e-con-boxed e-con e-parent\" data-id=\"4dcdebf\" data-element_type=\"container\" data-e-type=\"container\">\n\t\t\t\t\t<div class=\"e-con-inner\">\n\t\t\t\t<div class=\"elementor-element elementor-element-548bfa6 elementor-widget elementor-widget-global elementor-global-62046 elementor-widget-eael-advanced-search\" data-id=\"548bfa6\" data-element_type=\"widget\" data-e-type=\"widget\" data-widget_type=\"eael-advanced-search.default\">\n\t\t\t\t\t        <div class=\"eael-adv-search-wrapper\">\n            <div id=\"eael-advanced-search-widget-548bfa6\" class=\"eael-advanced-search-widget\">\n                <form data-settings=\"{&quot;post_per_page&quot;:5,&quot;search_among_taxonomies&quot;:&quot;&quot;,&quot;search_among_sku&quot;:&quot;no&quot;,&quot;show_popular_keyword&quot;:0,&quot;show_category&quot;:0,&quot;show_content_image&quot;:1,&quot;show_search_result_all_results&quot;:0,&quot;result_on_new_tab&quot;:&quot;no&quot;,&quot;show_product_price&quot;:&quot;no&quot;,&quot;include_current_page&quot;:&quot;no&quot;,&quot;current_post_id&quot;:15450,&quot;post_type&quot;:[&quot;post&quot;,&quot;listing&quot;]}\" method=\"POST\" name=\"eael-advanced-search-form-548bfa6\" class=\"eael-advanced-search-form eael-advanced-search-form-style-2\">\n                    <div class=\"eael-advanced-search-wrap\">\n                        <span class=\"eael-adv-search-loader\"><\/span>\n                        <span class=\"eael-adv-search-close\"><i class=\"fas fa-times\"><\/i><\/span>\n                        <span class=\"icon \"><i class=\"fas fa-search\"><\/i><\/span>\n\n                        <input type=\"text\"\n                               placeholder=\"Votre destination\"\n                               class=\"eael-advanced-search\" autocomplete=\"off\" name=\"eael_advanced_search\">\n                    <\/div>\n\t\t\t\t\t                                    <\/form>\n\n\t\t\t\t\n\t\t\t\t        <div class=\"eael-advanced-search-result\">\n            <div class=\"eael-advanced-search-popular-keyword\">\n\t\t\t\t<h4 class=\"eael-advanced-search-popular-keyword-text\">Recherches populaires<\/h4>                <div class=\"eael-popular-keyword-content\"><\/div>\n            <\/div>\n            <div class=\"eael-advanced-search-category\">\n\t\t\t\t<h4 class=\"eael-advanced-search-category-text\">Categories<\/h4>                <div class=\"eael-popular-category-content\"><\/div>\n            <\/div>\n\t\t\t<div class=\"eael-advanced-search-total-results-section\">\n\t\t\t\t\t\t\t<\/div>\n            <div class=\"eael-advanced-search-content eael-item-style-3\">\n            <\/div>\n            <div class=\"eael-advanced-search-not-found\">\n                <p>Pas de r\u00e9sultats<\/p><\/div>\n            <div class=\"eael-advanced-search-load-more\">\n\t\t\t\t<a \tclass=\"eael-advanced-search-load-more-button\"\n                \thref=\"#\">Voir tous les r\u00e9sultats<\/a>\n            <\/div>\n        <\/div>\n\n\t\t            <\/div>\n        <\/div>\n\n\t\t\t\t\t\t<\/div>\n\t\t\t\t\t<\/div>\n\t\t\t\t<\/div>\n\t\t<div class=\"elementor-element elementor-element-5c326af2 e-flex e-con-boxed e-con e-parent\" data-id=\"5c326af2\" data-element_type=\"container\" data-e-type=\"container\">\n\t\t\t\t\t<div class=\"e-con-inner\">\n\t\t\t\t<div class=\"elementor-element elementor-element-641cb381 elementor-widget elementor-widget-text-editor\" data-id=\"641cb381\" data-element_type=\"widget\" data-e-type=\"widget\" data-widget_type=\"text-editor.default\">\n\t\t\t\t\t\t\t\t\t<h1 style=\"text-align: center;\"><span style=\"color: #003366; font-size: 18pt;\">Ch\u00e2teau de Villandry<\/span><\/h1><h2 style=\"text-align: center;\"><span style=\"color: #003366;\"><span style=\"font-size: 18.6667px;\">Ch\u00e2teau de Villandry &#8211;\u00a0 tout ce que vous devez savoir pour visiter le domaine de Villandry<\/span><\/span><\/h2><p><span style=\"font-size: 12pt;\"><strong>Ch\u00e2teau de Villandry<\/strong> d\u00e9signe le domaine situ\u00e9 \u00e0 l&#8217;ouest de la ville de Tours, \u00e0 Villandry, dans le d\u00e9partement d&#8217;Indre-et-Loire, en France.<\/span><\/p><h3>Classement de Villandry<\/h3><p><span style=\"font-size: 12pt;\">Le domaine de Villandry est <strong>class\u00e9 au titre des monuments historiques<\/strong> depuis 1927. Il est inscrit au patrimoine mondial de l&#8217;Unesco.<\/span><\/p><h2 style=\"text-align: left;\"><span style=\"font-size: 18pt; color: #333399;\">Ch\u00e2teau de Villandry &#8211; informations pratiques<\/span><\/h2><p style=\"text-align: center;\"><span style=\"color: #333399;\"><strong>_________________<\/strong><\/span><\/p><h3>Visites<\/h3><p><span style=\"font-size: 12pt;\">Les jardins et le ch\u00e2teau sont ouverts \u00e0 la visite une grande partie de l&#8217;ann\u00e9e. Les jardins sont ouverts tous les jours de l&#8217;ann\u00e9e. La r\u00e9servation n&#8217;est pas n\u00e9cessaire. L&#8217;acaht des billets est possible en ligne sur le site officiel du ch\u00e2teau de Villandry.<\/span><\/p><h3>Horaires de visites<\/h3><p><span style=\"font-size: 12pt;\"><strong>Les horaires de visite du ch\u00e2teau de Villandry <\/strong>sont de 9h30 a 17h30, ou de 9h00 \u00e0 17h30 en haute saison.<\/span><\/p><h3>Tarifs<\/h3><p><span style=\"font-size: 12pt;\">Les tarifs de visite de Villandry vont de 7.50 euros pour visiter les jardins, et 12 euros pour visiter le ch\u00e2teau et les jardins. Il y a un tarfis jeunes, et un tarif groupes.<\/span><\/p><h3>Domaine de Villandry &#8211; Acc\u00e8s<\/h3><p><span style=\"font-size: 12pt;\">L&#8217;acc\u00e8s au ch\u00e2teau de Villandry est facile en empruntant l&#8217;autoroute A 85 &#8211; E60, et la sortie 8. Il reste quelques kilom\u00e8tres \u00e0 effectuer sur la D7, avant de trouver le ch\u00e2teau sur votre route.<\/span><\/p><p><span style=\"font-size: 12pt;\">Le stationnement est facile, en utilisant le parking principal qui se situe face au domaine sur la D7.<\/span><\/p><h3>Services du domaine<\/h3><p><span style=\"font-size: 12pt;\">Les services propos\u00e9s sont divers. En effet, le sit offre trois boutiques diff\u00e9rentes, un site de r\u00e9servation, 3 sites de restauration, et 3 sites d&#8217;h\u00e9bergement diff\u00e9rents.<\/span><\/p><h3>Ev\u00e8nements au domaine<\/h3><p><span style=\"font-size: 12pt;\">Le domaine participe \u00e0\u00a0 des \u00e9v\u00e8nements, comme la nuit des chateaux, ou les journ\u00e9es du potager. Des expositions temporaires sont aussi organis\u00e9es.<\/span><\/p><h2 style=\"text-align: center;\"><span style=\"font-size: 18pt; color: #333399;\">Ch\u00e2teau de Villandry &#8211; Pr\u00e9sentation du domaine<\/span><\/h2><p style=\"text-align: center;\"><span style=\"color: #333399;\"><strong>_________________<\/strong><\/span><\/p><h3>Le chateau<\/h3><p><span style=\"font-size: 12pt;\">Le chateau de Villandry est constitu\u00e9 d&#8217;un donjon, seul vestige de l&#8217;\u00e9poque m\u00e9di\u00e9vale. Le b\u00e2timent est surmont\u00e9 de toitures en ardoise fortement pentues, qui donnent un style plus l\u00e9ger, orn\u00e9es de lucarnes comportant chacune un fronton et un haut relief. Les facades comportent des fen\u00eatres align\u00e9es et orn\u00e9es de corniches et pilastres. Le monument comporte aussi des galeries \u00e0 arcades et une cour d&#8217;honneur s&#8217;ouvrant sur La Loire.<\/span><\/p><h4>Le donjon du ch\u00e2teau de Villandry<\/h4><p><span style=\"font-size: 12pt;\">Le donjon constitue un \u00e9l\u00e9ment de choix du ch\u00e2teau, et il est tout ce qui reste de la forteresse m\u00e9di\u00e9vale. Il conserve son escalier en colima\u00e7on.<\/span><\/p><h4>La Biblioth\u00e8que<\/h4><p>La biblioth\u00e8que du domaine regroupe des ouvrages en rapport avec Joachim Carvallo et Ann Coleman.<\/p><h4>La salle Fran\u00e7ois 1er<\/h4><p><span style=\"font-size: 12pt;\">La salle Fran\u00e7ois 1er &#8211; situ\u00e9e dans le donjon m\u00e9di\u00e9val &#8211;\u00a0 fut inaugur\u00e9e en 2015, lors de la comm\u00e9moration du cinqui\u00e8me centenaire du couronnement du roi Fran\u00e7ois 1er. Cette salle comporte une exposition permanente en lien avec Fran\u00e7ois 1er et la Rennaissance et pr\u00e9sente aussi des expositions temporaires.<\/span><\/p><h4>Les autres pi\u00e8ces du ch\u00e2teau de Villandry<\/h4><p><span style=\"font-size: 12pt;\">Villandry comporte de nombreuses autres pi\u00e8ces de vie int\u00e9ressantes: la salle \u00e0 manger, la salon et le cabinet de travail, la salle \u00e0 manger, la cuisine, le salon oriental, la galerie des peintures, l&#8217;escalier d&#8217;honneur, et plusieurs chambres &#8211; la chambre du Prince J\u00e9r\u00f4me, la chambre de Joachim Carvallo, la chambre du Potager, la chambre des douves, et les chambres d&#8217;enfants.<\/span><\/p><h3>Villandry &#8211; Les jardins<\/h3><p><span style=\"font-size: 12pt;\">Les jardins de Villandry sont tous proches du ch\u00e2teau et sont r\u00e9partis en trois jardins: le jardin d&#8217;ornement, le potager, et le jardin d&#8217;eau.<\/span><\/p><h4>Le jardin d&#8217;ornement<\/h4><p><span style=\"font-size: 12pt;\">Le jardin d&#8217;Ornement est divis\u00e9 en deux: le jardin d&#8217;amour, constitu\u00e9 de 4 carr\u00e9s, et le jardin des croix, repr\u00e9sentant la croix de Malte, du pays basque et du Languedoc, et les fleurs de Lys.<\/span><\/p><h4>Le pavillon de l&#8217;Audience<\/h4><p><span style=\"font-size: 12pt;\">Ce petit b\u00e2timent situ\u00e9 dans le sud du domaine, est constitutif des jardins \u00e0 la fran\u00e7aise, et fut imagin\u00e9 par le marquis de Castellane. Il y accueillait les villageois et paysans en audience.<\/span><\/p><h4>Le jardin d&#8217;eau<\/h4><p><span style=\"font-size: 12pt;\">Il se situe au sud du parc et est constitu\u00e9 d&#8217;un miroir d&#8217;eau central, entour\u00e9 de parcelles d\u00e9gag\u00e9es et engazonn\u00e9s.<\/span><\/p><h4>Le jardin du soleil<\/h4><p><span style=\"font-size: 12pt;\">Le jardin du soleil est compos\u00e9 de 3 espaces distincts: la chambre des enfants, la chambre du soleil, et la chambre des Nuages. A noter dans la chambre du soleil, le bassin en forme d&#8217;\u00e9toile \u00e0 huit branches.<\/span><\/p><h4>Le labyrinthe au ch\u00e2teau de Villandry<\/h4><p><span style=\"font-size: 12pt;\">Le labyrinthe est un des \u00e9l\u00e9ments habituels des jardins de la Renaissance. Celui-ci est constitu\u00e9 de charmille, et est r\u00e9alis\u00e9 \u00e0 partir de plans de jardins de la Renaissance.<\/span><\/p><p style=\"text-align: center; font-size: 16px;\"><span style=\"color: #000080;\"><a style=\"color: #000080;\" href=\"https:\/\/cparici.com\/fr\/chateau-de-la-loire\/\"><span style=\"font-size: 14pt;\"><strong>Chateaux de la Loire &#8211; d\u00e9couvrez\u00a0 les domaines et leurs jardins,\u00a0 leur architecture, et leur histoire<\/strong><\/span><\/a><\/span><\/p><div class=\"schema-faq wp-block-yoast-faq-block\"><h2 id=\"faq-question-1661416683037\" class=\"schema-faq-section\" style=\"text-align: center;\">\u00a0<span style=\"color: #333399;\">Chateau de Villandry &#8211; Histoire\u00a0<\/span><\/h2><p style=\"text-align: center;\"><span style=\"color: #333399;\"><strong>_________________<\/strong><\/span><\/p><\/div><h3><span style=\"font-size: 14pt;\">Une forteresse m\u00e9di\u00e9vale<\/span><\/h3><p><span style=\"font-size: 12pt;\">Le nom originel du chateau de Villandry est Colombiers, ou Coulombiers. Il s&#8217;agit d&#8217;une forteresse m\u00e9di\u00e9vale. De cette \u00e9poque, il reste le donjon, plus tard int\u00e9gr\u00e9 dans le monument de la Renaissance. On estime qu&#8217;il y avait certainement de part et d&#8217;autre du donjon un corps de b\u00e2timent, formant un L avec des \u00e9l\u00e9ments de d\u00e9fense.<\/span><\/p><h3>La Renaissance au ch\u00e2teau de Villandry<\/h3><p><span style=\"font-size: 12pt;\">C&#8217;est sous Fran\u00e7ois 1er que Jean Breton, son secr\u00e9taire des Finances, va acheter le domaine de Villandry et donner au ch\u00e2teau une allure de modernit\u00e9. Il <\/span><span style=\"font-size: 12pt;\">renomme le domaine &#8216;Villandry&#8217;, puis, gr\u00e2ce \u00e0 ses voyages en Italie et son exp\u00e9rience au ch\u00e2teau de Chambord, il entreprend des travaux qui vont compl\u00e8tement r\u00e9volutionner la forteresse m\u00e9di\u00e8vale. D&#8217;une forme en L, le b\u00e2timent principal sera augment\u00e9 d&#8217;une aile suppl\u00e9mentaire lui donnant une forme en U. L&#8217;architecture est travaill\u00e9e pour lui donner l&#8217;allure d&#8217;un ch\u00e2teau Renaissance \u00e0 l&#8217;italienne, avec des arcades, des lucarnes, des toitures d&#8217;ardoises, et un b\u00e2timent ouvert sur la Loire.<\/span><\/p><h3>Le XVIII\u00e8me si\u00e8cle<\/h3><p><span style=\"font-size: 12pt;\">Le chateau est acquis par le comte de Castellane en 1754 et il effectue de grands travaux qui vont modifier l&#8217;aspect du ch\u00e2teau et du domaine en en particulier des \u00e9l\u00e9ments de confort \u00e0 l&#8217;int\u00e9rieur, dont un escalier, ce qui entrainera la d\u00e9molition de la tour int\u00e9rieur de la cour d&#8217;honneur.<\/span><\/p><p><span style=\"font-size: 12pt;\">Le domaine est agrandi et le parc est agr\u00e9ment\u00e9 de jardins \u00e0 la fran\u00e7aise, avec terrasses, orangeries, etc&#8230; Un pavillon, le pavillon de l&#8217;Audience, est construit.<\/span><\/p><h3>Le XX\u00e8me si\u00e8cle<\/h3><p><span style=\"font-size: 12pt;\">Joachim Carvallo acquiert le chateau au d\u00e9but du XX\u00e8me si\u00e8cle et d\u00e9cide de r\u00e9am\u00e9nager les jardins pour qu&#8217;ils correspondent plus \u00e0 ce que doit \u00eatre un jardin \u00e0 la fran\u00e7aise. Il r\u00e9alise un travail d&#8217;historien, pour r\u00e9aliser des travaux les plus fid\u00e8les \u00e0 ce qu&#8217;auraient d\u00fb \u00eatre les jardins de Villandry.<\/span><\/p><h2 data-start=\"0\" data-end=\"56\"><span style=\"font-size: 18pt;\">FAQ &#8211; Foire Aux Questions sur le <strong data-start=\"30\" data-end=\"54\">Ch\u00e2teau de Villandry<\/strong><\/span><\/h2><h3 data-start=\"58\" data-end=\"111\">Quelle est l\u2019histoire du Ch\u00e2teau de Villandry ?<\/h3><p data-start=\"112\" data-end=\"419\">Le <strong data-start=\"115\" data-end=\"139\">Ch\u00e2teau de Villandry<\/strong> a \u00e9t\u00e9 construit en <strong data-start=\"159\" data-end=\"167\">1536<\/strong> par Jean Le Breton, ministre de Fran\u00e7ois Ier, sur les bases d&#8217;une ancienne forteresse m\u00e9di\u00e9vale. Il est surtout c\u00e9l\u00e8bre pour ses <strong data-start=\"297\" data-end=\"321\">jardins remarquables<\/strong>, qui ont \u00e9t\u00e9 restaur\u00e9s au d\u00e9but du XXe si\u00e8cle par la famille Carvallo, propri\u00e9taire du domaine.<\/p><h3 data-start=\"421\" data-end=\"468\">Comment visiter le Ch\u00e2teau de Villandry ?<\/h3><p data-start=\"469\" data-end=\"518\">Le ch\u00e2teau propose plusieurs types de visites :<\/p><ul data-start=\"519\" data-end=\"700\"><li data-start=\"519\" data-end=\"566\"><strong data-start=\"521\" data-end=\"537\">Visite libre<\/strong> avec un livret explicatif.<\/li><li data-start=\"567\" data-end=\"605\"><strong data-start=\"569\" data-end=\"586\">Visite guid\u00e9e<\/strong> sur r\u00e9servation.<\/li><li data-start=\"606\" data-end=\"700\"><strong data-start=\"608\" data-end=\"630\">Visite des jardins<\/strong> uniquement, pour ceux qui souhaitent se concentrer sur l\u2019ext\u00e9rieur.<\/li><\/ul><h3 data-start=\"702\" data-end=\"759\">Quel est le prix d\u2019entr\u00e9e du Ch\u00e2teau de Villandry ?<\/h3><ul data-start=\"760\" data-end=\"970\"><li data-start=\"760\" data-end=\"820\"><strong data-start=\"762\" data-end=\"783\">Ch\u00e2teau + Jardins<\/strong> : environ <strong data-start=\"794\" data-end=\"802\">13 \u20ac<\/strong> pour un adulte.<\/li><li data-start=\"821\" data-end=\"866\"><strong data-start=\"823\" data-end=\"845\">Jardins uniquement<\/strong> : environ <strong data-start=\"856\" data-end=\"863\">8 \u20ac<\/strong>.<\/li><li data-start=\"867\" data-end=\"929\"><strong data-start=\"869\" data-end=\"887\">Tarifs r\u00e9duits<\/strong> pour les enfants, \u00e9tudiants et groupes.<\/li><li data-start=\"930\" data-end=\"970\"><strong data-start=\"932\" data-end=\"943\">Gratuit<\/strong> pour les moins de 8 ans.<\/li><\/ul><h3 data-start=\"972\" data-end=\"1027\">Combien de temps faut-il pour visiter Villandry ?<\/h3><ul data-start=\"1028\" data-end=\"1185\"><li data-start=\"1028\" data-end=\"1072\"><strong data-start=\"1030\" data-end=\"1043\">1h \u00e0 1h30<\/strong> pour la visite du ch\u00e2teau.<\/li><li data-start=\"1073\" data-end=\"1120\"><strong data-start=\"1075\" data-end=\"1086\">1h \u00e0 2h<\/strong> pour la d\u00e9couverte des jardins.<\/li><li data-start=\"1121\" data-end=\"1185\">Pour une <strong data-start=\"1132\" data-end=\"1151\">visite compl\u00e8te<\/strong>, pr\u00e9voyez <strong data-start=\"1162\" data-end=\"1182\">environ 3 heures<\/strong>.<\/li><\/ul><h3 data-start=\"1187\" data-end=\"1249\">Pourquoi les jardins de Villandry sont-ils si c\u00e9l\u00e8bres ?<\/h3><p data-start=\"1250\" data-end=\"1410\">Les <strong data-start=\"1254\" data-end=\"1278\">jardins de Villandry<\/strong> sont consid\u00e9r\u00e9s comme l\u2019un des plus beaux exemples de jardins \u00e0 la fran\u00e7aise en Europe. Ils sont organis\u00e9s en plusieurs espaces :<\/p><ul data-start=\"1411\" data-end=\"1668\"><li data-start=\"1411\" data-end=\"1477\">Le <strong data-start=\"1416\" data-end=\"1437\">jardin d\u2019ornement<\/strong>, avec ses motifs symboliques d\u2019amour.<\/li><li data-start=\"1478\" data-end=\"1536\">Le <strong data-start=\"1483\" data-end=\"1504\">potager d\u00e9coratif<\/strong>, un chef-d\u2019\u0153uvre g\u00e9om\u00e9trique.<\/li><li data-start=\"1537\" data-end=\"1592\">Le <strong data-start=\"1542\" data-end=\"1558\">jardin d\u2019eau<\/strong>, offrant une ambiance paisible.<\/li><li data-start=\"1593\" data-end=\"1668\">Le <strong data-start=\"1598\" data-end=\"1612\">labyrinthe<\/strong> et le <strong data-start=\"1619\" data-end=\"1639\">jardin du soleil<\/strong>, parfaits pour une balade.<\/li><\/ul><h3 data-start=\"1670\" data-end=\"1747\">Quelle est la meilleure p\u00e9riode pour visiter les jardins de Villandry ?<\/h3><p data-start=\"1748\" data-end=\"1979\">Les jardins sont magnifiques toute l\u2019ann\u00e9e, mais le <strong data-start=\"1800\" data-end=\"1822\">printemps et l\u2019\u00e9t\u00e9<\/strong> sont les meilleures saisons pour voir les fleurs et le potager en pleine production. En <strong data-start=\"1911\" data-end=\"1922\">automne<\/strong>, les couleurs changent et offrent un charme diff\u00e9rent.<\/p><h3 data-start=\"1981\" data-end=\"2013\">Peut-on manger sur place ?<\/h3><p data-start=\"2014\" data-end=\"2127\">Oui, il y a un <strong data-start=\"2029\" data-end=\"2062\">restaurant et un salon de th\u00e9<\/strong> pr\u00e8s du ch\u00e2teau, ainsi qu\u2019une aire de pique-nique \u00e0 proximit\u00e9.<\/p><h3 data-start=\"2129\" data-end=\"2160\">O\u00f9 se garer \u00e0 Villandry ?<\/h3><p data-start=\"2161\" data-end=\"2261\">Un <strong data-start=\"2164\" data-end=\"2183\">parking gratuit<\/strong> est disponible \u00e0 l\u2019entr\u00e9e du site, \u00e0 quelques minutes de marche du ch\u00e2teau.<\/p><h3 data-start=\"2263\" data-end=\"2328\">Quels sont les autres sites \u00e0 visiter autour de Villandry ?<\/h3><ul data-start=\"2329\" data-end=\"2583\"><li data-start=\"2329\" data-end=\"2382\">Le <strong data-start=\"2334\" data-end=\"2362\">Ch\u00e2teau d\u2019<a href=\"https:\/\/cparici.com\/fr\/azay-le-rideau-chateau-informations-pratiques\/\">Azay-le-Rideau<\/a><\/strong>, \u00e0 environ 10 km.<\/li><li data-start=\"2383\" data-end=\"2444\">Le <strong data-start=\"2388\" data-end=\"2411\">Ch\u00e2teau de <a href=\"https:\/\/cparici.com\/fr\/chateau-de-langeais\/\">Langeais<\/a><\/strong>, avec son pont-levis m\u00e9di\u00e9val.<\/li><li data-start=\"2445\" data-end=\"2505\">Les <strong data-start=\"2451\" data-end=\"2502\">grottes troglodytiques de la vall\u00e9e de la Loire<\/strong>.<\/li><li data-start=\"2506\" data-end=\"2583\">Tours, la ville la plus proche, avec son centre historique et ses mus\u00e9es.<\/li><\/ul><h3 data-start=\"2585\" data-end=\"2636\">Peut-on dormir pr\u00e8s du Ch\u00e2teau de Villandry ?<\/h3><p data-start=\"2637\" data-end=\"2735\">Oui, il existe plusieurs <strong data-start=\"2662\" data-end=\"2699\">chambres d\u2019h\u00f4tes, h\u00f4tels et g\u00eetes<\/strong> dans le village et aux alentours.<\/p><h3 data-start=\"2737\" data-end=\"2792\">Y a-t-il des \u00e9v\u00e9nements au Ch\u00e2teau de Villandry ?<\/h3><p data-start=\"2793\" data-end=\"2947\">Oui, le ch\u00e2teau organise des <strong data-start=\"2822\" data-end=\"2857\">nocturnes aux chandelles en \u00e9t\u00e9<\/strong>, des <strong data-start=\"2863\" data-end=\"2884\">f\u00eates des plantes<\/strong>, et d&#8217;autres animations th\u00e9matiques tout au long de l&#8217;ann\u00e9e.<\/p><h3 style=\"text-align: center;\">T\u00e9moignages anciens<\/h3><p><span style=\"font-size: 12pt;\"><em>&#8220;Villandry est un grand ch\u00e2teau du XVI\u00e8me si\u00e8cle, une r\u00e9sidence magnifique succ\u00e9dant \u00e0 une forteresse des premiers si\u00e8cles f\u00e9odaux, le ch\u00e2teau de Colombier, lequel joue son r\u00f4le au temps des luttes entre Philippe-Auguste et Jean-Sans-Terre.<\/em><\/span><\/p><p><span style=\"font-size: 12pt;\"><em>Sous les beaux ombrages d&#8217;un parc, c&#8217;est une noble fa\u00e7ade \u00e0 deux \u00e9tages surmont\u00e9s de grands toits \u00e0 lucarnes Renaissance, entre un haut pavillon d&#8217;angle et une forte tour carr\u00e9 \u00e0 figure de donjon, qui doit dater des derni\u00e8res ann\u00e9es du XV\u00e8me si\u00e8cle et qui probablement succ\u00e8de au donjon primitif de Colombiers.&#8221; <\/em>Les Ch\u00e2teaux de la Loire par A. Robida<\/span><\/p>\t\t\t\t\t\t\t\t<\/div>\n\t\t\t\t\t<\/div>\n\t\t\t\t<\/div>\n\t\t<div class=\"elementor-element elementor-element-86eae2f e-flex e-con-boxed e-con e-parent\" data-id=\"86eae2f\" data-element_type=\"container\" data-e-type=\"container\">\n\t\t\t\t\t<div class=\"e-con-inner\">\n\t\t\t\t<div class=\"elementor-element elementor-element-d614224 elementor-widget elementor-widget-listeo-posts-grid\" data-id=\"d614224\" data-element_type=\"widget\" data-e-type=\"widget\" data-widget_type=\"listeo-posts-grid.default\">\n\t\t\t\t<div class=\"elementor-widget-container\">\n\t\t\t\t\t\t\t\n\t\t<div class=\"listeo-post-grid-wrapper\">\n\t\t\t<div class=\"row\">\n\n\t\t\t\n\n\t\t\t\t\t\t\t<div class=\"col-md-4\">\n                <a href=\"https:\/\/cparici.com\/fr\/chambord\/\" class=\"blog-compact-item-container\">\n                    <div class=\"blog-compact-item\">\n                        <img decoding=\"async\" width=\"577\" height=\"204\" src=\"https:\/\/cparici.com\/wp-content\/uploads\/2025\/02\/cparici-2025-02-22T180102.739-577x204.jpg\" class=\"attachment-listeo-blog-related-post size-listeo-blog-related-post wp-post-image\" alt=\"Chambord la commune et le village\" srcset=\"https:\/\/cparici.com\/wp-content\/uploads\/2025\/02\/cparici-2025-02-22T180102.739-577x204.jpg 577w, https:\/\/cparici.com\/wp-content\/uploads\/2025\/02\/cparici-2025-02-22T180102.739-300x106.jpg 300w, https:\/\/cparici.com\/wp-content\/uploads\/2025\/02\/cparici-2025-02-22T180102.739-1024x362.jpg 1024w, https:\/\/cparici.com\/wp-content\/uploads\/2025\/02\/cparici-2025-02-22T180102.739-768x271.jpg 768w, https:\/\/cparici.com\/wp-content\/uploads\/2025\/02\/cparici-2025-02-22T180102.739-590x208.jpg 590w, https:\/\/cparici.com\/wp-content\/uploads\/2025\/02\/cparici-2025-02-22T180102.739-1200x424.jpg 1200w, https:\/\/cparici.com\/wp-content\/uploads\/2025\/02\/cparici-2025-02-22T180102.739-600x212.jpg 600w, https:\/\/cparici.com\/wp-content\/uploads\/2025\/02\/cparici-2025-02-22T180102.739.jpg 1500w\" sizes=\"(max-width: 577px) 100vw, 577px\" \/><span class=\"blog-item-tag\">Centre Val de Loire<\/span>                        \n                        <div class=\"blog-compact-item-content\">\n                                                        <h3>Chambord la commune<\/h3>\n                                                        <p>Chambord une commune \u00e0 red\u00e9couvrir La commune de Chambord, situ\u00e9e dans le d\u00e9partement de Loir-et-Cher...                            <\/p>\n                                                    <\/div>\n                    <\/div>\n                <\/a>\n            <\/div>\n\t\t\t<div class=\"col-md-4\">\n                <a href=\"https:\/\/cparici.com\/fr\/zoo-de-beauval-guide-ultime-pour-planifier-votre-visite\/\" class=\"blog-compact-item-container\">\n                    <div class=\"blog-compact-item\">\n                        <img decoding=\"async\" width=\"577\" height=\"259\" src=\"https:\/\/cparici.com\/wp-content\/uploads\/2024\/05\/zoo-de-beauval.jpg\" class=\"attachment-listeo-blog-related-post size-listeo-blog-related-post wp-post-image\" alt=\"zoo de beauval\" srcset=\"https:\/\/cparici.com\/wp-content\/uploads\/2024\/05\/zoo-de-beauval.jpg 1500w, https:\/\/cparici.com\/wp-content\/uploads\/2024\/05\/zoo-de-beauval-600x269.jpg 600w, https:\/\/cparici.com\/wp-content\/uploads\/2024\/05\/zoo-de-beauval-300x135.jpg 300w, https:\/\/cparici.com\/wp-content\/uploads\/2024\/05\/zoo-de-beauval-1024x459.jpg 1024w, https:\/\/cparici.com\/wp-content\/uploads\/2024\/05\/zoo-de-beauval-768x345.jpg 768w\" sizes=\"(max-width: 577px) 100vw, 577px\" \/><span class=\"blog-item-tag\">Centre Val de Loire<\/span>                        \n                        <div class=\"blog-compact-item-content\">\n                                                        <h3>Zoo de Beauval &#8211; guide ultime pour planifier votre visite en 2026<\/h3>\n                                                        <p>Envie de visiter le zoo de Beauval ? Ne manquez pas notre guide ultime pour...                            <\/p>\n                                                    <\/div>\n                    <\/div>\n                <\/a>\n            <\/div>\n\t\t\t<div class=\"col-md-4\">\n                <a href=\"https:\/\/cparici.com\/fr\/tours-ville\/\" class=\"blog-compact-item-container\">\n                    <div class=\"blog-compact-item\">\n                        <img decoding=\"async\" width=\"577\" height=\"207\" src=\"https:\/\/cparici.com\/wp-content\/uploads\/2024\/07\/Tours-ville.jpg\" class=\"attachment-listeo-blog-related-post size-listeo-blog-related-post wp-post-image\" alt=\"Tours ville\" srcset=\"https:\/\/cparici.com\/wp-content\/uploads\/2024\/07\/Tours-ville.jpg 1490w, https:\/\/cparici.com\/wp-content\/uploads\/2024\/07\/Tours-ville-600x215.jpg 600w, https:\/\/cparici.com\/wp-content\/uploads\/2024\/07\/Tours-ville-300x108.jpg 300w, https:\/\/cparici.com\/wp-content\/uploads\/2024\/07\/Tours-ville-1024x368.jpg 1024w, https:\/\/cparici.com\/wp-content\/uploads\/2024\/07\/Tours-ville-768x276.jpg 768w\" sizes=\"(max-width: 577px) 100vw, 577px\" \/><span class=\"blog-item-tag\">Centre Val de Loire<\/span>                        \n                        <div class=\"blog-compact-item-content\">\n                                                        <h3>Tours: guide complet pour explorer, s\u00e9journer et d\u00e9couvrir<\/h3>\n                                                        <p>D\u00e9couvrez la ville de Tours, son patrimoine, sa gastronomie et ses activit\u00e9s. Un guide complet...                            <\/p>\n                                                    <\/div>\n                    <\/div>\n                <\/a>\n            <\/div>\n  <\/div>\n        <\/div>\n        \t\t\t\t<\/div>\n\t\t\t\t<\/div>\n\t\t\t\t\t<\/div>\n\t\t\t\t<\/div>\n\t\t\t\t<\/div>\n\t\t","protected":false},"excerpt":{"rendered":"<p>Ch\u00e2teau de Villandry &#8211; Tout ce que vous devez savoir sur le domaine situ\u00e9 \u00e0 quelques kilom\u00e8tres de Tours, \u00e0 Villandry &#8211; infos pratiques<\/p>\n","protected":false},"author":1,"featured_media":15459,"comment_status":"closed","ping_status":"closed","sticky":false,"template":"elementor_header_footer","format":"image","meta":{"ngg_post_thumbnail":0,"footnotes":""},"categories":[314,313,160,161,315,169],"tags":[373,374,371,372,407],"class_list":["post-15450","post","type-post","status-publish","format-image","has-post-thumbnail","hentry","category-architecture","category-arts","category-culture","category-famille","category-histoire","category-musees","tag-chateau-de-la-loire","tag-chateaux-de-la-loire","tag-loire","tag-val-de-loire","tag-villandry","post_format-post-format-image"],"_links":{"self":[{"href":"https:\/\/cparici.com\/fr\/wp-json\/wp\/v2\/posts\/15450","targetHints":{"allow":["GET"]}}],"collection":[{"href":"https:\/\/cparici.com\/fr\/wp-json\/wp\/v2\/posts"}],"about":[{"href":"https:\/\/cparici.com\/fr\/wp-json\/wp\/v2\/types\/post"}],"author":[{"embeddable":true,"href":"https:\/\/cparici.com\/fr\/wp-json\/wp\/v2\/users\/1"}],"replies":[{"embeddable":true,"href":"https:\/\/cparici.com\/fr\/wp-json\/wp\/v2\/comments?post=15450"}],"version-history":[{"count":0,"href":"https:\/\/cparici.com\/fr\/wp-json\/wp\/v2\/posts\/15450\/revisions"}],"wp:featuredmedia":[{"embeddable":true,"href":"https:\/\/cparici.com\/fr\/wp-json\/wp\/v2\/media\/15459"}],"wp:attachment":[{"href":"https:\/\/cparici.com\/fr\/wp-json\/wp\/v2\/media?parent=15450"}],"wp:term":[{"taxonomy":"category","embeddable":true,"href":"https:\/\/cparici.com\/fr\/wp-json\/wp\/v2\/categories?post=15450"},{"taxonomy":"post_tag","embeddable":true,"href":"https:\/\/cparici.com\/fr\/wp-json\/wp\/v2\/tags?post=15450"}],"curies":[{"name":"wp","href":"https:\/\/api.w.org\/{rel}","templated":true}]}}