{"id":16350,"date":"2024-04-14T08:40:50","date_gmt":"2024-04-14T06:40:50","guid":{"rendered":"https:\/\/cparici.com\/?p=16350"},"modified":"2026-01-18T10:01:05","modified_gmt":"2026-01-18T09:01:05","slug":"camping-royan","status":"publish","type":"post","link":"https:\/\/cparici.com\/fr\/camping-royan\/","title":{"rendered":"Camping Royan"},"content":{"rendered":"\t\t<div data-elementor-type=\"wp-post\" data-elementor-id=\"16350\" class=\"elementor elementor-16350\" data-elementor-post-type=\"post\">\n\t\t\t\t<div class=\"elementor-element elementor-element-9e9dd58 e-con-full e-flex e-con e-parent\" data-id=\"9e9dd58\" data-element_type=\"container\" data-e-type=\"container\">\n\t\t\t\t<div class=\"elementor-element elementor-element-20e8d91 elementor-widget elementor-widget-image\" data-id=\"20e8d91\" data-element_type=\"widget\" data-e-type=\"widget\" data-widget_type=\"image.default\">\n\t\t\t\t\t\t\t\t\t\t\t\t\t\t\t<img decoding=\"async\" width=\"1500\" height=\"554\" src=\"https:\/\/cparici.com\/wp-content\/uploads\/2024\/04\/camping-bordeaux.jpg\" class=\"attachment-full size-full wp-image-50359\" alt=\"camping royan\" srcset=\"https:\/\/cparici.com\/wp-content\/uploads\/2024\/04\/camping-bordeaux.jpg 1500w, https:\/\/cparici.com\/wp-content\/uploads\/2024\/04\/camping-bordeaux-300x111.jpg 300w, https:\/\/cparici.com\/wp-content\/uploads\/2024\/04\/camping-bordeaux-1024x378.jpg 1024w, https:\/\/cparici.com\/wp-content\/uploads\/2024\/04\/camping-bordeaux-768x284.jpg 768w, https:\/\/cparici.com\/wp-content\/uploads\/2024\/04\/camping-bordeaux-590x218.jpg 590w, https:\/\/cparici.com\/wp-content\/uploads\/2024\/04\/camping-bordeaux-1200x443.jpg 1200w, https:\/\/cparici.com\/wp-content\/uploads\/2024\/04\/camping-bordeaux-577x213.jpg 577w, https:\/\/cparici.com\/wp-content\/uploads\/2024\/04\/camping-bordeaux-600x222.jpg 600w\" sizes=\"(max-width: 1500px) 100vw, 1500px\" \/>\t\t\t\t\t\t\t\t\t\t\t\t\t\t\t<\/div>\n\t\t\t\t<\/div>\n\t\t<div class=\"elementor-element elementor-element-82785a3 e-flex e-con-boxed e-con e-parent\" data-id=\"82785a3\" data-element_type=\"container\" data-e-type=\"container\">\n\t\t\t\t\t<div class=\"e-con-inner\">\n\t\t\t\t<div class=\"elementor-element elementor-element-e6d4cd2 elementor-widget elementor-widget-global elementor-global-62046 elementor-widget-eael-advanced-search\" data-id=\"e6d4cd2\" data-element_type=\"widget\" data-e-type=\"widget\" data-widget_type=\"eael-advanced-search.default\">\n\t\t\t\t\t        <div class=\"eael-adv-search-wrapper\">\n            <div id=\"eael-advanced-search-widget-e6d4cd2\" class=\"eael-advanced-search-widget\">\n                <form data-settings=\"{&quot;post_per_page&quot;:5,&quot;search_among_taxonomies&quot;:&quot;&quot;,&quot;search_among_sku&quot;:&quot;no&quot;,&quot;show_popular_keyword&quot;:0,&quot;show_category&quot;:0,&quot;show_content_image&quot;:1,&quot;show_search_result_all_results&quot;:0,&quot;result_on_new_tab&quot;:&quot;no&quot;,&quot;show_product_price&quot;:&quot;no&quot;,&quot;include_current_page&quot;:&quot;no&quot;,&quot;current_post_id&quot;:16350,&quot;post_type&quot;:[&quot;post&quot;,&quot;listing&quot;]}\" method=\"POST\" name=\"eael-advanced-search-form-e6d4cd2\" class=\"eael-advanced-search-form eael-advanced-search-form-style-2\">\n                    <div class=\"eael-advanced-search-wrap\">\n                        <span class=\"eael-adv-search-loader\"><\/span>\n                        <span class=\"eael-adv-search-close\"><i class=\"fas fa-times\"><\/i><\/span>\n                        <span class=\"icon \"><i class=\"fas fa-search\"><\/i><\/span>\n\n                        <input type=\"text\"\n                               placeholder=\"Votre destination\"\n                               class=\"eael-advanced-search\" autocomplete=\"off\" name=\"eael_advanced_search\">\n                    <\/div>\n\t\t\t\t\t                                    <\/form>\n\n\t\t\t\t\n\t\t\t\t        <div class=\"eael-advanced-search-result\">\n            <div class=\"eael-advanced-search-popular-keyword\">\n\t\t\t\t<h4 class=\"eael-advanced-search-popular-keyword-text\">Recherches populaires<\/h4>                <div class=\"eael-popular-keyword-content\"><\/div>\n            <\/div>\n            <div class=\"eael-advanced-search-category\">\n\t\t\t\t<h4 class=\"eael-advanced-search-category-text\">Categories<\/h4>                <div class=\"eael-popular-category-content\"><\/div>\n            <\/div>\n\t\t\t<div class=\"eael-advanced-search-total-results-section\">\n\t\t\t\t\t\t\t<\/div>\n            <div class=\"eael-advanced-search-content eael-item-style-3\">\n            <\/div>\n            <div class=\"eael-advanced-search-not-found\">\n                <p>Pas de r\u00e9sultats<\/p><\/div>\n            <div class=\"eael-advanced-search-load-more\">\n\t\t\t\t<a \tclass=\"eael-advanced-search-load-more-button\"\n                \thref=\"#\">Voir tous les r\u00e9sultats<\/a>\n            <\/div>\n        <\/div>\n\n\t\t            <\/div>\n        <\/div>\n\n\t\t\t\t\t\t<\/div>\n\t\t\t\t\t<\/div>\n\t\t\t\t<\/div>\n\t\t<div class=\"elementor-element elementor-element-704fef3c e-flex e-con-boxed e-con e-parent\" data-id=\"704fef3c\" data-element_type=\"container\" data-e-type=\"container\">\n\t\t\t\t\t<div class=\"e-con-inner\">\n\t\t\t\t<div class=\"elementor-element elementor-element-babe71e elementor-widget elementor-widget-text-editor\" data-id=\"babe71e\" data-element_type=\"widget\" data-e-type=\"widget\" data-widget_type=\"text-editor.default\">\n\t\t\t\t\t\t\t\t\t<h1 style=\"text-align: center;\"><span style=\"font-size: 18pt;\"><strong>Camping a Royan<\/strong><\/span><\/h1><h2><span style=\"font-size: 14pt;\"><strong>Exploration Compl\u00e8te des Campings \u00e0 Royan et ses Environs : Guide Ultime pour des Vacances en Pleine Nature<\/strong><\/span><\/h2><p>Royan, joyau de la c\u00f4te atlantique fran\u00e7aise, attire des milliers de vacanciers chaque ann\u00e9e avec ses plages de sable fin, son climat ensoleill\u00e9 et sa douce atmosph\u00e8re de vill\u00e9giature. Pour ceux qui recherchent une exp\u00e9rience de vacances en pleine nature, le camping \u00e0 Royan et ses environs offre une multitude d&#8217;options pour tous les go\u00fbts et tous les budgets. Dans cet article, nous explorerons en profondeur les diff\u00e9rents campings de la r\u00e9gion, en fournissant des informations d\u00e9taill\u00e9es sur leur classement, leurs services, leurs activit\u00e9s et leur emplacement, ainsi que des conseils pratiques pour planifier votre s\u00e9jour en camping.<\/p><h3>Introduction<\/h3><p>Royan et ses environs regorgent de campings offrant une vari\u00e9t\u00e9 d&#8217;options d&#8217;h\u00e9bergement, des emplacements pour tentes rustiques aux mobil-homes et chalets tout \u00e9quip\u00e9s. Que vous soyez un amateur de camping pur et dur ou un campeur en qu\u00eate de confort moderne, il y a un camping \u00e0 Royan qui r\u00e9pondra \u00e0 vos besoins. Dans ce guide, nous examinerons de pr\u00e8s certains des meilleurs campings de la r\u00e9gion, en mettant en lumi\u00e8re leurs caract\u00e9ristiques uniques et les activit\u00e9s disponibles \u00e0 proximit\u00e9.<\/p>\t\t\t\t\t\t\t\t<\/div>\n\t\t\t\t\t<\/div>\n\t\t\t\t<\/div>\n\t\t<aside class=\"elementor-element elementor-element-367b45b8 e-flex e-con-boxed e-con e-parent\" data-id=\"367b45b8\" data-element_type=\"container\" data-e-type=\"container\" data-settings=\"{&quot;background_background&quot;:&quot;classic&quot;}\">\n\t\t\t\t\t<div class=\"e-con-inner\">\n\t\t\t\t<div class=\"elementor-element elementor-element-28e51c85 elementor-widget elementor-widget-spacer\" data-id=\"28e51c85\" data-element_type=\"widget\" data-e-type=\"widget\" data-widget_type=\"spacer.default\">\n\t\t\t\t\t\t\t<div class=\"elementor-spacer\">\n\t\t\t<div class=\"elementor-spacer-inner\"><\/div>\n\t\t<\/div>\n\t\t\t\t\t\t<\/div>\n\t\t\t\t<div class=\"elementor-element elementor-element-6957dddb elementor-widget elementor-widget-heading\" data-id=\"6957dddb\" data-element_type=\"widget\" data-e-type=\"widget\" data-widget_type=\"heading.default\">\n\t\t\t\t\t<h2 class=\"elementor-heading-title elementor-size-default\">H\u00e9bergements de Vacances Royan en direct<\/h2>\t\t\t\t<\/div>\n\t\t\t\t<div class=\"elementor-element elementor-element-18f88646 elementor-widget elementor-widget-listeo-listings-carousel\" data-id=\"18f88646\" data-element_type=\"widget\" data-e-type=\"widget\" data-widget_type=\"listeo-listings-carousel.default\">\n\t\t\t\t<div class=\"elementor-widget-container\">\n\t\t\t\t\t        <!-- Carousel \/ Start -->\n        \t<div class=\"simple-slick-carousel dots-nav\" data-slick='{&quot;autoplay&quot;:true,&quot;autoplaySpeed&quot;:3000,&quot;slidesToShow&quot;:3,&quot;slidesToScroll&quot;:1,&quot;responsive&quot;:[{&quot;breakpoint&quot;:1024,&quot;settings&quot;:{&quot;slidesToShow&quot;:2,&quot;slidesToScroll&quot;:1}},{&quot;breakpoint&quot;:768,&quot;settings&quot;:{&quot;slidesToShow&quot;:1,&quot;slidesToScroll&quot;:1}}]}'>\n                            <div class=\"fw-carousel-item\">                    \n                        <!-- Listing Item -->\r\n            <div class=\"col-lg-6 col-md-12\">\r\n                <a href=\"https:\/\/cparici.com\/fr\/annonce\/appartement-face-mer\/\" class=\"listing-item-container listing-geo-data compact\" data-title=\"La Perrini\u00e8re Appartement face mer Royan\" data-listing-type=\"rental\" data-classifieds-price=\"&euro;\" data-friendly-address=\"royan\" data-address=\"royan\" data-image=\"https:\/\/cparici.com\/wp-content\/uploads\/2025\/05\/366880516.jpg\" data-longitude=\"-1.0197084\" data-latitude=\"45.6217724\" data-rating=\"0\" data-reviews=\"0\" data-icon=\"&lt;svg xmlns=&quot;http:\/\/www.w3.org\/2000\/svg&quot; width=&quot;800px&quot; height=&quot;800px&quot; viewBox=&quot;0 0 45 45&quot; fill=&quot;none&quot;&gt;\n&lt;path d=&quot;M24.155 8.78099L24.33 8.94499L37.402 21.787L36 23.213L34.2 21.445L34.201 35C34.201 36.054 33.385 36.918 32.35 36.994L32.201 37H12.201C11.147 37 10.283 36.184 10.206 35.149L10.201 35L10.2 21.446L8.402 23.213L7 21.787L20.058 8.95799C21.171 7.82199 22.966 7.75899 24.155 8.78099ZM21.569 10.285L21.473 10.372L12.2 19.481L12.201 35L17.2 34.999L17.201 25C17.201 23.946 18.017 23.082 19.052 23.005L19.201 23H25.201C26.255 23 27.119 23.816 27.196 24.851L27.201 25L27.2 34.999L32.201 35L32.2 19.48L22.901 10.344C22.537 9.98699 21.969 9.96499 21.569 10.285ZM25.201 25H19.201L19.2 34.999H25.2L25.201 25Z&quot; fill=&quot;#3C3C3C&quot;\/&gt;\n&lt;\/svg&gt;\">\r\n            <div class=\"listing-item  featured-listing\">\r\n                <div class=\"listing-small-badges-container\">\r\n                                            <div class=\"listing-small-badge featured-badge\"><i class=\"fa fa-star\"><\/i> En vedette<\/div>\r\n                                                                <div class=\"listing-small-badge pricing-badge\"><i class=\"fa fa-tag\"><\/i>260,00&euro; - 390,00&euro;<\/div>\r\n                                                            \r\n                                        \r\n                                        \r\n                <\/div>\r\n                <img decoding=\"async\" src=\"https:\/\/cparici.com\/wp-content\/uploads\/2025\/05\/366880516.jpg\" alt=\"La Perrini\u00e8re Appartement face mer Royan\" class=\"listing-thumbnail\">\r\n                                \r\n\r\n                <div class=\"listing-item-content\">\r\n                    \r\n                    <h3> La Perrini\u00e8re Appartement face mer Royan <\/h3>\r\n                    <span>royan<\/span>\r\n                <\/div>\r\n                                        <span class=\"save like-icon tooltip left\" title=\"Connexion pour marquer des \u00e9l\u00e9ments\"><\/span>\r\n                                                <\/div>\r\n        <\/a>\r\n                    <\/div>\r\n        \r\n\r\n        <!-- Listing Item \/ End -->\n                    <\/div>\n                                      <div class=\"fw-carousel-item\">                    \n                        <!-- Listing Item -->\r\n            <div class=\"col-lg-6 col-md-12\">\r\n                <a href=\"https:\/\/cparici.com\/fr\/annonce\/cottage-de-lulu-avec-spa\/\" class=\"listing-item-container listing-geo-data compact\" data-title=\"Cottage de Lulu avec Spa Meschers sur Gironde\" data-listing-type=\"rental\" data-classifieds-price=\"&euro;\" data-friendly-address=\"300m des Grottes de R\u00e9gulus\" data-address=\"300m des Grottes de R\u00e9gulus\" data-image=\"https:\/\/cparici.com\/wp-content\/uploads\/2025\/12\/spa-du-cottage-de-lulu-location-vacances-meschers-520x397.jpg\" data-longitude=\"-0.9544389999999999\" data-latitude=\"45.554722\" data-rating=\"5\" data-reviews=\"12\" data-icon=\"&lt;svg xmlns=&quot;http:\/\/www.w3.org\/2000\/svg&quot; width=&quot;800px&quot; height=&quot;800px&quot; viewBox=&quot;0 0 45 45&quot; fill=&quot;none&quot;&gt;\n&lt;path d=&quot;M24.155 8.78099L24.33 8.94499L37.402 21.787L36 23.213L34.2 21.445L34.201 35C34.201 36.054 33.385 36.918 32.35 36.994L32.201 37H12.201C11.147 37 10.283 36.184 10.206 35.149L10.201 35L10.2 21.446L8.402 23.213L7 21.787L20.058 8.95799C21.171 7.82199 22.966 7.75899 24.155 8.78099ZM21.569 10.285L21.473 10.372L12.2 19.481L12.201 35L17.2 34.999L17.201 25C17.201 23.946 18.017 23.082 19.052 23.005L19.201 23H25.201C26.255 23 27.119 23.816 27.196 24.851L27.201 25L27.2 34.999L32.201 35L32.2 19.48L22.901 10.344C22.537 9.98699 21.969 9.96499 21.569 10.285ZM25.201 25H19.201L19.2 34.999H25.2L25.201 25Z&quot; fill=&quot;#3C3C3C&quot;\/&gt;\n&lt;\/svg&gt;\">\r\n            <div class=\"listing-item  \">\r\n                <div class=\"listing-small-badges-container\">\r\n                                                                <div class=\"listing-small-badge pricing-badge\"><i class=\"fa fa-tag\"><\/i>85,00&euro; - 150,00&euro;<\/div>\r\n                                                            \r\n                                        \r\n                                        \r\n                <\/div>\r\n                <img decoding=\"async\" src=\"https:\/\/cparici.com\/wp-content\/uploads\/2025\/12\/spa-du-cottage-de-lulu-location-vacances-meschers-520x397.jpg\" alt=\"Cottage de Lulu avec Spa Meschers sur Gironde\" class=\"listing-thumbnail\">\r\n                \r\n\r\n                <div class=\"listing-item-content\">\r\n                                                <div class=\"numerical-rating\" data-rating=\"5.0\"><\/div>\r\n                    \r\n                    <h3> Cottage de Lulu avec Spa Meschers sur Gironde <\/h3>\r\n                    <span>300m des Grottes de R\u00e9gulus<\/span>\r\n                <\/div>\r\n                                        <span class=\"save like-icon tooltip left\" title=\"Connexion pour marquer des \u00e9l\u00e9ments\"><\/span>\r\n                                                <\/div>\r\n        <\/a>\r\n                    <\/div>\r\n        \r\n\r\n        <!-- Listing Item \/ End -->\n                    <\/div>\n                                      <div class=\"fw-carousel-item\">                    \n                        <!-- Listing Item -->\r\n            <div class=\"col-lg-6 col-md-12\">\r\n                <a href=\"https:\/\/cparici.com\/fr\/annonce\/bicoque-de-sophie\/\" class=\"listing-item-container listing-geo-data compact\" data-title=\"Bicoque de Sophie\" data-listing-type=\"rental\" data-classifieds-price=\"&euro;\" data-friendly-address=\"Hyper centre Saint-Georges-de-Didonne\" data-address=\"Hyper centre Saint-Georges-de-Didonne\" data-image=\"https:\/\/cparici.com\/wp-content\/uploads\/2025\/01\/20220601_133451-edit-20230319213149-520x397.jpg\" data-longitude=\"-0.9977845\" data-latitude=\"45.6029549\" data-rating=\"3.7\" data-reviews=\"3\" data-icon=\"&lt;svg xmlns=&quot;http:\/\/www.w3.org\/2000\/svg&quot; width=&quot;800px&quot; height=&quot;800px&quot; viewBox=&quot;0 0 45 45&quot; fill=&quot;none&quot;&gt;\n&lt;path d=&quot;M24.155 8.78099L24.33 8.94499L37.402 21.787L36 23.213L34.2 21.445L34.201 35C34.201 36.054 33.385 36.918 32.35 36.994L32.201 37H12.201C11.147 37 10.283 36.184 10.206 35.149L10.201 35L10.2 21.446L8.402 23.213L7 21.787L20.058 8.95799C21.171 7.82199 22.966 7.75899 24.155 8.78099ZM21.569 10.285L21.473 10.372L12.2 19.481L12.201 35L17.2 34.999L17.201 25C17.201 23.946 18.017 23.082 19.052 23.005L19.201 23H25.201C26.255 23 27.119 23.816 27.196 24.851L27.201 25L27.2 34.999L32.201 35L32.2 19.48L22.901 10.344C22.537 9.98699 21.969 9.96499 21.569 10.285ZM25.201 25H19.201L19.2 34.999H25.2L25.201 25Z&quot; fill=&quot;#3C3C3C&quot;\/&gt;\n&lt;\/svg&gt;\">\r\n            <div class=\"listing-item  \">\r\n                <div class=\"listing-small-badges-container\">\r\n                                                                <div class=\"listing-small-badge pricing-badge\"><i class=\"fa fa-tag\"><\/i>120,00&euro; - 140,00&euro;<\/div>\r\n                                                            \r\n                                        \r\n                                        \r\n                <\/div>\r\n                <img decoding=\"async\" src=\"https:\/\/cparici.com\/wp-content\/uploads\/2025\/01\/20220601_133451-edit-20230319213149-520x397.jpg\" alt=\"Bicoque de Sophie\" class=\"listing-thumbnail\">\r\n                \r\n\r\n                <div class=\"listing-item-content\">\r\n                                                <div class=\"numerical-rating\" data-rating=\"3.7\"><\/div>\r\n                    \r\n                    <h3> Bicoque de Sophie <\/h3>\r\n                    <span>Hyper centre Saint-Georges-de-Didonne<\/span>\r\n                <\/div>\r\n                                        <span class=\"save like-icon tooltip left\" title=\"Connexion pour marquer des \u00e9l\u00e9ments\"><\/span>\r\n                                                <\/div>\r\n        <\/a>\r\n                    <\/div>\r\n        \r\n\r\n        <!-- Listing Item \/ End -->\n                    <\/div>\n                                      <div class=\"fw-carousel-item\">                    \n                        <!-- Listing Item -->\r\n            <div class=\"col-lg-6 col-md-12\">\r\n                <a href=\"https:\/\/cparici.com\/fr\/annonce\/le-douze\/\" class=\"listing-item-container listing-geo-data compact\" data-title=\"LE DOUZE\" data-listing-type=\"rental\" data-classifieds-price=\"&euro;\" data-friendly-address=\"41 ter rue de paradis\" data-address=\"41 ter rue de paradis\" data-image=\"https:\/\/cparici.com\/wp-content\/uploads\/2025\/03\/DSC06292-HDR-520x397.jpg\" data-longitude=\"-1.1430937\" data-latitude=\"45.7162024\" data-rating=\"5\" data-reviews=\"4\" data-icon=\"&lt;svg xmlns=&quot;http:\/\/www.w3.org\/2000\/svg&quot; width=&quot;800px&quot; height=&quot;800px&quot; viewBox=&quot;0 0 45 45&quot; fill=&quot;none&quot;&gt;\n&lt;path d=&quot;M24.155 8.78099L24.33 8.94499L37.402 21.787L36 23.213L34.2 21.445L34.201 35C34.201 36.054 33.385 36.918 32.35 36.994L32.201 37H12.201C11.147 37 10.283 36.184 10.206 35.149L10.201 35L10.2 21.446L8.402 23.213L7 21.787L20.058 8.95799C21.171 7.82199 22.966 7.75899 24.155 8.78099ZM21.569 10.285L21.473 10.372L12.2 19.481L12.201 35L17.2 34.999L17.201 25C17.201 23.946 18.017 23.082 19.052 23.005L19.201 23H25.201C26.255 23 27.119 23.816 27.196 24.851L27.201 25L27.2 34.999L32.201 35L32.2 19.48L22.901 10.344C22.537 9.98699 21.969 9.96499 21.569 10.285ZM25.201 25H19.201L19.2 34.999H25.2L25.201 25Z&quot; fill=&quot;#3C3C3C&quot;\/&gt;\n&lt;\/svg&gt;\">\r\n            <div class=\"listing-item  featured-listing\">\r\n                <div class=\"listing-small-badges-container\">\r\n                                            <div class=\"listing-small-badge featured-badge\"><i class=\"fa fa-star\"><\/i> En vedette<\/div>\r\n                                                                <div class=\"listing-small-badge pricing-badge\"><i class=\"fa fa-tag\"><\/i>150,00&euro; - 171,00&euro;<\/div>\r\n                                                            \r\n                                        \r\n                                        \r\n                <\/div>\r\n                <img decoding=\"async\" src=\"https:\/\/cparici.com\/wp-content\/uploads\/2025\/03\/DSC06292-HDR-520x397.jpg\" alt=\"LE DOUZE\" class=\"listing-thumbnail\">\r\n                                \r\n\r\n                <div class=\"listing-item-content\">\r\n                                                <div class=\"numerical-rating\" data-rating=\"5.0\"><\/div>\r\n                    \r\n                    <h3> LE DOUZE <i class=\"verified-icon\"><\/i><\/h3>\r\n                    <span>41 ter rue de paradis<\/span>\r\n                <\/div>\r\n                                        <span class=\"save like-icon tooltip left\" title=\"Connexion pour marquer des \u00e9l\u00e9ments\"><\/span>\r\n                                                <\/div>\r\n        <\/a>\r\n                    <\/div>\r\n        \r\n\r\n        <!-- Listing Item \/ End -->\n                    <\/div>\n                                      <div class=\"fw-carousel-item\">                    \n                        <!-- Listing Item -->\r\n            <div class=\"col-lg-6 col-md-12\">\r\n                <a href=\"https:\/\/cparici.com\/fr\/annonce\/villa-lucas-2-7-piscine-spa\/\" class=\"listing-item-container listing-geo-data compact\" data-title=\"Villa Lucas 2-7 Piscine-spa, Meschers sur Gironde\" data-listing-type=\"rental\" data-classifieds-price=\"&euro;\" data-friendly-address=\"Boulevard de la Falaise\" data-address=\"Boulevard de la Falaise\" data-image=\"https:\/\/cparici.com\/wp-content\/uploads\/2025\/01\/20200519_141942_01-1-edit-20230321171015-520x397.jpg\" data-longitude=\"-0.9543354999999999\" data-latitude=\"45.5547399\" data-rating=\"5\" data-reviews=\"12\" data-icon=\"&lt;svg xmlns=&quot;http:\/\/www.w3.org\/2000\/svg&quot; width=&quot;800px&quot; height=&quot;800px&quot; viewBox=&quot;0 0 45 45&quot; fill=&quot;none&quot;&gt;\n&lt;path d=&quot;M24.155 8.78099L24.33 8.94499L37.402 21.787L36 23.213L34.2 21.445L34.201 35C34.201 36.054 33.385 36.918 32.35 36.994L32.201 37H12.201C11.147 37 10.283 36.184 10.206 35.149L10.201 35L10.2 21.446L8.402 23.213L7 21.787L20.058 8.95799C21.171 7.82199 22.966 7.75899 24.155 8.78099ZM21.569 10.285L21.473 10.372L12.2 19.481L12.201 35L17.2 34.999L17.201 25C17.201 23.946 18.017 23.082 19.052 23.005L19.201 23H25.201C26.255 23 27.119 23.816 27.196 24.851L27.201 25L27.2 34.999L32.201 35L32.2 19.48L22.901 10.344C22.537 9.98699 21.969 9.96499 21.569 10.285ZM25.201 25H19.201L19.2 34.999H25.2L25.201 25Z&quot; fill=&quot;#3C3C3C&quot;\/&gt;\n&lt;\/svg&gt;\">\r\n            <div class=\"listing-item  \">\r\n                <div class=\"listing-small-badges-container\">\r\n                                                                <div class=\"listing-small-badge pricing-badge\"><i class=\"fa fa-tag\"><\/i>370,00&euro; - 370,00&euro;<\/div>\r\n                                                            \r\n                                        \r\n                                        \r\n                <\/div>\r\n                <img decoding=\"async\" src=\"https:\/\/cparici.com\/wp-content\/uploads\/2025\/01\/20200519_141942_01-1-edit-20230321171015-520x397.jpg\" alt=\"Villa Lucas 2-7 Piscine-spa, Meschers sur Gironde\" class=\"listing-thumbnail\">\r\n                \r\n\r\n                <div class=\"listing-item-content\">\r\n                                                <div class=\"numerical-rating\" data-rating=\"5.0\"><\/div>\r\n                    \r\n                    <h3> Villa Lucas 2-7 Piscine-spa, Meschers sur Gironde <\/h3>\r\n                    <span>Boulevard de la Falaise<\/span>\r\n                <\/div>\r\n                                        <span class=\"save like-icon tooltip left\" title=\"Connexion pour marquer des \u00e9l\u00e9ments\"><\/span>\r\n                                                <\/div>\r\n        <\/a>\r\n                    <\/div>\r\n        \r\n\r\n        <!-- Listing Item \/ End -->\n                    <\/div>\n                          <\/div>\n        \t\t\t\t<\/div>\n\t\t\t\t<\/div>\n\t\t\t\t\t<\/div>\n\t\t\t\t<\/aside>\n\t\t<div class=\"elementor-element elementor-element-fb5c453 e-flex e-con-boxed e-con e-parent\" data-id=\"fb5c453\" data-element_type=\"container\" data-e-type=\"container\">\n\t\t\t\t\t<div class=\"e-con-inner\">\n\t\t\t\t<div class=\"elementor-element elementor-element-04a798c elementor-widget elementor-widget-text-editor\" data-id=\"04a798c\" data-element_type=\"widget\" data-e-type=\"widget\" data-widget_type=\"text-editor.default\">\n\t\t\t\t\t\t\t\t\t<h3>Les Campings \u00e0 Royan et aux Environs<\/h3><h4>1. Camping Les Ch\u00eanes Verts<\/h4><ul><li><strong>Classement :<\/strong> 4 \u00e9toiles<\/li><li><strong>Emplacement :<\/strong> Situ\u00e9 \u00e0 Saint-Augustin-sur-Mer, \u00e0 seulement quelques kilom\u00e8tres de Royan.<\/li><li><strong>Services :<\/strong> Piscine chauff\u00e9e, restaurant, aire de jeux pour enfants, animations en soir\u00e9e.<\/li><li><strong>Activit\u00e9s :<\/strong> Randonn\u00e9es p\u00e9destres et \u00e0 v\u00e9lo, visites de vignobles locaux, acc\u00e8s \u00e0 la plage \u00e0 proximit\u00e9.<\/li><\/ul><h4>2. Camping Les Pins<\/h4><ul><li><strong>Classement :<\/strong> 3 \u00e9toiles<\/li><li><strong>Emplacement :<\/strong> Nich\u00e9 dans la pin\u00e8de \u00e0 Saint-Palais-sur-Mer, \u00e0 quelques pas des plages de la C\u00f4te de Beaut\u00e9.<\/li><li><strong>Services :<\/strong> Piscine ext\u00e9rieure, terrains de sport, bar-restaurant, sup\u00e9rette.<\/li><li><strong>Activit\u00e9s :<\/strong> Sports nautiques (surf, voile, kayak), promenades le long du sentier c\u00f4tier, visites des march\u00e9s locaux.<\/li><\/ul><h4>3. Camping La Palmyre<\/h4><ul><li><strong>Classement :<\/strong> 5 \u00e9toiles<\/li><li><strong>Emplacement :<\/strong> Id\u00e9alement situ\u00e9 pr\u00e8s de La Palmyre, \u00e0 proximit\u00e9 du c\u00e9l\u00e8bre Zoo de La Palmyre.<\/li><li><strong>Services :<\/strong> Grand complexe aquatique avec toboggans, clubs pour enfants, spa et centre de bien-\u00eatre, restaurants.<\/li><li><strong>Activit\u00e9s :<\/strong> Visite du zoo, excursions en bateau pour observer les dauphins, balades \u00e0 cheval sur la plage.<\/li><\/ul><h4>4. Camping Le Logis<\/h4><ul><li><strong>Classement :<\/strong> 4 \u00e9toiles<\/li><li><strong>Emplacement :<\/strong> En bordure de mer \u00e0 Saint-Palais-sur-Mer, avec un acc\u00e8s direct \u00e0 la plage.<\/li><li><strong>Services :<\/strong> Piscine couverte et chauff\u00e9e, aire de jeux aquatique, restaurant-bar, \u00e9picerie.<\/li><li><strong>Activit\u00e9s :<\/strong> P\u00eache en mer, sports nautiques, visites des phares de la r\u00e9gion.<\/li><\/ul><h4>5. Camping Les Sables<\/h4><ul><li><strong>Classement :<\/strong> 2 \u00e9toiles<\/li><li><strong>Emplacement :<\/strong> \u00c0 Royan m\u00eame, \u00e0 proximit\u00e9 du centre-ville et des principales attractions touristiques.<\/li><li><strong>Services :<\/strong> Emplacements ombrag\u00e9s pour tentes et camping-cars, sanitaires, aire de barbecue.<\/li><li><strong>Activit\u00e9s :<\/strong> D\u00e9couverte de la ville de Royan, balades \u00e0 v\u00e9lo le long de la c\u00f4te, d\u00e9tente sur les plages voisines.<\/li><\/ul><h4>Saint Georges de Didonne :<\/h4><h5>2. Camping Le Domaine de la Foret de Suzac<\/h5><ul><li><strong>Classement :<\/strong> 3 \u00e9toiles<\/li><li><strong>Emplacement :<\/strong> \u00c0 Saint Georges de Didonne, pr\u00e8s de la plage et de la for\u00eat de Suzac.<\/li><li><strong>Services :<\/strong> Piscine, aire de jeux pour enfants, snack-bar, location de v\u00e9los.<\/li><li><strong>Activit\u00e9s :<\/strong> Randonn\u00e9es en for\u00eat, sports nautiques, visites des phares de la r\u00e9gion.<\/li><li><strong>H\u00e9bergements :<\/strong> Emplacements pour tentes, mobil-homes, chalets.<\/li><\/ul><h4>Meschers sur Gironde :<\/h4><h5>3. Camping Le Moulin de la Pierre<\/h5><ul><li><strong>Classement :<\/strong> 4 \u00e9toiles<\/li><li><strong>Emplacement :<\/strong> \u00c0 Meschers sur Gironde, \u00e0 proximit\u00e9 des plages et des grottes troglodytiques.<\/li><li><strong>Services :<\/strong> Piscine chauff\u00e9e, animations pour enfants, restaurant, acc\u00e8s direct \u00e0 la rivi\u00e8re.<\/li><li><strong>Activit\u00e9s :<\/strong> Cano\u00eb-kayak sur la Gironde, visite des grottes de Matata, d\u00e9gustation de fruits de mer.<\/li><li><strong>H\u00e9bergements :<\/strong> Emplacements pour tentes, mobil-homes, chalets.<\/li><\/ul><h4>Pontaillac :<\/h4><h5>4. Camping Le Platin<\/h5><ul><li><strong>Classement :<\/strong> 3 \u00e9toiles<\/li><li><strong>Emplacement :<\/strong> \u00c0 Pontaillac, \u00e0 quelques pas de la plage et du casino.<\/li><li><strong>Services :<\/strong> Piscine ext\u00e9rieure, terrains de sport, sup\u00e9rette, animations en soir\u00e9e.<\/li><li><strong>Activit\u00e9s :<\/strong> Surf sur la plage de Pontaillac, balades le long de la corniche, visite du phare de Cordouan.<\/li><li><strong>H\u00e9bergements :<\/strong> Emplacements pour tentes, mobil-homes, chalets.<\/li><\/ul><h4>Vaux sur Mer :<\/h4><h5>5. Camping Les Peupliers<\/h5><ul><li><strong>Classement :<\/strong> 4 \u00e9toiles<\/li><li><strong>Emplacement :<\/strong> \u00c0 Vaux sur Mer, \u00e0 proximit\u00e9 des plages et des commerces.<\/li><li><strong>Services :<\/strong> Piscine couverte et chauff\u00e9e, club enfants, bar-restaurant, \u00e9picerie.<\/li><li><strong>Activit\u00e9s :<\/strong> Balades \u00e0 v\u00e9lo sur les pistes cyclables, d\u00e9tente sur les plages de Nauzan et de Saint Sordelin, visite du march\u00e9 de Vaux sur Mer.<\/li><li><strong>H\u00e9bergements :<\/strong> Emplacements pour tentes, mobil-homes, chalets.<\/li><\/ul><h4>Saint Palais sur Mer :<\/h4><h5>6. Camping La Pin\u00e8de<\/h5><ul><li><strong>Classement :<\/strong> 5 \u00e9toiles<\/li><li><strong>Emplacement :<\/strong> \u00c0 Saint Palais sur Mer, \u00e0 quelques pas de la plage de Nauzan.<\/li><li><strong>Services :<\/strong> Complexe aquatique avec toboggans, clubs enfants, restaurant, spa.<\/li><li><strong>Activit\u00e9s :<\/strong> Paddle et kayak sur la plage de Nauzan, excursion en bateau vers les grottes de l&#8217;Estuaire, randonn\u00e9es dans la for\u00eat de Saint Palais.<\/li><li><strong>H\u00e9bergements :<\/strong> Emplacements pour tentes, mobil-homes, chalets.<\/li><\/ul><h3>Activit\u00e9s et Attractions \u00e0 Proximit\u00e9 des Campings<\/h3><p>En plus des installations et des activit\u00e9s propos\u00e9es par les campings eux-m\u00eames, la r\u00e9gion de Royan regorge d&#8217;attractions naturelles et culturelles \u00e0 d\u00e9couvrir. Voici quelques-unes des activit\u00e9s populaires \u00e0 faire \u00e0 proximit\u00e9 des campings :<\/p><ul><li><strong>Plages de sable fin :<\/strong> Profitez du soleil et de la mer sur les magnifiques plages de la r\u00e9gion, telles que la Grande Conche \u00e0 Royan et la Plage de la C\u00f4te Sauvage \u00e0 La Palmyre.<\/li><li><strong>Visite du Zoo de La Palmyre :<\/strong> D\u00e9couvrez l&#8217;une des plus grandes et des plus renomm\u00e9es zoos d&#8217;Europe, abritant des milliers d&#8217;animaux exotiques.<\/li><li><strong>Exploration des \u00celes :<\/strong> Partez en excursion vers les \u00eeles d&#8217;Ol\u00e9ron, de R\u00e9 et d&#8217;Aix pour d\u00e9couvrir leur patrimoine naturel pr\u00e9serv\u00e9 et leurs villages pittoresques.<\/li><li><strong>D\u00e9gustation de Vins :<\/strong> Partez \u00e0 la d\u00e9couverte des vignobles locaux de la r\u00e9gion du Cognac et du Pineau des Charentes, et d\u00e9gustez des vins de qualit\u00e9 dans des domaines pittoresques.<\/li><\/ul><h3>Informations Pratiques pour Planifier Votre S\u00e9jour en Camping<\/h3><p>Avant de partir pour votre aventure en camping \u00e0 Royan, voici quelques informations pratiques \u00e0 garder \u00e0 l&#8217;esprit :<\/p><ul><li><strong>R\u00e9servation :<\/strong> Il est recommand\u00e9 de r\u00e9server votre emplacement ou votre h\u00e9bergement \u00e0 l&#8217;avance, surtout pendant la haute saison estivale.<\/li><li><strong>\u00c9quipement :<\/strong> Assurez-vous d&#8217;emporter tout l&#8217;\u00e9quipement n\u00e9cessaire pour votre s\u00e9jour en camping, y compris une tente, des sacs de couchage, des ustensiles de cuisine et des v\u00eatements adapt\u00e9s \u00e0 la m\u00e9t\u00e9o.<\/li><li><strong>Transport :<\/strong> Si vous n&#8217;avez pas de v\u00e9hicule, assurez-vous de v\u00e9rifier les options de transport en commun ou de location de v\u00e9los pour vous d\u00e9placer dans la r\u00e9gion.<\/li><\/ul><h3>Conclusion<\/h3><p>Le camping \u00e0 Royan et ses environs offre une multitude d&#8217;options pour les amateurs de plein air et les familles en qu\u00eate d&#8217;aventure et de d\u00e9tente. Que vous recherchiez un camping haut de gamme avec toutes les commodit\u00e9s ou une exp\u00e9rience plus rustique au plus pr\u00e8s de la nature, vous trouverez forc\u00e9ment le camping id\u00e9al pour votre s\u00e9jour dans cette magnifique r\u00e9gion de la c\u00f4te atlantique fran\u00e7aise. Pr\u00e9parez-vous \u00e0 vivre des vacances m\u00e9morables en plein air \u00e0 Royan !<\/p>\t\t\t\t\t\t\t\t<\/div>\n\t\t\t\t\t<\/div>\n\t\t\t\t<\/div>\n\t\t<div class=\"elementor-element elementor-element-2099c8d e-flex e-con-boxed e-con e-parent\" data-id=\"2099c8d\" data-element_type=\"container\" data-e-type=\"container\">\n\t\t\t\t\t<div class=\"e-con-inner\">\n\t\t\t\t<div class=\"elementor-element elementor-element-ef35606 elementor-widget elementor-widget-listeo-posts-grid\" data-id=\"ef35606\" data-element_type=\"widget\" data-e-type=\"widget\" data-widget_type=\"listeo-posts-grid.default\">\n\t\t\t\t<div class=\"elementor-widget-container\">\n\t\t\t\t\t\t\t\n\t\t<div class=\"listeo-post-grid-wrapper\">\n\t\t\t<div class=\"row\">\n\n\t\t\t\n\n\t\t\t\t\t\t\t<div class=\"col-md-4\">\n                <a href=\"https:\/\/cparici.com\/fr\/plage-de-pontaillac-a-royan\/\" class=\"blog-compact-item-container\">\n                    <div class=\"blog-compact-item\">\n                        <img decoding=\"async\" width=\"577\" height=\"194\" src=\"https:\/\/cparici.com\/wp-content\/uploads\/2021\/03\/pontaillac-banniere.jpg\" class=\"attachment-listeo-blog-related-post size-listeo-blog-related-post wp-post-image\" alt=\"plage de pontaillac a royan\" srcset=\"https:\/\/cparici.com\/wp-content\/uploads\/2021\/03\/pontaillac-banniere.jpg 2521w, https:\/\/cparici.com\/wp-content\/uploads\/2021\/03\/pontaillac-banniere-600x201.jpg 600w, https:\/\/cparici.com\/wp-content\/uploads\/2021\/03\/pontaillac-banniere-768x258.jpg 768w\" sizes=\"(max-width: 577px) 100vw, 577px\" \/><span class=\"blog-item-tag\">Charente maritime<\/span>                        \n                        <div class=\"blog-compact-item-content\">\n                                                        <h3>Plage de Pontaillac a Royan<\/h3>\n                                                        <p>La plage de Pontaillac a Royan est une plage de sable fin de 400 m...                            <\/p>\n                                                    <\/div>\n                    <\/div>\n                <\/a>\n            <\/div>\n\t\t\t<div class=\"col-md-4\">\n                <a href=\"https:\/\/cparici.com\/fr\/plage-de-royan-cote-de-beaute\/\" class=\"blog-compact-item-container\">\n                    <div class=\"blog-compact-item\">\n                        <img decoding=\"async\" width=\"577\" height=\"182\" src=\"https:\/\/cparici.com\/wp-content\/uploads\/2022\/09\/plage-rospico-banniere-loclilala.jpg\" class=\"attachment-listeo-blog-related-post size-listeo-blog-related-post wp-post-image\" alt=\"plage de rospico a nevez\" srcset=\"https:\/\/cparici.com\/wp-content\/uploads\/2022\/09\/plage-rospico-banniere-loclilala.jpg 1520w, https:\/\/cparici.com\/wp-content\/uploads\/2022\/09\/plage-rospico-banniere-loclilala-600x189.jpg 600w, https:\/\/cparici.com\/wp-content\/uploads\/2022\/09\/plage-rospico-banniere-loclilala-768x242.jpg 768w\" sizes=\"(max-width: 577px) 100vw, 577px\" \/><span class=\"blog-item-tag\">Charente maritime<\/span>                        \n                        <div class=\"blog-compact-item-content\">\n                                                        <h3>Plage de Royan c\u00f4te de beaut\u00e9<\/h3>\n                                                        <p>La plage de Royan\u00a0 - plage de la Grande conche - est situ\u00e9e a Royan,...                            <\/p>\n                                                    <\/div>\n                    <\/div>\n                <\/a>\n            <\/div>\n\t\t\t<div class=\"col-md-4\">\n                <a href=\"https:\/\/cparici.com\/fr\/rallye-dunes-et-marais\/\" class=\"blog-compact-item-container\">\n                    <div class=\"blog-compact-item\">\n                        <img decoding=\"async\" width=\"577\" height=\"208\" src=\"https:\/\/cparici.com\/wp-content\/uploads\/2024\/07\/rallye-dunes-et-marais.jpg\" class=\"attachment-listeo-blog-related-post size-listeo-blog-related-post wp-post-image\" alt=\"rallye dunes et marais\" srcset=\"https:\/\/cparici.com\/wp-content\/uploads\/2024\/07\/rallye-dunes-et-marais.jpg 1480w, https:\/\/cparici.com\/wp-content\/uploads\/2024\/07\/rallye-dunes-et-marais-600x216.jpg 600w, https:\/\/cparici.com\/wp-content\/uploads\/2024\/07\/rallye-dunes-et-marais-300x108.jpg 300w, https:\/\/cparici.com\/wp-content\/uploads\/2024\/07\/rallye-dunes-et-marais-1024x369.jpg 1024w, https:\/\/cparici.com\/wp-content\/uploads\/2024\/07\/rallye-dunes-et-marais-768x277.jpg 768w\" sizes=\"(max-width: 577px) 100vw, 577px\" \/><span class=\"blog-item-tag\">Charente maritime<\/span>                        \n                        <div class=\"blog-compact-item-content\">\n                                                        <h3>Rallye Dunes et Marais : Un \u00c9v\u00e9nement Incontournable<\/h3>\n                                                        <p>Le Rallye Dunes et Marais Le Rallye Dunes et Marais est une comp\u00e9tition embl\u00e9matique dans...                            <\/p>\n                                                    <\/div>\n                    <\/div>\n                <\/a>\n            <\/div>\n  <\/div>\n        <\/div>\n        \t\t\t\t<\/div>\n\t\t\t\t<\/div>\n\t\t\t\t\t<\/div>\n\t\t\t\t<\/div>\n\t\t\t\t<\/div>\n\t\t","protected":false},"excerpt":{"rendered":"<p>Le Phare de Cordouan Royan est un phare situ\u00e9 \u00e0 l&#8217;embouchure de l&#8217;estuaire de la Gironde, sur l\u2019oc\u00e9an Atlantique, en Charente maritime. C\u2019est le plus ancien phare de France encore en activit\u00e9.<\/p>\n","protected":false},"author":1,"featured_media":50359,"comment_status":"closed","ping_status":"closed","sticky":false,"template":"","format":"standard","meta":{"ngg_post_thumbnail":0,"footnotes":""},"categories":[460,461,477],"tags":[],"class_list":["post-16350","post","type-post","status-publish","format-standard","has-post-thumbnail","hentry","category-royan","category-charente-maritime","category-france"],"_links":{"self":[{"href":"https:\/\/cparici.com\/fr\/wp-json\/wp\/v2\/posts\/16350","targetHints":{"allow":["GET"]}}],"collection":[{"href":"https:\/\/cparici.com\/fr\/wp-json\/wp\/v2\/posts"}],"about":[{"href":"https:\/\/cparici.com\/fr\/wp-json\/wp\/v2\/types\/post"}],"author":[{"embeddable":true,"href":"https:\/\/cparici.com\/fr\/wp-json\/wp\/v2\/users\/1"}],"replies":[{"embeddable":true,"href":"https:\/\/cparici.com\/fr\/wp-json\/wp\/v2\/comments?post=16350"}],"version-history":[{"count":0,"href":"https:\/\/cparici.com\/fr\/wp-json\/wp\/v2\/posts\/16350\/revisions"}],"wp:featuredmedia":[{"embeddable":true,"href":"https:\/\/cparici.com\/fr\/wp-json\/wp\/v2\/media\/50359"}],"wp:attachment":[{"href":"https:\/\/cparici.com\/fr\/wp-json\/wp\/v2\/media?parent=16350"}],"wp:term":[{"taxonomy":"category","embeddable":true,"href":"https:\/\/cparici.com\/fr\/wp-json\/wp\/v2\/categories?post=16350"},{"taxonomy":"post_tag","embeddable":true,"href":"https:\/\/cparici.com\/fr\/wp-json\/wp\/v2\/tags?post=16350"}],"curies":[{"name":"wp","href":"https:\/\/api.w.org\/{rel}","templated":true}]}}