{"id":16464,"date":"2024-04-14T08:35:48","date_gmt":"2024-04-14T06:35:48","guid":{"rendered":"https:\/\/cparici.com\/?p=16464"},"modified":"2025-04-22T17:55:32","modified_gmt":"2025-04-22T15:55:32","slug":"les-plus-beaux-phares-de-charente-maritime","status":"publish","type":"post","link":"https:\/\/cparici.com\/fr\/les-plus-beaux-phares-de-charente-maritime\/","title":{"rendered":"Les plus beaux phares de Charente Maritime"},"content":{"rendered":"\t\t<div data-elementor-type=\"wp-post\" data-elementor-id=\"16464\" class=\"elementor elementor-16464\" data-elementor-post-type=\"post\">\n\t\t\t\t<div class=\"elementor-element elementor-element-bf974a0 e-con-full e-flex e-con e-parent\" data-id=\"bf974a0\" data-element_type=\"container\" data-e-type=\"container\">\n\t\t\t\t<div class=\"elementor-element elementor-element-4a25f16 elementor-widget elementor-widget-image\" data-id=\"4a25f16\" data-element_type=\"widget\" data-e-type=\"widget\" data-widget_type=\"image.default\">\n\t\t\t\t\t\t\t\t\t\t\t\t\t\t\t<img decoding=\"async\" width=\"2521\" height=\"656\" src=\"https:\/\/cparici.com\/wp-content\/uploads\/2024\/04\/phare-de-vallieres-banniere.jpg\" class=\"attachment-full size-full wp-image-50345\" alt=\"les plus beaux phares de charente maritime\" srcset=\"https:\/\/cparici.com\/wp-content\/uploads\/2024\/04\/phare-de-vallieres-banniere.jpg 2521w, https:\/\/cparici.com\/wp-content\/uploads\/2024\/04\/phare-de-vallieres-banniere-300x78.jpg 300w, https:\/\/cparici.com\/wp-content\/uploads\/2024\/04\/phare-de-vallieres-banniere-1024x266.jpg 1024w, https:\/\/cparici.com\/wp-content\/uploads\/2024\/04\/phare-de-vallieres-banniere-768x200.jpg 768w, https:\/\/cparici.com\/wp-content\/uploads\/2024\/04\/phare-de-vallieres-banniere-1536x400.jpg 1536w, https:\/\/cparici.com\/wp-content\/uploads\/2024\/04\/phare-de-vallieres-banniere-2048x533.jpg 2048w, https:\/\/cparici.com\/wp-content\/uploads\/2024\/04\/phare-de-vallieres-banniere-590x154.jpg 590w, https:\/\/cparici.com\/wp-content\/uploads\/2024\/04\/phare-de-vallieres-banniere-1200x312.jpg 1200w, https:\/\/cparici.com\/wp-content\/uploads\/2024\/04\/phare-de-vallieres-banniere-577x150.jpg 577w, https:\/\/cparici.com\/wp-content\/uploads\/2024\/04\/phare-de-vallieres-banniere-600x156.jpg 600w\" sizes=\"(max-width: 2521px) 100vw, 2521px\" \/>\t\t\t\t\t\t\t\t\t\t\t\t\t\t\t<\/div>\n\t\t\t\t<\/div>\n\t\t<div class=\"elementor-element elementor-element-58f8920 e-flex e-con-boxed e-con e-parent\" data-id=\"58f8920\" data-element_type=\"container\" data-e-type=\"container\">\n\t\t\t\t\t<div class=\"e-con-inner\">\n\t\t\t\t<div class=\"elementor-element elementor-element-164e455 elementor-widget elementor-widget-global elementor-global-62046 elementor-widget-eael-advanced-search\" data-id=\"164e455\" data-element_type=\"widget\" data-e-type=\"widget\" data-widget_type=\"eael-advanced-search.default\">\n\t\t\t\t\t        <div class=\"eael-adv-search-wrapper\">\n            <div id=\"eael-advanced-search-widget-164e455\" class=\"eael-advanced-search-widget\">\n                <form data-settings=\"{&quot;post_per_page&quot;:5,&quot;search_among_taxonomies&quot;:&quot;&quot;,&quot;search_among_sku&quot;:&quot;no&quot;,&quot;show_popular_keyword&quot;:0,&quot;show_category&quot;:0,&quot;show_content_image&quot;:1,&quot;show_search_result_all_results&quot;:0,&quot;result_on_new_tab&quot;:&quot;no&quot;,&quot;show_product_price&quot;:&quot;no&quot;,&quot;include_current_page&quot;:&quot;no&quot;,&quot;current_post_id&quot;:16464,&quot;post_type&quot;:[&quot;post&quot;,&quot;listing&quot;]}\" method=\"POST\" name=\"eael-advanced-search-form-164e455\" class=\"eael-advanced-search-form eael-advanced-search-form-style-2\">\n                    <div class=\"eael-advanced-search-wrap\">\n                        <span class=\"eael-adv-search-loader\"><\/span>\n                        <span class=\"eael-adv-search-close\"><i class=\"fas fa-times\"><\/i><\/span>\n                        <span class=\"icon \"><i class=\"fas fa-search\"><\/i><\/span>\n\n                        <input type=\"text\"\n                               placeholder=\"Votre destination\"\n                               class=\"eael-advanced-search\" autocomplete=\"off\" name=\"eael_advanced_search\">\n                    <\/div>\n\t\t\t\t\t                                    <\/form>\n\n\t\t\t\t\n\t\t\t\t        <div class=\"eael-advanced-search-result\">\n            <div class=\"eael-advanced-search-popular-keyword\">\n\t\t\t\t<h4 class=\"eael-advanced-search-popular-keyword-text\">Recherches populaires<\/h4>                <div class=\"eael-popular-keyword-content\"><\/div>\n            <\/div>\n            <div class=\"eael-advanced-search-category\">\n\t\t\t\t<h4 class=\"eael-advanced-search-category-text\">Categories<\/h4>                <div class=\"eael-popular-category-content\"><\/div>\n            <\/div>\n\t\t\t<div class=\"eael-advanced-search-total-results-section\">\n\t\t\t\t\t\t\t<\/div>\n            <div class=\"eael-advanced-search-content eael-item-style-3\">\n            <\/div>\n            <div class=\"eael-advanced-search-not-found\">\n                <p>Pas de r\u00e9sultats<\/p><\/div>\n            <div class=\"eael-advanced-search-load-more\">\n\t\t\t\t<a \tclass=\"eael-advanced-search-load-more-button\"\n                \thref=\"#\">Voir tous les r\u00e9sultats<\/a>\n            <\/div>\n        <\/div>\n\n\t\t            <\/div>\n        <\/div>\n\n\t\t\t\t\t\t<\/div>\n\t\t\t\t\t<\/div>\n\t\t\t\t<\/div>\n\t\t<div class=\"elementor-element elementor-element-2456fc55 e-flex e-con-boxed e-con e-parent\" data-id=\"2456fc55\" data-element_type=\"container\" data-e-type=\"container\">\n\t\t\t\t\t<div class=\"e-con-inner\">\n\t\t\t\t<div class=\"elementor-element elementor-element-37935177 elementor-widget elementor-widget-text-editor\" data-id=\"37935177\" data-element_type=\"widget\" data-e-type=\"widget\" data-widget_type=\"text-editor.default\">\n\t\t\t\t\t\t\t\t\t<h1 style=\"text-align: center;\"><span style=\"font-size: 18pt;\">Les plus beaux phares de Charente maritime<\/span><\/h1><h2 style=\"text-align: center;\"><span style=\"font-size: 14pt;\">D\u00e9couvrez les plus beaux phares de Charente maritime, un voyage \u00e0 travers l&#8217;Histoire Maritime<\/span><\/h2><p>Les phares de Charente-Maritime \u00e9voquent \u00e0 la fois la majest\u00e9 de l&#8217;oc\u00e9an Atlantique et le riche h\u00e9ritage maritime de la r\u00e9gion. Ces structures embl\u00e9matiques ont guid\u00e9 les marins en toute s\u00e9curit\u00e9 depuis des si\u00e8cles, tout en devenant des symboles de la beaut\u00e9 naturelle et de l&#8217;ing\u00e9niosit\u00e9 architecturale. Dans cet article, nous plongerons dans l&#8217;histoire, l&#8217;architecture, les environs pittoresques et les activit\u00e9s \u00e0 d\u00e9couvrir autour de chacun des phares de Charente-Maritime.<\/p><h2><span style=\"font-size: 18pt;\">1. Phare de Cordouan : le roi des phares et le phare des rois<\/span><\/h2><p>Histoire :<br \/>Le Phare <a href=\"https:\/\/cparici.com\/phare-de-cordouan\/\">de Cordouan, surnomm\u00e9 le &#8220;Versailles de la Mer&#8221;<\/a>, est l&#8217;un des plus anciens phares de France. Sa construction a commenc\u00e9 au XVIe si\u00e8cle sous le r\u00e8gne de Henri III. Il est class\u00e9 monument historique depuis 1862.<\/p><figure id=\"attachment_14143\" aria-describedby=\"caption-attachment-14143\" style=\"width: 575px\" class=\"wp-caption aligncenter\"><a href=\"https:\/\/cparici.com\/wp-content\/uploads\/2021\/05\/phare-de-cordouan-2.jpg\"><img decoding=\"async\" class=\"wp-image-14143 size-full\" title=\"Phare de Cordouan - un des plus beaux phares de charente maritime\" src=\"https:\/\/cparici.com\/wp-content\/uploads\/2021\/05\/phare-de-cordouan-2.jpg\" alt=\"Phare de Cordouan - un des plus beaux phares de charente maritime\" width=\"575\" height=\"800\" srcset=\"https:\/\/cparici.com\/wp-content\/uploads\/2021\/05\/phare-de-cordouan-2.jpg 575w, https:\/\/cparici.com\/wp-content\/uploads\/2021\/05\/phare-de-cordouan-2-768x1068.jpg 768w, https:\/\/cparici.com\/wp-content\/uploads\/2021\/05\/phare-de-cordouan-2-600x834.jpg 600w\" sizes=\"(max-width: 575px) 100vw, 575px\" \/><\/a><figcaption id=\"caption-attachment-14143\" class=\"wp-caption-text\">Phare de Cordouan &#8211; un des plus beaux phares de charente maritime<\/figcaption><\/figure><p>Architecture :<br \/>Le Phare de Cordouan est un exemple remarquable de l&#8217;architecture Renaissance. Sa tour octogonale en pierre, surmont\u00e9e d&#8217;une lanterne, s&#8217;\u00e9l\u00e8ve majestueusement au-dessus de l&#8217;oc\u00e9an. L&#8217;int\u00e9rieur est richement d\u00e9cor\u00e9 avec des \u00e9l\u00e9ments sculpt\u00e9s et des fresques.<\/p><p>Environs :<br \/>Le phare est situ\u00e9 sur un banc de sable, \u00e0 environ sept kilom\u00e8tres au large de la c\u00f4te. Les visiteurs peuvent acc\u00e9der au phare par bateau depuis la ville de Royan ou de La Tremblade.<\/p><p>Activit\u00e9s :<br \/>Des visites guid\u00e9es sont propos\u00e9es aux visiteurs, qui peuvent monter au sommet du phare pour profiter d&#8217;une vue panoramique sur l&#8217;estuaire de la Gironde. Les environs offrent \u00e9galement des possibilit\u00e9s de p\u00eache, de randonn\u00e9e et d&#8217;observation de la faune.<\/p><h2>\u00a0<span style=\"font-size: 18pt;\">2. Le Phare des Baleines\u00a0 &#8211; un des plus beaux phares de charente maritime<\/span><\/h2><p>Histoire<br \/><a href=\"https:\/\/cparici.com\/fr\/le-phare-des-baleines\/\">Le Phare des Baleines doit son nom aux nombreuses baleines \u00e9chou\u00e9es sur les c\u00f4tes de l&#8217;\u00eele de R\u00e9<\/a>. Il a \u00e9t\u00e9 construit en 1854 pour remplacer un ancien phare d\u00e9truit par la foudre.<\/p><p>Architecture<br \/>Ce phare est une tour en pierre de taille de 57 m\u00e8tres de hauteur, surmont\u00e9e d&#8217;une lanterne blanche. Il est situ\u00e9 \u00e0 l&#8217;extr\u00e9mit\u00e9 ouest de l&#8217;\u00eele de R\u00e9, offrant un rep\u00e8re visuel crucial pour les navires naviguant le long de la c\u00f4te atlantique.<\/p><figure id=\"attachment_11769\" aria-describedby=\"caption-attachment-11769\" style=\"width: 533px\" class=\"wp-caption aligncenter\"><a href=\"https:\/\/cparici.com\/wp-content\/uploads\/2020\/11\/phare-des-baleines-13-loclilala.jpg\"><img decoding=\"async\" class=\"wp-image-11769 size-full\" title=\"Le phare des baleines sur l'\u00eele de R\u00e9 - un phare en charente paritime\" src=\"https:\/\/cparici.com\/wp-content\/uploads\/2020\/11\/phare-des-baleines-13-loclilala.jpg\" alt=\"Le phare des baleines sur l'\u00eele de R\u00e9 - un phare en charente paritime\" width=\"533\" height=\"800\" srcset=\"https:\/\/cparici.com\/wp-content\/uploads\/2020\/11\/phare-des-baleines-13-loclilala.jpg 533w, https:\/\/cparici.com\/wp-content\/uploads\/2020\/11\/phare-des-baleines-13-loclilala-768x1152.jpg 768w, https:\/\/cparici.com\/wp-content\/uploads\/2020\/11\/phare-des-baleines-13-loclilala-600x900.jpg 600w\" sizes=\"(max-width: 533px) 100vw, 533px\" \/><\/a><figcaption id=\"caption-attachment-11769\" class=\"wp-caption-text\">Le phare des baleines sur l&#8217;\u00eele de R\u00e9 &#8211; un phare en charente paritime<\/figcaption><\/figure><p>Environs<br \/>Le Phare des Baleines est entour\u00e9 de paysages naturels pr\u00e9serv\u00e9s, notamment des dunes de sable, des plages de sable fin et des marais salants. L&#8217;\u00eele de R\u00e9 est \u00e9galement r\u00e9put\u00e9e pour ses villages pittoresques et sa gastronomie.<\/p><p>Activit\u00e9s<br \/>Les visiteurs peuvent gravir les 257 marches du phare pour profiter d&#8217;une vue panoramique sur l&#8217;\u00eele de R\u00e9 et l&#8217;oc\u00e9an Atlantique. Les environs offrent \u00e9galement des possibilit\u00e9s de v\u00e9lo, de surf, et de d\u00e9gustation de produits locaux.<\/p><h2><span style=\"font-size: 18pt;\">3. Le Phare de Chassiron<\/span><\/h2><p>Histoire<br \/>Le Phare de <a href=\"https:\/\/cparici.com\/fr\/phare-de-chassiron-guide-complet\/\">Chassiron<\/a>, situ\u00e9 \u00e0 l&#8217;extr\u00e9mit\u00e9 nord de l&#8217;\u00eele d&#8217;Ol\u00e9ron, a \u00e9t\u00e9 construit en 1836 pour remplacer un ancien phare datant du XVIIIe si\u00e8cle. Il est class\u00e9 monument historique depuis 2012.<\/p><p>Architecture<br \/>Ce phare en pierre de taille blanche mesure 46 m\u00e8tres de hauteur et est surmont\u00e9 d&#8217;une lanterne rouge. Sa conception n\u00e9o-classique en fait l&#8217;un des phares les plus \u00e9l\u00e9gants de la r\u00e9gion.<\/p><p>Environs<br \/>Le Phare de Chassiron est entour\u00e9 de falaises rocheuses, de criques sauvages et de for\u00eats de pins. L&#8217;\u00eele d&#8217;Ol\u00e9ron est r\u00e9put\u00e9e pour ses plages de sable fin, ses villages de p\u00eacheurs pittoresques et sa culture ostr\u00e9icole.<\/p><p>Activit\u00e9s<br \/>Les visiteurs peuvent visiter le mus\u00e9e du phare pour en apprendre davantage sur son histoire et son fonctionnement. Des sentiers de randonn\u00e9e \u00e0 proximit\u00e9 offrent \u00e9galement l&#8217;occasion d&#8217;explorer la beaut\u00e9 naturelle de l&#8217;\u00eele d&#8217;Ol\u00e9ron.<\/p><h2><span style=\"font-size: 18pt;\">4. Phare de la Coubre &#8211; un des plus beaux phares sur la c\u00f4te sauvage<\/span><\/h2><p>Histoire<br \/><a href=\"https:\/\/cparici.com\/fr\/le-phare-de-la-coubre-a-la-tremblade\/\">Le Phare de la Coubre a \u00e9t\u00e9 construit en 1905 pour remplacer un phare plus ancien d\u00e9truit par une temp\u00eate. Il est situ\u00e9 \u00e0 l&#8217;embouchure de l&#8217;estuaire de la Gironde, pr\u00e8s de la ville de La Palmyre.<\/a><\/p><p>Architecture<br \/>Ce phare en b\u00e9ton arm\u00e9 mesure 64 m\u00e8tres de hauteur et est peint en blanc avec des bandes rouges et noires, ce qui en fait l&#8217;un des phares les plus reconnaissables de la r\u00e9gion.<\/p><figure id=\"attachment_13565\" aria-describedby=\"caption-attachment-13565\" style=\"width: 533px\" class=\"wp-caption aligncenter\"><a href=\"https:\/\/cparici.com\/wp-content\/uploads\/2021\/04\/phare-de-la-coubre-2.jpg\"><img decoding=\"async\" class=\"wp-image-13565 size-full\" title=\"Phare de la coubre - un des plus beaux phares sur la cote sauvage en charente maritime\" src=\"https:\/\/cparici.com\/wp-content\/uploads\/2021\/04\/phare-de-la-coubre-2.jpg\" alt=\"Phare de la coubre - un des plus beaux phares sur la cote sauvage en charente maritime\" width=\"533\" height=\"800\" srcset=\"https:\/\/cparici.com\/wp-content\/uploads\/2021\/04\/phare-de-la-coubre-2.jpg 533w, https:\/\/cparici.com\/wp-content\/uploads\/2021\/04\/phare-de-la-coubre-2-768x1152.jpg 768w, https:\/\/cparici.com\/wp-content\/uploads\/2021\/04\/phare-de-la-coubre-2-600x900.jpg 600w\" sizes=\"(max-width: 533px) 100vw, 533px\" \/><\/a><figcaption id=\"caption-attachment-13565\" class=\"wp-caption-text\">Phare de la coubre &#8211; un des plus beaux phares sur la cote sauvage en charente maritime<\/figcaption><\/figure><p>Environs<br \/>Le Phare de la Coubre est entour\u00e9 de dunes de sable, de for\u00eats de pins et de plages pr\u00e9serv\u00e9es. La r\u00e9gion est r\u00e9put\u00e9e pour ses stations baln\u00e9aires anim\u00e9es, ses parcs naturels et sa faune sauvage.<\/p><p>Activit\u00e9s<br \/>Les visiteurs peuvent gravir les 300 marches du phare pour profiter d&#8217;une vue panoramique sur l&#8217;estuaire de la Gironde et la c\u00f4te atlantique. La r\u00e9gion offre \u00e9galement des possibilit\u00e9s de surf, de v\u00e9lo et d&#8217;observation de la faune.<\/p><h2>\u00a0<span style=\"font-size: 18pt;\">5. Phare de Saint-Georges-de-Didonne<\/span><\/h2><p>Histoire<br \/>Le Phare de Saint-Georges-de-Didonne a \u00e9t\u00e9 construit en 1900 pour remplacer un ancien phare datant du XIXe si\u00e8cle. Il est <a href=\"https:\/\/cparici.com\/fr\/phare-de-vallieres-a-saint-georges-de-didonne\/\">situ\u00e9 \u00e0 l&#8217;embouchure de la Gironde, pr\u00e8s de la ville de Royan.<\/a><\/p><p>Architecture<br \/>Ce phare en b\u00e9ton arm\u00e9 mesure 29 m\u00e8tres de hauteur. Sa conception fonctionnelle en fait l&#8217;un des phares les plus simples de la r\u00e9gion.<\/p><figure id=\"attachment_12796\" aria-describedby=\"caption-attachment-12796\" style=\"width: 533px\" class=\"wp-caption aligncenter\"><a href=\"https:\/\/cparici.com\/wp-content\/uploads\/2021\/02\/phare-de-vallieres-2.jpg\"><img decoding=\"async\" class=\"wp-image-12796 size-full\" title=\"Phare de Saint Georges de Didonne en charente maritime Trouver une location de vacances sur la C\u00f4te de beaut\u00e9\" src=\"https:\/\/cparici.com\/wp-content\/uploads\/2021\/02\/phare-de-vallieres-2.jpg\" alt=\"Phare de Saint Georges de Didonne en charente maritime Trouver une location de vacances sur la C\u00f4te de beaut\u00e9\" width=\"533\" height=\"800\" srcset=\"https:\/\/cparici.com\/wp-content\/uploads\/2021\/02\/phare-de-vallieres-2.jpg 533w, https:\/\/cparici.com\/wp-content\/uploads\/2021\/02\/phare-de-vallieres-2-768x1152.jpg 768w, https:\/\/cparici.com\/wp-content\/uploads\/2021\/02\/phare-de-vallieres-2-600x900.jpg 600w\" sizes=\"(max-width: 533px) 100vw, 533px\" \/><\/a><figcaption id=\"caption-attachment-12796\" class=\"wp-caption-text\">Phare de Saint Georges de Didonne en charente maritime Trouver une location de vacances sur la C\u00f4te de beaut\u00e9<\/figcaption><\/figure><p>Activit\u00e9s :<br \/>Les visiteurs peuvent gravir les 189 marches du phare pour profiter d&#8217;une vue panoramique sur l&#8217;estuaire de la Gironde et la c\u00f4te atlantique. La r\u00e9gion offre \u00e9galement des possibilit\u00e9s<\/p><h3 style=\"text-align: center;\"><strong><span style=\"color: #003366;\">D\u00e9couvrez d&#8217;autres sites touristiques en Charente maritime<\/span><\/strong><\/h3>\t\t\t\t\t\t\t\t<\/div>\n\t\t\t\t\t<\/div>\n\t\t\t\t<\/div>\n\t\t\t\t<\/div>\n\t\t","protected":false},"excerpt":{"rendered":"<p>Les plus beaux phares de charente maritime &#8211; D\u00e9couvrez les phares embl\u00e9matiques qui veillent sur la c\u00f4te atlantique en charente maritime<\/p>\n","protected":false},"author":1,"featured_media":50345,"comment_status":"closed","ping_status":"closed","sticky":false,"template":"elementor_header_footer","format":"standard","meta":{"ngg_post_thumbnail":0,"footnotes":""},"categories":[494,314,461,161,477,315,170,302,165,480],"tags":[191,312,162,307,189,159,219,190],"class_list":["post-16464","post","type-post","status-publish","format-standard","has-post-thumbnail","hentry","category-phares","category-architecture","category-charente-maritime","category-famille","category-france","category-histoire","category-parcs-nature","category-patrimoine","category-plages","category-poitou-charentes","tag-charente-maritime","tag-cote-de-beaute","tag-culturel","tag-estuaire-de-la-gironde","tag-meschers","tag-royan","tag-st-palais-sur-mer","tag-talmont"],"_links":{"self":[{"href":"https:\/\/cparici.com\/fr\/wp-json\/wp\/v2\/posts\/16464","targetHints":{"allow":["GET"]}}],"collection":[{"href":"https:\/\/cparici.com\/fr\/wp-json\/wp\/v2\/posts"}],"about":[{"href":"https:\/\/cparici.com\/fr\/wp-json\/wp\/v2\/types\/post"}],"author":[{"embeddable":true,"href":"https:\/\/cparici.com\/fr\/wp-json\/wp\/v2\/users\/1"}],"replies":[{"embeddable":true,"href":"https:\/\/cparici.com\/fr\/wp-json\/wp\/v2\/comments?post=16464"}],"version-history":[{"count":0,"href":"https:\/\/cparici.com\/fr\/wp-json\/wp\/v2\/posts\/16464\/revisions"}],"wp:featuredmedia":[{"embeddable":true,"href":"https:\/\/cparici.com\/fr\/wp-json\/wp\/v2\/media\/50345"}],"wp:attachment":[{"href":"https:\/\/cparici.com\/fr\/wp-json\/wp\/v2\/media?parent=16464"}],"wp:term":[{"taxonomy":"category","embeddable":true,"href":"https:\/\/cparici.com\/fr\/wp-json\/wp\/v2\/categories?post=16464"},{"taxonomy":"post_tag","embeddable":true,"href":"https:\/\/cparici.com\/fr\/wp-json\/wp\/v2\/tags?post=16464"}],"curies":[{"name":"wp","href":"https:\/\/api.w.org\/{rel}","templated":true}]}}