{"id":16625,"date":"2024-04-16T10:43:43","date_gmt":"2024-04-16T08:43:43","guid":{"rendered":"https:\/\/cparici.com\/?p=16625"},"modified":"2026-01-18T13:46:04","modified_gmt":"2026-01-18T12:46:04","slug":"saint-georges-de-didonne-guide-pratique-pour-decouvrir-la-ville","status":"publish","type":"post","link":"https:\/\/cparici.com\/fr\/saint-georges-de-didonne-guide-pratique-pour-decouvrir-la-ville\/","title":{"rendered":"Saint-Georges-de-Didonne : guide pratique pour d\u00e9couvrir la ville"},"content":{"rendered":"\t\t<div data-elementor-type=\"wp-post\" data-elementor-id=\"16625\" class=\"elementor elementor-16625\" data-elementor-post-type=\"post\">\n\t\t\t\t<div class=\"elementor-element elementor-element-56e3522 e-con-full e-flex e-con e-parent\" data-id=\"56e3522\" data-element_type=\"container\" data-e-type=\"container\">\n\t\t\t\t<div class=\"elementor-element elementor-element-0befc54 elementor-widget elementor-widget-image\" data-id=\"0befc54\" data-element_type=\"widget\" data-e-type=\"widget\" data-widget_type=\"image.default\">\n\t\t\t\t\t\t\t\t\t\t\t\t\t\t\t<img decoding=\"async\" width=\"1520\" height=\"555\" src=\"https:\/\/cparici.com\/wp-content\/uploads\/2020\/11\/st-georges-banniere.jpg\" class=\"attachment-full size-full wp-image-11616\" alt=\"Charente Maritime saint georges de didonne\" srcset=\"https:\/\/cparici.com\/wp-content\/uploads\/2020\/11\/st-georges-banniere.jpg 1520w, https:\/\/cparici.com\/wp-content\/uploads\/2020\/11\/st-georges-banniere-600x219.jpg 600w, https:\/\/cparici.com\/wp-content\/uploads\/2020\/11\/st-georges-banniere-768x280.jpg 768w\" sizes=\"(max-width: 1520px) 100vw, 1520px\" \/>\t\t\t\t\t\t\t\t\t\t\t\t\t\t\t<\/div>\n\t\t\t\t<\/div>\n\t\t<div class=\"elementor-element elementor-element-5f7b4a2b e-flex e-con-boxed e-con e-parent\" data-id=\"5f7b4a2b\" data-element_type=\"container\" data-e-type=\"container\">\n\t\t\t\t\t<div class=\"e-con-inner\">\n\t\t<div class=\"elementor-element elementor-element-242a407 e-con-full e-flex e-con e-child\" data-id=\"242a407\" data-element_type=\"container\" data-e-type=\"container\">\n\t\t\t\t<div class=\"elementor-element elementor-element-5c5988f9 elementor-widget elementor-widget-text-editor\" data-id=\"5c5988f9\" data-element_type=\"widget\" data-e-type=\"widget\" data-widget_type=\"text-editor.default\">\n\t\t\t\t\t\t\t\t\t<div class=\"vc_row wpb_row vc_row-fluid box_1 vc_custom_1617137653494 vc_row-has-fill wpestate_row vc_row\"><div class=\"wpb_column vc_column_container vc_col-sm-12 vc_column\"><div class=\"vc_column-inner\"><div class=\"wpb_wrapper\"><div class=\"wpb_text_column wpb_content_element vc_custom_1716065363532 vc_column_text\"><div class=\"wpb_wrapper\"><h1 style=\"text-align: center;\"><span style=\"font-size: 18pt;\"><strong>Saint-Georges-de-Didonne : les choses a voir et a faire dans la ville<\/strong><\/span><\/h1><p>\u00c0 la recherche de la destination parfaite pour vos prochaines vacances ? Envie de combiner le plaisir de la mer, la beaut\u00e9 de la nature, la richesse du patrimoine et les d\u00e9lices de la gastronomie ?<\/p><p>D\u00e9couvrez Saint-Georges-de-Didonne, une station baln\u00e9aire de charme nich\u00e9e en Charente-Maritime,\u00a0\u00a0<a href=\"https:\/\/cparici.com\/royan-informations-pratiques-et-decouverte\/\" data-wplink-edit=\"true\">non loin de Royan<\/a>, sur la sublime c\u00f4te de Beaut\u00e9.<\/p><\/div><\/div><\/div><\/div><\/div><\/div>\t\t\t\t\t\t\t\t<\/div>\n\t\t<div class=\"elementor-element elementor-element-165961c2 e-grid e-con-full e-con e-child\" data-id=\"165961c2\" data-element_type=\"container\" data-e-type=\"container\">\n\t\t\t\t<div class=\"elementor-element elementor-element-5f62dc60 elementor-widget elementor-widget-google_maps\" data-id=\"5f62dc60\" data-element_type=\"widget\" data-e-type=\"widget\" data-widget_type=\"google_maps.default\">\n\t\t\t\t\t\t\t<div class=\"elementor-custom-embed\">\n\t\t\t<iframe loading=\"lazy\"\n\t\t\t\t\tsrc=\"https:\/\/maps.google.com\/maps?q=saint-georges-de-didonne&#038;t=m&#038;z=11&#038;output=embed&#038;iwloc=near\"\n\t\t\t\t\ttitle=\"saint-georges-de-didonne\"\n\t\t\t\t\taria-label=\"saint-georges-de-didonne\"\n\t\t\t><\/iframe>\n\t\t<\/div>\n\t\t\t\t\t\t<\/div>\n\t\t\t\t<div class=\"elementor-element elementor-element-75f1b3ca elementor-widget elementor-widget-image\" data-id=\"75f1b3ca\" data-element_type=\"widget\" data-e-type=\"widget\" data-widget_type=\"image.default\">\n\t\t\t\t\t\t\t\t\t\t\t\t\t\t\t<img decoding=\"async\" width=\"760\" height=\"501\" src=\"https:\/\/cparici.com\/wp-content\/uploads\/2021\/02\/st-georges-hastag-1024x675.jpg\" class=\"attachment-large size-large wp-image-39837\" alt=\"st geoges de didonne pointe de suzac\" srcset=\"https:\/\/cparici.com\/wp-content\/uploads\/2021\/02\/st-georges-hastag-1024x675.jpg 1024w, https:\/\/cparici.com\/wp-content\/uploads\/2021\/02\/st-georges-hastag-600x395.jpg 600w, https:\/\/cparici.com\/wp-content\/uploads\/2021\/02\/st-georges-hastag-300x198.jpg 300w, https:\/\/cparici.com\/wp-content\/uploads\/2021\/02\/st-georges-hastag-768x506.jpg 768w, https:\/\/cparici.com\/wp-content\/uploads\/2021\/02\/st-georges-hastag-1536x1012.jpg 1536w, https:\/\/cparici.com\/wp-content\/uploads\/2021\/02\/st-georges-hastag.jpg 1920w\" sizes=\"(max-width: 760px) 100vw, 760px\" \/>\t\t\t\t\t\t\t\t\t\t\t\t\t\t\t<\/div>\n\t\t\t\t<\/div>\n\t\t\t\t<div class=\"elementor-element elementor-element-2b8c0ddc elementor-widget elementor-widget-text-editor\" data-id=\"2b8c0ddc\" data-element_type=\"widget\" data-e-type=\"widget\" data-widget_type=\"text-editor.default\">\n\t\t\t\t\t\t\t\t\t<p>Ce petit paradis vous enchantera par son\u00a0<strong>emplacement unique<\/strong>\u00a0: entre l\u2019Atlantique majestueux,\u00a0<a href=\"https:\/\/cparici.com\/estuaire-de-la-gironde-en-france\/\"><strong>l\u2019estuaire de la Gironde<\/strong>\u00a0<\/a>et la splendide for\u00eat de Suzac. Ses plages \u00e9tendues de sable fin, ses falaises impressionnantes, son phare embl\u00e9matique et son port plein de caract\u00e8re font de Saint-Georges-de-Didonne un lieu incontournable.<\/p><p>Venez explorer son histoire fascinante, marqu\u00e9e par l\u2019audacie des pilotes du port, les tumultes des guerres de religion et le prestige des villas du XIXe si\u00e8cle. Offrez-vous le plaisir de go\u00fbter aux\u00a0<em>sp\u00e9cialit\u00e9s locales<\/em>: tourteaux succulents, prunes juteuses et tartes charentaises traditionnelles.<\/p><p>\u00c0 travers ce guide, nous vous invitons \u00e0 d\u00e9couvrir tous les charmes de Saint-Georges-de-Didonne, une ville qui promet de\u00a0<strong>captiver votre c\u0153ur<\/strong>. Partons ensemble \u00e0 sa d\u00e9couverte !<\/p>\t\t\t\t\t\t\t\t<\/div>\n\t\t\t\t<\/div>\n\t\t\t\t\t<\/div>\n\t\t\t\t<\/div>\n\t\t<aside class=\"elementor-element elementor-element-3442f24b e-flex e-con-boxed e-con e-parent\" data-id=\"3442f24b\" data-element_type=\"container\" data-e-type=\"container\" data-settings=\"{&quot;background_background&quot;:&quot;classic&quot;}\">\n\t\t\t\t\t<div class=\"e-con-inner\">\n\t\t\t\t<div class=\"elementor-element elementor-element-3d08ed25 elementor-widget elementor-widget-spacer\" data-id=\"3d08ed25\" data-element_type=\"widget\" data-e-type=\"widget\" data-widget_type=\"spacer.default\">\n\t\t\t\t\t\t\t<div class=\"elementor-spacer\">\n\t\t\t<div class=\"elementor-spacer-inner\"><\/div>\n\t\t<\/div>\n\t\t\t\t\t\t<\/div>\n\t\t\t\t<div class=\"elementor-element elementor-element-d85e6b5 elementor-widget elementor-widget-heading\" data-id=\"d85e6b5\" data-element_type=\"widget\" data-e-type=\"widget\" data-widget_type=\"heading.default\">\n\t\t\t\t\t<h2 class=\"elementor-heading-title elementor-size-default\">H\u00e9bergements de Vacances Saint-Georges-de-Didonne en direct<\/h2>\t\t\t\t<\/div>\n\t\t\t\t<div class=\"elementor-element elementor-element-3b306127 elementor-widget elementor-widget-listeo-listings-carousel\" data-id=\"3b306127\" data-element_type=\"widget\" data-e-type=\"widget\" data-widget_type=\"listeo-listings-carousel.default\">\n\t\t\t\t<div class=\"elementor-widget-container\">\n\t\t\t\t\t        <!-- Carousel \/ Start -->\n        \t<div class=\"simple-slick-carousel dots-nav\" data-slick='{&quot;autoplay&quot;:true,&quot;autoplaySpeed&quot;:3000,&quot;slidesToShow&quot;:3,&quot;slidesToScroll&quot;:1,&quot;responsive&quot;:[{&quot;breakpoint&quot;:1024,&quot;settings&quot;:{&quot;slidesToShow&quot;:2,&quot;slidesToScroll&quot;:1}},{&quot;breakpoint&quot;:768,&quot;settings&quot;:{&quot;slidesToShow&quot;:1,&quot;slidesToScroll&quot;:1}}]}'>\n                            <div class=\"fw-carousel-item\">                    \n                        <!-- Listing Item -->\r\n            <div class=\"col-lg-6 col-md-12\">\r\n                <a href=\"https:\/\/cparici.com\/fr\/annonce\/cottage-de-lulu-avec-spa\/\"  class=\"listing-item-container listing-geo-data compact\" \r\n\t\tdata-title=\"Cottage de Lulu avec Spa Meschers sur Gironde\"\r\n\t\tdata-listing-type=\"rental\"\r\n\t\tdata-classifieds-price=\"&euro;\"\r\n\t\tdata-friendly-address=\"300m des Grottes de R\u00e9gulus\"\r\n\t\tdata-address=\"300m des Grottes de R\u00e9gulus\"\r\n\t\tdata-image=\"https:\/\/cparici.com\/wp-content\/uploads\/2025\/12\/spa-du-cottage-de-lulu-location-vacances-meschers-520x397.jpg\"\r\n\t\tdata-longitude=\"-0.9544389999999999\"\r\n\t\tdata-latitude=\"45.554722\"\r\n\t\t\t\t\tdata-rating=\"5\"\r\n\t\t\tdata-reviews=\"12\"\r\n\t\t\t\tdata-icon=\"&lt;svg xmlns=&quot;http:\/\/www.w3.org\/2000\/svg&quot; width=&quot;800px&quot; height=&quot;800px&quot; viewBox=&quot;0 0 45 45&quot; fill=&quot;none&quot;&gt;\n&lt;path d=&quot;M24.155 8.78099L24.33 8.94499L37.402 21.787L36 23.213L34.2 21.445L34.201 35C34.201 36.054 33.385 36.918 32.35 36.994L32.201 37H12.201C11.147 37 10.283 36.184 10.206 35.149L10.201 35L10.2 21.446L8.402 23.213L7 21.787L20.058 8.95799C21.171 7.82199 22.966 7.75899 24.155 8.78099ZM21.569 10.285L21.473 10.372L12.2 19.481L12.201 35L17.2 34.999L17.201 25C17.201 23.946 18.017 23.082 19.052 23.005L19.201 23H25.201C26.255 23 27.119 23.816 27.196 24.851L27.201 25L27.2 34.999L32.201 35L32.2 19.48L22.901 10.344C22.537 9.98699 21.969 9.96499 21.569 10.285ZM25.201 25H19.201L19.2 34.999H25.2L25.201 25Z&quot; fill=&quot;#3C3C3C&quot;\/&gt;\n&lt;\/svg&gt;\"\r\n\r\n\t>\r\n            <div class=\"listing-item  \">\r\n                <div class=\"listing-small-badges-container\">\r\n                                                                <div class=\"listing-small-badge pricing-badge\"><i class=\"fa fa-tag\"><\/i>85,00&euro; - 150,00&euro;<\/div>\r\n                                                            \r\n                                        \r\n                                        \r\n                <\/div>\r\n                <img decoding=\"async\" src=\"https:\/\/cparici.com\/wp-content\/uploads\/2025\/12\/spa-du-cottage-de-lulu-location-vacances-meschers-520x397.jpg\" alt=\"Cottage de Lulu avec Spa Meschers sur Gironde\" class=\"listing-thumbnail\">\r\n                \r\n\r\n                <div class=\"listing-item-content\">\r\n                                                <div class=\"numerical-rating\" data-rating=\"5.0\"><\/div>\r\n                    \r\n                    <h3> Cottage de Lulu avec Spa Meschers sur Gironde <\/h3>\r\n                    <span>300m des Grottes de R\u00e9gulus<\/span>\r\n                <\/div>\r\n                                        <span class=\"save like-icon tooltip left\" title=\"Connexion pour marquer des \u00e9l\u00e9ments\"><\/span>\r\n                                                <\/div>\r\n        <\/a>\r\n                    <\/div>\r\n        \r\n\r\n        <!-- Listing Item \/ End -->\n                    <\/div>\n                                      <div class=\"fw-carousel-item\">                    \n                        <!-- Listing Item -->\r\n            <div class=\"col-lg-6 col-md-12\">\r\n                <a href=\"https:\/\/cparici.com\/fr\/annonce\/villa-lucas-2-7-piscine-spa\/\"  class=\"listing-item-container listing-geo-data compact\" \r\n\t\tdata-title=\"Villa Lucas 2-7 Piscine-spa, Meschers sur Gironde\"\r\n\t\tdata-listing-type=\"rental\"\r\n\t\tdata-classifieds-price=\"&euro;\"\r\n\t\tdata-friendly-address=\"Boulevard de la Falaise\"\r\n\t\tdata-address=\"Boulevard de la Falaise\"\r\n\t\tdata-image=\"https:\/\/cparici.com\/wp-content\/uploads\/2025\/01\/20200519_141942_01-1-edit-20230321171015-520x397.jpg\"\r\n\t\tdata-longitude=\"-0.9543354999999999\"\r\n\t\tdata-latitude=\"45.5547399\"\r\n\t\t\t\t\tdata-rating=\"5\"\r\n\t\t\tdata-reviews=\"12\"\r\n\t\t\t\tdata-icon=\"&lt;svg xmlns=&quot;http:\/\/www.w3.org\/2000\/svg&quot; width=&quot;800px&quot; height=&quot;800px&quot; viewBox=&quot;0 0 45 45&quot; fill=&quot;none&quot;&gt;\n&lt;path d=&quot;M24.155 8.78099L24.33 8.94499L37.402 21.787L36 23.213L34.2 21.445L34.201 35C34.201 36.054 33.385 36.918 32.35 36.994L32.201 37H12.201C11.147 37 10.283 36.184 10.206 35.149L10.201 35L10.2 21.446L8.402 23.213L7 21.787L20.058 8.95799C21.171 7.82199 22.966 7.75899 24.155 8.78099ZM21.569 10.285L21.473 10.372L12.2 19.481L12.201 35L17.2 34.999L17.201 25C17.201 23.946 18.017 23.082 19.052 23.005L19.201 23H25.201C26.255 23 27.119 23.816 27.196 24.851L27.201 25L27.2 34.999L32.201 35L32.2 19.48L22.901 10.344C22.537 9.98699 21.969 9.96499 21.569 10.285ZM25.201 25H19.201L19.2 34.999H25.2L25.201 25Z&quot; fill=&quot;#3C3C3C&quot;\/&gt;\n&lt;\/svg&gt;\"\r\n\r\n\t>\r\n            <div class=\"listing-item  \">\r\n                <div class=\"listing-small-badges-container\">\r\n                                                                <div class=\"listing-small-badge pricing-badge\"><i class=\"fa fa-tag\"><\/i>370,00&euro; - 370,00&euro;<\/div>\r\n                                                            \r\n                                        \r\n                                        \r\n                <\/div>\r\n                <img decoding=\"async\" src=\"https:\/\/cparici.com\/wp-content\/uploads\/2025\/01\/20200519_141942_01-1-edit-20230321171015-520x397.jpg\" alt=\"Villa Lucas 2-7 Piscine-spa, Meschers sur Gironde\" class=\"listing-thumbnail\">\r\n                \r\n\r\n                <div class=\"listing-item-content\">\r\n                                                <div class=\"numerical-rating\" data-rating=\"5.0\"><\/div>\r\n                    \r\n                    <h3> Villa Lucas 2-7 Piscine-spa, Meschers sur Gironde <\/h3>\r\n                    <span>Boulevard de la Falaise<\/span>\r\n                <\/div>\r\n                                        <span class=\"save like-icon tooltip left\" title=\"Connexion pour marquer des \u00e9l\u00e9ments\"><\/span>\r\n                                                <\/div>\r\n        <\/a>\r\n                    <\/div>\r\n        \r\n\r\n        <!-- Listing Item \/ End -->\n                    <\/div>\n                          <\/div>\n        \t\t\t\t<\/div>\n\t\t\t\t<\/div>\n\t\t\t\t\t<\/div>\n\t\t\t\t<\/aside>\n\t\t<div class=\"elementor-element elementor-element-47596b5 e-flex e-con-boxed e-con e-parent\" data-id=\"47596b5\" data-element_type=\"container\" data-e-type=\"container\">\n\t\t\t\t\t<div class=\"e-con-inner\">\n\t\t<div class=\"elementor-element elementor-element-0097d35 e-con-full e-flex e-con e-child\" data-id=\"0097d35\" data-element_type=\"container\" data-e-type=\"container\">\n\t\t<div class=\"elementor-element elementor-element-c7812af e-con-full e-flex e-con e-child\" data-id=\"c7812af\" data-element_type=\"container\" data-e-type=\"container\">\n\t\t\t\t<div class=\"elementor-element elementor-element-e8aff3e elementor-widget elementor-widget-heading\" data-id=\"e8aff3e\" data-element_type=\"widget\" data-e-type=\"widget\" data-widget_type=\"heading.default\">\n\t\t\t\t\t<h2 class=\"elementor-heading-title elementor-size-default\">D\u00e9couvrir Saint-Georges-de-Didonne : un aper\u00e7u historique et g\u00e9ographique<\/h2>\t\t\t\t<\/div>\n\t\t<div class=\"elementor-element elementor-element-50d8caf e-con-full e-flex e-con e-child\" data-id=\"50d8caf\" data-element_type=\"container\" data-e-type=\"container\">\n\t\t<div class=\"elementor-element elementor-element-c12ab4f e-con-full e-flex e-con e-child\" data-id=\"c12ab4f\" data-element_type=\"container\" data-e-type=\"container\">\n\t\t<div class=\"elementor-element elementor-element-faed04d e-grid e-con-full e-con e-child\" data-id=\"faed04d\" data-element_type=\"container\" data-e-type=\"container\">\n\t\t\t\t<div class=\"elementor-element elementor-element-592190c elementor-widget elementor-widget-text-editor\" data-id=\"592190c\" data-element_type=\"widget\" data-e-type=\"widget\" data-widget_type=\"text-editor.default\">\n\t\t\t\t\t\t\t\t\t<h3 style=\"line-height: 15.6pt; vertical-align: baseline; margin: 0cm 0cm 11.25pt 0cm;\"><b><span style=\"font-family: Poppins; color: #1a2b48;\">L\u2019histoire riche de la ville<\/span><\/b><b><\/b><\/h3><p style=\"line-height: 19.5pt; vertical-align: baseline; box-sizing: border-box; outline: 0px; font-variant-ligatures: normal; font-variant-caps: normal; orphans: 2; text-align: start; widows: 2; -webkit-text-stroke-width: 0px; text-decoration-thickness: initial; text-decoration-style: initial; text-decoration-color: initial; word-spacing: 0px; margin: 0cm 0cm 11.25pt 0cm;\"><span style=\"font-family: Poppins; color: black;\">La ville de Saint-Georges-de-Didonne porte en elle une histoire fascinante, datant du N\u00e9olithique. Le camp fortifi\u00e9 de Boube en est un vestige \u00e9loquent. L\u2019\u00e9poque gallo-romaine y a vu l\u2019\u00e9rection de villas \u00e0 Valli\u00e8res et Suzac, marquant le paysage de son empreinte. Le Moyen \u00c2ge a ensuite \u00e9lev\u00e9 la ville au rang de seigneurie influente de Didonne, les seigneurs se voyant m\u00eame octroyer le titre de princes de Saintonge.<\/span><\/p><p style=\"line-height: 19.5pt; vertical-align: baseline; margin: 0cm 0cm 11.25pt 0cm;\"><span style=\"font-family: Poppins; color: black;\">Le ch\u00e2teau de Didonne, aujourd\u2019hui en ruines, fut le th\u00e9\u00e2tre d\u2019affrontements d\u00e9terminants entre Anglais et Fran\u00e7ais, ainsi qu\u2019entre catholiques et protestants. C\u2019est autour du prieur\u00e9 clunisien et de l\u2019imposante \u00e9glise romane que le bourg de Saint-Georges prit son essor, accueillant sur son chemin les p\u00e8lerins en route vers Saint-Jacques de Compostelle.<\/span><\/p>\t\t\t\t\t\t\t\t<\/div>\n\t\t\t\t<div class=\"elementor-element elementor-element-b263002 elementor-widget elementor-widget-text-editor\" data-id=\"b263002\" data-element_type=\"widget\" data-e-type=\"widget\" data-widget_type=\"text-editor.default\">\n\t\t\t\t\t\t\t\t\t<h3><strong>La g\u00e9ographie unique de Saint-Georges-de-Didonne<\/strong><\/h3><p>La commune de Saint-Georges-de-Didonne jouit d\u2019une position g\u00e9ographique privil\u00e9gi\u00e9e, nich\u00e9e entre l\u2019oc\u00e9an Atlantique, l\u2019estuaire de la Gironde, et la for\u00eat de Suzac. Cette localisation offre un panorama de paysages diversifi\u00e9s, des\u00a0<em>plages de sable fin<\/em>\u00a0aux\u00a0<strong>falaises escarp\u00e9es<\/strong>, en passant par des marais et des coteaux viticoles. La pointe de Valli\u00e8res, surplombant l\u2019embouchure de la Gironde, abrite le phare de Valli\u00e8res, \u00e9rig\u00e9 en 1901, symbole incontournable de la ville.<\/p><p>La for\u00eat de Suzac, couvrant une superficie de 400 hectares, repr\u00e9sente un \u00e9cosyst\u00e8me prot\u00e9g\u00e9 d\u2019une grande richesse en termes de faune et de flore.<\/p>\t\t\t\t\t\t\t\t<\/div>\n\t\t\t\t<\/div>\n\t\t\t\t<\/div>\n\t\t\t\t<div class=\"elementor-element elementor-element-4daae74 elementor-widget elementor-widget-text-editor\" data-id=\"4daae74\" data-element_type=\"widget\" data-e-type=\"widget\" data-widget_type=\"text-editor.default\">\n\t\t\t\t\t\t\t\t\t<h3><strong>Le climat agr\u00e9able et ses influences sur le tourisme<\/strong><\/h3><p>Le climat oc\u00e9anique de Saint-Georges-de-Didonne se traduit par des\u00a0<strong>hivers doux<\/strong>\u00a0et des\u00a0<em>\u00e9t\u00e9s temp\u00e9r\u00e9s<\/em>. La r\u00e9partition des pr\u00e9cipitations tout au long de l\u2019ann\u00e9e favorise des pics en automne et en hiver. Avec une temp\u00e9rature moyenne annuelle s\u2019\u00e9tablissant \u00e0 14\u00b0C, et pouvant atteindre 26\u00b0C en ao\u00fbt comme elle peut descendre \u00e0 5\u00b0C en janvier, le climat local est un atout ind\u00e9niable pour le tourisme.<\/p><p>Cette douceur climatique, coupl\u00e9e aux richesses naturelles, historiques et culturelles de la r\u00e9gion, attire de nombreux vacanciers en qu\u00eate de d\u00e9tente, d\u2019aventure et de d\u00e9couvertes gastronomiques.<\/p>\t\t\t\t\t\t\t\t<\/div>\n\t\t\t\t<\/div>\n\t\t<div class=\"elementor-element elementor-element-11b825d e-grid e-con-full e-con e-child\" data-id=\"11b825d\" data-element_type=\"container\" data-e-type=\"container\">\n\t\t\t\t<div class=\"elementor-element elementor-element-7b1fb04 elementor-widget elementor-widget-image\" data-id=\"7b1fb04\" data-element_type=\"widget\" data-e-type=\"widget\" data-widget_type=\"image.default\">\n\t\t\t\t\t\t\t\t\t\t\t\t\t\t\t<img decoding=\"async\" width=\"760\" height=\"760\" src=\"https:\/\/cparici.com\/wp-content\/uploads\/2020\/11\/st-georges-8-1024x1024.jpg\" class=\"attachment-large size-large wp-image-11610\" alt=\"Find a Vacation Rental in St Georges de Didonne\" srcset=\"https:\/\/cparici.com\/wp-content\/uploads\/2020\/11\/st-georges-8-1024x1024.jpg 1024w, https:\/\/cparici.com\/wp-content\/uploads\/2020\/11\/st-georges-8-300x300.jpg 300w, https:\/\/cparici.com\/wp-content\/uploads\/2020\/11\/st-georges-8-100x100.jpg 100w, https:\/\/cparici.com\/wp-content\/uploads\/2020\/11\/st-georges-8-150x150.jpg 150w, https:\/\/cparici.com\/wp-content\/uploads\/2020\/11\/st-georges-8-1536x1536.jpg 1536w, https:\/\/cparici.com\/wp-content\/uploads\/2020\/11\/st-georges-8-2048x2048.jpg 2048w\" sizes=\"(max-width: 760px) 100vw, 760px\" \/>\t\t\t\t\t\t\t\t\t\t\t\t\t\t\t<\/div>\n\t\t\t\t<div class=\"elementor-element elementor-element-3784c0b elementor-widget elementor-widget-image\" data-id=\"3784c0b\" data-element_type=\"widget\" data-e-type=\"widget\" data-widget_type=\"image.default\">\n\t\t\t\t\t\t\t\t\t\t\t\t\t\t\t<img decoding=\"async\" width=\"760\" height=\"760\" src=\"https:\/\/cparici.com\/wp-content\/uploads\/2021\/02\/parc-estuaire-2-1024x1024.jpg\" class=\"attachment-large size-large wp-image-12261\" alt=\"\" srcset=\"https:\/\/cparici.com\/wp-content\/uploads\/2021\/02\/parc-estuaire-2-1024x1024.jpg 1024w, https:\/\/cparici.com\/wp-content\/uploads\/2021\/02\/parc-estuaire-2-300x300.jpg 300w, https:\/\/cparici.com\/wp-content\/uploads\/2021\/02\/parc-estuaire-2-100x100.jpg 100w, https:\/\/cparici.com\/wp-content\/uploads\/2021\/02\/parc-estuaire-2-150x150.jpg 150w, https:\/\/cparici.com\/wp-content\/uploads\/2021\/02\/parc-estuaire-2-1536x1536.jpg 1536w, https:\/\/cparici.com\/wp-content\/uploads\/2021\/02\/parc-estuaire-2-2048x2048.jpg 2048w\" sizes=\"(max-width: 760px) 100vw, 760px\">\t\t\t\t\t\t\t\t\t\t\t\t\t\t\t<\/div>\n\t\t\t\t<\/div>\n\t\t\t\t<\/div>\n\t\t\t\t<div class=\"elementor-element elementor-element-c43adf1 elementor-widget elementor-widget-text-editor\" data-id=\"c43adf1\" data-element_type=\"widget\" data-e-type=\"widget\" data-widget_type=\"text-editor.default\">\n\t\t\t\t\t\t\t\t\t<h3><strong>La pointe de Suzac : un \u00e9crin de nature<\/strong><\/h3><p><a href=\"https:\/\/cparici.com\/pointe-de-suzac-saint-georges-de-didonne\/\"><strong>La\u00a0<\/strong><strong>pointe de Suzac<\/strong><\/a>, situ\u00e9e \u00e0 la fronti\u00e8re avec Meschers-sur-Gironde, est un havre de paix pour les amoureux de la nature et de la randonn\u00e9e. Prot\u00e9g\u00e9e et riche en biodiversit\u00e9, elle offre des paysages o\u00f9 se c\u00f4toient esp\u00e8ces m\u00e9diterran\u00e9ennes et atlantiques, ainsi que des vestiges de son pass\u00e9 militaire comme le fort de Suzac ou les blockhaus de la Seconde Guerre mondiale.<\/p><h3><strong>Les monuments historiques et l\u2019architecture locale<\/strong><\/h3><p><strong>Saint-Georges-de-Didonne<\/strong>\u00a0abrite un riche patrimoine historique et architectural. Ne manquez pas de visiter\u00a0<a href=\"https:\/\/cparici.com\/eglise-saint-georges-de-didonne\/\"><strong>l\u2019\u00a0<\/strong><em><strong>\u00e9glise Saint-Georges<\/strong><\/em><\/a><strong>,<\/strong>\u00a0joyau du XIIe si\u00e8cle et t\u00e9moin de l\u2019histoire des p\u00e8lerins de Saint-Jacques de Compostelle. Les ruines du\u00a0<strong>ch\u00e2teau de Didonne<\/strong>, vestiges d\u2019une puissante seigneurie m\u00e9di\u00e9vale, ainsi que les charmantes ruelles du centre-ville, bord\u00e9es de villas baln\u00e9aires et de maisons charentaises, sauront \u00e9galement vous s\u00e9duire.<\/p><h2><strong>Activit\u00e9s et loisirs dans et autour de Saint-Georges-de-Didonne<\/strong><\/h2><h3><strong>Des activit\u00e9s nautiques pour tous<\/strong><\/h3><p><strong>Saint-Georges-de-Didonne<\/strong>\u00a0est une destination id\u00e9ale pour les amateurs d\u2019activit\u00e9s nautiques. Que vous soyez\u00a0<em>d\u00e9butant<\/em>\u00a0ou\u00a0<em>confirm\u00e9<\/em>, vous trouverez votre bonheur parmi les nombreuses offres propos\u00e9es par les clubs et les prestataires locaux.<\/p><p>Vous pourrez pratiquer le\u00a0<strong>ski nautique, le jet-ski, le char \u00e0 voile, le stand-up paddle, le surf, le kayak<\/strong>\u00a0ou encore la\u00a0<strong>pirogue polyn\u00e9sienne<\/strong>. Vous pourrez \u00e9galement profiter des\u00a0<strong>excursions en bateau<\/strong>\u00a0pour d\u00e9couvrir l\u2019<em>estuaire de la Gironde<\/em>, le\u00a0<strong>phare de Cordouan<\/strong>\u00a0ou les\u00a0<a href=\"https:\/\/cparici.com\/grottes-de-regulus-meschers-sur-gironde\/\"><strong>grottes troglodytiques<\/strong><\/a>\u00a0de Meschers.<\/p><h3><strong>Randonn\u00e9es et balades \u00e0 pied ou \u00e0 v\u00e9lo<\/strong><\/h3><p>Saint-Georges-de-Didonne vous offre \u00e9galement la possibilit\u00e9 de d\u00e9couvrir ses\u00a0<strong>paysages vari\u00e9s<\/strong>\u00a0et contrast\u00e9s \u00e0 pied ou \u00e0 v\u00e9lo. Vous pourrez emprunter le\u00a0<em>sentier du littoral<\/em>, qui longe les plages, les falaises, le port et le phare de Valli\u00e8res, et qui vous offrira des vues imprenables sur l\u2019oc\u00e9an et l\u2019estuaire. Vous pourrez \u00e9galement parcourir\u00a0<a href=\"https:\/\/cparici.com\/foret-de-suzac-a-saint-georges-de-didonne\/\"><strong>la\u00a0<\/strong><em><strong>for\u00eat de Suzac<\/strong><\/em><\/a>, un espace naturel prot\u00e9g\u00e9, qui abrite une faune et une flore diversifi\u00e9es, ainsi que des traces du pass\u00e9 militaire du site.<\/p><p>Enfin, vous pourrez fl\u00e2ner dans les ruelles du centre-ville, o\u00f9 se c\u00f4toient des\u00a0<strong>monuments historiques<\/strong>\u00a0et des\u00a0<strong>villas baln\u00e9aires.<\/strong><\/p><h3><strong>Le march\u00e9 couvert et les produits locaux<\/strong><\/h3><p><em>Saint-Georges-de-Didonne<\/em>\u00a0vous invite \u00e0 d\u00e9couvrir son\u00a0<strong>march\u00e9 couvert<\/strong>, ouvert toute l\u2019ann\u00e9e sous la halle couverte, proposant des\u00a0<strong>produits locaux<\/strong>\u00a0de qualit\u00e9. Vous pourrez y trouver des\u00a0<em>fruits et l\u00e9gumes<\/em>\u00a0de saison,\u00a0<em>du poisson frais<\/em>, de la viande, du fromage, du pain, des\u00a0<strong>p\u00e2tisseries<\/strong>, des fleurs et des sp\u00e9cialit\u00e9s r\u00e9gionales, comme les\u00a0<em>tourteaux<\/em>, les\u00a0<strong>prunes fondantes<\/strong>\u00a0ou les\u00a0<strong>tartes charentaises<\/strong>.<\/p><p>En p\u00e9riode estivale, le march\u00e9 s\u2019\u00e9tend \u00e0 l\u2019ext\u00e9rieur, sur la place du march\u00e9, la rue du march\u00e9 et la rue d\u2019Alger.<\/p><h3><strong>Agenda culturel et \u00e9v\u00e9nements annuels<\/strong><\/h3><p>Saint-Georges-de-Didonne offre \u00e9galement un\u00a0<strong>agenda culturel riche<\/strong>\u00a0et vari\u00e9, permettant de profiter de\u00a0<em>spectacles<\/em>, de\u00a0<strong>concerts<\/strong>, de conf\u00e9rences, d\u2019expositions, de\u00a0<em>cin\u00e9ma<\/em>\u00a0ou de\u00a0<strong>th\u00e9\u00e2tre<\/strong>\u00a0tout au long de l\u2019ann\u00e9e. Vous pourrez notamment assister aux\u00a0<strong>Cr\u00e9a Cin\u00e9ma Le Relais<\/strong>, proposant des films suivis de d\u00e9bats ou conf\u00e9rences, anim\u00e9s par l\u2019association Unipop. Participez \u00e9galement aux \u00e9v\u00e9nements annuels qui rythment la vie de la ville, comme le\u00a0<em>carnaval<\/em>, la\u00a0<strong>chasse aux oeufs<\/strong>, le\u00a0<em>marathon Royan U C\u00f4te de Beaut\u00e9<\/em>, le\u00a0<strong>festival Humour et Eau Sal\u00e9e<\/strong>\u00a0ou encore le festival de\u00a0<em>cerfs-volants<\/em>.<\/p><h2><strong>Conclusion<\/strong><\/h2><p>Il est clair que\u00a0<em>Saint-Georges-de-Didonne<\/em>\u00a0d\u00e9tient tous les \u00e9l\u00e9ments pour conqu\u00e9rir votre c\u0153ur. SI vous \u00eates en qu\u00eate de moments de d\u00e9tente, d\u2019une immersion culturelle, d\u2019aventures en pleine nature ou d\u2019une escapade gourmande, cette charmante station baln\u00e9aire saura r\u00e9pondre \u00e0 toutes vos attentes.<\/p><p>Offrez-vous le plaisir de d\u00e9couvrir ses magnifiques plages, son phare embl\u00e9matique, ses for\u00eats luxuriantes, son riche patrimoine, son march\u00e9 vibrant, vari\u00e9t\u00e9 d\u2019activit\u00e9s et \u00e9v\u00e9nements disponibles toute l\u2019ann\u00e9e. N\u2019attendez plus, planifiez maintenant votre visite \u00e0\u00a0<strong>Saint-Georges-de-Didonne<\/strong>, un lieu aux multiples facettes pr\u00eat \u00e0 vous accueillir !<\/p><h2><strong>FAQ<\/strong><\/h2><h3><strong>Fait-il bon vivre \u00e0 Saint-Georges-de-Didonne ?<\/strong><\/h3><p>Fait-il bon vivre \u00e0 Saint-Georges-de-Didonne ? D\u2019apr\u00e8s les retours de ses habitants et visiteurs, cette ville charme par son\u00a0<em>climat doux<\/em>, ses\u00a0<strong>nombreuses activit\u00e9s sportives et culturelles<\/strong>, ainsi que sa r\u00e9putation de poss\u00e9der la\u00a0<strong>plus belle plage urbaine<\/strong>\u00a0sur la c\u00f4te de beaut\u00e9.<\/p><p>Cependant, son attractivit\u00e9 est temp\u00e9r\u00e9e par une part \u00e9lev\u00e9e de\u00a0<strong>retrait\u00e9s<\/strong>\u00a0et de\u00a0<em>maisons secondaires<\/em>, facteurs contribuant \u00e0 un dynamisme moindre et \u00e0 une augmentation des co\u00fbts de vie.<\/p><h3><strong>Quels sont les jours de march\u00e9 \u00e0 Saint-Georges-de-Didonne ?<\/strong><\/h3><p>Les march\u00e9s de Saint-Georges-de-Didonne animent la ville avec leur diversit\u00e9 :<\/p><ul><li>Le\u00a0<em>march\u00e9 couvert<\/em>et les halles ext\u00e9rieures, au croisement de la rue du Mar\u00e9chal Foch et de la rue du March\u00e9, ouvrent toute l\u2019ann\u00e9e. De septembre \u00e0 juin, ils accueillent les visiteurs du mardi au dimanche, de 8h00 \u00e0 12h00.<\/li><li>En juillet et ao\u00fbt, ces march\u00e9s sont accessibles\u00a0<strong>tous les jours<\/strong>de 8h00 \u00e0 13h00.<\/li><li>Le\u00a0<strong>march\u00e9 nocturne<\/strong>, situ\u00e9 sur la promenade du Boulevard de la C\u00f4te de Beaut\u00e9, se d\u00e9roule chaque jeudi du 1er juillet au dernier jeudi d\u2019ao\u00fbt, de 16h \u00e0 minuit.<\/li><li>Le march\u00e9 des arts et de l\u2019artisanat prend place tous les dimanches matin pendant l\u2019\u00e9t\u00e9, de 8h30 \u00e0 14h, sur la place de Verdun et dans la rue de la R\u00e9publique.<\/li><\/ul><h3><strong>Quelle est la longueur de la plage de Saint-Georges-de-Didonne ?<\/strong><\/h3><p>La splendide plage de Saint-Georges-de-Didonne s\u2019\u00e9tend sur\u00a0<strong>plus de 2 km<\/strong>. Proche du centre-ville, elle est\u00a0<em>am\u00e9nag\u00e9e pour le confort des visiteurs<\/em>, tandis que vers la pointe de Suzac, elle se fait\u00a0<strong>plus sauvage<\/strong>\u00a0et naturelle.<\/p><h3><strong>Qui est le maire de Saint-Georges-de-Didonne ?<\/strong><\/h3><p>La ville de Saint-Georges-de-Didonne est dirig\u00e9e par\u00a0<strong>Monsieur Fran\u00e7ois Richaud<\/strong>, \u00e9lu en 2020 pour un mandat de six ans.<\/p>\t\t\t\t\t\t\t\t<\/div>\n\t\t<div class=\"elementor-element elementor-element-0489553 e-con-full e-flex e-con e-child\" data-id=\"0489553\" data-element_type=\"container\" data-e-type=\"container\">\n\t\t<div class=\"elementor-element elementor-element-83d0c0a e-grid e-con-full e-con e-child\" data-id=\"83d0c0a\" data-element_type=\"container\" data-e-type=\"container\">\n\t\t\t\t<div class=\"elementor-element elementor-element-214b274 elementor-widget elementor-widget-image\" data-id=\"214b274\" data-element_type=\"widget\" data-e-type=\"widget\" data-widget_type=\"image.default\">\n\t\t\t\t\t\t\t\t\t\t\t\t\t\t\t<img decoding=\"async\" width=\"760\" height=\"760\" src=\"https:\/\/cparici.com\/wp-content\/uploads\/2020\/11\/st-georges-7-1024x1024.jpg\" class=\"attachment-large size-large wp-image-11607\" alt=\"Find a vacation rental in royan\" srcset=\"https:\/\/cparici.com\/wp-content\/uploads\/2020\/11\/st-georges-7-1024x1024.jpg 1024w, https:\/\/cparici.com\/wp-content\/uploads\/2020\/11\/st-georges-7-300x300.jpg 300w, https:\/\/cparici.com\/wp-content\/uploads\/2020\/11\/st-georges-7-100x100.jpg 100w, https:\/\/cparici.com\/wp-content\/uploads\/2020\/11\/st-georges-7-150x150.jpg 150w, https:\/\/cparici.com\/wp-content\/uploads\/2020\/11\/st-georges-7-1536x1536.jpg 1536w, https:\/\/cparici.com\/wp-content\/uploads\/2020\/11\/st-georges-7-2048x2048.jpg 2048w\" sizes=\"(max-width: 760px) 100vw, 760px\" \/>\t\t\t\t\t\t\t\t\t\t\t\t\t\t\t<\/div>\n\t\t\t\t<div class=\"elementor-element elementor-element-2308df0 elementor-widget elementor-widget-image\" data-id=\"2308df0\" data-element_type=\"widget\" data-e-type=\"widget\" data-widget_type=\"image.default\">\n\t\t\t\t\t\t\t\t\t\t\t\t\t\t\t<img decoding=\"async\" width=\"760\" height=\"760\" src=\"https:\/\/cparici.com\/wp-content\/uploads\/2021\/03\/eglise-st-georges-3-1024x1024.jpg\" class=\"attachment-large size-large wp-image-12872\" alt=\"St Georges Church in Saint Georges de Didonne\" srcset=\"https:\/\/cparici.com\/wp-content\/uploads\/2021\/03\/eglise-st-georges-3-1024x1024.jpg 1024w, https:\/\/cparici.com\/wp-content\/uploads\/2021\/03\/eglise-st-georges-3-300x300.jpg 300w, https:\/\/cparici.com\/wp-content\/uploads\/2021\/03\/eglise-st-georges-3-100x100.jpg 100w, https:\/\/cparici.com\/wp-content\/uploads\/2021\/03\/eglise-st-georges-3-150x150.jpg 150w, https:\/\/cparici.com\/wp-content\/uploads\/2021\/03\/eglise-st-georges-3-1536x1536.jpg 1536w, https:\/\/cparici.com\/wp-content\/uploads\/2021\/03\/eglise-st-georges-3-2048x2048.jpg 2048w\" sizes=\"(max-width: 760px) 100vw, 760px\" \/>\t\t\t\t\t\t\t\t\t\t\t\t\t\t\t<\/div>\n\t\t\t\t<\/div>\n\t\t\t\t<div class=\"elementor-element elementor-element-fcdea3f elementor-widget elementor-widget-text-editor\" data-id=\"fcdea3f\" data-element_type=\"widget\" data-e-type=\"widget\" data-widget_type=\"text-editor.default\">\n\t\t\t\t\t\t\t\t\t<h2><strong>Les incontournables \u00e0 visiter \u00e0 Saint-Georges-de-Didonne<\/strong><\/h2><h3><strong>Le front de mer et ses plages<\/strong><\/h3><p>D\u00e9couvrez le charme de\u00a0<strong>Saint-Georges-de-Didonne<\/strong>\u00a0avec son front de mer soigneusement am\u00e9nag\u00e9, offrant une vue magnifique sur l\u2019oc\u00e9an et l\u2019estuaire. La\u00a0<em>Grande Plage<\/em>, s\u2019\u00e9tendant sur pr\u00e8s de 3 km de sable fin, est l\u2019id\u00e9al pour se relaxer, tandis que la plage de Valli\u00e8res, plus secr\u00e8te et entour\u00e9e de falaises, promet intimit\u00e9 et beaut\u00e9. Ces plages, surveill\u00e9es durant l\u2019\u00e9t\u00e9, sont parfaites pour les amateurs de sports nautiques tels que le\u00a0<strong>char \u00e0 voile<\/strong>, le\u00a0<strong>stand-up paddle<\/strong>\u00a0ou le\u00a0<strong>jet-ski<\/strong>.<\/p><h3><strong>Le phare de Valli\u00e8res et le port<\/strong><\/h3><p>\u00c9rig\u00e9 de 1898 \u00e0 1902,\u00a0<a href=\"https:\/\/loclilala.com\/fr\/phare-de-vallieres-a-saint-georges-de-didonne\/\" target=\"_blank\" rel=\"noopener\"><strong>le\u00a0<\/strong><em><strong>phare de Valli\u00e8res<\/strong><\/em><strong>\u00a0se dresse fi\u00e8rement<\/strong><\/a>\u00a0au-dessus du port et de l\u2019estuaire de la Gironde, offrant un panorama \u00e9poustouflant. Ce monument historique, haut de 36 m et comptant 144 marches, est un incontournable de la ville. Aux alentours, le port de Saint-Georges-de-Didonne se r\u00e9v\u00e8le \u00eatre un v\u00e9ritable coin pittoresque o\u00f9 l\u2019on peut observer le va-et-vient des bateaux et d\u00e9couvrir les vestiges des maisons de pilotes.<\/p>\t\t\t\t\t\t\t\t<\/div>\n\t\t\t\t<\/div>\n\t\t\t\t<\/div>\n\t\t\t\t\t<\/div>\n\t\t\t\t<\/div>\n\t\t<div class=\"elementor-element elementor-element-f4293cf e-flex e-con-boxed e-con e-parent\" data-id=\"f4293cf\" data-element_type=\"container\" data-e-type=\"container\">\n\t\t\t\t\t<div class=\"e-con-inner\">\n\t\t\t\t<div class=\"elementor-element elementor-element-64c6fd9 elementor-widget elementor-widget-listeo-posts-grid\" data-id=\"64c6fd9\" data-element_type=\"widget\" data-e-type=\"widget\" data-widget_type=\"listeo-posts-grid.default\">\n\t\t\t\t<div class=\"elementor-widget-container\">\n\t\t\t\t\t\t\t\n\t\t<div class=\"listeo-post-grid-wrapper\">\n\t\t\t<div class=\"row\">\n\n\t\t\t\n\n\t\t\t\t\t\t\t<div class=\"col-md-4\">\n                <a href=\"https:\/\/cparici.com\/fr\/phare-de-cordouan-royan-charente-maritime\/\" class=\"blog-compact-item-container\">\n                    <div class=\"blog-compact-item\">\n                        <img decoding=\"async\" width=\"577\" height=\"155\" src=\"https:\/\/cparici.com\/wp-content\/uploads\/2021\/05\/phare-de-cordouan-banniere-3.jpg\" class=\"attachment-listeo-blog-related-post size-listeo-blog-related-post wp-post-image\" alt=\"phare de cordouan visite\" srcset=\"https:\/\/cparici.com\/wp-content\/uploads\/2021\/05\/phare-de-cordouan-banniere-3.jpg 1520w, https:\/\/cparici.com\/wp-content\/uploads\/2021\/05\/phare-de-cordouan-banniere-3-600x161.jpg 600w, https:\/\/cparici.com\/wp-content\/uploads\/2021\/05\/phare-de-cordouan-banniere-3-768x206.jpg 768w\" sizes=\"(max-width: 577px) 100vw, 577px\" \/><span class=\"blog-item-tag\">Architecture<\/span>                        \n                        <div class=\"blog-compact-item-content\">\n                                                        <h3>Phare de Cordouan a Royan<\/h3>\n                                                        <p>Le Phare de Cordouan Royan est un phare situ\u00e9 \u00e0 l'embouchure de l'estuaire de la...                            <\/p>\n                                                    <\/div>\n                    <\/div>\n                <\/a>\n            <\/div>\n\t\t\t<div class=\"col-md-4\">\n                <a href=\"https:\/\/cparici.com\/fr\/talmont-sur-gironde-visite-guidee-du-village-pittoresque\/\" class=\"blog-compact-item-container\">\n                    <div class=\"blog-compact-item\">\n                        <img decoding=\"async\" width=\"577\" height=\"206\" src=\"https:\/\/cparici.com\/wp-content\/uploads\/2020\/11\/talmont-banniere.jpg\" class=\"attachment-listeo-blog-related-post size-listeo-blog-related-post wp-post-image\" alt=\"Talmont sur gironde\" srcset=\"https:\/\/cparici.com\/wp-content\/uploads\/2020\/11\/talmont-banniere.jpg 1500w, https:\/\/cparici.com\/wp-content\/uploads\/2020\/11\/talmont-banniere-600x214.jpg 600w, https:\/\/cparici.com\/wp-content\/uploads\/2020\/11\/talmont-banniere-768x274.jpg 768w\" sizes=\"(max-width: 577px) 100vw, 577px\" \/><span class=\"blog-item-tag\">Charente maritime<\/span>                        \n                        <div class=\"blog-compact-item-content\">\n                                                        <h3>Talmont sur Gironde &#8211; visite guid\u00e9e du village pittoresque<\/h3>\n                                                        <p>D\u00e9couvrez Talmont sur Gironde, un des plus beaux villages de France, perch\u00e9 sur un promontoire...                            <\/p>\n                                                    <\/div>\n                    <\/div>\n                <\/a>\n            <\/div>\n\t\t\t<div class=\"col-md-4\">\n                <a href=\"https:\/\/cparici.com\/fr\/plage-du-chay-a-royan\/\" class=\"blog-compact-item-container\">\n                    <div class=\"blog-compact-item\">\n                        <img decoding=\"async\" width=\"577\" height=\"184\" src=\"https:\/\/cparici.com\/wp-content\/uploads\/2021\/05\/plage-du-chay-royan-banniere.jpg\" class=\"attachment-listeo-blog-related-post size-listeo-blog-related-post wp-post-image\" alt=\"plage du chay royan\" srcset=\"https:\/\/cparici.com\/wp-content\/uploads\/2021\/05\/plage-du-chay-royan-banniere.jpg 1521w, https:\/\/cparici.com\/wp-content\/uploads\/2021\/05\/plage-du-chay-royan-banniere-600x191.jpg 600w, https:\/\/cparici.com\/wp-content\/uploads\/2021\/05\/plage-du-chay-royan-banniere-768x244.jpg 768w\" sizes=\"(max-width: 577px) 100vw, 577px\" \/><span class=\"blog-item-tag\">Charente maritime<\/span>                        \n                        <div class=\"blog-compact-item-content\">\n                                                        <h3>Plage du Chay a Royan<\/h3>\n                                                        <p>La plage du Chay a Royan est une plage de sable fin de 200 m...                            <\/p>\n                                                    <\/div>\n                    <\/div>\n                <\/a>\n            <\/div>\n  <\/div>\n        <\/div>\n        \t\t\t\t<\/div>\n\t\t\t\t<\/div>\n\t\t\t\t\t<\/div>\n\t\t\t\t<\/div>\n\t\t\t\t<\/div>\n\t\t","protected":false},"excerpt":{"rendered":"<p>Saint-Georges-de-Didonne : une destination de r\u00eave \u00e0 d\u00e9couvrir. Suivez notre guide pratique pour profiter de ses plages, son patrimoine et sa gastronomie.<\/p>\n","protected":false},"author":1,"featured_media":11616,"comment_status":"open","ping_status":"open","sticky":false,"template":"","format":"standard","meta":{"ngg_post_thumbnail":0,"footnotes":""},"categories":[462,461,477,480],"tags":[1002],"class_list":["post-16625","post","type-post","status-publish","format-standard","has-post-thumbnail","hentry","category-saint-georges-de-didonne","category-charente-maritime","category-france","category-poitou-charentes","tag-littoral"],"_links":{"self":[{"href":"https:\/\/cparici.com\/fr\/wp-json\/wp\/v2\/posts\/16625","targetHints":{"allow":["GET"]}}],"collection":[{"href":"https:\/\/cparici.com\/fr\/wp-json\/wp\/v2\/posts"}],"about":[{"href":"https:\/\/cparici.com\/fr\/wp-json\/wp\/v2\/types\/post"}],"author":[{"embeddable":true,"href":"https:\/\/cparici.com\/fr\/wp-json\/wp\/v2\/users\/1"}],"replies":[{"embeddable":true,"href":"https:\/\/cparici.com\/fr\/wp-json\/wp\/v2\/comments?post=16625"}],"version-history":[{"count":0,"href":"https:\/\/cparici.com\/fr\/wp-json\/wp\/v2\/posts\/16625\/revisions"}],"wp:featuredmedia":[{"embeddable":true,"href":"https:\/\/cparici.com\/fr\/wp-json\/wp\/v2\/media\/11616"}],"wp:attachment":[{"href":"https:\/\/cparici.com\/fr\/wp-json\/wp\/v2\/media?parent=16625"}],"wp:term":[{"taxonomy":"category","embeddable":true,"href":"https:\/\/cparici.com\/fr\/wp-json\/wp\/v2\/categories?post=16625"},{"taxonomy":"post_tag","embeddable":true,"href":"https:\/\/cparici.com\/fr\/wp-json\/wp\/v2\/tags?post=16625"}],"curies":[{"name":"wp","href":"https:\/\/api.w.org\/{rel}","templated":true}]}}