{"id":16711,"date":"2024-04-17T13:55:42","date_gmt":"2024-04-17T11:55:42","guid":{"rendered":"https:\/\/cparici.com\/?p=16711"},"modified":"2025-07-22T19:19:01","modified_gmt":"2025-07-22T17:19:01","slug":"pont-aven-guide-complet-pour-explorer-la-ville-et-ses-musees","status":"publish","type":"post","link":"https:\/\/cparici.com\/fr\/pont-aven-guide-complet-pour-explorer-la-ville-et-ses-musees\/","title":{"rendered":"Pont aven &#8211; guide complet pour explorer la ville et ses mus\u00e9es"},"content":{"rendered":"\t\t<div data-elementor-type=\"wp-post\" data-elementor-id=\"16711\" class=\"elementor elementor-16711\" data-elementor-post-type=\"post\">\n\t\t\t\t<div class=\"elementor-element elementor-element-e08c60c e-con-full e-flex e-con e-parent\" data-id=\"e08c60c\" data-element_type=\"container\" data-e-type=\"container\">\n\t\t\t\t<div class=\"elementor-element elementor-element-d2041d2 elementor-widget elementor-widget-image\" data-id=\"d2041d2\" data-element_type=\"widget\" data-e-type=\"widget\" data-widget_type=\"image.default\">\n\t\t\t\t\t\t\t\t\t\t\t\t\t\t\t<img decoding=\"async\" width=\"1520\" height=\"409\" src=\"https:\/\/cparici.com\/wp-content\/uploads\/2022\/10\/pont-aven-banniere.jpg\" class=\"attachment-full size-full wp-image-15435\" alt=\"pont aven le port de la cit\u00e9 des peintres \u00e0 mar\u00e9e basse\" srcset=\"https:\/\/cparici.com\/wp-content\/uploads\/2022\/10\/pont-aven-banniere.jpg 1520w, https:\/\/cparici.com\/wp-content\/uploads\/2022\/10\/pont-aven-banniere-600x161.jpg 600w, https:\/\/cparici.com\/wp-content\/uploads\/2022\/10\/pont-aven-banniere-768x206.jpg 768w\" sizes=\"(max-width: 1520px) 100vw, 1520px\" \/>\t\t\t\t\t\t\t\t\t\t\t\t\t\t\t<\/div>\n\t\t\t\t<\/div>\n\t\t<aside class=\"elementor-element elementor-element-1e19952 e-flex e-con-boxed e-con e-parent\" data-id=\"1e19952\" data-element_type=\"container\" data-e-type=\"container\">\n\t\t\t\t\t<div class=\"e-con-inner\">\n\t\t\t\t<div class=\"elementor-element elementor-element-897dafc elementor-widget elementor-widget-global elementor-global-62046 elementor-widget-eael-advanced-search\" data-id=\"897dafc\" data-element_type=\"widget\" data-e-type=\"widget\" data-widget_type=\"eael-advanced-search.default\">\n\t\t\t\t\t        <div class=\"eael-adv-search-wrapper\">\n            <div id=\"eael-advanced-search-widget-897dafc\" class=\"eael-advanced-search-widget\">\n                <form data-settings=\"{&quot;post_per_page&quot;:5,&quot;search_among_taxonomies&quot;:&quot;&quot;,&quot;search_among_sku&quot;:&quot;no&quot;,&quot;show_popular_keyword&quot;:0,&quot;show_category&quot;:0,&quot;show_content_image&quot;:1,&quot;show_search_result_all_results&quot;:0,&quot;result_on_new_tab&quot;:&quot;no&quot;,&quot;show_product_price&quot;:&quot;no&quot;,&quot;include_current_page&quot;:&quot;no&quot;,&quot;current_post_id&quot;:16711,&quot;post_type&quot;:[&quot;post&quot;,&quot;listing&quot;]}\" method=\"POST\" name=\"eael-advanced-search-form-897dafc\" class=\"eael-advanced-search-form eael-advanced-search-form-style-2\">\n                    <div class=\"eael-advanced-search-wrap\">\n                        <span class=\"eael-adv-search-loader\"><\/span>\n                        <span class=\"eael-adv-search-close\"><i class=\"fas fa-times\"><\/i><\/span>\n                        <span class=\"icon \"><i class=\"fas fa-search\"><\/i><\/span>\n\n                        <input type=\"text\"\n                               placeholder=\"Votre destination\"\n                               class=\"eael-advanced-search\" autocomplete=\"off\" name=\"eael_advanced_search\">\n                    <\/div>\n\t\t\t\t\t                                    <\/form>\n\n\t\t\t\t\n\t\t\t\t        <div class=\"eael-advanced-search-result\">\n            <div class=\"eael-advanced-search-popular-keyword\">\n\t\t\t\t<h4 class=\"eael-advanced-search-popular-keyword-text\">Recherches populaires<\/h4>                <div class=\"eael-popular-keyword-content\"><\/div>\n            <\/div>\n            <div class=\"eael-advanced-search-category\">\n\t\t\t\t<h4 class=\"eael-advanced-search-category-text\">Categories<\/h4>                <div class=\"eael-popular-category-content\"><\/div>\n            <\/div>\n\t\t\t<div class=\"eael-advanced-search-total-results-section\">\n\t\t\t\t\t\t\t<\/div>\n            <div class=\"eael-advanced-search-content eael-item-style-3\">\n            <\/div>\n            <div class=\"eael-advanced-search-not-found\">\n                <p>Pas de r\u00e9sultats<\/p><\/div>\n            <div class=\"eael-advanced-search-load-more\">\n\t\t\t\t<a \tclass=\"eael-advanced-search-load-more-button\"\n                \thref=\"#\">Voir tous les r\u00e9sultats<\/a>\n            <\/div>\n        <\/div>\n\n\t\t            <\/div>\n        <\/div>\n\n\t\t\t\t\t\t<\/div>\n\t\t\t\t\t<\/div>\n\t\t\t\t<\/aside>\n\t\t<div class=\"elementor-element elementor-element-78b4ee51 e-flex e-con-boxed e-con e-parent\" data-id=\"78b4ee51\" data-element_type=\"container\" data-e-type=\"container\">\n\t\t\t\t\t<div class=\"e-con-inner\">\n\t\t\t\t<div class=\"elementor-element elementor-element-61e75bd4 elementor-widget elementor-widget-text-editor\" data-id=\"61e75bd4\" data-element_type=\"widget\" data-e-type=\"widget\" data-widget_type=\"text-editor.default\">\n\t\t\t\t\t\t\t\t\t<h1 style=\"text-align: center;\"><span style=\"font-size: 18pt;\"><strong>Pont Aven<\/strong><\/span><\/h1><p>\u00cates-vous un(e) <strong>amoureux(-se) d\u2019art et de nature<\/strong>, aspirant \u00e0 fouler les m\u00eames sols que <em>Paul Gauguin, \u00c9mile Bernard<\/em>, ou <em>Paul S\u00e9rusier<\/em> ? Votre qu\u00eate s\u2019ach\u00e8ve ici : <strong>Pont Aven<\/strong> est votre destination de r\u00eave !<\/p><p>Cette <strong>charmante commune du <a href=\"https:\/\/cparici.com\/fr\/visiter-le-finistere-guide-ultime-des-lieux-a-decouvrir\/\">Finist\u00e8re<\/a><\/strong>, qui se dresse fi\u00e8rement au bord de l\u2019estuaire de l\u2019Aven, reste fid\u00e8le \u00e0 son authenticit\u00e9 et \u00e0 son charme d\u2019antan. Renomm\u00e9e comme le berceau de l\u2019\u00e9cole de Pont-Aven, un mouvement qui a radicalement <em>transform\u00e9 la peinture<\/em> de la fin du XIXe si\u00e8cle, elle constitue un p\u00e8lerinage incontournable pour tout passionn\u00e9 d\u2019art.<\/p><figure id=\"attachment_15438\" aria-describedby=\"caption-attachment-15438\" style=\"width: 800px\" class=\"wp-caption aligncenter\"><a href=\"https:\/\/cparici.com\/wp-content\/uploads\/2022\/10\/pont-aven-2.jpg\"><img decoding=\"async\" class=\"wp-image-15438 size-full\" title=\"pont aven chaumi\u00e8re sur le port\" src=\"https:\/\/cparici.com\/wp-content\/uploads\/2022\/10\/pont-aven-2.jpg\" alt=\"pont aven chaumi\u00e8re sur le port\" width=\"800\" height=\"533\" srcset=\"https:\/\/cparici.com\/wp-content\/uploads\/2022\/10\/pont-aven-2.jpg 800w, https:\/\/cparici.com\/wp-content\/uploads\/2022\/10\/pont-aven-2-600x400.jpg 600w, https:\/\/cparici.com\/wp-content\/uploads\/2022\/10\/pont-aven-2-768x511.jpg 768w\" sizes=\"(max-width: 800px) 100vw, 800px\" \/><\/a><figcaption id=\"caption-attachment-15438\" class=\"wp-caption-text\">pont aven chaumi\u00e8re sur le port<\/figcaption><\/figure><p>Cet article vous guidera \u00e0 travers la ville et ses mus\u00e9es, vous offrant une <em>exp\u00e9rience culturelle et sensorielle m\u00e9morable<\/em>. Vous plongerez dans l\u2019histoire de la ville, d\u00e9couvrirez ses lieux iconiques, ses collections d\u2019art prestigieuses, ses sp\u00e9cialit\u00e9s culinaires et ses environs charmants.<\/p><p>\u00cates-vous pr\u00eat(e) pour une escapade au c\u0153ur de la <strong>Bretagne artistique<\/strong> ? Alors, suivez le guide !<\/p><h2>\u00c0 la d\u00e9couverte de Pont-Aven, la cit\u00e9 des peintres<\/h2><h3>L\u2019histoire pittoresque de Pont-Aven<\/h3><p><em>Pont-Aven<\/em>, une charmante commune, tire son appellation du pont qui enjambe la rivi\u00e8re Aven, cr\u00e9ant un paysage parsem\u00e9 de fascinants chaos rocheux. Initialement rattach\u00e9e aux paroisses de Nizon et de Riec-sur-Belon, Pont-Aven s\u2019est \u00e9mancip\u00e9e pour devenir une commune ind\u00e9pendante en <strong>1790<\/strong>.<\/p><figure id=\"attachment_15441\" aria-describedby=\"caption-attachment-15441\" style=\"width: 800px\" class=\"wp-caption aligncenter\"><a href=\"https:\/\/cparici.com\/wp-content\/uploads\/2022\/10\/pont-aven-3.jpg\"><img decoding=\"async\" class=\"wp-image-15441 size-full\" title=\"pont aven vue sur le port et les bateaux \u00e0 mar\u00e9e basse\" src=\"https:\/\/cparici.com\/wp-content\/uploads\/2022\/10\/pont-aven-3.jpg\" alt=\"pont aven vue sur le port et les bateaux \u00e0 mar\u00e9e basse\" width=\"800\" height=\"533\" srcset=\"https:\/\/cparici.com\/wp-content\/uploads\/2022\/10\/pont-aven-3.jpg 800w, https:\/\/cparici.com\/wp-content\/uploads\/2022\/10\/pont-aven-3-600x400.jpg 600w, https:\/\/cparici.com\/wp-content\/uploads\/2022\/10\/pont-aven-3-768x511.jpg 768w\" sizes=\"(max-width: 800px) 100vw, 800px\" \/><\/a><figcaption id=\"caption-attachment-15441\" class=\"wp-caption-text\">Pont Aven \u2013 vue sur le port et les bateaux \u00e0 mar\u00e9e basse<\/figcaption><\/figure><p>Le <strong>XIXe si\u00e8cle<\/strong> marque un tournant pour Pont-Aven, propuls\u00e9e sur la sc\u00e8ne internationale gr\u00e2ce \u00e0 l\u2019installation de peintres s\u00e9duits par ses paysages enchanteurs, sa lumi\u00e8re unique et l\u2019authenticit\u00e9 de la vie locale. Parmi ces artistes, <a href=\"https:\/\/cparici.com\/fr\/paul-gauguin-en-france\/\"><strong>Paul Gauguin<\/strong><\/a> se distingue en fondant l\u2019\u00e9cole de Pont-Aven, un mouvement pr\u00e9curseur qui se d\u00e9tache des normes acad\u00e9miques pour flirter avec le symbolisme et l\u2019expressionnisme.<\/p><p>Le legs des peintres de la ville perdure \u00e0 travers les \u0153uvres expos\u00e9es au mus\u00e9e de la ville, offrant un voyage dans le temps au c\u0153ur de cette \u00e9cole artistique r\u00e9volutionnaire, avec des pi\u00e8ces de Gauguin, Bernard, S\u00e9rusier, Maufra et d\u2019autres m\u00e9gales de la peinture.<\/p><h3>Les incontournables de Pont-Aven<\/h3><p>Explorer Pont-Aven, c\u2019est avant tout s\u2019offrir une promenade le long de l\u2019Aven, o\u00f9 cascades de vues sublimes s\u2019entrecroisent: ria, moulins, lavoirs et passerelles pittoresques. Le sentier du <em>Bois d\u2019Amour<\/em>, source d\u2019inspiration pour de nombreux artistes, ou la promenade Xavier Grall, plong\u00e9e dans un monde po\u00e9tique, sont des passages oblig\u00e9s.<\/p><p>La chapelle de Tr\u00e9malo, abritant un crucifix polychrome immortalis\u00e9 par Gauguin dans son <em>Christ jaune<\/em>, ou le manoir de Kerangosquer, du <strong>XVIIe si\u00e8cle<\/strong>, reconverti en chambres d\u2019h\u00f4tes, m\u00e9ritent aussi votre visite.<\/p><p>Ne partez pas sans fl\u00e2ner dans les galeries d\u2019art, qui respirent l\u2019esprit boh\u00e8me de Pont-Aven et exposent des \u0153uvres d\u2019art contemporain venant des quatre coins du monde.<\/p><p>D\u00e9couvrez <a href=\"https:\/\/cparici.com\/fr\/location-vacances-a-pont-aven\/\">les h\u00e9bergements<\/a> de Pont Aven<\/p><h3>Les sp\u00e9cialit\u00e9s culinaires : les galettes de Pont-Aven<\/h3><p>La commune ne se limite pas \u00e0 ses merveilles visuelles; elle r\u00e9gale aussi les palais avec ses fameuses <strong><a href=\"https:\/\/cparici.com\/fr\/galette-bretonne\/\">galettes<\/a> de beurre sal\u00e9<\/strong>. Invention de 1890 par le boulanger Isidore Penven, ces biscuits fins et croquants incarnent l\u2019esprit innovateur breton tout en combattant le gaspillage.<\/p><p>Devenues embl\u00e9matiques de la Bretagne, ces galettes sont toujours pr\u00e9par\u00e9es artisanalement dans les biscuiteries locales, o\u00f9 vous \u00eates invit\u00e9s \u00e0 savourer cette gourmandise embl\u00e9matique et \u00e0 explorer les coulisses de leur cr\u00e9ation. Les palais curieux pourront \u00e9galement se d\u00e9lecter d\u2019autres sp\u00e9cialit\u00e9s telles que les palets, macarons, palmiers, ou le c\u00e9l\u00e8bre kouign-amann.<\/p><h2>Plong\u00e9e au c\u0153ur des mus\u00e9es de Pont-Aven<\/h2><h3>Le Mus\u00e9e de Pont-Aven<\/h3><p>Le <strong>Mus\u00e9e de Pont-Aven<\/strong> est le lieu incontournable pour d\u00e9couvrir l\u2019histoire et les \u0153uvres de l\u2019<em>\u00e9cole de Pont-Aven<\/em>, un mouvement artistique qui a r\u00e9uni des peintres de renom tels que <strong>Paul Gauguin<\/strong>, <em>\u00c9mile Bernard<\/em>, <strong>Paul S\u00e9rusier<\/strong> et <em>Maurice Denis<\/em>. Ce mus\u00e9e propose un parcours de visite vivant et enrichissant, id\u00e9al pour toute la famille.<\/p><p>Admirez plus de <strong>200 \u0153uvres<\/strong> qui vous plongeront dans l\u2019esth\u00e9tique unique de l\u2019\u00e9cole de Pont-Aven, refl\u00e9tant la diversit\u00e9 des styles et des influences des artistes. D\u00e9couvrez aussi des <em>expositions temporaires<\/em> d\u00e9di\u00e9es \u00e0 des peintres contemporains ou \u00e0 des th\u00e8mes relatifs \u00e0 l\u2019art breton.<\/p><p>Le mus\u00e9e offre \u00e9galement un centre de ressources o\u00f9 vous pourrez approfondir vos connaissances sur l\u2019\u00e9cole de Pont-Aven, gr\u00e2ce \u00e0 un fonds documentaire de plus de <strong>5000 ouvrages et documents<\/strong> accessibles en ligne.<\/p><h3>La Galerie du Centre d\u2019Art Contemporain<\/h3><p>Pour une immersion dans l\u2019art contemporain, la <strong>Galerie du Centre d\u2019Art Contemporain<\/strong>, situ\u00e9e \u00e0 proximit\u00e9 du mus\u00e9e, pr\u00e9sente des expositions temporaires d\u2019artistes actuels explorant diverses techniques telles que la peinture, la sculpture, la photographie et le dessin.<\/p><p>Cette galerie vous invite \u00e0 entrer en dialogue avec les \u0153uvres expos\u00e9es \u00e0 travers des visites guid\u00e9es, des conf\u00e9rences, des ateliers ou des rencontres avec les artistes. Vous aurez aussi l\u2019occasion d\u2019acqu\u00e9rir des \u0153uvres originales ou des reproductions de qualit\u00e9, soutenant ainsi la cr\u00e9ation contemporaine.<\/p><h3>Autres espaces d\u2019art \u00e0 explorer<\/h3><p>La commune regorge d\u2019espaces d\u2019art \u00e0 d\u00e9couvrir, incluant galeries, ateliers et lieux de r\u00e9sidence artistiques. Fl\u00e2nez dans les rues de cette cit\u00e9 des peintres et d\u00e9couvrez des artistes de tous horizons qui perp\u00e9tuent l\u2019esprit boh\u00e8me et cr\u00e9atif de Pont-Aven.<\/p><p>Ne manquez pas la <em>Galerie Izart<\/em>, exposant des artistes contemporains de renomm\u00e9e internationale tels que Aldo Balding et Elisabeth Cibot, la <em>Galerie Artis<\/em>, qui pr\u00e9sente des \u0153uvres figuratives et abstraites, ou encore la <em>Jaf\u2019Art Galerie<\/em>, proposant des peintures et sculptures originales et color\u00e9es.<\/p><p>Visitez \u00e9galement les ateliers d\u2019artistes, comme celui de Bruno Tr\u00e9mohars, qui vous fera d\u00e9couvrir son univers po\u00e9tique inspir\u00e9 par l\u2019Inde et la Bretagne, ou celui de Jean-Luc Roudaut, r\u00e9v\u00e9lant ses cr\u00e9ations en bois flott\u00e9.<\/p><p>Profitez de votre s\u00e9jour pour explorer des lieux de r\u00e9sidence d\u2019artistes, tel que le <em>Manoir de Kerangosquer<\/em>, accueillant peintres, sculpteurs et \u00e9crivains, ou le <em>Moulin du Grand Poulguin<\/em>, offrant des chambres d\u2019h\u00f4tes d\u00e9cor\u00e9es par des artistes locaux, ainsi qu\u2019une galerie et un caf\u00e9-concert.<\/p><h2>Autour de Pont-Aven : excursions et sites \u00e0 visiter<\/h2><h3>Les sentiers de randonn\u00e9e et la nature environnante<\/h3><p><strong>Pont-Aven<\/strong> est un v\u00e9ritable carrefour pour les amoureux de la nature, offrant une multitude d\u2019options pour l\u2019exploration \u00e0 pied, en v\u00e9lo, ou en kayak. Les sentiers de randonn\u00e9e <em>d\u00e9voilent un paysage<\/em> d\u2019une grande diversit\u00e9, allant des for\u00eats denses aux rivi\u00e8res sinueuses, en passant par les estuaires et le littoral, chacun offrant des points de vue qui \u00e9voluent avec les mar\u00e9es, les saisons et la luminosit\u00e9.<\/p><p>Certains itin\u00e9raires sont incontournables, comme le <strong>circuit du Bois d\u2019Amour<\/strong>, qui \u00e9voque l\u2019\u00e9poque des peintres de Pont-Aven, le <strong>circuit de l\u2019Anse de Poulguin<\/strong>, offrant des panoramas saisissants sur l\u2019Aven, le <strong>circuit du Ch\u00e2teau du H\u00e9nan<\/strong>, \u00e0 la d\u00e9couverte d\u2019un moulin \u00e0 mar\u00e9e historique et d\u2019une demeure remarquable du XVIIe si\u00e8cle, ainsi que le <strong>circuit de la Chapelle de Tr\u00e9mor<\/strong>, plongeant les randonneurs dans une atmosph\u00e8re mystique.<\/p><figure id=\"attachment_16718\" aria-describedby=\"caption-attachment-16718\" style=\"width: 1998px\" class=\"wp-caption aligncenter\"><a href=\"https:\/\/cparici.com\/wp-content\/uploads\/2024\/04\/pont-aven-bois-damour.jpg\"><img decoding=\"async\" class=\"wp-image-16718 size-full\" title=\"pont aven - photo bois d'amour\" src=\"https:\/\/cparici.com\/wp-content\/uploads\/2024\/04\/pont-aven-bois-damour.jpg\" alt=\"photo bois d'amour\" width=\"1998\" height=\"1318\" srcset=\"https:\/\/cparici.com\/wp-content\/uploads\/2024\/04\/pont-aven-bois-damour.jpg 1998w, https:\/\/cparici.com\/wp-content\/uploads\/2024\/04\/pont-aven-bois-damour-600x396.jpg 600w, https:\/\/cparici.com\/wp-content\/uploads\/2024\/04\/pont-aven-bois-damour-300x198.jpg 300w, https:\/\/cparici.com\/wp-content\/uploads\/2024\/04\/pont-aven-bois-damour-1024x675.jpg 1024w, https:\/\/cparici.com\/wp-content\/uploads\/2024\/04\/pont-aven-bois-damour-768x507.jpg 768w, https:\/\/cparici.com\/wp-content\/uploads\/2024\/04\/pont-aven-bois-damour-1536x1013.jpg 1536w\" sizes=\"(max-width: 1998px) 100vw, 1998px\" \/><\/a><figcaption id=\"caption-attachment-16718\" class=\"wp-caption-text\">pont aven \u2013 photo bois d\u2019amour<\/figcaption><\/figure><h3>\u00a0<\/h3><h3>Chapelle de Tr\u00e9malo et autres sites religieux<\/h3><p>La r\u00e9gion de <strong>Pont-Aven<\/strong> regorge de tr\u00e9sors du patrimoine religieux, reflet de la ferveur et du savoir-faire artistique breton. Parmi eux, la <em>chapelle de Tr\u00e9malo<\/em> se distingue, abritant un Christ en croix polychrome qui fut une source d\u2019inspiration pour Gauguin et son \u0153uvre \u201cLe Christ jaune\u201d. Cette \u00e9difice du XVIe si\u00e8cle, \u00e9rig\u00e9 par la famille du Plessis, pr\u00e9sente une architecture singuli\u00e8re avec sa toiture asym\u00e9trique pench\u00e9e vers le sol du c\u00f4t\u00e9 nord.<\/p><p>La visite peut se prolonger vers d\u2019autres merveilles, telles que la chapelle de <em>Sainte-Marguerite<\/em>, dominant l\u2019ria de l\u2019Aven et renfermant un retable du XVIIIe si\u00e8cle, ou encore celle de <em>Saint-Gu\u00e9nol\u00e9<\/em>, avec son clocher \u00e0 bulbe datant du XVIIe si\u00e8cle. L\u2019\u00e9glise de Nizon, quant \u00e0 elle, est un joyau du gothique flamboyant abritant un <strong>calvaire sculpt\u00e9 magnifique<\/strong>.<\/p><h3>\u00c0 la d\u00e9couverte des villages alentour<\/h3><p>La curiosit\u00e9 <a href=\"https:\/\/pontaven.fr\/\" target=\"_blank\" rel=\"noopener\">pour la commune et ses environs<\/a> peut aussi mener \u00e0 la d\u00e9couverte des villages voisins, chacun poss\u00e9dant son propre charme et caract\u00e8re.<\/p><p><em>Concarneau<\/em>, avec sa ville fortifi\u00e9e, son port de p\u00eache actif, ses impressionnants remparts et son mus\u00e9e de la p\u00eache, captive incontestablement les visiteurs. <em>Quimperl\u00e9<\/em> \u00e9merveille gr\u00e2ce \u00e0 son h\u00e9ritage m\u00e9di\u00e9val, notamment son abbaye romane, sa coll\u00e9giale gothique et son pittoresque pont fleuri. Enfin, les petits ports de la c\u00f4te, comme <strong>Rosbras<\/strong> et <strong>Do\u00eblan<\/strong>, offrent une perspective unique sur l\u2019estuaire de l\u2019Aven, ainsi que sur des sc\u00e8nes vivantes de maisons color\u00e9es, de phares et de bateaux de p\u00eache traditionnels.<\/p><h2>FAQ<\/h2><h3>O\u00f9 se promener \u00e0 Pont-Aven ?<\/h3><p>La commune offre une palette d\u2019activit\u00e9s pour les promeneurs. Vous pouvez <strong>fl\u00e2ner dans le centre-ville et le long du port<\/strong>, explorer les riches collections du <em>Mus\u00e9e de Pont-Aven<\/em>, vous immerger dans la nature au <strong>Bois d\u2019Amour<\/strong>, emprunter un bateau pour naviguer sur l\u2019Aven, <em>parcourir le sentier c\u00f4tier<\/em> \u00e0 pied, ou encore visiter l\u2019<strong>Aven Parc<\/strong> et sa charmante <em>mini-ferme<\/em>.<\/p><h3>Quel peintre a v\u00e9cu \u00e0 Pont-Aven ?<\/h3><p>Plusieurs virtuoses de la peinture ont \u00e9lu domicile, charm\u00e9s par ses paysages inspirants et ses traditions vivaces. <strong>Paul Gauguin<\/strong> est sans doute le plus illustre d\u2019entre eux, ayant s\u00e9journ\u00e9 dans ce village breton \u00e0 cinq reprises entre 1886 et 1894. C\u2019est ici qu\u2019il a \u00e9labor\u00e9 son approche unique, combinant le synth\u00e9tisme et le symbolisme. D\u2019autres artistes notables comprennent <em>Emile Bernard<\/em>, <strong>Paul S\u00e9rusier<\/strong>, Robert Wylie, Maxime Maufra, Gustave Loiseau, Henry Moret et Andr\u00e9 Even.<\/p><figure id=\"attachment_16722\" aria-describedby=\"caption-attachment-16722\" style=\"width: 1990px\" class=\"wp-caption aligncenter\"><a href=\"https:\/\/cparici.com\/wp-content\/uploads\/2024\/04\/Gauguin-les-danseuses-Pont-Aven.jpg\"><img decoding=\"async\" class=\"wp-image-16722 size-full\" title=\"Gauguin - les danseuses Pont Aven\" src=\"https:\/\/cparici.com\/wp-content\/uploads\/2024\/04\/Gauguin-les-danseuses-Pont-Aven.jpg\" alt=\"Gauguin - les danseuses Pont Aven\" width=\"1990\" height=\"1555\" srcset=\"https:\/\/cparici.com\/wp-content\/uploads\/2024\/04\/Gauguin-les-danseuses-Pont-Aven.jpg 1990w, https:\/\/cparici.com\/wp-content\/uploads\/2024\/04\/Gauguin-les-danseuses-Pont-Aven-600x469.jpg 600w, https:\/\/cparici.com\/wp-content\/uploads\/2024\/04\/Gauguin-les-danseuses-Pont-Aven-300x234.jpg 300w, https:\/\/cparici.com\/wp-content\/uploads\/2024\/04\/Gauguin-les-danseuses-Pont-Aven-1024x800.jpg 1024w, https:\/\/cparici.com\/wp-content\/uploads\/2024\/04\/Gauguin-les-danseuses-Pont-Aven-768x600.jpg 768w, https:\/\/cparici.com\/wp-content\/uploads\/2024\/04\/Gauguin-les-danseuses-Pont-Aven-1536x1200.jpg 1536w, https:\/\/cparici.com\/wp-content\/uploads\/2024\/04\/Gauguin-les-danseuses-Pont-Aven-400x314.jpg 400w\" sizes=\"(max-width: 1990px) 100vw, 1990px\" \/><\/a><figcaption id=\"caption-attachment-16722\" class=\"wp-caption-text\">Gauguin \u2013 les danseuses Pont Aven<\/figcaption><\/figure><h3>Quelle rivi\u00e8re traverse Pont-Aven ?<\/h3><p>L\u2019<strong>Aven<\/strong>, un fleuve c\u00f4tier qui se fraye un chemin jusqu\u2019\u00e0 l\u2019oc\u00e9an Atlantique \u00e0 Port Manec\u2019h, traverse la ville de Pont-Aven. Ce cours d\u2019eau idyllique se termine \u00e0 quelques pas d\u2019une autre ria s\u00e9duisante, le <em>B\u00e9lon<\/em>.<\/p><h3>Quel jour est le march\u00e9 \u00e0 Pont-Aven ?<\/h3><p>Le march\u00e9 hebdomadaire de Pont-Aven se tient tous les <strong>mardis matins<\/strong>. C\u2019est l\u2019occasion r\u00eav\u00e9e pour la commune d\u2019accueillir commer\u00e7ants et visiteurs, dans l\u2019ambiance conviviale qui caract\u00e9rise Pont-Aven. Durant l\u2019\u00e9t\u00e9, le march\u00e9 anime le port, tandis qu\u2019en hiver, il se d\u00e9place sur la <em>place Julia<\/em>.<\/p>\t\t\t\t\t\t\t\t<\/div>\n\t\t\t\t\t<\/div>\n\t\t\t\t<\/div>\n\t\t<div class=\"elementor-element elementor-element-a2c8120 e-flex e-con-boxed e-con e-parent\" data-id=\"a2c8120\" data-element_type=\"container\" data-e-type=\"container\">\n\t\t\t\t\t<div class=\"e-con-inner\">\n\t\t\t\t\t<\/div>\n\t\t\t\t<\/div>\n\t\t<aside class=\"elementor-element elementor-element-b4c6593 e-flex e-con-boxed e-con e-parent\" data-id=\"b4c6593\" data-element_type=\"container\" data-e-type=\"container\">\n\t\t\t\t\t<div class=\"e-con-inner\">\n\t\t\t\t<div class=\"elementor-element elementor-element-622802e elementor-widget elementor-widget-listeo-posts-grid\" data-id=\"622802e\" data-element_type=\"widget\" data-e-type=\"widget\" data-widget_type=\"listeo-posts-grid.default\">\n\t\t\t\t<div class=\"elementor-widget-container\">\n\t\t\t\t\t\t\t\n\t\t<div class=\"listeo-post-grid-wrapper\">\n\t\t\t<div class=\"row\">\n\n\t\t\t\n\n\t\t\t\t\t\t\t<div class=\"col-md-4\">\n                <a href=\"https:\/\/cparici.com\/fr\/telgruc-sur-mer\/\" class=\"blog-compact-item-container\">\n                    <div class=\"blog-compact-item\">\n                        <img decoding=\"async\" width=\"577\" height=\"171\" src=\"https:\/\/cparici.com\/wp-content\/uploads\/2024\/06\/telgruc-sur-mer.jpg\" class=\"attachment-listeo-blog-related-post size-listeo-blog-related-post wp-post-image\" alt=\"telgruc sur mer\" srcset=\"https:\/\/cparici.com\/wp-content\/uploads\/2024\/06\/telgruc-sur-mer.jpg 1812w, https:\/\/cparici.com\/wp-content\/uploads\/2024\/06\/telgruc-sur-mer-600x177.jpg 600w, https:\/\/cparici.com\/wp-content\/uploads\/2024\/06\/telgruc-sur-mer-300x89.jpg 300w, https:\/\/cparici.com\/wp-content\/uploads\/2024\/06\/telgruc-sur-mer-1024x303.jpg 1024w, https:\/\/cparici.com\/wp-content\/uploads\/2024\/06\/telgruc-sur-mer-768x227.jpg 768w, https:\/\/cparici.com\/wp-content\/uploads\/2024\/06\/telgruc-sur-mer-1536x454.jpg 1536w\" sizes=\"(max-width: 577px) 100vw, 577px\" \/><span class=\"blog-item-tag\">Bretagne<\/span>                        \n                        <div class=\"blog-compact-item-content\">\n                                                        <h3>Telgruc sur Mer \u2013 un village du Finist\u00e8re a d\u00e9couvrir<\/h3>\n                                                        <p>Explorez Telgruc-sur-Mer dans le Finist\u00e8re, ses paysages \u00e9poustouflants, ses sites historiques, ses activit\u00e9s et \u00e9v\u00e9nements...                            <\/p>\n                                                    <\/div>\n                    <\/div>\n                <\/a>\n            <\/div>\n\t\t\t<div class=\"col-md-4\">\n                <a href=\"https:\/\/cparici.com\/fr\/location-de-vacances-le-pouldu\/\" class=\"blog-compact-item-container\">\n                    <div class=\"blog-compact-item\">\n                        <img decoding=\"async\" width=\"577\" height=\"204\" src=\"https:\/\/cparici.com\/wp-content\/uploads\/2025\/03\/cparici-2025-03-05T124724.892-577x204.jpg\" class=\"attachment-listeo-blog-related-post size-listeo-blog-related-post wp-post-image\" alt=\"Location de vacances Le Pouldu\" srcset=\"https:\/\/cparici.com\/wp-content\/uploads\/2025\/03\/cparici-2025-03-05T124724.892-577x204.jpg 577w, https:\/\/cparici.com\/wp-content\/uploads\/2025\/03\/cparici-2025-03-05T124724.892-300x106.jpg 300w, https:\/\/cparici.com\/wp-content\/uploads\/2025\/03\/cparici-2025-03-05T124724.892-1024x362.jpg 1024w, https:\/\/cparici.com\/wp-content\/uploads\/2025\/03\/cparici-2025-03-05T124724.892-768x271.jpg 768w, https:\/\/cparici.com\/wp-content\/uploads\/2025\/03\/cparici-2025-03-05T124724.892-18x6.jpg 18w, https:\/\/cparici.com\/wp-content\/uploads\/2025\/03\/cparici-2025-03-05T124724.892-590x208.jpg 590w, https:\/\/cparici.com\/wp-content\/uploads\/2025\/03\/cparici-2025-03-05T124724.892-1200x424.jpg 1200w, https:\/\/cparici.com\/wp-content\/uploads\/2025\/03\/cparici-2025-03-05T124724.892-600x212.jpg 600w, https:\/\/cparici.com\/wp-content\/uploads\/2025\/03\/cparici-2025-03-05T124724.892.jpg 1500w\" sizes=\"(max-width: 577px) 100vw, 577px\" \/><span class=\"blog-item-tag\">Bretagne<\/span>                        \n                        <div class=\"blog-compact-item-content\">\n                                                        <h3>Location de vacances Le Pouldu<\/h3>\n                                                        <p>Recherches populaires Categories Pas de r\u00e9sultats Voir tous les r\u00e9sultats Location de vacances Le Pouldu...                            <\/p>\n                                                    <\/div>\n                    <\/div>\n                <\/a>\n            <\/div>\n\t\t\t<div class=\"col-md-4\">\n                <a href=\"https:\/\/cparici.com\/fr\/location-de-vacances-nevez\/\" class=\"blog-compact-item-container\">\n                    <div class=\"blog-compact-item\">\n                        <img decoding=\"async\" width=\"577\" height=\"202\" src=\"https:\/\/cparici.com\/wp-content\/uploads\/2024\/07\/location-vacances-nevez.jpg\" class=\"attachment-listeo-blog-related-post size-listeo-blog-related-post wp-post-image\" alt=\"location de vacances a N\u00e9vez\" srcset=\"https:\/\/cparici.com\/wp-content\/uploads\/2024\/07\/location-vacances-nevez.jpg 1513w, https:\/\/cparici.com\/wp-content\/uploads\/2024\/07\/location-vacances-nevez-600x210.jpg 600w, https:\/\/cparici.com\/wp-content\/uploads\/2024\/07\/location-vacances-nevez-300x105.jpg 300w, https:\/\/cparici.com\/wp-content\/uploads\/2024\/07\/location-vacances-nevez-1024x359.jpg 1024w, https:\/\/cparici.com\/wp-content\/uploads\/2024\/07\/location-vacances-nevez-768x269.jpg 768w\" sizes=\"(max-width: 577px) 100vw, 577px\" \/><span class=\"blog-item-tag\">Bretagne<\/span>                        \n                        <div class=\"blog-compact-item-content\">\n                                                        <h3>Location de vacances \u00e0 N\u00e9vez: les meilleurs g\u00eetes<\/h3>\n                                                        <p>Location de vacances \u00e0 N\u00e9vez: un s\u00e9jour de r\u00eave dans un cadre idyllique. Trouvez le...                            <\/p>\n                                                    <\/div>\n                    <\/div>\n                <\/a>\n            <\/div>\n  <\/div>\n        <\/div>\n        \t\t\t\t<\/div>\n\t\t\t\t<\/div>\n\t\t\t\t\t<\/div>\n\t\t\t\t<\/aside>\n\t\t\t\t<\/div>\n\t\t","protected":false},"excerpt":{"rendered":"<p>Pont Aven : un voyage au c\u0153ur de l&#8217;art et de la nature. Suivez ce guide pour explorer cette ville pittoresque et ses mus\u00e9es d\u00e9di\u00e9s aux peintres de l&#8217;\u00e9cole de Pont Aven.<\/p>\n","protected":false},"author":1,"featured_media":15435,"comment_status":"open","ping_status":"open","sticky":false,"template":"elementor_header_footer","format":"standard","meta":{"ngg_post_thumbnail":0,"footnotes":""},"categories":[487,478,479,477],"tags":[],"class_list":["post-16711","post","type-post","status-publish","format-standard","has-post-thumbnail","hentry","category-pont-aven","category-bretagne","category-finistere","category-france"],"_links":{"self":[{"href":"https:\/\/cparici.com\/fr\/wp-json\/wp\/v2\/posts\/16711","targetHints":{"allow":["GET"]}}],"collection":[{"href":"https:\/\/cparici.com\/fr\/wp-json\/wp\/v2\/posts"}],"about":[{"href":"https:\/\/cparici.com\/fr\/wp-json\/wp\/v2\/types\/post"}],"author":[{"embeddable":true,"href":"https:\/\/cparici.com\/fr\/wp-json\/wp\/v2\/users\/1"}],"replies":[{"embeddable":true,"href":"https:\/\/cparici.com\/fr\/wp-json\/wp\/v2\/comments?post=16711"}],"version-history":[{"count":0,"href":"https:\/\/cparici.com\/fr\/wp-json\/wp\/v2\/posts\/16711\/revisions"}],"wp:featuredmedia":[{"embeddable":true,"href":"https:\/\/cparici.com\/fr\/wp-json\/wp\/v2\/media\/15435"}],"wp:attachment":[{"href":"https:\/\/cparici.com\/fr\/wp-json\/wp\/v2\/media?parent=16711"}],"wp:term":[{"taxonomy":"category","embeddable":true,"href":"https:\/\/cparici.com\/fr\/wp-json\/wp\/v2\/categories?post=16711"},{"taxonomy":"post_tag","embeddable":true,"href":"https:\/\/cparici.com\/fr\/wp-json\/wp\/v2\/tags?post=16711"}],"curies":[{"name":"wp","href":"https:\/\/api.w.org\/{rel}","templated":true}]}}