{"id":17099,"date":"2024-04-26T16:05:25","date_gmt":"2024-04-26T14:05:25","guid":{"rendered":"https:\/\/cparici.com\/?p=17099"},"modified":"2026-02-23T17:27:32","modified_gmt":"2026-02-23T16:27:32","slug":"visiter-quimper-top-des-lieux-incontournables-et-secrets","status":"publish","type":"post","link":"https:\/\/cparici.com\/fr\/visiter-quimper-top-des-lieux-incontournables-et-secrets\/","title":{"rendered":"Visiter Quimper &#8211; top des lieux incontournables et secrets"},"content":{"rendered":"\t\t<div data-elementor-type=\"wp-post\" data-elementor-id=\"17099\" class=\"elementor elementor-17099\" data-elementor-post-type=\"post\">\n\t\t\t\t<div class=\"elementor-element elementor-element-0af1664 e-con-full e-flex e-con e-parent\" data-id=\"0af1664\" data-element_type=\"container\" data-e-type=\"container\">\n\t\t\t\t<div class=\"elementor-element elementor-element-bc85083 elementor-widget elementor-widget-image\" data-id=\"bc85083\" data-element_type=\"widget\" data-e-type=\"widget\" data-widget_type=\"image.default\">\n\t\t\t\t\t\t\t\t\t\t\t\t\t\t\t<img decoding=\"async\" width=\"1500\" height=\"608\" src=\"https:\/\/cparici.com\/wp-content\/uploads\/2024\/04\/visiter-quimper-dans-le-finistere.jpg\" class=\"attachment-full size-full wp-image-17101\" alt=\"visiter quimper dans le finist\u00e8re, bretagne\" srcset=\"https:\/\/cparici.com\/wp-content\/uploads\/2024\/04\/visiter-quimper-dans-le-finistere.jpg 1500w, https:\/\/cparici.com\/wp-content\/uploads\/2024\/04\/visiter-quimper-dans-le-finistere-600x243.jpg 600w, https:\/\/cparici.com\/wp-content\/uploads\/2024\/04\/visiter-quimper-dans-le-finistere-300x122.jpg 300w, https:\/\/cparici.com\/wp-content\/uploads\/2024\/04\/visiter-quimper-dans-le-finistere-1024x415.jpg 1024w, https:\/\/cparici.com\/wp-content\/uploads\/2024\/04\/visiter-quimper-dans-le-finistere-768x311.jpg 768w\" sizes=\"(max-width: 1500px) 100vw, 1500px\" \/>\t\t\t\t\t\t\t\t\t\t\t\t\t\t\t<\/div>\n\t\t\t\t<\/div>\n\t\t<div class=\"elementor-element elementor-element-d5512a7 e-flex e-con-boxed e-con e-parent\" data-id=\"d5512a7\" data-element_type=\"container\" data-e-type=\"container\">\n\t\t\t\t\t<div class=\"e-con-inner\">\n\t\t\t\t<div class=\"elementor-element elementor-element-ae2ab07 elementor-widget elementor-widget-global elementor-global-62046 elementor-widget-eael-advanced-search\" data-id=\"ae2ab07\" data-element_type=\"widget\" data-e-type=\"widget\" data-widget_type=\"eael-advanced-search.default\">\n\t\t\t\t\t        <div class=\"eael-adv-search-wrapper\">\n            <div id=\"eael-advanced-search-widget-ae2ab07\" class=\"eael-advanced-search-widget\">\n                <form data-settings=\"{&quot;post_per_page&quot;:5,&quot;search_among_taxonomies&quot;:&quot;&quot;,&quot;search_among_sku&quot;:&quot;no&quot;,&quot;show_popular_keyword&quot;:0,&quot;show_category&quot;:0,&quot;show_content_image&quot;:1,&quot;show_search_result_all_results&quot;:0,&quot;result_on_new_tab&quot;:&quot;no&quot;,&quot;show_product_price&quot;:&quot;no&quot;,&quot;include_current_page&quot;:&quot;no&quot;,&quot;current_post_id&quot;:17099,&quot;post_type&quot;:[&quot;post&quot;,&quot;listing&quot;]}\" method=\"POST\" name=\"eael-advanced-search-form-ae2ab07\" class=\"eael-advanced-search-form eael-advanced-search-form-style-2\">\n                    <div class=\"eael-advanced-search-wrap\">\n                        <span class=\"eael-adv-search-loader\"><\/span>\n                        <span class=\"eael-adv-search-close\"><i class=\"fas fa-times\"><\/i><\/span>\n                        <span class=\"icon \"><i class=\"fas fa-search\"><\/i><\/span>\n\n                        <input type=\"text\"\n                               placeholder=\"Votre destination\"\n                               class=\"eael-advanced-search\" autocomplete=\"off\" name=\"eael_advanced_search\">\n                    <\/div>\n\t\t\t\t\t                                    <\/form>\n\n\t\t\t\t\n\t\t\t\t        <div class=\"eael-advanced-search-result\">\n            <div class=\"eael-advanced-search-popular-keyword\">\n\t\t\t\t<h4 class=\"eael-advanced-search-popular-keyword-text\">Recherches populaires<\/h4>                <div class=\"eael-popular-keyword-content\"><\/div>\n            <\/div>\n            <div class=\"eael-advanced-search-category\">\n\t\t\t\t<h4 class=\"eael-advanced-search-category-text\">Categories<\/h4>                <div class=\"eael-popular-category-content\"><\/div>\n            <\/div>\n\t\t\t<div class=\"eael-advanced-search-total-results-section\">\n\t\t\t\t\t\t\t<\/div>\n            <div class=\"eael-advanced-search-content eael-item-style-3\">\n            <\/div>\n            <div class=\"eael-advanced-search-not-found\">\n                <p>Pas de r\u00e9sultats<\/p><\/div>\n            <div class=\"eael-advanced-search-load-more\">\n\t\t\t\t<a \tclass=\"eael-advanced-search-load-more-button\"\n                \thref=\"#\">Voir tous les r\u00e9sultats<\/a>\n            <\/div>\n        <\/div>\n\n\t\t            <\/div>\n        <\/div>\n\n\t\t\t\t\t\t<\/div>\n\t\t\t\t\t<\/div>\n\t\t\t\t<\/div>\n\t\t\t\t<section class=\"elementor-section elementor-top-section elementor-element elementor-element-67cb83af elementor-section-boxed elementor-section-height-default elementor-section-height-default\" data-id=\"67cb83af\" data-element_type=\"section\" data-e-type=\"section\">\n\t\t\t\t\t\t<div class=\"elementor-container elementor-column-gap-default\">\n\t\t\t\t\t<div class=\"elementor-column elementor-col-100 elementor-top-column elementor-element elementor-element-564b1678\" data-id=\"564b1678\" data-element_type=\"column\" data-e-type=\"column\">\n\t\t\t<div class=\"elementor-widget-wrap elementor-element-populated\">\n\t\t\t\t\t\t<div class=\"elementor-element elementor-element-35ab4e78 elementor-widget elementor-widget-text-editor\" data-id=\"35ab4e78\" data-element_type=\"widget\" data-e-type=\"widget\" data-widget_type=\"text-editor.default\">\n\t\t\t\t\t\t\t\t\t<h1 style=\"text-align: center;\">\u00a0<span style=\"font-size: 18pt; color: #003366;\"><strong>Visiter Quimper \u2013 top des lieux incontournables et secrets<\/strong><\/span><\/h1><p>Quimper, une ville au riche patrimoine artistique et historique, se niche <a href=\"https:\/\/cparici.com\/visiter-la-bretagne-guide-des-sites-et-villes-a-explorer\/\">au c\u0153ur de la Bretagne<\/a>, o\u00f9 se rencontrent les rivi\u00e8res Odet, Ste\u00efr et Jet. Cette cit\u00e9 est c\u00e9l\u00e8bre pour sa cath\u00e9drale Saint-Corentin, le palais des \u00e9v\u00eaques, ses maisons traditionnelles \u00e0 pans de bois, ainsi que pour ses fa\u00efenceries r\u00e9put\u00e9es et ses mus\u00e9es captivants. Au-del\u00e0 de son patrimoine, Quimper se distingue par son dynamisme et sa gourmandise ; les rues commer\u00e7antes, les cr\u00eaperies, les \u00e9v\u00e9nements culturels et ses espaces verts comme le jardin de la Retraite et le parc de Creac\u2019h Gwen invitent \u00e0 la d\u00e9couverte et \u00e0 la d\u00e9tente.<\/p><p>Explorer Quimper, c\u2019est s\u2019immerger dans un univers o\u00f9 charme et caract\u00e8re breton se conjuguent harmonieusement \u00e0 une ouverture sur le monde. C\u2019est l\u2019opportunit\u00e9 de rencontrer des habitants accueillants, d\u00e9sireux de partager leur culture et leurs histoires. Nous vous guidons \u00e0 travers un panorama des sites essentiels et des tr\u00e9sors cach\u00e9s de Quimper et de ses environs.<\/p><p>Suivez le guide !<\/p><h2>Les incontournables de Quimper<\/h2><p>Quimper, ville riche d\u2019histoire et de culture, offre un \u00e9ventail de sites d\u2019int\u00e9r\u00eat incontournables. D\u00e9couvrez notre s\u00e9lection pour une visite m\u00e9morable.<\/p><h3>La cath\u00e9drale Saint-Corentin, chef-d\u2019\u0153uvre de l\u2019art gothique<\/h3><p>Embl\u00e8me de Quimper, la cath\u00e9drale Saint-Corentin est l\u2019une des plus fines illustrations de l\u2019art gothique en Bretagne. Sa construction s\u2019\u00e9tend du XIIIe au XVe si\u00e8cle, avec l\u2019addition de fl\u00e8ches finalis\u00e9e au XIXe si\u00e8cle.<\/p><p>D\u00e9di\u00e9e \u00e0 saint Corentin, premier \u00e9v\u00eaque de la ville, une statue le repr\u00e9sentant se dresse sur le portail occidental. \u00c0 l\u2019int\u00e9rieur, les visiteurs sont invit\u00e9s \u00e0 admirer vitraux, chapelles, ma\u00eetre-autel, jub\u00e9, ainsi que les s\u00e9pultures des ducs de Bretagne. Notons sa particularit\u00e9 architecturale : le ch\u0153ur de la cath\u00e9drale adopte une forme l\u00e9g\u00e8rement courb\u00e9e, suivant le relief du terrain et contournant une chapelle ant\u00e9rieure.<\/p>\t\t\t\t\t\t\t\t<\/div>\n\t\t\t\t\t<\/div>\n\t\t<\/div>\n\t\t\t\t\t<\/div>\n\t\t<\/section>\n\t\t<aside class=\"elementor-element elementor-element-2d7c2ab7 e-flex e-con-boxed e-con e-parent\" data-id=\"2d7c2ab7\" data-element_type=\"container\" data-e-type=\"container\" data-settings=\"{&quot;background_background&quot;:&quot;classic&quot;}\">\n\t\t\t\t\t<div class=\"e-con-inner\">\n\t\t\t\t<div class=\"elementor-element elementor-element-411614bf elementor-widget elementor-widget-spacer\" data-id=\"411614bf\" data-element_type=\"widget\" data-e-type=\"widget\" data-widget_type=\"spacer.default\">\n\t\t\t\t\t\t\t<div class=\"elementor-spacer\">\n\t\t\t<div class=\"elementor-spacer-inner\"><\/div>\n\t\t<\/div>\n\t\t\t\t\t\t<\/div>\n\t\t\t\t<div class=\"elementor-element elementor-element-68efc946 elementor-widget elementor-widget-heading\" data-id=\"68efc946\" data-element_type=\"widget\" data-e-type=\"widget\" data-widget_type=\"heading.default\">\n\t\t\t\t\t<p class=\"elementor-heading-title elementor-size-default\">Locations de Vacances Quimper  en direct<\/p>\t\t\t\t<\/div>\n\t\t\t\t<div class=\"elementor-element elementor-element-7b9f82a1 elementor-widget elementor-widget-listeo-listings-carousel\" data-id=\"7b9f82a1\" data-element_type=\"widget\" data-e-type=\"widget\" data-widget_type=\"listeo-listings-carousel.default\">\n\t\t\t\t<div class=\"elementor-widget-container\">\n\t\t\t\t\t        <!-- Carousel \/ Start -->\n        \t<div class=\"simple-slick-carousel dots-nav\" data-slick='{&quot;autoplay&quot;:true,&quot;autoplaySpeed&quot;:3000,&quot;slidesToShow&quot;:3,&quot;slidesToScroll&quot;:1,&quot;responsive&quot;:[{&quot;breakpoint&quot;:1024,&quot;settings&quot;:{&quot;slidesToShow&quot;:2,&quot;slidesToScroll&quot;:1}},{&quot;breakpoint&quot;:768,&quot;settings&quot;:{&quot;slidesToShow&quot;:1,&quot;slidesToScroll&quot;:1}}]}'>\n                            <div class=\"fw-carousel-item\">                    \n                        <!-- Listing Item -->\r\n            <div class=\"col-lg-6 col-md-12\">\r\n                <a href=\"https:\/\/cparici.com\/fr\/annonce\/l-appart-quimperois\/\"  class=\"listing-item-container listing-geo-data compact\" \r\n\t\tdata-title=\"L\u2019 Appart Quimp\u00e9rois\"\r\n\t\tdata-listing-type=\"rental\"\r\n\t\tdata-classifieds-price=\"\u20ac\"\r\n\t\tdata-friendly-address=\"Quimper, France\"\r\n\t\tdata-address=\"Quimper, France\"\r\n\t\tdata-image=\"https:\/\/cparici.com\/wp-content\/uploads\/2025\/10\/IMG_2378-520x397.jpeg\"\r\n\t\tdata-longitude=\"-4.0996181\"\r\n\t\tdata-latitude=\"48.0000428\"\r\n\t\t\t\t\tdata-rating=\"0\"\r\n\t\t\tdata-reviews=\"0\"\r\n\t\t\t\tdata-icon=\"<svg xmlns=&quot;http:\/\/www.w3.org\/2000\/svg&quot; width=&quot;800px&quot; height=&quot;800px&quot; viewBox=&quot;0 0 45 45&quot; fill=&quot;none&quot;>\n<path d=&quot;M24.155 8.78099L24.33 8.94499L37.402 21.787L36 23.213L34.2 21.445L34.201 35C34.201 36.054 33.385 36.918 32.35 36.994L32.201 37H12.201C11.147 37 10.283 36.184 10.206 35.149L10.201 35L10.2 21.446L8.402 23.213L7 21.787L20.058 8.95799C21.171 7.82199 22.966 7.75899 24.155 8.78099ZM21.569 10.285L21.473 10.372L12.2 19.481L12.201 35L17.2 34.999L17.201 25C17.201 23.946 18.017 23.082 19.052 23.005L19.201 23H25.201C26.255 23 27.119 23.816 27.196 24.851L27.201 25L27.2 34.999L32.201 35L32.2 19.48L22.901 10.344C22.537 9.98699 21.969 9.96499 21.569 10.285ZM25.201 25H19.201L19.2 34.999H25.2L25.201 25Z&quot; fill=&quot;#3C3C3C&quot;\/>\n<\/svg>\"\r\n\r\n\t>\r\n            <div class=\"listing-item  featured-listing\">\r\n                <div class=\"listing-small-badges-container\">\r\n                                            <div class=\"listing-small-badge featured-badge\"><i class=\"fa fa-star\"><\/i> En vedette<\/div>\r\n                                                                <div class=\"listing-small-badge pricing-badge\"><i class=\"fa fa-tag\"><\/i>85,00\u20ac - 140,00\u20ac<\/div>\r\n                                                            \r\n                                        \r\n                                        \r\n                <\/div>\r\n                <img decoding=\"async\" src=\"https:\/\/cparici.com\/wp-content\/uploads\/2025\/10\/IMG_2378-520x397.jpeg\" alt=\"L\u2019 Appart Quimp\u00e9rois\" class=\"listing-thumbnail\">\r\n                \r\n\r\n                <div class=\"listing-item-content\">\r\n                    \r\n                    <h3> L\u2019 Appart Quimp\u00e9rois <\/h3>\r\n                    <span>Quimper, France<\/span>\r\n                <\/div>\r\n                                        <span class=\"save like-icon tooltip left\" title=\"Connexion pour marquer des \u00e9l\u00e9ments\"><\/span>\r\n                                                <\/div>\r\n        <\/a>\r\n                    <\/div>\r\n        \r\n\r\n        <!-- Listing Item \/ End -->\n                    <\/div>\n                          <\/div>\n        \t\t\t\t<\/div>\n\t\t\t\t<\/div>\n\t\t\t\t\t<\/div>\n\t\t\t\t<\/aside>\n\t\t\t\t<section class=\"elementor-section elementor-top-section elementor-element elementor-element-6fa4523 elementor-section-boxed elementor-section-height-default elementor-section-height-default\" data-id=\"6fa4523\" data-element_type=\"section\" data-e-type=\"section\">\n\t\t\t\t\t\t<div class=\"elementor-container elementor-column-gap-default\">\n\t\t\t\t\t<div class=\"elementor-column elementor-col-100 elementor-top-column elementor-element elementor-element-1269ce2\" data-id=\"1269ce2\" data-element_type=\"column\" data-e-type=\"column\">\n\t\t\t<div class=\"elementor-widget-wrap elementor-element-populated\">\n\t\t\t\t\t\t<div class=\"elementor-element elementor-element-1c93c8c elementor-widget elementor-widget-text-editor\" data-id=\"1c93c8c\" data-element_type=\"widget\" data-e-type=\"widget\" data-widget_type=\"text-editor.default\">\n\t\t\t\t\t\t\t\t\t<h3 style=\"text-align: left;\"><span style=\"font-family: Raleway; font-size: 24px; font-weight: normal;\">Le vieux Quimper : un voyage dans le temps<\/span><\/h3><p>Le c\u0153ur historique de Quimper, avec ses ruelles pav\u00e9es, ses demeures traditionnelles \u00e0 colombages, ses places vivantes et ses \u00e9difices embl\u00e9matiques, invite \u00e0 la d\u00e9couverte. Autour de la cath\u00e9drale, explorez le quartier abritant le palais des \u00e9v\u00eaques, l\u2019ancienne mairie, le mus\u00e9e d\u00e9partemental breton et la maison des Cariatides. Ne manquez pas le quartier de la place au Beurre, r\u00e9put\u00e9 pour ses cr\u00eaperies, sans oublier la fontaine de la place Saint-Corentin.<\/p><p>Le pont M\u00e9dard vous conduira de la ville \u00e9piscopale \u00e0 la ville ducale, o\u00f9 vous attendent les halles Saint-Fran\u00e7ois et l\u2019office de tourisme.<\/p><h3>Le Mus\u00e9e des Beaux-Arts : une collection riche et vari\u00e9e<\/h3><p>Face \u00e0 la cath\u00e9drale, l\u2019h\u00f4tel particulier du XIXe si\u00e8cle qui abrite le Mus\u00e9e des Beaux-Arts pr\u00e9sente une collection importante de peintures, sculptures, dessins et gravures, du XIVe si\u00e8cle \u00e0 l\u2019\u00e8re contemporaine.<\/p><p>Des \u0153uvres de ma\u00eetres italiens, flamands, hollandais, et de nombreux artistes fran\u00e7ais du XIXe si\u00e8cle y sont expos\u00e9es. Le mus\u00e9e met aussi en avant un fonds r\u00e9gional breton, avec des pi\u00e8ces de Gauguin, S\u00e9rusier, Maufra, Moret entre autres.<\/p><h3>Le quartier de Locmaria : berceau de la fa\u00efencerie quimp\u00e9roise<\/h3><p>Locmaria, quartier le plus ancien de Quimper, correspond au site initial de la ville \u00e0 l\u2019\u00e9poque gallo-romaine. Situ\u00e9 au sud du centre-ville, en bord de l\u2019Odet, il est domin\u00e9 par l\u2019\u00e9glise Notre-Dame, merveille de l\u2019art roman breton datant du XIIe si\u00e8cle.<\/p><p>Ce quartier est aussi reconnu pour le d\u00e9veloppement de la fa\u00efencerie quimp\u00e9roise d\u00e8s le XVIIIe si\u00e8cle. Le mus\u00e9e de la Fa\u00efence offre un aper\u00e7u de l\u2019histoire et des techniques de cet art tandis que la fa\u00efencerie HB Henriot permet d\u2019assister \u00e0 la cr\u00e9ation des c\u00e9l\u00e8bres pi\u00e8ces d\u00e9cor\u00e9es \u00e0 la main.<\/p><h2>Les secrets bien gard\u00e9s de Quimper<\/h2><p>D\u00e9couvrez Quimper sous un jour nouveau, loin des circuits touristiques habituels. Nous vous proposons une exploration de ses recoins insolites et charmants, souvent oubli\u00e9s par les guides traditionnels.<\/p><h3>Balade le long de l\u2019Odet : \u00e0 la d\u00e9couverte des coins cach\u00e9s<\/h3><p>L\u2019Odet, ce fleuve embl\u00e9matique qui traverse Quimper, offre bien plus que de simples promenades le long de ses quais. Pourquoi ne pas emprunter le chemin de halage au d\u00e9part du Port du Corniguel et vous laisser guider le long de la rive gauche jusqu\u2019aux captivantes gorges du Stangala ?<\/p><p>Cette balade vous permettra d\u2019appr\u00e9cier la nature intouch\u00e9e, d\u2019admirer ch\u00e2teaux et manoirs bordant l\u2019eau, tout en profitant d\u2019un moment de qui\u00e9tude et de fra\u00eecheur. Choisissez votre mode de d\u00e9couverte : \u00e0 pied, \u00e0 v\u00e9lo, ou pour les plus aventureux, en cano\u00eb ou en kayak.<\/p><h3>Le passage secret de l\u2019\u00e9p\u00e9e : une porte vers l\u2019histoire<\/h3><p>Le passage de l\u2019\u00e9p\u00e9e, discret lien entre la rue du Parc et la rue du Frout, tient son nom du Caf\u00e9 de l\u2019\u00c9p\u00e9e, demeure historique des XVIe si\u00e8cle. Ancienne voie pour le passage des cal\u00e8ches, cette ruelle a vu passer figures historiques et litt\u00e9raires telles que Cl\u00e9menceau, Flaubert ou De Gaulle.<\/p><p>De nos jours, le passage abrite boutiques d\u2019artisanat local et galeries d\u2019art, tout en conservant son charme historique.<\/p><h3>Le jardin de la Retraite : une oasis de paix en plein c\u0153ur de la ville<\/h3><p>Le jardin de la Retraite est plus qu\u2019un simple espace vert, c\u2019est un ensemble de trois jardins th\u00e9matiques interconnect\u00e9s, nich\u00e9 derri\u00e8re les remparts de l\u2019ancienne ville fortifi\u00e9e. Jadis appartenant aux chanoines de la cath\u00e9drale, ce lieu invite \u00e0 la d\u00e9couverte de collections v\u00e9g\u00e9tales exceptionnelles.<\/p><p>Plongez dans l\u2019univers du jardin subtropical, explorez la palmeraie et parcourez le jardin sec pour une immersion compl\u00e8te dans des \u00e9cosyst\u00e8mes exotiques, au c\u0153ur de Quimper.<\/p><h3>L\u2019ancienne Chapelle de la Providence : un tr\u00e9sor m\u00e9connu<\/h3><p>L\u2019ancienne Chapelle de la Providence, ayant suivi une histoire riche depuis son origine conventuelle jusqu\u2019\u00e0 son r\u00f4le actuel d\u2019espace \u00e9v\u00e9nementiel, se dresse comme un t\u00e9moignage du pass\u00e9 au milieu du parc de la Providence. Ses vitraux, son ch\u0153ur et sa vo\u00fbte parlent encore de son pass\u00e9 religieux.<\/p><p>Profitez d\u2019une vue magnifique sur l\u2019\u00e9crin de verdure du parc, un havre de paix en plein c\u0153ur de Quimper.<\/p><h2>Aux alentours de Quimper : \u00e0 ne pas manquer<\/h2><p>Visiter Quimper, avec son charme unique, sert de point de d\u00e9part parfait pour <a href=\"https:\/\/cparici.com\/visiter-le-finistere-guide-ultime-des-lieux-a-decouvrir\/\">explorer le Finist\u00e8re<\/a> et ses tr\u00e9sors. Voici un guide des lieux incontournables \u00e0 proximit\u00e9, qui r\u00e9v\u00e8lent la beaut\u00e9 des paysages et le riche patrimoine de la Bretagne.<\/p><h3>Locronan, un des plus beaux villages de France<\/h3><p><a href=\"https:\/\/cparici.com\/locronan-bretagne-guide-complet-du-village\/\">Locronan<\/a>, reconnu pour ses maisons traditionnelles en granit, sa place centrale pittoresque et son \u00e9glise gothique, figure parmi les plus beaux villages de France. Ce statut honore sa petite cit\u00e9 de caract\u00e8re et son importance historique.<\/p><p>Le village tire son nom de saint Ronan, moine irlandais du VIe si\u00e8cle, et a prosp\u00e9r\u00e9 gr\u00e2ce \u00e0 sa production de toiles \u00e0 voile, pris\u00e9es par la marine royale et les marchands. D\u00e9couvrez son pass\u00e9 \u00e0 travers le mus\u00e9e de la fa\u00efence, le mus\u00e9e des beaux-arts, ou en participant \u00e0 la Trom\u00e9nie, une procession religieuse unique, c\u00e9l\u00e9br\u00e9e tous les six ans.<\/p><h3>La Pointe du Raz : paysages sauvages et vue imprenable sur l\u2019oc\u00e9an<\/h3><p>La Pointe du Raz, un promontoire rocheux spectaculaire, offre des vues \u00e0 couper le souffle sur le Raz de Sein, connu pour ses conditions maritimes p\u00e9rilleuses. Admirez les phares embl\u00e9matiques de la Vieille et de T\u00e9vennec et explorez cette nature puissante, o\u00f9 dauphins et oiseaux marins font parfois leur apparition. Une croisi\u00e8re vers l\u2019\u00eele de Sein ajouterait une touche d\u2019authenticit\u00e9 \u00e0 votre aventure.<\/p><h3>Les gorges du Stangala : une randonn\u00e9e entre terre et eau<\/h3><p>Au nord-est de Quimper, les gorges du Stangala offrent un paysage exceptionnel fa\u00e7onn\u00e9 par l\u2019Odet. Une randonn\u00e9e le long de ce fleuve vous plongera dans un univers de tranquillit\u00e9, o\u00f9 la nature se m\u00eale \u00e0 l\u2019histoire \u00e0 travers les ch\u00e2teaux et manoirs qui jalonnent son parcours.<\/p><h3>Le petit port de Sainte-Marine : un havre de paix<\/h3><p>Face \u00e0 B\u00e9nodet, sur la rive droite de l\u2019Odet, le port de Sainte-Marine conjugue p\u00eache traditionnelle et plaisance dans un cadre authentique et charmant. D\u00e9couvrez sa chapelle, l\u2019Abri du Marin et ses mus\u00e9es, ou laissez-vous s\u00e9duire par les terrasses des caf\u00e9s et restaurants. Ne manquez pas le sentier c\u00f4tier menant \u00e0 la pointe de Combrit, offrant des vues magnifiques sur le phare de Sainte-Marine et l\u2019oc\u00e9an.<\/p><h2>Visiter Quimper \u2013 Conclusion<\/h2><p>Quimper, une ville riche en d\u00e9couvertes et en \u00e9motions, s\u2019ouvre \u00e0 tous les visiteurs. Que vous soyez passionn\u00e9 d\u2019art, d\u2019histoire, amoureux de la nature ou fin gourmet, Quimper vous invite \u00e0 explorer son h\u00e9ritage remarquable. Promenez-vous dans les ruelles de son vieux Quimper, admirez la majestueuse cath\u00e9drale Saint-Corentin, et explorez ses mus\u00e9es et fa\u00efenceries embl\u00e9matiques.<\/p><p>La ville cache \u00e9galement des tr\u00e9sors m\u00e9connus pr\u00eats \u00e0 \u00eatre d\u00e9couverts, tels que le mystique passage de l\u2019\u00e9p\u00e9e, le paisible jardin de la Retraite, et l\u2019ancienne Chapelle de la Providence. Quimper se r\u00e9v\u00e8le \u00eatre le point de d\u00e9part parfait pour des aventures aux alentours, permettant de visiter des lieux extraordinaires comme Locronan, <a href=\"https:\/\/loclilala.com\/fr\/les-glenan-guide-complet-pour-une-escapade-inoubliable\/\" target=\"_blank\" rel=\"noopener\">les Gl\u00e9nan<\/a>, <a href=\"https:\/\/loclilala.com\/fr\/visiter-concarneau-guide-des-meilleurs-sites-et-activites\/\" target=\"_blank\" rel=\"noopener\">la ville de Concarneau<\/a>, <a href=\"https:\/\/loclilala.com\/fr\/trevignon-pointe-de-trevignon-a-tregunc-en-finistere\/\" target=\"_blank\" rel=\"noopener\">la pointe de Tr\u00e9vignon<\/a>, la Pointe du Raz, les saisissantes gorges du Stangala, ou encore l\u2019accueillant port de Sainte-Marine.<\/p><p><a href=\"https:\/\/loclilala-vacances.com\/location-vacances-concarneau\/\" target=\"_blank\" rel=\"noopener\">N\u2019attendez plus pour explorer Quimper<\/a>, le c\u0153ur vibrant de la Cornouaille !<\/p><h2>FAQ<\/h2><h3>O\u00f9 se promener sur Quimper ?<\/h3><p>\u00c0 Quimper, diverses promenades s\u2019offrent \u00e0 vous, adapt\u00e9es \u00e0 chaque pr\u00e9f\u00e9rence personnelle. Voici quelques recommandations :<\/p><ul><li>Amateurs de <strong>patrimoine historique et culturel<\/strong> : explorez le Vieux Quimper avec ses ruelles pav\u00e9es, admirez la cath\u00e9drale Saint-Corentin, visitez le mus\u00e9e d\u00e9partemental breton ou d\u00e9couvrez le quartier de Locmaria c\u00e9l\u00e8bre pour ses fa\u00efenceries.<\/li><li>Pour ceux qui <strong>appr\u00e9cient la nature<\/strong> : les jardins de la Retraite offrent une magnifique vue panoramique sur la ville et de nombreuses randonn\u00e9es sont accessibles via le site [Komoot](https:\/\/bing.com\/search?q=O\u00f9+se+promener+sur+Quimper+%3f).<\/li><li>Passionn\u00e9s de <strong>gastronomie bretonne<\/strong> : ne manquez pas les halles Saint-Fran\u00e7ois pour go\u00fbter \u00e0 des sp\u00e9cialit\u00e9s locales telles que les cr\u00eapes, le cidre, le kouign-amann ou le far breton.<\/li><\/ul><h3>Comment visiter Quimper ?<\/h3><p>Visiter Quimper est un plaisir diversifi\u00e9 :<\/p><ul><li>D\u00e9ambulez dans le <strong>Vieux-Quimper<\/strong>, admirez la Cath\u00e9drale Saint-Corentin, explorez le Palais des \u00c9v\u00eaques et le Mus\u00e9e d\u00e9partemental Breton.<\/li><li>Go\u00fbtez aux d\u00e9lices bretons : cr\u00eapes et kouign-amann.<\/li><li>Visitez le jardin tropical de la Retraite, profitez d\u2019une exposition au Mus\u00e9e des Beaux-Arts ou, si vous \u00eates l\u00e0 en juillet, ne manquez pas le Festival de Cornouaille.<\/li><\/ul><h3>O\u00f9 faire la f\u00eate \u00e0 Quimper ?<\/h3><p>\u00c0 Quimper, la f\u00eate prend plusieurs formes :<\/p><ul><li>Bars \u00e0 ambiance musicale comme <em>Le Vin Dans les Voiles<\/em> ou <em>Art Zik Cafe<\/em>, ou pubs irlandais tels que <em>Irish Bar<\/em>.<\/li><li>Assistez \u00e0 des concerts et spectacles \u00e0 l\u2019<em>Irr\u00e9ductible festival<\/em> ou le <em>Cercle Eostiged Ar Stangala<\/em>.<\/li><li>C\u00e9l\u00e9brez le Nouvel An dans des lieux festifs comme <em>L\u2019Anatik<\/em> ou <em>Le Caf\u00e9 des Arts<\/em>.<\/li><\/ul><h3>Quel est le code postal de Quimper ?<\/h3><p>Le code postal de Quimper est <strong>29000<\/strong>. Il associe le code du Finist\u00e8re (<strong>29<\/strong>) \u00e0 l\u2019identifiant de bureau distributeur (<strong>000<\/strong>).<\/p>\t\t\t\t\t\t\t\t<\/div>\n\t\t\t\t\t<\/div>\n\t\t<\/div>\n\t\t\t\t\t<\/div>\n\t\t<\/section>\n\t\t<div class=\"elementor-element elementor-element-46eb8860 e-flex e-con-boxed e-con e-parent\" data-id=\"46eb8860\" data-element_type=\"container\" data-e-type=\"container\">\n\t\t\t\t\t<div class=\"e-con-inner\">\n\t\t<div class=\"elementor-element elementor-element-55f9ec79 e-con-full e-flex e-con e-child\" data-id=\"55f9ec79\" data-element_type=\"container\" data-e-type=\"container\">\n\t\t\t\t<div class=\"elementor-element elementor-element-221e5e3f elementor-widget elementor-widget-text-editor\" data-id=\"221e5e3f\" data-element_type=\"widget\" data-e-type=\"widget\" data-widget_type=\"text-editor.default\">\n\t\t\t\t\t\t\t\t\t<p>Cet article a \u00e9t\u00e9 r\u00e9dig\u00e9 par Alex Arts,\u00a0<a href=\"https:\/\/alexantoine-photos.weebly.com\/\" target=\"_blank\" rel=\"noopener\">photographe<\/a>,\u00a0<a href=\"https:\/\/www.linkedin.com\/in\/alex-b-arts\/\" target=\"_blank\" rel=\"noopener\">cr\u00e9ateur de contenu<\/a>, et guide local.<\/p>\t\t\t\t\t\t\t\t<\/div>\n\t\t\t\t<div class=\"elementor-element elementor-element-4bdfa876 elementor-widget elementor-widget-author-box\" data-id=\"4bdfa876\" data-element_type=\"widget\" data-e-type=\"widget\" data-widget_type=\"author-box.default\">\n\t\t\t\t\t\t\t<div class=\"elementor-author-box\">\n\t\t\t\t\t\t\t<a href=\"https:\/\/www.linkedin.com\/in\/alex-b-arts\/\" class=\"elementor-author-box__avatar\" target=\"_blank\" rel=\"noopener\">\n\t\t\t\t\t<img decoding=\"async\" src=\"https:\/\/cparici.com\/wp-content\/uploads\/2024\/09\/photo-alex-arts-300x300.jpeg\" alt=\"Image de Alex Arts\" loading=\"lazy\">\n\t\t\t\t<\/a>\n\t\t\t\n\t\t\t<div class=\"elementor-author-box__text\">\n\t\t\t\t\t\t\t\t\t<a href=\"https:\/\/www.linkedin.com\/in\/alex-b-arts\/\" target=\"_blank\" rel=\"noopener\">\n\t\t\t\t\t\t<h4 class=\"elementor-author-box__name\">\n\t\t\t\t\t\t\tAlex Arts\t\t\t\t\t\t<\/h4>\n\t\t\t\t\t<\/a>\n\t\t\t\t\n\t\t\t\t\t\t\t\t\t<div class=\"elementor-author-box__bio\">\n\t\t\t\t\t\t<p>Photographe, cr\u00e9ateur de contenu et local guide<\/p>\n\t\t\t\t\t<\/div>\n\t\t\t\t\n\t\t\t\t\t\t\t<\/div>\n\t\t<\/div>\n\t\t\t\t\t\t<\/div>\n\t\t\t\t<\/div>\n\t\t\t\t\t<\/div>\n\t\t\t\t<\/div>\n\t\t<div class=\"elementor-element elementor-element-5416383 e-flex e-con-boxed e-con e-parent\" data-id=\"5416383\" data-element_type=\"container\" data-e-type=\"container\">\n\t\t\t\t\t<div class=\"e-con-inner\">\n\t\t\t\t<div class=\"elementor-element elementor-element-d4b3346 elementor-widget elementor-widget-text-editor\" data-id=\"d4b3346\" data-element_type=\"widget\" data-e-type=\"widget\" data-widget_type=\"text-editor.default\">\n\t\t\t\t\t\t\t\t\t<h3>Articles similaires<\/h3>\t\t\t\t\t\t\t\t<\/div>\n\t\t\t\t\t<\/div>\n\t\t\t\t<\/div>\n\t\t<div class=\"elementor-element elementor-element-93435fd e-flex e-con-boxed e-con e-parent\" data-id=\"93435fd\" data-element_type=\"container\" data-e-type=\"container\">\n\t\t\t\t\t<div class=\"e-con-inner\">\n\t\t\t\t<div class=\"elementor-element elementor-element-3e353ae elementor-widget elementor-widget-listeo-posts-grid\" data-id=\"3e353ae\" data-element_type=\"widget\" data-e-type=\"widget\" data-widget_type=\"listeo-posts-grid.default\">\n\t\t\t\t<div class=\"elementor-widget-container\">\n\t\t\t\t\t\t\t\n\t\t<div class=\"listeo-post-grid-wrapper\">\n\t\t\t<div class=\"row\">\n\n\t\t\t\n\n\t\t\t\t\t\t\t<div class=\"col-md-4\">\n                <a href=\"https:\/\/cparici.com\/fr\/carnac-plage\/\" class=\"blog-compact-item-container\">\n                    <div class=\"blog-compact-item\">\n                        <img decoding=\"async\" width=\"577\" height=\"242\" src=\"https:\/\/cparici.com\/wp-content\/uploads\/2024\/05\/carnac-plage.jpg\" class=\"attachment-listeo-blog-related-post size-listeo-blog-related-post wp-post-image\" alt=\"carnac plage\" srcset=\"https:\/\/cparici.com\/wp-content\/uploads\/2024\/05\/carnac-plage.jpg 1500w, https:\/\/cparici.com\/wp-content\/uploads\/2024\/05\/carnac-plage-600x252.jpg 600w, https:\/\/cparici.com\/wp-content\/uploads\/2024\/05\/carnac-plage-300x126.jpg 300w, https:\/\/cparici.com\/wp-content\/uploads\/2024\/05\/carnac-plage-1024x429.jpg 1024w, https:\/\/cparici.com\/wp-content\/uploads\/2024\/05\/carnac-plage-768x322.jpg 768w\" sizes=\"(max-width: 577px) 100vw, 577px\" \/><span class=\"blog-item-tag\">Bretagne<\/span>                        \n                        <div class=\"blog-compact-item-content\">\n                                                        <h3>Carnac Plage \u2013 des plages de sable fin<\/h3>\n                                                        <p>Carnac Plage : 5 plages de r\u00eave pour des vacances inoubliables en Bretagne ! D\u00e9couvrez...                            <\/p>\n                                                    <\/div>\n                    <\/div>\n                <\/a>\n            <\/div>\n\t\t\t<div class=\"col-md-4\">\n                <a href=\"https:\/\/cparici.com\/fr\/pointe-de-mousterlin\/\" class=\"blog-compact-item-container\">\n                    <div class=\"blog-compact-item\">\n                        <img decoding=\"async\" width=\"577\" height=\"182\" src=\"https:\/\/cparici.com\/wp-content\/uploads\/2024\/05\/pointe-de-mousterlin.jpg\" class=\"attachment-listeo-blog-related-post size-listeo-blog-related-post wp-post-image\" alt=\"pointe de mousterlin\" srcset=\"https:\/\/cparici.com\/wp-content\/uploads\/2024\/05\/pointe-de-mousterlin.jpg 1500w, https:\/\/cparici.com\/wp-content\/uploads\/2024\/05\/pointe-de-mousterlin-600x189.jpg 600w, https:\/\/cparici.com\/wp-content\/uploads\/2024\/05\/pointe-de-mousterlin-300x95.jpg 300w, https:\/\/cparici.com\/wp-content\/uploads\/2024\/05\/pointe-de-mousterlin-1024x323.jpg 1024w, https:\/\/cparici.com\/wp-content\/uploads\/2024\/05\/pointe-de-mousterlin-768x242.jpg 768w\" sizes=\"(max-width: 577px) 100vw, 577px\" \/><span class=\"blog-item-tag\">Bretagne<\/span>                        \n                        <div class=\"blog-compact-item-content\">\n                                                        <h3>Pointe de Mousterlin<\/h3>\n                                                        <p>Pointe de Mousterlin : Presqu'\u00eele sauvage en Bretagne Sud. Plages, randonn\u00e9es, nature, camping....                            <\/p>\n                                                    <\/div>\n                    <\/div>\n                <\/a>\n            <\/div>\n\t\t\t<div class=\"col-md-4\">\n                <a href=\"https:\/\/cparici.com\/fr\/nevez\/\" class=\"blog-compact-item-container\">\n                    <div class=\"blog-compact-item\">\n                        <img decoding=\"async\" width=\"577\" height=\"160\" src=\"https:\/\/cparici.com\/wp-content\/uploads\/2022\/09\/plage-de-port-manech-a-nevez-en-finistere-banniere.jpg\" class=\"attachment-listeo-blog-related-post size-listeo-blog-related-post wp-post-image\" alt=\"plage de port manech a n\u00e9vez en finist\u00e8re\" srcset=\"https:\/\/cparici.com\/wp-content\/uploads\/2022\/09\/plage-de-port-manech-a-nevez-en-finistere-banniere.jpg 1520w, https:\/\/cparici.com\/wp-content\/uploads\/2022\/09\/plage-de-port-manech-a-nevez-en-finistere-banniere-600x166.jpg 600w, https:\/\/cparici.com\/wp-content\/uploads\/2022\/09\/plage-de-port-manech-a-nevez-en-finistere-banniere-768x212.jpg 768w\" sizes=\"(max-width: 577px) 100vw, 577px\" \/><span class=\"blog-item-tag\">Bretagne<\/span>                        \n                        <div class=\"blog-compact-item-content\">\n                                                        <h3>Bretagne, Nevez \u2013 guide complet pour des vacances r\u00e9ussies<\/h3>\n                                                        <p>Envie de changer d'air ? Partez \u00e0 la d\u00e9couverte de Bretagne Nevez, un lieu magique...                            <\/p>\n                                                    <\/div>\n                    <\/div>\n                <\/a>\n            <\/div>\n  <\/div>\n        <\/div>\n        \t\t\t\t<\/div>\n\t\t\t\t<\/div>\n\t\t\t\t\t<\/div>\n\t\t\t\t<\/div>\n\t\t\t\t<\/div>\n\t\t","protected":false},"excerpt":{"rendered":"<p>Quimper, une ville pleine de charme et d&#8217;histoire. Suivez notre article pour visiter Quimper et ses lieux incontournables et secrets.<\/p>\n","protected":false},"author":1,"featured_media":17101,"comment_status":"closed","ping_status":"open","sticky":false,"template":"","format":"standard","meta":{"ngg_post_thumbnail":0,"footnotes":""},"categories":[477,478,479,540],"tags":[],"class_list":["post-17099","post","type-post","status-publish","format-standard","has-post-thumbnail","hentry","category-france","category-bretagne","category-finistere","category-quimper"],"_links":{"self":[{"href":"https:\/\/cparici.com\/fr\/wp-json\/wp\/v2\/posts\/17099","targetHints":{"allow":["GET"]}}],"collection":[{"href":"https:\/\/cparici.com\/fr\/wp-json\/wp\/v2\/posts"}],"about":[{"href":"https:\/\/cparici.com\/fr\/wp-json\/wp\/v2\/types\/post"}],"author":[{"embeddable":true,"href":"https:\/\/cparici.com\/fr\/wp-json\/wp\/v2\/users\/1"}],"replies":[{"embeddable":true,"href":"https:\/\/cparici.com\/fr\/wp-json\/wp\/v2\/comments?post=17099"}],"version-history":[{"count":0,"href":"https:\/\/cparici.com\/fr\/wp-json\/wp\/v2\/posts\/17099\/revisions"}],"wp:featuredmedia":[{"embeddable":true,"href":"https:\/\/cparici.com\/fr\/wp-json\/wp\/v2\/media\/17101"}],"wp:attachment":[{"href":"https:\/\/cparici.com\/fr\/wp-json\/wp\/v2\/media?parent=17099"}],"wp:term":[{"taxonomy":"category","embeddable":true,"href":"https:\/\/cparici.com\/fr\/wp-json\/wp\/v2\/categories?post=17099"},{"taxonomy":"post_tag","embeddable":true,"href":"https:\/\/cparici.com\/fr\/wp-json\/wp\/v2\/tags?post=17099"}],"curies":[{"name":"wp","href":"https:\/\/api.w.org\/{rel}","templated":true}]}}