{"id":17643,"date":"2024-05-13T21:05:57","date_gmt":"2024-05-13T19:05:57","guid":{"rendered":"https:\/\/cparici.com\/?p=17643"},"modified":"2025-03-23T19:46:37","modified_gmt":"2025-03-23T18:46:37","slug":"reserve-ornithologique-du-teich","status":"publish","type":"post","link":"https:\/\/cparici.com\/fr\/reserve-ornithologique-du-teich\/","title":{"rendered":"R\u00e9serve Ornithologique du Teich &#8211; sanctuaire de la nature"},"content":{"rendered":"\t\t<div data-elementor-type=\"wp-post\" data-elementor-id=\"17643\" class=\"elementor elementor-17643\" data-elementor-post-type=\"post\">\n\t\t\t\t<div class=\"elementor-element elementor-element-025c189 e-flex e-con-boxed e-con e-parent\" data-id=\"025c189\" data-element_type=\"container\" data-e-type=\"container\">\n\t\t\t\t\t<div class=\"e-con-inner\">\n\t\t\t\t<div class=\"elementor-element elementor-element-8cf9036 elementor-widget elementor-widget-image\" data-id=\"8cf9036\" data-element_type=\"widget\" data-e-type=\"widget\" data-widget_type=\"image.default\">\n\t\t\t\t\t\t\t\t\t\t\t\t\t\t\t<img decoding=\"async\" width=\"1600\" height=\"503\" src=\"https:\/\/cparici.com\/wp-content\/uploads\/2024\/05\/reserve-ornithologique-du-Teich.jpg\" class=\"attachment-full size-full wp-image-17644\" alt=\"r\u00e9serve ornithologique du Teich\" srcset=\"https:\/\/cparici.com\/wp-content\/uploads\/2024\/05\/reserve-ornithologique-du-Teich.jpg 1600w, https:\/\/cparici.com\/wp-content\/uploads\/2024\/05\/reserve-ornithologique-du-Teich-600x189.jpg 600w, https:\/\/cparici.com\/wp-content\/uploads\/2024\/05\/reserve-ornithologique-du-Teich-300x94.jpg 300w, https:\/\/cparici.com\/wp-content\/uploads\/2024\/05\/reserve-ornithologique-du-Teich-1024x322.jpg 1024w, https:\/\/cparici.com\/wp-content\/uploads\/2024\/05\/reserve-ornithologique-du-Teich-768x241.jpg 768w, https:\/\/cparici.com\/wp-content\/uploads\/2024\/05\/reserve-ornithologique-du-Teich-1536x483.jpg 1536w\" sizes=\"(max-width: 1600px) 100vw, 1600px\" \/>\t\t\t\t\t\t\t\t\t\t\t\t\t\t\t<\/div>\n\t\t\t\t\t<\/div>\n\t\t\t\t<\/div>\n\t\t<div class=\"elementor-element elementor-element-755e9ea1 e-flex e-con-boxed e-con e-parent\" data-id=\"755e9ea1\" data-element_type=\"container\" data-e-type=\"container\">\n\t\t\t\t\t<div class=\"e-con-inner\">\n\t\t\t\t<div class=\"elementor-element elementor-element-6e1b31d3 elementor-widget elementor-widget-text-editor\" data-id=\"6e1b31d3\" data-element_type=\"widget\" data-e-type=\"widget\" data-widget_type=\"text-editor.default\">\n\t\t\t\t\t\t\t\t\t<div class=\"markdown markdown-main-panel\" dir=\"ltr\"><h1 style=\"text-align: center;\" data-sourcepos=\"1:1-1:96\"><span style=\"font-size: 18pt;\"><strong>R\u00e9serve Ornithologique du Teich : Un sanctuaire pour les oiseaux et les amoureux de la nature<\/strong><\/span><\/h1><h3 data-sourcepos=\"3:1-3:15\">Description<\/h3><p data-sourcepos=\"5:1-5:296\">Situ\u00e9e \u00e0 l&#8217;est du <a href=\"https:\/\/cparici.com\/fr\/bassin-darcachon-decouvrez-ses-secrets\/\">Bassin d&#8217;Arcachon<\/a>, <strong>la R\u00e9serve Ornithologique du Teich est un v\u00e9ritable havre de paix pour les oiseaux et les amoureux de la nature<\/strong>. S&#8217;\u00e9tendant sur 110 hectares de marais, de pr\u00e9s sal\u00e9s et de bois, elle offre un refuge \u00e0 plus de 320 esp\u00e8ces d&#8217;oiseaux, dont 80 nichent sur place.<\/p><p data-sourcepos=\"7:1-7:215\">Labellis\u00e9e &#8220;R\u00e9serve Naturelle Nationale&#8221; et &#8220;Zone Natura 2000&#8221;, la R\u00e9serve Ornithologique du Teich joue un r\u00f4le crucial dans la protection de la biodiversit\u00e9 et sensibilise le public \u00e0 la fragilit\u00e9 des \u00e9cosyst\u00e8mes.<\/p><h3 data-sourcepos=\"9:1-9:26\">Informations pratiques<\/h3><p data-sourcepos=\"11:1-11:23\"><strong>Comment s&#8217;y rendre:<\/strong><\/p><ul data-sourcepos=\"13:1-16:0\"><li data-sourcepos=\"13:1-13:152\">En voiture : La R\u00e9serve\u00a0 est facilement accessible par l&#8217;autoroute A63, sortie n\u00b07. Un parking payant est disponible sur place.<\/li><li data-sourcepos=\"14:1-14:100\">En bus : Des navettes relient la gare de La Teste-de-Buch \u00e0 la R\u00e9serve pendant la saison estivale.<\/li><li data-sourcepos=\"15:1-16:0\">En v\u00e9lo : La piste cyclable &#8220;V\u00e9lo-Oc\u00e9anes&#8221; passe \u00e0 proximit\u00e9 de la R\u00e9serve.<\/li><\/ul><p data-sourcepos=\"17:1-17:25\"><strong>Horaires d&#8217;ouverture:<\/strong><\/p><ul data-sourcepos=\"19:1-21:0\"><li data-sourcepos=\"19:1-19:72\">La R\u00e9serve est ouverte tous les jours de l&#8217;ann\u00e9e, sauf le 25 d\u00e9cembre.<\/li><li data-sourcepos=\"20:1-21:0\">Les horaires d&#8217;ouverture varient en fonction de la saison. Consultez le site web de la R\u00e9serve pour plus d&#8217;informations.<\/li><\/ul><p data-sourcepos=\"22:1-22:11\"><strong>Tarifs:<\/strong><\/p><ul data-sourcepos=\"24:1-27:0\"><li data-sourcepos=\"24:1-24:22\">Plein tarif : 9,20 \u20ac<\/li><li data-sourcepos=\"25:1-25:78\">Tarif r\u00e9duit : 7 \u20ac (enfants de 5 \u00e0 14 ans, \u00e9tudiants, personnes handicap\u00e9es)<\/li><li data-sourcepos=\"26:1-27:0\">Gratuit : moins de 5 ans<\/li><\/ul><p data-sourcepos=\"28:1-28:14\"><strong>Que faire:<\/strong><\/p><ul data-sourcepos=\"30:1-34:0\"><li data-sourcepos=\"30:1-30:129\">Le parc nature propose deux sentiers de randonn\u00e9e p\u00e9destre : un parcours de 6 km et un parcours de 2,5 km.<\/li><li data-sourcepos=\"31:1-31:137\">Des observatoires ornithologiques sont install\u00e9s tout au long des sentiers, permettant d&#8217;observer les oiseaux dans leur milieu naturel.<\/li><li data-sourcepos=\"32:1-32:136\">Des expositions et des animations p\u00e9dagogiques sont organis\u00e9es r\u00e9guli\u00e8rement pour sensibiliser le public \u00e0 la protection de la nature.<\/li><li data-sourcepos=\"33:1-34:0\">Un centre d&#8217;information et une boutique sont \u00e9galement \u00e0 votre disposition.<\/li><\/ul><h3 data-sourcepos=\"35:1-35:53\">Les oiseaux de la R\u00e9serve Ornithologique du Teich<\/h3><p data-sourcepos=\"37:1-37:78\">La R\u00e9serve abrite une grande vari\u00e9t\u00e9 d&#8217;oiseaux, dont :<\/p><ul data-sourcepos=\"39:1-42:0\"><li data-sourcepos=\"39:1-39:105\">Des oiseaux migrateurs : flamants roses, aigrettes cendr\u00e9es, grues cendr\u00e9es, b\u00e9casseaux, hirondelles&#8230;<\/li><li data-sourcepos=\"40:1-40:100\">Des oiseaux hivernants : sarcelles d&#8217;hiver, canards colverts, tadornes de Belon, barges rousses&#8230;<\/li><li data-sourcepos=\"41:1-42:0\">Des oiseaux s\u00e9dentaires : h\u00e9rons cendr\u00e9s, cormorans noirs, pies bavardes, grives grises&#8230;<\/li><\/ul><h3 data-sourcepos=\"43:1-43:59\">Les habitats de la R\u00e9serve Ornithologique du Teich<\/h3><p data-sourcepos=\"45:1-45:114\">La R\u00e9serve Ornithologique du Teich offre une diversit\u00e9 d&#8217;habitats propices \u00e0 l&#8217;observation des oiseaux, tels que :<\/p><ul data-sourcepos=\"47:1-50:0\"><li data-sourcepos=\"47:1-47:168\">Des marais salants : ces zones humides accueillent une grande vari\u00e9t\u00e9 d&#8217;oiseaux aquatiques, tels que les flamants roses, les aigrettes cendr\u00e9es et les h\u00e9rons cendr\u00e9s.<\/li><li data-sourcepos=\"48:1-48:140\">Des pr\u00e9s sal\u00e9s : ces prairies inondables lors des grandes mar\u00e9es sont un lieu de nourriture privil\u00e9gi\u00e9 pour les canards et les \u00e9chassiers.<\/li><li data-sourcepos=\"49:1-50:0\">Des bois : ces espaces bois\u00e9s abritent des oiseaux forestiers, tels que les pies bavardes, les grives grises et les m\u00e9sanges bleues.<\/li><\/ul><h3 data-sourcepos=\"51:1-51:72\">Les actions de protection de la R\u00e9serve Ornithologique du Teich<\/h3><p data-sourcepos=\"53:1-53:149\">Le parc m\u00e8ne de nombreuses actions pour prot\u00e9ger la biodiversit\u00e9 et sensibiliser le public \u00e0 l&#8217;environnement, telles que :<\/p><ul data-sourcepos=\"55:1-58:0\"><li data-sourcepos=\"55:1-55:126\">La gestion des habitats : la R\u00e9serve veille \u00e0 pr\u00e9server la qualit\u00e9 des habitats naturels et \u00e0 restaurer les zones d\u00e9grad\u00e9es.<\/li><li data-sourcepos=\"56:1-56:197\">La surveillance des populations d&#8217;oiseaux : la R\u00e9serve effectue des suivis r\u00e9guliers des populations d&#8217;oiseaux pour mieux comprendre leur \u00e9volution et identifier les menaces qui p\u00e8sent sur elles.<\/li><li data-sourcepos=\"57:1-58:0\">La sensibilisation du public : la R\u00e9serve propose des animations p\u00e9dagogiques et des expositions pour sensibiliser le public \u00e0 la protection de la nature et \u00e0 l&#8217;importance des zones humides.<\/li><\/ul><h3 data-sourcepos=\"59:1-59:7\">FAQ<\/h3><p data-sourcepos=\"61:1-61:85\"><strong>Quelle est la meilleure p\u00e9riode pour visiter la R\u00e9serve ?<\/strong><\/p><p data-sourcepos=\"63:1-63:160\">La meilleure p\u00e9riode pour visiter la R\u00e9serve Ornithologique du Teich est de mars \u00e0 mai ou de septembre \u00e0 novembre, lorsque les oiseaux migrateurs sont pr\u00e9sents.<\/p><p data-sourcepos=\"65:1-65:73\"><strong>Peut-on visiter la R\u00e9serve Ornithologique du Teich avec des enfants ?<\/strong><\/p><p data-sourcepos=\"67:1-67:163\">Oui, la R\u00e9serve Ornithologique du Teich est <a href=\"https:\/\/www.reserve-ornithologique-du-teich.com\/\" target=\"_blank\" rel=\"noopener\">un lieu id\u00e9al pour une sortie en famille<\/a>. Des sentiers p\u00e9destres accessibles aux enfants et des animations p\u00e9dagogiques<\/p><\/div>\t\t\t\t\t\t\t\t<\/div>\n\t\t\t\t\t<\/div>\n\t\t\t\t<\/div>\n\t\t\t\t<\/div>\n\t\t","protected":false},"excerpt":{"rendered":"<p>Explorez la R\u00e9serve Ornithologique du Teich, un sanctuaire pour les oiseaux et les amoureux de la nature ! D\u00e9couvrez une faune et une flore exceptionnelles<\/p>\n","protected":false},"author":1,"featured_media":17644,"comment_status":"closed","ping_status":"open","sticky":false,"template":"elementor_header_footer","format":"standard","meta":{"ngg_post_thumbnail":0,"footnotes":""},"categories":[170,699,477,484,483],"tags":[],"class_list":["post-17643","post","type-post","status-publish","format-standard","has-post-thumbnail","hentry","category-parcs-nature","category-bassin-darcachon","category-france","category-gironde","category-nouvelle-aquitaine"],"_links":{"self":[{"href":"https:\/\/cparici.com\/fr\/wp-json\/wp\/v2\/posts\/17643","targetHints":{"allow":["GET"]}}],"collection":[{"href":"https:\/\/cparici.com\/fr\/wp-json\/wp\/v2\/posts"}],"about":[{"href":"https:\/\/cparici.com\/fr\/wp-json\/wp\/v2\/types\/post"}],"author":[{"embeddable":true,"href":"https:\/\/cparici.com\/fr\/wp-json\/wp\/v2\/users\/1"}],"replies":[{"embeddable":true,"href":"https:\/\/cparici.com\/fr\/wp-json\/wp\/v2\/comments?post=17643"}],"version-history":[{"count":0,"href":"https:\/\/cparici.com\/fr\/wp-json\/wp\/v2\/posts\/17643\/revisions"}],"wp:featuredmedia":[{"embeddable":true,"href":"https:\/\/cparici.com\/fr\/wp-json\/wp\/v2\/media\/17644"}],"wp:attachment":[{"href":"https:\/\/cparici.com\/fr\/wp-json\/wp\/v2\/media?parent=17643"}],"wp:term":[{"taxonomy":"category","embeddable":true,"href":"https:\/\/cparici.com\/fr\/wp-json\/wp\/v2\/categories?post=17643"},{"taxonomy":"post_tag","embeddable":true,"href":"https:\/\/cparici.com\/fr\/wp-json\/wp\/v2\/tags?post=17643"}],"curies":[{"name":"wp","href":"https:\/\/api.w.org\/{rel}","templated":true}]}}