{"id":17804,"date":"2024-05-17T11:20:53","date_gmt":"2024-05-17T09:20:53","guid":{"rendered":"https:\/\/cparici.com\/?p=17804"},"modified":"2025-03-23T20:02:22","modified_gmt":"2025-03-23T19:02:22","slug":"abbaye-royale-de-saint-jean-dangely","status":"publish","type":"post","link":"https:\/\/cparici.com\/fr\/abbaye-royale-de-saint-jean-dangely\/","title":{"rendered":"Abbaye royale de Saint Jean d&#8217;Angely"},"content":{"rendered":"\t\t<div data-elementor-type=\"wp-post\" data-elementor-id=\"17804\" class=\"elementor elementor-17804\" data-elementor-post-type=\"post\">\n\t\t\t\t<div class=\"elementor-element elementor-element-87201f9 e-flex e-con-boxed e-con e-parent\" data-id=\"87201f9\" data-element_type=\"container\" data-e-type=\"container\">\n\t\t\t\t\t<div class=\"e-con-inner\">\n\t\t\t\t<div class=\"elementor-element elementor-element-b7eb963 elementor-widget elementor-widget-image\" data-id=\"b7eb963\" data-element_type=\"widget\" data-e-type=\"widget\" data-widget_type=\"image.default\">\n\t\t\t\t\t\t\t\t\t\t\t\t\t\t\t<img decoding=\"async\" width=\"1500\" height=\"557\" src=\"https:\/\/cparici.com\/wp-content\/uploads\/2024\/05\/abbaye-royale-de-saint-jean-dangely.jpg\" class=\"attachment-full size-full wp-image-17806\" alt=\"abbaye royale de saint jean d&#039;angely\" srcset=\"https:\/\/cparici.com\/wp-content\/uploads\/2024\/05\/abbaye-royale-de-saint-jean-dangely.jpg 1500w, https:\/\/cparici.com\/wp-content\/uploads\/2024\/05\/abbaye-royale-de-saint-jean-dangely-600x223.jpg 600w, https:\/\/cparici.com\/wp-content\/uploads\/2024\/05\/abbaye-royale-de-saint-jean-dangely-300x111.jpg 300w, https:\/\/cparici.com\/wp-content\/uploads\/2024\/05\/abbaye-royale-de-saint-jean-dangely-1024x380.jpg 1024w, https:\/\/cparici.com\/wp-content\/uploads\/2024\/05\/abbaye-royale-de-saint-jean-dangely-768x285.jpg 768w\" sizes=\"(max-width: 1500px) 100vw, 1500px\" \/>\t\t\t\t\t\t\t\t\t\t\t\t\t\t\t<\/div>\n\t\t\t\t\t<\/div>\n\t\t\t\t<\/div>\n\t\t<div class=\"elementor-element elementor-element-175b383 e-flex e-con-boxed e-con e-parent\" data-id=\"175b383\" data-element_type=\"container\" data-e-type=\"container\">\n\t\t\t\t\t<div class=\"e-con-inner\">\n\t\t\t\t<div class=\"elementor-element elementor-element-1b855261 elementor-widget elementor-widget-text-editor\" data-id=\"1b855261\" data-element_type=\"widget\" data-e-type=\"widget\" data-widget_type=\"text-editor.default\">\n\t\t\t\t\t\t\t\t\t<div class=\"markdown markdown-main-panel\" dir=\"ltr\"><h1 style=\"text-align: center;\" data-sourcepos=\"1:1-1:104\"><span style=\"font-size: 18pt;\">Abbaye Royale de Saint-Jean-d&#8217;Ang\u00e9ly<\/span><\/h1><h2 class=\"\" data-sourcepos=\"1:1-1:104\"><span style=\"font-size: 14pt;\">D\u00e9couverte de l&#8217;Abbaye Royale de Saint-Jean-d&#8217;Ang\u00e9ly : Un joyau architectural et historique au c\u0153ur de la Saintonge<\/span><\/h2><h3 data-sourcepos=\"3:1-3:48\"><strong>Un sanctuaire mill\u00e9naire au riche pass\u00e9<\/strong><\/h3><p data-sourcepos=\"5:1-5:344\">Situ\u00e9e dans la charmante ville de <a href=\"https:\/\/cparici.com\/fr\/saint-jean-dangely-guide-pratique\/\">Saint-Jean-d&#8217;Ang\u00e9ly<\/a> en Charente-Maritime, <strong>l&#8217;Abbaye Royale est consid\u00e9r\u00e9e comme un t\u00e9moignage exceptionnel de l&#8217;histoire religieuse et architecturale de la France<\/strong>. Fond\u00e9e en 817 par P\u00e9pin Ier d&#8217;Aquitaine, elle a connu une existence mouvement\u00e9e, rythm\u00e9e par des p\u00e9riodes de splendeur et de destruction. Mais malgr\u00e9 les vicissitudes du temps, l&#8217;Abbaye Royale conserve aujourd&#8217;hui son aura majestueuse et invite \u00e0 un voyage fascinant \u00e0 travers les si\u00e8cles.<\/p><h3 data-sourcepos=\"7:1-7:50\"><strong>Une architecture grandiose et harmonieuse<\/strong><\/h3><p data-sourcepos=\"9:1-9:358\">De l&#8217;\u00e9difice d&#8217;origine, il ne subsiste que les <strong>vestiges de l&#8217;\u00e9glise abbatiale, dont les imposantes tours jumelles dominent le paysage.<\/strong> Reconstruite aux XVIIe et XVIIIe si\u00e8cles dans un style classique \u00e9l\u00e9gant, l&#8217;Abbaye Royale d\u00e9voile des fa\u00e7ades harmonieuses et une cour int\u00e9rieure paisible. L&#8217;\u00e9glise abbatiale, v\u00e9ritable joyau architectural, se distingue par sa nef vo\u00fbt\u00e9e en berceau, ses chapiteaux corinthiens finement sculpt\u00e9s et ses vitraux color\u00e9s.<\/p><h3 data-sourcepos=\"9:1-9:358\"><strong>Un parcours historique captivant<\/strong><\/h3><p data-sourcepos=\"13:1-13:571\">Au fil des si\u00e8cles, l&#8217;Abbaye Royale a jou\u00e9 un r\u00f4le de premier plan dans la vie de la r\u00e9gion. <strong>Lieu de p\u00e8lerinage important<\/strong> gr\u00e2ce \u00e0 la relique du cr\u00e2ne de Saint Jean-Baptiste, elle a \u00e9galement \u00e9t\u00e9 un centre intellectuel et \u00e9conomique rayonnant. L&#8217;abbaye a connu son apog\u00e9e au XIe si\u00e8cle, avant d&#8217;\u00eatre saccag\u00e9e pendant la Guerre de Cent Ans. <strong>Reconstruite et fortifi\u00e9e, elle a ensuite \u00e9t\u00e9 pill\u00e9e par les Huguenots au XVIe si\u00e8cle<\/strong>. Malgr\u00e9 ces \u00e9preuves, l&#8217;Abbaye Royale a su rena\u00eetre de ses cendres et t\u00e9moigne aujourd&#8217;hui de la r\u00e9silience de la foi et de l&#8217;ing\u00e9niosit\u00e9 humaine.<\/p><h3 data-sourcepos=\"15:1-15:37\"><strong>Un centre culturel dynamique<\/strong><\/h3><p data-sourcepos=\"17:1-17:165\">Depuis la R\u00e9volution fran\u00e7aise, l&#8217;Abbaye Royale a connu diverses affectations, notamment comme coll\u00e8ge et h\u00f4pital. Aujourd&#8217;hui, elle est un centre culturel dynamique qui accueille de nombreuses manifestations : expositions, concerts, conf\u00e9rences, spectacles&#8230; L&#8217;abbaye abrite \u00e9galement la m\u00e9diath\u00e8que municipale, l&#8217;\u00e9cole de musique et un centre d&#8217;art contemporain.<\/p><h2 data-sourcepos=\"19:1-19:31\"><span style=\"font-size: 18pt;\"><strong>Informations pratiques<\/strong><\/span><\/h2><ul data-sourcepos=\"21:1-30:27\"><li data-sourcepos=\"21:1-21:59\"><strong>Adresse:<\/strong> Place de l&#8217;Abbaye, 17800 Saint-Jean-d&#8217;Ang\u00e9ly<\/li><li data-sourcepos=\"22:1-24:29\"><strong>Horaires d&#8217;ouverture:<\/strong><br \/><ul data-sourcepos=\"23:5-24:29\"><li data-sourcepos=\"23:5-23:57\">Du mardi au samedi : de 10h \u00e0 12h30 et de 14h \u00e0 18h<\/li><li data-sourcepos=\"24:5-24:29\">Dimanche : de 14h \u00e0 18h<\/li><\/ul><\/li><li data-sourcepos=\"25:1-28:31\"><strong>Tarifs:<\/strong><br \/><ul data-sourcepos=\"26:5-28:31\"><li data-sourcepos=\"26:5-26:22\">Plein tarif : 6\u20ac<\/li><li data-sourcepos=\"27:5-27:76\">Tarif r\u00e9duit : 4\u20ac (enfants de 10 \u00e0 18 ans, \u00e9tudiants, personnes \u00e2g\u00e9es)<\/li><li data-sourcepos=\"28:5-28:31\">Gratuit : moins de 10 ans<\/li><\/ul><\/li><li data-sourcepos=\"29:1-29:166\"><strong>Site web:<\/strong> <a class=\"traceable-link\" href=\"https:\/\/fr.wikipedia.org\/wiki\/Abbaye_royale_de_Saint-Jean-d%27Ang%C3%A9ly\" target=\"_blank\" rel=\"noopener noreferrer\">https:\/\/fr.wikipedia.org\/wiki\/Abbaye_royale_de_Saint-Jean-d%27Ang%C3%A9ly<\/a><\/li><li data-sourcepos=\"30:1-30:27\"><strong>Contact:<\/strong> T\u00e9l. +33 5 46 46 49 54<\/li><\/ul><h2 data-sourcepos=\"32:1-32:12\"><strong>FAQ<\/strong><\/h2><h3 data-sourcepos=\"34:1-34:79\"><strong>Q : Quels sont les points forts de l&#8217;Abbaye Royale de Saint Jean d&#8217;Angely ?<\/strong><\/h3><ul data-sourcepos=\"36:1-40:0\"><li data-sourcepos=\"36:1-36:43\">Son architecture grandiose et harmonieuse<\/li><li data-sourcepos=\"37:1-37:35\">Son histoire riche et mouvement\u00e9e<\/li><li data-sourcepos=\"38:1-38:39\">Son r\u00f4le de centre culturel dynamique<\/li><li data-sourcepos=\"39:1-40:0\">La beaut\u00e9 de son cadre naturel<\/li><\/ul><h3 data-sourcepos=\"41:1-41:68\"><strong>Q : Que peut-on faire \u00e0 l&#8217;Abbaye Royale de Saint-Jean-d&#8217;Ang\u00e9ly ?<\/strong><\/h3><ul data-sourcepos=\"43:1-48:0\"><li data-sourcepos=\"43:1-43:68\">Visiter l&#8217;\u00e9glise abbatiale et admirer son architecture remarquable<\/li><li data-sourcepos=\"44:1-44:54\">D\u00e9couvrir les expositions temporaires et permanentes<\/li><li data-sourcepos=\"45:1-45:55\">Assister \u00e0 un concert, une conf\u00e9rence ou un spectacle<\/li><li data-sourcepos=\"46:1-46:46\">Se d\u00e9tendre dans la cour int\u00e9rieure paisible<\/li><li data-sourcepos=\"47:1-48:0\">Consulter les collections de la m\u00e9diath\u00e8que<\/li><\/ul><h3 data-sourcepos=\"49:1-49:68\"><strong>Q : Comment se rendre \u00e0 l&#8217;Abbaye Royale de Saint Jean d&#8217;Angely ?<\/strong><\/h3><ul data-sourcepos=\"51:1-54:0\"><li data-sourcepos=\"51:1-51:92\">En voiture : l&#8217;abbaye est situ\u00e9e \u00e0 environ 1 heure de route de Bordeaux et de La Rochelle.<\/li><li data-sourcepos=\"52:1-52:110\">En train : la gare de Saint-Jean-d&#8217;Ang\u00e9ly est desservie par des TER en provenance de Bordeaux et de <a href=\"https:\/\/cparici.com\/fr\/ville-de-saintes-guide-pratique-pour-visiteurs\/\">Saintes.<\/a><\/li><li data-sourcepos=\"53:1-54:0\">En bus : des lignes de bus r\u00e9guli\u00e8res relient l&#8217;abbaye au centre-ville de Saint-Jean-d&#8217;Ang\u00e9ly.<\/li><\/ul><p data-sourcepos=\"55:1-55:117\">L&#8217;Abbaye Royale de Saint-Jean-d&#8217;Ang\u00e9ly est un lieu incontournable pour tous les amateurs d&#8217;histoire, d&#8217;architecture<\/p><\/div>\t\t\t\t\t\t\t\t<\/div>\n\t\t\t\t\t<\/div>\n\t\t\t\t<\/div>\n\t\t\t\t<\/div>\n\t\t","protected":false},"excerpt":{"rendered":"<p>L&#8217;Abbaye Royale de Saint-Jean-d&#8217;Ang\u00e9ly : Un voyage dans le temps au c\u0153ur de la Saintonge. D\u00e9couvrez son architecture grandiose, son histoire captivante et ses animations culturelles<\/p>\n","protected":false},"author":1,"featured_media":17810,"comment_status":"closed","ping_status":"open","sticky":false,"template":"elementor_header_footer","format":"standard","meta":{"ngg_post_thumbnail":0,"footnotes":""},"categories":[726,461,477,480],"tags":[366],"class_list":["post-17804","post","type-post","status-publish","format-standard","has-post-thumbnail","hentry","category-saint-jean-dangely","category-charente-maritime","category-france","category-poitou-charentes","tag-abbaye"],"_links":{"self":[{"href":"https:\/\/cparici.com\/fr\/wp-json\/wp\/v2\/posts\/17804","targetHints":{"allow":["GET"]}}],"collection":[{"href":"https:\/\/cparici.com\/fr\/wp-json\/wp\/v2\/posts"}],"about":[{"href":"https:\/\/cparici.com\/fr\/wp-json\/wp\/v2\/types\/post"}],"author":[{"embeddable":true,"href":"https:\/\/cparici.com\/fr\/wp-json\/wp\/v2\/users\/1"}],"replies":[{"embeddable":true,"href":"https:\/\/cparici.com\/fr\/wp-json\/wp\/v2\/comments?post=17804"}],"version-history":[{"count":0,"href":"https:\/\/cparici.com\/fr\/wp-json\/wp\/v2\/posts\/17804\/revisions"}],"wp:featuredmedia":[{"embeddable":true,"href":"https:\/\/cparici.com\/fr\/wp-json\/wp\/v2\/media\/17810"}],"wp:attachment":[{"href":"https:\/\/cparici.com\/fr\/wp-json\/wp\/v2\/media?parent=17804"}],"wp:term":[{"taxonomy":"category","embeddable":true,"href":"https:\/\/cparici.com\/fr\/wp-json\/wp\/v2\/categories?post=17804"},{"taxonomy":"post_tag","embeddable":true,"href":"https:\/\/cparici.com\/fr\/wp-json\/wp\/v2\/tags?post=17804"}],"curies":[{"name":"wp","href":"https:\/\/api.w.org\/{rel}","templated":true}]}}