{"id":17836,"date":"2024-05-17T14:13:45","date_gmt":"2024-05-17T12:13:45","guid":{"rendered":"https:\/\/cparici.com\/?p=17836"},"modified":"2025-08-03T18:47:50","modified_gmt":"2025-08-03T16:47:50","slug":"port-denvaux","status":"publish","type":"post","link":"https:\/\/cparici.com\/fr\/port-denvaux\/","title":{"rendered":"Port d&#8217;Envaux &#8211; un charmant village"},"content":{"rendered":"\t\t<div data-elementor-type=\"wp-post\" data-elementor-id=\"17836\" class=\"elementor elementor-17836\" data-elementor-post-type=\"post\">\n\t\t\t\t<div class=\"elementor-element elementor-element-ca1ac1d e-con-full e-flex e-con e-parent\" data-id=\"ca1ac1d\" data-element_type=\"container\" data-e-type=\"container\">\n\t\t\t\t<div class=\"elementor-element elementor-element-5e96dbc elementor-widget elementor-widget-image\" data-id=\"5e96dbc\" data-element_type=\"widget\" data-e-type=\"widget\" data-widget_type=\"image.default\">\n\t\t\t\t\t\t\t\t\t\t\t\t\t\t\t<img decoding=\"async\" width=\"1500\" height=\"562\" src=\"https:\/\/cparici.com\/wp-content\/uploads\/2024\/05\/port-denvaux.jpg\" class=\"attachment-full size-full wp-image-17838\" alt=\"port d&#039;envaux\" srcset=\"https:\/\/cparici.com\/wp-content\/uploads\/2024\/05\/port-denvaux.jpg 1500w, https:\/\/cparici.com\/wp-content\/uploads\/2024\/05\/port-denvaux-600x225.jpg 600w, https:\/\/cparici.com\/wp-content\/uploads\/2024\/05\/port-denvaux-300x112.jpg 300w, https:\/\/cparici.com\/wp-content\/uploads\/2024\/05\/port-denvaux-1024x384.jpg 1024w, https:\/\/cparici.com\/wp-content\/uploads\/2024\/05\/port-denvaux-768x288.jpg 768w\" sizes=\"(max-width: 1500px) 100vw, 1500px\" \/>\t\t\t\t\t\t\t\t\t\t\t\t\t\t\t<\/div>\n\t\t\t\t<\/div>\n\t\t<aside class=\"elementor-element elementor-element-febaf40 e-flex e-con-boxed e-con e-parent\" data-id=\"febaf40\" data-element_type=\"container\" data-e-type=\"container\">\n\t\t\t\t\t<div class=\"e-con-inner\">\n\t\t\t\t<div class=\"elementor-element elementor-element-4d1325c elementor-widget elementor-widget-global elementor-global-62046 elementor-widget-eael-advanced-search\" data-id=\"4d1325c\" data-element_type=\"widget\" data-e-type=\"widget\" data-widget_type=\"eael-advanced-search.default\">\n\t\t\t\t\t        <div class=\"eael-adv-search-wrapper\">\n            <div id=\"eael-advanced-search-widget-4d1325c\" class=\"eael-advanced-search-widget\">\n                <form data-settings=\"{&quot;post_per_page&quot;:5,&quot;search_among_taxonomies&quot;:&quot;&quot;,&quot;search_among_sku&quot;:&quot;no&quot;,&quot;show_popular_keyword&quot;:0,&quot;show_category&quot;:0,&quot;show_content_image&quot;:1,&quot;show_search_result_all_results&quot;:0,&quot;result_on_new_tab&quot;:&quot;no&quot;,&quot;show_product_price&quot;:&quot;no&quot;,&quot;include_current_page&quot;:&quot;no&quot;,&quot;orderby&quot;:&quot;default&quot;,&quot;order&quot;:&quot;DESC&quot;,&quot;current_post_id&quot;:17836,&quot;post_type&quot;:[&quot;post&quot;,&quot;listing&quot;]}\" method=\"POST\" name=\"eael-advanced-search-form-4d1325c\" class=\"eael-advanced-search-form eael-advanced-search-form-style-2\">\n                    <div class=\"eael-advanced-search-wrap\">\n                        <span class=\"eael-adv-search-loader\"><\/span>\n                        <span class=\"eael-adv-search-close\"><i class=\"fas fa-times\"><\/i><\/span>\n                        <span class=\"icon \"><i class=\"fas fa-search\"><\/i><\/span>\n\n                        <input type=\"text\"\n                               placeholder=\"Votre destination\"\n                               class=\"eael-advanced-search\" autocomplete=\"off\" name=\"eael_advanced_search\">\n                    <\/div>\n\t\t\t\t\t                                    <\/form>\n\n\t\t\t\t\n\t\t\t\t        <div class=\"eael-advanced-search-result\">\n            <div class=\"eael-advanced-search-popular-keyword\">\n\t\t\t\t<h4 class=\"eael-advanced-search-popular-keyword-text\">Recherches populaires<\/h4>                <div class=\"eael-popular-keyword-content\"><\/div>\n            <\/div>\n            <div class=\"eael-advanced-search-category\">\n\t\t\t\t<h4 class=\"eael-advanced-search-category-text\">Categories<\/h4>                <div class=\"eael-popular-category-content\"><\/div>\n            <\/div>\n\t\t\t<div class=\"eael-advanced-search-total-results-section\">\n\t\t\t\t\t\t\t<\/div>\n            <div class=\"eael-advanced-search-content eael-item-style-3\">\n            <\/div>\n            <div class=\"eael-advanced-search-not-found\">\n                <p>Pas de r\u00e9sultats<\/p><\/div>\n            <div class=\"eael-advanced-search-load-more\">\n\t\t\t\t<a \tclass=\"eael-advanced-search-load-more-button\"\n                \thref=\"#\">Voir tous les r\u00e9sultats<\/a>\n            <\/div>\n        <\/div>\n\n\t\t            <\/div>\n        <\/div>\n\n\t\t\t\t\t\t<\/div>\n\t\t\t\t\t<\/div>\n\t\t\t\t<\/aside>\n\t\t<div class=\"elementor-element elementor-element-1efc5bb3 e-flex e-con-boxed e-con e-parent\" data-id=\"1efc5bb3\" data-element_type=\"container\" data-e-type=\"container\">\n\t\t\t\t\t<div class=\"e-con-inner\">\n\t\t\t\t<div class=\"elementor-element elementor-element-2d722afe elementor-widget elementor-widget-text-editor\" data-id=\"2d722afe\" data-element_type=\"widget\" data-e-type=\"widget\" data-widget_type=\"text-editor.default\">\n\t\t\t\t\t\t\t\t\t<div class=\"markdown markdown-main-panel\" dir=\"ltr\"><h1 style=\"text-align: center;\" data-sourcepos=\"1:1-1:67\">Port d\u2019Envaux<\/h1><p data-sourcepos=\"1:1-1:67\"><span style=\"font-size: 16px;\">Situ\u00e9 en Saintonge, dans le <a href=\"https:\/\/cparici.com\/fr\/departements-francais-carte-de-france\/\">d\u00e9partement<\/a> de la <a href=\"https:\/\/cparici.com\/fr\/visiter-la-charente-maritime-guide-des-meilleurs-sites-et-activites\/\">Charente-Maritime<\/a>, \u00e0 quelques kilom\u00e8tres de <a href=\"https:\/\/cparici.com\/fr\/ville-de-saintes-guide-pratique-pour-visiteurs\/\">Saintes<\/a>, <strong>Port d\u2019Envaux<\/strong> se d\u00e9voile comme un joyau authentique, nich\u00e9 au confluent de la Charente et de la Boutonne.<\/span><\/p><h2 class=\"\" data-sourcepos=\"1:1-1:67\">Port d\u2019Envaux : Un havre de paix au c\u0153ur de la Charente-Maritime<\/h2><h3 class=\"\" data-sourcepos=\"3:1-3:43\">Charme authentique et nature luxuriante<\/h3><p data-sourcepos=\"5:1-5:8\">Ce village paisible, aux ruelles pittoresques et aux maisons de pierre blonde, invite \u00e0 la fl\u00e2nerie et \u00e0 la d\u00e9couverte d\u2019un patrimoine riche et d\u2019une nature environnante d\u2019une beaut\u00e9 saisissante.<\/p><h3 class=\"\" data-sourcepos=\"7:1-7:37\">Un village aux multiples facettes<\/h3><h4 data-sourcepos=\"9:1-9:36\"><strong>Un pass\u00e9 maritime fascinant<\/strong><\/h4><p data-sourcepos=\"11:1-11:389\">Port-d\u2019Envaux, autrefois connu sous le nom de \u201cPort en Aval\u201d, \u00e9tait autrefois un important port de commerce. D\u00e8s le XVIIIe si\u00e8cle, le village s\u2019anime autour de la construction navale et du transport de marchandises, notamment la fameuse <a href=\"https:\/\/cparici.com\/fr\/sculptures-et-carriere-de-crazannes\/\">\u201cpierre de Crazannes\u201d<\/a>, le bois de chauffage et le vin. Les vestiges de ce pass\u00e9 glorieux se d\u00e9voilent encore aujourd\u2019hui \u00e0 travers les vieilles demeures d\u2019armateurs et les quais o\u00f9 accostaient jadis les gabares, les sloops et les go\u00e9lettes.<\/p><h4 data-sourcepos=\"13:1-13:48\"><strong>Un patrimoine architectural\u00a0<\/strong><\/h4><p data-sourcepos=\"15:1-15:278\">En vous promenant dans les rues du village, vous ne manquerez pas d\u2019admirer <strong>l\u2019\u00e9glise Saint-Saturnin, datant du XIIe si\u00e8cle, qui domine le paysage de son clocher roman<\/strong>. Ne manquez pas non plus de visiter le lavoir du XIXe si\u00e8cle, un t\u00e9moin pr\u00e9cieux de la vie quotidienne d\u2019antan.<\/p><h2 data-sourcepos=\"17:1-17:42\"><strong>Une nature environnante pr\u00e9serv\u00e9e<\/strong><\/h2><p data-sourcepos=\"19:1-19:415\">Port-d\u2019Envaux est le point de d\u00e9part id\u00e9al pour de nombreuses randonn\u00e9es p\u00e9destres ou cyclistes. Le long des berges de la Charente et de la Boutonne, vous d\u00e9couvrirez des paysages panoramiques, des marais verdoyants et une faune et une flore riches et vari\u00e9es. Pour les amateurs de sensations fortes, des parcours de cano\u00eb-kayak permettent de sillonner les rivi\u00e8res et de profiter de la beaut\u00e9 sauvage des environs.<\/p><h3 data-sourcepos=\"21:1-21:17\"><strong>Un village dynamique et accueillant<\/strong><\/h3><p data-sourcepos=\"23:1-23:405\">Port-d\u2019Envaux n\u2019est pas seulement un lieu de vill\u00e9giature paisible, c\u2019est aussi un village dynamique qui propose tout au long de l\u2019ann\u00e9e de nombreuses animations et festivit\u00e9s. Le march\u00e9 hebdomadaire, qui se tient tous les jeudis matin, est l\u2019occasion de d\u00e9couvrir les produits du terroir et de rencontrer les artisans locaux. En \u00e9t\u00e9, le village s\u2019anime avec des concerts, des spectacles et des brocantes.<\/p><h2 data-sourcepos=\"25:1-25:26\">Informations pratiques<\/h2><p data-sourcepos=\"27:1-27:27\"><strong>Comment s\u2019y rendre<\/strong><\/p><p data-sourcepos=\"29:1-29:201\">Port-d\u2019Envaux est facilement accessible en voiture, \u00e0 environ 20 minutes de Saintes et 45 minutes d\u2019Angoul\u00eame. La gare la plus proche se trouve \u00e0 Saintes, d\u2019o\u00f9 des bus relient r\u00e9guli\u00e8rement le village.<\/p><p data-sourcepos=\"31:1-31:20\"><strong>O\u00f9 se loger<\/strong><\/p><p data-sourcepos=\"33:1-33:142\">Port-d\u2019Envaux propose quelques h\u00e9bergements pour tous les budgets, des campings aux g\u00eetes ruraux en passant par les chambres d\u2019h\u00f4tes.<\/p><h2 data-sourcepos=\"35:1-35:30\"><strong>Que faire et que voir \u2013 Activit\u00e9s a Port d\u2019Envaux<\/strong><\/h2><h3 class=\"\" data-sourcepos=\"5:1-5:32\">Les march\u00e9s de Port d\u2019Envaux<\/h3><ul data-sourcepos=\"7:1-7:37\"><li data-sourcepos=\"7:1-7:37\"><strong>March\u00e9 hebdomadaire :<\/strong> Le march\u00e9 de Port d\u2019Envaux se tient <strong>tous les jeudis<\/strong> sur la <strong>Place des Halles<\/strong>. Vous y trouverez une grande vari\u00e9t\u00e9 de produits frais, locaux et de saison, propos\u00e9s par les producteurs locaux. C\u2019est l\u2019occasion id\u00e9ale pour d\u00e9couvrir les saveurs de la r\u00e9gion et remplir votre panier de bonnes choses.<\/li><\/ul><h3 class=\"\" data-sourcepos=\"9:1-9:34\">Les \u00e9v\u00e9nements \u00e0 Port d\u2019Envaux<\/h3><p data-sourcepos=\"11:1-11:127\">Port d\u2019Envaux est \u00e9galement r\u00e9put\u00e9 pour ses \u00e9v\u00e9nements vari\u00e9s tout au long de l\u2019ann\u00e9e. Parmi les plus populaires, on retrouve :<\/p><ul data-sourcepos=\"13:1-13:269\"><li data-sourcepos=\"13:1-13:269\"><strong>Les Estivales du Ch\u00e2teau de Panloy :<\/strong> Ces \u00e9v\u00e9nements estivaux proposent un programme riche et vari\u00e9, avec des march\u00e9s de producteurs, des animations pour les enfants, des concerts et des spectacles en plein air. N\u2019h\u00e9sitez pas \u00e0 consulter l\u2019agenda du Ch\u00e2teau de Panloy pour conna\u00eetre les dates et les horaires pr\u00e9cis de chaque manifestation.<\/li><\/ul><h3>Autres activit\u00e9s \u00e0 Port d\u2019Envaux<\/h3><ul data-sourcepos=\"37:1-45:0\"><li data-sourcepos=\"37:1-37:33\">Visiter l\u2019\u00e9glise Saint-Saturnin<\/li><li data-sourcepos=\"38:1-38:71\">Se promener dans les rues du village et admirer les maisons anciennes<\/li><li data-sourcepos=\"39:1-39:36\">D\u00e9couvrir le lavoir du XIXe si\u00e8cle<\/li><li data-sourcepos=\"40:1-40:63\">Faire une randonn\u00e9e p\u00e9destre ou cycliste le long des rivi\u00e8res<\/li><li data-sourcepos=\"41:1-41:26\">Se d\u00e9tendre sur la plage<\/li><li data-sourcepos=\"42:1-42:47\">Louer un cano\u00eb-kayak et explorer les environs<\/li><\/ul><p><strong>Port des gabariers et baignade:<\/strong> Un lieu id\u00e9al pour se d\u00e9tendre et profiter du soleil. Vous y trouverez \u00e9galement une aire de jeux pour les enfants.<\/p><p><strong>Embarcad\u00e8re Port d\u2019Envaux:<\/strong> Un endroit parfait pour prendre un bateau et explorer la r\u00e9gion.<\/p><ul data-sourcepos=\"37:1-45:0\"><li data-sourcepos=\"43:1-43:52\">Participer aux animations et festivit\u00e9s du village<\/li><li data-sourcepos=\"44:1-45:0\">D\u00e9guster les produits du terroir au march\u00e9 hebdomadaire<\/li><\/ul><h3>Visiter les communes environnantes<\/h3><p data-sourcepos=\"5:1-5:52\">Quelques communes \u00e0 proximit\u00e9 de Port d\u2019Envaux :<\/p><ul data-sourcepos=\"7:1-7:100\"><li data-sourcepos=\"7:1-7:100\"><strong><a href=\"https:\/\/cparici.com\/fr\/sculptures-et-carriere-de-crazannes\/\">Crazannes<\/a> :<\/strong> Situ\u00e9e \u00e0 seulement quelques kilom\u00e8tres, Crazannes est une commune rurale appr\u00e9ci\u00e9e pour son calme et sa nature pr\u00e9serv\u00e9e.<\/li><li data-sourcepos=\"8:1-8:111\"><strong>Taillebourg :<\/strong> Cette commune est connue pour son riche patrimoine historique, notamment son ch\u00e2teau et son \u00e9glise.<\/li><li data-sourcepos=\"9:1-9:89\"><strong>Plassay :<\/strong> Un village paisible avec un centre-bourg agr\u00e9able et des paysages vari\u00e9s.<\/li><li data-sourcepos=\"10:1-10:90\"><strong>Saint-Vaize :<\/strong> Un village plus grand, offrant un peu plus de services et d\u2019activit\u00e9s.<\/li><li data-sourcepos=\"11:1-12:0\"><strong><a href=\"https:\/\/cparici.com\/fr\/saint-savinien\/\">Saint-Savinien<\/a> :<\/strong> Cette ville est r\u00e9put\u00e9e pour son port de plaisance et ses nombreux commerces.<\/li><\/ul><h2 data-sourcepos=\"46:1-46:7\">Port d\u2019Envaux \u2013 FAQ<\/h2><h3 data-sourcepos=\"48:1-48:69\"><strong>Quelle est la meilleure p\u00e9riode pour visiter Port d\u2019Envaux ?<\/strong><\/h3><p data-sourcepos=\"50:1-50:173\">Port-d\u2019Envaux se visite toute l\u2019ann\u00e9e, mais les saisons les plus agr\u00e9ables sont le printemps et l\u2019\u00e9t\u00e9, lorsque les temp\u00e9ratures sont douces et que les journ\u00e9es sont longues.<\/p><h3 data-sourcepos=\"52:1-52:51\"><strong>Y a-t-il des restaurants \u00e0 Port d\u2019Envaux ?<\/strong><\/h3><p data-sourcepos=\"54:1-54:129\">Oui, la ville compte au moins un restaurant proposant une cuisine traditionnelle fran\u00e7aise ainsi que des sp\u00e9cialit\u00e9s locales.<\/p><h3 data-sourcepos=\"56:1-56:41\"><strong>Peut-on p\u00eacher \u00e0 Port d\u2019Envaux ?<\/strong><\/h3><p data-sourcepos=\"58:1-58:102\">Oui, la p\u00eache est autoris\u00e9e dans les rivi\u00e8res Charente et Boutonne. Un permis de p\u00eache est n\u00e9cessaire.<\/p><h3 data-sourcepos=\"60:1-60:66\"><strong>Y a-t-il des activit\u00e9s pour les enfants \u00e0 Port-d\u2019Envaux ?<\/strong><\/h3><p data-sourcepos=\"62:1-62:148\">Oui, <a href=\"https:\/\/www.portdenvaux.fr\/\" target=\"_blank\" rel=\"noopener\">plusieurs activit\u00e9s sont disponibles<\/a> pour les enfants, notamment une aire de jeux, une plage et des parcours de randonn\u00e9e adapt\u00e9s aux familles.<\/p><\/div>\t\t\t\t\t\t\t\t<\/div>\n\t\t\t\t\t<\/div>\n\t\t\t\t<\/div>\n\t\t<aside class=\"elementor-element elementor-element-53a56a9 e-flex e-con-boxed e-con e-parent\" data-id=\"53a56a9\" data-element_type=\"container\" data-e-type=\"container\">\n\t\t\t\t\t<div class=\"e-con-inner\">\n\t\t\t\t<div class=\"elementor-element elementor-element-3a20e19 elementor-widget elementor-widget-listeo-posts-grid\" data-id=\"3a20e19\" data-element_type=\"widget\" data-e-type=\"widget\" data-widget_type=\"listeo-posts-grid.default\">\n\t\t\t\t<div class=\"elementor-widget-container\">\n\t\t\t\t\t\t\t\n\t\t<div class=\"listeo-post-grid-wrapper\">\n\t\t\t<div class=\"row\">\n\n\t\t\t\n\n\t\t\t\t\t\t\t<div class=\"col-md-4\">\n                <a href=\"https:\/\/cparici.com\/fr\/maree-royan-horaires-des-marees-2024\/\" class=\"blog-compact-item-container\">\n                    <div class=\"blog-compact-item\">\n                        <img decoding=\"async\" width=\"577\" height=\"204\" src=\"https:\/\/cparici.com\/wp-content\/uploads\/2024\/05\/cparici-2025-05-04T080353.103-577x204.jpg\" class=\"attachment-listeo-blog-related-post size-listeo-blog-related-post wp-post-image\" alt=\"Mar\u00e9e Royan Horaires et coefficients\" srcset=\"https:\/\/cparici.com\/wp-content\/uploads\/2024\/05\/cparici-2025-05-04T080353.103-577x204.jpg 577w, https:\/\/cparici.com\/wp-content\/uploads\/2024\/05\/cparici-2025-05-04T080353.103-300x106.jpg 300w, https:\/\/cparici.com\/wp-content\/uploads\/2024\/05\/cparici-2025-05-04T080353.103-1024x362.jpg 1024w, https:\/\/cparici.com\/wp-content\/uploads\/2024\/05\/cparici-2025-05-04T080353.103-768x271.jpg 768w, https:\/\/cparici.com\/wp-content\/uploads\/2024\/05\/cparici-2025-05-04T080353.103-18x6.jpg 18w, https:\/\/cparici.com\/wp-content\/uploads\/2024\/05\/cparici-2025-05-04T080353.103-590x208.jpg 590w, https:\/\/cparici.com\/wp-content\/uploads\/2024\/05\/cparici-2025-05-04T080353.103-1200x424.jpg 1200w, https:\/\/cparici.com\/wp-content\/uploads\/2024\/05\/cparici-2025-05-04T080353.103-600x212.jpg 600w, https:\/\/cparici.com\/wp-content\/uploads\/2024\/05\/cparici-2025-05-04T080353.103.jpg 1500w\" sizes=\"(max-width: 577px) 100vw, 577px\" \/><span class=\"blog-item-tag\">Charente maritime<\/span>                        \n                        <div class=\"blog-compact-item-content\">\n                                                        <h3>Mar\u00e9e Royan \u2013 horaires des mar\u00e9es<\/h3>\n                                                        <p>Mar\u00e9e Royan - D\u00e9couvrez les horaires et coefficients des mar\u00e9es \u00e0 Royan et profitez ...                            <\/p>\n                                                    <\/div>\n                    <\/div>\n                <\/a>\n            <\/div>\n\t\t\t<div class=\"col-md-4\">\n                <a href=\"https:\/\/cparici.com\/fr\/port-de-meschers-sur-gironde\/\" class=\"blog-compact-item-container\">\n                    <div class=\"blog-compact-item\">\n                        <img decoding=\"async\" width=\"577\" height=\"210\" src=\"https:\/\/cparici.com\/wp-content\/uploads\/2021\/02\/port-meschers-banniere.jpg\" class=\"attachment-listeo-blog-related-post size-listeo-blog-related-post wp-post-image\" alt=\"port meschers\" srcset=\"https:\/\/cparici.com\/wp-content\/uploads\/2021\/02\/port-meschers-banniere.jpg 2520w, https:\/\/cparici.com\/wp-content\/uploads\/2021\/02\/port-meschers-banniere-600x218.jpg 600w, https:\/\/cparici.com\/wp-content\/uploads\/2021\/02\/port-meschers-banniere-768x279.jpg 768w\" sizes=\"(max-width: 577px) 100vw, 577px\" \/><span class=\"blog-item-tag\">Charente maritime<\/span>                        \n                        <div class=\"blog-compact-item-content\">\n                                                        <h3>Port de Meschers sur Gironde<\/h3>\n                                                        <p>Le port de Meschers est un petit port de plaisance situ\u00e9 dans l'estuaire de la...                            <\/p>\n                                                    <\/div>\n                    <\/div>\n                <\/a>\n            <\/div>\n\t\t\t<div class=\"col-md-4\">\n                <a href=\"https:\/\/cparici.com\/fr\/le-reve-dicare-royan\/\" class=\"blog-compact-item-container\">\n                    <div class=\"blog-compact-item\">\n                        <img decoding=\"async\" width=\"577\" height=\"577\" src=\"https:\/\/cparici.com\/wp-content\/uploads\/2021\/06\/reve-dicare-royan-2-banniere-scaled.jpg\" class=\"attachment-listeo-blog-related-post size-listeo-blog-related-post wp-post-image\" alt=\"reve d&#039;icare royan\" srcset=\"https:\/\/cparici.com\/wp-content\/uploads\/2021\/06\/reve-dicare-royan-2-banniere-scaled.jpg 2048w, https:\/\/cparici.com\/wp-content\/uploads\/2021\/06\/reve-dicare-royan-2-banniere-300x300.jpg 300w, https:\/\/cparici.com\/wp-content\/uploads\/2021\/06\/reve-dicare-royan-2-banniere-100x100.jpg 100w, https:\/\/cparici.com\/wp-content\/uploads\/2021\/06\/reve-dicare-royan-2-banniere-scaled-600x600.jpg 600w, https:\/\/cparici.com\/wp-content\/uploads\/2021\/06\/reve-dicare-royan-2-banniere-1024x1024.jpg 1024w, https:\/\/cparici.com\/wp-content\/uploads\/2021\/06\/reve-dicare-royan-2-banniere-150x150.jpg 150w, https:\/\/cparici.com\/wp-content\/uploads\/2021\/06\/reve-dicare-royan-2-banniere-1536x1536.jpg 1536w, https:\/\/cparici.com\/wp-content\/uploads\/2021\/06\/reve-dicare-royan-2-banniere-scaled-1200x1200-cropped.jpg 1200w, https:\/\/cparici.com\/wp-content\/uploads\/2021\/06\/reve-dicare-royan-2-banniere-scaled-266x266.jpg 266w\" sizes=\"(max-width: 577px) 100vw, 577px\" \/><span class=\"blog-item-tag\">Charente maritime<\/span>                        \n                        <div class=\"blog-compact-item-content\">\n                                                        <h3>r\u00eave d\u2019icare royan<\/h3>\n                                                        <p>D\u00e9couvrez le r\u00eave d'Icare a Royan, un \u00e9v\u00e8nement a\u00e9ronautique qui a lieu en juin tous...                            <\/p>\n                                                    <\/div>\n                    <\/div>\n                <\/a>\n            <\/div>\n  <\/div>\n        <\/div>\n        \t\t\t\t<\/div>\n\t\t\t\t<\/div>\n\t\t\t\t\t<\/div>\n\t\t\t\t<\/aside>\n\t\t\t\t<\/div>\n\t\t","protected":false},"excerpt":{"rendered":"<p>Port d&#8217;Envaux : Village de charme en Charente-Maritime, nich\u00e9 au bord de la Charente. D\u00e9couvrez son patrimoine, ses activit\u00e9s et son cadre de vie paisible.<\/p>\n","protected":false},"author":1,"featured_media":17838,"comment_status":"closed","ping_status":"open","sticky":false,"template":"elementor_header_footer","format":"standard","meta":{"ngg_post_thumbnail":0,"footnotes":""},"categories":[735,461,477,480],"tags":[],"class_list":["post-17836","post","type-post","status-publish","format-standard","has-post-thumbnail","hentry","category-port-denvaux","category-charente-maritime","category-france","category-poitou-charentes"],"_links":{"self":[{"href":"https:\/\/cparici.com\/fr\/wp-json\/wp\/v2\/posts\/17836","targetHints":{"allow":["GET"]}}],"collection":[{"href":"https:\/\/cparici.com\/fr\/wp-json\/wp\/v2\/posts"}],"about":[{"href":"https:\/\/cparici.com\/fr\/wp-json\/wp\/v2\/types\/post"}],"author":[{"embeddable":true,"href":"https:\/\/cparici.com\/fr\/wp-json\/wp\/v2\/users\/1"}],"replies":[{"embeddable":true,"href":"https:\/\/cparici.com\/fr\/wp-json\/wp\/v2\/comments?post=17836"}],"version-history":[{"count":0,"href":"https:\/\/cparici.com\/fr\/wp-json\/wp\/v2\/posts\/17836\/revisions"}],"wp:featuredmedia":[{"embeddable":true,"href":"https:\/\/cparici.com\/fr\/wp-json\/wp\/v2\/media\/17838"}],"wp:attachment":[{"href":"https:\/\/cparici.com\/fr\/wp-json\/wp\/v2\/media?parent=17836"}],"wp:term":[{"taxonomy":"category","embeddable":true,"href":"https:\/\/cparici.com\/fr\/wp-json\/wp\/v2\/categories?post=17836"},{"taxonomy":"post_tag","embeddable":true,"href":"https:\/\/cparici.com\/fr\/wp-json\/wp\/v2\/tags?post=17836"}],"curies":[{"name":"wp","href":"https:\/\/api.w.org\/{rel}","templated":true}]}}