{"id":17876,"date":"2024-05-18T10:35:41","date_gmt":"2024-05-18T08:35:41","guid":{"rendered":"https:\/\/cparici.com\/?p=17876"},"modified":"2026-03-26T14:15:19","modified_gmt":"2026-03-26T13:15:19","slug":"doelan","status":"publish","type":"post","link":"https:\/\/cparici.com\/fr\/doelan\/","title":{"rendered":"Doelan &#8211; un village pr\u00e9serv\u00e9 au bord de l&#8217;oc\u00e9an"},"content":{"rendered":"\t\t<div data-elementor-type=\"wp-post\" data-elementor-id=\"17876\" class=\"elementor elementor-17876\" data-elementor-post-type=\"post\">\n\t\t\t\t<div class=\"elementor-element elementor-element-276ae33 e-con-full e-flex e-con e-parent\" data-id=\"276ae33\" data-element_type=\"container\" data-e-type=\"container\">\n\t\t\t\t<div class=\"elementor-element elementor-element-5919d9b elementor-widget elementor-widget-image\" data-id=\"5919d9b\" data-element_type=\"widget\" data-e-type=\"widget\" data-widget_type=\"image.default\">\n\t\t\t\t\t\t\t\t\t\t\t\t\t\t\t<img decoding=\"async\" width=\"1500\" height=\"600\" src=\"https:\/\/cparici.com\/wp-content\/uploads\/2024\/05\/doelan.jpg\" class=\"attachment-full size-full wp-image-17880\" alt=\"doelan\" srcset=\"https:\/\/cparici.com\/wp-content\/uploads\/2024\/05\/doelan.jpg 1500w, https:\/\/cparici.com\/wp-content\/uploads\/2024\/05\/doelan-600x240.jpg 600w, https:\/\/cparici.com\/wp-content\/uploads\/2024\/05\/doelan-300x120.jpg 300w, https:\/\/cparici.com\/wp-content\/uploads\/2024\/05\/doelan-1024x410.jpg 1024w, https:\/\/cparici.com\/wp-content\/uploads\/2024\/05\/doelan-768x307.jpg 768w\" sizes=\"(max-width: 1500px) 100vw, 1500px\" \/>\t\t\t\t\t\t\t\t\t\t\t\t\t\t\t<\/div>\n\t\t\t\t<\/div>\n\t\t<aside class=\"elementor-element elementor-element-b04ac40 e-flex e-con-boxed e-con e-parent\" data-id=\"b04ac40\" data-element_type=\"container\" data-e-type=\"container\">\n\t\t\t\t\t<div class=\"e-con-inner\">\n\t\t\t\t<div class=\"elementor-element elementor-element-d2f3a55 elementor-widget elementor-widget-global elementor-global-62046 elementor-widget-eael-advanced-search\" data-id=\"d2f3a55\" data-element_type=\"widget\" data-e-type=\"widget\" data-widget_type=\"eael-advanced-search.default\">\n\t\t\t\t\t        <div class=\"eael-adv-search-wrapper\">\n            <div id=\"eael-advanced-search-widget-d2f3a55\" class=\"eael-advanced-search-widget\">\n                <form data-settings=\"{&quot;post_per_page&quot;:5,&quot;search_among_taxonomies&quot;:&quot;&quot;,&quot;search_among_sku&quot;:&quot;no&quot;,&quot;show_popular_keyword&quot;:0,&quot;show_category&quot;:0,&quot;show_content_image&quot;:1,&quot;show_search_result_all_results&quot;:0,&quot;result_on_new_tab&quot;:&quot;no&quot;,&quot;show_product_price&quot;:&quot;no&quot;,&quot;include_current_page&quot;:&quot;no&quot;,&quot;current_post_id&quot;:17876,&quot;post_type&quot;:[&quot;post&quot;,&quot;listing&quot;]}\" method=\"POST\" name=\"eael-advanced-search-form-d2f3a55\" class=\"eael-advanced-search-form eael-advanced-search-form-style-2\">\n                    <div class=\"eael-advanced-search-wrap\">\n                        <span class=\"eael-adv-search-loader\"><\/span>\n                        <span class=\"eael-adv-search-close\"><i class=\"fas fa-times\"><\/i><\/span>\n                        <span class=\"icon \"><i class=\"fas fa-search\"><\/i><\/span>\n\n                        <input type=\"text\"\n                               placeholder=\"Votre destination\"\n                               class=\"eael-advanced-search\" autocomplete=\"off\" name=\"eael_advanced_search\">\n                    <\/div>\n\t\t\t\t\t                                    <\/form>\n\n\t\t\t\t\n\t\t\t\t        <div class=\"eael-advanced-search-result\">\n            <div class=\"eael-advanced-search-popular-keyword\">\n\t\t\t\t<h4 class=\"eael-advanced-search-popular-keyword-text\">Recherches populaires<\/h4>                <div class=\"eael-popular-keyword-content\"><\/div>\n            <\/div>\n            <div class=\"eael-advanced-search-category\">\n\t\t\t\t<h4 class=\"eael-advanced-search-category-text\">Categories<\/h4>                <div class=\"eael-popular-category-content\"><\/div>\n            <\/div>\n\t\t\t<div class=\"eael-advanced-search-total-results-section\">\n\t\t\t\t\t\t\t<\/div>\n            <div class=\"eael-advanced-search-content eael-item-style-3\">\n            <\/div>\n            <div class=\"eael-advanced-search-not-found\">\n                <p>Pas de r\u00e9sultats<\/p><\/div>\n            <div class=\"eael-advanced-search-load-more\">\n\t\t\t\t<a \tclass=\"eael-advanced-search-load-more-button\"\n                \thref=\"#\">Voir tous les r\u00e9sultats<\/a>\n            <\/div>\n        <\/div>\n\n\t\t            <\/div>\n        <\/div>\n\n\t\t\t\t\t\t<\/div>\n\t\t\t\t\t<\/div>\n\t\t\t\t<\/aside>\n\t\t<div class=\"elementor-element elementor-element-59f1fc49 e-flex e-con-boxed e-con e-parent\" data-id=\"59f1fc49\" data-element_type=\"container\" data-e-type=\"container\">\n\t\t\t\t\t<div class=\"e-con-inner\">\n\t\t\t\t<div class=\"elementor-element elementor-element-49886794 elementor-widget elementor-widget-text-editor\" data-id=\"49886794\" data-element_type=\"widget\" data-e-type=\"widget\" data-widget_type=\"text-editor.default\">\n\t\t\t\t\t\t\t\t\t<h1 style=\"text-align: center;\" data-sourcepos=\"1:1-1:37\"><span style=\"font-size: 18pt;\">Doelan<\/span><\/h1><p data-sourcepos=\"1:1-1:37\">Plongez au c\u0153ur de Doelan, un village de p\u00eacheurs pittoresque nich\u00e9 dans la ria de l\u2019Aven, en Bretagne Sud. Do\u00eblan, situ\u00e9 dans la commune de <a href=\"https:\/\/cparici.com\/clohars-carnoet\/\">Clohars-Carno\u00ebt<\/a>, dans le <a href=\"https:\/\/cparici.com\/fr\/visiter-le-finistere-guide-ultime-des-lieux-a-decouvrir\/\">finist\u00e8re sud<\/a> d\u00e9voile un charme authentique et une beaut\u00e9 sauvage qui en font un lieu de vill\u00e9giature id\u00e9al. Son port, bord\u00e9 de maisons de chaume et de granit, offre un spectacle saisissant \u00e0 chaque mar\u00e9e. Les barques color\u00e9es se balancent doucement au rythme des vagues, tandis que les p\u00eacheurs d\u00e9chargent leurs prises fra\u00eeches du jour.<\/p><h2 class=\"\" data-sourcepos=\"1:1-1:37\"><span style=\"font-size: 18pt;\">Doelan : Un village littoral du Finist\u00e8re Sud<\/span><\/h2><h3 data-sourcepos=\"9:1-9:55\"><strong>Un patrimoine riche et une histoire fascinante<\/strong><\/h3><p data-sourcepos=\"11:1-11:266\">L\u2019histoire de Do\u00eblan est intimement li\u00e9e \u00e0 la mer. D\u00e8s le Moyen \u00c2ge, le village \u00e9tait un important port de p\u00eache et de commerce. Au 19\u00e8me si\u00e8cle, l\u2019industrie de la conserve y connut son essor, et Do\u00eblan devint un centre n\u00e9vralgique de l\u2019\u00e9conomie locale. Aujourd\u2019hui, le village a su pr\u00e9server son patrimoine tout en se tournant vers le tourisme.<\/p><h3 data-sourcepos=\"5:1-5:35\">Un littoral sauvage et pr\u00e9serv\u00e9<\/h3><p data-sourcepos=\"7:1-7:338\"><strong>Loin des foules et du tumulte des stations baln\u00e9aires, les plages de Do\u00eblan invitent \u00e0 la contemplation et \u00e0 la s\u00e9r\u00e9nit\u00e9.<\/strong> Entour\u00e9es de dunes et de falaises, elles d\u00e9voilent des paysages spectaculaires qui changent au gr\u00e9 des mar\u00e9es. Le sable fin et dor\u00e9, caress\u00e9 par les vagues turquoise, promet des moments de farniente inoubliables.<\/p><h2 data-sourcepos=\"13:1-13:48\">\u00a0<\/h2>\t\t\t\t\t\t\t\t<\/div>\n\t\t\t\t\t<\/div>\n\t\t\t\t<\/div>\n\t\t<div class=\"elementor-element elementor-element-78ec5fa e-flex e-con-boxed e-con e-parent\" data-id=\"78ec5fa\" data-element_type=\"container\" data-e-type=\"container\">\n\t\t\t\t\t<div class=\"e-con-inner\">\n\t\t\t\t<div class=\"elementor-element elementor-element-48e3a99 elementor-widget elementor-widget-listeo-listings-carousel\" data-id=\"48e3a99\" data-element_type=\"widget\" data-e-type=\"widget\" data-widget_type=\"listeo-listings-carousel.default\">\n\t\t\t\t<div class=\"elementor-widget-container\">\n\t\t\t\t\t        <!-- Carousel \/ Start -->\n        \t<div class=\"simple-slick-carousel dots-nav\" data-slick='{&quot;autoplay&quot;:true,&quot;autoplaySpeed&quot;:3000,&quot;slidesToShow&quot;:3,&quot;slidesToScroll&quot;:1,&quot;responsive&quot;:[{&quot;breakpoint&quot;:1024,&quot;settings&quot;:{&quot;slidesToShow&quot;:2,&quot;slidesToScroll&quot;:1}},{&quot;breakpoint&quot;:768,&quot;settings&quot;:{&quot;slidesToShow&quot;:1,&quot;slidesToScroll&quot;:1}}]}'>\n                            <div class=\"fw-carousel-item\">                    \n                        <!-- Listing Item -->\r\n            <div class=\"col-lg-6 col-md-12\">\r\n                <a href=\"https:\/\/cparici.com\/fr\/annonce\/villa-ty-lann-doue-6-pers\/\"  class=\"listing-item-container listing-geo-data compact\" \r\n\t\tdata-title=\"Villa Ty Lann Doue, 6 Pers\"\r\n\t\tdata-listing-type=\"rental\"\r\n\t\tdata-classifieds-price=\"\u20ac\"\r\n\t\tdata-friendly-address=\"Clohars-Carnoet Doelan\"\r\n\t\tdata-address=\"Clohars-Carnoet Doelan\"\r\n\t\tdata-image=\"https:\/\/cparici.com\/wp-content\/uploads\/2025\/01\/ty-lann-1-520x397.jpg\"\r\n\t\tdata-longitude=\"-3.6020136\"\r\n\t\tdata-latitude=\"47.7736491\"\r\n\t\t\t\t\tdata-rating=\"0\"\r\n\t\t\tdata-reviews=\"0\"\r\n\t\t\t\tdata-icon=\"<svg xmlns=&quot;http:\/\/www.w3.org\/2000\/svg&quot; width=&quot;800px&quot; height=&quot;800px&quot; viewBox=&quot;0 0 45 45&quot; fill=&quot;none&quot;>\n<path d=&quot;M24.155 8.78099L24.33 8.94499L37.402 21.787L36 23.213L34.2 21.445L34.201 35C34.201 36.054 33.385 36.918 32.35 36.994L32.201 37H12.201C11.147 37 10.283 36.184 10.206 35.149L10.201 35L10.2 21.446L8.402 23.213L7 21.787L20.058 8.95799C21.171 7.82199 22.966 7.75899 24.155 8.78099ZM21.569 10.285L21.473 10.372L12.2 19.481L12.201 35L17.2 34.999L17.201 25C17.201 23.946 18.017 23.082 19.052 23.005L19.201 23H25.201C26.255 23 27.119 23.816 27.196 24.851L27.201 25L27.2 34.999L32.201 35L32.2 19.48L22.901 10.344C22.537 9.98699 21.969 9.96499 21.569 10.285ZM25.201 25H19.201L19.2 34.999H25.2L25.201 25Z&quot; fill=&quot;#3C3C3C&quot;\/>\n<\/svg>\"\r\n\r\n\t>\r\n            <div class=\"listing-item  \">\r\n                <div class=\"listing-small-badges-container\">\r\n                                                                                \r\n                                        \r\n                                        \r\n                <\/div>\r\n                <img decoding=\"async\" src=\"https:\/\/cparici.com\/wp-content\/uploads\/2025\/01\/ty-lann-1-520x397.jpg\" alt=\"Villa Ty Lann Doue, 6 Pers\" class=\"listing-thumbnail\">\r\n                \r\n\r\n                <div class=\"listing-item-content\">\r\n                    \r\n                    <h3> Villa Ty Lann Doue, 6 Pers <\/h3>\r\n                    <span>Clohars-Carnoet Doelan<\/span>\r\n                <\/div>\r\n                                        <span class=\"save like-icon tooltip left\" title=\"Connexion pour marquer des \u00e9l\u00e9ments\"><\/span>\r\n                                                <\/div>\r\n        <\/a>\r\n                    <\/div>\r\n        \r\n\r\n        <!-- Listing Item \/ End -->\n                    <\/div>\n                          <\/div>\n        \t\t\t\t<\/div>\n\t\t\t\t<\/div>\n\t\t\t\t\t<\/div>\n\t\t\t\t<\/div>\n\t\t<div class=\"elementor-element elementor-element-930926e e-flex e-con-boxed e-con e-parent\" data-id=\"930926e\" data-element_type=\"container\" data-e-type=\"container\">\n\t\t\t\t\t<div class=\"e-con-inner\">\n\t\t\t\t<div class=\"elementor-element elementor-element-9c06d87 elementor-widget elementor-widget-text-editor\" data-id=\"9c06d87\" data-element_type=\"widget\" data-e-type=\"widget\" data-widget_type=\"text-editor.default\">\n\t\t\t\t\t\t\t\t\t<h2 style=\"text-align: left;\" data-sourcepos=\"1:1-1:37\"><strong style=\"font-size: 18pt; text-align: start;\">Des sites touristiques \u00e0 ne pas manquer<\/strong><\/h2><ul data-sourcepos=\"15:1-23:113\"><li data-sourcepos=\"15:1-16:45\"><h3 data-sourcepos=\"15:3-16:45\"><strong>Le port de Doelan<\/strong><\/h3><\/li><\/ul><p>Admirez les bateaux multicolores et visitez la cri\u00e9e pour d\u00e9couvrir les produits frais de la p\u00eache locale.<\/p><p data-start=\"40\" data-end=\"159\"><span class=\"relative -mx-px my-[-0.2rem] rounded px-px py-[0.2rem]\">Le <strong data-start=\"3\" data-end=\"21\">port de Do\u00eblan<\/strong>, situ\u00e9 sur la commune de Clohars-Carno\u00ebt dans le Finist\u00e8re, est un joyau pittoresque de la c\u00f4te bretonne.<\/span> <span class=\"relative -mx-px my-[-0.2rem] rounded px-px py-[0.2rem]\">Ce petit port de p\u00eache traditionnel s\u00e9duit par son authenticit\u00e9 et son cadre enchanteur.<\/span><\/p><p data-start=\"161\" data-end=\"191\"><strong data-start=\"161\" data-end=\"191\">Caract\u00e9ristiques du port :<\/strong><\/p><ul data-start=\"193\" data-end=\"643\"><li data-start=\"193\" data-end=\"341\"><p data-start=\"195\" data-end=\"341\"><strong data-start=\"195\" data-end=\"219\">Architecture typique<\/strong> : <span class=\"relative -mx-px my-[-0.2rem] rounded px-px py-[0.2rem]\">Les rives du port sont bord\u00e9es de maisons blanches aux volets color\u00e9s, dispos\u00e9es en gradins, offrant un panorama digne d\u2019une carte postale.<\/span><\/p><\/li><li data-start=\"343\" data-end=\"489\"><p data-start=\"345\" data-end=\"489\"><strong data-start=\"345\" data-end=\"367\">Phare embl\u00e9matique<\/strong> : <span class=\"relative -mx-px my-[-0.2rem] rounded px-px py-[0.2rem]\">Le port est gard\u00e9 par deux phares ray\u00e9s, l\u2019un vert et l\u2019autre rouge, qui ajoutent au charme du lieu.<\/span><\/p><\/li><li data-start=\"491\" data-end=\"643\"><p data-start=\"493\" data-end=\"643\"><strong data-start=\"493\" data-end=\"515\">Activit\u00e9 portuaire<\/strong> : <span class=\"relative -mx-px my-[-0.2rem] rounded px-px py-[0.2rem]\">Do\u00eblan abrite une flottille de bateaux de p\u00eache c\u00f4ti\u00e8re, t\u00e9moignant de la vitalit\u00e9 de la p\u00eache artisanale locale.<\/span><\/p><\/li><\/ul><ul data-sourcepos=\"15:1-23:113\"><li data-sourcepos=\"17:1-18:61\"><h3 data-sourcepos=\"17:3-18:61\"><strong>Les sentiers de randonn\u00e9e<\/strong><\/h3><\/li><\/ul><p data-sourcepos=\"17:3-18:61\">Partez \u00e0 la d\u00e9couverte des paysages spectaculaires de la ria de l\u2019Aven et de la pointe de Pen-Has.<\/p><ul data-sourcepos=\"15:1-23:113\"><li data-sourcepos=\"19:1-20:0\"><h3 data-sourcepos=\"19:3-19:114\"><strong>Le moulin \u00e0 mar\u00e9e de Kergalan<\/strong><\/h3><\/li><\/ul><p data-sourcepos=\"19:3-19:114\">Ce moulin du 18\u00e8me si\u00e8cle est un t\u00e9moin de l\u2019histoire industrielle de Do\u00eblan.<\/p><ul data-sourcepos=\"15:1-23:113\"><li data-sourcepos=\"21:1-22:0\"><h3 data-sourcepos=\"21:3-21:99\"><strong>L\u2019\u00e9glise Saint-Pierre<\/strong><\/h3><\/li><\/ul><p data-sourcepos=\"21:3-21:99\">\u00a0Cette \u00e9glise du 12\u00e8me si\u00e8cle rec\u00e8le un riche patrimoine architectural.<\/p><ul data-sourcepos=\"15:1-23:113\"><li data-sourcepos=\"23:1-23:113\"><h3 data-sourcepos=\"23:3-23:113\"><strong>La plage de Kerfany<\/strong><\/h3><\/li><\/ul><p data-sourcepos=\"23:3-23:113\">Profitez d\u2019une baignade rafra\u00eechissante dans les eaux turquoise de l\u2019oc\u00e9an Atlantique.<\/p><h2 data-sourcepos=\"26:1-26:42\"><strong>Des activit\u00e9s pour tous les go\u00fbts<\/strong><\/h2><p data-sourcepos=\"28:1-28:315\">Que vous soyez amateur de nature, de sports nautiques ou de gastronomie, Doelan a de quoi vous ravir. Vous pourrez vous adonner \u00e0 la p\u00eache, \u00e0 la voile, au kayak, \u00e0 la randonn\u00e9e p\u00e9destre ou cycliste. Les gourmands appr\u00e9cieront les produits du terroir, tels que les sardines, les langoustines et les cr\u00eapes bretonnes.<\/p><h3 data-sourcepos=\"35:1-35:49\"><strong>La p\u00eache \u00e0 pied : Une activit\u00e9 familiale<\/strong><\/h3><p data-sourcepos=\"37:1-37:269\">La p\u00eache \u00e0 pied est une activit\u00e9 tr\u00e8s populaire \u00e0 Do\u00eblan. Lors de la mar\u00e9e basse, vous pourrez d\u00e9couvrir les richesses du littoral et r\u00e9colter des coquillages et des crustac\u00e9s frais. N\u2019oubliez pas de vous munir d\u2019un guide et de respecter les r\u00e9glementations en vigueur.<\/p><h3 data-sourcepos=\"39:1-39:67\"><strong>La randonn\u00e9e p\u00e9destre : Des sentiers pour tous les niveaux<\/strong><\/h3><p data-sourcepos=\"41:1-41:236\">De nombreux sentiers de randonn\u00e9e sillonnent les environs de Do\u00eblan. Vous pourrez ainsi d\u00e9couvrir les paysages sauvages de la c\u00f4te, admirer la faune et la flore locales, et profiter de vues panoramiques imprenables sur la ria de l\u2019Aven.<\/p><h3 data-sourcepos=\"43:1-43:53\"><strong>Le sentier c\u00f4tier : Une balade enchanteresse<\/strong><\/h3><p data-sourcepos=\"45:1-45:297\">Le sentier c\u00f4tier <a href=\"https:\/\/cparici.com\/gr-34\/\">GR34<\/a> longe la c\u00f4te bretonne sur plus de 1 400 km. Il passe par Do\u00eblan et offre une balade enchanteresse au c\u0153ur des paysages spectaculaires de la ria de l\u2019Aven. Vous pourrez admirer les falaises, les criques, les plages et les petits ports pittoresques qui jalonnent le parcours. Non loin de Doelan, se situe <a href=\"https:\/\/cparici.com\/le-pouldu\/\">Le Pouldu.<\/a><\/p><article class=\"w-full text-token-text-primary focus-visible:outline-2 focus-visible:outline-offset-[-4px]\" dir=\"auto\" data-testid=\"conversation-turn-23\" data-scroll-anchor=\"true\"><div class=\"m-auto text-base py-[18px] px-6\"><div class=\"mx-auto flex flex-1 text-base gap-4 md:gap-5 lg:gap-6 md:max-w-3xl lg:max-w-[40rem] xl:max-w-[48rem]\"><div class=\"group\/conversation-turn relative flex w-full min-w-0 flex-col agent-turn @xs\/thread:px-0 @sm\/thread:px-1.5 @md\/thread:px-4\"><div class=\"flex-col gap-1 md:gap-3\"><div class=\"flex max-w-full flex-col flex-grow\"><div class=\"min-h-8 text-message relative flex w-full flex-col items-end gap-2 whitespace-normal break-words text-start [.text-message+&]:mt-5\" dir=\"auto\" data-message-author-role=\"assistant\" data-message-id=\"6cd9cc34-2b2d-41ab-b755-e8244ae46c56\" data-message-model-slug=\"gpt-4o\"><div class=\"flex w-full flex-col gap-1 empty:hidden first:pt-[3px]\"><div class=\"markdown prose w-full break-words dark:prose-invert light\"><h2 data-start=\"0\" data-end=\"77\"><span style=\"font-size: 18pt;\">Restaurant a Doelan<\/span><\/h2><h3 data-start=\"0\" data-end=\"77\"><strong data-start=\"4\" data-end=\"75\">Les restaurants de fruits de mer et cuisine bretonne traditionnelle<\/strong><\/h3><p data-start=\"78\" data-end=\"747\">Do\u00eblan, avec son port de p\u00eache authentique, est une destination id\u00e9ale pour savourer des <strong data-start=\"167\" data-end=\"190\">fruits de mer frais<\/strong> et des sp\u00e9cialit\u00e9s bretonnes. Plusieurs \u00e9tablissements offrent une cuisine locale mettant en avant les <strong data-start=\"294\" data-end=\"353\">hu\u00eetres, les moules, le homard bleu et les langoustines<\/strong> p\u00each\u00e9s directement dans les eaux environnantes. Ces restaurants, souvent situ\u00e9s face au port, permettent de d\u00e9guster des <strong data-start=\"475\" data-end=\"504\" data-is-only-node=\"\">plateaux de fruits de mer<\/strong> accompagn\u00e9s d\u2019un bon verre de cidre breton tout en admirant les bateaux color\u00e9s. Certains \u00e9tablissements proposent \u00e9galement des plats embl\u00e9matiques comme la <strong data-start=\"663\" data-end=\"675\">cotriade<\/strong>, une soupe de poissons traditionnelle, ou le <strong data-start=\"721\" data-end=\"735\">far breton<\/strong> en dessert.<\/p><h3 data-start=\"749\" data-end=\"793\"><strong data-start=\"753\" data-end=\"791\">Les cr\u00eaperies et bistrots typiques<\/strong><\/h3><p data-start=\"794\" data-end=\"1514\">Aucun s\u00e9jour en Bretagne ne serait complet sans un passage dans une <strong data-start=\"862\" data-end=\"874\">cr\u00eaperie<\/strong> et Do\u00eblan ne fait pas exception. Les cr\u00eaperies du port proposent un large choix de <strong data-start=\"958\" data-end=\"982\">galettes de sarrasin<\/strong> garnies de produits locaux tels que le <strong data-start=\"1022\" data-end=\"1103\" data-is-only-node=\"\">fromage de ch\u00e8vre, les noix de Saint-Jacques ou encore l\u2019andouille de Gu\u00e9m\u00e9n\u00e9<\/strong>. En dessert, les cr\u00eapes au beurre sal\u00e9 et caramel maison sont incontournables. Ces \u00e9tablissements offrent souvent une ambiance chaleureuse et conviviale, avec des terrasses ensoleill\u00e9es permettant de profiter pleinement du cadre paisible de Do\u00eblan. Certains bistrots locaux, quant \u00e0 eux, proposent une cuisine simple mais savoureuse, id\u00e9ale pour un repas rapide entre deux balades le long des sentiers c\u00f4tiers.<\/p><h3 data-start=\"1516\" data-end=\"1577\"><strong data-start=\"1520\" data-end=\"1575\">Les restaurants gastronomiques et cuisine inventive<\/strong><\/h3><p data-start=\"1578\" data-end=\"2269\" data-is-last-node=\"\" data-is-only-node=\"\">Pour ceux qui recherchent une <strong data-start=\"1608\" data-end=\"1641\">exp\u00e9rience culinaire raffin\u00e9e<\/strong>, Do\u00eblan et ses environs comptent \u00e9galement des restaurants gastronomiques mettant \u00e0 l\u2019honneur une <strong data-start=\"1740\" data-end=\"1770\">cuisine bretonne revisit\u00e9e<\/strong>. Ces \u00e9tablissements privil\u00e9gient les produits de saison et les circuits courts, offrant des plats \u00e9labor\u00e9s avec <strong data-start=\"1883\" data-end=\"1942\" data-is-only-node=\"\">du poisson frais, des l\u00e9gumes bio et des algues locales<\/strong>. Les chefs talentueux de ces adresses jouent avec les saveurs pour proposer des assiettes \u00e0 la fois gourmandes et visuellement \u00e9l\u00e9gantes. Que ce soit pour une occasion sp\u00e9ciale ou simplement pour d\u00e9couvrir une autre facette de la gastronomie bretonne, ces restaurants offrent une exp\u00e9rience gustative m\u00e9morable face \u00e0 l\u2019oc\u00e9an.<\/p><\/div><\/div><\/div><\/div><\/div><\/div><\/div><\/div><\/article><div class=\"markdown markdown-main-panel\" dir=\"ltr\"><h2 data-sourcepos=\"1:1-1:67\">Les plages de Doelan : Un paradis pour les amoureux de la nature<\/h2><p data-sourcepos=\"3:1-3:252\"><strong>\u00a0Ses plages, sauvages et pr\u00e9serv\u00e9es, offrent un cadre idyllique pour se d\u00e9tendre et profiter des bienfaits de l\u2019air marin.<\/strong><\/p><h3 data-sourcepos=\"13:1-13:66\"><strong>La plage de Kerfany : La plus grande et la plus familiale<\/strong><\/h3><p data-sourcepos=\"15:1-15:309\">Situ\u00e9e \u00e0 proximit\u00e9 du port, la plage de Kerfany est la plus grande et la plus fr\u00e9quent\u00e9e de Do\u00eblan. Son large \u00e9tendue de sable fin en fait un lieu id\u00e9al pour les familles et les amateurs de jeux de plage. La baignade y est surveill\u00e9e en \u00e9t\u00e9, et un club de voile propose des cours et des locations de mat\u00e9riel.<\/p><h3 data-sourcepos=\"19:1-19:49\"><strong>La plage de Port-Jean : Une plage tranquille<\/strong><\/h3><p data-sourcepos=\"21:1-21:288\">Nich\u00e9e au fond d\u2019une crique abrit\u00e9e, la plage de Port-Jean est un v\u00e9ritable havre de paix. Entour\u00e9e de rochers et de v\u00e9g\u00e9tation, elle offre un cadre idyllique pour se d\u00e9tendre et profiter du calme de la nature. La baignade y est possible, mais il est important de surveiller les courants.<\/p><h3 data-sourcepos=\"25:1-25:69\"><strong>La plage de Kervelou : Pour les amateurs de sports nautiques<\/strong><\/h3><p data-sourcepos=\"27:1-27:250\">Situ\u00e9e \u00e0 l\u2019extr\u00e9mit\u00e9 de la pointe de Pen-Has, la plage de Kervelou est un spot id\u00e9al pour les amateurs de sports nautiques. La houle y est souvent forte, ce qui en fait un paradis pour les surfeurs et les kitesurfeurs. La baignade y est d\u00e9conseill\u00e9e.<\/p><\/div><h2 data-sourcepos=\"30:1-30:31\"><strong>Informations pratiques<\/strong><\/h2><ul data-sourcepos=\"32:1-33:98\"><li data-sourcepos=\"32:1-32:169\"><strong>Comment se rendre \u00e0 Do\u00eblan:<\/strong> Do\u00eblan est accessible en voiture, en train ou en bus. La gare la plus proche est celle de Quimperl\u00e9, situ\u00e9e \u00e0 environ 15 km du village.<\/li><li data-sourcepos=\"33:1-33:98\"><strong>O\u00f9 se loger \u00e0 Do\u00eblan:<\/strong> Do\u00eblan propose un large choix d\u2019h\u00e9bergements, allant des h\u00f4tels aux g\u00eetes en passant par les campings.<\/li><li data-sourcepos=\"34:1-35:0\"><strong>Quand visiter Do\u00eblan:<\/strong> Do\u00eblan se visite toute l\u2019ann\u00e9e, mais la saison id\u00e9ale s\u2019\u00e9tend de mai \u00e0 septembre, lorsque le temps est doux et ensoleill\u00e9.<\/li><\/ul><h2 data-sourcepos=\"36:1-36:12\"><strong>FAQ<\/strong><\/h2><h3 data-sourcepos=\"38:1-38:37\"><strong>Que peut-on manger \u00e0 Doelan ?<\/strong><\/h3><p data-sourcepos=\"40:1-40:268\">Vous pourrez y d\u00e9guster des produits frais de la p\u00eache, tels que les sardines, les langoustines et les crabes. Les cr\u00eapes bretonnes, les far breton et le kouign-amann sont \u00e9galement des sp\u00e9cialit\u00e9s locales incontournables.<\/p><h3 data-sourcepos=\"42:1-42:70\"><strong>Quelles sont les activit\u00e9s \u00e0 faire \u00e0 Do\u00eblan avec des enfants ?<\/strong><\/h3><p data-sourcepos=\"44:1-44:194\">De nombreuses activit\u00e9s s\u2019offrent aux familles \u00e0 Do\u00eblan. Les enfants pourront profiter de la plage, faire du poney, visiter la ferme p\u00e9dagogique ou se balader dans les sentiers de randonn\u00e9e.<\/p><h3 data-sourcepos=\"46:1-46:33\"><strong>Peut-on p\u00eacher \u00e0 Doelan ?<\/strong><\/h3><p data-sourcepos=\"48:1-48:149\">Oui, la p\u00eache est possible \u00e0 Do\u00eblan. Vous pouvez acheter une carte de p\u00eache aupr\u00e8s de l\u2019office de tourisme ou aupr\u00e8s d\u2019un magasin de p\u00eache local.<\/p><p data-sourcepos=\"50:1-50:122\"><strong>Do\u00eblan est un <a href=\"https:\/\/fr.wikipedia.org\/wiki\/Clohars-Carno%C3%ABt\" target=\"_blank\" rel=\"noopener\">village authentique<\/a> et charmant qui saura vous s\u00e9duire par sa beaut\u00e9 sauvage et son atmosph\u00e8re paisible. <\/strong><strong>N\u2019h\u00e9sitez pas \u00e0 y s\u00e9journer pour un week-end ou des vacances inoubliables !<\/strong><\/p>\t\t\t\t\t\t\t\t<\/div>\n\t\t\t\t\t<\/div>\n\t\t\t\t<\/div>\n\t\t<aside class=\"elementor-element elementor-element-09015d2 e-flex e-con-boxed e-con e-parent\" data-id=\"09015d2\" data-element_type=\"container\" data-e-type=\"container\">\n\t\t\t\t\t<div class=\"e-con-inner\">\n\t\t\t\t<div class=\"elementor-element elementor-element-5792f0b elementor-widget elementor-widget-listeo-posts-grid\" data-id=\"5792f0b\" data-element_type=\"widget\" data-e-type=\"widget\" data-widget_type=\"listeo-posts-grid.default\">\n\t\t\t\t<div class=\"elementor-widget-container\">\n\t\t\t\t\t\t\t\n\t\t<div class=\"listeo-post-grid-wrapper\">\n\t\t\t<div class=\"row\">\n\n\t\t\t\n\n\t\t\t\t\t\t\t<div class=\"col-md-4\">\n                <a href=\"https:\/\/cparici.com\/fr\/musee-de-pont-aven\/\" class=\"blog-compact-item-container\">\n                    <div class=\"blog-compact-item\">\n                        <img decoding=\"async\" width=\"577\" height=\"227\" src=\"https:\/\/cparici.com\/wp-content\/uploads\/2024\/05\/musee-de-pont-aven.jpg\" class=\"attachment-listeo-blog-related-post size-listeo-blog-related-post wp-post-image\" alt=\"mus\u00e9e de pont aven\" srcset=\"https:\/\/cparici.com\/wp-content\/uploads\/2024\/05\/musee-de-pont-aven.jpg 1500w, https:\/\/cparici.com\/wp-content\/uploads\/2024\/05\/musee-de-pont-aven-600x236.jpg 600w, https:\/\/cparici.com\/wp-content\/uploads\/2024\/05\/musee-de-pont-aven-300x118.jpg 300w, https:\/\/cparici.com\/wp-content\/uploads\/2024\/05\/musee-de-pont-aven-1024x403.jpg 1024w, https:\/\/cparici.com\/wp-content\/uploads\/2024\/05\/musee-de-pont-aven-768x303.jpg 768w\" sizes=\"(max-width: 577px) 100vw, 577px\" \/><span class=\"blog-item-tag\">Bretagne<\/span>                        \n                        <div class=\"blog-compact-item-content\">\n                                                        <h3>Mus\u00e9e de Pont Aven<\/h3>\n                                                        <p>D\u00e9couvrez le Mus\u00e9e de Pont-Aven et plongez dans l'univers fascinant de l'\u00c9cole de Pont-Aven :...                            <\/p>\n                                                    <\/div>\n                    <\/div>\n                <\/a>\n            <\/div>\n\t\t\t<div class=\"col-md-4\">\n                <a href=\"https:\/\/cparici.com\/fr\/laita\/\" class=\"blog-compact-item-container\">\n                    <div class=\"blog-compact-item\">\n                        <img decoding=\"async\" width=\"577\" height=\"204\" src=\"https:\/\/cparici.com\/wp-content\/uploads\/2025\/03\/cparici-2025-03-03T144030.971-577x204.jpg\" class=\"attachment-listeo-blog-related-post size-listeo-blog-related-post wp-post-image\" alt=\"La La\u00efta\" srcset=\"https:\/\/cparici.com\/wp-content\/uploads\/2025\/03\/cparici-2025-03-03T144030.971-577x204.jpg 577w, https:\/\/cparici.com\/wp-content\/uploads\/2025\/03\/cparici-2025-03-03T144030.971-300x106.jpg 300w, https:\/\/cparici.com\/wp-content\/uploads\/2025\/03\/cparici-2025-03-03T144030.971-1024x362.jpg 1024w, https:\/\/cparici.com\/wp-content\/uploads\/2025\/03\/cparici-2025-03-03T144030.971-768x271.jpg 768w, https:\/\/cparici.com\/wp-content\/uploads\/2025\/03\/cparici-2025-03-03T144030.971-18x6.jpg 18w, https:\/\/cparici.com\/wp-content\/uploads\/2025\/03\/cparici-2025-03-03T144030.971-590x208.jpg 590w, https:\/\/cparici.com\/wp-content\/uploads\/2025\/03\/cparici-2025-03-03T144030.971-1200x424.jpg 1200w, https:\/\/cparici.com\/wp-content\/uploads\/2025\/03\/cparici-2025-03-03T144030.971-600x212.jpg 600w, https:\/\/cparici.com\/wp-content\/uploads\/2025\/03\/cparici-2025-03-03T144030.971.jpg 1500w\" sizes=\"(max-width: 577px) 100vw, 577px\" \/><span class=\"blog-item-tag\">Bretagne<\/span>                        \n                        <div class=\"blog-compact-item-content\">\n                                                        <h3>La La\u00efta<\/h3>\n                                                        <p>La La\u00efta La La\u00efta est une rivi\u00e8re c\u00f4ti\u00e8re bretonne, fruit de la confluence de l\u2019Ell\u00e9...                            <\/p>\n                                                    <\/div>\n                    <\/div>\n                <\/a>\n            <\/div>\n\t\t\t<div class=\"col-md-4\">\n                <a href=\"https:\/\/cparici.com\/fr\/quimperle\/\" class=\"blog-compact-item-container\">\n                    <div class=\"blog-compact-item\">\n                        <img decoding=\"async\" width=\"577\" height=\"139\" src=\"https:\/\/cparici.com\/wp-content\/uploads\/2024\/06\/Quimperle.jpg\" class=\"attachment-listeo-blog-related-post size-listeo-blog-related-post wp-post-image\" alt=\"Quimperl\u00e9\" srcset=\"https:\/\/cparici.com\/wp-content\/uploads\/2024\/06\/Quimperle.jpg 1844w, https:\/\/cparici.com\/wp-content\/uploads\/2024\/06\/Quimperle-600x144.jpg 600w, https:\/\/cparici.com\/wp-content\/uploads\/2024\/06\/Quimperle-300x72.jpg 300w, https:\/\/cparici.com\/wp-content\/uploads\/2024\/06\/Quimperle-1024x247.jpg 1024w, https:\/\/cparici.com\/wp-content\/uploads\/2024\/06\/Quimperle-768x185.jpg 768w, https:\/\/cparici.com\/wp-content\/uploads\/2024\/06\/Quimperle-1536x370.jpg 1536w\" sizes=\"(max-width: 577px) 100vw, 577px\" \/><span class=\"blog-item-tag\">Bretagne<\/span>                        \n                        <div class=\"blog-compact-item-content\">\n                                                        <h3>Quimperl\u00e9 : Une commune du Finist\u00e8re<\/h3>\n                                                        <p>D\u00e9couvrez Quimperl\u00e9, une ville charmante du Finist\u00e8re, avec ses sites historiques, ses festivals culturels, et...                            <\/p>\n                                                    <\/div>\n                    <\/div>\n                <\/a>\n            <\/div>\n  <\/div>\n        <\/div>\n        \t\t\t\t<\/div>\n\t\t\t\t<\/div>\n\t\t\t\t\t<\/div>\n\t\t\t\t<\/aside>\n\t\t\t\t<\/div>\n\t\t","protected":false},"excerpt":{"rendered":"<p>Do\u00eblan : Un village de p\u00eacheurs pittoresque en Bretagne Sud. D\u00e9couvrez ses plages sauvages, son port authentique et ses sentiers de randonn\u00e9e<\/p>\n","protected":false},"author":1,"featured_media":17880,"comment_status":"closed","ping_status":"open","sticky":false,"template":"elementor_header_footer","format":"standard","meta":{"ngg_post_thumbnail":0,"footnotes":""},"categories":[477,478,592,754,479],"tags":[],"class_list":["post-17876","post","type-post","status-publish","format-standard","has-post-thumbnail","hentry","category-france","category-bretagne","category-bretagne-sud","category-clohars-carnoet","category-finistere"],"_links":{"self":[{"href":"https:\/\/cparici.com\/fr\/wp-json\/wp\/v2\/posts\/17876","targetHints":{"allow":["GET"]}}],"collection":[{"href":"https:\/\/cparici.com\/fr\/wp-json\/wp\/v2\/posts"}],"about":[{"href":"https:\/\/cparici.com\/fr\/wp-json\/wp\/v2\/types\/post"}],"author":[{"embeddable":true,"href":"https:\/\/cparici.com\/fr\/wp-json\/wp\/v2\/users\/1"}],"replies":[{"embeddable":true,"href":"https:\/\/cparici.com\/fr\/wp-json\/wp\/v2\/comments?post=17876"}],"version-history":[{"count":3,"href":"https:\/\/cparici.com\/fr\/wp-json\/wp\/v2\/posts\/17876\/revisions"}],"predecessor-version":[{"id":85085,"href":"https:\/\/cparici.com\/fr\/wp-json\/wp\/v2\/posts\/17876\/revisions\/85085"}],"wp:featuredmedia":[{"embeddable":true,"href":"https:\/\/cparici.com\/fr\/wp-json\/wp\/v2\/media\/17880"}],"wp:attachment":[{"href":"https:\/\/cparici.com\/fr\/wp-json\/wp\/v2\/media?parent=17876"}],"wp:term":[{"taxonomy":"category","embeddable":true,"href":"https:\/\/cparici.com\/fr\/wp-json\/wp\/v2\/categories?post=17876"},{"taxonomy":"post_tag","embeddable":true,"href":"https:\/\/cparici.com\/fr\/wp-json\/wp\/v2\/tags?post=17876"}],"curies":[{"name":"wp","href":"https:\/\/api.w.org\/{rel}","templated":true}]}}