{"id":17878,"date":"2024-05-18T10:52:10","date_gmt":"2024-05-18T08:52:10","guid":{"rendered":"https:\/\/cparici.com\/?p=17878"},"modified":"2025-07-22T18:28:31","modified_gmt":"2025-07-22T16:28:31","slug":"le-pouldu","status":"publish","type":"post","link":"https:\/\/cparici.com\/fr\/le-pouldu\/","title":{"rendered":"Le Pouldu &#8211; un village aux portes de Lorient"},"content":{"rendered":"\t\t<div data-elementor-type=\"wp-post\" data-elementor-id=\"17878\" class=\"elementor elementor-17878\" data-elementor-post-type=\"post\">\n\t\t\t\t<div class=\"elementor-element elementor-element-4729092 e-con-full e-flex e-con e-parent\" data-id=\"4729092\" data-element_type=\"container\" data-e-type=\"container\">\n\t\t\t\t<div class=\"elementor-element elementor-element-5886bae elementor-widget elementor-widget-image\" data-id=\"5886bae\" data-element_type=\"widget\" data-e-type=\"widget\" data-widget_type=\"image.default\">\n\t\t\t\t\t\t\t\t\t\t\t\t\t\t\t<img decoding=\"async\" width=\"1500\" height=\"546\" src=\"https:\/\/cparici.com\/wp-content\/uploads\/2024\/05\/le-pouldu.jpg\" class=\"attachment-full size-full wp-image-17883\" alt=\"le pouldu\" srcset=\"https:\/\/cparici.com\/wp-content\/uploads\/2024\/05\/le-pouldu.jpg 1500w, https:\/\/cparici.com\/wp-content\/uploads\/2024\/05\/le-pouldu-600x218.jpg 600w, https:\/\/cparici.com\/wp-content\/uploads\/2024\/05\/le-pouldu-300x109.jpg 300w, https:\/\/cparici.com\/wp-content\/uploads\/2024\/05\/le-pouldu-1024x373.jpg 1024w, https:\/\/cparici.com\/wp-content\/uploads\/2024\/05\/le-pouldu-768x280.jpg 768w\" sizes=\"(max-width: 1500px) 100vw, 1500px\" \/>\t\t\t\t\t\t\t\t\t\t\t\t\t\t\t<\/div>\n\t\t\t\t<\/div>\n\t\t<aside class=\"elementor-element elementor-element-6308e3e e-flex e-con-boxed e-con e-parent\" data-id=\"6308e3e\" data-element_type=\"container\" data-e-type=\"container\">\n\t\t\t\t\t<div class=\"e-con-inner\">\n\t\t\t\t<div class=\"elementor-element elementor-element-22d3e6e elementor-widget elementor-widget-global elementor-global-62046 elementor-widget-eael-advanced-search\" data-id=\"22d3e6e\" data-element_type=\"widget\" data-e-type=\"widget\" data-widget_type=\"eael-advanced-search.default\">\n\t\t\t\t\t        <div class=\"eael-adv-search-wrapper\">\n            <div id=\"eael-advanced-search-widget-22d3e6e\" class=\"eael-advanced-search-widget\">\n                <form data-settings=\"{&quot;post_per_page&quot;:5,&quot;search_among_taxonomies&quot;:&quot;&quot;,&quot;search_among_sku&quot;:&quot;no&quot;,&quot;show_popular_keyword&quot;:0,&quot;show_category&quot;:0,&quot;show_content_image&quot;:1,&quot;show_search_result_all_results&quot;:0,&quot;result_on_new_tab&quot;:&quot;no&quot;,&quot;show_product_price&quot;:&quot;no&quot;,&quot;include_current_page&quot;:&quot;no&quot;,&quot;current_post_id&quot;:17878,&quot;post_type&quot;:[&quot;post&quot;,&quot;listing&quot;]}\" method=\"POST\" name=\"eael-advanced-search-form-22d3e6e\" class=\"eael-advanced-search-form eael-advanced-search-form-style-2\">\n                    <div class=\"eael-advanced-search-wrap\">\n                        <span class=\"eael-adv-search-loader\"><\/span>\n                        <span class=\"eael-adv-search-close\"><i class=\"fas fa-times\"><\/i><\/span>\n                        <span class=\"icon \"><i class=\"fas fa-search\"><\/i><\/span>\n\n                        <input type=\"text\"\n                               placeholder=\"Votre destination\"\n                               class=\"eael-advanced-search\" autocomplete=\"off\" name=\"eael_advanced_search\">\n                    <\/div>\n\t\t\t\t\t                                    <\/form>\n\n\t\t\t\t\n\t\t\t\t        <div class=\"eael-advanced-search-result\">\n            <div class=\"eael-advanced-search-popular-keyword\">\n\t\t\t\t<h4 class=\"eael-advanced-search-popular-keyword-text\">Recherches populaires<\/h4>                <div class=\"eael-popular-keyword-content\"><\/div>\n            <\/div>\n            <div class=\"eael-advanced-search-category\">\n\t\t\t\t<h4 class=\"eael-advanced-search-category-text\">Categories<\/h4>                <div class=\"eael-popular-category-content\"><\/div>\n            <\/div>\n\t\t\t<div class=\"eael-advanced-search-total-results-section\">\n\t\t\t\t\t\t\t<\/div>\n            <div class=\"eael-advanced-search-content eael-item-style-3\">\n            <\/div>\n            <div class=\"eael-advanced-search-not-found\">\n                <p>Pas de r\u00e9sultats<\/p><\/div>\n            <div class=\"eael-advanced-search-load-more\">\n\t\t\t\t<a \tclass=\"eael-advanced-search-load-more-button\"\n                \thref=\"#\">Voir tous les r\u00e9sultats<\/a>\n            <\/div>\n        <\/div>\n\n\t\t            <\/div>\n        <\/div>\n\n\t\t\t\t\t\t<\/div>\n\t\t\t\t\t<\/div>\n\t\t\t\t<\/aside>\n\t\t<div class=\"elementor-element elementor-element-13ed2b3c e-flex e-con-boxed e-con e-parent\" data-id=\"13ed2b3c\" data-element_type=\"container\" data-e-type=\"container\">\n\t\t\t\t\t<div class=\"e-con-inner\">\n\t\t\t\t<div class=\"elementor-element elementor-element-681fda65 elementor-widget elementor-widget-text-editor\" data-id=\"681fda65\" data-element_type=\"widget\" data-e-type=\"widget\" data-widget_type=\"text-editor.default\">\n\t\t\t\t\t\t\t\t\t<div class=\"markdown markdown-main-panel\" dir=\"ltr\"><h1 style=\"text-align: center;\" data-sourcepos=\"1:1-1:52\">Le Pouldu<\/h1><p data-sourcepos=\"1:1-1:52\"><span style=\"font-size: 16px;\">Nich\u00e9 au c\u0153ur du <a href=\"https:\/\/cparici.com\/fr\/visiter-le-finistere-guide-ultime-des-lieux-a-decouvrir\/\">Finist\u00e8re<\/a> Sud, en Bretagne, dans la commune de Clohars Carnoet, <strong>Le Pouldu se d\u00e9voile comme une charmante station baln\u00e9aire empreinte d&#8217;authenticit\u00e9 et de charme.<\/strong><\/span><\/p><h2 class=\"\" data-sourcepos=\"1:1-1:52\">Le Pouldu: Un village aux portes de Lorient<\/h2><h3 data-sourcepos=\"3:1-3:16\"><strong>Introduction<\/strong><\/h3><p data-sourcepos=\"5:1-5:34\">Ses paysages c\u00f4tiers spectaculaires, ses sentiers de randonn\u00e9e verdoyants et son riche patrimoine historique font de cette destination un v\u00e9ritable joyau breton.<\/p><h3 data-sourcepos=\"7:1-7:26\"><strong>Un village au charme pittoresque<\/strong><\/h3><p data-sourcepos=\"9:1-9:110\">Le Pouldu, autrefois petit port de p\u00eache, s&#8217;est aujourd&#8217;hui transform\u00e9 en une station baln\u00e9aire appr\u00e9ci\u00e9e pour son atmosph\u00e8re paisible et son cadre naturel pr\u00e9serv\u00e9. Ses maisons en pierre aux toits d&#8217;ardoise, ses ruelles fleuries et son port anim\u00e9 conf\u00e8rent au village un charme pittoresque irr\u00e9sistible.<\/p><h3 data-sourcepos=\"11:1-11:35\"><strong>Sur les traces des artistes<\/strong><\/h3><p data-sourcepos=\"13:1-13:131\">Le Pouldu, comme la ville de <a href=\"https:\/\/cparici.com\/fr\/pont-aven-guide-complet-pour-explorer-la-ville-et-ses-musees\/\">Pont Aven<\/a>,\u00a0 est indissociable du nom de Paul Gauguin, c\u00e9l\u00e8bre peintre post-impressionniste qui y s\u00e9journa de 1889 \u00e0 1891. Inspir\u00e9 par les paysages sauvages et la lumi\u00e8re unique de la Bretagne, Gauguin y r\u00e9alisa une s\u00e9rie d&#8217;\u0153uvres majeures, telles que &#8220;Les Femmes de Bretagne&#8221; et &#8220;Le Christ jaune&#8221;.<\/p><h2 data-sourcepos=\"15:1-15:46\"><strong>Le Pouldu &#8211; a la d\u00e9couverte des sites touristiques<\/strong><\/h2><ul data-sourcepos=\"17:1-26:24\"><li data-sourcepos=\"17:1-19:0\"><p data-sourcepos=\"17:3-18:38\"><strong>Le Mus\u00e9e Gauguin<\/strong><\/p><\/li><\/ul><p data-sourcepos=\"17:3-18:38\">\u00a0Situ\u00e9 dans l&#8217;ancienne auberge o\u00f9 r\u00e9sida le peintre, ce mus\u00e9e retrace la vie et l&#8217;\u0153uvre de Paul Gauguin \u00e0 travers une collection riche de peintures, sculptures et gravures.<\/p><ul data-sourcepos=\"17:1-26:24\"><li data-sourcepos=\"20:1-22:0\"><p data-sourcepos=\"20:3-21:40\"><strong>Le Sentier Gauguin<\/strong><\/p><\/li><\/ul><p data-sourcepos=\"20:3-21:40\">\u00a0Ce parcours p\u00e9destre de 12 km vous emm\u00e8ne sur les traces du peintre, \u00e0 la d\u00e9couverte des lieux qui l&#8217;inspir\u00e8rent.<\/p><ul data-sourcepos=\"17:1-26:24\"><li data-sourcepos=\"23:1-25:0\"><p data-sourcepos=\"23:3-23:150\"><strong>La Chapelle Saint-Michel<\/strong><\/p><\/li><\/ul><p data-sourcepos=\"23:3-23:150\">\u00a0Cette chapelle du XVI\u00e8me si\u00e8cle, perch\u00e9e sur un promontoire rocheux, offre une vue imprenable sur la baie de Quiberon.<\/p><ul data-sourcepos=\"17:1-26:24\"><li data-sourcepos=\"26:1-26:24\"><p data-sourcepos=\"26:3-26:24\"><strong>Le Port de Do\u00eblan<\/strong><\/p><\/li><\/ul><p data-sourcepos=\"26:3-26:24\">Ce charmant <a href=\"https:\/\/cparici.com\/fr\/doelan\/\">port de p\u00eache<\/a>, situ\u00e9 \u00e0 proximit\u00e9 du Pouldu, m\u00e9rite le d\u00e9tour pour son ambiance authentique et ses paysages pittoresques.<\/p><h2 data-sourcepos=\"29:3-29:241\"><strong>Les Plages du Pouldu<\/strong><\/h2><p data-sourcepos=\"29:3-29:241\"><strong>Le Pouldu dispose de plusieurs plages de sable fin<\/strong>, id\u00e9ales pour la baignade, le farniente et les sports nautiques. Parmi les plus appr\u00e9ci\u00e9es, citons la plage du K\u00e9rou, la plage de Bellangenet et la plage des Grands Sables.<\/p><ul data-sourcepos=\"9:1-9:59\"><li data-sourcepos=\"9:1-9:59\"><h3 data-sourcepos=\"9:3-10:48\"><strong>La plage des Grands Sables<\/strong><\/h3><\/li><\/ul><p data-sourcepos=\"9:3-10:48\">\u00a0V\u00e9ritable joyau du Pouldu, cette plage s&#8217;\u00e9tend sur plus d&#8217;un kilom\u00e8tre de sable fin et dor\u00e9. Parfaite pour la baignade, le bronzage et les jeux de plage, elle offre \u00e9galement un cadre id\u00e9al pour la pratique du char \u00e0 voile et du kitesurf.<\/p><ul data-sourcepos=\"9:1-9:59\"><li data-sourcepos=\"12:1-12:105\"><h3 data-sourcepos=\"12:3-12:105\"><strong>La plage du K\u00e9rou<\/strong><\/h3><\/li><\/ul><p data-sourcepos=\"12:3-12:105\">Situ\u00e9e \u00e0 proximit\u00e9 de la pointe de Pen-Men, cette plage sauvage est un v\u00e9ritable havre de paix. Bord\u00e9e de dunes et de rochers, elle offre une vue imprenable sur la mer d&#8217;Iroise et l&#8217;\u00eele de Groix.<\/p><ul data-sourcepos=\"9:1-9:59\"><li data-sourcepos=\"15:1-17:0\"><h3 data-sourcepos=\"15:3-16:45\"><strong>La plage de Bellangenet<\/strong><\/h3><\/li><\/ul><p data-sourcepos=\"15:3-16:45\">\u00a0Plus petite et plus familiale que les deux pr\u00e9c\u00e9dentes, cette plage est id\u00e9ale pour les enfants avec son bassin naturel peu profond. Elle dispose \u00e9galement d&#8217;un club de plage proposant des cours de voile et de kayak.<\/p><h3 data-sourcepos=\"18:1-18:41\"><strong>Des activit\u00e9s pour tous les go\u00fbts<\/strong><\/h3><p data-sourcepos=\"20:1-20:141\">Que vous soyez amateur de sports nautiques, de farniente ou de d\u00e9couvertes en famille, les plages du Pouldu ont quelque chose \u00e0 vous offrir.<\/p><ul data-sourcepos=\"22:1-26:12\"><li data-sourcepos=\"22:1-23:0\"><p data-sourcepos=\"22:3-22:210\"><strong>Sports nautiques<\/strong>: Profitez des vagues pour vous adonner au surf, \u00e0 la planche \u00e0 voile ou au kitesurf. Des \u00e9coles de voile et de surf proposent des cours et des locations de mat\u00e9riel pour tous les niveaux.<\/p><\/li><li data-sourcepos=\"24:1-25:0\"><p data-sourcepos=\"24:3-24:176\"><strong>Farniente<\/strong>: Installez-vous confortablement sur le sable fin et laissez-vous bercer par le clapotis des vagues. Profitez du soleil breton pour bronzer ou lire un bon livre.<\/p><\/li><li data-sourcepos=\"26:1-26:12\"><p data-sourcepos=\"26:3-26:12\"><strong>D\u00e9couvertes en famille<\/strong>: Explorez les dunes et les rochers qui bordent les plages, construisez des ch\u00e2teaux de sable avec les enfants ou partez \u00e0 la recherche de coquillages.<\/p><\/li><\/ul><h2 data-sourcepos=\"31:1-31:41\"><strong>Les activit\u00e9s au Pouldu<\/strong><\/h2><p data-sourcepos=\"33:1-33:186\">Que vous soyez amateur de randonn\u00e9e, de v\u00e9lo, de sports nautiques ou simplement \u00e0 la recherche de d\u00e9tente, Le Pouldu vous propose une multitude d&#8217;activit\u00e9s pour agr\u00e9menter votre s\u00e9jour.<\/p><ul data-sourcepos=\"35:1-36:0\"><li data-sourcepos=\"35:1-36:0\"><p data-sourcepos=\"35:3-35:162\"><strong>Randonn\u00e9e<\/strong>: De nombreux sentiers de randonn\u00e9e sillonnent la c\u00f4te et les environs du Pouldu, vous permettant de d\u00e9couvrir la beaut\u00e9 sauvage du paysage breton.<\/p><\/li><li data-sourcepos=\"37:1-38:0\"><p data-sourcepos=\"37:3-37:152\"><strong>V\u00e9lo<\/strong>: Le Pouldu est une destination id\u00e9ale pour les cyclistes, avec ses nombreuses pistes cyclables qui longent la c\u00f4te et traversent la campagne.<\/p><\/li><li data-sourcepos=\"39:1-40:0\"><p data-sourcepos=\"39:3-39:149\"><strong>Sports nautiques<\/strong>: La baie de Quiberon offre un cadre id\u00e9al pour la pratique de la voile, du char \u00e0 voile, du kitesurf et de la planche \u00e0 voile.<\/p><\/li><li data-sourcepos=\"41:1-42:0\"><p data-sourcepos=\"41:3-41:177\"><strong>D\u00e9tente<\/strong>: Profitez des plages de sable fin pour vous relaxer et bronzer, ou fl\u00e2nez dans les ruelles du village et d\u00e9couvrez ses boutiques d&#8217;artisanat et ses galeries d&#8217;art.<\/p><\/li><\/ul><h2 data-sourcepos=\"41:3-41:177\"><strong>Informations pratiques &#8211; FAQ<\/strong><\/h2><p data-sourcepos=\"45:1-45:33\"><strong>Comment se rendre au Pouldu ?<\/strong><\/p><p data-sourcepos=\"47:1-47:68\">Le Pouldu est facilement accessible en voiture, en train ou en bus.<\/p><ul data-sourcepos=\"49:1-54:0\"><li data-sourcepos=\"49:1-50:0\"><p data-sourcepos=\"49:3-49:86\"><strong>En voiture<\/strong>: Le Pouldu se situe \u00e0 environ 60 km de Lorient et \u00e0 80 km de Quimper.<\/p><\/li><li data-sourcepos=\"51:1-52:0\"><p data-sourcepos=\"51:3-51:114\"><strong>En train<\/strong>: La gare la plus proche est celle de Lorient, d&#8217;o\u00f9 des bus relient Le Pouldu en environ 30 minutes.<\/p><\/li><li data-sourcepos=\"53:1-54:0\"><p data-sourcepos=\"53:3-53:107\"><strong>En bus<\/strong>: Des lignes r\u00e9guli\u00e8res de bus relient Le Pouldu \u00e0 Lorient, Quimper et les villes des environs.<\/p><\/li><\/ul><p data-sourcepos=\"55:1-55:27\"><strong>O\u00f9 se loger au Pouldu ?<\/strong><\/p><p data-sourcepos=\"57:1-57:116\">Le Pouldu propose un large choix d&#8217;h\u00e9bergements pour tous les budgets, campings, g\u00eetes, chambres d&#8217;h\u00f4tes et h\u00f4tels.<\/p><p data-sourcepos=\"59:1-59:29\"><strong>Quand visiter Le Pouldu ?<\/strong><\/p><p data-sourcepos=\"61:1-61:161\">Le Pouldu est une <a href=\"https:\/\/fr.wikipedia.org\/wiki\/Pouldu\" target=\"_blank\" rel=\"noopener\">destination<\/a> agr\u00e9able toute l&#8217;ann\u00e9e. Cependant, la saison id\u00e9ale pour profiter des plages et des activit\u00e9s nautiques s&#8217;\u00e9tend de mai \u00e0 septembre.<\/p><\/div>\t\t\t\t\t\t\t\t<\/div>\n\t\t\t\t\t<\/div>\n\t\t\t\t<\/div>\n\t\t<aside class=\"elementor-element elementor-element-4f2c90b e-flex e-con-boxed e-con e-parent\" data-id=\"4f2c90b\" data-element_type=\"container\" data-e-type=\"container\">\n\t\t\t\t\t<div class=\"e-con-inner\">\n\t\t\t\t<div class=\"elementor-element elementor-element-11a3187 elementor-widget elementor-widget-listeo-posts-grid\" data-id=\"11a3187\" data-element_type=\"widget\" data-e-type=\"widget\" data-widget_type=\"listeo-posts-grid.default\">\n\t\t\t\t<div class=\"elementor-widget-container\">\n\t\t\t\t\t\t\t\n\t\t<div class=\"listeo-post-grid-wrapper\">\n\t\t\t<div class=\"row\">\n\n\t\t\t\n\n\t\t\t\t\t\t\t<div class=\"col-md-4\">\n                <a href=\"https:\/\/cparici.com\/fr\/fouesnant-plage-guide-des-spots-familiaux-et-des-clubs-nautiques\/\" class=\"blog-compact-item-container\">\n                    <div class=\"blog-compact-item\">\n                        <img decoding=\"async\" width=\"577\" height=\"256\" src=\"https:\/\/cparici.com\/wp-content\/uploads\/2024\/04\/fouesnant-plage-illustration-2-577x256.jpg\" class=\"attachment-listeo-blog-related-post size-listeo-blog-related-post wp-post-image\" alt=\"Fouesnant plage les plus belles plages\" srcset=\"https:\/\/cparici.com\/wp-content\/uploads\/2024\/04\/fouesnant-plage-illustration-2-577x256.jpg 577w, https:\/\/cparici.com\/wp-content\/uploads\/2024\/04\/fouesnant-plage-illustration-2-300x133.jpg 300w, https:\/\/cparici.com\/wp-content\/uploads\/2024\/04\/fouesnant-plage-illustration-2-1024x454.jpg 1024w, https:\/\/cparici.com\/wp-content\/uploads\/2024\/04\/fouesnant-plage-illustration-2-768x341.jpg 768w, https:\/\/cparici.com\/wp-content\/uploads\/2024\/04\/fouesnant-plage-illustration-2-1536x681.jpg 1536w, https:\/\/cparici.com\/wp-content\/uploads\/2024\/04\/fouesnant-plage-illustration-2-590x262.jpg 590w, https:\/\/cparici.com\/wp-content\/uploads\/2024\/04\/fouesnant-plage-illustration-2-1200x532.jpg 1200w, https:\/\/cparici.com\/wp-content\/uploads\/2024\/04\/fouesnant-plage-illustration-2-600x266.jpg 600w, https:\/\/cparici.com\/wp-content\/uploads\/2024\/04\/fouesnant-plage-illustration-2.jpg 1700w\" sizes=\"(max-width: 577px) 100vw, 577px\" \/><span class=\"blog-item-tag\">Bretagne<\/span>                        \n                        <div class=\"blog-compact-item-content\">\n                                                        <h3>Fouesnant plage &#8211; guide des spots familiaux<\/h3>\n                                                        <p>Fouesnant plage : un paradis pour les familles et les amateurs de sports nautiques. D\u00e9couvrez...                            <\/p>\n                                                    <\/div>\n                    <\/div>\n                <\/a>\n            <\/div>\n\t\t\t<div class=\"col-md-4\">\n                <a href=\"https:\/\/cparici.com\/fr\/gites-de-france-du-finistere\/\" class=\"blog-compact-item-container\">\n                    <div class=\"blog-compact-item\">\n                        <img decoding=\"async\" width=\"577\" height=\"204\" src=\"https:\/\/cparici.com\/wp-content\/uploads\/2025\/03\/cparici-2025-03-05T121032.532-577x204.jpg\" class=\"attachment-listeo-blog-related-post size-listeo-blog-related-post wp-post-image\" alt=\"g\u00eetes de france du finist\u00e8re\" srcset=\"https:\/\/cparici.com\/wp-content\/uploads\/2025\/03\/cparici-2025-03-05T121032.532-577x204.jpg 577w, https:\/\/cparici.com\/wp-content\/uploads\/2025\/03\/cparici-2025-03-05T121032.532-300x106.jpg 300w, https:\/\/cparici.com\/wp-content\/uploads\/2025\/03\/cparici-2025-03-05T121032.532-1024x362.jpg 1024w, https:\/\/cparici.com\/wp-content\/uploads\/2025\/03\/cparici-2025-03-05T121032.532-768x271.jpg 768w, https:\/\/cparici.com\/wp-content\/uploads\/2025\/03\/cparici-2025-03-05T121032.532-18x6.jpg 18w, https:\/\/cparici.com\/wp-content\/uploads\/2025\/03\/cparici-2025-03-05T121032.532-590x208.jpg 590w, https:\/\/cparici.com\/wp-content\/uploads\/2025\/03\/cparici-2025-03-05T121032.532-1200x424.jpg 1200w, https:\/\/cparici.com\/wp-content\/uploads\/2025\/03\/cparici-2025-03-05T121032.532-600x212.jpg 600w, https:\/\/cparici.com\/wp-content\/uploads\/2025\/03\/cparici-2025-03-05T121032.532.jpg 1500w\" sizes=\"(max-width: 577px) 100vw, 577px\" \/><span class=\"blog-item-tag\">Bretagne<\/span>                        \n                        <div class=\"blog-compact-item-content\">\n                                                        <h3>G\u00eetes de France du Finist\u00e8re : D\u00e9couvrez le charme breton<\/h3>\n                                                        <p>Recherches populaires Categories Pas de r\u00e9sultats Voir tous les r\u00e9sultats G\u00eetes de France du Finist\u00e8re...                            <\/p>\n                                                    <\/div>\n                    <\/div>\n                <\/a>\n            <\/div>\n\t\t\t<div class=\"col-md-4\">\n                <a href=\"https:\/\/cparici.com\/fr\/visiter-quimper-top-des-lieux-incontournables-et-secrets\/\" class=\"blog-compact-item-container\">\n                    <div class=\"blog-compact-item\">\n                        <img decoding=\"async\" width=\"577\" height=\"234\" src=\"https:\/\/cparici.com\/wp-content\/uploads\/2024\/04\/visiter-quimper-dans-le-finistere.jpg\" class=\"attachment-listeo-blog-related-post size-listeo-blog-related-post wp-post-image\" alt=\"visiter quimper dans le finist\u00e8re, bretagne\" srcset=\"https:\/\/cparici.com\/wp-content\/uploads\/2024\/04\/visiter-quimper-dans-le-finistere.jpg 1500w, https:\/\/cparici.com\/wp-content\/uploads\/2024\/04\/visiter-quimper-dans-le-finistere-600x243.jpg 600w, https:\/\/cparici.com\/wp-content\/uploads\/2024\/04\/visiter-quimper-dans-le-finistere-300x122.jpg 300w, https:\/\/cparici.com\/wp-content\/uploads\/2024\/04\/visiter-quimper-dans-le-finistere-1024x415.jpg 1024w, https:\/\/cparici.com\/wp-content\/uploads\/2024\/04\/visiter-quimper-dans-le-finistere-768x311.jpg 768w\" sizes=\"(max-width: 577px) 100vw, 577px\" \/><span class=\"blog-item-tag\">Bretagne<\/span>                        \n                        <div class=\"blog-compact-item-content\">\n                                                        <h3>Visiter Quimper &#8211; top des lieux incontournables et secrets<\/h3>\n                                                        <p>Quimper, une ville pleine de charme et d'histoire. Suivez notre article pour visiter Quimper et...                            <\/p>\n                                                    <\/div>\n                    <\/div>\n                <\/a>\n            <\/div>\n  <\/div>\n        <\/div>\n        \t\t\t\t<\/div>\n\t\t\t\t<\/div>\n\t\t\t\t\t<\/div>\n\t\t\t\t<\/aside>\n\t\t\t\t<\/div>\n\t\t","protected":false},"excerpt":{"rendered":"<p>D\u00e9couvrez Le Pouldu, station baln\u00e9aire bretonne authentique, paradis des randonneurs et amateurs d&#8217;art, sur les traces de Gauguin.<\/p>\n","protected":false},"author":1,"featured_media":17883,"comment_status":"closed","ping_status":"open","sticky":false,"template":"elementor_header_footer","format":"standard","meta":{"ngg_post_thumbnail":0,"footnotes":""},"categories":[755,478,592,754,479,477],"tags":[],"class_list":["post-17878","post","type-post","status-publish","format-standard","has-post-thumbnail","hentry","category-le-pouldu","category-bretagne","category-bretagne-sud","category-clohars-carnoet","category-finistere","category-france"],"_links":{"self":[{"href":"https:\/\/cparici.com\/fr\/wp-json\/wp\/v2\/posts\/17878","targetHints":{"allow":["GET"]}}],"collection":[{"href":"https:\/\/cparici.com\/fr\/wp-json\/wp\/v2\/posts"}],"about":[{"href":"https:\/\/cparici.com\/fr\/wp-json\/wp\/v2\/types\/post"}],"author":[{"embeddable":true,"href":"https:\/\/cparici.com\/fr\/wp-json\/wp\/v2\/users\/1"}],"replies":[{"embeddable":true,"href":"https:\/\/cparici.com\/fr\/wp-json\/wp\/v2\/comments?post=17878"}],"version-history":[{"count":0,"href":"https:\/\/cparici.com\/fr\/wp-json\/wp\/v2\/posts\/17878\/revisions"}],"wp:featuredmedia":[{"embeddable":true,"href":"https:\/\/cparici.com\/fr\/wp-json\/wp\/v2\/media\/17883"}],"wp:attachment":[{"href":"https:\/\/cparici.com\/fr\/wp-json\/wp\/v2\/media?parent=17878"}],"wp:term":[{"taxonomy":"category","embeddable":true,"href":"https:\/\/cparici.com\/fr\/wp-json\/wp\/v2\/categories?post=17878"},{"taxonomy":"post_tag","embeddable":true,"href":"https:\/\/cparici.com\/fr\/wp-json\/wp\/v2\/tags?post=17878"}],"curies":[{"name":"wp","href":"https:\/\/api.w.org\/{rel}","templated":true}]}}