{"id":35194,"date":"2024-05-27T09:14:00","date_gmt":"2024-05-27T07:14:00","guid":{"rendered":"https:\/\/cparici.com\/?p=35194"},"modified":"2026-01-25T08:52:11","modified_gmt":"2026-01-25T07:52:11","slug":"la-flotte-en-re","status":"publish","type":"post","link":"https:\/\/cparici.com\/fr\/la-flotte-en-re\/","title":{"rendered":"La flotte en r\u00e9 : guide complet pour explorer la ville de La Flotte"},"content":{"rendered":"\t\t<div data-elementor-type=\"wp-post\" data-elementor-id=\"35194\" class=\"elementor elementor-35194\" data-elementor-post-type=\"post\">\n\t\t\t\t<div class=\"elementor-element elementor-element-2a95e45 e-con-full e-flex e-con e-parent\" data-id=\"2a95e45\" data-element_type=\"container\" data-e-type=\"container\">\n\t\t\t\t<div class=\"elementor-element elementor-element-b973bd6 elementor-widget elementor-widget-image\" data-id=\"b973bd6\" data-element_type=\"widget\" data-e-type=\"widget\" data-widget_type=\"image.default\">\n\t\t\t\t\t\t\t\t\t\t\t\t\t\t\t<img decoding=\"async\" width=\"1500\" height=\"545\" src=\"https:\/\/cparici.com\/wp-content\/uploads\/2024\/05\/la-flotte-en-re.jpg\" class=\"attachment-full size-full wp-image-35195\" alt=\"la flotte en r\u00e9\" srcset=\"https:\/\/cparici.com\/wp-content\/uploads\/2024\/05\/la-flotte-en-re.jpg 1500w, https:\/\/cparici.com\/wp-content\/uploads\/2024\/05\/la-flotte-en-re-600x218.jpg 600w, https:\/\/cparici.com\/wp-content\/uploads\/2024\/05\/la-flotte-en-re-300x109.jpg 300w, https:\/\/cparici.com\/wp-content\/uploads\/2024\/05\/la-flotte-en-re-1024x372.jpg 1024w, https:\/\/cparici.com\/wp-content\/uploads\/2024\/05\/la-flotte-en-re-768x279.jpg 768w\" sizes=\"(max-width: 1500px) 100vw, 1500px\" \/>\t\t\t\t\t\t\t\t\t\t\t\t\t\t\t<\/div>\n\t\t\t\t<\/div>\n\t\t<nav class=\"elementor-element elementor-element-b9832fa e-flex e-con-boxed e-con e-parent\" data-id=\"b9832fa\" data-element_type=\"container\" data-e-type=\"container\">\n\t\t\t\t\t<div class=\"e-con-inner\">\n\t\t\t\t<div class=\"elementor-element elementor-element-f20cd2a elementor-widget elementor-widget-global elementor-global-62046 elementor-widget-eael-advanced-search\" data-id=\"f20cd2a\" data-element_type=\"widget\" data-e-type=\"widget\" data-widget_type=\"eael-advanced-search.default\">\n\t\t\t\t\t        <div class=\"eael-adv-search-wrapper\">\n            <div id=\"eael-advanced-search-widget-f20cd2a\" class=\"eael-advanced-search-widget\">\n                <form data-settings=\"{&quot;post_per_page&quot;:5,&quot;search_among_taxonomies&quot;:&quot;&quot;,&quot;search_among_sku&quot;:&quot;no&quot;,&quot;show_popular_keyword&quot;:0,&quot;show_category&quot;:0,&quot;show_content_image&quot;:1,&quot;show_search_result_all_results&quot;:0,&quot;result_on_new_tab&quot;:&quot;no&quot;,&quot;show_product_price&quot;:&quot;no&quot;,&quot;include_current_page&quot;:&quot;no&quot;,&quot;current_post_id&quot;:35194,&quot;post_type&quot;:[&quot;post&quot;,&quot;listing&quot;]}\" method=\"POST\" name=\"eael-advanced-search-form-f20cd2a\" class=\"eael-advanced-search-form eael-advanced-search-form-style-2\">\n                    <div class=\"eael-advanced-search-wrap\">\n                        <span class=\"eael-adv-search-loader\"><\/span>\n                        <span class=\"eael-adv-search-close\"><i class=\"fas fa-times\"><\/i><\/span>\n                        <span class=\"icon \"><i class=\"fas fa-search\"><\/i><\/span>\n\n                        <input type=\"text\"\n                               placeholder=\"Votre destination\"\n                               class=\"eael-advanced-search\" autocomplete=\"off\" name=\"eael_advanced_search\">\n                    <\/div>\n\t\t\t\t\t                                    <\/form>\n\n\t\t\t\t\n\t\t\t\t        <div class=\"eael-advanced-search-result\">\n            <div class=\"eael-advanced-search-popular-keyword\">\n\t\t\t\t<h4 class=\"eael-advanced-search-popular-keyword-text\">Recherches populaires<\/h4>                <div class=\"eael-popular-keyword-content\"><\/div>\n            <\/div>\n            <div class=\"eael-advanced-search-category\">\n\t\t\t\t<h4 class=\"eael-advanced-search-category-text\">Categories<\/h4>                <div class=\"eael-popular-category-content\"><\/div>\n            <\/div>\n\t\t\t<div class=\"eael-advanced-search-total-results-section\">\n\t\t\t\t\t\t\t<\/div>\n            <div class=\"eael-advanced-search-content eael-item-style-3\">\n            <\/div>\n            <div class=\"eael-advanced-search-not-found\">\n                <p>Pas de r\u00e9sultats<\/p><\/div>\n            <div class=\"eael-advanced-search-load-more\">\n\t\t\t\t<a \tclass=\"eael-advanced-search-load-more-button\"\n                \thref=\"#\">Voir tous les r\u00e9sultats<\/a>\n            <\/div>\n        <\/div>\n\n\t\t            <\/div>\n        <\/div>\n\n\t\t\t\t\t\t<\/div>\n\t\t\t\t\t<\/div>\n\t\t\t\t<\/nav>\n\t\t<div class=\"elementor-element elementor-element-1a5bc52b e-flex e-con-boxed e-con e-parent\" data-id=\"1a5bc52b\" data-element_type=\"container\" data-e-type=\"container\">\n\t\t\t\t\t<div class=\"e-con-inner\">\n\t\t\t\t<div class=\"elementor-element elementor-element-6ff96018 elementor-widget elementor-widget-text-editor\" data-id=\"6ff96018\" data-element_type=\"widget\" data-e-type=\"widget\" data-widget_type=\"text-editor.default\">\n\t\t\t\t\t\t\t\t\t<h1 style=\"text-align: center;\"><span style=\"font-size: 18pt;\">La Flotte en R\u00e9<\/span><\/h1><p>En qu\u00eate d\u2019une escapade paradisiaque pour vos prochaines vacances ? Attir\u00e9 par l\u2019authenticit\u00e9 des villages pittoresques, le riche patrimoine historique et culturel, les merveilles naturelles pr\u00e9serv\u00e9es ainsi que par les divertissements nautiques ? La Flotte en R\u00e9 est votre destination id\u00e9ale !<\/p><p>Situ\u00e9e au large de la c\u00f4te atlantique, au sein du d\u00e9partement de la <a href=\"https:\/\/cparici.com\/fr\/visiter-la-charente-maritime-guide-des-meilleurs-sites-et-activites\/\">Charente-Maritime<\/a>, La Flotte en R\u00e9 est l\u2019un des dix villages charmants de l\u2019\u00eele de R\u00e9. Reconnu comme l\u2019un des plus beaux villages de France, elle vous captivera avec son port de carte postale, son march\u00e9 ancestral, son abbaye cistercienne, son mus\u00e9e du Platin et ses plages immacul\u00e9es.<\/p><p>Que votre voyage soit en famille, en duo ou entre amis, La Flotte en R\u00e9 vous promet des moments de d\u00e9tente, de divertissement et d\u2019\u00e9merveillement inoubliables.<\/p><p>Dans cet article, nous vous offrons un guide exhaustif pour explorer La Flotte en R\u00e9 et savourer chaque tr\u00e9sor qu\u2019elle peut vous offrir. Pr\u00e9parez-vous \u00e0 d\u00e9couvrir les joyaux de La Flotte en R\u00e9, les activit\u00e9s incontournables, ainsi que nos recommandations pour un s\u00e9jour m\u00e9morable en termes d\u2019h\u00e9bergement et de gastronomie. Laissez-vous guider !<\/p>\t\t\t\t\t\t\t\t<\/div>\n\t\t\t\t\t<\/div>\n\t\t\t\t<\/div>\n\t\t<aside class=\"elementor-element elementor-element-46ab1552 e-flex e-con-boxed e-con e-parent\" data-id=\"46ab1552\" data-element_type=\"container\" data-e-type=\"container\" data-settings=\"{&quot;background_background&quot;:&quot;classic&quot;}\">\n\t\t\t\t\t<div class=\"e-con-inner\">\n\t\t\t\t<div class=\"elementor-element elementor-element-ec5f689 elementor-widget elementor-widget-spacer\" data-id=\"ec5f689\" data-element_type=\"widget\" data-e-type=\"widget\" data-widget_type=\"spacer.default\">\n\t\t\t\t\t\t\t<div class=\"elementor-spacer\">\n\t\t\t<div class=\"elementor-spacer-inner\"><\/div>\n\t\t<\/div>\n\t\t\t\t\t\t<\/div>\n\t\t\t\t<div class=\"elementor-element elementor-element-3108963d elementor-widget elementor-widget-heading\" data-id=\"3108963d\" data-element_type=\"widget\" data-e-type=\"widget\" data-widget_type=\"heading.default\">\n\t\t\t\t\t<h2 class=\"elementor-heading-title elementor-size-default\">H\u00e9bergements de Vacances La Flotte en R\u00e9 en direct<\/h2>\t\t\t\t<\/div>\n\t\t\t\t<div class=\"elementor-element elementor-element-34461de6 elementor-widget elementor-widget-listeo-listings-carousel\" data-id=\"34461de6\" data-element_type=\"widget\" data-e-type=\"widget\" data-widget_type=\"listeo-listings-carousel.default\">\n\t\t\t\t<div class=\"elementor-widget-container\">\n\t\t\t\t\t        <!-- Carousel \/ Start -->\n        \t<div class=\"simple-slick-carousel dots-nav\" data-slick='{&quot;autoplay&quot;:true,&quot;autoplaySpeed&quot;:3000,&quot;slidesToShow&quot;:3,&quot;slidesToScroll&quot;:1,&quot;responsive&quot;:[{&quot;breakpoint&quot;:1024,&quot;settings&quot;:{&quot;slidesToShow&quot;:2,&quot;slidesToScroll&quot;:1}},{&quot;breakpoint&quot;:768,&quot;settings&quot;:{&quot;slidesToShow&quot;:1,&quot;slidesToScroll&quot;:1}}]}'>\n                            <div class=\"fw-carousel-item\">                    \n                        <!-- Listing Item -->\r\n            <div class=\"col-lg-6 col-md-12\">\r\n                <a href=\"https:\/\/cparici.com\/fr\/annonce\/le-36-maison-dhotes-piscinespa\/\"  class=\"listing-item-container listing-geo-data compact\" \r\n\t\tdata-title=\"Le 36 Maison d\u2019h\u00f4tes Piscine&Spa\"\r\n\t\tdata-listing-type=\"rental\"\r\n\t\tdata-classifieds-price=\"\u20ac\"\r\n\t\tdata-friendly-address=\"36 Avenue des Vieux Moulins\"\r\n\t\tdata-address=\"36 Avenue des Vieux Moulins\"\r\n\t\tdata-image=\"https:\/\/cparici.com\/wp-content\/uploads\/2025\/12\/8f082204-485e-45a4-b2cf-359a6ea269b0_CkNIFlfL-2-520x397.jpg\"\r\n\t\tdata-longitude=\"-1.3331261\"\r\n\t\tdata-latitude=\"46.1859313\"\r\n\t\t\t\t\tdata-rating=\"5\"\r\n\t\t\tdata-reviews=\"190\"\r\n\t\t\t\tdata-icon=\"<svg xmlns=&quot;http:\/\/www.w3.org\/2000\/svg&quot; width=&quot;800px&quot; height=&quot;800px&quot; viewBox=&quot;0 0 45 45&quot; fill=&quot;none&quot;>\n<path d=&quot;M24.155 8.78099L24.33 8.94499L37.402 21.787L36 23.213L34.2 21.445L34.201 35C34.201 36.054 33.385 36.918 32.35 36.994L32.201 37H12.201C11.147 37 10.283 36.184 10.206 35.149L10.201 35L10.2 21.446L8.402 23.213L7 21.787L20.058 8.95799C21.171 7.82199 22.966 7.75899 24.155 8.78099ZM21.569 10.285L21.473 10.372L12.2 19.481L12.201 35L17.2 34.999L17.201 25C17.201 23.946 18.017 23.082 19.052 23.005L19.201 23H25.201C26.255 23 27.119 23.816 27.196 24.851L27.201 25L27.2 34.999L32.201 35L32.2 19.48L22.901 10.344C22.537 9.98699 21.969 9.96499 21.569 10.285ZM25.201 25H19.201L19.2 34.999H25.2L25.201 25Z&quot; fill=&quot;#3C3C3C&quot;\/>\n<\/svg>\"\r\n\r\n\t>\r\n            <div class=\"listing-item  \">\r\n                <div class=\"listing-small-badges-container\">\r\n                                                                <div class=\"listing-small-badge pricing-badge\"><i class=\"fa fa-tag\"><\/i>150,00\u20ac - 310,00\u20ac<\/div>\r\n                                                            \r\n                                        \r\n                                        \r\n                <\/div>\r\n                <img decoding=\"async\" src=\"https:\/\/cparici.com\/wp-content\/uploads\/2025\/12\/8f082204-485e-45a4-b2cf-359a6ea269b0_CkNIFlfL-2-520x397.jpg\" alt=\"Le 36 Maison d\u2019h\u00f4tes Piscine&Spa\" class=\"listing-thumbnail\">\r\n                \r\n\r\n                <div class=\"listing-item-content\">\r\n                                                <div class=\"numerical-rating\" data-rating=\"5.0\"><\/div>\r\n                    \r\n                    <h3> Le 36 Maison d\u2019h\u00f4tes Piscine&Spa <\/h3>\r\n                    <span>36 Avenue des Vieux Moulins<\/span>\r\n                <\/div>\r\n                                        <span class=\"save like-icon tooltip left\" title=\"Connexion pour marquer des \u00e9l\u00e9ments\"><\/span>\r\n                                                <\/div>\r\n        <\/a>\r\n                    <\/div>\r\n        \r\n\r\n        <!-- Listing Item \/ End -->\n                    <\/div>\n                          <\/div>\n        \t\t\t\t<\/div>\n\t\t\t\t<\/div>\n\t\t\t\t\t<\/div>\n\t\t\t\t<\/aside>\n\t\t<div class=\"elementor-element elementor-element-92175cb e-flex e-con-boxed e-con e-parent\" data-id=\"92175cb\" data-element_type=\"container\" data-e-type=\"container\">\n\t\t\t\t\t<div class=\"e-con-inner\">\n\t\t\t\t<div class=\"elementor-element elementor-element-d7edd8d elementor-widget elementor-widget-text-editor\" data-id=\"d7edd8d\" data-element_type=\"widget\" data-e-type=\"widget\" data-widget_type=\"text-editor.default\">\n\t\t\t\t\t\t\t\t\t<h2><span style=\"font-size: 18pt;\">\u00c0 la d\u00e9couverte de La Flotte : un bijou de l\u2019\u00cele de R\u00e9<\/span><\/h2><p>Situ\u00e9 sur l\u2019\u00cele de R\u00e9, le village de La Flotte est un m\u00e9lange harmonieux d\u2019histoire, de patrimoine et de charme intemporel. Reconnu comme l\u2019un des plus beaux villages de France, La Flotte offre une invitation captivante \u00e0 explorer ses tr\u00e9sors cach\u00e9s et ses merveilles.<\/p><h3>Histoire et patrimoine<\/h3><p>Fond\u00e9 au XIe si\u00e8cle par des moines de l\u2019abbaye des Ch\u00e2teliers, La Flotte a jou\u00e9 un r\u00f4le central dans le d\u00e9veloppement de la viticulture sur l\u2019\u00eele. Les ruines de l\u2019abbaye subsistent comme t\u00e9moins de l\u2019influence du monachisme cistercien. D\u00e8s le Moyen \u00c2ge, ce village s\u2019\u00e9tablit comme un port crucial pour le n\u00e9goce du sel et du vin, tout en servant de bastion contre les invasions anglaises.<\/p><p>Le fort la Pr\u00e9e, \u00e9rig\u00e9 au XVIIe si\u00e8cle, s\u2019impose comme le plus vieux bastion militaire de l\u2019\u00eele, cl\u00e9 lors du si\u00e8ge de 1627 orchestr\u00e9 par Louis XIII et Richelieu contre les forces du duc de Buckingham. Des figures historiques, telles que le po\u00e8te Pierre Loti en 1886 et le mar\u00e9chal P\u00e9tain en 1945, ont marqu\u00e9 de leur pr\u00e9sence La Flotte.<\/p><h3>Le charme du port de La Flotte<\/h3><p>Au c\u0153ur du village, le port de La Flotte bat au rythme des embarcations traditionnelles et modernes. Cr\u00e9\u00e9 en 1765, il a prosp\u00e9r\u00e9 gr\u00e2ce au commerce maritime, et est aujourd\u2019hui encadr\u00e9 par d\u2019\u00e9l\u00e9gantes demeures d\u2019\u00e9poque, des restaurants, des terrasses et des boutiques, formant un lieu de convivialit\u00e9 unique.<\/p><p>Une jet\u00e9e du milieu du XIXe si\u00e8cle entoure le port, \u00e9quip\u00e9e d\u2019un phare vert pour guider les marins. Le port, c\u00e9l\u00e8bre pour ses \u00ab vieux gr\u00e9ements \u00bb, t\u00e9moigne de l\u2019ancienne activit\u00e9 maritime du village, avec cinq bateaux class\u00e9s monuments historiques.<\/p><p>Appr\u00e9ci\u00e9 des marins et des voyageurs, le port s\u00e9duit par son authenticit\u00e9 et son atmosph\u00e8re accueillante.<\/p><p>atmosph\u00e8re accueillante.<\/p><h3>La Flotte, un des plus beaux villages de France<\/h3><p>La Flotte est fi\u00e8rement inscrite au sein du r\u00e9seau \u201cVillages de pierres et d\u2019eau\u201d, mettant en avant son patrimoine remarquable et son lien profond avec l\u2019eau. Le village est distingu\u00e9 comme l\u2019un des plus beaux de France, gr\u00e2ce \u00e0 ses architectures typiques et son environnement pittoresque.<\/p><p>Ses ruelles \u00e9troites, bord\u00e9es de maisons blanches aux volets color\u00e9s, invitent \u00e0 la d\u00e9couverte et \u00e0 la d\u00e9tente. Parmi ses joyaux patrimoniaux, l\u2019\u00e9glise Sainte-Catherine et la maison du Platin, abritant un mus\u00e9e retra\u00e7ant l\u2019histoire locale, se d\u00e9marquent. La Flotte capture l\u2019essence de la beaut\u00e9, de l\u2019histoire et de l\u2019esprit de l\u2019\u00cele de R\u00e9.<\/p>\t\t\t\t\t\t\t\t<\/div>\n\t\t\t\t\t<\/div>\n\t\t\t\t<\/div>\n\t\t<div class=\"elementor-element elementor-element-ca93d83 e-flex e-con-boxed e-con e-parent\" data-id=\"ca93d83\" data-element_type=\"container\" data-e-type=\"container\">\n\t\t\t\t\t<div class=\"e-con-inner\">\n\t\t<div class=\"elementor-element elementor-element-e109afc e-con-full e-flex e-con e-child\" data-id=\"e109afc\" data-element_type=\"container\" data-e-type=\"container\">\n\t\t\t\t<div class=\"elementor-element elementor-element-65c1e25 elementor-widget elementor-widget-image\" data-id=\"65c1e25\" data-element_type=\"widget\" data-e-type=\"widget\" data-widget_type=\"image.default\">\n\t\t\t\t\t\t\t\t\t\t\t\t\t\t\t<img decoding=\"async\" width=\"760\" height=\"380\" src=\"https:\/\/cparici.com\/wp-content\/uploads\/2024\/05\/la-flotte-en-re-chambre-d-hotes-1024x512.jpg\" class=\"attachment-large size-large wp-image-75604\" alt=\"la Flotte en r\u00e9 Rue pittoresque avec maisons blanches.\" srcset=\"https:\/\/cparici.com\/wp-content\/uploads\/2024\/05\/la-flotte-en-re-chambre-d-hotes-1024x512.jpg 1024w, https:\/\/cparici.com\/wp-content\/uploads\/2024\/05\/la-flotte-en-re-chambre-d-hotes-300x150.jpg 300w, https:\/\/cparici.com\/wp-content\/uploads\/2024\/05\/la-flotte-en-re-chambre-d-hotes-768x384.jpg 768w, https:\/\/cparici.com\/wp-content\/uploads\/2024\/05\/la-flotte-en-re-chambre-d-hotes-1536x768.jpg 1536w, https:\/\/cparici.com\/wp-content\/uploads\/2024\/05\/la-flotte-en-re-chambre-d-hotes-18x9.jpg 18w, https:\/\/cparici.com\/wp-content\/uploads\/2024\/05\/la-flotte-en-re-chambre-d-hotes-590x295.jpg 590w, https:\/\/cparici.com\/wp-content\/uploads\/2024\/05\/la-flotte-en-re-chambre-d-hotes-1200x600.jpg 1200w, https:\/\/cparici.com\/wp-content\/uploads\/2024\/05\/la-flotte-en-re-chambre-d-hotes-577x289.jpg 577w, https:\/\/cparici.com\/wp-content\/uploads\/2024\/05\/la-flotte-en-re-chambre-d-hotes-600x300.jpg 600w, https:\/\/cparici.com\/wp-content\/uploads\/2024\/05\/la-flotte-en-re-chambre-d-hotes.jpg 1600w\" sizes=\"(max-width: 760px) 100vw, 760px\" \/>\t\t\t\t\t\t\t\t\t\t\t\t\t\t\t<\/div>\n\t\t\t\t<\/div>\n\t\t<div class=\"elementor-element elementor-element-fb0c64b e-con-full e-flex e-con e-child\" data-id=\"fb0c64b\" data-element_type=\"container\" data-e-type=\"container\">\n\t\t\t\t<div class=\"elementor-element elementor-element-9576516 elementor-widget elementor-widget-image\" data-id=\"9576516\" data-element_type=\"widget\" data-e-type=\"widget\" data-widget_type=\"image.default\">\n\t\t\t\t\t\t\t\t\t\t\t\t\t\t\t<img decoding=\"async\" width=\"760\" height=\"380\" src=\"https:\/\/cparici.com\/wp-content\/uploads\/2024\/05\/la-flotte-en-re-chambre-d-hotes-ile-de-re-1024x512.jpg\" class=\"attachment-large size-large wp-image-75605\" alt=\"La Flotte en r\u00e9 Bateau color\u00e9 pr\u00e8s d&#039;un restaurant\" srcset=\"https:\/\/cparici.com\/wp-content\/uploads\/2024\/05\/la-flotte-en-re-chambre-d-hotes-ile-de-re-1024x512.jpg 1024w, https:\/\/cparici.com\/wp-content\/uploads\/2024\/05\/la-flotte-en-re-chambre-d-hotes-ile-de-re-300x150.jpg 300w, https:\/\/cparici.com\/wp-content\/uploads\/2024\/05\/la-flotte-en-re-chambre-d-hotes-ile-de-re-768x384.jpg 768w, https:\/\/cparici.com\/wp-content\/uploads\/2024\/05\/la-flotte-en-re-chambre-d-hotes-ile-de-re-1536x768.jpg 1536w, https:\/\/cparici.com\/wp-content\/uploads\/2024\/05\/la-flotte-en-re-chambre-d-hotes-ile-de-re-18x9.jpg 18w, https:\/\/cparici.com\/wp-content\/uploads\/2024\/05\/la-flotte-en-re-chambre-d-hotes-ile-de-re-590x295.jpg 590w, https:\/\/cparici.com\/wp-content\/uploads\/2024\/05\/la-flotte-en-re-chambre-d-hotes-ile-de-re-1200x600.jpg 1200w, https:\/\/cparici.com\/wp-content\/uploads\/2024\/05\/la-flotte-en-re-chambre-d-hotes-ile-de-re-577x289.jpg 577w, https:\/\/cparici.com\/wp-content\/uploads\/2024\/05\/la-flotte-en-re-chambre-d-hotes-ile-de-re-600x300.jpg 600w, https:\/\/cparici.com\/wp-content\/uploads\/2024\/05\/la-flotte-en-re-chambre-d-hotes-ile-de-re.jpg 1600w\" sizes=\"(max-width: 760px) 100vw, 760px\" \/>\t\t\t\t\t\t\t\t\t\t\t\t\t\t\t<\/div>\n\t\t\t\t<\/div>\n\t\t\t\t\t<\/div>\n\t\t\t\t<\/div>\n\t\t<div class=\"elementor-element elementor-element-f08733b e-flex e-con-boxed e-con e-parent\" data-id=\"f08733b\" data-element_type=\"container\" data-e-type=\"container\">\n\t\t\t\t\t<div class=\"e-con-inner\">\n\t\t\t\t<div class=\"elementor-element elementor-element-bd19239 elementor-widget elementor-widget-text-editor\" data-id=\"bd19239\" data-element_type=\"widget\" data-e-type=\"widget\" data-widget_type=\"text-editor.default\">\n\t\t\t\t\t\t\t\t\t<h2><span style=\"font-size: 18pt;\">Les incontournables de La Flotte<\/span><\/h2><p>Explorer La Flotte, c\u2019est bien au-del\u00e0 de son charmant port et de son village pittoresque. Cette localit\u00e9 regorge d\u2019attractions captivantes qui r\u00e9v\u00e8lent la richesse de son patrimoine et de son environnement. D\u00e9couvrons ensemble trois exp\u00e9riences phares \u00e0 La Flotte, incontournables lors de votre escapade sur l\u2019\u00eele de R\u00e9.<\/p><h3>Le march\u00e9 m\u00e9di\u00e9val : une exp\u00e9rience unique<\/h3><p>Au c\u0153ur du village, le march\u00e9 m\u00e9di\u00e9val de La Flotte, op\u00e9rant chaque jour de 8h \u00e0 13h, est une v\u00e9ritable fen\u00eatre sur le pass\u00e9 de l\u2019\u00eele de R\u00e9. Fond\u00e9 en 1804, son architecture s\u2019inspire du Moyen \u00c2ge avec ses halles de bois et ses toitures en tuiles de roseau. Vous y d\u00e9couvrirez un \u00e9ventail de produits du terroir \u2014 notamment sel, vin, hu\u00eetres, fromage, miel, fruits, et l\u00e9gumes \u2014 ainsi que divers articles de souvenirs et artisanaux. Ce march\u00e9 est un lieu privil\u00e9gi\u00e9 de rencontres avec les producteurs et artisans locaux, passionn\u00e9s et d\u00e9sireux de partager leur savoir-faire.<\/p><p>Se promener parmi les \u00e9tals est l\u2019occasion parfaite pour s\u2019immerger dans la culture r\u00e9taise, se laissant captiver par les ar\u00f4mes, couleurs, saveurs et sonorit\u00e9s qui y r\u00e8gnent. Le march\u00e9 m\u00e9di\u00e9val de La Flotte, c\u2019est une exp\u00e9rience authentique \u00e0 savourer pleinement.<\/p><h3>Les plages et la d\u00e9tente au bord de l\u2019eau<\/h3><p>La Flotte invite aussi \u00e0 la relaxation sur ses deux magnifiques plages de sable fin. Proche du centre, la plage de l\u2019Arnerault, surveill\u00e9e durant l\u2019\u00e9t\u00e9 et accessible aux embarcations l\u00e9g\u00e8res et planches \u00e0 voile, offre une vue magnifique sur le pont de l\u2019\u00eele de R\u00e9 et le clocher d\u2019Ars-en-R\u00e9. Un peu plus loin, la plage de la Pr\u00e9e, \u00e0 2 kilom\u00e8tres, promet une atmosph\u00e8re plus sauvage et paisible, dans un cadre naturel pr\u00e9serv\u00e9, avec aussi surveillance estivale et un club de voile \u00e0 disposition.<\/p><p>Ces plages sont des havres de paix pour la baignade, le farniente, les sports nautiques, ou tout simplement pour contempler la beaut\u00e9 des lieux.<\/p><h3>Visites culturelles : La Maison du Platin et l\u2019abbaye des Ch\u00e2teliers<\/h3><p>Le patrimoine culturel de La Flotte t\u00e9moigne \u00e9galement de son histoire riche et de son identit\u00e9 unique. Au c\u0153ur de ce patrimoine se trouve La Maison du Platin, un \u00e9comus\u00e9e install\u00e9 dans une ancienne demeure de p\u00eacheur pr\u00e8s du port. Il d\u00e9voile la profonde connexion des habitants avec la mer \u00e0 travers expositions, mod\u00e8les r\u00e9duits, objets anciens, costumes, et activit\u00e9s ludiques. Vous explorerez les traditions de l\u2019\u00eele comme la p\u00eache, l\u2019ostr\u00e9iculture, la viticulture, et l\u2019agriculture\u2026<\/p><p>Non loin, \u00e0 2 kilom\u00e8tres, se dresse l\u2019abbaye des Ch\u00e2teliers, le plus ancien monument religieux de l\u2019\u00eele, fond\u00e9 au XIIe si\u00e8cle. Malgr\u00e9 les assauts du temps, ses ruines majestueuses continuent d\u2019\u00e9merveiller les visiteurs par leur histoire et leur architecture.<\/p><p>La Maison du Platin et l\u2019abbaye des Ch\u00e2teliers constituent des visites culturelles essentielles \u00e0 La Flotte, offrant un v\u00e9ritable voyage \u00e0 travers le temps et l\u2019espace.<\/p>\t\t\t\t\t\t\t\t<\/div>\n\t\t\t\t\t<\/div>\n\t\t\t\t<\/div>\n\t\t<div class=\"elementor-element elementor-element-a91edb6 e-flex e-con-boxed e-con e-parent\" data-id=\"a91edb6\" data-element_type=\"container\" data-e-type=\"container\">\n\t\t\t\t\t<div class=\"e-con-inner\">\n\t\t<div class=\"elementor-element elementor-element-db49385 e-con-full e-flex e-con e-child\" data-id=\"db49385\" data-element_type=\"container\" data-e-type=\"container\">\n\t\t\t\t<div class=\"elementor-element elementor-element-02bde4e elementor-widget elementor-widget-image\" data-id=\"02bde4e\" data-element_type=\"widget\" data-e-type=\"widget\" data-widget_type=\"image.default\">\n\t\t\t\t\t\t\t\t\t\t\t\t\t\t\t<img decoding=\"async\" width=\"760\" height=\"380\" src=\"https:\/\/cparici.com\/wp-content\/uploads\/2024\/05\/ile-de-re-chambre-d-hotes-1024x512.jpg\" class=\"attachment-large size-large wp-image-75603\" alt=\"Chambres d&#039;hote la flotte en r\u00e9 Fleurs color\u00e9es devant une maison blanche.\" srcset=\"https:\/\/cparici.com\/wp-content\/uploads\/2024\/05\/ile-de-re-chambre-d-hotes-1024x512.jpg 1024w, https:\/\/cparici.com\/wp-content\/uploads\/2024\/05\/ile-de-re-chambre-d-hotes-300x150.jpg 300w, https:\/\/cparici.com\/wp-content\/uploads\/2024\/05\/ile-de-re-chambre-d-hotes-768x384.jpg 768w, https:\/\/cparici.com\/wp-content\/uploads\/2024\/05\/ile-de-re-chambre-d-hotes-1536x768.jpg 1536w, https:\/\/cparici.com\/wp-content\/uploads\/2024\/05\/ile-de-re-chambre-d-hotes-18x9.jpg 18w, https:\/\/cparici.com\/wp-content\/uploads\/2024\/05\/ile-de-re-chambre-d-hotes-590x295.jpg 590w, https:\/\/cparici.com\/wp-content\/uploads\/2024\/05\/ile-de-re-chambre-d-hotes-1200x600.jpg 1200w, https:\/\/cparici.com\/wp-content\/uploads\/2024\/05\/ile-de-re-chambre-d-hotes-577x289.jpg 577w, https:\/\/cparici.com\/wp-content\/uploads\/2024\/05\/ile-de-re-chambre-d-hotes-600x300.jpg 600w, https:\/\/cparici.com\/wp-content\/uploads\/2024\/05\/ile-de-re-chambre-d-hotes.jpg 1600w\" sizes=\"(max-width: 760px) 100vw, 760px\" \/>\t\t\t\t\t\t\t\t\t\t\t\t\t\t\t<\/div>\n\t\t\t\t<\/div>\n\t\t<div class=\"elementor-element elementor-element-6934136 e-con-full e-flex e-con e-child\" data-id=\"6934136\" data-element_type=\"container\" data-e-type=\"container\">\n\t\t\t\t<div class=\"elementor-element elementor-element-5bdb8a6 elementor-widget elementor-widget-image\" data-id=\"5bdb8a6\" data-element_type=\"widget\" data-e-type=\"widget\" data-widget_type=\"image.default\">\n\t\t\t\t\t\t\t\t\t\t\t\t\t\t\t<img decoding=\"async\" width=\"760\" height=\"380\" src=\"https:\/\/cparici.com\/wp-content\/uploads\/2024\/05\/la-flotte-en-re-chambre-d-hotes-piscine-1024x512.jpg\" class=\"attachment-large size-large wp-image-75606\" alt=\"La Flotte en r\u00e9 Paniers et filet de p\u00eache\" srcset=\"https:\/\/cparici.com\/wp-content\/uploads\/2024\/05\/la-flotte-en-re-chambre-d-hotes-piscine-1024x512.jpg 1024w, https:\/\/cparici.com\/wp-content\/uploads\/2024\/05\/la-flotte-en-re-chambre-d-hotes-piscine-300x150.jpg 300w, https:\/\/cparici.com\/wp-content\/uploads\/2024\/05\/la-flotte-en-re-chambre-d-hotes-piscine-768x384.jpg 768w, https:\/\/cparici.com\/wp-content\/uploads\/2024\/05\/la-flotte-en-re-chambre-d-hotes-piscine-1536x768.jpg 1536w, https:\/\/cparici.com\/wp-content\/uploads\/2024\/05\/la-flotte-en-re-chambre-d-hotes-piscine-18x9.jpg 18w, https:\/\/cparici.com\/wp-content\/uploads\/2024\/05\/la-flotte-en-re-chambre-d-hotes-piscine-590x295.jpg 590w, https:\/\/cparici.com\/wp-content\/uploads\/2024\/05\/la-flotte-en-re-chambre-d-hotes-piscine-1200x600.jpg 1200w, https:\/\/cparici.com\/wp-content\/uploads\/2024\/05\/la-flotte-en-re-chambre-d-hotes-piscine-577x289.jpg 577w, https:\/\/cparici.com\/wp-content\/uploads\/2024\/05\/la-flotte-en-re-chambre-d-hotes-piscine-600x300.jpg 600w, https:\/\/cparici.com\/wp-content\/uploads\/2024\/05\/la-flotte-en-re-chambre-d-hotes-piscine.jpg 1600w\" sizes=\"(max-width: 760px) 100vw, 760px\" \/>\t\t\t\t\t\t\t\t\t\t\t\t\t\t\t<\/div>\n\t\t\t\t<\/div>\n\t\t\t\t\t<\/div>\n\t\t\t\t<\/div>\n\t\t<div class=\"elementor-element elementor-element-ede3cb3 e-flex e-con-boxed e-con e-parent\" data-id=\"ede3cb3\" data-element_type=\"container\" data-e-type=\"container\">\n\t\t\t\t\t<div class=\"e-con-inner\">\n\t\t\t\t<div class=\"elementor-element elementor-element-be53cef elementor-widget elementor-widget-text-editor\" data-id=\"be53cef\" data-element_type=\"widget\" data-e-type=\"widget\" data-widget_type=\"text-editor.default\">\n\t\t\t\t\t\t\t\t\t<h2>Activit\u00e9s et loisirs<\/h2><p>\u00c0 La Flotte, vous d\u00e9couvrirez bien plus que son patrimoine et sa culture riche; une multitude d\u2019activit\u00e9s et de loisirs vous attendent, r\u00e9pondant aux d\u00e9sirs de chacun, peu importe l\u2019\u00e2ge ou les int\u00e9r\u00eats. Que vous soyez un passionn\u00e9 de sport, un explorateur curieux, un amateur de bonne chair ou simplement \u00e0 la recherche de moments relaxants, La Flotte a tout pour satisfaire vos d\u00e9sirs de plaisir et de divertissement.<\/p><h3>Les balades \u00e0 v\u00e9lo autour de La Flotte<\/h3><p>Consid\u00e9r\u00e9e comme le point de d\u00e9part parfait pour les amateurs de v\u00e9lo, La Flotte, situ\u00e9e au c\u0153ur de l\u2019\u00eele de R\u00e9, est l\u2019endroit id\u00e9al pour partir \u00e0 la d\u00e9couverte de l\u2019\u00eele gr\u00e2ce \u00e0 son r\u00e9seau \u00e9tendu de pistes cyclables. Ces itin\u00e9raires vous m\u00e8neront \u00e0 travers des paysages divers, allant de villages pleins de charme \u00e0 des panoramas c\u00f4tiers, en passant par des for\u00eats ombrag\u00e9es, des marais salants et d\u2019impressionnantes fortifications. Partez en escapade vers des destinations embl\u00e9matiques telles que Saint-Martin-de-R\u00e9 ou Ars-en-R\u00e9, et b\u00e9n\u00e9ficiez des services de location de v\u00e9lo sur place pour trouver le mod\u00e8le qui vous convient, ainsi que des conseils personnalis\u00e9s pour des parcours sur mesure.<\/p><h3>Les activit\u00e9s nautiques \u00e0 ne pas manquer<\/h3><p>Pour les amateurs d\u2019\u00e9vasion marine, La Flotte se r\u00e9v\u00e8le \u00eatre un v\u00e9ritable paradis. Le port de La Flotte est l\u2019endroit r\u00eav\u00e9 pour se lancer ou se perfectionner dans une vari\u00e9t\u00e9 de sports nautiques tels que la voile, le catamaran, la planche \u00e0 voile, ou encore le stand-up paddle. Le Centre Nautique de l\u2019\u00cele de R\u00e9 vous ouvre ses portes toute l\u2019ann\u00e9e, vous proposant des cours, des stages et des excursions en mer, encadr\u00e9s par des experts passionn\u00e9s. Embarquez pour des aventures maritimes inoubliables autour de l\u2019\u00eele de R\u00e9 et au-del\u00e0, \u00e0 la d\u00e9couverte d\u2019\u00eeles voisines ou pour une session de p\u00eache en mer inoubliable. Les plages de La Flotte sont \u00e9galement l\u2019endroit parfait pour la baignade, le surf ou le kitesurf, dans des conditions exceptionnelles.<\/p><h3>Les d\u00e9gustations de produits locaux et la gastronomie r\u00e9taise<\/h3><p>La Flotte est une invitation \u00e0 la gourmandise, offrant une incursion authentique dans la riche gastronomie r\u00e9taise et ses produits locaux. Ne manquez pas le march\u00e9 m\u00e9di\u00e9val, ouvert tous les jours de l\u2019ann\u00e9e, o\u00f9 vous trouverez une abondance de produits frais et de qualit\u00e9, y compris sel, vin, hu\u00eetres, fromage, et bien plus. Explorez les coulisses des producteurs locaux, partageant avec vous leur passion et leur expertise, et go\u00fbtez \u00e0 leurs produits exceptionnels. Les restaurants de La Flotte sauront ravir vos papilles avec des plats typiques \u00e0 base de produits de la mer et du terroir. Sucr\u00e9es ou sal\u00e9es, les sp\u00e9cialit\u00e9s locales, accompagn\u00e9es de vins, de pineaux ou de cognacs de l\u2019\u00eele, promettent une exp\u00e9rience culinaire inoubliable.<\/p><h2>La Flotte en R\u00e9 \u2013 Conclusion<\/h2><p>La Flotte en R\u00e9, <a href=\"https:\/\/fr.wikipedia.org\/wiki\/La_Flotte\" target=\"_blank\" rel=\"noopener\">un village<\/a> hors du commun, promet une exp\u00e9rience m\u00e9morable sur l\u2019\u00eele de R\u00e9. Ce lieu se distingue par son riche patrimoine historique et culturel, son port plein de charme et d\u2019authenticit\u00e9, son march\u00e9 m\u00e9di\u00e9val singulier, ses plages de sable fin idylliques, la diversit\u00e9 de ses activit\u00e9s nautiques, sans oublier ses produits locaux exquis et sa gastronomie r\u00e9taise all\u00e9chante. V\u00e9ritable joyau de l\u2019\u00eele, La Flotte en R\u00e9 captive par sa splendeur, son histoire fascinante et son ambiance unique.<\/p><p>Ne manquez pas cette occasion, organisez d\u00e8s \u00e0 pr\u00e9sent votre s\u00e9jour en r\u00e9servant votre lieu d\u2019h\u00e9bergement et vos moyens de transport, et venez explorer La Flotte en R\u00e9, class\u00e9 parmi les plus beaux villages de France !<\/p><h2>FAQ<\/h2><h3>Comment Appelle-t-on les habitants de La Flotte en R\u00e9 ?<\/h3><p>Les r\u00e9sidents de La Flotte, une charmante commune sur l\u2019\u00eele de R\u00e9, sont connus sous le nom de Flottais et Flottaises. Cette appellation provient du terme \u00ab flotte \u00bb, signifiant un groupe de navires ou une puissance maritime.<\/p><h3>Qui est le maire de La Flotte-en-R\u00e9 ?<\/h3><p>Le maire actuel de La Flotte-en-R\u00e9 est Jean-Paul H\u00e9raudeau, \u00e9lu le 18 mai 2020. Il a officiellement pris ses fonctions le 27 mai 2020, et son mandat devrait se poursuivre jusqu\u2019en 2026.<\/p><h3>O\u00f9 se baigner \u00e0 La Flotte-en-R\u00e9 ?<\/h3><p>\u00c0 La Flotte-en-R\u00e9, les amateurs de baignade ont deux magnifiques options : la plage de l\u2019Arn\u00e9rault et la plage de la Clavette. La plage de l\u2019Arn\u00e9rault, avec son sable fin, se trouve non loin du port et du centre du village. Elle pr\u00e9sente une baie abrit\u00e9e parfaite pour se baigner en toute tranquillit\u00e9. Quant \u00e0 la plage de la Clavette, plus rocailleuse et situ\u00e9e de l\u2019autre c\u00f4t\u00e9 du port, elle attire les adeptes de sports nautiques, tels que le kitesurf et la planche \u00e0 voile.<\/p>\t\t\t\t\t\t\t\t<\/div>\n\t\t\t\t\t<\/div>\n\t\t\t\t<\/div>\n\t\t<div class=\"elementor-element elementor-element-06d2de8 e-flex e-con-boxed e-con e-parent\" data-id=\"06d2de8\" data-element_type=\"container\" data-e-type=\"container\">\n\t\t\t\t\t<div class=\"e-con-inner\">\n\t\t\t\t<div class=\"elementor-element elementor-element-781f4b0 elementor-widget elementor-widget-listeo-posts-grid\" data-id=\"781f4b0\" data-element_type=\"widget\" data-e-type=\"widget\" data-widget_type=\"listeo-posts-grid.default\">\n\t\t\t\t<div class=\"elementor-widget-container\">\n\t\t\t\t\t\t\t\n\t\t<div class=\"listeo-post-grid-wrapper\">\n\t\t\t<div class=\"row\">\n\n\t\t\t\n\n\t\t\t\t\t\t\t<div class=\"col-md-4\">\n                <a href=\"https:\/\/cparici.com\/fr\/ars-en-re-guide\/\" class=\"blog-compact-item-container\">\n                    <div class=\"blog-compact-item\">\n                        <img decoding=\"async\" width=\"577\" height=\"283\" src=\"https:\/\/cparici.com\/wp-content\/uploads\/2020\/10\/ars-en-re-12-lalilala.jpg\" class=\"attachment-listeo-blog-related-post size-listeo-blog-related-post wp-post-image\" alt=\"ars en r\u00e9\" srcset=\"https:\/\/cparici.com\/wp-content\/uploads\/2020\/10\/ars-en-re-12-lalilala.jpg 1000w, https:\/\/cparici.com\/wp-content\/uploads\/2020\/10\/ars-en-re-12-lalilala-600x294.jpg 600w, https:\/\/cparici.com\/wp-content\/uploads\/2020\/10\/ars-en-re-12-lalilala-768x377.jpg 768w\" sizes=\"(max-width: 577px) 100vw, 577px\" \/><span class=\"blog-item-tag\">Ars en R\u00e9<\/span>                        \n                        <div class=\"blog-compact-item-content\">\n                                                        <h3>Ars en r\u00e9 : guide complet pour explorer ce joyau de l\u2019\u00eele de R\u00e9<\/h3>\n                                                        <p>Ars en r\u00e9 : un village authentique et charmant \u00e0 d\u00e9couvrir sur l'\u00eele de R\u00e9....                            <\/p>\n                                                    <\/div>\n                    <\/div>\n                <\/a>\n            <\/div>\n\t\t\t<div class=\"col-md-4\">\n                <a href=\"https:\/\/cparici.com\/fr\/abbaye-des-chateliers\/\" class=\"blog-compact-item-container\">\n                    <div class=\"blog-compact-item\">\n                        <img decoding=\"async\" width=\"577\" height=\"206\" src=\"https:\/\/cparici.com\/wp-content\/uploads\/2024\/05\/abbaye-des-chateliers.jpg\" class=\"attachment-listeo-blog-related-post size-listeo-blog-related-post wp-post-image\" alt=\"abbaye des chateliers\" srcset=\"https:\/\/cparici.com\/wp-content\/uploads\/2024\/05\/abbaye-des-chateliers.jpg 1500w, https:\/\/cparici.com\/wp-content\/uploads\/2024\/05\/abbaye-des-chateliers-600x214.jpg 600w, https:\/\/cparici.com\/wp-content\/uploads\/2024\/05\/abbaye-des-chateliers-300x107.jpg 300w, https:\/\/cparici.com\/wp-content\/uploads\/2024\/05\/abbaye-des-chateliers-1024x365.jpg 1024w, https:\/\/cparici.com\/wp-content\/uploads\/2024\/05\/abbaye-des-chateliers-768x274.jpg 768w\" sizes=\"(max-width: 577px) 100vw, 577px\" \/><span class=\"blog-item-tag\">Charente maritime<\/span>                        \n                        <div class=\"blog-compact-item-content\">\n                                                        <h3>Abbaye des Chateliers sur l\u2019\u00cele de R\u00e9 \u2013 Un Voyage<\/h3>\n                                                        <p>D\u00e9couvrez l'Abbaye des Chateliers sur l'\u00cele de R\u00e9 : histoire, architecture, conseils pratiques et FAQ...                            <\/p>\n                                                    <\/div>\n                    <\/div>\n                <\/a>\n            <\/div>\n\t\t\t<div class=\"col-md-4\">\n                <a href=\"https:\/\/cparici.com\/fr\/marais-salants-de-lile-de-re\/\" class=\"blog-compact-item-container\">\n                    <div class=\"blog-compact-item\">\n                        <img decoding=\"async\" width=\"577\" height=\"214\" src=\"https:\/\/cparici.com\/wp-content\/uploads\/2024\/05\/Marais-Salants-de-lIle-de-Re.jpg\" class=\"attachment-listeo-blog-related-post size-listeo-blog-related-post wp-post-image\" alt=\"Marais Salants de l&#039;\u00cele de R\u00e9\" srcset=\"https:\/\/cparici.com\/wp-content\/uploads\/2024\/05\/Marais-Salants-de-lIle-de-Re.jpg 1500w, https:\/\/cparici.com\/wp-content\/uploads\/2024\/05\/Marais-Salants-de-lIle-de-Re-600x222.jpg 600w, https:\/\/cparici.com\/wp-content\/uploads\/2024\/05\/Marais-Salants-de-lIle-de-Re-300x111.jpg 300w, https:\/\/cparici.com\/wp-content\/uploads\/2024\/05\/Marais-Salants-de-lIle-de-Re-1024x380.jpg 1024w, https:\/\/cparici.com\/wp-content\/uploads\/2024\/05\/Marais-Salants-de-lIle-de-Re-768x285.jpg 768w\" sizes=\"(max-width: 577px) 100vw, 577px\" \/><span class=\"blog-item-tag\">Charente maritime<\/span>                        \n                        <div class=\"blog-compact-item-content\">\n                                                        <h3>Marais Salants de l\u2019\u00cele de R\u00e9 en Charente Maritime<\/h3>\n                                                        <p>Explorez les marais salants de l'\u00cele de R\u00e9 en Charente Maritime, un tr\u00e9sor naturel offrant...                            <\/p>\n                                                    <\/div>\n                    <\/div>\n                <\/a>\n            <\/div>\n  <\/div>\n        <\/div>\n        \t\t\t\t<\/div>\n\t\t\t\t<\/div>\n\t\t\t\t\t<\/div>\n\t\t\t\t<\/div>\n\t\t\t\t<\/div>\n\t\t","protected":false},"excerpt":{"rendered":"<p>La flotte en r\u00e9 est une destination id\u00e9ale pour les amoureux de la nature et du patrimoine. Suivez ce guide complet pour explorer la flotte en r\u00e9 et ses tr\u00e9sors.<\/p>\n","protected":false},"author":1,"featured_media":35195,"comment_status":"closed","ping_status":"open","sticky":false,"template":"","format":"standard","meta":{"ngg_post_thumbnail":0,"footnotes":""},"categories":[854,461,477,472,480],"tags":[],"class_list":["post-35194","post","type-post","status-publish","format-standard","has-post-thumbnail","hentry","category-la-flotte-en-re","category-charente-maritime","category-france","category-ile-de-re","category-poitou-charentes"],"_links":{"self":[{"href":"https:\/\/cparici.com\/fr\/wp-json\/wp\/v2\/posts\/35194","targetHints":{"allow":["GET"]}}],"collection":[{"href":"https:\/\/cparici.com\/fr\/wp-json\/wp\/v2\/posts"}],"about":[{"href":"https:\/\/cparici.com\/fr\/wp-json\/wp\/v2\/types\/post"}],"author":[{"embeddable":true,"href":"https:\/\/cparici.com\/fr\/wp-json\/wp\/v2\/users\/1"}],"replies":[{"embeddable":true,"href":"https:\/\/cparici.com\/fr\/wp-json\/wp\/v2\/comments?post=35194"}],"version-history":[{"count":0,"href":"https:\/\/cparici.com\/fr\/wp-json\/wp\/v2\/posts\/35194\/revisions"}],"wp:featuredmedia":[{"embeddable":true,"href":"https:\/\/cparici.com\/fr\/wp-json\/wp\/v2\/media\/35195"}],"wp:attachment":[{"href":"https:\/\/cparici.com\/fr\/wp-json\/wp\/v2\/media?parent=35194"}],"wp:term":[{"taxonomy":"category","embeddable":true,"href":"https:\/\/cparici.com\/fr\/wp-json\/wp\/v2\/categories?post=35194"},{"taxonomy":"post_tag","embeddable":true,"href":"https:\/\/cparici.com\/fr\/wp-json\/wp\/v2\/tags?post=35194"}],"curies":[{"name":"wp","href":"https:\/\/api.w.org\/{rel}","templated":true}]}}