{"id":35365,"date":"2024-05-29T14:04:37","date_gmt":"2024-05-29T12:04:37","guid":{"rendered":"https:\/\/cparici.com\/?p=35365"},"modified":"2026-01-20T11:06:32","modified_gmt":"2026-01-20T10:06:32","slug":"marais-salants-de-lile-de-re","status":"publish","type":"post","link":"https:\/\/cparici.com\/fr\/marais-salants-de-lile-de-re\/","title":{"rendered":"Marais Salants de l&#8217;\u00cele de R\u00e9 en Charente Maritime"},"content":{"rendered":"\t\t<div data-elementor-type=\"wp-post\" data-elementor-id=\"35365\" class=\"elementor elementor-35365\" data-elementor-post-type=\"post\">\n\t\t\t\t<div class=\"elementor-element elementor-element-919342b e-con-full e-flex e-con e-parent\" data-id=\"919342b\" data-element_type=\"container\" data-e-type=\"container\">\n\t\t\t\t<div class=\"elementor-element elementor-element-36d05f9 elementor-widget elementor-widget-image\" data-id=\"36d05f9\" data-element_type=\"widget\" data-e-type=\"widget\" data-widget_type=\"image.default\">\n\t\t\t\t\t\t\t\t\t\t\t\t\t\t\t<img decoding=\"async\" width=\"1500\" height=\"556\" src=\"https:\/\/cparici.com\/wp-content\/uploads\/2024\/05\/Marais-Salants-de-lIle-de-Re.jpg\" class=\"attachment-full size-full wp-image-35366\" alt=\"Marais Salants de l&#039;\u00cele de R\u00e9\" srcset=\"https:\/\/cparici.com\/wp-content\/uploads\/2024\/05\/Marais-Salants-de-lIle-de-Re.jpg 1500w, https:\/\/cparici.com\/wp-content\/uploads\/2024\/05\/Marais-Salants-de-lIle-de-Re-600x222.jpg 600w, https:\/\/cparici.com\/wp-content\/uploads\/2024\/05\/Marais-Salants-de-lIle-de-Re-300x111.jpg 300w, https:\/\/cparici.com\/wp-content\/uploads\/2024\/05\/Marais-Salants-de-lIle-de-Re-1024x380.jpg 1024w, https:\/\/cparici.com\/wp-content\/uploads\/2024\/05\/Marais-Salants-de-lIle-de-Re-768x285.jpg 768w\" sizes=\"(max-width: 1500px) 100vw, 1500px\" \/>\t\t\t\t\t\t\t\t\t\t\t\t\t\t\t<\/div>\n\t\t\t\t<\/div>\n\t\t<aside class=\"elementor-element elementor-element-d5fba95 e-flex e-con-boxed e-con e-parent\" data-id=\"d5fba95\" data-element_type=\"container\" data-e-type=\"container\">\n\t\t\t\t\t<div class=\"e-con-inner\">\n\t\t\t\t<div class=\"elementor-element elementor-element-6e77475 elementor-widget elementor-widget-global elementor-global-62046 elementor-widget-eael-advanced-search\" data-id=\"6e77475\" data-element_type=\"widget\" data-e-type=\"widget\" data-widget_type=\"eael-advanced-search.default\">\n\t\t\t\t\t        <div class=\"eael-adv-search-wrapper\">\n            <div id=\"eael-advanced-search-widget-6e77475\" class=\"eael-advanced-search-widget\">\n                <form data-settings=\"{&quot;post_per_page&quot;:5,&quot;search_among_taxonomies&quot;:&quot;&quot;,&quot;search_among_sku&quot;:&quot;no&quot;,&quot;show_popular_keyword&quot;:0,&quot;show_category&quot;:0,&quot;show_content_image&quot;:1,&quot;show_search_result_all_results&quot;:0,&quot;result_on_new_tab&quot;:&quot;no&quot;,&quot;show_product_price&quot;:&quot;no&quot;,&quot;include_current_page&quot;:&quot;no&quot;,&quot;current_post_id&quot;:35365,&quot;post_type&quot;:[&quot;post&quot;,&quot;listing&quot;]}\" method=\"POST\" name=\"eael-advanced-search-form-6e77475\" class=\"eael-advanced-search-form eael-advanced-search-form-style-2\">\n                    <div class=\"eael-advanced-search-wrap\">\n                        <span class=\"eael-adv-search-loader\"><\/span>\n                        <span class=\"eael-adv-search-close\"><i class=\"fas fa-times\"><\/i><\/span>\n                        <span class=\"icon \"><i class=\"fas fa-search\"><\/i><\/span>\n\n                        <input type=\"text\"\n                               placeholder=\"Votre destination\"\n                               class=\"eael-advanced-search\" autocomplete=\"off\" name=\"eael_advanced_search\">\n                    <\/div>\n\t\t\t\t\t                                    <\/form>\n\n\t\t\t\t\n\t\t\t\t        <div class=\"eael-advanced-search-result\">\n            <div class=\"eael-advanced-search-popular-keyword\">\n\t\t\t\t<h4 class=\"eael-advanced-search-popular-keyword-text\">Recherches populaires<\/h4>                <div class=\"eael-popular-keyword-content\"><\/div>\n            <\/div>\n            <div class=\"eael-advanced-search-category\">\n\t\t\t\t<h4 class=\"eael-advanced-search-category-text\">Categories<\/h4>                <div class=\"eael-popular-category-content\"><\/div>\n            <\/div>\n\t\t\t<div class=\"eael-advanced-search-total-results-section\">\n\t\t\t\t\t\t\t<\/div>\n            <div class=\"eael-advanced-search-content eael-item-style-3\">\n            <\/div>\n            <div class=\"eael-advanced-search-not-found\">\n                <p>Pas de r\u00e9sultats<\/p><\/div>\n            <div class=\"eael-advanced-search-load-more\">\n\t\t\t\t<a \tclass=\"eael-advanced-search-load-more-button\"\n                \thref=\"#\">Voir tous les r\u00e9sultats<\/a>\n            <\/div>\n        <\/div>\n\n\t\t            <\/div>\n        <\/div>\n\n\t\t\t\t\t\t<\/div>\n\t\t\t\t\t<\/div>\n\t\t\t\t<\/aside>\n\t\t<div class=\"elementor-element elementor-element-5b6ffb17 e-flex e-con-boxed e-con e-parent\" data-id=\"5b6ffb17\" data-element_type=\"container\" data-e-type=\"container\">\n\t\t\t\t\t<div class=\"e-con-inner\">\n\t\t\t\t<div class=\"elementor-element elementor-element-e63dbc0 elementor-widget elementor-widget-text-editor\" data-id=\"e63dbc0\" data-element_type=\"widget\" data-e-type=\"widget\" data-widget_type=\"text-editor.default\">\n\t\t\t\t\t\t\t\t\t<h1 style=\"text-align: center;\">Les marais salants de l&#8217;\u00cele de R\u00e9<\/h1><p><strong>Les marais salants de <a href=\"https:\/\/cparici.com\/fr\/visiter-ile-de-re\/\">l&#8217;\u00cele de R\u00e9<\/a>, situ\u00e9s en Charente Maritime, sont un tr\u00e9sor naturel et culturel de la c\u00f4te atlantique fran\u00e7aise<\/strong>. Ces vastes \u00e9tendues de bassins cristallins, o\u00f9 se m\u00ealent le sel, l&#8217;eau et le soleil, offrent un spectacle fascinant et une exp\u00e9rience unique pour les visiteurs. Dans cet article, nous explorerons l&#8217;histoire, la situation g\u00e9ographique, et les informations pratiques pour d\u00e9couvrir ces paysages embl\u00e9matiques.<\/p><h2><strong>Histoire des Marais Salants de l&#8217;\u00cele de R\u00e9<\/strong><\/h2><h3><strong>Les Origines des Marais Salants<\/strong><\/h3><p>Les marais salants de l&#8217;\u00cele de R\u00e9 trouvent leurs origines \u00e0 l&#8217;\u00e9poque m\u00e9di\u00e9vale. Leur d\u00e9veloppement a \u00e9t\u00e9 crucial pour l&#8217;\u00e9conomie locale, avec le sel jouant un r\u00f4le central dans la conservation des aliments.<\/p><h3><strong>L&#8217;\u00c9volution \u00e0 Travers les Si\u00e8cles<\/strong><\/h3><p>Au fil des si\u00e8cles, la production de sel a \u00e9volu\u00e9, influenc\u00e9e par les techniques et les besoins des diff\u00e9rentes \u00e9poques. Les saliculteurs ont perfectionn\u00e9 leurs m\u00e9thodes pour maximiser la production tout en respectant l&#8217;environnement.<\/p><h3><strong>La Renaissance des Marais Salants<\/strong><\/h3><p>Dans les ann\u00e9es r\u00e9centes, les marais salants ont connu une renaissance gr\u00e2ce \u00e0 l&#8217;int\u00e9r\u00eat croissant pour les produits naturels et artisanaux. La production de sel de l&#8217;\u00cele de R\u00e9 est d\u00e9sormais reconnue pour sa qualit\u00e9 exceptionnelle.<\/p>\t\t\t\t\t\t\t\t<\/div>\n\t\t\t\t\t<\/div>\n\t\t\t\t<\/div>\n\t\t<aside class=\"elementor-element elementor-element-42f31b66 e-flex e-con-boxed e-con e-parent\" data-id=\"42f31b66\" data-element_type=\"container\" data-e-type=\"container\" data-settings=\"{&quot;background_background&quot;:&quot;classic&quot;}\">\n\t\t\t\t\t<div class=\"e-con-inner\">\n\t\t\t\t<div class=\"elementor-element elementor-element-201718d4 elementor-widget elementor-widget-spacer\" data-id=\"201718d4\" data-element_type=\"widget\" data-e-type=\"widget\" data-widget_type=\"spacer.default\">\n\t\t\t\t\t\t\t<div class=\"elementor-spacer\">\n\t\t\t<div class=\"elementor-spacer-inner\"><\/div>\n\t\t<\/div>\n\t\t\t\t\t\t<\/div>\n\t\t\t\t<div class=\"elementor-element elementor-element-63e7b605 elementor-widget elementor-widget-heading\" data-id=\"63e7b605\" data-element_type=\"widget\" data-e-type=\"widget\" data-widget_type=\"heading.default\">\n\t\t\t\t\t<h2 class=\"elementor-heading-title elementor-size-default\">H\u00e9bergements de Vacances Ile de R\u00e9 en direct<\/h2>\t\t\t\t<\/div>\n\t\t\t\t<div class=\"elementor-element elementor-element-e2401c2 elementor-widget elementor-widget-listeo-listings-carousel\" data-id=\"e2401c2\" data-element_type=\"widget\" data-e-type=\"widget\" data-widget_type=\"listeo-listings-carousel.default\">\n\t\t\t\t<div class=\"elementor-widget-container\">\n\t\t\t\t\t        <!-- Carousel \/ Start -->\n        \t<div class=\"simple-slick-carousel dots-nav\" data-slick='{&quot;autoplay&quot;:true,&quot;autoplaySpeed&quot;:3000,&quot;slidesToShow&quot;:3,&quot;slidesToScroll&quot;:1,&quot;responsive&quot;:[{&quot;breakpoint&quot;:1024,&quot;settings&quot;:{&quot;slidesToShow&quot;:2,&quot;slidesToScroll&quot;:1}},{&quot;breakpoint&quot;:768,&quot;settings&quot;:{&quot;slidesToShow&quot;:1,&quot;slidesToScroll&quot;:1}}]}'>\n                            <div class=\"fw-carousel-item\">                    \n                        <!-- Listing Item -->\r\n            <div class=\"col-lg-6 col-md-12\">\r\n                <a href=\"https:\/\/cparici.com\/fr\/annonce\/le-36-maison-dhotes-piscinespa\/\" class=\"listing-item-container listing-geo-data compact\" data-title=\"Le 36 Maison d&#8217;h\u00f4tes Piscine&amp;Spa\" data-listing-type=\"rental\" data-classifieds-price=\"&euro;\" data-friendly-address=\"36 Avenue des Vieux Moulins\" data-address=\"36 Avenue des Vieux Moulins\" data-image=\"https:\/\/cparici.com\/wp-content\/uploads\/2025\/12\/8f082204-485e-45a4-b2cf-359a6ea269b0_CkNIFlfL-2-520x397.jpg\" data-longitude=\"-1.3331261\" data-latitude=\"46.1859313\" data-rating=\"5\" data-reviews=\"190\" data-icon=\"&lt;svg xmlns=&quot;http:\/\/www.w3.org\/2000\/svg&quot; width=&quot;800px&quot; height=&quot;800px&quot; viewBox=&quot;0 0 45 45&quot; fill=&quot;none&quot;&gt;\n&lt;path d=&quot;M24.155 8.78099L24.33 8.94499L37.402 21.787L36 23.213L34.2 21.445L34.201 35C34.201 36.054 33.385 36.918 32.35 36.994L32.201 37H12.201C11.147 37 10.283 36.184 10.206 35.149L10.201 35L10.2 21.446L8.402 23.213L7 21.787L20.058 8.95799C21.171 7.82199 22.966 7.75899 24.155 8.78099ZM21.569 10.285L21.473 10.372L12.2 19.481L12.201 35L17.2 34.999L17.201 25C17.201 23.946 18.017 23.082 19.052 23.005L19.201 23H25.201C26.255 23 27.119 23.816 27.196 24.851L27.201 25L27.2 34.999L32.201 35L32.2 19.48L22.901 10.344C22.537 9.98699 21.969 9.96499 21.569 10.285ZM25.201 25H19.201L19.2 34.999H25.2L25.201 25Z&quot; fill=&quot;#3C3C3C&quot;\/&gt;\n&lt;\/svg&gt;\">\r\n            <div class=\"listing-item  \">\r\n                <div class=\"listing-small-badges-container\">\r\n                                                                <div class=\"listing-small-badge pricing-badge\"><i class=\"fa fa-tag\"><\/i>150,00&euro; - 310,00&euro;<\/div>\r\n                                                            \r\n                                        \r\n                                        \r\n                <\/div>\r\n                <img decoding=\"async\" src=\"https:\/\/cparici.com\/wp-content\/uploads\/2025\/12\/8f082204-485e-45a4-b2cf-359a6ea269b0_CkNIFlfL-2-520x397.jpg\" alt=\"Le 36 Maison d&#8217;h\u00f4tes Piscine&amp;Spa\" class=\"listing-thumbnail\">\r\n                \r\n\r\n                <div class=\"listing-item-content\">\r\n                                                <div class=\"numerical-rating\" data-rating=\"5.0\"><\/div>\r\n                    \r\n                    <h3> Le 36 Maison d&#8217;h\u00f4tes Piscine&amp;Spa <\/h3>\r\n                    <span>36 Avenue des Vieux Moulins<\/span>\r\n                <\/div>\r\n                                        <span class=\"save like-icon tooltip left\" title=\"Connexion pour marquer des \u00e9l\u00e9ments\"><\/span>\r\n                                                <\/div>\r\n        <\/a>\r\n                    <\/div>\r\n        \r\n\r\n        <!-- Listing Item \/ End -->\n                    <\/div>\n                          <\/div>\n        \t\t\t\t<\/div>\n\t\t\t\t<\/div>\n\t\t\t\t\t<\/div>\n\t\t\t\t<\/aside>\n\t\t<div class=\"elementor-element elementor-element-4e740ee e-flex e-con-boxed e-con e-parent\" data-id=\"4e740ee\" data-element_type=\"container\" data-e-type=\"container\">\n\t\t\t\t\t<div class=\"e-con-inner\">\n\t\t\t\t<div class=\"elementor-element elementor-element-68f16f5 elementor-widget elementor-widget-text-editor\" data-id=\"68f16f5\" data-element_type=\"widget\" data-e-type=\"widget\" data-widget_type=\"text-editor.default\">\n\t\t\t\t\t\t\t\t\t<h2><strong>G\u00e9ographie et Situation des Marais Salants<\/strong><\/h2><h3><strong>Localisation Pr\u00e9cise des Marais Salants<\/strong><\/h3><p>Les marais salants se situent principalement dans les communes de <a href=\"https:\/\/cparici.com\/fr\/loix-joyau-de-lile-de-re\/\">Loix<\/a>, <a href=\"https:\/\/cparici.com\/fr\/ars-en-re-guide\/\">Ars-en-R\u00e9<\/a> et <a href=\"https:\/\/cparici.com\/fr\/les-portes-en-re\/\">Les Portes-en-R\u00e9<\/a>. Ces zones sont caract\u00e9ris\u00e9es par un r\u00e9seau complexe de bassins et de canaux.<\/p><p><strong>Un \u00c9cosyst\u00e8me Unique<\/strong><\/p><p>Les marais salants de l&#8217;\u00cele de R\u00e9 constituent un \u00e9cosyst\u00e8me riche et diversifi\u00e9. Ils abritent une faune et une flore sp\u00e9cifiques, avec de nombreuses esp\u00e8ces d&#8217;oiseaux migrateurs et une v\u00e9g\u00e9tation adapt\u00e9e aux conditions salines.<\/p><p><strong>Paysages Inoubliables<\/strong><\/p><p>Les paysages des marais salants changent avec les saisons et les mar\u00e9es. Les reflets du soleil sur les bassins salins cr\u00e9ent des panoramas \u00e9poustouflants, dignes des plus belles cartes postales.<\/p><h2><strong>Informations Pratiques pour Visiter les Marais Salants<\/strong><\/h2><h3>Les plus populaires<\/h3><ul data-sourcepos=\"20:5-24:121\"><li data-sourcepos=\"20:5-21:41\"><p data-sourcepos=\"20:7-21:41\"><strong>Les Salines de Loix<\/strong>: Ce site est l&#8217;un des plus anciens et des plus importants de l&#8217;\u00eele. Il propose des visites guid\u00e9es, une boutique et un mus\u00e9e.<\/p><div class=\"attachment-container search-images\">\u00a0<\/div><\/li><li data-sourcepos=\"22:5-23:0\"><p data-sourcepos=\"22:7-22:171\"><strong>Le Marais Salant de Saint-Cl\u00e9ment-des-Bois<\/strong> : Ce site est plus petit et plus traditionnel que Les Salines de Loix. Il propose des visites guid\u00e9es et une boutique.<\/p><\/li><li data-sourcepos=\"24:5-24:121\"><p data-sourcepos=\"24:7-24:121\"><strong>Le Marais Salant de La Tardi\u00e8re<\/strong>: Ce site est situ\u00e9 dans un cadre magnifique et offre une vue imprenable sur l&#8217;oc\u00e9an. Il propose des visites guid\u00e9es et une boutique.<\/p><div class=\"attachment-container search-images\">\u00a0<\/div><\/li><\/ul><h3><strong>Comment Acc\u00e9der aux Marais Salants<\/strong><\/h3><p>Pour acc\u00e9der aux marais salants, plusieurs options s&#8217;offrent \u00e0 vous :<\/p><ul><li><strong>En voiture<\/strong> : Les routes D735 et D103 desservent les principales zones des marais salants.<\/li><li><strong>En v\u00e9lo<\/strong> : L&#8217;\u00cele de R\u00e9 est c\u00e9l\u00e8bre pour ses pistes cyclables, offrant une mani\u00e8re \u00e9cologique et agr\u00e9able de d\u00e9couvrir les marais.<\/li><li><strong>En bus<\/strong> : Des services de transport en commun relient les diff\u00e9rentes communes de l&#8217;\u00eele.<\/li><\/ul><h3><strong>Horaires et Tarifs des Visites<\/strong><\/h3><p>La plupart des marais salants sont accessibles toute l&#8217;ann\u00e9e. Cependant, certaines visites guid\u00e9es peuvent \u00eatre saisonni\u00e8res. Il est conseill\u00e9 de v\u00e9rifier les horaires et les tarifs aupr\u00e8s des offices de tourisme locaux.<\/p><h3><strong>Activit\u00e9s et D\u00e9couvertes<\/strong><\/h3><p>Les marais salants offrent de nombreuses activit\u00e9s pour les visiteurs :<\/p><ul><li><strong>Visites guid\u00e9es<\/strong> : Pour en apprendre plus sur l&#8217;histoire et le fonctionnement des marais.<\/li><li><strong>Randonn\u00e9es<\/strong> : Plusieurs sentiers balis\u00e9s permettent d&#8217;explorer les marais \u00e0 pied.<\/li><li><strong>Observation de la faune<\/strong> : Les marais sont un lieu id\u00e9al pour les amateurs d&#8217;ornithologie.<\/li><\/ul><p><strong>L&#8217;Importance des Marais Salants pour l&#8217;\u00cele de R\u00e9<\/strong><\/p><p><strong>Un Patrimoine Culturel et \u00c9cologique<\/strong> Les marais salants sont un \u00e9l\u00e9ment central du patrimoine de l&#8217;\u00cele de R\u00e9. Ils illustrent l&#8217;harmonie entre l&#8217;homme et la nature, ainsi que l&#8217;importance de la pr\u00e9servation des savoir-faire traditionnels.<\/p><p><strong>L&#8217;Impact \u00c9conomique<\/strong> La production de sel reste une activit\u00e9 \u00e9conomique importante pour l&#8217;\u00eele, contribuant \u00e0 la renomm\u00e9e des produits locaux et au d\u00e9veloppement du tourisme.<\/p><p><strong>Un Lieu de Sensibilisation<\/strong> Les marais salants jouent \u00e9galement un r\u00f4le \u00e9ducatif, sensibilisant les visiteurs \u00e0 la biodiversit\u00e9 et aux pratiques durables.<\/p><h2><strong>FAQ sur les Marais Salants de l&#8217;\u00cele de R\u00e9<\/strong><\/h2><p>Quels sont les meilleurs moments pour visiter les marais salants ? Les meilleures p\u00e9riodes pour visiter sont le printemps et l&#8217;\u00e9t\u00e9, lorsque les conditions m\u00e9t\u00e9orologiques sont favorables et que les visites guid\u00e9es sont souvent disponibles.<\/p><p>Peut-on acheter du sel directement aux producteurs ? Oui, de nombreux producteurs vendent leur sel directement sur place, offrant des produits vari\u00e9s comme la fleur de sel et le gros sel.<\/p><p>Les marais salants sont-ils accessibles aux personnes \u00e0 mobilit\u00e9 r\u00e9duite ? Certaines zones des marais sont accessibles aux personnes \u00e0 mobilit\u00e9 r\u00e9duite, mais il est pr\u00e9f\u00e9rable de se renseigner \u00e0 l&#8217;avance pour conna\u00eetre les itin\u00e9raires adapt\u00e9s.<\/p><p>Existe-t-il des activit\u00e9s pour les enfants ? Oui, plusieurs marais proposent des activit\u00e9s ludiques et p\u00e9dagogiques pour les enfants, comme des ateliers de r\u00e9colte de sel.<\/p><p>Les visites sont-elles disponibles en plusieurs langues ? Certaines visites guid\u00e9es peuvent \u00eatre disponibles en plusieurs langues, notamment en anglais. Il est conseill\u00e9 de v\u00e9rifier aupr\u00e8s des organisateurs.<\/p><p>Quelle est la dur\u00e9e moyenne d&#8217;une visite ? La dur\u00e9e moyenne d&#8217;une visite guid\u00e9e est d&#8217;environ 1h30 \u00e0 2 heures, mais cela peut varier en fonction de l&#8217;int\u00e9r\u00eat et des questions des visiteurs.<\/p><p><strong>Marais Salants de l&#8217;\u00cele de R\u00e9 &#8211; Conclusion<\/strong><\/p><p>Les marais salants de l&#8217;\u00cele de R\u00e9 sont une <a href=\"https:\/\/fr.wikipedia.org\/wiki\/%C3%8Ele_de_R%C3%A9\" target=\"_blank\" rel=\"noopener\">destination<\/a> incontournable pour ceux qui souhaitent d\u00e9couvrir un paysage unique et comprendre l&#8217;importance de cette activit\u00e9 ancestrale. Entre histoire, nature et savoir-faire, les marais salants offrent une exp\u00e9rience enrichissante et d\u00e9paysante. N&#8217;attendez plus pour explorer ces joyaux de la Charente Maritime !<\/p>\t\t\t\t\t\t\t\t<\/div>\n\t\t\t\t\t<\/div>\n\t\t\t\t<\/div>\n\t\t<aside class=\"elementor-element elementor-element-fed6950 e-flex e-con-boxed e-con e-parent\" data-id=\"fed6950\" data-element_type=\"container\" data-e-type=\"container\">\n\t\t\t\t\t<div class=\"e-con-inner\">\n\t\t\t\t<div class=\"elementor-element elementor-element-87bf968 elementor-widget elementor-widget-listeo-posts-grid\" data-id=\"87bf968\" data-element_type=\"widget\" data-e-type=\"widget\" data-widget_type=\"listeo-posts-grid.default\">\n\t\t\t\t<div class=\"elementor-widget-container\">\n\t\t\t\t\t\t\t\n\t\t<div class=\"listeo-post-grid-wrapper\">\n\t\t\t<div class=\"row\">\n\n\t\t\t\n\n\t\t\t\t\t\t\t<div class=\"col-md-4\">\n                <a href=\"https:\/\/cparici.com\/fr\/les-francofolies-le-festival-de-la-francophonie\/\" class=\"blog-compact-item-container\">\n                    <div class=\"blog-compact-item\">\n                        <img decoding=\"async\" width=\"577\" height=\"204\" src=\"https:\/\/cparici.com\/wp-content\/uploads\/2025\/07\/cparici-53-577x204.jpg\" class=\"attachment-listeo-blog-related-post size-listeo-blog-related-post wp-post-image\" alt=\"Francofolies\" srcset=\"https:\/\/cparici.com\/wp-content\/uploads\/2025\/07\/cparici-53-577x204.jpg 577w, https:\/\/cparici.com\/wp-content\/uploads\/2025\/07\/cparici-53-300x106.jpg 300w, https:\/\/cparici.com\/wp-content\/uploads\/2025\/07\/cparici-53-1024x362.jpg 1024w, https:\/\/cparici.com\/wp-content\/uploads\/2025\/07\/cparici-53-768x271.jpg 768w, https:\/\/cparici.com\/wp-content\/uploads\/2025\/07\/cparici-53-18x6.jpg 18w, https:\/\/cparici.com\/wp-content\/uploads\/2025\/07\/cparici-53-590x208.jpg 590w, https:\/\/cparici.com\/wp-content\/uploads\/2025\/07\/cparici-53-1200x424.jpg 1200w, https:\/\/cparici.com\/wp-content\/uploads\/2025\/07\/cparici-53-600x212.jpg 600w, https:\/\/cparici.com\/wp-content\/uploads\/2025\/07\/cparici-53.jpg 1500w\" sizes=\"(max-width: 577px) 100vw, 577px\" \/><span class=\"blog-item-tag\">Charente maritime<\/span>                        \n                        <div class=\"blog-compact-item-content\">\n                                                        <h3>Les Francofolies &#8211; le festival de la francophonie<\/h3>\n                                                        <p>Recherches populaires Categories Pas de r\u00e9sultats Voir tous les r\u00e9sultats Les Francofolies &#8211; le festival...                            <\/p>\n                                                    <\/div>\n                    <\/div>\n                <\/a>\n            <\/div>\n\t\t\t<div class=\"col-md-4\">\n                <a href=\"https:\/\/cparici.com\/fr\/port-des-salines\/\" class=\"blog-compact-item-container\">\n                    <div class=\"blog-compact-item\">\n                        <img decoding=\"async\" width=\"577\" height=\"384\" src=\"https:\/\/cparici.com\/wp-content\/uploads\/2020\/09\/charente-maritime-loclilala-9.jpg\" class=\"attachment-listeo-blog-related-post size-listeo-blog-related-post wp-post-image\" alt=\"charente ile d&#039;oleron\" srcset=\"https:\/\/cparici.com\/wp-content\/uploads\/2020\/09\/charente-maritime-loclilala-9.jpg 800w, https:\/\/cparici.com\/wp-content\/uploads\/2020\/09\/charente-maritime-loclilala-9-600x399.jpg 600w, https:\/\/cparici.com\/wp-content\/uploads\/2020\/09\/charente-maritime-loclilala-9-768x511.jpg 768w, https:\/\/cparici.com\/wp-content\/uploads\/2020\/09\/charente-maritime-loclilala-9-120x80.jpg 120w\" sizes=\"(max-width: 577px) 100vw, 577px\" \/><span class=\"blog-item-tag\">Charente maritime<\/span>                        \n                        <div class=\"blog-compact-item-content\">\n                                                        <h3>Port des salines<\/h3>\n                                                        <p>D\u00e9couvrez le Port des Salines sur l'\u00cele d'Ol\u00e9ron, un site authentique offrant des visites, des...                            <\/p>\n                                                    <\/div>\n                    <\/div>\n                <\/a>\n            <\/div>\n\t\t\t<div class=\"col-md-4\">\n                <a href=\"https:\/\/cparici.com\/fr\/cozes-guide-pour-sejourner-dans-la-ville\/\" class=\"blog-compact-item-container\">\n                    <div class=\"blog-compact-item\">\n                        <img decoding=\"async\" width=\"577\" height=\"209\" src=\"https:\/\/cparici.com\/wp-content\/uploads\/2024\/05\/cozes-banniere.jpg\" class=\"attachment-listeo-blog-related-post size-listeo-blog-related-post wp-post-image\" alt=\"cozes\" srcset=\"https:\/\/cparici.com\/wp-content\/uploads\/2024\/05\/cozes-banniere.jpg 1500w, https:\/\/cparici.com\/wp-content\/uploads\/2024\/05\/cozes-banniere-600x217.jpg 600w, https:\/\/cparici.com\/wp-content\/uploads\/2024\/05\/cozes-banniere-300x109.jpg 300w, https:\/\/cparici.com\/wp-content\/uploads\/2024\/05\/cozes-banniere-1024x371.jpg 1024w, https:\/\/cparici.com\/wp-content\/uploads\/2024\/05\/cozes-banniere-768x278.jpg 768w\" sizes=\"(max-width: 577px) 100vw, 577px\" \/><span class=\"blog-item-tag\">Charente maritime<\/span>                        \n                        <div class=\"blog-compact-item-content\">\n                                                        <h3>Cozes &#8211; guide pour s\u00e9journer dans la ville<\/h3>\n                                                        <p>Cozes Cozes : Carrefour dynamique au c\u0153ur de la Saintonge Situ\u00e9e dans le sud-ouest de...                            <\/p>\n                                                    <\/div>\n                    <\/div>\n                <\/a>\n            <\/div>\n  <\/div>\n        <\/div>\n        \t\t\t\t<\/div>\n\t\t\t\t<\/div>\n\t\t\t\t\t<\/div>\n\t\t\t\t<\/aside>\n\t\t\t\t<\/div>\n\t\t","protected":false},"excerpt":{"rendered":"<p>Explorez les marais salants de l&#8217;\u00cele de R\u00e9 en Charente Maritime, un tr\u00e9sor naturel offrant des paysages uniques et une richesse \u00e9cologique \u00e0 d\u00e9couvrir absolument.<\/p>\n","protected":false},"author":1,"featured_media":35366,"comment_status":"closed","ping_status":"open","sticky":false,"template":"","format":"standard","meta":{"ngg_post_thumbnail":0,"footnotes":""},"categories":[472,461,477,480],"tags":[879,473],"class_list":["post-35365","post","type-post","status-publish","format-standard","has-post-thumbnail","hentry","category-ile-de-re","category-charente-maritime","category-france","category-poitou-charentes","tag-marais","tag-marais-salants"],"_links":{"self":[{"href":"https:\/\/cparici.com\/fr\/wp-json\/wp\/v2\/posts\/35365","targetHints":{"allow":["GET"]}}],"collection":[{"href":"https:\/\/cparici.com\/fr\/wp-json\/wp\/v2\/posts"}],"about":[{"href":"https:\/\/cparici.com\/fr\/wp-json\/wp\/v2\/types\/post"}],"author":[{"embeddable":true,"href":"https:\/\/cparici.com\/fr\/wp-json\/wp\/v2\/users\/1"}],"replies":[{"embeddable":true,"href":"https:\/\/cparici.com\/fr\/wp-json\/wp\/v2\/comments?post=35365"}],"version-history":[{"count":0,"href":"https:\/\/cparici.com\/fr\/wp-json\/wp\/v2\/posts\/35365\/revisions"}],"wp:featuredmedia":[{"embeddable":true,"href":"https:\/\/cparici.com\/fr\/wp-json\/wp\/v2\/media\/35366"}],"wp:attachment":[{"href":"https:\/\/cparici.com\/fr\/wp-json\/wp\/v2\/media?parent=35365"}],"wp:term":[{"taxonomy":"category","embeddable":true,"href":"https:\/\/cparici.com\/fr\/wp-json\/wp\/v2\/categories?post=35365"},{"taxonomy":"post_tag","embeddable":true,"href":"https:\/\/cparici.com\/fr\/wp-json\/wp\/v2\/tags?post=35365"}],"curies":[{"name":"wp","href":"https:\/\/api.w.org\/{rel}","templated":true}]}}