{"id":35384,"date":"2024-05-31T11:06:46","date_gmt":"2024-05-31T09:06:46","guid":{"rendered":"https:\/\/cparici.com\/?p=35384"},"modified":"2026-01-25T19:16:25","modified_gmt":"2026-01-25T18:16:25","slug":"musee-ernest-cognacq","status":"publish","type":"post","link":"https:\/\/cparici.com\/fr\/musee-ernest-cognacq\/","title":{"rendered":"Mus\u00e9e Ernest Cognacq sur l&#8217;\u00eele de R\u00e9"},"content":{"rendered":"\t\t<div data-elementor-type=\"wp-post\" data-elementor-id=\"35384\" class=\"elementor elementor-35384\" data-elementor-post-type=\"post\">\n\t\t\t\t<div class=\"elementor-element elementor-element-f903073 e-con-full e-flex e-con e-parent\" data-id=\"f903073\" data-element_type=\"container\" data-e-type=\"container\">\n\t\t\t\t<div class=\"elementor-element elementor-element-b5b310c elementor-widget elementor-widget-image\" data-id=\"b5b310c\" data-element_type=\"widget\" data-e-type=\"widget\" data-widget_type=\"image.default\">\n\t\t\t\t\t\t\t\t\t\t\t\t\t\t\t<img decoding=\"async\" width=\"1700\" height=\"530\" src=\"https:\/\/cparici.com\/wp-content\/uploads\/2024\/05\/musee-ernest-cognacq.jpg\" class=\"attachment-full size-full wp-image-35431\" alt=\"mus\u00e9e ernest cognacq\" srcset=\"https:\/\/cparici.com\/wp-content\/uploads\/2024\/05\/musee-ernest-cognacq.jpg 1700w, https:\/\/cparici.com\/wp-content\/uploads\/2024\/05\/musee-ernest-cognacq-600x187.jpg 600w, https:\/\/cparici.com\/wp-content\/uploads\/2024\/05\/musee-ernest-cognacq-300x94.jpg 300w, https:\/\/cparici.com\/wp-content\/uploads\/2024\/05\/musee-ernest-cognacq-1024x319.jpg 1024w, https:\/\/cparici.com\/wp-content\/uploads\/2024\/05\/musee-ernest-cognacq-768x239.jpg 768w, https:\/\/cparici.com\/wp-content\/uploads\/2024\/05\/musee-ernest-cognacq-1536x479.jpg 1536w\" sizes=\"(max-width: 1700px) 100vw, 1700px\" \/>\t\t\t\t\t\t\t\t\t\t\t\t\t\t\t<\/div>\n\t\t\t\t<\/div>\n\t\t<div class=\"elementor-element elementor-element-9ba15fb e-flex e-con-boxed e-con e-parent\" data-id=\"9ba15fb\" data-element_type=\"container\" data-e-type=\"container\">\n\t\t\t\t\t<div class=\"e-con-inner\">\n\t\t\t\t<div class=\"elementor-element elementor-element-1e8445a elementor-widget elementor-widget-global elementor-global-62046 elementor-widget-eael-advanced-search\" data-id=\"1e8445a\" data-element_type=\"widget\" data-e-type=\"widget\" data-widget_type=\"eael-advanced-search.default\">\n\t\t\t\t\t        <div class=\"eael-adv-search-wrapper\">\n            <div id=\"eael-advanced-search-widget-1e8445a\" class=\"eael-advanced-search-widget\">\n                <form data-settings=\"{&quot;post_per_page&quot;:5,&quot;search_among_taxonomies&quot;:&quot;&quot;,&quot;search_among_sku&quot;:&quot;no&quot;,&quot;show_popular_keyword&quot;:0,&quot;show_category&quot;:0,&quot;show_content_image&quot;:1,&quot;show_search_result_all_results&quot;:0,&quot;result_on_new_tab&quot;:&quot;no&quot;,&quot;show_product_price&quot;:&quot;no&quot;,&quot;include_current_page&quot;:&quot;no&quot;,&quot;current_post_id&quot;:35384,&quot;post_type&quot;:[&quot;post&quot;,&quot;listing&quot;]}\" method=\"POST\" name=\"eael-advanced-search-form-1e8445a\" class=\"eael-advanced-search-form eael-advanced-search-form-style-2\">\n                    <div class=\"eael-advanced-search-wrap\">\n                        <span class=\"eael-adv-search-loader\"><\/span>\n                        <span class=\"eael-adv-search-close\"><i class=\"fas fa-times\"><\/i><\/span>\n                        <span class=\"icon \"><i class=\"fas fa-search\"><\/i><\/span>\n\n                        <input type=\"text\"\n                               placeholder=\"Votre destination\"\n                               class=\"eael-advanced-search\" autocomplete=\"off\" name=\"eael_advanced_search\">\n                    <\/div>\n\t\t\t\t\t                                    <\/form>\n\n\t\t\t\t\n\t\t\t\t        <div class=\"eael-advanced-search-result\">\n            <div class=\"eael-advanced-search-popular-keyword\">\n\t\t\t\t<h4 class=\"eael-advanced-search-popular-keyword-text\">Recherches populaires<\/h4>                <div class=\"eael-popular-keyword-content\"><\/div>\n            <\/div>\n            <div class=\"eael-advanced-search-category\">\n\t\t\t\t<h4 class=\"eael-advanced-search-category-text\">Categories<\/h4>                <div class=\"eael-popular-category-content\"><\/div>\n            <\/div>\n\t\t\t<div class=\"eael-advanced-search-total-results-section\">\n\t\t\t\t\t\t\t<\/div>\n            <div class=\"eael-advanced-search-content eael-item-style-3\">\n            <\/div>\n            <div class=\"eael-advanced-search-not-found\">\n                <p>Pas de r\u00e9sultats<\/p><\/div>\n            <div class=\"eael-advanced-search-load-more\">\n\t\t\t\t<a \tclass=\"eael-advanced-search-load-more-button\"\n                \thref=\"#\">Voir tous les r\u00e9sultats<\/a>\n            <\/div>\n        <\/div>\n\n\t\t            <\/div>\n        <\/div>\n\n\t\t\t\t\t\t<\/div>\n\t\t\t\t\t<\/div>\n\t\t\t\t<\/div>\n\t\t<aside class=\"elementor-element elementor-element-22999af2 e-flex e-con-boxed e-con e-parent\" data-id=\"22999af2\" data-element_type=\"container\" data-e-type=\"container\">\n\t\t\t\t\t<div class=\"e-con-inner\">\n\t\t\t\t<div class=\"elementor-element elementor-element-7bdb57ae elementor-widget elementor-widget-text-editor\" data-id=\"7bdb57ae\" data-element_type=\"widget\" data-e-type=\"widget\" data-widget_type=\"text-editor.default\">\n\t\t\t\t\t\t\t\t\t<h1 style=\"text-align: center;\"><span style=\"font-size: 18pt;\">Mus\u00e9e Ernest Cognacq<\/span><\/h1><p>D\u00e9couvrez le Mus\u00e9e Ernest Cognacq sur <a href=\"https:\/\/www.loclilala.com\/fr\/ile-de-re-carte-guide-complet\/\" target=\"_blank\" rel=\"noopener\">l\u2019\u00eele de R\u00e9<\/a>, ses tr\u00e9sors historiques, ses expositions fascinantes et ses informations pratiques pour une visite inoubliable.<\/p><h2><span style=\"font-size: 18pt;\">Introduction<\/span><\/h2><p>L<strong>e Mus\u00e9e Ernest Cognacq, situ\u00e9 sur l\u2019\u00eele de R\u00e9, est une v\u00e9ritable invitation \u00e0 explorer l\u2019histoire et la culture<\/strong> de cette magnifique r\u00e9gion. Fond\u00e9 en 1907, ce mus\u00e9e est d\u00e9di\u00e9 \u00e0 la m\u00e9moire d\u2019Ernest Cognacq, un philanthrope et homme d\u2019affaires notable. Il propose une riche collection d\u2019artefacts et d\u2019expositions, offrant aux visiteurs un aper\u00e7u captivant du pass\u00e9 de l\u2019\u00eele de R\u00e9.<\/p><h2><span style=\"font-size: 18pt;\">Situation du Mus\u00e9e Ernest Cognacq<\/span><\/h2><h3>Localisation<\/h3><p>Le Mus\u00e9e Ernest Cognacq est id\u00e9alement situ\u00e9 \u00e0 <a href=\"https:\/\/www.loclilala.com\/fr\/saint-martin-de-re\/\" target=\"_blank\" rel=\"noopener\">Saint-Martin-de-R\u00e9<\/a>, la capitale historique de l\u2019\u00eele de R\u00e9. Nich\u00e9 au c\u0153ur de cette charmante ville fortifi\u00e9e, le mus\u00e9e se trouve \u00e0 proximit\u00e9 des remparts, class\u00e9s au patrimoine mondial de l\u2019UNESCO.<\/p><h3>Acc\u00e8s<\/h3><p>Pour se rendre au Mus\u00e9e Ernest Cognacq, les visiteurs peuvent emprunter divers moyens de transport :<\/p><ul><li><strong>En voiture<\/strong> : Depuis La Rochelle, prenez le pont de l\u2019\u00eele de R\u00e9 et suivez les indications jusqu\u2019\u00e0 Saint-Martin-de-R\u00e9.<\/li><li><strong>En bus<\/strong> : Des lignes de bus r\u00e9guli\u00e8res relient La Rochelle et les principales villes de l\u2019\u00eele de R\u00e9 \u00e0 Saint-Martin-de-R\u00e9.<\/li><li><strong>\u00c0 v\u00e9lo<\/strong> : L\u2019\u00eele de R\u00e9 est r\u00e9put\u00e9e pour ses pistes cyclables, offrant une option agr\u00e9able et \u00e9cologique pour atteindre le mus\u00e9e.<\/li><\/ul>\t\t\t\t\t\t\t\t<\/div>\n\t\t\t\t\t<\/div>\n\t\t\t\t<\/aside>\n\t\t<aside class=\"elementor-element elementor-element-7e59eb99 e-flex e-con-boxed e-con e-parent\" data-id=\"7e59eb99\" data-element_type=\"container\" data-e-type=\"container\" data-settings=\"{&quot;background_background&quot;:&quot;classic&quot;}\">\n\t\t\t\t\t<div class=\"e-con-inner\">\n\t\t\t\t<div class=\"elementor-element elementor-element-76c7ea63 elementor-widget elementor-widget-spacer\" data-id=\"76c7ea63\" data-element_type=\"widget\" data-e-type=\"widget\" data-widget_type=\"spacer.default\">\n\t\t\t\t\t\t\t<div class=\"elementor-spacer\">\n\t\t\t<div class=\"elementor-spacer-inner\"><\/div>\n\t\t<\/div>\n\t\t\t\t\t\t<\/div>\n\t\t\t\t<div class=\"elementor-element elementor-element-18d22168 elementor-widget elementor-widget-heading\" data-id=\"18d22168\" data-element_type=\"widget\" data-e-type=\"widget\" data-widget_type=\"heading.default\">\n\t\t\t\t\t<h2 class=\"elementor-heading-title elementor-size-default\">H\u00e9bergements de Vacances Ile de R\u00e9 en direct<\/h2>\t\t\t\t<\/div>\n\t\t\t\t<div class=\"elementor-element elementor-element-2eac878b elementor-widget elementor-widget-listeo-listings-carousel\" data-id=\"2eac878b\" data-element_type=\"widget\" data-e-type=\"widget\" data-widget_type=\"listeo-listings-carousel.default\">\n\t\t\t\t<div class=\"elementor-widget-container\">\n\t\t\t\t\t        <!-- Carousel \/ Start -->\n        \t<div class=\"simple-slick-carousel dots-nav\" data-slick='{&quot;autoplay&quot;:true,&quot;autoplaySpeed&quot;:3000,&quot;slidesToShow&quot;:3,&quot;slidesToScroll&quot;:1,&quot;responsive&quot;:[{&quot;breakpoint&quot;:1024,&quot;settings&quot;:{&quot;slidesToShow&quot;:2,&quot;slidesToScroll&quot;:1}},{&quot;breakpoint&quot;:768,&quot;settings&quot;:{&quot;slidesToShow&quot;:1,&quot;slidesToScroll&quot;:1}}]}'>\n                            <div class=\"fw-carousel-item\">                    \n                        <!-- Listing Item -->\r\n            <div class=\"col-lg-6 col-md-12\">\r\n                <a href=\"https:\/\/cparici.com\/fr\/annonce\/le-36-maison-dhotes-piscinespa\/\" class=\"listing-item-container listing-geo-data compact\" data-title=\"Le 36 Maison d\u2019h\u00f4tes Piscine&Spa\" data-listing-type=\"rental\" data-classifieds-price=\"\u20ac\" data-friendly-address=\"36 Avenue des Vieux Moulins\" data-address=\"36 Avenue des Vieux Moulins\" data-image=\"https:\/\/cparici.com\/wp-content\/uploads\/2025\/12\/8f082204-485e-45a4-b2cf-359a6ea269b0_CkNIFlfL-2-520x397.jpg\" data-longitude=\"-1.3331261\" data-latitude=\"46.1859313\" data-rating=\"5\" data-reviews=\"190\" data-icon=\"<svg xmlns=&quot;http:\/\/www.w3.org\/2000\/svg&quot; width=&quot;800px&quot; height=&quot;800px&quot; viewBox=&quot;0 0 45 45&quot; fill=&quot;none&quot;>\n<path d=&quot;M24.155 8.78099L24.33 8.94499L37.402 21.787L36 23.213L34.2 21.445L34.201 35C34.201 36.054 33.385 36.918 32.35 36.994L32.201 37H12.201C11.147 37 10.283 36.184 10.206 35.149L10.201 35L10.2 21.446L8.402 23.213L7 21.787L20.058 8.95799C21.171 7.82199 22.966 7.75899 24.155 8.78099ZM21.569 10.285L21.473 10.372L12.2 19.481L12.201 35L17.2 34.999L17.201 25C17.201 23.946 18.017 23.082 19.052 23.005L19.201 23H25.201C26.255 23 27.119 23.816 27.196 24.851L27.201 25L27.2 34.999L32.201 35L32.2 19.48L22.901 10.344C22.537 9.98699 21.969 9.96499 21.569 10.285ZM25.201 25H19.201L19.2 34.999H25.2L25.201 25Z&quot; fill=&quot;#3C3C3C&quot;\/>\n<\/svg>\">\r\n            <div class=\"listing-item  \">\r\n                <div class=\"listing-small-badges-container\">\r\n                                                                <div class=\"listing-small-badge pricing-badge\"><i class=\"fa fa-tag\"><\/i>150,00\u20ac - 310,00\u20ac<\/div>\r\n                                                            \r\n                                        \r\n                                        \r\n                <\/div>\r\n                <img decoding=\"async\" src=\"https:\/\/cparici.com\/wp-content\/uploads\/2025\/12\/8f082204-485e-45a4-b2cf-359a6ea269b0_CkNIFlfL-2-520x397.jpg\" alt=\"Le 36 Maison d\u2019h\u00f4tes Piscine&Spa\" class=\"listing-thumbnail\">\r\n                \r\n\r\n                <div class=\"listing-item-content\">\r\n                                                <div class=\"numerical-rating\" data-rating=\"5.0\"><\/div>\r\n                    \r\n                    <h3> Le 36 Maison d\u2019h\u00f4tes Piscine&Spa <\/h3>\r\n                    <span>36 Avenue des Vieux Moulins<\/span>\r\n                <\/div>\r\n                                        <span class=\"save like-icon tooltip left\" title=\"Connexion pour marquer des \u00e9l\u00e9ments\"><\/span>\r\n                                                <\/div>\r\n        <\/a>\r\n                    <\/div>\r\n        \r\n\r\n        <!-- Listing Item \/ End -->\n                    <\/div>\n                          <\/div>\n        \t\t\t\t<\/div>\n\t\t\t\t<\/div>\n\t\t\t\t\t<\/div>\n\t\t\t\t<\/aside>\n\t\t<div class=\"elementor-element elementor-element-0e210a4 e-flex e-con-boxed e-con e-parent\" data-id=\"0e210a4\" data-element_type=\"container\" data-e-type=\"container\">\n\t\t\t\t\t<div class=\"e-con-inner\">\n\t\t\t\t<div class=\"elementor-element elementor-element-9af4c66 elementor-widget elementor-widget-text-editor\" data-id=\"9af4c66\" data-element_type=\"widget\" data-e-type=\"widget\" data-widget_type=\"text-editor.default\">\n\t\t\t\t\t\t\t\t\t<h2><span style=\"font-size: 18pt; color: #222222;\">Les Tr\u00e9sors \u00e0 D\u00e9couvrir au Mus\u00e9e Ernest Cognacq<\/span><\/h2><h3>Expositions Permanentes<\/h3><p>Le Mus\u00e9e Ernest Cognacq abrite des collections permanentes qui racontent l\u2019histoire riche et vari\u00e9e de l\u2019\u00eele de R\u00e9. Les visiteurs peuvent admirer :<\/p><ul><li><strong>Objets arch\u00e9ologiques<\/strong> : Des artefacts datant de l\u2019\u00e9poque pr\u00e9historique \u00e0 la p\u00e9riode gallo-romaine.<\/li><li><strong>Peintures et sculptures<\/strong> : \u0152uvres d\u2019artistes locaux et r\u00e9gionaux qui capturent la beaut\u00e9 de l\u2019\u00eele de R\u00e9.<\/li><li><strong>Documents historiques<\/strong> : Archives et documents illustrant l\u2019\u00e9volution sociale et \u00e9conomique de l\u2019\u00eele.<\/li><\/ul><h3>Expositions Temporaires<\/h3><p>En plus de ses collections permanentes, le mus\u00e9e organise r\u00e9guli\u00e8rement des expositions temporaires qui explorent divers th\u00e8mes culturels et historiques. Ces expositions offrent une nouvelle perspective et attirent un large public.<\/p><h3>Jardin des Simples<\/h3><p>Le jardin des simples est une partie unique du mus\u00e9e, o\u00f9 sont cultiv\u00e9es des plantes m\u00e9dicinales et aromatiques traditionnelles. Ce jardin permet aux visiteurs de d\u00e9couvrir les usages anciens des plantes et leur importance dans la vie quotidienne des habitants de l\u2019\u00eele.<\/p><h2><span style=\"font-size: 18pt;\">Activit\u00e9s et \u00c9v\u00e8nements au Mus\u00e9e Ernest Cognacq<\/span><\/h2><h3>Ateliers et Animations<\/h3><p>Le mus\u00e9e propose une vari\u00e9t\u00e9 d\u2019ateliers et d\u2019animations pour tous les \u00e2ges :<\/p><ul><li><strong>Ateliers pour enfants<\/strong> : Activit\u00e9s \u00e9ducatives et ludiques pour les jeunes visiteurs.<\/li><li><strong>Visites guid\u00e9es<\/strong> : Des guides exp\u00e9riment\u00e9s partagent leurs connaissances sur l\u2019histoire et les collections du mus\u00e9e.<\/li><li><strong>Conf\u00e9rences et s\u00e9minaires<\/strong> : \u00c9v\u00e9nements \u00e9ducatifs sur des sujets li\u00e9s \u00e0 l\u2019histoire et \u00e0 la culture de l\u2019\u00eele de R\u00e9.<\/li><\/ul><h3>\u00c9v\u00e8nements Sp\u00e9ciaux<\/h3><p>Le Mus\u00e9e Ernest Cognacq organise \u00e9galement des \u00e9v\u00e8nements sp\u00e9ciaux tout au long de l\u2019ann\u00e9e, comme des expositions th\u00e9matiques, des soir\u00e9es culturelles, et des festivals. Ces \u00e9v\u00e8nements permettent de vivre des exp\u00e9riences uniques et enrichissantes.<\/p><h2><span style=\"font-size: 18pt;\">Qui est Ernest Cognacq?<\/span><\/h2><h3 data-sourcepos=\"1:1-1:64\">Biographie courte d\u2019Ernest Cognacq<\/h3><p data-sourcepos=\"3:1-3:194\"><strong>Ernest Cognacq (1839-1901)<\/strong> \u00e9tait un homme d\u2019affaires fran\u00e7ais, fondateur du grand magasin parisien La Samaritaine. Il est n\u00e9 \u00e0 Saint-Martin-de-R\u00e9 sur l\u2019\u00eele de R\u00e9, o\u00f9 il a pass\u00e9 son enfance.<\/p><p data-sourcepos=\"5:1-5:30\"><strong>Son lien avec l\u2019\u00eele de R\u00e9:<\/strong><\/p><ul data-sourcepos=\"7:1-10:0\"><li data-sourcepos=\"7:1-7:151\"><strong>Naissance et enfance:<\/strong> Ernest Cognacq est n\u00e9 \u00e0 Saint-Martin-de-R\u00e9 le 23 avril 1839. Il a pass\u00e9 son enfance sur l\u2019\u00eele, o\u00f9 son p\u00e8re \u00e9tait boulanger.<\/li><li data-sourcepos=\"8:1-8:176\"><strong>Retour aux sources:<\/strong> Cognacq a toujours gard\u00e9 un attachement profond \u00e0 son \u00eele natale. Il y revenait r\u00e9guli\u00e8rement en vacances et a m\u00eame achet\u00e9 une propri\u00e9t\u00e9 \u00e0 Ars-en-R\u00e9.<\/li><li data-sourcepos=\"9:1-10:0\"><strong>M\u00e9c\u00e9nat:<\/strong> En 1906, Cognacq a rachet\u00e9 <span class=\"citation-0 citation-end-0\">les collections d\u2019un \u00e9rudit local du nom de Th\u00e9odore Phelippot pour les offrir \u00e0 sa commune natale de Saint-Martin-de-R\u00e9. Elles forment alors le fonds du mus\u00e9e municipal Ernest-Cognacq, cr\u00e9\u00e9 en 1907.<\/span> Ce mus\u00e9e, situ\u00e9 dans l\u2019ancien h\u00f4tel des gouverneurs de l\u2019\u00eele de R\u00e9, pr\u00e9sente des collections d\u2019arch\u00e9ologie, d\u2019ethnographie et d\u2019histoire locale.<\/li><\/ul><p data-sourcepos=\"11:1-11:13\"><strong>Hommage:<\/strong><\/p><ul data-sourcepos=\"13:1-15:0\"><li data-sourcepos=\"13:1-13:46\">Une rue de Saint-Martin-de-R\u00e9 porte son nom.<\/li><li data-sourcepos=\"14:1-15:0\">Un buste d\u2019Ernest Cognacq est visible devant le mus\u00e9e qui porte son nom.<\/li><li data-sourcepos=\"14:1-15:0\">Un mus\u00e9e porte son nom<\/li><\/ul><p data-sourcepos=\"16:1-16:183\"><strong>Ernest Cognacq est une figure importante de l\u2019histoire de l\u2019\u00eele de R\u00e9. Son succ\u00e8s en tant qu\u2019homme d\u2019affaires lui a permis de faire b\u00e9n\u00e9ficier sa commune natale de son g\u00e9n\u00e9rosit\u00e9.<\/strong><\/p><h2><span style=\"font-size: 18pt;\">Informations Pratiques<\/span><\/h2><h3>Horaires d\u2019Ouverture<\/h3><p>Le Mus\u00e9e Ernest Cognacq est ouvert toute l\u2019ann\u00e9e avec des horaires variables selon la saison :<\/p><ul><li><strong>Haute saison (juillet-ao\u00fbt)<\/strong> : Ouvert tous les jours de 10h \u00e0 19h.<\/li><li><strong>Basse saison (septembre-juin)<\/strong> : Ouvert du mardi au dimanche de 10h \u00e0 18h. Ferm\u00e9 le lundi.<\/li><\/ul><h3>Tarifs de Visite<\/h3><p>Les tarifs d\u2019entr\u00e9e au mus\u00e9e sont les suivants :<\/p><ul><li><strong>Adultes<\/strong> : 6\u20ac<\/li><li><strong>Enfants (7-17 ans)<\/strong> : 3\u20ac<\/li><li><strong>Moins de 7 ans<\/strong> : Gratuit<\/li><li><strong>Tarif r\u00e9duit<\/strong> : 4\u20ac (\u00e9tudiants, demandeurs d\u2019emploi, seniors)<\/li><\/ul><p>Des <a href=\"https:\/\/www.musee-ernest-cognacq.fr\/\" target=\"_blank\" rel=\"noopener\">billets combin\u00e9s<\/a> sont \u00e9galement disponibles pour acc\u00e9der \u00e0 d\u2019autres attractions de l\u2019\u00eele de R\u00e9 \u00e0 tarif r\u00e9duit.<\/p><h2><span style=\"font-size: 18pt;\">Foire Aux Questions (FAQ)<\/span><\/h2><p><strong>O\u00f9 se situe le Mus\u00e9e Ernest Cognacq ?<\/strong><br \/>Le Mus\u00e9e Ernest Cognacq est situ\u00e9 \u00e0 Saint-Martin-de-R\u00e9, sur l\u2019\u00eele de R\u00e9, en France.<\/p><p><strong>Quels sont les horaires d\u2019ouverture du mus\u00e9e ?<\/strong><br \/>En haute saison, le mus\u00e9e est ouvert tous les jours de 10h \u00e0 19h. En basse saison, il est ouvert du mardi au dimanche de 10h \u00e0 18h.<\/p><p><strong>Quel est le prix d\u2019entr\u00e9e pour les adultes ?<\/strong><br \/>Le tarif d\u2019entr\u00e9e pour les adultes est de 6\u20ac.<\/p><p><strong>Y a-t-il des activit\u00e9s pour les enfants au mus\u00e9e ?<\/strong><br \/>Oui, le mus\u00e9e propose des ateliers et des activit\u00e9s \u00e9ducatives sp\u00e9cialement con\u00e7us pour les enfants.<\/p><p><strong>Le mus\u00e9e organise-t-il des expositions temporaires ?<\/strong><br \/>Oui, en plus des collections permanentes, le mus\u00e9e organise r\u00e9guli\u00e8rement des expositions temporaires sur divers th\u00e8mes culturels et historiques.<\/p><p data-sourcepos=\"3:1-3:38\"><strong>Du 1er juin au 22 septembre 2024 :<\/strong><\/p><ul data-sourcepos=\"5:1-6:0\"><li data-sourcepos=\"5:1-6:0\"><strong>R\u00e9mi Polack : Exposition \u201cVent !<\/strong>\u201c**<\/li><\/ul><p data-sourcepos=\"7:1-7:408\"><span class=\"citation-0 citation-end-0\">Plac\u00e9 sous le th\u00e8me du vent, le 13\u00e8me Festival d\u2019Arts Actuels met en lumi\u00e8re le travail de l\u2019artiste invit\u00e9 d\u2019honneur R\u00e9mi Polack. Son travail est essentiellement ax\u00e9 sur une dynamique a\u00e9rienne et<\/span> utilise des mat\u00e9riaux l\u00e9gers et a\u00e9riens tels que le papier, le tissu et le plastique. L\u2019exposition pr\u00e9sente une s\u00e9lection d\u2019\u0153uvres de l\u2019artiste, dont des sculptures, des installations et des vid\u00e9os.<\/p><p><strong>Comment acc\u00e9der au mus\u00e9e depuis La Rochelle ?<\/strong><br \/>Le mus\u00e9e est accessible en voiture via le pont de l\u2019\u00eele de R\u00e9, en bus ou \u00e0 v\u00e9lo en empruntant les pistes cyclables.<\/p><h2>Conclusion<\/h2><p>Le Mus\u00e9e Ernest Cognacq est une destination incontournable pour quiconque visite l\u2019\u00eele de R\u00e9. Son riche patrimoine, ses expositions captivantes, et ses diverses activit\u00e9s en font un lieu d\u2019int\u00e9r\u00eat pour les amateurs d\u2019histoire et de culture. Planifiez votre visite et plongez dans le pass\u00e9 fascinant de cette \u00eele unique.<\/p>\t\t\t\t\t\t\t\t<\/div>\n\t\t\t\t\t<\/div>\n\t\t\t\t<\/div>\n\t\t<aside class=\"elementor-element elementor-element-af53cea e-flex e-con-boxed e-con e-parent\" data-id=\"af53cea\" data-element_type=\"container\" data-e-type=\"container\">\n\t\t\t\t\t<div class=\"e-con-inner\">\n\t\t\t\t<div class=\"elementor-element elementor-element-ede7d5b elementor-widget elementor-widget-listeo-posts-grid\" data-id=\"ede7d5b\" data-element_type=\"widget\" data-e-type=\"widget\" data-widget_type=\"listeo-posts-grid.default\">\n\t\t\t\t<div class=\"elementor-widget-container\">\n\t\t\t\t\t\t\t\n\t\t<div class=\"listeo-post-grid-wrapper\">\n\t\t\t<div class=\"row\">\n\n\t\t\t\n\n\t\t\t\t\t\t\t<div class=\"col-md-4\">\n                <a href=\"https:\/\/cparici.com\/fr\/pont-de-lile-de-re\/\" class=\"blog-compact-item-container\">\n                    <div class=\"blog-compact-item\">\n                        <img decoding=\"async\" width=\"577\" height=\"204\" src=\"https:\/\/cparici.com\/wp-content\/uploads\/2024\/05\/cparici-2026-01-25T191835.064-577x204.jpg\" class=\"attachment-listeo-blog-related-post size-listeo-blog-related-post wp-post-image\" alt=\"Pont de l&#039;\u00eele de R\u00e9\" srcset=\"https:\/\/cparici.com\/wp-content\/uploads\/2024\/05\/cparici-2026-01-25T191835.064-577x204.jpg 577w, https:\/\/cparici.com\/wp-content\/uploads\/2024\/05\/cparici-2026-01-25T191835.064-300x106.jpg 300w, https:\/\/cparici.com\/wp-content\/uploads\/2024\/05\/cparici-2026-01-25T191835.064-1024x362.jpg 1024w, https:\/\/cparici.com\/wp-content\/uploads\/2024\/05\/cparici-2026-01-25T191835.064-768x271.jpg 768w, https:\/\/cparici.com\/wp-content\/uploads\/2024\/05\/cparici-2026-01-25T191835.064-18x6.jpg 18w, https:\/\/cparici.com\/wp-content\/uploads\/2024\/05\/cparici-2026-01-25T191835.064-590x208.jpg 590w, https:\/\/cparici.com\/wp-content\/uploads\/2024\/05\/cparici-2026-01-25T191835.064-1200x424.jpg 1200w, https:\/\/cparici.com\/wp-content\/uploads\/2024\/05\/cparici-2026-01-25T191835.064-600x212.jpg 600w, https:\/\/cparici.com\/wp-content\/uploads\/2024\/05\/cparici-2026-01-25T191835.064.jpg 1500w\" sizes=\"(max-width: 577px) 100vw, 577px\" \/><span class=\"blog-item-tag\">Charente maritime<\/span>                        \n                        <div class=\"blog-compact-item-content\">\n                                                        <h3>Pont de l\u2019\u00eele de R\u00e9 : guide pratique et histoire captivante<\/h3>\n                                                        <p>Le pont de l'\u00eele de R\u00e9 est plus qu'un simple pont. C'est une invitation \u00e0...                            <\/p>\n                                                    <\/div>\n                    <\/div>\n                <\/a>\n            <\/div>\n\t\t\t<div class=\"col-md-4\">\n                <a href=\"https:\/\/cparici.com\/fr\/le-bois-plage-en-re-guide-complet\/\" class=\"blog-compact-item-container\">\n                    <div class=\"blog-compact-item\">\n                        <img decoding=\"async\" width=\"577\" height=\"230\" src=\"https:\/\/cparici.com\/wp-content\/uploads\/2024\/05\/Le-bois-plage-en-re.jpg\" class=\"attachment-listeo-blog-related-post size-listeo-blog-related-post wp-post-image\" alt=\"Le bois plage en r\u00e9\" srcset=\"https:\/\/cparici.com\/wp-content\/uploads\/2024\/05\/Le-bois-plage-en-re.jpg 1500w, https:\/\/cparici.com\/wp-content\/uploads\/2024\/05\/Le-bois-plage-en-re-600x239.jpg 600w, https:\/\/cparici.com\/wp-content\/uploads\/2024\/05\/Le-bois-plage-en-re-300x119.jpg 300w, https:\/\/cparici.com\/wp-content\/uploads\/2024\/05\/Le-bois-plage-en-re-1024x408.jpg 1024w, https:\/\/cparici.com\/wp-content\/uploads\/2024\/05\/Le-bois-plage-en-re-768x306.jpg 768w\" sizes=\"(max-width: 577px) 100vw, 577px\" \/><span class=\"blog-item-tag\">Charente maritime<\/span>                        \n                        <div class=\"blog-compact-item-content\">\n                                                        <h3>Le bois plage en r\u00e9 : guide complet pour explorer cette destination<\/h3>\n                                                        <p>Le bois plage en r\u00e9 : un paradis \u00e0 d\u00e9couvrir. D\u00e9couvrez dans ce guide complet...                            <\/p>\n                                                    <\/div>\n                    <\/div>\n                <\/a>\n            <\/div>\n\t\t\t<div class=\"col-md-4\">\n                <a href=\"https:\/\/cparici.com\/fr\/musee-ernest-cognacq\/\" class=\"blog-compact-item-container\">\n                    <div class=\"blog-compact-item\">\n                        <img decoding=\"async\" width=\"577\" height=\"180\" src=\"https:\/\/cparici.com\/wp-content\/uploads\/2024\/05\/musee-ernest-cognacq.jpg\" class=\"attachment-listeo-blog-related-post size-listeo-blog-related-post wp-post-image\" alt=\"mus\u00e9e ernest cognacq\" srcset=\"https:\/\/cparici.com\/wp-content\/uploads\/2024\/05\/musee-ernest-cognacq.jpg 1700w, https:\/\/cparici.com\/wp-content\/uploads\/2024\/05\/musee-ernest-cognacq-600x187.jpg 600w, https:\/\/cparici.com\/wp-content\/uploads\/2024\/05\/musee-ernest-cognacq-300x94.jpg 300w, https:\/\/cparici.com\/wp-content\/uploads\/2024\/05\/musee-ernest-cognacq-1024x319.jpg 1024w, https:\/\/cparici.com\/wp-content\/uploads\/2024\/05\/musee-ernest-cognacq-768x239.jpg 768w, https:\/\/cparici.com\/wp-content\/uploads\/2024\/05\/musee-ernest-cognacq-1536x479.jpg 1536w\" sizes=\"(max-width: 577px) 100vw, 577px\" \/><span class=\"blog-item-tag\">Charente maritime<\/span>                        \n                        <div class=\"blog-compact-item-content\">\n                                                        <h3>Mus\u00e9e Ernest Cognacq sur l\u2019\u00eele de R\u00e9<\/h3>\n                                                        <p>D\u00e9couvrez le Mus\u00e9e Ernest Cognacq sur l'\u00eele de R\u00e9, ses tr\u00e9sors historiques, ses expositions fascinantes...                            <\/p>\n                                                    <\/div>\n                    <\/div>\n                <\/a>\n            <\/div>\n  <\/div>\n        <\/div>\n        \t\t\t\t<\/div>\n\t\t\t\t<\/div>\n\t\t\t\t\t<\/div>\n\t\t\t\t<\/aside>\n\t\t\t\t<\/div>\n\t\t","protected":false},"excerpt":{"rendered":"<p>D\u00e9couvrez le Mus\u00e9e Ernest Cognacq sur l&#8217;\u00eele de R\u00e9, ses tr\u00e9sors historiques, ses expositions fascinantes et ses informations pratiques pour une visite inoubliable.<\/p>\n","protected":false},"author":1,"featured_media":35431,"comment_status":"closed","ping_status":"open","sticky":false,"template":"","format":"standard","meta":{"ngg_post_thumbnail":0,"footnotes":""},"categories":[774,461,477,472,480],"tags":[766],"class_list":["post-35384","post","type-post","status-publish","format-standard","has-post-thumbnail","hentry","category-saint-martin-de-re","category-charente-maritime","category-france","category-ile-de-re","category-poitou-charentes","tag-musee"],"_links":{"self":[{"href":"https:\/\/cparici.com\/fr\/wp-json\/wp\/v2\/posts\/35384","targetHints":{"allow":["GET"]}}],"collection":[{"href":"https:\/\/cparici.com\/fr\/wp-json\/wp\/v2\/posts"}],"about":[{"href":"https:\/\/cparici.com\/fr\/wp-json\/wp\/v2\/types\/post"}],"author":[{"embeddable":true,"href":"https:\/\/cparici.com\/fr\/wp-json\/wp\/v2\/users\/1"}],"replies":[{"embeddable":true,"href":"https:\/\/cparici.com\/fr\/wp-json\/wp\/v2\/comments?post=35384"}],"version-history":[{"count":0,"href":"https:\/\/cparici.com\/fr\/wp-json\/wp\/v2\/posts\/35384\/revisions"}],"wp:featuredmedia":[{"embeddable":true,"href":"https:\/\/cparici.com\/fr\/wp-json\/wp\/v2\/media\/35431"}],"wp:attachment":[{"href":"https:\/\/cparici.com\/fr\/wp-json\/wp\/v2\/media?parent=35384"}],"wp:term":[{"taxonomy":"category","embeddable":true,"href":"https:\/\/cparici.com\/fr\/wp-json\/wp\/v2\/categories?post=35384"},{"taxonomy":"post_tag","embeddable":true,"href":"https:\/\/cparici.com\/fr\/wp-json\/wp\/v2\/tags?post=35384"}],"curies":[{"name":"wp","href":"https:\/\/api.w.org\/{rel}","templated":true}]}}